{"id":275228,"date":"2025-12-15T07:40:21","date_gmt":"2025-12-15T10:40:21","guid":{"rendered":"https:\/\/www.agrobase.com.br\/concursos\/?p=275228"},"modified":"2025-12-13T19:09:45","modified_gmt":"2025-12-13T22:09:45","slug":"prefeitura-miguel-calmon-ba-selecao-publica-01-2025","status":"publish","type":"post","link":"https:\/\/www.agrobase.com.br\/concursos\/2025\/prefeitura-miguel-calmon-ba-selecao-publica-01-2025\/","title":{"rendered":"Prefeitura Miguel Calmon (BA) &#8211; Sele\u00e7\u00e3o P\u00fablica 01\/2025"},"content":{"rendered":"<h2>Informa\u00e7\u00f5es Gerais<\/h2>\n<p>A <strong>Prefeitura Municipal de Miguel Calmon<\/strong>, no estado da Bahia, tornou p\u00fablico o edital de abertura n\u00ba 001\/2025 referente ao seu novo Processo Seletivo. O certame, organizado pela banca <strong>MS Concursos<\/strong>, tem como objetivo o preenchimento de <strong>11 vagas imediatas<\/strong>, al\u00e9m da forma\u00e7\u00e3o de cadastro de reserva, para contrata\u00e7\u00e3o tempor\u00e1ria de profissionais.<\/p>\n<p>As oportunidades contemplam candidatos com n\u00edveis de escolaridade <strong>fundamental, m\u00e9dio, t\u00e9cnico e superior<\/strong>. Os aprovados ser\u00e3o subordinados ao regime jur\u00eddico estatut\u00e1rio, conforme as normas internas vigentes, com jornadas de trabalho que variam entre 20 e 40 horas semanais.<\/p>\n<p>Entre as diversas \u00e1reas contempladas, destacam-se oportunidades para setores administrativos, operacionais, educacionais e de sa\u00fade. Vale ressaltar a exist\u00eancia de vagas para carreiras de interesse espec\u00edfico, como <strong>M\u00e9dico Veterin\u00e1rio, Bi\u00f3logo e Engenheiro Ambiental<\/strong>, al\u00e9m de cargos para T\u00e9cnico em Meio Ambiente.<\/p>\n<p>Confira abaixo os detalhes sobre prazos, taxas e etapas de avalia\u00e7\u00e3o para garantir sua participa\u00e7\u00e3o.<\/p>\n<h2>Inscri\u00e7\u00f5es<\/h2>\n<p>As inscri\u00e7\u00f5es para o Processo Seletivo j\u00e1 est\u00e3o definidas e devem ser realizadas exclusivamente pela internet. O candidato deve acessar o site da banca organizadora, a <strong>MS Concursos<\/strong>, preencher o formul\u00e1rio eletr\u00f4nico e emitir o boleto banc\u00e1rio.<\/p>\n<p>Os valores das taxas de participa\u00e7\u00e3o foram definidos de acordo com o n\u00edvel de escolaridade do cargo pretendido:<\/p>\n<ul>\n<li><strong>N\u00edvel Fundamental:<\/strong> R$ 70,00<\/li>\n<li><strong>N\u00edvel M\u00e9dio\/T\u00e9cnico:<\/strong> R$ 80,00<\/li>\n<li><strong>N\u00edvel Superior:<\/strong> R$ 100,00<\/li>\n<\/ul>\n<p>O pagamento do boleto deve ser efetuado at\u00e9 a data de vencimento em qualquer ag\u00eancia banc\u00e1ria. N\u00e3o ser\u00e3o aceitos pagamentos via dep\u00f3sito em caixa eletr\u00f4nico, transfer\u00eancia, PIX (se n\u00e3o especificado no boleto), cheque ou agendamento n\u00e3o compensado. \u00c9 fundamental que o candidato guarde o comprovante de pagamento at\u00e9 a valida\u00e7\u00e3o da inscri\u00e7\u00e3o.<\/p>\n<p>Ap\u00f3s o pagamento, recomenda-se acompanhar a confirma\u00e7\u00e3o na &#8220;\u00c1rea do Candidato&#8221; no site da organizadora, respeitando o prazo de compensa\u00e7\u00e3o banc\u00e1ria. Para detalhes sobre crit\u00e9rios de isen\u00e7\u00e3o de taxa, consulte o edital completo.<\/p>\n<h2>Etapas e Provas<\/h2>\n<p>A sele\u00e7\u00e3o dos candidatos ser\u00e1 composta por diferentes etapas, variando conforme o cargo pleiteado. Todos os inscritos ser\u00e3o submetidos \u00e0 <strong>Prova Objetiva<\/strong>, de car\u00e1ter eliminat\u00f3rio e classificat\u00f3rio.<\/p>\n<p>As etapas do certame est\u00e3o estruturadas da seguinte forma:<\/p>\n<ul>\n<li><strong>Prova Objetiva:<\/strong> Aplicada a todos os cargos, prevista para o dia <strong>18 de janeiro de 2025<\/strong>. Ter\u00e1 dura\u00e7\u00e3o de 3 horas e ser\u00e1 composta por 30 quest\u00f5es de m\u00faltipla escolha. As disciplinas abrangem L\u00edngua Portuguesa, Racioc\u00ednio L\u00f3gico\/Matem\u00e1tica, Conhecimentos Gerais\/Atualidades e, para n\u00edvel superior, Conhecimentos Espec\u00edficos. Para ser aprovado, \u00e9 necess\u00e1rio obter no m\u00ednimo 50% do total de pontos.<\/li>\n<li><strong>Prova Pr\u00e1tica:<\/strong> De car\u00e1ter eliminat\u00f3rio, exclusiva para os cargos de Operador de M\u00e1quinas Pesadas. Avaliar\u00e1 a capacidade t\u00e9cnica e operacional do candidato com o equipamento.<\/li>\n<li><strong>Prova de T\u00edtulos:<\/strong> De car\u00e1ter classificat\u00f3rio, destinada apenas aos candidatos habilitados na prova objetiva dos cargos de <strong>N\u00edvel Superior<\/strong>.<\/li>\n<\/ul>\n<p>\u00c9 responsabilidade do candidato verificar o local de prova e comparecer com anteced\u00eancia m\u00ednima de 60 minutos, portando documento de identidade oficial original e caneta esferogr\u00e1fica de tinta azul ou preta em material transparente. Para informa\u00e7\u00f5es detalhadas sobre o conte\u00fado program\u00e1tico, recomenda-se a leitura integral do edital.<\/p>\n<h2>Resultados e Gabarito<\/h2>\n<p>O gabarito preliminar da Prova Objetiva tem divulga\u00e7\u00e3o prevista para at\u00e9 <strong>24 horas ap\u00f3s a aplica\u00e7\u00e3o<\/strong>, no site da MS Concursos. Os candidatos poder\u00e3o interpor recursos conforme os prazos estipulados no cronograma oficial.<\/p>\n<p>A classifica\u00e7\u00e3o final ser\u00e1 definida pela soma dos pontos obtidos nas etapas aplic\u00e1veis a cada cargo. Em caso de empate, ser\u00e3o utilizados crit\u00e9rios como idade igual ou superior a 60 anos (Estatuto do Idoso), maior nota em conhecimentos espec\u00edficos, l\u00edngua portuguesa, conhecimentos gerais, idade mais elevada e exerc\u00edcio da fun\u00e7\u00e3o de jurado.<\/p>\n<p>A homologa\u00e7\u00e3o do resultado final e as convoca\u00e7\u00f5es ser\u00e3o publicadas no <strong>Jornal Oficial Eletr\u00f4nico dos Munic\u00edpios &#8211; Bahia<\/strong> e no site oficial da <strong>Prefeitura Municipal de Miguel Calmon<\/strong>. \u00c9 de inteira e exclusiva responsabilidade do candidato o acompanhamento de todas as publica\u00e7\u00f5es e atos oficiais referentes a este Processo Seletivo diretamente nos canais oficiais da banca e do \u00f3rg\u00e3o promotor.<\/p>\n","protected":false},"excerpt":{"rendered":"<p>Processo Seletivo Pref. Miguel Calmon (BA) com edital publicado! Vagas p\/ Motorista e Professor (Fund. a Sup.). Inscri\u00e7\u00f5es a partir de 11\/12. Confira detalhes!<\/p>\n","protected":false},"author":5229,"featured_media":275227,"comment_status":"open","ping_status":"open","sticky":false,"template":"","format":"standard","meta":{"_acf_changed":false,"_breakdance_hide_in_design_set":false,"_breakdance_tags":"","footnotes":""},"categories":[6,11,6434,13,18,20,116,22,25,26,31],"tags":[42],"_amplo":[],"destaque":[],"instituicoes":[],"class_list":["post-275228","post","type-post","status-publish","format-standard","has-post-thumbnail","hentry","category-biologia","category-educacao-fisica","category-educacao-fisica-licenciatura","category-engenharia-ambiental","category-fisioterapia","category-letras","category-matematica","category-veterinaria","category-pedagogia","category-psicologia","category-tecnico-ambiental","tag-bahia"],"acf":{"_tipo_vagas":"vagas","_numero_vagas":"","_quadro_vagas":"","_cargos":"diversos","_cargos_especificos":"","_salario_max":"R$ 4358.4","_abertura":"20251211","_encerramento":"20251226","_inscricoes":"https:\/\/concursos.msconc.com.br\/","_executora_concurso":"","_instituicao_concurso":[],"_link_adicional":null,"_anexos":null,"_produtos":null,"_vagas":"11 vagas + CR","_salario_min":"R$ 1518","_instituicao":"Prefeitura Miguel Calmon","_edital":"https:\/\/www.agrobase.com.br\/concursos\/wp-content\/uploads\/sites\/4\/2025\/12\/edita-01-2025-prefeitura-miguel-calmon-ba.pdf","_anexos_edital":"","_fund_incompleto":"","_fund_completo":"<div>\r\n<table class=\"quadro\">\r\n<thead>\r\n<tr>\r\n<th class=\"hcargo\">Cargo<\/th>\r\n<th class=\"hvagas\">Vagas<\/th>\r\n<th class=\"hremuneracao\">Remunera\u00e7\u00e3o<\/th>\r\n<\/tr>\r\n<\/thead>\r\n    <tbody>\r\n      <td class=\"ccargos\">\r\n<span data-balloon-length=\"medium\" data-balloon-pos=\"up\">MOTORISTA - CATEGORIA D<\/span><\/td>\r\n<td class=\"cvagas\">CR<\/td>\r\n<td class=\"cremuneracao\">R$ 1.690,00 \/40h<\/td>\r\n<\/tr><td class=\"ccargos\">\r\n<span data-balloon-length=\"medium\" data-balloon-pos=\"up\">MOTORISTA - CATEGORIA D - SECRETARIA DE EDUCA\u00c7\u00c3O (Curso Especializado para Condutores de Ve\u00edculos de Transporte Escolar)<\/span><\/td>\r\n<td class=\"cvagas\">CR<\/td>\r\n<td class=\"cremuneracao\">R$ 1.690,00 \/40h<\/td>\r\n<\/tr><td class=\"ccargos\">\r\n<span data-balloon-length=\"medium\" data-balloon-pos=\"up\">OPEREADOR DE M\u00c1QUINAS PESADAS (HABILIDADE P\/ OPERAR PATROL, ESCAVADEIRA, TRATOR ESTEIRA, RETROESCAVADEIRA, E P\u00c1 CARREGADEIRA)<\/span><\/td>\r\n<td class=\"cvagas\">CR<\/td>\r\n<td class=\"cremuneracao\">R$ 1.970,00 \/40h<\/td>\r\n<\/tr>\r\n    <\/tbody>\r\n  <\/table>\r\n<\/div>","_medio":"<div>\r\n<table class=\"quadro\">\r\n<thead>\r\n<tr>\r\n<th class=\"hcargo\">Cargo<\/th>\r\n<th class=\"hvagas\">Vagas<\/th>\r\n<th class=\"hremuneracao\">Remunera\u00e7\u00e3o<\/th>\r\n<\/tr>\r\n<\/thead>\r\n    <tbody>\r\n      <td class=\"ccargos\">\r\n<span data-balloon-length=\"medium\" aria-label=\"N\u00edvel M\u00e9dio Completo.\" data-balloon-pos=\"up\">ENTREVISTADOR (A) SOCIAL<\/span><\/td>\r\n<td class=\"cvagas\">CR<\/td>\r\n<td class=\"cremuneracao\">R$ 1.518,00 \/40h<\/td>\r\n<\/tr><td class=\"ccargos\">\r\n<span data-balloon-length=\"medium\" aria-label=\"N\u00edvel M\u00e9dio Completo.\" data-balloon-pos=\"up\">ORIENTADOR (A) SOCIAL - SEDE<\/span><\/td>\r\n<td class=\"cvagas\">CR<\/td>\r\n<td class=\"cremuneracao\">R$ 1.518,00 \/40h<\/td>\r\n<\/tr><td class=\"ccargos\">\r\n<span data-balloon-length=\"medium\" aria-label=\"N\u00edvel M\u00e9dio Completo.\" data-balloon-pos=\"up\">ORIENTADOR (A) SOCIAL - BREJO GRANDE<\/span><\/td>\r\n<td class=\"cvagas\">CR<\/td>\r\n<td class=\"cremuneracao\">R$ 1.518,00 \/40h<\/td>\r\n<\/tr><td class=\"ccargos\">\r\n<span data-balloon-length=\"medium\" aria-label=\"N\u00edvel M\u00e9dio Completo.\" data-balloon-pos=\"up\">ORIENTADOR (A) SOCIAL - TAPIRANGA<\/span><\/td>\r\n<td class=\"cvagas\">CR<\/td>\r\n<td class=\"cremuneracao\">R$ 1.518,00 \/40h<\/td>\r\n<\/tr><td class=\"ccargos\">\r\n<span data-balloon-length=\"medium\" aria-label=\"N\u00edvel M\u00e9dio Completo.\" data-balloon-pos=\"up\">ORIENTADOR (A) SOCIAL - ITAPURA<\/span><\/td>\r\n<td class=\"cvagas\">CR<\/td>\r\n<td class=\"cremuneracao\">R$ 1.518,00 \/40h<\/td>\r\n<\/tr><td class=\"ccargos\">\r\n<span data-balloon-length=\"medium\" aria-label=\"N\u00edvel m\u00e9dio completo, com CNH A\/B definitiva\" data-balloon-pos=\"up\">MOTORISTA - CATEGORIA B<\/span><\/td>\r\n<td class=\"cvagas\">CR<\/td>\r\n<td class=\"cremuneracao\">R$ 1.690,00 \/40h<\/td>\r\n<\/tr><td class=\"ccargos\">\r\n<span data-balloon-length=\"medium\" aria-label=\"N\u00edvel T\u00e9cnico em Meio Ambiente com registro no Conselho de Classe.\" data-balloon-pos=\"up\">T\u00c9CNICO EM MEIO AMBIENTE<\/span><\/td>\r\n<td class=\"cvagas\">CR<\/td>\r\n<td class=\"cremuneracao\">R$ 1.707,41 \/40h<\/td>\r\n<\/tr><td class=\"ccargos\">\r\n<span data-balloon-length=\"medium\" aria-label=\"Estudante de Curso de Licenciatura e\/ou Gradua\u00e7\u00e3o a partir do 4\u00ba Semestre de ambos\" data-balloon-pos=\"up\">MONITOR DE ESCOLAS<\/span><\/td>\r\n<td class=\"cvagas\">10 + CR<\/td>\r\n<td class=\"cremuneracao\">R$ 1.518,00 \/40h<\/td>\r\n<\/tr>\r\n    <\/tbody>\r\n  <\/table>\r\n<\/div>","_superior":"<div>\r\n<table class=\"quadro\">\r\n<thead>\r\n<tr>\r\n<th class=\"hcargo\">Cargo<\/th>\r\n<th class=\"hvagas\">Vagas<\/th>\r\n<th class=\"hremuneracao\">Remunera\u00e7\u00e3o<\/th>\r\n<\/tr>\r\n<\/thead>\r\n    <tbody>\r\n      <tr>\r\n<td class=\"ccargos\">\r\n<span data-balloon-length=\"medium\" aria-label=\"N\u00edvel superior completo em Psicologia e registro no Conselho de Classe.\" data-balloon-pos=\"up\">PSIC\u00d3LOGO<\/span><\/td>\r\n<td class=\"cvagas\">CR<\/td>\r\n<td class=\"cremuneracao\">R$ 3.060,00 \/40h<\/td>\r\n<\/tr><tr>\r\n<td class=\"ccargos\">\r\n<span data-balloon-length=\"medium\" aria-label=\"N\u00edvel Superior Completo em Fisioterapia e registro no Conselho de Classe.\" data-balloon-pos=\"up\">FISIOTERAPEUTA<\/span><\/td>\r\n<td class=\"cvagas\">CR<\/td>\r\n<td class=\"cremuneracao\">R$ 2.550,00 \/40h<\/td>\r\n<\/tr><tr>\r\n<td class=\"ccargos\">\r\n<span data-balloon-length=\"medium\" aria-label=\"N\u00edvel Superior Completo em Educa\u00e7\u00e3o F\u00edsica e registro no Conselho de Classe.\" data-balloon-pos=\"up\">EDUCADOR F\u00cdSICO<\/span><\/td>\r\n<td class=\"cvagas\">CR<\/td>\r\n<td class=\"cremuneracao\">R$ 1.915,00 \/40h<\/td>\r\n<\/tr><tr>\r\n<td class=\"ccargos\">\r\n<span data-balloon-length=\"medium\" aria-label=\"N\u00edvel Superior Completo em Medicina Veterin\u00e1ria e registro no Conselho de Classe.\" data-balloon-pos=\"up\">M\u00c9DICO VETERIN\u00c1RIO<\/span><\/td>\r\n<td class=\"cvagas\">01 + CR<\/td>\r\n<td class=\"cremuneracao\">R$ 2.550,00 \/40h<\/td>\r\n<\/tr><tr>\r\n<td class=\"ccargos\">\r\n<span data-balloon-length=\"medium\" aria-label=\"N\u00edvel superior completo em Ci\u00eancias Biologicas e registro no conselho de classe.\" data-balloon-pos=\"up\">BI\u00d3LOGO<\/span><\/td>\r\n<td class=\"cvagas\">CR<\/td>\r\n<td class=\"cremuneracao\">R$ 2.798,20 \/40h<\/td>\r\n<\/tr><tr>\r\n<td class=\"ccargos\">\r\n<span data-balloon-length=\"medium\" aria-label=\"N\u00edvel Superior Completo em Engenharia Ambiental e registro no Conselho de Classe.\" data-balloon-pos=\"up\">ENGENHEIRO AMBIENTAL<\/span><\/td>\r\n<td class=\"cvagas\">CR<\/td>\r\n<td class=\"cremuneracao\">R$ 4.358,40 \/40h<\/td>\r\n<\/tr><tr>\r\n<td class=\"ccargos\">\r\n<span data-balloon-length=\"medium\" aria-label=\"N\u00edvel Superior Completo em Curso de Licenciatura em Pedagogia.\" data-balloon-pos=\"up\">PROFESSOR DE EDUCA\u00c7\u00c3O DE JOVENS E ADULTOS - EJA<\/span><\/td>\r\n<td class=\"cvagas\">CR<\/td>\r\n<td class=\"cremuneracao\">R$ 2.674,79 \/20h<\/td>\r\n<\/tr><tr>\r\n<td class=\"ccargos\">\r\n<span data-balloon-length=\"medium\" aria-label=\"N\u00edvel Superior Completo em Curso de Licenciatura em Pedagogia.\" data-balloon-pos=\"up\">PROFESSOR DE EDUCA\u00c7\u00c3O INFANTIL<\/span><\/td>\r\n<td class=\"cvagas\">CR<\/td>\r\n<td class=\"cremuneracao\">R$ 2.674,79 \/20h<\/td>\r\n<\/tr><tr>\r\n<td class=\"ccargos\">\r\n<span data-balloon-length=\"medium\" aria-label=\"N\u00edvel Superior Completo em Curso de Licenciatura em Pedagogia\" data-balloon-pos=\"up\">PROFESSOR DE EDUCA\u00c7\u00c3O INFANTIL I<\/span><\/td>\r\n<td class=\"cvagas\">CR<\/td>\r\n<td class=\"cremuneracao\">R$ 2.674,79 \/20h<\/td>\r\n<\/tr><tr>\r\n<td class=\"ccargos\">\r\n<span data-balloon-length=\"medium\" aria-label=\"N\u00edvel Superior Completo em Curso de Licenciatura em Letras Vern\u00e1culas.\" data-balloon-pos=\"up\">PROFESSOR LICENCIATURA EM L\u00cdNGUA PORTUGUESA<\/span><\/td>\r\n<td class=\"cvagas\">CR<\/td>\r\n<td class=\"cremuneracao\">R$ 2.674,79 \/20h<\/td>\r\n<\/tr><tr>\r\n<td class=\"ccargos\">\r\n<span data-balloon-length=\"medium\" aria-label=\"N\u00edvel Superior Completo em Curso de Licenciatura em Educa\u00e7\u00e3o F\u00edsica e registro no Conselho de Classe.\" data-balloon-pos=\"up\">PROFESSOR LICENCIATURA EM EDUCA\u00c7\u00c3O F\u00cdSICA<\/span><\/td>\r\n<td class=\"cvagas\">CR<\/td>\r\n<td class=\"cremuneracao\">R$ 2.674,79 \/20h<\/td>\r\n<\/tr><tr>\r\n<td class=\"ccargos\">\r\n<span data-balloon-length=\"medium\" aria-label=\"N\u00edvel Superior Completo em Curso de Licenciatura em Matem\u00e1tica\" data-balloon-pos=\"up\">PROFESSOR LICENCIATURA EM MATEM\u00c1TICA<\/span><\/td>\r\n<td class=\"cvagas\">CR<\/td>\r\n<td class=\"cremuneracao\">R$ 2.674,79 \/20h<\/td>\r\n<\/tr><tr>\r\n<td class=\"ccargos\">\r\n<span data-balloon-length=\"medium\" aria-label=\"N\u00edvel Superior Completo em Curso de Licenciatura em Pedagogia e Forma\u00e7\u00e3o na \u00e1rea de Educa\u00e7\u00e3o Especial Inclusiva.\" data-balloon-pos=\"up\">PROFESSOR DE SALA DE RECURSO MULTIPROFISSIONAL AEE<\/span><\/td>\r\n<td class=\"cvagas\">CR<\/td>\r\n<td class=\"cremuneracao\">R$ 2.674,79 \/20h<\/td>\r\n<\/tr><tr>\r\n<td class=\"ccargos\">\r\n<span data-balloon-length=\"medium\" aria-label=\"N\u00edvel Superior Completo em Psicopedagogia ou em Pedagogia com especializa\u00e7\u00e3o em Psicopedagogia e registro no Conselho de Classe\" data-balloon-pos=\"up\">PSICOPEDAGOGO<\/span><\/td>\r\n<td class=\"cvagas\">CR<\/td>\r\n<td class=\"cremuneracao\">R$ 2.674,79 \/20h<\/td>\r\n<\/tr>\r\n    <\/tbody>\r\n  <\/table>\r\n<\/div>"},"_links":{"self":[{"href":"https:\/\/www.agrobase.com.br\/concursos\/wp-json\/wp\/v2\/posts\/275228","targetHints":{"allow":["GET"]}}],"collection":[{"href":"https:\/\/www.agrobase.com.br\/concursos\/wp-json\/wp\/v2\/posts"}],"about":[{"href":"https:\/\/www.agrobase.com.br\/concursos\/wp-json\/wp\/v2\/types\/post"}],"author":[{"embeddable":true,"href":"https:\/\/www.agrobase.com.br\/concursos\/wp-json\/wp\/v2\/users\/5229"}],"replies":[{"embeddable":true,"href":"https:\/\/www.agrobase.com.br\/concursos\/wp-json\/wp\/v2\/comments?post=275228"}],"version-history":[{"count":2,"href":"https:\/\/www.agrobase.com.br\/concursos\/wp-json\/wp\/v2\/posts\/275228\/revisions"}],"predecessor-version":[{"id":275273,"href":"https:\/\/www.agrobase.com.br\/concursos\/wp-json\/wp\/v2\/posts\/275228\/revisions\/275273"}],"wp:featuredmedia":[{"embeddable":true,"href":"https:\/\/www.agrobase.com.br\/concursos\/wp-json\/wp\/v2\/media\/275227"}],"wp:attachment":[{"href":"https:\/\/www.agrobase.com.br\/concursos\/wp-json\/wp\/v2\/media?parent=275228"}],"wp:term":[{"taxonomy":"category","embeddable":true,"href":"https:\/\/www.agrobase.com.br\/concursos\/wp-json\/wp\/v2\/categories?post=275228"},{"taxonomy":"post_tag","embeddable":true,"href":"https:\/\/www.agrobase.com.br\/concursos\/wp-json\/wp\/v2\/tags?post=275228"},{"taxonomy":"_amplo","embeddable":true,"href":"https:\/\/www.agrobase.com.br\/concursos\/wp-json\/wp\/v2\/_amplo?post=275228"},{"taxonomy":"destaque","embeddable":true,"href":"https:\/\/www.agrobase.com.br\/concursos\/wp-json\/wp\/v2\/destaque?post=275228"},{"taxonomy":"instituicoes","embeddable":true,"href":"https:\/\/www.agrobase.com.br\/concursos\/wp-json\/wp\/v2\/instituicoes?post=275228"}],"curies":[{"name":"wp","href":"https:\/\/api.w.org\/{rel}","templated":true}]}}