{"id":275216,"date":"2025-12-15T07:10:49","date_gmt":"2025-12-15T10:10:49","guid":{"rendered":"https:\/\/www.agrobase.com.br\/concursos\/?p=275216"},"modified":"2025-12-13T18:58:34","modified_gmt":"2025-12-13T21:58:34","slug":"prefeitura-piloezinhos-pb-concurso-01-2025","status":"publish","type":"post","link":"https:\/\/www.agrobase.com.br\/concursos\/2025\/prefeitura-piloezinhos-pb-concurso-01-2025\/","title":{"rendered":"Prefeitura Pil\u00f5ezinhos (PB) &#8211; Concurso 01\/2025"},"content":{"rendered":"<h2>Informa\u00e7\u00f5es Gerais<\/h2>\n<p>A <strong>Prefeitura Municipal de Pil\u00f5ezinhos<\/strong>, no estado da Para\u00edba, torna p\u00fablica a realiza\u00e7\u00e3o de seu novo Concurso P\u00fablico, regido pelo edital n\u00ba 001\/2025. Sob a organiza\u00e7\u00e3o da <strong>CPCon (UEPB)<\/strong>, o certame visa o preenchimento imediato de <strong>52 vagas<\/strong>, al\u00e9m da forma\u00e7\u00e3o de cadastro reserva, para cargos de n\u00edveis fundamental, m\u00e9dio\/t\u00e9cnico e superior.<\/p>\n<p>Os profissionais selecionados ser\u00e3o contratados sob o <strong>Regime Jur\u00eddico Estatut\u00e1rio<\/strong>, garantindo estabilidade no servi\u00e7o p\u00fablico. As oportunidades abrangem diversos setores da administra\u00e7\u00e3o municipal, incluindo sa\u00fade, educa\u00e7\u00e3o, obras e servi\u00e7os operacionais. Merecem destaque especial as vagas destinadas a profissionais das \u00e1reas de <strong>Nutri\u00e7\u00e3o<\/strong> e <strong>Biologia<\/strong> (atrav\u00e9s do cargo de Professor de Ci\u00eancias), carreiras de grande relev\u00e2ncia para o desenvolvimento local.<\/p>\n<p>Confira a seguir os detalhes sobre prazos, etapas e requisitos para garantir sua participa\u00e7\u00e3o nesta oportunidade.<\/p>\n<h2>Inscri\u00e7\u00f5es<\/h2>\n<p>As inscri\u00e7\u00f5es para o concurso da Prefeitura de Pil\u00f5ezinhos devem ser realizadas exclusivamente pela internet, atrav\u00e9s do sistema <strong>SIGEPS<\/strong> da banca organizadora CPCon. \u00c9 fundamental que o candidato leia atentamente o edital antes de preencher o formul\u00e1rio eletr\u00f4nico.<\/p>\n<p>Os valores das taxas de inscri\u00e7\u00e3o foram definidos de acordo com o n\u00edvel de escolaridade do cargo pretendido:<\/p>\n<ul>\n<li><strong>N\u00edvel Fundamental:<\/strong> R$ 75,00<\/li>\n<li><strong>N\u00edvel M\u00e9dio\/T\u00e9cnico:<\/strong> R$ 95,00<\/li>\n<li><strong>N\u00edvel Superior:<\/strong> R$ 115,00<\/li>\n<\/ul>\n<p>O pagamento do boleto banc\u00e1rio deve ser efetuado at\u00e9 a data limite prevista no cronograma do edital. Candidatos que atendam aos requisitos legais para isen\u00e7\u00e3o da taxa devem observar os prazos e procedimentos espec\u00edficos detalhados no documento oficial. Recomendamos o acompanhamento constante da \u00e1rea do candidato no site da banca para verificar a homologa\u00e7\u00e3o da inscri\u00e7\u00e3o.<\/p>\n<p>Para mais detalhes sobre as regras de pagamento e isen\u00e7\u00e3o, a leitura integral do edital \u00e9 obrigat\u00f3ria.<\/p>\n<h2>Etapas e Provas<\/h2>\n<p>O processo seletivo ser\u00e1 composto por etapas distintas, variando conforme o cargo pleiteado. A primeira etapa, comum a todos os candidatos, \u00e9 a <strong>Prova Objetiva<\/strong>, de car\u00e1ter eliminat\u00f3rio e classificat\u00f3rio. Esta avalia\u00e7\u00e3o est\u00e1 prevista para ser aplicada no dia <strong>08 de fevereiro de 2026<\/strong>.<\/p>\n<p>A prova objetiva contar\u00e1 com 40 quest\u00f5es de m\u00faltipla escolha. As disciplinas cobradas variam de acordo com o n\u00edvel de escolaridade, podendo incluir:<\/p>\n<ul>\n<li>L\u00edngua Portuguesa;<\/li>\n<li>Matem\u00e1tica ou Racioc\u00ednio L\u00f3gico;<\/li>\n<li>Inform\u00e1tica;<\/li>\n<li>Conhecimentos Gerais;<\/li>\n<li>Conhecimentos Pedag\u00f3gicos e Legisla\u00e7\u00e3o Educacional (para Magist\u00e9rio);<\/li>\n<li>Conhecimentos Espec\u00edficos da \u00e1rea.<\/li>\n<\/ul>\n<p>Al\u00e9m da etapa escrita, haver\u00e1 fases adicionais para cargos espec\u00edficos:<\/p>\n<ul>\n<li><strong>Prova Pr\u00e1tica:<\/strong> De car\u00e1ter eliminat\u00f3rio e classificat\u00f3rio, exclusiva para os cargos de <strong>Motorista AB<\/strong> e <strong>Motorista D<\/strong>.<\/li>\n<li><strong>Prova de T\u00edtulos:<\/strong> De car\u00e1ter classificat\u00f3rio, destinada aos candidatos aos cargos de <strong>N\u00edvel Superior &#8211; Magist\u00e9rio<\/strong>.<\/li>\n<\/ul>\n<p>Para informa\u00e7\u00f5es detalhadas sobre o conte\u00fado program\u00e1tico, crit\u00e9rios de pontua\u00e7\u00e3o e hor\u00e1rios de aplica\u00e7\u00e3o, consulte o edital completo.<\/p>\n<h2>Resultados e Gabarito<\/h2>\n<p>O acompanhamento dos resultados \u00e9 uma etapa crucial do certame. O gabarito provis\u00f3rio da prova objetiva est\u00e1 previsto para ser divulgado no dia <strong>09 de fevereiro de 2026<\/strong>, cabendo recurso nos dias subsequentes conforme o cronograma oficial. A publica\u00e7\u00e3o do gabarito definitivo e do resultado preliminar da prova objetiva ocorrer\u00e1 em meados de mar\u00e7o.<\/p>\n<p>Para os cargos que exigem etapas pr\u00e1ticas ou de t\u00edtulos, os resultados preliminares dessas fases ser\u00e3o publicados no final de mar\u00e7o. A <strong>homologa\u00e7\u00e3o do resultado final<\/strong> do Concurso P\u00fablico est\u00e1 prevista para o dia <strong>10 de abril de 2026<\/strong>.<\/p>\n<p>A classifica\u00e7\u00e3o final ser\u00e1 definida pela soma das notas obtidas nas etapas aplic\u00e1veis, observando-se os crit\u00e9rios de desempate estabelecidos, como idade (Estatuto do Idoso) e notas em disciplinas espec\u00edficas. Lembramos que \u00e9 de <strong>inteira responsabilidade do candidato<\/strong> acompanhar todas as publica\u00e7\u00f5es, convoca\u00e7\u00f5es e avisos oficiais no site da CPCon e no Di\u00e1rio Oficial do munic\u00edpio.<\/p>\n","protected":false},"excerpt":{"rendered":"<p>Concurso Pref. Pil\u00f5ezinhos (PB) com edital publicado! Vagas p\/ Professor e M\u00e9dico (Fund. a Sup.). Inscri\u00e7\u00f5es a partir de 19\/11. Sal\u00e1rios at\u00e9 R$12k. Confira!<\/p>\n","protected":false},"author":5229,"featured_media":275215,"comment_status":"open","ping_status":"open","sticky":false,"template":"","format":"standard","meta":{"_acf_changed":false,"_breakdance_hide_in_design_set":false,"_breakdance_tags":"","footnotes":""},"categories":[144,6433,141,12,18,19,21,23,24,25,26,108,161,143],"tags":[53],"_amplo":[],"destaque":[],"instituicoes":[],"class_list":["post-275216","post","type-post","status-publish","format-standard","has-post-thumbnail","hentry","category-arquivologia","category-biologia-licenciatura","category-educacao-artistica","category-enfermagem","category-fisioterapia","category-fonoaudiologia","category-medicina","category-nutricao","category-odontologia","category-pedagogia","category-psicologia","category-tecnico-enfermagem","category-tecnico-laboratorio","category-tecnico-odontologia","tag-paraiba"],"acf":{"_tipo_vagas":"vagas","_numero_vagas":"","_quadro_vagas":"","_cargos":"diversos","_cargos_especificos":"","_salario_max":"R$ 12000","_abertura":"20251119","_encerramento":"20251221","_inscricoes":"https:\/\/sistemas.cpcon.uepb.edu.br\/sigeps-app\/login","_executora_concurso":"","_instituicao_concurso":[],"_link_adicional":null,"_anexos":null,"_produtos":null,"_vagas":"52 vagas","_salario_min":"R$ 1518","_instituicao":"Prefeitura Municipal de Pil\u00f5ezinhos","_edital":"https:\/\/www.agrobase.com.br\/concursos\/wp-content\/uploads\/sites\/4\/2025\/12\/edital-01-2025-prefeitura-piloezinhos-pb.pdf","_anexos_edital":"","_fund_incompleto":"","_fund_completo":"<div>\r\n<table class=\"quadro\">\r\n<thead>\r\n<tr>\r\n<th class=\"hcargo\">Cargo<\/th>\r\n<th class=\"hvagas\">Vagas<\/th>\r\n<th class=\"hremuneracao\">Remunera\u00e7\u00e3o<\/th>\r\n<\/tr>\r\n<\/thead>\r\n    <tbody>\r\n      <td class=\"ccargos\">\r\n<span data-balloon-length=\"medium\" aria-label=\"Ensino Fundamental Completo\" data-balloon-pos=\"up\">Auxiliar de Servi\u00e7os Gerais<\/span><\/td>\r\n<td class=\"cvagas\">04<\/td>\r\n<td class=\"cremuneracao\">R$ 1.518,00 \/40h<\/td>\r\n<\/tr><td class=\"ccargos\">\r\n<span data-balloon-length=\"medium\" aria-label=\"Ensino Fundamental Completo\" data-balloon-pos=\"up\">Agente de Limpeza Urbana<\/span><\/td>\r\n<td class=\"cvagas\">02<\/td>\r\n<td class=\"cremuneracao\">R$ 1.518,00 \/40h<\/td>\r\n<\/tr><td class=\"ccargos\">\r\n<span data-balloon-length=\"medium\" aria-label=\"Ensino Fundamental Completo\" data-balloon-pos=\"up\">Merendeira<\/span><\/td>\r\n<td class=\"cvagas\">01<\/td>\r\n<td class=\"cremuneracao\">R$ 1.518,00 \/40h<\/td>\r\n<\/tr><td class=\"ccargos\">\r\n<span data-balloon-length=\"medium\" aria-label=\"Ensino Fundamental Completo + Carteira Nacional de Habilita\u00e7\u00e3o (CNH) categoria AB\" data-balloon-pos=\"up\">Motorista AB<\/span><\/td>\r\n<td class=\"cvagas\">02<\/td>\r\n<td class=\"cremuneracao\">R$ 1.518,00 \/40h<\/td>\r\n<\/tr><td class=\"ccargos\">\r\n<span data-balloon-length=\"medium\" aria-label=\"Ensino Fundamental Completo + Carteira Nacional de Habilita\u00e7\u00e3o (CNH) categoria D + requisitos previstos na legisla\u00e7\u00e3o nacional de tr\u00e2nsito\" data-balloon-pos=\"up\">Motorista D<\/span><\/td>\r\n<td class=\"cvagas\">04<\/td>\r\n<td class=\"cremuneracao\">R$ 1.718,00 \/40h<\/td>\r\n<\/tr>\r\n    <\/tbody>\r\n  <\/table>\r\n<\/div>","_medio":"<div>\r\n<table class=\"quadro\">\r\n<thead>\r\n<tr>\r\n<th class=\"hcargo\">Cargo<\/th>\r\n<th class=\"hvagas\">Vagas<\/th>\r\n<th class=\"hremuneracao\">Remunera\u00e7\u00e3o<\/th>\r\n<\/tr>\r\n<\/thead>\r\n    <tbody>\r\n      <td class=\"ccargos\">\r\n<span data-balloon-length=\"medium\" aria-label=\"Ensino M\u00e9dio Completo\" data-balloon-pos=\"up\">Agente Administrativo<\/span><\/td>\r\n<td class=\"cvagas\">01<\/td>\r\n<td class=\"cremuneracao\">R$ 1.518,00 \/40h<\/td>\r\n<\/tr><td class=\"ccargos\">\r\n<span data-balloon-length=\"medium\" aria-label=\"Ensino M\u00e9dio Completo\" data-balloon-pos=\"up\">Fiscal de Obras<\/span><\/td>\r\n<td class=\"cvagas\">01<\/td>\r\n<td class=\"cremuneracao\">R$ 1.518,00 \/40h<\/td>\r\n<\/tr><td class=\"ccargos\">\r\n<span data-balloon-length=\"medium\" aria-label=\"Ensino M\u00e9dio Completo + Curso T\u00e9cnico em Enfermagem\" data-balloon-pos=\"up\">T\u00e9cnico em Enfermagem<\/span><\/td>\r\n<td class=\"cvagas\">02<\/td>\r\n<td class=\"cremuneracao\">R$ 3.022,73 \/40h<\/td>\r\n<\/tr><td class=\"ccargos\">\r\n<span data-balloon-length=\"medium\" aria-label=\"Ensino M\u00e9dio Completo + Curso T\u00e9cnico em laborat\u00f3rio\" data-balloon-pos=\"up\">T\u00e9cnico em Laborat\u00f3rio<\/span><\/td>\r\n<td class=\"cvagas\">01<\/td>\r\n<td class=\"cremuneracao\">R$ 1.518,00 \/40h<\/td>\r\n<\/tr><td class=\"ccargos\">\r\n<span data-balloon-length=\"medium\" aria-label=\"Ensino M\u00e9dio Completo + Curso T\u00e9cnico em Sa\u00fade Bucal\" data-balloon-pos=\"up\">T\u00e9cnico em Sa\u00fade Bucal<\/span><\/td>\r\n<td class=\"cvagas\">01<\/td>\r\n<td class=\"cremuneracao\">R$ 1.818,00 \/40h<\/td>\r\n<\/tr>\r\n    <\/tbody>\r\n  <\/table>\r\n<\/div>","_superior":"<div>\r\n<table class=\"quadro\">\r\n<thead>\r\n<tr>\r\n<th class=\"hcargo\">Cargo<\/th>\r\n<th class=\"hvagas\">Vagas<\/th>\r\n<th class=\"hremuneracao\">Remunera\u00e7\u00e3o<\/th>\r\n<\/tr>\r\n<\/thead>\r\n    <tbody>\r\n      <tr>\r\n<td class=\"ccargos\">\r\n<span data-balloon-length=\"medium\" aria-label=\"Curso Superior em Arquivologia\" data-balloon-pos=\"up\">Arquivista<\/span><\/td>\r\n<td class=\"cvagas\">01<\/td>\r\n<td class=\"cremuneracao\">R$ 2.125,20 \/40h<\/td>\r\n<\/tr><tr>\r\n<td class=\"ccargos\">\r\n<span data-balloon-length=\"medium\" aria-label=\"Curso Superior em Enfermagem\" data-balloon-pos=\"up\">Enfermeiro<\/span><\/td>\r\n<td class=\"cvagas\">02<\/td>\r\n<td class=\"cremuneracao\">R$ 4.318,18 \/40h<\/td>\r\n<\/tr><tr>\r\n<td class=\"ccargos\">\r\n<span data-balloon-length=\"medium\" aria-label=\"Curso Superior em Fonoaudiologia\" data-balloon-pos=\"up\">Fonoaudi\u00f3logo<\/span><\/td>\r\n<td class=\"cvagas\">01<\/td>\r\n<td class=\"cremuneracao\">R$ 2.125,20 \/30h<\/td>\r\n<\/tr><tr>\r\n<td class=\"ccargos\">\r\n<span data-balloon-length=\"medium\" aria-label=\"Curso Superior em Medicina\" data-balloon-pos=\"up\">M\u00e9dico PSF<\/span><\/td>\r\n<td class=\"cvagas\">02<\/td>\r\n<td class=\"cremuneracao\">R$ 12.000,00 \/40h<\/td>\r\n<\/tr><tr>\r\n<td class=\"ccargos\">\r\n<span data-balloon-length=\"medium\" aria-label=\"Curso superior em Nutri\u00e7\u00e3o\" data-balloon-pos=\"up\">Nutricionista<\/span><\/td>\r\n<td class=\"cvagas\">01<\/td>\r\n<td class=\"cremuneracao\">R$ 2.125,20 \/30h<\/td>\r\n<\/tr><tr>\r\n<td class=\"ccargos\">\r\n<span data-balloon-length=\"medium\" aria-label=\"Curso superior em Fisioterapia\" data-balloon-pos=\"up\">Fisioterapeuta<\/span><\/td>\r\n<td class=\"cvagas\">01<\/td>\r\n<td class=\"cremuneracao\">R$ 2.125,20 \/30h<\/td>\r\n<\/tr><tr>\r\n<td class=\"ccargos\">\r\n<span data-balloon-length=\"medium\" aria-label=\"Curso superior em Odontologia\" data-balloon-pos=\"up\">Odont\u00f3logo<\/span><\/td>\r\n<td class=\"cvagas\">01<\/td>\r\n<td class=\"cremuneracao\">R$ 3.036,00 \/40h<\/td>\r\n<\/tr><tr>\r\n<td class=\"ccargos\">\r\n<span data-balloon-length=\"medium\" aria-label=\"Licenciatura Plena em Artes\" data-balloon-pos=\"up\">Professor de Arte<\/span><\/td>\r\n<td class=\"cvagas\">01<\/td>\r\n<td class=\"cremuneracao\">R$ 4.370,97 \/30h<\/td>\r\n<\/tr><tr>\r\n<td class=\"ccargos\">\r\n<span data-balloon-length=\"medium\" aria-label=\"Licenciatura Plena em Ci\u00eancias Biol\u00f3gicas ou afins\" data-balloon-pos=\"up\">Professor de Ci\u00eancias<\/span><\/td>\r\n<td class=\"cvagas\">01<\/td>\r\n<td class=\"cremuneracao\">R$ 4.370,97 \/30h<\/td>\r\n<\/tr><tr>\r\n<td class=\"ccargos\">\r\n<span data-balloon-length=\"medium\" aria-label=\"Superior em Pedagogia ou Psicologia + P\u00f3s - Gradua\u00e7\u00e3o em Psicopedagogia\" data-balloon-pos=\"up\">Psicopedagogo<\/span><\/td>\r\n<td class=\"cvagas\">01<\/td>\r\n<td class=\"cremuneracao\">R$ 4.370,97 \/30h<\/td>\r\n<\/tr><tr>\r\n<td class=\"ccargos\">\r\n<span data-balloon-length=\"medium\" aria-label=\"Superior em Pedagogia + Especializa\u00e7\u00e3o em Educa\u00e7\u00e3o Especial\" data-balloon-pos=\"up\">Professor de AEE<\/span><\/td>\r\n<td class=\"cvagas\">01<\/td>\r\n<td class=\"cremuneracao\">R$ 4.370,97 \/30h<\/td>\r\n<\/tr><tr>\r\n<td class=\"ccargos\">\r\n<span data-balloon-length=\"medium\" aria-label=\"N\u00edvel Superior em Licenciatura em Ci\u00eancias da Religi\u00e3o\" data-balloon-pos=\"up\">Professor de Ensino Religioso<\/span><\/td>\r\n<td class=\"cvagas\">01<\/td>\r\n<td class=\"cremuneracao\">R$ 4.370,97 \/30h<\/td>\r\n<\/tr><tr>\r\n<td class=\"ccargos\">\r\n<span data-balloon-length=\"medium\" aria-label=\"Superior em Pedagogia\" data-balloon-pos=\"up\">Professor Fundamental I<\/span><\/td>\r\n<td class=\"cvagas\">19<\/td>\r\n<td class=\"cremuneracao\">R$ 4.370,97 \/30h<\/td>\r\n<\/tr>\r\n    <\/tbody>\r\n  <\/table>\r\n<\/div>"},"_links":{"self":[{"href":"https:\/\/www.agrobase.com.br\/concursos\/wp-json\/wp\/v2\/posts\/275216","targetHints":{"allow":["GET"]}}],"collection":[{"href":"https:\/\/www.agrobase.com.br\/concursos\/wp-json\/wp\/v2\/posts"}],"about":[{"href":"https:\/\/www.agrobase.com.br\/concursos\/wp-json\/wp\/v2\/types\/post"}],"author":[{"embeddable":true,"href":"https:\/\/www.agrobase.com.br\/concursos\/wp-json\/wp\/v2\/users\/5229"}],"replies":[{"embeddable":true,"href":"https:\/\/www.agrobase.com.br\/concursos\/wp-json\/wp\/v2\/comments?post=275216"}],"version-history":[{"count":2,"href":"https:\/\/www.agrobase.com.br\/concursos\/wp-json\/wp\/v2\/posts\/275216\/revisions"}],"predecessor-version":[{"id":275264,"href":"https:\/\/www.agrobase.com.br\/concursos\/wp-json\/wp\/v2\/posts\/275216\/revisions\/275264"}],"wp:featuredmedia":[{"embeddable":true,"href":"https:\/\/www.agrobase.com.br\/concursos\/wp-json\/wp\/v2\/media\/275215"}],"wp:attachment":[{"href":"https:\/\/www.agrobase.com.br\/concursos\/wp-json\/wp\/v2\/media?parent=275216"}],"wp:term":[{"taxonomy":"category","embeddable":true,"href":"https:\/\/www.agrobase.com.br\/concursos\/wp-json\/wp\/v2\/categories?post=275216"},{"taxonomy":"post_tag","embeddable":true,"href":"https:\/\/www.agrobase.com.br\/concursos\/wp-json\/wp\/v2\/tags?post=275216"},{"taxonomy":"_amplo","embeddable":true,"href":"https:\/\/www.agrobase.com.br\/concursos\/wp-json\/wp\/v2\/_amplo?post=275216"},{"taxonomy":"destaque","embeddable":true,"href":"https:\/\/www.agrobase.com.br\/concursos\/wp-json\/wp\/v2\/destaque?post=275216"},{"taxonomy":"instituicoes","embeddable":true,"href":"https:\/\/www.agrobase.com.br\/concursos\/wp-json\/wp\/v2\/instituicoes?post=275216"}],"curies":[{"name":"wp","href":"https:\/\/api.w.org\/{rel}","templated":true}]}}