{"id":275167,"date":"2025-12-12T07:10:19","date_gmt":"2025-12-12T10:10:19","guid":{"rendered":"https:\/\/www.agrobase.com.br\/concursos\/?p=275167"},"modified":"2025-12-11T17:50:32","modified_gmt":"2025-12-11T20:50:32","slug":"prefeitura-planalto-alegre-sc-selecao-publica-01-2025","status":"publish","type":"post","link":"https:\/\/www.agrobase.com.br\/concursos\/2025\/prefeitura-planalto-alegre-sc-selecao-publica-01-2025\/","title":{"rendered":"Prefeitura Planalto Alegre (SC) &#8211; Sele\u00e7\u00e3o P\u00fablica 01\/2025"},"content":{"rendered":"<h2>Informa\u00e7\u00f5es Gerais<\/h2>\n<p>O <strong>Munic\u00edpio de Planalto Alegre<\/strong>, em Santa Catarina, publicou o edital n\u00ba 01\/2025 referente ao seu novo <strong>Processo Seletivo<\/strong>. O certame, organizado pela banca <strong>HC Assessoria Administrativa<\/strong>, tem como objetivo o preenchimento de <strong>13 vagas imediatas<\/strong>, al\u00e9m da forma\u00e7\u00e3o de cadastro de reserva, para contrata\u00e7\u00e3o tempor\u00e1ria de profissionais em diversas secretarias municipais.<\/p>\n<p>As oportunidades contemplam candidatos com n\u00edveis de escolaridade <strong>Fundamental, M\u00e9dio, T\u00e9cnico e Superior<\/strong>. Entre as fun\u00e7\u00f5es dispon\u00edveis, destacam-se vagas para \u00e1reas t\u00e9cnicas e especializadas, incluindo oportunidades para <strong>Nutricionista<\/strong> e <strong>M\u00e9dico Veterin\u00e1rio<\/strong>, al\u00e9m de cargos para a \u00e1rea da educa\u00e7\u00e3o, sa\u00fade e obras.<\/p>\n<p>O processo seletivo ter\u00e1 validade de dois anos, podendo ser prorrogado por igual per\u00edodo. Se voc\u00ea busca uma oportunidade no servi\u00e7o p\u00fablico municipal, confira a seguir os detalhes sobre prazos, etapas e requisitos.<\/p>\n<h2>Inscri\u00e7\u00f5es<\/h2>\n<p>As inscri\u00e7\u00f5es para o Processo Seletivo de Planalto Alegre devem ser realizadas exclusivamente pela internet, no site da organizadora <strong>HC Assessoria Administrativa<\/strong>. O per\u00edodo para cadastro permanece aberto at\u00e9 o dia <strong>24 de dezembro de 2025<\/strong>.<\/p>\n<p>Para efetivar a participa\u00e7\u00e3o, o candidato deve preencher o formul\u00e1rio online e emitir o boleto banc\u00e1rio referente \u00e0 taxa de inscri\u00e7\u00e3o. \u00c9 fundamental atentar-se ao prazo de pagamento, que deve ser efetuado impreterivelmente at\u00e9 o dia <strong>26 de dezembro de 2025<\/strong>. O edital prev\u00ea a possibilidade de isen\u00e7\u00e3o da taxa para candidatos que cumpram os requisitos legais, devendo a solicita\u00e7\u00e3o ser feita entre os dias 25 de novembro e 12 de dezembro de 2025.<\/p>\n<p>Ap\u00f3s o pagamento, recomenda-se que o candidato acompanhe a homologa\u00e7\u00e3o de sua inscri\u00e7\u00e3o na \u00e1rea restrita do site da banca. A leitura atenta do edital completo \u00e9 indispens\u00e1vel para conferir os valores das taxas e as regras espec\u00edficas para cada cargo.<\/p>\n<h2>Etapas e Provas<\/h2>\n<p>A sele\u00e7\u00e3o dos candidatos ser\u00e1 composta por diferentes etapas, variando conforme o cargo pretendido. A etapa comum a todos ser\u00e1 a <strong>Prova Te\u00f3rica\/Objetiva<\/strong>, de car\u00e1ter eliminat\u00f3rio e classificat\u00f3rio, prevista para ser aplicada no dia <strong>10 de janeiro de 2026<\/strong>. Esta avalia\u00e7\u00e3o contar\u00e1 com 40 quest\u00f5es de m\u00faltipla escolha.<\/p>\n<p>As disciplinas cobradas na prova objetiva abrangem:<\/p>\n<ul>\n<li>L\u00edngua Portuguesa;<\/li>\n<li>Matem\u00e1tica;<\/li>\n<li>Inform\u00e1tica e Racioc\u00ednio L\u00f3gico;<\/li>\n<li>Conhecimentos Gerais;<\/li>\n<li>Conhecimentos Espec\u00edficos (conforme a fun\u00e7\u00e3o).<\/li>\n<\/ul>\n<p>Al\u00e9m da prova escrita, haver\u00e1 etapas espec\u00edficas:<\/p>\n<ul>\n<li><strong>Prova Pr\u00e1tica:<\/strong> De car\u00e1ter eliminat\u00f3rio, exclusiva para os cargos de <strong>Motorista<\/strong> e <strong>Operador de M\u00e1quinas<\/strong>. Esta etapa avaliar\u00e1 as habilidades reais do candidato na condu\u00e7\u00e3o e opera\u00e7\u00e3o dos ve\u00edculos\/equipamentos exigidos (Caminh\u00e3o Ca\u00e7amba e Retroescavadeira, respectivamente).<\/li>\n<li><strong>Prova de T\u00edtulos:<\/strong> De car\u00e1ter classificat\u00f3rio, destinada aos cargos que exigem essa avalia\u00e7\u00e3o conforme o edital. Os documentos devem ser enviados eletronicamente durante o per\u00edodo de inscri\u00e7\u00f5es.<\/li>\n<\/ul>\n<p>Para detalhes sobre o conte\u00fado program\u00e1tico e os crit\u00e9rios de pontua\u00e7\u00e3o de cada fase, consulte o edital oficial.<\/p>\n<h2>Resultados e Gabarito<\/h2>\n<p>O cronograma do Processo Seletivo prev\u00ea a divulga\u00e7\u00e3o do <strong>gabarito preliminar<\/strong> da prova objetiva para o dia <strong>12 de janeiro de 2026<\/strong>. Ap\u00f3s o per\u00edodo de recursos, o gabarito oficial e a corre\u00e7\u00e3o dos cart\u00f5es resposta est\u00e3o programados para 19 de janeiro de 2026.<\/p>\n<p>A divulga\u00e7\u00e3o das notas preliminares (incluindo provas objetiva, de t\u00edtulos e pr\u00e1tica) ocorrer\u00e1 em 20 de janeiro de 2026. A <strong>classifica\u00e7\u00e3o final<\/strong>, ap\u00f3s a an\u00e1lise de todos os recursos, ser\u00e1 publicada em <strong>26 de janeiro de 2026<\/strong>, com a homologa\u00e7\u00e3o do resultado final prevista para o dia seguinte, 27 de janeiro.<\/p>\n<p>Em caso de empate na pontua\u00e7\u00e3o, ser\u00e3o aplicados crit\u00e9rios como idade igual ou superior a 60 anos, exerc\u00edcio da fun\u00e7\u00e3o de jurado e maior pontua\u00e7\u00e3o nas disciplinas de Conhecimentos Espec\u00edficos, L\u00edngua Portuguesa e Matem\u00e1tica, sucessivamente.<\/p>\n<p>\u00c9 de inteira responsabilidade do candidato acompanhar todas as publica\u00e7\u00f5es, convoca\u00e7\u00f5es e avisos oficiais diretamente no site da <strong>HC Assessoria Administrativa<\/strong> e nos ve\u00edculos oficiais de comunica\u00e7\u00e3o do Munic\u00edpio.<\/p>\n","protected":false},"excerpt":{"rendered":"<p>Proc. Seletivo Pref. Planalto Alegre (SC) com edital publicado! Vagas p\/ Professor e Farmac\u00eautico (Fund. a Sup.). Inscri\u00e7\u00f5es a partir de 25\/11. Confira!<\/p>\n","protected":false},"author":5229,"featured_media":275166,"comment_status":"open","ping_status":"open","sticky":false,"template":"","format":"standard","meta":{"_acf_changed":false,"_breakdance_hide_in_design_set":false,"_breakdance_tags":"","footnotes":""},"categories":[3,9,10,117,141,6434,12,14,17,19,6871,22,23,24,25,26,101,108],"tags":[61],"_amplo":[],"destaque":[],"instituicoes":[],"class_list":["post-275167","post","type-post","status-publish","format-standard","has-post-thumbnail","hentry","category-administracao","category-ciencias-contabeis","category-direito","category-economia","category-educacao-artistica","category-educacao-fisica-licenciatura","category-enfermagem","category-engenharia","category-farmacia","category-fonoaudiologia","category-letras-ingles","category-veterinaria","category-nutricao","category-odontologia","category-pedagogia","category-psicologia","category-servico-social","category-tecnico-enfermagem","tag-santa-catarina"],"acf":{"_tipo_vagas":"vagas","_numero_vagas":"","_quadro_vagas":"","_cargos":"diversos","_cargos_especificos":"","_salario_max":"R$ 7301.04","_abertura":"20251125","_encerramento":"20251224","_inscricoes":"https:\/\/www.hcassessoriaadm.com.br","_executora_concurso":"","_instituicao_concurso":[],"_link_adicional":null,"_anexos":null,"_produtos":null,"_vagas":"13 vagas + CR","_salario_min":"R$ 1449.79","_instituicao":"Prefeitura Planalto Alegre","_edital":"https:\/\/www.agrobase.com.br\/concursos\/wp-content\/uploads\/sites\/4\/2025\/12\/edital-01-2025-prefeitura-planalto-alegre-sc.pdf","_anexos_edital":"","_fund_incompleto":"","_fund_completo":"<div>\r\n<table class=\"quadro\">\r\n<thead>\r\n<tr>\r\n<th class=\"hcargo\">Cargo<\/th>\r\n<th class=\"hvagas\">Vagas<\/th>\r\n<th class=\"hremuneracao\">Remunera\u00e7\u00e3o<\/th>\r\n<\/tr>\r\n<\/thead>\r\n    <tbody>\r\n      <td class=\"ccargos\">\r\n<span data-balloon-length=\"medium\" aria-label=\"Ensino Fundamental Completo.\" data-balloon-pos=\"up\">Auxiliar de Servi\u00e7os Gerais<\/span><\/td>\r\n<td class=\"cvagas\">01 + CR<\/td>\r\n<td class=\"cremuneracao\">R$ 1.808,70 \/40h<\/td>\r\n<\/tr><td class=\"ccargos\">\r\n<span data-balloon-length=\"medium\" aria-label=\"Ensino Fundamental Completo.\" data-balloon-pos=\"up\">Cozinheira(o)<\/span><\/td>\r\n<td class=\"cvagas\">01 + CR<\/td>\r\n<td class=\"cremuneracao\">R$ 2.260,13 \/40h<\/td>\r\n<\/tr><td class=\"ccargos\">\r\n<span data-balloon-length=\"medium\" data-balloon-pos=\"up\">Motorista<\/span><\/td>\r\n<td class=\"cvagas\">CR<\/td>\r\n<td class=\"cremuneracao\">R$ 2.260,13 \/40h<\/td>\r\n<\/tr><td class=\"ccargos\">\r\n<span data-balloon-length=\"medium\" aria-label=\"Ensino fundamental completo e portador de carteira Nacional de Habilita\u00e7\u00e3o espec\u00edfica.\" data-balloon-pos=\"up\">Operador de M\u00e1quinas<\/span><\/td>\r\n<td class=\"cvagas\">CR<\/td>\r\n<td class=\"cremuneracao\">R$ 2.657,03 \/40h<\/td>\r\n<\/tr>\r\n    <\/tbody>\r\n  <\/table>\r\n<\/div>","_medio":"<div>\r\n<table class=\"quadro\">\r\n<thead>\r\n<tr>\r\n<th class=\"hcargo\">Cargo<\/th>\r\n<th class=\"hvagas\">Vagas<\/th>\r\n<th class=\"hremuneracao\">Remunera\u00e7\u00e3o<\/th>\r\n<\/tr>\r\n<\/thead>\r\n    <tbody>\r\n      <td class=\"ccargos\">\r\n<span data-balloon-length=\"medium\" aria-label=\"Ensino M\u00e9dio Completo.\" data-balloon-pos=\"up\">Fiscal de Vigil\u00e2ncia Sanit\u00e1ria, Controle Epidemiol\u00f3gico e Combate a Endemias.<\/span><\/td>\r\n<td class=\"cvagas\">CR<\/td>\r\n<td class=\"cremuneracao\">R$ 3.187,80 \/40h<\/td>\r\n<\/tr><td class=\"ccargos\">\r\n<span data-balloon-length=\"medium\" aria-label=\"Ensino M\u00e9dio Completo.\" data-balloon-pos=\"up\">Monitor de Transporte Escolar<\/span><\/td>\r\n<td class=\"cvagas\">01 + CR<\/td>\r\n<td class=\"cremuneracao\">R$ 1.449,79 \/20h<\/td>\r\n<\/tr><td class=\"ccargos\">\r\n<span data-balloon-length=\"medium\" aria-label=\"Ensino M\u00e9dio Completo, certificado de conclus\u00e3o de curso T\u00e9cnico na \u00e1rea de Enfermagem, com registro no respectivo \u00f3rg\u00e3o fiscalizador da profiss\u00e3o.\" data-balloon-pos=\"up\">T\u00e9cnico em Enfermagem<\/span><\/td>\r\n<td class=\"cvagas\">CR<\/td>\r\n<td class=\"cremuneracao\">R$ 3.598,56 \/40h<\/td>\r\n<\/tr>\r\n    <\/tbody>\r\n  <\/table>\r\n<\/div>","_superior":"<div>\r\n<table class=\"quadro\">\r\n<thead>\r\n<tr>\r\n<th class=\"hcargo\">Cargo<\/th>\r\n<th class=\"hvagas\">Vagas<\/th>\r\n<th class=\"hremuneracao\">Remunera\u00e7\u00e3o<\/th>\r\n<\/tr>\r\n<\/thead>\r\n    <tbody>\r\n      <tr>\r\n<td class=\"ccargos\">\r\n<span data-balloon-length=\"medium\" aria-label=\"Portador de Diploma de Assistente Social, com registro no respectivo \u00f3rg\u00e3o fiscalizador da profiss\u00e3o.\" data-balloon-pos=\"up\">Assistente social<\/span><\/td>\r\n<td class=\"cvagas\">CR<\/td>\r\n<td class=\"cremuneracao\">R$ 5.925,70 \/40h<\/td>\r\n<\/tr><tr>\r\n<td class=\"ccargos\">\r\n<span data-balloon-length=\"medium\" aria-label=\"Portador de Diploma de Enfermeiro, com registro no respectivo \u00f3rg\u00e3o fiscalizador da profiss\u00e3o.\" data-balloon-pos=\"up\">Enfermeiro(a)<\/span><\/td>\r\n<td class=\"cvagas\">CR<\/td>\r\n<td class=\"cremuneracao\">R$ 5.925,70 \/40h<\/td>\r\n<\/tr><tr>\r\n<td class=\"ccargos\">\r\n<span data-balloon-length=\"medium\" aria-label=\"Portador de diploma de Engenheiro Civil, com registro no respectivo \u00f3rg\u00e3o fiscalizador.\" data-balloon-pos=\"up\">Engenheiro Civil<\/span><\/td>\r\n<td class=\"cvagas\">CR<\/td>\r\n<td class=\"cremuneracao\">R$ 7.301,04 \/40h<\/td>\r\n<\/tr><tr>\r\n<td class=\"ccargos\">\r\n<span data-balloon-length=\"medium\" aria-label=\"Portador de diploma de farmac\u00eautico, com registro no respectivo \u00f3rg\u00e3o fiscalizador da profiss\u00e3o.\" data-balloon-pos=\"up\">Farmac\u00eautico(a)<\/span><\/td>\r\n<td class=\"cvagas\">01<\/td>\r\n<td class=\"cremuneracao\">R$ 2.962,85 \/20h<\/td>\r\n<\/tr><tr>\r\n<td class=\"ccargos\">\r\n<span data-balloon-length=\"medium\" aria-label=\"Portador de Diploma de bacharel em contabilidade, administra\u00e7\u00e3o, economia ou direito.\" data-balloon-pos=\"up\">Fiscal de Obras e Tributos<\/span><\/td>\r\n<td class=\"cvagas\">01<\/td>\r\n<td class=\"cremuneracao\">R$ 3.650,52 \/20h<\/td>\r\n<\/tr><tr>\r\n<td class=\"ccargos\">\r\n<span data-balloon-length=\"medium\" aria-label=\"Gradua\u00e7\u00e3o em Fonoaudiologia, com registro no respectivo \u00f3rg\u00e3o fiscalizador da profiss\u00e3o.\" data-balloon-pos=\"up\">Fonoaudi\u00f3logo(a)<\/span><\/td>\r\n<td class=\"cvagas\">CR<\/td>\r\n<td class=\"cremuneracao\">R$ 3.650,52 \/20h<\/td>\r\n<\/tr><tr>\r\n<td class=\"ccargos\">\r\n<span data-balloon-length=\"medium\" aria-label=\"Portador de Diploma de M\u00e9dico Veterin\u00e1rio, com registro no respectivo \u00f3rg\u00e3o fiscalizador da profiss\u00e3o.\" data-balloon-pos=\"up\">M\u00e9dico Veterin\u00e1rio<\/span><\/td>\r\n<td class=\"cvagas\">CR<\/td>\r\n<td class=\"cremuneracao\">R$ 5.925,70 \/40h<\/td>\r\n<\/tr><tr>\r\n<td class=\"ccargos\">\r\n<span data-balloon-length=\"medium\" aria-label=\"Portador de Diploma de Nutricionista, com registro no respectivo \u00f3rg\u00e3o fiscalizador da profiss\u00e3o.\" data-balloon-pos=\"up\">Nutricionista<\/span><\/td>\r\n<td class=\"cvagas\">01<\/td>\r\n<td class=\"cremuneracao\">R$ 2.666,92 \/20h<\/td>\r\n<\/tr><tr>\r\n<td class=\"ccargos\">\r\n<span data-balloon-length=\"medium\" aria-label=\"Portador de Diploma de Odontologia, com registro no respectivo \u00f3rg\u00e3o fiscalizador da profiss\u00e3o.\" data-balloon-pos=\"up\">Odont\u00f3logo I<\/span><\/td>\r\n<td class=\"cvagas\">CR<\/td>\r\n<td class=\"cremuneracao\">R$ 7.301,04 \/20h<\/td>\r\n<\/tr><tr>\r\n<td class=\"ccargos\">\r\n<span data-balloon-length=\"medium\" aria-label=\"Portador de Diploma de Gradua\u00e7\u00e3o em Pedagogia.\" data-balloon-pos=\"up\">Orientador Social com Forma\u00e7\u00e3o em Pedagogia<\/span><\/td>\r\n<td class=\"cvagas\">01<\/td>\r\n<td class=\"cremuneracao\">R$ 2.441,33 \/20h<\/td>\r\n<\/tr><tr>\r\n<td class=\"ccargos\">\r\n<span data-balloon-length=\"medium\" aria-label=\"Gradua\u00e7\u00e3o - Licenciatura em Educa\u00e7\u00e3o F\u00edsica e Registro no \u00f3rg\u00e3o competente (CREF).\" data-balloon-pos=\"up\">Professor de Atividades Desportivas<\/span><\/td>\r\n<td class=\"cvagas\">01 + CR<\/td>\r\n<td class=\"cremuneracao\">R$ 2.441,33 \/20h<\/td>\r\n<\/tr><tr>\r\n<td class=\"ccargos\">\r\n<span data-balloon-length=\"medium\" aria-label=\"Gradua\u00e7\u00e3o em Pedagogia com habilita\u00e7\u00e3o nos Anos Iniciais do Ensino Fundamental.\" data-balloon-pos=\"up\">Professor de Ensino Fundamental \u2013 Anos Iniciais<\/span><\/td>\r\n<td class=\"cvagas\">01 + CR<\/td>\r\n<td class=\"cremuneracao\">R$ 2.441,33 \/20h<\/td>\r\n<\/tr><tr>\r\n<td class=\"ccargos\">\r\n<span data-balloon-length=\"medium\" aria-label=\"Gradua\u00e7\u00e3o - Licenciatura em Letras - L\u00edngua Inglesa.\" data-balloon-pos=\"up\">Professor de L\u00edngua Estrangeira \u2013 Ingl\u00eas<\/span><\/td>\r\n<td class=\"cvagas\">01 + CR<\/td>\r\n<td class=\"cremuneracao\">R$ 2.441,33 \/20h<\/td>\r\n<\/tr><tr>\r\n<td class=\"ccargos\">\r\n<span data-balloon-length=\"medium\" aria-label=\"Licenciatura em Educa\u00e7\u00e3o Especial.\" data-balloon-pos=\"up\">Professor de Educa\u00e7\u00e3o Especial<\/span><\/td>\r\n<td class=\"cvagas\">01 + CR<\/td>\r\n<td class=\"cremuneracao\">R$ 2.441,33 \/20h<\/td>\r\n<\/tr><tr>\r\n<td class=\"ccargos\">\r\n<span data-balloon-length=\"medium\" aria-label=\"Gradua\u00e7\u00e3o em Pedagogia com habilita\u00e7\u00e3o em Educa\u00e7\u00e3o Infantil.\" data-balloon-pos=\"up\">Professor de Educa\u00e7\u00e3o Infantil<\/span><\/td>\r\n<td class=\"cvagas\">01 + CR<\/td>\r\n<td class=\"cremuneracao\">R$ 2.441,33 \/20h<\/td>\r\n<\/tr><tr>\r\n<td class=\"ccargos\">\r\n<span data-balloon-length=\"medium\" aria-label=\"Licenciatura de Gradua\u00e7\u00e3o Plena em Educa\u00e7\u00e3o Art\u00edstica ou Artes; Licenciatura Plena em Artes Visuais.\" data-balloon-pos=\"up\">Professor de Habilidades Art\u00edsticos Culturais<\/span><\/td>\r\n<td class=\"cvagas\">01 + CR<\/td>\r\n<td class=\"cremuneracao\">R$ 2.441,33 \/20h<\/td>\r\n<\/tr><tr>\r\n<td class=\"ccargos\">\r\n<span data-balloon-length=\"medium\" aria-label=\"Portador de Diploma de Psic\u00f3logo, com registro no respectivo \u00f3rg\u00e3o fiscalizador da profiss\u00e3o.\" data-balloon-pos=\"up\">Psic\u00f3logo I<\/span><\/td>\r\n<td class=\"cvagas\">CR<\/td>\r\n<td class=\"cremuneracao\">R$ 5.925,70 \/40h<\/td>\r\n<\/tr><tr>\r\n<td class=\"ccargos\">\r\n<span data-balloon-length=\"medium\" aria-label=\"Portador de Diploma de Psic\u00f3logo, com registro no respectivo \u00f3rg\u00e3o fiscalizador da profiss\u00e3o.\" data-balloon-pos=\"up\">Psic\u00f3logo II<\/span><\/td>\r\n<td class=\"cvagas\">01 + CR<\/td>\r\n<td class=\"cremuneracao\">R$ 2.962,85 \/20h<\/td>\r\n<\/tr>\r\n    <\/tbody>\r\n  <\/table>\r\n<\/div>"},"_links":{"self":[{"href":"https:\/\/www.agrobase.com.br\/concursos\/wp-json\/wp\/v2\/posts\/275167","targetHints":{"allow":["GET"]}}],"collection":[{"href":"https:\/\/www.agrobase.com.br\/concursos\/wp-json\/wp\/v2\/posts"}],"about":[{"href":"https:\/\/www.agrobase.com.br\/concursos\/wp-json\/wp\/v2\/types\/post"}],"author":[{"embeddable":true,"href":"https:\/\/www.agrobase.com.br\/concursos\/wp-json\/wp\/v2\/users\/5229"}],"replies":[{"embeddable":true,"href":"https:\/\/www.agrobase.com.br\/concursos\/wp-json\/wp\/v2\/comments?post=275167"}],"version-history":[{"count":3,"href":"https:\/\/www.agrobase.com.br\/concursos\/wp-json\/wp\/v2\/posts\/275167\/revisions"}],"predecessor-version":[{"id":275180,"href":"https:\/\/www.agrobase.com.br\/concursos\/wp-json\/wp\/v2\/posts\/275167\/revisions\/275180"}],"wp:featuredmedia":[{"embeddable":true,"href":"https:\/\/www.agrobase.com.br\/concursos\/wp-json\/wp\/v2\/media\/275166"}],"wp:attachment":[{"href":"https:\/\/www.agrobase.com.br\/concursos\/wp-json\/wp\/v2\/media?parent=275167"}],"wp:term":[{"taxonomy":"category","embeddable":true,"href":"https:\/\/www.agrobase.com.br\/concursos\/wp-json\/wp\/v2\/categories?post=275167"},{"taxonomy":"post_tag","embeddable":true,"href":"https:\/\/www.agrobase.com.br\/concursos\/wp-json\/wp\/v2\/tags?post=275167"},{"taxonomy":"_amplo","embeddable":true,"href":"https:\/\/www.agrobase.com.br\/concursos\/wp-json\/wp\/v2\/_amplo?post=275167"},{"taxonomy":"destaque","embeddable":true,"href":"https:\/\/www.agrobase.com.br\/concursos\/wp-json\/wp\/v2\/destaque?post=275167"},{"taxonomy":"instituicoes","embeddable":true,"href":"https:\/\/www.agrobase.com.br\/concursos\/wp-json\/wp\/v2\/instituicoes?post=275167"}],"curies":[{"name":"wp","href":"https:\/\/api.w.org\/{rel}","templated":true}]}}