{"id":275143,"date":"2025-12-12T07:35:12","date_gmt":"2025-12-12T10:35:12","guid":{"rendered":"https:\/\/www.agrobase.com.br\/concursos\/?p=275143"},"modified":"2025-12-11T18:04:58","modified_gmt":"2025-12-11T21:04:58","slug":"prefeitura-paranaiba-ms-selecao-simplificada-01-2025-2","status":"publish","type":"post","link":"https:\/\/www.agrobase.com.br\/concursos\/2025\/prefeitura-paranaiba-ms-selecao-simplificada-01-2025-2\/","title":{"rendered":"Prefeitura Parana\u00edba (MS) &#8211; Sele\u00e7\u00e3o Simplificada 01\/2025"},"content":{"rendered":"<h2>Informa\u00e7\u00f5es Gerais<\/h2>\n<p>O Munic\u00edpio de Parana\u00edba, no estado de Mato Grosso do Sul, publicou edital de <strong>Processo Seletivo Simplificado<\/strong> para contrata\u00e7\u00e3o tempor\u00e1ria de profissionais para a <strong>Secretaria Municipal de Sa\u00fade<\/strong>, visando ao provimento de <strong>94 vagas imediatas mais cadastro reserva<\/strong>, pelo prazo de 2 anos, prorrog\u00e1vel por igual per\u00edodo. O certame \u00e9 regido pela Lei Municipal n\u00ba 047\/2011 e pelo edital que institui o Processo Seletivo Unificado.<\/p>\n<p>O objetivo \u00e9 atender \u00e0s necessidades da rede municipal de sa\u00fade, com oportunidades em diversos setores assistenciais, administrativos, de apoio e de vigil\u00e2ncia em sa\u00fade. H\u00e1 vagas para n\u00edveis <strong>fundamental incompleto<\/strong>, <strong>fundamental completo<\/strong>, <strong>m\u00e9dio\/t\u00e9cnico<\/strong> e <strong>superior<\/strong>, com remunera\u00e7\u00f5es que variam aproximadamente de <strong>R$ 1.518,00 a R$ 9.436,23<\/strong>.<\/p>\n<p>Entre as \u00e1reas de n\u00edvel superior, destacam-se cargos na sa\u00fade como <strong>Biom\u00e9dico<\/strong> e <strong>Nutricionista<\/strong>, al\u00e9m de diversas fun\u00e7\u00f5es m\u00e9dicas, de enfermagem, odontologia, fisioterapia, psicologia e outras profiss\u00f5es da sa\u00fade. A sele\u00e7\u00e3o ser\u00e1 realizada por meio de <strong>avalia\u00e7\u00e3o curricular de t\u00edtulos e experi\u00eancia profissional<\/strong>.<\/p>\n<p>Se voc\u00ea tem interesse em atuar na sa\u00fade p\u00fablica municipal de Parana\u00edba, siga a leitura para conferir como funcionam as inscri\u00e7\u00f5es, as etapas de avalia\u00e7\u00e3o e a forma de divulga\u00e7\u00e3o dos resultados.<\/p>\n<h2>Inscri\u00e7\u00f5es<\/h2>\n<p>As inscri\u00e7\u00f5es para o Processo Seletivo Simplificado da Secretaria Municipal de Sa\u00fade de Parana\u00edba-MS ser\u00e3o realizadas <strong>exclusivamente online<\/strong>, sendo <strong>vedada a inscri\u00e7\u00e3o presencial<\/strong>. O per\u00edodo de inscri\u00e7\u00e3o vai das <strong>00h01 do dia 15 de dezembro de 2025<\/strong> at\u00e9 as <strong>23h59 do dia 19 de dezembro de 2025<\/strong>, hor\u00e1rio oficial de Mato Grosso do Sul.<\/p>\n<p>Os candidatos devem se inscrever por meio do formul\u00e1rio eletr\u00f4nico dispon\u00edvel no link: <a href=\"https:\/\/forms.gle\/P7ADAtkLgTqrtQ2j6\" target=\"_blank\" rel=\"noopener\">https:\/\/forms.gle\/P7ADAtkLgTqrtQ2j6<\/a>, que tamb\u00e9m ser\u00e1 acess\u00edvel pela p\u00e1gina oficial do munic\u00edpio (<a href=\"https:\/\/www.paranaiba.ms.gov.br\" target=\"_blank\" rel=\"noopener\">www.paranaiba.ms.gov.br<\/a>). Cada candidato poder\u00e1 se inscrever em <strong>apenas um cargo<\/strong>, sendo considerado v\u00e1lido apenas o \u00faltimo protocolo enviado.<\/p>\n<p>A inscri\u00e7\u00e3o \u00e9 de inteira responsabilidade do candidato, que deve ler atentamente o edital, verificar se preenche todos os requisitos do cargo pretendido e enviar somente documentos conforme descrito nas regras do certame. As informa\u00e7\u00f5es prestadas no protocolo de inscri\u00e7\u00e3o devem ser precisas e verdadeiras, sob pena de cancelamento da inscri\u00e7\u00e3o e responsabiliza\u00e7\u00e3o por falsidade documental.<\/p>\n<p>O edital n\u00e3o informa cobran\u00e7a de taxa de inscri\u00e7\u00e3o, valores ou procedimentos de pagamento, tampouco crit\u00e9rios de isen\u00e7\u00e3o. Tamb\u00e9m n\u00e3o h\u00e1 refer\u00eancia a \u00e1rea restrita para acompanhamento de status de inscri\u00e7\u00e3o, devendo o candidato acompanhar as publica\u00e7\u00f5es oficiais nos canais indicados.<\/p>\n<p>Antes de se inscrever, \u00e9 fundamental que o candidato leia o edital completo e seus anexos, pois a inscri\u00e7\u00e3o implica <strong>ci\u00eancia e aceita\u00e7\u00e3o integral<\/strong> de todas as normas do processo seletivo.<\/p>\n<h2>Etapas e Provas<\/h2>\n<p>O Processo Seletivo Simplificado da Secretaria Municipal de Sa\u00fade de Parana\u00edba-MS \u00e9 composto por etapas essencialmente documentais, com foco na an\u00e1lise da forma\u00e7\u00e3o e da experi\u00eancia profissional dos candidatos.<\/p>\n<ul>\n<li><strong>Inscri\u00e7\u00e3o<\/strong> \u2013 Etapa de car\u00e1ter <strong>obrigat\u00f3rio<\/strong> para todos os cargos, realizada exclusivamente de forma online, dentro do per\u00edodo previsto no edital. A inscri\u00e7\u00e3o formaliza a participa\u00e7\u00e3o do candidato e implica aceita\u00e7\u00e3o de todas as regras do certame.<\/li>\n<li><strong>Avalia\u00e7\u00e3o Curricular de T\u00edtulos e Experi\u00eancia Profissional<\/strong> \u2013 Etapa de car\u00e1ter <strong>classificat\u00f3rio<\/strong>, aplicada a <strong>todos os cargos<\/strong>. A comiss\u00e3o avaliadora analisar\u00e1 o curr\u00edculo e os t\u00edtulos apresentados, atribuindo pontua\u00e7\u00e3o conforme os crit\u00e9rios e tabelas constantes nos anexos do edital (especialmente Anexos I, II, VIII, XI e XII).<\/li>\n<\/ul>\n<p>Na avalia\u00e7\u00e3o curricular ser\u00e3o considerados, entre outros, <strong>escolaridade exigida para o cargo<\/strong>, <strong>cursos complementares<\/strong>, <strong>t\u00edtulos<\/strong> e <strong>experi\u00eancia profissional compat\u00edvel<\/strong> com a fun\u00e7\u00e3o. Somente ser\u00e3o aceitos certificados e diplomas emitidos por institui\u00e7\u00f5es reconhecidas pela autoridade p\u00fablica competente; documentos estrangeiros devem ser traduzidos e reconhecidos conforme a legisla\u00e7\u00e3o.<\/p>\n<p>Os curr\u00edculos e t\u00edtulos devem ser entregues em <strong>envelopes lacrados e identificados<\/strong> conforme o Anexo IX, na <strong>Secretaria Municipal de Sa\u00fade<\/strong>, localizada na Rua Jos\u00e9 Rodrigues Ferraz, 834, Centro, Parana\u00edba-MS, das <strong>8h \u00e0s 11h<\/strong>, nos dias <strong>22, 23, 29 e 30 de dezembro de 2025<\/strong>.<\/p>\n<p>O processo seletivo tem car\u00e1ter <strong>eliminat\u00f3rio e classificat\u00f3rio<\/strong>. Ser\u00e3o considerados aprovados os candidatos que obtiverem <strong>pontua\u00e7\u00e3o igual ou superior a 50 pontos<\/strong> na avalia\u00e7\u00e3o curricular. Quem n\u00e3o atingir essa pontua\u00e7\u00e3o m\u00ednima ser\u00e1 eliminado do certame.<\/p>\n<p>Para conhecer a distribui\u00e7\u00e3o detalhada de pontos por t\u00edtulo, experi\u00eancia e demais crit\u00e9rios, bem como eventuais prazos de recursos, \u00e9 indispens\u00e1vel a leitura atenta do edital e de todos os seus anexos.<\/p>\n<h2>Resultados e Gabarito<\/h2>\n<p>A classifica\u00e7\u00e3o dos candidatos no Processo Seletivo Simplificado da Secretaria Municipal de Sa\u00fade de Parana\u00edba-MS ser\u00e1 feita em <strong>ordem decrescente de pontua\u00e7\u00e3o<\/strong>, com base no somat\u00f3rio dos pontos obtidos na Avalia\u00e7\u00e3o Curricular de T\u00edtulos e Experi\u00eancia Profissional, conforme crit\u00e9rios estabelecidos no edital e em seu Anexo XII.<\/p>\n<p>O edital n\u00e3o apresenta, no trecho disponibilizado, um cronograma detalhado com datas espec\u00edficas para divulga\u00e7\u00e3o de resultados preliminares, gabaritos (n\u00e3o h\u00e1 prova objetiva) ou resultados finais. Informa, por\u00e9m, que <strong>todos os atos do processo seletivo<\/strong>, incluindo resultados, classifica\u00e7\u00f5es e convoca\u00e7\u00f5es, ser\u00e3o divulgados no <strong>Di\u00e1rio Oficial do Munic\u00edpio<\/strong> e nos canais oficiais indicados pela Prefeitura.<\/p>\n<p>Em caso de empate na pontua\u00e7\u00e3o, ser\u00e3o aplicados, sucessivamente, os seguintes crit\u00e9rios de desempate:<\/p>\n<ul>\n<li>1\u00ba \u2013 candidato com <strong>maior tempo de servi\u00e7o p\u00fablico<\/strong>;<\/li>\n<li>2\u00ba \u2013 candidato com <strong>maior tempo de experi\u00eancia na fun\u00e7\u00e3o<\/strong> a que concorre;<\/li>\n<li>3\u00ba \u2013 candidato de <strong>maior idade<\/strong>.<\/li>\n<\/ul>\n<p>Os candidatos aprovados e classificados poder\u00e3o ser convocados para contrata\u00e7\u00e3o a qualquer tempo durante a vig\u00eancia do processo seletivo, de acordo com a necessidade, conveni\u00eancia e interesse da administra\u00e7\u00e3o municipal. A convoca\u00e7\u00e3o obedecer\u00e1 rigorosamente \u00e0 <strong>ordem de classifica\u00e7\u00e3o final<\/strong>. O candidato convocado dever\u00e1 apresentar a documenta\u00e7\u00e3o exigida nos anexos do edital, junto ao setor de Recursos Humanos da Secretaria Municipal de Sa\u00fade, no prazo estabelecido; o n\u00e3o comparecimento em at\u00e9 <strong>1 (um) dia \u00fatil<\/strong> ap\u00f3s a convoca\u00e7\u00e3o implicar\u00e1 desist\u00eancia.<\/p>\n<p>A homologa\u00e7\u00e3o do resultado final e as convoca\u00e7\u00f5es subsequentes ser\u00e3o formalizadas por meio de publica\u00e7\u00f5es oficiais. \u00c9 responsabilidade exclusiva do candidato acompanhar, de forma cont\u00ednua, todas as divulga\u00e7\u00f5es no site da Prefeitura, nos canais da banca organizadora (se houver) e no Di\u00e1rio Oficial do Munic\u00edpio, n\u00e3o podendo alegar desconhecimento das informa\u00e7\u00f5es publicadas.<\/p>\n","protected":false},"excerpt":{"rendered":"<p>Proc. Seletivo Pref. Parana\u00edba (MS) com edital publicado! Vagas p\/ M\u00e9dico e T\u00e9cnico Enfermagem (Fund. a Sup.). Inscri\u00e7\u00f5es a partir de 15\/12. Confira detalhes!<\/p>\n","protected":false},"author":5229,"featured_media":275142,"comment_status":"open","ping_status":"open","sticky":false,"template":"","format":"standard","meta":{"_acf_changed":false,"_breakdance_hide_in_design_set":false,"_breakdance_tags":"","footnotes":""},"categories":[6,7,106,11,12,152,17,18,19,21,23,24,26,101,108,143,157,134],"tags":[48],"_amplo":[],"destaque":[],"instituicoes":[],"class_list":["post-275143","post","type-post","status-publish","format-standard","has-post-thumbnail","hentry","category-biologia","category-biomedicina","category-bioquimica","category-educacao-fisica","category-enfermagem","category-engenharia-seguranca-trabalho","category-farmacia","category-fisioterapia","category-fonoaudiologia","category-medicina","category-nutricao","category-odontologia","category-psicologia","category-servico-social","category-tecnico-enfermagem","category-tecnico-odontologia","category-tecnico-seguranca-trabalho","category-terapia-ocupacional","tag-mato-grosso-do-sul"],"acf":{"_tipo_vagas":"vagas","_numero_vagas":"","_quadro_vagas":"","_cargos":"diversos","_cargos_especificos":"","_salario_max":"R$ 9436.23","_abertura":"20251215","_encerramento":"20251219","_inscricoes":"https:\/\/forms.gle\/P7ADAtkLgTqrtQ2j6","_executora_concurso":"","_instituicao_concurso":[],"_link_adicional":null,"_anexos":null,"_produtos":null,"_vagas":"94 vagas + CR","_salario_min":"R$ 1518","_instituicao":"Prefeitura Parana\u00edba","_edital":"https:\/\/www.agrobase.com.br\/concursos\/wp-content\/uploads\/sites\/4\/2025\/12\/edital-01-2025-prefeitura-paranaiba-ms.pdf","_anexos_edital":"","_fund_incompleto":"<div>\r\n<table class=\"quadro\">\r\n<thead>\r\n<tr>\r\n<th class=\"hcargo\">Cargo<\/th>\r\n<th class=\"hvagas\">Vagas<\/th>\r\n<th class=\"hremuneracao\">Remunera\u00e7\u00e3o<\/th>\r\n<\/tr>\r\n<\/thead>\r\n    <tbody>\r\n      <td class=\"ccargos\">\r\n<span data-balloon-length=\"medium\" aria-label=\"Alfabetizado\" data-balloon-pos=\"up\">Servi\u00e7os Gerais Feminino<\/span><\/td>\r\n<td class=\"cvagas\">08 + CR<\/td>\r\n<td class=\"cremuneracao\">R$ 1.518,00 \/40h<\/td>\r\n<\/tr><td class=\"ccargos\">\r\n<span data-balloon-length=\"medium\" aria-label=\"Alfabetizado\" data-balloon-pos=\"up\">Servi\u00e7os Gerais Masculino<\/span><\/td>\r\n<td class=\"cvagas\">01 + CR<\/td>\r\n<td class=\"cremuneracao\">R$ 1.518,00 \/40h<\/td>\r\n<\/tr><td class=\"ccargos\">\r\n<span data-balloon-length=\"medium\" aria-label=\"Alfabetizado\" data-balloon-pos=\"up\">Vigia<\/span><\/td>\r\n<td class=\"cvagas\">02 + CR<\/td>\r\n<td class=\"cremuneracao\">R$ 1.645,85 \/40h<\/td>\r\n<\/tr><td class=\"ccargos\">\r\n<span data-balloon-length=\"medium\" aria-label=\"Alfabetizado e CNH categoria C. Apresentar Curso de condutor de ve\u00edculos e emerg\u00eancia, e curso de transporte coletivo.\" data-balloon-pos=\"up\">Motorista de Ve\u00edculos Pesados<\/span><\/td>\r\n<td class=\"cvagas\">02 + CR<\/td>\r\n<td class=\"cremuneracao\">R$ 1.645,85 \/40h<\/td>\r\n<\/tr>\r\n    <\/tbody>\r\n  <\/table>\r\n<\/div>","_fund_completo":"<div>\r\n<table class=\"quadro\">\r\n<thead>\r\n<tr>\r\n<th class=\"hcargo\">Cargo<\/th>\r\n<th class=\"hvagas\">Vagas<\/th>\r\n<th class=\"hremuneracao\">Remunera\u00e7\u00e3o<\/th>\r\n<\/tr>\r\n<\/thead>\r\n    <tbody>\r\n      <td class=\"ccargos\">\r\n<span data-balloon-length=\"medium\" aria-label=\"Ensino Fundamental Completo CNH categoria D, com apresenta\u00e7\u00e3o de curso de especializa\u00e7\u00e3o de transporte de emerg\u00eancia e de transporte coletivo.\" data-balloon-pos=\"up\">Motorista de Ambul\u00e2ncia<\/span><\/td>\r\n<td class=\"cvagas\">02 + CR<\/td>\r\n<td class=\"cremuneracao\">R$ 1.645,85 \/42h<\/td>\r\n<\/tr><td class=\"ccargos\">\r\n<span data-balloon-length=\"medium\" aria-label=\"Ensino Fundamental Completo, curso de Auxiliar em Odontologia, com carga hor\u00e1ria m\u00ednima de 300 hs, com registro em entidade de classe.\" data-balloon-pos=\"up\">Auxiliar Odontol\u00f3gico<\/span><\/td>\r\n<td class=\"cvagas\">04 + CR<\/td>\r\n<td class=\"cremuneracao\">R$ 1.645,85 \/40h<\/td>\r\n<\/tr>\r\n    <\/tbody>\r\n  <\/table>\r\n<\/div>","_medio":"<div>\r\n<table class=\"quadro\">\r\n<thead>\r\n<tr>\r\n<th class=\"hcargo\">Cargo<\/th>\r\n<th class=\"hvagas\">Vagas<\/th>\r\n<th class=\"hremuneracao\">Remunera\u00e7\u00e3o<\/th>\r\n<\/tr>\r\n<\/thead>\r\n    <tbody>\r\n      <td class=\"ccargos\">\r\n<span data-balloon-length=\"medium\" aria-label=\"Ensino M\u00e9dio completo\" data-balloon-pos=\"up\">Artes\u00e3o<\/span><\/td>\r\n<td class=\"cvagas\">01 + CR<\/td>\r\n<td class=\"cremuneracao\">R$ 1.975,03 \/40h<\/td>\r\n<\/tr><td class=\"ccargos\">\r\n<span data-balloon-length=\"medium\" aria-label=\"Ensino M\u00e9dio completo\" data-balloon-pos=\"up\">Agente Administrativo<\/span><\/td>\r\n<td class=\"cvagas\">10 + CR<\/td>\r\n<td class=\"cremuneracao\">R$ 1.975,03 \/40h<\/td>\r\n<\/tr><td class=\"ccargos\">\r\n<span data-balloon-length=\"medium\" aria-label=\"Ensino M\u00e9dio Completo.\" data-balloon-pos=\"up\">Agente de Combate as Endemias<\/span><\/td>\r\n<td class=\"cvagas\">08 + CR<\/td>\r\n<td class=\"cremuneracao\">R$ 3.036,00 \/40h<\/td>\r\n<\/tr><td class=\"ccargos\">\r\n<span data-balloon-length=\"medium\" aria-label=\"Ensino M\u00e9dio Completo.\" data-balloon-pos=\"up\">Agente Comunit\u00e1rio de Sa\u00fade<\/span><\/td>\r\n<td class=\"cvagas\">05 + CR<\/td>\r\n<td class=\"cremuneracao\">R$ 3.036,00 \/40h<\/td>\r\n<\/tr><td class=\"ccargos\">\r\n<span data-balloon-length=\"medium\" aria-label=\"Ensino M\u00e9dio Complemento, com Curso T\u00e9cnico em Higiene Dental com registro em entidade de classe.\" data-balloon-pos=\"up\">T\u00e9cnico em Higiene Dental<\/span><\/td>\r\n<td class=\"cvagas\">01 + CR<\/td>\r\n<td class=\"cremuneracao\">R$ 1.975,03 \/40h<\/td>\r\n<\/tr><td class=\"ccargos\">\r\n<span data-balloon-length=\"medium\" aria-label=\"Ensino M\u00e9dio Completo, com Curso T\u00e9cnico em Enfermagem, com registro de t\u00e9cnico em entidade de classe\" data-balloon-pos=\"up\">T\u00e9cnico de Enfermagem<\/span><\/td>\r\n<td class=\"cvagas\">09 + CR<\/td>\r\n<td class=\"cremuneracao\">R$ 1.975,03 \/40h<\/td>\r\n<\/tr><td class=\"ccargos\">\r\n<span data-balloon-length=\"medium\" aria-label=\"Ensino M\u00e9dio completo de Auxiliar de Enfermagem do Trabalho, reconhecido pelo Minist\u00e9rio da educa\u00e7\u00e3o, com registro no conselho de classe\" data-balloon-pos=\"up\">Auxiliar de Enfermagem do Trabalho<\/span><\/td>\r\n<td class=\"cvagas\">01 + CR<\/td>\r\n<td class=\"cremuneracao\">R$ 1.975,03 \/40h<\/td>\r\n<\/tr><td class=\"ccargos\">\r\n<span data-balloon-length=\"medium\" aria-label=\"Ensino M\u00e9dio completo com Curso T\u00e9cnico com registro em entidade de classe\" data-balloon-pos=\"up\">T\u00e9cnico em Pr\u00f3tese Dentaria<\/span><\/td>\r\n<td class=\"cvagas\">01 + CR<\/td>\r\n<td class=\"cremuneracao\">R$ 1.975,03 \/40h<\/td>\r\n<\/tr><td class=\"ccargos\">\r\n<span data-balloon-length=\"medium\" aria-label=\"Ensino M\u00e9dio completo\" data-balloon-pos=\"up\">Agente de Vigil\u00e2ncia Sanit\u00e1ria<\/span><\/td>\r\n<td class=\"cvagas\">01 + CR<\/td>\r\n<td class=\"cremuneracao\">R$ 1.975,03 \/40h<\/td>\r\n<\/tr><td class=\"ccargos\">\r\n<span data-balloon-length=\"medium\" aria-label=\"Ensino M\u00e9dio Completo, com Curso T\u00e9cnico em Seguran\u00e7a do Trabalho\" data-balloon-pos=\"up\">T\u00e9cnico em Seguran\u00e7a do Trabalho<\/span><\/td>\r\n<td class=\"cvagas\">01 + CR<\/td>\r\n<td class=\"cremuneracao\">R$ 1.975,03 \/40h<\/td>\r\n<\/tr>\r\n    <\/tbody>\r\n  <\/table>\r\n<\/div>","_superior":"<div>\r\n<table class=\"quadro\">\r\n<thead>\r\n<tr>\r\n<th class=\"hcargo\">Cargo<\/th>\r\n<th class=\"hvagas\">Vagas<\/th>\r\n<th class=\"hremuneracao\">Remunera\u00e7\u00e3o<\/th>\r\n<\/tr>\r\n<\/thead>\r\n    <tbody>\r\n      <tr>\r\n<td class=\"ccargos\">\r\n<span data-balloon-length=\"medium\" aria-label=\"Ensino Superior em Biomedicina ou Gradua\u00e7\u00e3o com Bacharelado em ci\u00eancias biol\u00f3gicas modalidade m\u00e9dica e possuir carteira profissional emitida pelo respectivo conselho\" data-balloon-pos=\"up\">Biom\u00e9dico<\/span><\/td>\r\n<td class=\"cvagas\">02 + CR<\/td>\r\n<td class=\"cremuneracao\">R$ 4.608,41 \/40h<\/td>\r\n<\/tr><tr>\r\n<td class=\"ccargos\">\r\n<span data-balloon-length=\"medium\" aria-label=\"Superior em Educa\u00e7\u00e3o F\u00edsica\" data-balloon-pos=\"up\">Educador F\u00edsico<\/span><\/td>\r\n<td class=\"cvagas\">01 + CR<\/td>\r\n<td class=\"cremuneracao\">R$ 3.730,59 \/40h<\/td>\r\n<\/tr><tr>\r\n<td class=\"ccargos\">\r\n<span data-balloon-length=\"medium\" aria-label=\"Superior em Assist\u00eancia Social ou Servi\u00e7o Social com registro em entidade de classe.\" data-balloon-pos=\"up\">Assistente Social<\/span><\/td>\r\n<td class=\"cvagas\">01 + CR<\/td>\r\n<td class=\"cremuneracao\">R$ 4.608,41 \/40h<\/td>\r\n<\/tr><tr>\r\n<td class=\"ccargos\">\r\n<span data-balloon-length=\"medium\" aria-label=\"Superior em Farm\u00e1cia com registro em entidade de classe\" data-balloon-pos=\"up\">Farmac\u00eautico<\/span><\/td>\r\n<td class=\"cvagas\">02 + CR<\/td>\r\n<td class=\"cremuneracao\">R$ 4.608,41 \/40h<\/td>\r\n<\/tr><tr>\r\n<td class=\"ccargos\">\r\n<span data-balloon-length=\"medium\" aria-label=\"Superior em Farm\u00e1cia e Bioqu\u00edmica com registro em entidade de classe\" data-balloon-pos=\"up\">Farmac\u00eautico Bioqu\u00edmico<\/span><\/td>\r\n<td class=\"cvagas\">01 + CR<\/td>\r\n<td class=\"cremuneracao\">R$ 4.608,41 \/40h<\/td>\r\n<\/tr><tr>\r\n<td class=\"ccargos\">\r\n<span data-balloon-length=\"medium\" aria-label=\"Superior em Fisioterapia com registro em entidade de Classe\" data-balloon-pos=\"up\">Fisioterapeuta<\/span><\/td>\r\n<td class=\"cvagas\">03 + CR<\/td>\r\n<td class=\"cremuneracao\">R$ 4.608,41 \/40h<\/td>\r\n<\/tr><tr>\r\n<td class=\"ccargos\">\r\n<span data-balloon-length=\"medium\" aria-label=\"Superior em Fonoaudiologia com registro em entidade de classe\" data-balloon-pos=\"up\">Fonoaudi\u00f3logo<\/span><\/td>\r\n<td class=\"cvagas\">02 + CR<\/td>\r\n<td class=\"cremuneracao\">R$ 4.608,41 \/40h<\/td>\r\n<\/tr><tr>\r\n<td class=\"ccargos\">\r\n<span data-balloon-length=\"medium\" aria-label=\"Superior em Medicina, com Especializa\u00e7\u00e3o na \u00e1rea e registro em entidade de classe\" data-balloon-pos=\"up\">M\u00e9dico Especialista<\/span><\/td>\r\n<td class=\"cvagas\">01 + CR<\/td>\r\n<td class=\"cremuneracao\">R$ 3.730,59 \/40h<\/td>\r\n<\/tr><tr>\r\n<td class=\"ccargos\">\r\n<span data-balloon-length=\"medium\" aria-label=\"Superior em Psicologia com registro em entidade de classe\" data-balloon-pos=\"up\">Psic\u00f3logo<\/span><\/td>\r\n<td class=\"cvagas\">03 + CR<\/td>\r\n<td class=\"cremuneracao\">R$ 4.608,41 \/40h<\/td>\r\n<\/tr><tr>\r\n<td class=\"ccargos\">\r\n<span data-balloon-length=\"medium\" aria-label=\"Superior em Terapia Ocupacional com registro em entidade de classe\" data-balloon-pos=\"up\">Terapeuta Ocupacional<\/span><\/td>\r\n<td class=\"cvagas\">02 + CR<\/td>\r\n<td class=\"cremuneracao\">R$ 4.608,41 \/40h<\/td>\r\n<\/tr><tr>\r\n<td class=\"ccargos\">\r\n<span data-balloon-length=\"medium\" aria-label=\"Superior em Odontologia com registro em entidade de classe. Especializa\u00e7\u00e3o em endodontia, odonto pediatria ou cirurgi\u00e3o dentista.\" data-balloon-pos=\"up\">Dentista CEO<\/span><\/td>\r\n<td class=\"cvagas\">02 + CR<\/td>\r\n<td class=\"cremuneracao\">R$ 4.608,41 \/40h<\/td>\r\n<\/tr><tr>\r\n<td class=\"ccargos\">\r\n<span data-balloon-length=\"medium\" aria-label=\"Superior em Nutri\u00e7\u00e3o com registro em entidade de classe\" data-balloon-pos=\"up\">Nutricionista<\/span><\/td>\r\n<td class=\"cvagas\">01 + CR<\/td>\r\n<td class=\"cremuneracao\">R$ 3.730,59 \/40h<\/td>\r\n<\/tr><tr>\r\n<td class=\"ccargos\">\r\n<span data-balloon-length=\"medium\" aria-label=\"Superior em Medicina com registro em entidade de classe\" data-balloon-pos=\"up\">M\u00e9dico de ESF<\/span><\/td>\r\n<td class=\"cvagas\">05 + CR<\/td>\r\n<td class=\"cremuneracao\">R$ 9.436,23 \/40h<\/td>\r\n<\/tr><tr>\r\n<td class=\"ccargos\">\r\n<span data-balloon-length=\"medium\" aria-label=\"Superior em Enfermagem com registro em entidade de classe\" data-balloon-pos=\"up\">Enfermeiro ESF<\/span><\/td>\r\n<td class=\"cvagas\">06 + CR<\/td>\r\n<td class=\"cremuneracao\">R$ 4.279,25 \/40h<\/td>\r\n<\/tr><tr>\r\n<td class=\"ccargos\">\r\n<span data-balloon-length=\"medium\" aria-label=\"Superior em Medicina com registro de entidade de classe e especializa\u00e7\u00e3o em Medicina do Trabalho.\" data-balloon-pos=\"up\">M\u00e9dico do Trabalho<\/span><\/td>\r\n<td class=\"cvagas\">01 + CR<\/td>\r\n<td class=\"cremuneracao\">R$ 4.608,41 \/40h<\/td>\r\n<\/tr><tr>\r\n<td class=\"ccargos\">\r\n<span data-balloon-length=\"medium\" aria-label=\"Superior em Engenharia ou Arquitetura e uma p\u00f3s gradua\u00e7\u00e3o em Engenharia de Seguran\u00e7a do Trabalho\" data-balloon-pos=\"up\">Engenheiro em Seguran\u00e7a do Trabalho<\/span><\/td>\r\n<td class=\"cvagas\">01 + CR<\/td>\r\n<td class=\"cremuneracao\">R$ 4.608,41 \/40h<\/td>\r\n<\/tr><tr>\r\n<td class=\"ccargos\">\r\n<span data-balloon-length=\"medium\" aria-label=\"Superior em Enfermagem com registro em entidade de classe\" data-balloon-pos=\"up\">Enfermeiro<\/span><\/td>\r\n<td class=\"cvagas\">02 + CR<\/td>\r\n<td class=\"cremuneracao\">R$ 4.608,41 \/40h<\/td>\r\n<\/tr><tr>\r\n<td class=\"ccargos\">\r\n<span data-balloon-length=\"medium\" aria-label=\"Superior em Odontologia com registro em entidade de classe\" data-balloon-pos=\"up\">Dentista ESF<\/span><\/td>\r\n<td class=\"cvagas\">04 + CR<\/td>\r\n<td class=\"cremuneracao\">R$ 4.608,41 \/40h<\/td>\r\n<\/tr>\r\n    <\/tbody>\r\n  <\/table>\r\n<\/div>"},"_links":{"self":[{"href":"https:\/\/www.agrobase.com.br\/concursos\/wp-json\/wp\/v2\/posts\/275143","targetHints":{"allow":["GET"]}}],"collection":[{"href":"https:\/\/www.agrobase.com.br\/concursos\/wp-json\/wp\/v2\/posts"}],"about":[{"href":"https:\/\/www.agrobase.com.br\/concursos\/wp-json\/wp\/v2\/types\/post"}],"author":[{"embeddable":true,"href":"https:\/\/www.agrobase.com.br\/concursos\/wp-json\/wp\/v2\/users\/5229"}],"replies":[{"embeddable":true,"href":"https:\/\/www.agrobase.com.br\/concursos\/wp-json\/wp\/v2\/comments?post=275143"}],"version-history":[{"count":3,"href":"https:\/\/www.agrobase.com.br\/concursos\/wp-json\/wp\/v2\/posts\/275143\/revisions"}],"predecessor-version":[{"id":275197,"href":"https:\/\/www.agrobase.com.br\/concursos\/wp-json\/wp\/v2\/posts\/275143\/revisions\/275197"}],"wp:featuredmedia":[{"embeddable":true,"href":"https:\/\/www.agrobase.com.br\/concursos\/wp-json\/wp\/v2\/media\/275142"}],"wp:attachment":[{"href":"https:\/\/www.agrobase.com.br\/concursos\/wp-json\/wp\/v2\/media?parent=275143"}],"wp:term":[{"taxonomy":"category","embeddable":true,"href":"https:\/\/www.agrobase.com.br\/concursos\/wp-json\/wp\/v2\/categories?post=275143"},{"taxonomy":"post_tag","embeddable":true,"href":"https:\/\/www.agrobase.com.br\/concursos\/wp-json\/wp\/v2\/tags?post=275143"},{"taxonomy":"_amplo","embeddable":true,"href":"https:\/\/www.agrobase.com.br\/concursos\/wp-json\/wp\/v2\/_amplo?post=275143"},{"taxonomy":"destaque","embeddable":true,"href":"https:\/\/www.agrobase.com.br\/concursos\/wp-json\/wp\/v2\/destaque?post=275143"},{"taxonomy":"instituicoes","embeddable":true,"href":"https:\/\/www.agrobase.com.br\/concursos\/wp-json\/wp\/v2\/instituicoes?post=275143"}],"curies":[{"name":"wp","href":"https:\/\/api.w.org\/{rel}","templated":true}]}}