{"id":275071,"date":"2025-12-11T07:35:25","date_gmt":"2025-12-11T10:35:25","guid":{"rendered":"https:\/\/www.agrobase.com.br\/concursos\/?p=275071"},"modified":"2025-12-10T18:13:43","modified_gmt":"2025-12-10T21:13:43","slug":"prefeitura-carmopolis-de-minas-mg-selecao-simplificada-01-2025","status":"publish","type":"post","link":"https:\/\/www.agrobase.com.br\/concursos\/2025\/prefeitura-carmopolis-de-minas-mg-selecao-simplificada-01-2025\/","title":{"rendered":"Prefeitura Carm\u00f3polis de Minas (MG) &#8211; Sele\u00e7\u00e3o Simplificada 01\/2025"},"content":{"rendered":"<h2>Informa\u00e7\u00f5es Gerais<\/h2>\n<p>O Munic\u00edpio de Carm\u00f3polis de Minas, em Minas Gerais, em parceria com o Instituto Brasileiro de Gest\u00e3o e Pesquisa (IBGP), abriu o <strong>Processo Seletivo Simplificado \u2013 Edital n\u00ba 01\/2025<\/strong>, destinado \u00e0 contrata\u00e7\u00e3o tempor\u00e1ria de profissionais para a Secretaria de Educa\u00e7\u00e3o. O certame oferece <strong>23 vagas imediatas<\/strong>, al\u00e9m de forma\u00e7\u00e3o de cadastro reserva.<\/p>\n<p>As oportunidades contemplam candidatos com <strong>n\u00edvel m\u00e9dio<\/strong> (com habilita\u00e7\u00e3o em Magist\u00e9rio) e <strong>n\u00edvel superior<\/strong>, abrangendo fun\u00e7\u00f5es na \u00e1rea de educa\u00e7\u00e3o b\u00e1sica, apoio pedag\u00f3gico e assist\u00eancia multidisciplinar. Os contratados estar\u00e3o vinculados ao <strong>Regime Geral de Previd\u00eancia Social (RGPS\/INSS)<\/strong>, por meio de contrato administrativo por tempo determinado.<\/p>\n<p>Entre os cargos dispon\u00edveis, destaca-se a fun\u00e7\u00e3o de <strong>Nutricionista da Educa\u00e7\u00e3o<\/strong>, voltada a profissionais da \u00e1rea de Nutri\u00e7\u00e3o \u2014 uma das especialidades de interesse do nosso portal. As remunera\u00e7\u00f5es variam de <strong>R$ 2.920,66 a R$ 3.650,83<\/strong>, com cargas hor\u00e1rias de 24 a 30 horas semanais.<\/p>\n<p>Continue a leitura para conferir os detalhes sobre inscri\u00e7\u00f5es, etapas do processo seletivo e cronograma de resultados.<\/p>\n<h2>Inscri\u00e7\u00f5es<\/h2>\n<p>As inscri\u00e7\u00f5es para o Processo Seletivo Simplificado de Carm\u00f3polis de Minas\/MG est\u00e3o <strong>abertas<\/strong> e devem ser realizadas exclusivamente pela internet, no site <strong>www.ibgpconcursos.com.br<\/strong>, no per\u00edodo de <strong>11 de dezembro de 2025 (a partir das 9h) at\u00e9 18 de dezembro de 2025 (\u00e0s 16h)<\/strong>.<\/p>\n<p>Os valores das taxas de inscri\u00e7\u00e3o s\u00e3o:<\/p>\n<ul>\n<li><strong>N\u00edvel M\u00e9dio:<\/strong> R$ 80,00<\/li>\n<li><strong>N\u00edvel Superior:<\/strong> R$ 100,00<\/li>\n<\/ul>\n<p>O pagamento deve ser efetuado por meio de boleto banc\u00e1rio at\u00e9 o dia <strong>18\/12\/2025<\/strong>, respeitando os hor\u00e1rios de funcionamento das institui\u00e7\u00f5es banc\u00e1rias. N\u00e3o ser\u00e3o aceitos pagamentos via PIX, transfer\u00eancia, dep\u00f3sito ou cheque.<\/p>\n<p>Ap\u00f3s a emiss\u00e3o do boleto, \u00e9 necess\u00e1rio aguardar no m\u00ednimo <strong>2 horas<\/strong> antes de efetuar o pagamento, conforme exig\u00eancia da FEBRABAN para valida\u00e7\u00e3o do c\u00f3digo de barras. A reimpress\u00e3o do boleto (2\u00aa via) estar\u00e1 dispon\u00edvel at\u00e9 \u00e0s 17h do \u00faltimo dia de inscri\u00e7\u00e3o.<\/p>\n<p>O candidato poder\u00e1 se inscrever em mais de um cargo, desde que as provas sejam aplicadas em hor\u00e1rios distintos. Caso realize m\u00faltiplas inscri\u00e7\u00f5es para o mesmo cargo, ser\u00e1 considerada v\u00e1lida apenas a \u00faltima inscri\u00e7\u00e3o efetuada.<\/p>\n<p>O edital n\u00e3o menciona procedimentos espec\u00edficos para isen\u00e7\u00e3o da taxa de inscri\u00e7\u00e3o neste certame.<\/p>\n<p>A confirma\u00e7\u00e3o das inscri\u00e7\u00f5es deferidas ser\u00e1 divulgada no site do IBGP at\u00e9 o dia <strong>19\/12\/2025<\/strong>. Recomenda-se que o candidato acompanhe sua situa\u00e7\u00e3o na <strong>\u00c1rea do Candidato<\/strong> e guarde o comprovante de pagamento do boleto.<\/p>\n<p>Para informa\u00e7\u00f5es completas sobre documenta\u00e7\u00e3o, requisitos e demais regras, consulte o edital na \u00edntegra.<\/p>\n<h2>Etapas e Provas<\/h2>\n<p>O Processo Seletivo Simplificado de Carm\u00f3polis de Minas\/MG ser\u00e1 composto por at\u00e9 tr\u00eas etapas, conforme o cargo e a condi\u00e7\u00e3o de inscri\u00e7\u00e3o do candidato:<\/p>\n<p><strong>1\u00aa Etapa \u2013 Prova Objetiva de M\u00faltipla Escolha<\/strong><\/p>\n<ul>\n<li><strong>Car\u00e1ter:<\/strong> Eliminat\u00f3rio e Classificat\u00f3rio<\/li>\n<li><strong>Aplic\u00e1vel a:<\/strong> Todos os cargos<\/li>\n<li><strong>Formato:<\/strong> Quest\u00f5es de m\u00faltipla escolha com 4 alternativas cada<\/li>\n<li><strong>Dura\u00e7\u00e3o:<\/strong> 3 horas<\/li>\n<li><strong>Data prevista:<\/strong> 28\/12\/2025 (domingo), nos turnos da manh\u00e3 e da tarde<\/li>\n<\/ul>\n<p>As disciplinas cobradas variam conforme o n\u00edvel de escolaridade:<\/p>\n<ul>\n<li><strong>N\u00edvel M\u00e9dio:<\/strong> Portugu\u00eas, Racioc\u00ednio L\u00f3gico e Conhecimentos Espec\u00edficos (25 quest\u00f5es)<\/li>\n<li><strong>N\u00edvel Superior:<\/strong> Portugu\u00eas, Racioc\u00ednio L\u00f3gico, No\u00e7\u00f5es de Inform\u00e1tica e Conhecimentos Espec\u00edficos (30 quest\u00f5es)<\/li>\n<\/ul>\n<p>Ser\u00e1 aprovado o candidato que obtiver, no m\u00ednimo, <strong>50% da maior nota obtida no cargo<\/strong>.<\/p>\n<p><strong>2\u00aa Etapa \u2013 Prova de T\u00edtulos<\/strong><\/p>\n<ul>\n<li><strong>Car\u00e1ter:<\/strong> Classificat\u00f3rio<\/li>\n<li><strong>Aplic\u00e1vel a:<\/strong> Todos os cargos<\/li>\n<li><strong>Pontua\u00e7\u00e3o m\u00e1xima:<\/strong> 10 pontos (5 pontos para forma\u00e7\u00e3o acad\u00eamica e 5 pontos para experi\u00eancia profissional)<\/li>\n<\/ul>\n<p>Os documentos devem ser enviados por upload durante o per\u00edodo de inscri\u00e7\u00e3o, em arquivo \u00fanico no formato PDF. Ser\u00e3o pontuados t\u00edtulos de p\u00f3s-gradua\u00e7\u00e3o (especializa\u00e7\u00e3o, mestrado e doutorado) e experi\u00eancia profissional comprovada na \u00e1rea do cargo.<\/p>\n<p><strong>3\u00aa Etapa \u2013 Procedimento de Heteroidentifica\u00e7\u00e3o<\/strong><\/p>\n<ul>\n<li><strong>Car\u00e1ter:<\/strong> Deferido ou Indeferido<\/li>\n<li><strong>Aplic\u00e1vel a:<\/strong> Candidatos autodeclarados pretos, pardos, ind\u00edgenas ou quilombolas<\/li>\n<\/ul>\n<p>Para informa\u00e7\u00f5es detalhadas sobre conte\u00fado program\u00e1tico, crit\u00e9rios de pontua\u00e7\u00e3o e cronograma completo, consulte o edital oficial.<\/p>\n<h2>Resultados e Gabarito<\/h2>\n<p>O cronograma de divulga\u00e7\u00e3o dos resultados do Processo Seletivo Simplificado de Carm\u00f3polis de Minas\/MG seguir\u00e1 as etapas previstas no edital, com publica\u00e7\u00f5es nos sites <strong>www.ibgpconcursos.com.br<\/strong> e <strong>www.carmopolisdeminas.mg.gov.br<\/strong>.<\/p>\n<p>Os gabaritos preliminares e definitivos, bem como os resultados preliminares e definitivos de cada etapa, ser\u00e3o disponibilizados conforme cronograma a ser divulgado pela banca organizadora. Os candidatos poder\u00e3o consultar suas notas individuais na <strong>\u00c1rea do Candidato<\/strong> do site do IBGP.<\/p>\n<p><strong>Crit\u00e9rios de classifica\u00e7\u00e3o e desempate:<\/strong><\/p>\n<p>A classifica\u00e7\u00e3o final ser\u00e1 definida pela soma dos pontos obtidos na Prova Objetiva e na Prova de T\u00edtulos. Em caso de empate, ser\u00e3o aplicados os seguintes crit\u00e9rios, nesta ordem:<\/p>\n<ul>\n<li>Idade igual ou superior a 60 anos (Estatuto do Idoso)<\/li>\n<li>Maior pontua\u00e7\u00e3o em Conhecimentos Espec\u00edficos<\/li>\n<li>Maior pontua\u00e7\u00e3o em L\u00edngua Portuguesa<\/li>\n<li>Maior pontua\u00e7\u00e3o em Racioc\u00ednio L\u00f3gico<\/li>\n<li>Maior pontua\u00e7\u00e3o em No\u00e7\u00f5es de Inform\u00e1tica (quando aplic\u00e1vel)<\/li>\n<li>Ter exercido fun\u00e7\u00e3o de jurado<\/li>\n<li>Maior idade<\/li>\n<\/ul>\n<p>Persistindo o empate, ser\u00e1 realizado sorteio p\u00fablico.<\/p>\n<p><strong>Homologa\u00e7\u00e3o:<\/strong><\/p>\n<p>O resultado final ser\u00e1 homologado por ato do Prefeito Municipal de Carm\u00f3polis de Minas e publicado no Quadro de Avisos da Prefeitura e nos sites oficiais. A homologa\u00e7\u00e3o n\u00e3o admite recurso.<\/p>\n<p><strong>Convoca\u00e7\u00e3o:<\/strong><\/p>\n<p>Ap\u00f3s a homologa\u00e7\u00e3o, os candidatos aprovados dever\u00e3o acompanhar os atos convocat\u00f3rios exclusivamente pelos canais oficiais da Prefeitura.<\/p>\n<p>O acompanhamento de todas as publica\u00e7\u00f5es oficiais \u2014 incluindo gabaritos, resultados, convoca\u00e7\u00f5es e eventuais retifica\u00e7\u00f5es \u2014 \u00e9 de <strong>responsabilidade exclusiva do candidato<\/strong>. Recomenda-se consultar regularmente o site da banca organizadora e o Di\u00e1rio Oficial do Munic\u00edpio.<\/p>\n","protected":false},"excerpt":{"rendered":"<p>Sel. Simplificada Pref. Carm\u00f3polis de Minas (MG) com edital publicado! Vagas p\/ Professor e Secret\u00e1rio (M\u00e9dio\/Sup.). Inscri\u00e7\u00f5es a partir de 11\/12. Confira!<\/p>\n","protected":false},"author":5229,"featured_media":275070,"comment_status":"open","ping_status":"open","sticky":false,"template":"","format":"standard","meta":{"_acf_changed":false,"_breakdance_hide_in_design_set":false,"_breakdance_tags":"","footnotes":""},"categories":[141,111,20,23,25,26,101],"tags":[50],"_amplo":[],"destaque":[],"instituicoes":[],"class_list":["post-275071","post","type-post","status-publish","format-standard","has-post-thumbnail","hentry","category-educacao-artistica","category-geografia","category-letras","category-nutricao","category-pedagogia","category-psicologia","category-servico-social","tag-minas-gerais"],"acf":{"_tipo_vagas":"vagas","_numero_vagas":"","_quadro_vagas":"","_cargos":"diversos","_cargos_especificos":"","_salario_max":"R$ 3650.83","_abertura":"20251211","_encerramento":"20251218","_inscricoes":"https:\/\/www.ibgpconcursos.com.br","_executora_concurso":"","_instituicao_concurso":[],"_link_adicional":null,"_anexos":null,"_produtos":null,"_vagas":"23 vagas + CR","_salario_min":"R$ 2920.66","_instituicao":"Prefeitura Carm\u00f3polis de Minas","_edital":"https:\/\/www.agrobase.com.br\/concursos\/wp-content\/uploads\/sites\/4\/2025\/12\/edital-01-2025-prefeitura-carmopolis-de-minas-mg.pdf","_anexos_edital":"","_fund_incompleto":"","_fund_completo":"","_medio":"<div>\r\n<table class=\"quadro\">\r\n<thead>\r\n<tr>\r\n<th class=\"hcargo\">Cargo<\/th>\r\n<th class=\"hvagas\">Vagas<\/th>\r\n<th class=\"hremuneracao\">Remunera\u00e7\u00e3o<\/th>\r\n<\/tr>\r\n<\/thead>\r\n    <tbody>\r\n      <td class=\"ccargos\">\r\n<span data-balloon-length=\"medium\" aria-label=\"Ensino M\u00e9dio Completo com Magist\u00e9rio\" data-balloon-pos=\"up\">PROFESSOR EDUCA\u00c7\u00c3O B\u00c1SICA \u2013 EDUCA\u00c7\u00c3O INFANTIL \u2013 AO 5\u00b0 ANO<\/span><\/td>\r\n<td class=\"cvagas\">09<\/td>\r\n<td class=\"cremuneracao\">R$ 2.920,66 \/24h<\/td>\r\n<\/tr><td class=\"ccargos\">\r\n<span data-balloon-length=\"medium\" aria-label=\"Ensino M\u00e9dio Completo\/Magist\u00e9rio\" data-balloon-pos=\"up\">PROFESSOR DE EDUCA\u00c7\u00c3O INFANTIL\/CRECHE I -PROFESSOR CRECHE I<\/span><\/td>\r\n<td class=\"cvagas\">04<\/td>\r\n<td class=\"cremuneracao\">R$ 2.920,66 \/24h<\/td>\r\n<\/tr><td class=\"ccargos\">\r\n<span data-balloon-length=\"medium\" aria-label=\"Ensino M\u00e9dio Completo\/Magist\u00e9rio e Dom\u00ednio do pacote Office (TI)\" data-balloon-pos=\"up\">SECRET\u00c1RIO ESCOLAR<\/span><\/td>\r\n<td class=\"cvagas\">01<\/td>\r\n<td class=\"cremuneracao\">R$ 3.650,83 \/30h<\/td>\r\n<\/tr>\r\n    <\/tbody>\r\n  <\/table>\r\n<\/div>","_superior":"<div>\r\n<table class=\"quadro\">\r\n<thead>\r\n<tr>\r\n<th class=\"hcargo\">Cargo<\/th>\r\n<th class=\"hvagas\">Vagas<\/th>\r\n<th class=\"hremuneracao\">Remunera\u00e7\u00e3o<\/th>\r\n<\/tr>\r\n<\/thead>\r\n    <tbody>\r\n      <tr>\r\n<td class=\"ccargos\">\r\n<span data-balloon-length=\"medium\" aria-label=\"N\u00edvel Superior em Servi\u00e7o Social\" data-balloon-pos=\"up\">ASSISTENTE SOCIAL DA EDUCA\u00c7\u00c3O<\/span><\/td>\r\n<td class=\"cvagas\">01<\/td>\r\n<td class=\"cremuneracao\">R$ 3.487,99 \/30h<\/td>\r\n<\/tr><tr>\r\n<td class=\"ccargos\">\r\n<span data-balloon-length=\"medium\" aria-label=\"Pedagogia\/Normal Superior ou Outra Licenciatura Plena\" data-balloon-pos=\"up\">PROFESSOR DA EDUCA\u00c7\u00c3O B\u00c1SICA (6\u00b0 AO 9\u00ba ANO) \u2013 ARTES<\/span><\/td>\r\n<td class=\"cvagas\">01<\/td>\r\n<td class=\"cremuneracao\">R$ 3.487,73 \/24h<\/td>\r\n<\/tr><tr>\r\n<td class=\"ccargos\">\r\n<span data-balloon-length=\"medium\" aria-label=\"Ensino Superior Completo na \u00c1rea de Atua\u00e7\u00e3o\" data-balloon-pos=\"up\">PROFESSOR DA EDUCA\u00c7\u00c3O B\u00c1SICA (6\u00b0 AO 9\u00ba ANO) \u2013 ENSINO RELIGIOSO<\/span><\/td>\r\n<td class=\"cvagas\">01<\/td>\r\n<td class=\"cremuneracao\">R$ 3.487,73 \/24h<\/td>\r\n<\/tr><tr>\r\n<td class=\"ccargos\">\r\n<span data-balloon-length=\"medium\" aria-label=\"Ensino Superior Completo na \u00c1rea de Atua\u00e7\u00e3o\" data-balloon-pos=\"up\">PROFESSOR DA EDUCA\u00c7\u00c3O B\u00c1SICA (6\u00b0 AO 9\u00ba ANO) - GEOGRAFIA<\/span><\/td>\r\n<td class=\"cvagas\">01<\/td>\r\n<td class=\"cremuneracao\">R$ 3.487,73 \/24h<\/td>\r\n<\/tr><tr>\r\n<td class=\"ccargos\">\r\n<span data-balloon-length=\"medium\" aria-label=\"Ensino Superior Completo na \u00c1rea de Atua\u00e7\u00e3o\" data-balloon-pos=\"up\">PROFESSOR DA EDUCA\u00c7\u00c3O B\u00c1SICA (6\u00b0 AO 9\u00ba ANO) - LINGUA PORTUGUESA<\/span><\/td>\r\n<td class=\"cvagas\">CR<\/td>\r\n<td class=\"cremuneracao\">R$ 3.487,73 \/24h<\/td>\r\n<\/tr><tr>\r\n<td class=\"ccargos\">\r\n<span data-balloon-length=\"medium\" aria-label=\"Ensino Superior Completo com Registro no Conselho Regional de Nutricionista (CRN)\" data-balloon-pos=\"up\">NUTRICIONISTA DA EDUCA\u00c7\u00c3O<\/span><\/td>\r\n<td class=\"cvagas\">CR<\/td>\r\n<td class=\"cremuneracao\">R$ 3.487,73 \/30h<\/td>\r\n<\/tr><tr>\r\n<td class=\"ccargos\">\r\n<span data-balloon-length=\"medium\" aria-label=\"Ensino Superior Completo\" data-balloon-pos=\"up\">PSIC\u00d3LOGO DA EDUCA\u00c7\u00c3O<\/span><\/td>\r\n<td class=\"cvagas\">01<\/td>\r\n<td class=\"cremuneracao\">R$ 3.487,73 \/30h<\/td>\r\n<\/tr><tr>\r\n<td class=\"ccargos\">\r\n<span data-balloon-length=\"medium\" aria-label=\"Superior Completo em Licenciatura, com habilita\u00e7\u00e3o em Supervis\u00e3o Pedag\u00f3gica.\" data-balloon-pos=\"up\">SUPERVISOR PEDAG\u00d3GICO<\/span><\/td>\r\n<td class=\"cvagas\">04<\/td>\r\n<td class=\"cremuneracao\">R$ 3.487,73 \/30h<\/td>\r\n<\/tr>\r\n    <\/tbody>\r\n  <\/table>\r\n<\/div>"},"_links":{"self":[{"href":"https:\/\/www.agrobase.com.br\/concursos\/wp-json\/wp\/v2\/posts\/275071","targetHints":{"allow":["GET"]}}],"collection":[{"href":"https:\/\/www.agrobase.com.br\/concursos\/wp-json\/wp\/v2\/posts"}],"about":[{"href":"https:\/\/www.agrobase.com.br\/concursos\/wp-json\/wp\/v2\/types\/post"}],"author":[{"embeddable":true,"href":"https:\/\/www.agrobase.com.br\/concursos\/wp-json\/wp\/v2\/users\/5229"}],"replies":[{"embeddable":true,"href":"https:\/\/www.agrobase.com.br\/concursos\/wp-json\/wp\/v2\/comments?post=275071"}],"version-history":[{"count":2,"href":"https:\/\/www.agrobase.com.br\/concursos\/wp-json\/wp\/v2\/posts\/275071\/revisions"}],"predecessor-version":[{"id":275097,"href":"https:\/\/www.agrobase.com.br\/concursos\/wp-json\/wp\/v2\/posts\/275071\/revisions\/275097"}],"wp:featuredmedia":[{"embeddable":true,"href":"https:\/\/www.agrobase.com.br\/concursos\/wp-json\/wp\/v2\/media\/275070"}],"wp:attachment":[{"href":"https:\/\/www.agrobase.com.br\/concursos\/wp-json\/wp\/v2\/media?parent=275071"}],"wp:term":[{"taxonomy":"category","embeddable":true,"href":"https:\/\/www.agrobase.com.br\/concursos\/wp-json\/wp\/v2\/categories?post=275071"},{"taxonomy":"post_tag","embeddable":true,"href":"https:\/\/www.agrobase.com.br\/concursos\/wp-json\/wp\/v2\/tags?post=275071"},{"taxonomy":"_amplo","embeddable":true,"href":"https:\/\/www.agrobase.com.br\/concursos\/wp-json\/wp\/v2\/_amplo?post=275071"},{"taxonomy":"destaque","embeddable":true,"href":"https:\/\/www.agrobase.com.br\/concursos\/wp-json\/wp\/v2\/destaque?post=275071"},{"taxonomy":"instituicoes","embeddable":true,"href":"https:\/\/www.agrobase.com.br\/concursos\/wp-json\/wp\/v2\/instituicoes?post=275071"}],"curies":[{"name":"wp","href":"https:\/\/api.w.org\/{rel}","templated":true}]}}