{"id":275066,"date":"2025-12-11T07:40:29","date_gmt":"2025-12-11T10:40:29","guid":{"rendered":"https:\/\/www.agrobase.com.br\/concursos\/?p=275066"},"modified":"2025-12-10T18:14:47","modified_gmt":"2025-12-10T21:14:47","slug":"prefeitura-angelina-sc-concurso-01-2025","status":"publish","type":"post","link":"https:\/\/www.agrobase.com.br\/concursos\/2025\/prefeitura-angelina-sc-concurso-01-2025\/","title":{"rendered":"Prefeitura Angelina (SC) &#8211; Concurso 01\/2025"},"content":{"rendered":"<h2>Informa\u00e7\u00f5es Gerais<\/h2>\n<p>O <strong>Concurso P\u00fablico da Prefeitura Municipal de Angelina<\/strong>, em Santa Catarina, est\u00e1 com edital publicado para preenchimento de <strong>33 vagas imediatas<\/strong>, al\u00e9m de forma\u00e7\u00e3o de cadastro de reserva para o quadro efetivo do Executivo Municipal. O certame \u00e9 organizado pela banca <strong>WE DO Concursos<\/strong> e contempla oportunidades para candidatos de todos os n\u00edveis de escolaridade: fundamental incompleto, m\u00e9dio\/t\u00e9cnico e superior.<\/p>\n<p>O regime de contrata\u00e7\u00e3o ser\u00e1 <strong>estatut\u00e1rio<\/strong> para a maioria dos cargos, com exce\u00e7\u00e3o do cargo de Agente Comunit\u00e1rio de Sa\u00fade, que seguir\u00e1 o regime <strong>celetista (CLT)<\/strong>. As remunera\u00e7\u00f5es variam de <strong>R$ 1.723,04 a R$ 7.105,34<\/strong>, com jornadas de trabalho entre 8 e 40 horas semanais, conforme o cargo.<\/p>\n<p>As vagas abrangem diversas \u00e1reas, incluindo sa\u00fade, educa\u00e7\u00e3o, assist\u00eancia social, servi\u00e7os operacionais e administrativos. <strong>Destaque especial para a \u00e1rea de interesse do site:<\/strong> h\u00e1 vaga para <strong>M\u00e9dico Veterin\u00e1rio<\/strong> e <strong>Nutricionista<\/strong>, ambos de n\u00edvel superior, com remunera\u00e7\u00f5es de R$ 5.329,01 e R$ 3.552,69, respectivamente.<\/p>\n<p>Continue a leitura para conhecer os detalhes sobre inscri\u00e7\u00f5es, etapas do processo seletivo e como acompanhar os resultados.<\/p>\n<h2>Inscri\u00e7\u00f5es<\/h2>\n<p>As inscri\u00e7\u00f5es para o Concurso P\u00fablico da Prefeitura de Angelina est\u00e3o <strong>abertas<\/strong> e devem ser realizadas exclusivamente pela internet, no site da banca organizadora.<\/p>\n<p><strong>Per\u00edodo de inscri\u00e7\u00f5es:<\/strong><\/p>\n<ul>\n<li><strong>In\u00edcio:<\/strong> 26 de novembro de 2025, \u00e0s 14h<\/li>\n<li><strong>Encerramento:<\/strong> 22 de dezembro de 2025, \u00e0s 14h<\/li>\n<\/ul>\n<p><strong>Taxa de inscri\u00e7\u00e3o:<\/strong> R$ 80,00 (oitenta reais), valor \u00fanico para todos os cargos.<\/p>\n<p><strong>Como se inscrever:<\/strong><\/p>\n<ul>\n<li>Acesse o site <a href=\"https:\/\/www.wedoconcursos.com.br\" target=\"_blank\" rel=\"noopener\">www.wedoconcursos.com.br<\/a><\/li>\n<li>Localize o concurso do Munic\u00edpio de Angelina na aba &#8220;Em andamento&#8221;<\/li>\n<li>Leia o edital completo antes de prosseguir<\/li>\n<li>Preencha o formul\u00e1rio de inscri\u00e7\u00e3o com seus dados e escolha o cargo desejado<\/li>\n<li>Gere o boleto banc\u00e1rio e efetue o pagamento at\u00e9 <strong>22 de dezembro de 2025<\/strong><\/li>\n<\/ul>\n<p><strong>Aten\u00e7\u00e3o:<\/strong> N\u00e3o ser\u00e3o aceitos pagamentos via dep\u00f3sito em conta ou PIX. O pagamento realizado no \u00faltimo dia que resulte em processamento posterior \u00e0 data limite n\u00e3o ser\u00e1 homologado.<\/p>\n<p><strong>Isen\u00e7\u00e3o da taxa:<\/strong> Os candidatos que desejarem solicitar isen\u00e7\u00e3o devem faz\u00ea-lo no per\u00edodo de <strong>26 de novembro a 02 de dezembro de 2025<\/strong>, conforme crit\u00e9rios estabelecidos no edital.<\/p>\n<p>Ap\u00f3s a inscri\u00e7\u00e3o, acompanhe o status da homologa\u00e7\u00e3o e demais informa\u00e7\u00f5es atrav\u00e9s da <strong>\u00c1rea do Candidato<\/strong> no site da banca. Recomenda-se a leitura integral do edital para conhecer todos os procedimentos, documentos necess\u00e1rios e regras espec\u00edficas.<\/p>\n<h2>Etapas e Provas<\/h2>\n<p>O Concurso P\u00fablico da Prefeitura de Angelina ser\u00e1 composto por at\u00e9 tr\u00eas etapas, conforme o cargo escolhido:<\/p>\n<p><strong>1. Prova Objetiva<\/strong><\/p>\n<ul>\n<li><strong>Car\u00e1ter:<\/strong> Eliminat\u00f3rio e classificat\u00f3rio<\/li>\n<li><strong>Aplica\u00e7\u00e3o:<\/strong> Todos os cargos<\/li>\n<li><strong>Formato:<\/strong> Quest\u00f5es de m\u00faltipla escolha com 4 alternativas (A, B, C, D)<\/li>\n<li><strong>Dura\u00e7\u00e3o:<\/strong> 2 horas<\/li>\n<li><strong>Disciplinas:<\/strong> L\u00edngua Portuguesa, Conhecimentos Gerais e Atualidades, Legisla\u00e7\u00e3o, Conhecimentos Aplicados na \u00c1rea P\u00fablica e Conhecimentos Espec\u00edficos (conforme o cargo)<\/li>\n<li><strong>Crit\u00e9rio de aprova\u00e7\u00e3o:<\/strong> Obter no m\u00ednimo 25% da nota total e n\u00e3o zerar em Conhecimentos Espec\u00edficos<\/li>\n<li><strong>Data prov\u00e1vel:<\/strong> 04 de janeiro de 2026<\/li>\n<li><strong>Local:<\/strong> Preferencialmente em Angelina\/SC (a confirmar no ato de convoca\u00e7\u00e3o)<\/li>\n<\/ul>\n<p><strong>2. Prova de T\u00edtulos<\/strong><\/p>\n<ul>\n<li><strong>Car\u00e1ter:<\/strong> Exclusivamente classificat\u00f3rio<\/li>\n<li><strong>Aplica\u00e7\u00e3o:<\/strong> Professor de Educa\u00e7\u00e3o F\u00edsica, Professor de Artes, Professor Pedagogo e Especialista em Educa\u00e7\u00e3o<\/li>\n<li><strong>Formato:<\/strong> Avalia\u00e7\u00e3o de diplomas e certificados enviados eletronicamente<\/li>\n<li><strong>Per\u00edodo de envio:<\/strong> 26 de novembro a 22 de dezembro de 2025, pela \u00c1rea do Candidato<\/li>\n<\/ul>\n<p><strong>3. Prova Pr\u00e1tica<\/strong><\/p>\n<ul>\n<li><strong>Car\u00e1ter:<\/strong> Eliminat\u00f3rio e classificat\u00f3rio<\/li>\n<li><strong>Aplica\u00e7\u00e3o:<\/strong> Agente Operacional e Motorista<\/li>\n<li><strong>Formato:<\/strong> Demonstra\u00e7\u00e3o pr\u00e1tica de habilidades t\u00e9cnicas com ve\u00edculos e\/ou equipamentos<\/li>\n<li><strong>Pontua\u00e7\u00e3o:<\/strong> 0 a 60 pontos (m\u00ednimo de 30 pontos para aprova\u00e7\u00e3o)<\/li>\n<li><strong>Requisito:<\/strong> Apresentar CNH v\u00e1lida categoria &#8220;D&#8221; no dia da prova<\/li>\n<li><strong>Data:<\/strong> Mesmo dia da prova objetiva (04\/01\/2026)<\/li>\n<\/ul>\n<p>A rela\u00e7\u00e3o dos ve\u00edculos utilizados na prova pr\u00e1tica ser\u00e1 divulgada at\u00e9 30 de dezembro de 2025. Consulte o edital completo para informa\u00e7\u00f5es detalhadas sobre conte\u00fado program\u00e1tico, crit\u00e9rios de avalia\u00e7\u00e3o e regras espec\u00edficas de cada etapa.<\/p>\n<h2>Resultados e Gabarito<\/h2>\n<p><strong>Gabaritos:<\/strong><\/p>\n<ul>\n<li><strong>Gabarito provis\u00f3rio:<\/strong> 05 de janeiro de 2026, at\u00e9 \u00e0s 13h30<\/li>\n<li><strong>Prazo para recursos:<\/strong> 05 a 07 de janeiro de 2026<\/li>\n<li><strong>Gabarito oficial:<\/strong> At\u00e9 09 de janeiro de 2026<\/li>\n<\/ul>\n<p><strong>Resultados das etapas:<\/strong><\/p>\n<ul>\n<li><strong>Notas da prova pr\u00e1tica e de t\u00edtulos:<\/strong> 06 de janeiro de 2026, at\u00e9 \u00e0s 13h30<\/li>\n<li><strong>Classifica\u00e7\u00e3o provis\u00f3ria:<\/strong> At\u00e9 09 de janeiro de 2026<\/li>\n<li><strong>Classifica\u00e7\u00e3o final:<\/strong> At\u00e9 14 de janeiro de 2026, ap\u00f3s an\u00e1lise de recursos<\/li>\n<\/ul>\n<p><strong>Crit\u00e9rios de desempate (em ordem de aplica\u00e7\u00e3o):<\/strong><\/p>\n<ul>\n<li>Candidatos com 60 anos ou mais (Estatuto da Pessoa Idosa)<\/li>\n<li>Maior n\u00famero de acertos em Conhecimentos Espec\u00edficos<\/li>\n<li>Maior n\u00famero de acertos em Legisla\u00e7\u00e3o<\/li>\n<li>Maior n\u00famero de acertos em Conhecimentos Aplicados na \u00c1rea P\u00fablica<\/li>\n<li>Maior n\u00famero de acertos em L\u00edngua Portuguesa<\/li>\n<li>Maior n\u00famero de acertos em Conhecimentos Gerais e Atualidades<\/li>\n<li>Maior nota na prova de t\u00edtulos<\/li>\n<li>Maior idade<\/li>\n<li>Exerc\u00edcio efetivo da fun\u00e7\u00e3o de jurado<\/li>\n<\/ul>\n<p><strong>Homologa\u00e7\u00e3o:<\/strong> Ap\u00f3s o encerramento de todas as etapas e recursos, ser\u00e1 publicada a homologa\u00e7\u00e3o final do concurso nos meios oficiais.<\/p>\n<p><strong>Convoca\u00e7\u00e3o:<\/strong> Os candidatos aprovados ser\u00e3o convocados por e-mail, telefone e\/ou WhatsApp, conforme dados informados na inscri\u00e7\u00e3o. A convoca\u00e7\u00e3o e admiss\u00e3o s\u00e3o de responsabilidade exclusiva da Prefeitura de Angelina.<\/p>\n<p><strong>Importante:<\/strong> O acompanhamento de todas as publica\u00e7\u00f5es oficiais no site da banca organizadora (<a href=\"https:\/\/www.wedoconcursos.com.br\" target=\"_blank\" rel=\"noopener\">www.wedoconcursos.com.br<\/a>) e no Di\u00e1rio Oficial \u00e9 de <strong>responsabilidade exclusiva do candidato<\/strong>. Mantenha seus dados cadastrais atualizados durante todo o per\u00edodo de validade do concurso.<\/p>\n","protected":false},"excerpt":{"rendered":"<p>Concurso Pref. Angelina (SC) com edital publicado! Vagas p\/ ACS, M\u00e9dico (Fund. a Sup.). Inscri\u00e7\u00f5es a partir de 26\/11. Sal\u00e1rios at\u00e9 R$ 7.1k. Confira detalhes!<\/p>\n","protected":false},"author":5229,"featured_media":275065,"comment_status":"open","ping_status":"open","sticky":false,"template":"","format":"standard","meta":{"_acf_changed":false,"_breakdance_hide_in_design_set":false,"_breakdance_tags":"","footnotes":""},"categories":[141,6434,12,17,18,19,21,22,23,24,25,26,101,108],"tags":[61],"_amplo":[],"destaque":[],"instituicoes":[],"class_list":["post-275066","post","type-post","status-publish","format-standard","has-post-thumbnail","hentry","category-educacao-artistica","category-educacao-fisica-licenciatura","category-enfermagem","category-farmacia","category-fisioterapia","category-fonoaudiologia","category-medicina","category-veterinaria","category-nutricao","category-odontologia","category-pedagogia","category-psicologia","category-servico-social","category-tecnico-enfermagem","tag-santa-catarina"],"acf":{"_tipo_vagas":"vagas","_numero_vagas":"","_quadro_vagas":"","_cargos":"diversos","_cargos_especificos":"","_salario_max":"R$ 7105.34","_abertura":"20251126","_encerramento":"20251222","_inscricoes":"https:\/\/www.wedoconcursos.com.br","_executora_concurso":"","_instituicao_concurso":[],"_link_adicional":null,"_anexos":null,"_produtos":null,"_vagas":"33 vagas + CR","_salario_min":"R$ 1723.04","_instituicao":"Prefeitura Angelina","_edital":"https:\/\/www.agrobase.com.br\/concursos\/wp-content\/uploads\/sites\/4\/2025\/12\/edital-01-2025-prefeitura-angelina-sc.pdf","_anexos_edital":"","_fund_incompleto":"<div>\r\n<table class=\"quadro\">\r\n<thead>\r\n<tr>\r\n<th class=\"hcargo\">Cargo<\/th>\r\n<th class=\"hvagas\">Vagas<\/th>\r\n<th class=\"hremuneracao\">Remunera\u00e7\u00e3o<\/th>\r\n<\/tr>\r\n<\/thead>\r\n    <tbody>\r\n      <td class=\"ccargos\">\r\n<span data-balloon-length=\"medium\" aria-label=\"S\u00e9ries Iniciais\" data-balloon-pos=\"up\">Auxiliar de Servi\u00e7os Gerais (Sede e Distrito Garcia)<\/span><\/td>\r\n<td class=\"cvagas\">1 + CR<\/td>\r\n<td class=\"cremuneracao\">R$ 1.723,04 \/40h<\/td>\r\n<\/tr><td class=\"ccargos\">\r\n<span data-balloon-length=\"medium\" aria-label=\"S\u00e9ries Iniciais\" data-balloon-pos=\"up\">Auxiliar de Servi\u00e7os Gerais (Distrito Barra Clara)<\/span><\/td>\r\n<td class=\"cvagas\">1 + CR<\/td>\r\n<td class=\"cremuneracao\">R$ 1.723,04 \/40h<\/td>\r\n<\/tr><td class=\"ccargos\">\r\n<span data-balloon-length=\"medium\" data-balloon-pos=\"up\">Agente Operacional<\/span><\/td>\r\n<td class=\"cvagas\">1 + CR<\/td>\r\n<td class=\"cremuneracao\">R$ 2.486,88 \/40h<\/td>\r\n<\/tr><td class=\"ccargos\">\r\n<span data-balloon-length=\"medium\" data-balloon-pos=\"up\">Motorista (Sede e Distrito Garcia)<\/span><\/td>\r\n<td class=\"cvagas\">1 + CR<\/td>\r\n<td class=\"cremuneracao\">R$ 2.309,23 \/40h<\/td>\r\n<\/tr><td class=\"ccargos\">\r\n<span data-balloon-length=\"medium\" data-balloon-pos=\"up\">Motorista (Distrito Barra clara)<\/span><\/td>\r\n<td class=\"cvagas\">1 + CR<\/td>\r\n<td class=\"cremuneracao\">R$ 2.309,23 \/40h<\/td>\r\n<\/tr><td class=\"ccargos\">\r\n<span data-balloon-length=\"medium\" aria-label=\"Ensino Fundamental incompleto\" data-balloon-pos=\"up\">Auxiliar de Manuten\u00e7\u00e3o e Conserva\u00e7\u00e3o I (Sede e Distrito Garcia)<\/span><\/td>\r\n<td class=\"cvagas\">1 + CR<\/td>\r\n<td class=\"cremuneracao\">R$ 2.113,86 \/40h<\/td>\r\n<\/tr><td class=\"ccargos\">\r\n<span data-balloon-length=\"medium\" aria-label=\"Ensino Fundamental incompleto\" data-balloon-pos=\"up\">Auxiliar de Manuten\u00e7\u00e3o e Conserva\u00e7\u00e3o I (Distrito Barra Clara)<\/span><\/td>\r\n<td class=\"cvagas\">1 + CR<\/td>\r\n<td class=\"cremuneracao\">R$ 2.113,86 \/40h<\/td>\r\n<\/tr>\r\n    <\/tbody>\r\n  <\/table>\r\n<\/div>","_fund_completo":"","_medio":"<div>\r\n<table class=\"quadro\">\r\n<thead>\r\n<tr>\r\n<th class=\"hcargo\">Cargo<\/th>\r\n<th class=\"hvagas\">Vagas<\/th>\r\n<th class=\"hremuneracao\">Remunera\u00e7\u00e3o<\/th>\r\n<\/tr>\r\n<\/thead>\r\n    <tbody>\r\n      <td class=\"ccargos\">\r\n<span data-balloon-length=\"medium\" aria-label=\"Ensino M\u00e9dio Completo\" data-balloon-pos=\"up\">Assistente Administrativo<\/span><\/td>\r\n<td class=\"cvagas\">1 + CR<\/td>\r\n<td class=\"cremuneracao\">R$ 3.019,76 \/40h<\/td>\r\n<\/tr><td class=\"ccargos\">\r\n<span data-balloon-length=\"medium\" aria-label=\"Ensino M\u00e9dio Completo\" data-balloon-pos=\"up\">Agente de Sa\u00fade P\u00fablica<\/span><\/td>\r\n<td class=\"cvagas\">1 + CR<\/td>\r\n<td class=\"cremuneracao\">R$ 2.131,59 \/40h<\/td>\r\n<\/tr><td class=\"ccargos\">\r\n<span data-balloon-length=\"medium\" aria-label=\"Ensino M\u00e9dio Completo\" data-balloon-pos=\"up\">Agente de Combate as Endemias<\/span><\/td>\r\n<td class=\"cvagas\">1 + CR<\/td>\r\n<td class=\"cremuneracao\">R$ 3.036,00 \/40h<\/td>\r\n<\/tr><td class=\"ccargos\">\r\n<span data-balloon-length=\"medium\" aria-label=\"Ensino M\u00e9dio Completo\" data-balloon-pos=\"up\">Vigilante Sanit\u00e1rio<\/span><\/td>\r\n<td class=\"cvagas\">1 + CR<\/td>\r\n<td class=\"cremuneracao\">R$ 2.842,12 \/40h<\/td>\r\n<\/tr><td class=\"ccargos\">\r\n<span data-balloon-length=\"medium\" aria-label=\"Ensino M\u00e9dio Completo e curso T\u00e9cnico em Enfermagem, com registro no \u00d3rg\u00e3o fiscalizador da profiss\u00e3o\" data-balloon-pos=\"up\">T\u00e9cnico de Enfermagem (Sede e Distrito Garcia)<\/span><\/td>\r\n<td class=\"cvagas\">1 + CR<\/td>\r\n<td class=\"cremuneracao\">R$ 2.842,12 \/40h<\/td>\r\n<\/tr><td class=\"ccargos\">\r\n<span data-balloon-length=\"medium\" aria-label=\"Ensino M\u00e9dio Completo e curso T\u00e9cnico em Enfermagem, com registro no \u00d3rg\u00e3o fiscalizador da profiss\u00e3o\" data-balloon-pos=\"up\">T\u00e9cnico de Enfermagem (Distrito Barra Clara)<\/span><\/td>\r\n<td class=\"cvagas\">1 + CR<\/td>\r\n<td class=\"cremuneracao\">R$ 2.842,12 \/40h<\/td>\r\n<\/tr><td class=\"ccargos\">\r\n<span data-balloon-length=\"medium\" aria-label=\"Ensino M\u00e9dio Completo e residir na \u00e1rea de abrang\u00eancia que ir\u00e1 atuar\" data-balloon-pos=\"up\">Agente Comunit\u00e1rio de Sa\u00fade PALHOCINHA, TERCEIRA LINHA E RIO DAS ANTAS<\/span><\/td>\r\n<td class=\"cvagas\">CR<\/td>\r\n<td class=\"cremuneracao\">R$ 3.036,00 \/40h<\/td>\r\n<\/tr><td class=\"ccargos\">\r\n<span data-balloon-length=\"medium\" aria-label=\"Ensino M\u00e9dio Completo e residir na \u00e1rea de abrang\u00eancia que ir\u00e1 atuar\" data-balloon-pos=\"up\">Agente Comunit\u00e1rio de Sa\u00fade BARRAGEM, MORRO MINEIRO E PALHEIROS<\/span><\/td>\r\n<td class=\"cvagas\">CR<\/td>\r\n<td class=\"cremuneracao\">R$ 3.036,00 \/40h<\/td>\r\n<\/tr><td class=\"ccargos\">\r\n<span data-balloon-length=\"medium\" aria-label=\"Ensino M\u00e9dio Completo e residir na \u00e1rea de abrang\u00eancia que ir\u00e1 atuar\" data-balloon-pos=\"up\">Agente Comunit\u00e1rio de Sa\u00fade BETANIA E QUARTA LINHA<\/span><\/td>\r\n<td class=\"cvagas\">CR<\/td>\r\n<td class=\"cremuneracao\">R$ 3.036,00 \/40h<\/td>\r\n<\/tr><td class=\"ccargos\">\r\n<span data-balloon-length=\"medium\" aria-label=\"Ensino M\u00e9dio Completo e residir na \u00e1rea de abrang\u00eancia que ir\u00e1 atuar\" data-balloon-pos=\"up\">Agente Comunit\u00e1rio de Sa\u00fade ALTO MATO GROSSO, MATO GROSSO E ALTO GARCIA<\/span><\/td>\r\n<td class=\"cvagas\">CR<\/td>\r\n<td class=\"cremuneracao\">R$ 3.036,00 \/40h<\/td>\r\n<\/tr><td class=\"ccargos\">\r\n<span data-balloon-length=\"medium\" aria-label=\"Ensino M\u00e9dio Completo e residir na \u00e1rea de abrang\u00eancia que ir\u00e1 atuar\" data-balloon-pos=\"up\">Agente Comunit\u00e1rio de Sa\u00fade CENTRO, VARGEM DOS PINHEIROS E LINHA DO CHAVES<\/span><\/td>\r\n<td class=\"cvagas\">CR<\/td>\r\n<td class=\"cremuneracao\">R$ 3.036,00 \/40h<\/td>\r\n<\/tr><td class=\"ccargos\">\r\n<span data-balloon-length=\"medium\" aria-label=\"Ensino M\u00e9dio Completo e residir na \u00e1rea de abrang\u00eancia que ir\u00e1 atuar\" data-balloon-pos=\"up\">Agente Comunit\u00e1rio de Sa\u00fade FARTURA, COQUEIRAL, RIO VEADO<\/span><\/td>\r\n<td class=\"cvagas\">CR<\/td>\r\n<td class=\"cremuneracao\">R$ 3.036,00 \/40h<\/td>\r\n<\/tr><td class=\"ccargos\">\r\n<span data-balloon-length=\"medium\" aria-label=\"Ensino M\u00e9dio Completo e residir na \u00e1rea de abrang\u00eancia que ir\u00e1 atuar\" data-balloon-pos=\"up\">Agente Comunit\u00e1rio de Sa\u00fade RANCHO DE TABOAS, RIO PEQUENO<\/span><\/td>\r\n<td class=\"cvagas\">CR<\/td>\r\n<td class=\"cremuneracao\">R$ 3.036,00 \/40h<\/td>\r\n<\/tr><td class=\"ccargos\">\r\n<span data-balloon-length=\"medium\" aria-label=\"Ensino M\u00e9dio Completo e residir na \u00e1rea de abrang\u00eancia que ir\u00e1 atuar\" data-balloon-pos=\"up\">Agente Comunit\u00e1rio de Sa\u00fade RIO NOVO VELHO, RIO AREIAS, TRES ANTAS<\/span><\/td>\r\n<td class=\"cvagas\">CR<\/td>\r\n<td class=\"cremuneracao\">R$ 3.036,00 \/40h<\/td>\r\n<\/tr><td class=\"ccargos\">\r\n<span data-balloon-length=\"medium\" aria-label=\"Ensino M\u00e9dio Completo e residir na \u00e1rea de abrang\u00eancia que ir\u00e1 atuar\" data-balloon-pos=\"up\">Agente Comunit\u00e1rio de Sa\u00fade RIO DE DENTRO, RIO DA PACA, RIO VERDE<\/span><\/td>\r\n<td class=\"cvagas\">CR<\/td>\r\n<td class=\"cremuneracao\">R$ 3.036,00 \/40h<\/td>\r\n<\/tr><td class=\"ccargos\">\r\n<span data-balloon-length=\"medium\" aria-label=\"Ensino M\u00e9dio Completo e residir na \u00e1rea de abrang\u00eancia que ir\u00e1 atuar\" data-balloon-pos=\"up\">Agente Comunit\u00e1rio de Sa\u00fade RIO NOVO, RIO S\u00c3O JO\u00c3O RIO DO TIGRE<\/span><\/td>\r\n<td class=\"cvagas\">CR<\/td>\r\n<td class=\"cremuneracao\">R$ 3.036,00 \/40h<\/td>\r\n<\/tr><td class=\"ccargos\">\r\n<span data-balloon-length=\"medium\" aria-label=\"Ensino M\u00e9dio Completo e residir na \u00e1rea de abrang\u00eancia que ir\u00e1 atuar\" data-balloon-pos=\"up\">Agente Comunit\u00e1rio de Sa\u00fade RIO QUEBRA DENTE, RIO CABRIUNA, BARRA CLARA<\/span><\/td>\r\n<td class=\"cvagas\">CR<\/td>\r\n<td class=\"cremuneracao\">R$ 3.036,00 \/40h<\/td>\r\n<\/tr><td class=\"ccargos\">\r\n<span data-balloon-length=\"medium\" aria-label=\"Ensino M\u00e9dio Completo e residir na \u00e1rea de abrang\u00eancia que ir\u00e1 atuar\" data-balloon-pos=\"up\">Agente Comunit\u00e1rio de Sa\u00fade RIO DO NORTE, RIO S\u00c3O SEASTI\u00c3O, RIO PAV\u00c3O<\/span><\/td>\r\n<td class=\"cvagas\">1 + CR<\/td>\r\n<td class=\"cremuneracao\">R$ 3.036,00 \/40h<\/td>\r\n<\/tr><td class=\"ccargos\">\r\n<span data-balloon-length=\"medium\" aria-label=\"Ensino M\u00e9dio Completo e residir na \u00e1rea de abrang\u00eancia que ir\u00e1 atuar\" data-balloon-pos=\"up\">Agente Comunit\u00e1rio de Sa\u00fade RIO SCHULBERT, RIO FORTUNA, RIO ANTINHA<\/span><\/td>\r\n<td class=\"cvagas\">CR<\/td>\r\n<td class=\"cremuneracao\">R$ 3.036,00 \/40h<\/td>\r\n<\/tr><td class=\"ccargos\">\r\n<span data-balloon-length=\"medium\" aria-label=\"Ensino M\u00e9dio Completo e residir na \u00e1rea de abrang\u00eancia que ir\u00e1 atuar\" data-balloon-pos=\"up\">Agente Comunit\u00e1rio de Sa\u00fade IN\u00cdCIO GARCIA, FORTALEZA DA BETANIA, RIO PEQUENO DO GARCIA<\/span><\/td>\r\n<td class=\"cvagas\">CR<\/td>\r\n<td class=\"cremuneracao\">R$ 3.036,00 \/40h<\/td>\r\n<\/tr><td class=\"ccargos\">\r\n<span data-balloon-length=\"medium\" aria-label=\"Ensino M\u00e9dio Completo e residir na \u00e1rea de abrang\u00eancia que ir\u00e1 atuar\" data-balloon-pos=\"up\">Agente Comunit\u00e1rio de Sa\u00fade FINAL GARCIA, RIO ENGANO, COQUEIROS<\/span><\/td>\r\n<td class=\"cvagas\">CR<\/td>\r\n<td class=\"cremuneracao\">R$ 3.036,00 \/40h<\/td>\r\n<\/tr>\r\n    <\/tbody>\r\n  <\/table>\r\n<\/div>","_superior":"<div>\r\n<table class=\"quadro\">\r\n<thead>\r\n<tr>\r\n<th class=\"hcargo\">Cargo<\/th>\r\n<th class=\"hvagas\">Vagas<\/th>\r\n<th class=\"hremuneracao\">Remunera\u00e7\u00e3o<\/th>\r\n<\/tr>\r\n<\/thead>\r\n    <tbody>\r\n      <tr>\r\n<td class=\"ccargos\">\r\n<span data-balloon-length=\"medium\" aria-label=\"Ensino Superior Espec\u00edfico, com Registro no \u00d3rg\u00e3o Fiscalizador da Profiss\u00e3o\" data-balloon-pos=\"up\">Assistente Social<\/span><\/td>\r\n<td class=\"cvagas\">1 + CR<\/td>\r\n<td class=\"cremuneracao\">R$ 5.329,01 \/40h<\/td>\r\n<\/tr><tr>\r\n<td class=\"ccargos\">\r\n<span data-balloon-length=\"medium\" aria-label=\"Ensino Superior Espec\u00edfico, com Registro no \u00d3rg\u00e3o Fiscalizador da Profiss\u00e3o\" data-balloon-pos=\"up\">Enfermeiro (Sede e Distrito de Garcia)<\/span><\/td>\r\n<td class=\"cvagas\">1 + CR<\/td>\r\n<td class=\"cremuneracao\">R$ 5.329,01 \/40h<\/td>\r\n<\/tr><tr>\r\n<td class=\"ccargos\">\r\n<span data-balloon-length=\"medium\" aria-label=\"Ensino Superior Espec\u00edfico, com Registro no \u00d3rg\u00e3o Fiscalizador da Profiss\u00e3o\" data-balloon-pos=\"up\">Enfermeiro (Distrito de Barra Clara)<\/span><\/td>\r\n<td class=\"cvagas\">1 + CR<\/td>\r\n<td class=\"cremuneracao\">R$ 5.329,01 \/40h<\/td>\r\n<\/tr><tr>\r\n<td class=\"ccargos\">\r\n<span data-balloon-length=\"medium\" aria-label=\"Ensino Superior Espec\u00edfico, com Registro no \u00d3rg\u00e3o Fiscalizador da Profiss\u00e3o\" data-balloon-pos=\"up\">Farmac\u00eautico Bioqu\u00edmico (Sede e Distrito de Garcia)<\/span><\/td>\r\n<td class=\"cvagas\">1 + CR<\/td>\r\n<td class=\"cremuneracao\">R$ 5.329,01 \/40h<\/td>\r\n<\/tr><tr>\r\n<td class=\"ccargos\">\r\n<span data-balloon-length=\"medium\" aria-label=\"Ensino Superior Espec\u00edfico, com Registro no \u00d3rg\u00e3o Fiscalizador da Profiss\u00e3o\" data-balloon-pos=\"up\">Farmac\u00eautico Bioqu\u00edmico (Distrito de Barra Clara)<\/span><\/td>\r\n<td class=\"cvagas\">1 + CR<\/td>\r\n<td class=\"cremuneracao\">R$ 5.329,01 \/40h<\/td>\r\n<\/tr><tr>\r\n<td class=\"ccargos\">\r\n<span data-balloon-length=\"medium\" aria-label=\"Ensino Superior Espec\u00edfico, com Registro no \u00d3rg\u00e3o Fiscalizador da Profiss\u00e3o\" data-balloon-pos=\"up\">Fisioterapeuta<\/span><\/td>\r\n<td class=\"cvagas\">1 + CR<\/td>\r\n<td class=\"cremuneracao\">R$ 5.329,01 \/40h<\/td>\r\n<\/tr><tr>\r\n<td class=\"ccargos\">\r\n<span data-balloon-length=\"medium\" aria-label=\"Ensino Superior Espec\u00edfico, com Registro no \u00d3rg\u00e3o Fiscalizador da Profiss\u00e3o\" data-balloon-pos=\"up\">Fonoaudi\u00f3logo<\/span><\/td>\r\n<td class=\"cvagas\">1 + CR<\/td>\r\n<td class=\"cremuneracao\">R$ 4.440,82 \/40h<\/td>\r\n<\/tr><tr>\r\n<td class=\"ccargos\">\r\n<span data-balloon-length=\"medium\" aria-label=\"N\u00edvel Superior em Medicina, com registro no Conselho Regional de Medicina e ter conclu\u00eddo a resid\u00eancia m\u00e9dica em ginecologia ou ter t\u00edtulo de Especialista em Ginecologia.\" data-balloon-pos=\"up\">M\u00e9dico Especialista I - Ginecologista<\/span><\/td>\r\n<td class=\"cvagas\">1 + CR<\/td>\r\n<td class=\"cremuneracao\">R$ 7.105,34 \/8h<\/td>\r\n<\/tr><tr>\r\n<td class=\"ccargos\">\r\n<span data-balloon-length=\"medium\" aria-label=\"Ensino Superior Espec\u00edfico, com Registro no \u00d3rg\u00e3o Fiscalizador da Profiss\u00e3o\" data-balloon-pos=\"up\">M\u00e9dico Cl\u00ednico Geral (Sede e Distrito do Garcia)<\/span><\/td>\r\n<td class=\"cvagas\">1 + CR<\/td>\r\n<td class=\"cremuneracao\">R$ 7.105,34 \/40h<\/td>\r\n<\/tr><tr>\r\n<td class=\"ccargos\">\r\n<span data-balloon-length=\"medium\" aria-label=\"Ensino Superior Espec\u00edfico, com Registro no \u00d3rg\u00e3o Fiscalizador da Profiss\u00e3o\" data-balloon-pos=\"up\">M\u00e9dico Cl\u00ednico Geral (Distrito do Barra Clara)<\/span><\/td>\r\n<td class=\"cvagas\">1 + CR<\/td>\r\n<td class=\"cremuneracao\">R$ 7.105,34 \/40h<\/td>\r\n<\/tr><tr>\r\n<td class=\"ccargos\">\r\n<span data-balloon-length=\"medium\" aria-label=\"N\u00edvel Superior em Medicina, com Registro no Conselho Regional de Medicina e ter conclu\u00eddo a resid\u00eancia m\u00e9dica em pediatria ou ter t\u00edtulo de Especialista em Pediatria\" data-balloon-pos=\"up\">M\u00e9dico Especialista II - Pediatra<\/span><\/td>\r\n<td class=\"cvagas\">1 + CR<\/td>\r\n<td class=\"cremuneracao\">R$ 7.105,34 \/8h<\/td>\r\n<\/tr><tr>\r\n<td class=\"ccargos\">\r\n<span data-balloon-length=\"medium\" aria-label=\"Ensino Superior Espec\u00edfico, com Registro no \u00d3rg\u00e3o Fiscalizador da Profiss\u00e3o\" data-balloon-pos=\"up\">M\u00e9dico Veterin\u00e1rio<\/span><\/td>\r\n<td class=\"cvagas\">1 + CR<\/td>\r\n<td class=\"cremuneracao\">R$ 5.329,01 \/40h<\/td>\r\n<\/tr><tr>\r\n<td class=\"ccargos\">\r\n<span data-balloon-length=\"medium\" aria-label=\"Ensino Superior Espec\u00edfico, com Registro no \u00d3rg\u00e3o Fiscalizador da Profiss\u00e3o\" data-balloon-pos=\"up\">Nutricionista<\/span><\/td>\r\n<td class=\"cvagas\">1 + CR<\/td>\r\n<td class=\"cremuneracao\">R$ 3.552,69 \/30h<\/td>\r\n<\/tr><tr>\r\n<td class=\"ccargos\">\r\n<span data-balloon-length=\"medium\" aria-label=\"Ensino Superior Espec\u00edfico, com Registro no \u00d3rg\u00e3o Fiscalizador da Profiss\u00e3o\" data-balloon-pos=\"up\">Odont\u00f3logo<\/span><\/td>\r\n<td class=\"cvagas\">1 + CR<\/td>\r\n<td class=\"cremuneracao\">R$ 7.105,34 \/40h<\/td>\r\n<\/tr><tr>\r\n<td class=\"ccargos\">\r\n<span data-balloon-length=\"medium\" aria-label=\"Ensino Superior Espec\u00edfico, com Registro no \u00d3rg\u00e3o Fiscalizador da Profiss\u00e3o\" data-balloon-pos=\"up\">Psic\u00f3logo<\/span><\/td>\r\n<td class=\"cvagas\">1 + CR<\/td>\r\n<td class=\"cremuneracao\">R$ 4.085,58 \/24h<\/td>\r\n<\/tr><tr>\r\n<td class=\"ccargos\">\r\n<span data-balloon-length=\"medium\" aria-label=\"Habilita\u00e7\u00e3o Profissional em N\u00edvel Superior, em curso de Licenciatura Plena em \u00e1rea espec\u00edfica, comprovada mediante certificado com registro no MEC.\" data-balloon-pos=\"up\">Professor de Educa\u00e7\u00e3o F\u00edsica<\/span><\/td>\r\n<td class=\"cvagas\">1 + CR<\/td>\r\n<td class=\"cremuneracao\">R$ 2.677,47 \/20h<\/td>\r\n<\/tr><tr>\r\n<td class=\"ccargos\">\r\n<span data-balloon-length=\"medium\" aria-label=\"Habilita\u00e7\u00e3o Profissional em N\u00edvel Superior, em curso de Licenciatura Plena em \u00e1rea espec\u00edfica, comprovada mediante certificado com registro no MEC e registro no \u00d3rg\u00e3o Fiscalizador da Profiss\u00e3o\" data-balloon-pos=\"up\">Professor de Artes<\/span><\/td>\r\n<td class=\"cvagas\">1 + CR<\/td>\r\n<td class=\"cremuneracao\">R$ 2.677,47 \/20h<\/td>\r\n<\/tr><tr>\r\n<td class=\"ccargos\">\r\n<span data-balloon-length=\"medium\" aria-label=\"Habilita\u00e7\u00e3o Profissional em N\u00edvel Superior, em curso de Licenciatura Plena em \u00e1rea espec\u00edfica, comprovada mediante certificado com registro no MEC.\" data-balloon-pos=\"up\">Professor Pedagogo<\/span><\/td>\r\n<td class=\"cvagas\">1 + CR<\/td>\r\n<td class=\"cremuneracao\">R$ 2.677,47 \/20h<\/td>\r\n<\/tr><tr>\r\n<td class=\"ccargos\">\r\n<span data-balloon-length=\"medium\" aria-label=\"Habilita\u00e7\u00e3o Profissional em N\u00edvel Superior, em curso de Licenciatura Plena em \u00e1rea espec\u00edfica, comprovada mediante certificado com registro no MEC.\" data-balloon-pos=\"up\">Especialista em Educa\u00e7\u00e3o<\/span><\/td>\r\n<td class=\"cvagas\">1 + CR<\/td>\r\n<td class=\"cremuneracao\">R$ 4.462,45 \/40h<\/td>\r\n<\/tr>\r\n    <\/tbody>\r\n  <\/table>\r\n<\/div>"},"_links":{"self":[{"href":"https:\/\/www.agrobase.com.br\/concursos\/wp-json\/wp\/v2\/posts\/275066","targetHints":{"allow":["GET"]}}],"collection":[{"href":"https:\/\/www.agrobase.com.br\/concursos\/wp-json\/wp\/v2\/posts"}],"about":[{"href":"https:\/\/www.agrobase.com.br\/concursos\/wp-json\/wp\/v2\/types\/post"}],"author":[{"embeddable":true,"href":"https:\/\/www.agrobase.com.br\/concursos\/wp-json\/wp\/v2\/users\/5229"}],"replies":[{"embeddable":true,"href":"https:\/\/www.agrobase.com.br\/concursos\/wp-json\/wp\/v2\/comments?post=275066"}],"version-history":[{"count":2,"href":"https:\/\/www.agrobase.com.br\/concursos\/wp-json\/wp\/v2\/posts\/275066\/revisions"}],"predecessor-version":[{"id":275098,"href":"https:\/\/www.agrobase.com.br\/concursos\/wp-json\/wp\/v2\/posts\/275066\/revisions\/275098"}],"wp:featuredmedia":[{"embeddable":true,"href":"https:\/\/www.agrobase.com.br\/concursos\/wp-json\/wp\/v2\/media\/275065"}],"wp:attachment":[{"href":"https:\/\/www.agrobase.com.br\/concursos\/wp-json\/wp\/v2\/media?parent=275066"}],"wp:term":[{"taxonomy":"category","embeddable":true,"href":"https:\/\/www.agrobase.com.br\/concursos\/wp-json\/wp\/v2\/categories?post=275066"},{"taxonomy":"post_tag","embeddable":true,"href":"https:\/\/www.agrobase.com.br\/concursos\/wp-json\/wp\/v2\/tags?post=275066"},{"taxonomy":"_amplo","embeddable":true,"href":"https:\/\/www.agrobase.com.br\/concursos\/wp-json\/wp\/v2\/_amplo?post=275066"},{"taxonomy":"destaque","embeddable":true,"href":"https:\/\/www.agrobase.com.br\/concursos\/wp-json\/wp\/v2\/destaque?post=275066"},{"taxonomy":"instituicoes","embeddable":true,"href":"https:\/\/www.agrobase.com.br\/concursos\/wp-json\/wp\/v2\/instituicoes?post=275066"}],"curies":[{"name":"wp","href":"https:\/\/api.w.org\/{rel}","templated":true}]}}