{"id":275034,"date":"2025-12-11T07:15:41","date_gmt":"2025-12-11T10:15:41","guid":{"rendered":"https:\/\/www.agrobase.com.br\/concursos\/?p=275034"},"modified":"2025-12-10T18:03:00","modified_gmt":"2025-12-10T21:03:00","slug":"prefeitura-venda-nova-do-imigrante-es-selecao-simplificada-01-2025","status":"publish","type":"post","link":"https:\/\/www.agrobase.com.br\/concursos\/2025\/prefeitura-venda-nova-do-imigrante-es-selecao-simplificada-01-2025\/","title":{"rendered":"Prefeitura Venda Nova do Imigrante (ES) &#8211; Sele\u00e7\u00e3o Simplificada 01\/2025"},"content":{"rendered":"<h2>Informa\u00e7\u00f5es Gerais<\/h2>\n<p>A <strong>Prefeitura Municipal de Venda Nova do Imigrante<\/strong>, no Estado do Esp\u00edrito Santo, por meio da Secretaria Municipal de Administra\u00e7\u00e3o, tornou p\u00fablica a abertura do <strong>Processo Seletivo Simplificado<\/strong> destinado \u00e0 contrata\u00e7\u00e3o tempor\u00e1ria de profissionais para atender \u00e0s necessidades de excepcional interesse p\u00fablico das diversas Secretarias do munic\u00edpio.<\/p>\n<p>O certame oferece <strong>167 vagas imediatas<\/strong>, al\u00e9m de forma\u00e7\u00e3o de <strong>cadastro reserva (CR)<\/strong>, com remunera\u00e7\u00f5es que variam de <strong>R$ 21,85\/hora<\/strong> at\u00e9 <strong>R$ 14.220,28<\/strong>, dependendo do cargo e da carga hor\u00e1ria. As contrata\u00e7\u00f5es ser\u00e3o realizadas em car\u00e1ter tempor\u00e1rio, com prazo inicial de 12 meses, podendo ser prorrogado por igual per\u00edodo.<\/p>\n<p>O processo contempla oportunidades para todos os n\u00edveis de escolaridade: <strong>Fundamental Incompleto<\/strong>, <strong>Fundamental Completo<\/strong>, <strong>M\u00e9dio\/T\u00e9cnico<\/strong> e <strong>Superior<\/strong>. As vagas abrangem diversas \u00e1reas de atua\u00e7\u00e3o, incluindo Educa\u00e7\u00e3o, Sa\u00fade, Assist\u00eancia Social, Obras e Infraestrutura, Administra\u00e7\u00e3o, Finan\u00e7as e Agricultura.<\/p>\n<p>Destacam-se oportunidades para profissionais das \u00e1reas de <strong>Engenharia Agron\u00f4mica<\/strong>, <strong>Medicina Veterin\u00e1ria<\/strong>, <strong>Biologia<\/strong>, <strong>Engenharia Ambiental<\/strong>, <strong>Engenharia Florestal<\/strong> e <strong>Nutri\u00e7\u00e3o<\/strong>, com vagas para cadastro reserva nas Secretarias de Agricultura, Meio Ambiente, Educa\u00e7\u00e3o e Sa\u00fade.<\/p>\n<p>A validade do processo seletivo ser\u00e1 de 12 meses, contados a partir da homologa\u00e7\u00e3o, podendo ser prorrogado uma \u00fanica vez por igual per\u00edodo, a crit\u00e9rio da Administra\u00e7\u00e3o P\u00fablica. Continue a leitura para conhecer os detalhes sobre inscri\u00e7\u00f5es, etapas e resultados do certame.<\/p>\n<h2>Inscri\u00e7\u00f5es<\/h2>\n<p>As inscri\u00e7\u00f5es para o Processo Seletivo Simplificado da Prefeitura de Venda Nova do Imigrante estar\u00e3o abertas no per\u00edodo de <strong>11 a 15 de dezembro de 2025<\/strong>, devendo ser realizadas exclusivamente pela internet.<\/p>\n<p>Para se inscrever, o candidato dever\u00e1 acessar o site oficial da Prefeitura Municipal de Venda Nova do Imigrante, na aba <strong>Concursos e Sele\u00e7\u00f5es<\/strong>, onde estar\u00e1 dispon\u00edvel o link de inscri\u00e7\u00e3o a partir da data de in\u00edcio.<\/p>\n<p><strong>A inscri\u00e7\u00e3o \u00e9 gratuita<\/strong>, sendo permitidas at\u00e9 duas inscri\u00e7\u00f5es por CPF. O candidato ser\u00e1 o \u00fanico respons\u00e1vel pelo preenchimento correto das informa\u00e7\u00f5es referentes \u00e0 sua titula\u00e7\u00e3o e tempo de servi\u00e7o.<\/p>\n<p>No ato da inscri\u00e7\u00e3o, os candidatos dever\u00e3o anexar os documentos comprobat\u00f3rios de t\u00edtulos e tempo de servi\u00e7o em formato PDF, observando as seguintes orienta\u00e7\u00f5es:<\/p>\n<ul>\n<li>Tamanho m\u00e1ximo de cada arquivo: 5 MB<\/li>\n<li>Formato obrigat\u00f3rio: PDF<\/li>\n<li>Cada arquivo deve conter apenas um documento comprobat\u00f3rio<\/li>\n<li>Documentos frente e verso devem ser anexados em um \u00fanico arquivo<\/li>\n<li>Os documentos devem ser anexados exatamente no campo correspondente<\/li>\n<\/ul>\n<p>\u00c9 responsabilidade exclusiva do candidato verificar se os arquivos foram devidamente inseridos no sistema e se os dados informados est\u00e3o corretos. Ao final da inser\u00e7\u00e3o dos t\u00edtulos, o candidato poder\u00e1 visualizar sua pontua\u00e7\u00e3o calculada automaticamente pelo sistema e imprimir o comprovante dos t\u00edtulos inseridos.<\/p>\n<p>Os certificados e diplomas dever\u00e3o ser expedidos por institui\u00e7\u00e3o oficial ou reconhecida nos termos da legisla\u00e7\u00e3o vigente. Documentos em l\u00edngua estrangeira somente ser\u00e3o considerados se revalidados por universidades p\u00fablicas brasileiras.<\/p>\n<p>Recomenda-se a leitura integral do edital para conhecimento de todas as regras e procedimentos relativos \u00e0 inscri\u00e7\u00e3o.<\/p>\n<h2>Etapas e Provas<\/h2>\n<p>O Processo Seletivo Simplificado da Prefeitura de Venda Nova do Imigrante ser\u00e1 realizado em <strong>fase \u00fanica<\/strong>, consistindo em <strong>Prova de T\u00edtulos<\/strong>, de car\u00e1ter <strong>eliminat\u00f3rio e classificat\u00f3rio<\/strong>, com pontua\u00e7\u00e3o m\u00e1xima de <strong>100 pontos<\/strong>.<\/p>\n<p>A pontua\u00e7\u00e3o ser\u00e1 distribu\u00edda da seguinte forma:<\/p>\n<ul>\n<li><strong>Tempo de Servi\u00e7o:<\/strong> at\u00e9 50 pontos<\/li>\n<li><strong>Titula\u00e7\u00e3o:<\/strong> at\u00e9 50 pontos<\/li>\n<\/ul>\n<p><strong>Pontua\u00e7\u00e3o para Tempo de Servi\u00e7o:<\/strong><\/p>\n<ul>\n<li>Tempo de Servi\u00e7o P\u00fablico: 1,0 ponto por m\u00eas completo (limite de 50 pontos)<\/li>\n<li>Tempo de Servi\u00e7o Privado: 1,0 ponto por m\u00eas completo (limite de 50 pontos)<\/li>\n<li>Ser\u00e1 considerado o tempo de servi\u00e7o prestado at\u00e9 30 de novembro de 2025<\/li>\n<li>N\u00e3o ser\u00e3o aceitos per\u00edodos concomitantes<\/li>\n<li>O tempo de servi\u00e7o p\u00fablico tem prioridade na contagem<\/li>\n<\/ul>\n<p><strong>Comprova\u00e7\u00e3o do Tempo de Servi\u00e7o:<\/strong><\/p>\n<ul>\n<li>Servi\u00e7o P\u00fablico: Declara\u00e7\u00e3o oficial em documento timbrado, emitida pelo setor de Recursos Humanos do \u00f3rg\u00e3o p\u00fablico<\/li>\n<li>Servi\u00e7o Privado: C\u00f3pia das p\u00e1ginas da Carteira de Trabalho (f\u00edsica ou digital) que comprovem o v\u00ednculo e per\u00edodo trabalhado<\/li>\n<\/ul>\n<p><strong>Pontua\u00e7\u00e3o para Titula\u00e7\u00e3o:<\/strong><\/p>\n<p>Ser\u00e3o considerados t\u00edtulos de escolaridade de n\u00edvel superior \u00e0 exig\u00eancia m\u00ednima do cargo pleiteado e cursos de aperfei\u00e7oamento e qualifica\u00e7\u00e3o profissional relacionados \u00e0 \u00e1rea de atua\u00e7\u00e3o. Na tabela de titula\u00e7\u00e3o, somente o maior t\u00edtulo apresentado ser\u00e1 pontuado.<\/p>\n<p><strong>Crit\u00e9rios de Desempate:<\/strong><\/p>\n<ol>\n<li>Maior pontua\u00e7\u00e3o no Tempo de Servi\u00e7o P\u00fablico<\/li>\n<li>Maior pontua\u00e7\u00e3o no Tempo de Servi\u00e7o Privado<\/li>\n<li>Maior pontua\u00e7\u00e3o na Titula\u00e7\u00e3o<\/li>\n<li>Maior idade<\/li>\n<\/ol>\n<p>A avalia\u00e7\u00e3o ser\u00e1 realizada pela Comiss\u00e3o Organizadora com base nos dados informados pelo candidato e nos documentos anexados. Recomenda-se a leitura completa do edital para conhecimento detalhado das tabelas de pontua\u00e7\u00e3o espec\u00edficas para cada n\u00edvel de escolaridade e demais regras do certame.<\/p>\n<h2>Resultados e Gabarito<\/h2>\n<p>O cronograma de divulga\u00e7\u00e3o dos resultados do Processo Seletivo Simplificado da Prefeitura de Venda Nova do Imigrante est\u00e1 previsto da seguinte forma:<\/p>\n<ul>\n<li><strong>Resultado Preliminar (Tempo de Servi\u00e7o e Prova de T\u00edtulos):<\/strong> 16 de dezembro de 2025<\/li>\n<li><strong>Publica\u00e7\u00e3o e Homologa\u00e7\u00e3o do Resultado Final:<\/strong> 19 de dezembro de 2025<\/li>\n<\/ul>\n<p>O resultado final ser\u00e1 homologado pela Secretaria Municipal de Administra\u00e7\u00e3o e publicado no site oficial da Prefeitura Municipal de Venda Nova do Imigrante, na aba <strong>Concursos e Sele\u00e7\u00f5es<\/strong>.<\/p>\n<p><strong>Crit\u00e9rios de Classifica\u00e7\u00e3o:<\/strong><\/p>\n<p>A classifica\u00e7\u00e3o final ser\u00e1 determinada pela soma da pontua\u00e7\u00e3o obtida no Tempo de Servi\u00e7o e na Titula\u00e7\u00e3o. Em caso de empate, ser\u00e3o aplicados os crit\u00e9rios de desempate na seguinte ordem: maior pontua\u00e7\u00e3o no tempo de servi\u00e7o p\u00fablico, maior pontua\u00e7\u00e3o no tempo de servi\u00e7o privado, maior pontua\u00e7\u00e3o na titula\u00e7\u00e3o e maior idade.<\/p>\n<p><strong>Convoca\u00e7\u00e3o:<\/strong><\/p>\n<p>A convoca\u00e7\u00e3o dos candidatos aprovados ocorrer\u00e1 por meio de publica\u00e7\u00e3o no site oficial da Prefeitura, na aba Concursos e Sele\u00e7\u00f5es. A aprova\u00e7\u00e3o no processo seletivo n\u00e3o gera direito \u00e0 contrata\u00e7\u00e3o imediata, mas apenas expectativa de direito, conforme a necessidade e conveni\u00eancia da Administra\u00e7\u00e3o P\u00fablica.<\/p>\n<p><strong>Validade:<\/strong><\/p>\n<p>O processo seletivo ter\u00e1 validade de 12 meses, podendo ser prorrogado uma \u00fanica vez por igual per\u00edodo, a crit\u00e9rio da Administra\u00e7\u00e3o, contado a partir da data de homologa\u00e7\u00e3o.<\/p>\n<p>O candidato n\u00e3o poder\u00e1 alegar desconhecimento das publica\u00e7\u00f5es de convoca\u00e7\u00e3o, sendo de sua inteira responsabilidade acompanhar, durante toda a validade do certame, as publica\u00e7\u00f5es oficiais realizadas pela Prefeitura Municipal de Venda Nova do Imigrante, inclusive os atos convocat\u00f3rios publicados ap\u00f3s a homologa\u00e7\u00e3o.<\/p>\n","protected":false},"excerpt":{"rendered":"<p>Proc. Seletivo Pref. Venda Nova do Imigrante (ES) com edital publicado! Vagas p\/ Professor e Agente (Fund. a Sup.). Inscri\u00e7\u00f5es a partir de 11\/12. Confira detalhes!<\/p>\n","protected":false},"author":5229,"featured_media":275033,"comment_status":"open","ping_status":"open","sticky":false,"template":"","format":"standard","meta":{"_acf_changed":false,"_breakdance_hide_in_design_set":false,"_breakdance_tags":"","footnotes":""},"categories":[3,4,5,94,6,6433,9,121,10,11,6434,12,13,14,15,17,18,19,20,6871,21,22,23,24,25,26,101,31,108,130,157,134],"tags":[45],"_amplo":[],"destaque":[],"instituicoes":[],"class_list":["post-275034","post","type-post","status-publish","format-standard","has-post-thumbnail","hentry","category-administracao","category-agronomia","category-arquitetura","category-biblioteconomia","category-biologia","category-biologia-licenciatura","category-ciencias-contabeis","category-ciencias-sociais","category-direito","category-educacao-fisica","category-educacao-fisica-licenciatura","category-enfermagem","category-engenharia-ambiental","category-engenharia","category-engenharia-florestal","category-farmacia","category-fisioterapia","category-fonoaudiologia","category-letras","category-letras-ingles","category-medicina","category-veterinaria","category-nutricao","category-odontologia","category-pedagogia","category-psicologia","category-servico-social","category-tecnico-ambiental","category-tecnico-enfermagem","category-tecnico-informatica","category-tecnico-seguranca-trabalho","category-terapia-ocupacional","tag-espirito-santo"],"acf":{"_tipo_vagas":"vagas","_numero_vagas":"","_quadro_vagas":"","_cargos":"diversos","_cargos_especificos":"","_salario_max":"R$ 14220.28","_abertura":"20251211","_encerramento":"20251215","_inscricoes":"https:\/\/www.vendanova.es.gov.br","_executora_concurso":"","_instituicao_concurso":[],"_link_adicional":null,"_anexos":null,"_produtos":null,"_vagas":"167 vagas + CR","_salario_min":"R$ 21.85","_instituicao":"Prefeitura Venda Nova do Imigrante","_edital":"https:\/\/www.agrobase.com.br\/concursos\/wp-content\/uploads\/sites\/4\/2025\/12\/edital-01-2025-prefeitura-venda-nova-do-imigrante-es.pdf","_anexos_edital":"","_fund_incompleto":"<div>\r\n<table class=\"quadro\">\r\n<thead>\r\n<tr>\r\n<th class=\"hcargo\">Cargo<\/th>\r\n<th class=\"hvagas\">Vagas<\/th>\r\n<th class=\"hremuneracao\">Remunera\u00e7\u00e3o<\/th>\r\n<\/tr>\r\n<\/thead>\r\n    <tbody>\r\n      <td class=\"ccargos\">\r\n<span data-balloon-length=\"medium\" aria-label=\"anos iniciais do ensino fundamental.\" data-balloon-pos=\"up\">Calceteiro (Secretaria de obras e Infraestrutura Urbana)<\/span><\/td>\r\n<td class=\"cvagas\">CR<\/td>\r\n<td class=\"cremuneracao\">R$ 1.895,57 \/40h<\/td>\r\n<\/tr><td class=\"ccargos\">\r\n<span data-balloon-length=\"medium\" aria-label=\"anos iniciais do ensino fundamental.\" data-balloon-pos=\"up\">Coveiro (Secretaria de obras e Infraestrutura Urbana)<\/span><\/td>\r\n<td class=\"cvagas\">CR<\/td>\r\n<td class=\"cremuneracao\">R$ 1.555,03 \/40h<\/td>\r\n<\/tr><td class=\"ccargos\">\r\n<span data-balloon-length=\"medium\" aria-label=\"Ensino fundamental incompleto (Anos iniciais) + 1 (hum) ano de experi\u00eancia + Carteira Nacional de Habilita\u00e7\u00e3o categoria \u201cC\u201d ou superior.\" data-balloon-pos=\"up\">Operador de M\u00e1quinas Agr\u00edcolas (Secretaria de Agricultura e Obras e Infraestrutura Urbana)<\/span><\/td>\r\n<td class=\"cvagas\">CR<\/td>\r\n<td class=\"cremuneracao\">R$ 2.310,69 \/40h<\/td>\r\n<\/tr><td class=\"ccargos\">\r\n<span data-balloon-length=\"medium\" aria-label=\"Ensino fundamental Incompleto (Anos Iniciais) + 2 (dois) Anos de experi\u00eancia + Carteira Nacional de Habilita\u00e7\u00e3o categoria \u201cC\u201d ou superior.\" data-balloon-pos=\"up\">Operador de M\u00e1quinas Pesadas (Secretaria de obras e infraestrutura urbana)<\/span><\/td>\r\n<td class=\"cvagas\">CR<\/td>\r\n<td class=\"cremuneracao\">R$ 2.816,71 \/40h<\/td>\r\n<\/tr><td class=\"ccargos\">\r\n<span data-balloon-length=\"medium\" aria-label=\"Ensino fundamental incompleto (Anos iniciais).\" data-balloon-pos=\"up\">Pedreiro (Secretaria de Obras e Infraestrutura Urbana)<\/span><\/td>\r\n<td class=\"cvagas\">CR<\/td>\r\n<td class=\"cremuneracao\">R$ 2.816,71 \/40h<\/td>\r\n<\/tr><td class=\"ccargos\">\r\n<span data-balloon-length=\"medium\" aria-label=\"Ensino fundamental incompleto (Anos iniciais) + Carteira de Habilita\u00e7\u00e3o categoria D + Curso para Capacita\u00e7\u00e3o de Condutores de Ve\u00edculos de Emerg\u00eancia (Art. 145 \u2013 CTB e Resolu\u00e7\u00e3o do CONTRAN N\u00ba 789\/2020), com carga hor\u00e1ria de 50 horas, conclu\u00eddo e dentro da validade + Curso de transporte coletivo de passageiros (Art. 27 - Resolu\u00e7\u00e3o do CONTRAN N\u00ba 789\/2020) + Nada Consta da CNH emitido pelo DETRAN (original dentro da validade) + Experi\u00eancia profissional de no m\u00ednimo de 1 (um) ano no exerc\u00edcio comprovado nas atividades descritas por meio de registro em Carteira de Trabalho e Previd\u00eancia Social ou ato de investidura em cargo ou emprego p\u00fablico.\" data-balloon-pos=\"up\">Motorista (\u00d4nibus \/Ambul\u00e2ncia) (Secretaria de Sa\u00fade)<\/span><\/td>\r\n<td class=\"cvagas\">CR<\/td>\r\n<td class=\"cremuneracao\">R$ 2.310,69 \/40h<\/td>\r\n<\/tr><td class=\"ccargos\">\r\n<span data-balloon-length=\"medium\" aria-label=\"Ensino fundamental incompleto (Anos iniciais) + Carteira de Habilita\u00e7\u00e3o para condu\u00e7\u00e3o de ve\u00edculos na categoria \u201cD\u201d (+ Curso de Transporte Coletivo de Passageiros (Art. 27, da res. Contran n\u00ba 789\/2020, exceto para ve\u00edculos que n\u00e3o fazem transporte coletivo de passageiros) + Nada consta da CNH emitido pelo DETRAN (original dentro da validade) + Experi\u00eancia profissional de no m\u00ednimo 02 (dois) anos no exerc\u00edcio comprovado por CTPS ou investidura em cargo ou emprego p\u00fablico, ou contrato de trabalho.\" data-balloon-pos=\"up\">Motorista (Secretaria de Sa\u00fade)<\/span><\/td>\r\n<td class=\"cvagas\">CR<\/td>\r\n<td class=\"cremuneracao\">R$ 2.310,69 \/40h<\/td>\r\n<\/tr><td class=\"ccargos\">\r\n<span data-balloon-length=\"medium\" aria-label=\"Ensino fundamental Incompleto (Anos Iniciais) + Carteira de Habilita\u00e7\u00e3o categoria D + Curso para Capacita\u00e7\u00e3o de Condutores de Ve\u00edculos de Emerg\u00eancia (Art. 145 \u2013 CTB e Resolu\u00e7\u00e3o do CONTRAN N\u00ba 789\/2020), com carga hor\u00e1ria de 50 horas, conclu\u00eddo e dentro da validade + Curso de transporte coletivo de passageiros (Art. 27 \u2013 Resolu\u00e7\u00e3o do CONTRAN N\u00ba 789\/2020) + Nada Consta da CNH emitido pelo DETRAN (original dentro da validade) + N\u00e3o se enquadrar nas veda\u00e7\u00f5es contidas no inciso XVI e \u00a7 10 do art. 37 da Constitui\u00e7\u00e3o Federal.\" data-balloon-pos=\"up\">Motorista ESF (Secretaria de Sa\u00fade)<\/span><\/td>\r\n<td class=\"cvagas\">CR<\/td>\r\n<td class=\"cremuneracao\">R$ 2.310,69 \/40h<\/td>\r\n<\/tr><td class=\"ccargos\">\r\n<span data-balloon-length=\"medium\" data-balloon-pos=\"up\">Motorista - Transporte de \u00d4nibus Escolar (Secretaria de Educa\u00e7\u00e3o)<\/span><\/td>\r\n<td class=\"cvagas\">02 + CR<\/td>\r\n<td class=\"cremuneracao\">R$ 2.310,69 \/40h<\/td>\r\n<\/tr>\r\n    <\/tbody>\r\n  <\/table>\r\n<\/div>","_fund_completo":"<div>\r\n<table class=\"quadro\">\r\n<thead>\r\n<tr>\r\n<th class=\"hcargo\">Cargo<\/th>\r\n<th class=\"hvagas\">Vagas<\/th>\r\n<th class=\"hremuneracao\">Remunera\u00e7\u00e3o<\/th>\r\n<\/tr>\r\n<\/thead>\r\n    <tbody>\r\n      <td class=\"ccargos\">\r\n<span data-balloon-length=\"medium\" aria-label=\"Ensino fundamental completo + curso de Auxiliar de Enfermagem ministrado por institui\u00e7\u00e3o de forma\u00e7\u00e3o profissional reconhecida + Habilita\u00e7\u00e3o legal para exerc\u00edcio da profiss\u00e3o + Conhecimentos b\u00e1sicos de inform\u00e1tica em especial de editor de texto, planilhas eletr\u00f4nicas e internet + N\u00e3o se enquadrar nas veda\u00e7\u00f5es contidas no inciso XVI e \u00a7 10 do art. 37 da Constitui\u00e7\u00e3o Federal.\" data-balloon-pos=\"up\">Auxiliar de Enfermagem ESF (Secretaria de Sa\u00fade)<\/span><\/td>\r\n<td class=\"cvagas\">CR<\/td>\r\n<td class=\"cremuneracao\">R$ 2.310,69 \/40h<\/td>\r\n<\/tr><td class=\"ccargos\">\r\n<span data-balloon-length=\"medium\" aria-label=\"Ensino fundamental completo + Curso de auxiliar de sa\u00fade bucal + Habilita\u00e7\u00e3o legal para exerc\u00edcio da profiss\u00e3o + Conhecimentos b\u00e1sicos de inform\u00e1tica em especial de editor de texto, planilhas eletr\u00f4nicas e internet + N\u00e3o se enquadrar nas veda\u00e7\u00f5es contidas no inciso XVI e \u00a7 10 do art. 37 da Constitui\u00e7\u00e3o Federal.\" data-balloon-pos=\"up\">Auxiliar de Sa\u00fade Bucal (Secretaria de Sa\u00fade)<\/span><\/td>\r\n<td class=\"cvagas\">CR<\/td>\r\n<td class=\"cremuneracao\">R$ 2.310,69 \/40h<\/td>\r\n<\/tr><td class=\"ccargos\">\r\n<span data-balloon-length=\"medium\" aria-label=\"Ensino fundamental completo + Curso de auxiliar de sa\u00fade bucal + Habilita\u00e7\u00e3o legal para exerc\u00edcio da profiss\u00e3o + Conhecimentos b\u00e1sicos de inform\u00e1tica em especial de editor de texto, planilhas eletr\u00f4nicas e internet + N\u00e3o se enquadrar nas veda\u00e7\u00f5es contidas no inciso XVI e \u00a7 10 do art. 37 da Constitui\u00e7\u00e3o Federal.\" data-balloon-pos=\"up\">Auxiliar de Sa\u00fade Bucal ESF (Secretaria de Sa\u00fade)<\/span><\/td>\r\n<td class=\"cvagas\">CR<\/td>\r\n<td class=\"cremuneracao\">R$ 2.310,69 \/40h<\/td>\r\n<\/tr><td class=\"ccargos\">\r\n<span data-balloon-length=\"medium\" aria-label=\"Ensino fundamental completo + 2 (dois) anos de experi\u00eancia\" data-balloon-pos=\"up\">Eletricista (Secretaria de Obras e Infraestrutura urbana)<\/span><\/td>\r\n<td class=\"cvagas\">CR<\/td>\r\n<td class=\"cremuneracao\">R$ 2.310,69 \/40h<\/td>\r\n<\/tr><td class=\"ccargos\">\r\n<span data-balloon-length=\"medium\" aria-label=\"Ensino Fundamental Completo. Experi\u00eancia m\u00ednima de 1 (hum) anos no exerc\u00edcio comprovado nas atividades descritas por meio de registro em Carteira de Trabalho e Previd\u00eancia Social ou ato de investidura em cargo ou emprego p\u00fablico.\" data-balloon-pos=\"up\">Mec\u00e2nico (Secretaria de Obras e Infraestrutura Urbana)<\/span><\/td>\r\n<td class=\"cvagas\">CR<\/td>\r\n<td class=\"cremuneracao\">R$ 2.816,71 \/40h<\/td>\r\n<\/tr>\r\n    <\/tbody>\r\n  <\/table>\r\n<\/div>","_medio":"<div>\r\n<table class=\"quadro\">\r\n<thead>\r\n<tr>\r\n<th class=\"hcargo\">Cargo<\/th>\r\n<th class=\"hvagas\">Vagas<\/th>\r\n<th class=\"hremuneracao\">Remunera\u00e7\u00e3o<\/th>\r\n<\/tr>\r\n<\/thead>\r\n    <tbody>\r\n      <td class=\"ccargos\">\r\n<span data-balloon-length=\"medium\" aria-label=\"Ensino M\u00e9dio Completo + conhecimentos b\u00e1sicos de inform\u00e1tica em especial de editor de texto, planilhas eletr\u00f4nicas e internet.\" data-balloon-pos=\"up\">Agente Administrativo (Secretaria M. de Administra\u00e7\u00e3o)<\/span><\/td>\r\n<td class=\"cvagas\">CR<\/td>\r\n<td class=\"cremuneracao\">R$ 1.895,57 \/30h<\/td>\r\n<\/tr><td class=\"ccargos\">\r\n<span data-balloon-length=\"medium\" aria-label=\"Ensino M\u00e9dio Completo + curso de Almoxarife.\" data-balloon-pos=\"up\">Almoxarife (Secretaria de Administra\u00e7\u00e3o)<\/span><\/td>\r\n<td class=\"cvagas\">CR<\/td>\r\n<td class=\"cremuneracao\">R$ 2.816,71 \/40h<\/td>\r\n<\/tr><td class=\"ccargos\">\r\n<span data-balloon-length=\"medium\" aria-label=\"Ensino M\u00e9dio Completo + conhecimentos b\u00e1sicos em inform\u00e1tica e pacote office e no\u00e7\u00f5es de arrecada\u00e7\u00e3o de ICMS.\" data-balloon-pos=\"up\">Agente de Arrecada\u00e7\u00e3o e Tributa\u00e7\u00e3o (Secretaria de Finan\u00e7as)<\/span><\/td>\r\n<td class=\"cvagas\">CR<\/td>\r\n<td class=\"cremuneracao\">R$ 2.310,69 \/30h<\/td>\r\n<\/tr><td class=\"ccargos\">\r\n<span data-balloon-length=\"medium\" aria-label=\"Ensino M\u00e9dio Completo\" data-balloon-pos=\"up\">Agente de Apoio Educacional (Secretaria de Educa\u00e7\u00e3o)<\/span><\/td>\r\n<td class=\"cvagas\">80 + CR<\/td>\r\n<td class=\"cremuneracao\">R$ 1.555,03 \/30h<\/td>\r\n<\/tr><td class=\"ccargos\">\r\n<span data-balloon-length=\"medium\" aria-label=\"Ensino M\u00e9dio Completo\" data-balloon-pos=\"up\">Auxiliar de Sala<\/span><\/td>\r\n<td class=\"cvagas\">25 + CR<\/td>\r\n<td class=\"cremuneracao\">R$ 1.895,57 \/40h<\/td>\r\n<\/tr><td class=\"ccargos\">\r\n<span data-balloon-length=\"medium\" aria-label=\"Ensino M\u00e9dio completo + Disponibilidade para trabalhar na escala diurna ou noturna.\" data-balloon-pos=\"up\">Cuidador de Abrigo Institucional (Secretaria de Assist\u00eancia Social)<\/span><\/td>\r\n<td class=\"cvagas\">01 + CR<\/td>\r\n<td class=\"cremuneracao\">R$ 1.550,14 \/Escala 12x36 ou 24x72<\/td>\r\n<\/tr><td class=\"ccargos\">\r\n<span data-balloon-length=\"medium\" aria-label=\"Curso T\u00e9cnico de n\u00edvel m\u00e9dio em Meio Ambiente + Carteira de Motorista categoria B + dom\u00ednio da legisla\u00e7\u00e3o que regula a mat\u00e9ria e conhecimentos b\u00e1sicos de inform\u00e1tica em especial de editor de texto, planilhas eletr\u00f4nicas e internet.\" data-balloon-pos=\"up\">Fiscal de Meio Ambiente (Secretaria de Meio Ambiente)<\/span><\/td>\r\n<td class=\"cvagas\">CR<\/td>\r\n<td class=\"cremuneracao\">R$ 3.433,54 \/30h<\/td>\r\n<\/tr><td class=\"ccargos\">\r\n<span data-balloon-length=\"medium\" aria-label=\"Ensino m\u00e9dio completo + Dom\u00ednio da legisla\u00e7\u00e3o Municipal sobre parcelamento e uso do solo, C\u00f3digos de Posturas, Plano Diretor, Vigil\u00e2ncia Sanit\u00e1ria, no\u00e7\u00f5es de identifica\u00e7\u00e3o de \u00e1reas de riscos, no\u00e7\u00f5es b\u00e1sicas sobre projetos de edifica\u00e7\u00f5es, e aplicativos comerciais para: edi\u00e7\u00e3o de texto e planilhas.\" data-balloon-pos=\"up\">Fiscal de Obras e Postura (Secretaria de obras e infraestrutura urbana)<\/span><\/td>\r\n<td class=\"cvagas\">CR<\/td>\r\n<td class=\"cremuneracao\">R$ 3.433,54 \/30h<\/td>\r\n<\/tr><td class=\"ccargos\">\r\n<span data-balloon-length=\"medium\" aria-label=\"Ensino m\u00e9dio completo + Dom\u00ednio da legisla\u00e7\u00e3o que regula a mat\u00e9ria e conhecimentos b\u00e1sicos de inform\u00e1tica em especial de editor de texto, planilhas eletr\u00f4nicas e internet + Habilita\u00e7\u00e3o para condu\u00e7\u00e3o de ve\u00edculos (categoria B) + N\u00e3o se enquadrar nas veda\u00e7\u00f5es contidas no inciso XVI e \u00a7 10 do art. 37 da Constitui\u00e7\u00e3o Federal.\" data-balloon-pos=\"up\">Fiscal Sanit\u00e1rio (Secretaria de Sa\u00fade)<\/span><\/td>\r\n<td class=\"cvagas\">CR<\/td>\r\n<td class=\"cremuneracao\">R$ 3.433,54 \/30h<\/td>\r\n<\/tr><td class=\"ccargos\">\r\n<span data-balloon-length=\"medium\" aria-label=\"ensino m\u00e9dio completo, acrescido de curso espec\u00edfico em inform\u00e1tica realizado em institui\u00e7\u00e3o oficial - (Word, Excel, Power Point, Internet, capacidade de operar softwares educacionais), dom\u00ednio de conceitos b\u00e1sicos de inform\u00e1tica; dos componentes fundamentais dos computadores (hardware e software); perif\u00e9ricos; dispositivos de entrada, sa\u00edda e armazenamento de dados; sistemas operacionais + 1 (hum ) ano de experi\u00eancia.\" data-balloon-pos=\"up\">Monitor de Inform\u00e1tica<\/span><\/td>\r\n<td class=\"cvagas\">CR<\/td>\r\n<td class=\"cremuneracao\">R$ 2.310,69 \/40h<\/td>\r\n<\/tr><td class=\"ccargos\">\r\n<span data-balloon-length=\"medium\" aria-label=\"Ensino M\u00e9dio completo + Carteira de artes\u00e3o emitida por \u00f3rg\u00e3o competente do Estado do ES.\" data-balloon-pos=\"up\">Instrutor de Artesanato (Secretaria de Assist\u00eancia Social)<\/span><\/td>\r\n<td class=\"cvagas\">01 + CR<\/td>\r\n<td class=\"cremuneracao\">R$ 21,85 \/15h a 30h<\/td>\r\n<\/tr><td class=\"ccargos\">\r\n<span data-balloon-length=\"medium\" aria-label=\"Ensino M\u00e9dio Completo + Certificado que comprova a participa\u00e7\u00e3o em curso de forma\u00e7\u00e3o espec\u00edfica na \u00e1rea\" data-balloon-pos=\"up\">Instrutor de Artesanato Programa Oficina de Artesanado em M\u00e1rmore e Granito (Secretaria de Assist\u00eancia Social)<\/span><\/td>\r\n<td class=\"cvagas\">01 + CR<\/td>\r\n<td class=\"cremuneracao\">R$ 21,85 \/40h<\/td>\r\n<\/tr><td class=\"ccargos\">\r\n<span data-balloon-length=\"medium\" aria-label=\"Ensino M\u00e9dio Completo + Certificado que comprova a participa\u00e7\u00e3o em curso de forma\u00e7\u00e3o espec\u00edfica na \u00e1rea.\" data-balloon-pos=\"up\">Instrutor de Criatividade e Express\u00e3o (Secretaria de Assist\u00eancia Social)<\/span><\/td>\r\n<td class=\"cvagas\">CR<\/td>\r\n<td class=\"cremuneracao\">R$ 21,85 \/15h a 30h<\/td>\r\n<\/tr><td class=\"ccargos\">\r\n<span data-balloon-length=\"medium\" aria-label=\"Ensino M\u00e9dio completo + Certificado que comprova a participa\u00e7\u00e3o em curso de forma\u00e7\u00e3o espec\u00edfica na \u00e1rea.\" data-balloon-pos=\"up\">Instrutor de Dan\u00e7a (Secretaria de Assist\u00eancia Social)<\/span><\/td>\r\n<td class=\"cvagas\">01 + CR<\/td>\r\n<td class=\"cremuneracao\">R$ 21,85 \/15h a 30h<\/td>\r\n<\/tr><td class=\"ccargos\">\r\n<span data-balloon-length=\"medium\" aria-label=\"Ensino M\u00e9dio completo + Certificado que comprova a participa\u00e7\u00e3o em curso de forma\u00e7\u00e3o espec\u00edfica na \u00e1rea.\" data-balloon-pos=\"up\">Instrutor de Fotografia (Secretaria de Assist\u00eancia Social)<\/span><\/td>\r\n<td class=\"cvagas\">CR<\/td>\r\n<td class=\"cremuneracao\">R$ 21,85 \/15h a 30h<\/td>\r\n<\/tr><td class=\"ccargos\">\r\n<span data-balloon-length=\"medium\" aria-label=\"Ensino M\u00e9dio completo + Diploma de faixa preta da FEK ou CBK, entidades reconhecidas pelo MEC e Comit\u00ea Ol\u00edmpico + Carteira de Registro emitida por \u00f3rg\u00e3o competente.\" data-balloon-pos=\"up\">Instrutor de Karat\u00ea (Secretaria de Assist\u00eancia Social)<\/span><\/td>\r\n<td class=\"cvagas\">01 + CR<\/td>\r\n<td class=\"cremuneracao\">R$ 21,85 \/15h a 30h<\/td>\r\n<\/tr><td class=\"ccargos\">\r\n<span data-balloon-length=\"medium\" aria-label=\"Ensino M\u00e9dio Completo + Certificado que comprova a participa\u00e7\u00e3o em curso de forma\u00e7\u00e3o espec\u00edfica na \u00e1rea.\" data-balloon-pos=\"up\">Instrutor de M\u00fasica e Canto (Secretaria de Assist\u00eancia Social)<\/span><\/td>\r\n<td class=\"cvagas\">01 + CR<\/td>\r\n<td class=\"cremuneracao\">R$ 21,85 \/15h a 30h<\/td>\r\n<\/tr><td class=\"ccargos\">\r\n<span data-balloon-length=\"medium\" aria-label=\"Ensino M\u00e9dio Completo + Certificado que comprova a participa\u00e7\u00e3o em curso de forma\u00e7\u00e3o especifica na \u00e1rea.\" data-balloon-pos=\"up\">Instrutor de Pintura em Geral (Secretaria de Assist\u00eancia Social)<\/span><\/td>\r\n<td class=\"cvagas\">01 + CR<\/td>\r\n<td class=\"cremuneracao\">R$ 21,85 \/15h a 30h<\/td>\r\n<\/tr><td class=\"ccargos\">\r\n<span data-balloon-length=\"medium\" aria-label=\"Ensino M\u00e9dio Completo + Certificado que comprova a participa\u00e7\u00e3o em curso de forma\u00e7\u00e3o espec\u00edfica na \u00e1rea.\" data-balloon-pos=\"up\">Instrutor de Teatro (Secretaria de Assist\u00eancia Social)<\/span><\/td>\r\n<td class=\"cvagas\">01 + CR<\/td>\r\n<td class=\"cremuneracao\">R$ 21,85 \/15h a 30h<\/td>\r\n<\/tr><td class=\"ccargos\">\r\n<span data-balloon-length=\"medium\" aria-label=\"Ensino M\u00e9dio completo + Certificado que comprova a participa\u00e7\u00e3o em curso de forma\u00e7\u00e3o espec\u00edfica na \u00e1rea.\" data-balloon-pos=\"up\">Instrutor de Viol\u00e3o (Secretaria de Assist\u00eancia Social)<\/span><\/td>\r\n<td class=\"cvagas\">01 + CR<\/td>\r\n<td class=\"cremuneracao\">R$ 21,85 \/15h a 30h<\/td>\r\n<\/tr><td class=\"ccargos\">\r\n<span data-balloon-length=\"medium\" aria-label=\"Ensino M\u00e9dio completo + Certificado que comprova a participa\u00e7\u00e3o em curso de forma\u00e7\u00e3o espec\u00edfica na \u00e1rea;\" data-balloon-pos=\"up\">Instrutor de Inform\u00e1tica (Secretaria de Assist\u00eancia Social)<\/span><\/td>\r\n<td class=\"cvagas\">01 + CR<\/td>\r\n<td class=\"cremuneracao\">R$ 21,85 \/15h a 30h<\/td>\r\n<\/tr><td class=\"ccargos\">\r\n<span data-balloon-length=\"medium\" aria-label=\"Ensino m\u00e9dio completo + Curso de T\u00e9cnico em Enfermagem ministrado por institui\u00e7\u00e3o de forma\u00e7\u00e3o profissional reconhecida pelo MEC + Habilita\u00e7\u00e3o legal para exerc\u00edcio da profiss\u00e3o + Conhecimentos b\u00e1sicos de inform\u00e1tica em especial de editor de texto, planilhas eletr\u00f4nicas e internet + N\u00e3o se enquadrar nas veda\u00e7\u00f5es contidas no inciso XVI e \u00a7 10 do art. 37 da Constitui\u00e7\u00e3o Federal.\" data-balloon-pos=\"up\">T\u00e9cnico de Enfermagem (Secretaria de Sa\u00fade)<\/span><\/td>\r\n<td class=\"cvagas\">CR<\/td>\r\n<td class=\"cremuneracao\">R$ 3.433,54 \/40h<\/td>\r\n<\/tr><td class=\"ccargos\">\r\n<span data-balloon-length=\"medium\" aria-label=\"Ensino m\u00e9dio completo + Curso de T\u00e9cnico em Enfermagem ministrado por institui\u00e7\u00e3o de forma\u00e7\u00e3o profissional reconhecida pelo MEC + Habilita\u00e7\u00e3o legal para exerc\u00edcio da profiss\u00e3o + Conhecimentos b\u00e1sicos de inform\u00e1tica em especial de editor de texto, planilhas eletr\u00f4nicas e internet + Ter forma\u00e7\u00e3o em; Capacita\u00e7\u00e3o em Salas de Vacinas: Protocolos, normas e precedimentos para vacina\u00e7\u00e3o e sistemas de informa\u00e7\u00e3o de imuniza\u00e7\u00e3o de no m\u00ednimo 48h + N\u00e3o se enquadrar nas veda\u00e7\u00f5es contidas no inciso XVI e \u00a7 10 do art. 37 da Constitui\u00e7\u00e3o Federal.\" data-balloon-pos=\"up\">T\u00e9cnico de Enfermagem\/Imuniza\u00e7\u00e3o (Secretaria de Sa\u00fade)<\/span><\/td>\r\n<td class=\"cvagas\">CR<\/td>\r\n<td class=\"cremuneracao\">R$ 3.433,54 \/40h<\/td>\r\n<\/tr><td class=\"ccargos\">\r\n<span data-balloon-length=\"medium\" aria-label=\"Curso T\u00e9cnico de n\u00edvel m\u00e9dio em Edifica\u00e7\u00f5es + Conhecimentos de programas computacionais em sua \u00e1rea de atua\u00e7\u00e3o, dom\u00ednio do software CAD - Computer Aided Design, bem como conhecimentos b\u00e1sicos de inform\u00e1tica em especial de editor de texto, planilhas eletr\u00f4nicas e internet.\" data-balloon-pos=\"up\">T\u00e9cnico em Edifica\u00e7\u00f5es (Secretaria M. de Obras e Infraestrutura Urbana)<\/span><\/td>\r\n<td class=\"cvagas\">CR<\/td>\r\n<td class=\"cremuneracao\">R$ 3.433,54 \/40h<\/td>\r\n<\/tr><td class=\"ccargos\">\r\n<span data-balloon-length=\"medium\" aria-label=\"Curso T\u00e9cnico de n\u00edvel m\u00e9dio em Georreferenciamento + Conhecimentos b\u00e1sicos de inform\u00e1tica em especial de editor de texto, planilhas eletr\u00f4nicas e internet.\" data-balloon-pos=\"up\">T\u00e9cnico em Georreferenciamento<\/span><\/td>\r\n<td class=\"cvagas\"><\/td>\r\n<td class=\"cremuneracao\">R$ 0,00 \/<\/td>\r\n<\/tr><td class=\"ccargos\">\r\n<span data-balloon-length=\"medium\" aria-label=\"Curso T\u00e9cnico de n\u00edvel m\u00e9dio em inform\u00e1tica + conhecimentos b\u00e1sicos de inform\u00e1tica em especial de editor de texto, planilhas eletr\u00f4nicas e internet, e instala\u00e7\u00e3o e manuten\u00e7\u00e3o de equipamentos de inform\u00e1tica e instala\u00e7\u00e3o e manuten\u00e7\u00e3o de software.\" data-balloon-pos=\"up\">T\u00e9cnico em Inform\u00e1tica (Secretaria de Administra\u00e7\u00e3o)<\/span><\/td>\r\n<td class=\"cvagas\">CR<\/td>\r\n<td class=\"cremuneracao\">R$ 3.433,54 \/40h<\/td>\r\n<\/tr><td class=\"ccargos\">\r\n<span data-balloon-length=\"medium\" aria-label=\"Curso T\u00e9cnico de n\u00edvel m\u00e9dio em Meio Ambiente + Carteira de Motorista categoria B + Conhecimento b\u00e1sico em inform\u00e1tica em especial editor de texto, planilhas eletr\u00f4nicas e internet.\" data-balloon-pos=\"up\">T\u00e9cnico Ambiental (Secretaria de Meio Ambiente)<\/span><\/td>\r\n<td class=\"cvagas\">CR<\/td>\r\n<td class=\"cremuneracao\">R$ 3.433,54 \/40h<\/td>\r\n<\/tr><td class=\"ccargos\">\r\n<span data-balloon-length=\"medium\" aria-label=\"Ensino m\u00e9dio completo e curso espec\u00edfico de T\u00e9cnico de Seguran\u00e7a do Trabalho + m\u00ednimo de 2 (dois) anos no exerc\u00edcio de atividades similares \u00e0s descritas para a classe.\" data-balloon-pos=\"up\">T\u00e9cnico em Seguran\u00e7a do Trabalho (Secretaria de Administra\u00e7\u00e3o)<\/span><\/td>\r\n<td class=\"cvagas\">CR<\/td>\r\n<td class=\"cremuneracao\">R$ 3.433,54 \/40h<\/td>\r\n<\/tr>\r\n    <\/tbody>\r\n  <\/table>\r\n<\/div>","_superior":"<div>\r\n<table class=\"quadro\">\r\n<thead>\r\n<tr>\r\n<th class=\"hcargo\">Cargo<\/th>\r\n<th class=\"hvagas\">Vagas<\/th>\r\n<th class=\"hremuneracao\">Remunera\u00e7\u00e3o<\/th>\r\n<\/tr>\r\n<\/thead>\r\n    <tbody>\r\n      <tr>\r\n<td class=\"ccargos\">\r\n<span data-balloon-length=\"medium\" aria-label=\"Curso Superior em Administra\u00e7\u00e3o e registro no respectivo conselho de classe + conhecimento b\u00e1sico de inform\u00e1tica.\" data-balloon-pos=\"up\">Administrador<\/span><\/td>\r\n<td class=\"cvagas\">CR<\/td>\r\n<td class=\"cremuneracao\">R$ 5.102,08 \/30h<\/td>\r\n<\/tr><tr>\r\n<td class=\"ccargos\">\r\n<span data-balloon-length=\"medium\" aria-label=\"Curso Superior em Ci\u00eancias da Computa\u00e7\u00e3o, Engenharia da Computa\u00e7\u00e3o ou Redes de Computadores.\" data-balloon-pos=\"up\">Administrador de Redes<\/span><\/td>\r\n<td class=\"cvagas\">CR<\/td>\r\n<td class=\"cremuneracao\">R$ 5.102,08 \/30h<\/td>\r\n<\/tr><tr>\r\n<td class=\"ccargos\">\r\n<span data-balloon-length=\"medium\" aria-label=\"Curso Superior em Biologia, Engenharia Ambiental, Engenharia Florestal, Engenharia Agron\u00f4mica, Engenharia Qu\u00edmica ou Geologia e registro ativo no respectivo conselho de classe. + conhecimentos b\u00e1sicos de inform\u00e1tica, conhecimentos b\u00e1sicos de geoprocessamento e carteira de habilita\u00e7\u00e3o (categoria B).\" data-balloon-pos=\"up\">Analista de Meio Ambiente<\/span><\/td>\r\n<td class=\"cvagas\">CR<\/td>\r\n<td class=\"cremuneracao\">R$ 5.102,08 \/30h<\/td>\r\n<\/tr><tr>\r\n<td class=\"ccargos\">\r\n<span data-balloon-length=\"medium\" aria-label=\"Curso Superior Tecn\u00f3logo em Recursos Humanos e registro no respectivo conselho de classe.\" data-balloon-pos=\"up\">Analista de Recursos Humanos<\/span><\/td>\r\n<td class=\"cvagas\">CR<\/td>\r\n<td class=\"cremuneracao\">R$ 5.102,08 \/30h<\/td>\r\n<\/tr><tr>\r\n<td class=\"ccargos\">\r\n<span data-balloon-length=\"medium\" aria-label=\"Curso Superior em Arquitetura + registro ativo no respectivo conselho de classe + conhecimentos de programas computacionais em sua \u00e1rea de atua\u00e7\u00e3o, dom\u00ednio do software CAD \u2013 Computer Aided Design, bem como conhecimentos b\u00e1sicos de inform\u00e1tica em especial de editor de texto, planilhas eletr\u00f4nicas e internet.\" data-balloon-pos=\"up\">Arquiteto (Secretaria M. de Obras e Infraestrutura Urbana)<\/span><\/td>\r\n<td class=\"cvagas\">CR<\/td>\r\n<td class=\"cremuneracao\">R$ 5.102,08 \/30h<\/td>\r\n<\/tr><tr>\r\n<td class=\"ccargos\">\r\n<span data-balloon-length=\"medium\" aria-label=\"Curso superior em servi\u00e7o social + registro ativo no respectivo conselho de classe + Conhecimentos b\u00e1sicos de inform\u00e1tica, em especial editor de texto, planilhas.\" data-balloon-pos=\"up\">Assistente Social (Secretaria de Assist\u00eancia Social de Secretaria de Educa\u00e7\u00e3o e Secretaria de Sa\u00fade)<\/span><\/td>\r\n<td class=\"cvagas\">01 + CR<\/td>\r\n<td class=\"cremuneracao\">R$ 5.102,08 \/30h<\/td>\r\n<\/tr><tr>\r\n<td class=\"ccargos\">\r\n<span data-balloon-length=\"medium\" aria-label=\"Curso superior em biblioteconomia + Registro ativo no Conselho Regional de Biblioteconomia (CRB) v\u00e1lido.\" data-balloon-pos=\"up\">Bibliotec\u00e1rio (Secretaria de Turismo Cultura e Artesanato)<\/span><\/td>\r\n<td class=\"cvagas\">CR<\/td>\r\n<td class=\"cremuneracao\">R$ 5.102,08 \/30h<\/td>\r\n<\/tr><tr>\r\n<td class=\"ccargos\">\r\n<span data-balloon-length=\"medium\" aria-label=\"Curso Superior em Biologia + registro ativo no respectivo conselho de classe + Conhecimentos b\u00e1sicos de inform\u00e1tica em especial de editor de texto, planilhas eletr\u00f4nicas e internet + Carteira de Motorista categoria B.\" data-balloon-pos=\"up\">Bi\u00f3logo (Secretaria M. de Meio Ambiente)<\/span><\/td>\r\n<td class=\"cvagas\">CR<\/td>\r\n<td class=\"cremuneracao\">R$ 5.102,08 \/30h<\/td>\r\n<\/tr><tr>\r\n<td class=\"ccargos\">\r\n<span data-balloon-length=\"medium\" aria-label=\"Curso superior em Ci\u00eancias Cont\u00e1beis + registro ativo no respectivo conselho de classe + Conhecimentos de inform\u00e1tica em especial de editor de texto, planilhas eletr\u00f4nicas.\" data-balloon-pos=\"up\">Contador (Secretaria de Finan\u00e7as)<\/span><\/td>\r\n<td class=\"cvagas\">CR<\/td>\r\n<td class=\"cremuneracao\">R$ 5.102,08 \/30h<\/td>\r\n<\/tr><tr>\r\n<td class=\"ccargos\">\r\n<span data-balloon-length=\"medium\" aria-label=\"Ensino Superior completo em Pedagogia OU Servi\u00e7o Social OU Psicologia OU Ci\u00eancias Sociais autorizados pelo MEC + Registro ativo no respectivo Conselho de Classe.\" data-balloon-pos=\"up\">Educador Social (Secretaria de Assist\u00eancia Social)<\/span><\/td>\r\n<td class=\"cvagas\">01 + CR<\/td>\r\n<td class=\"cremuneracao\">R$ 3.193,65 \/30h<\/td>\r\n<\/tr><tr>\r\n<td class=\"ccargos\">\r\n<span data-balloon-length=\"medium\" aria-label=\"Curso superior em enfermagem + registro ativo no respectivo conselho de classe + Conhecimentos b\u00e1sicos de inform\u00e1tica, em especial editor de texto, planilhas eletr\u00f4nicas e internet + N\u00e3o se enquadrar nas veda\u00e7\u00f5es contidas no inciso XVI e \u00a7 10 do art. 37 da Constitui\u00e7\u00e3o Federal.\" data-balloon-pos=\"up\">Enfermeiro (Secretaria de Sa\u00fade)<\/span><\/td>\r\n<td class=\"cvagas\">CR<\/td>\r\n<td class=\"cremuneracao\">R$ 5.102,08 \/30h<\/td>\r\n<\/tr><tr>\r\n<td class=\"ccargos\">\r\n<span data-balloon-length=\"medium\" aria-label=\"Curso superior em enfermagem + registro ativo no respectivo conselho de classe + Conhecimentos b\u00e1sicos de inform\u00e1tica, em especial editor de texto, planilhas eletr\u00f4nicas e internet + Ter forma\u00e7\u00e3o em; Capacita\u00e7\u00e3o em Salas de Vacinas: Protocolos, normas e precedimentos para vacina\u00e7\u00e3o e sistemas de informa\u00e7\u00e3o de imuniza\u00e7\u00e3o de no m\u00ednimo 48h + Forma\u00e7\u00e3o para capacita\u00e7\u00e3o, administra\u00e7\u00e3o e tutoria em BCG + N\u00e3o se enquadrar nas veda\u00e7\u00f5es contidas no inciso XVI e \u00a7 10 do art. 37 da Constitui\u00e7\u00e3o Federal.\" data-balloon-pos=\"up\">Enfermeiro\/Imuniza\u00e7\u00e3o (Secretaria de Sa\u00fade)<\/span><\/td>\r\n<td class=\"cvagas\">CR<\/td>\r\n<td class=\"cremuneracao\">R$ 5.102,08 \/30h<\/td>\r\n<\/tr><tr>\r\n<td class=\"ccargos\">\r\n<span data-balloon-length=\"medium\" aria-label=\"Curso superior em Enfermagem + especializa\u00e7\u00e3o em aten\u00e7\u00e3o prim\u00e1ria a sa\u00fade e\/ou sa\u00fade coletiva + Habilita\u00e7\u00e3o legal para exerc\u00edcio da profiss\u00e3o + Registro ativo no respectivo conselho de classe + N\u00e3o se enquadrar nas veda\u00e7\u00f5es contidas no inciso XVI e \u00a7 10 do art. 37 da Constitui\u00e7\u00e3o Federal.\" data-balloon-pos=\"up\">Enfermeiro ESF (Secretaria de Sa\u00fade)<\/span><\/td>\r\n<td class=\"cvagas\">01 + CR<\/td>\r\n<td class=\"cremuneracao\">R$ 7.108,58 \/40h<\/td>\r\n<\/tr><tr>\r\n<td class=\"ccargos\">\r\n<span data-balloon-length=\"medium\" aria-label=\"Curso Superior em Engenharia Agron\u00f4mica e registro ativo no respectivo conselho de classe + Outros requisitos - conhecimentos b\u00e1sicos de inform\u00e1tica em especial de editor de texto, planilhas eletr\u00f4nicas e internet.\" data-balloon-pos=\"up\">Engenheiro Agr\u00f4nomo (Secretaria M. de Agricultura)<\/span><\/td>\r\n<td class=\"cvagas\">CR<\/td>\r\n<td class=\"cremuneracao\">R$ 5.102,08 \/30h<\/td>\r\n<\/tr><tr>\r\n<td class=\"ccargos\">\r\n<span data-balloon-length=\"medium\" aria-label=\"Curso de n\u00edvel superior em Engenharia Civil + Registro ativo no respectivo conselho de classe + 6 (seis) meses de experi\u00eancia, em elabora\u00e7\u00e3o de projetos de estrutura de concreto armado + Conhecimento e Dom\u00ednio do programa auto cad.\" data-balloon-pos=\"up\">Engenheiro Civil (Secretaria M. de Obras e Infraestrutura Urbana)<\/span><\/td>\r\n<td class=\"cvagas\">CR<\/td>\r\n<td class=\"cremuneracao\">R$ 5.102,08 \/30h<\/td>\r\n<\/tr><tr>\r\n<td class=\"ccargos\">\r\n<span data-balloon-length=\"medium\" aria-label=\"Curso superior em engenharia ambienta + registro ativo no conselho profissional + carteira de habilita\u00e7\u00e3o para condu\u00e7\u00e3o de ve\u00edculo (motorista) + conhecimentos b\u00e1sicos de inform\u00e1tica, conhecimentos b\u00e1sicos de software de geoprocessamento.\" data-balloon-pos=\"up\">Engenheiro Ambiental (Secretaria M. de Meio Ambiente)<\/span><\/td>\r\n<td class=\"cvagas\">CR<\/td>\r\n<td class=\"cremuneracao\">R$ 5.102,08 \/30h<\/td>\r\n<\/tr><tr>\r\n<td class=\"ccargos\">\r\n<span data-balloon-length=\"medium\" aria-label=\"Curso Superior em Engenharia de Agrimensura, ministrado por institui\u00e7\u00e3o reconhecida pelo Minist\u00e9rio da Educa\u00e7\u00e3o + registro ativo no respectivo conselho de classe + conhecimentos de inform\u00e1tica em especial de editor de texto, planilhas eletr\u00f4nicas e internet e, em softwares correlatos a \u00e1rea de atua\u00e7\u00e3o.\" data-balloon-pos=\"up\">Engenheiro Agrimensor (Secretaria M. de Obras e Infraestrutura Urbana)<\/span><\/td>\r\n<td class=\"cvagas\">CR<\/td>\r\n<td class=\"cremuneracao\">R$ 5.102,08 \/30h<\/td>\r\n<\/tr><tr>\r\n<td class=\"ccargos\">\r\n<span data-balloon-length=\"medium\" aria-label=\"Curso superior em farm\u00e1cia + registro ativo no respectivo conselho de classe + Conhecimentos b\u00e1sicos de inform\u00e1tica em especial de editor de texto, planilhas eletr\u00f4nicas e internet + N\u00e3o se enquadrar nas veda\u00e7\u00f5es contidas no inciso XVI e \u00a7 10 do art. 37 da Constitui\u00e7\u00e3o Federal.\" data-balloon-pos=\"up\">Farmac\u00eautico (Secretaria de Sa\u00fade)<\/span><\/td>\r\n<td class=\"cvagas\">CR<\/td>\r\n<td class=\"cremuneracao\">R$ 5.102,08 \/30h<\/td>\r\n<\/tr><tr>\r\n<td class=\"ccargos\">\r\n<span data-balloon-length=\"medium\" aria-label=\"Curso superior em fisioterapia + registro ativo no respectivo conselho de classe + Conhecimentos b\u00e1sicos de inform\u00e1tica, em especial editor de texto, planilhas eletr\u00f4nicas e internet + N\u00e3o se enquadrar nas veda\u00e7\u00f5es contidas no inciso XVI e \u00a7 10 do art. 37 da Constitui\u00e7\u00e3o Federal.\" data-balloon-pos=\"up\">Fisioterapeuta (Secretaria de Sa\u00fade)<\/span><\/td>\r\n<td class=\"cvagas\">CR<\/td>\r\n<td class=\"cremuneracao\">R$ 5.102,08 \/30h<\/td>\r\n<\/tr><tr>\r\n<td class=\"ccargos\">\r\n<span data-balloon-length=\"medium\" aria-label=\"Curso superior em Fonoaudiologia + registro ativo no respectivo conselho de classe + Conhecimentos b\u00e1sicos de inform\u00e1tica em especial de editor de texto, planilhas eletr\u00f4nicas e internet + N\u00e3o se enquadrar nas veda\u00e7\u00f5es contidas no inciso XVI e \u00a7 10 do art. 37 da Constitui\u00e7\u00e3o Federal.\" data-balloon-pos=\"up\">Fonoaudi\u00f3logo<\/span><\/td>\r\n<td class=\"cvagas\">CR<\/td>\r\n<td class=\"cremuneracao\">R$ 5.102,08 \/30h<\/td>\r\n<\/tr><tr>\r\n<td class=\"ccargos\">\r\n<span data-balloon-length=\"medium\" aria-label=\"Curso Superior em Medicina e especializa\u00e7\u00e3o em Medicina do Trabalho de, no m\u00ednimo, 360 horas\/aula, ministrado por institui\u00e7\u00e3o reconhecida pelo Minist\u00e9rio da Educa\u00e7\u00e3o e registro no respectivo conselho de classe.\" data-balloon-pos=\"up\">M\u00e9dico do Trabalho<\/span><\/td>\r\n<td class=\"cvagas\">CR<\/td>\r\n<td class=\"cremuneracao\">R$ 7.653,12 \/20h<\/td>\r\n<\/tr><tr>\r\n<td class=\"ccargos\">\r\n<span data-balloon-length=\"medium\" aria-label=\"Curso superior em medicina + registro ativo no respectivo conselho de classe + Conhecimentos b\u00e1sicos de inform\u00e1tica em especial de editor de texto, planilhas eletr\u00f4nicas e internet + N\u00e3o se enquadrar nas veda\u00e7\u00f5es contidas no inciso XVI e \u00a7 10 do art. 37 da Constitui\u00e7\u00e3o Federal.\" data-balloon-pos=\"up\">M\u00e9dico Cl\u00ednico Geral (Secretaria de Sa\u00fade)<\/span><\/td>\r\n<td class=\"cvagas\">CR<\/td>\r\n<td class=\"cremuneracao\">R$ 7.653,12 \/20h<\/td>\r\n<\/tr><tr>\r\n<td class=\"ccargos\">\r\n<span data-balloon-length=\"medium\" aria-label=\"Curso superior em medicina + Habilita\u00e7\u00e3o legal para exerc\u00edcio da profiss\u00e3o + Registro ativo no respectivo conselho de classe + N\u00e3o se enquadrar nas veda\u00e7\u00f5es contidas no inciso XVI e \u00a7 10 do art. 37 da Constitui\u00e7\u00e3o Federal.\" data-balloon-pos=\"up\">M\u00e9dico ESF (Secretaria de Sa\u00fade)<\/span><\/td>\r\n<td class=\"cvagas\">CR<\/td>\r\n<td class=\"cremuneracao\">R$ 14.220,28 \/40h<\/td>\r\n<\/tr><tr>\r\n<td class=\"ccargos\">\r\n<span data-balloon-length=\"medium\" aria-label=\"Curso superior em medicina + registro ativo no respectivo conselho de classe + T\u00edtulo de especialista emitido pela Sociedade de Especialidade ou pelo \u00f3rg\u00e3o de classe correspondente, OU experi\u00eancia comprovada de exerc\u00edcio da especialidade por 5 (cinco) anos consecutivos + Conhecimentos b\u00e1sicos de inform\u00e1tica em especial de editor de texto, planilhas eletr\u00f4nicas e internet + N\u00e3o se enquadrar nas veda\u00e7\u00f5es contidas no inciso XVI e \u00a7 10 do art. 37 da Constitui\u00e7\u00e3o Federal.\" data-balloon-pos=\"up\">M\u00e9dico Especialista Ginecologista (Secretaria de Sa\u00fade)<\/span><\/td>\r\n<td class=\"cvagas\">CR<\/td>\r\n<td class=\"cremuneracao\">R$ 7.653,12 \/20h<\/td>\r\n<\/tr><tr>\r\n<td class=\"ccargos\">\r\n<span data-balloon-length=\"medium\" aria-label=\"Curso superior em medicina + registro ativo no respectivo conselho de classe + T\u00edtulo de especialista emitido pela Sociedade de Especialidade ou pelo \u00f3rg\u00e3o de classe correspondente, OU experi\u00eancia comprovada de exerc\u00edcio da especialidade por 5 (cinco) anos consecutivos + Conhecimentos b\u00e1sicos de inform\u00e1tica em especial de editor de texto, planilhas eletr\u00f4nicas e internet + N\u00e3o se enquadrar nas veda\u00e7\u00f5es contidas no inciso XVI e \u00a7 10 do art. 37 da Constitui\u00e7\u00e3o Federal.\" data-balloon-pos=\"up\">M\u00e9dico Especialista Pediatra (Secretaria de Sa\u00fade)<\/span><\/td>\r\n<td class=\"cvagas\">CR<\/td>\r\n<td class=\"cremuneracao\">R$ 7.653,12 \/20h<\/td>\r\n<\/tr><tr>\r\n<td class=\"ccargos\">\r\n<span data-balloon-length=\"medium\" aria-label=\"Curso Superior em Medicina Veterin\u00e1ria + registro ativo no respectivo conselho de classe + Carteira de habilita\u00e7\u00e3o na categoria B + Conhecimentos b\u00e1sicos de inform\u00e1tica em especial de editor de texto, planilhas eletr\u00f4nicas e internet.\" data-balloon-pos=\"up\">M\u00e9dico Veterin\u00e1rio \u2013 Servi\u00e7o de Inspe\u00e7\u00e3o Municipal (Secretaria de Agricultura)<\/span><\/td>\r\n<td class=\"cvagas\">CR<\/td>\r\n<td class=\"cremuneracao\">R$ 5.102,08 \/30h<\/td>\r\n<\/tr><tr>\r\n<td class=\"ccargos\">\r\n<span data-balloon-length=\"medium\" aria-label=\"Curso superior em Nutri\u00e7\u00e3o + registro ativo no respectivo conselho de classe + Conhecimentos b\u00e1sicos de inform\u00e1tica em especial de editor de texto, planilhas eletr\u00f4nicas e internet + N\u00e3o se enquadrar nas veda\u00e7\u00f5es contidas no inciso XVI e \u00a7 10 do art. 37 da Constitui\u00e7\u00e3o Federal.\" data-balloon-pos=\"up\">Nutricionista (Secretaria de Educa\u00e7\u00e3o e Sa\u00fade)<\/span><\/td>\r\n<td class=\"cvagas\">CR<\/td>\r\n<td class=\"cremuneracao\">R$ 5.102,08 \/30h<\/td>\r\n<\/tr><tr>\r\n<td class=\"ccargos\">\r\n<span data-balloon-length=\"medium\" aria-label=\"Curso superior em Enfermagem + especializa\u00e7\u00e3o em aten\u00e7\u00e3o prim\u00e1ria a sa\u00fade e\/ou sa\u00fade coletiva + Habilita\u00e7\u00e3o legal para exerc\u00edcio da profiss\u00e3o + Registro ativo no respectivo conselho de classe + N\u00e3o se enquadrar nas veda\u00e7\u00f5es contidas no inciso XVI e \u00a7 10 do art. 37 da Constitui\u00e7\u00e3o Federal.\" data-balloon-pos=\"up\">Odont\u00f3logo ESF (Secretaria de Sa\u00fade)<\/span><\/td>\r\n<td class=\"cvagas\">CR<\/td>\r\n<td class=\"cremuneracao\">R$ 8.344,86 \/40h<\/td>\r\n<\/tr><tr>\r\n<td class=\"ccargos\">\r\n<span data-balloon-length=\"medium\" aria-label=\"Curso superior em Odontologia + Habilita\u00e7\u00e3o legal para exerc\u00edcio da profiss\u00e3o + N\u00e3o se enquadrar nas veda\u00e7\u00f5es contidas no inciso XVI e \u00a7 10 do art. 37 da Constitui\u00e7\u00e3o Federal.\" data-balloon-pos=\"up\">Odont\u00f3logo (Secretaria de Sa\u00fade)<\/span><\/td>\r\n<td class=\"cvagas\">CR<\/td>\r\n<td class=\"cremuneracao\">R$ 5.102,08 \/30h<\/td>\r\n<\/tr><tr>\r\n<td class=\"ccargos\">\r\n<span data-balloon-length=\"medium\" aria-label=\"Ensino Superior completo em Pedagogia OU Servi\u00e7o Social OU Psicologia OU Ci\u00eancias Sociais autorizados pelo MEC + Registro ativo no respectivo Conselho de Classe.\" data-balloon-pos=\"up\">Orientador Social (Secretaria de Assist\u00eancia Social)<\/span><\/td>\r\n<td class=\"cvagas\">01 + CR<\/td>\r\n<td class=\"cremuneracao\">R$ 21,85 \/30h<\/td>\r\n<\/tr><tr>\r\n<td class=\"ccargos\">\r\n<span data-balloon-length=\"medium\" aria-label=\"Curso Superior em Direito e registro no respectivo conselho de classe + Conhecimentos b\u00e1sicos de inform\u00e1tica.\" data-balloon-pos=\"up\">Procurador<\/span><\/td>\r\n<td class=\"cvagas\">CR<\/td>\r\n<td class=\"cremuneracao\">R$ 5.102,08 \/30h<\/td>\r\n<\/tr><tr>\r\n<td class=\"ccargos\">\r\n<span data-balloon-length=\"medium\" aria-label=\"Licenciatura plena em pedagogia com habilita\u00e7\u00e3o em supervis\u00e3o escolar E\/OU orienta\u00e7\u00e3o educacional E\/OU administra\u00e7\u00e3o escolar E\/OU gest\u00e3o escolar E\/OU gest\u00e3o educacional E\/OU inspe\u00e7\u00e3o escolar ou licenciatura plena em pedagogia amparada pela Resolu\u00e7\u00e3o CNE\/CP n\u00ba 1, de 15 de maio de 2006; licenciatura plena em qualquer \u00e1rea OU programa de forma\u00e7\u00e3o pedag\u00f3gica acrescidos de p\u00f3s-gradua\u00e7\u00e3o com habilita\u00e7\u00e3o em supervis\u00e3o escolar\/orienta\u00e7\u00e3o, educacional\/administra\u00e7\u00e3o escolar\/gest\u00e3o escolar ou gest\u00e3o educacional ou Inspe\u00e7\u00e3o escolar, devendo ser em institui\u00e7\u00e3o credenciada, autorizada e reconhecida pelo MEC. Ser\u00e1 exigida do profissional com gradua\u00e7\u00e3o\/licenciatura em pedagogia, experi\u00eancia docente de, pelo menos, dois anos.\" data-balloon-pos=\"up\">Pedagogo (Secretaria de Educa\u00e7\u00e3o)<\/span><\/td>\r\n<td class=\"cvagas\">02 + CR<\/td>\r\n<td class=\"cremuneracao\">R$ 24,83 \/25h<\/td>\r\n<\/tr><tr>\r\n<td class=\"ccargos\">\r\n<span data-balloon-length=\"medium\" aria-label=\"Licenciatura plena em pedagogia com habilita\u00e7\u00e3o em supervis\u00e3o escolar E\/OU orienta\u00e7\u00e3o educacional, E\/OU administra\u00e7\u00e3o escolar E\/OU gest\u00e3o escolar, E\/OU gest\u00e3o educacional, E\/OU inspe\u00e7\u00e3o escolar ou licenciatura plena em pedagogia amparada pela Resolu\u00e7\u00e3o CNE\/CP n\u00ba 1, de 15 de maio de 2006; licenciatura plena em qualquer \u00e1rea OU programa de forma\u00e7\u00e3o pedag\u00f3gica acrescidos de p\u00f3s-gradua\u00e7\u00e3o com habilita\u00e7\u00e3o em supervis\u00e3o escolar\/orienta\u00e7\u00e3o, educacional\/administra\u00e7\u00e3o.\" data-balloon-pos=\"up\">Pedagogo(Secretaria Assist\u00eancia Social)<\/span><\/td>\r\n<td class=\"cvagas\">01 + CR<\/td>\r\n<td class=\"cremuneracao\">R$ 24,83 \/25h<\/td>\r\n<\/tr><tr>\r\n<td class=\"ccargos\">\r\n<span data-balloon-length=\"medium\" aria-label=\"Licenciatura Plena em Educa\u00e7\u00e3o F\u00edsica com habilita\u00e7\u00e3o em Educa\u00e7\u00e3o F\u00edsica e registro ativo no CREF.\" data-balloon-pos=\"up\">Professor PB Educa\u00e7\u00e3o F\u00edsica (Secretaria de Assistencia Social)<\/span><\/td>\r\n<td class=\"cvagas\">01 + CR<\/td>\r\n<td class=\"cremuneracao\">R$ 24,83 \/25h<\/td>\r\n<\/tr><tr>\r\n<td class=\"ccargos\">\r\n<span data-balloon-length=\"medium\" aria-label=\"Licenciatura em L\u00edngua Brasileira de Sinais\/Letras Libras OU Licenciatura em Letras \u2013 L\u00edngua Portuguesa OU Diploma de Bacharel \/Tecn\u00f3logo acrescido do Programa de forma\u00e7\u00e3o Pedag\u00f3gica com habilita\u00e7\u00e3o em L\u00edngua Portuguesa E Curso de Atendimento Educacional Especializado na \u00c1rea da Defici\u00eancia Auditiva \u2013 CAEEDA com no m\u00ednimo 180 horas OU Licenciatura em Letras - L\u00edngua Portuguesa OU Diploma de Bacharel \/Tecn\u00f3logo acrescido do Programa de forma\u00e7\u00e3o Pedag\u00f3gica com habilita\u00e7\u00e3o em L\u00edngua Portuguesa E Curso de LIBRAS com carga hor\u00e1ria m\u00ednima de 240 horas (120h B\u00e1sico de Libras + 120h Intermedi\u00e1rio de Libras) com certifica\u00e7\u00e3o emitida por institui\u00e7\u00f5es p\u00fablicas, institui\u00e7\u00f5es de ensino superior ou certifica\u00e7\u00e3o emitida por cursos avulsos convalidados por Institui\u00e7\u00e3o de Ensino Superior \u2013 IES ou Certifica\u00e7\u00e3o de profici\u00eancia em LIBRAS (PROLIBRAS).\" data-balloon-pos=\"up\">Professor PA ou PB para atendimento educacional especializado para \u00e1rea de defici\u00eancia auditiva (Secretaria de Educa\u00e7\u00e3o)<\/span><\/td>\r\n<td class=\"cvagas\">CR<\/td>\r\n<td class=\"cremuneracao\">R$ 24,83 \/25h<\/td>\r\n<\/tr><tr>\r\n<td class=\"ccargos\">\r\n<span data-balloon-length=\"medium\" aria-label=\"Licenciatura em L\u00edngua Brasileira de Sinais\/Letras Libras OU Licenciatura em qualquer \u00c1rea da Educa\u00e7\u00e3o E Certificado de profici\u00eancia (PROLIBRAS) para o \u201cUso e ensino de LIBRAS\u201d, OU Bacharelado em L\u00edngua Brasileira de Sinais\/Letras Libras OU Licenciatura em qualquer \u00c1rea da Educa\u00e7\u00e3o E Certificado de Curso de Instrutor com carga hor\u00e1ria m\u00ednima de 120 (cento e vinte) horas com certifica\u00e7\u00e3o emitida por institui\u00e7\u00f5es p\u00fablicas, institui\u00e7\u00f5es de ensino superior ou certifica\u00e7\u00e3o emitida por cursos avulsos convalidados por Institui\u00e7\u00e3o de Ensino Superior E Exame Audiom\u00e9trico acompanhado de laudo m\u00e9dico, conforme artigo 1\u00ba , Par\u00e1grafo \u00fanico, do Decreto Federal n\u00ba 5.626\/2005.\" data-balloon-pos=\"up\">Professor PA ou PB Libras Surdo (Instrutor de Libras) \u2013 Candidato Surdo Conforme ART 7\u00ba, DEC n\u00ba 5626\/2005 (Secretaria de Educa\u00e7\u00e3o)<\/span><\/td>\r\n<td class=\"cvagas\">CR<\/td>\r\n<td class=\"cremuneracao\">R$ 24,83 \/25h<\/td>\r\n<\/tr><tr>\r\n<td class=\"ccargos\">\r\n<span data-balloon-length=\"medium\" aria-label=\"Licenciatura Plena em Letras\/Ingl\u00eas OU Licenciatura Plena em Portugu\u00eas\/Ingl\u00eas OU Programa Especial de Forma\u00e7\u00e3o Pedag\u00f3gica para docentes nas Licenciaturas: Letras\/Ingl\u00eas e Portugu\u00eas\/Ingl\u00eas.\" data-balloon-pos=\"up\">Professor PB Letras\/Ingl\u00eas (Secretaria de Educa\u00e7\u00e3o)<\/span><\/td>\r\n<td class=\"cvagas\">CR<\/td>\r\n<td class=\"cremuneracao\">R$ 24,83 \/25h<\/td>\r\n<\/tr><tr>\r\n<td class=\"ccargos\">\r\n<span data-balloon-length=\"medium\" aria-label=\"Licenciatura Plena em Educa\u00e7\u00e3o F\u00edsica com habilita\u00e7\u00e3o em Educa\u00e7\u00e3o F\u00edsica e registro ativo no CREF.\" data-balloon-pos=\"up\">Professor PB \u2013 Educa\u00e7\u00e3o F\u00edsica (Secretaria de Educa\u00e7\u00e3o)<\/span><\/td>\r\n<td class=\"cvagas\">CR<\/td>\r\n<td class=\"cremuneracao\">R$ 24,83 \/25h<\/td>\r\n<\/tr><tr>\r\n<td class=\"ccargos\">\r\n<span data-balloon-length=\"medium\" aria-label=\"Licenciatura em Artes Pl\u00e1sticas OU Licenciatura Plena em Educa\u00e7\u00e3o Art\u00edstica OU Licenciatura Plena em Artes Pl\u00e1sticas OU Licenciatura Plena em Artes Visuais OU Licenciatura em M\u00fasica OU Licenciatura Plena em Artes C\u00eanicas OU Programa Especial de Forma\u00e7\u00e3o Pedag\u00f3gica para docentes nas licenciaturas: Arte, Educa\u00e7\u00e3o Art\u00edstica, Artes Pl\u00e1sticas, Artes Visuais, M\u00fasica e Artes C\u00eanicas OU Licenciatura Plena em Teatro ou Dan\u00e7a.\" data-balloon-pos=\"up\">Professor PB Arte (Secretaria de Educa\u00e7\u00e3o)<\/span><\/td>\r\n<td class=\"cvagas\">02 + CR<\/td>\r\n<td class=\"cremuneracao\">R$ 24,83 \/25h<\/td>\r\n<\/tr><tr>\r\n<td class=\"ccargos\">\r\n<span data-balloon-length=\"medium\" aria-label=\"Forma\u00e7\u00e3o docente de n\u00edvel superior em curso de Pedagogia ou Normal Superior. Registro no \u00f3rg\u00e3o competente.\" data-balloon-pos=\"up\">Professor PA (Secretaria de Educa\u00e7\u00e3o)<\/span><\/td>\r\n<td class=\"cvagas\">40 + CR<\/td>\r\n<td class=\"cremuneracao\">R$ 24,83 \/25h<\/td>\r\n<\/tr><tr>\r\n<td class=\"ccargos\">\r\n<span data-balloon-length=\"medium\" aria-label=\"Licenciatura em L\u00edngua Brasileira de Sinais\/Letras Libras OU Licenciatura Plena em Pedagogia (Habilita\u00e7\u00e3o em Magist\u00e9rio das s\u00e9ries iniciais em n\u00edvel superior) OU Licenciatura Plena em Pedagogia amparada pela Resolu\u00e7\u00e3o CNE\/CP n\u00ba 1, de 15 de maio de 2006 OU Licenciatura em qualquer \u00c1rea da Educa\u00e7\u00e3o OU Magist\u00e9rio das s\u00e9ries iniciais em n\u00edvel superior E Certificado de profici\u00eancia (PROLIBRAS) para o \u201cUso e ensino de LIBRAS\u201d , ou Bacharelado em L\u00edngua Brasileira de Sinais\/Letras Libras OU Licenciatura Plena em Pedagogia (Habilita\u00e7\u00e3o em Magist\u00e9rio das s\u00e9ries iniciais em n\u00edvel superior) OU Licenciatura Plena em Pedagogia amparada pela Resolu\u00e7\u00e3o CNE\/CP n\u00ba 1, de 15 de maio de 2006, OU Licenciatura em qualquer \u00c1rea da Educa\u00e7\u00e3o OU Magist\u00e9rio das s\u00e9ries iniciais em n\u00edvel superior E Certificado de Curso de Instrutor com carga hor\u00e1ria m\u00ednima de 120 (cento e vinte) horas com certifica\u00e7\u00e3o emitida por institui\u00e7\u00f5es p\u00fablicas, institui\u00e7\u00f5es de ensino superior ou certifica\u00e7\u00e3o emitida por cursos avulsos convalidados por Institui\u00e7\u00e3o de Ensino Superior.\" data-balloon-pos=\"up\">Professor PA ou PB Especializado com atua\u00e7\u00e3o na educa\u00e7\u00e3o especial em Libras (Instrutor de Libras \u2013 Candidato Ouvinte (Secretaria de Educa\u00e7\u00e3o))<\/span><\/td>\r\n<td class=\"cvagas\">CR<\/td>\r\n<td class=\"cremuneracao\">R$ 24,83 \/25h<\/td>\r\n<\/tr><tr>\r\n<td class=\"ccargos\">\r\n<span data-balloon-length=\"medium\" aria-label=\"Licenciatura plena em qualquer \u00e1rea da Educa\u00e7\u00e3o E curso com carga hor\u00e1ria m\u00ednima de 120 (cento e vinte) horas na \u00e1rea de defici\u00eancia mental\/intelectual com certifica\u00e7\u00e3o emitida por institui\u00e7\u00f5es p\u00fablicas, institui\u00e7\u00f5es de ensino superior, ou certifica\u00e7\u00e3o emitida por cursos avulsos convalidados por Institui\u00e7\u00e3o de Ensino Superior - IES OU Curso de P\u00f3s-gradua\u00e7\u00e3o na \u00e1rea de educa\u00e7\u00e3o inclusiva e\/ou especial na \u00e1rea pleiteada. Ou curso de n\u00edvel superior na \u00e1rea de educa\u00e7\u00e3o em nivel de licenciatura plena e curso com carga hor\u00e1ria m\u00ednima de 120 (cento e vinte) horas na \u00e1rea de TGD e ou TEA com certifica\u00e7\u00e3o emitida por institui\u00e7\u00f5es p\u00fablicas, institui\u00e7\u00f5es de ensino superior, ou certifica\u00e7\u00e3o emitida por cursos avulsos convalidados por Institui\u00e7\u00e3o de Ensino Superior - IES OU Curso de P\u00f3s-gradua\u00e7\u00e3o na \u00e1rea de educa\u00e7\u00e3o inclusiva e\/ou especial na \u00e1rea pleiteada. Profissional ouvinte com Licenciatura plena em qualquer \u00e1rea da Educa\u00e7\u00e3o E bacharelado em Letras LIBRAS; OU Profissional ouvinte com Licenciatura Plena em qualquer \u00e1rea da Educa\u00e7\u00e3o E curso t\u00e9cnico em tradu\u00e7\u00e3o e interpreta\u00e7\u00e3o da LIBRAS; OU Profissional ouvinte com Licenciatura Plena em qualquer \u00e1rea da Educa\u00e7\u00e3o E Certificado de Profici\u00eancia na \u201cTradu\u00e7\u00e3o e Interpreta\u00e7\u00e3o da LIBRAS \u2013 L\u00edngua Portuguesa\">Professor PA ou PB Atendimento Educacional Especializado para \u00e1rea de defici\u00eancia intelectual e transtornos do espectro autista (TEA) (Secretaria de Educa\u00e7\u00e3o)<\/span><\/td>\r\n<td class=\"cvagas\">CR<\/td>\r\n<td class=\"cremuneracao\">R$ 24,83 \/25h<\/td>\r\n<\/tr><tr>\r\n<td class=\"ccargos\">\r\n<span data-balloon-length=\"medium\" aria-label=\"Licenciatura plena em qualquer \u00e1rea da Educa\u00e7\u00e3o E bacharelado em Letras LIBRAS; OU Profissional ouvinte com Licenciatura Plena em qualquer \u00e1rea da Educa\u00e7\u00e3o E curso t\u00e9cnico em tradu\u00e7\u00e3o e interpreta\u00e7\u00e3o da LIBRAS; OU Profissional ouvinte com Licenciatura Plena em qualquer \u00e1rea da Educa\u00e7\u00e3o E Certificado de Profici\u00eancia na \u201cTradu\u00e7\u00e3o e Interpreta\u00e7\u00e3o da LIBRAS \u2013 L\u00edngua Portuguesa\">Professor PA ou PB int\u00e9rprete e tradutor de Libras (Secretaria de Educa\u00e7\u00e3o)<\/span><\/td>\r\n<td class=\"cvagas\">CR<\/td>\r\n<td class=\"cremuneracao\">R$ 24,83 \/25h<\/td>\r\n<\/tr><tr>\r\n<td class=\"ccargos\">\r\n<span data-balloon-length=\"medium\" aria-label=\"Licenciatura plena em qualquer \u00e1rea da Educa\u00e7\u00e3o E Curso com carga hor\u00e1ria m\u00ednima de 120 (cento e vinte) horas na \u00e1rea de defici\u00eancia visual com certifica\u00e7\u00e3o emitida por institui\u00e7\u00f5es p\u00fablicas, institui\u00e7\u00f5es de ensino superior ou certifica\u00e7\u00e3o emitida por cursos avulsos convalidados por Institui\u00e7\u00e3o de Ensino Superior \u2013 IES. OU Licenciatura plena em qualquer \u00e1rea da Educa\u00e7\u00e3o E Curso com carga hor\u00e1ria m\u00ednima de 120 (cento e vinte) horas na \u00e1rea de defici\u00eancia visual com certifica\u00e7\u00e3o emitida por institui\u00e7\u00f5es p\u00fablicas, institui\u00e7\u00f5es de ensino superior ou certifica\u00e7\u00e3o emitida por cursos avulsos convalidados por Institui\u00e7\u00e3o de Ensino Superior E Curso com carga hor\u00e1ria m\u00ednima de 80 (oitenta) horas de revisor de texto Braille E\/Ou Curso com carga hor\u00e1ria m\u00ednima de 80 (oitenta) horas de transcritor de texto Braille E\/Ou Curso com carga hor\u00e1ria m\u00ednima de 80 (oitenta) horas na \u00e1rea de Orienta\u00e7\u00e3o e Mobilidade com certifica\u00e7\u00e3o emitida por institui\u00e7\u00f5es p\u00fablicas, institui\u00e7\u00f5es de ensino superior ou certifica\u00e7\u00e3o emitida por cursos avulsos convalidados por Institui\u00e7\u00e3o de Ensino Superior \u2013 IES.\" data-balloon-pos=\"up\">Professor PA ou PB especializado para \u00e1rea de Defici\u00eancia Visual (Secretaria de Educa\u00e7\u00e3o)<\/span><\/td>\r\n<td class=\"cvagas\">CR<\/td>\r\n<td class=\"cremuneracao\">R$ 24,83 \/25h<\/td>\r\n<\/tr><tr>\r\n<td class=\"ccargos\">\r\n<span data-balloon-length=\"medium\" aria-label=\"Curso superior em Psicologia + registro ativo no respectivo conselho de classe + Conhecimentos b\u00e1sicos de inform\u00e1tica em especial de editor de texto, planilhas eletr\u00f4nicas e internet + N\u00e3o se enquadrar nas veda\u00e7\u00f5es contidas no inciso XVI e \u00a7 10 do art. 37 da Constitui\u00e7\u00e3o Federal.\" data-balloon-pos=\"up\">Psic\u00f3logo (Secretaria de Assist\u00eancia Social de Secretaria de Educa\u00e7\u00e3o e Secretaria de Sa\u00fade)<\/span><\/td>\r\n<td class=\"cvagas\">CR<\/td>\r\n<td class=\"cremuneracao\">R$ 5.102,08 \/30h<\/td>\r\n<\/tr><tr>\r\n<td class=\"ccargos\">\r\n<span data-balloon-length=\"medium\" aria-label=\"Curso superior em Psicologia + Habilita\u00e7\u00e3o legal para exerc\u00edcio da profiss\u00e3o + Registro ativo no respectivo conselho de classe + N\u00e3o se enquadrar nas veda\u00e7\u00f5es contidas no inciso XVI e \u00a7 10 do art. 37 da Constitui\u00e7\u00e3o Federal.\" data-balloon-pos=\"up\">Psic\u00f3logo ESF (Secretaria de Sa\u00fade)<\/span><\/td>\r\n<td class=\"cvagas\">CR<\/td>\r\n<td class=\"cremuneracao\">R$ 6.182,01 \/40h<\/td>\r\n<\/tr><tr>\r\n<td class=\"ccargos\">\r\n<span data-balloon-length=\"medium\" aria-label=\"Curso de N\u00edvel Superior em Pedagogia ou Psicologia e registro no respectivo conselho de classe, e curso de especializa\u00e7\u00e3o em Psicopedagogia de, no m\u00ednimo, 360 horas\/aula, ministrado por institui\u00e7\u00e3o superior reconhecida pelo MEC, e registro na Associa\u00e7\u00e3o Brasileira de Psicopedagogia.\" data-balloon-pos=\"up\">Psicopedagogo (Secretaria de Educa\u00e7\u00e3o)<\/span><\/td>\r\n<td class=\"cvagas\">CR<\/td>\r\n<td class=\"cremuneracao\">R$ 5.102,08 \/30h<\/td>\r\n<\/tr><tr>\r\n<td class=\"ccargos\">\r\n<span data-balloon-length=\"medium\" aria-label=\"Curso superior em Terapia Ocupacional + Habilita\u00e7\u00e3o legal para exerc\u00edcio da profiss\u00e3o + Registro ativo no respectivo conselho de classe + N\u00e3o se enquadrar nas veda\u00e7\u00f5es contidas no inciso XVI e \u00a7 10 do art. 37 da Constitui\u00e7\u00e3o Federal.\" data-balloon-pos=\"up\">Terapeuta Ocupacional (Secretaria de Sa\u00fade)<\/span><\/td>\r\n<td class=\"cvagas\">CR<\/td>\r\n<td class=\"cremuneracao\">R$ 5.102,08 \/30h<\/td>\r\n<\/tr>\r\n    <\/tbody>\r\n  <\/table>\r\n<\/div>"},"_links":{"self":[{"href":"https:\/\/www.agrobase.com.br\/concursos\/wp-json\/wp\/v2\/posts\/275034","targetHints":{"allow":["GET"]}}],"collection":[{"href":"https:\/\/www.agrobase.com.br\/concursos\/wp-json\/wp\/v2\/posts"}],"about":[{"href":"https:\/\/www.agrobase.com.br\/concursos\/wp-json\/wp\/v2\/types\/post"}],"author":[{"embeddable":true,"href":"https:\/\/www.agrobase.com.br\/concursos\/wp-json\/wp\/v2\/users\/5229"}],"replies":[{"embeddable":true,"href":"https:\/\/www.agrobase.com.br\/concursos\/wp-json\/wp\/v2\/comments?post=275034"}],"version-history":[{"count":2,"href":"https:\/\/www.agrobase.com.br\/concursos\/wp-json\/wp\/v2\/posts\/275034\/revisions"}],"predecessor-version":[{"id":275054,"href":"https:\/\/www.agrobase.com.br\/concursos\/wp-json\/wp\/v2\/posts\/275034\/revisions\/275054"}],"wp:featuredmedia":[{"embeddable":true,"href":"https:\/\/www.agrobase.com.br\/concursos\/wp-json\/wp\/v2\/media\/275033"}],"wp:attachment":[{"href":"https:\/\/www.agrobase.com.br\/concursos\/wp-json\/wp\/v2\/media?parent=275034"}],"wp:term":[{"taxonomy":"category","embeddable":true,"href":"https:\/\/www.agrobase.com.br\/concursos\/wp-json\/wp\/v2\/categories?post=275034"},{"taxonomy":"post_tag","embeddable":true,"href":"https:\/\/www.agrobase.com.br\/concursos\/wp-json\/wp\/v2\/tags?post=275034"},{"taxonomy":"_amplo","embeddable":true,"href":"https:\/\/www.agrobase.com.br\/concursos\/wp-json\/wp\/v2\/_amplo?post=275034"},{"taxonomy":"destaque","embeddable":true,"href":"https:\/\/www.agrobase.com.br\/concursos\/wp-json\/wp\/v2\/destaque?post=275034"},{"taxonomy":"instituicoes","embeddable":true,"href":"https:\/\/www.agrobase.com.br\/concursos\/wp-json\/wp\/v2\/instituicoes?post=275034"}],"curies":[{"name":"wp","href":"https:\/\/api.w.org\/{rel}","templated":true}]}}