{"id":274995,"date":"2025-12-10T07:00:08","date_gmt":"2025-12-10T10:00:08","guid":{"rendered":"https:\/\/www.agrobase.com.br\/concursos\/?p=274995"},"modified":"2025-12-18T18:01:46","modified_gmt":"2025-12-18T21:01:46","slug":"prefeitura-uniao-da-vitoria-pr-concurso-01-2025","status":"publish","type":"post","link":"https:\/\/www.agrobase.com.br\/concursos\/2025\/prefeitura-uniao-da-vitoria-pr-concurso-01-2025\/","title":{"rendered":"Prefeitura Uni\u00e3o da Vit\u00f3ria (PR) &#8211; Concurso 01\/2025"},"content":{"rendered":"<h2>Informa\u00e7\u00f5es Gerais<\/h2>\n<p>O <strong>Concurso P\u00fablico n\u00ba 001\/2025 do Munic\u00edpio de Uni\u00e3o da Vit\u00f3ria (PR)<\/strong>, institu\u00eddo pela Portaria n\u00ba 1357\/2025, est\u00e1 com edital publicado para preenchimento de <strong>143 vagas imediatas<\/strong> e forma\u00e7\u00e3o de cadastro de reserva em regime estatut\u00e1rio.<\/p>\n<p>O certame contempla oportunidades para os n\u00edveis <strong>fundamental completo, m\u00e9dio\/t\u00e9cnico e superior<\/strong>, com remunera\u00e7\u00f5es que variam de R$ 1.719,24 a R$ 15.447,34. As vagas est\u00e3o distribu\u00eddas em diversas \u00e1reas da administra\u00e7\u00e3o municipal, incluindo sa\u00fade, educa\u00e7\u00e3o, infraestrutura, fiscaliza\u00e7\u00e3o e servi\u00e7os gerais.<\/p>\n<p>Para profissionais das <strong>Ci\u00eancias Agr\u00e1rias e \u00e1reas correlatas<\/strong>, o concurso oferece oportunidades de destaque: <strong>Engenheiro Agr\u00f4nomo<\/strong>, <strong>Engenheiro Ambiental<\/strong>, <strong>Engenheiro Florestal<\/strong>, <strong>M\u00e9dico Veterin\u00e1rio<\/strong>, <strong>Nutricionista<\/strong>, <strong>T\u00e9cnico Agr\u00edcola<\/strong> e <strong>T\u00e9cnico em Meio Ambiente<\/strong>. S\u00e3o cargos com jornadas de 30 a 40 horas semanais e remunera\u00e7\u00f5es entre R$ 1.990,23 e R$ 5.544,71.<\/p>\n<p>O concurso ter\u00e1 validade de 2 anos, podendo ser prorrogado por igual per\u00edodo. Continue a leitura para conhecer os detalhes sobre inscri\u00e7\u00f5es, etapas de avalia\u00e7\u00e3o e cronograma de resultados.<\/p>\n<h2>Inscri\u00e7\u00f5es<\/h2>\n<p>As inscri\u00e7\u00f5es para o Concurso P\u00fablico de Uni\u00e3o da Vit\u00f3ria estar\u00e3o abertas no per\u00edodo de <strong>04 a 30 de dezembro de 2025<\/strong>, devendo ser realizadas exclusivamente pela internet.<\/p>\n<p>Para se inscrever, o candidato deve acessar o site <strong>https:\/\/portal.sctreinamentos.selecao.site<\/strong>, selecionar o Munic\u00edpio de Uni\u00e3o da Vit\u00f3ria \u2013 Edital de Concurso P\u00fablico 2025, criar cadastro com senha pessoal, preencher o requerimento de inscri\u00e7\u00e3o e gerar o boleto banc\u00e1rio.<\/p>\n<p>O prazo para impress\u00e3o e pagamento do boleto da taxa de inscri\u00e7\u00e3o \u00e9 de <strong>04 a 31 de dezembro de 2025<\/strong>. A inscri\u00e7\u00e3o s\u00f3 ser\u00e1 confirmada ap\u00f3s a compensa\u00e7\u00e3o banc\u00e1ria do pagamento. N\u00e3o ser\u00e3o aceitas inscri\u00e7\u00f5es via postal, fax, e-mail, WhatsApp ou fora do prazo estabelecido.<\/p>\n<p><strong>Aten\u00e7\u00e3o:<\/strong> o candidato poder\u00e1 inscrever-se em apenas um cargo. Em caso de m\u00faltiplas inscri\u00e7\u00f5es, ser\u00e1 considerada v\u00e1lida somente a \u00faltima efetivada com pagamento confirmado.<\/p>\n<p>O edital n\u00e3o especifica os valores das taxas de inscri\u00e7\u00e3o por n\u00edvel de escolaridade. Recomenda-se consultar o site oficial para verificar os valores vigentes.<\/p>\n<p>Eventuais mudan\u00e7as de endere\u00e7o ou dados cadastrais devem ser atualizadas na \u00e1rea restrita do candidato. Ap\u00f3s a publica\u00e7\u00e3o do resultado final, altera\u00e7\u00f5es devem ser comunicadas diretamente \u00e0 Prefeitura Municipal.<\/p>\n<p>Para informa\u00e7\u00f5es sobre isen\u00e7\u00e3o da taxa de inscri\u00e7\u00e3o, o candidato deve consultar o edital completo, dispon\u00edvel no site da banca organizadora.<\/p>\n<p>Recomenda-se a leitura integral do edital para conhecimento de todas as condi\u00e7\u00f5es, requisitos e procedimentos do certame.<\/p>\n<h2>Etapas e Provas<\/h2>\n<p>O Concurso P\u00fablico do Munic\u00edpio de Uni\u00e3o da Vit\u00f3ria ser\u00e1 composto por at\u00e9 <strong>tr\u00eas etapas<\/strong>, conforme o cargo pretendido:<\/p>\n<p><strong>1\u00aa Etapa \u2013 Prova Objetiva (todos os cargos)<\/strong><\/p>\n<ul>\n<li>Car\u00e1ter: eliminat\u00f3rio e classificat\u00f3rio<\/li>\n<li>Formato: quest\u00f5es de m\u00faltipla escolha com 5 alternativas e apenas uma correta<\/li>\n<li>Total: 40 quest\u00f5es<\/li>\n<li>Dura\u00e7\u00e3o: at\u00e9 3 horas<\/li>\n<li>Data prov\u00e1vel: 18 de janeiro de 2026<\/li>\n<li>Nota m\u00ednima para aprova\u00e7\u00e3o: 50% (5,0 pontos)<\/li>\n<\/ul>\n<p>Para cargos de <strong>n\u00edvel fundamental e m\u00e9dio<\/strong>, a prova abrange:<\/p>\n<ul>\n<li>Conhecimentos B\u00e1sicos: L\u00edngua Portuguesa (10 quest\u00f5es), Matem\u00e1tica (5 quest\u00f5es), Conhecimentos Gerais e Atualidades (5 quest\u00f5es)<\/li>\n<li>Conhecimentos Espec\u00edficos: Conhecimentos T\u00e9cnicos do Cargo e Legisla\u00e7\u00e3o Municipal (20 quest\u00f5es)<\/li>\n<\/ul>\n<p>Para cargos de <strong>n\u00edvel superior<\/strong>, a prova abrange:<\/p>\n<ul>\n<li>Conhecimentos B\u00e1sicos: Legisla\u00e7\u00e3o Municipal (10 quest\u00f5es)<\/li>\n<li>Conhecimentos Espec\u00edficos: Conhecimentos T\u00e9cnicos do Cargo (30 quest\u00f5es)<\/li>\n<\/ul>\n<p><strong>2\u00aa Etapa \u2013 Prova de T\u00edtulos (cargos de n\u00edvel superior)<\/strong><\/p>\n<ul>\n<li>Car\u00e1ter: classificat\u00f3rio<\/li>\n<li>Pontua\u00e7\u00e3o m\u00e1xima: 10 pontos<\/li>\n<li>Prazo para envio: at\u00e9 12 de janeiro de 2026, via \u00e1rea do candidato no site da banca<\/li>\n<li>T\u00edtulos aceitos: Doutorado (4 pontos), Mestrado (3 pontos), Especializa\u00e7\u00e3o m\u00ednimo 360h (2 pontos), Cursos de forma\u00e7\u00e3o continuada com m\u00ednimo de 40h conclu\u00eddos a partir de outubro\/2023 (0,25 ponto cada, m\u00e1ximo 1 ponto)<\/li>\n<\/ul>\n<p><strong>3\u00aa Etapa \u2013 Prova Pr\u00e1tica (Motorista e Operador de M\u00e1quinas)<\/strong><\/p>\n<ul>\n<li>Car\u00e1ter: classificat\u00f3rio<\/li>\n<li>Data prov\u00e1vel: 01 de fevereiro de 2026<\/li>\n<li>Convoca\u00e7\u00e3o: at\u00e9 10 vezes o n\u00famero de vagas, conforme classifica\u00e7\u00e3o na prova objetiva<\/li>\n<li>Nota m\u00ednima para aprova\u00e7\u00e3o: 60% (6,0 pontos)<\/li>\n<li>Requisito obrigat\u00f3rio: apresenta\u00e7\u00e3o da CNH categoria D ou E v\u00e1lida<\/li>\n<\/ul>\n<p>Para Motorista, a prova ser\u00e1 realizada em \u00f4nibus e caminh\u00e3o ca\u00e7amba. Para Operador de M\u00e1quinas, ser\u00e3o utilizadas motoniveladora, retroescavadeira e p\u00e1 carregadeira.<\/p>\n<p>Consulte o edital completo para informa\u00e7\u00f5es detalhadas sobre conte\u00fado program\u00e1tico, crit\u00e9rios de avalia\u00e7\u00e3o e regras espec\u00edficas de cada etapa.<\/p>\n<h2>Resultados e Gabarito<\/h2>\n<p>A divulga\u00e7\u00e3o dos resultados do Concurso P\u00fablico de Uni\u00e3o da Vit\u00f3ria seguir\u00e1 o cronograma previsto no edital:<\/p>\n<ul>\n<li><strong>05\/01\/2026:<\/strong> Publica\u00e7\u00e3o da rela\u00e7\u00e3o de inscritos<\/li>\n<li><strong>09\/01\/2026:<\/strong> Homologa\u00e7\u00e3o das inscri\u00e7\u00f5es e divulga\u00e7\u00e3o dos locais de prova<\/li>\n<li><strong>18\/01\/2026:<\/strong> Publica\u00e7\u00e3o do gabarito provis\u00f3rio (ap\u00f3s as 20h)<\/li>\n<li><strong>27\/01\/2026:<\/strong> Publica\u00e7\u00e3o do gabarito oficial e notas da prova objetiva<\/li>\n<li><strong>30\/01\/2026:<\/strong> Julgamento dos recursos e convoca\u00e7\u00e3o para prova pr\u00e1tica<\/li>\n<li><strong>04\/02\/2026:<\/strong> Publica\u00e7\u00e3o das notas da prova pr\u00e1tica, t\u00edtulos e classifica\u00e7\u00e3o provis\u00f3ria<\/li>\n<li><strong>10\/02\/2026:<\/strong> Homologa\u00e7\u00e3o do resultado final<\/li>\n<\/ul>\n<p><strong>Crit\u00e9rios de desempate:<\/strong><\/p>\n<ul>\n<li>Candidatos com 60 anos ou mais t\u00eam prefer\u00eancia conforme o Estatuto do Idoso<\/li>\n<li>Maior nota em Conhecimentos Espec\u00edficos<\/li>\n<li>Maior nota em Conhecimentos B\u00e1sicos<\/li>\n<li>Maior idade<\/li>\n<\/ul>\n<p><strong>Composi\u00e7\u00e3o da nota final:<\/strong><\/p>\n<ul>\n<li>Motorista e Operador de M\u00e1quinas: Prova Objetiva (60%) + Prova Pr\u00e1tica (40%)<\/li>\n<li>Cargos de n\u00edvel superior: Prova Objetiva (80%) + Prova de T\u00edtulos (20%)<\/li>\n<li>Demais cargos: nota da Prova Objetiva<\/li>\n<\/ul>\n<p>A <strong>homologa\u00e7\u00e3o<\/strong> \u00e9 o ato oficial que valida o resultado final do concurso, permitindo a convoca\u00e7\u00e3o dos aprovados. A convoca\u00e7\u00e3o para posse ser\u00e1 realizada por meio de publica\u00e7\u00e3o de edital no mural oficial da Prefeitura, devendo o candidato apresentar-se ao setor de Recursos Humanos no prazo de 3 dias.<\/p>\n<p>O acompanhamento de todas as publica\u00e7\u00f5es oficiais nos sites <strong>https:\/\/portal.sctreinamentos.selecao.site<\/strong> e <strong>www.uniaodavitoria.pr.gov.br<\/strong>, bem como no Di\u00e1rio Oficial do Munic\u00edpio, \u00e9 de <strong>responsabilidade exclusiva do candidato<\/strong>.<\/p>\n","protected":false},"excerpt":{"rendered":"<p>Concurso Pref. Uni\u00e3o da Vit\u00f3ria (PR) com edital publicado! Vagas p\/ Apoio Educacional e M\u00e9dico (Fund. a Sup.). Inscri\u00e7\u00f5es a partir de 04\/12. Confira detalhes!<\/p>\n","protected":false},"author":5229,"featured_media":274994,"comment_status":"open","ping_status":"open","sticky":true,"template":"","format":"standard","meta":{"_acf_changed":false,"_breakdance_hide_in_design_set":false,"_breakdance_tags":"","footnotes":""},"categories":[3,4,9,10,117,11,13,15,17,19,21,22,119,23,26,29,31,143,157],"tags":[52],"_amplo":[],"destaque":[],"instituicoes":[],"class_list":["post-274995","post","type-post","status-publish","format-standard","has-post-thumbnail","hentry","category-administracao","category-agronomia","category-ciencias-contabeis","category-direito","category-economia","category-educacao-fisica","category-engenharia-ambiental","category-engenharia-florestal","category-farmacia","category-fonoaudiologia","category-medicina","category-veterinaria","category-musica","category-nutricao","category-psicologia","category-tecnico-agricola","category-tecnico-ambiental","category-tecnico-odontologia","category-tecnico-seguranca-trabalho","tag-parana"],"acf":{"_tipo_vagas":"vagas","_numero_vagas":"","_quadro_vagas":"","_cargos":"diversos","_cargos_especificos":"","_salario_max":"R$ 15447.34","_abertura":"20251204","_encerramento":"20251230","_inscricoes":"https:\/\/portal.sctreinamentos.selecao.site","_executora_concurso":"","_instituicao_concurso":[],"_link_adicional":null,"_anexos":null,"_produtos":null,"_vagas":"143 vagas + CR","_salario_min":"R$ 1719.24","_instituicao":"Prefeitura Uni\u00e3o da Vit\u00f3ria","_edital":"https:\/\/www.agrobase.com.br\/concursos\/wp-content\/uploads\/sites\/4\/2025\/12\/edital-01-2025-prefeitura-uniao-da-vitoria-pr.pdf","_anexos_edital":"","_fund_incompleto":"","_fund_completo":"<div>\r\n<table class=\"quadro\">\r\n<thead>\r\n<tr>\r\n<th class=\"hcargo\">Cargo<\/th>\r\n<th class=\"hvagas\">Vagas<\/th>\r\n<th class=\"hremuneracao\">Remunera\u00e7\u00e3o<\/th>\r\n<\/tr>\r\n<\/thead>\r\n    <tbody>\r\n      <td class=\"ccargos\">\r\n<span data-balloon-length=\"medium\" aria-label=\"Ensino Fundamental Completo\" data-balloon-pos=\"up\">Agente de Combate a Endemias<\/span><\/td>\r\n<td class=\"cvagas\">01 + CR<\/td>\r\n<td class=\"cremuneracao\">R$ 1.990,23 \/40h<\/td>\r\n<\/tr><td class=\"ccargos\">\r\n<span data-balloon-length=\"medium\" aria-label=\"Ensino Fundamental Completo\" data-balloon-pos=\"up\">Agente Comunit\u00e1rio de Sa\u00fade<\/span><\/td>\r\n<td class=\"cvagas\">06 + CR<\/td>\r\n<td class=\"cremuneracao\">R$ 1.990,23 \/40h<\/td>\r\n<\/tr><td class=\"ccargos\">\r\n<span data-balloon-length=\"medium\" aria-label=\"Ensino Fundamental Completo\" data-balloon-pos=\"up\">Agente de Servi\u00e7os Gerais<\/span><\/td>\r\n<td class=\"cvagas\">10 + CR<\/td>\r\n<td class=\"cremuneracao\">R$ 1.719,24 \/40h<\/td>\r\n<\/tr><td class=\"ccargos\">\r\n<span data-balloon-length=\"medium\" aria-label=\"Ensino Fundamental Completo\" data-balloon-pos=\"up\">Borracheiro<\/span><\/td>\r\n<td class=\"cvagas\">01 + CR<\/td>\r\n<td class=\"cremuneracao\">R$ 1.719,24 \/40h<\/td>\r\n<\/tr><td class=\"ccargos\">\r\n<span data-balloon-length=\"medium\" aria-label=\"Ensino Fundamental Completo\" data-balloon-pos=\"up\">Carpinteiro\/Pedreiro<\/span><\/td>\r\n<td class=\"cvagas\">01 + CR<\/td>\r\n<td class=\"cremuneracao\">R$ 1.895,46 \/40h<\/td>\r\n<\/tr><td class=\"ccargos\">\r\n<span data-balloon-length=\"medium\" aria-label=\"Ensino Fundamental Completo\" data-balloon-pos=\"up\">Eletricista<\/span><\/td>\r\n<td class=\"cvagas\">01 + CR<\/td>\r\n<td class=\"cremuneracao\">R$ 1.895,46 \/40h<\/td>\r\n<\/tr><td class=\"ccargos\">\r\n<span data-balloon-length=\"medium\" aria-label=\"Ensino Fundamental Completo\" data-balloon-pos=\"up\">Lavador\/Lubrificador<\/span><\/td>\r\n<td class=\"cvagas\">01 + CR<\/td>\r\n<td class=\"cremuneracao\">R$ 1.719,24 \/40h<\/td>\r\n<\/tr><td class=\"ccargos\">\r\n<span data-balloon-length=\"medium\" aria-label=\"Ensino Fundamental Completo e Experi\u00eancia comprovada em CTPS ou declara\u00e7\u00e3o da empresa onde trabalhou\" data-balloon-pos=\"up\">Mec\u00e2nico Geral<\/span><\/td>\r\n<td class=\"cvagas\">02 + CR<\/td>\r\n<td class=\"cremuneracao\">R$ 1.895,46 \/40h<\/td>\r\n<\/tr><td class=\"ccargos\">\r\n<span data-balloon-length=\"medium\" aria-label=\"Ensino Fundamental Completo\" data-balloon-pos=\"up\">Merendeira<\/span><\/td>\r\n<td class=\"cvagas\">15 + CR<\/td>\r\n<td class=\"cremuneracao\">R$ 1.719,24 \/30h<\/td>\r\n<\/tr><td class=\"ccargos\">\r\n<span data-balloon-length=\"medium\" aria-label=\"Ensino Fundamental Completo\" data-balloon-pos=\"up\">Servente<\/span><\/td>\r\n<td class=\"cvagas\">06 + CR<\/td>\r\n<td class=\"cremuneracao\">R$ 1.719,24 \/40h<\/td>\r\n<\/tr><td class=\"ccargos\">\r\n<span data-balloon-length=\"medium\" aria-label=\"Ensino Fundamental Completo\" data-balloon-pos=\"up\">Vigia<\/span><\/td>\r\n<td class=\"cvagas\">02 + CR<\/td>\r\n<td class=\"cremuneracao\">R$ 1.719,24 \/40h<\/td>\r\n<\/tr><td class=\"ccargos\">\r\n<span data-balloon-length=\"medium\" aria-label=\"Ensino Fundamental Completo\" data-balloon-pos=\"up\">Zelador<\/span><\/td>\r\n<td class=\"cvagas\">10 + CR<\/td>\r\n<td class=\"cremuneracao\">R$ 1.719,24 \/40h<\/td>\r\n<\/tr>\r\n    <\/tbody>\r\n  <\/table>\r\n<\/div>","_medio":"<div>\r\n<table class=\"quadro\">\r\n<thead>\r\n<tr>\r\n<th class=\"hcargo\">Cargo<\/th>\r\n<th class=\"hvagas\">Vagas<\/th>\r\n<th class=\"hremuneracao\">Remunera\u00e7\u00e3o<\/th>\r\n<\/tr>\r\n<\/thead>\r\n    <tbody>\r\n      <td class=\"ccargos\">\r\n<span data-balloon-length=\"medium\" aria-label=\"Ensino M\u00e9dio Completo\" data-balloon-pos=\"up\">Fiscal de Obras e Posturas<\/span><\/td>\r\n<td class=\"cvagas\">02 + CR<\/td>\r\n<td class=\"cremuneracao\">R$ 2.089,74 \/30h<\/td>\r\n<\/tr><td class=\"ccargos\">\r\n<span data-balloon-length=\"medium\" aria-label=\"Ensino M\u00e9dio Completo e Experi\u00eancia comprovada em CTPS ou declara\u00e7\u00e3o da empresa onde trabalhou\" data-balloon-pos=\"up\">Mec\u00e2nico Eletricista<\/span><\/td>\r\n<td class=\"cvagas\">01 + CR<\/td>\r\n<td class=\"cremuneracao\">R$ 1.895,46 \/40h<\/td>\r\n<\/tr><td class=\"ccargos\">\r\n<span data-balloon-length=\"medium\" aria-label=\"Ensino M\u00e9dio Completo, CNH 'D' ou 'E' definitiva e Experi\u00eancia m\u00ednima de 1 ano comprovada em CTPS ou declara\u00e7\u00e3o da empresa onde trabalhou\" data-balloon-pos=\"up\">Motorista<\/span><\/td>\r\n<td class=\"cvagas\">10 + CR<\/td>\r\n<td class=\"cremuneracao\">R$ 2.419,14 \/40h<\/td>\r\n<\/tr><td class=\"ccargos\">\r\n<span data-balloon-length=\"medium\" aria-label=\"Ensino M\u00e9dio Completo, CNH 'D' ou 'E' definitiva e Experi\u00eancia m\u00ednima de 1 ano comprovada em CTPS ou declara\u00e7\u00e3o da empresa onde trabalhou\" data-balloon-pos=\"up\">Operador de M\u00e1quinas<\/span><\/td>\r\n<td class=\"cvagas\">04 + CR<\/td>\r\n<td class=\"cremuneracao\">R$ 2.303,94 \/40h<\/td>\r\n<\/tr><td class=\"ccargos\">\r\n<span data-balloon-length=\"medium\" aria-label=\"Ensino M\u00e9dio Completo\" data-balloon-pos=\"up\">Profissional de Apoio Educacional<\/span><\/td>\r\n<td class=\"cvagas\">40 + CR<\/td>\r\n<td class=\"cremuneracao\">R$ 1.719,24 \/30h<\/td>\r\n<\/tr><td class=\"ccargos\">\r\n<span data-balloon-length=\"medium\" aria-label=\"Ensino M\u00e9dio T\u00e9cnico Agr\u00edcola Completo e Registro Ativo no CREA\/PR\" data-balloon-pos=\"up\">T\u00e9cnico Agr\u00edcola<\/span><\/td>\r\n<td class=\"cvagas\">CR<\/td>\r\n<td class=\"cremuneracao\">R$ 1.990,23 \/30h<\/td>\r\n<\/tr><td class=\"ccargos\">\r\n<span data-balloon-length=\"medium\" aria-label=\"Ensino M\u00e9dio T\u00e9cnico em Meio Ambiente Completo e Registro Ativo no CREA\/PR\" data-balloon-pos=\"up\">T\u00e9cnico em Meio Ambiente<\/span><\/td>\r\n<td class=\"cvagas\">01 + CR<\/td>\r\n<td class=\"cremuneracao\">R$ 2.419,14 \/40h<\/td>\r\n<\/tr><td class=\"ccargos\">\r\n<span data-balloon-length=\"medium\" aria-label=\"Ensino M\u00e9dio Completo e Curso T\u00e9cnico em Sa\u00fade Bucal e Registro Ativo no CRO\/PR\" data-balloon-pos=\"up\">T\u00e9cnico em Sa\u00fade Bucal da Estrat\u00e9gia de Sa\u00fade da Fam\u00edlia \u2013 ESF<\/span><\/td>\r\n<td class=\"cvagas\">01 + CR<\/td>\r\n<td class=\"cremuneracao\">R$ 2.089,74 \/40h<\/td>\r\n<\/tr>\r\n    <\/tbody>\r\n  <\/table>\r\n<\/div>","_superior":"<div>\r\n<table class=\"quadro\">\r\n<thead>\r\n<tr>\r\n<th class=\"hcargo\">Cargo<\/th>\r\n<th class=\"hvagas\">Vagas<\/th>\r\n<th class=\"hremuneracao\">Remunera\u00e7\u00e3o<\/th>\r\n<\/tr>\r\n<\/thead>\r\n    <tbody>\r\n      <tr>\r\n<td class=\"ccargos\">\r\n<span data-balloon-length=\"medium\" aria-label=\"Ensino Superior Completo em Direito com Registro Ativo na OAB\/PR\" data-balloon-pos=\"up\">Advogado<\/span><\/td>\r\n<td class=\"cvagas\">CR<\/td>\r\n<td class=\"cremuneracao\">R$ 11.524,04 \/40h<\/td>\r\n<\/tr><tr>\r\n<td class=\"ccargos\">\r\n<span data-balloon-length=\"medium\" aria-label=\"Ensino Superior Completo em Qualquer \u00c1rea\" data-balloon-pos=\"up\">Agente de Tr\u00e2nsito, Vigil\u00e2ncia e Fiscaliza\u00e7\u00e3o<\/span><\/td>\r\n<td class=\"cvagas\">01 + CR<\/td>\r\n<td class=\"cremuneracao\">R$ 2.540,09 \/40h<\/td>\r\n<\/tr><tr>\r\n<td class=\"ccargos\">\r\n<span data-balloon-length=\"medium\" aria-label=\"Ensino Superior em Ci\u00eancias Cont\u00e1beis e Registro ativo no CRC\/PR\" data-balloon-pos=\"up\">Assistente em Contabilidade<\/span><\/td>\r\n<td class=\"cvagas\">CR<\/td>\r\n<td class=\"cremuneracao\">R$ 3.403,97 \/40h<\/td>\r\n<\/tr><tr>\r\n<td class=\"ccargos\">\r\n<span data-balloon-length=\"medium\" aria-label=\"Ensino Superior Completo em Ci\u00eancias Cont\u00e1beis, Economia, Administra\u00e7\u00e3o ou Direito e registro ativo no respectivo Conselho Profissional do Paran\u00e1\" data-balloon-pos=\"up\">Auditor Fiscal<\/span><\/td>\r\n<td class=\"cvagas\">CR<\/td>\r\n<td class=\"cremuneracao\">R$ 7.076,61 \/30h<\/td>\r\n<\/tr><tr>\r\n<td class=\"ccargos\">\r\n<span data-balloon-length=\"medium\" aria-label=\"Ensino Superior Completo Bacharelado em Educa\u00e7\u00e3o F\u00edsica e Registro CREF\/PR\" data-balloon-pos=\"up\">Educador F\u00edsico<\/span><\/td>\r\n<td class=\"cvagas\">01 + CR<\/td>\r\n<td class=\"cremuneracao\">R$ 5.029,21 \/40h<\/td>\r\n<\/tr><tr>\r\n<td class=\"ccargos\">\r\n<span data-balloon-length=\"medium\" aria-label=\"Ensino Superior Completo em Agronomia e Registro Ativo no CREA\/PR\" data-balloon-pos=\"up\">Engenheiro Agr\u00f4nomo<\/span><\/td>\r\n<td class=\"cvagas\">CR<\/td>\r\n<td class=\"cremuneracao\">R$ 5.029,21 \/30h<\/td>\r\n<\/tr><tr>\r\n<td class=\"ccargos\">\r\n<span data-balloon-length=\"medium\" aria-label=\"Ensino Superior Completo em Engenharia Ambiental e Registro Ativo no CREA\/PR\" data-balloon-pos=\"up\">Engenheiro Ambiental<\/span><\/td>\r\n<td class=\"cvagas\">01 + CR<\/td>\r\n<td class=\"cremuneracao\">R$ 5.029,21 \/40h<\/td>\r\n<\/tr><tr>\r\n<td class=\"ccargos\">\r\n<span data-balloon-length=\"medium\" aria-label=\"Ensino Superior Completo em Engenharia Florestal e Registro Ativo no CREA\/PR\" data-balloon-pos=\"up\">Engenheiro Florestal<\/span><\/td>\r\n<td class=\"cvagas\">01 + CR<\/td>\r\n<td class=\"cremuneracao\">R$ 5.029,21 \/40h<\/td>\r\n<\/tr><tr>\r\n<td class=\"ccargos\">\r\n<span data-balloon-length=\"medium\" aria-label=\"N\u00edvel Superior Completo em Farm\u00e1cia e Registro Ativo no CRF\/PR\" data-balloon-pos=\"up\">Farmac\u00eautico<\/span><\/td>\r\n<td class=\"cvagas\">02 + CR<\/td>\r\n<td class=\"cremuneracao\">R$ 5.029,21 \/40h<\/td>\r\n<\/tr><tr>\r\n<td class=\"ccargos\">\r\n<span data-balloon-length=\"medium\" aria-label=\"Ensino Superior em Fonoaudiologia e Registro Ativo no Crefono\/PR\" data-balloon-pos=\"up\">Fonoaudi\u00f3logo - 20h<\/span><\/td>\r\n<td class=\"cvagas\">CR<\/td>\r\n<td class=\"cremuneracao\">R$ 3.403,97 \/20h<\/td>\r\n<\/tr><tr>\r\n<td class=\"ccargos\">\r\n<span data-balloon-length=\"medium\" aria-label=\"Ensino Superior em Fonoaudiologia e Registro Ativo no Crefono\/PR\" data-balloon-pos=\"up\">Fonoaudi\u00f3logo - 30h<\/span><\/td>\r\n<td class=\"cvagas\">CR<\/td>\r\n<td class=\"cremuneracao\">R$ 7.076,61 \/30h<\/td>\r\n<\/tr><tr>\r\n<td class=\"ccargos\">\r\n<span data-balloon-length=\"medium\" aria-label=\"Licenciatura em M\u00fasica e forma\u00e7\u00e3o em M\u00e9todo Suzuki\" data-balloon-pos=\"up\">Instrutor de M\u00fasica Instrumentista<\/span><\/td>\r\n<td class=\"cvagas\">01 + CR<\/td>\r\n<td class=\"cremuneracao\">R$ 3.752,87 \/40h<\/td>\r\n<\/tr><tr>\r\n<td class=\"ccargos\">\r\n<span data-balloon-length=\"medium\" aria-label=\"Ensino Superior Completo em Medicina e Registro Ativo no CRM\/PR\" data-balloon-pos=\"up\">M\u00e9dico Estrat\u00e9gia de Sa\u00fade da Fam\u00edlia \u2013 ESF<\/span><\/td>\r\n<td class=\"cvagas\">CR<\/td>\r\n<td class=\"cremuneracao\">R$ 15.447,34 \/40h<\/td>\r\n<\/tr><tr>\r\n<td class=\"ccargos\">\r\n<span data-balloon-length=\"medium\" aria-label=\"Ensino Superior Completo em Medicina com especializa\u00e7\u00e3o em Ginecologia\/Obstetr\u00edcia e Registro Ativo no CRM\/PR\" data-balloon-pos=\"up\">M\u00e9dico Ginecologista\/Obstetra<\/span><\/td>\r\n<td class=\"cvagas\">02 + CR<\/td>\r\n<td class=\"cremuneracao\">R$ 3.940,52 \/10h<\/td>\r\n<\/tr><tr>\r\n<td class=\"ccargos\">\r\n<span data-balloon-length=\"medium\" aria-label=\"Ensino Superior Completo em Medicina com especializa\u00e7\u00e3o em Ginecologia\/Obstetr\u00edcia e Registro Ativo no CRM\/PR\" data-balloon-pos=\"up\">M\u00e9dico Ginecologista\/Obstetra<\/span><\/td>\r\n<td class=\"cvagas\">02 + CR<\/td>\r\n<td class=\"cremuneracao\">R$ 7.801,96 \/20h<\/td>\r\n<\/tr><tr>\r\n<td class=\"ccargos\">\r\n<span data-balloon-length=\"medium\" aria-label=\"Ensino Superior Completo em Medicina com especializa\u00e7\u00e3o em Pediatria e Registro Ativo no CRM\/PR\" data-balloon-pos=\"up\">M\u00e9dico Pediatra<\/span><\/td>\r\n<td class=\"cvagas\">02 + CR<\/td>\r\n<td class=\"cremuneracao\">R$ 3.940,52 \/10h<\/td>\r\n<\/tr><tr>\r\n<td class=\"ccargos\">\r\n<span data-balloon-length=\"medium\" aria-label=\"Ensino Superior Completo em Medicina com especializa\u00e7\u00e3o em Pediatria e Registro Ativo no CRM\/PR\" data-balloon-pos=\"up\">M\u00e9dico Pediatra<\/span><\/td>\r\n<td class=\"cvagas\">02 + CR<\/td>\r\n<td class=\"cremuneracao\">R$ 7.801,96 \/20h<\/td>\r\n<\/tr><tr>\r\n<td class=\"ccargos\">\r\n<span data-balloon-length=\"medium\" aria-label=\"Ensino Superior Completo em Medicina com especializa\u00e7\u00e3o em Pediatria e Registro Ativo no CRM\/PR\" data-balloon-pos=\"up\">M\u00e9dico Pediatra<\/span><\/td>\r\n<td class=\"cvagas\">01 + CR<\/td>\r\n<td class=\"cremuneracao\">R$ 15.447,34 \/40h<\/td>\r\n<\/tr><tr>\r\n<td class=\"ccargos\">\r\n<span data-balloon-length=\"medium\" aria-label=\"Ensino Superior Completo em Medicina Veterin\u00e1ria com Registro CRMV\/PR\" data-balloon-pos=\"up\">M\u00e9dico Veterin\u00e1rio<\/span><\/td>\r\n<td class=\"cvagas\">01 + CR<\/td>\r\n<td class=\"cremuneracao\">R$ 5.544,71 \/30h<\/td>\r\n<\/tr><tr>\r\n<td class=\"ccargos\">\r\n<span data-balloon-length=\"medium\" aria-label=\"Ensino Superior Completo em Nutri\u00e7\u00e3o e Registro Ativo no CRN\/PR\" data-balloon-pos=\"up\">Nutricionista<\/span><\/td>\r\n<td class=\"cvagas\">01 + CR<\/td>\r\n<td class=\"cremuneracao\">R$ 4.789,72 \/40h<\/td>\r\n<\/tr><tr>\r\n<td class=\"ccargos\">\r\n<span data-balloon-length=\"medium\" aria-label=\"Ensino Superior Completo em Psicologia e Registro CRP\/PR\" data-balloon-pos=\"up\">Psic\u00f3logo<\/span><\/td>\r\n<td class=\"cvagas\">01 + CR<\/td>\r\n<td class=\"cremuneracao\">R$ 4.137,54 \/20h<\/td>\r\n<\/tr><tr>\r\n<td class=\"ccargos\">\r\n<span data-balloon-length=\"medium\" aria-label=\"Ensino Superior Completo em Qualquer \u00c1rea\" data-balloon-pos=\"up\">T\u00e9cnico Administrativo<\/span><\/td>\r\n<td class=\"cvagas\">01 + CR<\/td>\r\n<td class=\"cremuneracao\">R$ 2.540,09 \/40h<\/td>\r\n<\/tr><tr>\r\n<td class=\"ccargos\">\r\n<span data-balloon-length=\"medium\" aria-label=\"Ensino Superior Completo em Qualquer \u00c1rea e Curso T\u00e9cnico em Seguran\u00e7a do Trabalho\" data-balloon-pos=\"up\">T\u00e9cnico em Seguran\u00e7a do Trabalho<\/span><\/td>\r\n<td class=\"cvagas\">01 + CR<\/td>\r\n<td class=\"cremuneracao\">R$ 2.667,10 \/40h<\/td>\r\n<\/tr>\r\n    <\/tbody>\r\n  <\/table>\r\n<\/div>"},"_links":{"self":[{"href":"https:\/\/www.agrobase.com.br\/concursos\/wp-json\/wp\/v2\/posts\/274995","targetHints":{"allow":["GET"]}}],"collection":[{"href":"https:\/\/www.agrobase.com.br\/concursos\/wp-json\/wp\/v2\/posts"}],"about":[{"href":"https:\/\/www.agrobase.com.br\/concursos\/wp-json\/wp\/v2\/types\/post"}],"author":[{"embeddable":true,"href":"https:\/\/www.agrobase.com.br\/concursos\/wp-json\/wp\/v2\/users\/5229"}],"replies":[{"embeddable":true,"href":"https:\/\/www.agrobase.com.br\/concursos\/wp-json\/wp\/v2\/comments?post=274995"}],"version-history":[{"count":4,"href":"https:\/\/www.agrobase.com.br\/concursos\/wp-json\/wp\/v2\/posts\/274995\/revisions"}],"predecessor-version":[{"id":275004,"href":"https:\/\/www.agrobase.com.br\/concursos\/wp-json\/wp\/v2\/posts\/274995\/revisions\/275004"}],"wp:featuredmedia":[{"embeddable":true,"href":"https:\/\/www.agrobase.com.br\/concursos\/wp-json\/wp\/v2\/media\/274994"}],"wp:attachment":[{"href":"https:\/\/www.agrobase.com.br\/concursos\/wp-json\/wp\/v2\/media?parent=274995"}],"wp:term":[{"taxonomy":"category","embeddable":true,"href":"https:\/\/www.agrobase.com.br\/concursos\/wp-json\/wp\/v2\/categories?post=274995"},{"taxonomy":"post_tag","embeddable":true,"href":"https:\/\/www.agrobase.com.br\/concursos\/wp-json\/wp\/v2\/tags?post=274995"},{"taxonomy":"_amplo","embeddable":true,"href":"https:\/\/www.agrobase.com.br\/concursos\/wp-json\/wp\/v2\/_amplo?post=274995"},{"taxonomy":"destaque","embeddable":true,"href":"https:\/\/www.agrobase.com.br\/concursos\/wp-json\/wp\/v2\/destaque?post=274995"},{"taxonomy":"instituicoes","embeddable":true,"href":"https:\/\/www.agrobase.com.br\/concursos\/wp-json\/wp\/v2\/instituicoes?post=274995"}],"curies":[{"name":"wp","href":"https:\/\/api.w.org\/{rel}","templated":true}]}}