{"id":274986,"date":"2025-12-10T07:10:39","date_gmt":"2025-12-10T10:10:39","guid":{"rendered":"https:\/\/www.agrobase.com.br\/concursos\/?p=274986"},"modified":"2025-12-09T16:39:18","modified_gmt":"2025-12-09T19:39:18","slug":"prefeitura-potim-sp-concurso-01-2025-2","status":"publish","type":"post","link":"https:\/\/www.agrobase.com.br\/concursos\/2025\/prefeitura-potim-sp-concurso-01-2025-2\/","title":{"rendered":"Prefeitura Potim (SP) &#8211; Concurso 01\/2025"},"content":{"rendered":"<h2>Informa\u00e7\u00f5es Gerais<\/h2>\n<p>A <strong>Prefeitura Municipal de Potim<\/strong>, no Estado de S\u00e3o Paulo, publicou o <strong>Edital n\u00ba 01\/2025<\/strong> do Concurso P\u00fablico destinado ao provimento de <strong>51 vagas imediatas<\/strong>, al\u00e9m de forma\u00e7\u00e3o de cadastro reserva, para empregos p\u00fablicos do quadro permanente de servidores municipais.<\/p>\n<p>O certame encontra-se com <strong>edital publicado<\/strong> e oferece oportunidades para candidatos de todos os n\u00edveis de escolaridade: <strong>Fundamental Incompleto, Fundamental Completo, M\u00e9dio\/T\u00e9cnico e Superior<\/strong>. Os aprovados ser\u00e3o contratados sob o regime da <strong>Consolida\u00e7\u00e3o das Leis do Trabalho (CLT)<\/strong>, com remunera\u00e7\u00f5es que variam de <strong>R$ 1.918,00 a R$ 8.897,74<\/strong>.<\/p>\n<p>As vagas abrangem diversas \u00e1reas de atua\u00e7\u00e3o, incluindo <strong>Administra\u00e7\u00e3o, Educa\u00e7\u00e3o, Sa\u00fade, Fiscaliza\u00e7\u00e3o, Obras e Infraestrutura<\/strong>. Destacam-se oportunidades para profissionais das \u00e1reas de <strong>Agronomia<\/strong> (Engenheiro Agr\u00f4nomo e T\u00e9cnico Agr\u00edcola), <strong>Medicina Veterin\u00e1ria<\/strong> e <strong>Nutri\u00e7\u00e3o<\/strong>, al\u00e9m de cargos na \u00e1rea m\u00e9dica, educacional e operacional.<\/p>\n<p>O concurso ter\u00e1 validade de <strong>2 anos<\/strong>, podendo ser prorrogado por igual per\u00edodo. Continue a leitura para conhecer os detalhes sobre inscri\u00e7\u00f5es, etapas do processo seletivo e cronograma de resultados.<\/p>\n<h2>Inscri\u00e7\u00f5es<\/h2>\n<p>As inscri\u00e7\u00f5es para o Concurso P\u00fablico da Prefeitura de Potim estar\u00e3o abertas no per\u00edodo de <strong>02 de dezembro de 2025 a 19 de dezembro de 2025<\/strong>, devendo ser realizadas exclusivamente pela internet, no endere\u00e7o eletr\u00f4nico <strong>www.avancasp.org.br<\/strong>.<\/p>\n<p>Para efetuar a inscri\u00e7\u00e3o, o candidato dever\u00e1:<\/p>\n<ul>\n<li>Acessar o site da banca organizadora e localizar a \u00e1rea do concurso;<\/li>\n<li>Preencher o formul\u00e1rio de inscri\u00e7\u00e3o e envi\u00e1-lo conforme as instru\u00e7\u00f5es;<\/li>\n<li>Gerar o boleto banc\u00e1rio ou QR Code Pix para pagamento da taxa;<\/li>\n<li>Efetuar o pagamento at\u00e9 o dia <strong>18 de novembro de 2025<\/strong> (primeiro dia \u00fatil ap\u00f3s o encerramento das inscri\u00e7\u00f5es).<\/li>\n<\/ul>\n<p>Os valores das taxas de inscri\u00e7\u00e3o variam conforme o n\u00edvel de escolaridade do cargo pretendido. O pagamento pode ser realizado por boleto banc\u00e1rio ou QR Code Pix. <strong>N\u00e3o s\u00e3o aceitos<\/strong> dep\u00f3sitos em caixa eletr\u00f4nico, transfer\u00eancia banc\u00e1ria comum, pagamento via chave Pix ou cart\u00e3o de cr\u00e9dito.<\/p>\n<p><strong>Isen\u00e7\u00e3o da taxa de inscri\u00e7\u00e3o:<\/strong> Os candidatos que desejarem solicitar isen\u00e7\u00e3o dever\u00e3o faz\u00ea-lo at\u00e9 <strong>29 de outubro de 2025<\/strong>, conforme crit\u00e9rios estabelecidos no edital. O resultado preliminar das solicita\u00e7\u00f5es ser\u00e1 divulgado em 03 de novembro de 2025.<\/p>\n<p>Ap\u00f3s a confirma\u00e7\u00e3o do pagamento, o cart\u00e3o de confirma\u00e7\u00e3o de inscri\u00e7\u00e3o estar\u00e1 dispon\u00edvel na &#8220;\u00c1rea do Candidato&#8221; no site da banca. \u00c9 responsabilidade exclusiva do candidato a obten\u00e7\u00e3o e guarda deste documento.<\/p>\n<p>O candidato poder\u00e1 realizar inscri\u00e7\u00e3o para mais de um cargo, desde que as provas sejam aplicadas em turnos ou datas distintas. Recomenda-se a leitura integral do edital para conhecer todos os procedimentos, requisitos e condi\u00e7\u00f5es do certame.<\/p>\n<h2>Etapas e Provas<\/h2>\n<p>O Concurso P\u00fablico da Prefeitura de Potim ser\u00e1 composto por diferentes fases, conforme o cargo pretendido:<\/p>\n<p><strong>1. Prova Objetiva<\/strong> (para todos os cargos)<\/p>\n<ul>\n<li><strong>Car\u00e1ter:<\/strong> Eliminat\u00f3rio e classificat\u00f3rio (exceto para M\u00e9dicos, que ser\u00e1 apenas classificat\u00f3ria);<\/li>\n<li><strong>Formato:<\/strong> Quest\u00f5es de m\u00faltipla escolha com cinco alternativas;<\/li>\n<li><strong>Pontua\u00e7\u00e3o:<\/strong> 0 a 100 pontos;<\/li>\n<li><strong>Aprova\u00e7\u00e3o:<\/strong> M\u00ednimo de 50 pontos;<\/li>\n<li><strong>Local:<\/strong> Munic\u00edpio de Potim\/SP.<\/li>\n<\/ul>\n<p>As disciplinas cobradas incluem L\u00edngua Portuguesa, Matem\u00e1tica e Racioc\u00ednio L\u00f3gico, No\u00e7\u00f5es de Inform\u00e1tica e Conhecimentos Espec\u00edficos, variando conforme o cargo.<\/p>\n<p><strong>2. Prova Discursiva (Pe\u00e7a Pr\u00e1tico-Profissional)<\/strong><\/p>\n<ul>\n<li><strong>Cargo:<\/strong> Procurador Jur\u00eddico Municipal;<\/li>\n<li><strong>Car\u00e1ter:<\/strong> Eliminat\u00f3rio e classificat\u00f3rio;<\/li>\n<li><strong>Pontua\u00e7\u00e3o:<\/strong> 0 a 100 pontos (m\u00ednimo de 50 para aprova\u00e7\u00e3o);<\/li>\n<li><strong>Aplica\u00e7\u00e3o:<\/strong> Mesma data e hor\u00e1rio da Prova Objetiva;<\/li>\n<li><strong>Avalia\u00e7\u00e3o:<\/strong> Ser\u00e3o corrigidas as provas dos 15 melhores classificados na Prova Objetiva.<\/li>\n<\/ul>\n<p><strong>3. Prova de T\u00edtulos<\/strong><\/p>\n<ul>\n<li><strong>Cargos:<\/strong> Coordenador Pedag\u00f3gico, Diretor de Escola, Monitor de Educa\u00e7\u00e3o Infantil, Supervisor de Ensino, Procurador Jur\u00eddico Municipal e Professores de Educa\u00e7\u00e3o B\u00e1sica I e II;<\/li>\n<li><strong>Car\u00e1ter:<\/strong> Classificat\u00f3rio;<\/li>\n<li><strong>Pontua\u00e7\u00e3o m\u00e1xima:<\/strong> 5 pontos;<\/li>\n<li><strong>Envio:<\/strong> Via upload na \u00c1rea do Candidato, at\u00e9 1 dia \u00fatil ap\u00f3s o encerramento das inscri\u00e7\u00f5es.<\/li>\n<\/ul>\n<p><strong>4. Prova Pr\u00e1tica<\/strong><\/p>\n<ul>\n<li><strong>Cargos:<\/strong> Cozinheiro, Encanador, Motorista, Operador de M\u00e1quinas, Padeiro e Pedreiro;<\/li>\n<li><strong>Car\u00e1ter:<\/strong> Classificat\u00f3rio;<\/li>\n<li><strong>Pontua\u00e7\u00e3o:<\/strong> 0 a 100 pontos;<\/li>\n<li><strong>Convoca\u00e7\u00e3o:<\/strong> Ser\u00e3o convocados os candidatos habilitados na Prova Objetiva, conforme quantitativo definido no edital;<\/li>\n<li><strong>Requisito:<\/strong> Para Motorista e Operador de M\u00e1quinas, \u00e9 obrigat\u00f3ria a apresenta\u00e7\u00e3o de CNH categoria &#8220;D&#8221; v\u00e1lida.<\/li>\n<\/ul>\n<p>Consulte o edital completo para informa\u00e7\u00f5es detalhadas sobre conte\u00fado program\u00e1tico, crit\u00e9rios de avalia\u00e7\u00e3o e cronograma de cada etapa.<\/p>\n<h2>Resultados e Gabarito<\/h2>\n<p>O cronograma de divulga\u00e7\u00e3o dos resultados do Concurso P\u00fablico da Prefeitura de Potim est\u00e1 previsto da seguinte forma:<\/p>\n<p><strong>Gabaritos:<\/strong><\/p>\n<ul>\n<li><strong>Gabarito Preliminar:<\/strong> 25 de janeiro de 2026;<\/li>\n<li><strong>Per\u00edodo de recursos:<\/strong> 26 e 27 de janeiro de 2026;<\/li>\n<li><strong>Gabarito Oficial Definitivo:<\/strong> 23 de fevereiro de 2026.<\/li>\n<\/ul>\n<p><strong>Crit\u00e9rios de desempate:<\/strong><\/p>\n<ul>\n<li>Candidatos com 60 anos ou mais t\u00eam prefer\u00eancia (maior idade);<\/li>\n<li>Maior pontua\u00e7\u00e3o na Prova de T\u00edtulos;<\/li>\n<li>Maior pontua\u00e7\u00e3o na Prova Discursiva;<\/li>\n<li>Maior pontua\u00e7\u00e3o na Prova Pr\u00e1tica;<\/li>\n<li>Maior pontua\u00e7\u00e3o na Prova Objetiva;<\/li>\n<li>Maior pontua\u00e7\u00e3o em Conhecimentos Espec\u00edficos, L\u00edngua Portuguesa, Matem\u00e1tica e No\u00e7\u00f5es de Inform\u00e1tica;<\/li>\n<li>Maior idade entre candidatos com menos de 60 anos.<\/li>\n<\/ul>\n<p><strong>Homologa\u00e7\u00e3o:<\/strong> A homologa\u00e7\u00e3o parcial (para cargos sem outras fases) ocorrer\u00e1 a partir da divulga\u00e7\u00e3o do resultado final definitivo. A homologa\u00e7\u00e3o completa ser\u00e1 publicada no Di\u00e1rio Oficial do Munic\u00edpio.<\/p>\n<p><strong>Convoca\u00e7\u00e3o:<\/strong> Os candidatos aprovados ser\u00e3o convocados por publica\u00e7\u00e3o no Di\u00e1rio Oficial do Munic\u00edpio, podendo o Munic\u00edpio utilizar meios acess\u00f3rios como telegrama ou e-mail informado na inscri\u00e7\u00e3o.<\/p>\n<p>\u00c9 de <strong>responsabilidade exclusiva do candidato<\/strong> acompanhar todas as publica\u00e7\u00f5es oficiais no site da banca organizadora (<strong>www.avancasp.org.br<\/strong>) e no Di\u00e1rio Oficial do Munic\u00edpio durante todo o per\u00edodo de validade do concurso.<\/p>\n","protected":false},"excerpt":{"rendered":"<p>Concurso Pref. Potim (SP) com edital publicado! Vagas p\/ Professor e M\u00e9dico (Fund. a Sup.). Inscri\u00e7\u00f5es a partir de 24\/10. Sal\u00e1rios at\u00e9 R$ 8.9k. Confira detalhes!<\/p>\n","protected":false},"author":5229,"featured_media":274985,"comment_status":"open","ping_status":"open","sticky":false,"template":"","format":"standard","meta":{"_acf_changed":false,"_breakdance_hide_in_design_set":false,"_breakdance_tags":"","footnotes":""},"categories":[4,94,9,10,117,6434,12,14,17,18,19,111,100,21,22,23,24,25,101,29,108,130,143,134],"tags":[62],"_amplo":[],"destaque":[],"instituicoes":[],"class_list":["post-274986","post","type-post","status-publish","format-standard","has-post-thumbnail","hentry","category-agronomia","category-biblioteconomia","category-ciencias-contabeis","category-direito","category-economia","category-educacao-fisica-licenciatura","category-enfermagem","category-engenharia","category-farmacia","category-fisioterapia","category-fonoaudiologia","category-geografia","category-historia","category-medicina","category-veterinaria","category-nutricao","category-odontologia","category-pedagogia","category-servico-social","category-tecnico-agricola","category-tecnico-enfermagem","category-tecnico-informatica","category-tecnico-odontologia","category-terapia-ocupacional","tag-sao-paulo"],"acf":{"_tipo_vagas":"vagas","_numero_vagas":"","_quadro_vagas":"","_cargos":"diversos","_cargos_especificos":"","_salario_max":"R$ 8897.74","_abertura":"20251202","_encerramento":"20251219","_inscricoes":"https:\/\/www.avancasp.org.br","_executora_concurso":"","_instituicao_concurso":[],"_link_adicional":null,"_anexos":null,"_produtos":null,"_vagas":"51 vagas + CR","_salario_min":"R$ 1918","_instituicao":"Prefeitura Municipal de Potim","_edital":"https:\/\/www.agrobase.com.br\/concursos\/wp-content\/uploads\/sites\/4\/2025\/12\/edital-01-2025-prefeitura-potim-sp.pdf","_anexos_edital":"https:\/\/www.agrobase.com.br\/concursos\/wp-content\/uploads\/sites\/4\/2025\/12\/retificacao_i_edital_n_01_2025_1690837.pdf","_fund_incompleto":"<div>\r\n<table class=\"quadro\">\r\n<thead>\r\n<tr>\r\n<th class=\"hcargo\">Cargo<\/th>\r\n<th class=\"hvagas\">Vagas<\/th>\r\n<th class=\"hremuneracao\">Remunera\u00e7\u00e3o<\/th>\r\n<\/tr>\r\n<\/thead>\r\n    <tbody>\r\n      <td class=\"ccargos\">\r\n<span data-balloon-length=\"medium\" aria-label=\"Ensino Fundamental Incompleto.\" data-balloon-pos=\"up\">Agente Operacional<\/span><\/td>\r\n<td class=\"cvagas\">2 + CR<\/td>\r\n<td class=\"cremuneracao\">R$ 1.918,00 \/40h<\/td>\r\n<\/tr>\r\n    <\/tbody>\r\n  <\/table>\r\n<\/div>","_fund_completo":"<div>\r\n<table class=\"quadro\">\r\n<thead>\r\n<tr>\r\n<th class=\"hcargo\">Cargo<\/th>\r\n<th class=\"hvagas\">Vagas<\/th>\r\n<th class=\"hremuneracao\">Remunera\u00e7\u00e3o<\/th>\r\n<\/tr>\r\n<\/thead>\r\n    <tbody>\r\n      <td class=\"ccargos\">\r\n<span data-balloon-length=\"medium\" aria-label=\"Ensino Fundamental Completo.\" data-balloon-pos=\"up\">Cozinheiro<\/span><\/td>\r\n<td class=\"cvagas\">1 + CR<\/td>\r\n<td class=\"cremuneracao\">R$ 1.918,00 \/40h<\/td>\r\n<\/tr><td class=\"ccargos\">\r\n<span data-balloon-length=\"medium\" aria-label=\"Ensino Fundamental Completo.\" data-balloon-pos=\"up\">Encanador<\/span><\/td>\r\n<td class=\"cvagas\">1 + CR<\/td>\r\n<td class=\"cremuneracao\">R$ 1.937,82 \/40h<\/td>\r\n<\/tr><td class=\"ccargos\">\r\n<span data-balloon-length=\"medium\" data-balloon-pos=\"up\">Motorista<\/span><\/td>\r\n<td class=\"cvagas\">CR<\/td>\r\n<td class=\"cremuneracao\">R$ 1.937,82 \/40h<\/td>\r\n<\/tr><td class=\"ccargos\">\r\n<span data-balloon-length=\"medium\" data-balloon-pos=\"up\">Operador de M\u00e1quinas<\/span><\/td>\r\n<td class=\"cvagas\">2 + CR<\/td>\r\n<td class=\"cremuneracao\">R$ 1.937,82 \/40h<\/td>\r\n<\/tr><td class=\"ccargos\">\r\n<span data-balloon-length=\"medium\" aria-label=\"Ensino Fundamental Completo ou Curso Profissionalizante Completo na \u00c1rea de Atua\u00e7\u00e3o.\" data-balloon-pos=\"up\">Padeiro<\/span><\/td>\r\n<td class=\"cvagas\">1 + CR<\/td>\r\n<td class=\"cremuneracao\">R$ 1.918,00 \/40h ou Escala<\/td>\r\n<\/tr><td class=\"ccargos\">\r\n<span data-balloon-length=\"medium\" aria-label=\"Ensino Fundamental Completo ou Curso T\u00e9cnico na \u00c1rea de Atua\u00e7\u00e3o.\" data-balloon-pos=\"up\">Pedreiro<\/span><\/td>\r\n<td class=\"cvagas\">2 + CR<\/td>\r\n<td class=\"cremuneracao\">R$ 1.937,82 \/40h<\/td>\r\n<\/tr>\r\n    <\/tbody>\r\n  <\/table>\r\n<\/div>","_medio":"<div>\r\n<table class=\"quadro\">\r\n<thead>\r\n<tr>\r\n<th class=\"hcargo\">Cargo<\/th>\r\n<th class=\"hvagas\">Vagas<\/th>\r\n<th class=\"hremuneracao\">Remunera\u00e7\u00e3o<\/th>\r\n<\/tr>\r\n<\/thead>\r\n    <tbody>\r\n      <td class=\"ccargos\">\r\n<span data-balloon-length=\"medium\" aria-label=\"Ensino M\u00e9dio Completo.\" data-balloon-pos=\"up\">Agente Administrativo<\/span><\/td>\r\n<td class=\"cvagas\">3 + CR<\/td>\r\n<td class=\"cremuneracao\">R$ 1.937,82 \/40h<\/td>\r\n<\/tr><td class=\"ccargos\">\r\n<span data-balloon-length=\"medium\" aria-label=\"Ensino M\u00e9dio Completo.\" data-balloon-pos=\"up\">Agente de Creche<\/span><\/td>\r\n<td class=\"cvagas\">1 + CR<\/td>\r\n<td class=\"cremuneracao\">R$ 1.937,82 \/40h<\/td>\r\n<\/tr><td class=\"ccargos\">\r\n<span data-balloon-length=\"medium\" aria-label=\"Ensino M\u00e9dio Completo.\" data-balloon-pos=\"up\">Agente de Apoio Escolar<\/span><\/td>\r\n<td class=\"cvagas\">1 + CR<\/td>\r\n<td class=\"cremuneracao\">R$ 1.937,82 \/40h<\/td>\r\n<\/tr><td class=\"ccargos\">\r\n<span data-balloon-length=\"medium\" aria-label=\"Ensino M\u00e9dio Completo + Carteira Nacional de Habilita\u00e7\u00e3o.\" data-balloon-pos=\"up\">Agente Fiscal de Tr\u00e2nsito<\/span><\/td>\r\n<td class=\"cvagas\">1 + CR<\/td>\r\n<td class=\"cremuneracao\">R$ 2.156,29 \/40h<\/td>\r\n<\/tr><td class=\"ccargos\">\r\n<span data-balloon-length=\"medium\" aria-label=\"Ensino M\u00e9dio Completo.\" data-balloon-pos=\"up\">Almoxarife<\/span><\/td>\r\n<td class=\"cvagas\">1 + CR<\/td>\r\n<td class=\"cremuneracao\">R$ 1.937,82 \/40h<\/td>\r\n<\/tr><td class=\"ccargos\">\r\n<span data-balloon-length=\"medium\" aria-label=\"Ensino M\u00e9dio Completo + Curso de Auxiliar na \u00c1rea de Atua\u00e7\u00e3o + Registro no Respectivo Conselho de Classe.\" data-balloon-pos=\"up\">Auxiliar de Consult\u00f3rio Dent\u00e1rio<\/span><\/td>\r\n<td class=\"cvagas\">3 + CR<\/td>\r\n<td class=\"cremuneracao\">R$ 1.937,82 \/40h<\/td>\r\n<\/tr><td class=\"ccargos\">\r\n<span data-balloon-length=\"medium\" aria-label=\"Ensino M\u00e9dio Completo + Curso T\u00e9cnico Completo em Edifica\u00e7\u00f5es + Carteira Nacional de Habilita\u00e7\u00e3o.\" data-balloon-pos=\"up\">Fiscal de Obras<\/span><\/td>\r\n<td class=\"cvagas\">1 + CR<\/td>\r\n<td class=\"cremuneracao\">R$ 2.156,29 \/40h<\/td>\r\n<\/tr><td class=\"ccargos\">\r\n<span data-balloon-length=\"medium\" aria-label=\"Ensino M\u00e9dio Completo + Carteira Nacional de Habilita\u00e7\u00e3o.\" data-balloon-pos=\"up\">Fiscal de Posturas<\/span><\/td>\r\n<td class=\"cvagas\">1 + CR<\/td>\r\n<td class=\"cremuneracao\">R$ 2.156,29 \/40h<\/td>\r\n<\/tr><td class=\"ccargos\">\r\n<span data-balloon-length=\"medium\" aria-label=\"Ensino M\u00e9dio Completo + Curso T\u00e9cnico Completo na \u00c1rea de Atua\u00e7\u00e3o + Carteira Nacional de Habilita\u00e7\u00e3o.\" data-balloon-pos=\"up\">Fiscal Sanit\u00e1rio<\/span><\/td>\r\n<td class=\"cvagas\">1 + CR<\/td>\r\n<td class=\"cremuneracao\">R$ 2.156,29 \/40h<\/td>\r\n<\/tr><td class=\"ccargos\">\r\n<span data-balloon-length=\"medium\" aria-label=\"Ensino M\u00e9dio Completo + Carteira Nacional de Habilita\u00e7\u00e3o.\" data-balloon-pos=\"up\">Fiscal Tribut\u00e1rio<\/span><\/td>\r\n<td class=\"cvagas\">1 + CR<\/td>\r\n<td class=\"cremuneracao\">R$ 2.156,29 \/40h<\/td>\r\n<\/tr><td class=\"ccargos\">\r\n<span data-balloon-length=\"medium\" aria-label=\"Ensino M\u00e9dio Completo + Conhecimento em Inform\u00e1tica, como usu\u00e1rio.\" data-balloon-pos=\"up\">Secret\u00e1rio de Escola<\/span><\/td>\r\n<td class=\"cvagas\">CR<\/td>\r\n<td class=\"cremuneracao\">R$ 1.937,82 \/40h<\/td>\r\n<\/tr><td class=\"ccargos\">\r\n<span data-balloon-length=\"medium\" aria-label=\"Ensino M\u00e9dio Completo + Curso T\u00e9cnico Completo na \u00c1rea de Atua\u00e7\u00e3o + Carteira Nacional de Habilita\u00e7\u00e3o.\" data-balloon-pos=\"up\">T\u00e9cnico Agr\u00edcola<\/span><\/td>\r\n<td class=\"cvagas\">1 + CR<\/td>\r\n<td class=\"cremuneracao\">R$ 2.156,29 \/40h<\/td>\r\n<\/tr><td class=\"ccargos\">\r\n<span data-balloon-length=\"medium\" aria-label=\"Ensino M\u00e9dio Completo + Curso T\u00e9cnico Completo na \u00c1rea de Atua\u00e7\u00e3o + Registro no respectivo Conselho de Classe.\" data-balloon-pos=\"up\">T\u00e9cnico em Enfermagem<\/span><\/td>\r\n<td class=\"cvagas\">CR<\/td>\r\n<td class=\"cremuneracao\">R$ 2.156,29 \/40h ou Escala<\/td>\r\n<\/tr><td class=\"ccargos\">\r\n<span data-balloon-length=\"medium\" aria-label=\"Ensino M\u00e9dio Completo + Curso T\u00e9cnico Completo na \u00c1rea de Atua\u00e7\u00e3o + Registro no respectivo Conselho de Classe.\" data-balloon-pos=\"up\">T\u00e9cnico em Farm\u00e1cia<\/span><\/td>\r\n<td class=\"cvagas\">CR<\/td>\r\n<td class=\"cremuneracao\">R$ 2.156,29 \/40h<\/td>\r\n<\/tr><td class=\"ccargos\">\r\n<span data-balloon-length=\"medium\" aria-label=\"Ensino M\u00e9dio Completo + Curso T\u00e9cnico Completo na \u00c1rea de Atua\u00e7\u00e3o.\" data-balloon-pos=\"up\">T\u00e9cnico em Inform\u00e1tica<\/span><\/td>\r\n<td class=\"cvagas\">1 + CR<\/td>\r\n<td class=\"cremuneracao\">R$ 2.156,29 \/40h<\/td>\r\n<\/tr>\r\n    <\/tbody>\r\n  <\/table>\r\n<\/div>","_superior":"<div>\r\n<table class=\"quadro\">\r\n<thead>\r\n<tr>\r\n<th class=\"hcargo\">Cargo<\/th>\r\n<th class=\"hvagas\">Vagas<\/th>\r\n<th class=\"hremuneracao\">Remunera\u00e7\u00e3o<\/th>\r\n<\/tr>\r\n<\/thead>\r\n    <tbody>\r\n      <tr>\r\n<td class=\"ccargos\">\r\n<span data-balloon-length=\"medium\" aria-label=\"Ensino Superior Completo em Ci\u00eancias Cont\u00e1beis ou Ci\u00eancias Econ\u00f4micas + Registro no respectivo Conselho de Classe.\" data-balloon-pos=\"up\">Analista de Planejamento e Or\u00e7amento<\/span><\/td>\r\n<td class=\"cvagas\">1 + CR<\/td>\r\n<td class=\"cremuneracao\">R$ 2.975,96 \/40h<\/td>\r\n<\/tr><tr>\r\n<td class=\"ccargos\">\r\n<span data-balloon-length=\"medium\" aria-label=\"Ensino Superior Completo na \u00c1rea de Atua\u00e7\u00e3o + Registro no respectivo Conselho de Classe.\" data-balloon-pos=\"up\">Assistente Social<\/span><\/td>\r\n<td class=\"cvagas\">CR<\/td>\r\n<td class=\"cremuneracao\">R$ 2.522,22 \/30h<\/td>\r\n<\/tr><tr>\r\n<td class=\"ccargos\">\r\n<span data-balloon-length=\"medium\" aria-label=\"Ensino Superior Completo na \u00c1rea de Atua\u00e7\u00e3o + Registro no respectivo Conselho de Classe.\" data-balloon-pos=\"up\">Bibliotec\u00e1rio<\/span><\/td>\r\n<td class=\"cvagas\">CR<\/td>\r\n<td class=\"cremuneracao\">R$ 2.522,22 \/40h<\/td>\r\n<\/tr><tr>\r\n<td class=\"ccargos\">\r\n<span data-balloon-length=\"medium\" aria-label=\"Licenciatura Plena em Pedagogia com habilita\u00e7\u00e3o em Gest\u00e3o Escolar ou Licenciatura Plena em qualquer \u00e1rea acompanhada de curso de P\u00f3s-Gradua\u00e7\u00e3o (360 horas) na \u00e1rea de Gest\u00e3o Escolar ou de Educa\u00e7\u00e3o + Experi\u00eancia m\u00ednima de 03 anos na doc\u00eancia de Educa\u00e7\u00e3o B\u00e1sica.\" data-balloon-pos=\"up\">Coordenador Pedag\u00f3gico<\/span><\/td>\r\n<td class=\"cvagas\">3 + CR<\/td>\r\n<td class=\"cremuneracao\">R$ 5.762,01 \/40h<\/td>\r\n<\/tr><tr>\r\n<td class=\"ccargos\">\r\n<span data-balloon-length=\"medium\" aria-label=\"Ensino Superior Completo na \u00c1rea de Atua\u00e7\u00e3o + Registro no respectivo Conselho de Classe.\" data-balloon-pos=\"up\">Dentista<\/span><\/td>\r\n<td class=\"cvagas\">2 + CR<\/td>\r\n<td class=\"cremuneracao\">R$ 2.522,22 \/20h<\/td>\r\n<\/tr><tr>\r\n<td class=\"ccargos\">\r\n<span data-balloon-length=\"medium\" aria-label=\"Licenciatura plena em Pedagogia ou Ensino Superior Completo + P\u00f3s-gradua\u00e7\u00e3o, na \u00e1rea da educa\u00e7\u00e3o, em n\u00edvel Pedag\u00f3gico de mestrado ou em n\u00edvel de gest\u00e3o, com carga hor\u00e1ria de 360 (trezentos e sessenta) horas + Experi\u00eancia m\u00ednima de 05 (cinco) anos na doc\u00eancia de Educa\u00e7\u00e3o B\u00e1sica.\" data-balloon-pos=\"up\">Diretor de Escola<\/span><\/td>\r\n<td class=\"cvagas\">3 + CR<\/td>\r\n<td class=\"cremuneracao\">R$ 6.192,65 \/40h<\/td>\r\n<\/tr><tr>\r\n<td class=\"ccargos\">\r\n<span data-balloon-length=\"medium\" aria-label=\"Ensino Superior Completo na \u00c1rea de Atua\u00e7\u00e3o + Registro no respectivo Conselho de Classe.\" data-balloon-pos=\"up\">Enfermeiro<\/span><\/td>\r\n<td class=\"cvagas\">1 + CR<\/td>\r\n<td class=\"cremuneracao\">R$ 2.975,96 \/40h<\/td>\r\n<\/tr><tr>\r\n<td class=\"ccargos\">\r\n<span data-balloon-length=\"medium\" aria-label=\"Ensino Superior Completo na \u00c1rea de Atua\u00e7\u00e3o + Registro no respectivo Conselho de Classe.\" data-balloon-pos=\"up\">Enfermeiro - Estrat\u00e9gia de Sa\u00fade de Fam\u00edlia<\/span><\/td>\r\n<td class=\"cvagas\">1 + CR<\/td>\r\n<td class=\"cremuneracao\">R$ 3.880,37 \/40h<\/td>\r\n<\/tr><tr>\r\n<td class=\"ccargos\">\r\n<span data-balloon-length=\"medium\" aria-label=\"Ensino Superior Completo na \u00c1rea de Atua\u00e7\u00e3o + Registro no respectivo Conselho de Classe.\" data-balloon-pos=\"up\">Engenheiro Agr\u00f4nomo<\/span><\/td>\r\n<td class=\"cvagas\">1 + CR<\/td>\r\n<td class=\"cremuneracao\">R$ 2.975,96 \/30h<\/td>\r\n<\/tr><tr>\r\n<td class=\"ccargos\">\r\n<span data-balloon-length=\"medium\" aria-label=\"Ensino Superior Completo na \u00c1rea de Atua\u00e7\u00e3o + Registro no respectivo Conselho de Classe.\" data-balloon-pos=\"up\">Engenheiro Civil<\/span><\/td>\r\n<td class=\"cvagas\">1 + CR<\/td>\r\n<td class=\"cremuneracao\">R$ 2.975,96 \/30h<\/td>\r\n<\/tr><tr>\r\n<td class=\"ccargos\">\r\n<span data-balloon-length=\"medium\" aria-label=\"Ensino Superior Completo na \u00c1rea de Atua\u00e7\u00e3o + Registro no respectivo Conselho de Classe.\" data-balloon-pos=\"up\">Farmac\u00eautico<\/span><\/td>\r\n<td class=\"cvagas\">1 + CR<\/td>\r\n<td class=\"cremuneracao\">R$ 2.522,22 \/20h<\/td>\r\n<\/tr><tr>\r\n<td class=\"ccargos\">\r\n<span data-balloon-length=\"medium\" aria-label=\"Ensino Superior Completo na \u00c1rea de Atua\u00e7\u00e3o + Registro no respectivo Conselho de Classe.\" data-balloon-pos=\"up\">Fisioterapeuta<\/span><\/td>\r\n<td class=\"cvagas\">1 + CR<\/td>\r\n<td class=\"cremuneracao\">R$ 2.522,22 \/20h<\/td>\r\n<\/tr><tr>\r\n<td class=\"ccargos\">\r\n<span data-balloon-length=\"medium\" aria-label=\"Ensino Superior Completo na \u00c1rea de Atua\u00e7\u00e3o + Registro no respectivo Conselho de Classe.\" data-balloon-pos=\"up\">Fonoaudi\u00f3logo<\/span><\/td>\r\n<td class=\"cvagas\">1 + CR<\/td>\r\n<td class=\"cremuneracao\">R$ 2.522,22 \/20h<\/td>\r\n<\/tr><tr>\r\n<td class=\"ccargos\">\r\n<span data-balloon-length=\"medium\" aria-label=\"Ensino Superior Completo na \u00c1rea de Atua\u00e7\u00e3o + Registro no respectivo Conselho de Classe.\" data-balloon-pos=\"up\">M\u00e9dico<\/span><\/td>\r\n<td class=\"cvagas\">3 + CR<\/td>\r\n<td class=\"cremuneracao\">R$ 6.957,54 \/20h<\/td>\r\n<\/tr><tr>\r\n<td class=\"ccargos\">\r\n<span data-balloon-length=\"medium\" aria-label=\"Ensino Superior Completo na \u00c1rea de Atua\u00e7\u00e3o + T\u00edtulo de Especialista na \u00c1rea de Atua\u00e7\u00e3o ou Resid\u00eancia M\u00e9dica na \u00c1rea de Atua\u00e7\u00e3o + Registro no respectivo Conselho de Classe.\" data-balloon-pos=\"up\">M\u00e9dico Psiquiatra<\/span><\/td>\r\n<td class=\"cvagas\">1 + CR<\/td>\r\n<td class=\"cremuneracao\">R$ 6.957,54 \/20h<\/td>\r\n<\/tr><tr>\r\n<td class=\"ccargos\">\r\n<span data-balloon-length=\"medium\" aria-label=\"Ensino Superior Completo na \u00c1rea de Atua\u00e7\u00e3o + Registro no respectivo Conselho de Classe.\" data-balloon-pos=\"up\">M\u00e9dico - Estrat\u00e9gia de Sa\u00fade da Fam\u00edlia<\/span><\/td>\r\n<td class=\"cvagas\">3 + CR<\/td>\r\n<td class=\"cremuneracao\">R$ 8.897,74 \/40h<\/td>\r\n<\/tr><tr>\r\n<td class=\"ccargos\">\r\n<span data-balloon-length=\"medium\" aria-label=\"Ensino Superior Completo na \u00c1rea de Atua\u00e7\u00e3o + Registro no respectivo Conselho de Classe.\" data-balloon-pos=\"up\">M\u00e9dico Veterin\u00e1rio<\/span><\/td>\r\n<td class=\"cvagas\">1 + CR<\/td>\r\n<td class=\"cremuneracao\">R$ 2.522,22 \/20h<\/td>\r\n<\/tr><tr>\r\n<td class=\"ccargos\">\r\n<span data-balloon-length=\"medium\" aria-label=\"Ensino Superior Completo na \u00c1rea de Atua\u00e7\u00e3o (Pedagogia).\" data-balloon-pos=\"up\">Monitor de Educa\u00e7\u00e3o Infantil<\/span><\/td>\r\n<td class=\"cvagas\">1 + CR<\/td>\r\n<td class=\"cremuneracao\">R$ 2.522,22 \/36h<\/td>\r\n<\/tr><tr>\r\n<td class=\"ccargos\">\r\n<span data-balloon-length=\"medium\" aria-label=\"Ensino Superior Completo na \u00c1rea de Atua\u00e7\u00e3o + Registro no respectivo Conselho de Classe.\" data-balloon-pos=\"up\">Nutricionista<\/span><\/td>\r\n<td class=\"cvagas\">1 + CR<\/td>\r\n<td class=\"cremuneracao\">R$ 2.522,22 \/40h<\/td>\r\n<\/tr><tr>\r\n<td class=\"ccargos\">\r\n<span data-balloon-length=\"medium\" aria-label=\"Ensino Superior Completo em Direito + Inscri\u00e7\u00e3o na Ordem dos Advogados do Brasil (OAB).\" data-balloon-pos=\"up\">Procurador Jur\u00eddico Municipal<\/span><\/td>\r\n<td class=\"cvagas\">CR<\/td>\r\n<td class=\"cremuneracao\">R$ 3.678,75 \/20h<\/td>\r\n<\/tr><tr>\r\n<td class=\"ccargos\">\r\n<span data-balloon-length=\"medium\" aria-label=\"Licenciatura Plena em Pedagogia ou Curso Normal em N\u00edvel M\u00e9dio ou Superior com habilita\u00e7\u00e3o na \u00c1rea de Atua\u00e7\u00e3o com habilita\u00e7\u00e3o em Educa\u00e7\u00e3o Infantil.\" data-balloon-pos=\"up\">Professor de Educa\u00e7\u00e3o B\u00e1sica I de Educa\u00e7\u00e3o Infantil<\/span><\/td>\r\n<td class=\"cvagas\">1 + CR<\/td>\r\n<td class=\"cremuneracao\">R$ 4.050,84 \/30h<\/td>\r\n<\/tr><tr>\r\n<td class=\"ccargos\">\r\n<span data-balloon-length=\"medium\" aria-label=\"Licenciatura Plena em Pedagogia ou Curso Normal em N\u00edvel M\u00e9dio ou Superior.\" data-balloon-pos=\"up\">Professor de Educa\u00e7\u00e3o B\u00e1sica I de Ensino Fundamental<\/span><\/td>\r\n<td class=\"cvagas\">1 + CR<\/td>\r\n<td class=\"cremuneracao\">R$ 4.050,84 \/30h<\/td>\r\n<\/tr><tr>\r\n<td class=\"ccargos\">\r\n<span data-balloon-length=\"medium\" aria-label=\"Ensino Superior Completo (Licenciatura Plena em Arte).\" data-balloon-pos=\"up\">Professor de Educa\u00e7\u00e3o B\u00e1sica II - Arte<\/span><\/td>\r\n<td class=\"cvagas\">CR<\/td>\r\n<td class=\"cremuneracao\">R$ 2.700,02 \/18h<\/td>\r\n<\/tr><tr>\r\n<td class=\"ccargos\">\r\n<span data-balloon-length=\"medium\" aria-label=\"Ensino Superior Completo (Licenciatura Plena em Ci\u00eancias).\" data-balloon-pos=\"up\">Professor de Educa\u00e7\u00e3o B\u00e1sica II - Ci\u00eancias<\/span><\/td>\r\n<td class=\"cvagas\">1 + CR<\/td>\r\n<td class=\"cremuneracao\">R$ 2.700,02 \/18h<\/td>\r\n<\/tr><tr>\r\n<td class=\"ccargos\">\r\n<span data-balloon-length=\"medium\" aria-label=\"Ensino Superior Completo (Licenciatura Plena em Educa\u00e7\u00e3o F\u00edsica) + Registro no respectivo Conselho de Classe.\" data-balloon-pos=\"up\">Professor de Educa\u00e7\u00e3o B\u00e1sica II - Educa\u00e7\u00e3o F\u00edsica<\/span><\/td>\r\n<td class=\"cvagas\">CR<\/td>\r\n<td class=\"cremuneracao\">R$ 2.700,02 \/18h<\/td>\r\n<\/tr><tr>\r\n<td class=\"ccargos\">\r\n<span data-balloon-length=\"medium\" aria-label=\"Ensino Superior Completo (Licenciatura Plena em Geografia).\" data-balloon-pos=\"up\">Professor de Educa\u00e7\u00e3o B\u00e1sica II - Geografia<\/span><\/td>\r\n<td class=\"cvagas\">CR<\/td>\r\n<td class=\"cremuneracao\">R$ 2.700,02 \/18h<\/td>\r\n<\/tr><tr>\r\n<td class=\"ccargos\">\r\n<span data-balloon-length=\"medium\" aria-label=\"Ensino Superior Completo (Licenciatura Plena em Hist\u00f3ria).\" data-balloon-pos=\"up\">Professor de Educa\u00e7\u00e3o B\u00e1sica II - Hist\u00f3ria<\/span><\/td>\r\n<td class=\"cvagas\">1 + CR<\/td>\r\n<td class=\"cremuneracao\">R$ 2.700,02 \/18h<\/td>\r\n<\/tr><tr>\r\n<td class=\"ccargos\">\r\n<span data-balloon-length=\"medium\" aria-label=\"Licenciatura plena em Pedagogia ou Ensino Superior com P\u00f3s-gradua\u00e7\u00e3o, na \u00e1rea da educa\u00e7\u00e3o, em n\u00edvel de mestrado ou em n\u00edvel de gest\u00e3o, com carga hor\u00e1ria de 360 (trezentos e sessenta) horas + Experi\u00eancia m\u00ednima de 06 (seis) anos na doc\u00eancia de Educa\u00e7\u00e3o B\u00e1sica.\" data-balloon-pos=\"up\">Supervisor de Ensino<\/span><\/td>\r\n<td class=\"cvagas\">1 + CR<\/td>\r\n<td class=\"cremuneracao\">R$ 6.042,09 \/40h<\/td>\r\n<\/tr><tr>\r\n<td class=\"ccargos\">\r\n<span data-balloon-length=\"medium\" aria-label=\"Ensino Superior Completo na \u00c1rea de Atua\u00e7\u00e3o + Registro no respectivo Conselho de Classe.\" data-balloon-pos=\"up\">Terapeuta Ocupacional<\/span><\/td>\r\n<td class=\"cvagas\">1 + CR<\/td>\r\n<td class=\"cremuneracao\">R$ 2.522,22 \/20h<\/td>\r\n<\/tr>\r\n    <\/tbody>\r\n  <\/table>\r\n<\/div>"},"_links":{"self":[{"href":"https:\/\/www.agrobase.com.br\/concursos\/wp-json\/wp\/v2\/posts\/274986","targetHints":{"allow":["GET"]}}],"collection":[{"href":"https:\/\/www.agrobase.com.br\/concursos\/wp-json\/wp\/v2\/posts"}],"about":[{"href":"https:\/\/www.agrobase.com.br\/concursos\/wp-json\/wp\/v2\/types\/post"}],"author":[{"embeddable":true,"href":"https:\/\/www.agrobase.com.br\/concursos\/wp-json\/wp\/v2\/users\/5229"}],"replies":[{"embeddable":true,"href":"https:\/\/www.agrobase.com.br\/concursos\/wp-json\/wp\/v2\/comments?post=274986"}],"version-history":[{"count":4,"href":"https:\/\/www.agrobase.com.br\/concursos\/wp-json\/wp\/v2\/posts\/274986\/revisions"}],"predecessor-version":[{"id":275009,"href":"https:\/\/www.agrobase.com.br\/concursos\/wp-json\/wp\/v2\/posts\/274986\/revisions\/275009"}],"wp:featuredmedia":[{"embeddable":true,"href":"https:\/\/www.agrobase.com.br\/concursos\/wp-json\/wp\/v2\/media\/274985"}],"wp:attachment":[{"href":"https:\/\/www.agrobase.com.br\/concursos\/wp-json\/wp\/v2\/media?parent=274986"}],"wp:term":[{"taxonomy":"category","embeddable":true,"href":"https:\/\/www.agrobase.com.br\/concursos\/wp-json\/wp\/v2\/categories?post=274986"},{"taxonomy":"post_tag","embeddable":true,"href":"https:\/\/www.agrobase.com.br\/concursos\/wp-json\/wp\/v2\/tags?post=274986"},{"taxonomy":"_amplo","embeddable":true,"href":"https:\/\/www.agrobase.com.br\/concursos\/wp-json\/wp\/v2\/_amplo?post=274986"},{"taxonomy":"destaque","embeddable":true,"href":"https:\/\/www.agrobase.com.br\/concursos\/wp-json\/wp\/v2\/destaque?post=274986"},{"taxonomy":"instituicoes","embeddable":true,"href":"https:\/\/www.agrobase.com.br\/concursos\/wp-json\/wp\/v2\/instituicoes?post=274986"}],"curies":[{"name":"wp","href":"https:\/\/api.w.org\/{rel}","templated":true}]}}