{"id":274874,"date":"2025-12-09T10:04:58","date_gmt":"2025-12-09T13:04:58","guid":{"rendered":"https:\/\/www.agrobase.com.br\/concursos\/?p=274874"},"modified":"2025-12-09T10:04:58","modified_gmt":"2025-12-09T13:04:58","slug":"prefeitura-itaiopolis-sc-selecao-publica-04-2025","status":"publish","type":"post","link":"https:\/\/www.agrobase.com.br\/concursos\/2025\/prefeitura-itaiopolis-sc-selecao-publica-04-2025\/","title":{"rendered":"Prefeitura Itai\u00f3polis (SC) &#8211; Sele\u00e7\u00e3o P\u00fablica 04\/2025"},"content":{"rendered":"<h2>Informa\u00e7\u00f5es Gerais<\/h2>\n<p>A <strong>Prefeitura Municipal de Itai\u00f3polis<\/strong>, no estado de Santa Catarina, torna p\u00fablica a realiza\u00e7\u00e3o de um novo <strong>Processo Seletivo<\/strong>, regido pelo edital n\u00ba 004\/2025. O certame, organizado pelo <strong>Instituto Tupy<\/strong>, tem como objetivo a forma\u00e7\u00e3o de <strong>cadastro reserva<\/strong> para admiss\u00e3o em car\u00e1ter tempor\u00e1rio (ACT), visando atender \u00e0s necessidades excepcionais de interesse p\u00fablico do munic\u00edpio.<\/p>\n<p>As oportunidades contemplam candidatos com n\u00edveis de escolaridade <strong>fundamental (incompleto e completo), m\u00e9dio, t\u00e9cnico e superior<\/strong>. As vagas est\u00e3o distribu\u00eddas entre diversos setores da administra\u00e7\u00e3o, incluindo sa\u00fade, educa\u00e7\u00e3o, obras e administrativo. Destacam-se, neste edital, oportunidades para profissionais das \u00e1reas de <strong>Engenharia Agron\u00f4mica, Medicina Veterin\u00e1ria, Nutri\u00e7\u00e3o e Engenharia Ambiental e Sanitarista<\/strong>, al\u00e9m de diversos cargos para m\u00e9dicos, professores e operacional.<\/p>\n<p>O processo seletivo ter\u00e1 validade de um ano, podendo ser prorrogado por igual per\u00edodo. Se voc\u00ea busca uma oportunidade no servi\u00e7o p\u00fablico catarinense, confira a seguir os detalhes sobre prazos, etapas e requisitos.<\/p>\n<h2>Inscri\u00e7\u00f5es<\/h2>\n<p>As inscri\u00e7\u00f5es para o Processo Seletivo de Itai\u00f3polis devem ser realizadas exclusivamente pela internet, atrav\u00e9s do site da organizadora, o <strong>Instituto Tupy<\/strong>. O per\u00edodo de candidatura permanece aberto at\u00e9 \u00e0s <strong>20h00min do dia 16 de dezembro de 2025<\/strong>.<\/p>\n<p>Para confirmar a participa\u00e7\u00e3o, o candidato deve preencher o formul\u00e1rio eletr\u00f4nico e efetuar o pagamento da taxa de inscri\u00e7\u00e3o via boleto banc\u00e1rio. \u00c9 importante ressaltar que n\u00e3o ser\u00e3o aceitos pagamentos via PIX, dep\u00f3sito ou transfer\u00eancia. Os valores das taxas s\u00e3o definidos conforme o n\u00edvel de escolaridade do cargo:<\/p>\n<ul>\n<li><strong>N\u00edvel Fundamental:<\/strong> R$ 60,00<\/li>\n<li><strong>N\u00edvel M\u00e9dio\/T\u00e9cnico:<\/strong> R$ 80,00<\/li>\n<li><strong>N\u00edvel Superior:<\/strong> R$ 100,00<\/li>\n<\/ul>\n<p>O edital permite que o candidato realize at\u00e9 <strong>duas inscri\u00e7\u00f5es<\/strong>, desde que sejam para cargos com provas em dias distintos (n\u00edveis M\u00e9dio\/Superior no s\u00e1bado e Fundamental\/Magisterium no domingo). Recomendamos a leitura atenta do edital completo para verificar as regras de isen\u00e7\u00e3o e os procedimentos detalhados.<\/p>\n<h2>Etapas e Provas<\/h2>\n<p>A sele\u00e7\u00e3o dos candidatos ser\u00e1 realizada por meio de etapas eliminat\u00f3rias e classificat\u00f3rias, variando de acordo com o cargo pretendido. A etapa comum a todos os inscritos \u00e9 a <strong>Prova Objetiva<\/strong>.<\/p>\n<ul>\n<li><strong>Prova Objetiva (Todos os cargos):<\/strong> De car\u00e1ter eliminat\u00f3rio e classificat\u00f3rio. Ser\u00e1 composta por quest\u00f5es de m\u00faltipla escolha. A aplica\u00e7\u00e3o est\u00e1 prevista para os dias <strong>10 de janeiro de 2026 (s\u00e1bado)<\/strong> para cargos de n\u00edvel M\u00e9dio\/T\u00e9cnico e Superior (exceto Magist\u00e9rio), e <strong>11 de janeiro de 2026 (domingo)<\/strong> para cargos de n\u00edvel Fundamental e Superior Magist\u00e9rio.<\/li>\n<li><strong>Prova de T\u00edtulos (Classificat\u00f3ria):<\/strong> Exclusiva para os cargos de <strong>N\u00edvel Superior Magist\u00e9rio<\/strong>. O envio dos documentos comprobat\u00f3rios ser\u00e1 eletr\u00f4nico, entre os dias 14 e 16 de janeiro de 2026.<\/li>\n<li><strong>Prova Pr\u00e1tica (Eliminat\u00f3ria):<\/strong> Destinada apenas aos candidatos pr\u00e9-classificados para os cargos de <strong>Motorista (CNH C)<\/strong> e <strong>Operador de M\u00e1quina<\/strong>.<\/li>\n<\/ul>\n<p>As provas objetivas avaliar\u00e3o conhecimentos gerais e espec\u00edficos, incluindo L\u00edngua Portuguesa, Matem\u00e1tica e Racioc\u00ednio L\u00f3gico, conforme os crit\u00e9rios de desempate e conte\u00fado program\u00e1tico. Para detalhes sobre o n\u00famero de quest\u00f5es e pontua\u00e7\u00e3o m\u00ednima, consulte o edital.<\/p>\n<h2>Resultados e Gabarito<\/h2>\n<p>Os <strong>gabaritos preliminares<\/strong> das provas objetivas t\u00eam divulga\u00e7\u00e3o prevista para at\u00e9 \u00e0s 23h59min do dia <strong>11 de janeiro de 2026<\/strong>, na p\u00e1gina oficial do certame. A classifica\u00e7\u00e3o final ser\u00e1 definida pela soma das notas obtidas nas etapas aplic\u00e1veis a cada cargo.<\/p>\n<p>A homologa\u00e7\u00e3o do resultado final ser\u00e1 feita pelo Prefeito Municipal e publicada no <strong>Di\u00e1rio Oficial dos Munic\u00edpios de Santa Catarina<\/strong> e no site do Instituto Tupy. A convoca\u00e7\u00e3o dos aprovados ocorrer\u00e1 conforme a necessidade da Administra\u00e7\u00e3o Municipal, respeitando a ordem de classifica\u00e7\u00e3o.<\/p>\n<p>\u00c9 de inteira responsabilidade do candidato acompanhar todas as publica\u00e7\u00f5es, avisos e editais retificadores referentes a este Processo Seletivo diretamente no site da banca organizadora.<\/p>\n","protected":false},"excerpt":{"rendered":"<p>Proc. Seletivo Pref. Itai\u00f3polis (SC) com edital publicado! Vagas p\/ Professor, M\u00e9dico (Fund. a Sup.). Inscri\u00e7\u00f5es a partir de 03\/12. Sal\u00e1rios at\u00e9 R$15.8k. Confira!<\/p>\n","protected":false},"author":5229,"featured_media":274873,"comment_status":"open","ping_status":"open","sticky":false,"template":"","format":"standard","meta":{"_acf_changed":false,"_breakdance_hide_in_design_set":false,"_breakdance_tags":"","footnotes":""},"categories":[4,6433,141,11,6434,12,13,14,16,17,18,19,111,100,20,6871,116,21,22,23,24,25,26,101,30,108,143,134],"tags":[61],"_amplo":[],"destaque":[],"instituicoes":[],"class_list":["post-274874","post","type-post","status-publish","format-standard","has-post-thumbnail","hentry","category-agronomia","category-biologia-licenciatura","category-educacao-artistica","category-educacao-fisica","category-educacao-fisica-licenciatura","category-enfermagem","category-engenharia-ambiental","category-engenharia","category-engenharia-sanitaria","category-farmacia","category-fisioterapia","category-fonoaudiologia","category-geografia","category-historia","category-letras","category-letras-ingles","category-matematica","category-medicina","category-veterinaria","category-nutricao","category-odontologia","category-pedagogia","category-psicologia","category-servico-social","category-tecnico-agropecuaria","category-tecnico-enfermagem","category-tecnico-odontologia","category-terapia-ocupacional","tag-santa-catarina"],"acf":{"_tipo_vagas":"vagas","_numero_vagas":"","_quadro_vagas":"","_cargos":"diversos","_cargos_especificos":"","_salario_max":"R$ 15823.15","_abertura":"20251203","_encerramento":"20251216","_inscricoes":"https:\/\/portal.institutotupy.com.br\/edital\/ver\/73","_executora_concurso":"","_instituicao_concurso":[],"_link_adicional":null,"_anexos":null,"_produtos":null,"_vagas":"CR","_salario_min":"R$ 1216.94","_instituicao":"Prefeitura de Itai\u00f3polis","_edital":"https:\/\/www.agrobase.com.br\/concursos\/wp-content\/uploads\/sites\/4\/2025\/12\/edital-04-2025-prefeitura-Itaiopolis-sc.pdf","_anexos_edital":"","_fund_incompleto":"<div>\r\n<table class=\"quadro\">\r\n<thead>\r\n<tr>\r\n<th class=\"hcargo\">Cargo<\/th>\r\n<th class=\"hvagas\">Vagas<\/th>\r\n<th class=\"hremuneracao\">Remunera\u00e7\u00e3o<\/th>\r\n<\/tr>\r\n<\/thead>\r\n    <tbody>\r\n      <td class=\"ccargos\">\r\n<span data-balloon-length=\"medium\" aria-label=\"Ser alfabetizado.\" data-balloon-pos=\"up\">Auxiliar Operacional<\/span><\/td>\r\n<td class=\"cvagas\">CR<\/td>\r\n<td class=\"cremuneracao\">R$ 1.787,23 \/40h<\/td>\r\n<\/tr><td class=\"ccargos\">\r\n<span data-balloon-length=\"medium\" aria-label=\"Instru\u00e7\u00e3o m\u00ednima na quarta s\u00e9rie do ensino fundamental.\" data-balloon-pos=\"up\">Copeiro<\/span><\/td>\r\n<td class=\"cvagas\">CR<\/td>\r\n<td class=\"cremuneracao\">R$ 1.787,23 \/40h<\/td>\r\n<\/tr><td class=\"ccargos\">\r\n<span data-balloon-length=\"medium\" aria-label=\"Instru\u00e7\u00e3o m\u00ednima na quarta s\u00e9rie do ensino fundamental. Experi\u00eancia m\u00ednima comprovada de 12 (doze) meses.\" data-balloon-pos=\"up\">Cozinheiro<\/span><\/td>\r\n<td class=\"cvagas\">CR<\/td>\r\n<td class=\"cremuneracao\">R$ 1.787,23 \/40h<\/td>\r\n<\/tr><td class=\"ccargos\">\r\n<span data-balloon-length=\"medium\" aria-label=\"Instru\u00e7\u00e3o m\u00ednima na quarta s\u00e9rie do ensino fundamental.\" data-balloon-pos=\"up\">Merendeira<\/span><\/td>\r\n<td class=\"cvagas\">CR<\/td>\r\n<td class=\"cremuneracao\">R$ 1.787,23 \/40h<\/td>\r\n<\/tr><td class=\"ccargos\">\r\n<span data-balloon-length=\"medium\" aria-label=\"Ser alfabetizado.\" data-balloon-pos=\"up\">Servente de Limpeza<\/span><\/td>\r\n<td class=\"cvagas\">CR<\/td>\r\n<td class=\"cremuneracao\">R$ 1.787,23 \/40h<\/td>\r\n<\/tr>\r\n    <\/tbody>\r\n  <\/table>\r\n<\/div>","_fund_completo":"<div>\r\n<table class=\"quadro\">\r\n<thead>\r\n<tr>\r\n<th class=\"hcargo\">Cargo<\/th>\r\n<th class=\"hvagas\">Vagas<\/th>\r\n<th class=\"hremuneracao\">Remunera\u00e7\u00e3o<\/th>\r\n<\/tr>\r\n<\/thead>\r\n    <tbody>\r\n      <td class=\"ccargos\">\r\n<span data-balloon-length=\"medium\" aria-label=\"Ensino Fundamental Completo. Conhecimento espec\u00edfico e experi\u00eancia m\u00ednima de 06 (seis) meses. Carteira de habilita\u00e7\u00e3o categoria de acordo com a categoria e local de lota\u00e7\u00e3o. Permiss\u00e3o espec\u00edfica, dependendo do local de lota\u00e7\u00e3o.\" data-balloon-pos=\"up\">Motorista - CNH \"C\"<\/span><\/td>\r\n<td class=\"cvagas\">CR<\/td>\r\n<td class=\"cremuneracao\">R$ 2.254,01 \/40h<\/td>\r\n<\/tr><td class=\"ccargos\">\r\n<span data-balloon-length=\"medium\" aria-label=\"Ensino Fundamental Completo. Conhecimento espec\u00edfico e experi\u00eancia m\u00ednima de 06 (seis) meses. Carteira de habilita\u00e7\u00e3o categoria de acordo com a categoria e local de lota\u00e7\u00e3o. Permiss\u00e3o espec\u00edfica, dependendo do local de lota\u00e7\u00e3o.\" data-balloon-pos=\"up\">Motorista - CNH \"D\" + permiss\u00e3o para dirigir ambul\u00e2ncia<\/span><\/td>\r\n<td class=\"cvagas\">CR<\/td>\r\n<td class=\"cremuneracao\">R$ 2.254,01 \/40h<\/td>\r\n<\/tr><td class=\"ccargos\">\r\n<span data-balloon-length=\"medium\" aria-label=\"Ensino Fundamental Completo. Conhecimento espec\u00edfico e experi\u00eancia m\u00ednima de 06 (seis) meses. Carteira de habilita\u00e7\u00e3o categoria de acordo com a categoria e local de lota\u00e7\u00e3o. Permiss\u00e3o espec\u00edfica, dependendo do local de lota\u00e7\u00e3o.\" data-balloon-pos=\"up\">Motorista - CNH \"D\" + permiss\u00e3o para realizar transporte escolar<\/span><\/td>\r\n<td class=\"cvagas\">CR<\/td>\r\n<td class=\"cremuneracao\">R$ 2.254,01 \/40h<\/td>\r\n<\/tr><td class=\"ccargos\">\r\n<span data-balloon-length=\"medium\" aria-label=\"Ensino Fundamental Completo e experi\u00eancia m\u00ednima comprovada de 12 (doze) meses. Alfabetizado com experi\u00eancia comprovada na fun\u00e7\u00e3o de Operador de M\u00e1quina; Carteira Nacional de Habilita\u00e7\u00e3o CNH, categoria B, C ou D, a qual servir\u00e1, inclusive, para comprova\u00e7\u00e3o de alfabetiza\u00e7\u00e3o do servidor.\" data-balloon-pos=\"up\">Operador de M\u00e1quina - CNH \"B\", \"C\" ou \"D\"<\/span><\/td>\r\n<td class=\"cvagas\">CR<\/td>\r\n<td class=\"cremuneracao\">R$ 2.254,01 \/40h<\/td>\r\n<\/tr><td class=\"ccargos\">\r\n<span data-balloon-length=\"medium\" aria-label=\"Ensino Fundamental Completo.\" data-balloon-pos=\"up\">Recepcionista<\/span><\/td>\r\n<td class=\"cvagas\">CR<\/td>\r\n<td class=\"cremuneracao\">R$ 2.254,01 \/40h<\/td>\r\n<\/tr>\r\n    <\/tbody>\r\n  <\/table>\r\n<\/div>","_medio":"<div>\r\n<table class=\"quadro\">\r\n<thead>\r\n<tr>\r\n<th class=\"hcargo\">Cargo<\/th>\r\n<th class=\"hvagas\">Vagas<\/th>\r\n<th class=\"hremuneracao\">Remunera\u00e7\u00e3o<\/th>\r\n<\/tr>\r\n<\/thead>\r\n    <tbody>\r\n      <td class=\"ccargos\">\r\n<span data-balloon-length=\"medium\" aria-label=\"Curso T\u00e9cnico em Mec\u00e2nica de Automotores e\/ou Experi\u00eancia m\u00ednima comprovada de 12 (doze) meses.\" data-balloon-pos=\"up\">Mec\u00e2nico<\/span><\/td>\r\n<td class=\"cvagas\">CR<\/td>\r\n<td class=\"cremuneracao\">R$ 2.254,01 \/40h<\/td>\r\n<\/tr><td class=\"ccargos\">\r\n<span data-balloon-length=\"medium\" aria-label=\"Ensino M\u00e9dio Completo.\" data-balloon-pos=\"up\">Auxiliar de Centro de Educa\u00e7\u00e3o Infantil<\/span><\/td>\r\n<td class=\"cvagas\">CR<\/td>\r\n<td class=\"cremuneracao\">R$ 2.254,01 \/40h<\/td>\r\n<\/tr><td class=\"ccargos\">\r\n<span data-balloon-length=\"medium\" aria-label=\"Ensino M\u00e9dio Completo.\" data-balloon-pos=\"up\">T\u00e9cnico em Administra\u00e7\u00e3o<\/span><\/td>\r\n<td class=\"cvagas\">CR<\/td>\r\n<td class=\"cremuneracao\">R$ 2.254,01 \/40h<\/td>\r\n<\/tr><td class=\"ccargos\">\r\n<span data-balloon-length=\"medium\" aria-label=\"Curso P\u00f3s-m\u00e9dio de T\u00e9cnico em Agropecu\u00e1ria.\" data-balloon-pos=\"up\">T\u00e9cnico em Agropecu\u00e1ria<\/span><\/td>\r\n<td class=\"cvagas\">CR<\/td>\r\n<td class=\"cremuneracao\">R$ 2.254,01 \/40h<\/td>\r\n<\/tr><td class=\"ccargos\">\r\n<span data-balloon-length=\"medium\" aria-label=\"Instru\u00e7\u00e3o m\u00ednima em Curso P\u00f3s-m\u00e9dio de T\u00e9cnico em Enfermagem e Registro no Conselho competente.\" data-balloon-pos=\"up\">T\u00e9cnico em Enfermagem<\/span><\/td>\r\n<td class=\"cvagas\">CR<\/td>\r\n<td class=\"cremuneracao\">R$ 2.254,01 \/40h<\/td>\r\n<\/tr><td class=\"ccargos\">\r\n<span data-balloon-length=\"medium\" aria-label=\"Instru\u00e7\u00e3o m\u00ednima em Curso P\u00f3s-m\u00e9dio de T\u00e9cnico em Sa\u00fade Bucal.\" data-balloon-pos=\"up\">T\u00e9cnico em Higiene Dental<\/span><\/td>\r\n<td class=\"cvagas\">CR<\/td>\r\n<td class=\"cremuneracao\">R$ 2.254,01 \/40h<\/td>\r\n<\/tr><td class=\"ccargos\">\r\n<span data-balloon-length=\"medium\" aria-label=\"Instru\u00e7\u00e3o m\u00ednima em Curso P\u00f3s-m\u00e9dio de T\u00e9cnico em Radiologia e Registro no Conselho competente.\" data-balloon-pos=\"up\">T\u00e9cnico em Radiologia<\/span><\/td>\r\n<td class=\"cvagas\">CR<\/td>\r\n<td class=\"cremuneracao\">R$ 2.254,01 \/20h<\/td>\r\n<\/tr><td class=\"ccargos\">\r\n<span data-balloon-length=\"medium\" aria-label=\"Curso P\u00f3s-m\u00e9dio de T\u00e9cnico em Geom\u00e1tica ou Agrimensura ou Estradas e Registro no Conselho competente.\" data-balloon-pos=\"up\">T\u00e9cnico em Topografia<\/span><\/td>\r\n<td class=\"cvagas\">CR<\/td>\r\n<td class=\"cremuneracao\">R$ 1.437,55 \/20h<\/td>\r\n<\/tr>\r\n    <\/tbody>\r\n  <\/table>\r\n<\/div>","_superior":"<div>\r\n<table class=\"quadro\">\r\n<thead>\r\n<tr>\r\n<th class=\"hcargo\">Cargo<\/th>\r\n<th class=\"hvagas\">Vagas<\/th>\r\n<th class=\"hremuneracao\">Remunera\u00e7\u00e3o<\/th>\r\n<\/tr>\r\n<\/thead>\r\n    <tbody>\r\n      <tr>\r\n<td class=\"ccargos\">\r\n<span data-balloon-length=\"medium\" data-balloon-pos=\"up\">Assistente Social<\/span><\/td>\r\n<td class=\"cvagas\">CR<\/td>\r\n<td class=\"cremuneracao\">R$ 4.011,25 \/30h<\/td>\r\n<\/tr><tr>\r\n<td class=\"ccargos\">\r\n<span data-balloon-length=\"medium\" aria-label=\"Curso Superior Completo de Odontologia e Registro no Conselho competente.\" data-balloon-pos=\"up\">Cirurgi\u00e3o Dentista<\/span><\/td>\r\n<td class=\"cvagas\">CR<\/td>\r\n<td class=\"cremuneracao\">R$ 5.348,33 \/40h<\/td>\r\n<\/tr><tr>\r\n<td class=\"ccargos\">\r\n<span data-balloon-length=\"medium\" aria-label=\"Curso Superior Completo de Enfermagem e Registro no Conselho competente.\" data-balloon-pos=\"up\">Enfermeiro<\/span><\/td>\r\n<td class=\"cvagas\">CR<\/td>\r\n<td class=\"cremuneracao\">R$ 5.348,33 \/40h<\/td>\r\n<\/tr><tr>\r\n<td class=\"ccargos\">\r\n<span data-balloon-length=\"medium\" aria-label=\"Curso Superior Completo em Agronomia e Registro no Conselho competente.\" data-balloon-pos=\"up\">Engenheiro Agr\u00f4nomo<\/span><\/td>\r\n<td class=\"cvagas\">CR<\/td>\r\n<td class=\"cremuneracao\">R$ 5.348,33 \/40h<\/td>\r\n<\/tr><tr>\r\n<td class=\"ccargos\">\r\n<span data-balloon-length=\"medium\" data-balloon-pos=\"up\">Engenheiro Ambiental e Sanitarista<\/span><\/td>\r\n<td class=\"cvagas\">CR<\/td>\r\n<td class=\"cremuneracao\">R$ 5.348,33 \/40h<\/td>\r\n<\/tr><tr>\r\n<td class=\"ccargos\">\r\n<span data-balloon-length=\"medium\" aria-label=\"Curso Superior Completo de Engenharia Civil devidamente registrado para o exerc\u00edcio da profiss\u00e3o.\" data-balloon-pos=\"up\">Engenheiro Civil<\/span><\/td>\r\n<td class=\"cvagas\">CR<\/td>\r\n<td class=\"cremuneracao\">R$ 7.311,41 \/40h<\/td>\r\n<\/tr><tr>\r\n<td class=\"ccargos\">\r\n<span data-balloon-length=\"medium\" aria-label=\"Bacharelado em Farm\u00e1cia com registro no Conselho ou \u00d3rg\u00e3o Fiscalizador do Exerc\u00edcio da Profiss\u00e3o.\" data-balloon-pos=\"up\">Farmac\u00eautico<\/span><\/td>\r\n<td class=\"cvagas\">CR<\/td>\r\n<td class=\"cremuneracao\">R$ 5.348,33 \/40h<\/td>\r\n<\/tr><tr>\r\n<td class=\"ccargos\">\r\n<span data-balloon-length=\"medium\" aria-label=\"Bacharelado em Fisioterapia com registro no Conselho ou \u00d3rg\u00e3o Fiscalizador do Exerc\u00edcio da Profiss\u00e3o.\" data-balloon-pos=\"up\">Fisioterapeuta<\/span><\/td>\r\n<td class=\"cvagas\">CR<\/td>\r\n<td class=\"cremuneracao\">R$ 2.674,17 \/20h<\/td>\r\n<\/tr><tr>\r\n<td class=\"ccargos\">\r\n<span data-balloon-length=\"medium\" aria-label=\"Bacharelado em Fisioterapia com registro no Conselho ou \u00d3rg\u00e3o Fiscalizador do Exerc\u00edcio da Profiss\u00e3o.\" data-balloon-pos=\"up\">Fisioterapeuta<\/span><\/td>\r\n<td class=\"cvagas\">CR<\/td>\r\n<td class=\"cremuneracao\">R$ 4.011,25 \/30h<\/td>\r\n<\/tr><tr>\r\n<td class=\"ccargos\">\r\n<span data-balloon-length=\"medium\" aria-label=\"Ensino Superior em Fonoaudiologia e registro no Conselho competente.\" data-balloon-pos=\"up\">Fonoaudi\u00f3logo<\/span><\/td>\r\n<td class=\"cvagas\">CR<\/td>\r\n<td class=\"cremuneracao\">R$ 2.674,17 \/20h<\/td>\r\n<\/tr><tr>\r\n<td class=\"ccargos\">\r\n<span data-balloon-length=\"medium\" aria-label=\"Ensino Superior em Medicina e registro no Conselho competente.\" data-balloon-pos=\"up\">M\u00e9dico Cl\u00ednico Geral<\/span><\/td>\r\n<td class=\"cvagas\">CR<\/td>\r\n<td class=\"cremuneracao\">R$ 15.823,15 \/40h<\/td>\r\n<\/tr><tr>\r\n<td class=\"ccargos\">\r\n<span data-balloon-length=\"medium\" aria-label=\"Ensino Superior em Medicina com especializa\u00e7\u00e3o em Ginecologia e Obstetr\u00edcia e registro no Conselho competente.\" data-balloon-pos=\"up\">M\u00e9dico Ginecologista\/Obstetra<\/span><\/td>\r\n<td class=\"cvagas\">CR<\/td>\r\n<td class=\"cremuneracao\">R$ 7.911,58 \/20h<\/td>\r\n<\/tr><tr>\r\n<td class=\"ccargos\">\r\n<span data-balloon-length=\"medium\" aria-label=\"Ensino Superior em Medicina com especializa\u00e7\u00e3o em Pediatria e registro no Conselho competente.\" data-balloon-pos=\"up\">M\u00e9dico Pediatra<\/span><\/td>\r\n<td class=\"cvagas\">CR<\/td>\r\n<td class=\"cremuneracao\">R$ 7.911,58 \/20h<\/td>\r\n<\/tr><tr>\r\n<td class=\"ccargos\">\r\n<span data-balloon-length=\"medium\" aria-label=\"Ensino Superior em Medicina com forma\u00e7\u00e3o em Psiquiatria e registro no Conselho competente.\" data-balloon-pos=\"up\">M\u00e9dico Psiquiatra<\/span><\/td>\r\n<td class=\"cvagas\">CR<\/td>\r\n<td class=\"cremuneracao\">R$ 7.911,58 \/20h<\/td>\r\n<\/tr><tr>\r\n<td class=\"ccargos\">\r\n<span data-balloon-length=\"medium\" aria-label=\"Curso Superior Completo de Medicina Veterin\u00e1ria e Registro no Conselho competente.\" data-balloon-pos=\"up\">M\u00e9dico Veterin\u00e1rio<\/span><\/td>\r\n<td class=\"cvagas\">CR<\/td>\r\n<td class=\"cremuneracao\">R$ 5.348,33 \/40h<\/td>\r\n<\/tr><tr>\r\n<td class=\"ccargos\">\r\n<span data-balloon-length=\"medium\" aria-label=\"Curso Superior Completo de Nutri\u00e7\u00e3o. Registro no Conselho competente.\" data-balloon-pos=\"up\">Nutricionista<\/span><\/td>\r\n<td class=\"cvagas\">CR<\/td>\r\n<td class=\"cremuneracao\">R$ 5.348,33 \/40h<\/td>\r\n<\/tr><tr>\r\n<td class=\"ccargos\">\r\n<span data-balloon-length=\"medium\" aria-label=\"Bacharelado em Educa\u00e7\u00e3o F\u00edsica, com registro no Conselho Regional de Educa\u00e7\u00e3o F\u00edsica.\" data-balloon-pos=\"up\">Orientador de Desporto<\/span><\/td>\r\n<td class=\"cvagas\">CR<\/td>\r\n<td class=\"cremuneracao\">R$ 5.348,33 \/40h<\/td>\r\n<\/tr><tr>\r\n<td class=\"ccargos\">\r\n<span data-balloon-length=\"medium\" aria-label=\"Bacharelado em Psicologia com registro no Conselho ou \u00d3rg\u00e3o Fiscalizador do Exerc\u00edcio da Profiss\u00e3o.\" data-balloon-pos=\"up\">Psic\u00f3logo<\/span><\/td>\r\n<td class=\"cvagas\">CR<\/td>\r\n<td class=\"cremuneracao\">R$ 2.674,17 \/20h<\/td>\r\n<\/tr><tr>\r\n<td class=\"ccargos\">\r\n<span data-balloon-length=\"medium\" aria-label=\"Bacharelado em Psicologia com registro no Conselho ou \u00d3rg\u00e3o Fiscalizador do Exerc\u00edcio da Profiss\u00e3o.\" data-balloon-pos=\"up\">Psic\u00f3logo<\/span><\/td>\r\n<td class=\"cvagas\">CR<\/td>\r\n<td class=\"cremuneracao\">R$ 5.348,33 \/40h<\/td>\r\n<\/tr><tr>\r\n<td class=\"ccargos\">\r\n<span data-balloon-length=\"medium\" aria-label=\"Forma\u00e7\u00e3o superior completa em Terapia Ocupacional, com diploma universit\u00e1rio, expedido por institui\u00e7\u00e3o de ensino devidamente registrada no \u00f3rg\u00e3o competente do Minist\u00e9rio da Educa\u00e7\u00e3o, e registro no Conselho Regional de Fisioterapia e Terapia Ocupacional.\" data-balloon-pos=\"up\">Terapeuta Ocupacional<\/span><\/td>\r\n<td class=\"cvagas\">CR<\/td>\r\n<td class=\"cremuneracao\">R$ 2.674,17 \/20h<\/td>\r\n<\/tr><tr>\r\n<td class=\"ccargos\">\r\n<span data-balloon-length=\"medium\" aria-label=\"Forma\u00e7\u00e3o superior completa em Terapia Ocupacional, com diploma universit\u00e1rio, expedido por institui\u00e7\u00e3o de ensino devidamente registrada no \u00f3rg\u00e3o competente do Minist\u00e9rio da Educa\u00e7\u00e3o, e registro no Conselho Regional de Fisioterapia e Terapia Ocupacional.\" data-balloon-pos=\"up\">Terapeuta Ocupacional<\/span><\/td>\r\n<td class=\"cvagas\">CR<\/td>\r\n<td class=\"cremuneracao\">R$ 4.011,25 \/30h<\/td>\r\n<\/tr><tr>\r\n<td class=\"ccargos\">\r\n<span data-balloon-length=\"medium\" aria-label=\"Licenciatura Plena em Arte.\" data-balloon-pos=\"up\">Professor de Arte - Educa\u00e7\u00e3o Infantil e Ensino Fundamental<\/span><\/td>\r\n<td class=\"cvagas\">CR<\/td>\r\n<td class=\"cremuneracao\">R$ 1.216,94 \/10h<\/td>\r\n<\/tr><tr>\r\n<td class=\"ccargos\">\r\n<span data-balloon-length=\"medium\" aria-label=\"Licenciatura Plena em Arte.\" data-balloon-pos=\"up\">Professor de Arte - Educa\u00e7\u00e3o Infantil e Ensino Fundamental<\/span><\/td>\r\n<td class=\"cvagas\">CR<\/td>\r\n<td class=\"cremuneracao\">R$ 2.433,89 \/20h<\/td>\r\n<\/tr><tr>\r\n<td class=\"ccargos\">\r\n<span data-balloon-length=\"medium\" aria-label=\"Licenciatura Plena em Arte.\" data-balloon-pos=\"up\">Professor de Arte - Educa\u00e7\u00e3o Infantil e Ensino Fundamental<\/span><\/td>\r\n<td class=\"cvagas\">CR<\/td>\r\n<td class=\"cremuneracao\">R$ 3.650,84 \/30h<\/td>\r\n<\/tr><tr>\r\n<td class=\"ccargos\">\r\n<span data-balloon-length=\"medium\" aria-label=\"Licenciatura Plena em Arte.\" data-balloon-pos=\"up\">Professor de Arte - Educa\u00e7\u00e3o Infantil e Ensino Fundamental<\/span><\/td>\r\n<td class=\"cvagas\">CR<\/td>\r\n<td class=\"cremuneracao\">R$ 4.867,78 \/40h<\/td>\r\n<\/tr><tr>\r\n<td class=\"ccargos\">\r\n<span data-balloon-length=\"medium\" aria-label=\"Licenciatura Plena em Ci\u00eancias Biol\u00f3gicas.\" data-balloon-pos=\"up\">Professor de Ci\u00eancias - Anos Finais<\/span><\/td>\r\n<td class=\"cvagas\">CR<\/td>\r\n<td class=\"cremuneracao\">R$ 1.216,94 \/10h<\/td>\r\n<\/tr><tr>\r\n<td class=\"ccargos\">\r\n<span data-balloon-length=\"medium\" aria-label=\"Licenciatura Plena em Ci\u00eancias Biol\u00f3gicas.\" data-balloon-pos=\"up\">Professor de Ci\u00eancias - Anos Finais<\/span><\/td>\r\n<td class=\"cvagas\">CR<\/td>\r\n<td class=\"cremuneracao\">R$ 2.433,89 \/20h<\/td>\r\n<\/tr><tr>\r\n<td class=\"ccargos\">\r\n<span data-balloon-length=\"medium\" aria-label=\"Licenciatura Plena em Ci\u00eancias Biol\u00f3gicas.\" data-balloon-pos=\"up\">Professor de Ci\u00eancias - Anos Finais<\/span><\/td>\r\n<td class=\"cvagas\">CR<\/td>\r\n<td class=\"cremuneracao\">R$ 3.650,84 \/30h<\/td>\r\n<\/tr><tr>\r\n<td class=\"ccargos\">\r\n<span data-balloon-length=\"medium\" aria-label=\"Licenciatura Plena em Ci\u00eancias Biol\u00f3gicas.\" data-balloon-pos=\"up\">Professor de Ci\u00eancias - Anos Finais<\/span><\/td>\r\n<td class=\"cvagas\">CR<\/td>\r\n<td class=\"cremuneracao\">R$ 4.867,78 \/40h<\/td>\r\n<\/tr><tr>\r\n<td class=\"ccargos\">\r\n<span data-balloon-length=\"medium\" aria-label=\"Licenciatura Plena em Pedagogia com Habilita\u00e7\u00e3o em Educa\u00e7\u00e3o Especial, com P\u00f3s-Gradua\u00e7\u00e3o nos termos da LDB (Art. 61) ou Licenciatura Plena em Educa\u00e7\u00e3o Especial.\" data-balloon-pos=\"up\">Professor de Educa\u00e7\u00e3o Especial<\/span><\/td>\r\n<td class=\"cvagas\">CR<\/td>\r\n<td class=\"cremuneracao\">R$ 2.433,89 \/20h<\/td>\r\n<\/tr><tr>\r\n<td class=\"ccargos\">\r\n<span data-balloon-length=\"medium\" aria-label=\"Licenciatura Plena em Pedagogia com Habilita\u00e7\u00e3o em Educa\u00e7\u00e3o Especial, com P\u00f3s-Gradua\u00e7\u00e3o nos termos da LDB (Art. 61) ou Licenciatura Plena em Educa\u00e7\u00e3o Especial.\" data-balloon-pos=\"up\">Professor de Educa\u00e7\u00e3o Especial<\/span><\/td>\r\n<td class=\"cvagas\">CR<\/td>\r\n<td class=\"cremuneracao\">R$ 4.867,78 \/40h<\/td>\r\n<\/tr><tr>\r\n<td class=\"ccargos\">\r\n<span data-balloon-length=\"medium\" aria-label=\"Licenciatura Plena em Educa\u00e7\u00e3o F\u00edsica (Resolu\u00e7\u00e3o n\u00ba 03\/87\/CFE ou Resolu\u00e7\u00f5es n\u00ba 01 e 02\/2002\/CNE ou Resolu\u00e7\u00e3o CNE 06\/2018) e respectivo registro no CREF3\/SC.\" data-balloon-pos=\"up\">Professor de Educa\u00e7\u00e3o F\u00edsica - Educa\u00e7\u00e3o Infantil e Ensino Fundamental<\/span><\/td>\r\n<td class=\"cvagas\">CR<\/td>\r\n<td class=\"cremuneracao\">R$ 1.216,94 \/10h<\/td>\r\n<\/tr><tr>\r\n<td class=\"ccargos\">\r\n<span data-balloon-length=\"medium\" aria-label=\"Licenciatura Plena em Educa\u00e7\u00e3o F\u00edsica (Resolu\u00e7\u00e3o n\u00ba 03\/87\/CFE ou Resolu\u00e7\u00f5es n\u00ba 01 e 02\/2002\/CNE ou Resolu\u00e7\u00e3o CNE 06\/2018) e respectivo registro no CREF3\/SC.\" data-balloon-pos=\"up\">Professor de Educa\u00e7\u00e3o F\u00edsica - Educa\u00e7\u00e3o Infantil e Ensino Fundamental<\/span><\/td>\r\n<td class=\"cvagas\">CR<\/td>\r\n<td class=\"cremuneracao\">R$ 2.433,89 \/20h<\/td>\r\n<\/tr><tr>\r\n<td class=\"ccargos\">\r\n<span data-balloon-length=\"medium\" aria-label=\"Licenciatura Plena em Educa\u00e7\u00e3o F\u00edsica (Resolu\u00e7\u00e3o n\u00ba 03\/87\/CFE ou Resolu\u00e7\u00f5es n\u00ba 01 e 02\/2002\/CNE ou Resolu\u00e7\u00e3o CNE 06\/2018) e respectivo registro no CREF3\/SC.\" data-balloon-pos=\"up\">Professor de Educa\u00e7\u00e3o F\u00edsica - Educa\u00e7\u00e3o Infantil e Ensino Fundamental<\/span><\/td>\r\n<td class=\"cvagas\">CR<\/td>\r\n<td class=\"cremuneracao\">R$ 3.650,84 \/30h<\/td>\r\n<\/tr><tr>\r\n<td class=\"ccargos\">\r\n<span data-balloon-length=\"medium\" aria-label=\"Licenciatura Plena em Educa\u00e7\u00e3o F\u00edsica (Resolu\u00e7\u00e3o n\u00ba 03\/87\/CFE ou Resolu\u00e7\u00f5es n\u00ba 01 e 02\/2002\/CNE ou Resolu\u00e7\u00e3o CNE 06\/2018) e respectivo registro no CREF3\/SC.\" data-balloon-pos=\"up\">Professor de Educa\u00e7\u00e3o F\u00edsica - Educa\u00e7\u00e3o Infantil e Ensino Fundamental<\/span><\/td>\r\n<td class=\"cvagas\">CR<\/td>\r\n<td class=\"cremuneracao\">R$ 4.867,78 \/40h<\/td>\r\n<\/tr><tr>\r\n<td class=\"ccargos\">\r\n<span data-balloon-length=\"medium\" aria-label=\"Licenciatura Plena em Pedagogia com Habilita\u00e7\u00e3o em Educa\u00e7\u00e3o Infantil ou Graduado em Pedagogia com P\u00f3s-Gradua\u00e7\u00e3o nos termos da LDB (Art. 61).\" data-balloon-pos=\"up\">Professor de Educa\u00e7\u00e3o Infantil<\/span><\/td>\r\n<td class=\"cvagas\">CR<\/td>\r\n<td class=\"cremuneracao\">R$ 2.433,89 \/20h<\/td>\r\n<\/tr><tr>\r\n<td class=\"ccargos\">\r\n<span data-balloon-length=\"medium\" aria-label=\"Licenciatura Plena em Pedagogia com Habilita\u00e7\u00e3o em Educa\u00e7\u00e3o Infantil ou Graduado em Pedagogia com P\u00f3s-Gradua\u00e7\u00e3o nos termos da LDB (Art. 61).\" data-balloon-pos=\"up\">Professor de Educa\u00e7\u00e3o Infantil<\/span><\/td>\r\n<td class=\"cvagas\">CR<\/td>\r\n<td class=\"cremuneracao\">R$ 4.867,78 \/40h<\/td>\r\n<\/tr><tr>\r\n<td class=\"ccargos\">\r\n<span data-balloon-length=\"medium\" aria-label=\"Licenciatura Plena em Pedagogia com Habilita\u00e7\u00e3o em Anos Iniciais ou Graduado em Pedagogia com P\u00f3s-Gradua\u00e7\u00e3o nos termos da LDB (Art. 61).\" data-balloon-pos=\"up\">Professor de Ensino Fundamental - Anos Iniciais<\/span><\/td>\r\n<td class=\"cvagas\">CR<\/td>\r\n<td class=\"cremuneracao\">R$ 2.433,89 \/20h<\/td>\r\n<\/tr><tr>\r\n<td class=\"ccargos\">\r\n<span data-balloon-length=\"medium\" aria-label=\"Licenciatura Plena em Pedagogia com Habilita\u00e7\u00e3o em Anos Iniciais ou Graduado em Pedagogia com P\u00f3s-Gradua\u00e7\u00e3o nos termos da LDB (Art. 61).\" data-balloon-pos=\"up\">Professor de Ensino Fundamental - Anos Iniciais<\/span><\/td>\r\n<td class=\"cvagas\">CR<\/td>\r\n<td class=\"cremuneracao\">R$ 4.867,78 \/40h<\/td>\r\n<\/tr><tr>\r\n<td class=\"ccargos\">\r\n<span data-balloon-length=\"medium\" aria-label=\"Licenciatura Plena em Educa\u00e7\u00e3o Religiosa ou \u00e1reas afins.\" data-balloon-pos=\"up\">Professor de Ensino Religioso - Anos Finais<\/span><\/td>\r\n<td class=\"cvagas\">CR<\/td>\r\n<td class=\"cremuneracao\">R$ 1.216,94 \/10h<\/td>\r\n<\/tr><tr>\r\n<td class=\"ccargos\">\r\n<span data-balloon-length=\"medium\" aria-label=\"Licenciatura Plena em Educa\u00e7\u00e3o Religiosa ou \u00e1reas afins.\" data-balloon-pos=\"up\">Professor de Ensino Religioso - Anos Finais<\/span><\/td>\r\n<td class=\"cvagas\">CR<\/td>\r\n<td class=\"cremuneracao\">R$ 2.433,89 \/20h<\/td>\r\n<\/tr><tr>\r\n<td class=\"ccargos\">\r\n<span data-balloon-length=\"medium\" aria-label=\"Licenciatura Plena em Educa\u00e7\u00e3o Religiosa ou \u00e1reas afins.\" data-balloon-pos=\"up\">Professor de Ensino Religioso - Anos Finais<\/span><\/td>\r\n<td class=\"cvagas\">CR<\/td>\r\n<td class=\"cremuneracao\">R$ 3.650,84 \/30h<\/td>\r\n<\/tr><tr>\r\n<td class=\"ccargos\">\r\n<span data-balloon-length=\"medium\" aria-label=\"Licenciatura Plena em Educa\u00e7\u00e3o Religiosa ou \u00e1reas afins.\" data-balloon-pos=\"up\">Professor de Ensino Religioso - Anos Finais<\/span><\/td>\r\n<td class=\"cvagas\">CR<\/td>\r\n<td class=\"cremuneracao\">R$ 4.867,78 \/40h<\/td>\r\n<\/tr><tr>\r\n<td class=\"ccargos\">\r\n<span data-balloon-length=\"medium\" aria-label=\"Licenciatura Plena em Geografia.\" data-balloon-pos=\"up\">Professor de Geografia - Anos Finais<\/span><\/td>\r\n<td class=\"cvagas\">CR<\/td>\r\n<td class=\"cremuneracao\">R$ 1.216,94 \/10h<\/td>\r\n<\/tr><tr>\r\n<td class=\"ccargos\">\r\n<span data-balloon-length=\"medium\" aria-label=\"Licenciatura Plena em Geografia.\" data-balloon-pos=\"up\">Professor de Geografia - Anos Finais<\/span><\/td>\r\n<td class=\"cvagas\">CR<\/td>\r\n<td class=\"cremuneracao\">R$ 2.433,89 \/20h<\/td>\r\n<\/tr><tr>\r\n<td class=\"ccargos\">\r\n<span data-balloon-length=\"medium\" aria-label=\"Licenciatura Plena em Geografia.\" data-balloon-pos=\"up\">Professor de Geografia - Anos Finais<\/span><\/td>\r\n<td class=\"cvagas\">CR<\/td>\r\n<td class=\"cremuneracao\">R$ 3.650,84 \/30h<\/td>\r\n<\/tr><tr>\r\n<td class=\"ccargos\">\r\n<span data-balloon-length=\"medium\" aria-label=\"Licenciatura Plena em Geografia.\" data-balloon-pos=\"up\">Professor de Geografia - Anos Finais<\/span><\/td>\r\n<td class=\"cvagas\">CR<\/td>\r\n<td class=\"cremuneracao\">R$ 4.867,78 \/40h<\/td>\r\n<\/tr><tr>\r\n<td class=\"ccargos\">\r\n<span data-balloon-length=\"medium\" aria-label=\"Licenciatura Plena em Hist\u00f3ria.\" data-balloon-pos=\"up\">Professor de Hist\u00f3ria - Anos Finais<\/span><\/td>\r\n<td class=\"cvagas\">CR<\/td>\r\n<td class=\"cremuneracao\">R$ 1.216,94 \/10h<\/td>\r\n<\/tr><tr>\r\n<td class=\"ccargos\">\r\n<span data-balloon-length=\"medium\" aria-label=\"Licenciatura Plena em Hist\u00f3ria.\" data-balloon-pos=\"up\">Professor de Hist\u00f3ria - Anos Finais<\/span><\/td>\r\n<td class=\"cvagas\">CR<\/td>\r\n<td class=\"cremuneracao\">R$ 2.433,89 \/20h<\/td>\r\n<\/tr><tr>\r\n<td class=\"ccargos\">\r\n<span data-balloon-length=\"medium\" aria-label=\"Licenciatura Plena em Hist\u00f3ria.\" data-balloon-pos=\"up\">Professor de Hist\u00f3ria - Anos Finais<\/span><\/td>\r\n<td class=\"cvagas\">CR<\/td>\r\n<td class=\"cremuneracao\">R$ 3.650,84 \/30h<\/td>\r\n<\/tr><tr>\r\n<td class=\"ccargos\">\r\n<span data-balloon-length=\"medium\" aria-label=\"Licenciatura Plena em Hist\u00f3ria.\" data-balloon-pos=\"up\">Professor de Hist\u00f3ria - Anos Finais<\/span><\/td>\r\n<td class=\"cvagas\">CR<\/td>\r\n<td class=\"cremuneracao\">R$ 4.867,78 \/40h<\/td>\r\n<\/tr><tr>\r\n<td class=\"ccargos\">\r\n<span data-balloon-length=\"medium\" aria-label=\"Licenciatura Plena em Letras - Ingl\u00eas.\" data-balloon-pos=\"up\">Professor de Ingl\u00eas - Ensino Fundamental<\/span><\/td>\r\n<td class=\"cvagas\">CR<\/td>\r\n<td class=\"cremuneracao\">R$ 1.216,94 \/10h<\/td>\r\n<\/tr><tr>\r\n<td class=\"ccargos\">\r\n<span data-balloon-length=\"medium\" aria-label=\"Licenciatura Plena em Letras - Ingl\u00eas.\" data-balloon-pos=\"up\">Professor de Ingl\u00eas - Ensino Fundamental<\/span><\/td>\r\n<td class=\"cvagas\">CR<\/td>\r\n<td class=\"cremuneracao\">R$ 2.433,89 \/20h<\/td>\r\n<\/tr><tr>\r\n<td class=\"ccargos\">\r\n<span data-balloon-length=\"medium\" aria-label=\"Licenciatura Plena em Letras - Ingl\u00eas.\" data-balloon-pos=\"up\">Professor de Ingl\u00eas - Ensino Fundamental<\/span><\/td>\r\n<td class=\"cvagas\">CR<\/td>\r\n<td class=\"cremuneracao\">R$ 3.650,84 \/30h<\/td>\r\n<\/tr><tr>\r\n<td class=\"ccargos\">\r\n<span data-balloon-length=\"medium\" aria-label=\"Licenciatura Plena em Letras - Ingl\u00eas.\" data-balloon-pos=\"up\">Professor de Ingl\u00eas - Ensino Fundamental<\/span><\/td>\r\n<td class=\"cvagas\">CR<\/td>\r\n<td class=\"cremuneracao\">R$ 4.867,78 \/40h<\/td>\r\n<\/tr><tr>\r\n<td class=\"ccargos\">\r\n<span data-balloon-length=\"medium\" aria-label=\"Licenciatura Plena em Letras - L\u00edngua Portuguesa.\" data-balloon-pos=\"up\">Professor de L\u00edngua Portuguesa - Anos Finais<\/span><\/td>\r\n<td class=\"cvagas\">CR<\/td>\r\n<td class=\"cremuneracao\">R$ 1.216,94 \/10h<\/td>\r\n<\/tr><tr>\r\n<td class=\"ccargos\">\r\n<span data-balloon-length=\"medium\" aria-label=\"Licenciatura Plena em Letras - L\u00edngua Portuguesa.\" data-balloon-pos=\"up\">Professor de L\u00edngua Portuguesa - Anos Finais<\/span><\/td>\r\n<td class=\"cvagas\">CR<\/td>\r\n<td class=\"cremuneracao\">R$ 2.433,89 \/20h<\/td>\r\n<\/tr><tr>\r\n<td class=\"ccargos\">\r\n<span data-balloon-length=\"medium\" aria-label=\"Licenciatura Plena em Letras - L\u00edngua Portuguesa.\" data-balloon-pos=\"up\">Professor de L\u00edngua Portuguesa - Anos Finais<\/span><\/td>\r\n<td class=\"cvagas\">CR<\/td>\r\n<td class=\"cremuneracao\">R$ 3.650,84 \/30h<\/td>\r\n<\/tr><tr>\r\n<td class=\"ccargos\">\r\n<span data-balloon-length=\"medium\" aria-label=\"Licenciatura Plena em Letras - L\u00edngua Portuguesa.\" data-balloon-pos=\"up\">Professor de L\u00edngua Portuguesa - Anos Finais<\/span><\/td>\r\n<td class=\"cvagas\">CR<\/td>\r\n<td class=\"cremuneracao\">R$ 4.867,78 \/40h<\/td>\r\n<\/tr><tr>\r\n<td class=\"ccargos\">\r\n<span data-balloon-length=\"medium\" aria-label=\"Licenciatura Plena em Matem\u00e1tica.\" data-balloon-pos=\"up\">Professor de Matem\u00e1tica - Anos Finais<\/span><\/td>\r\n<td class=\"cvagas\">CR<\/td>\r\n<td class=\"cremuneracao\">R$ 1.216,94 \/10h<\/td>\r\n<\/tr><tr>\r\n<td class=\"ccargos\">\r\n<span data-balloon-length=\"medium\" aria-label=\"Licenciatura Plena em Matem\u00e1tica.\" data-balloon-pos=\"up\">Professor de Matem\u00e1tica - Anos Finais<\/span><\/td>\r\n<td class=\"cvagas\">CR<\/td>\r\n<td class=\"cremuneracao\">R$ 2.433,89 \/20h<\/td>\r\n<\/tr><tr>\r\n<td class=\"ccargos\">\r\n<span data-balloon-length=\"medium\" aria-label=\"Licenciatura Plena em Matem\u00e1tica.\" data-balloon-pos=\"up\">Professor de Matem\u00e1tica - Anos Finais<\/span><\/td>\r\n<td class=\"cvagas\">CR<\/td>\r\n<td class=\"cremuneracao\">R$ 3.650,84 \/30h<\/td>\r\n<\/tr><tr>\r\n<td class=\"ccargos\">\r\n<span data-balloon-length=\"medium\" aria-label=\"Licenciatura Plena em Matem\u00e1tica.\" data-balloon-pos=\"up\">Professor de Matem\u00e1tica - Anos Finais<\/span><\/td>\r\n<td class=\"cvagas\">CR<\/td>\r\n<td class=\"cremuneracao\">R$ 4.867,78 \/40h<\/td>\r\n<\/tr><tr>\r\n<td class=\"ccargos\">\r\n<span data-balloon-length=\"medium\" aria-label=\"Licenciatura Plena em Pedagogia com Habilita\u00e7\u00e3o em Educa\u00e7\u00e3o Especial, com P\u00f3s-Gradua\u00e7\u00e3o nos termos da LDB (Art. 61) ou Licenciatura Plena em Educa\u00e7\u00e3o Especial.\" data-balloon-pos=\"up\">Professor de Sala de Recursos Multifuncionais<\/span><\/td>\r\n<td class=\"cvagas\">CR<\/td>\r\n<td class=\"cremuneracao\">R$ 4.867,78 \/40h<\/td>\r\n<\/tr>\r\n    <\/tbody>\r\n  <\/table>\r\n<\/div>"},"_links":{"self":[{"href":"https:\/\/www.agrobase.com.br\/concursos\/wp-json\/wp\/v2\/posts\/274874","targetHints":{"allow":["GET"]}}],"collection":[{"href":"https:\/\/www.agrobase.com.br\/concursos\/wp-json\/wp\/v2\/posts"}],"about":[{"href":"https:\/\/www.agrobase.com.br\/concursos\/wp-json\/wp\/v2\/types\/post"}],"author":[{"embeddable":true,"href":"https:\/\/www.agrobase.com.br\/concursos\/wp-json\/wp\/v2\/users\/5229"}],"replies":[{"embeddable":true,"href":"https:\/\/www.agrobase.com.br\/concursos\/wp-json\/wp\/v2\/comments?post=274874"}],"version-history":[{"count":2,"href":"https:\/\/www.agrobase.com.br\/concursos\/wp-json\/wp\/v2\/posts\/274874\/revisions"}],"predecessor-version":[{"id":274927,"href":"https:\/\/www.agrobase.com.br\/concursos\/wp-json\/wp\/v2\/posts\/274874\/revisions\/274927"}],"wp:featuredmedia":[{"embeddable":true,"href":"https:\/\/www.agrobase.com.br\/concursos\/wp-json\/wp\/v2\/media\/274873"}],"wp:attachment":[{"href":"https:\/\/www.agrobase.com.br\/concursos\/wp-json\/wp\/v2\/media?parent=274874"}],"wp:term":[{"taxonomy":"category","embeddable":true,"href":"https:\/\/www.agrobase.com.br\/concursos\/wp-json\/wp\/v2\/categories?post=274874"},{"taxonomy":"post_tag","embeddable":true,"href":"https:\/\/www.agrobase.com.br\/concursos\/wp-json\/wp\/v2\/tags?post=274874"},{"taxonomy":"_amplo","embeddable":true,"href":"https:\/\/www.agrobase.com.br\/concursos\/wp-json\/wp\/v2\/_amplo?post=274874"},{"taxonomy":"destaque","embeddable":true,"href":"https:\/\/www.agrobase.com.br\/concursos\/wp-json\/wp\/v2\/destaque?post=274874"},{"taxonomy":"instituicoes","embeddable":true,"href":"https:\/\/www.agrobase.com.br\/concursos\/wp-json\/wp\/v2\/instituicoes?post=274874"}],"curies":[{"name":"wp","href":"https:\/\/api.w.org\/{rel}","templated":true}]}}