{"id":274866,"date":"2025-12-09T07:40:38","date_gmt":"2025-12-09T10:40:38","guid":{"rendered":"https:\/\/www.agrobase.com.br\/concursos\/?p=274866"},"modified":"2025-12-08T17:41:03","modified_gmt":"2025-12-08T20:41:03","slug":"ufc-ce-concurso-01-2025","status":"publish","type":"post","link":"https:\/\/www.agrobase.com.br\/concursos\/2025\/ufc-ce-concurso-01-2025\/","title":{"rendered":"UFC (CE) &#8211; Concurso 01\/2025"},"content":{"rendered":"<h2>Informa\u00e7\u00f5es Gerais<\/h2>\n<p>A <strong>Universidade Federal do Cear\u00e1 (UFC)<\/strong> tornou p\u00fablica a realiza\u00e7\u00e3o de um novo Concurso P\u00fablico, regido pelo Edital n\u00ba 01\/2025, destinado ao provimento de <strong>62 vagas<\/strong> para cargos T\u00e9cnico-Administrativos em Educa\u00e7\u00e3o. O certame \u00e9 organizado pela Funda\u00e7\u00e3o Cearense de Pesquisa e Cultura (FCPC) e visa \u00e0 contrata\u00e7\u00e3o imediata de profissionais sob o <strong>regime Estatut\u00e1rio<\/strong>, que assegura estabilidade empregat\u00edcia ap\u00f3s o est\u00e1gio probat\u00f3rio.<\/p>\n<p>As oportunidades contemplam candidatos de <strong>n\u00edveis m\u00e9dio\/t\u00e9cnico e superior<\/strong>, com remunera\u00e7\u00f5es iniciais que variam de <strong>R$ 4.029,90 a R$ 5.967,04<\/strong>, para uma jornada de trabalho de 40 horas semanais (exceto casos espec\u00edficos previstos em lei). As vagas est\u00e3o distribu\u00eddas entre diversos setores administrativos e de sa\u00fade.<\/p>\n<p>Para os profissionais das \u00e1reas de Ci\u00eancias Agr\u00e1rias e Sa\u00fade, destacamos as oportunidades para <strong>Engenheiro Agr\u00f4nomo<\/strong> e <strong>Nutricionista<\/strong>. Al\u00e9m destes, h\u00e1 vagas para \u00e1reas como Tecnologia da Informa\u00e7\u00e3o, Enfermagem, Administra\u00e7\u00e3o, Contabilidade, Medicina (diversas especialidades), entre outras. Continue a leitura para conferir os prazos, etapas e detalhes essenciais para sua prepara\u00e7\u00e3o.<\/p>\n<h2>Inscri\u00e7\u00f5es<\/h2>\n<p>As inscri\u00e7\u00f5es para o concurso da UFC devem ser realizadas <strong>exclusivamente pela internet<\/strong>, atrav\u00e9s do site da banca organizadora, a FCPC. O per\u00edodo para cadastro inicia-se \u00e0s 10h do dia 1\u00ba de dezembro e segue at\u00e9 as 23h59min do dia 15 de dezembro de 2025.<\/p>\n<p>Para confirmar a participa\u00e7\u00e3o, \u00e9 necess\u00e1rio efetuar o pagamento da taxa de inscri\u00e7\u00e3o, cujos valores foram definidos conforme o n\u00edvel de escolaridade do cargo:<\/p>\n<ul>\n<li><strong>N\u00edvel M\u00e9dio\/T\u00e9cnico:<\/strong> R$ 120,00<\/li>\n<li><strong>N\u00edvel Superior:<\/strong> R$ 150,00<\/li>\n<\/ul>\n<p>O pagamento deve ser realizado por meio de boleto banc\u00e1rio (Banco do Brasil), impresso diretamente na \u00e1rea do candidato. <strong>Aten\u00e7\u00e3o:<\/strong> O edital pro\u00edbe expressamente pagamentos via PIX, dep\u00f3sito em envelope, transfer\u00eancia ou agendamento. O n\u00e3o cumprimento desta regra acarretar\u00e1 o indeferimento da inscri\u00e7\u00e3o.<\/p>\n<p>Candidatos que se enquadrem nos crit\u00e9rios legais para <strong>isen\u00e7\u00e3o da taxa<\/strong> devem consultar o edital completo para verificar os prazos e documentos exigidos para a solicita\u00e7\u00e3o. Recomendamos que o candidato acompanhe a situa\u00e7\u00e3o de sua inscri\u00e7\u00e3o na \u00e1rea restrita do site oficial a partir do dia 06 de janeiro de 2026.<\/p>\n<h2>Etapas e Provas<\/h2>\n<p>A sele\u00e7\u00e3o dos candidatos ser\u00e1 realizada mediante <strong>Prova Escrita Objetiva<\/strong>, de car\u00e1ter eliminat\u00f3rio e classificat\u00f3rio, prevista para ser aplicada no dia <strong>22 de fevereiro de 2026<\/strong>, na cidade de Fortaleza\/CE. A avalia\u00e7\u00e3o ter\u00e1 dura\u00e7\u00e3o de 4 horas, ocorrendo das 09:00h \u00e0s 13:00h.<\/p>\n<p>A prova ser\u00e1 composta por <strong>50 quest\u00f5es de m\u00faltipla escolha<\/strong>, distribu\u00eddas da seguinte forma:<\/p>\n<ul>\n<li><strong>L\u00edngua Portuguesa:<\/strong> 10 quest\u00f5es (Peso 2)<\/li>\n<li><strong>Legisla\u00e7\u00e3o:<\/strong> 10 quest\u00f5es (Peso 3)<\/li>\n<li><strong>Conhecimentos Espec\u00edficos:<\/strong> 30 quest\u00f5es (Peso 4)<\/li>\n<\/ul>\n<p>Para ser aprovado, o candidato n\u00e3o poder\u00e1 zerar nenhuma disciplina e dever\u00e1 atingir a pontua\u00e7\u00e3o m\u00ednima exigida em cada \u00e1rea: 10 pontos em Portugu\u00eas, 15 pontos em Legisla\u00e7\u00e3o e 60 pontos em Conhecimentos Espec\u00edficos. O candidato deve comparecer ao local de prova com anteced\u00eancia m\u00ednima de uma hora, portando documento de identidade original e caneta esferogr\u00e1fica de tinta azul ou preta (tubo transparente).<\/p>\n<p>Recomendamos a leitura atenta do edital para conferir o conte\u00fado program\u00e1tico detalhado e as normas de conduta no dia da aplica\u00e7\u00e3o.<\/p>\n<h2>Resultados e Gabarito<\/h2>\n<p>O cronograma do concurso prev\u00ea a divulga\u00e7\u00e3o do <strong>gabarito preliminar<\/strong> e dos cadernos de quest\u00f5es no dia <strong>23 de fevereiro de 2026<\/strong>, um dia ap\u00f3s a aplica\u00e7\u00e3o da prova. Os candidatos poder\u00e3o interpor recursos administrativos contra o gabarito nas datas estipuladas no cronograma oficial.<\/p>\n<p>O <strong>resultado preliminar<\/strong> da prova escrita ser\u00e1 publicado em 19 de mar\u00e7o de 2026. A classifica\u00e7\u00e3o final ser\u00e1 determinada pela ordem decrescente da Nota Final. Em caso de empate, ter\u00e1 prefer\u00eancia o candidato com maior idade, conforme o Estatuto do Idoso.<\/p>\n<p>A <strong>homologa\u00e7\u00e3o do resultado final<\/strong> est\u00e1 prevista para o dia <strong>11 de maio de 2026<\/strong>. O concurso ter\u00e1 validade de dois anos, podendo ser prorrogado por igual per\u00edodo, a crit\u00e9rio da UFC.<\/p>\n<p>\u00c9 de responsabilidade exclusiva do candidato acompanhar todas as publica\u00e7\u00f5es, convoca\u00e7\u00f5es e avisos oficiais no site da FCPC e no Di\u00e1rio Oficial da Uni\u00e3o.<\/p>\n","protected":false},"excerpt":{"rendered":"<p>Concurso UFC (CE) com edital publicado! Vagas p\/ TI, Administrador (M\u00e9dio\/T\u00e9c. e Sup.). Inscri\u00e7\u00f5es a partir de 01\/12. Sal\u00e1rios at\u00e9 R$5.9k. Confira detalhes!<\/p>\n","protected":false},"author":5229,"featured_media":274865,"comment_status":"open","ping_status":"open","sticky":false,"template":"","format":"standard","meta":{"_acf_changed":false,"_breakdance_hide_in_design_set":false,"_breakdance_tags":"","footnotes":""},"categories":[3,4,5,144,94,106,9,120,10,117,12,136,17,18,21,23,24,25,26,27,30,128,108,130],"tags":[43],"_amplo":[],"destaque":[],"instituicoes":[],"class_list":["post-274866","post","type-post","status-publish","format-standard","has-post-thumbnail","hentry","category-administracao","category-agronomia","category-arquitetura","category-arquivologia","category-biblioteconomia","category-bioquimica","category-ciencias-contabeis","category-comunicacao-social","category-direito","category-economia","category-enfermagem","category-estatistica","category-farmacia","category-fisioterapia","category-medicina","category-nutricao","category-odontologia","category-pedagogia","category-psicologia","category-quimica","category-tecnico-agropecuaria","category-tecnico-em-contabilidade","category-tecnico-enfermagem","category-tecnico-informatica","tag-ceara"],"acf":{"_tipo_vagas":"vagas","_numero_vagas":"","_quadro_vagas":"","_cargos":"diversos","_cargos_especificos":"","_salario_max":"R$ 5967.04","_abertura":"20251201","_encerramento":"20251216","_inscricoes":"https:\/\/centraldeconcursos.fcpc.ufc.br","_executora_concurso":"","_instituicao_concurso":[],"_link_adicional":null,"_anexos":null,"_produtos":null,"_vagas":"62 vagas","_salario_min":"R$ 4029.9","_instituicao":"UFC","_edital":"https:\/\/www.agrobase.com.br\/concursos\/wp-content\/uploads\/sites\/4\/2025\/12\/edital-01-2025-ufc.pdf","_anexos_edital":"","_fund_incompleto":"","_fund_completo":"","_medio":"<div>\r\n<table class=\"quadro\">\r\n<thead>\r\n<tr>\r\n<th class=\"hcargo\">Cargo<\/th>\r\n<th class=\"hvagas\">Vagas<\/th>\r\n<th class=\"hremuneracao\">Remunera\u00e7\u00e3o<\/th>\r\n<\/tr>\r\n<\/thead>\r\n    <tbody>\r\n      <td class=\"ccargos\">\r\n<span data-balloon-length=\"medium\" aria-label=\"Ensino M\u00e9dio Profissionalizante na \u00e1rea ou Ensino M\u00e9dio completo + curso T\u00e9cnico na \u00e1rea com \u00eanfase em sistemas computacionais.\" data-balloon-pos=\"up\">T\u00e9cnico de Tecnologia da Informa\u00e7\u00e3o \/ \u00c1rea: Suporte em Sistemas e Redes de Computadores<\/span><\/td>\r\n<td class=\"cvagas\">03<\/td>\r\n<td class=\"cremuneracao\">R$ 4.029,90 \/40h<\/td>\r\n<\/tr><td class=\"ccargos\">\r\n<span data-balloon-length=\"medium\" aria-label=\"Ensino M\u00e9dio Profissionalizante na \u00e1rea ou Ensino M\u00e9dio completo + curso T\u00e9cnico na \u00e1rea.\" data-balloon-pos=\"up\">T\u00e9cnico em Agropecu\u00e1ria<\/span><\/td>\r\n<td class=\"cvagas\">01<\/td>\r\n<td class=\"cremuneracao\">R$ 4.029,90 \/40h<\/td>\r\n<\/tr><td class=\"ccargos\">\r\n<span data-balloon-length=\"medium\" aria-label=\"Ensino M\u00e9dio Profissionalizante na \u00e1rea ou Ensino M\u00e9dio completo + curso T\u00e9cnico na \u00e1rea.\" data-balloon-pos=\"up\">T\u00e9cnico em Contabilidade<\/span><\/td>\r\n<td class=\"cvagas\">02<\/td>\r\n<td class=\"cremuneracao\">R$ 4.029,90 \/40h<\/td>\r\n<\/tr><td class=\"ccargos\">\r\n<span data-balloon-length=\"medium\" aria-label=\"Ensino M\u00e9dio Profissionalizante na \u00e1rea ou Ensino M\u00e9dio completo + curso T\u00e9cnico na \u00e1rea.\" data-balloon-pos=\"up\">T\u00e9cnico em Enfermagem<\/span><\/td>\r\n<td class=\"cvagas\">06<\/td>\r\n<td class=\"cremuneracao\">R$ 4.029,90 \/40h<\/td>\r\n<\/tr>\r\n    <\/tbody>\r\n  <\/table>\r\n<\/div>","_superior":"<div>\r\n<table class=\"quadro\">\r\n<thead>\r\n<tr>\r\n<th class=\"hcargo\">Cargo<\/th>\r\n<th class=\"hvagas\">Vagas<\/th>\r\n<th class=\"hremuneracao\">Remunera\u00e7\u00e3o<\/th>\r\n<\/tr>\r\n<\/thead>\r\n    <tbody>\r\n      <tr>\r\n<td class=\"ccargos\">\r\n<span data-balloon-length=\"medium\" aria-label=\"Curso de Gradua\u00e7\u00e3o em Administra\u00e7\u00e3o, reconhecido pelo MEC, e registro no respectivo Conselho profissional.\" data-balloon-pos=\"up\">Administrador<\/span><\/td>\r\n<td class=\"cvagas\">04<\/td>\r\n<td class=\"cremuneracao\">R$ 5.967,04 \/40h<\/td>\r\n<\/tr><tr>\r\n<td class=\"ccargos\">\r\n<span data-balloon-length=\"medium\" aria-label=\"Curso de Gradua\u00e7\u00e3o em Arquitetura, reconhecido pelo MEC, e registro no respectivo Conselho profissional.\" data-balloon-pos=\"up\">Arquiteto e Urbanista<\/span><\/td>\r\n<td class=\"cvagas\">01<\/td>\r\n<td class=\"cremuneracao\">R$ 5.967,04 \/40h<\/td>\r\n<\/tr><tr>\r\n<td class=\"ccargos\">\r\n<span data-balloon-length=\"medium\" aria-label=\"Curso de Gradua\u00e7\u00e3o em Arquivologia, reconhecido pelo MEC.\" data-balloon-pos=\"up\">Arquivista<\/span><\/td>\r\n<td class=\"cvagas\">01<\/td>\r\n<td class=\"cremuneracao\">R$ 5.967,04 \/40h<\/td>\r\n<\/tr><tr>\r\n<td class=\"ccargos\">\r\n<span data-balloon-length=\"medium\" aria-label=\"Curso de Gradua\u00e7\u00e3o em Economia, Direito ou Ci\u00eancias Cont\u00e1beis, reconhecido pelo MEC.\" data-balloon-pos=\"up\">Auditor<\/span><\/td>\r\n<td class=\"cvagas\">01<\/td>\r\n<td class=\"cremuneracao\">R$ 5.967,04 \/40h<\/td>\r\n<\/tr><tr>\r\n<td class=\"ccargos\">\r\n<span data-balloon-length=\"medium\" aria-label=\"Curso de Gradua\u00e7\u00e3o em Biblioteconomia ou Ci\u00eancia da Informa\u00e7\u00e3o, reconhecido pelo MEC, e registro no respectivo Conselho profissional.\" data-balloon-pos=\"up\">Bibliotec\u00e1rio-Documentalista<\/span><\/td>\r\n<td class=\"cvagas\">03<\/td>\r\n<td class=\"cremuneracao\">R$ 5.967,04 \/40h<\/td>\r\n<\/tr><tr>\r\n<td class=\"ccargos\">\r\n<span data-balloon-length=\"medium\" aria-label=\"Curso de Gradua\u00e7\u00e3o em Contabilidade, reconhecido pelo MEC, e registro no respectivo Conselho profissional.\" data-balloon-pos=\"up\">Contador<\/span><\/td>\r\n<td class=\"cvagas\">01<\/td>\r\n<td class=\"cremuneracao\">R$ 5.967,04 \/40h<\/td>\r\n<\/tr><tr>\r\n<td class=\"ccargos\">\r\n<span data-balloon-length=\"medium\" aria-label=\"Curso de Gradua\u00e7\u00e3o em Ci\u00eancias Econ\u00f4micas ou Economia, reconhecido pelo MEC, e registro no respectivo Conselho profissional.\" data-balloon-pos=\"up\">Economista<\/span><\/td>\r\n<td class=\"cvagas\">01<\/td>\r\n<td class=\"cremuneracao\">R$ 5.967,04 \/40h<\/td>\r\n<\/tr><tr>\r\n<td class=\"ccargos\">\r\n<span data-balloon-length=\"medium\" aria-label=\"Curso de Gradua\u00e7\u00e3o em Enfermagem, reconhecido pelo MEC, e registro no respectivo Conselho profissional.\" data-balloon-pos=\"up\">Enfermeiro<\/span><\/td>\r\n<td class=\"cvagas\">05<\/td>\r\n<td class=\"cremuneracao\">R$ 5.967,04 \/40h<\/td>\r\n<\/tr><tr>\r\n<td class=\"ccargos\">\r\n<span data-balloon-length=\"medium\" aria-label=\"Curso de Gradua\u00e7\u00e3o em Agronomia, reconhecido pelo MEC, e registro no respectivo Conselho profissional.\" data-balloon-pos=\"up\">Engenheiro Agr\u00f4nomo<\/span><\/td>\r\n<td class=\"cvagas\">01<\/td>\r\n<td class=\"cremuneracao\">R$ 5.967,04 \/40h<\/td>\r\n<\/tr><tr>\r\n<td class=\"ccargos\">\r\n<span data-balloon-length=\"medium\" aria-label=\"Curso de Gradua\u00e7\u00e3o em Ci\u00eancias Estat\u00edsticas ou Atuariais, reconhecido pelo MEC, e registro no respectivo Conselho profissional.\" data-balloon-pos=\"up\">Estat\u00edstico<\/span><\/td>\r\n<td class=\"cvagas\">01<\/td>\r\n<td class=\"cremuneracao\">R$ 5.967,04 \/40h<\/td>\r\n<\/tr><tr>\r\n<td class=\"ccargos\">\r\n<span data-balloon-length=\"medium\" aria-label=\"Curso de Gradua\u00e7\u00e3o em Farm\u00e1cia, reconhecido pelo MEC, e registro no respectivo Conselho profissional.\" data-balloon-pos=\"up\">Farmac\u00eautico<\/span><\/td>\r\n<td class=\"cvagas\">02<\/td>\r\n<td class=\"cremuneracao\">R$ 5.967,04 \/40h<\/td>\r\n<\/tr><tr>\r\n<td class=\"ccargos\">\r\n<span data-balloon-length=\"medium\" aria-label=\"Curso de Gradua\u00e7\u00e3o em Farm\u00e1cia ou Bioqu\u00edmica, reconhecido pelo MEC, e registro no respectivo Conselho profissional.\" data-balloon-pos=\"up\">Farmac\u00eautico \/ Bioqu\u00edmica<\/span><\/td>\r\n<td class=\"cvagas\">02<\/td>\r\n<td class=\"cremuneracao\">R$ 5.967,04 \/40h<\/td>\r\n<\/tr><tr>\r\n<td class=\"ccargos\">\r\n<span data-balloon-length=\"medium\" aria-label=\"Curso de Gradua\u00e7\u00e3o em Fisioterapia, reconhecido pelo MEC, e registro no respectivo Conselho profissional.\" data-balloon-pos=\"up\">Fisioterapeuta<\/span><\/td>\r\n<td class=\"cvagas\">04<\/td>\r\n<td class=\"cremuneracao\">R$ 5.967,04 \/40h<\/td>\r\n<\/tr><tr>\r\n<td class=\"ccargos\">\r\n<span data-balloon-length=\"medium\" aria-label=\"Curso de Gradua\u00e7\u00e3o em Medicina, reconhecido pelo MEC, resid\u00eancia m\u00e9dica em Cardiologia, e registro no respectivo Conselho profissional.\" data-balloon-pos=\"up\">M\u00e9dico \/ \u00c1rea: Cardiologia<\/span><\/td>\r\n<td class=\"cvagas\">01<\/td>\r\n<td class=\"cremuneracao\">R$ 5.967,04 \/40h<\/td>\r\n<\/tr><tr>\r\n<td class=\"ccargos\">\r\n<span data-balloon-length=\"medium\" aria-label=\"Curso de Gradua\u00e7\u00e3o em Medicina, reconhecido pelo MEC, resid\u00eancia m\u00e9dica em Medicina da Fam\u00edlia e Comunidade, e registro no respectivo Conselho profissional.\" data-balloon-pos=\"up\">M\u00e9dico \/ \u00c1rea: Medicina da Fam\u00edlia e Comunidade<\/span><\/td>\r\n<td class=\"cvagas\">01<\/td>\r\n<td class=\"cremuneracao\">R$ 5.967,04 \/40h<\/td>\r\n<\/tr><tr>\r\n<td class=\"ccargos\">\r\n<span data-balloon-length=\"medium\" aria-label=\"Curso de Gradua\u00e7\u00e3o em Medicina, reconhecido pelo MEC, resid\u00eancia m\u00e9dica em Medicina do Trabalho, e registro no respectivo Conselho profissional.\" data-balloon-pos=\"up\">M\u00e9dico \/ \u00c1rea: Medicina do Trabalho<\/span><\/td>\r\n<td class=\"cvagas\">01<\/td>\r\n<td class=\"cremuneracao\">R$ 5.967,04 \/40h<\/td>\r\n<\/tr><tr>\r\n<td class=\"ccargos\">\r\n<span data-balloon-length=\"medium\" aria-label=\"Curso de Gradua\u00e7\u00e3o em Medicina, reconhecido pelo MEC, resid\u00eancia m\u00e9dica em Psiquiatria, e registro no respectivo Conselho profissional.\" data-balloon-pos=\"up\">M\u00e9dico \/ \u00c1rea: Psiquiatria<\/span><\/td>\r\n<td class=\"cvagas\">05<\/td>\r\n<td class=\"cremuneracao\">R$ 5.967,04 \/40h<\/td>\r\n<\/tr><tr>\r\n<td class=\"ccargos\">\r\n<span data-balloon-length=\"medium\" aria-label=\"Curso de Gradua\u00e7\u00e3o em Nutri\u00e7\u00e3o, reconhecido pelo MEC, e registro no respectivo Conselho profissional.\" data-balloon-pos=\"up\">Nutricionista \/ Nutri\u00e7\u00e3o em Alimenta\u00e7\u00e3o Coletiva<\/span><\/td>\r\n<td class=\"cvagas\">02<\/td>\r\n<td class=\"cremuneracao\">R$ 5.967,04 \/40h<\/td>\r\n<\/tr><tr>\r\n<td class=\"ccargos\">\r\n<span data-balloon-length=\"medium\" aria-label=\"Curso de Gradua\u00e7\u00e3o em Odontologia, reconhecido pelo MEC, e registro no respectivo Conselho profissional.\" data-balloon-pos=\"up\">Odont\u00f3logo - 30 horas - DL 1445-76<\/span><\/td>\r\n<td class=\"cvagas\">01<\/td>\r\n<td class=\"cremuneracao\">R$ 5.967,04 \/30h<\/td>\r\n<\/tr><tr>\r\n<td class=\"ccargos\">\r\n<span data-balloon-length=\"medium\" aria-label=\"Curso de Gradua\u00e7\u00e3o em Pedagogia, reconhecido pelo MEC.\" data-balloon-pos=\"up\">Pedagogo<\/span><\/td>\r\n<td class=\"cvagas\">01<\/td>\r\n<td class=\"cremuneracao\">R$ 5.967,04 \/40h<\/td>\r\n<\/tr><tr>\r\n<td class=\"ccargos\">\r\n<span data-balloon-length=\"medium\" aria-label=\"Curso de Gradua\u00e7\u00e3o em Comunica\u00e7\u00e3o Social, reconhecido pelo MEC.\" data-balloon-pos=\"up\">Produtor Cultural<\/span><\/td>\r\n<td class=\"cvagas\">02<\/td>\r\n<td class=\"cremuneracao\">R$ 5.967,04 \/40h<\/td>\r\n<\/tr><tr>\r\n<td class=\"ccargos\">\r\n<span data-balloon-length=\"medium\" aria-label=\"Curso de Gradua\u00e7\u00e3o em Psicologia, reconhecido pelo MEC, e registro no respectivo Conselho profissional.\" data-balloon-pos=\"up\">Psic\u00f3logo \/ \u00c1rea: Psicologia Educacional<\/span><\/td>\r\n<td class=\"cvagas\">04<\/td>\r\n<td class=\"cremuneracao\">R$ 5.967,04 \/40h<\/td>\r\n<\/tr><tr>\r\n<td class=\"ccargos\">\r\n<span data-balloon-length=\"medium\" aria-label=\"Curso de Gradua\u00e7\u00e3o em Qu\u00edmica, reconhecido pelo MEC, e registro no respectivo Conselho profissional.\" data-balloon-pos=\"up\">Qu\u00edmico<\/span><\/td>\r\n<td class=\"cvagas\">01<\/td>\r\n<td class=\"cremuneracao\">R$ 5.967,04 \/40h<\/td>\r\n<\/tr><tr>\r\n<td class=\"ccargos\">\r\n<span data-balloon-length=\"medium\" aria-label=\"Curso de Gradua\u00e7\u00e3o em Pedagogia ou Licenciaturas, reconhecido pelo MEC.\" data-balloon-pos=\"up\">T\u00e9cnico em Assuntos Educacionais<\/span><\/td>\r\n<td class=\"cvagas\">03<\/td>\r\n<td class=\"cremuneracao\">R$ 5.967,04 \/40h<\/td>\r\n<\/tr>\r\n    <\/tbody>\r\n  <\/table>\r\n<\/div>"},"_links":{"self":[{"href":"https:\/\/www.agrobase.com.br\/concursos\/wp-json\/wp\/v2\/posts\/274866","targetHints":{"allow":["GET"]}}],"collection":[{"href":"https:\/\/www.agrobase.com.br\/concursos\/wp-json\/wp\/v2\/posts"}],"about":[{"href":"https:\/\/www.agrobase.com.br\/concursos\/wp-json\/wp\/v2\/types\/post"}],"author":[{"embeddable":true,"href":"https:\/\/www.agrobase.com.br\/concursos\/wp-json\/wp\/v2\/users\/5229"}],"replies":[{"embeddable":true,"href":"https:\/\/www.agrobase.com.br\/concursos\/wp-json\/wp\/v2\/comments?post=274866"}],"version-history":[{"count":2,"href":"https:\/\/www.agrobase.com.br\/concursos\/wp-json\/wp\/v2\/posts\/274866\/revisions"}],"predecessor-version":[{"id":274928,"href":"https:\/\/www.agrobase.com.br\/concursos\/wp-json\/wp\/v2\/posts\/274866\/revisions\/274928"}],"wp:featuredmedia":[{"embeddable":true,"href":"https:\/\/www.agrobase.com.br\/concursos\/wp-json\/wp\/v2\/media\/274865"}],"wp:attachment":[{"href":"https:\/\/www.agrobase.com.br\/concursos\/wp-json\/wp\/v2\/media?parent=274866"}],"wp:term":[{"taxonomy":"category","embeddable":true,"href":"https:\/\/www.agrobase.com.br\/concursos\/wp-json\/wp\/v2\/categories?post=274866"},{"taxonomy":"post_tag","embeddable":true,"href":"https:\/\/www.agrobase.com.br\/concursos\/wp-json\/wp\/v2\/tags?post=274866"},{"taxonomy":"_amplo","embeddable":true,"href":"https:\/\/www.agrobase.com.br\/concursos\/wp-json\/wp\/v2\/_amplo?post=274866"},{"taxonomy":"destaque","embeddable":true,"href":"https:\/\/www.agrobase.com.br\/concursos\/wp-json\/wp\/v2\/destaque?post=274866"},{"taxonomy":"instituicoes","embeddable":true,"href":"https:\/\/www.agrobase.com.br\/concursos\/wp-json\/wp\/v2\/instituicoes?post=274866"}],"curies":[{"name":"wp","href":"https:\/\/api.w.org\/{rel}","templated":true}]}}