{"id":274850,"date":"2025-12-09T07:50:29","date_gmt":"2025-12-09T10:50:29","guid":{"rendered":"https:\/\/www.agrobase.com.br\/concursos\/?p=274850"},"modified":"2025-12-08T17:46:21","modified_gmt":"2025-12-08T20:46:21","slug":"prefeitura-condado-pb-concurso-01-2025","status":"publish","type":"post","link":"https:\/\/www.agrobase.com.br\/concursos\/2025\/prefeitura-condado-pb-concurso-01-2025\/","title":{"rendered":"Prefeitura Condado (PB) &#8211; Concurso 01\/2025"},"content":{"rendered":"<h2>Informa\u00e7\u00f5es Gerais<\/h2>\n<p>A <strong>Prefeitura Municipal de Condado<\/strong>, no estado da Para\u00edba, publicou o edital de seu novo Concurso P\u00fablico, oferecendo oportunidades para profissionais de todos os n\u00edveis de escolaridade. O certame \u00e9 organizado pela <strong>CPCon (Universidade Estadual da Para\u00edba)<\/strong> e visa o provimento imediato de <strong>26 vagas<\/strong> no quadro de servidores, sob o <strong>Regime Jur\u00eddico Estatut\u00e1rio<\/strong>, o que garante estabilidade empregat\u00edcia aos aprovados ap\u00f3s o est\u00e1gio probat\u00f3rio.<\/p>\n<p>As oportunidades abrangem cargos de n\u00edvel fundamental incompleto, m\u00e9dio\/t\u00e9cnico e superior, com remunera\u00e7\u00f5es que variam entre <strong>R$ 1.518,00 e R$ 3.650,82<\/strong>. As vagas est\u00e3o distribu\u00eddas entre setores essenciais da administra\u00e7\u00e3o, como educa\u00e7\u00e3o, sa\u00fade, obras e fiscaliza\u00e7\u00e3o. Merece destaque a oferta de vaga para a \u00e1rea de <strong>Nutri\u00e7\u00e3o<\/strong>, al\u00e9m de oportunidades para Farmac\u00eauticos, Fisioterapeutas, Educadores F\u00edsicos e Professores de diversas especialidades.<\/p>\n<p>O concurso ter\u00e1 validade inicial de dois anos, podendo ser prorrogado por igual per\u00edodo. Se voc\u00ea busca ingressar no servi\u00e7o p\u00fablico paraibano, confira a seguir os detalhes sobre prazos, etapas e crit\u00e9rios de avalia\u00e7\u00e3o.<\/p>\n<h2>Inscri\u00e7\u00f5es<\/h2>\n<p>As inscri\u00e7\u00f5es para o Concurso da Prefeitura de Condado ser\u00e3o realizadas exclusivamente pela internet, atrav\u00e9s do sistema <strong>SIGEPS<\/strong> da banca organizadora CPCon. O per\u00edodo para cadastro inicia-se em <strong>12 de novembro de 2025<\/strong> e segue aberto at\u00e9 o dia <strong>14 de dezembro de 2025<\/strong>.<\/p>\n<p>Para participar, o candidato deve acessar a \u00e1rea do candidato no site da organizadora, selecionar o n\u00edvel de escolaridade e o cargo desejado, preencher o formul\u00e1rio eletr\u00f4nico e gerar o boleto banc\u00e1rio. \u00c9 fundamental que o pagamento da taxa de inscri\u00e7\u00e3o seja efetuado at\u00e9 a data de vencimento prevista no cronograma do edital para garantir a homologa\u00e7\u00e3o da candidatura. Os valores das taxas variam conforme o n\u00edvel do cargo e devem ser consultados diretamente no edital, visto que o pagamento \u00e9 a \u00fanica forma de confirma\u00e7\u00e3o, salvo nos casos de isen\u00e7\u00e3o deferida.<\/p>\n<p>O edital prev\u00ea a possibilidade de isen\u00e7\u00e3o da taxa para candidatos que atendam aos requisitos legais e procedimentais especificados. \u00c9 responsabilidade do candidato acompanhar, na \u00e1rea restrita do site, a situa\u00e7\u00e3o de sua inscri\u00e7\u00e3o e a confirma\u00e7\u00e3o do pagamento ou da isen\u00e7\u00e3o. Recomendamos a leitura atenta de todo o edital antes de efetivar o cadastro.<\/p>\n<h2>Etapas e Provas<\/h2>\n<p>O processo seletivo ser\u00e1 composto por diferentes etapas, dependendo do cargo pleiteado, visando avaliar tanto o conhecimento te\u00f3rico quanto as habilidades pr\u00e1ticas e a forma\u00e7\u00e3o acad\u00eamica dos candidatos. As fases s\u00e3o:<\/p>\n<ul>\n<li><strong>Prova Objetiva (Eliminat\u00f3ria e Classificat\u00f3ria):<\/strong> Obrigat\u00f3ria para todos os cargos. Ser\u00e1 composta por 40 quest\u00f5es de m\u00faltipla escolha. A prova est\u00e1 prevista para ser aplicada no dia <strong>08 de fevereiro de 2026<\/strong>. Para os cargos de n\u00edvel fundamental, superior e magist\u00e9rio, a aplica\u00e7\u00e3o ocorrer\u00e1 no turno da manh\u00e3; para n\u00edvel m\u00e9dio\/t\u00e9cnico, no turno da tarde. Para ser aprovado, o candidato deve obter no m\u00ednimo 600 pontos na m\u00e9dia e n\u00e3o zerar nenhuma \u00e1rea tem\u00e1tica.<\/li>\n<li><strong>Prova Pr\u00e1tica (Classificat\u00f3ria e Eliminat\u00f3ria):<\/strong> Exclusiva para os cargos de <strong>Coveiro, Pedreiro e Eletricista<\/strong>. A data e o cronograma espec\u00edficos ser\u00e3o divulgados posteriormente pela Prefeitura.<\/li>\n<li><strong>Prova de T\u00edtulos (Classificat\u00f3ria):<\/strong> Destinada apenas aos cargos de <strong>N\u00edvel Superior &#8211; Magist\u00e9rio<\/strong> (Professores e AEE). A pontua\u00e7\u00e3o m\u00e1xima \u00e9 de 100 pontos, somando-se \u00e0 nota da prova objetiva.<\/li>\n<\/ul>\n<p>Durante a prova objetiva, ser\u00e3o cobrados conhecimentos em \u00e1reas como L\u00edngua Portuguesa, Matem\u00e1tica, Inform\u00e1tica, Racioc\u00ednio L\u00f3gico, Conhecimentos Pedag\u00f3gicos e Conhecimentos Espec\u00edficos, variando a grade de acordo com o n\u00edvel de escolaridade. Consulte o edital para verificar o conte\u00fado program\u00e1tico detalhado.<\/p>\n<h2>Resultados e Gabarito<\/h2>\n<p>O cronograma do concurso prev\u00ea a divulga\u00e7\u00e3o do <strong>gabarito provis\u00f3rio<\/strong> no dia <strong>09 de fevereiro de 2026<\/strong>, logo ap\u00f3s a realiza\u00e7\u00e3o das provas objetivas. O gabarito definitivo e o resultado preliminar da prova objetiva est\u00e3o agendados para <strong>16 de mar\u00e7o de 2026<\/strong>.<\/p>\n<p>Para os cargos que exigem Prova de T\u00edtulos, o resultado preliminar dessa etapa ser\u00e1 publicado em 31 de mar\u00e7o de 2026. A classifica\u00e7\u00e3o final ser\u00e1 definida pela ordem decrescente das notas obtidas (soma das fases, quando houver). Em caso de empate, ser\u00e3o aplicados crit\u00e9rios como idade (Estatuto do Idoso), maiores notas em disciplinas espec\u00edficas (como Conhecimentos Espec\u00edficos ou L\u00edngua Portuguesa) e sorteio p\u00fablico.<\/p>\n<p>A <strong>homologa\u00e7\u00e3o do resultado final<\/strong> est\u00e1 prevista para <strong>10 de abril de 2026<\/strong>. Ap\u00f3s essa data, as convoca\u00e7\u00f5es para posse ser\u00e3o de responsabilidade exclusiva da Prefeitura Municipal de Condado. \u00c9 dever do candidato acompanhar as publica\u00e7\u00f5es oficiais no site da CPCon e nos meios de comunica\u00e7\u00e3o oficial do munic\u00edpio (Di\u00e1rio Oficial) para n\u00e3o perder os prazos legais.<\/p>\n","protected":false},"excerpt":{"rendered":"<p>Concurso Pref. Condado (PB) com edital publicado! Vagas p\/ Professor e Agente de Sa\u00fade (Fund. a Sup.). Inscri\u00e7\u00f5es a partir de 12\/11. Confira detalhes!<\/p>\n","protected":false},"author":5229,"featured_media":274849,"comment_status":"open","ping_status":"open","sticky":false,"template":"","format":"standard","meta":{"_acf_changed":false,"_breakdance_hide_in_design_set":false,"_breakdance_tags":"","footnotes":""},"categories":[11,6434,17,18,19,111,20,116,23,24,25],"tags":[53],"_amplo":[],"destaque":[],"instituicoes":[],"class_list":["post-274850","post","type-post","status-publish","format-standard","has-post-thumbnail","hentry","category-educacao-fisica","category-educacao-fisica-licenciatura","category-farmacia","category-fisioterapia","category-fonoaudiologia","category-geografia","category-letras","category-matematica","category-nutricao","category-odontologia","category-pedagogia","tag-paraiba"],"acf":{"_tipo_vagas":"vagas","_numero_vagas":"","_quadro_vagas":"","_cargos":"diversos","_cargos_especificos":"","_salario_max":"R$ 3650.82","_abertura":"20251112","_encerramento":"20251214","_inscricoes":"https:\/\/sistemas.cpcon.uepb.edu.br\/sigeps-app\/login","_executora_concurso":"","_instituicao_concurso":[],"_link_adicional":null,"_anexos":null,"_produtos":null,"_vagas":"26 vagas","_salario_min":"R$ 1518","_instituicao":"Prefeitura Municipal de Condado","_edital":"https:\/\/www.agrobase.com.br\/concursos\/wp-content\/uploads\/sites\/4\/2025\/12\/edital-01-2025-prefeitura-condado-pb.pdf","_anexos_edital":"","_fund_incompleto":"<div>\r\n<table class=\"quadro\">\r\n<thead>\r\n<tr>\r\n<th class=\"hcargo\">Cargo<\/th>\r\n<th class=\"hvagas\">Vagas<\/th>\r\n<th class=\"hremuneracao\">Remunera\u00e7\u00e3o<\/th>\r\n<\/tr>\r\n<\/thead>\r\n    <tbody>\r\n      <td class=\"ccargos\">\r\n<span data-balloon-length=\"medium\" aria-label=\"Ensino Fundamental Incompleto\" data-balloon-pos=\"up\">Coveiro<\/span><\/td>\r\n<td class=\"cvagas\">01<\/td>\r\n<td class=\"cremuneracao\">R$ 1.518,00 \/40h<\/td>\r\n<\/tr><td class=\"ccargos\">\r\n<span data-balloon-length=\"medium\" aria-label=\"Ensino Fundamental Incompleto\" data-balloon-pos=\"up\">Pedreiro<\/span><\/td>\r\n<td class=\"cvagas\">02<\/td>\r\n<td class=\"cremuneracao\">R$ 1.518,00 \/40h<\/td>\r\n<\/tr><td class=\"ccargos\">\r\n<span data-balloon-length=\"medium\" aria-label=\"Ensino Fundamental Incompleto\" data-balloon-pos=\"up\">Servente de Limpeza de Esgotos<\/span><\/td>\r\n<td class=\"cvagas\">01<\/td>\r\n<td class=\"cremuneracao\">R$ 1.518,00 \/40h<\/td>\r\n<\/tr><td class=\"ccargos\">\r\n<span data-balloon-length=\"medium\" aria-label=\"Ensino Fundamental Incompleto\" data-balloon-pos=\"up\">Servente de Pedreiro<\/span><\/td>\r\n<td class=\"cvagas\">01<\/td>\r\n<td class=\"cremuneracao\">R$ 1.518,00 \/40h<\/td>\r\n<\/tr>\r\n    <\/tbody>\r\n  <\/table>\r\n<\/div>","_fund_completo":"","_medio":"<div>\r\n<table class=\"quadro\">\r\n<thead>\r\n<tr>\r\n<th class=\"hcargo\">Cargo<\/th>\r\n<th class=\"hvagas\">Vagas<\/th>\r\n<th class=\"hremuneracao\">Remunera\u00e7\u00e3o<\/th>\r\n<\/tr>\r\n<\/thead>\r\n    <tbody>\r\n      <td class=\"ccargos\">\r\n<span data-balloon-length=\"medium\" aria-label=\"Ensino M\u00e9dio Completo + Residir na \u00e1rea de atua\u00e7\u00e3o desde a data da publica\u00e7\u00e3o do edital + Ter conclu\u00eddo, com aproveitamento, curso de forma\u00e7\u00e3o inicial, com carga hor\u00e1ria m\u00ednima de quarenta horas\" data-balloon-pos=\"up\">Agente Comunit\u00e1rio de Sa\u00fade (Zona Urbana)<\/span><\/td>\r\n<td class=\"cvagas\">02<\/td>\r\n<td class=\"cremuneracao\">R$ 3.036,00 \/40h<\/td>\r\n<\/tr><td class=\"ccargos\">\r\n<span data-balloon-length=\"medium\" aria-label=\"Ensino M\u00e9dio Completo + Curso profissionalizante em el\u00e9trica\" data-balloon-pos=\"up\">Eletricista<\/span><\/td>\r\n<td class=\"cvagas\">01<\/td>\r\n<td class=\"cremuneracao\">R$ 1.518,00 \/40h<\/td>\r\n<\/tr><td class=\"ccargos\">\r\n<span data-balloon-length=\"medium\" aria-label=\"Ensino M\u00e9dio Completo + Curso T\u00e9cnico em Radiologia + Registro Profissional de T\u00e9cnicos em Radiologia (CRTR)\" data-balloon-pos=\"up\">T\u00e9cnico em Radiologia<\/span><\/td>\r\n<td class=\"cvagas\">01<\/td>\r\n<td class=\"cremuneracao\">R$ 1.518,00 \/24h<\/td>\r\n<\/tr>\r\n    <\/tbody>\r\n  <\/table>\r\n<\/div>","_superior":"<div>\r\n<table class=\"quadro\">\r\n<thead>\r\n<tr>\r\n<th class=\"hcargo\">Cargo<\/th>\r\n<th class=\"hvagas\">Vagas<\/th>\r\n<th class=\"hremuneracao\">Remunera\u00e7\u00e3o<\/th>\r\n<\/tr>\r\n<\/thead>\r\n    <tbody>\r\n      <tr>\r\n<td class=\"ccargos\">\r\n<span data-balloon-length=\"medium\" aria-label=\"Curso Superior em Educa\u00e7\u00e3o F\u00edsica + Registro no Conselho Regional de Educa\u00e7\u00e3o F\u00edsica (CREF)\" data-balloon-pos=\"up\">Educador F\u00edsico<\/span><\/td>\r\n<td class=\"cvagas\">01<\/td>\r\n<td class=\"cremuneracao\">R$ 2.500,00 \/30h<\/td>\r\n<\/tr><tr>\r\n<td class=\"ccargos\">\r\n<span data-balloon-length=\"medium\" aria-label=\"Curso Superior em Farm\u00e1cia + Registro no Conselho Regional de Farm\u00e1cia (CRF)\" data-balloon-pos=\"up\">Farmac\u00eautico<\/span><\/td>\r\n<td class=\"cvagas\">01<\/td>\r\n<td class=\"cremuneracao\">R$ 3.036,00 \/40h<\/td>\r\n<\/tr><tr>\r\n<td class=\"ccargos\">\r\n<span data-balloon-length=\"medium\" aria-label=\"Curso Superior em qualquer \u00e1rea\" data-balloon-pos=\"up\">Fiscal de Tributos<\/span><\/td>\r\n<td class=\"cvagas\">01<\/td>\r\n<td class=\"cremuneracao\">R$ 1.518,00 \/40h<\/td>\r\n<\/tr><tr>\r\n<td class=\"ccargos\">\r\n<span data-balloon-length=\"medium\" aria-label=\"Curso Superior em Fisioterapia + Registro no Conselho Regional de Fisioterapia (CREFITO)\" data-balloon-pos=\"up\">Fisioterapeuta<\/span><\/td>\r\n<td class=\"cvagas\">01<\/td>\r\n<td class=\"cremuneracao\">R$ 2.000,00 \/30h<\/td>\r\n<\/tr><tr>\r\n<td class=\"ccargos\">\r\n<span data-balloon-length=\"medium\" aria-label=\"Curso Superior em Fonoaudiologia + Registro no Conselho Regional de Fonoaudiologia (CREFONO)\" data-balloon-pos=\"up\">Fonoaudi\u00f3logo<\/span><\/td>\r\n<td class=\"cvagas\">01<\/td>\r\n<td class=\"cremuneracao\">R$ 1.518,00 \/20h<\/td>\r\n<\/tr><tr>\r\n<td class=\"ccargos\">\r\n<span data-balloon-length=\"medium\" aria-label=\"Curso Superior + P\u00f3s-gradua\u00e7\u00e3o em Neuropsicopedagogia\" data-balloon-pos=\"up\">Neuropsicopedagogo<\/span><\/td>\r\n<td class=\"cvagas\">01<\/td>\r\n<td class=\"cremuneracao\">R$ 2.800,00 \/20h<\/td>\r\n<\/tr><tr>\r\n<td class=\"ccargos\">\r\n<span data-balloon-length=\"medium\" aria-label=\"Curso Superior em Nutri\u00e7\u00e3o + Registro no Conselho Regional de Nutri\u00e7\u00e3o (CRN)\" data-balloon-pos=\"up\">Nutricionista<\/span><\/td>\r\n<td class=\"cvagas\">01<\/td>\r\n<td class=\"cremuneracao\">R$ 1.518,00 \/20h<\/td>\r\n<\/tr><tr>\r\n<td class=\"ccargos\">\r\n<span data-balloon-length=\"medium\" aria-label=\"Curso Superior em Odontologia + Registro no Conselho Regional de Odontologia (CRO)\" data-balloon-pos=\"up\">Odont\u00f3logo (Zona Rural)<\/span><\/td>\r\n<td class=\"cvagas\">01<\/td>\r\n<td class=\"cremuneracao\">R$ 2.800,00 \/20h<\/td>\r\n<\/tr><tr>\r\n<td class=\"ccargos\">\r\n<span data-balloon-length=\"medium\" aria-label=\"Curso Superior em Pedagogia\" data-balloon-pos=\"up\">Professor Classe A<\/span><\/td>\r\n<td class=\"cvagas\">05<\/td>\r\n<td class=\"cremuneracao\">R$ 3.650,82 \/30h<\/td>\r\n<\/tr><tr>\r\n<td class=\"ccargos\">\r\n<span data-balloon-length=\"medium\" aria-label=\"Curso Superior em Geografia (licenciatura plena)\" data-balloon-pos=\"up\">Professor de Geografia<\/span><\/td>\r\n<td class=\"cvagas\">01<\/td>\r\n<td class=\"cremuneracao\">R$ 3.650,82 \/30h<\/td>\r\n<\/tr><tr>\r\n<td class=\"ccargos\">\r\n<span data-balloon-length=\"medium\" aria-label=\"Curso Superior em Letras \u2013 L\u00edngua Portuguesa\" data-balloon-pos=\"up\">Professor de Portugu\u00eas<\/span><\/td>\r\n<td class=\"cvagas\">01<\/td>\r\n<td class=\"cremuneracao\">R$ 3.650,82 \/30h<\/td>\r\n<\/tr><tr>\r\n<td class=\"ccargos\">\r\n<span data-balloon-length=\"medium\" aria-label=\"Curso Superior em Matem\u00e1tica (licenciatura plena)\" data-balloon-pos=\"up\">Professor de Matem\u00e1tica<\/span><\/td>\r\n<td class=\"cvagas\">01<\/td>\r\n<td class=\"cremuneracao\">R$ 3.650,82 \/30h<\/td>\r\n<\/tr><tr>\r\n<td class=\"ccargos\">\r\n<span data-balloon-length=\"medium\" aria-label=\"Curso Superior em Pedagogia ou \u00e1rea afim + Especializa\u00e7\u00e3o em Educa\u00e7\u00e3o Especial ou AEE\" data-balloon-pos=\"up\">Professor AEE (Atendimento Educacional Especializado)<\/span><\/td>\r\n<td class=\"cvagas\">01<\/td>\r\n<td class=\"cremuneracao\">R$ 3.650,82 \/30h<\/td>\r\n<\/tr>\r\n    <\/tbody>\r\n  <\/table>\r\n<\/div>"},"_links":{"self":[{"href":"https:\/\/www.agrobase.com.br\/concursos\/wp-json\/wp\/v2\/posts\/274850","targetHints":{"allow":["GET"]}}],"collection":[{"href":"https:\/\/www.agrobase.com.br\/concursos\/wp-json\/wp\/v2\/posts"}],"about":[{"href":"https:\/\/www.agrobase.com.br\/concursos\/wp-json\/wp\/v2\/types\/post"}],"author":[{"embeddable":true,"href":"https:\/\/www.agrobase.com.br\/concursos\/wp-json\/wp\/v2\/users\/5229"}],"replies":[{"embeddable":true,"href":"https:\/\/www.agrobase.com.br\/concursos\/wp-json\/wp\/v2\/comments?post=274850"}],"version-history":[{"count":2,"href":"https:\/\/www.agrobase.com.br\/concursos\/wp-json\/wp\/v2\/posts\/274850\/revisions"}],"predecessor-version":[{"id":274933,"href":"https:\/\/www.agrobase.com.br\/concursos\/wp-json\/wp\/v2\/posts\/274850\/revisions\/274933"}],"wp:featuredmedia":[{"embeddable":true,"href":"https:\/\/www.agrobase.com.br\/concursos\/wp-json\/wp\/v2\/media\/274849"}],"wp:attachment":[{"href":"https:\/\/www.agrobase.com.br\/concursos\/wp-json\/wp\/v2\/media?parent=274850"}],"wp:term":[{"taxonomy":"category","embeddable":true,"href":"https:\/\/www.agrobase.com.br\/concursos\/wp-json\/wp\/v2\/categories?post=274850"},{"taxonomy":"post_tag","embeddable":true,"href":"https:\/\/www.agrobase.com.br\/concursos\/wp-json\/wp\/v2\/tags?post=274850"},{"taxonomy":"_amplo","embeddable":true,"href":"https:\/\/www.agrobase.com.br\/concursos\/wp-json\/wp\/v2\/_amplo?post=274850"},{"taxonomy":"destaque","embeddable":true,"href":"https:\/\/www.agrobase.com.br\/concursos\/wp-json\/wp\/v2\/destaque?post=274850"},{"taxonomy":"instituicoes","embeddable":true,"href":"https:\/\/www.agrobase.com.br\/concursos\/wp-json\/wp\/v2\/instituicoes?post=274850"}],"curies":[{"name":"wp","href":"https:\/\/api.w.org\/{rel}","templated":true}]}}