{"id":274820,"date":"2025-12-08T07:05:50","date_gmt":"2025-12-08T10:05:50","guid":{"rendered":"https:\/\/www.agrobase.com.br\/concursos\/?p=274820"},"modified":"2025-12-06T10:18:28","modified_gmt":"2025-12-06T13:18:28","slug":"prefeitura-nova-canaa-do-norte-mt-selecao-simplificada-02-2025","status":"publish","type":"post","link":"https:\/\/www.agrobase.com.br\/concursos\/2025\/prefeitura-nova-canaa-do-norte-mt-selecao-simplificada-02-2025\/","title":{"rendered":"Prefeitura Nova Cana\u00e3 do Norte (MT) &#8211; Sele\u00e7\u00e3o Simplificada 02\/2025"},"content":{"rendered":"<h2>Informa\u00e7\u00f5es Gerais<\/h2>\n<p>A <strong>Prefeitura Municipal de Nova Cana\u00e3 do Norte<\/strong>, no estado de Mato Grosso, torna p\u00fablica a realiza\u00e7\u00e3o do <strong>Processo Seletivo Simplificado n\u00ba 002\/2025<\/strong>. Organizado pelo <strong>Instituto Atame<\/strong>, o certame visa o provimento tempor\u00e1rio de vagas imediatas e a forma\u00e7\u00e3o de cadastro de reserva para atender a necessidades de excepcional interesse p\u00fablico do munic\u00edpio.<\/p>\n<p>As oportunidades contemplam candidatos com n\u00edveis de escolaridade <strong>Fundamental, M\u00e9dio, T\u00e9cnico e Superior<\/strong>. As vagas est\u00e3o distribu\u00eddas entre diversos setores da administra\u00e7\u00e3o, incluindo Sa\u00fade, Educa\u00e7\u00e3o, Assist\u00eancia Social e Servi\u00e7os Gerais. Para os profissionais das \u00e1reas de Ci\u00eancias Agr\u00e1rias e Sa\u00fade, destacam-se as oportunidades para <strong>M\u00e9dico Veterin\u00e1rio<\/strong> e <strong>Nutricionista<\/strong>, al\u00e9m de cargos para Enfermeiros, Psic\u00f3logos e T\u00e9cnicos.<\/p>\n<p>O regime de contrata\u00e7\u00e3o ser\u00e1 administrativo especial, vinculado ao Regime Geral de Previd\u00eancia Social (INSS). Esta \u00e9 uma excelente chance para ingressar no servi\u00e7o p\u00fablico municipal com remunera\u00e7\u00f5es que podem chegar a <strong>R$ 6.851,63<\/strong>. Continue a leitura para conferir o cronograma, as etapas de avalia\u00e7\u00e3o e os detalhes para garantir sua participa\u00e7\u00e3o.<\/p>\n<h2>Inscri\u00e7\u00f5es<\/h2>\n<p>As inscri\u00e7\u00f5es para o Processo Seletivo de Nova Cana\u00e3 do Norte devem ser realizadas exclusivamente pela internet, no site da banca organizadora, o <strong>Instituto Atame<\/strong>. O per\u00edodo para cadastro \u00e9 curto, portanto, os candidatos devem ficar atentos aos prazos estipulados no cronograma oficial.<\/p>\n<p>Para efetivar a participa\u00e7\u00e3o, \u00e9 necess\u00e1rio preencher o formul\u00e1rio eletr\u00f4nico e emitir o boleto banc\u00e1rio referente \u00e0 taxa de inscri\u00e7\u00e3o. O pagamento deve ser efetuado na rede banc\u00e1ria, casas lot\u00e9ricas ou via internet banking at\u00e9 a data de vencimento. \u00c9 fundamental que o candidato guarde o comprovante e verifique, posteriormente, a confirma\u00e7\u00e3o do pagamento na <em>\u00c1rea do Candidato<\/em>.<\/p>\n<p><strong>Aten\u00e7\u00e3o:<\/strong> \u00c9 permitida apenas uma inscri\u00e7\u00e3o por participante (a \u00faltima realizada ser\u00e1 a considerada v\u00e1lida). Recomendamos a leitura atenta do edital completo para verificar os requisitos espec\u00edficos de cada cargo e as regras para eventuais pedidos de isen\u00e7\u00e3o ou atendimento especial.<\/p>\n<h2>Etapas e Provas<\/h2>\n<p>A sele\u00e7\u00e3o dos candidatos ser\u00e1 composta por etapas distintas, variando conforme o n\u00edvel de escolaridade e a fun\u00e7\u00e3o pretendida. O processo visa avaliar tanto o conhecimento te\u00f3rico quanto a qualifica\u00e7\u00e3o profissional dos inscritos.<\/p>\n<ul>\n<li><strong>Prova Escrita (Objetiva):<\/strong> De car\u00e1ter <em>eliminat\u00f3rio e classificat\u00f3rio<\/em>, obrigat\u00f3ria para <strong>todas as fun\u00e7\u00f5es<\/strong>. A prova ser\u00e1 composta por quest\u00f5es de m\u00faltipla escolha (com 4 alternativas cada). A aplica\u00e7\u00e3o est\u00e1 prevista para o dia <strong>04 de janeiro de 2026<\/strong>, com dura\u00e7\u00e3o de 3 horas.<\/li>\n<li><strong>Prova de T\u00edtulos de Forma\u00e7\u00e3o Acad\u00eamica:<\/strong> De car\u00e1ter <em>classificat\u00f3rio<\/em>, facultativa, exclusiva para as fun\u00e7\u00f5es de <strong>N\u00edvel Superior<\/strong>.<\/li>\n<li><strong>Prova de T\u00edtulos de Experi\u00eancia Profissional:<\/strong> De car\u00e1ter <em>classificat\u00f3rio<\/em>, facultativa, aplic\u00e1vel a <strong>todas as fun\u00e7\u00f5es<\/strong>. A pontua\u00e7\u00e3o considerar\u00e1 o tempo de servi\u00e7o comprovado na \u00e1rea de atua\u00e7\u00e3o.<\/li>\n<\/ul>\n<p>Para ser considerado aprovado na prova escrita, o candidato deve obter, no m\u00ednimo, <strong>40% da pontua\u00e7\u00e3o total<\/strong>. O local e hor\u00e1rio exatos das provas ser\u00e3o divulgados posteriormente em Edital Complementar. Consulte o edital de abertura para detalhes sobre o conte\u00fado program\u00e1tico e a tabela de pontua\u00e7\u00e3o dos t\u00edtulos.<\/p>\n<h2>Resultados e Gabarito<\/h2>\n<p>O acompanhamento dos resultados \u00e9 de responsabilidade exclusiva do candidato. O gabarito preliminar da prova escrita tem previs\u00e3o de divulga\u00e7\u00e3o a partir das 16h00 do <strong>primeiro dia \u00fatil posterior \u00e0 aplica\u00e7\u00e3o da prova<\/strong>.<\/p>\n<p>A classifica\u00e7\u00e3o final ser\u00e1 ordenada de forma decrescente conforme a pontua\u00e7\u00e3o obtida. Em caso de empate, ser\u00e3o aplicados crit\u00e9rios como: idade igual ou superior a 60 anos, maior nota em Conhecimentos Espec\u00edficos, L\u00edngua Portuguesa, Matem\u00e1tica (se houver), Conhecimentos Gerais, maior pontua\u00e7\u00e3o de t\u00edtulos e maior idade.<\/p>\n<p>Todas as publica\u00e7\u00f5es oficiais, incluindo a homologa\u00e7\u00e3o do resultado final e as convoca\u00e7\u00f5es, ser\u00e3o disponibilizadas no <strong>Di\u00e1rio Oficial de Contas (TCE-MT)<\/strong>, no site da <strong>Prefeitura Municipal de Nova Cana\u00e3 do Norte<\/strong> e no site do <strong>Instituto Atame<\/strong>. O processo seletivo ter\u00e1 validade de 1 (um) ano, podendo ser prorrogado por igual per\u00edodo.<\/p>\n","protected":false},"excerpt":{"rendered":"<p>Proc. Seletivo Pref. Nova Cana\u00e3 do Norte (MT) com edital publicado! Vagas p\/ Aux. Adm. e Enfermeiro (Fund. a Sup.). Inscri\u00e7\u00f5es a partir de 03\/12. Confira!<\/p>\n","protected":false},"author":5229,"featured_media":274819,"comment_status":"open","ping_status":"open","sticky":false,"template":"","format":"standard","meta":{"_acf_changed":false,"_breakdance_hide_in_design_set":false,"_breakdance_tags":"","footnotes":""},"categories":[106,6434,12,17,18,19,22,23,24,25,26,101,108,130],"tags":[47],"_amplo":[],"destaque":[],"instituicoes":[],"class_list":["post-274820","post","type-post","status-publish","format-standard","has-post-thumbnail","hentry","category-bioquimica","category-educacao-fisica-licenciatura","category-enfermagem","category-farmacia","category-fisioterapia","category-fonoaudiologia","category-veterinaria","category-nutricao","category-odontologia","category-pedagogia","category-psicologia","category-servico-social","category-tecnico-enfermagem","category-tecnico-informatica","tag-mato-grosso"],"acf":{"_tipo_vagas":"vagas","_numero_vagas":"","_quadro_vagas":"","_cargos":"diversos","_cargos_especificos":"","_salario_max":"R$ 6851.63","_abertura":"20251203","_encerramento":"20251214","_inscricoes":"https:\/\/institutoatame.org.br\/","_executora_concurso":"","_instituicao_concurso":[],"_link_adicional":null,"_anexos":null,"_produtos":null,"_vagas":"21 vagas + CR","_salario_min":"R$ 1600","_instituicao":"Prefeitura Nova Cana\u00e3 do Norte","_edital":"https:\/\/www.agrobase.com.br\/concursos\/wp-content\/uploads\/sites\/4\/2025\/12\/edital-02-2025-retificado-prefeitura-nova-canaa-do-norte-mt.pdf","_anexos_edital":"","_fund_incompleto":"","_fund_completo":"<div>\r\n<table class=\"quadro\">\r\n<thead>\r\n<tr>\r\n<th class=\"hcargo\">Cargo<\/th>\r\n<th class=\"hvagas\">Vagas<\/th>\r\n<th class=\"hremuneracao\">Remunera\u00e7\u00e3o<\/th>\r\n<\/tr>\r\n<\/thead>\r\n    <tbody>\r\n      <td class=\"ccargos\">\r\n<span data-balloon-length=\"medium\" aria-label=\"Ensino Fundamental completo\" data-balloon-pos=\"up\">AUXILIAR ADMINISTRATIVO<\/span><\/td>\r\n<td class=\"cvagas\">01<\/td>\r\n<td class=\"cremuneracao\">R$ 1.600,00 \/40h<\/td>\r\n<\/tr><td class=\"ccargos\">\r\n<span data-balloon-length=\"medium\" aria-label=\"Ensino Fundamental completo\" data-balloon-pos=\"up\">AUXILIAR ADMINISTRATIVO<\/span><\/td>\r\n<td class=\"cvagas\">01<\/td>\r\n<td class=\"cremuneracao\">R$ 1.600,00 \/40h<\/td>\r\n<\/tr><td class=\"ccargos\">\r\n<span data-balloon-length=\"medium\" aria-label=\"Ensino Fundamental completo\" data-balloon-pos=\"up\">AUXILIAR ADMINISTRATIVO<\/span><\/td>\r\n<td class=\"cvagas\">01<\/td>\r\n<td class=\"cremuneracao\">R$ 1.600,00 \/40h<\/td>\r\n<\/tr><td class=\"ccargos\">\r\n<span data-balloon-length=\"medium\" aria-label=\"Ensino Fundamental completo\" data-balloon-pos=\"up\">AUXILIAR ADMINISTRATIVO<\/span><\/td>\r\n<td class=\"cvagas\">01<\/td>\r\n<td class=\"cremuneracao\">R$ 1.600,00 \/40h<\/td>\r\n<\/tr><td class=\"ccargos\">\r\n<span data-balloon-length=\"medium\" aria-label=\"Ensino Fundamental completo\" data-balloon-pos=\"up\">AUXILIAR DE SERVI\u00c7OS GERAIS<\/span><\/td>\r\n<td class=\"cvagas\">CR<\/td>\r\n<td class=\"cremuneracao\">R$ 1.600,00 \/40h<\/td>\r\n<\/tr><td class=\"ccargos\">\r\n<span data-balloon-length=\"medium\" aria-label=\"Ensino Fundamental completo\" data-balloon-pos=\"up\">AUXILIAR DE SERVI\u00c7OS GERAIS<\/span><\/td>\r\n<td class=\"cvagas\">CR<\/td>\r\n<td class=\"cremuneracao\">R$ 1.600,00 \/40h<\/td>\r\n<\/tr><td class=\"ccargos\">\r\n<span data-balloon-length=\"medium\" aria-label=\"Ensino Fundamental completo\" data-balloon-pos=\"up\">AUXILIAR DE SERVI\u00c7OS GERAIS<\/span><\/td>\r\n<td class=\"cvagas\">CR<\/td>\r\n<td class=\"cremuneracao\">R$ 1.600,00 \/40h<\/td>\r\n<\/tr><td class=\"ccargos\">\r\n<span data-balloon-length=\"medium\" aria-label=\"Ensino Fundamental completo\" data-balloon-pos=\"up\">AUXILIAR DE SERVI\u00c7OS GERAIS<\/span><\/td>\r\n<td class=\"cvagas\">CR<\/td>\r\n<td class=\"cremuneracao\">R$ 1.600,00 \/40h<\/td>\r\n<\/tr><td class=\"ccargos\">\r\n<span data-balloon-length=\"medium\" aria-label=\"Ensino Fundamental completo\" data-balloon-pos=\"up\">MERENDEIRA<\/span><\/td>\r\n<td class=\"cvagas\">CR<\/td>\r\n<td class=\"cremuneracao\">R$ 1.600,00 \/40h<\/td>\r\n<\/tr><td class=\"ccargos\">\r\n<span data-balloon-length=\"medium\" aria-label=\"Ensino Fundamental completo, Carteira Nacional de Habilita\u00e7\u00e3o, no m\u00ednimo, CATEGORIA B.\" data-balloon-pos=\"up\">MOTORISTA (CARTEIRA B)<\/span><\/td>\r\n<td class=\"cvagas\">CR<\/td>\r\n<td class=\"cremuneracao\">R$ 1.600,00 \/40h<\/td>\r\n<\/tr><td class=\"ccargos\">\r\n<span data-balloon-length=\"medium\" aria-label=\"Ensino Fundamental completo, Carteira Nacional de Habilita\u00e7\u00e3o, no m\u00ednimo, CATEGORIA D.\" data-balloon-pos=\"up\">MOTORISTA (CARTEIRA D)<\/span><\/td>\r\n<td class=\"cvagas\">CR<\/td>\r\n<td class=\"cremuneracao\">R$ 1.600,00 \/40h<\/td>\r\n<\/tr><td class=\"ccargos\">\r\n<span data-balloon-length=\"medium\" aria-label=\"Ensino Fundamental completo, Carteira Nacional de Habilita\u00e7\u00e3o, no m\u00ednimo, CATEGORIA D E CURSO DE TRANSPORTE DE EMERG\u00caNCIA.\" data-balloon-pos=\"up\">MOTORISTA (CARTEIRA D)<\/span><\/td>\r\n<td class=\"cvagas\">01<\/td>\r\n<td class=\"cremuneracao\">R$ 1.600,00 \/40h<\/td>\r\n<\/tr><td class=\"ccargos\">\r\n<span data-balloon-length=\"medium\" aria-label=\"Ensino Fundamental completo, Carteira Nacional de Habilita\u00e7\u00e3o, no m\u00ednimo, CATEGORIA D E CURSO DE TRANSPORTE DE EMERG\u00caNCIA.\" data-balloon-pos=\"up\">MOTORISTA (CARTEIRA D)<\/span><\/td>\r\n<td class=\"cvagas\">CR<\/td>\r\n<td class=\"cremuneracao\">R$ 1.600,00 \/40h<\/td>\r\n<\/tr><td class=\"ccargos\">\r\n<span data-balloon-length=\"medium\" aria-label=\"Ensino Fundamental completo, Carteira Nacional de Habilita\u00e7\u00e3o, no m\u00ednimo, CATEGORIA D E CURSO DE TRANSPORTE DE EMERG\u00caNCIA.\" data-balloon-pos=\"up\">MOTORISTA (CARTEIRA D)<\/span><\/td>\r\n<td class=\"cvagas\">CR<\/td>\r\n<td class=\"cremuneracao\">R$ 1.600,00 \/40h<\/td>\r\n<\/tr><td class=\"ccargos\">\r\n<span data-balloon-length=\"medium\" aria-label=\"Ensino Fundamental completo.\" data-balloon-pos=\"up\">ZELADORA<\/span><\/td>\r\n<td class=\"cvagas\">01<\/td>\r\n<td class=\"cremuneracao\">R$ 1.600,00 \/40h<\/td>\r\n<\/tr><td class=\"ccargos\">\r\n<span data-balloon-length=\"medium\" aria-label=\"Ensino Fundamental completo.\" data-balloon-pos=\"up\">ZELADORA<\/span><\/td>\r\n<td class=\"cvagas\">CR<\/td>\r\n<td class=\"cremuneracao\">R$ 1.600,00 \/40h<\/td>\r\n<\/tr><td class=\"ccargos\">\r\n<span data-balloon-length=\"medium\" aria-label=\"Ensino Fundamental completo.\" data-balloon-pos=\"up\">ZELADORA<\/span><\/td>\r\n<td class=\"cvagas\">CR<\/td>\r\n<td class=\"cremuneracao\">R$ 1.600,00 \/40h<\/td>\r\n<\/tr>\r\n    <\/tbody>\r\n  <\/table>\r\n<\/div>","_medio":"<div>\r\n<table class=\"quadro\">\r\n<thead>\r\n<tr>\r\n<th class=\"hcargo\">Cargo<\/th>\r\n<th class=\"hvagas\">Vagas<\/th>\r\n<th class=\"hremuneracao\">Remunera\u00e7\u00e3o<\/th>\r\n<\/tr>\r\n<\/thead>\r\n    <tbody>\r\n      <td class=\"ccargos\">\r\n<span data-balloon-length=\"medium\" aria-label=\"Habilita\u00e7\u00e3o em Ensino M\u00e9dio e residir na \u00e1rea de atua\u00e7\u00e3o desde a abertura do Processo Seletivo.\" data-balloon-pos=\"up\">AGENTE COMUNIT\u00c1RIO DE SA\u00daDE<\/span><\/td>\r\n<td class=\"cvagas\">CR<\/td>\r\n<td class=\"cremuneracao\">R$ 3.036,00 \/40h<\/td>\r\n<\/tr><td class=\"ccargos\">\r\n<span data-balloon-length=\"medium\" aria-label=\"Habilita\u00e7\u00e3o em Ensino M\u00e9dio e residir na \u00e1rea de atua\u00e7\u00e3o desde a abertura do Processo Seletivo.\" data-balloon-pos=\"up\">AGENTE COMUNIT\u00c1RIO DE SA\u00daDE<\/span><\/td>\r\n<td class=\"cvagas\">CR<\/td>\r\n<td class=\"cremuneracao\">R$ 3.036,00 \/40h<\/td>\r\n<\/tr><td class=\"ccargos\">\r\n<span data-balloon-length=\"medium\" aria-label=\"Habilita\u00e7\u00e3o em Ensino M\u00e9dio e residir na \u00e1rea de atua\u00e7\u00e3o desde a abertura do Processo Seletivo.\" data-balloon-pos=\"up\">AGENTE COMUNIT\u00c1RIO DE SA\u00daDE<\/span><\/td>\r\n<td class=\"cvagas\">CR<\/td>\r\n<td class=\"cremuneracao\">R$ 3.036,00 \/40h<\/td>\r\n<\/tr><td class=\"ccargos\">\r\n<span data-balloon-length=\"medium\" aria-label=\"Habilita\u00e7\u00e3o em Ensino M\u00e9dio e residir na \u00e1rea de atua\u00e7\u00e3o desde a abertura do Processo Seletivo.\" data-balloon-pos=\"up\">AGENTE COMUNIT\u00c1RIO DE SA\u00daDE<\/span><\/td>\r\n<td class=\"cvagas\">CR<\/td>\r\n<td class=\"cremuneracao\">R$ 3.036,00 \/40h<\/td>\r\n<\/tr><td class=\"ccargos\">\r\n<span data-balloon-length=\"medium\" aria-label=\"Habilita\u00e7\u00e3o em Ensino M\u00e9dio e residir na \u00e1rea de atua\u00e7\u00e3o desde a abertura do Processo Seletivo.\" data-balloon-pos=\"up\">AGENTE COMUNIT\u00c1RIO DE SA\u00daDE<\/span><\/td>\r\n<td class=\"cvagas\">CR<\/td>\r\n<td class=\"cremuneracao\">R$ 3.036,00 \/40h<\/td>\r\n<\/tr><td class=\"ccargos\">\r\n<span data-balloon-length=\"medium\" aria-label=\"Ensino M\u00e9dio completo.\" data-balloon-pos=\"up\">AGENTE DE COMBATE DE ENDEMIAS<\/span><\/td>\r\n<td class=\"cvagas\">CR<\/td>\r\n<td class=\"cremuneracao\">R$ 3.036,00 \/40h<\/td>\r\n<\/tr><td class=\"ccargos\">\r\n<span data-balloon-length=\"medium\" aria-label=\"Ensino M\u00e9dio completo.\" data-balloon-pos=\"up\">APOIO ADMINISTRATIVO EDUCACIONAL - MERENDEIRA<\/span><\/td>\r\n<td class=\"cvagas\">01<\/td>\r\n<td class=\"cremuneracao\">R$ 2.000,00 \/30h<\/td>\r\n<\/tr><td class=\"ccargos\">\r\n<span data-balloon-length=\"medium\" aria-label=\"Ensino M\u00e9dio completo.\" data-balloon-pos=\"up\">APOIO ADMINISTRATIVO EDUCACIONAL - MERENDEIRA<\/span><\/td>\r\n<td class=\"cvagas\">CR<\/td>\r\n<td class=\"cremuneracao\">R$ 2.000,00 \/30h<\/td>\r\n<\/tr><td class=\"ccargos\">\r\n<span data-balloon-length=\"medium\" aria-label=\"Ensino M\u00e9dio completo.\" data-balloon-pos=\"up\">APOIO ADMINISTRATIVO EDUCACIONAL - MERENDEIRA<\/span><\/td>\r\n<td class=\"cvagas\">CR<\/td>\r\n<td class=\"cremuneracao\">R$ 2.000,00 \/30h<\/td>\r\n<\/tr><td class=\"ccargos\">\r\n<span data-balloon-length=\"medium\" aria-label=\"Ensino M\u00e9dio completo.\" data-balloon-pos=\"up\">APOIO ADMINISTRATIVO EDUCACIONAL - MERENDEIRA<\/span><\/td>\r\n<td class=\"cvagas\">CR<\/td>\r\n<td class=\"cremuneracao\">R$ 2.000,00 \/30h<\/td>\r\n<\/tr><td class=\"ccargos\">\r\n<span data-balloon-length=\"medium\" aria-label=\"Ensino M\u00e9dio completo.\" data-balloon-pos=\"up\">APOIO ADMINISTRATIVO EDUCACIONAL - MERENDEIRA<\/span><\/td>\r\n<td class=\"cvagas\">CR<\/td>\r\n<td class=\"cremuneracao\">R$ 2.000,00 \/30h<\/td>\r\n<\/tr><td class=\"ccargos\">\r\n<span data-balloon-length=\"medium\" aria-label=\"Ensino M\u00e9dio completo, Carteira Nacional de Habilita\u00e7\u00e3o, no m\u00ednimo, Categoria D e Curso de Transporte Escolar.\" data-balloon-pos=\"up\">APOIO ADMINISTRATIVO EDUCACIONAL - MOTORISTA<\/span><\/td>\r\n<td class=\"cvagas\">02<\/td>\r\n<td class=\"cremuneracao\">R$ 2.000,00 \/30h<\/td>\r\n<\/tr><td class=\"ccargos\">\r\n<span data-balloon-length=\"medium\" aria-label=\"Ensino M\u00e9dio completo, Carteira Nacional de Habilita\u00e7\u00e3o, no m\u00ednimo, Categoria D e Curso de Transporte Escolar.\" data-balloon-pos=\"up\">APOIO ADMINISTRATIVO EDUCACIONAL - MOTORISTA<\/span><\/td>\r\n<td class=\"cvagas\">CR<\/td>\r\n<td class=\"cremuneracao\">R$ 2.000,00 \/30h<\/td>\r\n<\/tr><td class=\"ccargos\">\r\n<span data-balloon-length=\"medium\" aria-label=\"Ensino M\u00e9dio completo, Carteira Nacional de Habilita\u00e7\u00e3o, no m\u00ednimo, Categoria D e Curso de Transporte Escolar.\" data-balloon-pos=\"up\">APOIO ADMINISTRATIVO EDUCACIONAL - MOTORISTA<\/span><\/td>\r\n<td class=\"cvagas\">02<\/td>\r\n<td class=\"cremuneracao\">R$ 2.000,00 \/30h<\/td>\r\n<\/tr><td class=\"ccargos\">\r\n<span data-balloon-length=\"medium\" aria-label=\"Ensino M\u00e9dio completo, Carteira Nacional de Habilita\u00e7\u00e3o, no m\u00ednimo, Categoria D e Curso de Transporte Escolar.\" data-balloon-pos=\"up\">APOIO ADMINISTRATIVO EDUCACIONAL - MOTORISTA<\/span><\/td>\r\n<td class=\"cvagas\">CR<\/td>\r\n<td class=\"cremuneracao\">R$ 2.000,00 \/30h<\/td>\r\n<\/tr><td class=\"ccargos\">\r\n<span data-balloon-length=\"medium\" aria-label=\"Ensino M\u00e9dio completo, Carteira Nacional de Habilita\u00e7\u00e3o, no m\u00ednimo, Categoria D e Curso de Transporte Escolar.\" data-balloon-pos=\"up\">APOIO ADMINISTRATIVO EDUCACIONAL - MOTORISTA<\/span><\/td>\r\n<td class=\"cvagas\">CR<\/td>\r\n<td class=\"cremuneracao\">R$ 2.000,00 \/30h<\/td>\r\n<\/tr><td class=\"ccargos\">\r\n<span data-balloon-length=\"medium\" aria-label=\"Ensino M\u00e9dio completo.\" data-balloon-pos=\"up\">APOIO ADMINISTRATIVO EDUCACIONAL - ZELADORA<\/span><\/td>\r\n<td class=\"cvagas\">01<\/td>\r\n<td class=\"cremuneracao\">R$ 2.000,00 \/30h<\/td>\r\n<\/tr><td class=\"ccargos\">\r\n<span data-balloon-length=\"medium\" aria-label=\"Ensino M\u00e9dio completo.\" data-balloon-pos=\"up\">APOIO ADMINISTRATIVO EDUCACIONAL - ZELADORA<\/span><\/td>\r\n<td class=\"cvagas\">CR<\/td>\r\n<td class=\"cremuneracao\">R$ 2.000,00 \/30h<\/td>\r\n<\/tr><td class=\"ccargos\">\r\n<span data-balloon-length=\"medium\" aria-label=\"Ensino M\u00e9dio completo.\" data-balloon-pos=\"up\">APOIO ADMINISTRATIVO EDUCACIONAL - ZELADORA<\/span><\/td>\r\n<td class=\"cvagas\">01<\/td>\r\n<td class=\"cremuneracao\">R$ 2.000,00 \/30h<\/td>\r\n<\/tr><td class=\"ccargos\">\r\n<span data-balloon-length=\"medium\" aria-label=\"Ensino M\u00e9dio completo.\" data-balloon-pos=\"up\">APOIO ADMINISTRATIVO EDUCACIONAL - ZELADORA<\/span><\/td>\r\n<td class=\"cvagas\">01<\/td>\r\n<td class=\"cremuneracao\">R$ 2.000,00 \/30h<\/td>\r\n<\/tr><td class=\"ccargos\">\r\n<span data-balloon-length=\"medium\" aria-label=\"Ensino M\u00e9dio completo.\" data-balloon-pos=\"up\">APOIO ADMINISTRATIVO EDUCACIONAL - ZELADORA<\/span><\/td>\r\n<td class=\"cvagas\">CR<\/td>\r\n<td class=\"cremuneracao\">R$ 2.000,00 \/30h<\/td>\r\n<\/tr><td class=\"ccargos\">\r\n<span data-balloon-length=\"medium\" aria-label=\"Ensino M\u00e9dio completo.\" data-balloon-pos=\"up\">CUIDADOR DE CRIAN\u00c7A E ADOLESCENTE<\/span><\/td>\r\n<td class=\"cvagas\">01<\/td>\r\n<td class=\"cremuneracao\">R$ 1.600,00 \/40h<\/td>\r\n<\/tr><td class=\"ccargos\">\r\n<span data-balloon-length=\"medium\" aria-label=\"Ensino M\u00e9dio completo.\" data-balloon-pos=\"up\">FISCAL DE TRIBUTOS<\/span><\/td>\r\n<td class=\"cvagas\">CR<\/td>\r\n<td class=\"cremuneracao\">R$ 2.080,00 \/40h<\/td>\r\n<\/tr><td class=\"ccargos\">\r\n<span data-balloon-length=\"medium\" aria-label=\"Ensino M\u00e9dio completo.\" data-balloon-pos=\"up\">T\u00c9CNICO EM DESENVOLVIMENTO INFANTIL<\/span><\/td>\r\n<td class=\"cvagas\">02<\/td>\r\n<td class=\"cremuneracao\">R$ 1.612,90 \/30h<\/td>\r\n<\/tr><td class=\"ccargos\">\r\n<span data-balloon-length=\"medium\" aria-label=\"Ensino M\u00e9dio completo.\" data-balloon-pos=\"up\">T\u00c9CNICO EM DESENVOLVIMENTO INFANTIL<\/span><\/td>\r\n<td class=\"cvagas\">01<\/td>\r\n<td class=\"cremuneracao\">R$ 1.612,90 \/30h<\/td>\r\n<\/tr><td class=\"ccargos\">\r\n<span data-balloon-length=\"medium\" aria-label=\"Ensino M\u00e9dio completo.\" data-balloon-pos=\"up\">T\u00c9CNICO EM DESENVOLVIMENTO INFANTIL<\/span><\/td>\r\n<td class=\"cvagas\">01<\/td>\r\n<td class=\"cremuneracao\">R$ 1.612,90 \/30h<\/td>\r\n<\/tr><td class=\"ccargos\">\r\n<span data-balloon-length=\"medium\" aria-label=\"Ensino M\u00e9dio completo.\" data-balloon-pos=\"up\">T\u00c9CNICO EM DESENVOLVIMENTO INFANTIL<\/span><\/td>\r\n<td class=\"cvagas\">CR<\/td>\r\n<td class=\"cremuneracao\">R$ 1.612,90 \/30h<\/td>\r\n<\/tr><td class=\"ccargos\">\r\n<span data-balloon-length=\"medium\" aria-label=\"Ensino M\u00e9dio completo.\" data-balloon-pos=\"up\">T\u00c9CNICO EM DESENVOLVIMENTO INFANTIL<\/span><\/td>\r\n<td class=\"cvagas\">CR<\/td>\r\n<td class=\"cremuneracao\">R$ 1.612,90 \/30h<\/td>\r\n<\/tr><td class=\"ccargos\">\r\n<span data-balloon-length=\"medium\" aria-label=\"Ensino M\u00e9dio completo.\" data-balloon-pos=\"up\">T\u00c9CNICO ADMINISTRATIVO EDUCACIONAL<\/span><\/td>\r\n<td class=\"cvagas\">CR<\/td>\r\n<td class=\"cremuneracao\">R$ 2.000,00 \/30h<\/td>\r\n<\/tr><td class=\"ccargos\">\r\n<span data-balloon-length=\"medium\" aria-label=\"Ensino M\u00e9dio completo.\" data-balloon-pos=\"up\">T\u00c9CNICO ADMINISTRATIVO EDUCACIONAL<\/span><\/td>\r\n<td class=\"cvagas\">CR<\/td>\r\n<td class=\"cremuneracao\">R$ 2.000,00 \/30h<\/td>\r\n<\/tr><td class=\"ccargos\">\r\n<span data-balloon-length=\"medium\" aria-label=\"Ensino M\u00e9dio completo.\" data-balloon-pos=\"up\">T\u00c9CNICO ADMINISTRATIVO EDUCACIONAL<\/span><\/td>\r\n<td class=\"cvagas\">CR<\/td>\r\n<td class=\"cremuneracao\">R$ 2.000,00 \/30h<\/td>\r\n<\/tr><td class=\"ccargos\">\r\n<span data-balloon-length=\"medium\" aria-label=\"Ensino M\u00e9dio completo.\" data-balloon-pos=\"up\">T\u00c9CNICO ADMINISTRATIVO EDUCACIONAL<\/span><\/td>\r\n<td class=\"cvagas\">CR<\/td>\r\n<td class=\"cremuneracao\">R$ 2.000,00 \/30h<\/td>\r\n<\/tr><td class=\"ccargos\">\r\n<span data-balloon-length=\"medium\" aria-label=\"Ensino M\u00e9dio completo.\" data-balloon-pos=\"up\">T\u00c9CNICO ADMINISTRATIVO EDUCACIONAL<\/span><\/td>\r\n<td class=\"cvagas\">CR<\/td>\r\n<td class=\"cremuneracao\">R$ 2.000,00 \/30h<\/td>\r\n<\/tr><td class=\"ccargos\">\r\n<span data-balloon-length=\"medium\" aria-label=\"Ensino M\u00e9dio completo, curso espec\u00edfico e registro no respectivo conselho de classe.\" data-balloon-pos=\"up\">T\u00c9CNICO EM ENFERMAGEM<\/span><\/td>\r\n<td class=\"cvagas\">02<\/td>\r\n<td class=\"cremuneracao\">R$ 1.740,99 \/40h<\/td>\r\n<\/tr><td class=\"ccargos\">\r\n<span data-balloon-length=\"medium\" aria-label=\"Ensino M\u00e9dio completo, curso espec\u00edfico e registro no respectivo conselho de classe.\" data-balloon-pos=\"up\">T\u00c9CNICO EM ENFERMAGEM<\/span><\/td>\r\n<td class=\"cvagas\">CR<\/td>\r\n<td class=\"cremuneracao\">R$ 1.740,99 \/40h<\/td>\r\n<\/tr><td class=\"ccargos\">\r\n<span data-balloon-length=\"medium\" aria-label=\"Ensino M\u00e9dio completo, curso espec\u00edfico e registro no respectivo conselho de classe.\" data-balloon-pos=\"up\">T\u00c9CNICO EM ENFERMAGEM<\/span><\/td>\r\n<td class=\"cvagas\">CR<\/td>\r\n<td class=\"cremuneracao\">R$ 1.740,99 \/40h<\/td>\r\n<\/tr><td class=\"ccargos\">\r\n<span data-balloon-length=\"medium\" aria-label=\"Ensino M\u00e9dio completo, curso espec\u00edfico e registro no respectivo conselho de classe.\" data-balloon-pos=\"up\">T\u00c9CNICO EM ENFERMAGEM<\/span><\/td>\r\n<td class=\"cvagas\">01<\/td>\r\n<td class=\"cremuneracao\">R$ 1.740,99 \/40h<\/td>\r\n<\/tr><td class=\"ccargos\">\r\n<span data-balloon-length=\"medium\" aria-label=\"Ensino M\u00e9dio completo, curso espec\u00edfico e registro no respectivo conselho de classe.\" data-balloon-pos=\"up\">T\u00c9CNICO EM ENFERMAGEM<\/span><\/td>\r\n<td class=\"cvagas\">CR<\/td>\r\n<td class=\"cremuneracao\">R$ 1.740,99 \/40h<\/td>\r\n<\/tr><td class=\"ccargos\">\r\n<span data-balloon-length=\"medium\" aria-label=\"Habilita\u00e7\u00e3o em N\u00edvel de Ensino M\u00e9dio ou T\u00e9cnico de N\u00edvel M\u00e9dio de acordo com a \u00e1rea de atua\u00e7\u00e3o.\" data-balloon-pos=\"up\">TECNICO EM INFORM\u00c1TICA<\/span><\/td>\r\n<td class=\"cvagas\">CR<\/td>\r\n<td class=\"cremuneracao\">R$ 1.600,00 \/40h<\/td>\r\n<\/tr><td class=\"ccargos\">\r\n<span data-balloon-length=\"medium\" aria-label=\"Habilita\u00e7\u00e3o em N\u00edvel de Ensino M\u00e9dio ou T\u00e9cnico de N\u00edvel M\u00e9dio de acordo com a \u00e1rea de atua\u00e7\u00e3o.\" data-balloon-pos=\"up\">TECNICO EM VIGIL\u00c2NCIA SANIT\u00c1RIA<\/span><\/td>\r\n<td class=\"cvagas\">CR<\/td>\r\n<td class=\"cremuneracao\">R$ 1.600,00 \/40h<\/td>\r\n<\/tr>\r\n    <\/tbody>\r\n  <\/table>\r\n<\/div>","_superior":"<div>\r\n<table class=\"quadro\">\r\n<thead>\r\n<tr>\r\n<th class=\"hcargo\">Cargo<\/th>\r\n<th class=\"hvagas\">Vagas<\/th>\r\n<th class=\"hremuneracao\">Remunera\u00e7\u00e3o<\/th>\r\n<\/tr>\r\n<\/thead>\r\n    <tbody>\r\n      <tr>\r\n<td class=\"ccargos\">\r\n<span data-balloon-length=\"medium\" aria-label=\"Curso de N\u00edvel Superior em Servi\u00e7o Social e registro no respectivo conselho de classe.\" data-balloon-pos=\"up\">ASSISTENTE SOCIAL<\/span><\/td>\r\n<td class=\"cvagas\">01<\/td>\r\n<td class=\"cremuneracao\">R$ 3.389,92 \/30h<\/td>\r\n<\/tr><tr>\r\n<td class=\"ccargos\">\r\n<span data-balloon-length=\"medium\" aria-label=\"Curso de N\u00edvel Superior em Enfermagem e registro no respectivo conselho de classe.\" data-balloon-pos=\"up\">ENFERMEIRO PSF<\/span><\/td>\r\n<td class=\"cvagas\">01<\/td>\r\n<td class=\"cremuneracao\">R$ 3.543,87 \/40h<\/td>\r\n<\/tr><tr>\r\n<td class=\"ccargos\">\r\n<span data-balloon-length=\"medium\" aria-label=\"Curso de N\u00edvel Superior em Enfermagem e registro no respectivo conselho de classe.\" data-balloon-pos=\"up\">ENFERMEIRO PSF<\/span><\/td>\r\n<td class=\"cvagas\">CR<\/td>\r\n<td class=\"cremuneracao\">R$ 3.543,87 \/40h<\/td>\r\n<\/tr><tr>\r\n<td class=\"ccargos\">\r\n<span data-balloon-length=\"medium\" aria-label=\"Curso de N\u00edvel Superior em Enfermagem e registro no respectivo conselho de classe.\" data-balloon-pos=\"up\">ENFERMEIRO PSF<\/span><\/td>\r\n<td class=\"cvagas\">CR<\/td>\r\n<td class=\"cremuneracao\">R$ 3.543,87 \/40h<\/td>\r\n<\/tr><tr>\r\n<td class=\"ccargos\">\r\n<span data-balloon-length=\"medium\" aria-label=\"Curso de N\u00edvel Superior em Enfermagem e registro no respectivo conselho de classe.\" data-balloon-pos=\"up\">ENFERMEIRO PSF<\/span><\/td>\r\n<td class=\"cvagas\">CR<\/td>\r\n<td class=\"cremuneracao\">R$ 3.543,87 \/40h<\/td>\r\n<\/tr><tr>\r\n<td class=\"ccargos\">\r\n<span data-balloon-length=\"medium\" aria-label=\"Curso de N\u00edvel Superior em Farm\u00e1cia\/Bioqu\u00edmica e registro no respectivo conselho de classe.\" data-balloon-pos=\"up\">FARMAC\u00caUTICO \/ BIOQU\u00cdMICO<\/span><\/td>\r\n<td class=\"cvagas\">CR<\/td>\r\n<td class=\"cremuneracao\">R$ 3.543,87 \/40h<\/td>\r\n<\/tr><tr>\r\n<td class=\"ccargos\">\r\n<span data-balloon-length=\"medium\" aria-label=\"Curso de N\u00edvel Superior em Fisioterapia e registro no respectivo conselho de classe\" data-balloon-pos=\"up\">FISIOTERAPEUTA<\/span><\/td>\r\n<td class=\"cvagas\">CR<\/td>\r\n<td class=\"cremuneracao\">R$ 2.612,42 \/30h<\/td>\r\n<\/tr><tr>\r\n<td class=\"ccargos\">\r\n<span data-balloon-length=\"medium\" aria-label=\"Curso de N\u00edvel Superior em Fonoaudiologia e registro no respectivo conselho de classe.\" data-balloon-pos=\"up\">FONOAUDI\u00d3LOGO<\/span><\/td>\r\n<td class=\"cvagas\">01<\/td>\r\n<td class=\"cremuneracao\">R$ 3.081,74 \/40h<\/td>\r\n<\/tr><tr>\r\n<td class=\"ccargos\">\r\n<span data-balloon-length=\"medium\" aria-label=\"Curso de N\u00edvel Superior em Medicina Veterin\u00e1ria e registro no respectivo conselho de classe.\" data-balloon-pos=\"up\">M\u00c9DICO VETERIN\u00c1RIO<\/span><\/td>\r\n<td class=\"cvagas\">CR<\/td>\r\n<td class=\"cremuneracao\">R$ 6.851,63 \/40h<\/td>\r\n<\/tr><tr>\r\n<td class=\"ccargos\">\r\n<span data-balloon-length=\"medium\" aria-label=\"Curso de N\u00edvel Superior em Nutri\u00e7\u00e3o e registro no respectivo conselho de classe.\" data-balloon-pos=\"up\">NUTRICIONISTA<\/span><\/td>\r\n<td class=\"cvagas\">01<\/td>\r\n<td class=\"cremuneracao\">R$ 3.081,74 \/40h<\/td>\r\n<\/tr><tr>\r\n<td class=\"ccargos\">\r\n<span data-balloon-length=\"medium\" aria-label=\"Curso de N\u00edvel Superior em Odontologia e registro no respectivo conselho de classe.\" data-balloon-pos=\"up\">ODONT\u00d3LOGO<\/span><\/td>\r\n<td class=\"cvagas\">01<\/td>\r\n<td class=\"cremuneracao\">R$ 3.543,87 \/40h<\/td>\r\n<\/tr><tr>\r\n<td class=\"ccargos\">\r\n<span data-balloon-length=\"medium\" aria-label=\"Curso de N\u00edvel Superior em Odontologia e registro no respectivo conselho de classe.\" data-balloon-pos=\"up\">ODONT\u00d3LOGO<\/span><\/td>\r\n<td class=\"cvagas\">CR<\/td>\r\n<td class=\"cremuneracao\">R$ 3.543,87 \/40h<\/td>\r\n<\/tr><tr>\r\n<td class=\"ccargos\">\r\n<span data-balloon-length=\"medium\" aria-label=\"Curso de N\u00edvel Superior em Odontologia e registro no respectivo conselho de classe.\" data-balloon-pos=\"up\">ODONT\u00d3LOGO<\/span><\/td>\r\n<td class=\"cvagas\">CR<\/td>\r\n<td class=\"cremuneracao\">R$ 3.543,87 \/40h<\/td>\r\n<\/tr><tr>\r\n<td class=\"ccargos\">\r\n<span data-balloon-length=\"medium\" aria-label=\"Curso de N\u00edvel Superior em Psicologia e registro no respectivo conselho de classe.\" data-balloon-pos=\"up\">PSIC\u00d3LOGO<\/span><\/td>\r\n<td class=\"cvagas\">02<\/td>\r\n<td class=\"cremuneracao\">R$ 3.389,92 \/40h<\/td>\r\n<\/tr><tr>\r\n<td class=\"ccargos\">\r\n<span data-balloon-length=\"medium\" aria-label=\"Curso de Licenciatura plena em Pedagogia.\" data-balloon-pos=\"up\">PROFESSOR PEDAGOGO CRAS<\/span><\/td>\r\n<td class=\"cvagas\">01<\/td>\r\n<td class=\"cremuneracao\">R$ 3.949,78 \/40h<\/td>\r\n<\/tr><tr>\r\n<td class=\"ccargos\">\r\n<span data-balloon-length=\"medium\" aria-label=\"Curso de Licenciatura plena em Pedagogia + Curso em Educa\u00e7\u00e3o Especial\" data-balloon-pos=\"up\">PROFESSOR PEDAGOGO EDUCA\u00c7\u00c3O ESPECIAL<\/span><\/td>\r\n<td class=\"cvagas\">CR<\/td>\r\n<td class=\"cremuneracao\">R$ 4.558,38 \/30h<\/td>\r\n<\/tr><tr>\r\n<td class=\"ccargos\">\r\n<span data-balloon-length=\"medium\" aria-label=\"Curso de Licenciatura plena em Pedagogia.\" data-balloon-pos=\"up\">PROFESSOR PEDAGOGO ETAPA I: 0 A 1 ANO E 11 MESES (BER\u00c7ARIO)<\/span><\/td>\r\n<td class=\"cvagas\">CR<\/td>\r\n<td class=\"cremuneracao\">R$ 4.558,38 \/30h<\/td>\r\n<\/tr><tr>\r\n<td class=\"ccargos\">\r\n<span data-balloon-length=\"medium\" aria-label=\"Curso de Licenciatura plena em Pedagogia.\" data-balloon-pos=\"up\">PROFESSOR PEDAGOGO ETAPA II: 2 ANOS A 3 ANOS E 11 MESES (MATERNAL)<\/span><\/td>\r\n<td class=\"cvagas\">CR<\/td>\r\n<td class=\"cremuneracao\">R$ 4.558,38 \/30h<\/td>\r\n<\/tr><tr>\r\n<td class=\"ccargos\">\r\n<span data-balloon-length=\"medium\" aria-label=\"Curso de Licenciatura plena em Pedagogia.\" data-balloon-pos=\"up\">PROFESSOR PEDAGOGO ETAPA III: 4 ANOS A 5 ANO E 11 MESES (PR\u00c9- JARDIM)<\/span><\/td>\r\n<td class=\"cvagas\">CR<\/td>\r\n<td class=\"cremuneracao\">R$ 4.558,38 \/30h<\/td>\r\n<\/tr><tr>\r\n<td class=\"ccargos\">\r\n<span data-balloon-length=\"medium\" aria-label=\"Curso de Licenciatura plena em Pedagogia.\" data-balloon-pos=\"up\">PROFESSOR PEDAGOGO ETAPA III: 4 ANOS A 5 ANO E 11 MESES (PR\u00c9- JARDIM)<\/span><\/td>\r\n<td class=\"cvagas\">CR<\/td>\r\n<td class=\"cremuneracao\">R$ 4.558,38 \/30h<\/td>\r\n<\/tr><tr>\r\n<td class=\"ccargos\">\r\n<span data-balloon-length=\"medium\" aria-label=\"Curso de Licenciatura plena em Pedagogia.\" data-balloon-pos=\"up\">PROFESSOR PEDAGOGO ETAPA III: 4 ANOS A 5 ANO E 11 MESES (PR\u00c9- JARDIM)<\/span><\/td>\r\n<td class=\"cvagas\">CR<\/td>\r\n<td class=\"cremuneracao\">R$ 4.558,38 \/30h<\/td>\r\n<\/tr><tr>\r\n<td class=\"ccargos\">\r\n<span data-balloon-length=\"medium\" aria-label=\"Curso de Licenciatura plena em Pedagogia.\" data-balloon-pos=\"up\">PROFESSOR PEDAGOGO ETAPA III: 4 ANOS A 5 ANO E 11 MESES (PR\u00c9- JARDIM)<\/span><\/td>\r\n<td class=\"cvagas\">CR<\/td>\r\n<td class=\"cremuneracao\">R$ 4.558,38 \/30h<\/td>\r\n<\/tr><tr>\r\n<td class=\"ccargos\">\r\n<span data-balloon-length=\"medium\" aria-label=\"Curso de Licenciatura plena em Pedagogia.\" data-balloon-pos=\"up\">PROFESSOR PEDAGOGO ETAPA III: 4 ANOS A 5 ANO E 11 MESES (PR\u00c9- JARDIM)<\/span><\/td>\r\n<td class=\"cvagas\">CR<\/td>\r\n<td class=\"cremuneracao\">R$ 4.558,38 \/30h<\/td>\r\n<\/tr><tr>\r\n<td class=\"ccargos\">\r\n<span data-balloon-length=\"medium\" aria-label=\"Curso de Licenciatura plena em Pedagogia.\" data-balloon-pos=\"up\">PROFESSOR PEDAGOGO ETAPA IV: 6 ANOS COMPLETOS AT\u00c9 31\/03 E 7 ANOS ANOS COMPLETOS AT\u00c9 31\/03 (ENSINO FUNDAMENTAL I)<\/span><\/td>\r\n<td class=\"cvagas\">CR<\/td>\r\n<td class=\"cremuneracao\">R$ 4.558,38 \/30h<\/td>\r\n<\/tr><tr>\r\n<td class=\"ccargos\">\r\n<span data-balloon-length=\"medium\" aria-label=\"Curso de Licenciatura plena em Pedagogia.\" data-balloon-pos=\"up\">PROFESSOR PEDAGOGO ETAPA IV: 6 ANOS COMPLETOS AT\u00c9 31\/03 E 7 ANOS ANOS COMPLETOS AT\u00c9 31\/03 (ENSINO FUNDAMENTAL I)<\/span><\/td>\r\n<td class=\"cvagas\">CR<\/td>\r\n<td class=\"cremuneracao\">R$ 4.558,38 \/30h<\/td>\r\n<\/tr><tr>\r\n<td class=\"ccargos\">\r\n<span data-balloon-length=\"medium\" aria-label=\"Curso de Licenciatura plena em Pedagogia.\" data-balloon-pos=\"up\">PROFESSOR PEDAGOGO ETAPA IV: 6 ANOS COMPLETOS AT\u00c9 31\/03 E 7 ANOS ANOS COMPLETOS AT\u00c9 31\/03 (ENSINO FUNDAMENTAL I)<\/span><\/td>\r\n<td class=\"cvagas\">CR<\/td>\r\n<td class=\"cremuneracao\">R$ 4.558,38 \/30h<\/td>\r\n<\/tr><tr>\r\n<td class=\"ccargos\">\r\n<span data-balloon-length=\"medium\" aria-label=\"Curso de Licenciatura plena em Pedagogia.\" data-balloon-pos=\"up\">PROFESSOR PEDAGOGO ETAPA IV: 6 ANOS COMPLETOS AT\u00c9 31\/03 E 7 ANOS ANOS COMPLETOS AT\u00c9 31\/03 (ENSINO FUNDAMENTAL I)<\/span><\/td>\r\n<td class=\"cvagas\">CR<\/td>\r\n<td class=\"cremuneracao\">R$ 4.558,38 \/30h<\/td>\r\n<\/tr><tr>\r\n<td class=\"ccargos\">\r\n<span data-balloon-length=\"medium\" aria-label=\"Curso de Licenciatura plena em Pedagogia.\" data-balloon-pos=\"up\">PROFESSOR PEDAGOGO ETAPA IV: 6 ANOS COMPLETOS AT\u00c9 31\/03 E 7 ANOS ANOS COMPLETOS AT\u00c9 31\/03 (ENSINO FUNDAMENTAL I)<\/span><\/td>\r\n<td class=\"cvagas\">CR<\/td>\r\n<td class=\"cremuneracao\">R$ 4.558,38 \/30h<\/td>\r\n<\/tr><tr>\r\n<td class=\"ccargos\">\r\n<span data-balloon-length=\"medium\" aria-label=\"Curso de Licenciatura plena em Pedagogia.\" data-balloon-pos=\"up\">PROFESSOR PEDAGOGO ETAPA V: 8 ANOS A 10 ANOS COMPLETOS AT\u00c9 31\/03 (ENSINO FUNDAMENTAL I)<\/span><\/td>\r\n<td class=\"cvagas\">CR<\/td>\r\n<td class=\"cremuneracao\">R$ 4.558,38 \/30h<\/td>\r\n<\/tr><tr>\r\n<td class=\"ccargos\">\r\n<span data-balloon-length=\"medium\" aria-label=\"Curso de Licenciatura plena em Pedagogia.\" data-balloon-pos=\"up\">PROFESSOR PEDAGOGO ETAPA V: 8 ANOS A 10 ANOS COMPLETOS AT\u00c9 31\/03 (ENSINO FUNDAMENTAL I)<\/span><\/td>\r\n<td class=\"cvagas\">CR<\/td>\r\n<td class=\"cremuneracao\">R$ 4.558,38 \/30h<\/td>\r\n<\/tr><tr>\r\n<td class=\"ccargos\">\r\n<span data-balloon-length=\"medium\" aria-label=\"Curso de Licenciatura plena em Pedagogia.\" data-balloon-pos=\"up\">PROFESSOR PEDAGOGO ETAPA V: 8 ANOS A 10 ANOS COMPLETOS AT\u00c9 31\/03 (ENSINO FUNDAMENTAL I)<\/span><\/td>\r\n<td class=\"cvagas\">CR<\/td>\r\n<td class=\"cremuneracao\">R$ 4.558,38 \/30h<\/td>\r\n<\/tr><tr>\r\n<td class=\"ccargos\">\r\n<span data-balloon-length=\"medium\" aria-label=\"Curso de Licenciatura plena em Pedagogia.\" data-balloon-pos=\"up\">PROFESSOR PEDAGOGO ETAPA V: 8 ANOS A 10 ANOS COMPLETOS AT\u00c9 31\/03 (ENSINO FUNDAMENTAL I)<\/span><\/td>\r\n<td class=\"cvagas\">CR<\/td>\r\n<td class=\"cremuneracao\">R$ 4.558,38 \/30h<\/td>\r\n<\/tr><tr>\r\n<td class=\"ccargos\">\r\n<span data-balloon-length=\"medium\" aria-label=\"Curso de Licenciatura plena em Pedagogia.\" data-balloon-pos=\"up\">PROFESSOR PEDAGOGO ETAPA V: 8 ANOS A 10 ANOS COMPLETOS AT\u00c9 31\/03 (ENSINO FUNDAMENTAL I)<\/span><\/td>\r\n<td class=\"cvagas\">CR<\/td>\r\n<td class=\"cremuneracao\">R$ 4.558,38 \/30h<\/td>\r\n<\/tr><tr>\r\n<td class=\"ccargos\">\r\n<span data-balloon-length=\"medium\" aria-label=\"Curso de N\u00edvel Superior em Educa\u00e7\u00e3o F\u00edsica e registro no respectivo conselho de classe\" data-balloon-pos=\"up\">PROFESSOR DE EDUCA\u00c7\u00c3O F\u00cdSICA<\/span><\/td>\r\n<td class=\"cvagas\">CR<\/td>\r\n<td class=\"cremuneracao\">R$ 4.558,38 \/30h<\/td>\r\n<\/tr>\r\n    <\/tbody>\r\n  <\/table>\r\n<\/div>"},"_links":{"self":[{"href":"https:\/\/www.agrobase.com.br\/concursos\/wp-json\/wp\/v2\/posts\/274820","targetHints":{"allow":["GET"]}}],"collection":[{"href":"https:\/\/www.agrobase.com.br\/concursos\/wp-json\/wp\/v2\/posts"}],"about":[{"href":"https:\/\/www.agrobase.com.br\/concursos\/wp-json\/wp\/v2\/types\/post"}],"author":[{"embeddable":true,"href":"https:\/\/www.agrobase.com.br\/concursos\/wp-json\/wp\/v2\/users\/5229"}],"replies":[{"embeddable":true,"href":"https:\/\/www.agrobase.com.br\/concursos\/wp-json\/wp\/v2\/comments?post=274820"}],"version-history":[{"count":3,"href":"https:\/\/www.agrobase.com.br\/concursos\/wp-json\/wp\/v2\/posts\/274820\/revisions"}],"predecessor-version":[{"id":274829,"href":"https:\/\/www.agrobase.com.br\/concursos\/wp-json\/wp\/v2\/posts\/274820\/revisions\/274829"}],"wp:featuredmedia":[{"embeddable":true,"href":"https:\/\/www.agrobase.com.br\/concursos\/wp-json\/wp\/v2\/media\/274819"}],"wp:attachment":[{"href":"https:\/\/www.agrobase.com.br\/concursos\/wp-json\/wp\/v2\/media?parent=274820"}],"wp:term":[{"taxonomy":"category","embeddable":true,"href":"https:\/\/www.agrobase.com.br\/concursos\/wp-json\/wp\/v2\/categories?post=274820"},{"taxonomy":"post_tag","embeddable":true,"href":"https:\/\/www.agrobase.com.br\/concursos\/wp-json\/wp\/v2\/tags?post=274820"},{"taxonomy":"_amplo","embeddable":true,"href":"https:\/\/www.agrobase.com.br\/concursos\/wp-json\/wp\/v2\/_amplo?post=274820"},{"taxonomy":"destaque","embeddable":true,"href":"https:\/\/www.agrobase.com.br\/concursos\/wp-json\/wp\/v2\/destaque?post=274820"},{"taxonomy":"instituicoes","embeddable":true,"href":"https:\/\/www.agrobase.com.br\/concursos\/wp-json\/wp\/v2\/instituicoes?post=274820"}],"curies":[{"name":"wp","href":"https:\/\/api.w.org\/{rel}","templated":true}]}}