{"id":274784,"date":"2025-12-08T07:45:16","date_gmt":"2025-12-08T10:45:16","guid":{"rendered":"https:\/\/www.agrobase.com.br\/concursos\/?p=274784"},"modified":"2025-12-06T11:53:56","modified_gmt":"2025-12-06T14:53:56","slug":"prefeitura-salto-veloso-sc-concurso-02-2025","status":"publish","type":"post","link":"https:\/\/www.agrobase.com.br\/concursos\/2025\/prefeitura-salto-veloso-sc-concurso-02-2025\/","title":{"rendered":"Prefeitura Salto Veloso (SC) &#8211; Concurso 02\/2025"},"content":{"rendered":"<h2>Informa\u00e7\u00f5es Gerais<\/h2>\n<p>Uma excelente oportunidade foi anunciada para os concurseiros de Santa Catarina. O <strong>Munic\u00edpio de Salto Veloso<\/strong> tornou p\u00fablico o edital n\u00ba 02\/2025, visando ao preenchimento de <strong>13 vagas imediatas<\/strong>, al\u00e9m da forma\u00e7\u00e3o de cadastro de reserva. O certame \u00e9 organizado pela banca <strong>WE DO CONCURSOS<\/strong> e oferece estabilidade profissional, uma vez que o regime de contrata\u00e7\u00e3o \u00e9 o <strong>Estatut\u00e1rio<\/strong>.<\/p>\n<p>As oportunidades contemplam candidatos com n\u00edveis de escolaridade <strong>Fundamental, M\u00e9dio, T\u00e9cnico e Superior<\/strong>. As vagas est\u00e3o distribu\u00eddas entre setores estrat\u00e9gicos da administra\u00e7\u00e3o municipal, abrangendo \u00e1reas operacionais, administrativas e educacionais. Merece destaque especial a oferta de vagas para a \u00e1rea de <strong>Nutri\u00e7\u00e3o<\/strong> (cargos de Nutricionista e Auxiliar de Alimenta\u00e7\u00e3o e Nutri\u00e7\u00e3o), um dos segmentos de grande relev\u00e2ncia neste processo seletivo.<\/p>\n<p>Se voc\u00ea busca ingressar no servi\u00e7o p\u00fablico catarinense, confira a seguir os detalhes essenciais sobre prazos, etapas e requisitos para garantir sua participa\u00e7\u00e3o.<\/p>\n<h2>Inscri\u00e7\u00f5es<\/h2>\n<p>Os interessados em participar do certame devem realizar a inscri\u00e7\u00e3o exclusivamente pela internet, atrav\u00e9s do site da organizadora <strong>WE DO CONCURSOS<\/strong>. O per\u00edodo de candidaturas permanece aberto at\u00e9 \u00e0s 14h00 do dia <strong>11 de dezembro de 2025<\/strong>. \u00c9 fundamental que o candidato preencha o formul\u00e1rio eletr\u00f4nico com aten\u00e7\u00e3o e emita o boleto banc\u00e1rio para pagamento.<\/p>\n<p>Os valores das taxas de inscri\u00e7\u00e3o variam conforme o n\u00edvel de escolaridade do cargo pretendido:<\/p>\n<ul>\n<li><strong>Ensino Fundamental:<\/strong> R$ 80,00<\/li>\n<li><strong>Ensino M\u00e9dio\/T\u00e9cnico:<\/strong> R$ 100,00<\/li>\n<li><strong>Ensino Superior:<\/strong> R$ 130,00<\/li>\n<\/ul>\n<p>O pagamento deve ser efetuado via boleto banc\u00e1rio at\u00e9 a data de vencimento expressa no documento, n\u00e3o sendo aceitos dep\u00f3sitos ou transfer\u00eancias via PIX. Candidatos que cumpram os requisitos legais para <strong>isen\u00e7\u00e3o da taxa<\/strong> devem solicitar o benef\u00edcio entre os dias 12 e 19 de novembro de 2025, conforme as regras do edital.<\/p>\n<p>Vale ressaltar que \u00e9 permitida a inscri\u00e7\u00e3o para dois cargos apenas para fun\u00e7\u00f5es espec\u00edficas da \u00e1rea da educa\u00e7\u00e3o (Professor de Portugu\u00eas e Ingl\u00eas, Psicopedagogo e Auxiliar Educacional), cujas provas ocorrem em turnos distintos. Para os demais, \u00e9 permitida apenas uma inscri\u00e7\u00e3o. Recomendamos a leitura atenta do edital completo antes de efetivar o cadastro.<\/p>\n<h2>Etapas e Provas<\/h2>\n<p>O processo seletivo ser\u00e1 composto por diferentes etapas, variando de acordo com o cargo pleiteado, garantindo uma avalia\u00e7\u00e3o justa e t\u00e9cnica dos candidatos. A etapa principal \u00e9 a <strong>Prova Objetiva<\/strong>, de car\u00e1ter eliminat\u00f3rio e classificat\u00f3rio, prevista para ser aplicada no dia <strong>21 de dezembro de 2025<\/strong>. Esta avalia\u00e7\u00e3o ser\u00e1 composta por quest\u00f5es de m\u00faltipla escolha (com 4 alternativas), exigindo aproveitamento m\u00ednimo de 40% para aprova\u00e7\u00e3o.<\/p>\n<p>Al\u00e9m da prova te\u00f3rica, haver\u00e1 etapas espec\u00edficas:<\/p>\n<ul>\n<li><strong>Prova de T\u00edtulos (Classificat\u00f3ria):<\/strong> Destinada aos cargos de N\u00edvel Superior (Professores, Nutricionista, Psicopedagogo) e N\u00edvel M\u00e9dio espec\u00edficos (Profissional de Apoio e Auxiliar Educacional). Os documentos devem ser enviados digitalmente durante o per\u00edodo de inscri\u00e7\u00f5es.<\/li>\n<li><strong>Prova Pr\u00e1tica (Eliminat\u00f3ria e Classificat\u00f3ria):<\/strong> Exclusiva para o cargo de <strong>Operador de M\u00e1quina Classe II<\/strong>. O teste avaliar\u00e1 a habilidade t\u00e9cnica na opera\u00e7\u00e3o de uma Retroescavadeira, sendo necess\u00e1rio obter nota m\u00ednima para aprova\u00e7\u00e3o.<\/li>\n<\/ul>\n<p>A dura\u00e7\u00e3o da prova objetiva ser\u00e1 de 3 horas. Para detalhes sobre o conte\u00fado program\u00e1tico (disciplinas) e os crit\u00e9rios de pontua\u00e7\u00e3o da prova pr\u00e1tica e de t\u00edtulos, \u00e9 indispens\u00e1vel a consulta ao edital de abertura.<\/p>\n<h2>Resultados e Gabarito<\/h2>\n<p>O cronograma do concurso prev\u00ea uma divulga\u00e7\u00e3o \u00e1gil dos resultados. O <strong>gabarito provis\u00f3rio<\/strong> da prova objetiva dever\u00e1 ser publicado no dia <strong>22 de dezembro de 2025<\/strong>, no site da banca organizadora. Os candidatos poder\u00e3o interpor recursos contra o gabarito e quest\u00f5es nos dias subsequentes \u00e0 publica\u00e7\u00e3o, conforme prazos estipulados no anexo do edital.<\/p>\n<p>A divulga\u00e7\u00e3o das notas da prova pr\u00e1tica, t\u00edtulos e a classifica\u00e7\u00e3o provis\u00f3ria est\u00e1 prevista para o in\u00edcio de janeiro de 2026. A <strong>homologa\u00e7\u00e3o final<\/strong> do concurso e as notas oficiais devem ser publicadas at\u00e9 o dia <strong>13 de janeiro de 2026<\/strong>. A classifica\u00e7\u00e3o final utilizar\u00e1 crit\u00e9rios de desempate como idade (Estatuto do Idoso), notas espec\u00edficas por disciplina e exerc\u00edcio da fun\u00e7\u00e3o de jurado.<\/p>\n<p>Lembramos que \u00e9 de <strong>inteira responsabilidade do candidato<\/strong> acompanhar todas as publica\u00e7\u00f5es, convoca\u00e7\u00f5es e avisos oficiais diretamente no site da WE DO CONCURSOS e no Di\u00e1rio Oficial dos Munic\u00edpios de Santa Catarina, para n\u00e3o perder prazos de recursos ou chamamentos.<\/p>\n","protected":false},"excerpt":{"rendered":"<p>Concurso Pref. Salto Veloso (SC) com edital publicado! Vagas p\/ Operador e Nutricionista (Fund. a Sup.). Inscri\u00e7\u00f5es a partir de 12\/11. Confira detalhes!<\/p>\n","protected":false},"author":5229,"featured_media":274783,"comment_status":"open","ping_status":"open","sticky":false,"template":"","format":"standard","meta":{"_acf_changed":false,"_breakdance_hide_in_design_set":false,"_breakdance_tags":"","footnotes":""},"categories":[112,100,20,6871,23,25],"tags":[61],"_amplo":[],"destaque":[],"instituicoes":[],"class_list":["post-274784","post","type-post","status-publish","format-standard","has-post-thumbnail","hentry","category-filosofia","category-historia","category-letras","category-letras-ingles","category-nutricao","category-pedagogia","tag-santa-catarina"],"acf":{"_tipo_vagas":"vagas","_numero_vagas":"","_quadro_vagas":"","_cargos":"diversos","_cargos_especificos":"","_salario_max":"R$ 5935.61","_abertura":"20251112","_encerramento":"20251211","_inscricoes":"https:\/\/www.wedoconcursos.com.br","_executora_concurso":"","_instituicao_concurso":[],"_link_adicional":null,"_anexos":null,"_produtos":null,"_vagas":"13 vagas + CR","_salario_min":"R$ 1915.76","_instituicao":"Prefeitura Salto Veloso","_edital":"https:\/\/www.agrobase.com.br\/concursos\/wp-content\/uploads\/sites\/4\/2025\/12\/edital-02-2025-prefeitura-salto-veloso-sc.pdf","_anexos_edital":"","_fund_incompleto":"","_fund_completo":"<div>\r\n<table class=\"quadro\">\r\n<thead>\r\n<tr>\r\n<th class=\"hcargo\">Cargo<\/th>\r\n<th class=\"hvagas\">Vagas<\/th>\r\n<th class=\"hremuneracao\">Remunera\u00e7\u00e3o<\/th>\r\n<\/tr>\r\n<\/thead>\r\n    <tbody>\r\n      <td class=\"ccargos\">\r\n<span data-balloon-length=\"medium\" aria-label=\"Ensino Fundamental Completo\" data-balloon-pos=\"up\">Operador de M\u00e1quina Classe II<\/span><\/td>\r\n<td class=\"cvagas\">02<\/td>\r\n<td class=\"cremuneracao\">R$ 3.576,09 \/40h<\/td>\r\n<\/tr>\r\n    <\/tbody>\r\n  <\/table>\r\n<\/div>","_medio":"<div>\r\n<table class=\"quadro\">\r\n<thead>\r\n<tr>\r\n<th class=\"hcargo\">Cargo<\/th>\r\n<th class=\"hvagas\">Vagas<\/th>\r\n<th class=\"hremuneracao\">Remunera\u00e7\u00e3o<\/th>\r\n<\/tr>\r\n<\/thead>\r\n    <tbody>\r\n      <td class=\"ccargos\">\r\n<span data-balloon-length=\"medium\" aria-label=\"Ensino M\u00e9dio Completo + Qualifica\u00e7\u00e3o Espec\u00edfica de no m\u00ednimo 80 horas de Educa\u00e7\u00e3o Especial e Inclusiva na Classe Comum\" data-balloon-pos=\"up\">Profissional de Apoio<\/span><\/td>\r\n<td class=\"cvagas\">06<\/td>\r\n<td class=\"cremuneracao\">R$ 3.065,22 \/40h<\/td>\r\n<\/tr><td class=\"ccargos\">\r\n<span data-balloon-length=\"medium\" aria-label=\"Ensino M\u00e9dio Completo\" data-balloon-pos=\"up\">Auxiliar Educacional<\/span><\/td>\r\n<td class=\"cvagas\">CR<\/td>\r\n<td class=\"cremuneracao\">R$ 2.005,16 \/30h<\/td>\r\n<\/tr><td class=\"ccargos\">\r\n<span data-balloon-length=\"medium\" aria-label=\"Ensino M\u00e9dio Completo\" data-balloon-pos=\"up\">Auxiliar de Alimenta\u00e7\u00e3o e Nutri\u00e7\u00e3o<\/span><\/td>\r\n<td class=\"cvagas\">CR<\/td>\r\n<td class=\"cremuneracao\">R$ 1.915,76 \/30h<\/td>\r\n<\/tr><td class=\"ccargos\">\r\n<span data-balloon-length=\"medium\" aria-label=\"Ensino M\u00e9dio Completo\" data-balloon-pos=\"up\">Auxiliar Administrativo<\/span><\/td>\r\n<td class=\"cvagas\">CR<\/td>\r\n<td class=\"cremuneracao\">R$ 3.065,22 \/40h<\/td>\r\n<\/tr>\r\n    <\/tbody>\r\n  <\/table>\r\n<\/div>","_superior":"<div>\r\n<table class=\"quadro\">\r\n<thead>\r\n<tr>\r\n<th class=\"hcargo\">Cargo<\/th>\r\n<th class=\"hvagas\">Vagas<\/th>\r\n<th class=\"hremuneracao\">Remunera\u00e7\u00e3o<\/th>\r\n<\/tr>\r\n<\/thead>\r\n    <tbody>\r\n      <tr>\r\n<td class=\"ccargos\">\r\n<span data-balloon-length=\"medium\" aria-label=\"Superior na \u00e1rea do cargo e registro CRN\" data-balloon-pos=\"up\">Nutricionista (do Quadro T\u00e9cnico Resolu\u00e7\u00e3o n\u00ba 465\/2010 do CFN \u2013 Art.10)<\/span><\/td>\r\n<td class=\"cvagas\">01<\/td>\r\n<td class=\"cremuneracao\">R$ 5.479,06 \/30h<\/td>\r\n<\/tr><tr>\r\n<td class=\"ccargos\">\r\n<span data-balloon-length=\"medium\" aria-label=\"Superior em pedagogia e especializa\u00e7\u00e3o na \u00e1rea de Psicopedagogia\" data-balloon-pos=\"up\">Psicopedagogo<\/span><\/td>\r\n<td class=\"cvagas\">01<\/td>\r\n<td class=\"cremuneracao\">R$ 5.935,61 \/40h<\/td>\r\n<\/tr><tr>\r\n<td class=\"ccargos\">\r\n<span data-balloon-length=\"medium\" aria-label=\"Licenciatura na \u00e1rea\" data-balloon-pos=\"up\">Professor de Portugu\u00eas<\/span><\/td>\r\n<td class=\"cvagas\">01<\/td>\r\n<td class=\"cremuneracao\">R$ 5.396,01 \/40h<\/td>\r\n<\/tr><tr>\r\n<td class=\"ccargos\">\r\n<span data-balloon-length=\"medium\" aria-label=\"Licenciatura na \u00e1rea\" data-balloon-pos=\"up\">Professor de Portugu\u00eas e Ingl\u00eas<\/span><\/td>\r\n<td class=\"cvagas\">CR<\/td>\r\n<td class=\"cremuneracao\">R$ 5.396,01 \/40h<\/td>\r\n<\/tr><tr>\r\n<td class=\"ccargos\">\r\n<span data-balloon-length=\"medium\" aria-label=\"Licenciatura na \u00e1rea\" data-balloon-pos=\"up\">Professor de Ingl\u00eas<\/span><\/td>\r\n<td class=\"cvagas\">01<\/td>\r\n<td class=\"cremuneracao\">R$ 5.396,01 \/40h<\/td>\r\n<\/tr><tr>\r\n<td class=\"ccargos\">\r\n<span data-balloon-length=\"medium\" aria-label=\"Licenciatura na \u00e1rea\" data-balloon-pos=\"up\">Professor de Hist\u00f3ria<\/span><\/td>\r\n<td class=\"cvagas\">CR<\/td>\r\n<td class=\"cremuneracao\">R$ 5.396,01 \/40h<\/td>\r\n<\/tr><tr>\r\n<td class=\"ccargos\">\r\n<span data-balloon-length=\"medium\" aria-label=\"Licenciatura na \u00e1rea\" data-balloon-pos=\"up\">Professor de Ci\u00eancias<\/span><\/td>\r\n<td class=\"cvagas\">01<\/td>\r\n<td class=\"cremuneracao\">R$ 4.047,00 \/30h<\/td>\r\n<\/tr><tr>\r\n<td class=\"ccargos\">\r\n<span data-balloon-length=\"medium\" aria-label=\"Licenciatura na \u00e1rea\" data-balloon-pos=\"up\">Professor de Filosofia<\/span><\/td>\r\n<td class=\"cvagas\">CR<\/td>\r\n<td class=\"cremuneracao\">R$ 5.396,01 \/40h<\/td>\r\n<\/tr>\r\n    <\/tbody>\r\n  <\/table>\r\n<\/div>"},"_links":{"self":[{"href":"https:\/\/www.agrobase.com.br\/concursos\/wp-json\/wp\/v2\/posts\/274784","targetHints":{"allow":["GET"]}}],"collection":[{"href":"https:\/\/www.agrobase.com.br\/concursos\/wp-json\/wp\/v2\/posts"}],"about":[{"href":"https:\/\/www.agrobase.com.br\/concursos\/wp-json\/wp\/v2\/types\/post"}],"author":[{"embeddable":true,"href":"https:\/\/www.agrobase.com.br\/concursos\/wp-json\/wp\/v2\/users\/5229"}],"replies":[{"embeddable":true,"href":"https:\/\/www.agrobase.com.br\/concursos\/wp-json\/wp\/v2\/comments?post=274784"}],"version-history":[{"count":2,"href":"https:\/\/www.agrobase.com.br\/concursos\/wp-json\/wp\/v2\/posts\/274784\/revisions"}],"predecessor-version":[{"id":274844,"href":"https:\/\/www.agrobase.com.br\/concursos\/wp-json\/wp\/v2\/posts\/274784\/revisions\/274844"}],"wp:featuredmedia":[{"embeddable":true,"href":"https:\/\/www.agrobase.com.br\/concursos\/wp-json\/wp\/v2\/media\/274783"}],"wp:attachment":[{"href":"https:\/\/www.agrobase.com.br\/concursos\/wp-json\/wp\/v2\/media?parent=274784"}],"wp:term":[{"taxonomy":"category","embeddable":true,"href":"https:\/\/www.agrobase.com.br\/concursos\/wp-json\/wp\/v2\/categories?post=274784"},{"taxonomy":"post_tag","embeddable":true,"href":"https:\/\/www.agrobase.com.br\/concursos\/wp-json\/wp\/v2\/tags?post=274784"},{"taxonomy":"_amplo","embeddable":true,"href":"https:\/\/www.agrobase.com.br\/concursos\/wp-json\/wp\/v2\/_amplo?post=274784"},{"taxonomy":"destaque","embeddable":true,"href":"https:\/\/www.agrobase.com.br\/concursos\/wp-json\/wp\/v2\/destaque?post=274784"},{"taxonomy":"instituicoes","embeddable":true,"href":"https:\/\/www.agrobase.com.br\/concursos\/wp-json\/wp\/v2\/instituicoes?post=274784"}],"curies":[{"name":"wp","href":"https:\/\/api.w.org\/{rel}","templated":true}]}}