{"id":274721,"date":"2025-12-05T07:20:15","date_gmt":"2025-12-05T10:20:15","guid":{"rendered":"https:\/\/www.agrobase.com.br\/concursos\/?p=274721"},"modified":"2025-12-04T14:00:36","modified_gmt":"2025-12-04T17:00:36","slug":"prefeitura-cerro-azul-pr-selecao-simplificada-08-2025","status":"publish","type":"post","link":"https:\/\/www.agrobase.com.br\/concursos\/2025\/prefeitura-cerro-azul-pr-selecao-simplificada-08-2025\/","title":{"rendered":"Prefeitura Cerro Azul (PR) &#8211; Sele\u00e7\u00e3o Simplificada 08\/2025"},"content":{"rendered":"<h2>Informa\u00e7\u00f5es Gerais<\/h2>\n<p>A <strong>Prefeitura Municipal de Cerro Azul<\/strong>, no estado do Paran\u00e1, torna p\u00fablica a abertura do <strong>Processo Seletivo Simplificado (PSS) n\u00ba 008\/2025<\/strong>. O certame tem como objetivo a contrata\u00e7\u00e3o tempor\u00e1ria e a forma\u00e7\u00e3o de cadastro reserva de profissionais para atender \u00e0s demandas urgentes da Secretaria Municipal de Sa\u00fade.<\/p>\n<p>As oportunidades contemplam candidatos com n\u00edveis de escolaridade <strong>m\u00e9dio\/t\u00e9cnico e superior<\/strong>. Os aprovados ser\u00e3o contratados sob o regime da Consolida\u00e7\u00e3o das Leis do Trabalho (CLT), por prazo determinado, garantindo os direitos e vantagens previstos na legisla\u00e7\u00e3o vigente.<\/p>\n<p>Entre as \u00e1reas contempladas, destacam-se vagas para profissionais da sa\u00fade, incluindo oportunidades espec\u00edficas para <strong>Nutri\u00e7\u00e3o<\/strong>, al\u00e9m de Medicina, Enfermagem, Farm\u00e1cia e Terapias. Confira a seguir os detalhes sobre prazos, etapas e requisitos para participar desta sele\u00e7\u00e3o.<\/p>\n<h2>Inscri\u00e7\u00f5es<\/h2>\n<p>As inscri\u00e7\u00f5es para o Processo Seletivo Simplificado de Cerro Azul devem ser realizadas exclusivamente via internet, atrav\u00e9s de formul\u00e1rio eletr\u00f4nico espec\u00edfico. O per\u00edodo de participa\u00e7\u00e3o vai do dia <strong>01 a 11 de dezembro de 2025<\/strong>.<\/p>\n<p>O procedimento de inscri\u00e7\u00e3o \u00e9 totalmente digital. O candidato deve preencher os dados solicitados e, obrigatoriamente, anexar a documenta\u00e7\u00e3o comprobat\u00f3ria (t\u00edtulos e documentos pessoais) digitalizada em formato PDF no pr\u00f3prio formul\u00e1rio. \u00c9 fundamental que o candidato possua uma conta Google para acessar o sistema e enviar os arquivos.<\/p>\n<p>N\u00e3o h\u00e1 men\u00e7\u00e3o expl\u00edcita de cobran\u00e7a de taxa de inscri\u00e7\u00e3o no edital fornecido, sendo o processo realizado diretamente pelo formul\u00e1rio da Secretaria Municipal de Sa\u00fade. Recomendamos a leitura atenta do edital para conferir a lista completa de documentos exigidos para a pontua\u00e7\u00e3o na an\u00e1lise curricular.<\/p>\n<h2>Etapas e Provas<\/h2>\n<p>A avalia\u00e7\u00e3o dos candidatos inscritos no PSS da Prefeitura de Cerro Azul ser\u00e1 realizada em etapa \u00fanica, constitu\u00edda por <strong>Prova de T\u00edtulos e An\u00e1lise Curricular<\/strong>, de car\u00e1ter classificat\u00f3rio. Esta etapa visa pontuar a qualifica\u00e7\u00e3o e a experi\u00eancia profissional dos participantes.<\/p>\n<p>Os crit\u00e9rios de pontua\u00e7\u00e3o variam de acordo com o n\u00edvel de escolaridade do cargo:<\/p>\n<ul>\n<li><strong>N\u00edvel Superior:<\/strong> Pontua\u00e7\u00e3o para Doutorado, Mestrado, Especializa\u00e7\u00e3o na \u00e1rea de sa\u00fade, cursos de aperfei\u00e7oamento\/atualiza\u00e7\u00e3o e tempo de experi\u00eancia profissional.<\/li>\n<li><strong>N\u00edvel M\u00e9dio\/T\u00e9cnico:<\/strong> Pontua\u00e7\u00e3o para cursos de aperfei\u00e7oamento\/atualiza\u00e7\u00e3o na \u00e1rea correlata e tempo de exerc\u00edcio da profiss\u00e3o.<\/li>\n<\/ul>\n<p>Ser\u00e3o considerados v\u00e1lidos apenas os certificados de cursos realizados nos \u00faltimos 5 anos e experi\u00eancias profissionais dos \u00faltimos 10 anos. Para detalhes sobre a tabela de pontos e documentos aceitos, \u00e9 imprescind\u00edvel consultar o edital completo.<\/p>\n<h2>Resultados e Gabarito<\/h2>\n<p>O cronograma do processo seletivo \u00e9 c\u00e9lere. A divulga\u00e7\u00e3o do deferimento das inscri\u00e7\u00f5es est\u00e1 prevista para o dia 12 de dezembro de 2025. J\u00e1 o <strong>resultado final e a classifica\u00e7\u00e3o<\/strong> devem ser publicados no dia <strong>19 de dezembro de 2025<\/strong>.<\/p>\n<p>Em caso de empate na pontua\u00e7\u00e3o final, ter\u00e3o prefer\u00eancia os candidatos com maior idade (conforme o Estatuto do Idoso), seguidos por aqueles com maior nota em aperfei\u00e7oamento profissional, atualiza\u00e7\u00e3o profissional e experi\u00eancia profissional, sucessivamente.<\/p>\n<p>Todas as publica\u00e7\u00f5es oficiais, incluindo convoca\u00e7\u00f5es e homologa\u00e7\u00f5es, ser\u00e3o disponibilizadas no site oficial da Prefeitura de Cerro Azul e no Di\u00e1rio Oficial dos Munic\u00edpios do Paran\u00e1. \u00c9 de inteira responsabilidade do candidato acompanhar as atualiza\u00e7\u00f5es do certame nos canais oficiais.<\/p>\n","protected":false},"excerpt":{"rendered":"<p>PSS Pref. Cerro Azul (PR) com edital publicado! Vagas p\/ Aux. Enfermagem e M\u00e9dico (T\u00e9c.\/Sup.). Inscri\u00e7\u00f5es a partir de 01\/12. Sal\u00e1rios at\u00e9 R$20,4k. Confira!<\/p>\n","protected":false},"author":5229,"featured_media":274720,"comment_status":"open","ping_status":"open","sticky":false,"template":"","format":"standard","meta":{"_acf_changed":false,"_breakdance_hide_in_design_set":false,"_breakdance_tags":"","footnotes":""},"categories":[17,19,21,23,108,134],"tags":[52],"_amplo":[],"destaque":[],"instituicoes":[],"class_list":["post-274721","post","type-post","status-publish","format-standard","has-post-thumbnail","hentry","category-farmacia","category-fonoaudiologia","category-medicina","category-nutricao","category-tecnico-enfermagem","category-terapia-ocupacional","tag-parana"],"acf":{"_tipo_vagas":"vagas","_numero_vagas":"","_quadro_vagas":"","_cargos":"diversos","_cargos_especificos":"","_salario_max":"R$ 20420","_abertura":"20251201","_encerramento":"20251211","_inscricoes":"https:\/\/forms.gle\/4b24TBKR9bC7D4239","_executora_concurso":"","_instituicao_concurso":[],"_link_adicional":null,"_anexos":null,"_produtos":null,"_vagas":"CR","_salario_min":"R$ 3009.62","_instituicao":"Prefeitura Cerro Azul","_edital":"https:\/\/www.agrobase.com.br\/concursos\/wp-content\/uploads\/sites\/4\/2025\/12\/edital-08-2025-prefeitura-cerro-azul-pr.pdf","_anexos_edital":"","_fund_incompleto":"","_fund_completo":"","_medio":"<div>\r\n<table class=\"quadro\">\r\n<thead>\r\n<tr>\r\n<th class=\"hcargo\">Cargo<\/th>\r\n<th class=\"hvagas\">Vagas<\/th>\r\n<th class=\"hremuneracao\">Remunera\u00e7\u00e3o<\/th>\r\n<\/tr>\r\n<\/thead>\r\n    <tbody>\r\n      <td class=\"ccargos\">\r\n<span data-balloon-length=\"medium\" aria-label=\"Curso de forma\u00e7\u00e3o na \u00e1rea espec\u00edfica e registro no Conselho Regional de Classe ativo\" data-balloon-pos=\"up\">AUXILIAR DE ENFERMAGEM<\/span><\/td>\r\n<td class=\"cvagas\">CR<\/td>\r\n<td class=\"cremuneracao\">R$ 3.009,62 \/40h<\/td>\r\n<\/tr><td class=\"ccargos\">\r\n<span data-balloon-length=\"medium\" aria-label=\"Curso de forma\u00e7\u00e3o na \u00e1rea espec\u00edfica e registro no Conselho Regional de Classe ativo\" data-balloon-pos=\"up\">T\u00c9CNICO DE ENFERMAGEM<\/span><\/td>\r\n<td class=\"cvagas\">CR<\/td>\r\n<td class=\"cremuneracao\">R$ 3.791,90 \/40h<\/td>\r\n<\/tr>\r\n    <\/tbody>\r\n  <\/table>\r\n<\/div>","_superior":"<div>\r\n<table class=\"quadro\">\r\n<thead>\r\n<tr>\r\n<th class=\"hcargo\">Cargo<\/th>\r\n<th class=\"hvagas\">Vagas<\/th>\r\n<th class=\"hremuneracao\">Remunera\u00e7\u00e3o<\/th>\r\n<\/tr>\r\n<\/thead>\r\n    <tbody>\r\n      <tr>\r\n<td class=\"ccargos\">\r\n<span data-balloon-length=\"medium\" aria-label=\"Curso de gradua\u00e7\u00e3o na \u00e1rea espec\u00edfica e registro no Conselho Regional de Classe ativo\" data-balloon-pos=\"up\">FARMAC\u00caUTICO<\/span><\/td>\r\n<td class=\"cvagas\">CR<\/td>\r\n<td class=\"cremuneracao\">R$ 6.300,00 \/40h<\/td>\r\n<\/tr><tr>\r\n<td class=\"ccargos\">\r\n<span data-balloon-length=\"medium\" aria-label=\"Curso de gradua\u00e7\u00e3o na \u00e1rea espec\u00edfica e registro no Conselho Regional de Classe ativo\" data-balloon-pos=\"up\">FONOAUDI\u00d3LOGO<\/span><\/td>\r\n<td class=\"cvagas\">CR<\/td>\r\n<td class=\"cremuneracao\">R$ 4.500,00 \/40h<\/td>\r\n<\/tr><tr>\r\n<td class=\"ccargos\">\r\n<span data-balloon-length=\"medium\" aria-label=\"Curso de gradua\u00e7\u00e3o na \u00e1rea espec\u00edfica e registro no Conselho Regional de Classe ativo\" data-balloon-pos=\"up\">M\u00c9DICO<\/span><\/td>\r\n<td class=\"cvagas\">CR<\/td>\r\n<td class=\"cremuneracao\">R$ 20.420,00 \/40h<\/td>\r\n<\/tr><tr>\r\n<td class=\"ccargos\">\r\n<span data-balloon-length=\"medium\" aria-label=\"Curso de gradua\u00e7\u00e3o na \u00e1rea espec\u00edfica e registro no Conselho Regional de Classe ativo\" data-balloon-pos=\"up\">NUTRICIONISTA<\/span><\/td>\r\n<td class=\"cvagas\">CR<\/td>\r\n<td class=\"cremuneracao\">R$ 4.500,00 \/40h<\/td>\r\n<\/tr><tr>\r\n<td class=\"ccargos\">\r\n<span data-balloon-length=\"medium\" aria-label=\"Curso de gradua\u00e7\u00e3o na \u00e1rea espec\u00edfica e registro no Conselho Regional de Classe ativo\" data-balloon-pos=\"up\">TERAPEUTA OCUPACIONAL<\/span><\/td>\r\n<td class=\"cvagas\">CR<\/td>\r\n<td class=\"cremuneracao\">R$ 6.300,00 \/30h<\/td>\r\n<\/tr>\r\n    <\/tbody>\r\n  <\/table>\r\n<\/div>"},"_links":{"self":[{"href":"https:\/\/www.agrobase.com.br\/concursos\/wp-json\/wp\/v2\/posts\/274721","targetHints":{"allow":["GET"]}}],"collection":[{"href":"https:\/\/www.agrobase.com.br\/concursos\/wp-json\/wp\/v2\/posts"}],"about":[{"href":"https:\/\/www.agrobase.com.br\/concursos\/wp-json\/wp\/v2\/types\/post"}],"author":[{"embeddable":true,"href":"https:\/\/www.agrobase.com.br\/concursos\/wp-json\/wp\/v2\/users\/5229"}],"replies":[{"embeddable":true,"href":"https:\/\/www.agrobase.com.br\/concursos\/wp-json\/wp\/v2\/comments?post=274721"}],"version-history":[{"count":2,"href":"https:\/\/www.agrobase.com.br\/concursos\/wp-json\/wp\/v2\/posts\/274721\/revisions"}],"predecessor-version":[{"id":274742,"href":"https:\/\/www.agrobase.com.br\/concursos\/wp-json\/wp\/v2\/posts\/274721\/revisions\/274742"}],"wp:featuredmedia":[{"embeddable":true,"href":"https:\/\/www.agrobase.com.br\/concursos\/wp-json\/wp\/v2\/media\/274720"}],"wp:attachment":[{"href":"https:\/\/www.agrobase.com.br\/concursos\/wp-json\/wp\/v2\/media?parent=274721"}],"wp:term":[{"taxonomy":"category","embeddable":true,"href":"https:\/\/www.agrobase.com.br\/concursos\/wp-json\/wp\/v2\/categories?post=274721"},{"taxonomy":"post_tag","embeddable":true,"href":"https:\/\/www.agrobase.com.br\/concursos\/wp-json\/wp\/v2\/tags?post=274721"},{"taxonomy":"_amplo","embeddable":true,"href":"https:\/\/www.agrobase.com.br\/concursos\/wp-json\/wp\/v2\/_amplo?post=274721"},{"taxonomy":"destaque","embeddable":true,"href":"https:\/\/www.agrobase.com.br\/concursos\/wp-json\/wp\/v2\/destaque?post=274721"},{"taxonomy":"instituicoes","embeddable":true,"href":"https:\/\/www.agrobase.com.br\/concursos\/wp-json\/wp\/v2\/instituicoes?post=274721"}],"curies":[{"name":"wp","href":"https:\/\/api.w.org\/{rel}","templated":true}]}}