{"id":274717,"date":"2025-12-05T07:40:16","date_gmt":"2025-12-05T10:40:16","guid":{"rendered":"https:\/\/www.agrobase.com.br\/concursos\/?p=274717"},"modified":"2025-12-04T14:05:14","modified_gmt":"2025-12-04T17:05:14","slug":"prefeitura-riacho-das-almas-pe-concurso-01-2025","status":"publish","type":"post","link":"https:\/\/www.agrobase.com.br\/concursos\/2025\/prefeitura-riacho-das-almas-pe-concurso-01-2025\/","title":{"rendered":"Prefeitura Riacho das Almas (PE) &#8211; Concurso 01\/2025"},"content":{"rendered":"<h2>Informa\u00e7\u00f5es Gerais<\/h2>\n<p>A <strong>Prefeitura de Riacho das Almas<\/strong>, no estado de Pernambuco, publicou o edital de seu novo Concurso P\u00fablico Unificado. Organizado pelo <strong>Instituto Igeduc<\/strong>, o certame visa o provimento imediato de <strong>104 vagas<\/strong>, al\u00e9m da forma\u00e7\u00e3o de cadastro reserva, para cargos de n\u00edveis fundamental, m\u00e9dio\/t\u00e9cnico e superior.<\/p>\n<p>As oportunidades est\u00e3o distribu\u00eddas entre quatro secretarias do Poder Executivo Municipal, abrangendo \u00e1reas vitais como Sa\u00fade, Educa\u00e7\u00e3o, Assist\u00eancia Social e Servi\u00e7os Gerais. Entre os destaques para profissionais de n\u00edvel superior, h\u00e1 vagas para <strong>Nutricionista<\/strong>, al\u00e9m de cargos para Assistente Social, Psic\u00f3logo e Professor.<\/p>\n<p>O regime de contrata\u00e7\u00e3o e a validade do concurso (dois anos, prorrog\u00e1vel por igual per\u00edodo) garantem estabilidade aos futuros servidores. Se voc\u00ea busca uma oportunidade no servi\u00e7o p\u00fablico pernambucano, confira a seguir os detalhes sobre prazos, taxas e etapas de avalia\u00e7\u00e3o.<\/p>\n<h2>Inscri\u00e7\u00f5es<\/h2>\n<p>As inscri\u00e7\u00f5es para o concurso de Riacho das Almas devem ser realizadas exclusivamente pela internet, atrav\u00e9s da <strong>\u00c1rea do Candidato<\/strong> no site do Igeduc. \u00c9 imprescind\u00edvel que o candidato preencha o formul\u00e1rio eletr\u00f4nico com dados corretos e anexe uma foto atual para identifica\u00e7\u00e3o e seguran\u00e7a do certame.<\/p>\n<p>Os valores das taxas de inscri\u00e7\u00e3o variam conforme o n\u00edvel de escolaridade e a complexidade do cargo:<\/p>\n<ul>\n<li><strong>N\u00edvel Fundamental (Auxiliar de Servi\u00e7os Gerais):<\/strong> R$ 86,00;<\/li>\n<li><strong>N\u00edvel M\u00e9dio\/T\u00e9cnico (Auxiliar de Consult\u00f3rio Dent\u00e1rio, Motoristas e T\u00e9cnico de Enfermagem):<\/strong> R$ 105,00;<\/li>\n<li><strong>Agente Comunit\u00e1rio de Sa\u00fade:<\/strong> R$ 125,00;<\/li>\n<li><strong>N\u00edvel Superior (Assistente Social, Educador F\u00edsico, Nutricionista, Professor, Psic\u00f3logo e Psicopedagogo):<\/strong> R$ 140,00.<\/li>\n<\/ul>\n<p>O pagamento deve ser efetuado via boleto banc\u00e1rio ou PIX at\u00e9 a data de vencimento expressa no documento. Candidatos que atendam aos requisitos legais podem solicitar a isen\u00e7\u00e3o da taxa dentro do prazo estipulado no cronograma. Recomendamos a leitura atenta do edital para conferir todas as regras de isen\u00e7\u00e3o e valida\u00e7\u00e3o da inscri\u00e7\u00e3o.<\/p>\n<h2>Etapas e Provas<\/h2>\n<p>O processo seletivo ser\u00e1 composto por diversas etapas, variando de acordo com o cargo pretendido. A etapa comum a todos os candidatos \u00e9 a <strong>Prova Objetiva<\/strong>, de car\u00e1ter eliminat\u00f3rio e classificat\u00f3rio. Esta avalia\u00e7\u00e3o consistir\u00e1 em <strong>50 quest\u00f5es<\/strong> de m\u00faltipla escolha (com 4 alternativas cada), abrangendo conhecimentos gerais e espec\u00edficos.<\/p>\n<p>Al\u00e9m da prova escrita, o certame prev\u00ea fases espec\u00edficas:<\/p>\n<ul>\n<li><strong>Avalia\u00e7\u00e3o de T\u00edtulos:<\/strong> Classificat\u00f3ria, exclusiva para todos os cargos de N\u00edvel Superior.<\/li>\n<li><strong>Prova Did\u00e1tica:<\/strong> Eliminat\u00f3ria e classificat\u00f3ria, destinada aos candidatos ao cargo de Professor da Educa\u00e7\u00e3o Infantil.<\/li>\n<li><strong>Teste Pr\u00e1tico:<\/strong> Eliminat\u00f3rio, aplicado aos cargos de Motorista (Categoria D e D\/E).<\/li>\n<li><strong>Comprova\u00e7\u00e3o de Resid\u00eancia e Curso de Forma\u00e7\u00e3o:<\/strong> Etapas eliminat\u00f3rias espec\u00edficas para o cargo de Agente Comunit\u00e1rio de Sa\u00fade (ACS).<\/li>\n<\/ul>\n<p>A prova objetiva tem dura\u00e7\u00e3o prevista de 4 horas e ser\u00e1 aplicada preferencialmente no munic\u00edpio de Riacho das Almas. Para ser aprovado nesta etapa, o candidato deve obter nota m\u00ednima de 50 pontos e n\u00e3o zerar nenhum m\u00f3dulo de quest\u00f5es. Consulte o edital completo para verificar o conte\u00fado program\u00e1tico detalhado e os crit\u00e9rios de pontua\u00e7\u00e3o de cada fase.<\/p>\n<h2>Resultados e Gabarito<\/h2>\n<p>O cronograma do concurso prev\u00ea a divulga\u00e7\u00e3o dos gabaritos preliminares logo ap\u00f3s a realiza\u00e7\u00e3o das provas, no site do Igeduc. O resultado definitivo da prova objetiva est\u00e1 programado para ser divulgado em fevereiro de 2026, ap\u00f3s a an\u00e1lise dos recursos.<\/p>\n<p>A homologa\u00e7\u00e3o final do concurso, contendo a classifica\u00e7\u00e3o de todos os aprovados ap\u00f3s as etapas pr\u00e1ticas, de t\u00edtulos e cursos de forma\u00e7\u00e3o, est\u00e1 prevista para <strong>12 de agosto de 2026<\/strong>. A convoca\u00e7\u00e3o dos candidatos ser\u00e1 feita por meio de publica\u00e7\u00e3o na imprensa oficial e no site da Prefeitura, podendo tamb\u00e9m ser enviada comunica\u00e7\u00e3o pessoal via telegrama.<\/p>\n<p>Lembramos que \u00e9 de <strong>inteira responsabilidade do candidato<\/strong> acompanhar todas as publica\u00e7\u00f5es, retifica\u00e7\u00f5es e convoca\u00e7\u00f5es referentes ao certame diretamente no site da banca organizadora (Igeduc) e no portal da Prefeitura de Riacho das Almas.<\/p>\n","protected":false},"excerpt":{"rendered":"<p>Concurso Pref. Riacho das Almas (PE) com edital publicado! Vagas p\/ Professor e Agente (Fund. a Sup.). Inscri\u00e7\u00f5es a partir de 11\/11. Confira detalhes!<\/p>\n","protected":false},"author":5229,"featured_media":0,"comment_status":"open","ping_status":"open","sticky":false,"template":"","format":"standard","meta":{"_acf_changed":false,"_breakdance_hide_in_design_set":false,"_breakdance_tags":"","footnotes":""},"categories":[11,23,25,26,101,108,143],"tags":[54],"_amplo":[],"destaque":[],"instituicoes":[],"class_list":["post-274717","post","type-post","status-publish","format-standard","hentry","category-educacao-fisica","category-nutricao","category-pedagogia","category-psicologia","category-servico-social","category-tecnico-enfermagem","category-tecnico-odontologia","tag-pernambuco"],"acf":{"_tipo_vagas":"vagas","_numero_vagas":"","_quadro_vagas":"","_cargos":"diversos","_cargos_especificos":"","_salario_max":"R$ 3650.82","_abertura":"20251111","_encerramento":"20251211","_inscricoes":"https:\/\/igeduc.selecao.net.br\/informacoes\/125","_executora_concurso":"","_instituicao_concurso":[],"_link_adicional":null,"_anexos":null,"_produtos":null,"_vagas":"104 vagas","_salario_min":"R$ 1518","_instituicao":"Prefeitura Riacho das Almas","_edital":"https:\/\/www.agrobase.com.br\/concursos\/wp-content\/uploads\/sites\/4\/2025\/12\/edital-01-2025-prefeitura-riacho-das-almas-pe.pdf","_anexos_edital":"","_fund_incompleto":"","_fund_completo":"<div>\r\n<table class=\"quadro\">\r\n<thead>\r\n<tr>\r\n<th class=\"hcargo\">Cargo<\/th>\r\n<th class=\"hvagas\">Vagas<\/th>\r\n<th class=\"hremuneracao\">Remunera\u00e7\u00e3o<\/th>\r\n<\/tr>\r\n<\/thead>\r\n    <tbody>\r\n      <td class=\"ccargos\">\r\n<span data-balloon-length=\"medium\" aria-label=\"Possuir Ensino Fundamental completo no momento da posse.\" data-balloon-pos=\"up\">Auxiliar de Servi\u00e7os Gerais<\/span><\/td>\r\n<td class=\"cvagas\">02<\/td>\r\n<td class=\"cremuneracao\">R$ 1.518,00 \/40h<\/td>\r\n<\/tr><td class=\"ccargos\">\r\n<span data-balloon-length=\"medium\" aria-label=\"Possuir Ensino Fundamental completo no momento da posse.\" data-balloon-pos=\"up\">Auxiliar de Servi\u00e7os Gerais<\/span><\/td>\r\n<td class=\"cvagas\">07<\/td>\r\n<td class=\"cremuneracao\">R$ 1.518,00 \/40h<\/td>\r\n<\/tr>\r\n    <\/tbody>\r\n  <\/table>\r\n<\/div>","_medio":"<div>\r\n<table class=\"quadro\">\r\n<thead>\r\n<tr>\r\n<th class=\"hcargo\">Cargo<\/th>\r\n<th class=\"hvagas\">Vagas<\/th>\r\n<th class=\"hremuneracao\">Remunera\u00e7\u00e3o<\/th>\r\n<\/tr>\r\n<\/thead>\r\n    <tbody>\r\n      <td class=\"ccargos\">\r\n<span data-balloon-length=\"medium\" aria-label=\"Possuir Ensino M\u00e9dio completo, Carteira Nacional de Habilita\u00e7\u00e3o na categoria D e curso completo de Motorista de Transporte Escolar no momento da posse.\" data-balloon-pos=\"up\">Motorista de Categoria D<\/span><\/td>\r\n<td class=\"cvagas\">08<\/td>\r\n<td class=\"cremuneracao\">R$ 1.518,00 \/40h<\/td>\r\n<\/tr><td class=\"ccargos\">\r\n<span data-balloon-length=\"medium\" aria-label=\"Possuir Ensino M\u00e9dio completo; comprovar resid\u00eancia na \u00e1rea da comunidade em que ir\u00e1 atuar, desde a data de publica\u00e7\u00e3o do edital do concurso p\u00fablico (art. 6\u00ba, inc. I, da Lei n\u00ba 11.350\/2006); e concluir o Curso de Forma\u00e7\u00e3o, com carga hor\u00e1ria m\u00ednima de 40 (quarenta) horas, no momento da posse.\" data-balloon-pos=\"up\">Agente Comunit\u00e1rio de Sa\u00fade<\/span><\/td>\r\n<td class=\"cvagas\">09 + CR<\/td>\r\n<td class=\"cremuneracao\">R$ 3.036,00 \/40h<\/td>\r\n<\/tr><td class=\"ccargos\">\r\n<span data-balloon-length=\"medium\" aria-label=\"Possuir Ensino M\u00e9dio completo, curso completo de Auxiliar de Sa\u00fade Bucal (ou equivalente) e registro ativo e regular no Conselho Regional de Odontologia (CRO) no momento da posse.\" data-balloon-pos=\"up\">Auxiliar de Consult\u00f3rio Dent\u00e1rio<\/span><\/td>\r\n<td class=\"cvagas\">04<\/td>\r\n<td class=\"cremuneracao\">R$ 1.518,00 \/40h<\/td>\r\n<\/tr><td class=\"ccargos\">\r\n<span data-balloon-length=\"medium\" aria-label=\"Possuir Ensino M\u00e9dio completo, Carteira Nacional de Habilita\u00e7\u00e3o na categoria \u201cD\u201d ou \u201cE\u201d e curso completo de condutor de ambul\u00e2ncia no momento da posse.\" data-balloon-pos=\"up\">Motorista D ou E<\/span><\/td>\r\n<td class=\"cvagas\">03<\/td>\r\n<td class=\"cremuneracao\">R$ 1.518,00 \/40h<\/td>\r\n<\/tr><td class=\"ccargos\">\r\n<span data-balloon-length=\"medium\" aria-label=\"Possuir curso T\u00e9cnico em Enfermagem completo e registro ativo e regular no Conselho Regional de Enfermagem (COREN) no momento da posse.\" data-balloon-pos=\"up\">T\u00e9cnico de Enfermagem da ESF<\/span><\/td>\r\n<td class=\"cvagas\">02<\/td>\r\n<td class=\"cremuneracao\">R$ 1.518,00 \/40h<\/td>\r\n<\/tr>\r\n    <\/tbody>\r\n  <\/table>\r\n<\/div>","_superior":"<div>\r\n<table class=\"quadro\">\r\n<thead>\r\n<tr>\r\n<th class=\"hcargo\">Cargo<\/th>\r\n<th class=\"hvagas\">Vagas<\/th>\r\n<th class=\"hremuneracao\">Remunera\u00e7\u00e3o<\/th>\r\n<\/tr>\r\n<\/thead>\r\n    <tbody>\r\n      <tr>\r\n<td class=\"ccargos\">\r\n<span data-balloon-length=\"medium\" aria-label=\"Possuir Ensino Superior completo em Servi\u00e7o Social e registro ativo e regular no Conselho Regional de Servi\u00e7o Social (CRESS) no momento da posse.\" data-balloon-pos=\"up\">Assistente Social<\/span><\/td>\r\n<td class=\"cvagas\">04<\/td>\r\n<td class=\"cremuneracao\">R$ 1.518,00 \/30h<\/td>\r\n<\/tr><tr>\r\n<td class=\"ccargos\">\r\n<span data-balloon-length=\"medium\" aria-label=\"Possuir Ensino Superior completo em Psicologia e registro ativo e regular no Conselho Regional de Psicologia (CRP) no momento da posse.\" data-balloon-pos=\"up\">Psic\u00f3logo<\/span><\/td>\r\n<td class=\"cvagas\">02<\/td>\r\n<td class=\"cremuneracao\">R$ 1.518,00 \/30h<\/td>\r\n<\/tr><tr>\r\n<td class=\"ccargos\">\r\n<span data-balloon-length=\"medium\" aria-label=\"Possuir Ensino Superior completo em Servi\u00e7o Social e registro ativo e regular no Conselho Regional de Servi\u00e7o Social (CRESS) no momento da posse.\" data-balloon-pos=\"up\">Assistente Social<\/span><\/td>\r\n<td class=\"cvagas\">04<\/td>\r\n<td class=\"cremuneracao\">R$ 1.518,00 \/30h<\/td>\r\n<\/tr><tr>\r\n<td class=\"ccargos\">\r\n<span data-balloon-length=\"medium\" aria-label=\"Possuir Ensino Superior completo em Nutri\u00e7\u00e3o e registro ativo e regular no Conselho Regional de Nutricionistas no momento da posse.\" data-balloon-pos=\"up\">Nutricionista<\/span><\/td>\r\n<td class=\"cvagas\">02<\/td>\r\n<td class=\"cremuneracao\">R$ 1.518,00 \/30h<\/td>\r\n<\/tr><tr>\r\n<td class=\"ccargos\">\r\n<span data-balloon-length=\"medium\" aria-label=\"Possuir Diploma, devidamente registrado, de conclus\u00e3o de ensino superior completo de licenciatura em pedagogia, expedido por institui\u00e7\u00e3o de ensino reconhecida pelo MEC (ou Certificado, Declara\u00e7\u00e3o de Conclus\u00e3o de Curso Acompanhado de Hist\u00f3rico Escolar) no momento da posse.\" data-balloon-pos=\"up\">Professor da Educa\u00e7\u00e3o Infantil<\/span><\/td>\r\n<td class=\"cvagas\">48<\/td>\r\n<td class=\"cremuneracao\">R$ 3.650,82 \/37.5h<\/td>\r\n<\/tr><tr>\r\n<td class=\"ccargos\">\r\n<span data-balloon-length=\"medium\" aria-label=\"Possuir Ensino Superior completo em Psicologia e registro ativo e regular no Conselho Regional de Psicologia (CRP) no momento da posse.\" data-balloon-pos=\"up\">Psic\u00f3logo<\/span><\/td>\r\n<td class=\"cvagas\">06<\/td>\r\n<td class=\"cremuneracao\">R$ 1.518,00 \/30h<\/td>\r\n<\/tr><tr>\r\n<td class=\"ccargos\">\r\n<span data-balloon-length=\"medium\" aria-label=\"Possuir Ensino Superior completo em Psicopedagogia ou em Pedagogia ou Psicologia com especializa\u00e7\u00e3o em Psicopedagogia no momento da posse.\" data-balloon-pos=\"up\">Psicopedagogo<\/span><\/td>\r\n<td class=\"cvagas\">02<\/td>\r\n<td class=\"cremuneracao\">R$ 1.518,00 \/40h<\/td>\r\n<\/tr><tr>\r\n<td class=\"ccargos\">\r\n<span data-balloon-length=\"medium\" aria-label=\"Possuir Ensino Superior completo em Educa\u00e7\u00e3o F\u00edsica (Bacharelado) e registro ativo e regular no Conselho Regional de Educa\u00e7\u00e3o F\u00edsica (CREF) no momento da posse.\" data-balloon-pos=\"up\">Educador F\u00edsico<\/span><\/td>\r\n<td class=\"cvagas\">01<\/td>\r\n<td class=\"cremuneracao\">R$ 1.518,00 \/40h<\/td>\r\n<\/tr>\r\n    <\/tbody>\r\n  <\/table>\r\n<\/div>"},"_links":{"self":[{"href":"https:\/\/www.agrobase.com.br\/concursos\/wp-json\/wp\/v2\/posts\/274717","targetHints":{"allow":["GET"]}}],"collection":[{"href":"https:\/\/www.agrobase.com.br\/concursos\/wp-json\/wp\/v2\/posts"}],"about":[{"href":"https:\/\/www.agrobase.com.br\/concursos\/wp-json\/wp\/v2\/types\/post"}],"author":[{"embeddable":true,"href":"https:\/\/www.agrobase.com.br\/concursos\/wp-json\/wp\/v2\/users\/5229"}],"replies":[{"embeddable":true,"href":"https:\/\/www.agrobase.com.br\/concursos\/wp-json\/wp\/v2\/comments?post=274717"}],"version-history":[{"count":2,"href":"https:\/\/www.agrobase.com.br\/concursos\/wp-json\/wp\/v2\/posts\/274717\/revisions"}],"predecessor-version":[{"id":274745,"href":"https:\/\/www.agrobase.com.br\/concursos\/wp-json\/wp\/v2\/posts\/274717\/revisions\/274745"}],"wp:attachment":[{"href":"https:\/\/www.agrobase.com.br\/concursos\/wp-json\/wp\/v2\/media?parent=274717"}],"wp:term":[{"taxonomy":"category","embeddable":true,"href":"https:\/\/www.agrobase.com.br\/concursos\/wp-json\/wp\/v2\/categories?post=274717"},{"taxonomy":"post_tag","embeddable":true,"href":"https:\/\/www.agrobase.com.br\/concursos\/wp-json\/wp\/v2\/tags?post=274717"},{"taxonomy":"_amplo","embeddable":true,"href":"https:\/\/www.agrobase.com.br\/concursos\/wp-json\/wp\/v2\/_amplo?post=274717"},{"taxonomy":"destaque","embeddable":true,"href":"https:\/\/www.agrobase.com.br\/concursos\/wp-json\/wp\/v2\/destaque?post=274717"},{"taxonomy":"instituicoes","embeddable":true,"href":"https:\/\/www.agrobase.com.br\/concursos\/wp-json\/wp\/v2\/instituicoes?post=274717"}],"curies":[{"name":"wp","href":"https:\/\/api.w.org\/{rel}","templated":true}]}}