{"id":274709,"date":"2025-12-05T07:35:31","date_gmt":"2025-12-05T10:35:31","guid":{"rendered":"https:\/\/www.agrobase.com.br\/concursos\/?p=274709"},"modified":"2025-12-04T14:03:51","modified_gmt":"2025-12-04T17:03:51","slug":"prefeitura-ivate-pr-concurso-001-2025","status":"publish","type":"post","link":"https:\/\/www.agrobase.com.br\/concursos\/2025\/prefeitura-ivate-pr-concurso-001-2025\/","title":{"rendered":"Prefeitura Ivat\u00e9 (PR) &#8211; Concurso 001\/2025"},"content":{"rendered":"<h2>Informa\u00e7\u00f5es Gerais<\/h2>\n<p>O <strong>Munic\u00edpio de Ivat\u00e9<\/strong>, no estado do Paran\u00e1, torna p\u00fablica a realiza\u00e7\u00e3o de seu novo Concurso P\u00fablico, regido pelo <strong>Edital n\u00ba 001\/2025<\/strong>. Sob a organiza\u00e7\u00e3o da Universidade Estadual do Oeste do Paran\u00e1 (UNIOESTE\/COGEPS), o certame tem como objetivo o provimento de <strong>30 vagas imediatas<\/strong>, al\u00e9m da forma\u00e7\u00e3o de cadastro de reserva, para cargos efetivos sob o regime Estatut\u00e1rio.<\/p>\n<p>As oportunidades contemplam candidatos com n\u00edveis de escolaridade <strong>M\u00e9dio, T\u00e9cnico e Superior<\/strong>, oferecendo remunera\u00e7\u00f5es iniciais que variam de <strong>R$ 1.987,93 a R$ 18.804,96<\/strong>. As vagas est\u00e3o distribu\u00eddas entre setores administrativos, educacionais e de sa\u00fade. Merece destaque a oportunidade para <strong>M\u00e9dico Veterin\u00e1rio<\/strong>, carreira de grande relev\u00e2ncia para a gest\u00e3o p\u00fablica local.<\/p>\n<p>Com validade de dois anos, prorrog\u00e1vel por igual per\u00edodo, esta \u00e9 uma excelente chance para quem busca estabilidade no servi\u00e7o p\u00fablico paranaense. Confira a seguir os detalhes sobre prazos, etapas e requisitos.<\/p>\n<h2>Inscri\u00e7\u00f5es<\/h2>\n<p>As inscri\u00e7\u00f5es para o Concurso P\u00fablico de Ivat\u00e9 &#8211; PR devem ser realizadas exclusivamente pela internet, no site da banca organizadora <strong>UNIOESTE\/COGEPS<\/strong>. O per\u00edodo para cadastro inicia-se em <strong>07 de novembro de 2025<\/strong> e segue aberto at\u00e9 o dia <strong>11 de dezembro de 2025<\/strong>.<\/p>\n<p>Para efetivar a participa\u00e7\u00e3o, o candidato deve preencher o formul\u00e1rio online e emitir a guia de recolhimento. \u00c9 fundamental que o pagamento da taxa seja efetuado dentro do prazo de vencimento estabelecido no boleto banc\u00e1rio, respeitando o hor\u00e1rio de compensa\u00e7\u00e3o. O edital prev\u00ea a possibilidade de isen\u00e7\u00e3o da taxa para candidatos que atendam aos requisitos legais especificados no regulamento completo.<\/p>\n<p>Vale ressaltar que \u00e9 permitida apenas uma inscri\u00e7\u00e3o por per\u00edodo de aplica\u00e7\u00e3o de prova (manh\u00e3 ou tarde). Caso o candidato realize mais de uma inscri\u00e7\u00e3o para o mesmo turno, ser\u00e1 considerada v\u00e1lida apenas a \u00faltima efetivada. Ap\u00f3s o pagamento, recomenda-se acompanhar a homologa\u00e7\u00e3o da inscri\u00e7\u00e3o na \u00e1rea restrita do candidato.<\/p>\n<p>Para conferir os valores das taxas e as regras detalhadas para isen\u00e7\u00e3o, a leitura integral do edital \u00e9 indispens\u00e1vel.<\/p>\n<h2>Etapas e Provas<\/h2>\n<p>O processo seletivo ser\u00e1 composto por etapas distintas, variando conforme o cargo pretendido. A principal fase \u00e9 a <strong>Prova Objetiva (PO)<\/strong>, de car\u00e1ter eliminat\u00f3rio e classificat\u00f3rio, agendada para o dia <strong>18 de janeiro de 2026<\/strong>. O exame ter\u00e1 dura\u00e7\u00e3o m\u00e1xima de 3 horas e ser\u00e1 estruturado da seguinte forma:<\/p>\n<ul>\n<li><strong>N\u00edvel M\u00e9dio e Magist\u00e9rio:<\/strong> 35 quest\u00f5es de m\u00faltipla escolha (4 alternativas).<\/li>\n<li><strong>N\u00edvel Superior:<\/strong> 40 quest\u00f5es de m\u00faltipla escolha (4 alternativas).<\/li>\n<\/ul>\n<p>Para ser aprovado nesta etapa, o candidato deve obter uma nota m\u00ednima de <strong>50,00 pontos<\/strong>. Al\u00e9m da prova te\u00f3rica, haver\u00e1 <strong>Avalia\u00e7\u00e3o de T\u00edtulos (AT)<\/strong>, de car\u00e1ter classificat\u00f3rio, para diversos cargos de n\u00edvel superior e do magist\u00e9rio, incluindo Professor, Advogado, Contador, Enfermeiro, M\u00e9dico, M\u00e9dico Veterin\u00e1rio, entre outros.<\/p>\n<p>Os candidatos aprovados e convocados passar\u00e3o ainda por avalia\u00e7\u00e3o m\u00e9dica e psicol\u00f3gica (eliminat\u00f3ria) para a posse. Recomendamos a consulta ao Anexo III do edital para verificar o conte\u00fado program\u00e1tico e o peso de cada disciplina.<\/p>\n<h2>Resultados e Gabarito<\/h2>\n<p>O acompanhamento dos resultados \u00e9 de responsabilidade exclusiva do candidato e deve ser feito atrav\u00e9s dos sites oficiais do Munic\u00edpio de Ivat\u00e9 e da UNIOESTE\/COGEPS. O <strong>gabarito provis\u00f3rio<\/strong> e os cadernos de prova ser\u00e3o disponibilizados em <strong>19 de janeiro de 2026<\/strong>.<\/p>\n<p>O cronograma prev\u00ea as seguintes datas importantes para a divulga\u00e7\u00e3o de notas:<\/p>\n<ul>\n<li><strong>Resultado da Prova Objetiva:<\/strong> 02 de fevereiro de 2026.<\/li>\n<li><strong>Resultado Definitivo da Avalia\u00e7\u00e3o de T\u00edtulos:<\/strong> 23 de fevereiro de 2026.<\/li>\n<li><strong>Resultado Preliminar Final:<\/strong> 02 de mar\u00e7o de 2026.<\/li>\n<\/ul>\n<p>A classifica\u00e7\u00e3o final ser\u00e1 calculada com base na soma ponderada das etapas (90% Prova Objetiva + 10% T\u00edtulos, quando aplic\u00e1vel). Em caso de empate, ter\u00e3o prefer\u00eancia candidatos com idade igual ou superior a 60 anos, seguidos por aqueles com maiores notas em Conhecimentos Espec\u00edficos, L\u00edngua Portuguesa e Matem\u00e1tica, sucessivamente.<\/p>\n<p>A homologa\u00e7\u00e3o final ser\u00e1 feita por Decreto Municipal. Mantenha seus dados atualizados e acompanhe as publica\u00e7\u00f5es no Di\u00e1rio Oficial para n\u00e3o perder eventuais convoca\u00e7\u00f5es.<\/p>\n","protected":false},"excerpt":{"rendered":"<p>Concurso Pref. Ivat\u00e9 (PR) com edital publicado! Vagas p\/ Agente Adm. e Professor (M\u00e9dio\/Sup.). Inscri\u00e7\u00f5es a partir de 07\/11. Sal\u00e1rios at\u00e9 R$18,8k. Confira detalhes!<\/p>\n","protected":false},"author":5229,"featured_media":274708,"comment_status":"open","ping_status":"open","sticky":false,"template":"","format":"standard","meta":{"_acf_changed":false,"_breakdance_hide_in_design_set":false,"_breakdance_tags":"","footnotes":""},"categories":[3,9,10,117,11,6434,12,17,19,21,22,25,26,101],"tags":[52],"_amplo":[],"destaque":[],"instituicoes":[],"class_list":["post-274709","post","type-post","status-publish","format-standard","has-post-thumbnail","hentry","category-administracao","category-ciencias-contabeis","category-direito","category-economia","category-educacao-fisica","category-educacao-fisica-licenciatura","category-enfermagem","category-farmacia","category-fonoaudiologia","category-medicina","category-veterinaria","category-pedagogia","category-psicologia","category-servico-social","tag-parana"],"acf":{"_tipo_vagas":"vagas","_numero_vagas":"","_quadro_vagas":"","_cargos":"diversos","_cargos_especificos":"","_salario_max":"R$ 18804.96","_abertura":"20251107","_encerramento":"20251211","_inscricoes":"http:\/\/www.unioeste.br\/portal\/cogeps\/correntes","_executora_concurso":"","_instituicao_concurso":[],"_link_adicional":null,"_anexos":null,"_produtos":null,"_vagas":"30 vagas + CR","_salario_min":"R$ 1987.93","_instituicao":"Prefeitura Ivat\u00e9","_edital":"https:\/\/www.agrobase.com.br\/concursos\/wp-content\/uploads\/sites\/4\/2025\/12\/edital-001-2025-prefeitura-ivate-pr.pdf","_anexos_edital":"","_fund_incompleto":"","_fund_completo":"","_medio":"<div>\r\n<table class=\"quadro\">\r\n<thead>\r\n<tr>\r\n<th class=\"hcargo\">Cargo<\/th>\r\n<th class=\"hvagas\">Vagas<\/th>\r\n<th class=\"hremuneracao\">Remunera\u00e7\u00e3o<\/th>\r\n<\/tr>\r\n<\/thead>\r\n    <tbody>\r\n      <td class=\"ccargos\">\r\n<span data-balloon-length=\"medium\" aria-label=\"Ensino M\u00e9dio Completo ou T\u00e9cnico\/Comprovado conhecimento em inform\u00e1tica\" data-balloon-pos=\"up\">AGENTE ADMINISTRATIVO<\/span><\/td>\r\n<td class=\"cvagas\">03 + CR<\/td>\r\n<td class=\"cremuneracao\">R$ 1.987,93 \/40h<\/td>\r\n<\/tr><td class=\"ccargos\">\r\n<span data-balloon-length=\"medium\" aria-label=\"Magist\u00e9rio e\/ou Pedagogia\" data-balloon-pos=\"up\">AUXILIAR EDUCACIONAL<\/span><\/td>\r\n<td class=\"cvagas\">10 + CR<\/td>\r\n<td class=\"cremuneracao\">R$ 2.209,10 \/40h<\/td>\r\n<\/tr><td class=\"ccargos\">\r\n<span data-balloon-length=\"medium\" aria-label=\"Ensino M\u00e9dio na Modalidade Magist\u00e9rio\/Normal Superior e\/ou Pedagogia e suas equival\u00eancias\" data-balloon-pos=\"up\">PROFESSOR DOS ANOS INICIAIS DO ENSINO FUNDAMENTAL<\/span><\/td>\r\n<td class=\"cvagas\">10 + CR<\/td>\r\n<td class=\"cremuneracao\">R$ 2.433,89 \/20h<\/td>\r\n<\/tr><td class=\"ccargos\">\r\n<span data-balloon-length=\"medium\" aria-label=\"Ensino M\u00e9dio na Modalidade Magist\u00e9rio\/Normal Superior e\/ou Pedagogia e suas equival\u00eancias\" data-balloon-pos=\"up\">PROFESSOR EDUCA\u00c7\u00c3O INFANTIL<\/span><\/td>\r\n<td class=\"cvagas\">02 + CR<\/td>\r\n<td class=\"cremuneracao\">R$ 4.867,77 \/40h<\/td>\r\n<\/tr>\r\n    <\/tbody>\r\n  <\/table>\r\n<\/div>","_superior":"<div>\r\n<table class=\"quadro\">\r\n<thead>\r\n<tr>\r\n<th class=\"hcargo\">Cargo<\/th>\r\n<th class=\"hvagas\">Vagas<\/th>\r\n<th class=\"hremuneracao\">Remunera\u00e7\u00e3o<\/th>\r\n<\/tr>\r\n<\/thead>\r\n    <tbody>\r\n      <tr>\r\n<td class=\"ccargos\">\r\n<span data-balloon-length=\"medium\" aria-label=\"Ensino superior completo em Direito e registro na Ordem dos Advogados do Brasil.\" data-balloon-pos=\"up\">ADVOGADO<\/span><\/td>\r\n<td class=\"cvagas\">CR<\/td>\r\n<td class=\"cremuneracao\">R$ 6.832,76 \/20h<\/td>\r\n<\/tr><tr>\r\n<td class=\"ccargos\">\r\n<span data-balloon-length=\"medium\" aria-label=\"Ensino superior completo em Servi\u00e7o Social + Registro no Conselho Regional de Servi\u00e7os Social.\" data-balloon-pos=\"up\">ASSISTENTE SOCIAL<\/span><\/td>\r\n<td class=\"cvagas\">CR<\/td>\r\n<td class=\"cremuneracao\">R$ 4.717,75 \/30h<\/td>\r\n<\/tr><tr>\r\n<td class=\"ccargos\">\r\n<span data-balloon-length=\"medium\" aria-label=\"Superior Completo em Ci\u00eancias Cont\u00e1beis + Registro profissional junto ao Conselho Regional de Contabilidade\" data-balloon-pos=\"up\">CONTADOR<\/span><\/td>\r\n<td class=\"cvagas\">01<\/td>\r\n<td class=\"cremuneracao\">R$ 7.003,56 \/40h<\/td>\r\n<\/tr><tr>\r\n<td class=\"ccargos\">\r\n<span data-balloon-length=\"medium\" aria-label=\"Superior Completo em Enfermagem + Registro profissional junto a Conselho Regional de Enfermagem.\" data-balloon-pos=\"up\">ENFERMEIRO<\/span><\/td>\r\n<td class=\"cvagas\">CR<\/td>\r\n<td class=\"cremuneracao\">R$ 5.080,52 \/40h<\/td>\r\n<\/tr><tr>\r\n<td class=\"ccargos\">\r\n<span data-balloon-length=\"medium\" aria-label=\"Superior Completo em Farm\u00e1cia + Registro profissional junto ao Conselho Regional de Farm\u00e1cia\" data-balloon-pos=\"up\">FARMAC\u00caUTICO 20H<\/span><\/td>\r\n<td class=\"cvagas\">CR<\/td>\r\n<td class=\"cremuneracao\">R$ 2.740,41 \/20h<\/td>\r\n<\/tr><tr>\r\n<td class=\"ccargos\">\r\n<span data-balloon-length=\"medium\" aria-label=\"Superior Completo em Farm\u00e1cia + Registro profissional junto ao Conselho Regional de Farm\u00e1cia\" data-balloon-pos=\"up\">FARMAC\u00caUTICO 40H<\/span><\/td>\r\n<td class=\"cvagas\">01<\/td>\r\n<td class=\"cremuneracao\">R$ 4.717,75 \/40h<\/td>\r\n<\/tr><tr>\r\n<td class=\"ccargos\">\r\n<span data-balloon-length=\"medium\" aria-label=\"Superior Completo em Administra\u00e7\u00e3o, Ci\u00eancias Cont\u00e1beis, Direito, Economia, Gest\u00e3o P\u00fablica + Registro profissional junto ao Conselho de Classe competente\" data-balloon-pos=\"up\">FISCAL TRIBUT\u00c1RIO<\/span><\/td>\r\n<td class=\"cvagas\">01<\/td>\r\n<td class=\"cremuneracao\">R$ 4.274,06 \/40h<\/td>\r\n<\/tr><tr>\r\n<td class=\"ccargos\">\r\n<span data-balloon-length=\"medium\" aria-label=\"Superior Completo em Fonoaudiologia + Registro profissional junto ao Conselho Regional de Fonoaudiologia\" data-balloon-pos=\"up\">FONOAUDI\u00d3LOGO<\/span><\/td>\r\n<td class=\"cvagas\">CR<\/td>\r\n<td class=\"cremuneracao\">R$ 2.740,41 \/20h<\/td>\r\n<\/tr><tr>\r\n<td class=\"ccargos\">\r\n<span data-balloon-length=\"medium\" aria-label=\"Superior Completo em Medicina\/ Registro profissional junto ao Conselho Regional de Medicina\" data-balloon-pos=\"up\">M\u00c9DICO<\/span><\/td>\r\n<td class=\"cvagas\">02<\/td>\r\n<td class=\"cremuneracao\">R$ 18.804,96 \/40h<\/td>\r\n<\/tr><tr>\r\n<td class=\"ccargos\">\r\n<span data-balloon-length=\"medium\" aria-label=\"Superior Completo em Medicina Veterin\u00e1ria + Registro profissional junto ao Conselho Regional de Medicina Veterin\u00e1ria\" data-balloon-pos=\"up\">M\u00c9DICO VETERIN\u00c1RIO<\/span><\/td>\r\n<td class=\"cvagas\">CR<\/td>\r\n<td class=\"cremuneracao\">R$ 2.740,41 \/20h<\/td>\r\n<\/tr><tr>\r\n<td class=\"ccargos\">\r\n<span data-balloon-length=\"medium\" aria-label=\"Licenciatura plena para quem se formou at\u00e9 2008; ou Licenciatura + Bacharelado com o devido registro no Conselho de Classe para os formandos ap\u00f3s o ano de 2009.\" data-balloon-pos=\"up\">PROFISSIONAL DE EDUCA\u00c7\u00c3O F\u00cdSICA<\/span><\/td>\r\n<td class=\"cvagas\">CR<\/td>\r\n<td class=\"cremuneracao\">R$ 2.555,58 \/20h<\/td>\r\n<\/tr><tr>\r\n<td class=\"ccargos\">\r\n<span data-balloon-length=\"medium\" aria-label=\"Superior Completo em Psicologia + Registro profissional junto ao Conselho Regional de Psicologia\" data-balloon-pos=\"up\">PSIC\u00d3LOGO<\/span><\/td>\r\n<td class=\"cvagas\">CR<\/td>\r\n<td class=\"cremuneracao\">R$ 5.337,72 \/40h<\/td>\r\n<\/tr><tr>\r\n<td class=\"ccargos\">\r\n<span data-balloon-length=\"medium\" aria-label=\"Ensino Superior Completo em Psicopedagogia ou Pedagogia e p\u00f3s-gradua\u00e7\u00e3o em Psicopedagogia ou magist\u00e9rio (forma\u00e7\u00e3o de docente n\u00edvel m\u00e9dio) com alguma licenciatura e uma p\u00f3s-gradua\u00e7\u00e3o em Psicopedagogia\" data-balloon-pos=\"up\">PSICOPEDAGOGO<\/span><\/td>\r\n<td class=\"cvagas\">CR<\/td>\r\n<td class=\"cremuneracao\">R$ 2.673,51 \/20h<\/td>\r\n<\/tr>\r\n    <\/tbody>\r\n  <\/table>\r\n<\/div>"},"_links":{"self":[{"href":"https:\/\/www.agrobase.com.br\/concursos\/wp-json\/wp\/v2\/posts\/274709","targetHints":{"allow":["GET"]}}],"collection":[{"href":"https:\/\/www.agrobase.com.br\/concursos\/wp-json\/wp\/v2\/posts"}],"about":[{"href":"https:\/\/www.agrobase.com.br\/concursos\/wp-json\/wp\/v2\/types\/post"}],"author":[{"embeddable":true,"href":"https:\/\/www.agrobase.com.br\/concursos\/wp-json\/wp\/v2\/users\/5229"}],"replies":[{"embeddable":true,"href":"https:\/\/www.agrobase.com.br\/concursos\/wp-json\/wp\/v2\/comments?post=274709"}],"version-history":[{"count":2,"href":"https:\/\/www.agrobase.com.br\/concursos\/wp-json\/wp\/v2\/posts\/274709\/revisions"}],"predecessor-version":[{"id":274744,"href":"https:\/\/www.agrobase.com.br\/concursos\/wp-json\/wp\/v2\/posts\/274709\/revisions\/274744"}],"wp:featuredmedia":[{"embeddable":true,"href":"https:\/\/www.agrobase.com.br\/concursos\/wp-json\/wp\/v2\/media\/274708"}],"wp:attachment":[{"href":"https:\/\/www.agrobase.com.br\/concursos\/wp-json\/wp\/v2\/media?parent=274709"}],"wp:term":[{"taxonomy":"category","embeddable":true,"href":"https:\/\/www.agrobase.com.br\/concursos\/wp-json\/wp\/v2\/categories?post=274709"},{"taxonomy":"post_tag","embeddable":true,"href":"https:\/\/www.agrobase.com.br\/concursos\/wp-json\/wp\/v2\/tags?post=274709"},{"taxonomy":"_amplo","embeddable":true,"href":"https:\/\/www.agrobase.com.br\/concursos\/wp-json\/wp\/v2\/_amplo?post=274709"},{"taxonomy":"destaque","embeddable":true,"href":"https:\/\/www.agrobase.com.br\/concursos\/wp-json\/wp\/v2\/destaque?post=274709"},{"taxonomy":"instituicoes","embeddable":true,"href":"https:\/\/www.agrobase.com.br\/concursos\/wp-json\/wp\/v2\/instituicoes?post=274709"}],"curies":[{"name":"wp","href":"https:\/\/api.w.org\/{rel}","templated":true}]}}