{"id":274700,"date":"2025-12-05T09:48:34","date_gmt":"2025-12-05T12:48:34","guid":{"rendered":"https:\/\/www.agrobase.com.br\/concursos\/?p=274700"},"modified":"2025-12-05T09:48:41","modified_gmt":"2025-12-05T12:48:41","slug":"prefeitura-bocaiuva-do-sul-pr-selecao-simplificada-08-2025","status":"publish","type":"post","link":"https:\/\/www.agrobase.com.br\/concursos\/2025\/prefeitura-bocaiuva-do-sul-pr-selecao-simplificada-08-2025\/","title":{"rendered":"Prefeitura Bocai\u00fava do Sul (PR) &#8211; Sele\u00e7\u00e3o Simplificada 08\/2025"},"content":{"rendered":"<h2>Informa\u00e7\u00f5es Gerais<\/h2>\n<p>A <strong>Prefeitura Municipal de Bocai\u00fava do Sul<\/strong>, no estado do Paran\u00e1, torna p\u00fablica a abertura do <strong>Processo Seletivo Simplificado (PSS) n\u00ba 08\/2025<\/strong>. O certame tem como objetivo a contrata\u00e7\u00e3o tempor\u00e1ria de profissionais, al\u00e9m da forma\u00e7\u00e3o de cadastro reserva, para atender \u00e0 necessidade de excepcional interesse p\u00fablico da administra\u00e7\u00e3o municipal.<\/p>\n<p>As oportunidades contemplam candidatos com n\u00edveis de escolaridade <strong>m\u00e9dio, t\u00e9cnico e superior<\/strong>, oferecendo remunera\u00e7\u00f5es que variam entre <strong>R$ 1.642,75 e R$ 8.342,13<\/strong>. O regime de trabalho ser\u00e1 vinculado ao Regime Geral de Previd\u00eancia Social (RGPS), com contratos por prazo determinado de dois anos, podendo ser prorrogados por igual per\u00edodo.<\/p>\n<p>Entre as diversas fun\u00e7\u00f5es dispon\u00edveis nas \u00e1reas de Sa\u00fade, Educa\u00e7\u00e3o e Assist\u00eancia Social, destacamos a oferta de vagas para <strong>Nutricionista<\/strong>, uma das carreiras de grande relev\u00e2ncia no quadro t\u00e9cnico. Confira a seguir os detalhes sobre prazos, requisitos e etapas de avalia\u00e7\u00e3o.<\/p>\n<h2>Inscri\u00e7\u00f5es<\/h2>\n<p>As inscri\u00e7\u00f5es para o Processo Seletivo Simplificado j\u00e1 est\u00e3o abertas e devem ser realizadas exclusivamente pela internet, atrav\u00e9s de formul\u00e1rio eletr\u00f4nico espec\u00edfico. O per\u00edodo de cadastro segue at\u00e9 \u00e0s 16h do dia <strong>11 de dezembro de 2025<\/strong>.<\/p>\n<p>Um dos grandes diferenciais deste edital \u00e9 que <strong>n\u00e3o haver\u00e1 cobran\u00e7a de taxa de inscri\u00e7\u00e3o<\/strong>, sendo o procedimento totalmente gratuito para todos os cargos. No ato do preenchimento do formul\u00e1rio, o candidato dever\u00e1 anexar c\u00f3pias digitais dos documentos pessoais (RG, CPF, CNH), comprovantes dos requisitos m\u00ednimos para o cargo e a documenta\u00e7\u00e3o necess\u00e1ria para a Prova de T\u00edtulos e Experi\u00eancia Profissional.<\/p>\n<p>\u00c9 importante ressaltar que cada candidato poder\u00e1 se inscrever em apenas uma fun\u00e7\u00e3o. Ap\u00f3s o envio do formul\u00e1rio, n\u00e3o ser\u00e1 permitida a altera\u00e7\u00e3o de dados. Recomendamos a leitura atenta do edital completo para conferir a lista detalhada de documentos exigidos para cada vaga.<\/p>\n<h2>Etapas e Provas<\/h2>\n<p>A sele\u00e7\u00e3o dos candidatos ser\u00e1 realizada por meio de uma <strong>etapa \u00fanica<\/strong>, de car\u00e1ter classificat\u00f3rio e eliminat\u00f3rio, consistente em <strong>Avalia\u00e7\u00e3o de T\u00edtulos e Experi\u00eancia Profissional<\/strong>. N\u00e3o haver\u00e1 aplica\u00e7\u00e3o de provas objetivas ou discursivas para este certame.<\/p>\n<p>A pontua\u00e7\u00e3o m\u00e1xima ser\u00e1 de 100 pontos, sendo necess\u00e1rio atingir a nota m\u00ednima de <strong>50 pontos<\/strong> para obter a classifica\u00e7\u00e3o. A an\u00e1lise considerar\u00e1:<\/p>\n<ul>\n<li><strong>Escolaridade e Aperfei\u00e7oamento Profissional:<\/strong> Diplomas, certificados de especializa\u00e7\u00e3o e cursos na \u00e1rea.<\/li>\n<li><strong>Tempo de Servi\u00e7o:<\/strong> Experi\u00eancia comprovada na fun\u00e7\u00e3o pleiteada (rede p\u00fablica ou privada), mediante apresenta\u00e7\u00e3o de CTPS ou declara\u00e7\u00e3o oficial do \u00f3rg\u00e3o empregador.<\/li>\n<\/ul>\n<p>Os crit\u00e9rios detalhados de pontua\u00e7\u00e3o para cada documento apresentado est\u00e3o descritos na tabela de pontua\u00e7\u00e3o do edital de abertura.<\/p>\n<h2>Resultados e Gabarito<\/h2>\n<p>O cronograma do processo seletivo prev\u00ea uma tramita\u00e7\u00e3o \u00e1gil. A divulga\u00e7\u00e3o das inscri\u00e7\u00f5es deferidas est\u00e1 prevista para o dia 12 de dezembro de 2025. J\u00e1 o <strong>resultado preliminar<\/strong> da classifica\u00e7\u00e3o dever\u00e1 ser publicado em <strong>16 de dezembro de 2025<\/strong>.<\/p>\n<p>Ap\u00f3s o per\u00edodo para interposi\u00e7\u00e3o de recursos, a <strong>homologa\u00e7\u00e3o do resultado final<\/strong> e a convoca\u00e7\u00e3o dos aprovados est\u00e3o agendadas para o dia <strong>18 de dezembro de 2025<\/strong>. Em caso de empate na pontua\u00e7\u00e3o final, ter\u00e3o prefer\u00eancia os candidatos que comprovarem maior tempo de experi\u00eancia profissional e, sucessivamente, os de maior idade.<\/p>\n<p>Todas as publica\u00e7\u00f5es oficiais, incluindo editais de convoca\u00e7\u00e3o e avisos, ser\u00e3o disponibilizadas no <strong>Di\u00e1rio Oficial Eletr\u00f4nico de Bocai\u00fava do Sul<\/strong> e no site da Prefeitura. \u00c9 de inteira responsabilidade do candidato o acompanhamento das atualiza\u00e7\u00f5es do certame.<\/p>\n","protected":false},"excerpt":{"rendered":"<p>PSS Pref. Bocai\u00fava do Sul (PR) com edital publicado! Vagas p\/ Professor e T\u00e9cnico Enfermagem (M\u00e9dio a Sup.). Inscri\u00e7\u00f5es a partir de 24\/11. Confira detalhes!<\/p>\n","protected":false},"author":5229,"featured_media":274699,"comment_status":"open","ping_status":"open","sticky":false,"template":"","format":"standard","meta":{"_acf_changed":false,"_breakdance_hide_in_design_set":false,"_breakdance_tags":"","footnotes":""},"categories":[12,17,18,23,24,25,26,101,108],"tags":[52],"_amplo":[],"destaque":[],"instituicoes":[],"class_list":["post-274700","post","type-post","status-publish","format-standard","has-post-thumbnail","hentry","category-enfermagem","category-farmacia","category-fisioterapia","category-nutricao","category-odontologia","category-pedagogia","category-psicologia","category-servico-social","category-tecnico-enfermagem","tag-parana"],"acf":{"_tipo_vagas":"vagas","_numero_vagas":"","_quadro_vagas":"","_cargos":"diversos","_cargos_especificos":"","_salario_max":"R$ 8342.13","_abertura":"20251124","_encerramento":"20251211","_inscricoes":"","_executora_concurso":"","_instituicao_concurso":[],"_link_adicional":null,"_anexos":null,"_produtos":null,"_vagas":"191 vagas + CR","_salario_min":"R$ 1642.75","_instituicao":"Prefeitura Bocai\u00fava do Sul","_edital":"https:\/\/www.agrobase.com.br\/concursos\/wp-content\/uploads\/sites\/4\/2025\/12\/edital-retificado-08-2025-prefeitura-bocaiuva-do-sul-pr.pdf","_anexos_edital":"https:\/\/www.agrobase.com.br\/concursos\/wp-content\/uploads\/sites\/4\/2025\/12\/retificacao_i.pdf","_fund_incompleto":"","_fund_completo":"","_medio":"<div>\r\n<table class=\"quadro\">\r\n<thead>\r\n<tr>\r\n<th class=\"hcargo\">Cargo<\/th>\r\n<th class=\"hvagas\">Vagas<\/th>\r\n<th class=\"hremuneracao\">Remunera\u00e7\u00e3o<\/th>\r\n<\/tr>\r\n<\/thead>\r\n    <tbody>\r\n      <td class=\"ccargos\">\r\n<span data-balloon-length=\"medium\" aria-label=\"Magist\u00e9rio de N\u00edvel M\u00e9dio ou Licenciatura em Pedagogia\" data-balloon-pos=\"up\">Professor (a) de Educa\u00e7\u00e3o Infantil e Ensino Fundamental \u2013 S\u00e9ries Iniciais<\/span><\/td>\r\n<td class=\"cvagas\">117<\/td>\r\n<td class=\"cremuneracao\">R$ 3.652,66 \/30h<\/td>\r\n<\/tr><td class=\"ccargos\">\r\n<span data-balloon-length=\"medium\" aria-label=\"Curso T\u00e9cnico em Enfermagem, comprovado por certificado reconhecido, com Registro ativo no Conselho Regional de Enfermagem \u2013 COREN.\" data-balloon-pos=\"up\">T\u00e9cnico em Enfermagem<\/span><\/td>\r\n<td class=\"cvagas\">17<\/td>\r\n<td class=\"cremuneracao\">R$ 1.902,79 \/40h<\/td>\r\n<\/tr><td class=\"ccargos\">\r\n<span data-balloon-length=\"medium\" aria-label=\"Ensino M\u00e9dio\" data-balloon-pos=\"up\">Agente de Apoio Educacional<\/span><\/td>\r\n<td class=\"cvagas\">40<\/td>\r\n<td class=\"cremuneracao\">R$ 1.642,75 \/40h<\/td>\r\n<\/tr><td class=\"ccargos\">\r\n<span data-balloon-length=\"medium\" aria-label=\"Ensino M\u00e9dio\" data-balloon-pos=\"up\">Agente de Combate a Endemias<\/span><\/td>\r\n<td class=\"cvagas\">02<\/td>\r\n<td class=\"cremuneracao\">R$ 3.036,00 \/40h<\/td>\r\n<\/tr>\r\n    <\/tbody>\r\n  <\/table>\r\n<\/div>","_superior":"<div>\r\n<table class=\"quadro\">\r\n<thead>\r\n<tr>\r\n<th class=\"hcargo\">Cargo<\/th>\r\n<th class=\"hvagas\">Vagas<\/th>\r\n<th class=\"hremuneracao\">Remunera\u00e7\u00e3o<\/th>\r\n<\/tr>\r\n<\/thead>\r\n    <tbody>\r\n      <tr>\r\n<td class=\"ccargos\">\r\n<span data-balloon-length=\"medium\" aria-label=\"Curso Superior em Servi\u00e7o Social, com Registro ativo no Conselho Regional de Servi\u00e7o Social \u2013 CRESS.\" data-balloon-pos=\"up\">Assistente Social<\/span><\/td>\r\n<td class=\"cvagas\">01<\/td>\r\n<td class=\"cremuneracao\">R$ 5.109,15 \/30h<\/td>\r\n<\/tr><tr>\r\n<td class=\"ccargos\">\r\n<span data-balloon-length=\"medium\" aria-label=\"Curso Superior em Odontologia, com Registro no Conselho Regional de Odontologia \u2013 CRO.\" data-balloon-pos=\"up\">Cirurgi\u00e3o Dentista<\/span><\/td>\r\n<td class=\"cvagas\">01<\/td>\r\n<td class=\"cremuneracao\">R$ 4.076,47 \/20h<\/td>\r\n<\/tr><tr>\r\n<td class=\"ccargos\">\r\n<span data-balloon-length=\"medium\" aria-label=\"Curso Superior em Odontologia, com Registro no Conselho Regional de Odontologia \u2013 CRO.\" data-balloon-pos=\"up\">Cirurgi\u00e3o Dentista<\/span><\/td>\r\n<td class=\"cvagas\">01<\/td>\r\n<td class=\"cremuneracao\">R$ 8.342,13 \/40h<\/td>\r\n<\/tr><tr>\r\n<td class=\"ccargos\">\r\n<span data-balloon-length=\"medium\" aria-label=\"Curso Superior em Enfermagem, com Registro ativo no Conselho Regional de Enfermagem \u2013 COREN.\" data-balloon-pos=\"up\">Enfermeiro<\/span><\/td>\r\n<td class=\"cvagas\">02<\/td>\r\n<td class=\"cremuneracao\">R$ 5.109,15 \/12h<\/td>\r\n<\/tr><tr>\r\n<td class=\"ccargos\">\r\n<span data-balloon-length=\"medium\" aria-label=\"Curso Superior em Farm\u00e1cia, com Registro no Conselho Regional de Farm\u00e1cia \u2013 CRF.\" data-balloon-pos=\"up\">Farmac\u00eautico<\/span><\/td>\r\n<td class=\"cvagas\">02<\/td>\r\n<td class=\"cremuneracao\">R$ 5.109,14 \/40h<\/td>\r\n<\/tr><tr>\r\n<td class=\"ccargos\">\r\n<span data-balloon-length=\"medium\" aria-label=\"Curso Superior em Fisioterapia, com Registro no Conselho Regional de Fisioterapia e Terapia Ocupacional \u2013 CREFITO.\" data-balloon-pos=\"up\">Fisioterapeuta<\/span><\/td>\r\n<td class=\"cvagas\">01<\/td>\r\n<td class=\"cremuneracao\">R$ 2.422,07 \/20h<\/td>\r\n<\/tr><tr>\r\n<td class=\"ccargos\">\r\n<span data-balloon-length=\"medium\" aria-label=\"Curso Superior em Nutri\u00e7\u00e3o, com Registro ativo no Conselho Regional de Nutri\u00e7\u00e3o \u2013 CRN.\" data-balloon-pos=\"up\">Nutricionista<\/span><\/td>\r\n<td class=\"cvagas\">03<\/td>\r\n<td class=\"cremuneracao\">R$ 0,00 \/40h<\/td>\r\n<\/tr><tr>\r\n<td class=\"ccargos\">\r\n<span data-balloon-length=\"medium\" aria-label=\"Curso Superior em Psicologia, com Registro ativo no Conselho Regional de Psicologia \u2013 CRP.\" data-balloon-pos=\"up\">Psic\u00f3logo (a)<\/span><\/td>\r\n<td class=\"cvagas\">04<\/td>\r\n<td class=\"cremuneracao\">R$ 5.109,15 \/40h<\/td>\r\n<\/tr>\r\n    <\/tbody>\r\n  <\/table>\r\n<\/div>"},"_links":{"self":[{"href":"https:\/\/www.agrobase.com.br\/concursos\/wp-json\/wp\/v2\/posts\/274700","targetHints":{"allow":["GET"]}}],"collection":[{"href":"https:\/\/www.agrobase.com.br\/concursos\/wp-json\/wp\/v2\/posts"}],"about":[{"href":"https:\/\/www.agrobase.com.br\/concursos\/wp-json\/wp\/v2\/types\/post"}],"author":[{"embeddable":true,"href":"https:\/\/www.agrobase.com.br\/concursos\/wp-json\/wp\/v2\/users\/5229"}],"replies":[{"embeddable":true,"href":"https:\/\/www.agrobase.com.br\/concursos\/wp-json\/wp\/v2\/comments?post=274700"}],"version-history":[{"count":3,"href":"https:\/\/www.agrobase.com.br\/concursos\/wp-json\/wp\/v2\/posts\/274700\/revisions"}],"predecessor-version":[{"id":274748,"href":"https:\/\/www.agrobase.com.br\/concursos\/wp-json\/wp\/v2\/posts\/274700\/revisions\/274748"}],"wp:featuredmedia":[{"embeddable":true,"href":"https:\/\/www.agrobase.com.br\/concursos\/wp-json\/wp\/v2\/media\/274699"}],"wp:attachment":[{"href":"https:\/\/www.agrobase.com.br\/concursos\/wp-json\/wp\/v2\/media?parent=274700"}],"wp:term":[{"taxonomy":"category","embeddable":true,"href":"https:\/\/www.agrobase.com.br\/concursos\/wp-json\/wp\/v2\/categories?post=274700"},{"taxonomy":"post_tag","embeddable":true,"href":"https:\/\/www.agrobase.com.br\/concursos\/wp-json\/wp\/v2\/tags?post=274700"},{"taxonomy":"_amplo","embeddable":true,"href":"https:\/\/www.agrobase.com.br\/concursos\/wp-json\/wp\/v2\/_amplo?post=274700"},{"taxonomy":"destaque","embeddable":true,"href":"https:\/\/www.agrobase.com.br\/concursos\/wp-json\/wp\/v2\/destaque?post=274700"},{"taxonomy":"instituicoes","embeddable":true,"href":"https:\/\/www.agrobase.com.br\/concursos\/wp-json\/wp\/v2\/instituicoes?post=274700"}],"curies":[{"name":"wp","href":"https:\/\/api.w.org\/{rel}","templated":true}]}}