{"id":274696,"date":"2025-12-05T07:55:08","date_gmt":"2025-12-05T10:55:08","guid":{"rendered":"https:\/\/www.agrobase.com.br\/concursos\/?p=274696"},"modified":"2025-12-10T14:43:09","modified_gmt":"2025-12-10T17:43:09","slug":"prefeitura-laguna-sc-selecao-publica-02-2025","status":"publish","type":"post","link":"https:\/\/www.agrobase.com.br\/concursos\/2025\/prefeitura-laguna-sc-selecao-publica-02-2025\/","title":{"rendered":"Prefeitura Laguna (SC) &#8211; Sele\u00e7\u00e3o P\u00fablica 02\/2025"},"content":{"rendered":"<h2>Informa\u00e7\u00f5es Gerais<\/h2>\n<p>O <strong>Processo Seletivo da Prefeitura Municipal de Laguna\/SC<\/strong> est\u00e1 com inscri\u00e7\u00f5es abertas para forma\u00e7\u00e3o de cadastro de reserva e preenchimento de vagas tempor\u00e1rias no quadro de pessoal do munic\u00edpio e suas funda\u00e7\u00f5es. O certame \u00e9 organizado pelo Instituto Fucap e visa atender necessidades excepcionais de interesse p\u00fablico.<\/p>\n<p>S\u00e3o oferecidas <strong>9 vagas imediatas mais cadastro de reserva<\/strong> para fun\u00e7\u00f5es de n\u00edveis fundamental incompleto, m\u00e9dio\/t\u00e9cnico e superior, com remunera\u00e7\u00f5es que variam de R$ 1.518,00 a R$ 8.437,21. A contrata\u00e7\u00e3o ser\u00e1 em regime tempor\u00e1rio, conforme a Lei Complementar 479\/2023 e Lei Complementar 136\/2006.<\/p>\n<p>O processo seletivo contempla diversas \u00e1reas de atua\u00e7\u00e3o, incluindo servi\u00e7os gerais, administra\u00e7\u00e3o, transporte, assist\u00eancia social e engenharias. <strong>Destaque especial para profissionais das \u00e1reas de Agronomia, Medicina Veterin\u00e1ria, Biologia, Engenharia Ambiental e Nutri\u00e7\u00e3o<\/strong>, que encontram oportunidades em cadastro de reserva com remunera\u00e7\u00f5es atrativas. H\u00e1 tamb\u00e9m vagas para T\u00e9cnico Agr\u00edcola e T\u00e9cnico em Aquicultura.<\/p>\n<p>O certame ter\u00e1 validade de 1 ano, podendo ser prorrogado por igual per\u00edodo. Continue a leitura para conhecer os detalhes sobre inscri\u00e7\u00f5es, etapas e resultados.<\/p>\n<h2>Inscri\u00e7\u00f5es<\/h2>\n<p>As <strong>inscri\u00e7\u00f5es est\u00e3o abertas<\/strong> e devem ser realizadas exclusivamente pela internet, no site do Instituto Fucap.<\/p>\n<p><strong>Per\u00edodo de inscri\u00e7\u00e3o:<\/strong> de 26 de novembro a 14 de dezembro de 2025.<\/p>\n<p><strong>Taxas de inscri\u00e7\u00e3o por n\u00edvel de escolaridade:<\/strong><\/p>\n<ul>\n<li>N\u00edvel Superior: R$ 90,00<\/li>\n<li>N\u00edvel M\u00e9dio\/T\u00e9cnico: R$ 80,00<\/li>\n<li>N\u00edvel Fundamental: R$ 70,00<\/li>\n<\/ul>\n<p>Para se inscrever, o candidato deve acessar o site da banca organizadora, preencher o formul\u00e1rio de inscri\u00e7\u00e3o e imprimir o boleto banc\u00e1rio. O pagamento pode ser efetuado em qualquer ag\u00eancia banc\u00e1ria, posto de autoatendimento ou home banking, respeitando o hor\u00e1rio limite do estabelecimento banc\u00e1rio e a data de vencimento impressa no boleto.<\/p>\n<p><strong>Importante:<\/strong> embora o boleto possa ser emitido fora do hor\u00e1rio banc\u00e1rio, a quita\u00e7\u00e3o deve ocorrer dentro do prazo de inscri\u00e7\u00e3o estabelecido no edital.<\/p>\n<p>O per\u00edodo de inscri\u00e7\u00e3o coincide com o prazo para <strong>solicita\u00e7\u00e3o de isen\u00e7\u00e3o da taxa<\/strong>. Os candidatos interessados devem encaminhar a documenta\u00e7\u00e3o comprobat\u00f3ria conforme crit\u00e9rios definidos no edital.<\/p>\n<p>Recomenda-se que o candidato acompanhe o status de sua inscri\u00e7\u00e3o na \u00e1rea restrita do site do Instituto Fucap. Para informa\u00e7\u00f5es completas sobre procedimentos, documenta\u00e7\u00e3o e crit\u00e9rios de isen\u00e7\u00e3o, consulte o edital na \u00edntegra.<\/p>\n<h2>Etapas e Provas<\/h2>\n<p>O Processo Seletivo da Prefeitura de Laguna\/SC ser\u00e1 composto por <strong>Prova Objetiva<\/strong> para todos os cargos, de car\u00e1ter eliminat\u00f3rio e classificat\u00f3rio.<\/p>\n<p><strong>Estrutura da Prova Objetiva:<\/strong><\/p>\n<ul>\n<li>Total de 25 quest\u00f5es de m\u00faltipla escolha, com 5 alternativas cada (A a E)<\/li>\n<li>Dura\u00e7\u00e3o: 2 horas e 30 minutos<\/li>\n<li>Nota m\u00e1xima: 10 pontos<\/li>\n<li>Nota m\u00ednima para aprova\u00e7\u00e3o: 5 pontos<\/li>\n<\/ul>\n<p><strong>Distribui\u00e7\u00e3o das quest\u00f5es para cargos de N\u00edvel Superior, M\u00e9dio e T\u00e9cnico:<\/strong><\/p>\n<ul>\n<li>L\u00edngua Portuguesa: 5 quest\u00f5es (0,30 ponto cada)<\/li>\n<li>Legisla\u00e7\u00e3o, \u00c9tica e Postura no Servi\u00e7o P\u00fablico: 10 quest\u00f5es (0,30 ponto cada)<\/li>\n<li>Conhecimentos Espec\u00edficos: 10 quest\u00f5es (0,55 ponto cada)<\/li>\n<\/ul>\n<p><strong>Distribui\u00e7\u00e3o das quest\u00f5es para cargos de N\u00edvel Fundamental:<\/strong><\/p>\n<ul>\n<li>Conhecimentos Gerais: 15 quest\u00f5es (0,30 ponto cada)<\/li>\n<li>Conhecimentos Espec\u00edficos: 10 quest\u00f5es (0,55 ponto cada)<\/li>\n<\/ul>\n<p><strong>Crit\u00e9rios de elimina\u00e7\u00e3o:<\/strong><\/p>\n<ul>\n<li>N\u00e3o atingir a nota m\u00ednima de 5 pontos<\/li>\n<li>Zerar em qualquer se\u00e7\u00e3o da prova (Conhecimentos Gerais ou Conhecimentos Espec\u00edficos)<\/li>\n<\/ul>\n<p>O cart\u00e3o-resposta deve ser preenchido com caneta esferogr\u00e1fica preta ou azul, de material transparente. Respostas rasuradas, com mais de uma alternativa marcada ou em branco ser\u00e3o consideradas incorretas.<\/p>\n<p>Para informa\u00e7\u00f5es detalhadas sobre conte\u00fado program\u00e1tico, locais de prova e regras espec\u00edficas, consulte o edital completo.<\/p>\n<h2>Resultados e Gabarito<\/h2>\n<p>A divulga\u00e7\u00e3o dos resultados do Processo Seletivo da Prefeitura de Laguna\/SC seguir\u00e1 o cronograma estabelecido no edital, com publica\u00e7\u00f5es no site do Instituto Fucap e nos canais oficiais do munic\u00edpio.<\/p>\n<p><strong>Etapas de divulga\u00e7\u00e3o previstas:<\/strong><\/p>\n<ul>\n<li>Gabarito preliminar e cadernos de prova: dispon\u00edveis exclusivamente na \u00e1rea do candidato<\/li>\n<li>Resultado dos recursos administrativos<\/li>\n<li>Resultado preliminar da avalia\u00e7\u00e3o escrita objetiva<\/li>\n<li>Resultado preliminar da avalia\u00e7\u00e3o de t\u00edtulos<\/li>\n<li>Resultado definitivo do Processo Seletivo<\/li>\n<li>Homologa\u00e7\u00e3o do resultado definitivo<\/li>\n<\/ul>\n<p>Os cadernos de avalia\u00e7\u00e3o permanecer\u00e3o dispon\u00edveis na \u00e1rea do candidato no site do Instituto Fucap at\u00e9 a homologa\u00e7\u00e3o final do certame.<\/p>\n<p><strong>Crit\u00e9rios de desempate<\/strong> (em ordem de aplica\u00e7\u00e3o):<\/p>\n<ul>\n<li>Maior pontua\u00e7\u00e3o na prova de t\u00edtulos<\/li>\n<li>Maior idade<\/li>\n<li>Candidato com 60 anos ou mais (Estatuto do Idoso)<\/li>\n<li>Maior n\u00famero de acertos em Conhecimentos Espec\u00edficos<\/li>\n<li>Maior n\u00famero de acertos em Conhecimentos Gerais<\/li>\n<li>Exerc\u00edcio da fun\u00e7\u00e3o de jurado (mediante comprova\u00e7\u00e3o)<\/li>\n<\/ul>\n<p>A <strong>homologa\u00e7\u00e3o<\/strong> consiste no ato oficial que valida o resultado final do certame, autorizando a convoca\u00e7\u00e3o dos aprovados conforme necessidade da administra\u00e7\u00e3o municipal.<\/p>\n<p>Ap\u00f3s a homologa\u00e7\u00e3o, o chamamento para escolha de vagas ser\u00e1 publicado na aba &#8220;Concursos&#8221; do site da Prefeitura de Laguna, com cronograma e orienta\u00e7\u00f5es espec\u00edficas.<\/p>\n<p><strong>Aten\u00e7\u00e3o:<\/strong> o cronograma \u00e9 uma previs\u00e3o e poder\u00e1 sofrer altera\u00e7\u00f5es. O acompanhamento das publica\u00e7\u00f5es oficiais no site da banca organizadora e no Di\u00e1rio Oficial \u00e9 de responsabilidade exclusiva do candidato.<\/p>\n","protected":false},"excerpt":{"rendered":"<p>Proc. Seletivo Pref. Laguna (SC) com edital publicado! Vagas p\/ Aux. Serv. Gerais e Arquiteto (Fund. a Sup.). Inscri\u00e7\u00f5es a partir de 26\/11. Confira detalhes!<\/p>\n","protected":false},"author":5229,"featured_media":274695,"comment_status":"open","ping_status":"open","sticky":false,"template":"","format":"standard","meta":{"_acf_changed":false,"_breakdance_hide_in_design_set":false,"_breakdance_tags":"","footnotes":""},"categories":[4,5,6,6433,13,14,6048,96,103,115,22,23,26,101,29],"tags":[61],"_amplo":[],"destaque":[],"instituicoes":[],"class_list":["post-274696","post","type-post","status-publish","format-standard","has-post-thumbnail","hentry","category-agronomia","category-arquitetura","category-biologia","category-biologia-licenciatura","category-engenharia-ambiental","category-engenharia","category-engenharia-de-agrimensura","category-engenharia-pesca","category-engenharia-eletrica","category-geologia","category-veterinaria","category-nutricao","category-psicologia","category-servico-social","category-tecnico-agricola","tag-santa-catarina"],"acf":{"_tipo_vagas":"vagas","_numero_vagas":"","_quadro_vagas":"","_cargos":"diversos","_cargos_especificos":"","_salario_max":"R$ 8437.21","_abertura":"20251126","_encerramento":"20251214","_inscricoes":"https:\/\/www.institutofucap.org.br\/concursos\/","_executora_concurso":"","_instituicao_concurso":[],"_link_adicional":null,"_anexos":null,"_produtos":null,"_vagas":"9 vagas + CR","_salario_min":"R$ 1518","_instituicao":"Prefeitura Laguna","_edital":"https:\/\/www.agrobase.com.br\/concursos\/wp-content\/uploads\/sites\/4\/2025\/12\/edital-02-2025-prefeitura-laguna-sc.pdf","_anexos_edital":"https:\/\/www.agrobase.com.br\/concursos\/wp-content\/uploads\/sites\/4\/2025\/12\/retificacao_i_1691150.pdf","_fund_incompleto":"<div>\r\n<table class=\"quadro\">\r\n<thead>\r\n<tr>\r\n<th class=\"hcargo\">Cargo<\/th>\r\n<th class=\"hvagas\">Vagas<\/th>\r\n<th class=\"hremuneracao\">Remunera\u00e7\u00e3o<\/th>\r\n<\/tr>\r\n<\/thead>\r\n    <tbody>\r\n      <td class=\"ccargos\">\r\n<span data-balloon-length=\"medium\" aria-label=\"Ensino fundamental - 4\u00aa s\u00e9rie.\" data-balloon-pos=\"up\">Auxiliar de Servi\u00e7os Gerais<\/span><\/td>\r\n<td class=\"cvagas\">1 + CR<\/td>\r\n<td class=\"cremuneracao\">R$ 1.518,00 \/40h<\/td>\r\n<\/tr><td class=\"ccargos\">\r\n<span data-balloon-length=\"medium\" aria-label=\"Conclus\u00e3o da 4\u00aa s\u00e9rie do Ensino Fundamental e Curso de Manipula\u00e7\u00e3o de Alimentos e ou Auxiliar de Cozinha.\" data-balloon-pos=\"up\">Merendeira<\/span><\/td>\r\n<td class=\"cvagas\">CR<\/td>\r\n<td class=\"cremuneracao\">R$ 1.518,00 \/40h<\/td>\r\n<\/tr>\r\n    <\/tbody>\r\n  <\/table>\r\n<\/div>","_fund_completo":"","_medio":"<div>\r\n<table class=\"quadro\">\r\n<thead>\r\n<tr>\r\n<th class=\"hcargo\">Cargo<\/th>\r\n<th class=\"hvagas\">Vagas<\/th>\r\n<th class=\"hremuneracao\">Remunera\u00e7\u00e3o<\/th>\r\n<\/tr>\r\n<\/thead>\r\n    <tbody>\r\n      <td class=\"ccargos\">\r\n<span data-balloon-length=\"medium\" aria-label=\"Ensino M\u00e9dio Completo.\" data-balloon-pos=\"up\">Assistente de Administra\u00e7\u00e3o<\/span><\/td>\r\n<td class=\"cvagas\">1 + CR<\/td>\r\n<td class=\"cremuneracao\">R$ 2.467,65 \/40h<\/td>\r\n<\/tr><td class=\"ccargos\">\r\n<span data-balloon-length=\"medium\" aria-label=\"Ensino M\u00e9dio Completo.\" data-balloon-pos=\"up\">Monitor de Transporte Escolar<\/span><\/td>\r\n<td class=\"cvagas\">1 + CR<\/td>\r\n<td class=\"cremuneracao\">R$ 2.176,18 \/40h<\/td>\r\n<\/tr><td class=\"ccargos\">\r\n<span data-balloon-length=\"medium\" aria-label=\"Ensino m\u00e9dio completo, CHN categoria D, curso espec\u00edfico na \u00e1rea de atua\u00e7\u00e3o da sa\u00fade e ou educa\u00e7\u00e3o.\" data-balloon-pos=\"up\">Motorista de Ve\u00edculo Pesado<\/span><\/td>\r\n<td class=\"cvagas\">1 + CR<\/td>\r\n<td class=\"cremuneracao\">R$ 2.436,49 \/40h<\/td>\r\n<\/tr><td class=\"ccargos\">\r\n<span data-balloon-length=\"medium\" aria-label=\"Ensino M\u00e9dio Completo.\" data-balloon-pos=\"up\">Operador de M\u00e1quinas<\/span><\/td>\r\n<td class=\"cvagas\">1 + CR<\/td>\r\n<td class=\"cremuneracao\">R$ 2.900,78 \/40h<\/td>\r\n<\/tr><td class=\"ccargos\">\r\n<span data-balloon-length=\"medium\" aria-label=\"Ensino M\u00e9dio Completo.\" data-balloon-pos=\"up\">Orientador Social<\/span><\/td>\r\n<td class=\"cvagas\">1 + CR<\/td>\r\n<td class=\"cremuneracao\">R$ 2.176,18 \/40h<\/td>\r\n<\/tr><td class=\"ccargos\">\r\n<span data-balloon-length=\"medium\" aria-label=\"Curso t\u00e9cnico agr\u00edcola com registro no \u00f3rg\u00e3o competente.\" data-balloon-pos=\"up\">T\u00e9cnico Agr\u00edcola<\/span><\/td>\r\n<td class=\"cvagas\">CR<\/td>\r\n<td class=\"cremuneracao\">R$ 2.176,18 \/40h<\/td>\r\n<\/tr><td class=\"ccargos\">\r\n<span data-balloon-length=\"medium\" aria-label=\"Curso t\u00e9cnico em Aquicultura com registro no \u00f3rg\u00e3o competente\" data-balloon-pos=\"up\">T\u00e9cnico em Aquicultura<\/span><\/td>\r\n<td class=\"cvagas\">CR<\/td>\r\n<td class=\"cremuneracao\">R$ 2.176,18 \/40h<\/td>\r\n<\/tr><td class=\"ccargos\">\r\n<span data-balloon-length=\"medium\" aria-label=\"T\u00e9cnico na \u00e1rea de Mec\u00e2nica\" data-balloon-pos=\"up\">T\u00e9cnico em Mec\u00e2nica Automotiva<\/span><\/td>\r\n<td class=\"cvagas\">CR<\/td>\r\n<td class=\"cremuneracao\">R$ 2.458,04 \/40h<\/td>\r\n<\/tr>\r\n    <\/tbody>\r\n  <\/table>\r\n<\/div>","_superior":"<div>\r\n<table class=\"quadro\">\r\n<thead>\r\n<tr>\r\n<th class=\"hcargo\">Cargo<\/th>\r\n<th class=\"hvagas\">Vagas<\/th>\r\n<th class=\"hremuneracao\">Remunera\u00e7\u00e3o<\/th>\r\n<\/tr>\r\n<\/thead>\r\n    <tbody>\r\n      <tr>\r\n<td class=\"ccargos\">\r\n<span data-balloon-length=\"medium\" aria-label=\"Curso superior em arquitetura com registro no \u00f3rg\u00e3o competente.\" data-balloon-pos=\"up\">Arquiteto<\/span><\/td>\r\n<td class=\"cvagas\">CR<\/td>\r\n<td class=\"cremuneracao\">R$ 8.437,21 \/40h<\/td>\r\n<\/tr><tr>\r\n<td class=\"ccargos\">\r\n<span data-balloon-length=\"medium\" aria-label=\"Curso superior de Assistente Social com registro no \u00f3rg\u00e3o competente.\" data-balloon-pos=\"up\">Assistente Social<\/span><\/td>\r\n<td class=\"cvagas\">1 + CR<\/td>\r\n<td class=\"cremuneracao\">R$ 4.637,74 \/40h<\/td>\r\n<\/tr><tr>\r\n<td class=\"ccargos\">\r\n<span data-balloon-length=\"medium\" aria-label=\"Curso superior em biologia com registro no \u00f3rg\u00e3o competente\" data-balloon-pos=\"up\">Bi\u00f3logo<\/span><\/td>\r\n<td class=\"cvagas\">CR<\/td>\r\n<td class=\"cremuneracao\">R$ 7.975,43 \/40h<\/td>\r\n<\/tr><tr>\r\n<td class=\"ccargos\">\r\n<span data-balloon-length=\"medium\" aria-label=\"Curso superior em engenharia de agrimensura com registro no \u00f3rg\u00e3o competente.\" data-balloon-pos=\"up\">Engenheiro Agrimensor<\/span><\/td>\r\n<td class=\"cvagas\">CR<\/td>\r\n<td class=\"cremuneracao\">R$ 8.437,21 \/40h<\/td>\r\n<\/tr><tr>\r\n<td class=\"ccargos\">\r\n<span data-balloon-length=\"medium\" aria-label=\"Curso superior em Agronomia com registro no \u00f3rg\u00e3o competente.\" data-balloon-pos=\"up\">Engenheiro Agr\u00f4nomo<\/span><\/td>\r\n<td class=\"cvagas\">CR<\/td>\r\n<td class=\"cremuneracao\">R$ 8.437,21 \/40h<\/td>\r\n<\/tr><tr>\r\n<td class=\"ccargos\">\r\n<span data-balloon-length=\"medium\" aria-label=\"N\u00edvel Superior Completo - Gradua\u00e7\u00e3o em Engenharia Ambiental.\" data-balloon-pos=\"up\">Engenheiro Ambiental<\/span><\/td>\r\n<td class=\"cvagas\">CR<\/td>\r\n<td class=\"cremuneracao\">R$ 8.437,21 \/40h<\/td>\r\n<\/tr><tr>\r\n<td class=\"ccargos\">\r\n<span data-balloon-length=\"medium\" aria-label=\"Curso superior em engenharia civil, com registro no \u00f3rg\u00e3o competente\" data-balloon-pos=\"up\">Engenheiro Civil<\/span><\/td>\r\n<td class=\"cvagas\">CR<\/td>\r\n<td class=\"cremuneracao\">R$ 8.437,21 \/40h<\/td>\r\n<\/tr><tr>\r\n<td class=\"ccargos\">\r\n<span data-balloon-length=\"medium\" aria-label=\"Curso superior em engenharia de pesca com registro no \u00f3rg\u00e3o competente.\" data-balloon-pos=\"up\">Engenheiro de Pesca<\/span><\/td>\r\n<td class=\"cvagas\">CR<\/td>\r\n<td class=\"cremuneracao\">R$ 8.437,21 \/40h<\/td>\r\n<\/tr><tr>\r\n<td class=\"ccargos\">\r\n<span data-balloon-length=\"medium\" aria-label=\"Curso Superior em Engenharia El\u00e9trica, com registro no \u00f3rg\u00e3o competente.\" data-balloon-pos=\"up\">Engenheiro Eletricista<\/span><\/td>\r\n<td class=\"cvagas\">CR<\/td>\r\n<td class=\"cremuneracao\">R$ 8.437,21 \/40h<\/td>\r\n<\/tr><tr>\r\n<td class=\"ccargos\">\r\n<span data-balloon-length=\"medium\" aria-label=\"Ensino superior em geologia, com registro no \u00f3rg\u00e3o competente\" data-balloon-pos=\"up\">Ge\u00f3logo<\/span><\/td>\r\n<td class=\"cvagas\">CR<\/td>\r\n<td class=\"cremuneracao\">R$ 7.975,43 \/40h<\/td>\r\n<\/tr><tr>\r\n<td class=\"ccargos\">\r\n<span data-balloon-length=\"medium\" aria-label=\"Curso superior em medicina veterin\u00e1ria com registro no \u00f3rg\u00e3o competente.\" data-balloon-pos=\"up\">M\u00e9dico Veterin\u00e1rio<\/span><\/td>\r\n<td class=\"cvagas\">CR<\/td>\r\n<td class=\"cremuneracao\">R$ 5.383,81 \/40h<\/td>\r\n<\/tr><tr>\r\n<td class=\"ccargos\">\r\n<span data-balloon-length=\"medium\" aria-label=\"Curso superior em nutri\u00e7\u00e3o com registro no \u00f3rg\u00e3o competente\" data-balloon-pos=\"up\">Nutricionista<\/span><\/td>\r\n<td class=\"cvagas\">1 + CR<\/td>\r\n<td class=\"cremuneracao\">R$ 4.637,74 \/40h<\/td>\r\n<\/tr><tr>\r\n<td class=\"ccargos\">\r\n<span data-balloon-length=\"medium\" aria-label=\"Curso superior em Psicologia, com registro no \u00f3rg\u00e3o competente\" data-balloon-pos=\"up\">Psic\u00f3logo<\/span><\/td>\r\n<td class=\"cvagas\">CR<\/td>\r\n<td class=\"cremuneracao\">R$ 4.637,74 \/40h<\/td>\r\n<\/tr><tr>\r\n<td class=\"ccargos\">\r\n<span data-balloon-length=\"medium\" aria-label=\"Curso Superior em Arquitetura ou Engenharia Civil com registro no \u00f3rg\u00e3o de classe.\" data-balloon-pos=\"up\">Fiscal de Obras<\/span><\/td>\r\n<td class=\"cvagas\">1 + CR<\/td>\r\n<td class=\"cremuneracao\">R$ 3.335,46 \/40h<\/td>\r\n<\/tr>\r\n    <\/tbody>\r\n  <\/table>\r\n<\/div>"},"_links":{"self":[{"href":"https:\/\/www.agrobase.com.br\/concursos\/wp-json\/wp\/v2\/posts\/274696","targetHints":{"allow":["GET"]}}],"collection":[{"href":"https:\/\/www.agrobase.com.br\/concursos\/wp-json\/wp\/v2\/posts"}],"about":[{"href":"https:\/\/www.agrobase.com.br\/concursos\/wp-json\/wp\/v2\/types\/post"}],"author":[{"embeddable":true,"href":"https:\/\/www.agrobase.com.br\/concursos\/wp-json\/wp\/v2\/users\/5229"}],"replies":[{"embeddable":true,"href":"https:\/\/www.agrobase.com.br\/concursos\/wp-json\/wp\/v2\/comments?post=274696"}],"version-history":[{"count":4,"href":"https:\/\/www.agrobase.com.br\/concursos\/wp-json\/wp\/v2\/posts\/274696\/revisions"}],"predecessor-version":[{"id":275028,"href":"https:\/\/www.agrobase.com.br\/concursos\/wp-json\/wp\/v2\/posts\/274696\/revisions\/275028"}],"wp:featuredmedia":[{"embeddable":true,"href":"https:\/\/www.agrobase.com.br\/concursos\/wp-json\/wp\/v2\/media\/274695"}],"wp:attachment":[{"href":"https:\/\/www.agrobase.com.br\/concursos\/wp-json\/wp\/v2\/media?parent=274696"}],"wp:term":[{"taxonomy":"category","embeddable":true,"href":"https:\/\/www.agrobase.com.br\/concursos\/wp-json\/wp\/v2\/categories?post=274696"},{"taxonomy":"post_tag","embeddable":true,"href":"https:\/\/www.agrobase.com.br\/concursos\/wp-json\/wp\/v2\/tags?post=274696"},{"taxonomy":"_amplo","embeddable":true,"href":"https:\/\/www.agrobase.com.br\/concursos\/wp-json\/wp\/v2\/_amplo?post=274696"},{"taxonomy":"destaque","embeddable":true,"href":"https:\/\/www.agrobase.com.br\/concursos\/wp-json\/wp\/v2\/destaque?post=274696"},{"taxonomy":"instituicoes","embeddable":true,"href":"https:\/\/www.agrobase.com.br\/concursos\/wp-json\/wp\/v2\/instituicoes?post=274696"}],"curies":[{"name":"wp","href":"https:\/\/api.w.org\/{rel}","templated":true}]}}