{"id":274684,"date":"2025-12-05T08:05:38","date_gmt":"2025-12-05T11:05:38","guid":{"rendered":"https:\/\/www.agrobase.com.br\/concursos\/?p=274684"},"modified":"2025-12-04T14:26:29","modified_gmt":"2025-12-04T17:26:29","slug":"prefeitura-mirante-ba-selecao-simplificada-01-2025","status":"publish","type":"post","link":"https:\/\/www.agrobase.com.br\/concursos\/2025\/prefeitura-mirante-ba-selecao-simplificada-01-2025\/","title":{"rendered":"Prefeitura Mirante (BA) &#8211; Sele\u00e7\u00e3o Simplificada 01\/2025"},"content":{"rendered":"<h2>Informa\u00e7\u00f5es Gerais<\/h2>\n<p>A <strong>Prefeitura Municipal de Mirante<\/strong>, no Estado da Bahia, publicou o <strong>Edital n\u00ba 01\/2025<\/strong>, que estabelece as normas para a realiza\u00e7\u00e3o de Processo Seletivo Simplificado destinado ao provimento de vagas tempor\u00e1rias e forma\u00e7\u00e3o de cadastro reserva para diversas secretarias do munic\u00edpio.<\/p>\n<p>O certame oferece <strong>142 vagas imediatas<\/strong>, al\u00e9m de cadastro reserva para todos os cargos, com remunera\u00e7\u00f5es que variam de <strong>R$ 1.518,00 a R$ 14.000,00<\/strong>. As contrata\u00e7\u00f5es ser\u00e3o realizadas pelo <strong>Regime Especial de Direito Administrativo (REDA)<\/strong>, com prazo determinado de at\u00e9 24 meses, podendo ser prorrogado por igual per\u00edodo.<\/p>\n<p>As oportunidades contemplam os <strong>tr\u00eas n\u00edveis de escolaridade<\/strong>: fundamental completo, m\u00e9dio\/t\u00e9cnico e superior. Entre as \u00e1reas com vagas, destacam-se setores como infraestrutura, educa\u00e7\u00e3o, sa\u00fade e assist\u00eancia social. Para profissionais das <strong>Ci\u00eancias Agr\u00e1rias<\/strong>, h\u00e1 oportunidades para <strong>T\u00e9cnico em Agropecu\u00e1ria<\/strong> (n\u00edvel m\u00e9dio) e <strong>Nutricionista<\/strong> (n\u00edvel superior), ambas com forma\u00e7\u00e3o de cadastro reserva.<\/p>\n<p>A organiza\u00e7\u00e3o e execu\u00e7\u00e3o do processo seletivo s\u00e3o de responsabilidade do <strong>Instituto ISET<\/strong>. O certame ter\u00e1 validade de 2 anos, contados da homologa\u00e7\u00e3o do resultado, podendo ser prorrogado conforme legisla\u00e7\u00e3o vigente.<\/p>\n<p>Continue a leitura para conhecer os detalhes sobre inscri\u00e7\u00f5es, etapas do processo seletivo e divulga\u00e7\u00e3o dos resultados.<\/p>\n<h2>Inscri\u00e7\u00f5es<\/h2>\n<p>As inscri\u00e7\u00f5es para o Processo Seletivo Simplificado da Prefeitura de Mirante\/BA encontram-se <strong>abertas<\/strong> e devem ser realizadas <strong>exclusivamente pela internet<\/strong>, atrav\u00e9s do site do Instituto ISET.<\/p>\n<p><strong>Per\u00edodo de inscri\u00e7\u00f5es:<\/strong><\/p>\n<ul>\n<li><strong>In\u00edcio:<\/strong> 03 de dezembro de 2025, a partir das 00h00<\/li>\n<li><strong>T\u00e9rmino:<\/strong> 11 de dezembro de 2025, at\u00e9 as 23h59<\/li>\n<\/ul>\n<p><strong>Valores das taxas de inscri\u00e7\u00e3o:<\/strong><\/p>\n<ul>\n<li>N\u00edvel Superior: <strong>R$ 96,00<\/strong><\/li>\n<li>N\u00edvel M\u00e9dio: <strong>R$ 70,00<\/strong><\/li>\n<li>N\u00edvel Fundamental: <strong>R$ 50,00<\/strong><\/li>\n<\/ul>\n<p><strong>Procedimentos para inscri\u00e7\u00e3o:<\/strong><\/p>\n<ul>\n<li>Acessar o site <strong>https:\/\/iset.selecao.net.br\/<\/strong><\/li>\n<li>Ler e aceitar o edital de abertura<\/li>\n<li>Preencher o formul\u00e1rio de solicita\u00e7\u00e3o de inscri\u00e7\u00e3o online<\/li>\n<li>Imprimir o boleto banc\u00e1rio para pagamento da taxa<\/li>\n<li>Efetuar o pagamento at\u00e9 o dia <strong>12 de dezembro de 2025<\/strong><\/li>\n<\/ul>\n<p><strong>Importante sobre o pagamento:<\/strong> N\u00e3o ser\u00e3o aceitos pagamentos por dep\u00f3sito em caixa eletr\u00f4nico, transfer\u00eancia banc\u00e1ria, DOC, TED, via postal ou fac-s\u00edmile. O pagamento via PIX somente ser\u00e1 aceito se o boleto permitir essa modalidade. N\u00e3o haver\u00e1 devolu\u00e7\u00e3o da taxa paga, mesmo em caso de pagamento em duplicidade ou valor superior.<\/p>\n<p>A inscri\u00e7\u00e3o somente ser\u00e1 confirmada ap\u00f3s a comprova\u00e7\u00e3o do pagamento pela institui\u00e7\u00e3o banc\u00e1ria. O candidato deve acompanhar o status de sua inscri\u00e7\u00e3o atrav\u00e9s da \u00c1rea do Candidato no site do Instituto ISET.<\/p>\n<p>Ap\u00f3s efetivada a inscri\u00e7\u00e3o, n\u00e3o ser\u00e3o aceitos pedidos para altera\u00e7\u00e3o de cargo. Recomenda-se a leitura integral do edital para conhecimento de todos os requisitos, condi\u00e7\u00f5es e procedimentos para solicita\u00e7\u00e3o de isen\u00e7\u00e3o da taxa de inscri\u00e7\u00e3o.<\/p>\n<h2>Etapas e Provas<\/h2>\n<p>O Processo Seletivo Simplificado da Prefeitura de Mirante\/BA ser\u00e1 composto pelas seguintes etapas:<\/p>\n<p><strong>1. Prova Objetiva (para todos os cargos)<\/strong><\/p>\n<ul>\n<li><strong>Car\u00e1ter:<\/strong> Eliminat\u00f3rio e classificat\u00f3rio<\/li>\n<li><strong>Data prevista:<\/strong> 28 de dezembro de 2025<\/li>\n<li><strong>Local:<\/strong> Cidade de Mirante\/BA (a confirmar)<\/li>\n<li><strong>Dura\u00e7\u00e3o:<\/strong> 3 horas<\/li>\n<li><strong>Formato:<\/strong> Quest\u00f5es de m\u00faltipla escolha com 5 alternativas cada<\/li>\n<\/ul>\n<p><strong>Crit\u00e9rios de aprova\u00e7\u00e3o na Prova Objetiva:<\/strong><\/p>\n<ul>\n<li>Obter pontua\u00e7\u00e3o m\u00ednima de <strong>50% do total de pontos<\/strong><\/li>\n<li>N\u00e3o zerar nenhuma das disciplinas dos blocos I e II<\/li>\n<\/ul>\n<p><strong>2. Prova de T\u00edtulos (para todos os cargos)<\/strong><\/p>\n<ul>\n<li><strong>Car\u00e1ter:<\/strong> Classificat\u00f3rio<\/li>\n<li><strong>Participantes:<\/strong> Candidatos classificados na prova objetiva<\/li>\n<li><strong>Envio:<\/strong> Via \u00c1rea do Candidato, conforme prazo do cronograma<\/li>\n<li><strong>Pontua\u00e7\u00e3o m\u00e1xima:<\/strong> 5,0 pontos (n\u00edveis fundamental e m\u00e9dio) ou 6,0 pontos (n\u00edvel superior)<\/li>\n<\/ul>\n<p>Para os cargos de <strong>n\u00edvel fundamental e m\u00e9dio<\/strong>, ser\u00e3o avaliados cursos de atualiza\u00e7\u00e3o, aperfei\u00e7oamento e experi\u00eancia profissional no servi\u00e7o p\u00fablico. Para os cargos de <strong>n\u00edvel superior<\/strong>, tamb\u00e9m ser\u00e3o considerados t\u00edtulos de especializa\u00e7\u00e3o, mestrado e doutorado.<\/p>\n<p><strong>3. Prova Pr\u00e1tica (exclusiva para cargos de Motorista)<\/strong><\/p>\n<ul>\n<li><strong>Car\u00e1ter:<\/strong> Eliminat\u00f3rio e classificat\u00f3rio<\/li>\n<li><strong>Data prevista:<\/strong> 18 de janeiro de 2026<\/li>\n<li><strong>Local:<\/strong> Cidade de Mirante\/BA (a confirmar)<\/li>\n<li><strong>Convocados:<\/strong> At\u00e9 3 vezes o n\u00famero de vagas por cargo<\/li>\n<li><strong>Pontua\u00e7\u00e3o:<\/strong> Escala de 0 a 10 pontos<\/li>\n<\/ul>\n<p><strong>Etapas da Prova Pr\u00e1tica:<\/strong><\/p>\n<ul>\n<li>Condu\u00e7\u00e3o de ve\u00edculo em via p\u00fablica (urbana ou rural)<\/li>\n<li>Estacionamento em vaga delimitada por balizas (tempo: 1 a 3 minutos)<\/li>\n<\/ul>\n<p>O candidato dever\u00e1 apresentar obrigatoriamente o documento original de habilita\u00e7\u00e3o exigido para o cargo no dia da prova. A aus\u00eancia ou n\u00e3o apresenta\u00e7\u00e3o da CNH implicar\u00e1 elimina\u00e7\u00e3o autom\u00e1tica.<\/p>\n<p>Para informa\u00e7\u00f5es detalhadas sobre conte\u00fado program\u00e1tico, crit\u00e9rios de avalia\u00e7\u00e3o e cronograma completo, consulte o edital oficial do certame.<\/p>\n<h2>Resultados e Gabarito<\/h2>\n<p><strong>Divulga\u00e7\u00e3o de Gabaritos:<\/strong><\/p>\n<ul>\n<li><strong>Gabarito Preliminar:<\/strong> 28 de dezembro de 2025<\/li>\n<li><strong>Gabarito Definitivo:<\/strong> Ap\u00f3s an\u00e1lise dos recursos, conforme cronograma<\/li>\n<\/ul>\n<p>Os gabaritos ser\u00e3o disponibilizados no site do Instituto ISET (https:\/\/iset.selecao.net.br\/). Em caso de anula\u00e7\u00e3o de quest\u00f5es, os pontos ser\u00e3o atribu\u00eddos a todos os candidatos presentes.<\/p>\n<p><strong>Divulga\u00e7\u00e3o dos Resultados:<\/strong><\/p>\n<ul>\n<li><strong>Resultado Final das Provas Objetivas e Prova de T\u00edtulos:<\/strong> 15 de janeiro de 2026<\/li>\n<li><strong>Resultado Final da Prova Pr\u00e1tica:<\/strong> 23 de janeiro de 2026<\/li>\n<li><strong>Resultado Final do Processo Seletivo:<\/strong> 30 de janeiro de 2026<\/li>\n<li><strong>Homologa\u00e7\u00e3o:<\/strong> Data a ser definida, conforme necessidade da Administra\u00e7\u00e3o<\/li>\n<\/ul>\n<p><strong>Crit\u00e9rios de Desempate:<\/strong><\/p>\n<ul>\n<li>Candidato com idade igual ou superior a 60 anos (Estatuto do Idoso)<\/li>\n<li>Maior pontua\u00e7\u00e3o na prova objetiva<\/li>\n<li>Maior pontua\u00e7\u00e3o em conhecimentos espec\u00edficos<\/li>\n<li>Maior pontua\u00e7\u00e3o em l\u00edngua portuguesa<\/li>\n<li>Maior pontua\u00e7\u00e3o em conhecimentos gerais e legisla\u00e7\u00e3o municipal<\/li>\n<li>Maior pontua\u00e7\u00e3o em matem\u00e1tica e racioc\u00ednio l\u00f3gico<\/li>\n<li>Maior pontua\u00e7\u00e3o na prova de t\u00edtulos<\/li>\n<li>Maior pontua\u00e7\u00e3o na prova pr\u00e1tica<\/li>\n<li>Maior idade<\/li>\n<li>Exerc\u00edcio da fun\u00e7\u00e3o de jurado<\/li>\n<\/ul>\n<p><strong>Convoca\u00e7\u00e3o:<\/strong> Os candidatos aprovados ser\u00e3o convocados conforme necessidade administrativa, respeitando rigorosamente a ordem de classifica\u00e7\u00e3o final. A convoca\u00e7\u00e3o ser\u00e1 publicada no site da Prefeitura Municipal de Mirante e\/ou no Di\u00e1rio Oficial. O candidato poder\u00e1 solicitar reclassifica\u00e7\u00e3o para o final da fila uma \u00fanica vez, durante o per\u00edodo de entrega da documenta\u00e7\u00e3o admissional.<\/p>\n<p><strong>Aten\u00e7\u00e3o:<\/strong> O acompanhamento de todas as publica\u00e7\u00f5es oficiais, incluindo convoca\u00e7\u00f5es, \u00e9 de <strong>responsabilidade exclusiva do candidato<\/strong>. Recomenda-se verificar regularmente o site do Instituto ISET e o Di\u00e1rio Oficial, al\u00e9m de manter os dados cadastrais atualizados durante toda a validade do certame.<\/p>\n","protected":false},"excerpt":{"rendered":"<p>Proc. Seletivo Pref. Mirante (BA) com edital publicado! Vagas p\/ Professor e M\u00e9dico (Fund. a Sup.). Inscri\u00e7\u00f5es a partir de 03\/12. Sal\u00e1rios at\u00e9 R$14k. Confira!<\/p>\n","protected":false},"author":5229,"featured_media":274683,"comment_status":"open","ping_status":"open","sticky":false,"template":"","format":"standard","meta":{"_acf_changed":false,"_breakdance_hide_in_design_set":false,"_breakdance_tags":"","footnotes":""},"categories":[11,6871,116,21,23,25,26,101,30,108],"tags":[42],"_amplo":[],"destaque":[],"instituicoes":[],"class_list":["post-274684","post","type-post","status-publish","format-standard","has-post-thumbnail","hentry","category-educacao-fisica","category-letras-ingles","category-matematica","category-medicina","category-nutricao","category-pedagogia","category-psicologia","category-servico-social","category-tecnico-agropecuaria","category-tecnico-enfermagem","tag-bahia"],"acf":{"_tipo_vagas":"vagas","_numero_vagas":"","_quadro_vagas":"","_cargos":"diversos","_cargos_especificos":"","_salario_max":"R$ 14000","_abertura":"20251203","_encerramento":"20251211","_inscricoes":"https:\/\/iset.selecao.net.br\/","_executora_concurso":"","_instituicao_concurso":[],"_link_adicional":null,"_anexos":null,"_produtos":null,"_vagas":"142 vagas + CR","_salario_min":"R$ 1518","_instituicao":"Prefeitura Mirante","_edital":"https:\/\/www.agrobase.com.br\/concursos\/wp-content\/uploads\/sites\/4\/2025\/12\/edital-01-2025-prefeitura-mirante-ba.pdf","_anexos_edital":"","_fund_incompleto":"","_fund_completo":"<div>\r\n<table class=\"quadro\">\r\n<thead>\r\n<tr>\r\n<th class=\"hcargo\">Cargo<\/th>\r\n<th class=\"hvagas\">Vagas<\/th>\r\n<th class=\"hremuneracao\">Remunera\u00e7\u00e3o<\/th>\r\n<\/tr>\r\n<\/thead>\r\n    <tbody>\r\n      <td class=\"ccargos\">\r\n<span data-balloon-length=\"medium\" aria-label=\"Ensino fundamental\" data-balloon-pos=\"up\">Ajudante de Caminh\u00e3o Pipa<\/span><\/td>\r\n<td class=\"cvagas\">01 + CR<\/td>\r\n<td class=\"cremuneracao\">R$ 1.518,00 \/40h<\/td>\r\n<\/tr><td class=\"ccargos\">\r\n<span data-balloon-length=\"medium\" aria-label=\"Ensino fundamental\" data-balloon-pos=\"up\">Ajudante de Pedreiro<\/span><\/td>\r\n<td class=\"cvagas\">08 + CR<\/td>\r\n<td class=\"cremuneracao\">R$ 1.518,00 \/40h<\/td>\r\n<\/tr><td class=\"ccargos\">\r\n<span data-balloon-length=\"medium\" aria-label=\"Ensino fundamental\" data-balloon-pos=\"up\">Auxiliar de Operador de M\u00e1quina Leve e Pesada<\/span><\/td>\r\n<td class=\"cvagas\">06 + CR<\/td>\r\n<td class=\"cremuneracao\">R$ 1.518,00 \/40h<\/td>\r\n<\/tr><td class=\"ccargos\">\r\n<span data-balloon-length=\"medium\" aria-label=\"Ensino fundamental\" data-balloon-pos=\"up\">Auxiliar de Servi\u00e7os Gerais<\/span><\/td>\r\n<td class=\"cvagas\">10 + CR<\/td>\r\n<td class=\"cremuneracao\">R$ 1.518,00 \/40h<\/td>\r\n<\/tr><td class=\"ccargos\">\r\n<span data-balloon-length=\"medium\" data-balloon-pos=\"up\">Motorista I<\/span><\/td>\r\n<td class=\"cvagas\">05 + CR<\/td>\r\n<td class=\"cremuneracao\">R$ 1.518,00 \/40h<\/td>\r\n<\/tr><td class=\"ccargos\">\r\n<span data-balloon-length=\"medium\" data-balloon-pos=\"up\">Motorista III<\/span><\/td>\r\n<td class=\"cvagas\">06 + CR<\/td>\r\n<td class=\"cremuneracao\">R$ 1.718,00 \/40h<\/td>\r\n<\/tr><td class=\"ccargos\">\r\n<span data-balloon-length=\"medium\" data-balloon-pos=\"up\">Motorista III<\/span><\/td>\r\n<td class=\"cvagas\">03 + CR<\/td>\r\n<td class=\"cremuneracao\">R$ 1.768,00 \/40h<\/td>\r\n<\/tr><td class=\"ccargos\">\r\n<span data-balloon-length=\"medium\" aria-label=\"Ensino fundamental acrescido de Carteira Nacional de Habilita\u00e7\u00e3o\" data-balloon-pos=\"up\">Operador de M\u00e1quina Pesada<\/span><\/td>\r\n<td class=\"cvagas\">08 + CR<\/td>\r\n<td class=\"cremuneracao\">R$ 1.718,00 \/40h<\/td>\r\n<\/tr><td class=\"ccargos\">\r\n<span data-balloon-length=\"medium\" aria-label=\"Ensino fundamental acrescido de Carteira Nacional de Habilita\u00e7\u00e3o\" data-balloon-pos=\"up\">Operador de Trator Agr\u00edcola<\/span><\/td>\r\n<td class=\"cvagas\">04 + CR<\/td>\r\n<td class=\"cremuneracao\">R$ 1.718,00 \/40h<\/td>\r\n<\/tr><td class=\"ccargos\">\r\n<span data-balloon-length=\"medium\" aria-label=\"Ensino fundamental\" data-balloon-pos=\"up\">Pedreiro<\/span><\/td>\r\n<td class=\"cvagas\">04 + CR<\/td>\r\n<td class=\"cremuneracao\">R$ 1.518,00 \/40h<\/td>\r\n<\/tr><td class=\"ccargos\">\r\n<span data-balloon-length=\"medium\" aria-label=\"Ensino fundamental\" data-balloon-pos=\"up\">Pintor<\/span><\/td>\r\n<td class=\"cvagas\">02 + CR<\/td>\r\n<td class=\"cremuneracao\">R$ 1.518,00 \/40h<\/td>\r\n<\/tr>\r\n    <\/tbody>\r\n  <\/table>\r\n<\/div>","_medio":"<div>\r\n<table class=\"quadro\">\r\n<thead>\r\n<tr>\r\n<th class=\"hcargo\">Cargo<\/th>\r\n<th class=\"hvagas\">Vagas<\/th>\r\n<th class=\"hremuneracao\">Remunera\u00e7\u00e3o<\/th>\r\n<\/tr>\r\n<\/thead>\r\n    <tbody>\r\n      <td class=\"ccargos\">\r\n<span data-balloon-length=\"medium\" aria-label=\"Ensino m\u00e9dio\" data-balloon-pos=\"up\">Abordador Social<\/span><\/td>\r\n<td class=\"cvagas\">01 + CR<\/td>\r\n<td class=\"cremuneracao\">R$ 1.518,00 \/40h<\/td>\r\n<\/tr><td class=\"ccargos\">\r\n<span data-balloon-length=\"medium\" aria-label=\"Ensino m\u00e9dio\" data-balloon-pos=\"up\">Assistente de Mec\u00e2nico<\/span><\/td>\r\n<td class=\"cvagas\">01 + CR<\/td>\r\n<td class=\"cremuneracao\">R$ 1.518,00 \/40h<\/td>\r\n<\/tr><td class=\"ccargos\">\r\n<span data-balloon-length=\"medium\" aria-label=\"Ensino m\u00e9dio\" data-balloon-pos=\"up\">Assistente de Secretaria<\/span><\/td>\r\n<td class=\"cvagas\">06 + CR<\/td>\r\n<td class=\"cremuneracao\">R$ 1.518,00 \/40h<\/td>\r\n<\/tr><td class=\"ccargos\">\r\n<span data-balloon-length=\"medium\" aria-label=\"Ensino m\u00e9dio\" data-balloon-pos=\"up\">Auxiliar de Classe<\/span><\/td>\r\n<td class=\"cvagas\">10 + CR<\/td>\r\n<td class=\"cremuneracao\">R$ 1.518,00 \/40h<\/td>\r\n<\/tr><td class=\"ccargos\">\r\n<span data-balloon-length=\"medium\" aria-label=\"Ensino m\u00e9dio acrescido de Curso T\u00e9cnico em Mec\u00e2nica\" data-balloon-pos=\"up\">Chefe de Oficina<\/span><\/td>\r\n<td class=\"cvagas\">01 + CR<\/td>\r\n<td class=\"cremuneracao\">R$ 1.800,00 \/40h<\/td>\r\n<\/tr><td class=\"ccargos\">\r\n<span data-balloon-length=\"medium\" aria-label=\"Ensino m\u00e9dio\" data-balloon-pos=\"up\">Cuidador Educacional<\/span><\/td>\r\n<td class=\"cvagas\">08 + CR<\/td>\r\n<td class=\"cremuneracao\">R$ 1.518,00 \/40h<\/td>\r\n<\/tr><td class=\"ccargos\">\r\n<span data-balloon-length=\"medium\" aria-label=\"Ensino m\u00e9dio acrescido de Curso T\u00e9cnico em El\u00e9trica\" data-balloon-pos=\"up\">Eletricista<\/span><\/td>\r\n<td class=\"cvagas\">02 + CR<\/td>\r\n<td class=\"cremuneracao\">R$ 1.800,00 \/40h<\/td>\r\n<\/tr><td class=\"ccargos\">\r\n<span data-balloon-length=\"medium\" aria-label=\"Ensino m\u00e9dio acrescido de Curso T\u00e9cnico em Mec\u00e2nica\" data-balloon-pos=\"up\">Mec\u00e2nico<\/span><\/td>\r\n<td class=\"cvagas\">02 + CR<\/td>\r\n<td class=\"cremuneracao\">R$ 1.800,00 \/40h<\/td>\r\n<\/tr><td class=\"ccargos\">\r\n<span data-balloon-length=\"medium\" aria-label=\"Ensino m\u00e9dio acrescido de Curso T\u00e9cnico de Soldagem\" data-balloon-pos=\"up\">Soldador<\/span><\/td>\r\n<td class=\"cvagas\">01 + CR<\/td>\r\n<td class=\"cremuneracao\">R$ 1.800,00 \/40h<\/td>\r\n<\/tr><td class=\"ccargos\">\r\n<span data-balloon-length=\"medium\" aria-label=\"Ensino m\u00e9dio acrescido de Curso T\u00e9cnico em Enfermagem acrescido de Registro no Conselho\" data-balloon-pos=\"up\">T\u00e9cnico de Enfermagem (ESF)<\/span><\/td>\r\n<td class=\"cvagas\">06 + CR<\/td>\r\n<td class=\"cremuneracao\">R$ 3.022,72 \/40h<\/td>\r\n<\/tr><td class=\"ccargos\">\r\n<span data-balloon-length=\"medium\" aria-label=\"Ensino m\u00e9dio acrescido de Curso T\u00e9cnico em Enfermagem\" data-balloon-pos=\"up\">T\u00e9cnico de Enfermagem (Plant\u00e3o)<\/span><\/td>\r\n<td class=\"cvagas\">05 + CR<\/td>\r\n<td class=\"cremuneracao\">R$ 3.022,72 \/40h<\/td>\r\n<\/tr><td class=\"ccargos\">\r\n<span data-balloon-length=\"medium\" aria-label=\"Ensino m\u00e9dio acrescido de Curso T\u00e9cnico em Agropecu\u00e1ria\" data-balloon-pos=\"up\">T\u00e9cnico em Agropecu\u00e1ria<\/span><\/td>\r\n<td class=\"cvagas\">04 + CR<\/td>\r\n<td class=\"cremuneracao\">R$ 1.800,00 \/40h<\/td>\r\n<\/tr>\r\n    <\/tbody>\r\n  <\/table>\r\n<\/div>","_superior":"<div>\r\n<table class=\"quadro\">\r\n<thead>\r\n<tr>\r\n<th class=\"hcargo\">Cargo<\/th>\r\n<th class=\"hvagas\">Vagas<\/th>\r\n<th class=\"hremuneracao\">Remunera\u00e7\u00e3o<\/th>\r\n<\/tr>\r\n<\/thead>\r\n    <tbody>\r\n      <tr>\r\n<td class=\"ccargos\">\r\n<span data-balloon-length=\"medium\" aria-label=\"Ensino superior em Servi\u00e7o Social acrescido de Registro no Conselho\" data-balloon-pos=\"up\">Assistente Social<\/span><\/td>\r\n<td class=\"cvagas\">03 + CR<\/td>\r\n<td class=\"cremuneracao\">R$ 2.000,00 \/30h<\/td>\r\n<\/tr><tr>\r\n<td class=\"ccargos\">\r\n<span data-balloon-length=\"medium\" aria-label=\"Ensino superior em bacharelado em Educa\u00e7\u00e3o F\u00edsica acrescido de Registro no Conselho\" data-balloon-pos=\"up\">Educador F\u00edsico<\/span><\/td>\r\n<td class=\"cvagas\">03 + CR<\/td>\r\n<td class=\"cremuneracao\">R$ 2.000,00 \/40h<\/td>\r\n<\/tr><tr>\r\n<td class=\"ccargos\">\r\n<span data-balloon-length=\"medium\" aria-label=\"Ensino superior em Medicina acrescido do Registro no Conselho\" data-balloon-pos=\"up\">M\u00e9dico (ESF)<\/span><\/td>\r\n<td class=\"cvagas\">04 + CR<\/td>\r\n<td class=\"cremuneracao\">R$ 14.000,00 \/40h<\/td>\r\n<\/tr><tr>\r\n<td class=\"ccargos\">\r\n<span data-balloon-length=\"medium\" aria-label=\"Ensino superior em Nutri\u00e7\u00e3o acrescido do Registro no Conselho\" data-balloon-pos=\"up\">Nutricionista<\/span><\/td>\r\n<td class=\"cvagas\">01 + CR<\/td>\r\n<td class=\"cremuneracao\">R$ 2.000,00 \/40h<\/td>\r\n<\/tr><tr>\r\n<td class=\"ccargos\">\r\n<span data-balloon-length=\"medium\" aria-label=\"Ensino superior em Licenciatura em Letras Modernas\" data-balloon-pos=\"up\">Professor - Letras Modernas (Ingl\u00eas)<\/span><\/td>\r\n<td class=\"cvagas\">01 + CR<\/td>\r\n<td class=\"cremuneracao\">R$ 1.701,85 \/20h<\/td>\r\n<\/tr><tr>\r\n<td class=\"ccargos\">\r\n<span data-balloon-length=\"medium\" aria-label=\"Ensino superior em Licenciatura em Matem\u00e1tica\" data-balloon-pos=\"up\">Professor - Matem\u00e1tica<\/span><\/td>\r\n<td class=\"cvagas\">01 + CR<\/td>\r\n<td class=\"cremuneracao\">R$ 1.701,85 \/20h<\/td>\r\n<\/tr><tr>\r\n<td class=\"ccargos\">\r\n<span data-balloon-length=\"medium\" aria-label=\"Ensino superior em Pedagogia\" data-balloon-pos=\"up\">Professor<\/span><\/td>\r\n<td class=\"cvagas\">20 + CR<\/td>\r\n<td class=\"cremuneracao\">R$ 1.701,85 \/20h<\/td>\r\n<\/tr><tr>\r\n<td class=\"ccargos\">\r\n<span data-balloon-length=\"medium\" aria-label=\"Ensino superior em Psicologia acrescido do Registro no Conselho\" data-balloon-pos=\"up\">Psic\u00f3logo<\/span><\/td>\r\n<td class=\"cvagas\">04 + CR<\/td>\r\n<td class=\"cremuneracao\">R$ 2.000,00 \/40h<\/td>\r\n<\/tr><tr>\r\n<td class=\"ccargos\">\r\n<span data-balloon-length=\"medium\" aria-label=\"Pedagogia ou Psicologia, acrescido de curso de especializa\u00e7\u00e3o em Psicopedagogia\" data-balloon-pos=\"up\">Psicopedagogo<\/span><\/td>\r\n<td class=\"cvagas\">02 + CR<\/td>\r\n<td class=\"cremuneracao\">R$ 2.400,00 \/40h<\/td>\r\n<\/tr>\r\n    <\/tbody>\r\n  <\/table>\r\n<\/div>"},"_links":{"self":[{"href":"https:\/\/www.agrobase.com.br\/concursos\/wp-json\/wp\/v2\/posts\/274684","targetHints":{"allow":["GET"]}}],"collection":[{"href":"https:\/\/www.agrobase.com.br\/concursos\/wp-json\/wp\/v2\/posts"}],"about":[{"href":"https:\/\/www.agrobase.com.br\/concursos\/wp-json\/wp\/v2\/types\/post"}],"author":[{"embeddable":true,"href":"https:\/\/www.agrobase.com.br\/concursos\/wp-json\/wp\/v2\/users\/5229"}],"replies":[{"embeddable":true,"href":"https:\/\/www.agrobase.com.br\/concursos\/wp-json\/wp\/v2\/comments?post=274684"}],"version-history":[{"count":4,"href":"https:\/\/www.agrobase.com.br\/concursos\/wp-json\/wp\/v2\/posts\/274684\/revisions"}],"predecessor-version":[{"id":274756,"href":"https:\/\/www.agrobase.com.br\/concursos\/wp-json\/wp\/v2\/posts\/274684\/revisions\/274756"}],"wp:featuredmedia":[{"embeddable":true,"href":"https:\/\/www.agrobase.com.br\/concursos\/wp-json\/wp\/v2\/media\/274683"}],"wp:attachment":[{"href":"https:\/\/www.agrobase.com.br\/concursos\/wp-json\/wp\/v2\/media?parent=274684"}],"wp:term":[{"taxonomy":"category","embeddable":true,"href":"https:\/\/www.agrobase.com.br\/concursos\/wp-json\/wp\/v2\/categories?post=274684"},{"taxonomy":"post_tag","embeddable":true,"href":"https:\/\/www.agrobase.com.br\/concursos\/wp-json\/wp\/v2\/tags?post=274684"},{"taxonomy":"_amplo","embeddable":true,"href":"https:\/\/www.agrobase.com.br\/concursos\/wp-json\/wp\/v2\/_amplo?post=274684"},{"taxonomy":"destaque","embeddable":true,"href":"https:\/\/www.agrobase.com.br\/concursos\/wp-json\/wp\/v2\/destaque?post=274684"},{"taxonomy":"instituicoes","embeddable":true,"href":"https:\/\/www.agrobase.com.br\/concursos\/wp-json\/wp\/v2\/instituicoes?post=274684"}],"curies":[{"name":"wp","href":"https:\/\/api.w.org\/{rel}","templated":true}]}}