{"id":274658,"date":"2025-12-04T07:40:42","date_gmt":"2025-12-04T10:40:42","guid":{"rendered":"https:\/\/www.agrobase.com.br\/concursos\/?p=274658"},"modified":"2025-12-03T17:29:21","modified_gmt":"2025-12-03T20:29:21","slug":"unirio-rj-concurso-190-2025","status":"publish","type":"post","link":"https:\/\/www.agrobase.com.br\/concursos\/2025\/unirio-rj-concurso-190-2025\/","title":{"rendered":"UNIRIO (RJ) &#8211; Concurso 190\/2025"},"content":{"rendered":"<h2>Informa\u00e7\u00f5es Gerais<\/h2>\n<p>A <strong>Universidade Federal do Estado do Rio de Janeiro (UNIRIO)<\/strong> publicou edital de concurso p\u00fablico destinado ao provimento de <strong>127 vagas<\/strong> para cargos efetivos da carreira de t\u00e9cnico-administrativo em educa\u00e7\u00e3o. O certame \u00e9 organizado pelo <strong>Instituto AOCP<\/strong> e oferece oportunidades para candidatos de n\u00edveis m\u00e9dio\/t\u00e9cnico e superior.<\/p>\n<p>As vagas est\u00e3o distribu\u00eddas em diversas \u00e1reas administrativas, t\u00e9cnicas e de sa\u00fade. Para o <strong>n\u00edvel m\u00e9dio\/t\u00e9cnico<\/strong>, destacam-se cargos como Assistente em Administra\u00e7\u00e3o (57 vagas), T\u00e9cnico em Enfermagem (13 vagas), T\u00e9cnico de Tecnologia da Informa\u00e7\u00e3o (6 vagas) e T\u00e9cnico em Radiologia (5 vagas). H\u00e1 tamb\u00e9m oportunidades para T\u00e9cnico de Laborat\u00f3rio nas \u00e1reas de An\u00e1lises Cl\u00ednicas e <strong>Qu\u00edmica\/Alimentos<\/strong>.<\/p>\n<p>Para o <strong>n\u00edvel superior<\/strong>, o concurso contempla cargos como Administrador, Analista de Tecnologia da Informa\u00e7\u00e3o, Bibliotec\u00e1rio-Documentalista, Enfermeiro e diversas especialidades m\u00e9dicas. Merece destaque a oferta de vagas para <strong>Bi\u00f3logo<\/strong> (2 vagas) e <strong>Nutricionista<\/strong> (1 vaga), \u00e1reas de interesse para profissionais das ci\u00eancias biol\u00f3gicas e da sa\u00fade.<\/p>\n<p>O regime de contrata\u00e7\u00e3o \u00e9 <strong>estatut\u00e1rio<\/strong>, com remunera\u00e7\u00f5es iniciais que variam de <strong>R$ 2.483,52<\/strong> a <strong>R$ 4.967,04<\/strong>, conforme o cargo. Al\u00e9m do vencimento b\u00e1sico, os aprovados poder\u00e3o receber aux\u00edlio-alimenta\u00e7\u00e3o, aux\u00edlio-transporte, aux\u00edlio pr\u00e9-escolar, assist\u00eancia \u00e0 sa\u00fade suplementar e outros benef\u00edcios previstos em lei. O concurso ter\u00e1 validade de 2 anos, podendo ser prorrogado por igual per\u00edodo.<\/p>\n<p>Continue a leitura para conhecer os detalhes sobre inscri\u00e7\u00f5es, etapas do processo seletivo e cronograma de resultados.<\/p>\n<h2>Inscri\u00e7\u00f5es<\/h2>\n<p>As inscri\u00e7\u00f5es para o concurso da UNIRIO ser\u00e3o realizadas <strong>exclusivamente pela internet<\/strong>, por meio do site <strong>www.institutoaocp.org.br<\/strong>, no per\u00edodo de <strong>15 de outubro de 2025<\/strong> a <strong>10 de dezembro de 2025<\/strong>.<\/p>\n<p>Para efetuar a inscri\u00e7\u00e3o, o candidato dever\u00e1:<\/p>\n<ul>\n<li>Acessar o site do Instituto AOCP e preencher o Formul\u00e1rio de Solicita\u00e7\u00e3o de Inscri\u00e7\u00e3o;<\/li>\n<li>Gerar e imprimir o boleto banc\u00e1rio;<\/li>\n<li>Efetuar o pagamento da taxa at\u00e9 a data de vencimento indicada no boleto.<\/li>\n<\/ul>\n<p>Os <strong>valores das taxas de inscri\u00e7\u00e3o<\/strong> s\u00e3o:<\/p>\n<ul>\n<li><strong>N\u00edvel M\u00e9dio\/T\u00e9cnico:<\/strong> consultar edital para valor espec\u00edfico;<\/li>\n<li><strong>N\u00edvel Superior:<\/strong> consultar edital para valor espec\u00edfico.<\/li>\n<\/ul>\n<p>O candidato que n\u00e3o efetuar o pagamento at\u00e9 o vencimento dever\u00e1 acessar o site para emitir a segunda via do boleto e realizar o pagamento dentro do prazo limite estabelecido no cronograma. <strong>Pagamentos realizados ap\u00f3s a data limite n\u00e3o ser\u00e3o aceitos.<\/strong><\/p>\n<p>Quanto \u00e0 <strong>isen\u00e7\u00e3o da taxa de inscri\u00e7\u00e3o<\/strong>, o candidato dever\u00e1 consultar o edital completo para verificar os crit\u00e9rios e procedimentos espec\u00edficos para solicita\u00e7\u00e3o desse benef\u00edcio.<\/p>\n<p>Ap\u00f3s a confirma\u00e7\u00e3o do pagamento, o candidato poder\u00e1 acompanhar o status de sua inscri\u00e7\u00e3o no site do Instituto AOCP. O edital de deferimento das inscri\u00e7\u00f5es ser\u00e1 divulgado conforme cronograma previsto, contendo a listagem dos candidatos com inscri\u00e7\u00e3o confirmada.<\/p>\n<p><strong>Importante:<\/strong> N\u00e3o ser\u00e1 permitida altera\u00e7\u00e3o do cargo escolhido ap\u00f3s a finaliza\u00e7\u00e3o da inscri\u00e7\u00e3o. Recomenda-se a leitura integral do edital para conhecimento de todas as regras e procedimentos.<\/p>\n<h2>Etapas e Provas<\/h2>\n<p>O concurso da UNIRIO ser\u00e1 realizado em <strong>uma \u00fanica etapa<\/strong>, composta por duas fases:<\/p>\n<ul>\n<li><strong>Fase 1:<\/strong> Prova Objetiva (car\u00e1ter eliminat\u00f3rio e classificat\u00f3rio);<\/li>\n<li><strong>Fase 2:<\/strong> Confirma\u00e7\u00e3o Complementar da Autodeclara\u00e7\u00e3o (para candidatos inscritos como PcD, PPP, Ind\u00edgenas e Quilombolas).<\/li>\n<\/ul>\n<p><strong>Prova Objetiva<\/strong><\/p>\n<p>A prova objetiva ser\u00e1 composta por <strong>70 quest\u00f5es de m\u00faltipla escolha<\/strong>, cada uma com 5 alternativas e apenas uma resposta correta. As quest\u00f5es ser\u00e3o distribu\u00eddas entre as \u00e1reas de <strong>Conhecimentos B\u00e1sicos<\/strong> e <strong>Conhecimentos Espec\u00edficos<\/strong>.<\/p>\n<p>As disciplinas de Conhecimentos B\u00e1sicos incluem:<\/p>\n<ul>\n<li>L\u00edngua Portuguesa;<\/li>\n<li>Racioc\u00ednio L\u00f3gico;<\/li>\n<li>Legisla\u00e7\u00e3o;<\/li>\n<li>Inform\u00e1tica.<\/li>\n<\/ul>\n<p><strong>Crit\u00e9rios de aprova\u00e7\u00e3o:<\/strong><\/p>\n<ul>\n<li>N\u00e3o zerar em nenhuma das \u00e1reas de Conhecimentos B\u00e1sicos;<\/li>\n<li>Obter aproveitamento igual ou superior a <strong>60%<\/strong> em Conhecimentos B\u00e1sicos;<\/li>\n<li>Obter aproveitamento igual ou superior a <strong>60%<\/strong> em Conhecimentos Espec\u00edficos.<\/li>\n<\/ul>\n<p><strong>Condi\u00e7\u00f5es de realiza\u00e7\u00e3o:<\/strong><\/p>\n<ul>\n<li><strong>Local:<\/strong> Cidade do Rio de Janeiro\/RJ (podendo ser aplicada em cidades vizinhas, se necess\u00e1rio);<\/li>\n<li><strong>Dura\u00e7\u00e3o:<\/strong> 4 horas, incluindo o preenchimento da folha de respostas;<\/li>\n<li>O candidato dever\u00e1 comparecer com anteced\u00eancia m\u00ednima de 45 minutos, portando documento de identifica\u00e7\u00e3o oficial com foto, caneta esferogr\u00e1fica transparente (azul ou preta) e o Cart\u00e3o de Informa\u00e7\u00e3o do Candidato.<\/li>\n<\/ul>\n<p>O gabarito preliminar e o caderno de quest\u00f5es ser\u00e3o divulgados no dia seguinte \u00e0 aplica\u00e7\u00e3o da prova, no site do Instituto AOCP.<\/p>\n<p>Para informa\u00e7\u00f5es detalhadas sobre conte\u00fado program\u00e1tico, pontua\u00e7\u00e3o por disciplina e demais regras, consulte o edital completo e seus anexos.<\/p>\n<h2>Resultados e Gabarito<\/h2>\n<p><strong>Divulga\u00e7\u00e3o de Gabaritos<\/strong><\/p>\n<p>O <strong>gabarito preliminar<\/strong> e o caderno de quest\u00f5es da prova objetiva ser\u00e3o divulgados <strong>1 dia ap\u00f3s a aplica\u00e7\u00e3o da prova<\/strong>, no site www.institutoaocp.org.br. Ap\u00f3s an\u00e1lise dos recursos, ser\u00e1 publicado o <strong>gabarito definitivo<\/strong>.<\/p>\n<p><strong>Resultado e Classifica\u00e7\u00e3o<\/strong><\/p>\n<p>A nota final dos candidatos corresponder\u00e1 \u00e0 pontua\u00e7\u00e3o obtida na prova objetiva. Os candidatos ser\u00e3o classificados em ordem decrescente de nota, separados por grupo de cargo (n\u00edvel m\u00e9dio e n\u00edvel superior) e tipo de vaga.<\/p>\n<p><strong>Crit\u00e9rios de desempate<\/strong> (aplicados sucessivamente):<\/p>\n<ul>\n<li>Maior idade, para candidatos com 60 anos ou mais (conforme Estatuto do Idoso);<\/li>\n<li>Maior pontua\u00e7\u00e3o em Conhecimentos Espec\u00edficos;<\/li>\n<li>Maior pontua\u00e7\u00e3o em L\u00edngua Portuguesa;<\/li>\n<li>Maior pontua\u00e7\u00e3o em Racioc\u00ednio L\u00f3gico;<\/li>\n<li>Maior pontua\u00e7\u00e3o em Legisla\u00e7\u00e3o;<\/li>\n<li>Maior pontua\u00e7\u00e3o em Inform\u00e1tica;<\/li>\n<li>Candidato com mais idade (considerando dia, m\u00eas, ano e, se necess\u00e1rio, hora e minuto de nascimento).<\/li>\n<\/ul>\n<p>O resultado final ser\u00e1 publicado em <strong>cinco listas<\/strong> para cada grupo de cargo: Ampla Concorr\u00eancia, Pessoas com Defici\u00eancia, Pretos e Pardos, Ind\u00edgenas e Quilombolas.<\/p>\n<p><strong>Homologa\u00e7\u00e3o<\/strong><\/p>\n<p>Ap\u00f3s a an\u00e1lise de todos os recursos, o resultado final ser\u00e1 <strong>homologado pela UNIRIO<\/strong> e publicado no <strong>Di\u00e1rio Oficial da Uni\u00e3o<\/strong> e no site do Instituto AOCP. A homologa\u00e7\u00e3o \u00e9 o ato oficial que valida o resultado do concurso.<\/p>\n<p><strong>Convoca\u00e7\u00e3o<\/strong><\/p>\n<p>Os candidatos aprovados ser\u00e3o convocados por meio de publica\u00e7\u00e3o no Di\u00e1rio Oficial da Uni\u00e3o e notificados pela UNIRIO. A convoca\u00e7\u00e3o obedecer\u00e1 \u00e0 ordem de classifica\u00e7\u00e3o e ocorrer\u00e1 conforme a necessidade da institui\u00e7\u00e3o, dentro do prazo de validade do concurso.<\/p>\n<p><strong>O acompanhamento das publica\u00e7\u00f5es oficiais no site da banca organizadora e no Di\u00e1rio Oficial da Uni\u00e3o \u00e9 de responsabilidade exclusiva do candidato.<\/strong> N\u00e3o ser\u00e3o fornecidas informa\u00e7\u00f5es por telefone ou e-mail sobre datas, locais e resultados.<\/p>\n","protected":false},"excerpt":{"rendered":"<p>Concurso UNIRIO (RJ) com edital publicado! 127 vagas p\/ Assistente Adm. e T\u00e9cnico Enfermagem (M\u00e9dio\/Sup.). Inscri\u00e7\u00f5es a partir de 15\/10. Confira detalhes!<\/p>\n","protected":false},"author":5229,"featured_media":274657,"comment_status":"open","ping_status":"open","sticky":false,"template":"","format":"standard","meta":{"_acf_changed":false,"_breakdance_hide_in_design_set":false,"_breakdance_tags":"","footnotes":""},"categories":[3,94,6,9,12,103,104,136,17,21,23,25,26,101,128,108,130,159],"tags":[56],"_amplo":[],"destaque":[],"instituicoes":[],"class_list":["post-274658","post","type-post","status-publish","format-standard","has-post-thumbnail","hentry","category-administracao","category-biblioteconomia","category-biologia","category-ciencias-contabeis","category-enfermagem","category-engenharia-eletrica","category-engenharia-mecanica","category-estatistica","category-farmacia","category-medicina","category-nutricao","category-pedagogia","category-psicologia","category-servico-social","category-tecnico-em-contabilidade","category-tecnico-enfermagem","category-tecnico-informatica","category-tecnologia-da-informacao","tag-rio-de-janeiro"],"acf":{"_tipo_vagas":"vagas","_numero_vagas":"","_quadro_vagas":"","_cargos":"diversos","_cargos_especificos":"","_salario_max":"R$ 4967.04","_abertura":"20251015","_encerramento":"20251210","_inscricoes":"https:\/\/www.institutoaocp.org.br","_executora_concurso":"","_instituicao_concurso":[],"_link_adicional":null,"_anexos":null,"_produtos":null,"_vagas":"127 vagas","_salario_min":"R$ 2483.52","_instituicao":"UNIRIO","_edital":"https:\/\/www.agrobase.com.br\/concursos\/wp-content\/uploads\/sites\/4\/2025\/12\/edital-190-2025-unirio.pdf","_anexos_edital":"","_fund_incompleto":"","_fund_completo":"","_medio":"<div>\r\n<table class=\"quadro\">\r\n<thead>\r\n<tr>\r\n<th class=\"hcargo\">Cargo<\/th>\r\n<th class=\"hvagas\">Vagas<\/th>\r\n\r\n<\/tr>\r\n<\/thead>\r\n    <tbody>\r\n      <td class=\"ccargos\">\r\n<span data-balloon-length=\"medium\" aria-label=\"Diploma ou certificado de conclus\u00e3o, devidamente registrado, de curso de n\u00edvel m\u00e9dio, fornecido por institui\u00e7\u00e3o de ensino reconhecida pelo Minist\u00e9rio da Educa\u00e7\u00e3o.\" data-balloon-pos=\"up\">Assistente de Alunos<\/span><\/td>\r\n<td class=\"cvagas\">01<\/td>\r\n\r\n<\/tr><td class=\"ccargos\">\r\n<span data-balloon-length=\"medium\" aria-label=\"Diploma ou certificado de conclus\u00e3o, devidamente registrado, de curso de ensino m\u00e9dio, fornecido por institui\u00e7\u00e3o de ensino reconhecida pelo Minist\u00e9rio da Educa\u00e7\u00e3o.\" data-balloon-pos=\"up\">Assistente em Administra\u00e7\u00e3o<\/span><\/td>\r\n<td class=\"cvagas\">57<\/td>\r\n\r\n<\/tr><td class=\"ccargos\">\r\n<span data-balloon-length=\"medium\" aria-label=\"Diploma ou certificado de conclus\u00e3o, devidamente registrado, de curso de n\u00edvel m\u00e9dio profissionalizante na \u00e1rea de An\u00e1lises Cl\u00ednicas, fornecido por institui\u00e7\u00e3o de ensino reconhecida pelo Minist\u00e9rio da Educa\u00e7\u00e3o, OU diploma ou certificado de conclus\u00e3o de ensino m\u00e9dio completo + curso t\u00e9cnico de An\u00e1lises Cl\u00ednicas, fornecido por institui\u00e7\u00e3o de ensino reconhecida pelo Minist\u00e9rio da Educa\u00e7\u00e3o.\" data-balloon-pos=\"up\">T\u00e9cnico de Laborat\u00f3rio - \u00c1rea: An\u00e1lises Cl\u00ednicas<\/span><\/td>\r\n<td class=\"cvagas\">02<\/td>\r\n\r\n<\/tr><td class=\"ccargos\">\r\n<span data-balloon-length=\"medium\" aria-label=\"Diploma ou certificado de conclus\u00e3o, devidamente registrado, de curso de n\u00edvel m\u00e9dio profissionalizante na \u00e1rea de Qu\u00edmica ou Alimentos, fornecido por institui\u00e7\u00e3o de ensino reconhecida pelo Minist\u00e9rio da Educa\u00e7\u00e3o, OU diploma ou certificado de conclus\u00e3o de ensino m\u00e9dio completo + curso t\u00e9cnico de Qu\u00edmica ou Alimentos, fornecido por institui\u00e7\u00e3o de ensino reconhecida pelo Minist\u00e9rio da Educa\u00e7\u00e3o.\" data-balloon-pos=\"up\">T\u00e9cnico de Laborat\u00f3rio - \u00c1rea: Qu\u00edmica\/Alimentos<\/span><\/td>\r\n<td class=\"cvagas\">02<\/td>\r\n\r\n<\/tr><td class=\"ccargos\">\r\n<span data-balloon-length=\"medium\" aria-label=\"Diploma ou certificado de conclus\u00e3o, devidamente registrado, de curso de n\u00edvel m\u00e9dio profissionalizante na \u00e1rea de Tecnologia da Informa\u00e7\u00e3o, fornecido por institui\u00e7\u00e3o de ensino reconhecida pelo Minist\u00e9rio da Educa\u00e7\u00e3o, OU diploma ou certificado de conclus\u00e3o de ensino m\u00e9dio completo + curso t\u00e9cnico na \u00e1rea de Tecnologia da Informa\u00e7\u00e3o, fornecido por institui\u00e7\u00e3o de ensino reconhecida pelo Minist\u00e9rio da Educa\u00e7\u00e3o.\" data-balloon-pos=\"up\">T\u00e9cnico de Tecnologia da Informa\u00e7\u00e3o<\/span><\/td>\r\n<td class=\"cvagas\">06<\/td>\r\n\r\n<\/tr><td class=\"ccargos\">\r\n<span data-balloon-length=\"medium\" aria-label=\"Diploma ou certificado de conclus\u00e3o, devidamente registrado, de curso de n\u00edvel m\u00e9dio profissionalizante em contabilidade, fornecido por institui\u00e7\u00e3o de ensino reconhecida pelo Minist\u00e9rio da Educa\u00e7\u00e3o, OU diploma ou certificado de conclus\u00e3o de ensino m\u00e9dio completo + curso t\u00e9cnico de contabilidade, fornecido por institui\u00e7\u00e3o de ensino reconhecida pelo Minist\u00e9rio da Educa\u00e7\u00e3o. E ainda, registro profissional no Conselho Competente.\" data-balloon-pos=\"up\">T\u00e9cnico em Contabilidade<\/span><\/td>\r\n<td class=\"cvagas\">02<\/td>\r\n\r\n<\/tr><td class=\"ccargos\">\r\n<span data-balloon-length=\"medium\" aria-label=\"Diploma ou certificado de conclus\u00e3o, devidamente registrado, de curso de n\u00edvel m\u00e9dio profissionalizante em Enfermagem, fornecido por institui\u00e7\u00e3o de ensino reconhecida pelo Minist\u00e9rio da Educa\u00e7\u00e3o, OU diploma ou certificado de conclus\u00e3o de ensino m\u00e9dio completo + curso t\u00e9cnico em Enfermagem, fornecido por institui\u00e7\u00e3o de ensino reconhecida pelo Minist\u00e9rio da Educa\u00e7\u00e3o. E ainda, registro profissional ativo e regular no Conselho competente.\" data-balloon-pos=\"up\">T\u00e9cnico em Enfermagem<\/span><\/td>\r\n<td class=\"cvagas\">13<\/td>\r\n\r\n<\/tr><td class=\"ccargos\">\r\n<span data-balloon-length=\"medium\" aria-label=\"Diploma ou certificado de conclus\u00e3o, devidamente registrado, de curso de n\u00edvel m\u00e9dio profissionalizante em Radiologia, fornecido por institui\u00e7\u00e3o de ensino reconhecida pelo Minist\u00e9rio da Educa\u00e7\u00e3o, OU diploma ou certificado de conclus\u00e3o de ensino m\u00e9dio completo + curso t\u00e9cnico em Radiologia, fornecido por institui\u00e7\u00e3o de ensino reconhecida pelo Minist\u00e9rio da Educa\u00e7\u00e3o. E ainda, registro profissional ativo e regular no Conselho competente.\" data-balloon-pos=\"up\">T\u00e9cnico em Radiologia<\/span><\/td>\r\n<td class=\"cvagas\">05<\/td>\r\n\r\n<\/tr>\r\n    <\/tbody>\r\n  <\/table>\r\n<\/div>","_superior":"<div>\r\n<table class=\"quadro\">\r\n<thead>\r\n<tr>\r\n<th class=\"hcargo\">Cargo<\/th>\r\n<th class=\"hvagas\">Vagas<\/th>\r\n\r\n<\/tr>\r\n<\/thead>\r\n    <tbody>\r\n      <tr>\r\n<td class=\"ccargos\">\r\n<span data-balloon-length=\"medium\" aria-label=\"Diploma ou certificado de conclus\u00e3o, devidamente registrado, de curso de n\u00edvel superior em Administra\u00e7\u00e3o, Administra\u00e7\u00e3o P\u00fablica, Gest\u00e3o P\u00fablica ou Gest\u00e3o de Pol\u00edticas P\u00fablicas, fornecido por institui\u00e7\u00e3o de ensino reconhecida pelo Minist\u00e9rio da Educa\u00e7\u00e3o, e registro profissional ativo e regular no Conselho competente.\" data-balloon-pos=\"up\">Administrador<\/span><\/td>\r\n<td class=\"cvagas\">03<\/td>\r\n\r\n<\/tr><tr>\r\n<td class=\"ccargos\">\r\n<span data-balloon-length=\"medium\" aria-label=\"Diploma ou certificado de conclus\u00e3o, devidamente registrado, de curso de n\u00edvel superior na \u00e1rea de Tecnologia da Informa\u00e7\u00e3o, fornecido por institui\u00e7\u00e3o de ensino reconhecida pelo Minist\u00e9rio da Educa\u00e7\u00e3o, e registro profissional ativo e regular no Conselho competente.\" data-balloon-pos=\"up\">Analista de Tecnologia da Informa\u00e7\u00e3o<\/span><\/td>\r\n<td class=\"cvagas\">03<\/td>\r\n\r\n<\/tr><tr>\r\n<td class=\"ccargos\">\r\n<span data-balloon-length=\"medium\" aria-label=\"Diploma ou certificado de conclus\u00e3o, devidamente registrado, de curso de n\u00edvel superior em Servi\u00e7o Social, fornecido por institui\u00e7\u00e3o de ensino reconhecida pelo Minist\u00e9rio da Educa\u00e7\u00e3o, e registro profissional no Conselho competente.\" data-balloon-pos=\"up\">Assistente Social<\/span><\/td>\r\n<td class=\"cvagas\">02<\/td>\r\n\r\n<\/tr><tr>\r\n<td class=\"ccargos\">\r\n<span data-balloon-length=\"medium\" aria-label=\"Diploma ou certificado de conclus\u00e3o, devidamente registrado, de curso de n\u00edvel superior em Biblioteconomia ou Ci\u00eancia da Informa\u00e7\u00e3o, fornecido por institui\u00e7\u00e3o de ensino reconhecida pelo Minist\u00e9rio da Educa\u00e7\u00e3o, e registro profissional ativo e regular no Conselho competente.\" data-balloon-pos=\"up\">Bibliotec\u00e1rio-Documentalista<\/span><\/td>\r\n<td class=\"cvagas\">04<\/td>\r\n\r\n<\/tr><tr>\r\n<td class=\"ccargos\">\r\n<span data-balloon-length=\"medium\" aria-label=\"Diploma ou certificado de conclus\u00e3o, devidamente registrado, de curso de n\u00edvel superior em Biologia\/Ci\u00eancias Biol\u00f3gicas, fornecido por institui\u00e7\u00e3o de ensino reconhecida pelo Minist\u00e9rio da Educa\u00e7\u00e3o, e registro profissional ativo e regular no Conselho competente.\" data-balloon-pos=\"up\">Bi\u00f3logo<\/span><\/td>\r\n<td class=\"cvagas\">02<\/td>\r\n\r\n<\/tr><tr>\r\n<td class=\"ccargos\">\r\n<span data-balloon-length=\"medium\" aria-label=\"Diploma ou certificado de conclus\u00e3o, devidamente registrado, de curso de n\u00edvel superior em Ci\u00eancias Cont\u00e1beis, fornecido por institui\u00e7\u00e3o de ensino reconhecida pelo Minist\u00e9rio da Educa\u00e7\u00e3o, e registro profissional ativo e regular no Conselho competente.\" data-balloon-pos=\"up\">Contador<\/span><\/td>\r\n<td class=\"cvagas\">01<\/td>\r\n\r\n<\/tr><tr>\r\n<td class=\"ccargos\">\r\n<span data-balloon-length=\"medium\" aria-label=\"Diploma ou certificado de conclus\u00e3o, devidamente registrado, de curso de n\u00edvel superior em Enfermagem, fornecido por institui\u00e7\u00e3o de ensino reconhecida pelo Minist\u00e9rio da Educa\u00e7\u00e3o, e registro profissional ativo e regular no Conselho competente.\" data-balloon-pos=\"up\">Enfermeiro - \u00c1rea<\/span><\/td>\r\n<td class=\"cvagas\">05<\/td>\r\n\r\n<\/tr><tr>\r\n<td class=\"ccargos\">\r\n<span data-balloon-length=\"medium\" aria-label=\"Diploma ou certificado de conclus\u00e3o, devidamente registrado, de curso de n\u00edvel superior em Engenharia El\u00e9trica, fornecido por institui\u00e7\u00e3o de ensino reconhecida pelo Minist\u00e9rio da Educa\u00e7\u00e3o, e registro profissional ativo e regular no Conselho competente.\" data-balloon-pos=\"up\">Engenheiro - \u00c1rea: Eletricista<\/span><\/td>\r\n<td class=\"cvagas\">01<\/td>\r\n\r\n<\/tr><tr>\r\n<td class=\"ccargos\">\r\n<span data-balloon-length=\"medium\" aria-label=\"Diploma ou certificado de conclus\u00e3o, devidamente registrado, de curso de n\u00edvel superior em Engenharia Mec\u00e2nica, fornecido por institui\u00e7\u00e3o de ensino reconhecida pelo Minist\u00e9rio da Educa\u00e7\u00e3o, e registro profissional ativo e regular no Conselho competente.\" data-balloon-pos=\"up\">Engenheiro - \u00c1rea: Mec\u00e2nico<\/span><\/td>\r\n<td class=\"cvagas\">02<\/td>\r\n\r\n<\/tr><tr>\r\n<td class=\"ccargos\">\r\n<span data-balloon-length=\"medium\" aria-label=\"Diploma ou certificado de conclus\u00e3o, devidamente registrado, de curso de n\u00edvel superior em Estat\u00edstica ou Ci\u00eancias Atuariais, fornecido por institui\u00e7\u00e3o de ensino reconhecida pelo Minist\u00e9rio da Educa\u00e7\u00e3o, e registro profissional ativo e regular no Conselho competente.\" data-balloon-pos=\"up\">Estat\u00edstico<\/span><\/td>\r\n<td class=\"cvagas\">01<\/td>\r\n\r\n<\/tr><tr>\r\n<td class=\"ccargos\">\r\n<span data-balloon-length=\"medium\" aria-label=\"Diploma ou certificado de conclus\u00e3o, devidamente registrado, de curso de n\u00edvel superior em Farm\u00e1cia, fornecido por institui\u00e7\u00e3o de ensino reconhecida pelo Minist\u00e9rio da Educa\u00e7\u00e3o, e registro profissional ativo e regular no Conselho competente.\" data-balloon-pos=\"up\">Farmac\u00eautico - Habilita\u00e7\u00e3o<\/span><\/td>\r\n<td class=\"cvagas\">01<\/td>\r\n\r\n<\/tr><tr>\r\n<td class=\"ccargos\">\r\n<span data-balloon-length=\"medium\" aria-label=\"Forma\u00e7\u00e3o superior completa em Curso de Gradua\u00e7\u00e3o em Medicina, realizado em institui\u00e7\u00e3o reconhecida pelo Minist\u00e9rio da Educa\u00e7\u00e3o e Conclus\u00e3o de Resid\u00eancia M\u00e9dica em Cl\u00ednica M\u00e9dica, reconhecida pela Comiss\u00e3o Nacional de Resid\u00eancia M\u00e9dica, ou apresenta\u00e7\u00e3o de T\u00edtulo de Especialista em Cl\u00ednica M\u00e9dica, emitido por Sociedade M\u00e9dica Conveniada da Associa\u00e7\u00e3o M\u00e9dica Brasileira, ou conclus\u00e3o de Curso de Especializa\u00e7\u00e3o em Cl\u00ednica M\u00e9dica, realizado em Institui\u00e7\u00e3o reconhecida pelo Minist\u00e9rio da Educa\u00e7\u00e3o; Registro no Conselho Regional de Medicina e comprova\u00e7\u00e3o de regularidade por meio de certid\u00e3o emitida pelo mesmo e Registro de Qualifica\u00e7\u00e3o de Especialidade.\" data-balloon-pos=\"up\">M\u00e9dico - \u00c1rea: Cl\u00ednica M\u00e9dica<\/span><\/td>\r\n<td class=\"cvagas\">02<\/td>\r\n\r\n<\/tr><tr>\r\n<td class=\"ccargos\">\r\n<span data-balloon-length=\"medium\" aria-label=\"Forma\u00e7\u00e3o superior completa em Curso de Gradua\u00e7\u00e3o em Medicina, realizado em institui\u00e7\u00e3o reconhecida pelo Minist\u00e9rio da Educa\u00e7\u00e3o e Conclus\u00e3o de Resid\u00eancia M\u00e9dica em Geriatria, reconhecida pela Comiss\u00e3o Nacional de Resid\u00eancia M\u00e9dica, ou apresenta\u00e7\u00e3o de T\u00edtulo de Especialista em Geriatria, emitido por Sociedade M\u00e9dica Conveniada da Associa\u00e7\u00e3o M\u00e9dica Brasileira, ou conclus\u00e3o de Curso de Especializa\u00e7\u00e3o em Geriatria, realizado em Institui\u00e7\u00e3o reconhecida pelo Minist\u00e9rio da Educa\u00e7\u00e3o; Registro no Conselho Regional de Medicina e comprova\u00e7\u00e3o de regularidade por meio de certid\u00e3o emitida pelo mesmo e Registro de Qualifica\u00e7\u00e3o de Especialidade.\" data-balloon-pos=\"up\">M\u00e9dico - \u00c1rea: Geriatria<\/span><\/td>\r\n<td class=\"cvagas\">01<\/td>\r\n\r\n<\/tr><tr>\r\n<td class=\"ccargos\">\r\n<span data-balloon-length=\"medium\" aria-label=\"Forma\u00e7\u00e3o superior completa em Curso de Gradua\u00e7\u00e3o em Medicina, realizado em institui\u00e7\u00e3o reconhecida pelo Minist\u00e9rio da Educa\u00e7\u00e3o e Conclus\u00e3o de Resid\u00eancia M\u00e9dica em Ginecologia e Obstetr\u00edcia, reconhecida pela Comiss\u00e3o Nacional de Resid\u00eancia M\u00e9dica, ou apresenta\u00e7\u00e3o de T\u00edtulo de Especialista em Ginecologia e Obstetr\u00edcia, emitido por Sociedade M\u00e9dica Conveniada da Associa\u00e7\u00e3o M\u00e9dica Brasileira, ou conclus\u00e3o de Curso de Especializa\u00e7\u00e3o em Ginecologia e Obstetr\u00edcia, realizado em Institui\u00e7\u00e3o reconhecida pelo Minist\u00e9rio da Educa\u00e7\u00e3o; Registro no Conselho Regional de Medicina e comprova\u00e7\u00e3o de regularidade por meio de certid\u00e3o emitida pelo mesmo e Registro de Qualifica\u00e7\u00e3o de Especialidade.\" data-balloon-pos=\"up\">M\u00e9dico - \u00c1rea: Ginecologia e Obstetr\u00edcia<\/span><\/td>\r\n<td class=\"cvagas\">02<\/td>\r\n\r\n<\/tr><tr>\r\n<td class=\"ccargos\">\r\n<span data-balloon-length=\"medium\" aria-label=\"Forma\u00e7\u00e3o superior completa em Curso de Gradua\u00e7\u00e3o em Medicina, realizado em institui\u00e7\u00e3o reconhecida pelo Minist\u00e9rio da Educa\u00e7\u00e3o e Conclus\u00e3o de Resid\u00eancia M\u00e9dica em Psiquiatria, reconhecida pela Comiss\u00e3o Nacional de Resid\u00eancia M\u00e9dica, ou apresenta\u00e7\u00e3o de T\u00edtulo de Especialista em Psiquiatria, emitido por Sociedade M\u00e9dica Conveniada da Associa\u00e7\u00e3o M\u00e9dica Brasileira, ou conclus\u00e3o de Curso de Especializa\u00e7\u00e3o em Psiquiatria, realizado em Institui\u00e7\u00e3o reconhecida pelo Minist\u00e9rio da Educa\u00e7\u00e3o; Registro no Conselho Regional de Medicina e comprova\u00e7\u00e3o de regularidade por meio de certid\u00e3o emitida pelo mesmo e Registro de Qualifica\u00e7\u00e3o de Especialidade.\" data-balloon-pos=\"up\">M\u00e9dico - \u00c1rea: Psiquiatria<\/span><\/td>\r\n<td class=\"cvagas\">01<\/td>\r\n\r\n<\/tr><tr>\r\n<td class=\"ccargos\">\r\n<span data-balloon-length=\"medium\" aria-label=\"Forma\u00e7\u00e3o superior completa em Curso de Gradua\u00e7\u00e3o em Medicina, realizado em institui\u00e7\u00e3o reconhecida pelo Minist\u00e9rio da Educa\u00e7\u00e3o e Conclus\u00e3o de Resid\u00eancia M\u00e9dica em Radiologia, reconhecida pela Comiss\u00e3o Nacional de Resid\u00eancia M\u00e9dica, ou apresenta\u00e7\u00e3o de T\u00edtulo de Especialista em Radiologia, emitido por Sociedade M\u00e9dica Conveniada da Associa\u00e7\u00e3o M\u00e9dica Brasileira, ou conclus\u00e3o de Curso de Especializa\u00e7\u00e3o em Radiologia, realizado em Institui\u00e7\u00e3o reconhecida pelo Minist\u00e9rio da Educa\u00e7\u00e3o; Registro no Conselho Regional de Medicina e comprova\u00e7\u00e3o de regularidade por meio de certid\u00e3o emitida pelo mesmo e Registro de Qualifica\u00e7\u00e3o de Especialidade.\" data-balloon-pos=\"up\">M\u00e9dico - \u00c1rea: Radiologia<\/span><\/td>\r\n<td class=\"cvagas\">02<\/td>\r\n\r\n<\/tr><tr>\r\n<td class=\"ccargos\">\r\n<span data-balloon-length=\"medium\" aria-label=\"Forma\u00e7\u00e3o superior completa em Curso de Gradua\u00e7\u00e3o em Medicina, realizado em institui\u00e7\u00e3o reconhecida pelo Minist\u00e9rio da Educa\u00e7\u00e3o e Conclus\u00e3o de Resid\u00eancia M\u00e9dica em Medicina do Trabalho, reconhecida pela Comiss\u00e3o Nacional de Resid\u00eancia M\u00e9dica, ou apresenta\u00e7\u00e3o de T\u00edtulo de Especialista em Medicina do Trabalho, emitido por Sociedade M\u00e9dica Conveniada da Associa\u00e7\u00e3o M\u00e9dica Brasileira, ou conclus\u00e3o de Curso de Especializa\u00e7\u00e3o em Medicina do Trabalho, realizado em Institui\u00e7\u00e3o reconhecida pelo Minist\u00e9rio da Educa\u00e7\u00e3o; Registro no Conselho Regional de Medicina e comprova\u00e7\u00e3o de regularidade por meio de certid\u00e3o emitida pelo mesmo e Registro de Qualifica\u00e7\u00e3o de Especialidade.\" data-balloon-pos=\"up\">M\u00e9dico - \u00c1rea: Trabalho<\/span><\/td>\r\n<td class=\"cvagas\">01<\/td>\r\n\r\n<\/tr><tr>\r\n<td class=\"ccargos\">\r\n<span data-balloon-length=\"medium\" aria-label=\"Diploma ou certificado de conclus\u00e3o, devidamente registrado, de curso de n\u00edvel superior em Nutri\u00e7\u00e3o, fornecido por institui\u00e7\u00e3o de ensino reconhecida pelo Minist\u00e9rio da Educa\u00e7\u00e3o, e registro profissional ativo e regular no Conselho competente.\" data-balloon-pos=\"up\">Nutricionista - Habilita\u00e7\u00e3o<\/span><\/td>\r\n<td class=\"cvagas\">01<\/td>\r\n\r\n<\/tr><tr>\r\n<td class=\"ccargos\">\r\n<span data-balloon-length=\"medium\" aria-label=\"Diploma ou certificado de conclus\u00e3o, devidamente registrado, de curso de n\u00edvel superior em Pedagogia, fornecido por institui\u00e7\u00e3o de ensino reconhecida pelo Minist\u00e9rio da Educa\u00e7\u00e3o.\" data-balloon-pos=\"up\">Pedagogo - \u00c1rea<\/span><\/td>\r\n<td class=\"cvagas\">02<\/td>\r\n\r\n<\/tr><tr>\r\n<td class=\"ccargos\">\r\n<span data-balloon-length=\"medium\" aria-label=\"Diploma ou certificado de conclus\u00e3o, devidamente registrado, de curso de n\u00edvel superior em Psicologia, fornecido por institui\u00e7\u00e3o de ensino reconhecida pelo Minist\u00e9rio da Educa\u00e7\u00e3o, e registro profissional no Conselho competente.\" data-balloon-pos=\"up\">Psic\u00f3logo - \u00c1rea<\/span><\/td>\r\n<td class=\"cvagas\">01<\/td>\r\n\r\n<\/tr><tr>\r\n<td class=\"ccargos\">\r\n<span data-balloon-length=\"medium\" aria-label=\"Diploma ou certificado de conclus\u00e3o, devidamente registrado, de curso de n\u00edvel superior em Pedagogia ou Licenciaturas, fornecido por institui\u00e7\u00e3o de ensino reconhecida pelo Minist\u00e9rio da Educa\u00e7\u00e3o.\" data-balloon-pos=\"up\">T\u00e9cnico em Assuntos Educacionais<\/span><\/td>\r\n<td class=\"cvagas\">01<\/td>\r\n\r\n<\/tr>\r\n    <\/tbody>\r\n  <\/table>\r\n<\/div>"},"_links":{"self":[{"href":"https:\/\/www.agrobase.com.br\/concursos\/wp-json\/wp\/v2\/posts\/274658","targetHints":{"allow":["GET"]}}],"collection":[{"href":"https:\/\/www.agrobase.com.br\/concursos\/wp-json\/wp\/v2\/posts"}],"about":[{"href":"https:\/\/www.agrobase.com.br\/concursos\/wp-json\/wp\/v2\/types\/post"}],"author":[{"embeddable":true,"href":"https:\/\/www.agrobase.com.br\/concursos\/wp-json\/wp\/v2\/users\/5229"}],"replies":[{"embeddable":true,"href":"https:\/\/www.agrobase.com.br\/concursos\/wp-json\/wp\/v2\/comments?post=274658"}],"version-history":[{"count":2,"href":"https:\/\/www.agrobase.com.br\/concursos\/wp-json\/wp\/v2\/posts\/274658\/revisions"}],"predecessor-version":[{"id":274662,"href":"https:\/\/www.agrobase.com.br\/concursos\/wp-json\/wp\/v2\/posts\/274658\/revisions\/274662"}],"wp:featuredmedia":[{"embeddable":true,"href":"https:\/\/www.agrobase.com.br\/concursos\/wp-json\/wp\/v2\/media\/274657"}],"wp:attachment":[{"href":"https:\/\/www.agrobase.com.br\/concursos\/wp-json\/wp\/v2\/media?parent=274658"}],"wp:term":[{"taxonomy":"category","embeddable":true,"href":"https:\/\/www.agrobase.com.br\/concursos\/wp-json\/wp\/v2\/categories?post=274658"},{"taxonomy":"post_tag","embeddable":true,"href":"https:\/\/www.agrobase.com.br\/concursos\/wp-json\/wp\/v2\/tags?post=274658"},{"taxonomy":"_amplo","embeddable":true,"href":"https:\/\/www.agrobase.com.br\/concursos\/wp-json\/wp\/v2\/_amplo?post=274658"},{"taxonomy":"destaque","embeddable":true,"href":"https:\/\/www.agrobase.com.br\/concursos\/wp-json\/wp\/v2\/destaque?post=274658"},{"taxonomy":"instituicoes","embeddable":true,"href":"https:\/\/www.agrobase.com.br\/concursos\/wp-json\/wp\/v2\/instituicoes?post=274658"}],"curies":[{"name":"wp","href":"https:\/\/api.w.org\/{rel}","templated":true}]}}