{"id":274626,"date":"2025-12-04T07:25:57","date_gmt":"2025-12-04T10:25:57","guid":{"rendered":"https:\/\/www.agrobase.com.br\/concursos\/?p=274626"},"modified":"2025-12-03T17:08:07","modified_gmt":"2025-12-03T20:08:07","slug":"prefeitura-comodoro-mt-selecao-simplificada-02-2025","status":"publish","type":"post","link":"https:\/\/www.agrobase.com.br\/concursos\/2025\/prefeitura-comodoro-mt-selecao-simplificada-02-2025\/","title":{"rendered":"Prefeitura Comodoro (MT) &#8211; Sele\u00e7\u00e3o Simplificada 02\/2025"},"content":{"rendered":"<h2>Informa\u00e7\u00f5es Gerais<\/h2>\n<p>A Prefeitura Municipal de Comodoro, no estado de Mato Grosso, publicou o <strong>Processo Seletivo Simplificado n\u00ba 002\/2025<\/strong>, destinado \u00e0 contrata\u00e7\u00e3o tempor\u00e1ria de servidores para atender \u00e0s necessidades da Secretaria Municipal de Educa\u00e7\u00e3o e Cultura. O certame oferece <strong>200 vagas imediatas<\/strong>, al\u00e9m de forma\u00e7\u00e3o de cadastro reserva, com remunera\u00e7\u00f5es que variam de <strong>R$ 1.518,00 a R$ 6.751,87<\/strong>.<\/p>\n<p>As contrata\u00e7\u00f5es ser\u00e3o realizadas sob <strong>regime estatut\u00e1rio<\/strong>, com vincula\u00e7\u00e3o ao Regime Geral da Previd\u00eancia Social, para atua\u00e7\u00e3o durante o ano de 2026. O processo seletivo contempla oportunidades para candidatos com <strong>n\u00edveis fundamental, m\u00e9dio\/t\u00e9cnico e superior<\/strong>.<\/p>\n<p>As vagas est\u00e3o distribu\u00eddas entre escolas urbanas, do campo e ind\u00edgenas, abrangendo cargos nas \u00e1reas de educa\u00e7\u00e3o, apoio escolar, alimenta\u00e7\u00e3o, transporte e sa\u00fade. <strong>Destaque para a vaga de Nutricionista<\/strong>, com remunera\u00e7\u00e3o de R$ 6.751,29 para jornada de 40 horas semanais \u2014 oportunidade relevante para profissionais da \u00e1rea de Nutri\u00e7\u00e3o.<\/p>\n<p>Confira nas pr\u00f3ximas se\u00e7\u00f5es todas as informa\u00e7\u00f5es sobre inscri\u00e7\u00f5es, etapas do processo seletivo e divulga\u00e7\u00e3o dos resultados.<\/p>\n<h2>Inscri\u00e7\u00f5es<\/h2>\n<p>As inscri\u00e7\u00f5es para o Processo Seletivo Simplificado n\u00ba 002\/2025 da Prefeitura de Comodoro estar\u00e3o abertas no per\u00edodo de <strong>1\u00ba a 10 de dezembro de 2025<\/strong>, com in\u00edcio \u00e0s 07h00 do primeiro dia e encerramento \u00e0s 13h00 do \u00faltimo dia.<\/p>\n<p>A inscri\u00e7\u00e3o \u00e9 <strong>totalmente gratuita<\/strong> e deve ser realizada exclusivamente pela internet, por meio do formul\u00e1rio disponibilizado no site da Prefeitura Municipal. \u00c9 de inteira responsabilidade do candidato a correta realiza\u00e7\u00e3o de sua inscri\u00e7\u00e3o no sistema.<\/p>\n<p><strong>Aten\u00e7\u00e3o:<\/strong> cada candidato poder\u00e1 se inscrever em apenas um \u00fanico cargo. Caso sejam realizadas m\u00faltiplas inscri\u00e7\u00f5es, ser\u00e1 considerada v\u00e1lida somente a \u00faltima confirmada no sistema.<\/p>\n<p>Os documentos comprobat\u00f3rios exigidos no edital (t\u00edtulos, diplomas, certificados e demais anexos) <strong>n\u00e3o devem ser enviados no momento da inscri\u00e7\u00e3o<\/strong>. A entrega ser\u00e1 realizada presencialmente nos dias <strong>7 e 8 de janeiro de 2026<\/strong>, durante as entrevistas, na E.M. Nossa Senhora das Gra\u00e7as, localizada na Rua dos Cajueiros, 284 E, Bairro Nossa Senhora de F\u00e1tima, das 07h00 \u00e0s 17h00.<\/p>\n<p>A lista de inscri\u00e7\u00f5es deferidas e indeferidas ser\u00e1 publicada em <strong>11 de dezembro de 2025<\/strong>, com prazo para recurso em <strong>12 de dezembro de 2025<\/strong> e resultado dos recursos em <strong>15 de dezembro de 2025<\/strong>.<\/p>\n<p>Recomenda-se a leitura integral do edital para conhecer todos os requisitos e documentos exigidos para cada cargo.<\/p>\n<h2>Etapas e Provas<\/h2>\n<p>O Processo Seletivo Simplificado n\u00ba 002\/2025 ser\u00e1 realizado em <strong>tr\u00eas fases<\/strong>, conforme detalhamento a seguir:<\/p>\n<p><strong>Primeira Fase: Inscri\u00e7\u00e3o Online<\/strong><\/p>\n<p>Consiste no preenchimento do formul\u00e1rio eletr\u00f4nico disponibilizado no site da Prefeitura, dentro do per\u00edodo estabelecido no edital.<\/p>\n<p><strong>Segunda Fase: An\u00e1lise Curricular e Entrevistas<\/strong><\/p>\n<p>Esta etapa contempla:<\/p>\n<ul>\n<li>Entrega da documenta\u00e7\u00e3o comprobat\u00f3ria<\/li>\n<li>An\u00e1lise de curr\u00edculo e prova de t\u00edtulos<\/li>\n<li>Entrevista Pedag\u00f3gica<\/li>\n<li>Entrevista Psicol\u00f3gica<\/li>\n<\/ul>\n<p>A segunda fase ser\u00e1 aplicada a todos os cargos: Professores PII e PIII (escolas urbanas, do campo e ind\u00edgenas), Professor Ind\u00edgena Anos Iniciais, Fonoaudi\u00f3logo, Nutricionista, Auxiliar de Secretaria, Merendeira, Monitor de Educa\u00e7\u00e3o B\u00e1sica, Inspetor de Alunos I, Int\u00e9rprete de Libras, Recepcionista, Auxiliar de Servi\u00e7os de Creche, Motorista de Ve\u00edculo Pesado e Mec\u00e2nico de Ve\u00edculos Pesados.<\/p>\n<p>A pontua\u00e7\u00e3o ser\u00e1 atribu\u00edda conforme crit\u00e9rios espec\u00edficos definidos no edital para cada categoria de cargo, considerando titula\u00e7\u00e3o, forma\u00e7\u00e3o na \u00e1rea e experi\u00eancia profissional.<\/p>\n<p><strong>Terceira Fase: Avalia\u00e7\u00e3o Pr\u00e1tica<\/strong><\/p>\n<p>Etapa exclusiva para os cargos de:<\/p>\n<ul>\n<li>Motorista de Ve\u00edculo Pesado<\/li>\n<li>Mec\u00e2nico de Ve\u00edculos Pesados<\/li>\n<\/ul>\n<p>As entrevistas e avalia\u00e7\u00f5es pr\u00e1ticas ser\u00e3o realizadas nos dias <strong>7 e 8 de janeiro de 2026<\/strong>, na E.M. Nossa Senhora das Gra\u00e7as, das 07h00 \u00e0s 17h00.<\/p>\n<p><strong>Crit\u00e9rios de desempate:<\/strong><\/p>\n<ul>\n<li>Maior titula\u00e7\u00e3o<\/li>\n<li>Curso de forma\u00e7\u00e3o na \u00e1rea de inscri\u00e7\u00e3o<\/li>\n<li>Maior idade<\/li>\n<\/ul>\n<p>Para informa\u00e7\u00f5es detalhadas sobre a documenta\u00e7\u00e3o exigida, pontua\u00e7\u00e3o dos t\u00edtulos e procedimentos de cada etapa, consulte o edital completo.<\/p>\n<h2>Resultados e Gabarito<\/h2>\n<p>A divulga\u00e7\u00e3o dos resultados do Processo Seletivo Simplificado n\u00ba 002\/2025 seguir\u00e1 o cronograma estabelecido no edital:<\/p>\n<p><strong>Resultado da Segunda e Terceira Fases:<\/strong><\/p>\n<p>Ser\u00e1 publicado em <strong>9 de janeiro de 2026<\/strong>, no site da Prefeitura Municipal de Comodoro e nos murais da SEMEC (Secretaria Municipal de Educa\u00e7\u00e3o e Cultura) e da Prefeitura.<\/p>\n<p><strong>Per\u00edodo para Recursos:<\/strong><\/p>\n<p>Os candidatos que desejarem interpor recurso contra o resultado poder\u00e3o faz\u00ea-lo nos dias <strong>12 e 13 de janeiro de 2026<\/strong>, presencialmente na SEMEC, localizada na Rua das Palmeiras, 284 E, Bairro Nossa Senhora de F\u00e1tima, das 07h00 \u00e0s 13h00.<\/p>\n<p><strong>Resultado Final:<\/strong><\/p>\n<p>A an\u00e1lise dos recursos e a divulga\u00e7\u00e3o do resultado final ocorrer\u00e3o em <strong>14 de janeiro de 2026<\/strong>, no site da Prefeitura e nos murais da SEMEC e Prefeitura Municipal.<\/p>\n<p><strong>Classifica\u00e7\u00e3o Final e Crit\u00e9rios de Desempate:<\/strong><\/p>\n<p>A nota final ser\u00e1 calculada pela somat\u00f3ria dos pontos obtidos nas etapas. Em caso de empate, ser\u00e3o aplicados os seguintes crit\u00e9rios, nesta ordem:<\/p>\n<ul>\n<li>Maior titula\u00e7\u00e3o<\/li>\n<li>Maior idade<\/li>\n<\/ul>\n<p><strong>Convoca\u00e7\u00e3o:<\/strong><\/p>\n<p>Os candidatos aprovados ser\u00e3o convocados para contrata\u00e7\u00e3o conforme as necessidades da Administra\u00e7\u00e3o, seguindo rigorosamente a ordem de classifica\u00e7\u00e3o. Os aprovados ter\u00e3o admiss\u00e3o imediata, enquanto os classificados compor\u00e3o cadastro reserva para aproveitamento durante o ano de 2026.<\/p>\n<p>O acompanhamento de todas as publica\u00e7\u00f5es oficiais, incluindo convoca\u00e7\u00f5es e demais comunicados, \u00e9 de <strong>responsabilidade exclusiva do candidato<\/strong>, devendo ser realizado por meio do site da Prefeitura Municipal de Comodoro e dos murais oficiais da SEMEC.<\/p>\n","protected":false},"excerpt":{"rendered":"<p>Proc. Seletivo Pref. Comodoro (MT) com edital publicado! Vagas p\/ Professor e Fonoaudi\u00f3logo (Fund. a Sup.). Inscri\u00e7\u00f5es a partir de 01\/12. Confira detalhes!<\/p>\n","protected":false},"author":5229,"featured_media":274625,"comment_status":"open","ping_status":"open","sticky":false,"template":"","format":"standard","meta":{"_acf_changed":false,"_breakdance_hide_in_design_set":false,"_breakdance_tags":"","footnotes":""},"categories":[6433,6434,19,111,100,20,116,23,25],"tags":[47],"_amplo":[],"destaque":[],"instituicoes":[],"class_list":["post-274626","post","type-post","status-publish","format-standard","has-post-thumbnail","hentry","category-biologia-licenciatura","category-educacao-fisica-licenciatura","category-fonoaudiologia","category-geografia","category-historia","category-letras","category-matematica","category-nutricao","category-pedagogia","tag-mato-grosso"],"acf":{"_tipo_vagas":"vagas","_numero_vagas":"","_quadro_vagas":"","_cargos":"diversos","_cargos_especificos":"","_salario_max":"R$ 6751.87","_abertura":"20251201","_encerramento":"20251210","_inscricoes":"https:\/\/docs.google.com\/forms\/d\/e\/1FAIpQLSd56mGqQ21KbxkXJERTHi9xocFtlpszwHyS6NpoN2MZyKkYHw\/viewform?usp=header","_executora_concurso":"","_instituicao_concurso":[],"_link_adicional":null,"_anexos":null,"_produtos":null,"_vagas":"200 vagas + CR","_salario_min":"R$ 1518","_instituicao":"Prefeitura de Comodoro","_edital":"https:\/\/www.agrobase.com.br\/concursos\/wp-content\/uploads\/sites\/4\/2025\/12\/edital-02-2025-prefeitura-de-comodoro-mt.pdf","_anexos_edital":"","_fund_incompleto":"","_fund_completo":"<div>\r\n<table class=\"quadro\">\r\n<thead>\r\n<tr>\r\n<th class=\"hcargo\">Cargo<\/th>\r\n<th class=\"hvagas\">Vagas<\/th>\r\n<th class=\"hremuneracao\">Remunera\u00e7\u00e3o<\/th>\r\n<\/tr>\r\n<\/thead>\r\n    <tbody>\r\n      <td class=\"ccargos\">Merendeira (Escolas Urbanas)<\/td>\r\n<td class=\"cvagas\">04<\/td>\r\n<td class=\"cremuneracao\">R$ 1.518,00 \/30h<\/td>\r\n<\/tr><td class=\"ccargos\">Merendeira (Escolas do Campo)<\/td>\r\n<td class=\"cvagas\">06<\/td>\r\n<td class=\"cremuneracao\">R$ 1.518,00 \/30h<\/td>\r\n<\/tr><td class=\"ccargos\">Merendeira (Escolas Ind\u00edgenas)<\/td>\r\n<td class=\"cvagas\">07<\/td>\r\n<td class=\"cremuneracao\">R$ 1.518,00 \/30h<\/td>\r\n<\/tr><td class=\"ccargos\">Motorista Ve\u00edculo Pesado<\/td>\r\n<td class=\"cvagas\">10<\/td>\r\n<td class=\"cremuneracao\">R$ 2.085,52 \/40h<\/td>\r\n<\/tr><td class=\"ccargos\">Mec\u00e2nico de Ve\u00edculos Pesados<\/td>\r\n<td class=\"cvagas\">01<\/td>\r\n<td class=\"cremuneracao\">R$ 3.431,62 \/40h<\/td>\r\n<\/tr>\r\n    <\/tbody>\r\n  <\/table>\r\n<\/div>","_medio":"<div>\r\n<table class=\"quadro\">\r\n<thead>\r\n<tr>\r\n<th class=\"hcargo\">Cargo<\/th>\r\n<th class=\"hvagas\">Vagas<\/th>\r\n<th class=\"hremuneracao\">Remunera\u00e7\u00e3o<\/th>\r\n<\/tr>\r\n<\/thead>\r\n    <tbody>\r\n      <td class=\"ccargos\">Auxiliar de Servi\u00e7os de Creche<\/td>\r\n<td class=\"cvagas\">40<\/td>\r\n<td class=\"cremuneracao\">R$ 1.518,00 \/30h<\/td>\r\n<\/tr><td class=\"ccargos\">Monitor de Educa\u00e7\u00e3o B\u00e1sica<\/td>\r\n<td class=\"cvagas\">35<\/td>\r\n<td class=\"cremuneracao\">R$ 1.518,00 \/30h<\/td>\r\n<\/tr><td class=\"ccargos\">Inspetor de alunos I<\/td>\r\n<td class=\"cvagas\">04<\/td>\r\n<td class=\"cremuneracao\">R$ 1.518,00 \/30h<\/td>\r\n<\/tr><td class=\"ccargos\">Int\u00e9rprete de Libras<\/td>\r\n<td class=\"cvagas\">CR<\/td>\r\n<td class=\"cremuneracao\">R$ 1.912,36 \/30h<\/td>\r\n<\/tr><td class=\"ccargos\">Monitor de Educa\u00e7\u00e3o B\u00e1sica (Escolas do Campo)<\/td>\r\n<td class=\"cvagas\">CR<\/td>\r\n<td class=\"cremuneracao\">R$ 1.518,00 \/30h<\/td>\r\n<\/tr><td class=\"ccargos\">Auxiliar de secretaria<\/td>\r\n<td class=\"cvagas\">CR<\/td>\r\n<td class=\"cremuneracao\">R$ 1.518,00 \/30h<\/td>\r\n<\/tr><td class=\"ccargos\">Monitor de Educa\u00e7\u00e3o B\u00e1sica (Escolas Ind\u00edgenas)<\/td>\r\n<td class=\"cvagas\">05<\/td>\r\n<td class=\"cremuneracao\">R$ 1.518,00 \/30h<\/td>\r\n<\/tr><td class=\"ccargos\">Recepcionista<\/td>\r\n<td class=\"cvagas\">CR<\/td>\r\n<td class=\"cremuneracao\">R$ 1.518,00 \/30h<\/td>\r\n<\/tr>\r\n    <\/tbody>\r\n  <\/table>\r\n<\/div>","_superior":"<div>\r\n<table class=\"quadro\">\r\n<thead>\r\n<tr>\r\n<th class=\"hcargo\">Cargo<\/th>\r\n<th class=\"hvagas\">Vagas<\/th>\r\n<th class=\"hremuneracao\">Remunera\u00e7\u00e3o<\/th>\r\n<\/tr>\r\n<\/thead>\r\n    <tbody>\r\n      <tr>\r\n<td class=\"ccargos\">Professor PII - Licenciatura em Pedagogia<\/td>\r\n<td class=\"cvagas\">38<\/td>\r\n<td class=\"cremuneracao\">R$ 3.360,72 \/24h<\/td>\r\n<\/tr><tr>\r\n<td class=\"ccargos\">Professor PIII - Licenciatura em Educa\u00e7\u00e3o F\u00edsica<\/td>\r\n<td class=\"cvagas\">CR<\/td>\r\n<td class=\"cremuneracao\">R$ 3.360,72 \/24h<\/td>\r\n<\/tr><tr>\r\n<td class=\"ccargos\">Professor PII e PIII (do Campo - Multisseriada)<\/td>\r\n<td class=\"cvagas\">21<\/td>\r\n<td class=\"cremuneracao\">R$ 3.360,72 \/24h<\/td>\r\n<\/tr><tr>\r\n<td class=\"ccargos\">Professor PII e PIII (Ind\u00edgena - Multisseriada)<\/td>\r\n<td class=\"cvagas\">23<\/td>\r\n<td class=\"cremuneracao\">R$ 3.360,72 \/24h<\/td>\r\n<\/tr><tr>\r\n<td class=\"ccargos\">Professor Ind\u00edgena Anos Iniciais<\/td>\r\n<td class=\"cvagas\">03<\/td>\r\n<td class=\"cremuneracao\">R$ 1.863,79 \/24h<\/td>\r\n<\/tr><tr>\r\n<td class=\"ccargos\">Fonoaudi\u00f3logo<\/td>\r\n<td class=\"cvagas\">01<\/td>\r\n<td class=\"cremuneracao\">R$ 6.751,87 \/40h<\/td>\r\n<\/tr><tr>\r\n<td class=\"ccargos\">Nutricionista<\/td>\r\n<td class=\"cvagas\">01<\/td>\r\n<td class=\"cremuneracao\">R$ 6.751,29 \/40h<\/td>\r\n<\/tr>\r\n    <\/tbody>\r\n  <\/table>\r\n<\/div>"},"_links":{"self":[{"href":"https:\/\/www.agrobase.com.br\/concursos\/wp-json\/wp\/v2\/posts\/274626","targetHints":{"allow":["GET"]}}],"collection":[{"href":"https:\/\/www.agrobase.com.br\/concursos\/wp-json\/wp\/v2\/posts"}],"about":[{"href":"https:\/\/www.agrobase.com.br\/concursos\/wp-json\/wp\/v2\/types\/post"}],"author":[{"embeddable":true,"href":"https:\/\/www.agrobase.com.br\/concursos\/wp-json\/wp\/v2\/users\/5229"}],"replies":[{"embeddable":true,"href":"https:\/\/www.agrobase.com.br\/concursos\/wp-json\/wp\/v2\/comments?post=274626"}],"version-history":[{"count":2,"href":"https:\/\/www.agrobase.com.br\/concursos\/wp-json\/wp\/v2\/posts\/274626\/revisions"}],"predecessor-version":[{"id":274636,"href":"https:\/\/www.agrobase.com.br\/concursos\/wp-json\/wp\/v2\/posts\/274626\/revisions\/274636"}],"wp:featuredmedia":[{"embeddable":true,"href":"https:\/\/www.agrobase.com.br\/concursos\/wp-json\/wp\/v2\/media\/274625"}],"wp:attachment":[{"href":"https:\/\/www.agrobase.com.br\/concursos\/wp-json\/wp\/v2\/media?parent=274626"}],"wp:term":[{"taxonomy":"category","embeddable":true,"href":"https:\/\/www.agrobase.com.br\/concursos\/wp-json\/wp\/v2\/categories?post=274626"},{"taxonomy":"post_tag","embeddable":true,"href":"https:\/\/www.agrobase.com.br\/concursos\/wp-json\/wp\/v2\/tags?post=274626"},{"taxonomy":"_amplo","embeddable":true,"href":"https:\/\/www.agrobase.com.br\/concursos\/wp-json\/wp\/v2\/_amplo?post=274626"},{"taxonomy":"destaque","embeddable":true,"href":"https:\/\/www.agrobase.com.br\/concursos\/wp-json\/wp\/v2\/destaque?post=274626"},{"taxonomy":"instituicoes","embeddable":true,"href":"https:\/\/www.agrobase.com.br\/concursos\/wp-json\/wp\/v2\/instituicoes?post=274626"}],"curies":[{"name":"wp","href":"https:\/\/api.w.org\/{rel}","templated":true}]}}