{"id":274570,"date":"2025-12-03T07:35:52","date_gmt":"2025-12-03T10:35:52","guid":{"rendered":"https:\/\/www.agrobase.com.br\/concursos\/?p=274570"},"modified":"2025-12-02T17:49:43","modified_gmt":"2025-12-02T20:49:43","slug":"prefeitura-alfredo-wagner-sc-selecao-publica-01-2025","status":"publish","type":"post","link":"https:\/\/www.agrobase.com.br\/concursos\/2025\/prefeitura-alfredo-wagner-sc-selecao-publica-01-2025\/","title":{"rendered":"Prefeitura Alfredo Wagner (SC) &#8211; Sele\u00e7\u00e3o P\u00fablica 01\/2025"},"content":{"rendered":"<h2>Informa\u00e7\u00f5es Gerais<\/h2>\n<p>O <strong>Munic\u00edpio de Alfredo Wagner<\/strong>, em Santa Catarina, publicou o edital de um novo <strong>Processo Seletivo<\/strong> sob a organiza\u00e7\u00e3o da banca <strong>SC Treinamentos<\/strong>. O certame tem como objetivo a forma\u00e7\u00e3o de <strong>cadastro de reserva<\/strong> para admiss\u00e3o em car\u00e1ter tempor\u00e1rio, visando atender ao excepcional interesse p\u00fablico da administra\u00e7\u00e3o municipal.<\/p>\n<p>As oportunidades contemplam candidatos de todos os n\u00edveis de escolaridade: alfabetizado, fundamental (incompleto e completo), m\u00e9dio, t\u00e9cnico e superior. As vagas est\u00e3o distribu\u00eddas entre diversos setores, incluindo educa\u00e7\u00e3o, sa\u00fade, administra\u00e7\u00e3o, servi\u00e7os gerais e opera\u00e7\u00e3o de m\u00e1quinas. Merecem destaque especial as oportunidades para profissionais das \u00e1reas de <strong>Medicina Veterin\u00e1ria<\/strong> e <strong>T\u00e9cnico em Agropecu\u00e1ria<\/strong>, carreiras essenciais para o desenvolvimento local.<\/p>\n<p>A sele\u00e7\u00e3o oferece remunera\u00e7\u00f5es que variam de <strong>R$ 1.518,00 a R$ 12.752,70<\/strong>, com jornadas de trabalho entre 20 e 44 horas semanais, dependendo do cargo pleiteado. Se voc\u00ea busca uma oportunidade de atuar no servi\u00e7o p\u00fablico catarinense, confira a seguir os detalhes sobre prazos, etapas e crit\u00e9rios de avalia\u00e7\u00e3o.<\/p>\n<h2>Inscri\u00e7\u00f5es<\/h2>\n<p>As inscri\u00e7\u00f5es para o Processo Seletivo de Alfredo Wagner devem ser realizadas exclusivamente pela internet, atrav\u00e9s do site da organizadora <strong>SC Treinamentos<\/strong>. O candidato deve preencher o formul\u00e1rio online e emitir o boleto banc\u00e1rio para pagamento da taxa de inscri\u00e7\u00e3o, cujo valor varia conforme o n\u00edvel de escolaridade do cargo pretendido.<\/p>\n<p>\u00c9 importante ressaltar que h\u00e1 possibilidade de <strong>isen\u00e7\u00e3o da taxa<\/strong> para candidatos que se enquadrem nos crit\u00e9rios de doadores de sangue fidelizados ou doadores de medula \u00f3ssea. O pedido de isen\u00e7\u00e3o deve ser protocolado eletronicamente no in\u00edcio do per\u00edodo de inscri\u00e7\u00f5es, conforme as datas estipuladas no cronograma oficial.<\/p>\n<p>Para quem n\u00e3o possui acesso \u00e0 internet, a Prefeitura Municipal disponibilizar\u00e1 um ponto de atendimento presencial no centro da cidade, durante o hor\u00e1rio de expediente. Ap\u00f3s o pagamento, recomenda-se que o candidato acompanhe, atrav\u00e9s da \u00e1rea restrita no site da banca, a confirma\u00e7\u00e3o do processamento de sua inscri\u00e7\u00e3o. A leitura atenta do edital completo \u00e9 indispens\u00e1vel para garantir o cumprimento de todos os requisitos.<\/p>\n<h2>Etapas e Provas<\/h2>\n<p>A avalia\u00e7\u00e3o dos candidatos ser\u00e1 composta por diferentes etapas, variando de acordo com o cargo escolhido. A etapa comum a todos os inscritos \u00e9 a <strong>Prova Objetiva<\/strong>, de car\u00e1ter eliminat\u00f3rio e classificat\u00f3rio. Esta avalia\u00e7\u00e3o consistir\u00e1 em quest\u00f5es de m\u00faltipla escolha abrangendo L\u00edngua Portuguesa, Matem\u00e1tica, Conhecimentos Gerais\/Atualidades e Conhecimentos Espec\u00edficos.<\/p>\n<p>Al\u00e9m da prova te\u00f3rica, haver\u00e1 etapas espec\u00edficas para determinados grupos de cargos:<\/p>\n<ul>\n<li><strong>Prova de T\u00edtulos:<\/strong> De car\u00e1ter exclusivamente classificat\u00f3rio, destinada aos cargos de <strong>Professor Habilitado<\/strong>. A pontua\u00e7\u00e3o considerar\u00e1 especializa\u00e7\u00f5es, mestrados e doutorados na \u00e1rea de atua\u00e7\u00e3o.<\/li>\n<li><strong>Prova Pr\u00e1tica:<\/strong> De car\u00e1ter eliminat\u00f3rio e classificat\u00f3rio, aplicada aos cargos de <strong>Motorista<\/strong> (diversas categorias) e <strong>Operador de M\u00e1quinas<\/strong>. Nesta fase, ser\u00e1 avaliada a capacidade t\u00e9cnica e operacional do candidato no manuseio dos ve\u00edculos e equipamentos.<\/li>\n<\/ul>\n<p>Para ser aprovado na prova objetiva, o candidato deve obter nota igual ou superior a 3,0 pontos (30% da prova). J\u00e1 para os cargos com prova pr\u00e1tica, \u00e9 necess\u00e1rio tamb\u00e9m atingir o desempenho m\u00ednimo exigido na etapa t\u00e9cnica. Recomendamos a consulta ao edital para verificar o conte\u00fado program\u00e1tico detalhado e os crit\u00e9rios espec\u00edficos de pontua\u00e7\u00e3o.<\/p>\n<h2>Resultados e Gabarito<\/h2>\n<p>O cronograma do Processo Seletivo prev\u00ea a divulga\u00e7\u00e3o do gabarito provis\u00f3rio da prova objetiva logo ap\u00f3s a aplica\u00e7\u00e3o dos exames, com prazo subsequente para interposi\u00e7\u00e3o de recursos. A publica\u00e7\u00e3o do <strong>gabarito oficial<\/strong> e da classifica\u00e7\u00e3o provis\u00f3ria est\u00e1 prevista para o in\u00edcio de janeiro de 2026.<\/p>\n<p>A <strong>homologa\u00e7\u00e3o do resultado final<\/strong> ocorrer\u00e1 ap\u00f3s a an\u00e1lise de todos os recursos e a consolida\u00e7\u00e3o das notas das etapas pr\u00e1ticas e de t\u00edtulos. A validade do certame ser\u00e1 de <strong>um ano<\/strong>, podendo ser prorrogada por igual per\u00edodo, a crit\u00e9rio da Administra\u00e7\u00e3o Municipal.<\/p>\n<p>As convoca\u00e7\u00f5es para contrata\u00e7\u00e3o ser\u00e3o realizadas pelo Departamento de Recursos Humanos ou pela Secretaria de Educa\u00e7\u00e3o (no caso do magist\u00e9rio), podendo ocorrer por telefone ou e-mail. \u00c9 de <strong>inteira responsabilidade do candidato<\/strong> acompanhar todas as publica\u00e7\u00f5es oficiais no site da SC Treinamentos e no portal do Munic\u00edpio de Alfredo Wagner, bem como manter seus dados de contato sempre atualizados.<\/p>\n","protected":false},"excerpt":{"rendered":"<p>Processo Seletivo Pref. Alfredo Wagner (SC) com edital publicado! Vagas p\/ Professor e Motorista (Fund. a Sup.). Inscri\u00e7\u00f5es a partir de 25\/11. Confira detalhes!<\/p>\n","protected":false},"author":5229,"featured_media":274569,"comment_status":"open","ping_status":"open","sticky":false,"template":"","format":"standard","meta":{"_acf_changed":false,"_breakdance_hide_in_design_set":false,"_breakdance_tags":"","footnotes":""},"categories":[126,6434,151,111,100,20,6871,116,21,22,24,25,26,101,30,108],"tags":[61],"_amplo":[],"destaque":[],"instituicoes":[],"class_list":["post-274570","post","type-post","status-publish","format-standard","has-post-thumbnail","hentry","category-ciencia-computacao","category-educacao-fisica-licenciatura","category-engenharia-computacao","category-geografia","category-historia","category-letras","category-letras-ingles","category-matematica","category-medicina","category-veterinaria","category-odontologia","category-pedagogia","category-psicologia","category-servico-social","category-tecnico-agropecuaria","category-tecnico-enfermagem","tag-santa-catarina"],"acf":{"_tipo_vagas":"vagas","_numero_vagas":"","_quadro_vagas":"","_cargos":"diversos","_cargos_especificos":"","_salario_max":"R$ 12752.7","_abertura":"20251125","_encerramento":"20251210","_inscricoes":"https:\/\/portal.sctreinamentos.selecao.site","_executora_concurso":"","_instituicao_concurso":[],"_link_adicional":null,"_anexos":null,"_produtos":null,"_vagas":"CR","_salario_min":"R$ 1518","_instituicao":"Prefeitura Alfredo Wagner","_edital":"https:\/\/www.agrobase.com.br\/concursos\/wp-content\/uploads\/sites\/4\/2025\/12\/edital-01-2025-prefeitura-alfredo-wagner-sc.pdf","_anexos_edital":"","_fund_incompleto":"<div>\r\n<table class=\"quadro\">\r\n<thead>\r\n<tr>\r\n<th class=\"hcargo\">Cargo<\/th>\r\n<th class=\"hvagas\">Vagas<\/th>\r\n<th class=\"hremuneracao\">Remunera\u00e7\u00e3o<\/th>\r\n<\/tr>\r\n<\/thead>\r\n    <tbody>\r\n      <td class=\"ccargos\">\r\n<span data-balloon-length=\"medium\" aria-label=\"Idade M\u00ednima 18 e m\u00e1xima 45 anos. Alfabetizado.\" data-balloon-pos=\"up\">Auxiliar de Manuten\u00e7\u00e3o e Conserva\u00e7\u00e3o<\/span><\/td>\r\n<td class=\"cvagas\">CR<\/td>\r\n<td class=\"cremuneracao\">R$ 1.518,00 \/44h<\/td>\r\n<\/tr><td class=\"ccargos\">\r\n<span data-balloon-length=\"medium\" aria-label=\"Alfabetizado.\" data-balloon-pos=\"up\">Auxiliar de Servi\u00e7os Gerais<\/span><\/td>\r\n<td class=\"cvagas\">CR<\/td>\r\n<td class=\"cremuneracao\">R$ 1.518,00 \/44h<\/td>\r\n<\/tr>\r\n    <\/tbody>\r\n  <\/table>\r\n<\/div>","_fund_completo":"<div>\r\n<table class=\"quadro\">\r\n<thead>\r\n<tr>\r\n<th class=\"hcargo\">Cargo<\/th>\r\n<th class=\"hvagas\">Vagas<\/th>\r\n<th class=\"hremuneracao\">Remunera\u00e7\u00e3o<\/th>\r\n<\/tr>\r\n<\/thead>\r\n    <tbody>\r\n      <td class=\"ccargos\">\r\n<span data-balloon-length=\"medium\" aria-label=\"Idade m\u00ednima de 21 anos e m\u00e1xima de 45 anos; Ensino Fundamental Completo; habilita\u00e7\u00e3o de motorista categoria \u201cD\u201d.\" data-balloon-pos=\"up\">Motorista<\/span><\/td>\r\n<td class=\"cvagas\">CR<\/td>\r\n<td class=\"cremuneracao\">R$ 1.518,00 \/44h<\/td>\r\n<\/tr><td class=\"ccargos\">\r\n<span data-balloon-length=\"medium\" data-balloon-pos=\"up\">Motorista de Ambul\u00e2ncia<\/span><\/td>\r\n<td class=\"cvagas\">CR<\/td>\r\n<td class=\"cremuneracao\">R$ 1.518,00 \/40h<\/td>\r\n<\/tr><td class=\"ccargos\">\r\n<span data-balloon-length=\"medium\" aria-label=\"Idade m\u00ednima de 21 anos; Ensino Fundamental completo e CNH \u201cD\u201d ou \u201cE\u201d e Certificado de participa\u00e7\u00e3o em curso de dire\u00e7\u00e3o defensiva e condutor de ve\u00edculos de emerg\u00eancia; certificado ou curso de atendimento pr\u00e9-hospitalar APH.\" data-balloon-pos=\"up\">Motorista Socorrista SAMU<\/span><\/td>\r\n<td class=\"cvagas\">CR<\/td>\r\n<td class=\"cremuneracao\">R$ 1.518,00 \/44h<\/td>\r\n<\/tr><td class=\"ccargos\">\r\n<span data-balloon-length=\"medium\" aria-label=\"Idade m\u00ednima de 21 anos; Ensino Fundamental Completo; habilita\u00e7\u00e3o de motorista categoria \u201cE\u201d. Comprovante de participa\u00e7\u00e3o em curso oficial para condutores de ve\u00edculo de transporte escolar.\" data-balloon-pos=\"up\">Motorista Transporte Escolar<\/span><\/td>\r\n<td class=\"cvagas\">CR<\/td>\r\n<td class=\"cremuneracao\">R$ 1.518,00 \/40h<\/td>\r\n<\/tr><td class=\"ccargos\">\r\n<span data-balloon-length=\"medium\" data-balloon-pos=\"up\">Operador de M\u00e1quinas<\/span><\/td>\r\n<td class=\"cvagas\">CR<\/td>\r\n<td class=\"cremuneracao\">R$ 1.713,78 \/44h<\/td>\r\n<\/tr><td class=\"ccargos\">\r\n<span data-balloon-length=\"medium\" aria-label=\"Idade M\u00ednima 18 e m\u00e1xima 45 anos. Ensino Fundamental incompleto\/ completo. Experi\u00eancia na \u00e1rea.\" data-balloon-pos=\"up\">Rampeiro\/ Borracheiro<\/span><\/td>\r\n<td class=\"cvagas\">CR<\/td>\r\n<td class=\"cremuneracao\">R$ 2.731,56 \/40h<\/td>\r\n<\/tr><td class=\"ccargos\">\r\n<span data-balloon-length=\"medium\" aria-label=\"Idade M\u00ednima 18 e m\u00e1xima 45 anos. Ensino Fundamental Completo.\" data-balloon-pos=\"up\">Vigia<\/span><\/td>\r\n<td class=\"cvagas\">CR<\/td>\r\n<td class=\"cremuneracao\">R$ 1.518,00 \/44h<\/td>\r\n<\/tr>\r\n    <\/tbody>\r\n  <\/table>\r\n<\/div>","_medio":"<div>\r\n<table class=\"quadro\">\r\n<thead>\r\n<tr>\r\n<th class=\"hcargo\">Cargo<\/th>\r\n<th class=\"hvagas\">Vagas<\/th>\r\n<th class=\"hremuneracao\">Remunera\u00e7\u00e3o<\/th>\r\n<\/tr>\r\n<\/thead>\r\n    <tbody>\r\n      <td class=\"ccargos\">\r\n<span data-balloon-length=\"medium\" aria-label=\"Ensino M\u00e9dio Completo.\" data-balloon-pos=\"up\">Assistente Administrativo<\/span><\/td>\r\n<td class=\"cvagas\">CR<\/td>\r\n<td class=\"cremuneracao\">R$ 1.947,57 \/40h<\/td>\r\n<\/tr><td class=\"ccargos\">\r\n<span data-balloon-length=\"medium\" aria-label=\"Ensino m\u00e9dio conclu\u00eddo.\" data-balloon-pos=\"up\">Auxiliar de Consult\u00f3rio Dent\u00e1rio (ACD)<\/span><\/td>\r\n<td class=\"cvagas\">CR<\/td>\r\n<td class=\"cremuneracao\">R$ 1.518,00 \/40h<\/td>\r\n<\/tr><td class=\"ccargos\">\r\n<span data-balloon-length=\"medium\" aria-label=\"Idade M\u00ednima 18 e m\u00e1xima 45 anos. Ensino M\u00e9dio Completo na \u00e1rea. Curso t\u00e9cnico na \u00e1rea.\" data-balloon-pos=\"up\">T\u00e9cnico em Agropecu\u00e1ria<\/span><\/td>\r\n<td class=\"cvagas\">CR<\/td>\r\n<td class=\"cremuneracao\">R$ 2.414,64 \/44h<\/td>\r\n<\/tr><td class=\"ccargos\">\r\n<span data-balloon-length=\"medium\" aria-label=\"Idade M\u00ednima 18 e m\u00e1xima 45 anos. Ensino M\u00e9dio Completo e Curso T\u00e9cnico de T\u00e9cnico em Enfermagem, com registro no conselho regional da categoria.\" data-balloon-pos=\"up\">T\u00e9cnico em Enfermagem<\/span><\/td>\r\n<td class=\"cvagas\">CR<\/td>\r\n<td class=\"cremuneracao\">R$ 3.325,00 \/44h<\/td>\r\n<\/tr><td class=\"ccargos\">\r\n<span data-balloon-length=\"medium\" aria-label=\"Habilita\u00e7\u00e3o de ensino m\u00e9dio, forma\u00e7\u00e3o espec\u00edfica e inscri\u00e7\u00e3o no COREN\/SC.\" data-balloon-pos=\"up\">T\u00e9cnico em Enfermagem de Sa\u00fade da Fam\u00edlia<\/span><\/td>\r\n<td class=\"cvagas\">CR<\/td>\r\n<td class=\"cremuneracao\">R$ 3.325,00 \/40h<\/td>\r\n<\/tr><td class=\"ccargos\">\r\n<span data-balloon-length=\"medium\" aria-label=\"Idade m\u00ednima de 21 anos. Ensino M\u00e9dio Completo e Forma\u00e7\u00e3o completa em curso t\u00e9cnico de enfermagem devidamente reconhecido.\" data-balloon-pos=\"up\">T\u00e9cnico em Enfermagem SAMU<\/span><\/td>\r\n<td class=\"cvagas\">CR<\/td>\r\n<td class=\"cremuneracao\">R$ 3.325,00 \/44h<\/td>\r\n<\/tr>\r\n    <\/tbody>\r\n  <\/table>\r\n<\/div>","_superior":"<div>\r\n<table class=\"quadro\">\r\n<thead>\r\n<tr>\r\n<th class=\"hcargo\">Cargo<\/th>\r\n<th class=\"hvagas\">Vagas<\/th>\r\n<th class=\"hremuneracao\">Remunera\u00e7\u00e3o<\/th>\r\n<\/tr>\r\n<\/thead>\r\n    <tbody>\r\n      <tr>\r\n<td class=\"ccargos\">\r\n<span data-balloon-length=\"medium\" aria-label=\"Ensino superior completo no curso de Servi\u00e7o Social e Inscri\u00e7\u00e3o no Conselho de Servi\u00e7o Social.\" data-balloon-pos=\"up\">Assistente Social<\/span><\/td>\r\n<td class=\"cvagas\">CR<\/td>\r\n<td class=\"cremuneracao\">R$ 3.684,66 \/30h<\/td>\r\n<\/tr><tr>\r\n<td class=\"ccargos\">\r\n<span data-balloon-length=\"medium\" aria-label=\"Ensino superior completo nos cursos de Ci\u00eancias da Computa\u00e7\u00e3o, Sistemas de Informa\u00e7\u00e3o e Engenharia da Computa\u00e7\u00e3o.\" data-balloon-pos=\"up\">Bacharel em Ci\u00eancias da Computa\u00e7\u00e3o<\/span><\/td>\r\n<td class=\"cvagas\">CR<\/td>\r\n<td class=\"cremuneracao\">R$ 3.674,56 \/40h<\/td>\r\n<\/tr><tr>\r\n<td class=\"ccargos\">\r\n<span data-balloon-length=\"medium\" aria-label=\"Habilita\u00e7\u00e3o em Medicina e Inscri\u00e7\u00e3o no CRM\/SC.\" data-balloon-pos=\"up\">M\u00e9dico de Sa\u00fade da Fam\u00edlia<\/span><\/td>\r\n<td class=\"cvagas\">CR<\/td>\r\n<td class=\"cremuneracao\">R$ 12.752,70 \/40h<\/td>\r\n<\/tr><tr>\r\n<td class=\"ccargos\">\r\n<span data-balloon-length=\"medium\" aria-label=\"Habilita\u00e7\u00e3o em Odontologia e Inscri\u00e7\u00e3o no CRO\/SC.\" data-balloon-pos=\"up\">Odont\u00f3logo - Cirurgi\u00e3o Dentista PSF<\/span><\/td>\r\n<td class=\"cvagas\">CR<\/td>\r\n<td class=\"cremuneracao\">R$ 5.521,40 \/40h<\/td>\r\n<\/tr><tr>\r\n<td class=\"ccargos\">\r\n<span data-balloon-length=\"medium\" aria-label=\"Licenciatura em Artes.\" data-balloon-pos=\"up\">Professor de Artes \u2013 Habilitado<\/span><\/td>\r\n<td class=\"cvagas\">CR<\/td>\r\n<td class=\"cremuneracao\">R$ 2.433,88 \/20h<\/td>\r\n<\/tr><tr>\r\n<td class=\"ccargos\">\r\n<span data-balloon-length=\"medium\" aria-label=\"Cursando a partir da 2\u00aa fase de Licenciatura em Artes.\" data-balloon-pos=\"up\">Professor de Artes \u2013 N\u00e3o Habilitado<\/span><\/td>\r\n<td class=\"cvagas\">CR<\/td>\r\n<td class=\"cremuneracao\">R$ 2.433,88 \/20h<\/td>\r\n<\/tr><tr>\r\n<td class=\"ccargos\">\r\n<span data-balloon-length=\"medium\" aria-label=\"Licenciatura em Ci\u00eancias.\" data-balloon-pos=\"up\">Professor de Ci\u00eancias \u2013 Habilitado<\/span><\/td>\r\n<td class=\"cvagas\">CR<\/td>\r\n<td class=\"cremuneracao\">R$ 2.433,88 \/20h<\/td>\r\n<\/tr><tr>\r\n<td class=\"ccargos\">\r\n<span data-balloon-length=\"medium\" aria-label=\"Cursando a partir da 2\u00aa fase de Licenciatura em Ci\u00eancias.\" data-balloon-pos=\"up\">Professor de Ci\u00eancias \u2013 N\u00e3o Habilitado<\/span><\/td>\r\n<td class=\"cvagas\">CR<\/td>\r\n<td class=\"cremuneracao\">R$ 2.433,88 \/20h<\/td>\r\n<\/tr><tr>\r\n<td class=\"ccargos\">\r\n<span data-balloon-length=\"medium\" aria-label=\"Licenciatura em Educa\u00e7\u00e3o F\u00edsica e registro junto ao CREF.\" data-balloon-pos=\"up\">Professor de Educa\u00e7\u00e3o F\u00edsica - Habilitado<\/span><\/td>\r\n<td class=\"cvagas\">CR<\/td>\r\n<td class=\"cremuneracao\">R$ 2.433,88 \/20h<\/td>\r\n<\/tr><tr>\r\n<td class=\"ccargos\">\r\n<span data-balloon-length=\"medium\" aria-label=\"Licenciado em pedagogia com habilita\u00e7\u00e3o em Educa\u00e7\u00e3o Infantil ou Normal Superior com Habilita\u00e7\u00e3o em Educa\u00e7\u00e3o Infantil.\" data-balloon-pos=\"up\">Professor de Educa\u00e7\u00e3o Infantil - Habilitado<\/span><\/td>\r\n<td class=\"cvagas\">CR<\/td>\r\n<td class=\"cremuneracao\">R$ 2.433,88 \/20h<\/td>\r\n<\/tr><tr>\r\n<td class=\"ccargos\">\r\n<span data-balloon-length=\"medium\" aria-label=\"Cursando a partir da 2\u00aa fase de Licenciatura em Pedagogia.\" data-balloon-pos=\"up\">Professor de Educa\u00e7\u00e3o Infantil - N\u00e3o Habilitado<\/span><\/td>\r\n<td class=\"cvagas\">CR<\/td>\r\n<td class=\"cremuneracao\">R$ 2.433,88 \/20h<\/td>\r\n<\/tr><tr>\r\n<td class=\"ccargos\">\r\n<span data-balloon-length=\"medium\" aria-label=\"Licenciatura em Ci\u00eancias da Religi\u00e3o ou forma\u00e7\u00e3o pedag\u00f3gica complementar na \u00e1rea.\" data-balloon-pos=\"up\">Professor Ensino Religioso - Habilitado<\/span><\/td>\r\n<td class=\"cvagas\">CR<\/td>\r\n<td class=\"cremuneracao\">R$ 2.433,88 \/20h<\/td>\r\n<\/tr><tr>\r\n<td class=\"ccargos\">\r\n<span data-balloon-length=\"medium\" aria-label=\"Cursando a partir da 2\u00aa fase de Ci\u00eancias da Religi\u00e3o.\" data-balloon-pos=\"up\">Professor Ensino Religioso - N\u00e3o Habilitado<\/span><\/td>\r\n<td class=\"cvagas\">CR<\/td>\r\n<td class=\"cremuneracao\">R$ 2.433,88 \/20h<\/td>\r\n<\/tr><tr>\r\n<td class=\"ccargos\">\r\n<span data-balloon-length=\"medium\" aria-label=\"Licenciatura em Geografia.\" data-balloon-pos=\"up\">Professor de Geografia \u2013 Habilitado<\/span><\/td>\r\n<td class=\"cvagas\">CR<\/td>\r\n<td class=\"cremuneracao\">R$ 2.433,88 \/20h<\/td>\r\n<\/tr><tr>\r\n<td class=\"ccargos\">\r\n<span data-balloon-length=\"medium\" aria-label=\"Cursando a partir da 2\u00aa fase de Licenciatura em Geografia.\" data-balloon-pos=\"up\">Professor de Geografia \u2013 N\u00e3o Habilitado<\/span><\/td>\r\n<td class=\"cvagas\">CR<\/td>\r\n<td class=\"cremuneracao\">R$ 2.433,88 \/20h<\/td>\r\n<\/tr><tr>\r\n<td class=\"ccargos\">\r\n<span data-balloon-length=\"medium\" aria-label=\"Licenciatura em Hist\u00f3ria.\" data-balloon-pos=\"up\">Professor de Hist\u00f3ria \u2013 Habilitado<\/span><\/td>\r\n<td class=\"cvagas\">CR<\/td>\r\n<td class=\"cremuneracao\">R$ 2.433,88 \/20h<\/td>\r\n<\/tr><tr>\r\n<td class=\"ccargos\">\r\n<span data-balloon-length=\"medium\" aria-label=\"Cursando a partir da 2\u00aa fase de Licenciatura em Hist\u00f3ria.\" data-balloon-pos=\"up\">Professor de Hist\u00f3ria \u2013 N\u00e3o Habilitado<\/span><\/td>\r\n<td class=\"cvagas\">CR<\/td>\r\n<td class=\"cremuneracao\">R$ 2.433,88 \/20h<\/td>\r\n<\/tr><tr>\r\n<td class=\"ccargos\">\r\n<span data-balloon-length=\"medium\" aria-label=\"Licenciatura em Letras\/Ingl\u00eas.\" data-balloon-pos=\"up\">Professor de Ingl\u00eas \u2013 Habilitado<\/span><\/td>\r\n<td class=\"cvagas\">CR<\/td>\r\n<td class=\"cremuneracao\">R$ 2.433,88 \/20h<\/td>\r\n<\/tr><tr>\r\n<td class=\"ccargos\">\r\n<span data-balloon-length=\"medium\" aria-label=\"Cursando a partir da 2\u00aa fase de Licenciatura em Letras\/Ingl\u00eas.\" data-balloon-pos=\"up\">Professor de Ingl\u00eas \u2013 N\u00e3o Habilitado<\/span><\/td>\r\n<td class=\"cvagas\">CR<\/td>\r\n<td class=\"cremuneracao\">R$ 2.433,88 \/20h<\/td>\r\n<\/tr><tr>\r\n<td class=\"ccargos\">\r\n<span data-balloon-length=\"medium\" aria-label=\"Licenciatura em Matem\u00e1tica.\" data-balloon-pos=\"up\">Professor de Matem\u00e1tica \u2013 Habilitado<\/span><\/td>\r\n<td class=\"cvagas\">CR<\/td>\r\n<td class=\"cremuneracao\">R$ 2.433,88 \/20h<\/td>\r\n<\/tr><tr>\r\n<td class=\"ccargos\">\r\n<span data-balloon-length=\"medium\" aria-label=\"Cursando a partir da 2\u00aa fase de Licenciatura em Matem\u00e1tica.\" data-balloon-pos=\"up\">Professor de Matem\u00e1tica \u2013 N\u00e3o Habilitado<\/span><\/td>\r\n<td class=\"cvagas\">CR<\/td>\r\n<td class=\"cremuneracao\">R$ 2.433,88 \/20h<\/td>\r\n<\/tr><tr>\r\n<td class=\"ccargos\">\r\n<span data-balloon-length=\"medium\" aria-label=\"Licenciatura em Letras\/Portugu\u00eas.\" data-balloon-pos=\"up\">Professor de Portugu\u00eas \u2013 Habilitado<\/span><\/td>\r\n<td class=\"cvagas\">CR<\/td>\r\n<td class=\"cremuneracao\">R$ 2.433,88 \/20h<\/td>\r\n<\/tr><tr>\r\n<td class=\"ccargos\">\r\n<span data-balloon-length=\"medium\" aria-label=\"Cursando a partir da 2\u00aa fase de Licenciatura em Letras\/Portugu\u00eas.\" data-balloon-pos=\"up\">Professor de Portugu\u00eas \u2013 N\u00e3o Habilitado<\/span><\/td>\r\n<td class=\"cvagas\">CR<\/td>\r\n<td class=\"cremuneracao\">R$ 2.433,88 \/20h<\/td>\r\n<\/tr><tr>\r\n<td class=\"ccargos\">\r\n<span data-balloon-length=\"medium\" aria-label=\"Licenciado em pedagogia com habilita\u00e7\u00e3o em anos iniciais ou Normal Superior com Habilita\u00e7\u00e3o em Anos Iniciais.\" data-balloon-pos=\"up\">Professor Ensino Fundamental (Series Iniciais) - Habilitado<\/span><\/td>\r\n<td class=\"cvagas\">CR<\/td>\r\n<td class=\"cremuneracao\">R$ 2.433,88 \/20h<\/td>\r\n<\/tr><tr>\r\n<td class=\"ccargos\">\r\n<span data-balloon-length=\"medium\" aria-label=\"Cursando a partir da 2\u00aa fase de Licenciatura em Pedagogia.\" data-balloon-pos=\"up\">Professor Ensino Fundamental (Series Iniciais) \u2013 N\u00e3o Habilitado<\/span><\/td>\r\n<td class=\"cvagas\">CR<\/td>\r\n<td class=\"cremuneracao\">R$ 2.433,88 \/20h<\/td>\r\n<\/tr><tr>\r\n<td class=\"ccargos\">\r\n<span data-balloon-length=\"medium\" aria-label=\"Licenciatura em Educa\u00e7\u00e3o Especial.\" data-balloon-pos=\"up\">Segundo Professor \u2013 Habilitado<\/span><\/td>\r\n<td class=\"cvagas\">CR<\/td>\r\n<td class=\"cremuneracao\">R$ 2.433,88 \/20h<\/td>\r\n<\/tr><tr>\r\n<td class=\"ccargos\">\r\n<span data-balloon-length=\"medium\" aria-label=\"Cursando a partir da 2\u00aa fase de Licenciatura em Educa\u00e7\u00e3o Especial.\" data-balloon-pos=\"up\">Segundo Professor \u2013 N\u00e3o Habilitado<\/span><\/td>\r\n<td class=\"cvagas\">CR<\/td>\r\n<td class=\"cremuneracao\">R$ 2.433,88 \/20h<\/td>\r\n<\/tr><tr>\r\n<td class=\"ccargos\">\r\n<span data-balloon-length=\"medium\" aria-label=\"Ensino superior completo, e registro no Conselho Regional de Psicologia.\" data-balloon-pos=\"up\">Psic\u00f3logo<\/span><\/td>\r\n<td class=\"cvagas\">CR<\/td>\r\n<td class=\"cremuneracao\">R$ 3.814,30 \/40h<\/td>\r\n<\/tr><tr>\r\n<td class=\"ccargos\">\r\n<span data-balloon-length=\"medium\" aria-label=\"Idade M\u00ednima 18 e m\u00e1xima 45 anos. Ensino Superior e registro no \u00f3rg\u00e3o da classe.\" data-balloon-pos=\"up\">Veterin\u00e1rio<\/span><\/td>\r\n<td class=\"cvagas\">CR<\/td>\r\n<td class=\"cremuneracao\">R$ 3.813,63 \/44h<\/td>\r\n<\/tr>\r\n    <\/tbody>\r\n  <\/table>\r\n<\/div>"},"_links":{"self":[{"href":"https:\/\/www.agrobase.com.br\/concursos\/wp-json\/wp\/v2\/posts\/274570","targetHints":{"allow":["GET"]}}],"collection":[{"href":"https:\/\/www.agrobase.com.br\/concursos\/wp-json\/wp\/v2\/posts"}],"about":[{"href":"https:\/\/www.agrobase.com.br\/concursos\/wp-json\/wp\/v2\/types\/post"}],"author":[{"embeddable":true,"href":"https:\/\/www.agrobase.com.br\/concursos\/wp-json\/wp\/v2\/users\/5229"}],"replies":[{"embeddable":true,"href":"https:\/\/www.agrobase.com.br\/concursos\/wp-json\/wp\/v2\/comments?post=274570"}],"version-history":[{"count":3,"href":"https:\/\/www.agrobase.com.br\/concursos\/wp-json\/wp\/v2\/posts\/274570\/revisions"}],"predecessor-version":[{"id":274578,"href":"https:\/\/www.agrobase.com.br\/concursos\/wp-json\/wp\/v2\/posts\/274570\/revisions\/274578"}],"wp:featuredmedia":[{"embeddable":true,"href":"https:\/\/www.agrobase.com.br\/concursos\/wp-json\/wp\/v2\/media\/274569"}],"wp:attachment":[{"href":"https:\/\/www.agrobase.com.br\/concursos\/wp-json\/wp\/v2\/media?parent=274570"}],"wp:term":[{"taxonomy":"category","embeddable":true,"href":"https:\/\/www.agrobase.com.br\/concursos\/wp-json\/wp\/v2\/categories?post=274570"},{"taxonomy":"post_tag","embeddable":true,"href":"https:\/\/www.agrobase.com.br\/concursos\/wp-json\/wp\/v2\/tags?post=274570"},{"taxonomy":"_amplo","embeddable":true,"href":"https:\/\/www.agrobase.com.br\/concursos\/wp-json\/wp\/v2\/_amplo?post=274570"},{"taxonomy":"destaque","embeddable":true,"href":"https:\/\/www.agrobase.com.br\/concursos\/wp-json\/wp\/v2\/destaque?post=274570"},{"taxonomy":"instituicoes","embeddable":true,"href":"https:\/\/www.agrobase.com.br\/concursos\/wp-json\/wp\/v2\/instituicoes?post=274570"}],"curies":[{"name":"wp","href":"https:\/\/api.w.org\/{rel}","templated":true}]}}