{"id":274560,"date":"2025-12-03T07:25:57","date_gmt":"2025-12-03T10:25:57","guid":{"rendered":"https:\/\/www.agrobase.com.br\/concursos\/?p=274560"},"modified":"2025-12-02T17:36:30","modified_gmt":"2025-12-02T20:36:30","slug":"prefeitura-pinheiros-es-selecao-simplificada-013-2025","status":"publish","type":"post","link":"https:\/\/www.agrobase.com.br\/concursos\/2025\/prefeitura-pinheiros-es-selecao-simplificada-013-2025\/","title":{"rendered":"Prefeitura Pinheiros (ES) &#8211; Sele\u00e7\u00e3o Simplificada 013\/2025"},"content":{"rendered":"<h2>Informa\u00e7\u00f5es Gerais<\/h2>\n<p>A <strong>Prefeitura Municipal de Pinheiros<\/strong>, no estado do Esp\u00edrito Santo, torna p\u00fablico o <strong>Edital n\u00ba 013\/2025<\/strong> referente ao seu novo Processo Seletivo Simplificado. O certame tem como objetivo a forma\u00e7\u00e3o de <strong>Cadastro de Reserva<\/strong> para contrata\u00e7\u00e3o em regime de <strong>Designa\u00e7\u00e3o Tempor\u00e1ria (DT)<\/strong>, visando atender \u00e0s necessidades excepcionais da Secretaria Municipal de Educa\u00e7\u00e3o.<\/p>\n<p>As oportunidades contemplam candidatos com n\u00edveis <strong>M\u00e9dio\/T\u00e9cnico e Superior<\/strong> (completo ou em curso, para as modalidades de habilitados e n\u00e3o habilitados). As vagas s\u00e3o destinadas a fun\u00e7\u00f5es de doc\u00eancia na Educa\u00e7\u00e3o Infantil, Ensino Fundamental (anos iniciais e finais), Educa\u00e7\u00e3o Especial (AEE) e Supervis\u00e3o Escolar. Destaca-se a oferta de oportunidades para profissionais das \u00e1reas de <strong>Agronomia<\/strong> (ou T\u00e9cnico Agr\u00edcola) e <strong>Biologia<\/strong> (Ci\u00eancias), al\u00e9m das licenciaturas tradicionais.<\/p>\n<p>Se voc\u00ea busca uma oportunidade de atua\u00e7\u00e3o no servi\u00e7o p\u00fablico municipal, confira a seguir os detalhes sobre prazos, etapas e requisitos desta sele\u00e7\u00e3o.<\/p>\n<h2>Inscri\u00e7\u00f5es<\/h2>\n<p>As inscri\u00e7\u00f5es para o Processo Seletivo Simplificado s\u00e3o <strong>gratuitas<\/strong> e devem ser realizadas exclusivamente pela internet. O procedimento \u00e9 totalmente informatizado, exigindo que o candidato possua cadastro pr\u00e9vio no Sistema de Sele\u00e7\u00e3o de Designa\u00e7\u00e3o Tempor\u00e1ria do munic\u00edpio.<\/p>\n<p>No ato da inscri\u00e7\u00e3o, o candidato dever\u00e1 preencher o formul\u00e1rio online e anexar, obrigatoriamente, um arquivo \u00fanico em formato <strong>PDF<\/strong> (m\u00e1ximo de 100 MB) contendo os documentos comprobat\u00f3rios de pr\u00e9-requisitos, t\u00edtulos, cursos complementares e tempo de servi\u00e7o. \u00c9 permitido realizar at\u00e9 <strong>duas inscri\u00e7\u00f5es<\/strong> por CPF. O candidato deve estar atento \u00e0 escolha correta da vaga (Sede ou Meio Rural) e da modalidade (Habilitado ou N\u00e3o Habilitado).<\/p>\n<p>Para acompanhar o status da sua solicita\u00e7\u00e3o e eventuais convoca\u00e7\u00f5es, \u00e9 fundamental acessar regularmente a \u00e1rea restrita do candidato no site oficial. Recomendamos a leitura atenta do edital para conferir a lista completa de documentos exigidos para o upload.<\/p>\n<h2>Etapas e Provas<\/h2>\n<p>A sele\u00e7\u00e3o dos candidatos ser\u00e1 realizada mediante <strong>Avalia\u00e7\u00e3o de T\u00edtulos e Tempo de Servi\u00e7o<\/strong>, de car\u00e1ter classificat\u00f3rio e eliminat\u00f3rio. N\u00e3o haver\u00e1 aplica\u00e7\u00e3o de provas objetivas escritas. O processo compreender\u00e1 as seguintes fases:<\/p>\n<ul>\n<li><strong>Inscri\u00e7\u00e3o Online e Envio de Documentos:<\/strong> Etapa inicial onde o candidato declara suas informa\u00e7\u00f5es e faz o upload dos comprovantes (eliminat\u00f3ria).<\/li>\n<li><strong>Confer\u00eancia e Avalia\u00e7\u00e3o de T\u00edtulos:<\/strong> Os candidatos classificados ser\u00e3o convocados para apresentar os documentos originais e c\u00f3pias para valida\u00e7\u00e3o presencial. A pontua\u00e7\u00e3o considerar\u00e1 a qualifica\u00e7\u00e3o profissional (Doutorado, Mestrado, Especializa\u00e7\u00e3o) e a experi\u00eancia profissional na fun\u00e7\u00e3o pleiteada.<\/li>\n<li><strong>Escolha de Vaga:<\/strong> Ocorrer\u00e1 logo ap\u00f3s a confer\u00eancia dos documentos, conforme a disponibilidade e a ordem de classifica\u00e7\u00e3o.<\/li>\n<li><strong>Exames Admissionais:<\/strong> Per\u00edcia m\u00e9dica para comprova\u00e7\u00e3o de aptid\u00e3o f\u00edsica e mental (eliminat\u00f3ria).<\/li>\n<\/ul>\n<p>Para detalhes sobre a tabela de pontua\u00e7\u00e3o de t\u00edtulos e os crit\u00e9rios espec\u00edficos de experi\u00eancia, consulte o edital completo.<\/p>\n<h2>Resultados e Gabarito<\/h2>\n<p>O cronograma do processo seletivo \u00e9 din\u00e2mico e prev\u00ea a divulga\u00e7\u00e3o da <strong>classifica\u00e7\u00e3o preliminar<\/strong> de t\u00edtulos e tempo de servi\u00e7o j\u00e1 para o dia <strong>08 de dezembro de 2025<\/strong>. Os recursos contra esta etapa poder\u00e3o ser interpostos no dia seguinte, via e-mail especificado no edital.<\/p>\n<p>A <strong>classifica\u00e7\u00e3o ap\u00f3s an\u00e1lise de recursos<\/strong> est\u00e1 prevista para 10 de dezembro de 2025, data em que tamb\u00e9m ocorrer\u00e1 a convoca\u00e7\u00e3o para a confer\u00eancia presencial de documentos. A homologa\u00e7\u00e3o e a classifica\u00e7\u00e3o final, ap\u00f3s a avalia\u00e7\u00e3o m\u00e9dica, t\u00eam previs\u00e3o para <strong>31 de dezembro de 2025<\/strong>.<\/p>\n<p>Em caso de empate na pontua\u00e7\u00e3o, ter\u00e3o prefer\u00eancia candidatos com maior participa\u00e7\u00e3o em cursos de forma\u00e7\u00e3o continuada recentes, maior tempo de servi\u00e7o, maior qualifica\u00e7\u00e3o profissional e maior idade, sucessivamente. Lembramos que \u00e9 de inteira responsabilidade do candidato acompanhar as publica\u00e7\u00f5es oficiais e convoca\u00e7\u00f5es no site da Prefeitura de Pinheiros.<\/p>\n","protected":false},"excerpt":{"rendered":"<p>Sel. Simplificada Pref. Pinheiros (ES) com edital publicado! Vagas p\/ Professores e Supervisor (M\u00e9dio\/Sup.). Inscri\u00e7\u00f5es a partir de 04\/12. Confira detalhes!<\/p>\n","protected":false},"author":5229,"featured_media":0,"comment_status":"open","ping_status":"open","sticky":false,"template":"","format":"standard","meta":{"_acf_changed":false,"_breakdance_hide_in_design_set":false,"_breakdance_tags":"","footnotes":""},"categories":[4,140,6433,126,141,6434,151,111,100,20,6871,116,25,29,159],"tags":[45],"_amplo":[],"destaque":[],"instituicoes":[],"class_list":["post-274560","post","type-post","status-publish","format-standard","hentry","category-agronomia","category-artes-plasticas","category-biologia-licenciatura","category-ciencia-computacao","category-educacao-artistica","category-educacao-fisica-licenciatura","category-engenharia-computacao","category-geografia","category-historia","category-letras","category-letras-ingles","category-matematica","category-pedagogia","category-tecnico-agricola","category-tecnologia-da-informacao","tag-espirito-santo"],"acf":{"_tipo_vagas":"vagas","_numero_vagas":"","_quadro_vagas":"","_cargos":"diversos","_cargos_especificos":"","_salario_max":"R$ 4858.52","_abertura":"20251204","_encerramento":"20251208","_inscricoes":"https:\/\/www.pinheiros.es.gov.br\/selecao","_executora_concurso":"","_instituicao_concurso":[],"_link_adicional":null,"_anexos":null,"_produtos":null,"_vagas":"CR","_salario_min":"R$ 3529.31","_instituicao":"Prefeitura Pinheiros","_edital":"https:\/\/www.agrobase.com.br\/concursos\/wp-content\/uploads\/sites\/4\/2025\/12\/edital-013-2025-prefeitura-pinheiros-es.pdf","_anexos_edital":"","_fund_incompleto":"","_fund_completo":"","_medio":"<div>\r\n<table class=\"quadro\">\r\n<thead>\r\n<tr>\r\n<th class=\"hcargo\">Cargo<\/th>\r\n<th class=\"hvagas\">Vagas<\/th>\r\n\r\n<\/tr>\r\n<\/thead>\r\n    <tbody>\r\n      <td class=\"ccargos\">\r\n<span data-balloon-length=\"medium\" aria-label=\"Ensino Superior em Agronomia ou Curso T\u00e9cnico Agr\u00edcola ou \u00e1rea afim.\" data-balloon-pos=\"up\">Prof\u00ba Agricultura\/T\u00e9cnicas Agr\u00edcolas<\/span><\/td>\r\n<td class=\"cvagas\">CR<\/td>\r\n\r\n<\/tr>\r\n    <\/tbody>\r\n  <\/table>\r\n<\/div>","_superior":"<div>\r\n<table class=\"quadro\">\r\n<thead>\r\n<tr>\r\n<th class=\"hcargo\">Cargo<\/th>\r\n<th class=\"hvagas\">Vagas<\/th>\r\n\r\n<\/tr>\r\n<\/thead>\r\n    <tbody>\r\n      <tr>\r\n<td class=\"ccargos\">\r\n<span data-balloon-length=\"medium\" aria-label=\"Licenciatura Plena em Pedagogia ou Normal Superior.\" data-balloon-pos=\"up\">Prof\u00ba de Educ. Infantil<\/span><\/td>\r\n<td class=\"cvagas\">CR<\/td>\r\n\r\n<\/tr><tr>\r\n<td class=\"ccargos\">\r\n<span data-balloon-length=\"medium\" aria-label=\"Licenciatura Plena em Pedagogia com Habilita\u00e7\u00e3o em Ensino Fundamental ou Licenciatura em Normal Superior.\" data-balloon-pos=\"up\">Prof\u00ba de Ens. Fundamental - (1\u00ba ao 5\u00ba ano)<\/span><\/td>\r\n<td class=\"cvagas\">CR<\/td>\r\n\r\n<\/tr><tr>\r\n<td class=\"ccargos\">\r\n<span data-balloon-length=\"medium\" aria-label=\"HABILITADO: Licenciatura Plena em cursos na \u00e1rea de educa\u00e7\u00e3o. N\u00c3O HABILITADO: Cursando no m\u00ednimo o 2\u00ba per\u00edodo na \u00e1rea ou \u00e1rea afim.\" data-balloon-pos=\"up\">Professor de Empreendedorismo<\/span><\/td>\r\n<td class=\"cvagas\">CR<\/td>\r\n\r\n<\/tr><tr>\r\n<td class=\"ccargos\">\r\n<span data-balloon-length=\"medium\" aria-label=\"HABILITADO: Licenciatura Plena em Letras\/ L\u00edngua Portuguesa. N\u00c3O HABILITADO: Cursando no m\u00ednimo o 2\u00ba per\u00edodo na \u00e1rea ou gradua\u00e7\u00e3o em \u00e1rea afim.\" data-balloon-pos=\"up\">Prof\u00ba de L\u00edngua Portuguesa<\/span><\/td>\r\n<td class=\"cvagas\">CR<\/td>\r\n\r\n<\/tr><tr>\r\n<td class=\"ccargos\">\r\n<span data-balloon-length=\"medium\" aria-label=\"HABILITADO: Licenciatura Plena em Matem\u00e1tica \u2013 habilita\u00e7\u00e3o Matem\u00e1tica (Parecer CNE\/CES \u2116: 6\/2009). N\u00c3O HABILITADO: Cursando no m\u00ednimo o 2\u00ba per\u00edodo na \u00e1rea ou em \u00e1rea afim.\" data-balloon-pos=\"up\">Professor de Matem\u00e1tica<\/span><\/td>\r\n<td class=\"cvagas\">CR<\/td>\r\n\r\n<\/tr><tr>\r\n<td class=\"ccargos\">\r\n<span data-balloon-length=\"medium\" aria-label=\"HABILITADO: Licenciatura Plena em Ci\u00eancias Biol\u00f3gicas; Licenciatura Plena em Biologia. N\u00c3O HABILITADO: Cursando no m\u00ednimo o 2\u00ba per\u00edodo na \u00e1rea ou em \u00e1rea afim.\" data-balloon-pos=\"up\">Prof\u00ba de Ci\u00eancias<\/span><\/td>\r\n<td class=\"cvagas\">CR<\/td>\r\n\r\n<\/tr><tr>\r\n<td class=\"ccargos\">\r\n<span data-balloon-length=\"medium\" aria-label=\"HABILITADO: Licenciatura Plena em Geografia. N\u00c3O HABILITADO: Cursando no m\u00ednimo o 2\u00ba per\u00edodo na \u00e1rea ou em \u00e1rea afim.\" data-balloon-pos=\"up\">Prof\u00ba de Geografia<\/span><\/td>\r\n<td class=\"cvagas\">CR<\/td>\r\n\r\n<\/tr><tr>\r\n<td class=\"ccargos\">\r\n<span data-balloon-length=\"medium\" aria-label=\"HABILITADO: Licenciatura Plena em Hist\u00f3ria. N\u00c3O HABILITADO: Cursando no m\u00ednimo o 2\u00ba per\u00edodo na \u00e1rea ou em \u00e1rea afim.\" data-balloon-pos=\"up\">Prof\u00ba de Hist\u00f3ria<\/span><\/td>\r\n<td class=\"cvagas\">CR<\/td>\r\n\r\n<\/tr><tr>\r\n<td class=\"ccargos\">\r\n<span data-balloon-length=\"medium\" aria-label=\"HABILITADO: Licenciatura Plena em Geografia ou Hist\u00f3ria. N\u00c3O HABILITADO: Cursando no m\u00ednimo o 2\u00ba per\u00edodo na \u00e1rea ou em \u00e1rea afim.\" data-balloon-pos=\"up\">Professor de Geografia\/Hist\u00f3ria<\/span><\/td>\r\n<td class=\"cvagas\">CR<\/td>\r\n\r\n<\/tr><tr>\r\n<td class=\"ccargos\">\r\n<span data-balloon-length=\"medium\" aria-label=\"Licenciatura Plena em Educa\u00e7\u00e3o F\u00edsica.\" data-balloon-pos=\"up\">Prof\u00ba de Educa\u00e7\u00e3o F\u00edsica<\/span><\/td>\r\n<td class=\"cvagas\">CR<\/td>\r\n\r\n<\/tr><tr>\r\n<td class=\"ccargos\">\r\n<span data-balloon-length=\"medium\" aria-label=\"HABILITADO: Licenciatura Plena Letras\/Ingl\u00eas; Licenciatura Plena em Portugu\u00eas\/Ingl\u00eas. N\u00c3O HABILITADO: Cursando no m\u00ednimo no m\u00ednimo 2\u00ba per\u00edodo na \u00e1rea.\" data-balloon-pos=\"up\">Prof\u00ba de L\u00edngua Inglesa (Educ. Infantil e Ens. Fundamental)<\/span><\/td>\r\n<td class=\"cvagas\">CR<\/td>\r\n\r\n<\/tr><tr>\r\n<td class=\"ccargos\">\r\n<span data-balloon-length=\"medium\" aria-label=\"HABILITADO: Licenciatura Plena em Artes Visuais, Licenciatura Plena em Educa\u00e7\u00e3o Art\u00edstica; Licenciatura Plena em Artes Pl\u00e1sticas ou outra gradua\u00e7\u00e3o correspondente \u00e0s \u00e1reas de conhecimento espec\u00edficas do curr\u00edculo, com forma\u00e7\u00e3o pedag\u00f3gica, em conformidade com LDB. N\u00c3O HABILITADO: cursando no m\u00ednimo o 5\u00ba per\u00edodo.\" data-balloon-pos=\"up\">Prof\u00ba de Arte<\/span><\/td>\r\n<td class=\"cvagas\">CR<\/td>\r\n\r\n<\/tr><tr>\r\n<td class=\"ccargos\">\r\n<span data-balloon-length=\"medium\" aria-label=\"Licenciatura Plena em Pedagogia com Habilita\u00e7\u00e3o em Ensino Fundamental ou Licenciatura Normal Superior.\" data-balloon-pos=\"up\">Prof\u00ba Substituto\/Itinerante - (Ed. Infantil e Ens. Fund. Anos Iniciais)<\/span><\/td>\r\n<td class=\"cvagas\">CR<\/td>\r\n\r\n<\/tr><tr>\r\n<td class=\"ccargos\">\r\n<span data-balloon-length=\"medium\" aria-label=\"HABILITADO: Licenciatura Plena em Letras\/ L\u00edngua Portuguesa. N\u00c3O HABILITADO: Cursando no m\u00ednimo o 2\u00ba per\u00edodo na \u00e1rea ou gradua\u00e7\u00e3o em \u00e1rea afim.\" data-balloon-pos=\"up\">Prof\u00ba Substituto\/Itinerante - da \u00c1rea de Conh. de Ci\u00eancias Humanas e Linguagens<\/span><\/td>\r\n<td class=\"cvagas\">CR<\/td>\r\n\r\n<\/tr><tr>\r\n<td class=\"ccargos\">\r\n<span data-balloon-length=\"medium\" aria-label=\"HABILITADO: Licenciatura Plena em Matem\u00e1tica \u2013 habilita\u00e7\u00e3o Matem\u00e1tica (Parecer CNE\/CES N\u00ba: 6\/2009). N\u00c3O HABILITADO: Cursando no m\u00ednimo o 2\u00ba per\u00edodo na \u00e1rea ou em \u00e1rea afim.\" data-balloon-pos=\"up\">Prof\u00ba Substituto\/Itinerante - da \u00c1rea de Conhec. de Ci\u00eancias Natureza e Matem\u00e1tica<\/span><\/td>\r\n<td class=\"cvagas\">CR<\/td>\r\n\r\n<\/tr><tr>\r\n<td class=\"ccargos\">\r\n<span data-balloon-length=\"medium\" aria-label=\"HABILITADO: Licenciatura em Inform\u00e1tica; ou Bacharel em Sistemas de Informa\u00e7\u00e3o; ou Bacharel em Ci\u00eancia da Computa\u00e7\u00e3o; ou Superior em Engenharia ou Tecnologia de Processamento de Dados; ou Tecnologia em An\u00e1lise e Desenvolvimento de Sistemas; ou Tecnologia em Redes de Computadores ou \u00e1rea afim. N\u00c3O HABILITADO: Cursando no m\u00ednimo o 2\u00ba per\u00edodo na \u00e1rea ou gradua\u00e7\u00e3o em \u00e1rea afim.\" data-balloon-pos=\"up\">Prof\u00ba de Inform\u00e1tica<\/span><\/td>\r\n<td class=\"cvagas\">CR<\/td>\r\n\r\n<\/tr><tr>\r\n<td class=\"ccargos\">\r\n<span data-balloon-length=\"medium\" aria-label=\"Licenciatura Plena em Educa\u00e7\u00e3o Especial; OU Licenciatura Plena em Pedagogia (habilita\u00e7\u00e3o em Educa\u00e7\u00e3o Infantil e\/ou Anos Iniciais do Ensino Fundamental); ACRESCIDO de P\u00f3s-Gradua\u00e7\u00e3o em Educa\u00e7\u00e3o Especial Inclusiva OU P\u00f3s-Gradua\u00e7\u00e3o em Educa\u00e7\u00e3o Especial OU P\u00f3s-Gradua\u00e7\u00e3o em Educa\u00e7\u00e3o Inclusiva OU P\u00f3s-Gradua\u00e7\u00e3o em Atendimento Educacional Especializado AEE. OU Licenciatura Plena em Pedagogia (Conforme Resolu\u00e7\u00e3o do CNE\/CP \u2116 01 de 15\/05\/2006); OU Licenciatura Plena em Pedagogia com Diploma apostilado para Educa\u00e7\u00e3o Infantil e Anos Iniciais; OU Licenciatura Plena em Normal Superior com Habilita\u00e7\u00e3o em Educa\u00e7\u00e3o Infantil e Anos Iniciais ACRESCIDO de P\u00f3s-Gradua\u00e7\u00e3o em Educa\u00e7\u00e3o Especial Inclusiva OU P\u00f3s-Gradua\u00e7\u00e3o em Educa\u00e7\u00e3o Especial OU P\u00f3s-Gradua\u00e7\u00e3o em Educa\u00e7\u00e3o Inclusiva OU P\u00f3s- Gradua\u00e7\u00e3o em Atendimento Educacional Especializado \u2013 AEE.\" data-balloon-pos=\"up\">Professor de Educa\u00e7\u00e3o Especial<\/span><\/td>\r\n<td class=\"cvagas\">CR<\/td>\r\n\r\n<\/tr><tr>\r\n<td class=\"ccargos\">\r\n<span data-balloon-length=\"medium\" aria-label=\"Licenciatura em Pedagogia, com habilita\u00e7\u00e3o em Supervis\u00e3o Escolar e\/ou Orienta\u00e7\u00e3o Educacional e\/ou Administra\u00e7\u00e3o Escolar e\/ou Gest\u00e3o Escolar e\/ou Gest\u00e3o Educacional e\/ou Inspe\u00e7\u00e3o Escolar; OU Licenciatura em Pedagogia amparada pela Resolu\u00e7\u00e3o CNE\/CP n\u00ba 1, de 15 de maio de 2006; OU Licenciatura em qualquer \u00e1rea, acrescida de p\u00f3s-gradua\u00e7\u00e3o lato sensu com habilita\u00e7\u00e3o em Supervis\u00e3o Escolar, Orienta\u00e7\u00e3o Educacional, Administra\u00e7\u00e3o Escolar, Gest\u00e3o Escolar, Gest\u00e3o Educacional ou Inspe\u00e7\u00e3o Escolar; OU Diploma de Bacharel ou Tecn\u00f3logo, acrescido de Programa de Forma\u00e7\u00e3o Pedag\u00f3gica com habilita\u00e7\u00e3o em qualquer disciplina, acrescido de p\u00f3s-gradua\u00e7\u00e3o lato sensu em Supervis\u00e3o Escolar, Orienta\u00e7\u00e3o Educacional, Administra\u00e7\u00e3o Escolar, Gest\u00e3o Escolar, Gest\u00e3o Educacional ou Inspe\u00e7\u00e3o Escolar; ACRESCIDO de comprova\u00e7\u00e3o m\u00ednima de 02 (dois) anos de efetivo exerc\u00edcio docente, nos termos do \u00a71\u00ba do artigo 67 da Lei n\u00ba 9.394\/1996 (LDB).\" data-balloon-pos=\"up\">Supervisor Escolar<\/span><\/td>\r\n<td class=\"cvagas\">CR<\/td>\r\n\r\n<\/tr>\r\n    <\/tbody>\r\n  <\/table>\r\n<\/div>"},"_links":{"self":[{"href":"https:\/\/www.agrobase.com.br\/concursos\/wp-json\/wp\/v2\/posts\/274560","targetHints":{"allow":["GET"]}}],"collection":[{"href":"https:\/\/www.agrobase.com.br\/concursos\/wp-json\/wp\/v2\/posts"}],"about":[{"href":"https:\/\/www.agrobase.com.br\/concursos\/wp-json\/wp\/v2\/types\/post"}],"author":[{"embeddable":true,"href":"https:\/\/www.agrobase.com.br\/concursos\/wp-json\/wp\/v2\/users\/5229"}],"replies":[{"embeddable":true,"href":"https:\/\/www.agrobase.com.br\/concursos\/wp-json\/wp\/v2\/comments?post=274560"}],"version-history":[{"count":2,"href":"https:\/\/www.agrobase.com.br\/concursos\/wp-json\/wp\/v2\/posts\/274560\/revisions"}],"predecessor-version":[{"id":274567,"href":"https:\/\/www.agrobase.com.br\/concursos\/wp-json\/wp\/v2\/posts\/274560\/revisions\/274567"}],"wp:attachment":[{"href":"https:\/\/www.agrobase.com.br\/concursos\/wp-json\/wp\/v2\/media?parent=274560"}],"wp:term":[{"taxonomy":"category","embeddable":true,"href":"https:\/\/www.agrobase.com.br\/concursos\/wp-json\/wp\/v2\/categories?post=274560"},{"taxonomy":"post_tag","embeddable":true,"href":"https:\/\/www.agrobase.com.br\/concursos\/wp-json\/wp\/v2\/tags?post=274560"},{"taxonomy":"_amplo","embeddable":true,"href":"https:\/\/www.agrobase.com.br\/concursos\/wp-json\/wp\/v2\/_amplo?post=274560"},{"taxonomy":"destaque","embeddable":true,"href":"https:\/\/www.agrobase.com.br\/concursos\/wp-json\/wp\/v2\/destaque?post=274560"},{"taxonomy":"instituicoes","embeddable":true,"href":"https:\/\/www.agrobase.com.br\/concursos\/wp-json\/wp\/v2\/instituicoes?post=274560"}],"curies":[{"name":"wp","href":"https:\/\/api.w.org\/{rel}","templated":true}]}}