{"id":274534,"date":"2025-12-03T09:32:57","date_gmt":"2025-12-03T12:32:57","guid":{"rendered":"https:\/\/www.agrobase.com.br\/concursos\/?p=274534"},"modified":"2025-12-03T09:32:57","modified_gmt":"2025-12-03T12:32:57","slug":"prefeitura-guaramirim-sc-selecao-publica-02-2025","status":"publish","type":"post","link":"https:\/\/www.agrobase.com.br\/concursos\/2025\/prefeitura-guaramirim-sc-selecao-publica-02-2025\/","title":{"rendered":"Prefeitura Guaramirim (SC) &#8211; Sele\u00e7\u00e3o P\u00fablica 02\/2025"},"content":{"rendered":"<h2>Informa\u00e7\u00f5es Gerais<\/h2>\n<p>A <strong>Prefeitura Municipal de Guaramirim<\/strong>, no estado de Santa Catarina, publicou o edital de um novo <strong>Processo Seletivo<\/strong> destinado \u00e0 forma\u00e7\u00e3o de cadastro reserva para contrata\u00e7\u00e3o tempor\u00e1ria de profissionais. O certame \u00e9 organizado pelo <strong>Instituto Tupy<\/strong> e visa atender \u00e0s necessidades de excepcional interesse p\u00fablico da Administra\u00e7\u00e3o Municipal.<\/p>\n<p>As oportunidades contemplam candidatos com n\u00edveis de escolaridade <strong>Fundamental, M\u00e9dio, T\u00e9cnico e Superior<\/strong>. As vagas est\u00e3o distribu\u00eddas entre diversos setores, incluindo Sa\u00fade, Educa\u00e7\u00e3o, Assist\u00eancia Social e \u00e1reas operacionais. Para os profissionais de n\u00edvel superior, h\u00e1 destaques importantes para carreiras como <strong>M\u00e9dico Veterin\u00e1rio<\/strong>, <strong>Nutricionista<\/strong>, <strong>Engenheiro Civil<\/strong> e <strong>Arquiteto<\/strong>, al\u00e9m de diversas especialidades m\u00e9dicas e pedag\u00f3gicas.<\/p>\n<p>A sele\u00e7\u00e3o oferece remunera\u00e7\u00f5es que variam de <strong>R$ 2.759,94 a R$ 23.181,59<\/strong>, dependendo do cargo e da carga hor\u00e1ria. Se voc\u00ea busca uma oportunidade de atuar no servi\u00e7o p\u00fablico catarinense, confira a seguir os detalhes sobre prazos, etapas e requisitos.<\/p>\n<h2>Inscri\u00e7\u00f5es<\/h2>\n<p>As inscri\u00e7\u00f5es para o Processo Seletivo de Guaramirim devem ser realizadas exclusivamente pela internet. O candidato deve acessar a <strong>P\u00e1gina do Certame<\/strong> no site do organizador e preencher o formul\u00e1rio eletr\u00f4nico dentro do prazo estipulado. \u00c9 fundamental que o candidato leia atentamente o edital antes de confirmar sua participa\u00e7\u00e3o.<\/p>\n<p>Para efetivar a inscri\u00e7\u00e3o, \u00e9 necess\u00e1rio efetuar o pagamento da taxa, cujos valores foram definidos conforme o n\u00edvel de escolaridade do cargo pretendido:<\/p>\n<ul>\n<li><strong>N\u00edvel Fundamental:<\/strong> R$ 40,00<\/li>\n<li><strong>N\u00edvel M\u00e9dio e T\u00e9cnico:<\/strong> R$ 70,00<\/li>\n<li><strong>N\u00edvel Superior:<\/strong> R$ 90,00<\/li>\n<\/ul>\n<p>O pagamento deve ser realizado por meio de <strong>boleto banc\u00e1rio ou QR Code PIX<\/strong>, gerados no ato da inscri\u00e7\u00e3o. O prazo limite para a quita\u00e7\u00e3o da taxa \u00e9 o mesmo dia do encerramento das inscri\u00e7\u00f5es. Candidatos que necessitarem corrigir dados pessoais ap\u00f3s a inscri\u00e7\u00e3o devem utilizar a \u00e1rea restrita do site, observando os prazos limites para cada tipo de altera\u00e7\u00e3o (nome, documentos, etc.).<\/p>\n<p>Recomendamos que o candidato salve o comprovante de pagamento e o comprovante provis\u00f3rio de inscri\u00e7\u00e3o para eventual confer\u00eancia.<\/p>\n<h2>Etapas e Provas<\/h2>\n<p>A avalia\u00e7\u00e3o dos candidatos ser\u00e1 composta, primeiramente, por uma <strong>Prova Objetiva<\/strong>, de car\u00e1ter eliminat\u00f3rio e classificat\u00f3rio, aplic\u00e1vel a todos os cargos. O exame est\u00e1 previsto para ser realizado no munic\u00edpio de Guaramirim (ou cidades lim\u00edtrofes, se necess\u00e1rio).<\/p>\n<p>A prova objetiva ter\u00e1 dura\u00e7\u00e3o m\u00e1xima de <strong>2 horas e 30 minutos<\/strong> e ser\u00e1 composta por 30 quest\u00f5es de m\u00faltipla escolha, distribu\u00eddas da seguinte forma:<\/p>\n<ul>\n<li><strong>L\u00edngua Portuguesa:<\/strong> 06 quest\u00f5es;<\/li>\n<li><strong>Matem\u00e1tica e Racioc\u00ednio L\u00f3gico:<\/strong> 06 quest\u00f5es;<\/li>\n<li><strong>Temas Contempor\u00e2neos:<\/strong> 03 quest\u00f5es;<\/li>\n<li><strong>Conhecimentos Espec\u00edficos:<\/strong> 15 quest\u00f5es.<\/li>\n<\/ul>\n<p>Para ser considerado aprovado nesta etapa, o candidato deve obter nota igual ou superior a <strong>30 pontos<\/strong>. O candidato deve comparecer ao local com anteced\u00eancia m\u00ednima de 30 minutos, portando documento de identidade original com foto e caneta esferogr\u00e1fica de tinta preta ou azul (material transparente).<\/p>\n<p>Haver\u00e1 ainda uma <strong>Segunda Fase (Prova Pr\u00e1tica)<\/strong>, de car\u00e1ter eliminat\u00f3rio, exclusivamente para o cargo de <strong>Operador de M\u00e1quina Agr\u00edcola<\/strong>. Ser\u00e3o convocados para esta etapa os candidatos aprovados na prova objetiva e classificados at\u00e9 a 20\u00aa posi\u00e7\u00e3o. A prova avaliar\u00e1 a capacidade de opera\u00e7\u00e3o de m\u00e1quinas e execu\u00e7\u00e3o de tarefas t\u00edpicas da fun\u00e7\u00e3o.<\/p>\n<p>Para detalhes completos sobre o conte\u00fado program\u00e1tico e crit\u00e9rios de avalia\u00e7\u00e3o pr\u00e1tica, a leitura integral do edital \u00e9 indispens\u00e1vel.<\/p>\n<h2>Resultados e Gabarito<\/h2>\n<p>O cronograma do certame prev\u00ea a divulga\u00e7\u00e3o dos <strong>gabaritos preliminares<\/strong> das provas objetivas na pr\u00f3pria data de aplica\u00e7\u00e3o do exame, at\u00e9 as 23h59min, no site do Instituto Tupy. A classifica\u00e7\u00e3o final ser\u00e1 ordenada de forma decrescente, baseada na somat\u00f3ria de pontos obtidos.<\/p>\n<p>Em caso de empate na pontua\u00e7\u00e3o, ser\u00e3o aplicados os seguintes crit\u00e9rios de desempate, sucessivamente:<\/p>\n<ul>\n<li>Idade igual ou superior a 60 anos (Estatuto do Idoso);<\/li>\n<li>Maior n\u00famero de acertos em Conhecimentos Espec\u00edficos;<\/li>\n<li>Maior n\u00famero de acertos em Matem\u00e1tica e Racioc\u00ednio L\u00f3gico;<\/li>\n<li>Maior n\u00famero de acertos em L\u00edngua Portuguesa;<\/li>\n<li>Maior idade;<\/li>\n<li>Sorteio.<\/li>\n<\/ul>\n<p>A homologa\u00e7\u00e3o do resultado final ser\u00e1 feita pelo Prefeito Municipal e publicada no Di\u00e1rio Oficial dos Munic\u00edpios de Santa Catarina e no site da banca organizadora. A convoca\u00e7\u00e3o para contrata\u00e7\u00e3o ocorrer\u00e1 via e-mail ou WhatsApp, sendo responsabilidade do candidato manter seus dados atualizados e acompanhar diariamente as publica\u00e7\u00f5es oficiais.<\/p>\n","protected":false},"excerpt":{"rendered":"<p>Processo Seletivo Pref. Guaramirim (SC) com edital publicado! Vagas p\/ Professor e M\u00e9dico (Fund. a Sup.). Inscri\u00e7\u00f5es a partir de 11\/11. Confira detalhes!<\/p>\n","protected":false},"author":5229,"featured_media":274533,"comment_status":"open","ping_status":"open","sticky":false,"template":"","format":"standard","meta":{"_acf_changed":false,"_breakdance_hide_in_design_set":false,"_breakdance_tags":"","footnotes":""},"categories":[5,145,140,141,11,6434,12,14,17,18,19,111,100,20,6871,116,21,22,119,23,24,25,26,101,108,143,134],"tags":[61],"_amplo":[],"destaque":[],"instituicoes":[],"class_list":["post-274534","post","type-post","status-publish","format-standard","has-post-thumbnail","hentry","category-arquitetura","category-artes-cenicas","category-artes-plasticas","category-educacao-artistica","category-educacao-fisica","category-educacao-fisica-licenciatura","category-enfermagem","category-engenharia","category-farmacia","category-fisioterapia","category-fonoaudiologia","category-geografia","category-historia","category-letras","category-letras-ingles","category-matematica","category-medicina","category-veterinaria","category-musica","category-nutricao","category-odontologia","category-pedagogia","category-psicologia","category-servico-social","category-tecnico-enfermagem","category-tecnico-odontologia","category-terapia-ocupacional","tag-santa-catarina"],"acf":{"_tipo_vagas":"vagas","_numero_vagas":"","_quadro_vagas":"","_cargos":"diversos","_cargos_especificos":"","_salario_max":"R$ 23181.59","_abertura":"20251111","_encerramento":"20251209","_inscricoes":"https:\/\/institutotupy.com.br","_executora_concurso":"","_instituicao_concurso":[],"_link_adicional":null,"_anexos":null,"_produtos":null,"_vagas":"CR","_salario_min":"R$ 2759.94","_instituicao":"Prefeitura Guaramirim","_edital":"https:\/\/www.agrobase.com.br\/concursos\/wp-content\/uploads\/sites\/4\/2025\/12\/edital-02-2025-prefeitura-guaramirim-sc.pdf","_anexos_edital":"","_fund_incompleto":"","_fund_completo":"<div>\r\n<table class=\"quadro\">\r\n<thead>\r\n<tr>\r\n<th class=\"hcargo\">Cargo<\/th>\r\n<th class=\"hvagas\">Vagas<\/th>\r\n<th class=\"hremuneracao\">Remunera\u00e7\u00e3o<\/th>\r\n<\/tr>\r\n<\/thead>\r\n    <tbody>\r\n      <td class=\"ccargos\">\r\n<span data-balloon-length=\"medium\" aria-label=\"Ensino Fundamental completo e Residir (desde a data da publica\u00e7\u00e3o do edital) na \u00e1rea de abrang\u00eancia do ESF Ava\u00ed\" data-balloon-pos=\"up\">Agente Comunit\u00e1rio de Sa\u00fade - ESF Ava\u00ed<\/span><\/td>\r\n<td class=\"cvagas\">CR<\/td>\r\n<td class=\"cremuneracao\">R$ 3.686,00 \/40h<\/td>\r\n<\/tr><td class=\"ccargos\">\r\n<span data-balloon-length=\"medium\" aria-label=\"Ensino Fundamental completo e Residir (desde a data da publica\u00e7\u00e3o do edital) na \u00e1rea de abrang\u00eancia do ESF Bananal\" data-balloon-pos=\"up\">Agente Comunit\u00e1rio de Sa\u00fade - ESF Bananal<\/span><\/td>\r\n<td class=\"cvagas\">CR<\/td>\r\n<td class=\"cremuneracao\">R$ 3.686,00 \/40h<\/td>\r\n<\/tr><td class=\"ccargos\">\r\n<span data-balloon-length=\"medium\" aria-label=\"Ensino Fundamental completo e Residir (desde a data da publica\u00e7\u00e3o do edital) na \u00e1rea de abrang\u00eancia do ESF Caixa D'\u00e1gua\" data-balloon-pos=\"up\">Agente Comunit\u00e1rio de Sa\u00fade - ESF Caixa D'\u00e1gua<\/span><\/td>\r\n<td class=\"cvagas\">CR<\/td>\r\n<td class=\"cremuneracao\">R$ 3.686,00 \/40h<\/td>\r\n<\/tr><td class=\"ccargos\">\r\n<span data-balloon-length=\"medium\" aria-label=\"Ensino Fundamental completo e Residir (desde a data da publica\u00e7\u00e3o do edital) na \u00e1rea de abrang\u00eancia do ESF Centro\" data-balloon-pos=\"up\">Agente Comunit\u00e1rio de Sa\u00fade - ESF Centro<\/span><\/td>\r\n<td class=\"cvagas\">CR<\/td>\r\n<td class=\"cremuneracao\">R$ 3.686,00 \/40h<\/td>\r\n<\/tr><td class=\"ccargos\">\r\n<span data-balloon-length=\"medium\" aria-label=\"Ensino Fundamental completo e Residir (desde a data da publica\u00e7\u00e3o do edital) na \u00e1rea de abrang\u00eancia do ESF Corticeira\" data-balloon-pos=\"up\">Agente Comunit\u00e1rio de Sa\u00fade - ESF Corticeira<\/span><\/td>\r\n<td class=\"cvagas\">CR<\/td>\r\n<td class=\"cremuneracao\">R$ 3.686,00 \/40h<\/td>\r\n<\/tr><td class=\"ccargos\">\r\n<span data-balloon-length=\"medium\" aria-label=\"Ensino Fundamental completo e Residir (desde a data da publica\u00e7\u00e3o do edital) na \u00e1rea de abrang\u00eancia do ESF Ilha da Figueira\" data-balloon-pos=\"up\">Agente Comunit\u00e1rio de Sa\u00fade - ESF Ilha da Figueira<\/span><\/td>\r\n<td class=\"cvagas\">CR<\/td>\r\n<td class=\"cremuneracao\">R$ 3.686,00 \/40h<\/td>\r\n<\/tr><td class=\"ccargos\">\r\n<span data-balloon-length=\"medium\" aria-label=\"Ensino Fundamental completo e Residir (desde a data da publica\u00e7\u00e3o do edital) na \u00e1rea de abrang\u00eancia do ESF Imigrantes\" data-balloon-pos=\"up\">Agente Comunit\u00e1rio de Sa\u00fade - ESF Imigrantes<\/span><\/td>\r\n<td class=\"cvagas\">CR<\/td>\r\n<td class=\"cremuneracao\">R$ 3.686,00 \/40h<\/td>\r\n<\/tr><td class=\"ccargos\">\r\n<span data-balloon-length=\"medium\" aria-label=\"Ensino Fundamental completo e Residir (desde a data da publica\u00e7\u00e3o do edital) na \u00e1rea de abrang\u00eancia do ESF Rio Branco\" data-balloon-pos=\"up\">Agente Comunit\u00e1rio de Sa\u00fade - ESF Rio Branco<\/span><\/td>\r\n<td class=\"cvagas\">CR<\/td>\r\n<td class=\"cremuneracao\">R$ 3.686,00 \/40h<\/td>\r\n<\/tr><td class=\"ccargos\">\r\n<span data-balloon-length=\"medium\" aria-label=\"Ensino Fundamental completo e Residir (desde a data da publica\u00e7\u00e3o do edital) na \u00e1rea de abrang\u00eancia do ESF S\u00e3o Pedro\" data-balloon-pos=\"up\">Agente Comunit\u00e1rio de Sa\u00fade - ESF S\u00e3o Pedro<\/span><\/td>\r\n<td class=\"cvagas\">CR<\/td>\r\n<td class=\"cremuneracao\">R$ 3.686,00 \/40h<\/td>\r\n<\/tr><td class=\"ccargos\">\r\n<span data-balloon-length=\"medium\" aria-label=\"Ensino Fundamental completo e Residir (desde a data da publica\u00e7\u00e3o do edital) na \u00e1rea de abrang\u00eancia do ESF Vila Amizade\" data-balloon-pos=\"up\">Agente Comunit\u00e1rio de Sa\u00fade - ESF Vila Amizade<\/span><\/td>\r\n<td class=\"cvagas\">CR<\/td>\r\n<td class=\"cremuneracao\">R$ 3.686,00 \/40h<\/td>\r\n<\/tr><td class=\"ccargos\">\r\n<span data-balloon-length=\"medium\" aria-label=\"Ensino fundamental completo, ou com 01 (um) ano de experi\u00eancia, e possuir Carteira Nacional de Habilita\u00e7\u00e3o para dirigir ambul\u00e2ncia.\" data-balloon-pos=\"up\">Motorista de Ambul\u00e2ncia<\/span><\/td>\r\n<td class=\"cvagas\">CR<\/td>\r\n<td class=\"cremuneracao\">R$ 3.495,22 \/40h<\/td>\r\n<\/tr><td class=\"ccargos\">\r\n<span data-balloon-length=\"medium\" aria-label=\"Ensino Fundamental completo, 01 (um) ano de experi\u00eancia profissional comprovada na Carteira de Trabalho e Previd\u00eancia Social ou contrato de trabalho com \u00f3rg\u00e3o p\u00fablico e possuir Carteira Nacional de Habilita\u00e7\u00e3o para dirigir Autom\u00f3vel e Furg\u00e3o.\" data-balloon-pos=\"up\">Motorista Autom\u00f3vel\/Furg\u00e3o<\/span><\/td>\r\n<td class=\"cvagas\">CR<\/td>\r\n<td class=\"cremuneracao\">R$ 3.959,08 \/40h<\/td>\r\n<\/tr><td class=\"ccargos\">\r\n<span data-balloon-length=\"medium\" aria-label=\"N\u00edvel Fundamental de escolaridade e Carteira Nacional de Habilita\u00e7\u00e3o - categoria D\" data-balloon-pos=\"up\">Motorista de \u00d4nibus<\/span><\/td>\r\n<td class=\"cvagas\">CR<\/td>\r\n<td class=\"cremuneracao\">R$ 4.323,00 \/40h<\/td>\r\n<\/tr><td class=\"ccargos\">\r\n<span data-balloon-length=\"medium\" aria-label=\"Ensino Fundamental e CNH categoria C.\" data-balloon-pos=\"up\">Operador de M\u00e1quina Agr\u00edcola<\/span><\/td>\r\n<td class=\"cvagas\">CR<\/td>\r\n<td class=\"cremuneracao\">R$ 3.944,89 \/40h<\/td>\r\n<\/tr>\r\n    <\/tbody>\r\n  <\/table>\r\n<\/div>","_medio":"<div>\r\n<table class=\"quadro\">\r\n<thead>\r\n<tr>\r\n<th class=\"hcargo\">Cargo<\/th>\r\n<th class=\"hvagas\">Vagas<\/th>\r\n<th class=\"hremuneracao\">Remunera\u00e7\u00e3o<\/th>\r\n<\/tr>\r\n<\/thead>\r\n    <tbody>\r\n      <td class=\"ccargos\">\r\n<span data-balloon-length=\"medium\" aria-label=\"Ensino M\u00e9dio Completo; Conhecimento em inform\u00e1tica.\" data-balloon-pos=\"up\">Agente Administrativo<\/span><\/td>\r\n<td class=\"cvagas\">CR<\/td>\r\n<td class=\"cremuneracao\">R$ 5.576,49 \/40h<\/td>\r\n<\/tr><td class=\"ccargos\">\r\n<span data-balloon-length=\"medium\" aria-label=\"Ensino M\u00e9dio Completo; Possuir carteira nacional de habilita\u00e7\u00e3o A e B.\" data-balloon-pos=\"up\">Agente de Vigil\u00e2ncia da Sa\u00fade<\/span><\/td>\r\n<td class=\"cvagas\">CR<\/td>\r\n<td class=\"cremuneracao\">R$ 3.686,00 \/40h<\/td>\r\n<\/tr><td class=\"ccargos\">\r\n<span data-balloon-length=\"medium\" aria-label=\"Ensino M\u00e9dio Completo; Conhecimento em Inform\u00e1tica: Word, Excel, internet.\" data-balloon-pos=\"up\">Agente Escolar<\/span><\/td>\r\n<td class=\"cvagas\">CR<\/td>\r\n<td class=\"cremuneracao\">R$ 3.090,49 \/40h<\/td>\r\n<\/tr><td class=\"ccargos\">\r\n<span data-balloon-length=\"medium\" aria-label=\"Ensino M\u00e9dio Completo.\" data-balloon-pos=\"up\">Atendente de Farm\u00e1cia<\/span><\/td>\r\n<td class=\"cvagas\">CR<\/td>\r\n<td class=\"cremuneracao\">R$ 4.097,16 \/40h<\/td>\r\n<\/tr><td class=\"ccargos\">\r\n<span data-balloon-length=\"medium\" aria-label=\"Ensino M\u00e9dio Completo.\" data-balloon-pos=\"up\">Auxiliar de Creche<\/span><\/td>\r\n<td class=\"cvagas\">CR<\/td>\r\n<td class=\"cremuneracao\">R$ 3.348,81 \/40h<\/td>\r\n<\/tr><td class=\"ccargos\">\r\n<span data-balloon-length=\"medium\" aria-label=\"Ensino M\u00e9dio Completo.\" data-balloon-pos=\"up\">Cuidador Social<\/span><\/td>\r\n<td class=\"cvagas\">CR<\/td>\r\n<td class=\"cremuneracao\">R$ 3.348,81 \/40h<\/td>\r\n<\/tr><td class=\"ccargos\">\r\n<span data-balloon-length=\"medium\" aria-label=\"Ensino M\u00e9dio Completo.\" data-balloon-pos=\"up\">Entrevistador Social<\/span><\/td>\r\n<td class=\"cvagas\">CR<\/td>\r\n<td class=\"cremuneracao\">R$ 3.063,42 \/40h<\/td>\r\n<\/tr><td class=\"ccargos\">\r\n<span data-balloon-length=\"medium\" aria-label=\"Ensino M\u00e9dio completo em T\u00e9cnico em Enfermagem, e registro no respectivo \u00f3rg\u00e3o fiscalizador da profiss\u00e3o.\" data-balloon-pos=\"up\">T\u00e9cnico de Enfermagem - PSF<\/span><\/td>\r\n<td class=\"cvagas\">CR<\/td>\r\n<td class=\"cremuneracao\">R$ 4.517,08 \/40h<\/td>\r\n<\/tr><td class=\"ccargos\">\r\n<span data-balloon-length=\"medium\" aria-label=\"Ensino M\u00e9dio completo em T\u00e9cnico de Higiene Bucal, e registro no respectivo \u00f3rg\u00e3o fiscalizador da profiss\u00e3o.\" data-balloon-pos=\"up\">T\u00e9cnico de Higiene Bucal - PSF<\/span><\/td>\r\n<td class=\"cvagas\">CR<\/td>\r\n<td class=\"cremuneracao\">R$ 4.110,93 \/40h<\/td>\r\n<\/tr>\r\n    <\/tbody>\r\n  <\/table>\r\n<\/div>","_superior":"<div>\r\n<table class=\"quadro\">\r\n<thead>\r\n<tr>\r\n<th class=\"hcargo\">Cargo<\/th>\r\n<th class=\"hvagas\">Vagas<\/th>\r\n<th class=\"hremuneracao\">Remunera\u00e7\u00e3o<\/th>\r\n<\/tr>\r\n<\/thead>\r\n    <tbody>\r\n      <tr>\r\n<td class=\"ccargos\">\r\n<span data-balloon-length=\"medium\" aria-label=\"Curso superior completo na \u00e1rea de atua\u00e7\u00e3o e registro no respectivo \u00f3rg\u00e3o fiscalizador da profiss\u00e3o.\" data-balloon-pos=\"up\">Arquiteto<\/span><\/td>\r\n<td class=\"cvagas\">CR<\/td>\r\n<td class=\"cremuneracao\">R$ 9.107,57 \/30h<\/td>\r\n<\/tr><tr>\r\n<td class=\"ccargos\">\r\n<span data-balloon-length=\"medium\" aria-label=\"Gradua\u00e7\u00e3o em Servi\u00e7o Social, com registro no CRESS (Conselho Regional de Servi\u00e7o Social).\" data-balloon-pos=\"up\">Assistente Social<\/span><\/td>\r\n<td class=\"cvagas\">CR<\/td>\r\n<td class=\"cremuneracao\">R$ 6.643,21 \/30h<\/td>\r\n<\/tr><tr>\r\n<td class=\"ccargos\">\r\n<span data-balloon-length=\"medium\" aria-label=\"Habilita\u00e7\u00e3o em n\u00edvel de gradua\u00e7\u00e3o superior na \u00e1rea de atua\u00e7\u00e3o e registro no respectivo \u00f3rg\u00e3o fiscalizador da profiss\u00e3o.\" data-balloon-pos=\"up\">Cirurgi\u00e3o Dentista - PSF<\/span><\/td>\r\n<td class=\"cvagas\">CR<\/td>\r\n<td class=\"cremuneracao\">R$ 12.841,72 \/40h<\/td>\r\n<\/tr><tr>\r\n<td class=\"ccargos\">\r\n<span data-balloon-length=\"medium\" aria-label=\"Habilita\u00e7\u00e3o em n\u00edvel de gradua\u00e7\u00e3o superior na \u00e1rea de atua\u00e7\u00e3o e registro no respectivo \u00f3rg\u00e3o fiscalizador da profiss\u00e3o.\" data-balloon-pos=\"up\">Enfermeiro - PSF<\/span><\/td>\r\n<td class=\"cvagas\">CR<\/td>\r\n<td class=\"cremuneracao\">R$ 8.982,04 \/40h<\/td>\r\n<\/tr><tr>\r\n<td class=\"ccargos\">\r\n<span data-balloon-length=\"medium\" aria-label=\"Curso superior completo na \u00e1rea de atua\u00e7\u00e3o e registro no respectivo \u00f3rg\u00e3o fiscalizador da profiss\u00e3o.\" data-balloon-pos=\"up\">Engenheiro Civil<\/span><\/td>\r\n<td class=\"cvagas\">CR<\/td>\r\n<td class=\"cremuneracao\">R$ 9.107,57 \/30h<\/td>\r\n<\/tr><tr>\r\n<td class=\"ccargos\">\r\n<span data-balloon-length=\"medium\" aria-label=\"Curso superior completo em Farm\u00e1cia e registro no respectivo \u00f3rg\u00e3o fiscalizador da profiss\u00e3o.\" data-balloon-pos=\"up\">Farmac\u00eautico<\/span><\/td>\r\n<td class=\"cvagas\">CR<\/td>\r\n<td class=\"cremuneracao\">R$ 6.930,44 \/40h<\/td>\r\n<\/tr><tr>\r\n<td class=\"ccargos\">\r\n<span data-balloon-length=\"medium\" aria-label=\"Curso superior completo em Fisioterapia e registro no respectivo \u00f3rg\u00e3o fiscalizador da profiss\u00e3o.\" data-balloon-pos=\"up\">Fisioterapeuta<\/span><\/td>\r\n<td class=\"cvagas\">CR<\/td>\r\n<td class=\"cremuneracao\">R$ 3.251,57 \/20h<\/td>\r\n<\/tr><tr>\r\n<td class=\"ccargos\">\r\n<span data-balloon-length=\"medium\" aria-label=\"Curso Superior completo na \u00e1rea de atua\u00e7\u00e3o e registro no respectivo \u00f3rg\u00e3o fiscalizador da profiss\u00e3o.\" data-balloon-pos=\"up\">Fonoaudi\u00f3logo<\/span><\/td>\r\n<td class=\"cvagas\">CR<\/td>\r\n<td class=\"cremuneracao\">R$ 6.930,44 \/40h<\/td>\r\n<\/tr><tr>\r\n<td class=\"ccargos\">\r\n<span data-balloon-length=\"medium\" aria-label=\"Curso Superior completo em Medicina e registro no respectivo \u00f3rg\u00e3o fiscalizador da profiss\u00e3o.\" data-balloon-pos=\"up\">M\u00e9dico - PSF<\/span><\/td>\r\n<td class=\"cvagas\">CR<\/td>\r\n<td class=\"cremuneracao\">R$ 23.181,59 \/40h<\/td>\r\n<\/tr><tr>\r\n<td class=\"ccargos\">\r\n<span data-balloon-length=\"medium\" aria-label=\"Curso Superior completo em Medicina Veterin\u00e1ria e registro no respectivo \u00f3rg\u00e3o fiscalizador da profiss\u00e3o.\" data-balloon-pos=\"up\">M\u00e9dico Veterin\u00e1rio<\/span><\/td>\r\n<td class=\"cvagas\">CR<\/td>\r\n<td class=\"cremuneracao\">R$ 8.919,99 \/30h<\/td>\r\n<\/tr><tr>\r\n<td class=\"ccargos\">\r\n<span data-balloon-length=\"medium\" aria-label=\"Curso Superior completo na \u00e1rea de atua\u00e7\u00e3o e registro no respectivo \u00f3rg\u00e3o fiscalizador da profiss\u00e3o.\" data-balloon-pos=\"up\">Nutricionista<\/span><\/td>\r\n<td class=\"cvagas\">CR<\/td>\r\n<td class=\"cremuneracao\">R$ 6.643,21 \/40h<\/td>\r\n<\/tr><tr>\r\n<td class=\"ccargos\">\r\n<span data-balloon-length=\"medium\" aria-label=\"Forma\u00e7\u00e3o em Pedagogia.\" data-balloon-pos=\"up\">Pedagogo da Pol\u00edtica de Assist\u00eancia Social<\/span><\/td>\r\n<td class=\"cvagas\">CR<\/td>\r\n<td class=\"cremuneracao\">R$ 6.643,21 \/40h<\/td>\r\n<\/tr><tr>\r\n<td class=\"ccargos\">\r\n<span data-balloon-length=\"medium\" aria-label=\"Forma\u00e7\u00e3o: Bacharelado em Educa\u00e7\u00e3o F\u00edsica, com registro no CREF Conselho Regional de Educa\u00e7\u00e3o F\u00edsica. Carteira Nacional de Habilita\u00e7\u00e3o (CNH) categoria B.\" data-balloon-pos=\"up\">Profissional de Educa\u00e7\u00e3o F\u00edsica<\/span><\/td>\r\n<td class=\"cvagas\">CR<\/td>\r\n<td class=\"cremuneracao\">R$ 6.643,21 \/40h<\/td>\r\n<\/tr><tr>\r\n<td class=\"ccargos\">\r\n<span data-balloon-length=\"medium\" aria-label=\"Curso de Gradua\u00e7\u00e3o em Psicologia e registro no Conselho de Classe.\" data-balloon-pos=\"up\">Psic\u00f3logo<\/span><\/td>\r\n<td class=\"cvagas\">CR<\/td>\r\n<td class=\"cremuneracao\">R$ 6.643,21 \/40h<\/td>\r\n<\/tr><tr>\r\n<td class=\"ccargos\">\r\n<span data-balloon-length=\"medium\" aria-label=\"Curso Superior na \u00c1rea e Registro no Conselho da Categoria.\" data-balloon-pos=\"up\">Terapeuta Ocupacional<\/span><\/td>\r\n<td class=\"cvagas\">CR<\/td>\r\n<td class=\"cremuneracao\">R$ 6.519,15 \/30h<\/td>\r\n<\/tr><tr>\r\n<td class=\"ccargos\">\r\n<span data-balloon-length=\"medium\" aria-label=\"Pedagogo com especializa\u00e7\u00e3o na \u00e1rea de Educa\u00e7\u00e3o.\" data-balloon-pos=\"up\">Coordenador Pedag\u00f3gico<\/span><\/td>\r\n<td class=\"cvagas\">CR<\/td>\r\n<td class=\"cremuneracao\">R$ 5.624,63 \/40h<\/td>\r\n<\/tr><tr>\r\n<td class=\"ccargos\">\r\n<span data-balloon-length=\"medium\" aria-label=\"Licenciatura Plena em Artes, Artes Visuais, Artes Pl\u00e1sticas, Artes C\u00eanicas, Teatro, Dan\u00e7a ou M\u00fasica.\" data-balloon-pos=\"up\">Professor de Artes<\/span><\/td>\r\n<td class=\"cvagas\">CR<\/td>\r\n<td class=\"cremuneracao\">R$ 2.759,94 \/20h<\/td>\r\n<\/tr><tr>\r\n<td class=\"ccargos\">\r\n<span data-balloon-length=\"medium\" aria-label=\"Licenciatura Plena em Artes, Artes Visuais, Artes Pl\u00e1sticas, Artes C\u00eanicas, Teatro, Dan\u00e7a ou M\u00fasica.\" data-balloon-pos=\"up\">Professor de Artes<\/span><\/td>\r\n<td class=\"cvagas\">CR<\/td>\r\n<td class=\"cremuneracao\">R$ 5.519,84 \/40h<\/td>\r\n<\/tr><tr>\r\n<td class=\"ccargos\">\r\n<span data-balloon-length=\"medium\" aria-label=\"Licenciatura Plena em Ci\u00eancia, ou curso superior em \u00e1rea correspondente e complementa\u00e7\u00e3o nos termos da legisla\u00e7\u00e3o vigente.\" data-balloon-pos=\"up\">Professor de Ci\u00eancias<\/span><\/td>\r\n<td class=\"cvagas\">CR<\/td>\r\n<td class=\"cremuneracao\">R$ 2.759,94 \/20h<\/td>\r\n<\/tr><tr>\r\n<td class=\"ccargos\">\r\n<span data-balloon-length=\"medium\" aria-label=\"Licenciatura Plena em Ci\u00eancia, ou curso superior em \u00e1rea correspondente e complementa\u00e7\u00e3o nos termos da legisla\u00e7\u00e3o vigente.\" data-balloon-pos=\"up\">Professor de Ci\u00eancias<\/span><\/td>\r\n<td class=\"cvagas\">CR<\/td>\r\n<td class=\"cremuneracao\">R$ 5.519,84 \/40h<\/td>\r\n<\/tr><tr>\r\n<td class=\"ccargos\">\r\n<span data-balloon-length=\"medium\" aria-label=\"Curso superior completo com Licenciatura em Educa\u00e7\u00e3o F\u00edsica; Registro no respectivo \u00f3rg\u00e3o fiscalizador da profiss\u00e3o.\" data-balloon-pos=\"up\">Professor de Educa\u00e7\u00e3o F\u00edsica<\/span><\/td>\r\n<td class=\"cvagas\">CR<\/td>\r\n<td class=\"cremuneracao\">R$ 2.759,94 \/20h<\/td>\r\n<\/tr><tr>\r\n<td class=\"ccargos\">\r\n<span data-balloon-length=\"medium\" aria-label=\"Curso superior completo com Licenciatura em Educa\u00e7\u00e3o F\u00edsica; Registro no respectivo \u00f3rg\u00e3o fiscalizador da profiss\u00e3o.\" data-balloon-pos=\"up\">Professor de Educa\u00e7\u00e3o F\u00edsica<\/span><\/td>\r\n<td class=\"cvagas\">CR<\/td>\r\n<td class=\"cremuneracao\">R$ 5.519,84 \/40h<\/td>\r\n<\/tr><tr>\r\n<td class=\"ccargos\">\r\n<span data-balloon-length=\"medium\" aria-label=\"Habilita\u00e7\u00e3o espec\u00edfica de Grau Superior em Pedagogia ou Normal Superior a n\u00edvel de gradua\u00e7\u00e3o obtida em curso de dura\u00e7\u00e3o plena.\" data-balloon-pos=\"up\">Professor de Educa\u00e7\u00e3o Infantil<\/span><\/td>\r\n<td class=\"cvagas\">CR<\/td>\r\n<td class=\"cremuneracao\">R$ 2.759,94 \/20h<\/td>\r\n<\/tr><tr>\r\n<td class=\"ccargos\">\r\n<span data-balloon-length=\"medium\" aria-label=\"Habilita\u00e7\u00e3o espec\u00edfica de Grau Superior em Pedagogia ou Normal Superior a n\u00edvel de gradua\u00e7\u00e3o obtida em curso de dura\u00e7\u00e3o plena.\" data-balloon-pos=\"up\">Professor de Educa\u00e7\u00e3o Infantil<\/span><\/td>\r\n<td class=\"cvagas\">CR<\/td>\r\n<td class=\"cremuneracao\">R$ 5.519,84 \/40h<\/td>\r\n<\/tr><tr>\r\n<td class=\"ccargos\">\r\n<span data-balloon-length=\"medium\" aria-label=\"Habilita\u00e7\u00e3o espec\u00edfica de Grau Superior em Pedagogia ou Normal Superior a n\u00edvel de gradua\u00e7\u00e3o obtida em curso de dura\u00e7\u00e3o plena.\" data-balloon-pos=\"up\">Professor de Ensino Fundamental<\/span><\/td>\r\n<td class=\"cvagas\">CR<\/td>\r\n<td class=\"cremuneracao\">R$ 2.759,94 \/20h<\/td>\r\n<\/tr><tr>\r\n<td class=\"ccargos\">\r\n<span data-balloon-length=\"medium\" aria-label=\"Habilita\u00e7\u00e3o espec\u00edfica de Grau Superior em Pedagogia ou Normal Superior a n\u00edvel de gradua\u00e7\u00e3o obtida em curso de dura\u00e7\u00e3o plena.\" data-balloon-pos=\"up\">Professor de Ensino Fundamental<\/span><\/td>\r\n<td class=\"cvagas\">CR<\/td>\r\n<td class=\"cremuneracao\">R$ 5.519,84 \/40h<\/td>\r\n<\/tr><tr>\r\n<td class=\"ccargos\">\r\n<span data-balloon-length=\"medium\" aria-label=\"Licenciatura Plena em Ensino Religioso, ou curso superior em \u00e1rea correspondente e complementa\u00e7\u00e3o nos termos da legisla\u00e7\u00e3o vigente.\" data-balloon-pos=\"up\">Professor de Ensino Religioso<\/span><\/td>\r\n<td class=\"cvagas\">CR<\/td>\r\n<td class=\"cremuneracao\">R$ 2.759,94 \/20h<\/td>\r\n<\/tr><tr>\r\n<td class=\"ccargos\">\r\n<span data-balloon-length=\"medium\" aria-label=\"Licenciatura Plena em Geografia, ou curso superior em \u00e1rea correspondente e complementa\u00e7\u00e3o nos termos da legisla\u00e7\u00e3o vigente.\" data-balloon-pos=\"up\">Professor de Geografia<\/span><\/td>\r\n<td class=\"cvagas\">CR<\/td>\r\n<td class=\"cremuneracao\">R$ 2.759,94 \/20h<\/td>\r\n<\/tr><tr>\r\n<td class=\"ccargos\">\r\n<span data-balloon-length=\"medium\" aria-label=\"Licenciatura Plena em Hist\u00f3ria, ou curso superior em \u00e1rea correspondente e complementa\u00e7\u00e3o nos termos da legisla\u00e7\u00e3o vigente.\" data-balloon-pos=\"up\">Professor de Hist\u00f3ria<\/span><\/td>\r\n<td class=\"cvagas\">CR<\/td>\r\n<td class=\"cremuneracao\">R$ 2.759,94 \/20h<\/td>\r\n<\/tr><tr>\r\n<td class=\"ccargos\">\r\n<span data-balloon-length=\"medium\" aria-label=\"Licenciatura Plena em Letras com habilita\u00e7\u00e3o em L\u00edngua Inglesa, ou curso superior em \u00e1rea correspondente e complementa\u00e7\u00e3o nos termos da legisla\u00e7\u00e3o vigente.\" data-balloon-pos=\"up\">Professor de L\u00edngua Inglesa<\/span><\/td>\r\n<td class=\"cvagas\">CR<\/td>\r\n<td class=\"cremuneracao\">R$ 2.759,94 \/20h<\/td>\r\n<\/tr><tr>\r\n<td class=\"ccargos\">\r\n<span data-balloon-length=\"medium\" aria-label=\"Licenciatura Plena em Letras com habilita\u00e7\u00e3o em L\u00edngua Inglesa, ou curso superior em \u00e1rea correspondente e complementa\u00e7\u00e3o nos termos da legisla\u00e7\u00e3o vigente.\" data-balloon-pos=\"up\">Professor de L\u00edngua Inglesa<\/span><\/td>\r\n<td class=\"cvagas\">CR<\/td>\r\n<td class=\"cremuneracao\">R$ 5.519,84 \/40h<\/td>\r\n<\/tr><tr>\r\n<td class=\"ccargos\">\r\n<span data-balloon-length=\"medium\" aria-label=\"Licenciatura Plena em Letras com habilita\u00e7\u00e3o em L\u00edngua Portuguesa, ou curso superior em \u00e1rea correspondente e complementa\u00e7\u00e3o nos termos da legisla\u00e7\u00e3o vigente.\" data-balloon-pos=\"up\">Professor de L\u00edngua Portuguesa<\/span><\/td>\r\n<td class=\"cvagas\">CR<\/td>\r\n<td class=\"cremuneracao\">R$ 2.759,94 \/20h<\/td>\r\n<\/tr><tr>\r\n<td class=\"ccargos\">\r\n<span data-balloon-length=\"medium\" aria-label=\"Licenciatura Plena em Matem\u00e1tica, ou curso superior em \u00e1rea correspondente e complementa\u00e7\u00e3o nos termos da legisla\u00e7\u00e3o vigente.\" data-balloon-pos=\"up\">Professor de Matem\u00e1tica<\/span><\/td>\r\n<td class=\"cvagas\">CR<\/td>\r\n<td class=\"cremuneracao\">R$ 2.759,94 \/20h<\/td>\r\n<\/tr><tr>\r\n<td class=\"ccargos\">\r\n<span data-balloon-length=\"medium\" aria-label=\"Curso superior de licenciatura plena em m\u00fasica, reconhecida pelo MEC; ou Curso superior de licenciaturas plenas, reconhecidas pelo MEC, e especializa\u00e7\u00e3o em musicaliza\u00e7\u00e3o.\" data-balloon-pos=\"up\">Professor de M\u00fasica<\/span><\/td>\r\n<td class=\"cvagas\">CR<\/td>\r\n<td class=\"cremuneracao\">R$ 2.759,94 \/20h<\/td>\r\n<\/tr><tr>\r\n<td class=\"ccargos\">\r\n<span data-balloon-length=\"medium\" aria-label=\"Curso superior de licenciatura plena em m\u00fasica, reconhecida pelo MEC; ou Curso superior de licenciaturas plenas, reconhecidas pelo MEC, e especializa\u00e7\u00e3o em musicaliza\u00e7\u00e3o.\" data-balloon-pos=\"up\">Professor de M\u00fasica<\/span><\/td>\r\n<td class=\"cvagas\">CR<\/td>\r\n<td class=\"cremuneracao\">R$ 5.519,84 \/40h<\/td>\r\n<\/tr><tr>\r\n<td class=\"ccargos\">\r\n<span data-balloon-length=\"medium\" aria-label=\"Gradua\u00e7\u00e3o em Curso de Licenciatura com certificado do curso de Prolibras para tradutor\/int\u00e9rprete de Libras e\/ou no m\u00ednimo 300 (trezentas) horas de Curso em Libras. Comprovar profici\u00eancia em banca examinadora.\" data-balloon-pos=\"up\">Tradutor e Int\u00e9rprete de Libras<\/span><\/td>\r\n<td class=\"cvagas\">CR<\/td>\r\n<td class=\"cremuneracao\">R$ 5.519,84 \/40h<\/td>\r\n<\/tr>\r\n    <\/tbody>\r\n  <\/table>\r\n<\/div>"},"_links":{"self":[{"href":"https:\/\/www.agrobase.com.br\/concursos\/wp-json\/wp\/v2\/posts\/274534","targetHints":{"allow":["GET"]}}],"collection":[{"href":"https:\/\/www.agrobase.com.br\/concursos\/wp-json\/wp\/v2\/posts"}],"about":[{"href":"https:\/\/www.agrobase.com.br\/concursos\/wp-json\/wp\/v2\/types\/post"}],"author":[{"embeddable":true,"href":"https:\/\/www.agrobase.com.br\/concursos\/wp-json\/wp\/v2\/users\/5229"}],"replies":[{"embeddable":true,"href":"https:\/\/www.agrobase.com.br\/concursos\/wp-json\/wp\/v2\/comments?post=274534"}],"version-history":[{"count":2,"href":"https:\/\/www.agrobase.com.br\/concursos\/wp-json\/wp\/v2\/posts\/274534\/revisions"}],"predecessor-version":[{"id":274542,"href":"https:\/\/www.agrobase.com.br\/concursos\/wp-json\/wp\/v2\/posts\/274534\/revisions\/274542"}],"wp:featuredmedia":[{"embeddable":true,"href":"https:\/\/www.agrobase.com.br\/concursos\/wp-json\/wp\/v2\/media\/274533"}],"wp:attachment":[{"href":"https:\/\/www.agrobase.com.br\/concursos\/wp-json\/wp\/v2\/media?parent=274534"}],"wp:term":[{"taxonomy":"category","embeddable":true,"href":"https:\/\/www.agrobase.com.br\/concursos\/wp-json\/wp\/v2\/categories?post=274534"},{"taxonomy":"post_tag","embeddable":true,"href":"https:\/\/www.agrobase.com.br\/concursos\/wp-json\/wp\/v2\/tags?post=274534"},{"taxonomy":"_amplo","embeddable":true,"href":"https:\/\/www.agrobase.com.br\/concursos\/wp-json\/wp\/v2\/_amplo?post=274534"},{"taxonomy":"destaque","embeddable":true,"href":"https:\/\/www.agrobase.com.br\/concursos\/wp-json\/wp\/v2\/destaque?post=274534"},{"taxonomy":"instituicoes","embeddable":true,"href":"https:\/\/www.agrobase.com.br\/concursos\/wp-json\/wp\/v2\/instituicoes?post=274534"}],"curies":[{"name":"wp","href":"https:\/\/api.w.org\/{rel}","templated":true}]}}