{"id":274530,"date":"2026-02-12T08:40:54","date_gmt":"2026-02-12T11:40:54","guid":{"rendered":"https:\/\/www.agrobase.com.br\/concursos\/?p=274530"},"modified":"2026-02-11T15:21:41","modified_gmt":"2026-02-11T18:21:41","slug":"prefeitura-vicosa-do-ceara-ce-concurso-01-2025","status":"publish","type":"post","link":"https:\/\/www.agrobase.com.br\/concursos\/2026\/prefeitura-vicosa-do-ceara-ce-concurso-01-2025\/","title":{"rendered":"Prefeitura Vi\u00e7osa do Cear\u00e1 (CE) &#8211; Concurso 01\/2025 [prorrogado]"},"content":{"rendered":"<h2>Informa\u00e7\u00f5es Gerais<\/h2>\n<p>A <strong>Prefeitura Municipal de Vi\u00e7osa do Cear\u00e1 (CE)<\/strong> publicou o edital n\u00ba 001\/2025 para a realiza\u00e7\u00e3o de um novo concurso p\u00fablico, sob organiza\u00e7\u00e3o do <strong>Instituto Consulpam<\/strong>. O certame visa ao preenchimento de <strong>139 vagas imediatas<\/strong>, al\u00e9m da forma\u00e7\u00e3o de cadastro de reserva, para cargos de n\u00edveis m\u00e9dio, t\u00e9cnico e superior. O regime de contrata\u00e7\u00e3o e a natureza dos cargos seguem o estatuto dos servidores municipais, garantindo estabilidade ap\u00f3s o est\u00e1gio probat\u00f3rio.<\/p>\n<p>As oportunidades est\u00e3o distribu\u00eddas entre setores essenciais da administra\u00e7\u00e3o, com forte \u00eanfase na \u00e1rea da Sa\u00fade (Enfermagem e Odontologia) e na Fiscaliza\u00e7\u00e3o. Merece destaque especial a oferta de vagas para o cargo de <strong>Fiscal de Meio Ambiente<\/strong>, que contempla diversas forma\u00e7\u00f5es de n\u00edvel superior de interesse estrat\u00e9gico, incluindo <strong>Engenharia Agron\u00f4mica, Medicina Veterin\u00e1ria, Zootecnia, Biologia, Engenharia Ambiental e Engenharia Florestal<\/strong>, entre outras.<\/p>\n<p>Se voc\u00ea busca uma oportunidade no servi\u00e7o p\u00fablico cearense, confira a seguir os detalhes sobre prazos, etapas e crit\u00e9rios de avalia\u00e7\u00e3o.<\/p>\n<h2>Inscri\u00e7\u00f5es<\/h2>\n<p>Os interessados em participar do certame devem realizar a inscri\u00e7\u00e3o exclusivamente pela internet, no site do <strong>Instituto Consulpam<\/strong>. O procedimento estar\u00e1 dispon\u00edvel entre os dias <del datetime=\"2026-01-14T17:01:52+00:00\">17 de novembro e 08 de dezembro de 2025<\/del><del datetime=\"2026-02-11T18:20:42+00:00\">12 de janeiro de 2026 a 02 de fevereiro de 2026<\/del><strong>06 a 15 de fevereiro de 2026<\/strong>. \u00c9 fundamental que o candidato preencha o formul\u00e1rio eletr\u00f4nico com aten\u00e7\u00e3o e emita o boleto banc\u00e1rio para pagamento da taxa.<\/p>\n<p>Os valores das taxas de inscri\u00e7\u00e3o foram definidos conforme o n\u00edvel de escolaridade do cargo pretendido:<\/p>\n<ul>\n<li><strong>N\u00edvel M\u00e9dio\/T\u00e9cnico:<\/strong> R$ 100,00<\/li>\n<li><strong>N\u00edvel Superior:<\/strong> R$ 150,00<\/li>\n<\/ul>\n<p>O pagamento do boleto deve ser efetuado at\u00e9 a data de vencimento expressa no documento, n\u00e3o sendo aceitos pagamentos via PIX, transfer\u00eancia ou dep\u00f3sito direto. Ap\u00f3s a homologa\u00e7\u00e3o das inscri\u00e7\u00f5es, o candidato deve acessar a &#8220;\u00c1rea do Candidato&#8221; no site da banca para confirmar a valida\u00e7\u00e3o de seu cadastro e, posteriormente, imprimir o Cart\u00e3o de Identifica\u00e7\u00e3o. Recomendamos a leitura atenta do edital completo para verificar as condi\u00e7\u00f5es de isen\u00e7\u00e3o e outros detalhes normativos.<\/p>\n<h2>Etapas e Provas<\/h2>\n<p>O processo seletivo ser\u00e1 composto por etapas distintas, variando de acordo com o n\u00edvel de escolaridade do cargo. A principal fase \u00e9 a <strong>Prova Objetiva<\/strong>, de car\u00e1ter eliminat\u00f3rio e classificat\u00f3rio, que ser\u00e1 aplicada a todos os candidatos na data prevista de <del datetime=\"2026-01-14T17:01:52+00:00\">01 de fevereiro de 2026<\/del><strong>08 de mar\u00e7o de 2026<\/strong>.<\/p>\n<p>A aplica\u00e7\u00e3o das provas seguir\u00e1 a seguinte divis\u00e3o de turnos:<\/p>\n<ul>\n<li><strong>Manh\u00e3 (08h \u00e0s 12h):<\/strong> Cargos de N\u00edvel M\u00e9dio\/T\u00e9cnico;<\/li>\n<li><strong>Tarde (14h \u00e0s 18h):<\/strong> Cargos de N\u00edvel Superior.<\/li>\n<\/ul>\n<p>A prova ter\u00e1 dura\u00e7\u00e3o de 4 horas e consistir\u00e1 em quest\u00f5es de m\u00faltipla escolha (A, B, C, D). Para ser considerado aprovado, o candidato dever\u00e1 obter, no m\u00ednimo, 50% dos pontos na Prova de Conhecimentos B\u00e1sicos e 50% na Prova de Conhecimentos Espec\u00edficos.<\/p>\n<p>Para os cargos de <strong>N\u00edvel Superior<\/strong>, haver\u00e1 ainda uma <strong>Prova de T\u00edtulos<\/strong>, de car\u00e1ter exclusivamente classificat\u00f3rio. Nesta fase, ser\u00e3o pontuadas especializa\u00e7\u00f5es (lato sensu), mestrado, doutorado e tempo de servi\u00e7o, limitando-se ao valor m\u00e1ximo de 10 pontos. O envio dos documentos comprobat\u00f3rios dever\u00e1 ser feito via upload na \u00e1rea do candidato, conforme o cronograma oficial. Consulte o edital para verificar o conte\u00fado program\u00e1tico detalhado e os crit\u00e9rios de pontua\u00e7\u00e3o.<\/p>\n<h2>Resultados e Gabarito<\/h2>\n<p>O acompanhamento dos resultados \u00e9 uma parte crucial do processo. A divulga\u00e7\u00e3o dos <strong>gabaritos preliminares<\/strong> est\u00e1 prevista para o dia <strong>02 de fevereiro de 2026<\/strong>, no site do Instituto Consulpam. Ap\u00f3s o per\u00edodo de recursos, os gabaritos oficiais e o resultado definitivo dessa fase ser\u00e3o publicados em 20 de fevereiro de 2026.<\/p>\n<p>A classifica\u00e7\u00e3o final ser\u00e1 determinada pela ordem decrescente da nota obtida. Em caso de empate, ter\u00e3o prefer\u00eancia candidatos com idade igual ou superior a 60 anos, seguidos por aqueles com maior nota em conhecimentos espec\u00edficos, conhecimentos gerais e maior idade, sucessivamente. O <strong>Resultado Final<\/strong> do concurso est\u00e1 agendado para <strong>24 de abril de 2026<\/strong>.<\/p>\n<p>A homologa\u00e7\u00e3o ser\u00e1 feita por Decreto da Prefeitura Municipal. As convoca\u00e7\u00f5es para contrata\u00e7\u00e3o ser\u00e3o enviadas por e-mail e publicadas nos sites oficiais. Lembramos que \u00e9 de inteira responsabilidade do candidato acompanhar todas as publica\u00e7\u00f5es e atos oficiais no site da banca organizadora e no Di\u00e1rio Oficial durante todo o per\u00edodo de validade do certame.<\/p>\n","protected":false},"excerpt":{"rendered":"<p>Concurso Pref. Vi\u00e7osa do Cear\u00e1 (CE) com edital publicado! Vagas p\/ T\u00e9cnico Enfermagem e Enfermeiro (M\u00e9dio a Sup.). Inscri\u00e7\u00f5es a partir de 17\/11. Confira!<\/p>\n","protected":false},"author":5229,"featured_media":274529,"comment_status":"open","ping_status":"open","sticky":false,"template":"","format":"standard","meta":{"_acf_changed":false,"_breakdance_hide_in_design_set":false,"_breakdance_tags":"","footnotes":""},"categories":[3,4,5,6,6433,8,9,10,97,117,12,13,14,96,103,15,102,16,111,115,155,22,98,24,27,108,28],"tags":[43],"_amplo":[],"destaque":[],"instituicoes":[],"class_list":["post-274530","post","type-post","status-publish","format-standard","has-post-thumbnail","hentry","category-administracao","category-agronomia","category-arquitetura","category-biologia","category-biologia-licenciatura","category-biotecnologia","category-ciencias-contabeis","category-direito","category-ecologia","category-economia","category-enfermagem","category-engenharia-ambiental","category-engenharia","category-engenharia-pesca","category-engenharia-eletrica","category-engenharia-florestal","category-engenharia-quimica","category-engenharia-sanitaria","category-geografia","category-geologia","category-gestao-ambiental","category-veterinaria","category-oceanografia","category-odontologia","category-quimica","category-tecnico-enfermagem","category-zootecnia","tag-ceara"],"acf":{"_tipo_vagas":"vagas","_numero_vagas":"","_quadro_vagas":"","_cargos":"diversos","_cargos_especificos":"","_salario_max":"R$ 4318.18","_abertura":"20260106","_encerramento":"20260215","_inscricoes":"https:\/\/www.consulpam.com.br","_executora_concurso":"","_instituicao_concurso":[],"_link_adicional":null,"_anexos":[{"_arquivo_anexo":276841,"_titulo_anexo":"Edital de Prorroga\u00e7\u00e3o"}],"_produtos":null,"_vagas":"139 vagas + CR","_salario_min":"R$ 1518","_instituicao":"Prefeitura Municipal de Vi\u00e7osa do Cear\u00e1","_edital":"https:\/\/www.agrobase.com.br\/concursos\/wp-content\/uploads\/sites\/4\/2025\/12\/edital-01-2025-prefeitura-vicosa-do-ceara-ce.pdf","_anexos_edital":"","_fund_incompleto":"","_fund_completo":"","_medio":"<div>\r\n<table class=\"quadro\">\r\n<thead>\r\n<tr>\r\n<th class=\"hcargo\">Cargo<\/th>\r\n<th class=\"hvagas\">Vagas<\/th>\r\n<th class=\"hremuneracao\">Remunera\u00e7\u00e3o<\/th>\r\n<\/tr>\r\n<\/thead>\r\n    <tbody>\r\n      <td class=\"ccargos\">\r\n<span data-balloon-length=\"medium\" aria-label=\"Certificado, devidamente registrado, de conclus\u00e3o de Ensino M\u00e9dio.\" data-balloon-pos=\"up\">AUXILIAR DE SA\u00daDE BUCAL<\/span><\/td>\r\n<td class=\"cvagas\">28 + CR<\/td>\r\n<td class=\"cremuneracao\">R$ 1.518,00 \/40h<\/td>\r\n<\/tr><td class=\"ccargos\">\r\n<span data-balloon-length=\"medium\" aria-label=\"Certificado, devidamente registrado, de conclus\u00e3o de Ensino M\u00e9dio + Curso T\u00e9cnico na \u00e1rea reconhecido pelo MEC.\" data-balloon-pos=\"up\">T\u00c9CNICO DE ENFERMAGEM<\/span><\/td>\r\n<td class=\"cvagas\">46 + CR<\/td>\r\n<td class=\"cremuneracao\">R$ 3.027,27 \/40h<\/td>\r\n<\/tr>\r\n    <\/tbody>\r\n  <\/table>\r\n<\/div>","_superior":"<div>\r\n<table class=\"quadro\">\r\n<thead>\r\n<tr>\r\n<th class=\"hcargo\">Cargo<\/th>\r\n<th class=\"hvagas\">Vagas<\/th>\r\n<th class=\"hremuneracao\">Remunera\u00e7\u00e3o<\/th>\r\n<\/tr>\r\n<\/thead>\r\n    <tbody>\r\n      <tr>\r\n<td class=\"ccargos\">\r\n<span data-balloon-length=\"medium\" aria-label=\"Diploma devidamente registrado de conclus\u00e3o de curso de gradua\u00e7\u00e3o em Arquitetura e Urbanismo, Engenharia Civil ou Geografia em institui\u00e7\u00e3o de ensino superior reconhecida pelo MEC e registro no Conselho de classe.\" data-balloon-pos=\"up\">FISCAL DE URBANISMO<\/span><\/td>\r\n<td class=\"cvagas\">1 + CR<\/td>\r\n<td class=\"cremuneracao\">R$ 2.400,00 \/40h<\/td>\r\n<\/tr><tr>\r\n<td class=\"ccargos\">\r\n<span data-balloon-length=\"medium\" aria-label=\"Registro Profissional e Forma\u00e7\u00e3o de N\u00edvel Superior em Arquitetura, Ecologia, Engenharia Florestal, Engenharia Civil, Engenharia Agron\u00f4mica, Engenharia Qu\u00edmica, Engenharia de Pesca, Engenharia El\u00e9trica, Engenharia Ambiental, Engenharia Sanit\u00e1ria, Qu\u00edmica Industrial, Qu\u00edmica, Biologia, Geologia, Geografia, Tecnologia em Saneamento Ambiental, Tecnologia em Processos Qu\u00edmicos, Tecnologia em Gest\u00e3o Ambiental, Tecnologia em Irriga\u00e7\u00e3o e Drenagem, Oceanografia, Ci\u00eancias Ambientais, Economia Ecol\u00f3gica, Veterin\u00e1ria, Zootecnia, Engenharia de Energias, Engenharia de Minas, Biotecnologia\" data-balloon-pos=\"up\">FISCAL DE MEIO AMBIENTE<\/span><\/td>\r\n<td class=\"cvagas\">1 + CR<\/td>\r\n<td class=\"cremuneracao\">R$ 2.400,00 \/40h<\/td>\r\n<\/tr><tr>\r\n<td class=\"ccargos\">\r\n<span data-balloon-length=\"medium\" aria-label=\"Diploma devidamente registrado de conclus\u00e3o de curso de gradua\u00e7\u00e3o em Administra\u00e7\u00e3o, Contabilidade, Economia ou Direito em institui\u00e7\u00e3o de ensino superior reconhecida pelo MEC e registro no Conselho de classe.\" data-balloon-pos=\"up\">FISCAL FAZEND\u00c1RIO<\/span><\/td>\r\n<td class=\"cvagas\">1 + CR<\/td>\r\n<td class=\"cremuneracao\">R$ 1.908,00 \/40h<\/td>\r\n<\/tr><tr>\r\n<td class=\"ccargos\">\r\n<span data-balloon-length=\"medium\" aria-label=\"Diploma devidamente registrado de conclus\u00e3o de curso de gradua\u00e7\u00e3o em Odontologia em institui\u00e7\u00e3o de ensino superior reconhecida pelo MEC e registro no Conselho de classe.\" data-balloon-pos=\"up\">CIRURGI\u00c3O DENTISTA<\/span><\/td>\r\n<td class=\"cvagas\">28 + CR<\/td>\r\n<td class=\"cremuneracao\">R$ 2.400,00 \/40h<\/td>\r\n<\/tr><tr>\r\n<td class=\"ccargos\">\r\n<span data-balloon-length=\"medium\" aria-label=\"Diploma devidamente registrado de conclus\u00e3o de curso de gradua\u00e7\u00e3o em Enfermagem em institui\u00e7\u00e3o de ensino superior reconhecida pelo MEC e registro no Conselho de classe.\" data-balloon-pos=\"up\">ENFERMEIRO<\/span><\/td>\r\n<td class=\"cvagas\">34 + CR<\/td>\r\n<td class=\"cremuneracao\">R$ 4.318,18 \/40h<\/td>\r\n<\/tr>\r\n    <\/tbody>\r\n  <\/table>\r\n<\/div>"},"_links":{"self":[{"href":"https:\/\/www.agrobase.com.br\/concursos\/wp-json\/wp\/v2\/posts\/274530","targetHints":{"allow":["GET"]}}],"collection":[{"href":"https:\/\/www.agrobase.com.br\/concursos\/wp-json\/wp\/v2\/posts"}],"about":[{"href":"https:\/\/www.agrobase.com.br\/concursos\/wp-json\/wp\/v2\/types\/post"}],"author":[{"embeddable":true,"href":"https:\/\/www.agrobase.com.br\/concursos\/wp-json\/wp\/v2\/users\/5229"}],"replies":[{"embeddable":true,"href":"https:\/\/www.agrobase.com.br\/concursos\/wp-json\/wp\/v2\/comments?post=274530"}],"version-history":[{"count":5,"href":"https:\/\/www.agrobase.com.br\/concursos\/wp-json\/wp\/v2\/posts\/274530\/revisions"}],"predecessor-version":[{"id":277951,"href":"https:\/\/www.agrobase.com.br\/concursos\/wp-json\/wp\/v2\/posts\/274530\/revisions\/277951"}],"wp:featuredmedia":[{"embeddable":true,"href":"https:\/\/www.agrobase.com.br\/concursos\/wp-json\/wp\/v2\/media\/274529"}],"wp:attachment":[{"href":"https:\/\/www.agrobase.com.br\/concursos\/wp-json\/wp\/v2\/media?parent=274530"}],"wp:term":[{"taxonomy":"category","embeddable":true,"href":"https:\/\/www.agrobase.com.br\/concursos\/wp-json\/wp\/v2\/categories?post=274530"},{"taxonomy":"post_tag","embeddable":true,"href":"https:\/\/www.agrobase.com.br\/concursos\/wp-json\/wp\/v2\/tags?post=274530"},{"taxonomy":"_amplo","embeddable":true,"href":"https:\/\/www.agrobase.com.br\/concursos\/wp-json\/wp\/v2\/_amplo?post=274530"},{"taxonomy":"destaque","embeddable":true,"href":"https:\/\/www.agrobase.com.br\/concursos\/wp-json\/wp\/v2\/destaque?post=274530"},{"taxonomy":"instituicoes","embeddable":true,"href":"https:\/\/www.agrobase.com.br\/concursos\/wp-json\/wp\/v2\/instituicoes?post=274530"}],"curies":[{"name":"wp","href":"https:\/\/api.w.org\/{rel}","templated":true}]}}