{"id":274524,"date":"2025-12-02T07:55:10","date_gmt":"2025-12-02T10:55:10","guid":{"rendered":"https:\/\/www.agrobase.com.br\/concursos\/?p=274524"},"modified":"2025-12-01T18:01:23","modified_gmt":"2025-12-01T21:01:23","slug":"prefeitura-mato-castelhano-rs-concurso-01-2025","status":"publish","type":"post","link":"https:\/\/www.agrobase.com.br\/concursos\/2025\/prefeitura-mato-castelhano-rs-concurso-01-2025\/","title":{"rendered":"Prefeitura Mato Castelhano (RS) &#8211; Concurso 01\/2025"},"content":{"rendered":"<h2>Informa\u00e7\u00f5es Gerais<\/h2>\n<p>A <strong>Prefeitura Municipal de Mato Castelhano<\/strong>, no Rio Grande do Sul, torna p\u00fablico o edital de seu novo Concurso P\u00fablico, sob organiza\u00e7\u00e3o t\u00e9cnica do <strong>Instituto Legalle<\/strong>. O certame visa o preenchimento de <strong>32 vagas imediatas<\/strong>, al\u00e9m da forma\u00e7\u00e3o de cadastro reserva, para atender \u00e0s necessidades do quadro de pessoal do Poder Executivo Municipal.<\/p>\n<p>As oportunidades abrangem candidatos de n\u00edveis <strong>Fundamental (incompleto e completo), M\u00e9dio, T\u00e9cnico e Superior<\/strong>, com remunera\u00e7\u00f5es que variam de R$ 2.203,71 a <strong>R$ 8.618,58<\/strong>. As vagas est\u00e3o distribu\u00eddas entre setores operacionais, administrativos, educacionais e de sa\u00fade. Destacamos especialmente a oportunidade para profissionais da \u00e1rea de <strong>Nutri\u00e7\u00e3o<\/strong>, al\u00e9m de diversos cargos para a doc\u00eancia e sa\u00fade p\u00fablica.<\/p>\n<p>O concurso ter\u00e1 validade de dois anos, podendo ser prorrogado uma \u00fanica vez. Se voc\u00ea busca estabilidade e uma carreira no servi\u00e7o p\u00fablico municipal, confira a seguir os detalhes essenciais sobre prazos, etapas de avalia\u00e7\u00e3o e requisitos para participa\u00e7\u00e3o.<\/p>\n<h2>Inscri\u00e7\u00f5es<\/h2>\n<p>As inscri\u00e7\u00f5es j\u00e1 est\u00e3o abertas e devem ser realizadas exclusivamente pela internet, atrav\u00e9s do site do <strong>Instituto Legalle<\/strong>. O prazo para garantir a participa\u00e7\u00e3o segue at\u00e9 \u00e0s <strong>18h do dia 08 de dezembro de 2025<\/strong>.<\/p>\n<p>Para efetivar a inscri\u00e7\u00e3o, o candidato deve preencher o formul\u00e1rio eletr\u00f4nico e realizar o pagamento do boleto banc\u00e1rio at\u00e9 o hor\u00e1rio limite de transa\u00e7\u00f5es do sistema banc\u00e1rio no \u00faltimo dia de pagamento. \u00c9 importante conferir no edital os valores das taxas correspondentes a cada n\u00edvel de escolaridade, bem como os requisitos e prazos para solicita\u00e7\u00e3o de isen\u00e7\u00e3o da taxa, caso aplic\u00e1vel.<\/p>\n<p>Ap\u00f3s o pagamento, o candidato deve acompanhar a homologa\u00e7\u00e3o de sua inscri\u00e7\u00e3o na <em>\u00c1rea do Candidato<\/em> e imprimir o Cart\u00e3o de Confirma\u00e7\u00e3o, que indicar\u00e1 o local de prova. A leitura integral do edital \u00e9 indispens\u00e1vel para o conhecimento de todas as normas que regem o certame.<\/p>\n<h2>Etapas e Provas<\/h2>\n<p>O processo seletivo ser\u00e1 composto por etapas distintas, conforme a natureza e a complexidade de cada cargo. A etapa comum a todos os inscritos ser\u00e1 a <strong>Prova Te\u00f3rico-Objetiva<\/strong>, de car\u00e1ter eliminat\u00f3rio e classificat\u00f3rio, com data prevista para <strong>25 de janeiro de 2026<\/strong>. Esta avalia\u00e7\u00e3o ter\u00e1 dura\u00e7\u00e3o de 3 horas e consistir\u00e1 em quest\u00f5es de m\u00faltipla escolha com quatro alternativas.<\/p>\n<p>Al\u00e9m da prova escrita, haver\u00e1 fases espec\u00edficas para determinados grupos de cargos:<\/p>\n<ul>\n<li><strong>Prova de T\u00edtulos:<\/strong> De car\u00e1ter classificat\u00f3rio, destinada exclusivamente aos cargos de <strong>Professor<\/strong> (todas as \u00e1reas).<\/li>\n<li><strong>Prova Pr\u00e1tica:<\/strong> De car\u00e1ter eliminat\u00f3rio e classificat\u00f3rio, para os cargos de <strong>Motorista, Operador de M\u00e1quinas, Operador de M\u00e1quinas e Equipamentos Rodovi\u00e1rios e Operador de Trator Agr\u00edcola<\/strong>. Ser\u00e3o convocados para esta fase apenas os 20 primeiros classificados na prova objetiva de cada fun\u00e7\u00e3o.<\/li>\n<\/ul>\n<p>Para ser aprovado na etapa objetiva, \u00e9 necess\u00e1rio obter nota total igual ou superior a 50% dos pontos. Recomendamos a leitura atenta do edital para verificar o conte\u00fado program\u00e1tico e os crit\u00e9rios de pontua\u00e7\u00e3o detalhados.<\/p>\n<h2>Resultados e Gabarito<\/h2>\n<p>A divulga\u00e7\u00e3o dos gabaritos preliminares est\u00e1 prevista para ocorrer a partir de <strong>26 de janeiro de 2026<\/strong>, no site da organizadora. Os resultados definitivos da Prova Te\u00f3rico-Objetiva, ap\u00f3s a an\u00e1lise de recursos, devem ser publicados em <strong>09 de fevereiro de 2026<\/strong>.<\/p>\n<p>O processo de homologa\u00e7\u00e3o final do concurso seguir\u00e1 datas distintas: para os cargos que n\u00e3o exigem prova pr\u00e1tica, a homologa\u00e7\u00e3o est\u00e1 prevista para <strong>10 de fevereiro de 2026<\/strong>; j\u00e1 para os cargos com etapa pr\u00e1tica, a homologa\u00e7\u00e3o ocorrer\u00e1 em <strong>10 de mar\u00e7o de 2026<\/strong>. A classifica\u00e7\u00e3o final ser\u00e1 definida pela ordem decrescente da nota final, observando-se os crit\u00e9rios de desempate estabelecidos, como idade e pontua\u00e7\u00e3o em disciplinas espec\u00edficas.<\/p>\n<p>Ressaltamos que \u00e9 de inteira responsabilidade do candidato acompanhar as publica\u00e7\u00f5es oficiais, convoca\u00e7\u00f5es e eventuais retifica\u00e7\u00f5es diretamente no site do <strong>Instituto Legalle<\/strong> e nos meios de comunica\u00e7\u00e3o oficial da Prefeitura, para n\u00e3o perder prazos legais.<\/p>\n","protected":false},"excerpt":{"rendered":"<p>Concurso Pref. Mato Castelhano (RS) com edital publicado! Vagas p\/ Professor e Motorista (Fund. a Sup.). Inscri\u00e7\u00f5es a partir de 18\/11. Confira detalhes!<\/p>\n","protected":false},"author":5229,"featured_media":274523,"comment_status":"open","ping_status":"open","sticky":false,"template":"","format":"standard","meta":{"_acf_changed":false,"_breakdance_hide_in_design_set":false,"_breakdance_tags":"","footnotes":""},"categories":[3,6433,9,117,141,6434,12,6436,18,19,111,100,20,6872,6871,116,23,24,25,26,101,108],"tags":[58],"_amplo":[],"destaque":[],"instituicoes":[],"class_list":["post-274524","post","type-post","status-publish","format-standard","has-post-thumbnail","hentry","category-administracao","category-biologia-licenciatura","category-ciencias-contabeis","category-economia","category-educacao-artistica","category-educacao-fisica-licenciatura","category-enfermagem","category-fisica-licenciatura","category-fisioterapia","category-fonoaudiologia","category-geografia","category-historia","category-letras","category-letras-espanhol","category-letras-ingles","category-matematica","category-nutricao","category-odontologia","category-pedagogia","category-psicologia","category-servico-social","category-tecnico-enfermagem","tag-rio-grande-sul"],"acf":{"_tipo_vagas":"vagas","_numero_vagas":"","_quadro_vagas":"","_cargos":"diversos","_cargos_especificos":"","_salario_max":"R$ 8618.58","_abertura":"20251118","_encerramento":"20251208","_inscricoes":"https:\/\/www.institutolegalle.org.br","_executora_concurso":"","_instituicao_concurso":[],"_link_adicional":null,"_anexos":null,"_produtos":null,"_vagas":"32 vagas + CR","_salario_min":"R$ 2203.71","_instituicao":"Prefeitura Mato Castelhano","_edital":"https:\/\/www.agrobase.com.br\/concursos\/wp-content\/uploads\/sites\/4\/2025\/12\/edital-01-2025-prefeitura-mato-castelhano-rs.pdf","_anexos_edital":"https:\/\/www.agrobase.com.br\/concursos\/wp-content\/uploads\/sites\/4\/2025\/12\/edital-01-2025-prefeitura-mato-castelhano-rs-retificacao.pdf","_fund_incompleto":"<div>\r\n<table class=\"quadro\">\r\n<thead>\r\n<tr>\r\n<th class=\"hcargo\">Cargo<\/th>\r\n<th class=\"hvagas\">Vagas<\/th>\r\n<th class=\"hremuneracao\">Remunera\u00e7\u00e3o<\/th>\r\n<\/tr>\r\n<\/thead>\r\n    <tbody>\r\n      <td class=\"ccargos\">\r\n<span data-balloon-length=\"medium\" aria-label=\"Alfabetizado.\" data-balloon-pos=\"up\">Gari<\/span><\/td>\r\n<td class=\"cvagas\">01 + CR<\/td>\r\n<td class=\"cremuneracao\">R$ 2.450,09 \/40h<\/td>\r\n<\/tr><td class=\"ccargos\">\r\n<span data-balloon-length=\"medium\" aria-label=\"N\u00edvel fundamental incompleto e Carteira Nacional de Habilita\u00e7\u00e3o Categoria C\" data-balloon-pos=\"up\">Motorista<\/span><\/td>\r\n<td class=\"cvagas\">01 + CR<\/td>\r\n<td class=\"cremuneracao\">R$ 3.861,06 \/40h<\/td>\r\n<\/tr><td class=\"ccargos\">\r\n<span data-balloon-length=\"medium\" aria-label=\"N\u00edvel fundamental incompleto.\" data-balloon-pos=\"up\">Oper\u00e1rio<\/span><\/td>\r\n<td class=\"cvagas\">01 + CR<\/td>\r\n<td class=\"cremuneracao\">R$ 2.450,09 \/40h<\/td>\r\n<\/tr><td class=\"ccargos\">\r\n<span data-balloon-length=\"medium\" aria-label=\"N\u00edvel fundamental incompleto e Carteira Nacional de Habilita\u00e7\u00e3o Profissional, Categoria C\" data-balloon-pos=\"up\">Operador de M\u00e1quinas<\/span><\/td>\r\n<td class=\"cvagas\">01 + CR<\/td>\r\n<td class=\"cremuneracao\">R$ 4.520,40 \/40h<\/td>\r\n<\/tr><td class=\"ccargos\">\r\n<span data-balloon-length=\"medium\" aria-label=\"N\u00edvel fundamental incompleto e Carteira Nacional de Habilita\u00e7\u00e3o Profissional, Categoria C\" data-balloon-pos=\"up\">Operador de M\u00e1quinas e Equipamentos Rodovi\u00e1rios<\/span><\/td>\r\n<td class=\"cvagas\">01 + CR<\/td>\r\n<td class=\"cremuneracao\">R$ 4.520,40 \/40h<\/td>\r\n<\/tr><td class=\"ccargos\">\r\n<span data-balloon-length=\"medium\" aria-label=\"N\u00edvel fundamental incompleto e Carteira Nacional de Habilita\u00e7\u00e3o Profissional, categoria C\" data-balloon-pos=\"up\">Operador de Trator Agr\u00edcola<\/span><\/td>\r\n<td class=\"cvagas\">01 + CR<\/td>\r\n<td class=\"cremuneracao\">R$ 2.920,41 \/40h<\/td>\r\n<\/tr><td class=\"ccargos\">\r\n<span data-balloon-length=\"medium\" aria-label=\"N\u00edvel fundamental incompleto.\" data-balloon-pos=\"up\">Servente<\/span><\/td>\r\n<td class=\"cvagas\">01 + CR<\/td>\r\n<td class=\"cremuneracao\">R$ 2.450,09 \/40h<\/td>\r\n<\/tr><td class=\"ccargos\">\r\n<span data-balloon-length=\"medium\" aria-label=\"N\u00edvel fundamental incompleto.\" data-balloon-pos=\"up\">Vigilante<\/span><\/td>\r\n<td class=\"cvagas\">01 + CR<\/td>\r\n<td class=\"cremuneracao\">R$ 2.629,26 \/40h<\/td>\r\n<\/tr>\r\n    <\/tbody>\r\n  <\/table>\r\n<\/div>","_fund_completo":"<div>\r\n<table class=\"quadro\">\r\n<thead>\r\n<tr>\r\n<th class=\"hcargo\">Cargo<\/th>\r\n<th class=\"hvagas\">Vagas<\/th>\r\n<th class=\"hremuneracao\">Remunera\u00e7\u00e3o<\/th>\r\n<\/tr>\r\n<\/thead>\r\n    <tbody>\r\n      <td class=\"ccargos\">\r\n<span data-balloon-length=\"medium\" aria-label=\"N\u00edvel fundamental.\" data-balloon-pos=\"up\">Merendeira I<\/span><\/td>\r\n<td class=\"cvagas\">01 + CR<\/td>\r\n<td class=\"cremuneracao\">R$ 3.210,58 \/40h<\/td>\r\n<\/tr><td class=\"ccargos\">\r\n<span data-balloon-length=\"medium\" aria-label=\"N\u00edvel Fundamental.\" data-balloon-pos=\"up\">Porteiro<\/span><\/td>\r\n<td class=\"cvagas\">01 + CR<\/td>\r\n<td class=\"cremuneracao\">R$ 2.774,82 \/40h<\/td>\r\n<\/tr>\r\n    <\/tbody>\r\n  <\/table>\r\n<\/div>","_medio":"<div>\r\n<table class=\"quadro\">\r\n<thead>\r\n<tr>\r\n<th class=\"hcargo\">Cargo<\/th>\r\n<th class=\"hvagas\">Vagas<\/th>\r\n<th class=\"hremuneracao\">Remunera\u00e7\u00e3o<\/th>\r\n<\/tr>\r\n<\/thead>\r\n    <tbody>\r\n      <td class=\"ccargos\">\r\n<span data-balloon-length=\"medium\" aria-label=\"N\u00edvel m\u00e9dio completo, residir na \u00e1rea de atua\u00e7\u00e3o desde a inscri\u00e7\u00e3o neste certame e ter conclu\u00eddo, com aproveitamento, curso de forma\u00e7\u00e3o inicial, com carga hor\u00e1ria m\u00ednima de quarenta hora.\" data-balloon-pos=\"up\">Agente Comunit\u00e1rio da Sa\u00fade - Micro\u00e1rea 1<\/span><\/td>\r\n<td class=\"cvagas\">01 + CR<\/td>\r\n<td class=\"cremuneracao\">R$ 3.943,20 \/40h<\/td>\r\n<\/tr><td class=\"ccargos\">\r\n<span data-balloon-length=\"medium\" aria-label=\"N\u00edvel m\u00e9dio completo, residir na \u00e1rea de atua\u00e7\u00e3o desde a inscri\u00e7\u00e3o neste certame e ter conclu\u00eddo, com aproveitamento, curso de forma\u00e7\u00e3o inicial, com carga hor\u00e1ria m\u00ednima de quarenta hora.\" data-balloon-pos=\"up\">Agente Comunit\u00e1rio da Sa\u00fade - Micro\u00e1rea 2<\/span><\/td>\r\n<td class=\"cvagas\">01 + CR<\/td>\r\n<td class=\"cremuneracao\">R$ 3.943,20 \/40h<\/td>\r\n<\/tr><td class=\"ccargos\">\r\n<span data-balloon-length=\"medium\" aria-label=\"N\u00edvel m\u00e9dio completo.\" data-balloon-pos=\"up\">Escritur\u00e1rio<\/span><\/td>\r\n<td class=\"cvagas\">01 + CR<\/td>\r\n<td class=\"cremuneracao\">R$ 3.267,55 \/40h<\/td>\r\n<\/tr><td class=\"ccargos\">\r\n<span data-balloon-length=\"medium\" aria-label=\"N\u00edvel m\u00e9dio completo.\" data-balloon-pos=\"up\">Monitor de Escola<\/span><\/td>\r\n<td class=\"cvagas\">01 + CR<\/td>\r\n<td class=\"cremuneracao\">R$ 2.203,71 \/40h<\/td>\r\n<\/tr><td class=\"ccargos\">\r\n<span data-balloon-length=\"medium\" aria-label=\"N\u00edvel m\u00e9dio completo.\" data-balloon-pos=\"up\">Oficial Administrativo<\/span><\/td>\r\n<td class=\"cvagas\">01 + CR<\/td>\r\n<td class=\"cremuneracao\">R$ 3.267,55 \/40h<\/td>\r\n<\/tr><td class=\"ccargos\">\r\n<span data-balloon-length=\"medium\" aria-label=\"N\u00edvel t\u00e9cnico completo em Enfermagem e habilita\u00e7\u00e3o legal para o exerc\u00edcio da profiss\u00e3o de T\u00e9cnico de Enfermagem.\" data-balloon-pos=\"up\">T\u00e9cnico de Enfermagem<\/span><\/td>\r\n<td class=\"cvagas\">01 + CR<\/td>\r\n<td class=\"cremuneracao\">R$ 5.031,29 \/40h<\/td>\r\n<\/tr><td class=\"ccargos\">\r\n<span data-balloon-length=\"medium\" aria-label=\"N\u00edvel m\u00e9dio completo.\" data-balloon-pos=\"up\">Vigilante Sanit\u00e1rio<\/span><\/td>\r\n<td class=\"cvagas\">01 + CR<\/td>\r\n<td class=\"cremuneracao\">R$ 2.315,70 \/40h<\/td>\r\n<\/tr>\r\n    <\/tbody>\r\n  <\/table>\r\n<\/div>","_superior":"<div>\r\n<table class=\"quadro\">\r\n<thead>\r\n<tr>\r\n<th class=\"hcargo\">Cargo<\/th>\r\n<th class=\"hvagas\">Vagas<\/th>\r\n<th class=\"hremuneracao\">Remunera\u00e7\u00e3o<\/th>\r\n<\/tr>\r\n<\/thead>\r\n    <tbody>\r\n      <tr>\r\n<td class=\"ccargos\">\r\n<span data-balloon-length=\"medium\" aria-label=\"Magist\u00e9rio ou cursando Ensino Superior com afinidade educacional.\" data-balloon-pos=\"up\">Assistente de Educa\u00e7\u00e3o Infantil I<\/span><\/td>\r\n<td class=\"cvagas\">01 + CR<\/td>\r\n<td class=\"cremuneracao\">R$ 2.538,91 \/40h<\/td>\r\n<\/tr><tr>\r\n<td class=\"ccargos\">\r\n<span data-balloon-length=\"medium\" aria-label=\"N\u00edvel superior completo em Servi\u00e7o Social e habilita\u00e7\u00e3o legal para o exerc\u00edcio da profiss\u00e3o de Assistente Social.\" data-balloon-pos=\"up\">Assistente Social<\/span><\/td>\r\n<td class=\"cvagas\">01 + CR<\/td>\r\n<td class=\"cremuneracao\">R$ 4.759,26 \/36h<\/td>\r\n<\/tr><tr>\r\n<td class=\"ccargos\">\r\n<span data-balloon-length=\"medium\" aria-label=\"N\u00edvel superior completo em Odontologia e habilita\u00e7\u00e3o legal para o exerc\u00edcio da profiss\u00e3o de Cirurgi\u00e3o Dentista.\" data-balloon-pos=\"up\">Dentista ESF<\/span><\/td>\r\n<td class=\"cvagas\">01 + CR<\/td>\r\n<td class=\"cremuneracao\">R$ 8.618,58 \/40h<\/td>\r\n<\/tr><tr>\r\n<td class=\"ccargos\">\r\n<span data-balloon-length=\"medium\" aria-label=\"N\u00edvel superior completo em Enfermagem e habilita\u00e7\u00e3o legal para o exerc\u00edcio da profiss\u00e3o de Enfermeira.\" data-balloon-pos=\"up\">Enfermeira Padr\u00e3o<\/span><\/td>\r\n<td class=\"cvagas\">CR<\/td>\r\n<td class=\"cremuneracao\">R$ 7.214,96 \/40h<\/td>\r\n<\/tr><tr>\r\n<td class=\"ccargos\">\r\n<span data-balloon-length=\"medium\" aria-label=\"N\u00edvel superior completo em Fisioterapia e habilita\u00e7\u00e3o legal para o exerc\u00edcio da profiss\u00e3o de Fisioterapeuta.\" data-balloon-pos=\"up\">Fisioterapeuta<\/span><\/td>\r\n<td class=\"cvagas\">01 + CR<\/td>\r\n<td class=\"cremuneracao\">R$ 5.651,11 \/20h<\/td>\r\n<\/tr><tr>\r\n<td class=\"ccargos\">\r\n<span data-balloon-length=\"medium\" aria-label=\"N\u00edvel superior completo em Fonoaudiologia e habilita\u00e7\u00e3o legal para o exerc\u00edcio da profiss\u00e3o de Fonoaudi\u00f3logo.\" data-balloon-pos=\"up\">Fonoaudi\u00f3logo<\/span><\/td>\r\n<td class=\"cvagas\">01 + CR<\/td>\r\n<td class=\"cremuneracao\">R$ 5.651,11 \/20h<\/td>\r\n<\/tr><tr>\r\n<td class=\"ccargos\">\r\n<span data-balloon-length=\"medium\" aria-label=\"N\u00edvel superior completo em Nutri\u00e7\u00e3o e habilita\u00e7\u00e3o legal para o exerc\u00edcio da profiss\u00e3o de Nutricionista.\" data-balloon-pos=\"up\">Nutricionista<\/span><\/td>\r\n<td class=\"cvagas\">01 + CR<\/td>\r\n<td class=\"cremuneracao\">R$ 5.619,20 \/40h<\/td>\r\n<\/tr><tr>\r\n<td class=\"ccargos\">\r\n<span data-balloon-length=\"medium\" aria-label=\"Curso superior em Licenciatura Plena, espec\u00edfico para Artes, ou forma\u00e7\u00e3o superior em \u00e1rea da educa\u00e7\u00e3o com especializa\u00e7\u00e3o na \u00e1rea espec\u00edfica.\" data-balloon-pos=\"up\">Professor de Artes<\/span><\/td>\r\n<td class=\"cvagas\">CR<\/td>\r\n<td class=\"cremuneracao\">R$ 2.987,60 \/20h<\/td>\r\n<\/tr><tr>\r\n<td class=\"ccargos\">\r\n<span data-balloon-length=\"medium\" aria-label=\"Curso superior em Licenciatura Plena, com curso espec\u00edfico para Inform\u00e1tica, cultura digital ou forma\u00e7\u00e3o superior em \u00e1rea da educa\u00e7\u00e3o com especializa\u00e7\u00e3o na \u00e1rea espec\u00edfica.\" data-balloon-pos=\"up\">Professor de Cultura DIG-Inform\u00e1tica<\/span><\/td>\r\n<td class=\"cvagas\">01 + CR<\/td>\r\n<td class=\"cremuneracao\">R$ 2.987,60 \/20h<\/td>\r\n<\/tr><tr>\r\n<td class=\"ccargos\">\r\n<span data-balloon-length=\"medium\" aria-label=\"Curso superior em Licenciatura Plena, espec\u00edfico para Ci\u00eancias F\u00edsicas e Biol\u00f3gicas, ou forma\u00e7\u00e3o superior em \u00e1rea da educa\u00e7\u00e3o com especializa\u00e7\u00e3o na \u00e1rea espec\u00edfica.\" data-balloon-pos=\"up\">Professor de Ci\u00eancias F\u00edsicas e Biol\u00f3gicas<\/span><\/td>\r\n<td class=\"cvagas\">CR<\/td>\r\n<td class=\"cremuneracao\">R$ 2.987,60 \/20h<\/td>\r\n<\/tr><tr>\r\n<td class=\"ccargos\">\r\n<span data-balloon-length=\"medium\" aria-label=\"Curso superior de Licenciatura Plena em Pedagogia.\" data-balloon-pos=\"up\">Professor de Educa\u00e7\u00e3o Infantil<\/span><\/td>\r\n<td class=\"cvagas\">01 + CR<\/td>\r\n<td class=\"cremuneracao\">R$ 2.987,60 \/20h<\/td>\r\n<\/tr><tr>\r\n<td class=\"ccargos\">\r\n<span data-balloon-length=\"medium\" aria-label=\"Curso superior em Licenciatura Plena, espec\u00edfico para Educa\u00e7\u00e3o F\u00edsica, ou forma\u00e7\u00e3o superior em \u00e1rea da educa\u00e7\u00e3o com especializa\u00e7\u00e3o na \u00e1rea espec\u00edfica.\" data-balloon-pos=\"up\">Professor de Educa\u00e7\u00e3o F\u00edsica<\/span><\/td>\r\n<td class=\"cvagas\">01 + CR<\/td>\r\n<td class=\"cremuneracao\">R$ 2.987,60 \/20h<\/td>\r\n<\/tr><tr>\r\n<td class=\"ccargos\">\r\n<span data-balloon-length=\"medium\" aria-label=\"Curso superior de Licenciatura Plena em Pedagogia.\" data-balloon-pos=\"up\">Professor de Ensino Fundamental I<\/span><\/td>\r\n<td class=\"cvagas\">01 + CR<\/td>\r\n<td class=\"cremuneracao\">R$ 2.987,60 \/20h<\/td>\r\n<\/tr><tr>\r\n<td class=\"ccargos\">\r\n<span data-balloon-length=\"medium\" aria-label=\"Curso superior em Licenciatura Plena, espec\u00edfico para Ensino Religioso, ou forma\u00e7\u00e3o superior em \u00e1rea da educa\u00e7\u00e3o com especializa\u00e7\u00e3o na \u00e1rea espec\u00edfica.\" data-balloon-pos=\"up\">Professor de Ensino Religioso<\/span><\/td>\r\n<td class=\"cvagas\">01 + CR<\/td>\r\n<td class=\"cremuneracao\">R$ 2.987,60 \/20h<\/td>\r\n<\/tr><tr>\r\n<td class=\"ccargos\">\r\n<span data-balloon-length=\"medium\" aria-label=\"Curso superior em Licenciatura Plena, espec\u00edfico para Geografia, ou forma\u00e7\u00e3o superior em \u00e1rea da educa\u00e7\u00e3o com especializa\u00e7\u00e3o na \u00e1rea espec\u00edfica.\" data-balloon-pos=\"up\">Professor de Geografia<\/span><\/td>\r\n<td class=\"cvagas\">01 + CR<\/td>\r\n<td class=\"cremuneracao\">R$ 2.987,60 \/20h<\/td>\r\n<\/tr><tr>\r\n<td class=\"ccargos\">\r\n<span data-balloon-length=\"medium\" aria-label=\"Curso superior em Licenciatura Plena, espec\u00edfico para Hist\u00f3ria, ou forma\u00e7\u00e3o superior em \u00e1rea da educa\u00e7\u00e3o com especializa\u00e7\u00e3o na \u00e1rea espec\u00edfica.\" data-balloon-pos=\"up\">Professor de Hist\u00f3ria<\/span><\/td>\r\n<td class=\"cvagas\">01 + CR<\/td>\r\n<td class=\"cremuneracao\">R$ 2.987,60 \/20h<\/td>\r\n<\/tr><tr>\r\n<td class=\"ccargos\">\r\n<span data-balloon-length=\"medium\" aria-label=\"Curso superior em Licenciatura Plena, espec\u00edfico para Letras Espanhol, ou forma\u00e7\u00e3o superior em \u00e1rea da educa\u00e7\u00e3o com especializa\u00e7\u00e3o na \u00e1rea espec\u00edfica.\" data-balloon-pos=\"up\">Professor de L\u00edngua Espanhola<\/span><\/td>\r\n<td class=\"cvagas\">CR<\/td>\r\n<td class=\"cremuneracao\">R$ 2.987,60 \/20h<\/td>\r\n<\/tr><tr>\r\n<td class=\"ccargos\">\r\n<span data-balloon-length=\"medium\" aria-label=\"Curso superior em Licenciatura Plena, espec\u00edfico para Letras - Ingl\u00eas, ou forma\u00e7\u00e3o superior em \u00e1rea da educa\u00e7\u00e3o com especializa\u00e7\u00e3o na \u00e1rea espec\u00edfica.\" data-balloon-pos=\"up\">Professor de L\u00edngua Inglesa<\/span><\/td>\r\n<td class=\"cvagas\">CR<\/td>\r\n<td class=\"cremuneracao\">R$ 2.987,60 \/20h<\/td>\r\n<\/tr><tr>\r\n<td class=\"ccargos\">\r\n<span data-balloon-length=\"medium\" aria-label=\"Curso superior em Licenciatura Plena, espec\u00edfico para Matem\u00e1tica, ou forma\u00e7\u00e3o superior em \u00e1rea da educa\u00e7\u00e3o com especializa\u00e7\u00e3o na \u00e1rea espec\u00edfica.\" data-balloon-pos=\"up\">Professor de Matem\u00e1tica<\/span><\/td>\r\n<td class=\"cvagas\">01 + CR<\/td>\r\n<td class=\"cremuneracao\">R$ 2.987,60 \/20h<\/td>\r\n<\/tr><tr>\r\n<td class=\"ccargos\">\r\n<span data-balloon-length=\"medium\" aria-label=\"Curso superior em Licenciatura Plena, espec\u00edfico para Letras Portugu\u00eas, ou forma\u00e7\u00e3o superior em \u00e1rea da educa\u00e7\u00e3o com especializa\u00e7\u00e3o na \u00e1rea espec\u00edfica.\" data-balloon-pos=\"up\">Professor de Portugu\u00eas<\/span><\/td>\r\n<td class=\"cvagas\">CR<\/td>\r\n<td class=\"cremuneracao\">R$ 2.987,60 \/20h<\/td>\r\n<\/tr><tr>\r\n<td class=\"ccargos\">\r\n<span data-balloon-length=\"medium\" aria-label=\"N\u00edvel superior completo em Psicologia e habilita\u00e7\u00e3o legal para o exerc\u00edcio da profiss\u00e3o de Psic\u00f3logo.\" data-balloon-pos=\"up\">Psic\u00f3logo<\/span><\/td>\r\n<td class=\"cvagas\">01 + CR<\/td>\r\n<td class=\"cremuneracao\">R$ 4.759,26 \/20h<\/td>\r\n<\/tr><tr>\r\n<td class=\"ccargos\">\r\n<span data-balloon-length=\"medium\" aria-label=\"N\u00edvel superior completo em Administra\u00e7\u00e3o, Economia ou Ci\u00eancias Cont\u00e1beis.\" data-balloon-pos=\"up\">Tesoureiro<\/span><\/td>\r\n<td class=\"cvagas\">CR<\/td>\r\n<td class=\"cremuneracao\">R$ 4.219,42 \/40h<\/td>\r\n<\/tr>\r\n    <\/tbody>\r\n  <\/table>\r\n<\/div>"},"_links":{"self":[{"href":"https:\/\/www.agrobase.com.br\/concursos\/wp-json\/wp\/v2\/posts\/274524","targetHints":{"allow":["GET"]}}],"collection":[{"href":"https:\/\/www.agrobase.com.br\/concursos\/wp-json\/wp\/v2\/posts"}],"about":[{"href":"https:\/\/www.agrobase.com.br\/concursos\/wp-json\/wp\/v2\/types\/post"}],"author":[{"embeddable":true,"href":"https:\/\/www.agrobase.com.br\/concursos\/wp-json\/wp\/v2\/users\/5229"}],"replies":[{"embeddable":true,"href":"https:\/\/www.agrobase.com.br\/concursos\/wp-json\/wp\/v2\/comments?post=274524"}],"version-history":[{"count":2,"href":"https:\/\/www.agrobase.com.br\/concursos\/wp-json\/wp\/v2\/posts\/274524\/revisions"}],"predecessor-version":[{"id":274528,"href":"https:\/\/www.agrobase.com.br\/concursos\/wp-json\/wp\/v2\/posts\/274524\/revisions\/274528"}],"wp:featuredmedia":[{"embeddable":true,"href":"https:\/\/www.agrobase.com.br\/concursos\/wp-json\/wp\/v2\/media\/274523"}],"wp:attachment":[{"href":"https:\/\/www.agrobase.com.br\/concursos\/wp-json\/wp\/v2\/media?parent=274524"}],"wp:term":[{"taxonomy":"category","embeddable":true,"href":"https:\/\/www.agrobase.com.br\/concursos\/wp-json\/wp\/v2\/categories?post=274524"},{"taxonomy":"post_tag","embeddable":true,"href":"https:\/\/www.agrobase.com.br\/concursos\/wp-json\/wp\/v2\/tags?post=274524"},{"taxonomy":"_amplo","embeddable":true,"href":"https:\/\/www.agrobase.com.br\/concursos\/wp-json\/wp\/v2\/_amplo?post=274524"},{"taxonomy":"destaque","embeddable":true,"href":"https:\/\/www.agrobase.com.br\/concursos\/wp-json\/wp\/v2\/destaque?post=274524"},{"taxonomy":"instituicoes","embeddable":true,"href":"https:\/\/www.agrobase.com.br\/concursos\/wp-json\/wp\/v2\/instituicoes?post=274524"}],"curies":[{"name":"wp","href":"https:\/\/api.w.org\/{rel}","templated":true}]}}