{"id":274507,"date":"2025-12-02T07:40:28","date_gmt":"2025-12-02T10:40:28","guid":{"rendered":"https:\/\/www.agrobase.com.br\/concursos\/?p=274507"},"modified":"2025-12-01T17:29:35","modified_gmt":"2025-12-01T20:29:35","slug":"prefeitura-vitoria-do-mearim-ma-concurso-001-2025","status":"publish","type":"post","link":"https:\/\/www.agrobase.com.br\/concursos\/2025\/prefeitura-vitoria-do-mearim-ma-concurso-001-2025\/","title":{"rendered":"Prefeitura Vit\u00f3ria do Mearim (MA) &#8211; Concurso 001\/2025"},"content":{"rendered":"<h2>Informa\u00e7\u00f5es Gerais<\/h2>\n<p>A <strong>Prefeitura Municipal de Vit\u00f3ria do Mearim<\/strong>, no estado do Maranh\u00e3o, publicou o edital de seu novo Concurso P\u00fablico destinado ao preenchimento de <strong>228 vagas imediatas<\/strong>. O certame \u00e9 organizado pela <strong>FUNATEC<\/strong> e oferece oportunidades para profissionais de n\u00edveis fundamental (incompleto), m\u00e9dio, t\u00e9cnico e superior.<\/p>\n<p>Uma das grandes vantagens deste processo seletivo \u00e9 o regime de contrata\u00e7\u00e3o <strong>Estatut\u00e1rio<\/strong>, que garante estabilidade empregat\u00edcia aos servidores ap\u00f3s o est\u00e1gio probat\u00f3rio. As vagas est\u00e3o distribu\u00eddas entre diversos setores da administra\u00e7\u00e3o municipal, abrangendo \u00e1reas como educa\u00e7\u00e3o, sa\u00fade, administra\u00e7\u00e3o, fiscaliza\u00e7\u00e3o e servi\u00e7os operacionais.<\/p>\n<p>Merecem destaque as oportunidades para profissionais das \u00e1reas de <strong>Engenharia Agron\u00f4mica, Medicina Veterin\u00e1ria e Nutri\u00e7\u00e3o<\/strong>, carreiras essenciais para o desenvolvimento local e que encontram espa\u00e7o neste edital. Se voc\u00ea busca ingressar no servi\u00e7o p\u00fablico maranhense, confira a seguir os detalhes essenciais para garantir sua participa\u00e7\u00e3o.<\/p>\n<h2>Inscri\u00e7\u00f5es<\/h2>\n<p>As inscri\u00e7\u00f5es para o concurso da Prefeitura de Vit\u00f3ria do Mearim devem ser realizadas <strong>exclusivamente pela internet<\/strong>, no site da banca organizadora, a FUNATEC. O candidato deve preencher o Formul\u00e1rio de Solicita\u00e7\u00e3o de Inscri\u00e7\u00e3o e emitir o boleto banc\u00e1rio para pagamento.<\/p>\n<p>Os valores das taxas de inscri\u00e7\u00e3o variam conforme o n\u00edvel de escolaridade do cargo pretendido:<\/p>\n<ul>\n<li><strong>N\u00edvel Fundamental:<\/strong> R$ 75,00<\/li>\n<li><strong>N\u00edvel M\u00e9dio:<\/strong> R$ 92,00<\/li>\n<li><strong>N\u00edvel Superior:<\/strong> R$ 110,00<\/li>\n<\/ul>\n<p>\u00c9 fundamental que o pagamento do boleto seja efetuado at\u00e9 a data de vencimento expressa no documento, respeitando o hor\u00e1rio de compensa\u00e7\u00e3o banc\u00e1ria. O edital ressalta que n\u00e3o ser\u00e3o aceitos pagamentos via PIX, dep\u00f3sito ou transfer\u00eancia direta. Ap\u00f3s o pagamento, o candidato deve acompanhar a confirma\u00e7\u00e3o do deferimento de sua inscri\u00e7\u00e3o na \u00e1rea restrita do site da organizadora.<\/p>\n<p>Recomendamos a leitura atenta do edital completo para verificar as condi\u00e7\u00f5es espec\u00edficas e garantir que todos os dados cadastrais sejam informados corretamente, evitando a elimina\u00e7\u00e3o do certame.<\/p>\n<h2>Etapas e Provas<\/h2>\n<p>O processo seletivo ser\u00e1 composto por diferentes etapas, variando de acordo com o cargo pleiteado. A etapa comum a todos os candidatos \u00e9 a <strong>Prova Objetiva<\/strong>, de car\u00e1ter eliminat\u00f3rio e classificat\u00f3rio.<\/p>\n<p>A Prova Objetiva ter\u00e1 dura\u00e7\u00e3o de 3 horas e ser\u00e1 composta por <strong>40 quest\u00f5es<\/strong> de m\u00faltipla escolha. Para ser aprovado, o candidato deve obter, no m\u00ednimo, 24 pontos em Conhecimentos Espec\u00edficos e 10 pontos em Conhecimentos B\u00e1sicos, sem zerar nenhuma disciplina. As disciplinas cobradas s\u00e3o:<\/p>\n<ul>\n<li><strong>N\u00edvel Superior:<\/strong> L\u00edngua Portuguesa, Racioc\u00ednio L\u00f3gico e Matem\u00e1tico, e Conhecimentos Espec\u00edficos.<\/li>\n<li><strong>N\u00edvel M\u00e9dio:<\/strong> L\u00edngua Portuguesa, Inform\u00e1tica e Conhecimentos Espec\u00edficos.<\/li>\n<li><strong>N\u00edvel Fundamental:<\/strong> L\u00edngua Portuguesa, Matem\u00e1tica B\u00e1sica e Conhecimentos Espec\u00edficos.<\/li>\n<\/ul>\n<p>Al\u00e9m da prova escrita, haver\u00e1 etapas espec\u00edficas para determinados cargos:<\/p>\n<ul>\n<li><strong>Prova de T\u00edtulos:<\/strong> Exclusiva para os cargos de Professor (classificat\u00f3ria).<\/li>\n<li><strong>Teste de Aptid\u00e3o F\u00edsica (TAF):<\/strong> Exclusivo para o cargo de Guarda Municipal (eliminat\u00f3ria), exigindo exerc\u00edcios como flex\u00e3o abdominal, corrida de 12 minutos e impuls\u00e3o horizontal.<\/li>\n<\/ul>\n<p>Para detalhes sobre o conte\u00fado program\u00e1tico de cada disciplina e os \u00edndices exigidos no TAF, \u00e9 imprescind\u00edvel consultar o edital oficial.<\/p>\n<h2>Resultados e Gabarito<\/h2>\n<p>O acompanhamento dos resultados \u00e9 parte crucial do processo. O gabarito preliminar da Prova Objetiva est\u00e1 previsto para ser divulgado em <strong>19 de janeiro de 2026<\/strong>, com o gabarito definitivo e as respostas aos recursos saindo em 03 de fevereiro de 2026.<\/p>\n<p>O resultado definitivo das provas objetivas est\u00e1 agendado para <strong>24 de fevereiro de 2026<\/strong>. Para os cargos que exigem etapas adicionais, como o TAF e a Prova de T\u00edtulos, os resultados finais dessas fases ocorrer\u00e3o no final de mar\u00e7o de 2026. A homologa\u00e7\u00e3o final do concurso, consolidando todas as etapas, est\u00e1 prevista para <strong>14 de abril de 2026<\/strong>.<\/p>\n<p>Em caso de empate na nota final, os crit\u00e9rios de desempate incluem: idade igual ou superior a 60 anos (Estatuto do Idoso), maior pontua\u00e7\u00e3o em Conhecimentos Espec\u00edficos, maior pontua\u00e7\u00e3o em L\u00edngua Portuguesa, maior idade (geral) e exerc\u00edcio efetivo da fun\u00e7\u00e3o de jurado.<\/p>\n<p>Lembramos que \u00e9 de <strong>inteira responsabilidade do candidato<\/strong> acompanhar as publica\u00e7\u00f5es oficiais, convoca\u00e7\u00f5es e avisos no site da FUNATEC e no Di\u00e1rio Oficial, garantindo o cumprimento de todos os prazos estipulados.<\/p>\n","protected":false},"excerpt":{"rendered":"<p>Concurso Pref. Vit\u00f3ria do Mearim (MA) com edital publicado! Vagas p\/ Professor e Guarda (Fund. a Sup.). Inscri\u00e7\u00f5es a partir de 20\/10. Sal\u00e1rios at\u00e9 R$4.8k. Confira!<\/p>\n","protected":false},"author":5229,"featured_media":274506,"comment_status":"open","ping_status":"open","sticky":false,"template":"","format":"standard","meta":{"_acf_changed":false,"_breakdance_hide_in_design_set":false,"_breakdance_tags":"","footnotes":""},"categories":[3,4,9,10,117,6434,19,111,100,20,6871,116,22,23,25,26,101],"tags":[49],"_amplo":[],"destaque":[],"instituicoes":[],"class_list":["post-274507","post","type-post","status-publish","format-standard","has-post-thumbnail","hentry","category-administracao","category-agronomia","category-ciencias-contabeis","category-direito","category-economia","category-educacao-fisica-licenciatura","category-fonoaudiologia","category-geografia","category-historia","category-letras","category-letras-ingles","category-matematica","category-veterinaria","category-nutricao","category-pedagogia","category-psicologia","category-servico-social","tag-maranhao"],"acf":{"_tipo_vagas":"vagas","_numero_vagas":"","_quadro_vagas":"","_cargos":"diversos","_cargos_especificos":"","_salario_max":"R$ 4867.77","_abertura":"20251020","_encerramento":"20251208","_inscricoes":"https:\/\/www.funatec.org.br","_executora_concurso":"","_instituicao_concurso":[],"_link_adicional":null,"_anexos":null,"_produtos":null,"_vagas":"228 vagas","_salario_min":"R$ 1518","_instituicao":"Prefeitura de Vit\u00f3ria do Mearim","_edital":"https:\/\/www.agrobase.com.br\/concursos\/wp-content\/uploads\/sites\/4\/2025\/12\/edital-001-2025-prefeitura-vitoria-do-mearim-ma.pdf","_anexos_edital":"","_fund_incompleto":"<div>\r\n<table class=\"quadro\">\r\n<thead>\r\n<tr>\r\n<th class=\"hcargo\">Cargo<\/th>\r\n<th class=\"hvagas\">Vagas<\/th>\r\n<th class=\"hremuneracao\">Remunera\u00e7\u00e3o<\/th>\r\n<\/tr>\r\n<\/thead>\r\n    <tbody>\r\n      <td class=\"ccargos\">\r\n<span data-balloon-length=\"medium\" aria-label=\"Ensino Fundamental Incompleto\" data-balloon-pos=\"up\">AUXILIAR DE SERVI\u00c7OS GERAIS<\/span><\/td>\r\n<td class=\"cvagas\">20<\/td>\r\n<td class=\"cremuneracao\">R$ 1.518,00 \/40h<\/td>\r\n<\/tr><td class=\"ccargos\">\r\n<span data-balloon-length=\"medium\" aria-label=\"Ensino Fundamental Incompleto\" data-balloon-pos=\"up\">AUXILIAR OPERACIONAL DE SERVI\u00c7OS DIVERSOS - AOSD<\/span><\/td>\r\n<td class=\"cvagas\">10<\/td>\r\n<td class=\"cremuneracao\">R$ 1.518,00 \/40h<\/td>\r\n<\/tr><td class=\"ccargos\">\r\n<span data-balloon-length=\"medium\" aria-label=\"Ensino Fundamental Incompleto\" data-balloon-pos=\"up\">MOTORISTA CATEGORIA B<\/span><\/td>\r\n<td class=\"cvagas\">04<\/td>\r\n<td class=\"cremuneracao\">R$ 1.518,00 \/40h<\/td>\r\n<\/tr><td class=\"ccargos\">\r\n<span data-balloon-length=\"medium\" aria-label=\"Ensino Fundamental Incompleto\" data-balloon-pos=\"up\">VIGIA<\/span><\/td>\r\n<td class=\"cvagas\">04<\/td>\r\n<td class=\"cremuneracao\">R$ 1.518,00 \/40h<\/td>\r\n<\/tr>\r\n    <\/tbody>\r\n  <\/table>\r\n<\/div>","_fund_completo":"","_medio":"<div>\r\n<table class=\"quadro\">\r\n<thead>\r\n<tr>\r\n<th class=\"hcargo\">Cargo<\/th>\r\n<th class=\"hvagas\">Vagas<\/th>\r\n<th class=\"hremuneracao\">Remunera\u00e7\u00e3o<\/th>\r\n<\/tr>\r\n<\/thead>\r\n    <tbody>\r\n      <td class=\"ccargos\">\r\n<span data-balloon-length=\"medium\" aria-label=\"Ensino M\u00e9dio Completo\" data-balloon-pos=\"up\">AUXILIAR ADMINISTRATIVO<\/span><\/td>\r\n<td class=\"cvagas\">20<\/td>\r\n<td class=\"cremuneracao\">R$ 1.518,00 \/40h<\/td>\r\n<\/tr><td class=\"ccargos\">\r\n<span data-balloon-length=\"medium\" aria-label=\"Ensino M\u00e9dio Completo\" data-balloon-pos=\"up\">AUXILIAR DE ALMOXARIFADO<\/span><\/td>\r\n<td class=\"cvagas\">04<\/td>\r\n<td class=\"cremuneracao\">R$ 1.518,00 \/40h<\/td>\r\n<\/tr><td class=\"ccargos\">\r\n<span data-balloon-length=\"medium\" aria-label=\"Ensino M\u00e9dio Completo\" data-balloon-pos=\"up\">AUXILIAR DE SALA DE AULA<\/span><\/td>\r\n<td class=\"cvagas\">42<\/td>\r\n<td class=\"cremuneracao\">R$ 1.518,00 \/40h<\/td>\r\n<\/tr><td class=\"ccargos\">\r\n<span data-balloon-length=\"medium\" aria-label=\"Ensino M\u00e9dio Completo\" data-balloon-pos=\"up\">FISCAL DE OBRAS<\/span><\/td>\r\n<td class=\"cvagas\">01<\/td>\r\n<td class=\"cremuneracao\">R$ 1.518,00 \/40h<\/td>\r\n<\/tr><td class=\"ccargos\">\r\n<span data-balloon-length=\"medium\" aria-label=\"Ensino M\u00e9dio Completo\" data-balloon-pos=\"up\">GUARDA MUNICIPAL<\/span><\/td>\r\n<td class=\"cvagas\">09<\/td>\r\n<td class=\"cremuneracao\">R$ 1.900,00 \/40h<\/td>\r\n<\/tr>\r\n    <\/tbody>\r\n  <\/table>\r\n<\/div>","_superior":"<div>\r\n<table class=\"quadro\">\r\n<thead>\r\n<tr>\r\n<th class=\"hcargo\">Cargo<\/th>\r\n<th class=\"hvagas\">Vagas<\/th>\r\n<th class=\"hremuneracao\">Remunera\u00e7\u00e3o<\/th>\r\n<\/tr>\r\n<\/thead>\r\n    <tbody>\r\n      <tr>\r\n<td class=\"ccargos\">\r\n<span data-balloon-length=\"medium\" aria-label=\"Ensino Superior Gradua\u00e7\u00e3o em Assist\u00eancia Social\" data-balloon-pos=\"up\">ASSISTENTE SOCIAL<\/span><\/td>\r\n<td class=\"cvagas\">01<\/td>\r\n<td class=\"cremuneracao\">R$ 2.000,00 \/30h<\/td>\r\n<\/tr><tr>\r\n<td class=\"ccargos\">\r\n<span data-balloon-length=\"medium\" aria-label=\"Ensino Superior Gradua\u00e7\u00e3o em Assist\u00eancia Social\" data-balloon-pos=\"up\">ASSISTENTE SOCIAL NA EDUCA\u00c7\u00c3O<\/span><\/td>\r\n<td class=\"cvagas\">01<\/td>\r\n<td class=\"cremuneracao\">R$ 2.000,00 \/30h<\/td>\r\n<\/tr><tr>\r\n<td class=\"ccargos\">\r\n<span data-balloon-length=\"medium\" aria-label=\"Ensino Superior Gradua\u00e7\u00e3o em Agronomia ou Engenharia Agron\u00f4mica\" data-balloon-pos=\"up\">ENGENHEIRO AGR\u00d4NOMO<\/span><\/td>\r\n<td class=\"cvagas\">01<\/td>\r\n<td class=\"cremuneracao\">R$ 3.200,00 \/40h<\/td>\r\n<\/tr><tr>\r\n<td class=\"ccargos\">\r\n<span data-balloon-length=\"medium\" aria-label=\"Ensino Superior Gradua\u00e7\u00e3o em Direito, Economia, Contabilidade ou Administra\u00e7\u00e3o\" data-balloon-pos=\"up\">FISCAL DE TRIBUTOS<\/span><\/td>\r\n<td class=\"cvagas\">01<\/td>\r\n<td class=\"cremuneracao\">R$ 4.000,00 \/40h<\/td>\r\n<\/tr><tr>\r\n<td class=\"ccargos\">\r\n<span data-balloon-length=\"medium\" aria-label=\"Ensino Superior Gradua\u00e7\u00e3o em Fonoaudiologia\" data-balloon-pos=\"up\">FONOAUDI\u00d3LOGO<\/span><\/td>\r\n<td class=\"cvagas\">01<\/td>\r\n<td class=\"cremuneracao\">R$ 3.000,00 \/40h<\/td>\r\n<\/tr><tr>\r\n<td class=\"ccargos\">\r\n<span data-balloon-length=\"medium\" aria-label=\"Forma\u00e7\u00e3o em interpreta\u00e7\u00e3o e tradu\u00e7\u00e3o de Libras\" data-balloon-pos=\"up\">INT\u00c9RPRETE DE LIBRAS<\/span><\/td>\r\n<td class=\"cvagas\">02<\/td>\r\n<td class=\"cremuneracao\">R$ 1.800,00 \/40h<\/td>\r\n<\/tr><tr>\r\n<td class=\"ccargos\">\r\n<span data-balloon-length=\"medium\" aria-label=\"Ensino Superior Gradua\u00e7\u00e3o em Medicina Veterin\u00e1ria\" data-balloon-pos=\"up\">M\u00c9DICO VETERIN\u00c1RIO<\/span><\/td>\r\n<td class=\"cvagas\">01<\/td>\r\n<td class=\"cremuneracao\">R$ 3.200,00 \/40h<\/td>\r\n<\/tr><tr>\r\n<td class=\"ccargos\">\r\n<span data-balloon-length=\"medium\" aria-label=\"Ensino Superior Gradua\u00e7\u00e3o em Nutri\u00e7\u00e3o\" data-balloon-pos=\"up\">NUTRICIONISTA<\/span><\/td>\r\n<td class=\"cvagas\">01<\/td>\r\n<td class=\"cremuneracao\">R$ 3.000,00 \/40h<\/td>\r\n<\/tr><tr>\r\n<td class=\"ccargos\">\r\n<span data-balloon-length=\"medium\" aria-label=\"Magist\u00e9rio ou Licenciatura em Pedagogia ou Normal Superior\" data-balloon-pos=\"up\">PROFESSOR DE EDUCA\u00c7\u00c3O INFANTIL<\/span><\/td>\r\n<td class=\"cvagas\">35<\/td>\r\n<td class=\"cremuneracao\">R$ 4.867,77 \/40h<\/td>\r\n<\/tr><tr>\r\n<td class=\"ccargos\">\r\n<span data-balloon-length=\"medium\" aria-label=\"a) Licenciatura em: Letras, habilita\u00e7\u00e3o em L\u00edngua Portuguesa \/ Letras - L\u00edngua e Literatura Portuguesa \/ Letras - L\u00edngua Portuguesa e habilita\u00e7\u00f5es de l\u00edngua estrangeiras\/ Letras - L\u00edngua Portuguesa e Literaturas de L\u00edngua Portuguesa \/ Letras Modernas - Portugu\u00eas\/ Ingl\u00eas e respectivas Literaturas \/ Letras, habilita\u00e7\u00e3o em Tradu\u00e7\u00e3o e Int\u00e9rprete L\u00edngua Portuguesa; b) Licenciatura em: Linguagens e C\u00f3digos, habilita\u00e7\u00e3o em L\u00edngua Portuguesa Linguagens e C\u00f3digos - L\u00edngua Portuguesa \/ Linguagem e Comunica\u00e7\u00e3o \/ Linguagens e C\u00f3digos; c) Licenciatura em: Educa\u00e7\u00e3o do Campo, habilita\u00e7\u00e3o em L\u00edngua Portuguesa \/Educa\u00e7\u00e3o do Campo - Linguagens e C\u00f3digos; d) Licenciatura em Letras: com habilita\u00e7\u00e3o em Libras (l\u00edngua para surdos) e L\u00edngua Portuguesa\" data-balloon-pos=\"up\">PROFESSOR DE L\u00cdNGUA PORTUGUESA ENSINO FUNDAMENTAL \u2013 ANOS FINAIS<\/span><\/td>\r\n<td class=\"cvagas\">07<\/td>\r\n<td class=\"cremuneracao\">R$ 4.867,77 \/40h<\/td>\r\n<\/tr><tr>\r\n<td class=\"ccargos\">\r\n<span data-balloon-length=\"medium\" aria-label=\"a) Licenciatura em Matem\u00e1tica; b) Licenciatura em Ci\u00eancias Exatas, habilita\u00e7\u00e3o em Matem\u00e1tica; c) Licenciatura em Computa\u00e7\u00e3o, habilita\u00e7\u00e3o em Matem\u00e1tica; d) Licenciatura em F\u00edsica, com Habilita\u00e7\u00e3o em Matem\u00e1tica; e) Licenciatura em Qu\u00edmica, com Habilita\u00e7\u00e3o em Matem\u00e1tica; f) Licenciatura em Ci\u00eancias, habilita\u00e7\u00e3o em Matem\u00e1tica; g) Licenciatura em Ci\u00eancias Naturais e Matem\u00e1tica; h) Licenciatura em Ci\u00eancias Biol\u00f3gicas, com Habilita\u00e7\u00e3o em Matem\u00e1tica; i) Licenciatura em Educa\u00e7\u00e3o do Campo, habilita\u00e7\u00e3o em Matem\u00e1tica\" data-balloon-pos=\"up\">PROFESSOR DE MATEM\u00c1TICA ENSINO FUNDAMENTAL \u2013 ANOS FINAIS<\/span><\/td>\r\n<td class=\"cvagas\">06<\/td>\r\n<td class=\"cremuneracao\">R$ 4.867,77 \/40h<\/td>\r\n<\/tr><tr>\r\n<td class=\"ccargos\">\r\n<span data-balloon-length=\"medium\" aria-label=\"a) Licenciatura espec\u00edfica na L\u00edngua Estrangeira; b) Licenciatura em Letras, com Habilita\u00e7\u00e3o em Tradu\u00e7\u00e3o e Int\u00e9rprete Portugu\u00eas e L\u00edngua Estrangeira\" data-balloon-pos=\"up\">PROFESSOR DE INGL\u00caS ENSINO FUNDAMENTAL \u2013 ANOS FINAIS<\/span><\/td>\r\n<td class=\"cvagas\">06<\/td>\r\n<td class=\"cremuneracao\">R$ 4.867,77 \/40h<\/td>\r\n<\/tr><tr>\r\n<td class=\"ccargos\">\r\n<span data-balloon-length=\"medium\" aria-label=\"Licenciatura em Educa\u00e7\u00e3o F\u00edsica\" data-balloon-pos=\"up\">PROFESSOR DE EDUCA\u00c7\u00c3O F\u00cdSICA ENSINO FUNDAMENTAL \u2013 ANOS FINAIS<\/span><\/td>\r\n<td class=\"cvagas\">02<\/td>\r\n<td class=\"cremuneracao\">R$ 4.867,77 \/40h<\/td>\r\n<\/tr><tr>\r\n<td class=\"ccargos\">\r\n<span data-balloon-length=\"medium\" aria-label=\"a) Licenciatura em Hist\u00f3ria; b) Licenciatura Integrada em Hist\u00f3ria e Geografia; c) Licenciatura Interdisciplinar em Ci\u00eancias Humanas e Sociais e suas Tecnologias; d) Licenciatura e Estudos Sociais, habilita\u00e7\u00e3o em Hist\u00f3ria; e) Licenciatura e Ci\u00eancias Sociais, habilita\u00e7\u00e3o em Hist\u00f3ria; f) Licenciatura em Ci\u00eancias Humanas - Hist\u00f3ria; g) Licenciatura em Geografia, com Habilita\u00e7\u00e3o em Hist\u00f3ria; h) Licenciatura Intercultural - Ci\u00eancias Sociais\" data-balloon-pos=\"up\">PROFESSOR DE HIST\u00d3RIA ENSINO FUNDAMENTAL \u2013 ANOS FINAIS<\/span><\/td>\r\n<td class=\"cvagas\">06<\/td>\r\n<td class=\"cremuneracao\">R$ 4.867,77 \/40h<\/td>\r\n<\/tr><tr>\r\n<td class=\"ccargos\">\r\n<span data-balloon-length=\"medium\" aria-label=\"a) Licenciatura em Geografia; b) Licenciatura Integrada em Hist\u00f3ria e Geografia; c) Licenciatura Interdisciplinar em Ci\u00eancias Humanas e Sociais e suas Tecnologias; d) Licenciatura em Geografia, com Habilita\u00e7\u00e3o em Hist\u00f3ria; e) Licenciatura em Estudos Sociais, habilita\u00e7\u00e3o em Geografia; f) Licenciatura em Ci\u00eancias Sociais, habilita\u00e7\u00e3o em Geografia; g) Licenciatura em Ci\u00eancias Humanas - Geografia; h) Licenciatura em Hist\u00f3ria, com Habilita\u00e7\u00e3o em Geografia; i) Licenciatura Intercultural - Ci\u00eancias Sociais\" data-balloon-pos=\"up\">PROFESSOR DE GEOGRAFIA ENSINO FUNDAMENTAL \u2013 ANOS FINAIS<\/span><\/td>\r\n<td class=\"cvagas\">06<\/td>\r\n<td class=\"cremuneracao\">R$ 4.867,77 \/40h<\/td>\r\n<\/tr><tr>\r\n<td class=\"ccargos\">\r\n<span data-balloon-length=\"medium\" aria-label=\"Ensino Superior completo em Pedagogia ou Normal Superior\" data-balloon-pos=\"up\">PROFESSOR DE ENSINO FUNDAMENTAL \u2013 ANOS INICIAIS<\/span><\/td>\r\n<td class=\"cvagas\">35<\/td>\r\n<td class=\"cremuneracao\">R$ 4.867,77 \/40h<\/td>\r\n<\/tr><tr>\r\n<td class=\"ccargos\">\r\n<span data-balloon-length=\"medium\" aria-label=\"Ensino Superior Gradua\u00e7\u00e3o em Psicologia\" data-balloon-pos=\"up\">PSIC\u00d3LOGO ESCOLAR\/EDUCACIONAL<\/span><\/td>\r\n<td class=\"cvagas\">01<\/td>\r\n<td class=\"cremuneracao\">R$ 2.000,00 \/40h<\/td>\r\n<\/tr><tr>\r\n<td class=\"ccargos\">\r\n<span data-balloon-length=\"medium\" aria-label=\"Licenciatura Plena em Pedagogia\" data-balloon-pos=\"up\">PSICOPEDAGOGO<\/span><\/td>\r\n<td class=\"cvagas\">01<\/td>\r\n<td class=\"cremuneracao\">R$ 2.557,00 \/40h<\/td>\r\n<\/tr>\r\n    <\/tbody>\r\n  <\/table>\r\n<\/div>"},"_links":{"self":[{"href":"https:\/\/www.agrobase.com.br\/concursos\/wp-json\/wp\/v2\/posts\/274507","targetHints":{"allow":["GET"]}}],"collection":[{"href":"https:\/\/www.agrobase.com.br\/concursos\/wp-json\/wp\/v2\/posts"}],"about":[{"href":"https:\/\/www.agrobase.com.br\/concursos\/wp-json\/wp\/v2\/types\/post"}],"author":[{"embeddable":true,"href":"https:\/\/www.agrobase.com.br\/concursos\/wp-json\/wp\/v2\/users\/5229"}],"replies":[{"embeddable":true,"href":"https:\/\/www.agrobase.com.br\/concursos\/wp-json\/wp\/v2\/comments?post=274507"}],"version-history":[{"count":4,"href":"https:\/\/www.agrobase.com.br\/concursos\/wp-json\/wp\/v2\/posts\/274507\/revisions"}],"predecessor-version":[{"id":274517,"href":"https:\/\/www.agrobase.com.br\/concursos\/wp-json\/wp\/v2\/posts\/274507\/revisions\/274517"}],"wp:featuredmedia":[{"embeddable":true,"href":"https:\/\/www.agrobase.com.br\/concursos\/wp-json\/wp\/v2\/media\/274506"}],"wp:attachment":[{"href":"https:\/\/www.agrobase.com.br\/concursos\/wp-json\/wp\/v2\/media?parent=274507"}],"wp:term":[{"taxonomy":"category","embeddable":true,"href":"https:\/\/www.agrobase.com.br\/concursos\/wp-json\/wp\/v2\/categories?post=274507"},{"taxonomy":"post_tag","embeddable":true,"href":"https:\/\/www.agrobase.com.br\/concursos\/wp-json\/wp\/v2\/tags?post=274507"},{"taxonomy":"_amplo","embeddable":true,"href":"https:\/\/www.agrobase.com.br\/concursos\/wp-json\/wp\/v2\/_amplo?post=274507"},{"taxonomy":"destaque","embeddable":true,"href":"https:\/\/www.agrobase.com.br\/concursos\/wp-json\/wp\/v2\/destaque?post=274507"},{"taxonomy":"instituicoes","embeddable":true,"href":"https:\/\/www.agrobase.com.br\/concursos\/wp-json\/wp\/v2\/instituicoes?post=274507"}],"curies":[{"name":"wp","href":"https:\/\/api.w.org\/{rel}","templated":true}]}}