{"id":274474,"date":"2025-12-02T07:15:58","date_gmt":"2025-12-02T10:15:58","guid":{"rendered":"https:\/\/www.agrobase.com.br\/concursos\/?p=274474"},"modified":"2025-12-01T16:54:43","modified_gmt":"2025-12-01T19:54:43","slug":"prefeitura-nova-lima-mg-selecao-simplificada-02-2025","status":"publish","type":"post","link":"https:\/\/www.agrobase.com.br\/concursos\/2025\/prefeitura-nova-lima-mg-selecao-simplificada-02-2025\/","title":{"rendered":"Prefeitura Nova Lima (MG) &#8211; Sele\u00e7\u00e3o Simplificada 02\/2025"},"content":{"rendered":"<h2>Informa\u00e7\u00f5es Gerais<\/h2>\n<p>O <strong>Munic\u00edpio de Nova Lima\/MG<\/strong>, em parceria com o <strong>Instituto Brasileiro de Gest\u00e3o e Pesquisa (IBGP)<\/strong>, publicou o edital para a realiza\u00e7\u00e3o de um novo Processo Seletivo Simplificado. O certame tem como objetivo a contrata\u00e7\u00e3o tempor\u00e1ria de profissionais para atender a necessidades excepcionais de interesse p\u00fablico, al\u00e9m da forma\u00e7\u00e3o de cadastro reserva. As oportunidades contemplam candidatos com n\u00edveis <strong>M\u00e9dio, T\u00e9cnico e Superior<\/strong>.<\/p>\n<p>Ao todo, s\u00e3o ofertadas <strong>123 vagas imediatas<\/strong> distribu\u00eddas entre diversos setores da administra\u00e7\u00e3o municipal. H\u00e1 oportunidades para \u00e1reas administrativas, de sa\u00fade, engenharia e servi\u00e7os p\u00fablicos. Merecem destaque especial as vagas destinadas \u00e0s \u00e1reas de <strong>Nutri\u00e7\u00e3o, Medicina Veterin\u00e1ria, Bioqu\u00edmica, Engenharia Ambiental, Engenharia de Agrimensura e T\u00e9cnico em Agropecu\u00e1ria<\/strong>, que oferecem remunera\u00e7\u00f5es atrativas e a possibilidade de atuar diretamente no desenvolvimento local.<\/p>\n<p>A sele\u00e7\u00e3o ter\u00e1 validade de um ano, podendo ser prorrogada por igual per\u00edodo. Se voc\u00ea busca uma oportunidade de ingresso no servi\u00e7o p\u00fablico municipal, confira a seguir os detalhes sobre prazos, etapas e requisitos.<\/p>\n<h2>Inscri\u00e7\u00f5es<\/h2>\n<p>As inscri\u00e7\u00f5es para o Processo Seletivo Simplificado de Nova Lima\/MG devem ser realizadas exclusivamente pela internet, no site da banca organizadora, o <strong>IBGP<\/strong>. O per\u00edodo para cadastro inicia-se \u00e0s <strong>09h do dia 10 de novembro de 2025<\/strong> e segue aberto at\u00e9 \u00e0s <strong>16h do dia 04 de dezembro de 2025<\/strong>.<\/p>\n<p>Para confirmar a participa\u00e7\u00e3o, o candidato deve gerar o boleto banc\u00e1rio e efetuar o pagamento da taxa de inscri\u00e7\u00e3o. Os valores foram definidos de acordo com o n\u00edvel de escolaridade do cargo pretendido:<\/p>\n<ul>\n<li><strong>N\u00edvel M\u00e9dio\/T\u00e9cnico:<\/strong> R$ 50,00<\/li>\n<li><strong>N\u00edvel Superior:<\/strong> R$ 85,00<\/li>\n<\/ul>\n<p>O pagamento do boleto deve ser realizado impreterivelmente at\u00e9 o dia <strong>05 de dezembro de 2025<\/strong>, respeitando os hor\u00e1rios de compensa\u00e7\u00e3o banc\u00e1ria. Candidatos que se enquadrem nos crit\u00e9rios legais para isen\u00e7\u00e3o da taxa devem consultar o edital para verificar os prazos e procedimentos espec\u00edficos para a solicita\u00e7\u00e3o do benef\u00edcio.<\/p>\n<p>Ap\u00f3s a inscri\u00e7\u00e3o, \u00e9 fundamental que o candidato acompanhe a confirma\u00e7\u00e3o do pagamento e a homologa\u00e7\u00e3o de sua candidatura atrav\u00e9s da <em>\u00c1rea do Candidato<\/em> no site da organizadora. Recomendamos a leitura atenta do edital completo antes de efetivar o cadastro.<\/p>\n<h2>Etapas e Provas<\/h2>\n<p>A avalia\u00e7\u00e3o dos candidatos ser\u00e1 composta por etapas distintas, variando conforme a natureza do cargo, mas com uma base comum de avalia\u00e7\u00e3o te\u00f3rica. A aplica\u00e7\u00e3o das provas est\u00e1 prevista para o dia <strong>25 de janeiro de 2026 (domingo)<\/strong>, nos turnos da manh\u00e3 e da tarde, na cidade de Nova Lima\/MG.<\/p>\n<p>O processo seletivo compreender\u00e1 as seguintes fases:<\/p>\n<ul>\n<li><strong>Prova Objetiva de M\u00faltipla Escolha:<\/strong> De car\u00e1ter eliminat\u00f3rio e classificat\u00f3rio, aplic\u00e1vel a todos os cargos. A prova conter\u00e1 quest\u00f5es com 04 (quatro) alternativas de resposta.<\/li>\n<li><strong>Prova Discursiva (Reda\u00e7\u00e3o):<\/strong> De car\u00e1ter eliminat\u00f3rio e classificat\u00f3rio. O candidato dever\u00e1 redigir um texto dissertativo entre 20 e 30 linhas. Esta etapa ser\u00e1 aplicada juntamente com a prova objetiva e ter\u00e1 dura\u00e7\u00e3o total conjunta de 3h30min.<\/li>\n<li><strong>Procedimento de Heteroidentifica\u00e7\u00e3o:<\/strong> Exclusivo para candidatos autodeclarados negros (pretos ou pardos), de car\u00e1ter eliminat\u00f3rio (deferido\/indeferido).<\/li>\n<\/ul>\n<p>Para a realiza\u00e7\u00e3o das provas, o candidato deve comparecer ao local com anteced\u00eancia m\u00ednima de 60 minutos, portando documento de identidade original com foto e caneta esferogr\u00e1fica de tinta azul ou preta em material transparente. Para detalhes sobre o conte\u00fado program\u00e1tico e crit\u00e9rios de pontua\u00e7\u00e3o espec\u00edficos, consulte o edital oficial.<\/p>\n<h2>Resultados e Gabarito<\/h2>\n<p>A divulga\u00e7\u00e3o dos gabaritos e dos resultados seguir\u00e1 o cronograma oficial estabelecido pelo IBGP. Para ser considerado aprovado na <strong>Prova Objetiva<\/strong>, o candidato deve obter o aproveitamento m\u00ednimo de <strong>50%<\/strong> da maior nota obtida no cargo (para N\u00edvel M\u00e9dio\/T\u00e9cnico) ou <strong>60%<\/strong> (para N\u00edvel Superior). J\u00e1 na <strong>Prova Discursiva<\/strong>, a aprova\u00e7\u00e3o exige nota m\u00ednima de <strong>60%<\/strong> dos pontos atribu\u00eddos.<\/p>\n<p>A classifica\u00e7\u00e3o final ser\u00e1 determinada pela soma das notas obtidas nas etapas objetiva e discursiva. Em caso de empate, ser\u00e3o aplicados crit\u00e9rios como idade igual ou superior a 60 anos, maior nota em Conhecimentos Espec\u00edficos, L\u00edngua Portuguesa, entre outros previstos em edital.<\/p>\n<p>O resultado final ser\u00e1 homologado pelo Prefeito Municipal e publicado nos sites do IBGP e da Prefeitura de Nova Lima. A convoca\u00e7\u00e3o para contrata\u00e7\u00e3o obedecer\u00e1 rigorosamente \u00e0 ordem de classifica\u00e7\u00e3o e \u00e0 necessidade da administra\u00e7\u00e3o. \u00c9 de <strong>inteira responsabilidade do candidato<\/strong> acompanhar as publica\u00e7\u00f5es de todos os atos, editais e comunicados referentes a este certame no site da banca organizadora e no Di\u00e1rio Oficial.<\/p>\n","protected":false},"excerpt":{"rendered":"<p>Proc. Seletivo Pref. Nova Lima (MG) com edital publicado! Vagas p\/ T\u00e9cnico Enfermagem e M\u00e9dico (M\u00e9dio\/T\u00e9c. e Sup.). Inscri\u00e7\u00f5es a partir de 10\/11. Confira detalhes!<\/p>\n","protected":false},"author":5229,"featured_media":274473,"comment_status":"open","ping_status":"open","sticky":false,"template":"","format":"standard","meta":{"_acf_changed":false,"_breakdance_hide_in_design_set":false,"_breakdance_tags":"","footnotes":""},"categories":[3,5,6,7,106,126,9,117,12,13,14,151,6048,152,17,18,19,111,115,21,22,23,24,25,26,27,101,30,31,128,108,130,143,157,159,134],"tags":[50],"_amplo":[],"destaque":[],"instituicoes":[],"class_list":["post-274474","post","type-post","status-publish","format-standard","has-post-thumbnail","hentry","category-administracao","category-arquitetura","category-biologia","category-biomedicina","category-bioquimica","category-ciencia-computacao","category-ciencias-contabeis","category-economia","category-enfermagem","category-engenharia-ambiental","category-engenharia","category-engenharia-computacao","category-engenharia-de-agrimensura","category-engenharia-seguranca-trabalho","category-farmacia","category-fisioterapia","category-fonoaudiologia","category-geografia","category-geologia","category-medicina","category-veterinaria","category-nutricao","category-odontologia","category-pedagogia","category-psicologia","category-quimica","category-servico-social","category-tecnico-agropecuaria","category-tecnico-ambiental","category-tecnico-em-contabilidade","category-tecnico-enfermagem","category-tecnico-informatica","category-tecnico-odontologia","category-tecnico-seguranca-trabalho","category-tecnologia-da-informacao","category-terapia-ocupacional","tag-minas-gerais"],"acf":{"_tipo_vagas":"vagas","_numero_vagas":"","_quadro_vagas":"","_cargos":"diversos","_cargos_especificos":"","_salario_max":"R$ 20648","_abertura":"20251110","_encerramento":"20251204","_inscricoes":"https:\/\/www.ibgpconcursos.com.br","_executora_concurso":"","_instituicao_concurso":[],"_link_adicional":null,"_anexos":null,"_produtos":null,"_vagas":"123 vagas","_salario_min":"R$ 2286","_instituicao":"Prefeitura Nova Lima","_edital":"https:\/\/www.agrobase.com.br\/concursos\/wp-content\/uploads\/sites\/4\/2025\/12\/edital-02-2025-prefeitura-nova-lima-mg.pdf","_anexos_edital":"","_fund_incompleto":"","_fund_completo":"","_medio":"<div>\r\n<table class=\"quadro\">\r\n<thead>\r\n<tr>\r\n<th class=\"hcargo\">Cargo<\/th>\r\n<th class=\"hvagas\">Vagas<\/th>\r\n<th class=\"hremuneracao\">Remunera\u00e7\u00e3o<\/th>\r\n<\/tr>\r\n<\/thead>\r\n    <tbody>\r\n      <td class=\"ccargos\">\r\n<span data-balloon-length=\"medium\" aria-label=\"Ensino M\u00e9dio Completo.\" data-balloon-pos=\"up\">ASSISTENTE ADMINISTRATIVO<\/span><\/td>\r\n<td class=\"cvagas\">01<\/td>\r\n<td class=\"cremuneracao\">R$ 2.432,00 \/40h<\/td>\r\n<\/tr><td class=\"ccargos\">\r\n<span data-balloon-length=\"medium\" aria-label=\"Ensino M\u00e9dio Completo; Curso T\u00e9cnico em Enfermagem e Registro no COREN\" data-balloon-pos=\"up\">T\u00c9CNICO DE ENFERMAGEM<\/span><\/td>\r\n<td class=\"cvagas\">04<\/td>\r\n<td class=\"cremuneracao\">R$ 3.129,00 \/40h<\/td>\r\n<\/tr><td class=\"ccargos\">\r\n<span data-balloon-length=\"medium\" aria-label=\"Ensino M\u00e9dio Completo; Curso T\u00e9cnico em Enfermagem e Registro no COREN\" data-balloon-pos=\"up\">T\u00c9CNICO DE ENFERMAGEM PSF<\/span><\/td>\r\n<td class=\"cvagas\">05<\/td>\r\n<td class=\"cremuneracao\">R$ 3.129,00 \/40h<\/td>\r\n<\/tr><td class=\"ccargos\">\r\n<span data-balloon-length=\"medium\" aria-label=\"Ensino M\u00e9dio Completo e Curso T\u00e9cnico em Agropecu\u00e1ria\" data-balloon-pos=\"up\">T\u00c9CNICO DE SERVI\u00c7O P\u00daBLICO \u2013 AGROPECU\u00c1RIA<\/span><\/td>\r\n<td class=\"cvagas\">01<\/td>\r\n<td class=\"cremuneracao\">R$ 2.919,00 \/40h<\/td>\r\n<\/tr><td class=\"ccargos\">\r\n<span data-balloon-length=\"medium\" aria-label=\"Ensino M\u00e9dio Completo e Curso T\u00e9cnico em Meio Ambiente.\" data-balloon-pos=\"up\">T\u00c9CNICO DE SERVI\u00c7O P\u00daBLICO - AMBIENTAL<\/span><\/td>\r\n<td class=\"cvagas\">01<\/td>\r\n<td class=\"cremuneracao\">R$ 2.919,00 \/40h<\/td>\r\n<\/tr><td class=\"ccargos\">\r\n<span data-balloon-length=\"medium\" aria-label=\"Ensino M\u00e9dio Completo e Curso T\u00e9cnico em Contabilidade.\" data-balloon-pos=\"up\">T\u00c9CNICO DE SERVI\u00c7O P\u00daBLICO - CONTABILIDADE<\/span><\/td>\r\n<td class=\"cvagas\">10<\/td>\r\n<td class=\"cremuneracao\">R$ 2.919,00 \/40h<\/td>\r\n<\/tr><td class=\"ccargos\">\r\n<span data-balloon-length=\"medium\" aria-label=\"Ensino M\u00e9dio Completo e Curso T\u00e9cnico em Edifica\u00e7\u00e3o.\" data-balloon-pos=\"up\">T\u00c9CNICO DE SERVI\u00c7O P\u00daBLICO - EDIFICA\u00c7\u00d5ES<\/span><\/td>\r\n<td class=\"cvagas\">01<\/td>\r\n<td class=\"cremuneracao\">R$ 2.919,00 \/40h<\/td>\r\n<\/tr><td class=\"ccargos\">\r\n<span data-balloon-length=\"medium\" aria-label=\"Ensino M\u00e9dio Completo e Curso T\u00e9cnico em Estradas.\" data-balloon-pos=\"up\">T\u00c9CNICO DE SERVI\u00c7O P\u00daBLICO - ESTRADAS<\/span><\/td>\r\n<td class=\"cvagas\">01<\/td>\r\n<td class=\"cremuneracao\">R$ 2.919,00 \/40h<\/td>\r\n<\/tr><td class=\"ccargos\">\r\n<span data-balloon-length=\"medium\" aria-label=\"Ensino M\u00e9dio Completo e Curso T\u00e9cnico em Inform\u00e1tica.\" data-balloon-pos=\"up\">T\u00c9CNICO DE SERVI\u00c7O P\u00daBLICO - INFORM\u00c1TICA<\/span><\/td>\r\n<td class=\"cvagas\">01<\/td>\r\n<td class=\"cremuneracao\">R$ 2.919,00 \/40h<\/td>\r\n<\/tr><td class=\"ccargos\">\r\n<span data-balloon-length=\"medium\" aria-label=\"Ensino M\u00e9dio Completo e Curso T\u00e9cnico em Seguran\u00e7a do Trabalho.\" data-balloon-pos=\"up\">T\u00c9CNICO DE SERVI\u00c7O P\u00daBLICO - SEG. TRABALHO<\/span><\/td>\r\n<td class=\"cvagas\">03<\/td>\r\n<td class=\"cremuneracao\">R$ 2.919,00 \/40h<\/td>\r\n<\/tr><td class=\"ccargos\">\r\n<span data-balloon-length=\"medium\" aria-label=\"Ensino M\u00e9dio Completo e Curso T\u00e9cnico em Farm\u00e1cia e Registro CRF.\" data-balloon-pos=\"up\">T\u00c9CNICO EM FARM\u00c1CIA<\/span><\/td>\r\n<td class=\"cvagas\">02<\/td>\r\n<td class=\"cremuneracao\">R$ 2.925,00 \/40h<\/td>\r\n<\/tr><td class=\"ccargos\">\r\n<span data-balloon-length=\"medium\" aria-label=\"Ensino M\u00e9dio Completo e Curso T\u00e9cnico em An\u00e1lises Cl\u00ednicas\/ Patologia Cl\u00ednica e Registro CRF.\" data-balloon-pos=\"up\">T\u00c9CNICO EM PATOLOGIA<\/span><\/td>\r\n<td class=\"cvagas\">02<\/td>\r\n<td class=\"cremuneracao\">R$ 2.925,00 \/40h<\/td>\r\n<\/tr><td class=\"ccargos\">\r\n<span data-balloon-length=\"medium\" aria-label=\"Ensino M\u00e9dio Completo e Curso T\u00e9cnico em Radiologia e Registro CRTR.\" data-balloon-pos=\"up\">T\u00c9CNICO EM RADIOLOGIA<\/span><\/td>\r\n<td class=\"cvagas\">02<\/td>\r\n<td class=\"cremuneracao\">R$ 2.286,00 \/24h<\/td>\r\n<\/tr><td class=\"ccargos\">\r\n<span data-balloon-length=\"medium\" aria-label=\"Ensino M\u00e9dio Completo e Curso T\u00e9cnico em Sa\u00fade Bucal e Registro CRO.\" data-balloon-pos=\"up\">T\u00c9CNICO EM SA\u00daDE BUCAL<\/span><\/td>\r\n<td class=\"cvagas\">01<\/td>\r\n<td class=\"cremuneracao\">R$ 2.925,00 \/40h<\/td>\r\n<\/tr>\r\n    <\/tbody>\r\n  <\/table>\r\n<\/div>","_superior":"<div>\r\n<table class=\"quadro\">\r\n<thead>\r\n<tr>\r\n<th class=\"hcargo\">Cargo<\/th>\r\n<th class=\"hvagas\">Vagas<\/th>\r\n<th class=\"hremuneracao\">Remunera\u00e7\u00e3o<\/th>\r\n<\/tr>\r\n<\/thead>\r\n    <tbody>\r\n      <tr>\r\n<td class=\"ccargos\">\r\n<span data-balloon-length=\"medium\" aria-label=\"Ensino Superior em Administra\u00e7\u00e3o ou Administra\u00e7\u00e3o P\u00fablica.\" data-balloon-pos=\"up\">ANALISTA DE GEST\u00c3O P\u00daBLICA - ADMINISTRA\u00c7\u00c3O<\/span><\/td>\r\n<td class=\"cvagas\">09<\/td>\r\n<td class=\"cremuneracao\">R$ 5.572,00 \/40h<\/td>\r\n<\/tr><tr>\r\n<td class=\"ccargos\">\r\n<span data-balloon-length=\"medium\" aria-label=\"Ensino Superior em Ci\u00eancia Cont\u00e1beis e registro no \u00f3rg\u00e3o de classe.\" data-balloon-pos=\"up\">ANALISTA DE GEST\u00c3O P\u00daBLICA - CI\u00caNCIAS CONT\u00c1BEIS<\/span><\/td>\r\n<td class=\"cvagas\">04<\/td>\r\n<td class=\"cremuneracao\">R$ 5.572,00 \/40h<\/td>\r\n<\/tr><tr>\r\n<td class=\"ccargos\">\r\n<span data-balloon-length=\"medium\" aria-label=\"Ensino Superior em Economia.\" data-balloon-pos=\"up\">ANALISTA DE GEST\u00c3O P\u00daBLICA - CI\u00caNCIAS ECON\u00d4MICAS<\/span><\/td>\r\n<td class=\"cvagas\">01<\/td>\r\n<td class=\"cremuneracao\">R$ 5.572,00 \/40h<\/td>\r\n<\/tr><tr>\r\n<td class=\"ccargos\">\r\n<span data-balloon-length=\"medium\" aria-label=\"Ensino superior nas \u00e1reas relacionadas \u00e0 tecnologia da informa\u00e7\u00e3o, como Ci\u00eancia da Computa\u00e7\u00e3o, Engenharia de Software ou Sistemas de Informa\u00e7\u00e3o.\" data-balloon-pos=\"up\">ANALISTA DE GEST\u00c3O P\u00daBLICA \u2013 TECNOLOGIA DA INFORMA\u00c7\u00c3O<\/span><\/td>\r\n<td class=\"cvagas\">06<\/td>\r\n<td class=\"cremuneracao\">R$ 5.572,00 \/40h<\/td>\r\n<\/tr><tr>\r\n<td class=\"ccargos\">\r\n<span data-balloon-length=\"medium\" aria-label=\"Ensino Superior em Arquitetura e Urbanismo e registro no \u00f3rg\u00e3o de classe.\" data-balloon-pos=\"up\">ARQUITETO<\/span><\/td>\r\n<td class=\"cvagas\">01<\/td>\r\n<td class=\"cremuneracao\">R$ 7.780,00 \/30h<\/td>\r\n<\/tr><tr>\r\n<td class=\"ccargos\">\r\n<span data-balloon-length=\"medium\" aria-label=\"Ensino Superior em Servi\u00e7o Social e registro no \u00f3rg\u00e3o de classe.\" data-balloon-pos=\"up\">ASSISTENTE SOCIAL<\/span><\/td>\r\n<td class=\"cvagas\">01<\/td>\r\n<td class=\"cremuneracao\">R$ 4.179,00 \/30h<\/td>\r\n<\/tr><tr>\r\n<td class=\"ccargos\">\r\n<span data-balloon-length=\"medium\" aria-label=\"Ensino superior completo em Ci\u00eancias Biol\u00f3gicas, Qu\u00edmica, Biomedicina ou Bioqu\u00edmica com registro no \u00d3rg\u00e3o de Classe competente.\" data-balloon-pos=\"up\">BIOQU\u00cdMICO<\/span><\/td>\r\n<td class=\"cvagas\">01<\/td>\r\n<td class=\"cremuneracao\">R$ 4.179,00 \/30h<\/td>\r\n<\/tr><tr>\r\n<td class=\"ccargos\">\r\n<span data-balloon-length=\"medium\" aria-label=\"Ensino superior em Enfermagem, com registro no \u00d3rg\u00e3o de Classe competente.\" data-balloon-pos=\"up\">ENFERMEIRO<\/span><\/td>\r\n<td class=\"cvagas\">05<\/td>\r\n<td class=\"cremuneracao\">R$ 4.469,00 \/40h<\/td>\r\n<\/tr><tr>\r\n<td class=\"ccargos\">\r\n<span data-balloon-length=\"medium\" aria-label=\"Ensino superior completo em Enfermagem, com registro no \u00d3rg\u00e3o de Classe competente.\" data-balloon-pos=\"up\">ENFERMEIRO OCUPACIONAL<\/span><\/td>\r\n<td class=\"cvagas\">03<\/td>\r\n<td class=\"cremuneracao\">R$ 3.352,00 \/30h<\/td>\r\n<\/tr><tr>\r\n<td class=\"ccargos\">\r\n<span data-balloon-length=\"medium\" aria-label=\"Ensino superior em Enfermagem, com registro no respectivo Conselho\" data-balloon-pos=\"up\">ENFERMEIRO PSF<\/span><\/td>\r\n<td class=\"cvagas\">05<\/td>\r\n<td class=\"cremuneracao\">R$ 7.151,00 \/40h<\/td>\r\n<\/tr><tr>\r\n<td class=\"ccargos\">\r\n<span data-balloon-length=\"medium\" aria-label=\"Ensino Superior em Engenharia de Agrimensura e registro no \u00f3rg\u00e3o de classe.\" data-balloon-pos=\"up\">ENGENHEIRO - AGRIMENSOR<\/span><\/td>\r\n<td class=\"cvagas\">02<\/td>\r\n<td class=\"cremuneracao\">R$ 7.780,00 \/40h<\/td>\r\n<\/tr><tr>\r\n<td class=\"ccargos\">\r\n<span data-balloon-length=\"medium\" aria-label=\"Ensino Superior em Engenharia Ambiental e registro no \u00f3rg\u00e3o de classe.\" data-balloon-pos=\"up\">ENGENHEIRO - AMBIENTAL<\/span><\/td>\r\n<td class=\"cvagas\">02<\/td>\r\n<td class=\"cremuneracao\">R$ 7.780,00 \/40h<\/td>\r\n<\/tr><tr>\r\n<td class=\"ccargos\">\r\n<span data-balloon-length=\"medium\" aria-label=\"Ensino Superior em Engenharia Civil e registro no \u00f3rg\u00e3o de classe.\" data-balloon-pos=\"up\">ENGENHEIRO - CIVIL<\/span><\/td>\r\n<td class=\"cvagas\">06<\/td>\r\n<td class=\"cremuneracao\">R$ 7.780,00 \/40h<\/td>\r\n<\/tr><tr>\r\n<td class=\"ccargos\">\r\n<span data-balloon-length=\"medium\" aria-label=\"Ensino Superior em Engenharia com especializa\u00e7\u00e3o em Seguran\u00e7a do Trabalho e registro no \u00f3rg\u00e3o de classe.\" data-balloon-pos=\"up\">ENGENHEIRO - SEGURAN\u00c7A DO TRABALHO<\/span><\/td>\r\n<td class=\"cvagas\">01<\/td>\r\n<td class=\"cremuneracao\">R$ 7.780,00 \/40h<\/td>\r\n<\/tr><tr>\r\n<td class=\"ccargos\">\r\n<span data-balloon-length=\"medium\" aria-label=\"Ensino Superior em Engenharia Civil ou \u00e1reas afins e registro em \u00f3rg\u00e3o de classe.\" data-balloon-pos=\"up\">ENGENHEIRO DE TR\u00c2NSITO<\/span><\/td>\r\n<td class=\"cvagas\">01<\/td>\r\n<td class=\"cremuneracao\">R$ 7.780,00 \/40h<\/td>\r\n<\/tr><tr>\r\n<td class=\"ccargos\">\r\n<span data-balloon-length=\"medium\" aria-label=\"Ensino superior em Farm\u00e1cia, com registro no \u00d3rg\u00e3o de Classe competente.\" data-balloon-pos=\"up\">FARMAC\u00caUTICO<\/span><\/td>\r\n<td class=\"cvagas\">01<\/td>\r\n<td class=\"cremuneracao\">R$ 4.179,00 \/30h<\/td>\r\n<\/tr><tr>\r\n<td class=\"ccargos\">\r\n<span data-balloon-length=\"medium\" aria-label=\"Ensino superior em Fisioterapia, com registro no respectivo Conselho.\" data-balloon-pos=\"up\">FISIOTERAPEUTA<\/span><\/td>\r\n<td class=\"cvagas\">04<\/td>\r\n<td class=\"cremuneracao\">R$ 4.179,00 \/30h<\/td>\r\n<\/tr><tr>\r\n<td class=\"ccargos\">\r\n<span data-balloon-length=\"medium\" aria-label=\"Ensino Superior em Fonoaudiologia e registro no \u00f3rg\u00e3o de classe.\" data-balloon-pos=\"up\">FONOAUDI\u00d3LOGO<\/span><\/td>\r\n<td class=\"cvagas\">01<\/td>\r\n<td class=\"cremuneracao\">R$ 4.179,00 \/30h<\/td>\r\n<\/tr><tr>\r\n<td class=\"ccargos\">\r\n<span data-balloon-length=\"medium\" aria-label=\"Ensino Superior em Geografia e registro no \u00f3rg\u00e3o de classe.\" data-balloon-pos=\"up\">GE\u00d3GRAFO<\/span><\/td>\r\n<td class=\"cvagas\">01<\/td>\r\n<td class=\"cremuneracao\">R$ 7.780,00 \/40h<\/td>\r\n<\/tr><tr>\r\n<td class=\"ccargos\">\r\n<span data-balloon-length=\"medium\" aria-label=\"Ensino Superior em Geologia e registro no \u00f3rg\u00e3o de classe\" data-balloon-pos=\"up\">GE\u00d3LOGO<\/span><\/td>\r\n<td class=\"cvagas\">01<\/td>\r\n<td class=\"cremuneracao\">R$ 7.780,00 \/40h<\/td>\r\n<\/tr><tr>\r\n<td class=\"ccargos\">\r\n<span data-balloon-length=\"medium\" aria-label=\"Ensino superior completo em Medicina Veterin\u00e1ria com registro no \u00d3rg\u00e3o de Classe competente.\" data-balloon-pos=\"up\">M\u00c9DICO VETERIN\u00c1RIO<\/span><\/td>\r\n<td class=\"cvagas\">01<\/td>\r\n<td class=\"cremuneracao\">R$ 6.023,00 \/20h<\/td>\r\n<\/tr><tr>\r\n<td class=\"ccargos\">\r\n<span data-balloon-length=\"medium\" aria-label=\"Ensino Superior em Nutri\u00e7\u00e3o e registro no \u00f3rg\u00e3o de classe.\" data-balloon-pos=\"up\">NUTRICIONISTA<\/span><\/td>\r\n<td class=\"cvagas\">02<\/td>\r\n<td class=\"cremuneracao\">R$ 4.179,00 \/30h<\/td>\r\n<\/tr><tr>\r\n<td class=\"ccargos\">\r\n<span data-balloon-length=\"medium\" aria-label=\"Ensino superior em Odontologia com registro no \u00d3rg\u00e3o de Classe competente.\" data-balloon-pos=\"up\">ODONT\u00d3LOGO GENERALISTA<\/span><\/td>\r\n<td class=\"cvagas\">01<\/td>\r\n<td class=\"cremuneracao\">R$ 3.576,00 \/20h<\/td>\r\n<\/tr><tr>\r\n<td class=\"ccargos\">\r\n<span data-balloon-length=\"medium\" aria-label=\"Ensino Superior em Pedagogia.\" data-balloon-pos=\"up\">PEDAGOGO<\/span><\/td>\r\n<td class=\"cvagas\">01<\/td>\r\n<td class=\"cremuneracao\">R$ 4.179,00 \/30h<\/td>\r\n<\/tr><tr>\r\n<td class=\"ccargos\">\r\n<span data-balloon-length=\"medium\" aria-label=\"Ensino Superior em Psicologia e registro no \u00f3rg\u00e3o de classe.\" data-balloon-pos=\"up\">PSIC\u00d3LOGO<\/span><\/td>\r\n<td class=\"cvagas\">01<\/td>\r\n<td class=\"cremuneracao\">R$ 4.179,00 \/30h<\/td>\r\n<\/tr><tr>\r\n<td class=\"ccargos\">\r\n<span data-balloon-length=\"medium\" aria-label=\"Ensino Superior em Terapia Ocupacional e registro no \u00f3rg\u00e3o de classe.\" data-balloon-pos=\"up\">TERAPEUTA OCUPACIONAL<\/span><\/td>\r\n<td class=\"cvagas\">05<\/td>\r\n<td class=\"cremuneracao\">R$ 4.179,00 \/40h<\/td>\r\n<\/tr><tr>\r\n<td class=\"ccargos\">\r\n<span data-balloon-length=\"medium\" aria-label=\"Ensino superior em Medicina em institui\u00e7\u00e3o de ensino reconhecido pelo Minist\u00e9rio da Educa\u00e7\u00e3o, com diploma devidamente registrado, acrescido de resid\u00eancia na \u00e1rea de Medicina de Fam\u00edlia e Comunidade ou aprova\u00e7\u00e3o na prova de titula\u00e7\u00e3o.\" data-balloon-pos=\"up\">M\u00c9DICO ESPECIALISTA PSF<\/span><\/td>\r\n<td class=\"cvagas\">02<\/td>\r\n<td class=\"cremuneracao\">R$ 20.648,00 \/40h<\/td>\r\n<\/tr><tr>\r\n<td class=\"ccargos\">\r\n<span data-balloon-length=\"medium\" aria-label=\"Diploma, devidamente registrado, de curso de gradua\u00e7\u00e3o em Medicina, fornecido por institui\u00e7\u00e3o de ensino superior, reconhecido pelo Minist\u00e9rio da Educa\u00e7\u00e3o, acrescido de Certificado de Conclus\u00e3o da Resid\u00eancia M\u00e9dica ou T\u00edtulo de Especialidade M\u00e9dica emitido pela Associa\u00e7\u00e3o M\u00e9dica Brasileira - AMB, na especialidade ou \u00e1rea de atua\u00e7\u00e3o pretendida, nos termos da Resolu\u00e7\u00e3o CFM N\u00ba 2.330\/2023, com registro no CRM-MG para a especialidade correspondente, ou P\u00f3s-gradua\u00e7\u00e3o reconhecida pelo Conselho Federal de Medicina - CFM, em \u00e1rea correlata \u00e0 especialidade pretendida\" data-balloon-pos=\"up\">M\u00c9DICO GINECOLOGISTA<\/span><\/td>\r\n<td class=\"cvagas\">03<\/td>\r\n<td class=\"cremuneracao\">R$ 10.324,00 \/20h<\/td>\r\n<\/tr><tr>\r\n<td class=\"ccargos\">\r\n<span data-balloon-length=\"medium\" aria-label=\"Diploma, devidamente registrado, de curso de gradua\u00e7\u00e3o em Medicina, fornecido por institui\u00e7\u00e3o de ensino superior, reconhecido pelo Minist\u00e9rio da Educa\u00e7\u00e3o, acrescido de Certificado de Conclus\u00e3o da Resid\u00eancia M\u00e9dica ou T\u00edtulo de Especialidade M\u00e9dica emitido pela Associa\u00e7\u00e3o M\u00e9dica Brasileira - AMB, na especialidade ou \u00e1rea de atua\u00e7\u00e3o pretendida, nos termos da Resolu\u00e7\u00e3o CFM N\u00ba 2.330\/2023, com registro no CRM-MG para a especialidade correspondente, ou P\u00f3s-gradua\u00e7\u00e3o reconhecida pelo Conselho Federal de Medicina - CFM, em \u00e1rea correlata \u00e0 especialidade pretendida.\" data-balloon-pos=\"up\">M\u00c9DICO PEDIATRA<\/span><\/td>\r\n<td class=\"cvagas\">03<\/td>\r\n<td class=\"cremuneracao\">R$ 10.324,00 \/20h<\/td>\r\n<\/tr><tr>\r\n<td class=\"ccargos\">\r\n<span data-balloon-length=\"medium\" aria-label=\"Ensino superior em Medicina com especializa\u00e7\u00e3o em Medicina do Trabalho.\" data-balloon-pos=\"up\">M\u00c9DICO PERITO<\/span><\/td>\r\n<td class=\"cvagas\">02<\/td>\r\n<td class=\"cremuneracao\">R$ 10.324,00 \/20h<\/td>\r\n<\/tr><tr>\r\n<td class=\"ccargos\">\r\n<span data-balloon-length=\"medium\" aria-label=\"Diploma, devidamente registrado, de curso de gradua\u00e7\u00e3o em Medicina, fornecido por institui\u00e7\u00e3o de ensino superior, reconhecido pelo Minist\u00e9rio da Educa\u00e7\u00e3o, acrescido de Certificado de Conclus\u00e3o da Resid\u00eancia M\u00e9dica ou T\u00edtulo de Especialidade M\u00e9dica emitido pela Associa\u00e7\u00e3o M\u00e9dica Brasileira - AMB, na especialidade ou \u00e1rea de atua\u00e7\u00e3o pretendida, nos termos da Resolu\u00e7\u00e3o CFM N\u00ba 2.330\/2023, com registro no CRM-MG para a especialidade correspondente, ou P\u00f3s-gradua\u00e7\u00e3o reconhecida pelo Conselho Federal de Medicina - CFM, em \u00e1rea correlata \u00e0 especialidade pretendida.\" data-balloon-pos=\"up\">M\u00c9DICO PSIQUIATRA<\/span><\/td>\r\n<td class=\"cvagas\">05<\/td>\r\n<td class=\"cremuneracao\">R$ 10.324,00 \/20h<\/td>\r\n<\/tr><tr>\r\n<td class=\"ccargos\">\r\n<span data-balloon-length=\"medium\" aria-label=\"Ensino superior em Odontologia, acrescido de Especializa\u00e7\u00e3o ou aperfei\u00e7oamento na \u00e1rea requerida, com registro no \u00d3rg\u00e3o de Classe competente.\" data-balloon-pos=\"up\">ODONT\u00d3LOGO ESPECIALISTA - CIRURGI\u00c3O BUCOMAXILOFACIAL<\/span><\/td>\r\n<td class=\"cvagas\">01<\/td>\r\n<td class=\"cremuneracao\">R$ 4.290,00 \/20h<\/td>\r\n<\/tr><tr>\r\n<td class=\"ccargos\">\r\n<span data-balloon-length=\"medium\" aria-label=\"Ensino superior em Odontologia, acrescido de Especializa\u00e7\u00e3o ou aperfei\u00e7oamento na \u00e1rea requerida, com registro no \u00d3rg\u00e3o de Classe competente.\" data-balloon-pos=\"up\">ODONT\u00d3LOGO ESPECIALISTA - ENDODONTIA<\/span><\/td>\r\n<td class=\"cvagas\">01<\/td>\r\n<td class=\"cremuneracao\">R$ 4.290,00 \/20h<\/td>\r\n<\/tr><tr>\r\n<td class=\"ccargos\">\r\n<span data-balloon-length=\"medium\" aria-label=\"Ensino superior em Odontologia, acrescido de Especializa\u00e7\u00e3o ou aperfei\u00e7oamento na \u00e1rea requerida, com registro no \u00d3rg\u00e3o de Classe competente.\" data-balloon-pos=\"up\">ODONT\u00d3LOGO ESPECIALISTA - ODONTOPEDIATRIA<\/span><\/td>\r\n<td class=\"cvagas\">01<\/td>\r\n<td class=\"cremuneracao\">R$ 4.290,00 \/20h<\/td>\r\n<\/tr><tr>\r\n<td class=\"ccargos\">\r\n<span data-balloon-length=\"medium\" aria-label=\"Ensino superior em Odontologia, acrescido de Especializa\u00e7\u00e3o ou aperfei\u00e7oamento na \u00e1rea requerida, com registro no \u00d3rg\u00e3o de Classe competente.\" data-balloon-pos=\"up\">ODONT\u00d3LOGO ESPECIALISTA - PERIODONTIA<\/span><\/td>\r\n<td class=\"cvagas\">01<\/td>\r\n<td class=\"cremuneracao\">R$ 4.290,00 \/20h<\/td>\r\n<\/tr><tr>\r\n<td class=\"ccargos\">\r\n<span data-balloon-length=\"medium\" aria-label=\"Ensino superior em Odontologia, acrescido de Especializa\u00e7\u00e3o ou aperfei\u00e7oamento na \u00e1rea requerida, com registro no \u00d3rg\u00e3o de Classe competente.\" data-balloon-pos=\"up\">ODONT\u00d3LOGO ESPECIALISTA - PR\u00d3TESE FIXA<\/span><\/td>\r\n<td class=\"cvagas\">01<\/td>\r\n<td class=\"cremuneracao\">R$ 4.290,00 \/20h<\/td>\r\n<\/tr><tr>\r\n<td class=\"ccargos\">\r\n<span data-balloon-length=\"medium\" aria-label=\"Ensino superior em Odontologia, acrescido de Especializa\u00e7\u00e3o ou aperfei\u00e7oamento na \u00e1rea requerida, com registro no \u00d3rg\u00e3o de Classe competente.\" data-balloon-pos=\"up\">ODONT\u00d3LOGO ESPECIALISTA - PR\u00d3TESE M\u00d3VEL<\/span><\/td>\r\n<td class=\"cvagas\">01<\/td>\r\n<td class=\"cremuneracao\">R$ 4.290,00 \/20h<\/td>\r\n<\/tr>\r\n    <\/tbody>\r\n  <\/table>\r\n<\/div>"},"_links":{"self":[{"href":"https:\/\/www.agrobase.com.br\/concursos\/wp-json\/wp\/v2\/posts\/274474","targetHints":{"allow":["GET"]}}],"collection":[{"href":"https:\/\/www.agrobase.com.br\/concursos\/wp-json\/wp\/v2\/posts"}],"about":[{"href":"https:\/\/www.agrobase.com.br\/concursos\/wp-json\/wp\/v2\/types\/post"}],"author":[{"embeddable":true,"href":"https:\/\/www.agrobase.com.br\/concursos\/wp-json\/wp\/v2\/users\/5229"}],"replies":[{"embeddable":true,"href":"https:\/\/www.agrobase.com.br\/concursos\/wp-json\/wp\/v2\/comments?post=274474"}],"version-history":[{"count":2,"href":"https:\/\/www.agrobase.com.br\/concursos\/wp-json\/wp\/v2\/posts\/274474\/revisions"}],"predecessor-version":[{"id":274481,"href":"https:\/\/www.agrobase.com.br\/concursos\/wp-json\/wp\/v2\/posts\/274474\/revisions\/274481"}],"wp:featuredmedia":[{"embeddable":true,"href":"https:\/\/www.agrobase.com.br\/concursos\/wp-json\/wp\/v2\/media\/274473"}],"wp:attachment":[{"href":"https:\/\/www.agrobase.com.br\/concursos\/wp-json\/wp\/v2\/media?parent=274474"}],"wp:term":[{"taxonomy":"category","embeddable":true,"href":"https:\/\/www.agrobase.com.br\/concursos\/wp-json\/wp\/v2\/categories?post=274474"},{"taxonomy":"post_tag","embeddable":true,"href":"https:\/\/www.agrobase.com.br\/concursos\/wp-json\/wp\/v2\/tags?post=274474"},{"taxonomy":"_amplo","embeddable":true,"href":"https:\/\/www.agrobase.com.br\/concursos\/wp-json\/wp\/v2\/_amplo?post=274474"},{"taxonomy":"destaque","embeddable":true,"href":"https:\/\/www.agrobase.com.br\/concursos\/wp-json\/wp\/v2\/destaque?post=274474"},{"taxonomy":"instituicoes","embeddable":true,"href":"https:\/\/www.agrobase.com.br\/concursos\/wp-json\/wp\/v2\/instituicoes?post=274474"}],"curies":[{"name":"wp","href":"https:\/\/api.w.org\/{rel}","templated":true}]}}