{"id":274466,"date":"2025-12-02T07:00:42","date_gmt":"2025-12-02T10:00:42","guid":{"rendered":"https:\/\/www.agrobase.com.br\/concursos\/?p=274466"},"modified":"2025-12-01T16:47:23","modified_gmt":"2025-12-01T19:47:23","slug":"prefeitura-modelo-sc-selecao-publica-01-2025","status":"publish","type":"post","link":"https:\/\/www.agrobase.com.br\/concursos\/2025\/prefeitura-modelo-sc-selecao-publica-01-2025\/","title":{"rendered":"Prefeitura Modelo (SC) &#8211; Sele\u00e7\u00e3o P\u00fablica 01\/2025"},"content":{"rendered":"<h2>Informa\u00e7\u00f5es Gerais<\/h2>\n<p>O <strong>Munic\u00edpio de Modelo<\/strong>, no estado de Santa Catarina, torna p\u00fablica a realiza\u00e7\u00e3o de um novo Processo Seletivo destinado \u00e0 contrata\u00e7\u00e3o tempor\u00e1ria de profissionais e forma\u00e7\u00e3o de cadastro reserva. O certame \u00e9 organizado pelo <strong>IPPEC<\/strong> e visa atender \u00e0s necessidades de excepcional interesse p\u00fablico da administra\u00e7\u00e3o municipal.<\/p>\n<p>As oportunidades contemplam candidatos com n\u00edveis de escolaridade <strong>fundamental incompleto (alfabetizado), m\u00e9dio, t\u00e9cnico e superior<\/strong>. Os aprovados ser\u00e3o contratados sob regime administrativo especial, garantindo direitos como f\u00e9rias e 13\u00ba sal\u00e1rio proporcionais, com remunera\u00e7\u00f5es que variam de <strong>R$ 1.314,80 a R$ 6.562,93<\/strong>, dependendo do cargo e da carga hor\u00e1ria.<\/p>\n<p>As vagas est\u00e3o distribu\u00eddas entre diversos setores, incluindo administra\u00e7\u00e3o, obras, educa\u00e7\u00e3o e sa\u00fade. Merece destaque a oferta de vagas e cadastro reserva para profissionais da \u00e1rea de <strong>Nutri\u00e7\u00e3o<\/strong>, al\u00e9m de oportunidades para Engenharia Civil, Farm\u00e1cia, Odontologia, Psicologia e Magist\u00e9rio. Continue a leitura para conferir os prazos, etapas e detalhes deste edital.<\/p>\n<h2>Inscri\u00e7\u00f5es<\/h2>\n<p>Os interessados em participar do certame devem realizar a inscri\u00e7\u00e3o exclusivamente pela internet, atrav\u00e9s do site da organizadora IPPEC. \u00c9 fundamental preencher o Formul\u00e1rio de Solicita\u00e7\u00e3o de Inscri\u00e7\u00e3o com dados exatos, pois n\u00e3o ser\u00e1 permitida a altera\u00e7\u00e3o do cargo ap\u00f3s a finaliza\u00e7\u00e3o do cadastro.<\/p>\n<p>Ap\u00f3s o preenchimento, o candidato deve imprimir o boleto banc\u00e1rio e efetuar o pagamento da taxa de inscri\u00e7\u00e3o at\u00e9 a data de vencimento estipulada. O edital n\u00e3o especifica os valores das taxas no trecho fornecido, sendo necess\u00e1rio consultar a tabela de valores no documento oficial. O pagamento pode ser feito em toda a rede banc\u00e1ria ou casas lot\u00e9ricas, n\u00e3o sendo aceitos pagamentos via PIX, dep\u00f3sito ou agendamento n\u00e3o efetivado.<\/p>\n<p>Para garantir a inclus\u00e3o digital, o Munic\u00edpio de Modelo disponibiliza um computador e impressora na Secretaria de Administra\u00e7\u00e3o para candidatos que n\u00e3o possuem acesso \u00e0 internet. Recomenda-se a leitura atenta do edital completo para verificar as condi\u00e7\u00f5es de isen\u00e7\u00e3o, se houver, e demais regras.<\/p>\n<h2>Etapas e Provas<\/h2>\n<p>O processo de sele\u00e7\u00e3o dos candidatos ser\u00e1 composto por diferentes etapas, variando conforme o cargo pretendido. A etapa comum a todos os inscritos \u00e9 a <strong>Prova Objetiva<\/strong>, de car\u00e1ter eliminat\u00f3rio e classificat\u00f3rio.<\/p>\n<ul>\n<li><strong>Prova Objetiva:<\/strong> Composta por 30 quest\u00f5es de m\u00faltipla escolha. As disciplinas abrangem L\u00edngua Portuguesa, Matem\u00e1tica\/Racioc\u00ednio L\u00f3gico, Conhecimentos Gerais e Conhecimentos Espec\u00edficos. Para n\u00e3o ser eliminado, o candidato deve obter no m\u00ednimo 20 pontos.<\/li>\n<li><strong>Prova Pr\u00e1tica:<\/strong> Etapa eliminat\u00f3ria e classificat\u00f3ria exclusiva para os cargos de <strong>Motorista<\/strong> e <strong>Operador de M\u00e1quinas<\/strong>. Ser\u00e3o avaliados apenas os candidatos que atingirem a pontua\u00e7\u00e3o m\u00ednima na prova escrita.<\/li>\n<li><strong>Prova de T\u00edtulos:<\/strong> Etapa exclusivamente classificat\u00f3ria destinada aos cargos de <strong>Professor<\/strong>. Ser\u00e3o pontuados cursos de p\u00f3s-gradua\u00e7\u00e3o (Especializa\u00e7\u00e3o, Mestrado e Doutorado) na \u00e1rea da educa\u00e7\u00e3o.<\/li>\n<li><strong>Exame Pr\u00e9-admissional:<\/strong> Verifica\u00e7\u00e3o dos requisitos f\u00edsicos e mentais para o exerc\u00edcio do cargo, realizada no momento da contrata\u00e7\u00e3o.<\/li>\n<\/ul>\n<p>A prova objetiva tem dura\u00e7\u00e3o prevista de 3 horas. \u00c9 essencial consultar o edital para confirmar o conte\u00fado program\u00e1tico detalhado e o cronograma exato de aplica\u00e7\u00e3o.<\/p>\n<h2>Resultados e Gabarito<\/h2>\n<p>A divulga\u00e7\u00e3o dos gabaritos preliminares ocorrer\u00e1 no site do IPPEC conforme o cronograma oficial do certame. A classifica\u00e7\u00e3o final ser\u00e1 definida pela ordem decrescente de pontos obtidos.<\/p>\n<p>Para os cargos com Prova Pr\u00e1tica, a nota final ser\u00e1 uma m\u00e9dia ponderada (40% da nota escrita e 60% da nota pr\u00e1tica). J\u00e1 para os cargos de Professor, a nota final ser\u00e1 a soma da prova escrita com a pontua\u00e7\u00e3o dos t\u00edtulos. Os crit\u00e9rios de desempate priorizam candidatos idosos (60+), seguidos por aqueles com maior pontua\u00e7\u00e3o em Conhecimentos Espec\u00edficos, L\u00edngua Portuguesa, Matem\u00e1tica e Conhecimentos Gerais.<\/p>\n<p>O resultado final ser\u00e1 homologado e publicado no Di\u00e1rio Oficial do Munic\u00edpio e nos sites oficiais. A validade do Processo Seletivo \u00e9 de um ano, podendo ser prorrogada por igual per\u00edodo. <strong>Aten\u00e7\u00e3o:<\/strong> \u00c9 de inteira responsabilidade do candidato acompanhar as publica\u00e7\u00f5es de editais, convoca\u00e7\u00f5es e avisos oficiais diretamente no site da banca organizadora.<\/p>\n","protected":false},"excerpt":{"rendered":"<p>Processo Seletivo Pref. Modelo (SC) com edital publicado! Vagas p\/ Professor e T\u00e9cnico Enfermagem (Fund. a Sup.). Inscri\u00e7\u00f5es a partir de 18\/11. Confira detalhes!<\/p>\n","protected":false},"author":5229,"featured_media":274465,"comment_status":"open","ping_status":"open","sticky":false,"template":"","format":"standard","meta":{"_acf_changed":false,"_breakdance_hide_in_design_set":false,"_breakdance_tags":"","footnotes":""},"categories":[141,6434,14,17,18,6871,23,24,25,26,108],"tags":[61],"_amplo":[],"destaque":[],"instituicoes":[],"class_list":["post-274466","post","type-post","status-publish","format-standard","has-post-thumbnail","hentry","category-educacao-artistica","category-educacao-fisica-licenciatura","category-engenharia","category-farmacia","category-fisioterapia","category-letras-ingles","category-nutricao","category-odontologia","category-pedagogia","category-psicologia","category-tecnico-enfermagem","tag-santa-catarina"],"acf":{"_tipo_vagas":"vagas","_numero_vagas":"","_quadro_vagas":"","_cargos":"diversos","_cargos_especificos":"","_salario_max":"R$ 6562.93","_abertura":"20251118","_encerramento":"20251204","_inscricoes":"https:\/\/www.ippec.org.br","_executora_concurso":"","_instituicao_concurso":[],"_link_adicional":null,"_anexos":null,"_produtos":null,"_vagas":"09 vagas + CR","_salario_min":"R$ 1314.8","_instituicao":"Prefeitura Modelo","_edital":"https:\/\/www.agrobase.com.br\/concursos\/wp-content\/uploads\/sites\/4\/2025\/12\/edital-01-2025-prefeitura-modelo-sc.pdf","_anexos_edital":"","_fund_incompleto":"<div>\r\n<table class=\"quadro\">\r\n<thead>\r\n<tr>\r\n<th class=\"hcargo\">Cargo<\/th>\r\n<th class=\"hvagas\">Vagas<\/th>\r\n<th class=\"hremuneracao\">Remunera\u00e7\u00e3o<\/th>\r\n<\/tr>\r\n<\/thead>\r\n    <tbody>\r\n      <td class=\"ccargos\">\r\n<span data-balloon-length=\"medium\" aria-label=\"Alfabetizado\" data-balloon-pos=\"up\">Auxiliar de Servi\u00e7os Gerais Externos<\/span><\/td>\r\n<td class=\"cvagas\">01 + CR<\/td>\r\n<td class=\"cremuneracao\">R$ 2.047,69 \/40h<\/td>\r\n<\/tr><td class=\"ccargos\">\r\n<span data-balloon-length=\"medium\" aria-label=\"Alfabetizado\" data-balloon-pos=\"up\">Auxiliar de Servi\u00e7os Gerais Internos<\/span><\/td>\r\n<td class=\"cvagas\">01 + CR<\/td>\r\n<td class=\"cremuneracao\">R$ 1.841,45 \/40h<\/td>\r\n<\/tr><td class=\"ccargos\">\r\n<span data-balloon-length=\"medium\" data-balloon-pos=\"up\">Motorista<\/span><\/td>\r\n<td class=\"cvagas\">01 + CR<\/td>\r\n<td class=\"cremuneracao\">R$ 2.754,81 \/40h<\/td>\r\n<\/tr><td class=\"ccargos\">\r\n<span data-balloon-length=\"medium\" data-balloon-pos=\"up\">Operador de M\u00e1quinas<\/span><\/td>\r\n<td class=\"cvagas\">01 + CR<\/td>\r\n<td class=\"cremuneracao\">R$ 3.049,44 \/40h<\/td>\r\n<\/tr>\r\n    <\/tbody>\r\n  <\/table>\r\n<\/div>","_fund_completo":"","_medio":"<div>\r\n<table class=\"quadro\">\r\n<thead>\r\n<tr>\r\n<th class=\"hcargo\">Cargo<\/th>\r\n<th class=\"hvagas\">Vagas<\/th>\r\n<th class=\"hremuneracao\">Remunera\u00e7\u00e3o<\/th>\r\n<\/tr>\r\n<\/thead>\r\n    <tbody>\r\n      <td class=\"ccargos\">\r\n<span data-balloon-length=\"medium\" aria-label=\"Ensino m\u00e9dio completo\" data-balloon-pos=\"up\">Agente Administrativo e Fazend\u00e1rio<\/span><\/td>\r\n<td class=\"cvagas\">CR<\/td>\r\n<td class=\"cremuneracao\">R$ 3.049,44 \/40h<\/td>\r\n<\/tr><td class=\"ccargos\">\r\n<span data-balloon-length=\"medium\" aria-label=\"Ensino m\u00e9dio completo e residir na \u00e1rea da comunidade em que atuar, desde a data da publica\u00e7\u00e3o deste edital; concluir com aproveitamento, curso de forma\u00e7\u00e3o inicial, com carga hor\u00e1ria m\u00ednima de quarenta horas que ser\u00e1 ofertado pelo munic\u00edpio, e demais disposi\u00e7\u00f5es da Lei Federal n\u00ba 11.350\/2006 a altera\u00e7\u00f5es posteriores.\" data-balloon-pos=\"up\">Agente Comunit\u00e1rio de Sa\u00fade ESF<\/span><\/td>\r\n<td class=\"cvagas\">CR<\/td>\r\n<td class=\"cremuneracao\">R$ 3.162,60 \/40h<\/td>\r\n<\/tr><td class=\"ccargos\">\r\n<span data-balloon-length=\"medium\" aria-label=\"Ensino m\u00e9dio modalidade normal Magist\u00e9rio ou 2\u00ba per\u00edodo conclu\u00eddo do curso superior de Pedagogia ou Psicologia ou Educa\u00e7\u00e3o F\u00edsica.\" data-balloon-pos=\"up\">Auxiliar Educacional<\/span><\/td>\r\n<td class=\"cvagas\">01 + CR<\/td>\r\n<td class=\"cremuneracao\">R$ 1.841,45 \/30h<\/td>\r\n<\/tr><td class=\"ccargos\">\r\n<span data-balloon-length=\"medium\" aria-label=\"M\u00e9dio Completo + Curso T\u00e9cnico - Habilita\u00e7\u00e3o legal para o exerc\u00edcio da profiss\u00e3o de t\u00e9cnico em enfermagem com registro no respectivo conselho.\" data-balloon-pos=\"up\">T\u00e9cnico de Enfermagem<\/span><\/td>\r\n<td class=\"cvagas\">01 + CR<\/td>\r\n<td class=\"cremuneracao\">R$ 3.854,52 \/40h<\/td>\r\n<\/tr>\r\n    <\/tbody>\r\n  <\/table>\r\n<\/div>","_superior":"<div>\r\n<table class=\"quadro\">\r\n<thead>\r\n<tr>\r\n<th class=\"hcargo\">Cargo<\/th>\r\n<th class=\"hvagas\">Vagas<\/th>\r\n<th class=\"hremuneracao\">Remunera\u00e7\u00e3o<\/th>\r\n<\/tr>\r\n<\/thead>\r\n    <tbody>\r\n      <tr>\r\n<td class=\"ccargos\">\r\n<span data-balloon-length=\"medium\" aria-label=\"Ensino superior em Odontologia; possuir registro no conselho de classe respectivo no ato da contrata\u00e7\u00e3o.\" data-balloon-pos=\"up\">Cirurgi\u00e3o Dentista (PSF\/ESF)<\/span><\/td>\r\n<td class=\"cvagas\">01 + CR<\/td>\r\n<td class=\"cremuneracao\">R$ 5.914,74 \/20h<\/td>\r\n<\/tr><tr>\r\n<td class=\"ccargos\">\r\n<span data-balloon-length=\"medium\" aria-label=\"Ensino superior em Engenharia Civil; possuir registro no conselho de classe respectivo no ato da contrata\u00e7\u00e3o.\" data-balloon-pos=\"up\">Engenheiro Civil<\/span><\/td>\r\n<td class=\"cvagas\">01 + CR<\/td>\r\n<td class=\"cremuneracao\">R$ 3.281,52 \/20h<\/td>\r\n<\/tr><tr>\r\n<td class=\"ccargos\">\r\n<span data-balloon-length=\"medium\" aria-label=\"Ensino superior em Farm\u00e1cia; possuir registro no conselho de classe respectivo no ato da contrata\u00e7\u00e3o.\" data-balloon-pos=\"up\">Farmac\u00eautico (a)<\/span><\/td>\r\n<td class=\"cvagas\">CR<\/td>\r\n<td class=\"cremuneracao\">R$ 6.562,93 \/40h<\/td>\r\n<\/tr><tr>\r\n<td class=\"ccargos\">\r\n<span data-balloon-length=\"medium\" aria-label=\"Ensino superior em Fisioterapia; possuir registro no conselho de classe respectivo no ato da contrata\u00e7\u00e3o.\" data-balloon-pos=\"up\">Fisioterapeuta NASF e Sa\u00fade Geral<\/span><\/td>\r\n<td class=\"cvagas\">CR<\/td>\r\n<td class=\"cremuneracao\">R$ 3.513,49 \/20h<\/td>\r\n<\/tr><tr>\r\n<td class=\"ccargos\">\r\n<span data-balloon-length=\"medium\" aria-label=\"Ensino superior em Nutri\u00e7\u00e3o; possuir registro no conselho de classe respectivo no ato da contrata\u00e7\u00e3o.\" data-balloon-pos=\"up\">Nutricionista<\/span><\/td>\r\n<td class=\"cvagas\">01 + CR<\/td>\r\n<td class=\"cremuneracao\">R$ 3.233,59 \/20h<\/td>\r\n<\/tr><tr>\r\n<td class=\"ccargos\">\r\n<span data-balloon-length=\"medium\" aria-label=\"Ensino Superior Licenciatura em Arte\/Educa\u00e7\u00e3o Art\u00edstica\" data-balloon-pos=\"up\">Professor Ensino Superior - Artes<\/span><\/td>\r\n<td class=\"cvagas\">CR<\/td>\r\n<td class=\"cremuneracao\">R$ 2.629,59 \/20h<\/td>\r\n<\/tr><tr>\r\n<td class=\"ccargos\">\r\n<span data-balloon-length=\"medium\" aria-label=\"Ensino Superior em Educa\u00e7\u00e3o F\u00edsica\" data-balloon-pos=\"up\">Professor Ensino Superior - Educa\u00e7\u00e3o F\u00edsica (lota\u00e7\u00e3o Educa\u00e7\u00e3o) 20h<\/span><\/td>\r\n<td class=\"cvagas\">CR<\/td>\r\n<td class=\"cremuneracao\">R$ 2.629,59 \/20h<\/td>\r\n<\/tr><tr>\r\n<td class=\"ccargos\">\r\n<span data-balloon-length=\"medium\" aria-label=\"Ensino Superior em Educa\u00e7\u00e3o F\u00edsica\" data-balloon-pos=\"up\">Professor Ensino Superior - Educa\u00e7\u00e3o F\u00edsica (lota\u00e7\u00e3o Educa\u00e7\u00e3o) 10h<\/span><\/td>\r\n<td class=\"cvagas\">CR<\/td>\r\n<td class=\"cremuneracao\">R$ 1.314,80 \/10h<\/td>\r\n<\/tr><tr>\r\n<td class=\"ccargos\">\r\n<span data-balloon-length=\"medium\" aria-label=\"Ensino Superior em Educa\u00e7\u00e3o F\u00edsica\" data-balloon-pos=\"up\">Professor Ensino Superior - Educa\u00e7\u00e3o F\u00edsica - (lota\u00e7\u00e3o Esporte)<\/span><\/td>\r\n<td class=\"cvagas\">CR<\/td>\r\n<td class=\"cremuneracao\">R$ 2.629,59 \/20h<\/td>\r\n<\/tr><tr>\r\n<td class=\"ccargos\">\r\n<span data-balloon-length=\"medium\" aria-label=\"Ensino Superior em Pedagogia com habilita\u00e7\u00e3o em Educa\u00e7\u00e3o Infantil\" data-balloon-pos=\"up\">Professor Ensino Superior - Educa\u00e7\u00e3o Infantil<\/span><\/td>\r\n<td class=\"cvagas\">CR<\/td>\r\n<td class=\"cremuneracao\">R$ 2.629,59 \/20h<\/td>\r\n<\/tr><tr>\r\n<td class=\"ccargos\">\r\n<span data-balloon-length=\"medium\" aria-label=\"Ensino Superior em Pedagogia com habilita\u00e7\u00e3o em S\u00e9ries Iniciais.\" data-balloon-pos=\"up\">Professor Ensino Superior - Ensino Fundamental<\/span><\/td>\r\n<td class=\"cvagas\">CR<\/td>\r\n<td class=\"cremuneracao\">R$ 2.629,59 \/20h<\/td>\r\n<\/tr><tr>\r\n<td class=\"ccargos\">\r\n<span data-balloon-length=\"medium\" aria-label=\"Licenciatura em Letras com habilita\u00e7\u00e3o em Ingl\u00eas\" data-balloon-pos=\"up\">Professor Ensino Superior - Ingl\u00eas<\/span><\/td>\r\n<td class=\"cvagas\">CR<\/td>\r\n<td class=\"cremuneracao\">R$ 2.629,59 \/20h<\/td>\r\n<\/tr><tr>\r\n<td class=\"ccargos\">\r\n<span data-balloon-length=\"medium\" aria-label=\"Ensino superior em Psicologia; possuir registro no conselho de classe respectivo no ato da contrata\u00e7\u00e3o.\" data-balloon-pos=\"up\">Psic\u00f3logo Educa\u00e7\u00e3o<\/span><\/td>\r\n<td class=\"cvagas\">CR<\/td>\r\n<td class=\"cremuneracao\">R$ 4.922,20 \/30h<\/td>\r\n<\/tr><tr>\r\n<td class=\"ccargos\">\r\n<span data-balloon-length=\"medium\" aria-label=\"Ensino superior em Psicologia; possuir registro no conselho de classe respectivo no ato da contrata\u00e7\u00e3o.\" data-balloon-pos=\"up\">Psic\u00f3logo Geral e CRAS<\/span><\/td>\r\n<td class=\"cvagas\">CR<\/td>\r\n<td class=\"cremuneracao\">R$ 6.562,93 \/40h<\/td>\r\n<\/tr>\r\n    <\/tbody>\r\n  <\/table>\r\n<\/div>"},"_links":{"self":[{"href":"https:\/\/www.agrobase.com.br\/concursos\/wp-json\/wp\/v2\/posts\/274466","targetHints":{"allow":["GET"]}}],"collection":[{"href":"https:\/\/www.agrobase.com.br\/concursos\/wp-json\/wp\/v2\/posts"}],"about":[{"href":"https:\/\/www.agrobase.com.br\/concursos\/wp-json\/wp\/v2\/types\/post"}],"author":[{"embeddable":true,"href":"https:\/\/www.agrobase.com.br\/concursos\/wp-json\/wp\/v2\/users\/5229"}],"replies":[{"embeddable":true,"href":"https:\/\/www.agrobase.com.br\/concursos\/wp-json\/wp\/v2\/comments?post=274466"}],"version-history":[{"count":2,"href":"https:\/\/www.agrobase.com.br\/concursos\/wp-json\/wp\/v2\/posts\/274466\/revisions"}],"predecessor-version":[{"id":274469,"href":"https:\/\/www.agrobase.com.br\/concursos\/wp-json\/wp\/v2\/posts\/274466\/revisions\/274469"}],"wp:featuredmedia":[{"embeddable":true,"href":"https:\/\/www.agrobase.com.br\/concursos\/wp-json\/wp\/v2\/media\/274465"}],"wp:attachment":[{"href":"https:\/\/www.agrobase.com.br\/concursos\/wp-json\/wp\/v2\/media?parent=274466"}],"wp:term":[{"taxonomy":"category","embeddable":true,"href":"https:\/\/www.agrobase.com.br\/concursos\/wp-json\/wp\/v2\/categories?post=274466"},{"taxonomy":"post_tag","embeddable":true,"href":"https:\/\/www.agrobase.com.br\/concursos\/wp-json\/wp\/v2\/tags?post=274466"},{"taxonomy":"_amplo","embeddable":true,"href":"https:\/\/www.agrobase.com.br\/concursos\/wp-json\/wp\/v2\/_amplo?post=274466"},{"taxonomy":"destaque","embeddable":true,"href":"https:\/\/www.agrobase.com.br\/concursos\/wp-json\/wp\/v2\/destaque?post=274466"},{"taxonomy":"instituicoes","embeddable":true,"href":"https:\/\/www.agrobase.com.br\/concursos\/wp-json\/wp\/v2\/instituicoes?post=274466"}],"curies":[{"name":"wp","href":"https:\/\/api.w.org\/{rel}","templated":true}]}}