{"id":274424,"date":"2025-12-01T08:00:15","date_gmt":"2025-12-01T11:00:15","guid":{"rendered":"https:\/\/www.agrobase.com.br\/concursos\/?p=274424"},"modified":"2025-11-28T14:01:53","modified_gmt":"2025-11-28T17:01:53","slug":"ufla-mg-selecao-simplificada-72-2025","status":"publish","type":"post","link":"https:\/\/www.agrobase.com.br\/concursos\/2025\/ufla-mg-selecao-simplificada-72-2025\/","title":{"rendered":"UFLA (MG) &#8211; Sele\u00e7\u00e3o Simplificada 72\/2025"},"content":{"rendered":"<h2>Informa\u00e7\u00f5es Gerais<\/h2>\n<p>O processo seletivo simplificado da Universidade Federal de Lavras (UFLA), regido pelo Edital PROGEPE n\u00ba 72\/2025, oferece oportunidades para contrata\u00e7\u00e3o tempor\u00e1ria de <strong>Professor Substituto do Magist\u00e9rio Superior<\/strong>, para atua\u00e7\u00e3o presencial no c\u00e2mpus de Lavras. As inscri\u00e7\u00f5es encontram-se abertas, conforme normas estabelecidas no edital e na legisla\u00e7\u00e3o federal pertinente.<\/p>\n<p>O certame visa ao preenchimento de <strong>11 vagas, mais cadastro de reserva<\/strong>, para substitui\u00e7\u00e3o de docentes afastados, com contratos tempor\u00e1rios de at\u00e9 2 anos, observando o limite m\u00e1ximo previsto em lei e o retorno do servidor substitu\u00eddo. A sele\u00e7\u00e3o contempla exclusivamente o <strong>n\u00edvel superior<\/strong>, com exig\u00eancia de mestrado ou doutorado, conforme cada \u00e1rea.<\/p>\n<p>As vagas abrangem diferentes setores do conhecimento, incluindo Administra\u00e7\u00e3o, Direito, Engenharia Civil, Letras, Qu\u00edmica, Engenharia Qu\u00edmica\/Alimentos, \u00e1reas agr\u00e1rias e florestais. H\u00e1 destaque para \u00e1reas de interesse como <strong>Fisiologia Vegetal<\/strong>, <strong>Manejo e Economia Florestal<\/strong>, <strong>M\u00e1quinas e Mecaniza\u00e7\u00e3o Agr\u00edcola<\/strong>, <strong>Nutri\u00e7\u00e3o de Plantas<\/strong> e <strong>Transfer\u00eancia de Calor<\/strong>, relacionadas \u00e0 Agronomia, Engenharia Florestal e Engenharia de Alimentos.<\/p>\n<p>As remunera\u00e7\u00f5es variam aproximadamente entre <strong>R$ 5.949,07<\/strong> e <strong>R$ 8.058,29<\/strong>, para jornada de 40 horas semanais. Se voc\u00ea atua na doc\u00eancia do ensino superior e tem interesse em carreira acad\u00eamica, vale conferir com aten\u00e7\u00e3o as pr\u00f3ximas se\u00e7\u00f5es sobre inscri\u00e7\u00f5es, etapas e resultados.<\/p>\n<h2>Inscri\u00e7\u00f5es<\/h2>\n<p>As inscri\u00e7\u00f5es para o processo seletivo de Professor Substituto da UFLA, regido pelo Edital PROGEPE n\u00ba 72\/2025, est\u00e3o sendo realizadas <strong>exclusivamente via internet<\/strong>. Antes de se inscrever, a pessoa candidata deve ler integralmente o edital, dispon\u00edvel em: <a href=\"https:\/\/progepe.ufla.br\/index.php\/noticias\/16882-edital-progepe-n-72-2025\" target=\"_blank\" rel=\"noopener\">https:\/\/progepe.ufla.br\/index.php\/noticias\/16882-edital-progepe-n-72-2025<\/a>, e certificar-se de que atende a todos os requisitos para o cargo pretendido.<\/p>\n<p>As inscri\u00e7\u00f5es devem ser efetuadas no sistema da UFLA, no endere\u00e7o: <a href=\"https:\/\/sig.ufla.br\/modulos\/publico\/editais_servidores\/inscricoes\/inserir.php?cod_edital_servidor=126\" target=\"_blank\" rel=\"noopener\">https:\/\/sig.ufla.br\/modulos\/publico\/editais_servidores\/inscricoes\/inserir.php?cod_edital_servidor=126<\/a>, no per\u00edodo de 18 de novembro de 2025 a 02 de dezembro de 2025. A taxa de inscri\u00e7\u00e3o \u00e9 de <strong>R$ 100,00<\/strong>, com pagamento realizado pelo \u00edcone \u201cRealizar pagamento da Taxa de Inscri\u00e7\u00e3o\u201d, por meio de guia de recolhimento, com possibilidade de quita\u00e7\u00e3o via <strong>PIX<\/strong> ou <strong>cart\u00e3o de cr\u00e9dito<\/strong>, pela plataforma PagTesouro. Conforme a forma de pagamento escolhida, poder\u00e1 haver tarifa do prestador de servi\u00e7os.<\/p>\n<p>A inscri\u00e7\u00e3o \u00e9 pessoal e intransfer\u00edvel, sendo de responsabilidade da pessoa candidata o correto preenchimento do requerimento e a indica\u00e7\u00e3o de documento de identidade v\u00e1lido (RG, CNH, carteira profissional, passaporte, entre outros previstos no edital). A UFLA n\u00e3o se responsabiliza por problemas t\u00e9cnicos que impe\u00e7am a inscri\u00e7\u00e3o ou a confirma\u00e7\u00e3o do pagamento.<\/p>\n<p>Ap\u00f3s concluir a inscri\u00e7\u00e3o, \u00e9 poss\u00edvel acompanhar a situa\u00e7\u00e3o e eventuais solicita\u00e7\u00f5es pelo menu <strong>\u201cMinhas Inscri\u00e7\u00f5es\u201d<\/strong> no sistema: <a href=\"https:\/\/sig.ufla.br\/modulos\/publico\/editais_servidores\/inscricoes\/\" target=\"_blank\" rel=\"noopener\">https:\/\/sig.ufla.br\/modulos\/publico\/editais_servidores\/inscricoes\/<\/a>. A lista de candidatos inscritos ser\u00e1 publicada na p\u00e1gina do edital na data indicada no documento. \u00c9 fundamental guardar o requerimento de inscri\u00e7\u00e3o e o comprovante de pagamento.<\/p>\n<p>O edital informa que, em caso de m\u00faltiplos requerimentos pagos para o mesmo cargo por uma mesma pessoa, ser\u00e1 considerado apenas o \u00faltimo, sem devolu\u00e7\u00e3o das demais taxas. A taxa somente ser\u00e1 devolvida em caso de cancelamento do concurso pela UFLA. Para detalhes sobre eventuais hip\u00f3teses de isen\u00e7\u00e3o (se houver), prazos e demais regras, \u00e9 indispens\u00e1vel a leitura atenta do edital completo.<\/p>\n<h2>Etapas e Provas<\/h2>\n<p>A sele\u00e7\u00e3o para Professor Substituto da UFLA seguir\u00e1 a Resolu\u00e7\u00e3o Normativa CEPE n\u00ba 068\/2023 e ser\u00e1 composta por <strong>duas etapas principais<\/strong>, ambas obrigat\u00f3rias para todos os candidatos:<\/p>\n<ul>\n<li><strong>Prova did\u00e1tica<\/strong> \u2013 de car\u00e1ter <strong>eliminat\u00f3rio<\/strong>, com valor m\u00e1ximo de <strong>100 pontos<\/strong>. Consiste em uma aula, com tempo de refer\u00eancia de 50 minutos, sobre tema sorteado a partir de lista previamente divulgada na p\u00e1gina do edital. O sorteio do tema ocorre na sess\u00e3o de abertura do processo seletivo, em data, hor\u00e1rio e local (presencial ou remoto) informados com anteced\u00eancia m\u00ednima de 10 dias no site indicado no edital. A prova ser\u00e1 realizada ap\u00f3s, no m\u00ednimo, 24 horas do sorteio do tema. A apresenta\u00e7\u00e3o poder\u00e1 incluir questionamentos t\u00e9cnicos da banca ao final e ser\u00e1 gravada para registro e transpar\u00eancia.<\/li>\n<li><strong>Prova de t\u00edtulos<\/strong> \u2013 de car\u00e1ter <strong>classificat\u00f3rio<\/strong>, tamb\u00e9m com valor m\u00e1ximo de <strong>100 pontos<\/strong>. Envolve a avalia\u00e7\u00e3o do curr\u00edculo do candidato, considerando \u201cAtividades Curriculares\u201d e, se houver, titula\u00e7\u00e3o acima da exigida no edital, conforme crit\u00e9rios da Resolu\u00e7\u00e3o Normativa CEPE n\u00ba 068\/2023. Somente ser\u00e3o pontuadas atividades realizadas no ano de publica\u00e7\u00e3o do edital e nos cinco anos anteriores, com valora\u00e7\u00e3o diferenciada para itens diretamente relacionados, indiretamente relacionados ou sem rela\u00e7\u00e3o com a \u00e1rea da sele\u00e7\u00e3o.<\/li>\n<\/ul>\n<p>O plano de aula da prova did\u00e1tica deve ser cadastrado no sistema de gest\u00e3o de concursos, a partir da sess\u00e3o de sorteio do tema at\u00e9 o hor\u00e1rio de in\u00edcio da sess\u00e3o de sorteio da ordem de apresenta\u00e7\u00e3o. Em sele\u00e7\u00f5es presenciais, o plano tamb\u00e9m pode ser entregue impresso ao presidente da banca. O curr\u00edculo, em arquivo \u00fanico em PDF, deve ser enviado pelo sistema entre a divulga\u00e7\u00e3o da data da prova e at\u00e9 4 horas ap\u00f3s o in\u00edcio da sess\u00e3o de abertura, seguindo rigorosamente a ordem e a forma de comprova\u00e7\u00e3o previstas na Resolu\u00e7\u00e3o.<\/p>\n<p>A nota final do candidato ser\u00e1 a <strong>soma<\/strong> das notas da prova did\u00e1tica e da prova de t\u00edtulos, com uma casa decimal, sem arredondamento. Ser\u00e1 considerado <strong>aprovado<\/strong> quem obtiver nota <strong>igual ou superior a 70,0 pontos na prova did\u00e1tica<\/strong>, sendo a classifica\u00e7\u00e3o feita em ordem decrescente da nota final. As provas ocorrer\u00e3o a partir de 15\/12\/2025, em datas, hor\u00e1rios e locais divulgados no endere\u00e7o eletr\u00f4nico do edital. \u00c9 responsabilidade do candidato acompanhar essas informa\u00e7\u00f5es e comparecer munido do documento de identidade informado na inscri\u00e7\u00e3o.<\/p>\n<p>Para detalhes completos sobre crit\u00e9rios de avalia\u00e7\u00e3o, organiza\u00e7\u00e3o do curr\u00edculo, lista de temas, regras para provas remotas (Google Meet) e demais procedimentos, recomenda-se a leitura atenta do edital e da Resolu\u00e7\u00e3o Normativa CEPE n\u00ba 068\/2023.<\/p>\n<h2>Resultados e Gabarito<\/h2>\n<p>O <strong>resultado preliminar<\/strong> da sele\u00e7\u00e3o ser\u00e1 divulgado por \u00e1rea na p\u00e1gina oficial do edital, no endere\u00e7o eletr\u00f4nico indicado no item 2.1 do documento. Ap\u00f3s a publica\u00e7\u00e3o desse resultado, haver\u00e1 per\u00edodo para interposi\u00e7\u00e3o de recursos, conforme prazos e procedimentos definidos no edital e na Resolu\u00e7\u00e3o Normativa CEPE n\u00ba 068\/2023.<\/p>\n<p>Encerrada a fase recursal, ser\u00e1 publicado o <strong>resultado final<\/strong>, j\u00e1 com a classifica\u00e7\u00e3o definitiva dos candidatos aprovados, observando o limite m\u00e1ximo de aprovados previsto no Anexo II do Decreto n\u00ba 9.739\/2019. Em seguida, a Pr\u00f3-Reitoria de Gest\u00e3o de Pessoas (PROGEPE) far\u00e1 a <strong>homologa\u00e7\u00e3o<\/strong> do resultado final, que ser\u00e1 publicada no <strong>Di\u00e1rio Oficial da Uni\u00e3o<\/strong>. A partir dessa homologa\u00e7\u00e3o, inicia-se o prazo de validade da sele\u00e7\u00e3o, de 2 anos, prorrog\u00e1vel por igual per\u00edodo, a crit\u00e9rio da UFLA.<\/p>\n<p>Os candidatos aprovados ser\u00e3o convocados por <strong>e-mail<\/strong>, enviado ao endere\u00e7o cadastrado na inscri\u00e7\u00e3o, para envio da documenta\u00e7\u00e3o admissional. O n\u00e3o envio da documenta\u00e7\u00e3o no prazo de at\u00e9 15 dias corridos implicar\u00e1 desist\u00eancia da vaga, salvo se o candidato solicitar, dentro desse prazo, prorroga\u00e7\u00e3o justificada, indicando data prov\u00e1vel para apresenta\u00e7\u00e3o dos documentos. O pedido ser\u00e1 analisado pelo chefe do departamento de lota\u00e7\u00e3o, que poder\u00e1 deferi-lo ou indeferi-lo de forma fundamentada.<\/p>\n<p>Antes da contrata\u00e7\u00e3o, o candidato aprovado dever\u00e1 se submeter a <strong>exame admissional<\/strong> na Coordenadoria de Sa\u00fade Ocupacional da UFLA, em Lavras, para avalia\u00e7\u00e3o de aptid\u00e3o f\u00edsica e mental para o exerc\u00edcio do cargo. O laudo m\u00e9dico favor\u00e1vel \u00e9 condi\u00e7\u00e3o para efetiva\u00e7\u00e3o do contrato tempor\u00e1rio.<\/p>\n<p>\u00c9 responsabilidade exclusiva do candidato acompanhar todas as publica\u00e7\u00f5es oficiais relacionadas ao concurso, tanto no site da UFLA (p\u00e1gina do edital e sistema de inscri\u00e7\u00f5es) quanto no Di\u00e1rio Oficial da Uni\u00e3o e no e-mail informado na inscri\u00e7\u00e3o, garantindo que n\u00e3o perca prazos de recursos, resultados, homologa\u00e7\u00e3o e convoca\u00e7\u00f5es.<\/p>\n","protected":false},"excerpt":{"rendered":"<p>Proc. Seletivo UFLA (MG) com edital publicado! Vagas p\/ Professores (Superior). Inscri\u00e7\u00f5es a partir de 18\/11. Sal\u00e1rios at\u00e9 R$ 8.0k. Confira detalhes!<\/p>\n","protected":false},"author":7,"featured_media":274423,"comment_status":"open","ping_status":"open","sticky":false,"template":"","format":"standard","meta":{"_acf_changed":false,"_breakdance_hide_in_design_set":false,"_breakdance_tags":"","footnotes":""},"categories":[3,4,6433,10,117,95,13,14,79,15,102,6871,6435],"tags":[50],"_amplo":[],"destaque":[],"instituicoes":[],"class_list":["post-274424","post","type-post","status-publish","format-standard","has-post-thumbnail","hentry","category-administracao","category-agronomia","category-biologia-licenciatura","category-direito","category-economia","category-engenharia-agricola","category-engenharia-ambiental","category-engenharia","category-engenharia-alimentos","category-engenharia-florestal","category-engenharia-quimica","category-letras-ingles","category-quimica-licenciatura","tag-minas-gerais"],"acf":{"_tipo_vagas":"vagas","_numero_vagas":"","_quadro_vagas":"","_cargos":"diversos","_cargos_especificos":"","_salario_max":"R$ 8058.29","_abertura":"20251118","_encerramento":"20251202","_inscricoes":"https:\/\/sig.ufla.br\/modulos\/publico\/editais_servidores\/inscricoes\/inserir.php?cod_edital_servidor=126","_executora_concurso":"","_instituicao_concurso":[],"_link_adicional":null,"_anexos":null,"_produtos":null,"_vagas":"11 vagas + CR","_salario_min":"R$ 5949.07","_instituicao":"UFLA","_edital":"https:\/\/www.agrobase.com.br\/concursos\/wp-content\/uploads\/sites\/4\/2025\/11\/edital-72-2025-ufla-mg.pdf","_anexos_edital":"","_fund_incompleto":"","_fund_completo":"","_medio":"","_superior":"<div>\r\n<table class=\"quadro\">\r\n<thead>\r\n<tr>\r\n<th class=\"hcargo\">Cargo<\/th>\r\n<th class=\"hvagas\">Vagas<\/th>\r\n<th class=\"hremuneracao\">Remunera\u00e7\u00e3o<\/th>\r\n<\/tr>\r\n<\/thead>\r\n    <tbody>\r\n      <tr>\r\n<td class=\"ccargos\">\r\n<span data-balloon-length=\"medium\" aria-label=\"Mestrado em Administra\u00e7\u00e3o.\" data-balloon-pos=\"up\">Professor do Magist\u00e9rio Superior (Administra\u00e7\u00e3o Geral e Estrat\u00e9gia)<\/span><\/td>\r\n<td class=\"cvagas\">01<\/td>\r\n<td class=\"cremuneracao\">R$ 5.949,07 \/40h<\/td>\r\n<\/tr><tr>\r\n<td class=\"ccargos\">\r\n<span data-balloon-length=\"medium\" aria-label=\"Mestrado em Direito.\" data-balloon-pos=\"up\">Professor do Magist\u00e9rio Superior (Direito Tribut\u00e1rio)<\/span><\/td>\r\n<td class=\"cvagas\">01<\/td>\r\n<td class=\"cremuneracao\">R$ 5.949,07 \/40h<\/td>\r\n<\/tr><tr>\r\n<td class=\"ccargos\">\r\n<span data-balloon-length=\"medium\" aria-label=\"Mestrado em Engenharia Civil ou em Engenharia de Estruturas e Gradua\u00e7\u00e3o em Engenharia Civil.\" data-balloon-pos=\"up\">Professor do Magist\u00e9rio Superior (Estruturas)<\/span><\/td>\r\n<td class=\"cvagas\">01<\/td>\r\n<td class=\"cremuneracao\">R$ 5.949,07 \/40h<\/td>\r\n<\/tr><tr>\r\n<td class=\"ccargos\">\r\n<span data-balloon-length=\"medium\" aria-label=\"Doutorado em Fisiologia Vegetal ou Agronomia; ou Biologia Vegetal.\" data-balloon-pos=\"up\">Professor do Magist\u00e9rio Superior (Fisiologia Vegetal)<\/span><\/td>\r\n<td class=\"cvagas\">01<\/td>\r\n<td class=\"cremuneracao\">R$ 8.058,29 \/40h<\/td>\r\n<\/tr><tr>\r\n<td class=\"ccargos\">\r\n<span data-balloon-length=\"medium\" aria-label=\"Mestrado em Letras: L\u00edngua Inglesa; Ensino de L\u00edngua Inglesa; Literatura Comparada; Literatura Inglesa; Literatura Americana; Teoria Liter\u00e1ria.\" data-balloon-pos=\"up\">Professor do Magist\u00e9rio Superior (L\u00edngua inglesa e suas literaturas)<\/span><\/td>\r\n<td class=\"cvagas\">01<\/td>\r\n<td class=\"cremuneracao\">R$ 5.949,07 \/40h<\/td>\r\n<\/tr><tr>\r\n<td class=\"ccargos\">\r\n<span data-balloon-length=\"medium\" aria-label=\"Mestrado em Ci\u00eancia Florestal, Engenharia Florestal ou Economia.\" data-balloon-pos=\"up\">Professor do Magist\u00e9rio Superior (Manejo e Economia Florestal)<\/span><\/td>\r\n<td class=\"cvagas\">01<\/td>\r\n<td class=\"cremuneracao\">R$ 5.949,07 \/40h<\/td>\r\n<\/tr><tr>\r\n<td class=\"ccargos\">\r\n<span data-balloon-length=\"medium\" aria-label=\"Doutorado em Engenharia Agr\u00edcola.\" data-balloon-pos=\"up\">Professor do Magist\u00e9rio Superior (M\u00e1quinas e Mecaniza\u00e7\u00e3o Agr\u00edcola)<\/span><\/td>\r\n<td class=\"cvagas\">01<\/td>\r\n<td class=\"cremuneracao\">R$ 8.058,29 \/40h<\/td>\r\n<\/tr><tr>\r\n<td class=\"ccargos\">\r\n<span data-balloon-length=\"medium\" aria-label=\"Mestrado em Ci\u00eancia do Solo \/ Solos e Nutri\u00e7\u00e3o de Plantas.\" data-balloon-pos=\"up\">Professor do Magist\u00e9rio Superior (Nutri\u00e7\u00e3o de Plantas)<\/span><\/td>\r\n<td class=\"cvagas\">01<\/td>\r\n<td class=\"cremuneracao\">R$ 5.949,07 \/40h<\/td>\r\n<\/tr><tr>\r\n<td class=\"ccargos\">\r\n<span data-balloon-length=\"medium\" aria-label=\"Mestrado em Administra\u00e7\u00e3o.\" data-balloon-pos=\"up\">Professor do Magist\u00e9rio Superior (Organiza\u00e7\u00f5es, \u00e9tica e meio ambiente)<\/span><\/td>\r\n<td class=\"cvagas\">01<\/td>\r\n<td class=\"cremuneracao\">R$ 5.949,07 \/40h<\/td>\r\n<\/tr><tr>\r\n<td class=\"ccargos\">\r\n<span data-balloon-length=\"medium\" aria-label=\"Doutorado em Qu\u00edmica Inorg\u00e2nica, Agroqu\u00edmica\/Qu\u00edmica Inorg\u00e2nica ou Ci\u00eancias\/Qu\u00edmica Inorg\u00e2nica.\" data-balloon-pos=\"up\">Professor do Magist\u00e9rio Superior (Qu\u00edmica Inorg\u00e2nica e Qu\u00edmica Geral)<\/span><\/td>\r\n<td class=\"cvagas\">01<\/td>\r\n<td class=\"cremuneracao\">R$ 8.058,29 \/40h<\/td>\r\n<\/tr><tr>\r\n<td class=\"ccargos\">\r\n<span data-balloon-length=\"medium\" aria-label=\"Mestrado em Engenharia Qu\u00edmica ou Engenharia de Alimentos ou Gradua\u00e7\u00e3o em Engenharia Qu\u00edmica com Mestrado em Engenharia Ambiental, Engenharia Agr\u00edcola, Engenharia de Biomateriais, Engenharia de Processos Qu\u00edmicos e Bioqu\u00edmicos, Biocombust\u00edveis ou Agroqu\u00edmica.\" data-balloon-pos=\"up\">Professor do Magist\u00e9rio Superior (Transfer\u00eancia de Calor)<\/span><\/td>\r\n<td class=\"cvagas\">01<\/td>\r\n<td class=\"cremuneracao\">R$ 5.949,07 \/40h<\/td>\r\n<\/tr>\r\n    <\/tbody>\r\n  <\/table>\r\n<\/div>"},"_links":{"self":[{"href":"https:\/\/www.agrobase.com.br\/concursos\/wp-json\/wp\/v2\/posts\/274424","targetHints":{"allow":["GET"]}}],"collection":[{"href":"https:\/\/www.agrobase.com.br\/concursos\/wp-json\/wp\/v2\/posts"}],"about":[{"href":"https:\/\/www.agrobase.com.br\/concursos\/wp-json\/wp\/v2\/types\/post"}],"author":[{"embeddable":true,"href":"https:\/\/www.agrobase.com.br\/concursos\/wp-json\/wp\/v2\/users\/7"}],"replies":[{"embeddable":true,"href":"https:\/\/www.agrobase.com.br\/concursos\/wp-json\/wp\/v2\/comments?post=274424"}],"version-history":[{"count":2,"href":"https:\/\/www.agrobase.com.br\/concursos\/wp-json\/wp\/v2\/posts\/274424\/revisions"}],"predecessor-version":[{"id":274433,"href":"https:\/\/www.agrobase.com.br\/concursos\/wp-json\/wp\/v2\/posts\/274424\/revisions\/274433"}],"wp:featuredmedia":[{"embeddable":true,"href":"https:\/\/www.agrobase.com.br\/concursos\/wp-json\/wp\/v2\/media\/274423"}],"wp:attachment":[{"href":"https:\/\/www.agrobase.com.br\/concursos\/wp-json\/wp\/v2\/media?parent=274424"}],"wp:term":[{"taxonomy":"category","embeddable":true,"href":"https:\/\/www.agrobase.com.br\/concursos\/wp-json\/wp\/v2\/categories?post=274424"},{"taxonomy":"post_tag","embeddable":true,"href":"https:\/\/www.agrobase.com.br\/concursos\/wp-json\/wp\/v2\/tags?post=274424"},{"taxonomy":"_amplo","embeddable":true,"href":"https:\/\/www.agrobase.com.br\/concursos\/wp-json\/wp\/v2\/_amplo?post=274424"},{"taxonomy":"destaque","embeddable":true,"href":"https:\/\/www.agrobase.com.br\/concursos\/wp-json\/wp\/v2\/destaque?post=274424"},{"taxonomy":"instituicoes","embeddable":true,"href":"https:\/\/www.agrobase.com.br\/concursos\/wp-json\/wp\/v2\/instituicoes?post=274424"}],"curies":[{"name":"wp","href":"https:\/\/api.w.org\/{rel}","templated":true}]}}