{"id":274418,"date":"2025-12-01T07:50:09","date_gmt":"2025-12-01T10:50:09","guid":{"rendered":"https:\/\/www.agrobase.com.br\/concursos\/?p=274418"},"modified":"2025-11-28T13:54:14","modified_gmt":"2025-11-28T16:54:14","slug":"prefeitura-vere-pr-concurso-01-2025","status":"publish","type":"post","link":"https:\/\/www.agrobase.com.br\/concursos\/2025\/prefeitura-vere-pr-concurso-01-2025\/","title":{"rendered":"Prefeitura Ver\u00ea (PR) &#8211; Concurso 01\/2025"},"content":{"rendered":"<h2>Informa\u00e7\u00f5es Gerais<\/h2>\n<p>O Concurso P\u00fablico do Munic\u00edpio de Ver\u00ea, no Estado do Paran\u00e1, regido pelo Edital que se fundamenta na Constitui\u00e7\u00e3o Federal, Lei Org\u00e2nica Municipal, Estatuto dos Servidores e legisla\u00e7\u00f5es correlatas, teve seu edital publicado para provimento de vagas e forma\u00e7\u00e3o de cadastro de reserva no quadro de pessoal da Prefeitura. O certame ser\u00e1 realizado sob <strong>regime estatut\u00e1rio<\/strong>, com validade de 2 anos, prorrog\u00e1vel por igual per\u00edodo, a crit\u00e9rio do Munic\u00edpio.<\/p>\n<p>S\u00e3o ofertadas <strong>80 vagas mais cadastro de reserva<\/strong>, com remunera\u00e7\u00f5es iniciais entre <strong>R$ 1.556,73 e R$ 14.363,13<\/strong>, abrangendo cargos de <strong>n\u00edveis fundamental incompleto, fundamental completo, m\u00e9dio\/t\u00e9cnico e superior<\/strong>. As oportunidades concentram-se nas \u00e1reas administrativa, educa\u00e7\u00e3o, sa\u00fade, assist\u00eancia social, fiscaliza\u00e7\u00e3o, tecnologia da informa\u00e7\u00e3o e infraestrutura, com destaque para cargos como <strong>Nutricionista<\/strong> e <strong>T\u00e9cnico Agr\u00edcola<\/strong>, de interesse direto das \u00e1reas de alimenta\u00e7\u00e3o e ci\u00eancias agr\u00e1rias.<\/p>\n<p>As vagas destinam-se ao preenchimento de cargos atualmente vagos e dos que vierem a vagar durante a vig\u00eancia do concurso, conforme necessidade e disponibilidade or\u00e7ament\u00e1ria do Munic\u00edpio. Para decidir se vale a pena participar, confira a seguir como funcionam as inscri\u00e7\u00f5es, etapas de provas e divulga\u00e7\u00e3o dos resultados.<\/p>\n<h2>Inscri\u00e7\u00f5es<\/h2>\n<p>As inscri\u00e7\u00f5es para o Concurso P\u00fablico do Munic\u00edpio de Ver\u00ea ser\u00e3o realizadas <strong>exclusivamente via internet<\/strong>, por meio do site da banca organizadora Funda\u00e7\u00e3o de Apoio ao Desenvolvimento da UNICENTRO: <strong>www.concursosfau.com.br<\/strong>, no per\u00edodo de 03 de novembro a 02 de dezembro de 2025. N\u00e3o h\u00e1 previs\u00e3o de inscri\u00e7\u00e3o presencial ou por outros meios.<\/p>\n<p>Para se inscrever, o candidato deve preencher o Formul\u00e1rio de Solicita\u00e7\u00e3o de Inscri\u00e7\u00e3o no site da banca, declarar que atende aos requisitos do cargo e aceitar as normas do edital. Em seguida, \u00e9 necess\u00e1rio <strong>imprimir o boleto banc\u00e1rio<\/strong> e efetuar o pagamento da taxa de inscri\u00e7\u00e3o no valor definido nas Tabelas 3.1, 3.2, 3.3 e 3.4 do edital (valores espec\u00edficos por cargo\/n\u00edvel n\u00e3o constam no trecho disponibilizado).<\/p>\n<p>A inscri\u00e7\u00e3o somente ser\u00e1 confirmada ap\u00f3s a <strong>compensa\u00e7\u00e3o banc\u00e1ria<\/strong> do pagamento pela Funda\u00e7\u00e3o. O boleto poder\u00e1 ser pago em toda a rede banc\u00e1ria at\u00e9 a data de vencimento. Caso o pagamento n\u00e3o seja feito at\u00e9 o vencimento, o candidato dever\u00e1 acessar novamente o site <strong>www.concursosfau.com.br<\/strong>, emitir a segunda via do boleto e efetuar o pagamento at\u00e9 <strong>03 de dezembro de 2025<\/strong>. Pagamentos ap\u00f3s essa data n\u00e3o ser\u00e3o aceitos.<\/p>\n<p>N\u00e3o s\u00e3o aceitos pagamentos via cheque devolvido, dep\u00f3sito, transfer\u00eancia banc\u00e1ria, PIX ou programa\u00e7\u00e3o de pagamento n\u00e3o efetivada. O valor da taxa n\u00e3o ser\u00e1 devolvido, salvo em caso de anula\u00e7\u00e3o plena do concurso. A responsabilidade pelos dados informados na inscri\u00e7\u00e3o \u00e9 integralmente do candidato, e declara\u00e7\u00f5es falsas podem acarretar elimina\u00e7\u00e3o e at\u00e9 exonera\u00e7\u00e3o, se j\u00e1 nomeado.<\/p>\n<h2>Etapas e Provas<\/h2>\n<p>O concurso do Munic\u00edpio de Ver\u00ea \u00e9 composto por mais de uma fase, variando conforme o cargo pretendido. De forma geral, a sele\u00e7\u00e3o avaliar\u00e1 conhecimentos te\u00f3ricos e, para alguns cargos, habilidades pr\u00e1ticas e forma\u00e7\u00e3o acad\u00eamica.<\/p>\n<ul>\n<li><strong>Prova Objetiva<\/strong> \u2013 etapa obrigat\u00f3ria para <strong>todos os cargos<\/strong>, com car\u00e1ter <strong>eliminat\u00f3rio e classificat\u00f3rio<\/strong>. As quest\u00f5es s\u00e3o de m\u00faltipla escolha, com 5 alternativas e apenas 1 correta, sendo atribu\u00edda nota zero a quest\u00f5es com mais de uma alternativa marcada, em branco, rasuradas ou preenchidas a l\u00e1pis. A prova ter\u00e1 <strong>dura\u00e7\u00e3o de 4 horas<\/strong>, incluindo o tempo de marca\u00e7\u00e3o do cart\u00e3o-resposta, e ser\u00e1 aplicada preferencialmente na cidade de Ver\u00ea\/PR, podendo ocorrer em munic\u00edpios vizinhos se necess\u00e1rio. O candidato deve obter, no m\u00ednimo, <strong>60% do total de pontos<\/strong> para n\u00e3o ser eliminado. As disciplinas e a distribui\u00e7\u00e3o de quest\u00f5es e pontos constam nas tabelas do edital.<\/li>\n<\/ul>\n<p>O candidato dever\u00e1 comparecer ao local de prova com anteced\u00eancia m\u00ednima de 45 minutos, portando documento oficial com foto, caneta esferogr\u00e1fica transparente de tinta azul ou preta e o Cart\u00e3o de Informa\u00e7\u00e3o do Candidato, impresso no site da banca.<\/p>\n<ul>\n<li><strong>Prova de T\u00edtulos<\/strong> \u2013 de car\u00e1ter <strong>classificat\u00f3rio<\/strong>, destinada <strong>exclusivamente aos cargos de n\u00edvel superior<\/strong>. Somente participam os candidatos que alcan\u00e7arem a pontua\u00e7\u00e3o m\u00ednima na prova objetiva, conforme item 10.26 do edital. A prova de t\u00edtulos vale at\u00e9 <strong>20 pontos<\/strong>, ainda que a soma dos t\u00edtulos apresentados ultrapasse esse limite, seguindo os crit\u00e9rios da Tabela 12.1.<\/li>\n<\/ul>\n<p>Os t\u00edtulos devem ser cadastrados em formul\u00e1rio espec\u00edfico dispon\u00edvel em <strong>www.concursosfau.com.br<\/strong> entre 05\/02\/2025 \u00e0s 09h e 07\/02\/2025 \u00e0s 23h59, e entregues em <strong>envelope lacrado<\/strong>, com o formul\u00e1rio de identifica\u00e7\u00e3o, aos fiscais de sala nos primeiros 60 minutos da prova objetiva. N\u00e3o h\u00e1 complementa\u00e7\u00e3o posterior de documentos.<\/p>\n<ul>\n<li><strong>Prova Pr\u00e1tica<\/strong> \u2013 de car\u00e1ter <strong>eliminat\u00f3rio e classificat\u00f3rio<\/strong>, aplicada <strong>apenas para os cargos de Motorista e Operador de M\u00e1quinas<\/strong>. Ser\u00e3o convocados os candidatos que atingirem a pontua\u00e7\u00e3o m\u00ednima na prova objetiva e estiverem classificados at\u00e9 o limite previsto na Tabela 13.2, incluindo empatados na \u00faltima posi\u00e7\u00e3o. A prova pr\u00e1tica ser\u00e1 pontuada de 0 a 100 pontos, exigindo-se <strong>nota m\u00ednima de 50 pontos<\/strong> para aprova\u00e7\u00e3o. Data, hor\u00e1rio e local ser\u00e3o divulgados em edital espec\u00edfico de convoca\u00e7\u00e3o.<\/li>\n<\/ul>\n<p>As provas ser\u00e3o realizadas mesmo em condi\u00e7\u00f5es clim\u00e1ticas adversas, e n\u00e3o haver\u00e1 segunda chamada. Para detalhes sobre conte\u00fados cobrados, crit\u00e9rios de corre\u00e7\u00e3o, pontua\u00e7\u00f5es por disciplina e cronograma completo, \u00e9 indispens\u00e1vel a leitura integral do edital.<\/p>\n<h2>Resultados e Gabarito<\/h2>\n<p>O <strong>gabarito preliminar<\/strong> e o caderno de quest\u00f5es da prova objetiva ser\u00e3o divulgados at\u00e9 as <strong>19h do dia seguinte<\/strong> \u00e0 aplica\u00e7\u00e3o da prova, nos sites <strong>www.concursosfau.com.br<\/strong> e <strong>https:\/\/www.vere.pr.gov.br\/<\/strong>. A partir dessa publica\u00e7\u00e3o, abre-se o prazo de recursos, conforme regras e prazos definidos no edital (n\u00e3o detalhados no trecho fornecido). Ap\u00f3s a an\u00e1lise dos recursos, ser\u00e1 divulgado o <strong>gabarito definitivo<\/strong>.<\/p>\n<p>O <strong>resultado final<\/strong> ser\u00e1 calculado de forma distinta conforme o grupo de cargos:<\/p>\n<ul>\n<li>Para os cargos da <strong>Tabela 9.1<\/strong>: Nota Final = soma da nota da prova objetiva + nota da prova de t\u00edtulos.<\/li>\n<li>Para os cargos das <strong>Tabelas 9.2 e 9.3<\/strong> (exceto Motorista e Operador de M\u00e1quinas): Nota Final = nota da prova objetiva.<\/li>\n<li>Para <strong>Motorista e Operador de M\u00e1quinas<\/strong> da Tabela 9.3: Nota Final = (nota da prova objetiva + nota da prova pr\u00e1tica) \u00f7 2.<\/li>\n<\/ul>\n<p>Os candidatos ser\u00e3o classificados em <strong>ordem decrescente<\/strong> da Nota Final. Em caso de empate, ser\u00e3o aplicados, sucessivamente, os seguintes crit\u00e9rios: maior idade entre candidatos com 60 anos ou mais (Estatuto do Idoso); maior pontua\u00e7\u00e3o em Conhecimentos Espec\u00edficos (quando houver); maior pontua\u00e7\u00e3o em L\u00edngua Portuguesa; maior pontua\u00e7\u00e3o em Conhecimentos Gerais; e, persistindo o empate, maior idade considerando dia, m\u00eas e ano de nascimento.<\/p>\n<p>O resultado final ser\u00e1 publicado em tr\u00eas listas: <strong>Lista Geral<\/strong> (ampla concorr\u00eancia, incluindo todos os candidatos), <strong>Lista de Pessoas com Defici\u00eancia<\/strong> e <strong>Lista de Afrodescendentes<\/strong>, todas em ordem classificat\u00f3ria. Candidatos eliminados n\u00e3o constar\u00e3o na classifica\u00e7\u00e3o final.<\/p>\n<p>Ap\u00f3s o julgamento de todos os recursos, o resultado final ser\u00e1 <strong>homologado<\/strong> pelo Munic\u00edpio de Ver\u00ea e publicado no Di\u00e1rio Oficial do Munic\u00edpio e nos sites <strong>www.concursosfau.com.br<\/strong> e <strong>https:\/\/www.vere.pr.gov.br\/<\/strong>. A <strong>convoca\u00e7\u00e3o para posse<\/strong> ocorrer\u00e1 por meio de edital espec\u00edfico, divulgado no \u00f3rg\u00e3o oficial do Munic\u00edpio e no site institucional, com prazo de 5 dias \u00fateis para comparecimento. O n\u00e3o comparecimento, a inaptid\u00e3o no exame m\u00e9dico admissional ou a n\u00e3o apresenta\u00e7\u00e3o de documentos exigidos implicam elimina\u00e7\u00e3o e convoca\u00e7\u00e3o do pr\u00f3ximo classificado.<\/p>\n<p>\u00c9 de responsabilidade exclusiva do candidato acompanhar, de forma cont\u00ednua, todas as publica\u00e7\u00f5es oficiais da banca organizadora e do Munic\u00edpio de Ver\u00ea, bem como os atos no Di\u00e1rio Oficial, n\u00e3o podendo alegar desconhecimento de prazos, resultados, homologa\u00e7\u00f5es ou convoca\u00e7\u00f5es.<\/p>\n","protected":false},"excerpt":{"rendered":"<p>Concurso Pref. Ver\u00ea (PR) com edital publicado! Vagas p\/ Professor, M\u00e9dico (Fund. a Sup.). Inscri\u00e7\u00f5es a partir de 03\/11. Sal\u00e1rios at\u00e9 R$14.3k. Confira detalhes!<\/p>\n","protected":false},"author":7,"featured_media":274417,"comment_status":"open","ping_status":"open","sticky":false,"template":"","format":"standard","meta":{"_acf_changed":false,"_breakdance_hide_in_design_set":false,"_breakdance_tags":"","footnotes":""},"categories":[3,126,9,10,117,6434,12,14,151,17,18,19,21,23,24,25,26,101,159,134],"tags":[52],"_amplo":[],"destaque":[],"instituicoes":[],"class_list":["post-274418","post","type-post","status-publish","format-standard","has-post-thumbnail","hentry","category-administracao","category-ciencia-computacao","category-ciencias-contabeis","category-direito","category-economia","category-educacao-fisica-licenciatura","category-enfermagem","category-engenharia","category-engenharia-computacao","category-farmacia","category-fisioterapia","category-fonoaudiologia","category-medicina","category-nutricao","category-odontologia","category-pedagogia","category-psicologia","category-servico-social","category-tecnologia-da-informacao","category-terapia-ocupacional","tag-parana"],"acf":{"_tipo_vagas":"vagas","_numero_vagas":"","_quadro_vagas":"","_cargos":"diversos","_cargos_especificos":"","_salario_max":"R$ 14363.13","_abertura":"20251103","_encerramento":"20251202","_inscricoes":"http:\/\/www.concursosfau.com.br","_executora_concurso":"","_instituicao_concurso":[],"_link_adicional":null,"_anexos":null,"_produtos":null,"_vagas":"80 vagas + CR","_salario_min":"R$ 1556.73","_instituicao":"Prefeitura de Ver\u00ea","_edital":"https:\/\/www.agrobase.com.br\/concursos\/wp-content\/uploads\/sites\/4\/2025\/11\/edital-01-2025-prefeitura-de-vere-pr.pdf","_anexos_edital":"https:\/\/www.agrobase.com.br\/concursos\/wp-content\/uploads\/sites\/4\/2025\/11\/anexos-edital-01-2025-prefeitura-de-vere-pr.pdf","_fund_incompleto":"<div>\r\n<table class=\"quadro\">\r\n<thead>\r\n<tr>\r\n<th class=\"hcargo\">Cargo<\/th>\r\n<th class=\"hvagas\">Vagas<\/th>\r\n<th class=\"hremuneracao\">Remunera\u00e7\u00e3o<\/th>\r\n<\/tr>\r\n<\/thead>\r\n    <tbody>\r\n      <td class=\"ccargos\">\r\n<span data-balloon-length=\"medium\" aria-label=\"Ensino Fundamental Incompleto.\" data-balloon-pos=\"up\">Auxiliar de Servi\u00e7os Gerais<\/span><\/td>\r\n<td class=\"cvagas\">04 + CR<\/td>\r\n<td class=\"cremuneracao\">R$ 1.819,13 \/40h<\/td>\r\n<\/tr><td class=\"ccargos\">\r\n<span data-balloon-length=\"medium\" aria-label=\"Ensino Fundamental Incompleto.\" data-balloon-pos=\"up\">Vigia<\/span><\/td>\r\n<td class=\"cvagas\">CR<\/td>\r\n<td class=\"cremuneracao\">R$ 1.556,73 \/40h<\/td>\r\n<\/tr>\r\n    <\/tbody>\r\n  <\/table>\r\n<\/div>","_fund_completo":"<div>\r\n<table class=\"quadro\">\r\n<thead>\r\n<tr>\r\n<th class=\"hcargo\">Cargo<\/th>\r\n<th class=\"hvagas\">Vagas<\/th>\r\n<th class=\"hremuneracao\">Remunera\u00e7\u00e3o<\/th>\r\n<\/tr>\r\n<\/thead>\r\n    <tbody>\r\n      <td class=\"ccargos\">\r\n<span data-balloon-length=\"medium\" aria-label=\"Ensino Fundamental Completo.\" data-balloon-pos=\"up\">Auxiliar Administrativo<\/span><\/td>\r\n<td class=\"cvagas\">03 + CR<\/td>\r\n<td class=\"cremuneracao\">R$ 2.260,13 \/40h<\/td>\r\n<\/tr><td class=\"ccargos\">\r\n<span data-balloon-length=\"medium\" aria-label=\"Ensino Fundamental Completo.\" data-balloon-pos=\"up\">Mec\u00e2nico<\/span><\/td>\r\n<td class=\"cvagas\">01<\/td>\r\n<td class=\"cremuneracao\">R$ 4.006,94 \/40h<\/td>\r\n<\/tr><td class=\"ccargos\">\r\n<span data-balloon-length=\"medium\" data-balloon-pos=\"up\">Motorista<\/span><\/td>\r\n<td class=\"cvagas\">04 + CR<\/td>\r\n<td class=\"cremuneracao\">R$ 2.260,13 \/40h<\/td>\r\n<\/tr><td class=\"ccargos\">\r\n<span data-balloon-length=\"medium\" aria-label=\"Ensino Fundamental Completo.\" data-balloon-pos=\"up\">Operador de M\u00e1quinas<\/span><\/td>\r\n<td class=\"cvagas\">03 + CR<\/td>\r\n<td class=\"cremuneracao\">R$ 2.590,88 \/40h<\/td>\r\n<\/tr>\r\n    <\/tbody>\r\n  <\/table>\r\n<\/div>","_medio":"<div>\r\n<table class=\"quadro\">\r\n<thead>\r\n<tr>\r\n<th class=\"hcargo\">Cargo<\/th>\r\n<th class=\"hvagas\">Vagas<\/th>\r\n<th class=\"hremuneracao\">Remunera\u00e7\u00e3o<\/th>\r\n<\/tr>\r\n<\/thead>\r\n    <tbody>\r\n      <td class=\"ccargos\">\r\n<span data-balloon-length=\"medium\" aria-label=\"Ensino M\u00e9dio Completo.\" data-balloon-pos=\"up\">Agente de Combate a Endemias<\/span><\/td>\r\n<td class=\"cvagas\">01 + CR<\/td>\r\n<td class=\"cremuneracao\">R$ 3.036,00 \/40h<\/td>\r\n<\/tr><td class=\"ccargos\">\r\n<span data-balloon-length=\"medium\" aria-label=\"Ensino m\u00e9dio completo.\" data-balloon-pos=\"up\">Atendente de Farm\u00e1cia<\/span><\/td>\r\n<td class=\"cvagas\">01 + CR<\/td>\r\n<td class=\"cremuneracao\">R$ 2.080,00 \/40h<\/td>\r\n<\/tr><td class=\"ccargos\">\r\n<span data-balloon-length=\"medium\" aria-label=\"Curso Auxiliar em Sa\u00fade Bucal e Registro no respectivo Conselho\/\u00d3rg\u00e3o de Classe.\" data-balloon-pos=\"up\">Auxiliar de Consult\u00f3rio Dent\u00e1rio<\/span><\/td>\r\n<td class=\"cvagas\">03 + CR<\/td>\r\n<td class=\"cremuneracao\">R$ 2.535,75 \/40h<\/td>\r\n<\/tr><td class=\"ccargos\">\r\n<span data-balloon-length=\"medium\" aria-label=\"Ensino M\u00e9dio Completo.\" data-balloon-pos=\"up\">Monitor Educacional<\/span><\/td>\r\n<td class=\"cvagas\">02 + CR<\/td>\r\n<td class=\"cremuneracao\">R$ 3.200,00 \/40h<\/td>\r\n<\/tr><td class=\"ccargos\">\r\n<span data-balloon-length=\"medium\" aria-label=\"Ensino M\u00e9dio Completo.\" data-balloon-pos=\"up\">Oficial Administrativo<\/span><\/td>\r\n<td class=\"cvagas\">02 + CR<\/td>\r\n<td class=\"cremuneracao\">R$ 3.693,38 \/40h<\/td>\r\n<\/tr><td class=\"ccargos\">\r\n<span data-balloon-length=\"medium\" aria-label=\"Curso de T\u00e9cnico Agr\u00edcola e Registro no respectivo Conselho\/\u00d3rg\u00e3o de Classe.\" data-balloon-pos=\"up\">T\u00e9cnico Agr\u00edcola<\/span><\/td>\r\n<td class=\"cvagas\">01 + CR<\/td>\r\n<td class=\"cremuneracao\">R$ 2.376,86 \/40h<\/td>\r\n<\/tr><td class=\"ccargos\">\r\n<span data-balloon-length=\"medium\" aria-label=\"Curso de T\u00e9cnico em Enfermagem e Registro no respectivo Conselho\/\u00d3rg\u00e3o de Classe.\" data-balloon-pos=\"up\">T\u00e9cnico em Enfermagem<\/span><\/td>\r\n<td class=\"cvagas\">01 + CR<\/td>\r\n<td class=\"cremuneracao\">R$ 3.693,38 \/40h<\/td>\r\n<\/tr><td class=\"ccargos\">\r\n<span data-balloon-length=\"medium\" aria-label=\"Curso de T\u00e9cnico em Higiene Dental\/ Sa\u00fade Bucal e Registro no respectivo Conselho\/ \u00d3rg\u00e3o de Classe.\" data-balloon-pos=\"up\">T\u00e9cnico em Higiene Dental \/ T\u00e9cnico em Sa\u00fade Bucal<\/span><\/td>\r\n<td class=\"cvagas\">01 + CR<\/td>\r\n<td class=\"cremuneracao\">R$ 2.701,13 \/40h<\/td>\r\n<\/tr>\r\n    <\/tbody>\r\n  <\/table>\r\n<\/div>","_superior":"<div>\r\n<table class=\"quadro\">\r\n<thead>\r\n<tr>\r\n<th class=\"hcargo\">Cargo<\/th>\r\n<th class=\"hvagas\">Vagas<\/th>\r\n<th class=\"hremuneracao\">Remunera\u00e7\u00e3o<\/th>\r\n<\/tr>\r\n<\/thead>\r\n    <tbody>\r\n      <tr>\r\n<td class=\"ccargos\">\r\n<span data-balloon-length=\"medium\" aria-label=\"Bacharelado em an\u00e1lise de sistemas, ci\u00eancias da computa\u00e7\u00e3o, sistemas de informa\u00e7\u00e3o ou engenharia de software.\" data-balloon-pos=\"up\">Analista de Tecnologia da Informa\u00e7\u00e3o<\/span><\/td>\r\n<td class=\"cvagas\">01<\/td>\r\n<td class=\"cremuneracao\">R$ 4.200,00 \/40h<\/td>\r\n<\/tr><tr>\r\n<td class=\"ccargos\">\r\n<span data-balloon-length=\"medium\" aria-label=\"Superior completo em Servi\u00e7o Social e Registro no respectivo Conselho\/\u00d3rg\u00e3o de Classe.\" data-balloon-pos=\"up\">Assistente Social<\/span><\/td>\r\n<td class=\"cvagas\">01 + CR<\/td>\r\n<td class=\"cremuneracao\">R$ 4.814,58 \/40h<\/td>\r\n<\/tr><tr>\r\n<td class=\"ccargos\">\r\n<span data-balloon-length=\"medium\" aria-label=\"Superior completo em Ci\u00eancias Cont\u00e1beis e Registro no respectivo Conselho\/\u00d3rg\u00e3o de Classe.\" data-balloon-pos=\"up\">Contador<\/span><\/td>\r\n<td class=\"cvagas\">01<\/td>\r\n<td class=\"cremuneracao\">R$ 8.547,16 \/40h<\/td>\r\n<\/tr><tr>\r\n<td class=\"ccargos\">\r\n<span data-balloon-length=\"medium\" aria-label=\"Superior completo em Enfermagem e Registro no respectivo Conselho\/\u00d3rg\u00e3o de Classe.\" data-balloon-pos=\"up\">Enfermeiro<\/span><\/td>\r\n<td class=\"cvagas\">01 + CR<\/td>\r\n<td class=\"cremuneracao\">R$ 6.203,58 \/40h<\/td>\r\n<\/tr><tr>\r\n<td class=\"ccargos\">\r\n<span data-balloon-length=\"medium\" aria-label=\"Superior completo em Engenharia Civil e Registro no respectivo Conselho\/\u00d3rg\u00e3o de Classe.\" data-balloon-pos=\"up\">Engenheiro Civil<\/span><\/td>\r\n<td class=\"cvagas\">01 + CR<\/td>\r\n<td class=\"cremuneracao\">R$ 7.379,32 \/40h<\/td>\r\n<\/tr><tr>\r\n<td class=\"ccargos\">\r\n<span data-balloon-length=\"medium\" aria-label=\"Superior completo em Farm\u00e1cia e Registro no respectivo Conselho\/\u00d3rg\u00e3o de Classe.\" data-balloon-pos=\"up\">Farmac\u00eautico<\/span><\/td>\r\n<td class=\"cvagas\">02 + CR<\/td>\r\n<td class=\"cremuneracao\">R$ 5.473,96 \/40h<\/td>\r\n<\/tr><tr>\r\n<td class=\"ccargos\">\r\n<span data-balloon-length=\"medium\" aria-label=\"Bacharelado em qualquer \u00e1rea e possuir carteira nacional de habilita\u00e7\u00e3o categoria B.\" data-balloon-pos=\"up\">Fiscal de Obras<\/span><\/td>\r\n<td class=\"cvagas\">01<\/td>\r\n<td class=\"cremuneracao\">R$ 3.258,00 \/40h<\/td>\r\n<\/tr><tr>\r\n<td class=\"ccargos\">\r\n<span data-balloon-length=\"medium\" aria-label=\"Bacharelado em administra\u00e7\u00e3o, ci\u00eancias cont\u00e1beis, direito ou economia, possuir carteira de habilita\u00e7\u00e3o categoria B e registro no respectivo conselho\/\u00f3rg\u00e3o de classe.\" data-balloon-pos=\"up\">Fiscal de Tributos<\/span><\/td>\r\n<td class=\"cvagas\">01<\/td>\r\n<td class=\"cremuneracao\">R$ 3.600,00 \/40h<\/td>\r\n<\/tr><tr>\r\n<td class=\"ccargos\">\r\n<span data-balloon-length=\"medium\" aria-label=\"Superior completo em Fisioterapia e Registro no respectivo Conselho\/\u00d3rg\u00e3o de Classe.\" data-balloon-pos=\"up\">Fisioterapeuta<\/span><\/td>\r\n<td class=\"cvagas\">02 + CR<\/td>\r\n<td class=\"cremuneracao\">R$ 2.950,26 \/20h<\/td>\r\n<\/tr><tr>\r\n<td class=\"ccargos\">\r\n<span data-balloon-length=\"medium\" aria-label=\"Superior completo em Fonoaudiologia e Registro no respectivo Conselho\/\u00d3rg\u00e3o de Classe.\" data-balloon-pos=\"up\">Fonoaudi\u00f3logo<\/span><\/td>\r\n<td class=\"cvagas\">01 + CR<\/td>\r\n<td class=\"cremuneracao\">R$ 2.878,31 \/20h<\/td>\r\n<\/tr><tr>\r\n<td class=\"ccargos\">\r\n<span data-balloon-length=\"medium\" aria-label=\"Superior completo em Educa\u00e7\u00e3o F\u00edsica e Registro no respectivo Conselho\/\u00d3rg\u00e3o de Classe.\" data-balloon-pos=\"up\">Instrutor de Educa\u00e7\u00e3o F\u00edsica<\/span><\/td>\r\n<td class=\"cvagas\">02 + CR<\/td>\r\n<td class=\"cremuneracao\">R$ 2.370,54 \/20h<\/td>\r\n<\/tr><tr>\r\n<td class=\"ccargos\">\r\n<span data-balloon-length=\"medium\" aria-label=\"Superior completo em Medicina e Registro no respectivo Conselho\/\u00d3rg\u00e3o de Classe.\" data-balloon-pos=\"up\">M\u00e9dico<\/span><\/td>\r\n<td class=\"cvagas\">03 + CR<\/td>\r\n<td class=\"cremuneracao\">R$ 14.363,13 \/20h<\/td>\r\n<\/tr><tr>\r\n<td class=\"ccargos\">\r\n<span data-balloon-length=\"medium\" aria-label=\"Superior completo em Nutri\u00e7\u00e3o e Registro no respectivo Conselho\/\u00d3rg\u00e3o de Classe.\" data-balloon-pos=\"up\">Nutricionista<\/span><\/td>\r\n<td class=\"cvagas\">01 + CR<\/td>\r\n<td class=\"cremuneracao\">R$ 6.077,11 \/40h<\/td>\r\n<\/tr><tr>\r\n<td class=\"ccargos\">\r\n<span data-balloon-length=\"medium\" aria-label=\"Superior completo em Odontologia e Registro no respectivo Conselho\/\u00d3rg\u00e3o de Classe.\" data-balloon-pos=\"up\">Odont\u00f3logo<\/span><\/td>\r\n<td class=\"cvagas\">01 + CR<\/td>\r\n<td class=\"cremuneracao\">R$ 6.293,55 \/40h<\/td>\r\n<\/tr><tr>\r\n<td class=\"ccargos\">\r\n<span data-balloon-length=\"medium\" aria-label=\"Professor com Curso superior de licenciatura plena na \u00e1rea de Pedagogia.\" data-balloon-pos=\"up\">Professor<\/span><\/td>\r\n<td class=\"cvagas\">30 + CR<\/td>\r\n<td class=\"cremuneracao\">R$ 2.436,82 \/20h<\/td>\r\n<\/tr><tr>\r\n<td class=\"ccargos\">\r\n<span data-balloon-length=\"medium\" aria-label=\"Professor com Curso superior de licenciatura plena na \u00e1rea de Educa\u00e7\u00e3o F\u00edsica, ou outra Licenciatura Plena com habilita\u00e7\u00e3o em Magist\u00e9rio.\" data-balloon-pos=\"up\">Professor de Educa\u00e7\u00e3o F\u00edsica<\/span><\/td>\r\n<td class=\"cvagas\">01 + CR<\/td>\r\n<td class=\"cremuneracao\">R$ 2.436,82 \/20h<\/td>\r\n<\/tr><tr>\r\n<td class=\"ccargos\">\r\n<span data-balloon-length=\"medium\" aria-label=\"Superior completo em Psicologia e Registro no respectivo Conselho\/\u00d3rg\u00e3o de Classe.\" data-balloon-pos=\"up\">Psic\u00f3logo<\/span><\/td>\r\n<td class=\"cvagas\">02 + CR<\/td>\r\n<td class=\"cremuneracao\">R$  \/40h<\/td>\r\n<\/tr><tr>\r\n<td class=\"ccargos\">\r\n<span data-balloon-length=\"medium\" aria-label=\"Bacharelado em Terapia Ocupacional e registro no respectivo conselho\/\u00f3rg\u00e3o de classe.\" data-balloon-pos=\"up\">Terapeuta Ocupacional<\/span><\/td>\r\n<td class=\"cvagas\">01<\/td>\r\n<td class=\"cremuneracao\">R$ 4.800,00 \/40h<\/td>\r\n<\/tr>\r\n    <\/tbody>\r\n  <\/table>\r\n<\/div>"},"_links":{"self":[{"href":"https:\/\/www.agrobase.com.br\/concursos\/wp-json\/wp\/v2\/posts\/274418","targetHints":{"allow":["GET"]}}],"collection":[{"href":"https:\/\/www.agrobase.com.br\/concursos\/wp-json\/wp\/v2\/posts"}],"about":[{"href":"https:\/\/www.agrobase.com.br\/concursos\/wp-json\/wp\/v2\/types\/post"}],"author":[{"embeddable":true,"href":"https:\/\/www.agrobase.com.br\/concursos\/wp-json\/wp\/v2\/users\/7"}],"replies":[{"embeddable":true,"href":"https:\/\/www.agrobase.com.br\/concursos\/wp-json\/wp\/v2\/comments?post=274418"}],"version-history":[{"count":4,"href":"https:\/\/www.agrobase.com.br\/concursos\/wp-json\/wp\/v2\/posts\/274418\/revisions"}],"predecessor-version":[{"id":274428,"href":"https:\/\/www.agrobase.com.br\/concursos\/wp-json\/wp\/v2\/posts\/274418\/revisions\/274428"}],"wp:featuredmedia":[{"embeddable":true,"href":"https:\/\/www.agrobase.com.br\/concursos\/wp-json\/wp\/v2\/media\/274417"}],"wp:attachment":[{"href":"https:\/\/www.agrobase.com.br\/concursos\/wp-json\/wp\/v2\/media?parent=274418"}],"wp:term":[{"taxonomy":"category","embeddable":true,"href":"https:\/\/www.agrobase.com.br\/concursos\/wp-json\/wp\/v2\/categories?post=274418"},{"taxonomy":"post_tag","embeddable":true,"href":"https:\/\/www.agrobase.com.br\/concursos\/wp-json\/wp\/v2\/tags?post=274418"},{"taxonomy":"_amplo","embeddable":true,"href":"https:\/\/www.agrobase.com.br\/concursos\/wp-json\/wp\/v2\/_amplo?post=274418"},{"taxonomy":"destaque","embeddable":true,"href":"https:\/\/www.agrobase.com.br\/concursos\/wp-json\/wp\/v2\/destaque?post=274418"},{"taxonomy":"instituicoes","embeddable":true,"href":"https:\/\/www.agrobase.com.br\/concursos\/wp-json\/wp\/v2\/instituicoes?post=274418"}],"curies":[{"name":"wp","href":"https:\/\/api.w.org\/{rel}","templated":true}]}}