{"id":274404,"date":"2025-12-01T07:30:58","date_gmt":"2025-12-01T10:30:58","guid":{"rendered":"https:\/\/www.agrobase.com.br\/concursos\/?p=274404"},"modified":"2025-11-28T12:30:43","modified_gmt":"2025-11-28T15:30:43","slug":"prefeitura-santa-luzia-do-norte-al-concurso-01-2025","status":"publish","type":"post","link":"https:\/\/www.agrobase.com.br\/concursos\/2025\/prefeitura-santa-luzia-do-norte-al-concurso-01-2025\/","title":{"rendered":"Prefeitura Santa Luzia do Norte (AL) &#8211; Concurso 01\/2025"},"content":{"rendered":"<h2>Informa\u00e7\u00f5es Gerais<\/h2>\n<p>O Concurso P\u00fablico n\u00ba 001\/2025 \u2013 PMSLN\/AL, da Prefeitura Municipal de Santa Luzia do Norte (AL), organizado pelo Instituto IACP, teve seu edital normativo publicado para provimento de cargos efetivos do munic\u00edpio, sob o <strong>regime estatut\u00e1rio<\/strong>. O certame oferece <strong>163 vagas mais cadastro reserva<\/strong>, distribu\u00eddas entre cargos de n\u00edveis <strong>M\u00e9dio\/T\u00e9cnico<\/strong> e <strong>Superior<\/strong>, com remunera\u00e7\u00f5es iniciais entre R$ 1.518,00 e R$ 3.500,00.<\/p>\n<p>H\u00e1 oportunidades em \u00e1reas administrativas, sa\u00fade, assist\u00eancia social, educa\u00e7\u00e3o, seguran\u00e7a municipal (Guarda Municipal) e setores t\u00e9cnicos especializados como Arquitetura, Engenharia Civil, Contabilidade, Fisioterapia, Fonoaudiologia, Psicologia, Terapia Ocupacional, entre outros. Para o p\u00fablico da \u00e1rea da sa\u00fade, destacam-se vagas para <strong>Nutricionista<\/strong>, Enfermeiro(a), Farmac\u00eautico, Dentista, Fisioterapeuta, Fonoaudi\u00f3logo(a), Terapeuta Ocupacional e diversos cargos de n\u00edvel m\u00e9dio na rede de sa\u00fade.<\/p>\n<p>O concurso destina-se ao preenchimento imediato das vagas previstas em lei e tamb\u00e9m ao provimento de cargos que vierem a vagar dentro do prazo de validade do certame, de 1 ano, prorrog\u00e1vel uma vez por igual per\u00edodo. A seguir, voc\u00ea confere como funcionam as inscri\u00e7\u00f5es, etapas de sele\u00e7\u00e3o e divulga\u00e7\u00e3o dos resultados para decidir com seguran\u00e7a sobre sua participa\u00e7\u00e3o.<\/p>\n<h2>Inscri\u00e7\u00f5es<\/h2>\n<p>As inscri\u00e7\u00f5es para o Concurso P\u00fablico n\u00ba 001\/2025 da Prefeitura de Santa Luzia do Norte ser\u00e3o realizadas <strong>exclusivamente via internet<\/strong>, no site do Instituto IACP (<a href=\"https:\/\/www.institutoiacp.net.br\" target=\"_blank\" rel=\"noopener\">www.institutoiacp.net.br<\/a>), das <strong>14h do dia 08\/11\/2025 at\u00e9 23h59 de 02\/12\/2025<\/strong>, observado o hor\u00e1rio local.<\/p>\n<p>Para se inscrever, o candidato deve: acessar o site da banca, ler atentamente o edital, preencher o Formul\u00e1rio de Inscri\u00e7\u00e3o online indicando o cargo pretendido, gerar o boleto banc\u00e1rio e efetuar o pagamento da taxa de inscri\u00e7\u00e3o dentro do prazo. O boleto poder\u00e1 ser pago em qualquer ag\u00eancia banc\u00e1ria ou correspondente at\u00e9 <strong>03\/12\/2025<\/strong>. O n\u00e3o pagamento implica cancelamento autom\u00e1tico da inscri\u00e7\u00e3o.<\/p>\n<p>O edital informa que <strong>n\u00e3o haver\u00e1 isen\u00e7\u00e3o total ou parcial da taxa de inscri\u00e7\u00e3o<\/strong>, salvo em caso de cancelamento do certame por conveni\u00eancia da Prefeitura. H\u00e1, contudo, per\u00edodo espec\u00edfico para inscri\u00e7\u00e3o de candidatos economicamente hipossuficientes (pedido de isen\u00e7\u00e3o) previsto no cronograma, devendo o interessado observar as datas e regras detalhadas no edital.<\/p>\n<p>O comprovante de inscri\u00e7\u00e3o ser\u00e1 o boleto devidamente quitado at\u00e9 a publica\u00e7\u00e3o da <em>Rela\u00e7\u00e3o das Inscri\u00e7\u00f5es Deferidas<\/em>, que passar\u00e1 a ser o documento de refer\u00eancia para realiza\u00e7\u00e3o das provas. Todas as informa\u00e7\u00f5es prestadas no formul\u00e1rio s\u00e3o de responsabilidade do candidato, podendo a banca excluir quem fornecer dados incompletos ou inver\u00eddicos. N\u00e3o \u00e9 permitida altera\u00e7\u00e3o de cargo ap\u00f3s a inscri\u00e7\u00e3o, nem transfer\u00eancia de taxa ou de inscri\u00e7\u00e3o para outra pessoa.<\/p>\n<p>O acompanhamento do deferimento da inscri\u00e7\u00e3o, eventuais recursos e demais comunicados deve ser feito na <strong>\u00c1rea\/P\u00e1gina do Candidato<\/strong> no site do Instituto IACP. Antes de se inscrever, recomenda-se fortemente a leitura integral do edital normativo.<\/p>\n<h2>Etapas e Provas<\/h2>\n<p>O concurso da Prefeitura de Santa Luzia do Norte \u00e9 composto por v\u00e1rias etapas, que variam conforme o cargo. Todos os candidatos passam, inicialmente, por <strong>Prova Objetiva<\/strong>, e alguns cargos contam ainda com Teste de Aptid\u00e3o F\u00edsica, Exame de T\u00edtulos, Curso Introdut\u00f3rio, Exame Psicot\u00e9cnico, Avalia\u00e7\u00e3o de Sa\u00fade e Investiga\u00e7\u00e3o Social.<\/p>\n<ul>\n<li><strong>Prova Objetiva (todos os cargos)<\/strong>: de car\u00e1ter <strong>eliminat\u00f3rio e classificat\u00f3rio<\/strong>, com <strong>40 quest\u00f5es de m\u00faltipla escolha<\/strong> (A a E, apenas uma correta), valendo de 0 a 100 pontos. A prova ter\u00e1 dura\u00e7\u00e3o de <strong>4 horas<\/strong> e ser\u00e1 aplicada em 11\/01\/2026, em Santa Luzia do Norte (podendo utilizar cidades pr\u00f3ximas, se necess\u00e1rio). Candidatos de n\u00edvel m\u00e9dio far\u00e3o prova pela manh\u00e3 (08h \u00e0s 12h) e de n\u00edvel superior \u00e0 tarde (13h30 \u00e0s 17h30). Ser\u00e1 eliminado quem obtiver <strong>nota inferior a 50 pontos<\/strong> no conjunto das \u00e1reas tem\u00e1ticas ou <strong>zerar qualquer \u00e1rea<\/strong>.<\/li>\n<\/ul>\n<p>As disciplinas espec\u00edficas por cargo e a distribui\u00e7\u00e3o de pontos por \u00e1rea tem\u00e1tica constam dos quadros do edital, devendo o candidato conferir o conte\u00fado program\u00e1tico diretamente no documento oficial.<\/p>\n<ul>\n<li><strong>Teste de Aptid\u00e3o F\u00edsica \u2013 TAF (Guarda Municipal)<\/strong>: etapa <strong>eliminat\u00f3ria<\/strong>, prevista para 21\/02\/2026, para candidatos aprovados na prova objetiva com nota m\u00ednima de 50 pontos e classificados at\u00e9 3 vezes o n\u00famero de vagas. Avalia agilidade, resist\u00eancia muscular e aer\u00f3bica por meio de testes de abdominal, percurso sinuoso, apoio sobre o solo e corrida\/caminhada. Exige apresenta\u00e7\u00e3o de atestado m\u00e9dico recente.<\/li>\n<li><strong>Exame de T\u00edtulos (cargos do Magist\u00e9rio)<\/strong>: de car\u00e1ter <strong>classificat\u00f3rio<\/strong>, com nota m\u00e1xima de 10 pontos, somada \u00e0 nota da prova objetiva (podendo chegar a 110 pontos). Participam apenas os professores aprovados na objetiva (nota \u2265 50) e at\u00e9 3 vezes o n\u00famero de vagas por cargo. A entrega dos t\u00edtulos ser\u00e1 feita via internet, na \u00c1rea do Candidato, no per\u00edodo definido em edital de convoca\u00e7\u00e3o.<\/li>\n<li><strong>Curso Introdut\u00f3rio de Forma\u00e7\u00e3o Inicial e Continuada (Agente Comunit\u00e1rio de Sa\u00fade e Agente de Combate \u00e0s Endemias)<\/strong>: etapa <strong>eliminat\u00f3ria<\/strong>, com carga de 40 horas-aula, prevista para ocorrer entre 24 e 28\/02\/2026. Ser\u00e3o convocados candidatos aprovados na objetiva (nota \u2265 50, sem zerar \u00e1reas) at\u00e9 o limite de 3 vezes o n\u00famero de vagas. Exige matr\u00edcula online e frequ\u00eancia m\u00ednima de 85%, al\u00e9m de aproveitamento m\u00ednimo de 50% na avalia\u00e7\u00e3o.<\/li>\n<li><strong>Exame Psicot\u00e9cnico (Guarda Municipal)<\/strong>: etapa <strong>eliminat\u00f3ria<\/strong>, prevista para 07\/03\/2026, destinada aos candidatos aptos no TAF. Consiste na aplica\u00e7\u00e3o de testes psicol\u00f3gicos para verificar a adequa\u00e7\u00e3o do perfil psicol\u00f3gico ao cargo.<\/li>\n<li><strong>Avalia\u00e7\u00e3o de Sa\u00fade (Guarda Municipal)<\/strong>: etapa <strong>eliminat\u00f3ria<\/strong>, com realiza\u00e7\u00e3o de exames cl\u00ednicos e laboratoriais (radiografia de t\u00f3rax, exames de sangue, urina, fezes, audiometria, exame ginecol\u00f3gico\/mamas para mulheres, teste ergom\u00e9trico, entre outros). Candidato considerado inapto \u00e9 eliminado, sem nova avalia\u00e7\u00e3o.<\/li>\n<li><strong>Investiga\u00e7\u00e3o Social (Guarda Municipal)<\/strong>: etapa <strong>eliminat\u00f3ria<\/strong>, voltada \u00e0 verifica\u00e7\u00e3o de conduta irrepreens\u00edvel e idoneidade moral, por meio de an\u00e1lise da vida pregressa e atual do candidato nas esferas social, funcional, civil e criminal, desde a inscri\u00e7\u00e3o at\u00e9 a nomea\u00e7\u00e3o.<\/li>\n<\/ul>\n<p>Os detalhes sobre conte\u00fados cobrados, crit\u00e9rios de pontua\u00e7\u00e3o em cada etapa, documentos exigidos e cronograma completo devem ser consultados diretamente no edital e em seus editais de convoca\u00e7\u00e3o espec\u00edficos.<\/p>\n<h2>Resultados e Gabarito<\/h2>\n<p>Ap\u00f3s a aplica\u00e7\u00e3o das provas objetivas, o Instituto IACP divulgar\u00e1 os <strong>gabaritos preliminares<\/strong> em at\u00e9 48 horas, juntamente com as c\u00f3pias digitais das provas, no site <a href=\"https:\/\/www.institutoiacp.net.br\" target=\"_blank\" rel=\"noopener\">www.institutoiacp.net.br<\/a>. O cronograma prev\u00ea a publica\u00e7\u00e3o dos gabaritos preliminares em 12\/01\/2026, abertura de prazo para recursos e, posteriormente, divulga\u00e7\u00e3o dos <strong>gabaritos definitivos<\/strong> e do <strong>resultado preliminar<\/strong> das provas objetivas, com nova fase recursal antes da publica\u00e7\u00e3o do resultado ap\u00f3s recursos.<\/p>\n<p>As demais etapas (Exame de T\u00edtulos, TAF, Curso Introdut\u00f3rio, Exame Psicot\u00e9cnico, Avalia\u00e7\u00e3o de Sa\u00fade e Investiga\u00e7\u00e3o Social) tamb\u00e9m ter\u00e3o resultados preliminares e definitivos divulgados conforme datas previstas no cronograma anexo ao edital, sempre com prazos espec\u00edficos para interposi\u00e7\u00e3o de recursos.<\/p>\n<p>A <strong>classifica\u00e7\u00e3o<\/strong> dos candidatos ser\u00e1 em ordem decrescente da nota final por cargo, considerando a soma da prova objetiva e, quando houver, dos t\u00edtulos. Ser\u00e1 classificado o candidato que <strong>n\u00e3o zerar nenhuma \u00e1rea tem\u00e1tica<\/strong> e obtiver <strong>nota igual ou superior a 50 pontos<\/strong> na prova objetiva. Em caso de empate, ser\u00e3o aplicados crit\u00e9rios de desempate previstos no edital, observando-se prioritariamente o Estatuto do Idoso (Lei n\u00ba 10.741\/03, art. 27, par\u00e1grafo \u00fanico).<\/p>\n<p>Conclu\u00eddas todas as fases e decididos os recursos, a Comiss\u00e3o Especial encaminhar\u00e1 o relat\u00f3rio final ao Prefeito, que far\u00e1 a <strong>homologa\u00e7\u00e3o do resultado final<\/strong> e sua publica\u00e7\u00e3o nos meios oficiais. O resultado final e o resultado definitivo do concurso t\u00eam datas previstas no cronograma, com possibilidade de altera\u00e7\u00e3o por necessidade do certame.<\/p>\n<p>As <strong>nomea\u00e7\u00f5es<\/strong> ocorrer\u00e3o a crit\u00e9rio da Prefeitura, dentro do prazo de validade de 1 ano, prorrog\u00e1vel por igual per\u00edodo, obedecendo rigorosamente \u00e0 ordem de classifica\u00e7\u00e3o por cargo. As convoca\u00e7\u00f5es ser\u00e3o publicadas em edital no Di\u00e1rio Oficial do Munic\u00edpio e comunicadas por correspond\u00eancia com Aviso de Recebimento (AR), sendo responsabilidade do candidato manter seus dados atualizados junto \u00e0 banca e \u00e0 Prefeitura.<\/p>\n<p>Todos os avisos, resultados parciais e finais, bem como editais de convoca\u00e7\u00e3o para etapas, ser\u00e3o divulgados no site do Instituto IACP e afixados no sagu\u00e3o da Prefeitura. O candidato deve acompanhar, por conta pr\u00f3pria, todas as publica\u00e7\u00f5es oficiais tanto no site da organizadora quanto no ve\u00edculo oficial de divulga\u00e7\u00e3o do Munic\u00edpio, pois o n\u00e3o acompanhamento pode resultar em perda de prazos e exclus\u00e3o do certame.<\/p>\n","protected":false},"excerpt":{"rendered":"<p>Concurso Pref. Santa Luzia do Norte (AL) com edital publicado! Vagas p\/ Professor e Agente (M\u00e9dio\/Sup.). Inscri\u00e7\u00f5es a partir de 08\/11. Confira detalhes!<\/p>\n","protected":false},"author":7,"featured_media":274403,"comment_status":"open","ping_status":"open","sticky":false,"template":"","format":"standard","meta":{"_acf_changed":false,"_breakdance_hide_in_design_set":false,"_breakdance_tags":"","footnotes":""},"categories":[3,5,94,6433,9,10,117,141,6434,12,14,17,112,18,19,111,100,20,6871,116,21,119,23,24,25,26,101,108,143,134],"tags":[39],"_amplo":[],"destaque":[],"instituicoes":[],"class_list":["post-274404","post","type-post","status-publish","format-standard","has-post-thumbnail","hentry","category-administracao","category-arquitetura","category-biblioteconomia","category-biologia-licenciatura","category-ciencias-contabeis","category-direito","category-economia","category-educacao-artistica","category-educacao-fisica-licenciatura","category-enfermagem","category-engenharia","category-farmacia","category-filosofia","category-fisioterapia","category-fonoaudiologia","category-geografia","category-historia","category-letras","category-letras-ingles","category-matematica","category-medicina","category-musica","category-nutricao","category-odontologia","category-pedagogia","category-psicologia","category-servico-social","category-tecnico-enfermagem","category-tecnico-odontologia","category-terapia-ocupacional","tag-alagoas"],"acf":{"_tipo_vagas":"vagas","_numero_vagas":"","_quadro_vagas":"","_cargos":"diversos","_cargos_especificos":"","_salario_max":"R$ 3500","_abertura":"20251108","_encerramento":"20251202","_inscricoes":"https:\/\/www.institutoiacp.net.br","_executora_concurso":"","_instituicao_concurso":[],"_link_adicional":null,"_anexos":null,"_produtos":null,"_vagas":"163 vagas + CR","_salario_min":"R$ 1518","_instituicao":"Prefeitura de Santa Luzia do Norte","_edital":"https:\/\/www.agrobase.com.br\/concursos\/wp-content\/uploads\/sites\/4\/2025\/11\/edital-01-2025-prefeitura-de-santa-luzia-do-norte-al.pdf","_anexos_edital":"https:\/\/www.agrobase.com.br\/concursos\/wp-content\/uploads\/sites\/4\/2025\/11\/anexos-edital-01-2025-prefeitura-de-santa-luzia-do-norte-al.pdf","_fund_incompleto":"","_fund_completo":"","_medio":"<div>\r\n<table class=\"quadro\">\r\n<thead>\r\n<tr>\r\n<th class=\"hcargo\">Cargo<\/th>\r\n<th class=\"hvagas\">Vagas<\/th>\r\n<th class=\"hremuneracao\">Remunera\u00e7\u00e3o<\/th>\r\n<\/tr>\r\n<\/thead>\r\n    <tbody>\r\n      <td class=\"ccargos\">\r\n<span data-balloon-length=\"medium\" aria-label=\"Certificado de N\u00edvel M\u00e9dio completo\" data-balloon-pos=\"up\">Agente Administrativo<\/span><\/td>\r\n<td class=\"cvagas\">30<\/td>\r\n<td class=\"cremuneracao\">R$ 1.518,00 \/40h<\/td>\r\n<\/tr><td class=\"ccargos\">\r\n<span data-balloon-length=\"medium\" aria-label=\"Certificado de N\u00edvel M\u00e9dio completo acrescido de comprova\u00e7\u00e3o de resid\u00eancia na \u00e1rea da comunidade objeto do concurso e certificado de curso** introdut\u00f3rio para Agente Comunit\u00e1rio de Sa\u00fade com carga hor\u00e1ria de 40 horas-aula\" data-balloon-pos=\"up\">Agente Comunit\u00e1rio de Sa\u00fade<\/span><\/td>\r\n<td class=\"cvagas\">01<\/td>\r\n<td class=\"cremuneracao\">R$ 3.036,00 \/40h<\/td>\r\n<\/tr><td class=\"ccargos\">\r\n<span data-balloon-length=\"medium\" aria-label=\"Certificado de N\u00edvel M\u00e9dio completo acrescido de certificado de curso** introdut\u00f3rio para Agente de Combate \u00e0s Endemias com carga hor\u00e1ria de 40 horas-aula\" data-balloon-pos=\"up\">Agente de Combate \u00e0s Endemias<\/span><\/td>\r\n<td class=\"cvagas\">03<\/td>\r\n<td class=\"cremuneracao\">R$ 3.036,00 \/40h<\/td>\r\n<\/tr><td class=\"ccargos\">\r\n<span data-balloon-length=\"medium\" aria-label=\"Certificado de N\u00edvel M\u00e9dio completo acrescido de certificado de curso t\u00e9cnico profissionalizante na \u00e1rea espec\u00edfica com registro no conselho de classe espec\u00edfico\" data-balloon-pos=\"up\">Auxiliar de Consult\u00f3rio Dent\u00e1rio<\/span><\/td>\r\n<td class=\"cvagas\">05<\/td>\r\n<td class=\"cremuneracao\">R$ 1.518,00 \/40h<\/td>\r\n<\/tr><td class=\"ccargos\">\r\n<span data-balloon-length=\"medium\" data-balloon-pos=\"up\">Condutor de Ambul\u00e2ncia<\/span><\/td>\r\n<td class=\"cvagas\">03<\/td>\r\n<td class=\"cremuneracao\">R$ 1.518,00 \/40h<\/td>\r\n<\/tr><td class=\"ccargos\">\r\n<span data-balloon-length=\"medium\" aria-label=\"Certificado de N\u00edvel M\u00e9dio completo\" data-balloon-pos=\"up\">Guarda Municipal<\/span><\/td>\r\n<td class=\"cvagas\">10<\/td>\r\n<td class=\"cremuneracao\">R$ 1.800,00 \/40h<\/td>\r\n<\/tr><td class=\"ccargos\">\r\n<span data-balloon-length=\"medium\" data-balloon-pos=\"up\">Motorista<\/span><\/td>\r\n<td class=\"cvagas\">10<\/td>\r\n<td class=\"cremuneracao\">R$ 1.518,00 \/40h<\/td>\r\n<\/tr><td class=\"ccargos\">\r\n<span data-balloon-length=\"medium\" aria-label=\"Certificado de N\u00edvel M\u00e9dio completo\" data-balloon-pos=\"up\">Recreador(a)<\/span><\/td>\r\n<td class=\"cvagas\">03<\/td>\r\n<td class=\"cremuneracao\">R$ 1.518,00 \/40h<\/td>\r\n<\/tr><td class=\"ccargos\">\r\n<span data-balloon-length=\"medium\" aria-label=\"Certificado de N\u00edvel M\u00e9dio completo acrescido de certificado de curso t\u00e9cnico profissionalizante na \u00e1rea espec\u00edfica com registro no conselho de classe espec\u00edfico\" data-balloon-pos=\"up\">T\u00e9cnico em Enfermagem<\/span><\/td>\r\n<td class=\"cvagas\">10<\/td>\r\n<td class=\"cremuneracao\">R$ 1.813,64 \/40h<\/td>\r\n<\/tr><td class=\"ccargos\">\r\n<span data-balloon-length=\"medium\" aria-label=\"Certificado de N\u00edvel M\u00e9dio completo\" data-balloon-pos=\"up\">Visitador(a) Sanit\u00e1rio<\/span><\/td>\r\n<td class=\"cvagas\">02<\/td>\r\n<td class=\"cremuneracao\">R$ 1.518,00 \/40h<\/td>\r\n<\/tr>\r\n    <\/tbody>\r\n  <\/table>\r\n<\/div>","_superior":"<div>\r\n<table class=\"quadro\">\r\n<thead>\r\n<tr>\r\n<th class=\"hcargo\">Cargo<\/th>\r\n<th class=\"hvagas\">Vagas<\/th>\r\n<th class=\"hremuneracao\">Remunera\u00e7\u00e3o<\/th>\r\n<\/tr>\r\n<\/thead>\r\n    <tbody>\r\n      <tr>\r\n<td class=\"ccargos\">\r\n<span data-balloon-length=\"medium\" aria-label=\"Certificado de N\u00edvel Superior em Arquitetura com registro no conselho de classe espec\u00edfico\" data-balloon-pos=\"up\">Arquiteto<\/span><\/td>\r\n<td class=\"cvagas\">01<\/td>\r\n<td class=\"cremuneracao\">R$ 2.500,00 \/20h<\/td>\r\n<\/tr><tr>\r\n<td class=\"ccargos\">\r\n<span data-balloon-length=\"medium\" aria-label=\"Certificado de N\u00edvel Superior em Servi\u00e7o Social com registro no conselho de classe espec\u00edfico\" data-balloon-pos=\"up\">Assistente Social<\/span><\/td>\r\n<td class=\"cvagas\">02<\/td>\r\n<td class=\"cremuneracao\">R$ 2.400,00 \/30h<\/td>\r\n<\/tr><tr>\r\n<td class=\"ccargos\">\r\n<span data-balloon-length=\"medium\" aria-label=\"Certificado de N\u00edvel Superior em Biblioteconomia com registro no conselho de classe espec\u00edfico\" data-balloon-pos=\"up\">Bibliotec\u00e1rio<\/span><\/td>\r\n<td class=\"cvagas\">01<\/td>\r\n<td class=\"cremuneracao\">R$ 2.400,00 \/30h<\/td>\r\n<\/tr><tr>\r\n<td class=\"ccargos\">\r\n<span data-balloon-length=\"medium\" aria-label=\"Certificado de N\u00edvel Superior em Ci\u00eancias Cont\u00e1beis com registro no conselho de classe espec\u00edfico\" data-balloon-pos=\"up\">Contador<\/span><\/td>\r\n<td class=\"cvagas\">02<\/td>\r\n<td class=\"cremuneracao\">R$ 2.400,00 \/30h<\/td>\r\n<\/tr><tr>\r\n<td class=\"ccargos\">\r\n<span data-balloon-length=\"medium\" aria-label=\"Certificado de N\u00edvel Superior em Dan\u00e7a\" data-balloon-pos=\"up\">Core\u00f3grafo(a)<\/span><\/td>\r\n<td class=\"cvagas\">01<\/td>\r\n<td class=\"cremuneracao\">R$ 2.400,00 \/30h<\/td>\r\n<\/tr><tr>\r\n<td class=\"ccargos\">\r\n<span data-balloon-length=\"medium\" aria-label=\"Certificado de N\u00edvel Superior em Odontologia com registro no conselho de classe espec\u00edfico\" data-balloon-pos=\"up\">Dentista<\/span><\/td>\r\n<td class=\"cvagas\">02<\/td>\r\n<td class=\"cremuneracao\">R$ 2.400,00 \/30h<\/td>\r\n<\/tr><tr>\r\n<td class=\"ccargos\">\r\n<span data-balloon-length=\"medium\" aria-label=\"Certificado de N\u00edvel Superior em Educa\u00e7\u00e3o F\u00edsica com registro no conselho de classe espec\u00edfico\" data-balloon-pos=\"up\">Educador F\u00edsico<\/span><\/td>\r\n<td class=\"cvagas\">01<\/td>\r\n<td class=\"cremuneracao\">R$ 2.400,00 \/30h<\/td>\r\n<\/tr><tr>\r\n<td class=\"ccargos\">\r\n<span data-balloon-length=\"medium\" aria-label=\"Certificado de N\u00edvel Superior em Enfermagem com registro no conselho de classe espec\u00edfico\" data-balloon-pos=\"up\">Enfermeiro(a)<\/span><\/td>\r\n<td class=\"cvagas\">04<\/td>\r\n<td class=\"cremuneracao\">R$ 3.238,63 \/30h<\/td>\r\n<\/tr><tr>\r\n<td class=\"ccargos\">\r\n<span data-balloon-length=\"medium\" aria-label=\"Certificado de N\u00edvel Superior em Engenharia Civil com registro no conselho de classe espec\u00edfico\" data-balloon-pos=\"up\">Engenheiro Civil<\/span><\/td>\r\n<td class=\"cvagas\">01<\/td>\r\n<td class=\"cremuneracao\">R$ 3.500,00 \/20h<\/td>\r\n<\/tr><tr>\r\n<td class=\"ccargos\">\r\n<span data-balloon-length=\"medium\" aria-label=\"Certificado de N\u00edvel Superior em Farm\u00e1cia com registro no conselho de classe espec\u00edfico\" data-balloon-pos=\"up\">Farmac\u00eautico<\/span><\/td>\r\n<td class=\"cvagas\">01<\/td>\r\n<td class=\"cremuneracao\">R$ 2.400,00 \/30h<\/td>\r\n<\/tr><tr>\r\n<td class=\"ccargos\">\r\n<span data-balloon-length=\"medium\" aria-label=\"Certificado de N\u00edvel Superior em Administra\u00e7\u00e3o ou Ci\u00eancias Cont\u00e1beis ou Ci\u00eancias Econ\u00f4micas ou Direito com registro no conselho de classe espec\u00edfico\" data-balloon-pos=\"up\">Fiscal de Tributos<\/span><\/td>\r\n<td class=\"cvagas\">02<\/td>\r\n<td class=\"cremuneracao\">R$ 2.500,00 \/40h<\/td>\r\n<\/tr><tr>\r\n<td class=\"ccargos\">\r\n<span data-balloon-length=\"medium\" aria-label=\"Certificado de N\u00edvel Superior em Fisioterapia com registro no conselho de classe espec\u00edfico\" data-balloon-pos=\"up\">Fisioterapeuta<\/span><\/td>\r\n<td class=\"cvagas\">02<\/td>\r\n<td class=\"cremuneracao\">R$ 2.400,00 \/30h<\/td>\r\n<\/tr><tr>\r\n<td class=\"ccargos\">\r\n<span data-balloon-length=\"medium\" aria-label=\"Certificado de N\u00edvel Superior em Fonoaudiologia acrescido de certificado de especializa\u00e7\u00e3o em Motricidade Orofacial com registro no conselho de classe espec\u00edfico\" data-balloon-pos=\"up\">Fonoaudi\u00f3logo<\/span><\/td>\r\n<td class=\"cvagas\">01<\/td>\r\n<td class=\"cremuneracao\">R$ 2.400,00 \/30h<\/td>\r\n<\/tr><tr>\r\n<td class=\"ccargos\">\r\n<span data-balloon-length=\"medium\" aria-label=\"Certificado de N\u00edvel Superior em Medicina com registro no conselho de classe espec\u00edfico\" data-balloon-pos=\"up\">M\u00e9dico(a)<\/span><\/td>\r\n<td class=\"cvagas\">06<\/td>\r\n<td class=\"cremuneracao\">R$ 3.000,00 \/40h<\/td>\r\n<\/tr><tr>\r\n<td class=\"ccargos\">\r\n<span data-balloon-length=\"medium\" aria-label=\"Certificado de N\u00edvel Superior em Medicina acrescido de certificado de especialista em Medicina do Trabalho emitido por Programa de Resid\u00eancia M\u00e9dica e registro no conselho de classe espec\u00edfico\" data-balloon-pos=\"up\">M\u00e9dico(a) do Trabalho<\/span><\/td>\r\n<td class=\"cvagas\">01<\/td>\r\n<td class=\"cremuneracao\">R$ 3.000,00 \/20h<\/td>\r\n<\/tr><tr>\r\n<td class=\"ccargos\">\r\n<span data-balloon-length=\"medium\" aria-label=\"Certificado de N\u00edvel Superior em Medicina acrescido de certificado de especialista em Ginecologia emitido por Programa de Resid\u00eancia M\u00e9dica e registro no conselho de classe espec\u00edfico\" data-balloon-pos=\"up\">M\u00e9dico(a) Ginecologista<\/span><\/td>\r\n<td class=\"cvagas\">01<\/td>\r\n<td class=\"cremuneracao\">R$ 3.000,00 \/20h<\/td>\r\n<\/tr><tr>\r\n<td class=\"ccargos\">\r\n<span data-balloon-length=\"medium\" aria-label=\"Certificado de N\u00edvel Superior em Medicina acrescido de certificado de especialista em Psiquiatria emitido por Programa de Resid\u00eancia M\u00e9dica e registro no conselho de classe espec\u00edfico\" data-balloon-pos=\"up\">M\u00e9dico(a) Psiquiatra<\/span><\/td>\r\n<td class=\"cvagas\">01<\/td>\r\n<td class=\"cremuneracao\">R$ 3.000,00 \/20h<\/td>\r\n<\/tr><tr>\r\n<td class=\"ccargos\">\r\n<span data-balloon-length=\"medium\" aria-label=\"Certificado de N\u00edvel Superior em Nutri\u00e7\u00e3o com registro no conselho de classe espec\u00edfico\" data-balloon-pos=\"up\">Nutricionista<\/span><\/td>\r\n<td class=\"cvagas\">01<\/td>\r\n<td class=\"cremuneracao\">R$ 2.400,00 \/30h<\/td>\r\n<\/tr><tr>\r\n<td class=\"ccargos\">\r\n<span data-balloon-length=\"medium\" aria-label=\"Certificado de N\u00edvel Superior de Licenciatura Plena em Arte ou Dan\u00e7a ou M\u00fasica ou Teatro\" data-balloon-pos=\"up\">Professor de Arte<\/span><\/td>\r\n<td class=\"cvagas\">01<\/td>\r\n<td class=\"cremuneracao\">R$ 2.433,89 \/20h<\/td>\r\n<\/tr><tr>\r\n<td class=\"ccargos\">\r\n<span data-balloon-length=\"medium\" aria-label=\"Certificado de N\u00edvel Superior de Licenciatura Plena em Ci\u00eancias Biol\u00f3gicas, F\u00edsica ou Qu\u00edmica\" data-balloon-pos=\"up\">Professor de Ci\u00eancias<\/span><\/td>\r\n<td class=\"cvagas\">01<\/td>\r\n<td class=\"cremuneracao\">R$ 2.433,89 \/20h<\/td>\r\n<\/tr><tr>\r\n<td class=\"ccargos\">\r\n<span data-balloon-length=\"medium\" aria-label=\"Certificado de N\u00edvel Superior de Licenciatura Plena em Educa\u00e7\u00e3o F\u00edsica com registro no conselho de classe espec\u00edfico\" data-balloon-pos=\"up\">Professor de Educa\u00e7\u00e3o F\u00edsica<\/span><\/td>\r\n<td class=\"cvagas\">04<\/td>\r\n<td class=\"cremuneracao\">R$ 2.433,89 \/20h<\/td>\r\n<\/tr><tr>\r\n<td class=\"ccargos\">\r\n<span data-balloon-length=\"medium\" aria-label=\"Ensino Superior Completo de Licenciatura Plena em Ensino Religioso ou Ci\u00eancias da Religi\u00e3o ou Educa\u00e7\u00e3o Religiosa; ou Ensino Superior Completo de uma das seguintes licenciaturas plena: Filosofia, Hist\u00f3ria, Pedagogia ou Sociologia acrescido de complementa\u00e7\u00e3o ou especializa\u00e7\u00e3o em Ensino Religioso ou Ci\u00eancias da Religi\u00e3o.\" data-balloon-pos=\"up\">Professor de Ensino Religioso<\/span><\/td>\r\n<td class=\"cvagas\">01<\/td>\r\n<td class=\"cremuneracao\">R$ 2.433,89 \/20h<\/td>\r\n<\/tr><tr>\r\n<td class=\"ccargos\">\r\n<span data-balloon-length=\"medium\" aria-label=\"Certificado de N\u00edvel Superior de Licenciatura Plena em Geografia\" data-balloon-pos=\"up\">Professor de Geografia<\/span><\/td>\r\n<td class=\"cvagas\">01<\/td>\r\n<td class=\"cremuneracao\">R$ 2.433,89 \/20h<\/td>\r\n<\/tr><tr>\r\n<td class=\"ccargos\">\r\n<span data-balloon-length=\"medium\" aria-label=\"Certificado de N\u00edvel Superior de Licenciatura Plena em Hist\u00f3ria\" data-balloon-pos=\"up\">Professor de Hist\u00f3ria<\/span><\/td>\r\n<td class=\"cvagas\">01<\/td>\r\n<td class=\"cremuneracao\">R$ 2.433,89 \/20h<\/td>\r\n<\/tr><tr>\r\n<td class=\"ccargos\">\r\n<span data-balloon-length=\"medium\" aria-label=\"Certificado de N\u00edvel Superior de Licenciatura Plena em Letras com habilita\u00e7\u00e3o em L\u00edngua Inglesa\" data-balloon-pos=\"up\">Professor de Ingl\u00eas<\/span><\/td>\r\n<td class=\"cvagas\">01<\/td>\r\n<td class=\"cremuneracao\">R$ 2.433,89 \/20h<\/td>\r\n<\/tr><tr>\r\n<td class=\"ccargos\">\r\n<span data-balloon-length=\"medium\" aria-label=\"Certificado de N\u00edvel Superior de Licenciatura Plena em Letras com habilita\u00e7\u00e3o em L\u00edngua Portuguesa\" data-balloon-pos=\"up\">Professor de L\u00edngua Portuguesa<\/span><\/td>\r\n<td class=\"cvagas\">02<\/td>\r\n<td class=\"cremuneracao\">R$ 2.433,89 \/20h<\/td>\r\n<\/tr><tr>\r\n<td class=\"ccargos\">\r\n<span data-balloon-length=\"medium\" aria-label=\"Certificado de N\u00edvel Superior de Licenciatura Plena em Matem\u00e1tica\" data-balloon-pos=\"up\">Professor de Matem\u00e1tica<\/span><\/td>\r\n<td class=\"cvagas\">02<\/td>\r\n<td class=\"cremuneracao\">R$ 2.433,89 \/20h<\/td>\r\n<\/tr><tr>\r\n<td class=\"ccargos\">\r\n<span data-balloon-length=\"medium\" aria-label=\"Certificado de N\u00edvel Superior de Licenciatura Plena em Pedagogia ou Magist\u00e9rio com habilita\u00e7\u00e3o em Ensino Infantil e S\u00e9ries Iniciais\" data-balloon-pos=\"up\">Professor Educa\u00e7\u00e3o Infantil<\/span><\/td>\r\n<td class=\"cvagas\">20<\/td>\r\n<td class=\"cremuneracao\">R$ 3.042,36 \/25h<\/td>\r\n<\/tr><tr>\r\n<td class=\"ccargos\">\r\n<span data-balloon-length=\"medium\" aria-label=\"Certificado de N\u00edvel Superior de Licenciatura Plena em Pedagogia ou Magist\u00e9rio com habilita\u00e7\u00e3o em Ensino Infantil e S\u00e9ries Iniciais\" data-balloon-pos=\"up\">Professor Ensino Fundamental I - S\u00e9ries Iniciais<\/span><\/td>\r\n<td class=\"cvagas\">13<\/td>\r\n<td class=\"cremuneracao\">R$ 3.042,36 \/25h<\/td>\r\n<\/tr><tr>\r\n<td class=\"ccargos\">\r\n<span data-balloon-length=\"medium\" aria-label=\"Certificado de N\u00edvel Superior em Psicologia com registro no conselho de classe espec\u00edfico\" data-balloon-pos=\"up\">Psic\u00f3logo<\/span><\/td>\r\n<td class=\"cvagas\">02<\/td>\r\n<td class=\"cremuneracao\">R$ 2.400,00 \/30h<\/td>\r\n<\/tr><tr>\r\n<td class=\"ccargos\">\r\n<span data-balloon-length=\"medium\" aria-label=\"Certificado de N\u00edvel Superior em Psicopedagogia ou Pedagogia acrescido de certificado de especializa\u00e7\u00e3o em psicopedagogia Psicologia acrescido de certificado de especializa\u00e7\u00e3o em psicopedagogia\" data-balloon-pos=\"up\">Psicopedagogo<\/span><\/td>\r\n<td class=\"cvagas\">01<\/td>\r\n<td class=\"cremuneracao\">R$ 2.433,89 \/20h<\/td>\r\n<\/tr><tr>\r\n<td class=\"ccargos\">\r\n<span data-balloon-length=\"medium\" aria-label=\"Certificado de N\u00edvel Superior em Terapia Ocupacional acrescido de certificado de especializa\u00e7\u00e3o em ABA com registro no conselho de classe espec\u00edfico\" data-balloon-pos=\"up\">Terapeuta Ocupacional<\/span><\/td>\r\n<td class=\"cvagas\">01<\/td>\r\n<td class=\"cremuneracao\">R$ 2.400,00 \/30h<\/td>\r\n<\/tr>\r\n    <\/tbody>\r\n  <\/table>\r\n<\/div>"},"_links":{"self":[{"href":"https:\/\/www.agrobase.com.br\/concursos\/wp-json\/wp\/v2\/posts\/274404","targetHints":{"allow":["GET"]}}],"collection":[{"href":"https:\/\/www.agrobase.com.br\/concursos\/wp-json\/wp\/v2\/posts"}],"about":[{"href":"https:\/\/www.agrobase.com.br\/concursos\/wp-json\/wp\/v2\/types\/post"}],"author":[{"embeddable":true,"href":"https:\/\/www.agrobase.com.br\/concursos\/wp-json\/wp\/v2\/users\/7"}],"replies":[{"embeddable":true,"href":"https:\/\/www.agrobase.com.br\/concursos\/wp-json\/wp\/v2\/comments?post=274404"}],"version-history":[{"count":2,"href":"https:\/\/www.agrobase.com.br\/concursos\/wp-json\/wp\/v2\/posts\/274404\/revisions"}],"predecessor-version":[{"id":274408,"href":"https:\/\/www.agrobase.com.br\/concursos\/wp-json\/wp\/v2\/posts\/274404\/revisions\/274408"}],"wp:featuredmedia":[{"embeddable":true,"href":"https:\/\/www.agrobase.com.br\/concursos\/wp-json\/wp\/v2\/media\/274403"}],"wp:attachment":[{"href":"https:\/\/www.agrobase.com.br\/concursos\/wp-json\/wp\/v2\/media?parent=274404"}],"wp:term":[{"taxonomy":"category","embeddable":true,"href":"https:\/\/www.agrobase.com.br\/concursos\/wp-json\/wp\/v2\/categories?post=274404"},{"taxonomy":"post_tag","embeddable":true,"href":"https:\/\/www.agrobase.com.br\/concursos\/wp-json\/wp\/v2\/tags?post=274404"},{"taxonomy":"_amplo","embeddable":true,"href":"https:\/\/www.agrobase.com.br\/concursos\/wp-json\/wp\/v2\/_amplo?post=274404"},{"taxonomy":"destaque","embeddable":true,"href":"https:\/\/www.agrobase.com.br\/concursos\/wp-json\/wp\/v2\/destaque?post=274404"},{"taxonomy":"instituicoes","embeddable":true,"href":"https:\/\/www.agrobase.com.br\/concursos\/wp-json\/wp\/v2\/instituicoes?post=274404"}],"curies":[{"name":"wp","href":"https:\/\/api.w.org\/{rel}","templated":true}]}}