{"id":274379,"date":"2025-11-28T08:30:12","date_gmt":"2025-11-28T11:30:12","guid":{"rendered":"https:\/\/www.agrobase.com.br\/concursos\/?p=274379"},"modified":"2025-11-27T15:41:45","modified_gmt":"2025-11-27T18:41:45","slug":"prefeitura-bandeirante-sc-selecao-publica-20-2025","status":"publish","type":"post","link":"https:\/\/www.agrobase.com.br\/concursos\/2025\/prefeitura-bandeirante-sc-selecao-publica-20-2025\/","title":{"rendered":"Prefeitura Bandeirante (SC) &#8211; Sele\u00e7\u00e3o P\u00fablica 20\/2025"},"content":{"rendered":"<h2>Informa\u00e7\u00f5es Gerais<\/h2>\n<p>O <strong>Edital n\u00ba 020\/2025 \u2013 Processo Seletivo n\u00ba 001\/2025<\/strong> da Prefeitura Municipal de Bandeirante, em Santa Catarina, foi publicado para a <strong>admiss\u00e3o de servidores em car\u00e1ter tempor\u00e1rio<\/strong> para o quadro da administra\u00e7\u00e3o direta do munic\u00edpio. O certame \u00e9 organizado pela Associa\u00e7\u00e3o dos Munic\u00edpios do Extremo Oeste de Santa Catarina (AMEOSC) e regido pelo <strong>Regime Estatut\u00e1rio<\/strong>, com vincula\u00e7\u00e3o ao <strong>Regime Geral de Previd\u00eancia Social (RGPS)<\/strong>, conforme a legisla\u00e7\u00e3o municipal e o art. 37, IX, da Constitui\u00e7\u00e3o Federal.<\/p>\n<p>O objetivo \u00e9 formar <strong>cadastro reserva<\/strong> em diversos cargos, com remunera\u00e7\u00f5es que variam aproximadamente de <strong>R$ 1.965,74 a R$ 7.021,96<\/strong>. H\u00e1 oportunidades para <strong>n\u00edveis Fundamental incompleto, Fundamental completo, M\u00e9dio\/T\u00e9cnico e Superior<\/strong>, abrangendo \u00e1reas administrativas, operacionais, sa\u00fade, assist\u00eancia social e, principalmente, <strong>educa\u00e7\u00e3o<\/strong> (v\u00e1rias fun\u00e7\u00f5es de professor e apoio escolar).<\/p>\n<h2>Inscri\u00e7\u00f5es<\/h2>\n<p>As inscri\u00e7\u00f5es para o Processo Seletivo n\u00ba 001\/2025 da Prefeitura de Bandeirante\/SC ser\u00e3o realizadas <strong>exclusivamente pela internet<\/strong>, no site da AMEOSC (<a href=\"https:\/\/ameosc.org.br\" target=\"_blank\" rel=\"noopener\">https:\/\/ameosc.org.br<\/a>), das <strong>17h do dia 04\/11\/2025 at\u00e9 23h59min do dia 02\/12\/2025<\/strong>. O candidato deve acessar o banner \u201cConcursos P\u00fablicos\u201d, fazer o cadastro (ou login), preencher o requerimento de inscri\u00e7\u00e3o, conferir os dados e envi\u00e1-los pelo sistema.<\/p>\n<p>Ap\u00f3s a inscri\u00e7\u00e3o, \u00e9 necess\u00e1rio <strong>imprimir o boleto banc\u00e1rio<\/strong> e efetuar o pagamento <strong>at\u00e9 03\/12\/2025<\/strong>, preferencialmente no banco emissor. O pagamento deve ser feito <strong>exclusivamente via boleto gerado no sistema<\/strong>; n\u00e3o s\u00e3o aceitos dep\u00f3sitos, transfer\u00eancias, PIX, DOC, ordem de pagamento ou outras formas n\u00e3o previstas no edital.<\/p>\n<p>As taxas de inscri\u00e7\u00e3o s\u00e3o:<\/p>\n<ul>\n<li><strong>N\u00edvel Superior:<\/strong> R$ 100,00<\/li>\n<li><strong>N\u00edvel M\u00e9dio:<\/strong> R$ 80,00<\/li>\n<li><strong>N\u00edvel Fundamental completo ou incompleto:<\/strong> R$ 50,00<\/li>\n<\/ul>\n<p>O edital prev\u00ea possibilidade de <strong>isen\u00e7\u00e3o da taxa de inscri\u00e7\u00e3o<\/strong>, conforme regras do item 4 e subitens, sendo o deferimento da isen\u00e7\u00e3o forma alternativa de confirma\u00e7\u00e3o da inscri\u00e7\u00e3o, em substitui\u00e7\u00e3o ao pagamento do boleto.<\/p>\n<p>Quem n\u00e3o tiver acesso \u00e0 internet poder\u00e1 utilizar equipamento disponibilizado na <strong>Prefeitura Municipal de Bandeirante\/SC<\/strong>, na Avenida Santo Ant\u00f4nio, n\u00ba 1069, Centro, durante o hor\u00e1rio de expediente, para realizar a inscri\u00e7\u00e3o, imprimir comprovante e boleto e enviar documentos.<\/p>\n<p>A inscri\u00e7\u00e3o s\u00f3 ser\u00e1 deferida ap\u00f3s a <strong>baixa do boleto<\/strong> no sistema ou deferimento da isen\u00e7\u00e3o. O candidato deve acompanhar, na <strong>\u00e1rea do candidato<\/strong> e nos sites da AMEOSC e da Prefeitura, a situa\u00e7\u00e3o da inscri\u00e7\u00e3o, bem como a publica\u00e7\u00e3o das listas de inscri\u00e7\u00f5es deferidas e indeferidas. Recomenda-se a leitura atenta do edital completo antes de efetuar a inscri\u00e7\u00e3o.<\/p>\n<h2>Etapas e Provas<\/h2>\n<p>O Processo Seletivo n\u00ba 001\/2025 \u00e9 composto por <strong>tr\u00eas modalidades de avalia\u00e7\u00e3o<\/strong>, conforme o cargo pretendido:<\/p>\n<ul>\n<li><strong>Prova Objetiva<\/strong> (todos os cargos)<\/li>\n<li><strong>Prova Pr\u00e1tica<\/strong> (Motorista e Operador de M\u00e1quinas)<\/li>\n<li><strong>Prova de T\u00edtulos<\/strong> (cargos de Professor habilitado e n\u00e3o habilitado)<\/li>\n<\/ul>\n<p>A <strong>Prova Objetiva<\/strong>, de car\u00e1ter <strong>eliminat\u00f3rio e classificat\u00f3rio<\/strong>, \u00e9 obrigat\u00f3ria para todos os candidatos homologados. Ser\u00e1 aplicada em <strong>14\/12\/2025<\/strong>, com abertura dos port\u00f5es \u00e0s 08h00, fechamento \u00e0s 08h40 e in\u00edcio \u00e0s 09h00, encerrando \u00e0s 11h30 (dura\u00e7\u00e3o de 2h30). A prova ter\u00e1 <strong>20 quest\u00f5es de m\u00faltipla escolha<\/strong>, com quatro alternativas cada, abordando:<\/p>\n<ul>\n<li><strong>Conhecimentos Espec\u00edficos<\/strong><\/li>\n<li><strong>L\u00edngua Portuguesa<\/strong><\/li>\n<li><strong>Conhecimentos Gerais<\/strong><\/li>\n<\/ul>\n<p>Os crit\u00e9rios m\u00ednimos de classifica\u00e7\u00e3o variam por modalidade de prova:<\/p>\n<ul>\n<li><strong>Modalidade A<\/strong> (Assistente Social, Auxiliar Administrativo, Auxiliar de Creche, Auxiliar Operacional, Enfermeira da Sa\u00fade da Mulher, Faxineira\/Merendeira, Orientador Educacional, Psic\u00f3logo e T\u00e9cnico de Enfermagem): classifica\u00e7\u00e3o com <strong>nota m\u00ednima de 4,00 pontos<\/strong> na soma das disciplinas.<\/li>\n<li><strong>Modalidade B<\/strong> (Motorista e Operador de M\u00e1quinas): classifica\u00e7\u00e3o com <strong>nota m\u00ednima de 1,00 ponto<\/strong> na soma das disciplinas.<\/li>\n<li><strong>Modalidade C<\/strong> (Professores habilitados e n\u00e3o habilitados): classifica\u00e7\u00e3o com <strong>nota m\u00ednima de 3,00 pontos<\/strong> na soma das disciplinas.<\/li>\n<\/ul>\n<p>A <strong>Prova Pr\u00e1tica<\/strong>, de car\u00e1ter <strong>eliminat\u00f3rio e classificat\u00f3rio<\/strong>, \u00e9 exclusiva para os cargos de <strong>Motorista (CNH D)<\/strong> e <strong>Operador de M\u00e1quinas (CNH C)<\/strong>. Ser\u00e1 realizada em <strong>14\/12\/2025<\/strong>, a partir do t\u00e9rmino da prova objetiva, em local a ser divulgado em documento espec\u00edfico. O candidato ser\u00e1 avaliado em 10 itens ligados \u00e0 condu\u00e7\u00e3o segura e t\u00e9cnica do ve\u00edculo\/equipamento, recebendo nota de <strong>0 a 7,00<\/strong>. Ser\u00e1 eliminado quem obtiver <strong>menos de 3,00 pontos<\/strong> na prova pr\u00e1tica ou menos de 1,00 ponto na objetiva.<\/p>\n<p>A <strong>Prova de T\u00edtulos<\/strong>, de car\u00e1ter <strong>classificat\u00f3rio<\/strong>, \u00e9 destinada aos cargos de <strong>Professor<\/strong> (habilitados e n\u00e3o habilitados) e somente \u00e9 somada para candidatos aprovados na prova objetiva. S\u00e3o pontuados cursos de aperfei\u00e7oamento na \u00e1rea da Educa\u00e7\u00e3o (realizados entre setembro\/2022 e setembro\/2025), tempo de servi\u00e7o em fun\u00e7\u00f5es de magist\u00e9rio e p\u00f3s-gradua\u00e7\u00e3o na \u00e1rea de atua\u00e7\u00e3o, at\u00e9 o limite de <strong>2,00 pontos<\/strong>. Os documentos devem ser enviados em <strong>um \u00fanico arquivo PDF<\/strong>, via \u00e1rea do candidato, dentro do prazo de inscri\u00e7\u00e3o.<\/p>\n<p>Para detalhes sobre conte\u00fados program\u00e1ticos, regras de aplica\u00e7\u00e3o das provas, documentos exigidos e cronograma completo, \u00e9 indispens\u00e1vel a leitura integral do edital e de seus anexos nos sites da AMEOSC e da Prefeitura de Bandeirante\/SC.<\/p>\n<h2>Resultados e Gabarito<\/h2>\n<p>A homologa\u00e7\u00e3o das inscri\u00e7\u00f5es ser\u00e1 publicada em duas etapas: <strong>rela\u00e7\u00e3o preliminar<\/strong> das inscri\u00e7\u00f5es homologadas em <strong>04\/12\/2025<\/strong> e <strong>rela\u00e7\u00e3o definitiva<\/strong> em <strong>08\/12\/2025<\/strong>, nos sites da AMEOSC e da Prefeitura de Bandeirante\/SC. Tamb\u00e9m haver\u00e1 divulga\u00e7\u00e3o espec\u00edfica dos resultados da an\u00e1lise de inscri\u00e7\u00e3o na condi\u00e7\u00e3o de <strong>Pessoa com Defici\u00eancia (PcD)<\/strong>, com resultado preliminar em <strong>12\/12\/2025<\/strong> e definitivo em <strong>22\/12\/2025<\/strong>.<\/p>\n<p>Ap\u00f3s a prova objetiva, o <strong>caderno de provas<\/strong> e o <strong>gabarito preliminar<\/strong> ser\u00e3o divulgados at\u00e9 \u00e0s 23h59min do primeiro dia \u00fatil seguinte \u00e0 aplica\u00e7\u00e3o, com previs\u00e3o no cronograma para <strong>15\/12\/2025<\/strong>. O <strong>gabarito definitivo<\/strong> ser\u00e1 publicado at\u00e9 <strong>05\/01\/2026<\/strong>. A partir da divulga\u00e7\u00e3o do gabarito definitivo, n\u00e3o ser\u00e3o admitidos novos recursos administrativos.<\/p>\n<p>Os documentos da <strong>prova de t\u00edtulos<\/strong> ser\u00e3o avaliados pela Comiss\u00e3o Municipal, com <strong>resultado preliminar<\/strong> em <strong>12\/12\/2025<\/strong> e <strong>resultado definitivo<\/strong> at\u00e9 <strong>22\/12\/2025<\/strong>. O <strong>resultado preliminar da prova pr\u00e1tica<\/strong> est\u00e1 previsto tamb\u00e9m para <strong>15\/12\/2025<\/strong>.<\/p>\n<p>Em <strong>06\/01\/2026<\/strong>, \u00e0s 09h00, ocorrer\u00e1 a <strong>Sess\u00e3o P\u00fablica<\/strong> na sede da AMEOSC, em S\u00e3o Miguel do Oeste\/SC, para abertura dos envelopes com cart\u00f5es-resposta e corre\u00e7\u00e3o digital, com proje\u00e7\u00e3o das notas e do resultado preliminar em tel\u00e3o. Ap\u00f3s a sess\u00e3o, a c\u00f3pia do cart\u00e3o-resposta ficar\u00e1 dispon\u00edvel na \u00e1rea do candidato.<\/p>\n<p>O <strong>Resultado Preliminar Geral<\/strong> do processo seletivo ser\u00e1 divulgado at\u00e9 <strong>06\/01\/2026<\/strong>, e o <strong>Resultado Definitivo Geral<\/strong> at\u00e9 <strong>09\/01\/2026<\/strong>, j\u00e1 com aplica\u00e7\u00e3o dos crit\u00e9rios de desempate. Em caso de empate, ser\u00e3o considerados, sucessivamente: idade igual ou superior a 60 anos (Estatuto do Idoso), maior nota na prova pr\u00e1tica (quando houver), maior nota em Conhecimentos Espec\u00edficos, L\u00edngua Portuguesa, Conhecimentos Gerais, maior idade e, por fim, sorteio p\u00fablico.<\/p>\n<p>A classifica\u00e7\u00e3o final obedecer\u00e1 \u00e0 <strong>ordem decrescente das notas finais<\/strong>, calculadas conforme o cargo: apenas prova objetiva para cargos administrativos, operacionais e de sa\u00fade; objetiva + t\u00edtulos para Professores; objetiva + prova pr\u00e1tica para Motorista e Operador de M\u00e1quinas. A <strong>homologa\u00e7\u00e3o<\/strong> do resultado final marcar\u00e1 o in\u00edcio do prazo de validade de 1 ano do processo seletivo, prorrog\u00e1vel uma vez por igual per\u00edodo, a crit\u00e9rio da Administra\u00e7\u00e3o.<\/p>\n<p>As <strong>convoca\u00e7\u00f5es<\/strong> para admiss\u00e3o seguir\u00e3o rigorosamente a ordem de classifica\u00e7\u00e3o e ser\u00e3o publicadas nos canais oficiais da Prefeitura e da AMEOSC, podendo tamb\u00e9m ser enviadas por WhatsApp, SMS ou e-mail cadastrados. O candidato deve manter seus dados atualizados e acompanhar com frequ\u00eancia os sites oficiais e o Di\u00e1rio Oficial, pois o acompanhamento de todas as publica\u00e7\u00f5es \u00e9 de <strong>responsabilidade exclusiva do candidato<\/strong>.<\/p>\n","protected":false},"excerpt":{"rendered":"<p>Proc. Seletivo Pref. Bandeirante (SC) com edital publicado! Vagas p\/ Professor e Assist. Social (Fund. a Sup.). Inscri\u00e7\u00f5es a partir de 04\/11. Confira detalhes!<\/p>\n","protected":false},"author":7,"featured_media":274378,"comment_status":"open","ping_status":"open","sticky":false,"template":"","format":"standard","meta":{"_acf_changed":false,"_breakdance_hide_in_design_set":false,"_breakdance_tags":"","footnotes":""},"categories":[6433,141,6434,12,111,100,20,6872,6871,116,25,26,101,108],"tags":[61],"_amplo":[],"destaque":[],"instituicoes":[],"class_list":["post-274379","post","type-post","status-publish","format-standard","has-post-thumbnail","hentry","category-biologia-licenciatura","category-educacao-artistica","category-educacao-fisica-licenciatura","category-enfermagem","category-geografia","category-historia","category-letras","category-letras-espanhol","category-letras-ingles","category-matematica","category-pedagogia","category-psicologia","category-servico-social","category-tecnico-enfermagem","tag-santa-catarina"],"acf":{"_tipo_vagas":"vagas","_numero_vagas":"","_quadro_vagas":"","_cargos":"diversos","_cargos_especificos":"","_salario_max":"R$ 7021.96","_abertura":"20251104","_encerramento":"20251202","_inscricoes":"https:\/\/ameosc.org.br","_executora_concurso":"","_instituicao_concurso":[],"_link_adicional":null,"_anexos":null,"_produtos":null,"_vagas":"CR","_salario_min":"R$ 1965.74","_instituicao":"Prefeitura de Bandeirante","_edital":"https:\/\/www.agrobase.com.br\/concursos\/wp-content\/uploads\/sites\/4\/2025\/11\/edital-20-2025-prefeitura-de-bandeirante-sc.pdf","_anexos_edital":"https:\/\/www.agrobase.com.br\/concursos\/wp-content\/uploads\/sites\/4\/2025\/11\/anexos-edital-20-2025-prefeitura-de-bandeirante-sc.pdf","_fund_incompleto":"<div>\r\n<table class=\"quadro\">\r\n<thead>\r\n<tr>\r\n<th class=\"hcargo\">Cargo<\/th>\r\n<th class=\"hvagas\">Vagas<\/th>\r\n<th class=\"hremuneracao\">Remunera\u00e7\u00e3o<\/th>\r\n<\/tr>\r\n<\/thead>\r\n    <tbody>\r\n      <td class=\"ccargos\">\r\n<span data-balloon-length=\"medium\" aria-label=\"Certificado\/Diploma de Ensino Fundamental Inconcluso.\" data-balloon-pos=\"up\">Auxiliar Operacional<\/span><\/td>\r\n<td class=\"cvagas\">CR<\/td>\r\n<td class=\"cremuneracao\">R$ 1.965,74 \/40h<\/td>\r\n<\/tr><td class=\"ccargos\">\r\n<span data-balloon-length=\"medium\" aria-label=\"Certificado\/Diploma de Ensino Fundamental Inconcluso.\" data-balloon-pos=\"up\">Faxineira\/Merendeira<\/span><\/td>\r\n<td class=\"cvagas\">CR<\/td>\r\n<td class=\"cremuneracao\">R$ 1.965,74 \/40h<\/td>\r\n<\/tr>\r\n    <\/tbody>\r\n  <\/table>\r\n<\/div>","_fund_completo":"<div>\r\n<table class=\"quadro\">\r\n<thead>\r\n<tr>\r\n<th class=\"hcargo\">Cargo<\/th>\r\n<th class=\"hvagas\">Vagas<\/th>\r\n<th class=\"hremuneracao\">Remunera\u00e7\u00e3o<\/th>\r\n<\/tr>\r\n<\/thead>\r\n    <tbody>\r\n      <td class=\"ccargos\">\r\n<span data-balloon-length=\"medium\" data-balloon-pos=\"up\">Motorista (CNH Categoria D)<\/span><\/td>\r\n<td class=\"cvagas\">CR<\/td>\r\n<td class=\"cremuneracao\">R$ 2.540,04 \/40h<\/td>\r\n<\/tr><td class=\"ccargos\">\r\n<span data-balloon-length=\"medium\" data-balloon-pos=\"up\">Operador de M\u00e1quinas (CNH Categoria C)<\/span><\/td>\r\n<td class=\"cvagas\">CR<\/td>\r\n<td class=\"cremuneracao\">R$ 2.651,04 \/40h<\/td>\r\n<\/tr>\r\n    <\/tbody>\r\n  <\/table>\r\n<\/div>","_medio":"<div>\r\n<table class=\"quadro\">\r\n<thead>\r\n<tr>\r\n<th class=\"hcargo\">Cargo<\/th>\r\n<th class=\"hvagas\">Vagas<\/th>\r\n<th class=\"hremuneracao\">Remunera\u00e7\u00e3o<\/th>\r\n<\/tr>\r\n<\/thead>\r\n    <tbody>\r\n      <td class=\"ccargos\">\r\n<span data-balloon-length=\"medium\" aria-label=\"N\u00edvel M\u00e9dio - Habilita\u00e7\u00e3o no Magist\u00e9rio e\/ou Ensino M\u00e9dio completo e cursando Licenciatura Plena.\" data-balloon-pos=\"up\">Professor (Segundo Professor)<\/span><\/td>\r\n<td class=\"cvagas\">CR<\/td>\r\n<td class=\"cremuneracao\">R$ 5.025,23 \/40h<\/td>\r\n<\/tr><td class=\"ccargos\">\r\n<span data-balloon-length=\"medium\" aria-label=\"N\u00edvel M\u00e9dio - Habilita\u00e7\u00e3o no Magist\u00e9rio e\/ou Ensino M\u00e9dio completo e cursando Licenciatura Plena.\" data-balloon-pos=\"up\">Professor de Anos Iniciais do Ensino Fundamental<\/span><\/td>\r\n<td class=\"cvagas\">CR<\/td>\r\n<td class=\"cremuneracao\">R$ 5.025,23 \/40h<\/td>\r\n<\/tr><td class=\"ccargos\">\r\n<span data-balloon-length=\"medium\" aria-label=\"N\u00edvel M\u00e9dio - Habilita\u00e7\u00e3o no Magist\u00e9rio e\/ou Ensino M\u00e9dio completo e cursando Licenciatura Plena.\" data-balloon-pos=\"up\">Professor de Arte<\/span><\/td>\r\n<td class=\"cvagas\">CR<\/td>\r\n<td class=\"cremuneracao\">R$ 5.025,23 \/40h<\/td>\r\n<\/tr><td class=\"ccargos\">\r\n<span data-balloon-length=\"medium\" aria-label=\"N\u00edvel M\u00e9dio - Habilita\u00e7\u00e3o no Magist\u00e9rio e\/ou Ensino M\u00e9dio completo e cursando Licenciatura Plena.\" data-balloon-pos=\"up\">Professor de Ci\u00eancias<\/span><\/td>\r\n<td class=\"cvagas\">CR<\/td>\r\n<td class=\"cremuneracao\">R$ 5.025,23 \/40h<\/td>\r\n<\/tr><td class=\"ccargos\">\r\n<span data-balloon-length=\"medium\" aria-label=\"N\u00edvel M\u00e9dio - Habilita\u00e7\u00e3o no Magist\u00e9rio e\/ou Ensino M\u00e9dio completo e cursando Licenciatura Plena.\" data-balloon-pos=\"up\">Professor de Educa\u00e7\u00e3o F\u00edsica<\/span><\/td>\r\n<td class=\"cvagas\">CR<\/td>\r\n<td class=\"cremuneracao\">R$ 5.025,23 \/40h<\/td>\r\n<\/tr><td class=\"ccargos\">\r\n<span data-balloon-length=\"medium\" aria-label=\"N\u00edvel M\u00e9dio - Habilita\u00e7\u00e3o no Magist\u00e9rio e\/ou Ensino M\u00e9dio completo e cursando Licenciatura Plena.\" data-balloon-pos=\"up\">Professor de Educa\u00e7\u00e3o Infantil<\/span><\/td>\r\n<td class=\"cvagas\">CR<\/td>\r\n<td class=\"cremuneracao\">R$ 5.025,23 \/40h<\/td>\r\n<\/tr><td class=\"ccargos\">\r\n<span data-balloon-length=\"medium\" aria-label=\"N\u00edvel M\u00e9dio - Habilita\u00e7\u00e3o no Magist\u00e9rio e\/ou Ensino M\u00e9dio completo e cursando Licenciatura Plena.\" data-balloon-pos=\"up\">Professor de Espanhol<\/span><\/td>\r\n<td class=\"cvagas\">CR<\/td>\r\n<td class=\"cremuneracao\">R$ 5.025,23 \/40h<\/td>\r\n<\/tr><td class=\"ccargos\">\r\n<span data-balloon-length=\"medium\" aria-label=\"N\u00edvel M\u00e9dio - Habilita\u00e7\u00e3o no Magist\u00e9rio e\/ou Ensino M\u00e9dio completo e cursando Licenciatura Plena.\" data-balloon-pos=\"up\">Professor de Geografia<\/span><\/td>\r\n<td class=\"cvagas\">CR<\/td>\r\n<td class=\"cremuneracao\">R$ 5.025,23 \/40h<\/td>\r\n<\/tr><td class=\"ccargos\">\r\n<span data-balloon-length=\"medium\" aria-label=\"N\u00edvel M\u00e9dio - Habilita\u00e7\u00e3o no Magist\u00e9rio e\/ou Ensino M\u00e9dio completo e cursando Licenciatura Plena.\" data-balloon-pos=\"up\">Professor de Hist\u00f3ria<\/span><\/td>\r\n<td class=\"cvagas\">CR<\/td>\r\n<td class=\"cremuneracao\">R$ 5.025,23 \/40h<\/td>\r\n<\/tr><td class=\"ccargos\">\r\n<span data-balloon-length=\"medium\" aria-label=\"N\u00edvel M\u00e9dio - Habilita\u00e7\u00e3o no Magist\u00e9rio e\/ou Ensino M\u00e9dio completo e cursando Licenciatura Plena.\" data-balloon-pos=\"up\">Professor para Educa\u00e7\u00e3o B\u00e1sica - Inform\u00e1tica<\/span><\/td>\r\n<td class=\"cvagas\">CR<\/td>\r\n<td class=\"cremuneracao\">R$ 5.025,23 \/40h<\/td>\r\n<\/tr><td class=\"ccargos\">\r\n<span data-balloon-length=\"medium\" aria-label=\"N\u00edvel M\u00e9dio - Habilita\u00e7\u00e3o no Magist\u00e9rio e\/ou Ensino M\u00e9dio completo e cursando Licenciatura Plena.\" data-balloon-pos=\"up\">Professor de Ingl\u00eas<\/span><\/td>\r\n<td class=\"cvagas\">CR<\/td>\r\n<td class=\"cremuneracao\">R$ 5.025,23 \/40h<\/td>\r\n<\/tr><td class=\"ccargos\">\r\n<span data-balloon-length=\"medium\" aria-label=\"N\u00edvel M\u00e9dio - Habilita\u00e7\u00e3o no Magist\u00e9rio e\/ou Ensino M\u00e9dio completo e cursando Licenciatura Plena.\" data-balloon-pos=\"up\">Professor de L\u00edngua Portuguesa<\/span><\/td>\r\n<td class=\"cvagas\">CR<\/td>\r\n<td class=\"cremuneracao\">R$ 5.025,23 \/40h<\/td>\r\n<\/tr><td class=\"ccargos\">\r\n<span data-balloon-length=\"medium\" aria-label=\"N\u00edvel M\u00e9dio - Habilita\u00e7\u00e3o no Magist\u00e9rio e\/ou Ensino M\u00e9dio completo e cursando Licenciatura Plena.\" data-balloon-pos=\"up\">Professor de Matem\u00e1tica<\/span><\/td>\r\n<td class=\"cvagas\">CR<\/td>\r\n<td class=\"cremuneracao\">R$ 5.025,23 \/40h<\/td>\r\n<\/tr><td class=\"ccargos\">\r\n<span data-balloon-length=\"medium\" aria-label=\"Certificado de Conclus\u00e3o do Ensino M\u00e9dio.\" data-balloon-pos=\"up\">Auxiliar Administrativo<\/span><\/td>\r\n<td class=\"cvagas\">CR<\/td>\r\n<td class=\"cremuneracao\">R$ 2.696,21 \/40h<\/td>\r\n<\/tr><td class=\"ccargos\">\r\n<span data-balloon-length=\"medium\" aria-label=\"Certificado de Conclus\u00e3o do Ensino M\u00e9dio.\" data-balloon-pos=\"up\">Auxiliar de Creche<\/span><\/td>\r\n<td class=\"cvagas\">CR<\/td>\r\n<td class=\"cremuneracao\">R$ 2.258,85 \/40h<\/td>\r\n<\/tr><td class=\"ccargos\">\r\n<span data-balloon-length=\"medium\" aria-label=\"Certificado\/Diploma de conclus\u00e3o de curso de Ensino M\u00e9dio na \u00e1rea de atua\u00e7\u00e3o e registro no \u00f3rg\u00e3o fiscalizador do exerc\u00edcio profissional.\" data-balloon-pos=\"up\">T\u00e9cnico de Enfermagem<\/span><\/td>\r\n<td class=\"cvagas\">CR<\/td>\r\n<td class=\"cremuneracao\">R$ 3.764,23 \/40h<\/td>\r\n<\/tr>\r\n    <\/tbody>\r\n  <\/table>\r\n<\/div>","_superior":"<div>\r\n<table class=\"quadro\">\r\n<thead>\r\n<tr>\r\n<th class=\"hcargo\">Cargo<\/th>\r\n<th class=\"hvagas\">Vagas<\/th>\r\n<th class=\"hremuneracao\">Remunera\u00e7\u00e3o<\/th>\r\n<\/tr>\r\n<\/thead>\r\n    <tbody>\r\n      <tr>\r\n<td class=\"ccargos\">\r\n<span data-balloon-length=\"medium\" aria-label=\"Gradua\u00e7\u00e3o com Licenciatura Plena na \u00e1rea de atua\u00e7\u00e3o, e habilita\u00e7\u00e3o em Educa\u00e7\u00e3o Especial (conforme Lei Municipal n\u00ba 1.108\/2015).\" data-balloon-pos=\"up\">Professor (Segundo Professor) ***<\/span><\/td>\r\n<td class=\"cvagas\">CR<\/td>\r\n<td class=\"cremuneracao\">R$ 5.025,23 \/40h<\/td>\r\n<\/tr><tr>\r\n<td class=\"ccargos\">\r\n<span data-balloon-length=\"medium\" aria-label=\"Gradua\u00e7\u00e3o com Licenciatura Plena na \u00e1rea de atua\u00e7\u00e3o.\" data-balloon-pos=\"up\">Professor de Anos Iniciais do Ensino Fundamental<\/span><\/td>\r\n<td class=\"cvagas\">CR<\/td>\r\n<td class=\"cremuneracao\">R$ 5.025,23 \/40h<\/td>\r\n<\/tr><tr>\r\n<td class=\"ccargos\">\r\n<span data-balloon-length=\"medium\" aria-label=\"Gradua\u00e7\u00e3o com Licenciatura Plena na \u00e1rea de atua\u00e7\u00e3o.\" data-balloon-pos=\"up\">Professor de Arte<\/span><\/td>\r\n<td class=\"cvagas\">CR<\/td>\r\n<td class=\"cremuneracao\">R$ 5.025,23 \/40h<\/td>\r\n<\/tr><tr>\r\n<td class=\"ccargos\">\r\n<span data-balloon-length=\"medium\" aria-label=\"Gradua\u00e7\u00e3o com Licenciatura Plena na \u00e1rea de atua\u00e7\u00e3o.\" data-balloon-pos=\"up\">Professor de Ci\u00eancias<\/span><\/td>\r\n<td class=\"cvagas\">CR<\/td>\r\n<td class=\"cremuneracao\">R$ 5.025,23 \/40h<\/td>\r\n<\/tr><tr>\r\n<td class=\"ccargos\">\r\n<span data-balloon-length=\"medium\" aria-label=\"Para Magist\u00e9rio da Educa\u00e7\u00e3o B\u00e1sica: Licenciatura em Educa\u00e7\u00e3o F\u00edsica (Resolu\u00e7\u00f5es n\u00ba 1 e 2\/2002 do CNE ou Resolu\u00e7\u00e3o n\u00ba 03\/87 do CFE) E registro no \u00f3rg\u00e3o fiscalizador. Para atividades f\u00edsicas\/desportivas que n\u00e3o integrem a Educa\u00e7\u00e3o B\u00e1sica: Bacharelado em Educa\u00e7\u00e3o F\u00edsica (Resolu\u00e7\u00e3o n\u00ba 7\/2004 do CNE e Resolu\u00e7\u00e3o n\u00ba 4\/CNE, de 6 de abril de 2009) OU Licenciatura em Educa\u00e7\u00e3o F\u00edsica (Resolu\u00e7\u00e3o n\u00ba 03\/87 do CFE) E registro no \u00f3rg\u00e3o fiscalizador da profiss\u00e3o.\" data-balloon-pos=\"up\">Professor de Educa\u00e7\u00e3o F\u00edsica**<\/span><\/td>\r\n<td class=\"cvagas\">CR<\/td>\r\n<td class=\"cremuneracao\">R$ 5.025,23 \/40h<\/td>\r\n<\/tr><tr>\r\n<td class=\"ccargos\">\r\n<span data-balloon-length=\"medium\" aria-label=\"Gradua\u00e7\u00e3o com Licenciatura Plena na \u00e1rea de atua\u00e7\u00e3o.\" data-balloon-pos=\"up\">Professor de Educa\u00e7\u00e3o Infantil<\/span><\/td>\r\n<td class=\"cvagas\">CR<\/td>\r\n<td class=\"cremuneracao\">R$ 5.025,23 \/40h<\/td>\r\n<\/tr><tr>\r\n<td class=\"ccargos\">\r\n<span data-balloon-length=\"medium\" aria-label=\"Gradua\u00e7\u00e3o com Licenciatura Plena na \u00e1rea de atua\u00e7\u00e3o.\" data-balloon-pos=\"up\">Professor de Espanhol<\/span><\/td>\r\n<td class=\"cvagas\">CR<\/td>\r\n<td class=\"cremuneracao\">R$ 5.025,23 \/40h<\/td>\r\n<\/tr><tr>\r\n<td class=\"ccargos\">\r\n<span data-balloon-length=\"medium\" aria-label=\"Gradua\u00e7\u00e3o com Licenciatura Plena na \u00e1rea de atua\u00e7\u00e3o.\" data-balloon-pos=\"up\">Professor de Geografia<\/span><\/td>\r\n<td class=\"cvagas\">CR<\/td>\r\n<td class=\"cremuneracao\">R$ 5.025,23 \/40h<\/td>\r\n<\/tr><tr>\r\n<td class=\"ccargos\">\r\n<span data-balloon-length=\"medium\" aria-label=\"Gradua\u00e7\u00e3o com Licenciatura Plena na \u00e1rea de atua\u00e7\u00e3o.\" data-balloon-pos=\"up\">Professor de Hist\u00f3ria<\/span><\/td>\r\n<td class=\"cvagas\">CR<\/td>\r\n<td class=\"cremuneracao\">R$ 5.025,23 \/40h<\/td>\r\n<\/tr><tr>\r\n<td class=\"ccargos\">\r\n<span data-balloon-length=\"medium\" aria-label=\"Gradua\u00e7\u00e3o com Licenciatura Plena na \u00e1rea de atua\u00e7\u00e3o.\" data-balloon-pos=\"up\">Professor de Ingl\u00eas<\/span><\/td>\r\n<td class=\"cvagas\">CR<\/td>\r\n<td class=\"cremuneracao\">R$ 5.025,23 \/40h<\/td>\r\n<\/tr><tr>\r\n<td class=\"ccargos\">\r\n<span data-balloon-length=\"medium\" aria-label=\"Gradua\u00e7\u00e3o com Licenciatura Plena na \u00e1rea de atua\u00e7\u00e3o.\" data-balloon-pos=\"up\">Professor de L\u00edngua Portuguesa<\/span><\/td>\r\n<td class=\"cvagas\">CR<\/td>\r\n<td class=\"cremuneracao\">R$ 5.025,23 \/40h<\/td>\r\n<\/tr><tr>\r\n<td class=\"ccargos\">\r\n<span data-balloon-length=\"medium\" aria-label=\"Gradua\u00e7\u00e3o com Licenciatura Plena na \u00e1rea de atua\u00e7\u00e3o.\" data-balloon-pos=\"up\">Professor de Matem\u00e1tica<\/span><\/td>\r\n<td class=\"cvagas\">CR<\/td>\r\n<td class=\"cremuneracao\">R$ 5.025,23 \/40h<\/td>\r\n<\/tr><tr>\r\n<td class=\"ccargos\">\r\n<span data-balloon-length=\"medium\" aria-label=\"Gradua\u00e7\u00e3o com Licenciatura Plena na \u00e1rea de atua\u00e7\u00e3o.\" data-balloon-pos=\"up\">Professor para Educa\u00e7\u00e3o B\u00e1sica - Inform\u00e1tica<\/span><\/td>\r\n<td class=\"cvagas\">CR<\/td>\r\n<td class=\"cremuneracao\">R$ 5.025,23 \/40h<\/td>\r\n<\/tr><tr>\r\n<td class=\"ccargos\">\r\n<span data-balloon-length=\"medium\" aria-label=\"Certificado\/Diploma de Conclus\u00e3o de Curso de Ensino Superior e Registro no \u00d3rg\u00e3o Fiscalizador do Exerc\u00edcio Profissional.\" data-balloon-pos=\"up\">Assistente Social<\/span><\/td>\r\n<td class=\"cvagas\">CR<\/td>\r\n<td class=\"cremuneracao\">R$ 2.966,08 \/20h<\/td>\r\n<\/tr><tr>\r\n<td class=\"ccargos\">\r\n<span data-balloon-length=\"medium\" aria-label=\"Certificado\/Diploma de Conclus\u00e3o de Curso de Ensino Superior e Registro no \u00d3rg\u00e3o Fiscalizador do Exerc\u00edcio Profissional.\" data-balloon-pos=\"up\">Assistente Social<\/span><\/td>\r\n<td class=\"cvagas\">CR<\/td>\r\n<td class=\"cremuneracao\">R$ 5.932,15 \/40h<\/td>\r\n<\/tr><tr>\r\n<td class=\"ccargos\">\r\n<span data-balloon-length=\"medium\" aria-label=\"Certificado de Conclus\u00e3o de Curso Superior em Enfermagem com registro no \u00d3rg\u00e3o Fiscalizador do Exerc\u00edcio Profissional.\" data-balloon-pos=\"up\">Enfermeira da Sa\u00fade da Mulher<\/span><\/td>\r\n<td class=\"cvagas\">CR<\/td>\r\n<td class=\"cremuneracao\">R$ 7.021,96 \/40h<\/td>\r\n<\/tr><tr>\r\n<td class=\"ccargos\">\r\n<span data-balloon-length=\"medium\" aria-label=\"Gradua\u00e7\u00e3o com Licenciatura Plena em Pedagogia \u2013 Habilita\u00e7\u00e3o em Orienta\u00e7\u00e3o Educacional.\" data-balloon-pos=\"up\">Orientador Educacional<\/span><\/td>\r\n<td class=\"cvagas\">CR<\/td>\r\n<td class=\"cremuneracao\">R$ 5.025,23 \/40h<\/td>\r\n<\/tr><tr>\r\n<td class=\"ccargos\">\r\n<span data-balloon-length=\"medium\" aria-label=\"Certificado\/Diploma de Conclus\u00e3o de Curso de Ensino Superior e Registro no \u00d3rg\u00e3o Fiscalizador do Exerc\u00edcio Profissional.\" data-balloon-pos=\"up\">Psic\u00f3logo<\/span><\/td>\r\n<td class=\"cvagas\">CR<\/td>\r\n<td class=\"cremuneracao\">R$ 4.978,43 \/40h<\/td>\r\n<\/tr>\r\n    <\/tbody>\r\n  <\/table>\r\n<\/div>"},"_links":{"self":[{"href":"https:\/\/www.agrobase.com.br\/concursos\/wp-json\/wp\/v2\/posts\/274379","targetHints":{"allow":["GET"]}}],"collection":[{"href":"https:\/\/www.agrobase.com.br\/concursos\/wp-json\/wp\/v2\/posts"}],"about":[{"href":"https:\/\/www.agrobase.com.br\/concursos\/wp-json\/wp\/v2\/types\/post"}],"author":[{"embeddable":true,"href":"https:\/\/www.agrobase.com.br\/concursos\/wp-json\/wp\/v2\/users\/7"}],"replies":[{"embeddable":true,"href":"https:\/\/www.agrobase.com.br\/concursos\/wp-json\/wp\/v2\/comments?post=274379"}],"version-history":[{"count":4,"href":"https:\/\/www.agrobase.com.br\/concursos\/wp-json\/wp\/v2\/posts\/274379\/revisions"}],"predecessor-version":[{"id":274385,"href":"https:\/\/www.agrobase.com.br\/concursos\/wp-json\/wp\/v2\/posts\/274379\/revisions\/274385"}],"wp:featuredmedia":[{"embeddable":true,"href":"https:\/\/www.agrobase.com.br\/concursos\/wp-json\/wp\/v2\/media\/274378"}],"wp:attachment":[{"href":"https:\/\/www.agrobase.com.br\/concursos\/wp-json\/wp\/v2\/media?parent=274379"}],"wp:term":[{"taxonomy":"category","embeddable":true,"href":"https:\/\/www.agrobase.com.br\/concursos\/wp-json\/wp\/v2\/categories?post=274379"},{"taxonomy":"post_tag","embeddable":true,"href":"https:\/\/www.agrobase.com.br\/concursos\/wp-json\/wp\/v2\/tags?post=274379"},{"taxonomy":"_amplo","embeddable":true,"href":"https:\/\/www.agrobase.com.br\/concursos\/wp-json\/wp\/v2\/_amplo?post=274379"},{"taxonomy":"destaque","embeddable":true,"href":"https:\/\/www.agrobase.com.br\/concursos\/wp-json\/wp\/v2\/destaque?post=274379"},{"taxonomy":"instituicoes","embeddable":true,"href":"https:\/\/www.agrobase.com.br\/concursos\/wp-json\/wp\/v2\/instituicoes?post=274379"}],"curies":[{"name":"wp","href":"https:\/\/api.w.org\/{rel}","templated":true}]}}