{"id":274373,"date":"2025-11-28T08:20:33","date_gmt":"2025-11-28T11:20:33","guid":{"rendered":"https:\/\/www.agrobase.com.br\/concursos\/?p=274373"},"modified":"2025-11-28T09:50:16","modified_gmt":"2025-11-28T12:50:16","slug":"prefeitura-balneario-arroio-do-silva-sc-selecao-publica-01-2025","status":"publish","type":"post","link":"https:\/\/www.agrobase.com.br\/concursos\/2025\/prefeitura-balneario-arroio-do-silva-sc-selecao-publica-01-2025\/","title":{"rendered":"Prefeitura Balne\u00e1rio Arroio do Silva (SC) &#8211; Sele\u00e7\u00e3o P\u00fablica 01\/2025"},"content":{"rendered":"<h2>Informa\u00e7\u00f5es Gerais<\/h2>\n<p>O Processo Seletivo P\u00fablico da Prefeitura Municipal de Balne\u00e1rio Arroio do Silva\/SC, regido pelo Edital publicado em 14\/11\/2025 e executado pelo Instituto Legalle, visa \u00e0 forma\u00e7\u00e3o de cadastro reserva para diversos cargos nas Secretarias do Poder Executivo Municipal. O certame adota o regime jur\u00eddico estatut\u00e1rio, conforme a Lei Complementar Municipal n\u00ba 108\/2019, para contrata\u00e7\u00f5es tempor\u00e1rias previstas na Lei Complementar Municipal n\u00ba 53\/2013.<\/p>\n<p>O edital contempla oportunidades para n\u00edveis Fundamental (incompleto e completo), M\u00e9dio\/T\u00e9cnico e Superior, com remunera\u00e7\u00f5es que variam aproximadamente de R$ 1.222,00 a R$ 16.900,00. As vagas abrangem \u00e1reas administrativas, operacionais, educa\u00e7\u00e3o e sa\u00fade, incluindo cargos como m\u00e9dicos em v\u00e1rias especialidades, enfermeiros, cirurgi\u00e3o-dentista ESF, farmac\u00eautico bioqu\u00edmico, fisioterapeuta, fonoaudi\u00f3logo, assistente social, psic\u00f3logo e nutricionista, al\u00e9m de ampla oferta para professores em diferentes componentes curriculares e etapas de ensino.<\/p>\n<h2>Inscri\u00e7\u00f5es<\/h2>\n<p>As inscri\u00e7\u00f5es para o Processo Seletivo P\u00fablico de Balne\u00e1rio Arroio do Silva\/SC s\u00e3o realizadas exclusivamente pela internet, no site do Instituto Legalle (<strong>www.institutolegalle.org.br<\/strong>), no per\u00edodo de 14 de novembro de 2025 a 02 de dezembro de 2025. O sistema funciona em hor\u00e1rio oficial de Bras\u00edlia, e n\u00e3o h\u00e1 atendimento presencial, via correio, fax ou outros meios.<\/p>\n<p>O candidato deve acessar o site, preencher o Formul\u00e1rio de Inscri\u00e7\u00e3o, gerar o comprovante e emitir o boleto banc\u00e1rio at\u00e9 as 18h do \u00faltimo dia de inscri\u00e7\u00f5es. O pagamento da taxa pode ser feito em bancos, autoatendimento ou internet banking at\u00e9 o prazo final estabelecido, observando o hor\u00e1rio limite de compensa\u00e7\u00e3o de cada institui\u00e7\u00e3o. O \u00faltimo dia para pagamento do boleto \u00e9 <strong>03\/12\/2025<\/strong>. A inscri\u00e7\u00e3o s\u00f3 ser\u00e1 efetivada ap\u00f3s a confirma\u00e7\u00e3o banc\u00e1ria.<\/p>\n<p>As taxas s\u00e3o de <strong>R$ 50,00<\/strong> para fun\u00e7\u00f5es de n\u00edvel Fundamental, <strong>R$ 80,00<\/strong> para n\u00edvel M\u00e9dio\/T\u00e9cnico e <strong>R$ 120,00<\/strong> para n\u00edvel Superior. O pagamento deve ser feito exclusivamente por meio do boleto emitido no site do Processo Seletivo; outras formas n\u00e3o s\u00e3o aceitas. Em caso de mais de uma inscri\u00e7\u00e3o para a mesma fun\u00e7\u00e3o, ser\u00e1 considerada apenas a \u00faltima paga ou isenta. O valor n\u00e3o \u00e9 devolvido, salvo em caso de cancelamento da fun\u00e7\u00e3o ou do processo seletivo.<\/p>\n<p>No ato da inscri\u00e7\u00e3o, o candidato cria uma senha para acesso \u00e0 <strong>\u00c1rea do Candidato<\/strong>, onde poder\u00e1 acompanhar o status da inscri\u00e7\u00e3o, imprimir o Cart\u00e3o de Confirma\u00e7\u00e3o (local de prova), consultar resultados e respostas a recursos, al\u00e9m de atualizar alguns dados cadastrais. Informa\u00e7\u00f5es enviadas por e-mail t\u00eam car\u00e1ter apenas informativo, sendo obrigat\u00f3rio acompanhar os comunicados oficiais no site do Instituto Legalle.<\/p>\n<p>Os procedimentos e prazos de isen\u00e7\u00e3o, bem como demais regras sobre inscri\u00e7\u00f5es, constam detalhadamente no edital. A leitura atenta do documento completo \u00e9 indispens\u00e1vel antes de efetuar a inscri\u00e7\u00e3o.<\/p>\n<h2>Etapas e Provas<\/h2>\n<p>O Processo Seletivo P\u00fablico de Balne\u00e1rio Arroio do Silva\/SC \u00e9 composto por etapas distintas, de acordo com o cargo pretendido, todas organizadas pelo Instituto Legalle e realizadas, em regra, no pr\u00f3prio munic\u00edpio.<\/p>\n<ul>\n<li><strong>Prova Te\u00f3rico-Objetiva (todos os cargos)<\/strong>: de car\u00e1ter eliminat\u00f3rio e classificat\u00f3rio, com quest\u00f5es objetivas de m\u00faltipla escolha (4 alternativas, apenas 1 correta). A dura\u00e7\u00e3o \u00e9 de at\u00e9 3 horas. A prova ser\u00e1 aplicada na data prov\u00e1vel de <strong>21\/12\/2025<\/strong>, com locais e hor\u00e1rios divulgados em 17\/12\/2025 no site do Processo Seletivo. O candidato ser\u00e1 considerado aprovado se obtiver, no m\u00ednimo, <strong>40% do total de pontos<\/strong>. Quem n\u00e3o atingir esse desempenho m\u00ednimo ser\u00e1 eliminado.<\/li>\n<li><strong>Prova de T\u00edtulos (somente Professores \u2013 todos)<\/strong>: etapa de car\u00e1ter exclusivamente classificat\u00f3rio. Ser\u00e3o avaliados certificados de p\u00f3s-gradua\u00e7\u00e3o (especializa\u00e7\u00e3o, mestrado e doutorado) na \u00e1rea correlata \u00e0 fun\u00e7\u00e3o ou em Educa\u00e7\u00e3o, conclu\u00eddos at\u00e9 a data de publica\u00e7\u00e3o do edital. Os documentos devem ser enviados ao Instituto Legalle, via upload no site, entre <strong>14\/11\/2025<\/strong> e <strong>02\/12\/2025<\/strong>, em arquivos leg\u00edveis (PDF, PNG ou JPG). Os t\u00edtulos n\u00e3o s\u00e3o cumulativos: apenas o de maior valor acad\u00eamico \u00e9 pontuado, conforme a Tabela 4 do edital.<\/li>\n<li><strong>Prova Pr\u00e1tica (Motoristas \u2013 categorias B, C e D \u2013 e Operador de Equipamento)<\/strong>: de car\u00e1ter eliminat\u00f3rio e classificat\u00f3rio, aplicada em data prov\u00e1vel definida no cronograma, tamb\u00e9m em Balne\u00e1rio Arroio do Silva. Ser\u00e3o convocados todos os candidatos presentes na prova te\u00f3rica; a aus\u00eancia implica desclassifica\u00e7\u00e3o. A prova inicia com nota m\u00e1xima, da qual s\u00e3o descontados pontos por faltas leves, m\u00e9dias, graves ou eliminat\u00f3rias, conforme crit\u00e9rios previamente estabelecidos.<\/li>\n<\/ul>\n<p>Para todos os cargos, a <strong>nota final<\/strong> ser\u00e1 calculada da seguinte forma: apenas Prova Te\u00f3rico-Objetiva para cargos administrativos, operacionais e t\u00e9cnicos; Prova Te\u00f3rico-Objetiva + T\u00edtulos para Professores; Prova Te\u00f3rico-Objetiva + Prova Pr\u00e1tica para Motoristas e Operador de Equipamento. Detalhes sobre conte\u00fados, regras de aplica\u00e7\u00e3o, documentos exigidos no dia da prova e eventuais protocolos sanit\u00e1rios devem ser conferidos diretamente no edital e nos avisos oficiais.<\/p>\n<h2>Resultados e Gabarito<\/h2>\n<p>O cronograma do Processo Seletivo P\u00fablico de Balne\u00e1rio Arroio do Silva\/SC prev\u00ea a <strong>homologa\u00e7\u00e3o das inscri\u00e7\u00f5es<\/strong> em <strong>05\/12\/2025<\/strong>, com publica\u00e7\u00e3o no site do Instituto Legalle. A <strong>Prova Te\u00f3rico-Objetiva<\/strong> e a <strong>Prova Pr\u00e1tica<\/strong> (para Motoristas e Operador de Equipamento) est\u00e3o previstas para <strong>21\/12\/2025<\/strong>, com locais e hor\u00e1rios divulgados em 17\/12\/2025.<\/p>\n<p>Ap\u00f3s a aplica\u00e7\u00e3o das provas, o <strong>caderno de quest\u00f5es<\/strong> e o <strong>gabarito preliminar<\/strong> ser\u00e3o publicados em <strong>22\/12\/2025<\/strong>. Em seguida, abre-se prazo para recursos, conforme regras do edital. O <strong>resultado da Prova Te\u00f3rico-Objetiva e da Prova Pr\u00e1tica<\/strong> est\u00e1 previsto para <strong>09\/01\/2026<\/strong>, mesma data em que ser\u00e1 divulgado o <strong>resultado preliminar da Prova de T\u00edtulos<\/strong> para os cargos de Professor.<\/p>\n<p>O <strong>Resultado Final e a Homologa\u00e7\u00e3o<\/strong> do Processo Seletivo t\u00eam previs\u00e3o de publica\u00e7\u00e3o em <strong>16\/01\/2026<\/strong>. O resultado final ser\u00e1 apresentado em duas listas: uma <strong>Lista Geral<\/strong>, com todos os candidatos habilitados, e uma <strong>Lista de Pessoas com Defici\u00eancia<\/strong>, com a classifica\u00e7\u00e3o espec\u00edfica desse grupo.<\/p>\n<p>A classifica\u00e7\u00e3o \u00e9 feita em ordem decrescente da m\u00e9dia obtida, com duas casas decimais, sem arredondamento. Em caso de empate, aplicam-se crit\u00e9rios sucessivos, incluindo prioridade ao idoso (Lei n\u00ba 10.741\/03), maiores notas em determinados blocos de quest\u00f5es (Conhecimentos Espec\u00edficos, L\u00edngua Portuguesa, Matem\u00e1tica, Legisla\u00e7\u00e3o, Conhecimentos Gerais\/Atualidades), nota da Prova Pr\u00e1tica (quando houver), condi\u00e7\u00e3o de jurado, maior idade e, se necess\u00e1rio, sorteio p\u00fablico, conforme detalhamento do edital.<\/p>\n<p>Ap\u00f3s a homologa\u00e7\u00e3o, o provimento das vagas ocorrer\u00e1 conforme a necessidade do Munic\u00edpio, respeitando rigorosamente a ordem de classifica\u00e7\u00e3o e o prazo de validade do processo seletivo. As convoca\u00e7\u00f5es para apresenta\u00e7\u00e3o de documentos, exames m\u00e9dicos e assinatura de contrato ser\u00e3o publicadas no Di\u00e1rio Oficial do Munic\u00edpio e\/ou no site oficial da Prefeitura, cabendo ao candidato acompanhar essas publica\u00e7\u00f5es.<\/p>\n<p>\u00c9 responsabilidade exclusiva do candidato acompanhar, de forma cont\u00ednua, todas as divulga\u00e7\u00f5es oficiais no site do Instituto Legalle, no portal da Prefeitura e no Di\u00e1rio Oficial, inclusive gabaritos, resultados parciais, finais, homologa\u00e7\u00f5es e convoca\u00e7\u00f5es para contrata\u00e7\u00e3o.<\/p>\n","protected":false},"excerpt":{"rendered":"<p>Proc. Seletivo Pref. Baln. Arroio do Silva (SC) com edital publicado! Vagas p\/ M\u00e9dico e Professor (Fund. a Sup.). Inscri\u00e7\u00f5es a partir de 14\/11. Confira detalhes!<\/p>\n","protected":false},"author":7,"featured_media":274372,"comment_status":"open","ping_status":"open","sticky":false,"template":"","format":"standard","meta":{"_acf_changed":false,"_breakdance_hide_in_design_set":false,"_breakdance_tags":"","footnotes":""},"categories":[6433,106,141,6434,12,6048,17,112,18,19,111,100,20,6871,116,21,23,24,25,26,101,118,108,130,143],"tags":[61],"_amplo":[],"destaque":[],"instituicoes":[],"class_list":["post-274373","post","type-post","status-publish","format-standard","has-post-thumbnail","hentry","category-biologia-licenciatura","category-bioquimica","category-educacao-artistica","category-educacao-fisica-licenciatura","category-enfermagem","category-engenharia-de-agrimensura","category-farmacia","category-filosofia","category-fisioterapia","category-fonoaudiologia","category-geografia","category-historia","category-letras","category-letras-ingles","category-matematica","category-medicina","category-nutricao","category-odontologia","category-pedagogia","category-psicologia","category-servico-social","category-sociologia","category-tecnico-enfermagem","category-tecnico-informatica","category-tecnico-odontologia","tag-santa-catarina"],"acf":{"_tipo_vagas":"vagas","_numero_vagas":"","_quadro_vagas":"","_cargos":"diversos","_cargos_especificos":"","_salario_max":"R$ 16900","_abertura":"20251114","_encerramento":"20251202","_inscricoes":"https:\/\/www.institutolegalle.org.br","_executora_concurso":"","_instituicao_concurso":[],"_link_adicional":null,"_anexos":null,"_produtos":null,"_vagas":"CR","_salario_min":"R$ 1222","_instituicao":"Prefeitura de Balne\u00e1rio Arroio do Silva","_edital":"https:\/\/www.agrobase.com.br\/concursos\/wp-content\/uploads\/sites\/4\/2025\/11\/edital-01-2025-prefeitura-de-balneario-arroio-do-silva-sc.pdf","_anexos_edital":"https:\/\/www.agrobase.com.br\/concursos\/wp-content\/uploads\/sites\/4\/2025\/11\/anexos-edital-01-2025-prefeitur.lneario-arroio-do-silva-sc.pdf","_fund_incompleto":"<div>\r\n<table class=\"quadro\">\r\n<thead>\r\n<tr>\r\n<th class=\"hcargo\">Cargo<\/th>\r\n<th class=\"hvagas\">Vagas<\/th>\r\n<th class=\"hremuneracao\">Remunera\u00e7\u00e3o<\/th>\r\n<\/tr>\r\n<\/thead>\r\n    <tbody>\r\n      <td class=\"ccargos\">\r\n<span data-balloon-length=\"medium\" aria-label=\"Portador do Atestado de Conclus\u00e3o das s\u00e9ries iniciais do Ensino Fundamental.\" data-balloon-pos=\"up\">Auxiliar de Servi\u00e7os Gerais - Externo<\/span><\/td>\r\n<td class=\"cvagas\">CR<\/td>\r\n<td class=\"cremuneracao\">R$ 1.506,26 \/40h<\/td>\r\n<\/tr><td class=\"ccargos\">\r\n<span data-balloon-length=\"medium\" aria-label=\"Portador do Atestado de Conclus\u00e3o das s\u00e9ries iniciais do Ensino Fundamental.\" data-balloon-pos=\"up\">Auxiliar de Servi\u00e7os Gerais - Interno<\/span><\/td>\r\n<td class=\"cvagas\">CR<\/td>\r\n<td class=\"cremuneracao\">R$ 1.506,26 \/40h<\/td>\r\n<\/tr><td class=\"ccargos\">\r\n<span data-balloon-length=\"medium\" aria-label=\"Portador do Atestado de Conclus\u00e3o das s\u00e9ries iniciais do Ensino Fundamental e experi\u00eancia na \u00e1rea de atua\u00e7\u00e3o.\" data-balloon-pos=\"up\">Pintor<\/span><\/td>\r\n<td class=\"cvagas\">CR<\/td>\r\n<td class=\"cremuneracao\">R$ 1.875,62 \/40h<\/td>\r\n<\/tr>\r\n    <\/tbody>\r\n  <\/table>\r\n<\/div>","_fund_completo":"<div>\r\n<table class=\"quadro\">\r\n<thead>\r\n<tr>\r\n<th class=\"hcargo\">Cargo<\/th>\r\n<th class=\"hvagas\">Vagas<\/th>\r\n<th class=\"hremuneracao\">Remunera\u00e7\u00e3o<\/th>\r\n<\/tr>\r\n<\/thead>\r\n    <tbody>\r\n      <td class=\"ccargos\">\r\n<span data-balloon-length=\"medium\" aria-label=\"Portador do Atestado de Conclus\u00e3o do Ensino fundamental.\" data-balloon-pos=\"up\">Auxiliar Operacional de Creche<\/span><\/td>\r\n<td class=\"cvagas\">CR<\/td>\r\n<td class=\"cremuneracao\">R$ 1.517,47 \/40h<\/td>\r\n<\/tr><td class=\"ccargos\">\r\n<span data-balloon-length=\"medium\" aria-label=\"Portador do Atestado de Conclus\u00e3o do Ensino Fundamental.\" data-balloon-pos=\"up\">Lubrificador\/Lavador<\/span><\/td>\r\n<td class=\"cvagas\">CR<\/td>\r\n<td class=\"cremuneracao\">R$ 1.875,62 \/40h<\/td>\r\n<\/tr><td class=\"ccargos\">\r\n<span data-balloon-length=\"medium\" aria-label=\"Portador do Atestado de Conclus\u00e3o do Ensino Fundamental.\" data-balloon-pos=\"up\">Merendeira<\/span><\/td>\r\n<td class=\"cvagas\">CR<\/td>\r\n<td class=\"cremuneracao\">R$ 1.517,47 \/40h<\/td>\r\n<\/tr><td class=\"ccargos\">\r\n<span data-balloon-length=\"medium\" aria-label=\"Portador do Atestado de Conclus\u00e3o do Ensino fundamental, experi\u00eancia e treinamento na \u00e1rea de atua\u00e7\u00e3o e portador de CNH profissional na categoria m\u00ednima B, de acordo com as exig\u00eancias do DETRAN\/DENATRAN, bem como, apresenta\u00e7\u00e3o de exame toxicol\u00f3gico.\" data-balloon-pos=\"up\">Motorista - Categoria B<\/span><\/td>\r\n<td class=\"cvagas\">CR<\/td>\r\n<td class=\"cremuneracao\">R$ 2.595,20 \/40h<\/td>\r\n<\/tr><td class=\"ccargos\">\r\n<span data-balloon-length=\"medium\" aria-label=\"Portador de Atestado de Conclus\u00e3o do Ensino fundamental, experi\u00eancia e treinamento na \u00e1rea de atua\u00e7\u00e3o e portador de CNH profissional na categoria m\u00ednima C, de acordo com as exig\u00eancias do DETRAN\/DENATRAN, bem como, apresenta\u00e7\u00e3o de exame toxicol\u00f3gico.\" data-balloon-pos=\"up\">Motorista - Categoria C<\/span><\/td>\r\n<td class=\"cvagas\">CR<\/td>\r\n<td class=\"cremuneracao\">R$ 2.595,20 \/40h<\/td>\r\n<\/tr><td class=\"ccargos\">\r\n<span data-balloon-length=\"medium\" aria-label=\"Portador do Atestado de Conclus\u00e3o do Ensino fundamental, experi\u00eancia e treinamento na \u00e1rea de atua\u00e7\u00e3o e portador de CNH profissional na categoria m\u00ednima D, de acordo com as exig\u00eancias do DETRAN\/DENATRAN, bem como, apresenta\u00e7\u00e3o de exame toxicol\u00f3gico.\" data-balloon-pos=\"up\">Motorista - Categoria D<\/span><\/td>\r\n<td class=\"cvagas\">CR<\/td>\r\n<td class=\"cremuneracao\">R$ 2.595,20 \/40h<\/td>\r\n<\/tr><td class=\"ccargos\">\r\n<span data-balloon-length=\"medium\" aria-label=\"Portador do Atestado de Conclus\u00e3o do Ensino Fundamental, experi\u00eancia e treinamento na \u00e1rea de atua\u00e7\u00e3o e portador de CNH profissional na categoria m\u00ednima C, de acordo com as exig\u00eancias do DETRAN\/DENATRAN.\" data-balloon-pos=\"up\">Operador de Equipamento<\/span><\/td>\r\n<td class=\"cvagas\">CR<\/td>\r\n<td class=\"cremuneracao\">R$ 2.595,20 \/40h<\/td>\r\n<\/tr><td class=\"ccargos\">\r\n<span data-balloon-length=\"medium\" aria-label=\"Portador do Atestado de Conclus\u00e3o do Ensino Fundamental.\" data-balloon-pos=\"up\">Servente de Escola<\/span><\/td>\r\n<td class=\"cvagas\">CR<\/td>\r\n<td class=\"cremuneracao\">R$ 1.517,47 \/40h<\/td>\r\n<\/tr><td class=\"ccargos\">\r\n<span data-balloon-length=\"medium\" aria-label=\"Portador do Atestado de Conclus\u00e3o do Ensino Fundamental e experi\u00eancia na \u00e1rea de atua\u00e7\u00e3o.\" data-balloon-pos=\"up\">Vigia<\/span><\/td>\r\n<td class=\"cvagas\">CR<\/td>\r\n<td class=\"cremuneracao\">R$ 1.875,62 \/40h<\/td>\r\n<\/tr>\r\n    <\/tbody>\r\n  <\/table>\r\n<\/div>","_medio":"<div>\r\n<table class=\"quadro\">\r\n<thead>\r\n<tr>\r\n<th class=\"hcargo\">Cargo<\/th>\r\n<th class=\"hvagas\">Vagas<\/th>\r\n<th class=\"hremuneracao\">Remunera\u00e7\u00e3o<\/th>\r\n<\/tr>\r\n<\/thead>\r\n    <tbody>\r\n      <td class=\"ccargos\">\r\n<span data-balloon-length=\"medium\" aria-label=\"Ensino M\u00e9dio Completo e residir no Munic\u00edpio de Balne\u00e1rio Arroio do Silva\/SC por mais de 30 (trinta) dias, contado da publica\u00e7\u00e3o deste Edital.\" data-balloon-pos=\"up\">Agente Comunit\u00e1rio de Sa\u00fade<\/span><\/td>\r\n<td class=\"cvagas\">CR<\/td>\r\n<td class=\"cremuneracao\">R$ 3.036,00 \/40h<\/td>\r\n<\/tr><td class=\"ccargos\">\r\n<span data-balloon-length=\"medium\" aria-label=\"Ensino M\u00e9dio Completo e conhecimento em inform\u00e1tica.\" data-balloon-pos=\"up\">Agente Administrativo<\/span><\/td>\r\n<td class=\"cvagas\">CR<\/td>\r\n<td class=\"cremuneracao\">R$ 1.981,80 \/40h<\/td>\r\n<\/tr><td class=\"ccargos\">\r\n<span data-balloon-length=\"medium\" aria-label=\"Ensino m\u00e9dio completo, conhecimento em inform\u00e1tica e experi\u00eancia na \u00e1rea de atua\u00e7\u00e3o e portador de CNH categoria AB, de acordo com as exig\u00eancias do DETRAN\/DENATRAN.\" data-balloon-pos=\"up\">Agente de Combate \u00e0s Endemias<\/span><\/td>\r\n<td class=\"cvagas\">CR<\/td>\r\n<td class=\"cremuneracao\">R$ 2.824,00 \/40h<\/td>\r\n<\/tr><td class=\"ccargos\">\r\n<span data-balloon-length=\"medium\" aria-label=\"2\u00ba Grau Completo, Curso de Atendente de Consult\u00f3rio Dent\u00e1rio ou equivalente e Registro no \u00f3rg\u00e3o fiscalizador competente.\" data-balloon-pos=\"up\">Auxiliar de Consult\u00f3rio Odontol\u00f3gico ESF<\/span><\/td>\r\n<td class=\"cvagas\">CR<\/td>\r\n<td class=\"cremuneracao\">R$ 1.793,05 \/40h<\/td>\r\n<\/tr><td class=\"ccargos\">\r\n<span data-balloon-length=\"medium\" aria-label=\"Portador do Atestado de Conclus\u00e3o do Ensino M\u00e9dio e Curso T\u00e9cnico em Eletricidade, experi\u00eancia e treinamento na \u00e1rea de atua\u00e7\u00e3o, e Registro no \u00d3rg\u00e3o competente se houver.\" data-balloon-pos=\"up\">Eletricista<\/span><\/td>\r\n<td class=\"cvagas\">CR<\/td>\r\n<td class=\"cremuneracao\">R$ 2.080,88 \/40h<\/td>\r\n<\/tr><td class=\"ccargos\">\r\n<span data-balloon-length=\"medium\" aria-label=\"Ensino M\u00e9dio Completo e conhecimento em inform\u00e1tica.\" data-balloon-pos=\"up\">Fiscal de Tributos<\/span><\/td>\r\n<td class=\"cvagas\">CR<\/td>\r\n<td class=\"cremuneracao\">R$ 2.039,62 \/40h<\/td>\r\n<\/tr><td class=\"ccargos\">\r\n<span data-balloon-length=\"medium\" aria-label=\"Ensino M\u00e9dio Completo e conhecimento em inform\u00e1tica.\" data-balloon-pos=\"up\">Fiscal de Obras e Servi\u00e7os<\/span><\/td>\r\n<td class=\"cvagas\">CR<\/td>\r\n<td class=\"cremuneracao\">R$ 2.039,62 \/40h<\/td>\r\n<\/tr><td class=\"ccargos\">\r\n<span data-balloon-length=\"medium\" aria-label=\"Ensino M\u00e9dio Completo e conhecimento em inform\u00e1tica.\" data-balloon-pos=\"up\">Fiscal de Vigil\u00e2ncia Sanit\u00e1ria<\/span><\/td>\r\n<td class=\"cvagas\">CR<\/td>\r\n<td class=\"cremuneracao\">R$ 2.039,62 \/40h<\/td>\r\n<\/tr><td class=\"ccargos\">\r\n<span data-balloon-length=\"medium\" aria-label=\"Ensino M\u00e9dio Completo.\" data-balloon-pos=\"up\">Monitor de \u00d4nibus<\/span><\/td>\r\n<td class=\"cvagas\">CR<\/td>\r\n<td class=\"cremuneracao\">R$ 1.557,52 \/40h<\/td>\r\n<\/tr><td class=\"ccargos\">\r\n<span data-balloon-length=\"medium\" aria-label=\"Portador de Atestado de Conclus\u00e3o do Ensino M\u00e9dio e experi\u00eancia na \u00e1rea de atua\u00e7\u00e3o.\" data-balloon-pos=\"up\">Monitor de Educa\u00e7\u00e3o<\/span><\/td>\r\n<td class=\"cvagas\">CR<\/td>\r\n<td class=\"cremuneracao\">R$ 1.557,52 \/40h<\/td>\r\n<\/tr><td class=\"ccargos\">\r\n<span data-balloon-length=\"medium\" aria-label=\"Ensino M\u00e9dio Completo e experi\u00eancia na \u00e1rea de atua\u00e7\u00e3o.\" data-balloon-pos=\"up\">Monitor de M\u00fasica<\/span><\/td>\r\n<td class=\"cvagas\">CR<\/td>\r\n<td class=\"cremuneracao\">R$ 1.506,26 \/20h<\/td>\r\n<\/tr><td class=\"ccargos\">\r\n<span data-balloon-length=\"medium\" aria-label=\"Ensino M\u00e9dio Completo e experi\u00eancia na \u00e1rea de atua\u00e7\u00e3o.\" data-balloon-pos=\"up\">Monitor de Dan\u00e7a<\/span><\/td>\r\n<td class=\"cvagas\">CR<\/td>\r\n<td class=\"cremuneracao\">R$ 1.506,26 \/20h<\/td>\r\n<\/tr><td class=\"ccargos\">\r\n<span data-balloon-length=\"medium\" aria-label=\"Ensino M\u00e9dio Completo e conhecimento em inform\u00e1tica.\" data-balloon-pos=\"up\">Recepcionista \/ Telefonista<\/span><\/td>\r\n<td class=\"cvagas\">CR<\/td>\r\n<td class=\"cremuneracao\">R$ 1.875,62 \/40h<\/td>\r\n<\/tr><td class=\"ccargos\">\r\n<span data-balloon-length=\"medium\" aria-label=\"Portador de Certificado de Conclus\u00e3o de Curso de 2\u00ba Grau T\u00e9cnico e\/ou com registro no \u00f3rg\u00e3o fiscalizador da profiss\u00e3o, se houver, e experi\u00eancia comprovada na \u00e1rea de atua\u00e7\u00e3o\" data-balloon-pos=\"up\">Secretario de Escola<\/span><\/td>\r\n<td class=\"cvagas\">CR<\/td>\r\n<td class=\"cremuneracao\">R$ 1.946,40 \/40h<\/td>\r\n<\/tr><td class=\"ccargos\">\r\n<span data-balloon-length=\"medium\" aria-label=\"Ensino M\u00e9dio Completo, Curso em T\u00e9cnico de Enfermagem e registro no Conselho ou \u00d3rg\u00e3o Competente.\" data-balloon-pos=\"up\">T\u00e9cnico de Enfermagem<\/span><\/td>\r\n<td class=\"cvagas\">CR<\/td>\r\n<td class=\"cremuneracao\">R$ 2.039,62 \/40h<\/td>\r\n<\/tr><td class=\"ccargos\">\r\n<span data-balloon-length=\"medium\" aria-label=\"Ensino M\u00e9dio Completo, Curso em T\u00e9cnico de Enfermagem e registro no Conselho ou \u00d3rg\u00e3o Competente.\" data-balloon-pos=\"up\">T\u00e9cnico de Enfermagem - ESF<\/span><\/td>\r\n<td class=\"cvagas\">CR<\/td>\r\n<td class=\"cremuneracao\">R$ 2.038,35 \/40h<\/td>\r\n<\/tr><td class=\"ccargos\">\r\n<span data-balloon-length=\"medium\" aria-label=\"Ensino M\u00e9dio Completo e Certificado de Curso T\u00e9cnico de inform\u00e1tica.\" data-balloon-pos=\"up\">T\u00e9cnico em Inform\u00e1tica<\/span><\/td>\r\n<td class=\"cvagas\">CR<\/td>\r\n<td class=\"cremuneracao\">R$ 2.642,39 \/40h<\/td>\r\n<\/tr>\r\n    <\/tbody>\r\n  <\/table>\r\n<\/div>","_superior":"<div>\r\n<table class=\"quadro\">\r\n<thead>\r\n<tr>\r\n<th class=\"hcargo\">Cargo<\/th>\r\n<th class=\"hvagas\">Vagas<\/th>\r\n<th class=\"hremuneracao\">Remunera\u00e7\u00e3o<\/th>\r\n<\/tr>\r\n<\/thead>\r\n    <tbody>\r\n      <tr>\r\n<td class=\"ccargos\">\r\n<span data-balloon-length=\"medium\" aria-label=\"Curso superior de Assist\u00eancia Social, com registro no conselho ou \u00f3rg\u00e3o competente.\" data-balloon-pos=\"up\">Assistente Social<\/span><\/td>\r\n<td class=\"cvagas\">CR<\/td>\r\n<td class=\"cremuneracao\">R$ 4.092,18 \/40h<\/td>\r\n<\/tr><tr>\r\n<td class=\"ccargos\">\r\n<span data-balloon-length=\"medium\" aria-label=\"Curso superior em Odontologia, com registro no conselho ou \u00f3rg\u00e3o competente.\" data-balloon-pos=\"up\">Cirurgi\u00e3o Dentista- ESF<\/span><\/td>\r\n<td class=\"cvagas\">CR<\/td>\r\n<td class=\"cremuneracao\">R$ 5.281,96 \/40h<\/td>\r\n<\/tr><tr>\r\n<td class=\"ccargos\">\r\n<span data-balloon-length=\"medium\" aria-label=\"Curso Superior em Enfermagem e registro no Conselho ou \u00d3rg\u00e3o competente.\" data-balloon-pos=\"up\">Enfermeiro<\/span><\/td>\r\n<td class=\"cvagas\">CR<\/td>\r\n<td class=\"cremuneracao\">R$ 5.702,00 \/30h<\/td>\r\n<\/tr><tr>\r\n<td class=\"ccargos\">\r\n<span data-balloon-length=\"medium\" aria-label=\"Curso Superior em Enfermagem e registro no Conselho ou \u00d3rg\u00e3o competente.\" data-balloon-pos=\"up\">Enfermeiro - ESF<\/span><\/td>\r\n<td class=\"cvagas\">CR<\/td>\r\n<td class=\"cremuneracao\">R$ 5.433,64 \/40h<\/td>\r\n<\/tr><tr>\r\n<td class=\"ccargos\">\r\n<span data-balloon-length=\"medium\" aria-label=\"Curso Superior em Engenharia de Agrimensura e registro no Conselho ou \u00d3rg\u00e3o competente.\" data-balloon-pos=\"up\">Engenheiro Agrimensor<\/span><\/td>\r\n<td class=\"cvagas\">CR<\/td>\r\n<td class=\"cremuneracao\">R$ 5.537,01 \/40h<\/td>\r\n<\/tr><tr>\r\n<td class=\"ccargos\">\r\n<span data-balloon-length=\"medium\" aria-label=\"Curso Superior em Farm\u00e1cia e registro no Conselho ou \u00d3rg\u00e3o competente.\" data-balloon-pos=\"up\">Farmac\u00eautico Bioqu\u00edmico<\/span><\/td>\r\n<td class=\"cvagas\">CR<\/td>\r\n<td class=\"cremuneracao\">R$ 5.701,99 \/40h<\/td>\r\n<\/tr><tr>\r\n<td class=\"ccargos\">\r\n<span data-balloon-length=\"medium\" aria-label=\"Curso Superior em Fisioterapia e registro no Conselho ou \u00d3rg\u00e3o competente.\" data-balloon-pos=\"up\">Fisioterapeuta<\/span><\/td>\r\n<td class=\"cvagas\">CR<\/td>\r\n<td class=\"cremuneracao\">R$ 4.088,45 \/20h<\/td>\r\n<\/tr><tr>\r\n<td class=\"ccargos\">\r\n<span data-balloon-length=\"medium\" aria-label=\"Curso Superior em Fonoaudiologia e registro no Conselho ou \u00d3rg\u00e3o competente.\" data-balloon-pos=\"up\">Fonoaudi\u00f3logo<\/span><\/td>\r\n<td class=\"cvagas\">CR<\/td>\r\n<td class=\"cremuneracao\">R$ 3.820,98 \/20h<\/td>\r\n<\/tr><tr>\r\n<td class=\"ccargos\">\r\n<span data-balloon-length=\"medium\" aria-label=\"Curso Superior em Medicina e registro no Conselho ou \u00d3rg\u00e3o competente.\" data-balloon-pos=\"up\">M\u00e9dico<\/span><\/td>\r\n<td class=\"cvagas\">CR<\/td>\r\n<td class=\"cremuneracao\">R$ 14.113,31 \/40h<\/td>\r\n<\/tr><tr>\r\n<td class=\"ccargos\">\r\n<span data-balloon-length=\"medium\" aria-label=\"Curso Superior em Medicina e registro no Conselho ou \u00d3rg\u00e3o competente.\" data-balloon-pos=\"up\">M\u00e9dico - ESF<\/span><\/td>\r\n<td class=\"cvagas\">CR<\/td>\r\n<td class=\"cremuneracao\">R$ 16.900,00 \/40h<\/td>\r\n<\/tr><tr>\r\n<td class=\"ccargos\">\r\n<span data-balloon-length=\"medium\" aria-label=\"Curso superior em Medicina e registro no Conselho ou \u00f3rg\u00e3o competente. Especialista na \u00e1rea de atua\u00e7\u00e3o (Ginecologia e obstetr\u00edcia).\" data-balloon-pos=\"up\">M\u00e9dico Ginecologista<\/span><\/td>\r\n<td class=\"cvagas\">CR<\/td>\r\n<td class=\"cremuneracao\">R$ 7.056,65 \/20h<\/td>\r\n<\/tr><tr>\r\n<td class=\"ccargos\">\r\n<span data-balloon-length=\"medium\" aria-label=\"Curso superior em Medicina e registro no Conselho ou \u00f3rg\u00e3o competente. Especialista na \u00e1rea de atua\u00e7\u00e3o (Pediatria).\" data-balloon-pos=\"up\">M\u00e9dico Pediatra<\/span><\/td>\r\n<td class=\"cvagas\">CR<\/td>\r\n<td class=\"cremuneracao\">R$ 7.056,65 \/20h<\/td>\r\n<\/tr><tr>\r\n<td class=\"ccargos\">\r\n<span data-balloon-length=\"medium\" aria-label=\"Curso superior em Medicina e registro no Conselho ou \u00f3rg\u00e3o competente. Especialista na \u00e1rea de atua\u00e7\u00e3o (Psiquiatria).\" data-balloon-pos=\"up\">M\u00e9dico Psiquiatra<\/span><\/td>\r\n<td class=\"cvagas\">CR<\/td>\r\n<td class=\"cremuneracao\">R$ 7.056,65 \/20h<\/td>\r\n<\/tr><tr>\r\n<td class=\"ccargos\">\r\n<span data-balloon-length=\"medium\" aria-label=\"Curso Superior em Nutri\u00e7\u00e3o com Registro no Conselho competente.\" data-balloon-pos=\"up\">Nutricionista<\/span><\/td>\r\n<td class=\"cvagas\">CR<\/td>\r\n<td class=\"cremuneracao\">R$ 5.701,98 \/40h<\/td>\r\n<\/tr><tr>\r\n<td class=\"ccargos\">\r\n<span data-balloon-length=\"medium\" aria-label=\"Certificado de Conclus\u00e3o de Curso Superior em Ci\u00eancias da Religi\u00e3o ou Ensino Religioso ou Certificado de Curso Superior em Religi\u00e3o com registro no MEC.\" data-balloon-pos=\"up\">Professor de Ensino Fundamental - Anos Iniciais - Ensino Religioso<\/span><\/td>\r\n<td class=\"cvagas\">CR<\/td>\r\n<td class=\"cremuneracao\">R$ 2.444,00 \/20h<\/td>\r\n<\/tr><tr>\r\n<td class=\"ccargos\">\r\n<span data-balloon-length=\"medium\" aria-label=\"Certificado de Conclus\u00e3o de Curso Superior em Licenciatura em Educa\u00e7\u00e3o F\u00edsica com registro no MEC.\" data-balloon-pos=\"up\">Professor de Ensino B\u00e1sico, Ensino M\u00e9dio e Anos Finais de 6\u00ba ao 9\u00b0 ano - Educa\u00e7\u00e3o F\u00edsica - EJA (Educa\u00e7\u00e3o de Jovens e Adultos)<\/span><\/td>\r\n<td class=\"cvagas\">CR<\/td>\r\n<td class=\"cremuneracao\">R$ 1.222,00 \/10h<\/td>\r\n<\/tr><tr>\r\n<td class=\"ccargos\">\r\n<span data-balloon-length=\"medium\" aria-label=\"Certificado de Conclus\u00e3o de Curso Superior em Licenciatura Plena em Artes Visuais com registro no MEC.\" data-balloon-pos=\"up\">Professor de Ensino B\u00e1sico, Ensino M\u00e9dio e Anos Finais de 6\u00ba ao 9\u00b0 ano - Arte - EJA (Educa\u00e7\u00e3o de Jovens e Adultos)<\/span><\/td>\r\n<td class=\"cvagas\">CR<\/td>\r\n<td class=\"cremuneracao\">R$ 1.222,00 \/10h<\/td>\r\n<\/tr><tr>\r\n<td class=\"ccargos\">\r\n<span data-balloon-length=\"medium\" aria-label=\"Certificado de Conclus\u00e3o de Curso Superior em Licenciatura Plena em Geografia com registro no MEC.\" data-balloon-pos=\"up\">Professor de Ensino B\u00e1sico, Ensino M\u00e9dio e Anos Finais de 6\u00ba ao 9\u00b0 ano - Geografia - EJA (Educa\u00e7\u00e3o de Jovens e Adultos)<\/span><\/td>\r\n<td class=\"cvagas\">CR<\/td>\r\n<td class=\"cremuneracao\">R$ 1.222,00 \/10h<\/td>\r\n<\/tr><tr>\r\n<td class=\"ccargos\">\r\n<span data-balloon-length=\"medium\" aria-label=\"Certificado de Conclus\u00e3o de Curso Superior de Licenciatura Plena em Matem\u00e1tica com registro no MEC.\" data-balloon-pos=\"up\">Professor de Ensino B\u00e1sico, Ensino M\u00e9dio e Anos Finais de 6\u00ba ao 9\u00b0 ano - Matem\u00e1tica - EJA (Educa\u00e7\u00e3o de Jovens e Adultos)<\/span><\/td>\r\n<td class=\"cvagas\">CR<\/td>\r\n<td class=\"cremuneracao\">R$ 1.222,00 \/10h<\/td>\r\n<\/tr><tr>\r\n<td class=\"ccargos\">\r\n<span data-balloon-length=\"medium\" aria-label=\"Certificado de Conclus\u00e3o de Curso Superior em Licenciatura em Hist\u00f3ria com registro no MEC.\" data-balloon-pos=\"up\">Professor de Ensino B\u00e1sico, Ensino M\u00e9dio e Anos Finais de 6\u00ba ao 9\u00b0 ano - Hist\u00f3ria - EJA (Educa\u00e7\u00e3o de Jovens e Adultos)<\/span><\/td>\r\n<td class=\"cvagas\">CR<\/td>\r\n<td class=\"cremuneracao\">R$ 1.222,00 \/10h<\/td>\r\n<\/tr><tr>\r\n<td class=\"ccargos\">\r\n<span data-balloon-length=\"medium\" aria-label=\"Certificado de Conclus\u00e3o de Curso Superior em Licenciatura Plena em Ci\u00eancias Biol\u00f3gicas e\/ou Ci\u00eancias da Natureza com registro no MEC.\" data-balloon-pos=\"up\">Professor de Ensino B\u00e1sico, Ensino Fundamental e Anos Finais de 6\u00ba ao 9\u00b0 ano Ci\u00eancias - EJA (Educa\u00e7\u00e3o de Jovens e Adultos)<\/span><\/td>\r\n<td class=\"cvagas\">CR<\/td>\r\n<td class=\"cremuneracao\">R$ 1.222,00 \/10h<\/td>\r\n<\/tr><tr>\r\n<td class=\"ccargos\">\r\n<span data-balloon-length=\"medium\" aria-label=\"Certificado de Conclus\u00e3o de Curso Superior em Letras com registro no MEC.\" data-balloon-pos=\"up\">Professor de Ensino B\u00e1sico, Ensino M\u00e9dio e Anos Finais de 6\u00ba ao 9\u00b0 ano - L\u00edngua Portuguesa - EJA (Educa\u00e7\u00e3o de Jovens e Adultos)<\/span><\/td>\r\n<td class=\"cvagas\">CR<\/td>\r\n<td class=\"cremuneracao\">R$ 1.222,00 \/10h<\/td>\r\n<\/tr><tr>\r\n<td class=\"ccargos\">\r\n<span data-balloon-length=\"medium\" aria-label=\"Certificado de Conclus\u00e3o de Curso Superior em Licenciatura Plena em Ci\u00eancias Biol\u00f3gicas com registro no MEC.\" data-balloon-pos=\"up\">Professor de Ensino M\u00e9dio - Biologia - EJA (Educa\u00e7\u00e3o de Jovens e Adultos)<\/span><\/td>\r\n<td class=\"cvagas\">CR<\/td>\r\n<td class=\"cremuneracao\">R$ 1.222,00 \/10h<\/td>\r\n<\/tr><tr>\r\n<td class=\"ccargos\">\r\n<span data-balloon-length=\"medium\" aria-label=\"Certificado de Conclus\u00e3o de Curso Superior em Letras Ingl\u00eas com registro no MEC.\" data-balloon-pos=\"up\">Professor de Ensino B\u00e1sico Ensino M\u00e9dio e Anos Finais de 6\u00ba ao 9\u00b0 ano - L\u00edngua Estrangeira Ingl\u00eas - EJA (Educa\u00e7\u00e3o de Jovens e Adultos)<\/span><\/td>\r\n<td class=\"cvagas\">CR<\/td>\r\n<td class=\"cremuneracao\">R$ 1.222,00 \/10h<\/td>\r\n<\/tr><tr>\r\n<td class=\"ccargos\">\r\n<span data-balloon-length=\"medium\" aria-label=\"Certificado de Conclus\u00e3o de Curso Superior em Licenciatura Plena em Qu\u00edmica com registro no MEC.\" data-balloon-pos=\"up\">Professor de Ensino M\u00e9dio - Qu\u00edmica - EJA (Educa\u00e7\u00e3o de Jovens e Adultos)<\/span><\/td>\r\n<td class=\"cvagas\">CR<\/td>\r\n<td class=\"cremuneracao\">R$ 1.222,00 \/10h<\/td>\r\n<\/tr><tr>\r\n<td class=\"ccargos\">\r\n<span data-balloon-length=\"medium\" aria-label=\"Certificado de Conclus\u00e3o de Curso Superior em Licenciatura Plena em F\u00edsica com registro no MEC.\" data-balloon-pos=\"up\">Professor de Ensino M\u00e9dio - F\u00edsica - EJA (Educa\u00e7\u00e3o de Jovens e Adultos)<\/span><\/td>\r\n<td class=\"cvagas\">CR<\/td>\r\n<td class=\"cremuneracao\">R$ 1.222,00 \/10h<\/td>\r\n<\/tr><tr>\r\n<td class=\"ccargos\">\r\n<span data-balloon-length=\"medium\" aria-label=\"Certificado de Conclus\u00e3o de Curso Superior em Licenciatura Plena em Filosofia com registro no MEC.\" data-balloon-pos=\"up\">Professor de Ensino M\u00e9dio - Filosofia - EJA (Educa\u00e7\u00e3o de Jovens e Adultos)<\/span><\/td>\r\n<td class=\"cvagas\">CR<\/td>\r\n<td class=\"cremuneracao\">R$ 1.222,00 \/10h<\/td>\r\n<\/tr><tr>\r\n<td class=\"ccargos\">\r\n<span data-balloon-length=\"medium\" aria-label=\"Certificado de Conclus\u00e3o de Curso Superior em Licenciatura Plena em Sociologia com registro no MEC.\" data-balloon-pos=\"up\">Professor de Ensino M\u00e9dio - Sociologia - EJA (Educa\u00e7\u00e3o de Jovens e Adultos)<\/span><\/td>\r\n<td class=\"cvagas\">CR<\/td>\r\n<td class=\"cremuneracao\">R$ 1.222,00 \/10h<\/td>\r\n<\/tr><tr>\r\n<td class=\"ccargos\">\r\n<span data-balloon-length=\"medium\" aria-label=\"Certificado de Conclus\u00e3o de Curso Superior em Licenciatura plena em Pedagogia, com habilita\u00e7\u00e3o em Ensino Fundamental anos iniciais, ou Licenciatura Plena em Pedagogia com Complementa\u00e7\u00e3o Pedag\u00f3gica em Ensino Fundamental anos iniciais com registro no MEC.\" data-balloon-pos=\"up\">Professor de Ensino Fundamental - Anos Iniciais de 1\u00ba ao 5\u00b0 ano - Alfabetiza\u00e7\u00e3o e Nivelamento - EJA (Educa\u00e7\u00e3o de Jovens e Adultos)<\/span><\/td>\r\n<td class=\"cvagas\">CR<\/td>\r\n<td class=\"cremuneracao\">R$ 2.444,00 \/20h<\/td>\r\n<\/tr><tr>\r\n<td class=\"ccargos\">\r\n<span data-balloon-length=\"medium\" aria-label=\"Certificado de Conclus\u00e3o de Curso Superior em Arte com registro no MEC.\" data-balloon-pos=\"up\">Professor de Ensino Fundamental- Anos Iniciais - Arte<\/span><\/td>\r\n<td class=\"cvagas\">CR<\/td>\r\n<td class=\"cremuneracao\">R$ 2.444,00 \/20h<\/td>\r\n<\/tr><tr>\r\n<td class=\"ccargos\">\r\n<span data-balloon-length=\"medium\" aria-label=\"Certificado de Conclus\u00e3o de Curso Superior em Licenciatura em Educa\u00e7\u00e3o F\u00edsica com registro no MEC.\" data-balloon-pos=\"up\">Professor de Ensino Fundamental - Anos Iniciais - Educa\u00e7\u00e3o F\u00edsica<\/span><\/td>\r\n<td class=\"cvagas\">CR<\/td>\r\n<td class=\"cremuneracao\">R$ 1.222,00 \/10h<\/td>\r\n<\/tr><tr>\r\n<td class=\"ccargos\">\r\n<span data-balloon-length=\"medium\" aria-label=\"Certificado de Conclus\u00e3o de Curso Superior em Licenciatura em Educa\u00e7\u00e3o F\u00edsica com registro no MEC.\" data-balloon-pos=\"up\">Professor de Ensino Fundamental - Anos Iniciais - Educa\u00e7\u00e3o F\u00edsica<\/span><\/td>\r\n<td class=\"cvagas\">CR<\/td>\r\n<td class=\"cremuneracao\">R$ 2.444,00 \/20h<\/td>\r\n<\/tr><tr>\r\n<td class=\"ccargos\">\r\n<span data-balloon-length=\"medium\" aria-label=\"Certificado de Conclus\u00e3o de Curso Superior em Letras Ingl\u00eas com registro no MEC.\" data-balloon-pos=\"up\">Professor de Ensino Fundamental - Anos Iniciais - L\u00edngua Estrangeira Ingl\u00eas<\/span><\/td>\r\n<td class=\"cvagas\">CR<\/td>\r\n<td class=\"cremuneracao\">R$ 1.222,00 \/10h<\/td>\r\n<\/tr><tr>\r\n<td class=\"ccargos\">\r\n<span data-balloon-length=\"medium\" aria-label=\"Certificado de Conclus\u00e3o de Curso Superior em Letras Ingl\u00eas com registro no MEC.\" data-balloon-pos=\"up\">Professor de Ensino Fundamental - Anos Iniciais - L\u00edngua Estrangeira Ingl\u00eas<\/span><\/td>\r\n<td class=\"cvagas\">CR<\/td>\r\n<td class=\"cremuneracao\">R$ 2.444,00 \/20h<\/td>\r\n<\/tr><tr>\r\n<td class=\"ccargos\">\r\n<span data-balloon-length=\"medium\" aria-label=\"Certificado de Conclus\u00e3o de Curso Superior de Licenciatura Plena em Pedagogia, com habilita\u00e7\u00e3o em Ensino Fundamental anos iniciais, ou Licenciatura Plena em Pedagogia com Complementa\u00e7\u00e3o Pedag\u00f3gica em Ensino Fundamental anos iniciais com registro no MEC.\" data-balloon-pos=\"up\">Professor de Ensino Fundamental - Anos Iniciais de 1\u00ba ao 5\u00ba ano<\/span><\/td>\r\n<td class=\"cvagas\">CR<\/td>\r\n<td class=\"cremuneracao\">R$ 2.444,00 \/20h<\/td>\r\n<\/tr><tr>\r\n<td class=\"ccargos\">\r\n<span data-balloon-length=\"medium\" aria-label=\"Certificado de Conclus\u00e3o de Curso Superior de Licenciatura Plena em Pedagogia, com habilita\u00e7\u00e3o em Educa\u00e7\u00e3o Infantil, ou Licenciatura Plena em Pedagogia com complementa\u00e7\u00e3o em Ensino Infantil com registro no MEC.\" data-balloon-pos=\"up\">Professor de Ensino Infantil - 0 a 5 Anos<\/span><\/td>\r\n<td class=\"cvagas\">CR<\/td>\r\n<td class=\"cremuneracao\">R$ 2.444,00 \/20h<\/td>\r\n<\/tr><tr>\r\n<td class=\"ccargos\">\r\n<span data-balloon-length=\"medium\" aria-label=\"Certificado de conclus\u00e3o de curso superior em licenciatura plena em Pedagogia ou em \u00e1rea espec\u00edfica da Educa\u00e7\u00e3o B\u00e1sica, e certificado de conclus\u00e3o de curso de especializa\u00e7\u00e3o ou forma\u00e7\u00e3o espec\u00edfica em Educa\u00e7\u00e3o Bil\u00edngue para Surdos, Libras ou Tradu\u00e7\u00e3o\/Interpreta\u00e7\u00e3o de Libras. Alternativamente ao certificado de conclus\u00e3o de curso de especializa\u00e7\u00e3o, poder\u00e1 ser apresentado certificado de conclus\u00e3o de curso de forma\u00e7\u00e3o continuada reconhecido pelo MEC, em Libras (m\u00ednimo de 180 horas).\" data-balloon-pos=\"up\">Professor - Bilingue Libras<\/span><\/td>\r\n<td class=\"cvagas\">CR<\/td>\r\n<td class=\"cremuneracao\">R$ 2.444,00 \/20h<\/td>\r\n<\/tr><tr>\r\n<td class=\"ccargos\">\r\n<span data-balloon-length=\"medium\" aria-label=\"Certificado de conclus\u00e3o de curso superior em licenciatura plena em Pedagogia ou em \u00e1rea espec\u00edfica da Educa\u00e7\u00e3o B\u00e1sica (conforme o n\u00edvel\/modalidade de atua\u00e7\u00e3o), e certificado de conclus\u00e3o de curso de especializa\u00e7\u00e3o (p\u00f3s-gradua\u00e7\u00e3o lato sensu) em Educa\u00e7\u00e3o Especial (Educa\u00e7\u00e3o Inclusiva, Atendimento Educacional Especializado, Psicopedagogia Institucional etc.).\" data-balloon-pos=\"up\">Professor de Educa\u00e7\u00e3o Especial (segundo professor)<\/span><\/td>\r\n<td class=\"cvagas\">CR<\/td>\r\n<td class=\"cremuneracao\">R$ 2.444,00 \/20h<\/td>\r\n<\/tr><tr>\r\n<td class=\"ccargos\">\r\n<span data-balloon-length=\"medium\" aria-label=\"Curso Superior em Psicologia e registro no Conselho ou \u00d3rg\u00e3o competente.\" data-balloon-pos=\"up\">Psic\u00f3logo<\/span><\/td>\r\n<td class=\"cvagas\">CR<\/td>\r\n<td class=\"cremuneracao\">R$ 4.092,18 \/40h<\/td>\r\n<\/tr>\r\n    <\/tbody>\r\n  <\/table>\r\n<\/div>"},"_links":{"self":[{"href":"https:\/\/www.agrobase.com.br\/concursos\/wp-json\/wp\/v2\/posts\/274373","targetHints":{"allow":["GET"]}}],"collection":[{"href":"https:\/\/www.agrobase.com.br\/concursos\/wp-json\/wp\/v2\/posts"}],"about":[{"href":"https:\/\/www.agrobase.com.br\/concursos\/wp-json\/wp\/v2\/types\/post"}],"author":[{"embeddable":true,"href":"https:\/\/www.agrobase.com.br\/concursos\/wp-json\/wp\/v2\/users\/7"}],"replies":[{"embeddable":true,"href":"https:\/\/www.agrobase.com.br\/concursos\/wp-json\/wp\/v2\/comments?post=274373"}],"version-history":[{"count":2,"href":"https:\/\/www.agrobase.com.br\/concursos\/wp-json\/wp\/v2\/posts\/274373\/revisions"}],"predecessor-version":[{"id":274377,"href":"https:\/\/www.agrobase.com.br\/concursos\/wp-json\/wp\/v2\/posts\/274373\/revisions\/274377"}],"wp:featuredmedia":[{"embeddable":true,"href":"https:\/\/www.agrobase.com.br\/concursos\/wp-json\/wp\/v2\/media\/274372"}],"wp:attachment":[{"href":"https:\/\/www.agrobase.com.br\/concursos\/wp-json\/wp\/v2\/media?parent=274373"}],"wp:term":[{"taxonomy":"category","embeddable":true,"href":"https:\/\/www.agrobase.com.br\/concursos\/wp-json\/wp\/v2\/categories?post=274373"},{"taxonomy":"post_tag","embeddable":true,"href":"https:\/\/www.agrobase.com.br\/concursos\/wp-json\/wp\/v2\/tags?post=274373"},{"taxonomy":"_amplo","embeddable":true,"href":"https:\/\/www.agrobase.com.br\/concursos\/wp-json\/wp\/v2\/_amplo?post=274373"},{"taxonomy":"destaque","embeddable":true,"href":"https:\/\/www.agrobase.com.br\/concursos\/wp-json\/wp\/v2\/destaque?post=274373"},{"taxonomy":"instituicoes","embeddable":true,"href":"https:\/\/www.agrobase.com.br\/concursos\/wp-json\/wp\/v2\/instituicoes?post=274373"}],"curies":[{"name":"wp","href":"https:\/\/api.w.org\/{rel}","templated":true}]}}