{"id":274312,"date":"2025-11-27T08:30:38","date_gmt":"2025-11-27T11:30:38","guid":{"rendered":"https:\/\/www.agrobase.com.br\/concursos\/?p=274312"},"modified":"2025-11-26T16:00:05","modified_gmt":"2025-11-26T19:00:05","slug":"prefeitura-itanhanga-mt-selecao-simplificada-02-2025","status":"publish","type":"post","link":"https:\/\/www.agrobase.com.br\/concursos\/2025\/prefeitura-itanhanga-mt-selecao-simplificada-02-2025\/","title":{"rendered":"Prefeitura Itanhang\u00e1 (MT) &#8211; Sele\u00e7\u00e3o Simplificada 02\/2025"},"content":{"rendered":"<h2>Informa\u00e7\u00f5es Gerais<\/h2>\n<p>O Processo Seletivo Simplificado n\u00ba 002\/2025 da Prefeitura Municipal de Itanhang\u00e1, no Estado de Mato Grosso, teve edital publicado para contrata\u00e7\u00e3o tempor\u00e1ria de profissionais, em car\u00e1ter emergencial e de excepcional interesse p\u00fablico, conforme a Lei Municipal n\u00ba 267\/2011 e demais legisla\u00e7\u00f5es citadas no edital. O certame \u00e9 organizado e supervisionado pela Comiss\u00e3o Organizadora nomeada pela Portaria n\u00ba 342\/2025.<\/p>\n<p>O objetivo \u00e9 formar cadastro reserva para diversos cargos vinculados a todas as Secretarias Municipais, incluindo a Secretaria Municipal de Educa\u00e7\u00e3o e Cultura, com remunera\u00e7\u00f5es que variam aproximadamente de R$ 1.608,16 a R$ 6.489,28. O prazo de validade \u00e9 espec\u00edfico: para cargos da Educa\u00e7\u00e3o, vale apenas para o ano letivo de 2026; para os demais, \u00e9 de 1 ano a partir da homologa\u00e7\u00e3o, prorrog\u00e1vel por igual per\u00edodo.<\/p>\n<p>O processo contempla oportunidades para n\u00edveis Fundamental incompleto, Fundamental completo, M\u00e9dio\/T\u00e9cnico e Superior, com vagas em \u00e1reas administrativas, operacionais, sa\u00fade e educa\u00e7\u00e3o, incluindo cargos de Nutricionista e Nutricionista (Educa\u00e7\u00e3o), de interesse especial para quem atua em Nutri\u00e7\u00e3o.<\/p>\n<p>Se voc\u00ea busca uma oportunidade tempor\u00e1ria na Prefeitura de Itanhang\u00e1, vale conferir com aten\u00e7\u00e3o as inscri\u00e7\u00f5es, etapas de sele\u00e7\u00e3o e cronograma detalhado nas se\u00e7\u00f5es a seguir.<\/p>\n<h2>Inscri\u00e7\u00f5es<\/h2>\n<p>As inscri\u00e7\u00f5es para o Processo Seletivo Simplificado n\u00ba 002\/2025 da Prefeitura de Itanhang\u00e1 ser\u00e3o realizadas exclusivamente de forma presencial, no per\u00edodo de 10\/11\/2025 a 01\/12\/2025, em hor\u00e1rio de expediente (das 7h \u00e0s 11h e das 13h \u00e0s 17h). N\u00e3o haver\u00e1 cobran\u00e7a de taxa de inscri\u00e7\u00e3o para nenhum dos perfis previstos no edital.<\/p>\n<p>Para os cargos da \u00e1rea da educa\u00e7\u00e3o, as inscri\u00e7\u00f5es devem ser feitas na Secretaria Municipal de Educa\u00e7\u00e3o e Cultura, localizada na Rua Florian\u00f3polis, n\u00ba 200. J\u00e1 para os cargos da \u00e1rea da sa\u00fade e demais \u00e1reas, o candidato deve se inscrever na Unidade Descentralizada de Reabilita\u00e7\u00e3o (Fisioterapia), na Avenida Mato Grosso, s\/n.<\/p>\n<p>O candidato dever\u00e1 preencher o Formul\u00e1rio de Inscri\u00e7\u00e3o (Anexo V), dispon\u00edvel nos locais de inscri\u00e7\u00e3o e tamb\u00e9m na p\u00e1gina eletr\u00f4nica da Prefeitura de Itanhang\u00e1 (www.itanhanga.mt.gov.br, op\u00e7\u00e3o Editais), e entreg\u00e1-lo juntamente com as c\u00f3pias simples dos documentos exigidos no Item 7 do edital, em envelope fornecido pelo pr\u00f3prio candidato. Ap\u00f3s confer\u00eancia, a ficha ser\u00e1 assinada, o envelope lacrado e ser\u00e1 entregue comprovante de protocolo.<\/p>\n<p>N\u00e3o s\u00e3o aceitas inscri\u00e7\u00f5es fora do prazo, condicionais, por fax, correspond\u00eancia, e-mail ou qualquer meio eletr\u00f4nico, nem com documenta\u00e7\u00e3o incompleta. Tamb\u00e9m \u00e9 vedada a inscri\u00e7\u00e3o em mais de um perfil profissional, sob pena de desclassifica\u00e7\u00e3o em ambos. \u00c9 responsabilidade do candidato garantir a veracidade das informa\u00e7\u00f5es e acompanhar, no site da Prefeitura, a divulga\u00e7\u00e3o das inscri\u00e7\u00f5es preliminares e finais.<\/p>\n<p>Antes de se inscrever, \u00e9 indispens\u00e1vel a leitura integral do edital, dispon\u00edvel no portal oficial do munic\u00edpio.<\/p>\n<h2>Etapas e Provas<\/h2>\n<p>O Processo Seletivo Simplificado n\u00ba 002\/2025 ser\u00e1 composto por etapa \u00fanica de avalia\u00e7\u00e3o de t\u00edtulos, com car\u00e1ter exclusivamente classificat\u00f3rio, sem aplica\u00e7\u00e3o de prova objetiva ou pr\u00e1tica.<\/p>\n<p>A prova de t\u00edtulos abranger\u00e1:<\/p>\n<ul>\n<li><strong>Escolaridade e titula\u00e7\u00e3o<\/strong>: para cargos de n\u00edvel superior (incluindo Professor Licenciatura Plena), ser\u00e3o pontuados cursos de gradua\u00e7\u00e3o, p\u00f3s-gradua\u00e7\u00e3o lato sensu (especializa\u00e7\u00e3o) e stricto sensu (mestrado e doutorado), conforme tabela do Anexo II.<\/li>\n<li><strong>Cursos de aperfei\u00e7oamento\/forma\u00e7\u00e3o continuada<\/strong>: certificados na \u00e1rea do cargo, reconhecidos por \u00f3rg\u00e3os credenciados pelo MEC, realizados nos \u00faltimos 2 anos e conclu\u00eddos at\u00e9 31\/10\/2025, com pontua\u00e7\u00e3o por carga hor\u00e1ria m\u00ednima de 60 horas, observados os limites m\u00e1ximos de pontos por n\u00edvel de escolaridade.<\/li>\n<li><strong>Experi\u00eancia profissional<\/strong>: tempo de atua\u00e7\u00e3o na \u00e1rea do cargo, comprovado por certid\u00e3o de tempo de servi\u00e7o emitida pela chefia competente ou por registros em Carteira de Trabalho e Previd\u00eancia Social, considerando os \u00faltimos 3 anos, com pontua\u00e7\u00e3o por blocos de quatro meses de exerc\u00edcio, at\u00e9 o limite previsto para cada n\u00edvel.<\/li>\n<\/ul>\n<p>Os crit\u00e9rios de pontua\u00e7\u00e3o variam conforme o n\u00edvel de escolaridade (Superior, T\u00e9cnico\/M\u00e9dio, Fundamental completo e Fundamental incompleto), sendo a pontua\u00e7\u00e3o por escolaridade n\u00e3o cumulativa e a pontua\u00e7\u00e3o por experi\u00eancia e cursos cumulativa, respeitados os tetos definidos no Anexo II.<\/p>\n<p>A contagem dos pontos ser\u00e1 realizada pela Comiss\u00e3o Organizadora do Processo Seletivo Simplificado 002\/2025, com base exclusivamente nos documentos apresentados no ato da inscri\u00e7\u00e3o, n\u00e3o sendo admitida complementa\u00e7\u00e3o posterior.<\/p>\n<p>Para conhecer a tabela completa de pontua\u00e7\u00e3o, documentos aceitos, limites por t\u00edtulo e demais regras da avalia\u00e7\u00e3o, \u00e9 fundamental consultar o edital e seus anexos.<\/p>\n<h2>Resultados e Gabarito<\/h2>\n<p>O resultado do Processo Seletivo Simplificado n\u00ba 002\/2025 seguir\u00e1 o cronograma previsto no Anexo IV do edital. Ap\u00f3s o per\u00edodo de inscri\u00e7\u00f5es (10\/11\/2025 a 01\/12\/2025), est\u00e1 programada a divulga\u00e7\u00e3o da rela\u00e7\u00e3o de inscri\u00e7\u00f5es preliminar em 04\/12\/2025, bem como a publica\u00e7\u00e3o do resultado preliminar na mesma data.<\/p>\n<p>Os candidatos poder\u00e3o interpor recursos contra a rela\u00e7\u00e3o de inscri\u00e7\u00f5es preliminar e contra o resultado preliminar at\u00e9 08\/12\/2025. O julgamento desses recursos e a divulga\u00e7\u00e3o da rela\u00e7\u00e3o de inscri\u00e7\u00f5es final, bem como do resultado final, est\u00e3o previstos para 10\/12\/2025.<\/p>\n<p>A homologa\u00e7\u00e3o do certame est\u00e1 prevista para 11\/12\/2025. A partir da\u00ed, os candidatos classificados poder\u00e3o ser convocados conforme a necessidade da Administra\u00e7\u00e3o, sempre respeitando rigorosamente a ordem de classifica\u00e7\u00e3o e a vig\u00eancia do processo seletivo para cada grupo de cargos.<\/p>\n<p>Em caso de empate na classifica\u00e7\u00e3o final, ser\u00e3o aplicados, sucessivamente, os seguintes crit\u00e9rios de desempate: <strong>a)<\/strong> maior pontua\u00e7\u00e3o de experi\u00eancia profissional; <strong>b)<\/strong> maior pontua\u00e7\u00e3o de escolaridade; <strong>c)<\/strong> maior idade.<\/p>\n<p>Os resultados preliminares e finais, bem como editais de convoca\u00e7\u00e3o e demais publica\u00e7\u00f5es oficiais, ser\u00e3o divulgados no \u00f3rg\u00e3o de imprensa oficial do munic\u00edpio (https:\/\/diariomunicipal.org\/mt\/amm\/), no site da Prefeitura de Itanhang\u00e1 (http:\/\/www.itanhanga.mt.gov.br) e no mural da Prefeitura Municipal.<\/p>\n<p>\u00c9 responsabilidade exclusiva do candidato acompanhar todas as publica\u00e7\u00f5es oficiais relacionadas ao processo seletivo, tanto no site da banca organizadora (Prefeitura) quanto no Di\u00e1rio Oficial indicado, n\u00e3o podendo alegar desconhecimento das convoca\u00e7\u00f5es ou prazos.<\/p>\n","protected":false},"excerpt":{"rendered":"<p>Proc. Seletivo Pref. Itanhang\u00e1 (MT) com edital publicado! Vagas p\/ Professor, Enfermeiro (Fund. a Sup.). Inscri\u00e7\u00f5es a partir de 10\/11. Sal\u00e1rios at\u00e9 R$6.4k. Confira!<\/p>\n","protected":false},"author":7,"featured_media":274311,"comment_status":"open","ping_status":"open","sticky":false,"template":"","format":"standard","meta":{"_acf_changed":false,"_breakdance_hide_in_design_set":false,"_breakdance_tags":"","footnotes":""},"categories":[6434,12,17,18,23,24,25,26,101,108],"tags":[47],"_amplo":[],"destaque":[],"instituicoes":[],"class_list":["post-274312","post","type-post","status-publish","format-standard","has-post-thumbnail","hentry","category-educacao-fisica-licenciatura","category-enfermagem","category-farmacia","category-fisioterapia","category-nutricao","category-odontologia","category-pedagogia","category-psicologia","category-servico-social","category-tecnico-enfermagem","tag-mato-grosso"],"acf":{"_tipo_vagas":"vagas","_numero_vagas":"","_quadro_vagas":"","_cargos":"diversos","_cargos_especificos":"","_salario_max":"R$ 6489.28","_abertura":"20251110","_encerramento":"20251201","_inscricoes":"http:\/\/www.itanhanga.mt.gov.br","_executora_concurso":"","_instituicao_concurso":[],"_link_adicional":null,"_anexos":null,"_produtos":null,"_vagas":"CR","_salario_min":"R$ 1608.16","_instituicao":"Prefeitura de Itanhang\u00e1","_edital":"https:\/\/www.agrobase.com.br\/concursos\/wp-content\/uploads\/sites\/4\/2025\/11\/edital-02-2025-prefeitura-de-itanhanga-mt.pdf","_anexos_edital":"","_fund_incompleto":"<div>\r\n<table class=\"quadro\">\r\n<thead>\r\n<tr>\r\n<th class=\"hcargo\">Cargo<\/th>\r\n<th class=\"hvagas\">Vagas<\/th>\r\n<th class=\"hremuneracao\">Remunera\u00e7\u00e3o<\/th>\r\n<\/tr>\r\n<\/thead>\r\n    <tbody>\r\n      <td class=\"ccargos\">\r\n<span data-balloon-length=\"medium\" aria-label=\"Ensino Fundamental incompleto.\" data-balloon-pos=\"up\">Auxiliar de Servi\u00e7os Gerais<\/span><\/td>\r\n<td class=\"cvagas\">CR<\/td>\r\n<td class=\"cremuneracao\">R$ 1.736,82 \/40h<\/td>\r\n<\/tr><td class=\"ccargos\">\r\n<span data-balloon-length=\"medium\" aria-label=\"Ensino Fundamental incompleto.\" data-balloon-pos=\"up\">Guarda de Patrim\u00f4nio<\/span><\/td>\r\n<td class=\"cvagas\">CR<\/td>\r\n<td class=\"cremuneracao\">R$ 1.736,82 \/40h<\/td>\r\n<\/tr><td class=\"ccargos\">\r\n<span data-balloon-length=\"medium\" aria-label=\"Ensino Fundamental Incompleto e CNH, no m\u00ednimo, categoria C.\" data-balloon-pos=\"up\">Motorista de Caminh\u00e3o I<\/span><\/td>\r\n<td class=\"cvagas\">CR<\/td>\r\n<td class=\"cremuneracao\">R$ 2.766,05 \/40h<\/td>\r\n<\/tr><td class=\"ccargos\">\r\n<span data-balloon-length=\"medium\" aria-label=\"Ensino Fundamental Incompleto e CNH, no m\u00ednimo, categoria C.\" data-balloon-pos=\"up\">Operador de M\u00e1quinas I<\/span><\/td>\r\n<td class=\"cvagas\">CR<\/td>\r\n<td class=\"cremuneracao\">R$ 2.959,03 \/40h<\/td>\r\n<\/tr><td class=\"ccargos\">\r\n<span data-balloon-length=\"medium\" aria-label=\"Ensino Fundamental Incompleto e CNH, no m\u00ednimo, categoria D.\" data-balloon-pos=\"up\">Operador de M\u00e1quinas II<\/span><\/td>\r\n<td class=\"cvagas\">CR<\/td>\r\n<td class=\"cremuneracao\">R$ 3.473,65 \/40h<\/td>\r\n<\/tr>\r\n    <\/tbody>\r\n  <\/table>\r\n<\/div>","_fund_completo":"<div>\r\n<table class=\"quadro\">\r\n<thead>\r\n<tr>\r\n<th class=\"hcargo\">Cargo<\/th>\r\n<th class=\"hvagas\">Vagas<\/th>\r\n<th class=\"hremuneracao\">Remunera\u00e7\u00e3o<\/th>\r\n<\/tr>\r\n<\/thead>\r\n    <tbody>\r\n      <td class=\"ccargos\">\r\n<span data-balloon-length=\"medium\" aria-label=\"Ensino Fundamental Completo e CNH, no m\u00ednimo, categoria D.\" data-balloon-pos=\"up\">Motorista de Ambul\u00e2ncia<\/span><\/td>\r\n<td class=\"cvagas\">CR<\/td>\r\n<td class=\"cremuneracao\">R$ 3.023,35 \/40h<\/td>\r\n<\/tr><td class=\"ccargos\">\r\n<span data-balloon-length=\"medium\" aria-label=\"Ensino Fundamental Completo e CNH, no m\u00ednimo, categoria D.\" data-balloon-pos=\"up\">Motorista de \u00d4nibus<\/span><\/td>\r\n<td class=\"cvagas\">CR<\/td>\r\n<td class=\"cremuneracao\">R$ 2.830,37 \/40h<\/td>\r\n<\/tr><td class=\"ccargos\">\r\n<span data-balloon-length=\"medium\" aria-label=\"Ensino Fundamental Completo.\" data-balloon-pos=\"up\">Auxiliar de Servi\u00e7os Gerais - Educa\u00e7\u00e3o<\/span><\/td>\r\n<td class=\"cvagas\">CR<\/td>\r\n<td class=\"cremuneracao\">R$ 1.608,16 \/30h<\/td>\r\n<\/tr><td class=\"ccargos\">\r\n<span data-balloon-length=\"medium\" aria-label=\"Ensino Fundamental Completo.\" data-balloon-pos=\"up\">Guarda de Patrim\u00f4nio - Educa\u00e7\u00e3o<\/span><\/td>\r\n<td class=\"cvagas\">CR<\/td>\r\n<td class=\"cremuneracao\">R$ 2.020,45 \/40h<\/td>\r\n<\/tr><td class=\"ccargos\">\r\n<span data-balloon-length=\"medium\" aria-label=\"Ensino Fundamental Completo.\" data-balloon-pos=\"up\">Merendeira - Educa\u00e7\u00e3o<\/span><\/td>\r\n<td class=\"cvagas\">CR<\/td>\r\n<td class=\"cremuneracao\">R$ 1.608,16 \/30h<\/td>\r\n<\/tr><td class=\"ccargos\">\r\n<span data-balloon-length=\"medium\" aria-label=\"Ensino Fundamental Completo + CNH Categoria 'D'.\" data-balloon-pos=\"up\">Motorista de Transporte Escolar<\/span><\/td>\r\n<td class=\"cvagas\">CR<\/td>\r\n<td class=\"cremuneracao\">R$ 3.113,25 \/40h<\/td>\r\n<\/tr>\r\n    <\/tbody>\r\n  <\/table>\r\n<\/div>","_medio":"<div>\r\n<table class=\"quadro\">\r\n<thead>\r\n<tr>\r\n<th class=\"hcargo\">Cargo<\/th>\r\n<th class=\"hvagas\">Vagas<\/th>\r\n<th class=\"hremuneracao\">Remunera\u00e7\u00e3o<\/th>\r\n<\/tr>\r\n<\/thead>\r\n    <tbody>\r\n      <td class=\"ccargos\">\r\n<span data-balloon-length=\"medium\" aria-label=\"Ensino M\u00e9dio Completo. Residir na Agrovila Monte Alto.\" data-balloon-pos=\"up\">Agente Comunit\u00e1rio de Sa\u00fade - Agrovila Monte Alto<\/span><\/td>\r\n<td class=\"cvagas\">CR<\/td>\r\n<td class=\"cremuneracao\">R$ 3.036,00 \/40h<\/td>\r\n<\/tr><td class=\"ccargos\">\r\n<span data-balloon-length=\"medium\" aria-label=\"Ensino M\u00e9dio Completo. Residir na Agrovila Simione.\" data-balloon-pos=\"up\">Agente Comunit\u00e1rio de Sa\u00fade - Agrovila Simione<\/span><\/td>\r\n<td class=\"cvagas\">CR<\/td>\r\n<td class=\"cremuneracao\">R$ 3.036,00 \/40h<\/td>\r\n<\/tr><td class=\"ccargos\">\r\n<span data-balloon-length=\"medium\" aria-label=\"Ensino M\u00e9dio Completo. Residir na Area 01 que \u00e9 formada pelos Bairros: *Bairros Centro *Bairro Nicoli *Bairro Ozorio *Bairro Lt. Izaias *Bairro Cidade Alta *Bairro Krause.\" data-balloon-pos=\"up\">Agente Comunit\u00e1rio de Sa\u00fade - \u00c1REA 01<\/span><\/td>\r\n<td class=\"cvagas\">CR<\/td>\r\n<td class=\"cremuneracao\">R$ 3.036,00 \/40h<\/td>\r\n<\/tr><td class=\"ccargos\">\r\n<span data-balloon-length=\"medium\" aria-label=\"Ensino M\u00e9dio Completo. Residir na Area 02 que \u00e9 formada pelos Bairros: *Bairros Nova Conquista *Bairro Pioneiro *Bairro Tonh\u00e3o *Bairro Olaria Peixoto.\" data-balloon-pos=\"up\">Agente Comunit\u00e1rio de Sa\u00fade - \u00c1REA 02<\/span><\/td>\r\n<td class=\"cvagas\">CR<\/td>\r\n<td class=\"cremuneracao\">R$ 3.036,00 \/40h<\/td>\r\n<\/tr><td class=\"ccargos\">\r\n<span data-balloon-length=\"medium\" aria-label=\"Ensino M\u00e9dio Completo.\" data-balloon-pos=\"up\">Agente de Combate a Endemias<\/span><\/td>\r\n<td class=\"cvagas\">CR<\/td>\r\n<td class=\"cremuneracao\">R$ 3.036,00 \/40h<\/td>\r\n<\/tr><td class=\"ccargos\">\r\n<span data-balloon-length=\"medium\" aria-label=\"Ensino M\u00e9dio Completo.\" data-balloon-pos=\"up\">Auxiliar de Sa\u00fade Bucal<\/span><\/td>\r\n<td class=\"cvagas\">CR<\/td>\r\n<td class=\"cremuneracao\">R$ 1.994,12 \/40h<\/td>\r\n<\/tr><td class=\"ccargos\">\r\n<span data-balloon-length=\"medium\" aria-label=\"Ensino T\u00e9cnico + Registro no \u00d3rg\u00e3o\/Conselho de Classe Competente.\" data-balloon-pos=\"up\">T\u00e9cnico em Enfermagem<\/span><\/td>\r\n<td class=\"cvagas\">CR<\/td>\r\n<td class=\"cremuneracao\">R$ 2.701,72 \/40h<\/td>\r\n<\/tr><td class=\"ccargos\">\r\n<span data-balloon-length=\"medium\" aria-label=\"Ensino M\u00e9dio Completo.\" data-balloon-pos=\"up\">T\u00e9cnico de Desenvolvimento Infantil<\/span><\/td>\r\n<td class=\"cvagas\">CR<\/td>\r\n<td class=\"cremuneracao\">R$ 1.865,47 \/40h<\/td>\r\n<\/tr>\r\n    <\/tbody>\r\n  <\/table>\r\n<\/div>","_superior":"<div>\r\n<table class=\"quadro\">\r\n<thead>\r\n<tr>\r\n<th class=\"hcargo\">Cargo<\/th>\r\n<th class=\"hvagas\">Vagas<\/th>\r\n<th class=\"hremuneracao\">Remunera\u00e7\u00e3o<\/th>\r\n<\/tr>\r\n<\/thead>\r\n    <tbody>\r\n      <tr>\r\n<td class=\"ccargos\">\r\n<span data-balloon-length=\"medium\" aria-label=\"Ensino Superior Completo + Registro no \u00d3rg\u00e3o\/Conselho de Classe Competente.\" data-balloon-pos=\"up\">Enfermeiro<\/span><\/td>\r\n<td class=\"cvagas\">CR<\/td>\r\n<td class=\"cremuneracao\">R$ 5.794,55 \/40h<\/td>\r\n<\/tr><tr>\r\n<td class=\"ccargos\">\r\n<span data-balloon-length=\"medium\" aria-label=\"Curso superior em Farm\u00e1cia ou Farm\u00e1cia\/bioqu\u00edmica e Registro no \u00d3rg\u00e3o\/Conselho de Classe Competente.\" data-balloon-pos=\"up\">Farmac\u00eautico<\/span><\/td>\r\n<td class=\"cvagas\">CR<\/td>\r\n<td class=\"cremuneracao\">R$ 5.146,14 \/40h<\/td>\r\n<\/tr><tr>\r\n<td class=\"ccargos\">\r\n<span data-balloon-length=\"medium\" aria-label=\"Ensino Superior Completo + Registro no \u00d3rg\u00e3o\/Conselho de Classe Competente.\" data-balloon-pos=\"up\">Fisioterapeuta<\/span><\/td>\r\n<td class=\"cvagas\">CR<\/td>\r\n<td class=\"cremuneracao\">R$ 4.921,00 \/30h<\/td>\r\n<\/tr><tr>\r\n<td class=\"ccargos\">\r\n<span data-balloon-length=\"medium\" aria-label=\"Curso superior em Nutri\u00e7\u00e3o e Registro no \u00d3rg\u00e3o\/Conselho de Classe Competente.\" data-balloon-pos=\"up\">Nutricionista<\/span><\/td>\r\n<td class=\"cvagas\">CR<\/td>\r\n<td class=\"cremuneracao\">R$ 5.146,14 \/40h<\/td>\r\n<\/tr><tr>\r\n<td class=\"ccargos\">\r\n<span data-balloon-length=\"medium\" aria-label=\"Curso superior em Odontologia e Registro no \u00d3rg\u00e3o\/Conselho de Classe Competente.\" data-balloon-pos=\"up\">Odont\u00f3logo<\/span><\/td>\r\n<td class=\"cvagas\">CR<\/td>\r\n<td class=\"cremuneracao\">R$ 6.489,28 \/40h<\/td>\r\n<\/tr><tr>\r\n<td class=\"ccargos\">\r\n<span data-balloon-length=\"medium\" aria-label=\"Curso Superior em Psicologia + Registro no \u00d3rg\u00e3o\/Conselho de Classe Competente.\" data-balloon-pos=\"up\">Psic\u00f3logo<\/span><\/td>\r\n<td class=\"cvagas\">CR<\/td>\r\n<td class=\"cremuneracao\">R$ 5.146,14 \/40h<\/td>\r\n<\/tr><tr>\r\n<td class=\"ccargos\">\r\n<span data-balloon-length=\"medium\" aria-label=\"Ensino Superior Completo + Registro no \u00d3rg\u00e3o\/Conselho de Classe Competente.\" data-balloon-pos=\"up\">Assistente Social<\/span><\/td>\r\n<td class=\"cvagas\">CR<\/td>\r\n<td class=\"cremuneracao\">R$ 4.921,00 \/30h<\/td>\r\n<\/tr><tr>\r\n<td class=\"ccargos\">\r\n<span data-balloon-length=\"medium\" aria-label=\"Ensino Superior Completo + Registro no \u00d3rg\u00e3o\/Conselho de Classe Competente.\" data-balloon-pos=\"up\">Assistente Social - Educa\u00e7\u00e3o<\/span><\/td>\r\n<td class=\"cvagas\">CR<\/td>\r\n<td class=\"cremuneracao\">R$ 4.920,99 \/30h<\/td>\r\n<\/tr><tr>\r\n<td class=\"ccargos\">\r\n<span data-balloon-length=\"medium\" aria-label=\"Curso superior em Nutri\u00e7\u00e3o e Registro no \u00d3rg\u00e3o\/Conselho de Classe Competente.\" data-balloon-pos=\"up\">Nutricionista (Educa\u00e7\u00e3o)<\/span><\/td>\r\n<td class=\"cvagas\">CR<\/td>\r\n<td class=\"cremuneracao\">R$ 5.146,13 \/40h<\/td>\r\n<\/tr><tr>\r\n<td class=\"ccargos\">\r\n<span data-balloon-length=\"medium\" aria-label=\"Licenciatura Plena em Pedagogia.\" data-balloon-pos=\"up\">Professor Licenciatura Plena<\/span><\/td>\r\n<td class=\"cvagas\">CR<\/td>\r\n<td class=\"cremuneracao\">R$ 5.012,54 \/30h<\/td>\r\n<\/tr><tr>\r\n<td class=\"ccargos\">\r\n<span data-balloon-length=\"medium\" aria-label=\"Licenciatura Plena em Educa\u00e7\u00e3o F\u00edsica + Registro no \u00d3rg\u00e3o\/Conselho de Classe Competente.\" data-balloon-pos=\"up\">Professor Licenciatura Plena<\/span><\/td>\r\n<td class=\"cvagas\">CR<\/td>\r\n<td class=\"cremuneracao\">R$ 5.012,54 \/30h<\/td>\r\n<\/tr><tr>\r\n<td class=\"ccargos\">\r\n<span data-balloon-length=\"medium\" aria-label=\"Curso superior em Psicologia e Registro no \u00d3rg\u00e3o\/Conselho de Classe Competente.\" data-balloon-pos=\"up\">Psic\u00f3logo (Educa\u00e7\u00e3o)<\/span><\/td>\r\n<td class=\"cvagas\">CR<\/td>\r\n<td class=\"cremuneracao\">R$ 5.146,13 \/40h<\/td>\r\n<\/tr>\r\n    <\/tbody>\r\n  <\/table>\r\n<\/div>"},"_links":{"self":[{"href":"https:\/\/www.agrobase.com.br\/concursos\/wp-json\/wp\/v2\/posts\/274312","targetHints":{"allow":["GET"]}}],"collection":[{"href":"https:\/\/www.agrobase.com.br\/concursos\/wp-json\/wp\/v2\/posts"}],"about":[{"href":"https:\/\/www.agrobase.com.br\/concursos\/wp-json\/wp\/v2\/types\/post"}],"author":[{"embeddable":true,"href":"https:\/\/www.agrobase.com.br\/concursos\/wp-json\/wp\/v2\/users\/7"}],"replies":[{"embeddable":true,"href":"https:\/\/www.agrobase.com.br\/concursos\/wp-json\/wp\/v2\/comments?post=274312"}],"version-history":[{"count":2,"href":"https:\/\/www.agrobase.com.br\/concursos\/wp-json\/wp\/v2\/posts\/274312\/revisions"}],"predecessor-version":[{"id":274317,"href":"https:\/\/www.agrobase.com.br\/concursos\/wp-json\/wp\/v2\/posts\/274312\/revisions\/274317"}],"wp:featuredmedia":[{"embeddable":true,"href":"https:\/\/www.agrobase.com.br\/concursos\/wp-json\/wp\/v2\/media\/274311"}],"wp:attachment":[{"href":"https:\/\/www.agrobase.com.br\/concursos\/wp-json\/wp\/v2\/media?parent=274312"}],"wp:term":[{"taxonomy":"category","embeddable":true,"href":"https:\/\/www.agrobase.com.br\/concursos\/wp-json\/wp\/v2\/categories?post=274312"},{"taxonomy":"post_tag","embeddable":true,"href":"https:\/\/www.agrobase.com.br\/concursos\/wp-json\/wp\/v2\/tags?post=274312"},{"taxonomy":"_amplo","embeddable":true,"href":"https:\/\/www.agrobase.com.br\/concursos\/wp-json\/wp\/v2\/_amplo?post=274312"},{"taxonomy":"destaque","embeddable":true,"href":"https:\/\/www.agrobase.com.br\/concursos\/wp-json\/wp\/v2\/destaque?post=274312"},{"taxonomy":"instituicoes","embeddable":true,"href":"https:\/\/www.agrobase.com.br\/concursos\/wp-json\/wp\/v2\/instituicoes?post=274312"}],"curies":[{"name":"wp","href":"https:\/\/api.w.org\/{rel}","templated":true}]}}