{"id":274270,"date":"2025-11-27T07:20:03","date_gmt":"2025-11-27T10:20:03","guid":{"rendered":"https:\/\/www.agrobase.com.br\/concursos\/?p=274270"},"modified":"2025-11-26T13:52:19","modified_gmt":"2025-11-26T16:52:19","slug":"prefeitura-monte-alto-sp-selecao-publica-01-2025","status":"publish","type":"post","link":"https:\/\/www.agrobase.com.br\/concursos\/2025\/prefeitura-monte-alto-sp-selecao-publica-01-2025\/","title":{"rendered":"Prefeitura Monte Alto (SP) &#8211; Sele\u00e7\u00e3o P\u00fablica 01\/2025"},"content":{"rendered":"<h2>Informa\u00e7\u00f5es Gerais<\/h2>\n<p>O Processo Seletivo P\u00fablico da Prefeitura Municipal de Monte Alto, no Estado de S\u00e3o Paulo, organizado pela banca RECRUTAMENTO E SELE\u00c7\u00c3O BRASIL, teve edital publicado para forma\u00e7\u00e3o de <strong>cadastro reserva (CR)<\/strong> em diversos empregos tempor\u00e1rios do munic\u00edpio. O certame \u00e9 regido pela Consolida\u00e7\u00e3o das Leis do Trabalho (<strong>regime CLT<\/strong>) e ter\u00e1 validade de 12 meses, prorrog\u00e1vel por igual per\u00edodo, conforme previsto no edital.<\/p>\n<p>O objetivo \u00e9 selecionar profissionais para futuras contrata\u00e7\u00f5es, de acordo com a necessidade da administra\u00e7\u00e3o e a disponibilidade or\u00e7ament\u00e1ria, com remunera\u00e7\u00f5es que variam aproximadamente de <strong>R$ 1.647,64 a R$ 15.087,18<\/strong>.<\/p>\n<p>O processo contempla empregos de <strong>n\u00edvel m\u00e9dio, t\u00e9cnico e superior<\/strong>, com oportunidades principalmente nas \u00e1reas de educa\u00e7\u00e3o (PEB I, PEB II, professores, monitores e agentes de educa\u00e7\u00e3o infantil), sa\u00fade (m\u00e9dicos de diversas especialidades, enfermeiro padr\u00e3o, t\u00e9cnico de enfermagem, fisioterapeuta, auxiliar de consult\u00f3rio dent\u00e1rio) e fun\u00e7\u00f5es de apoio administrativo e educacional (inspetor, recepcionista, monitores de inform\u00e1tica, artesanato, recrea\u00e7\u00e3o e \u00f4nibus, educador\/cuidador, instrutor de m\u00fasica, entre outros).<\/p>\n<h2>Inscri\u00e7\u00f5es<\/h2>\n<p>As inscri\u00e7\u00f5es para o Processo Seletivo da Prefeitura de Monte Alto ser\u00e3o realizadas <strong>exclusivamente pela internet<\/strong>, no site da banca organizadora <strong>portal.recrutamentobrasil.com.br<\/strong>, dentro do per\u00edodo de 25 a 29 de novembro de 2025.<\/p>\n<p>As taxas de inscri\u00e7\u00e3o s\u00e3o diferenciadas por n\u00edvel de escolaridade, nos seguintes valores: <strong>R$ 40,00 para cargos de n\u00edvel m\u00e9dio e t\u00e9cnico<\/strong> e <strong>R$ 50,00 para cargos de n\u00edvel superior<\/strong>. No ato da inscri\u00e7\u00e3o, o candidato poder\u00e1 se inscrever em <strong>mais de um emprego<\/strong>, desde que respeite os per\u00edodos de prova indicados no Anexo VI. Se houver mais de uma inscri\u00e7\u00e3o para o mesmo emprego, prevalecer\u00e1 a inscri\u00e7\u00e3o mais recente, sendo as anteriores automaticamente canceladas.<\/p>\n<p>Para se inscrever, o candidato deve: acessar o site, clicar em \u201c+ Mais Detalhes\u201d no processo seletivo da Prefeitura de Monte Alto, selecionar \u201cRealizar inscri\u00e7\u00e3o\u201d, efetuar o cadastro na plataforma, preencher o formul\u00e1rio eletr\u00f4nico e, em seguida, <strong>imprimir o boleto banc\u00e1rio<\/strong>. O pagamento deve ser feito em ag\u00eancia banc\u00e1ria ou terminal de autoatendimento, at\u00e9 a data de vencimento prevista no cronograma. N\u00e3o s\u00e3o aceitos dep\u00f3sitos, transfer\u00eancias, agendamentos ap\u00f3s o vencimento ou inscri\u00e7\u00f5es via correio, fax ou e-mail.<\/p>\n<p>Ap\u00f3s tr\u00eas dias do pagamento, o candidato deve acessar a <strong>\u00c1rea do Candidato<\/strong> no site da banca, com CPF e senha, para verificar a confirma\u00e7\u00e3o do pagamento e o status da inscri\u00e7\u00e3o. Inscri\u00e7\u00f5es sem pagamento, com dados incompletos ou inconsistentes poder\u00e3o ser indeferidas, sem devolu\u00e7\u00e3o da taxa, salvo se o processo seletivo n\u00e3o se realizar.<\/p>\n<p>O edital menciona que as regras de isen\u00e7\u00e3o, se houver, e todos os prazos espec\u00edficos constam no Cronograma (Anexo III) e demais cap\u00edtulos do documento. \u00c9 indispens\u00e1vel a leitura atenta do edital completo, dispon\u00edvel em portal.recrutamentobrasil.com.br e em https:\/\/montealto.sp.gov.br\/site\/, antes de efetuar a inscri\u00e7\u00e3o.<\/p>\n<h2>Etapas e Provas<\/h2>\n<p>O Processo Seletivo da Prefeitura de Monte Alto \u00e9 composto por at\u00e9 <strong>tr\u00eas etapas<\/strong>, variando conforme o emprego pretendido.<\/p>\n<p><strong>1) Prova Objetiva (1\u00aa fase \u2013 eliminat\u00f3ria e classificat\u00f3ria)<\/strong><\/p>\n<p>Aplicada para <strong>todos os empregos<\/strong>, na cidade de Monte Alto\/SP, em data, hor\u00e1rio e local a serem divulgados em edital de convoca\u00e7\u00e3o nos sites portal.recrutamentobrasil.com.br e https:\/\/montealto.sp.gov.br\/site\/. A prova ter\u00e1 <strong>30 quest\u00f5es de m\u00faltipla escolha<\/strong>, com quatro alternativas cada, valendo de 0 a 100 pontos, e dura\u00e7\u00e3o de <strong>2 horas<\/strong>. O candidato n\u00e3o poder\u00e1 sair da sala antes de 1 hora do in\u00edcio.<\/p>\n<ul>\n<li><strong>N\u00edvel superior (professores, profissionais de sa\u00fade e outros):<\/strong> 15 quest\u00f5es de Conhecimentos Espec\u00edficos (peso 4, total 60 pontos) e demais quest\u00f5es conforme quadro do edital, totalizando 100 pontos.<\/li>\n<li><strong>N\u00edvel m\u00e9dio\/espec\u00edfico (Monitor de Inform\u00e1tica, Instrutor de M\u00fasica, T\u00e9cnico de Enfermagem):<\/strong> L\u00edngua Portuguesa (10 quest\u00f5es, peso 3), Matem\u00e1tica (10, peso 3) e Conhecimentos Espec\u00edficos (10, peso 4), totalizando 100 pontos.<\/li>\n<li><strong>N\u00edvel m\u00e9dio\/t\u00e9cnico (Inspetor, Recepcionista, monitores diversos, Educador\/Cuidador, etc.):<\/strong> L\u00edngua Portuguesa (10 quest\u00f5es), Matem\u00e1tica (10) e Conhecimentos Gerais (10), totalizando 100 pontos, conforme pesos definidos no edital.<\/li>\n<\/ul>\n<p>Ser\u00e3o considerados aprovados na prova objetiva os candidatos que obtiverem <strong>m\u00ednimo de 30 pontos<\/strong>. A corre\u00e7\u00e3o ser\u00e1 por processamento eletr\u00f4nico, com base na folha de respostas.<\/p>\n<p><strong>2) Prova de T\u00edtulos (2\u00aa fase \u2013 apenas classificat\u00f3ria)<\/strong><\/p>\n<p>Etapa destinada exclusivamente aos empregos de <strong>PEB I (todas as modalidades) e PEB II (todas as disciplinas)<\/strong>, conforme instru\u00e7\u00f5es do Anexo IV. Nessa fase, ser\u00e3o avaliados t\u00edtulos acad\u00eamicos e experi\u00eancias previstos no edital, somando-se \u00e0 nota da prova objetiva para composi\u00e7\u00e3o da pontua\u00e7\u00e3o final desses cargos.<\/p>\n<p><strong>3) Prova Pr\u00e1tica (3\u00aa fase \u2013 eliminat\u00f3ria e classificat\u00f3ria)<\/strong><\/p>\n<p>Aplicada apenas para os empregos de <strong>Monitor de Corte e Costura, Monitor de Artesanato \u2013 Cer\u00e2mica, Madeira, Tecido, Recicl\u00e1vel e Biscuit<\/strong>, conforme regras do Anexo V. O candidato ser\u00e1 avaliado na execu\u00e7\u00e3o pr\u00e1tica das atividades inerentes ao emprego, sendo considerado APTO ou INAPTO, al\u00e9m da pontua\u00e7\u00e3o obtida na prova objetiva.<\/p>\n<p>As regras de convoca\u00e7\u00e3o, hor\u00e1rios, materiais permitidos, documentos de identifica\u00e7\u00e3o aceitos, bem como detalhes sobre conte\u00fados das disciplinas, crit\u00e9rios de corre\u00e7\u00e3o, recursos e cronograma completo, devem ser consultados diretamente no edital e em seus anexos.<\/p>\n<h2>Resultados e Gabarito<\/h2>\n<p>A divulga\u00e7\u00e3o de todas as etapas do Processo Seletivo da Prefeitura de Monte Alto ser\u00e1 feita, de forma oficial, nos sites <strong>portal.recrutamentobrasil.com.br<\/strong> e <strong>https:\/\/montealto.sp.gov.br\/site\/<\/strong>, conforme o Cronograma (Anexo III) do edital.<\/p>\n<p>Inicialmente, ser\u00e1 publicada a <strong>lista preliminar de inscritos<\/strong> (lista geral e PCD), permitindo ao candidato verificar o deferimento ou indeferimento de sua inscri\u00e7\u00e3o e, se necess\u00e1rio, interpor pedido de regulariza\u00e7\u00e3o dentro do prazo previsto. Ap\u00f3s a realiza\u00e7\u00e3o das provas, ser\u00e3o divulgados os gabaritos e resultados por fase, com possibilidade de recursos nos termos do cap\u00edtulo espec\u00edfico de recursos do edital.<\/p>\n<p>Os candidatos ser\u00e3o classificados em <strong>ordem decrescente da nota final<\/strong>, em listas por emprego. A pontua\u00e7\u00e3o final ser\u00e1 composta da seguinte forma:<\/p>\n<ul>\n<li><strong>Somente Prova Objetiva:<\/strong> para empregos como Professor de M\u00fasica, Instrutor de M\u00fasica, Instrutor de Jud\u00f4, Agente de Educa\u00e7\u00e3o Infantil, Inspetor, Recepcionista, monitores diversos, T\u00e9cnico de Enfermagem, Enfermeiro Padr\u00e3o, Educador\/Cuidador, M\u00e9dico de Sa\u00fade da Fam\u00edlia, Cirurgi\u00e3o Dentista \u2013 PCD, Fisioterapeuta, m\u00e9dicos especialistas e Auxiliar de Consult\u00f3rio Dent\u00e1rio.<\/li>\n<li><strong>Prova Objetiva + Prova de T\u00edtulos:<\/strong> para todos os empregos de PEB I e PEB II.<\/li>\n<li><strong>Prova Objetiva + Prova Pr\u00e1tica (condi\u00e7\u00e3o APTO):<\/strong> para os empregos de monitores de artesanato e de corte e costura.<\/li>\n<\/ul>\n<p>Em caso de empate na classifica\u00e7\u00e3o final, ser\u00e3o aplicados, nesta ordem, os crit\u00e9rios: idade igual ou superior a 60 anos (mais idoso tem prefer\u00eancia), maior n\u00famero de acertos em Conhecimentos Espec\u00edficos, depois em L\u00edngua Portuguesa, Matem\u00e1tica, Conhecimentos Gerais, e, por fim, maior idade.<\/p>\n<p>Ap\u00f3s o julgamento dos recursos, ser\u00e1 publicada a <strong>lista de Classifica\u00e7\u00e3o Final<\/strong>, que, uma vez homologada pelo Prefeito Municipal, servir\u00e1 de base para as convoca\u00e7\u00f5es durante o prazo de validade do processo seletivo (12 meses, prorrog\u00e1veis). A convoca\u00e7\u00e3o para contrata\u00e7\u00e3o ser\u00e1 feita por telefone, carta com AR ou publica\u00e7\u00e3o no Di\u00e1rio Oficial eletr\u00f4nico do munic\u00edpio (https:\/\/www.montealto.instaridc.com.br\/portal\/diario-oficial), devendo o candidato comparecer em at\u00e9 2 dias \u00fateis, sob pena de ser considerado desistente.<\/p>\n<p>\u00c9 responsabilidade exclusiva do candidato acompanhar, de forma cont\u00ednua, todas as publica\u00e7\u00f5es oficiais da banca organizadora, da Prefeitura de Monte Alto e do Di\u00e1rio Oficial, n\u00e3o podendo alegar desconhecimento das convoca\u00e7\u00f5es, resultados, homologa\u00e7\u00f5es ou demais comunicados.<\/p>\n","protected":false},"excerpt":{"rendered":"<p>Proc. Seletivo Pref. Monte Alto (SP) com edital publicado! Vagas p\/ M\u00e9dico, Professor (M\u00e9d.\/Sup.). Inscri\u00e7\u00f5es a partir de 25\/11. Sal\u00e1rios at\u00e9 R$15k. Confira!<\/p>\n","protected":false},"author":7,"featured_media":274269,"comment_status":"open","ping_status":"open","sticky":false,"template":"","format":"standard","meta":{"_acf_changed":false,"_breakdance_hide_in_design_set":false,"_breakdance_tags":"","footnotes":""},"categories":[6433,141,11,6434,12,112,18,111,100,20,6871,116,21,119,24,25,108],"tags":[62],"_amplo":[],"destaque":[],"instituicoes":[],"class_list":["post-274270","post","type-post","status-publish","format-standard","has-post-thumbnail","hentry","category-biologia-licenciatura","category-educacao-artistica","category-educacao-fisica","category-educacao-fisica-licenciatura","category-enfermagem","category-filosofia","category-fisioterapia","category-geografia","category-historia","category-letras","category-letras-ingles","category-matematica","category-medicina","category-musica","category-odontologia","category-pedagogia","category-tecnico-enfermagem","tag-sao-paulo"],"acf":{"_tipo_vagas":"vagas","_numero_vagas":"","_quadro_vagas":"","_cargos":"diversos","_cargos_especificos":"","_salario_max":"R$ 15087.18","_abertura":"20251125","_encerramento":"20251129","_inscricoes":"http:\/\/www.portal.recrutamentobrasil.com.br","_executora_concurso":"","_instituicao_concurso":[],"_link_adicional":null,"_anexos":null,"_produtos":null,"_vagas":"CR","_salario_min":"R$ 1647.64","_instituicao":"Prefeitura de Monte Alto","_edital":"https:\/\/www.agrobase.com.br\/concursos\/wp-content\/uploads\/sites\/4\/2025\/11\/edital-01-2025-prefeitura-de-monte-alto-sp.pdf","_anexos_edital":"https:\/\/www.agrobase.com.br\/concursos\/wp-content\/uploads\/sites\/4\/2025\/11\/anexos-edital-01-2025-prefeitura-de-monte-alto-sp.pdf","_fund_incompleto":"","_fund_completo":"","_medio":"<div>\r\n<table class=\"quadro\">\r\n<thead>\r\n<tr>\r\n<th class=\"hcargo\">Cargo<\/th>\r\n<th class=\"hvagas\">Vagas<\/th>\r\n<th class=\"hremuneracao\">Remunera\u00e7\u00e3o<\/th>\r\n<\/tr>\r\n<\/thead>\r\n    <tbody>\r\n      <td class=\"ccargos\">\r\n<span data-balloon-length=\"medium\" aria-label=\"Ensino m\u00e9dio e conhecimentos adquiridos por meio de talento art\u00edstico pr\u00f3prio, na \u00e1rea de m\u00fasica, ou curso de livre organiza\u00e7\u00e3o em instrumento espec\u00edfico\" data-balloon-pos=\"up\">INSTRUTOR DE M\u00daSICA<\/span><\/td>\r\n<td class=\"cvagas\">CR<\/td>\r\n<td class=\"cremuneracao\">R$ 2.080,38 \/20h<\/td>\r\n<\/tr><td class=\"ccargos\">\r\n<span data-balloon-length=\"medium\" aria-label=\"Ensino M\u00e9dio Completo\" data-balloon-pos=\"up\">MONITOR DE ALUNOS<\/span><\/td>\r\n<td class=\"cvagas\">CR<\/td>\r\n<td class=\"cremuneracao\">R$ 1.698,85 \/20h<\/td>\r\n<\/tr><td class=\"ccargos\">\r\n<span data-balloon-length=\"medium\" aria-label=\"Ensino M\u00e9dio Completo\" data-balloon-pos=\"up\">INSPETOR<\/span><\/td>\r\n<td class=\"cvagas\">CR<\/td>\r\n<td class=\"cremuneracao\">R$ 1.647,64 \/40h<\/td>\r\n<\/tr><td class=\"ccargos\">\r\n<span data-balloon-length=\"medium\" aria-label=\"Ensino M\u00e9dio Completo\" data-balloon-pos=\"up\">RECEPCIONISTA<\/span><\/td>\r\n<td class=\"cvagas\">CR<\/td>\r\n<td class=\"cremuneracao\">R$ 1.647,64 \/40h<\/td>\r\n<\/tr><td class=\"ccargos\">\r\n<span data-balloon-length=\"medium\" aria-label=\"Ensino M\u00e9dio Completo e conhecimento espec\u00edfico na \u00e1rea\" data-balloon-pos=\"up\">MONITOR DE CORTE E COSTURA<\/span><\/td>\r\n<td class=\"cvagas\">CR<\/td>\r\n<td class=\"cremuneracao\">R$ 1.698,85 \/20h<\/td>\r\n<\/tr><td class=\"ccargos\">\r\n<span data-balloon-length=\"medium\" aria-label=\"Ensino M\u00e9dio Completo e conhecimento espec\u00edfico na \u00e1rea\" data-balloon-pos=\"up\">MONITOR DE ARTESANATO - CER\u00c2MICA<\/span><\/td>\r\n<td class=\"cvagas\">CR<\/td>\r\n<td class=\"cremuneracao\">R$ 1.698,85 \/20h<\/td>\r\n<\/tr><td class=\"ccargos\">\r\n<span data-balloon-length=\"medium\" aria-label=\"Ensino M\u00e9dio Completo e conhecimento espec\u00edfico na \u00e1rea\" data-balloon-pos=\"up\">MONITOR DE ARTESANATO - MADEIRA (Pintura e Entalhe)<\/span><\/td>\r\n<td class=\"cvagas\">CR<\/td>\r\n<td class=\"cremuneracao\">R$ 1.698,85 \/20h<\/td>\r\n<\/tr><td class=\"ccargos\">\r\n<span data-balloon-length=\"medium\" aria-label=\"Ensino M\u00e9dio Completo e conhecimento espec\u00edfico\" data-balloon-pos=\"up\">MONITOR DE ARTESANATO - TECIDO (Bordado, Croch\u00ea, Tric\u00f4, Pintura e Patchwork)<\/span><\/td>\r\n<td class=\"cvagas\">CR<\/td>\r\n<td class=\"cremuneracao\">R$ 1.698,85 \/20h<\/td>\r\n<\/tr><td class=\"ccargos\">\r\n<span data-balloon-length=\"medium\" aria-label=\"Ensino M\u00e9dio Completo e conhecimento espec\u00edfico na \u00e1rea de Metrologia e Desenho T\u00e9cnico Mec\u00e2nico.\" data-balloon-pos=\"up\">MONITOR DE MEC\u00c2NICA DE USINAGEM<\/span><\/td>\r\n<td class=\"cvagas\">CR<\/td>\r\n<td class=\"cremuneracao\">R$ 1.698,85 \/20h<\/td>\r\n<\/tr><td class=\"ccargos\">\r\n<span data-balloon-length=\"medium\" aria-label=\"Ensino M\u00e9dio Completo e conhecimento espec\u00edfico na \u00e1rea\" data-balloon-pos=\"up\">MONITOR DE ARTESANATO \u2013 RECICL\u00c1VEL (Vidro, Papel e Pl\u00e1stico)<\/span><\/td>\r\n<td class=\"cvagas\">CR<\/td>\r\n<td class=\"cremuneracao\">R$ 1.698,85 \/20h<\/td>\r\n<\/tr><td class=\"ccargos\">\r\n<span data-balloon-length=\"medium\" aria-label=\"Ensino M\u00e9dio Completo e conhecimento espec\u00edfico na \u00e1rea\" data-balloon-pos=\"up\">MONITOR DE ARTESANATO - BISCUIT<\/span><\/td>\r\n<td class=\"cvagas\">CR<\/td>\r\n<td class=\"cremuneracao\">R$ 1.698,85 \/20h<\/td>\r\n<\/tr><td class=\"ccargos\">\r\n<span data-balloon-length=\"medium\" aria-label=\"Ensino M\u00e9dio Completo e conhecimento espec\u00edfico na \u00e1rea\" data-balloon-pos=\"up\">MONITOR DE INFORM\u00c1TICA<\/span><\/td>\r\n<td class=\"cvagas\">CR<\/td>\r\n<td class=\"cremuneracao\">R$ 1.698,85 \/20h<\/td>\r\n<\/tr><td class=\"ccargos\">\r\n<span data-balloon-length=\"medium\" aria-label=\"Ensino M\u00e9dio Completo\" data-balloon-pos=\"up\">MONITOR DE \u00d4NIBUS<\/span><\/td>\r\n<td class=\"cvagas\">CR<\/td>\r\n<td class=\"cremuneracao\">R$ 1.698,85 \/20h<\/td>\r\n<\/tr><td class=\"ccargos\">\r\n<span data-balloon-length=\"medium\" aria-label=\"Curso t\u00e9cnico em Enfermagem reconhecido pelo MEC e registro no Conselho Regional de Enfermagem - COREN.\" data-balloon-pos=\"up\">T\u00c9CNICO DE ENFERMAGEM<\/span><\/td>\r\n<td class=\"cvagas\">CR<\/td>\r\n<td class=\"cremuneracao\">R$ 3.022,73 \/40h<\/td>\r\n<\/tr><td class=\"ccargos\">\r\n<span data-balloon-length=\"medium\" aria-label=\"Ensino M\u00e9dio Completo\" data-balloon-pos=\"up\">EDUCADOR\/CUIDADOR<\/span><\/td>\r\n<td class=\"cvagas\">CR<\/td>\r\n<td class=\"cremuneracao\">R$ 1.698,85 \/20h<\/td>\r\n<\/tr><td class=\"ccargos\">\r\n<span data-balloon-length=\"medium\" aria-label=\"Ensino M\u00e9dio Completo\" data-balloon-pos=\"up\">AUXILIAR DE CONSULT\u00d3RIO DENT\u00c1RIO<\/span><\/td>\r\n<td class=\"cvagas\">CR<\/td>\r\n<td class=\"cremuneracao\">R$ 1.647,64 \/40h<\/td>\r\n<\/tr>\r\n    <\/tbody>\r\n  <\/table>\r\n<\/div>","_superior":"<div>\r\n<table class=\"quadro\">\r\n<thead>\r\n<tr>\r\n<th class=\"hcargo\">Cargo<\/th>\r\n<th class=\"hvagas\">Vagas<\/th>\r\n<th class=\"hremuneracao\">Remunera\u00e7\u00e3o<\/th>\r\n<\/tr>\r\n<\/thead>\r\n    <tbody>\r\n      <tr>\r\n<td class=\"ccargos\">\r\n<span data-balloon-length=\"medium\" aria-label=\"Licenciatura Plena em Educa\u00e7\u00e3o Especial ou Pedagogia com habilita\u00e7\u00e3o espec\u00edfica Modalidade Interlocutor de Libras. (Lei Federal n\u00ba. 12.796\/13).\" data-balloon-pos=\"up\">PEB I - EDUCA\u00c7\u00c3O ESPECIAL (LIBRAS)<\/span><\/td>\r\n<td class=\"cvagas\">CR<\/td>\r\n<td class=\"cremuneracao\">R$ 2.581,44 \/24h<\/td>\r\n<\/tr><tr>\r\n<td class=\"ccargos\">\r\n<span data-balloon-length=\"medium\" aria-label=\"Licenciatura Plena em Educa\u00e7\u00e3o Especial ou Pedagogia com habilita\u00e7\u00e3o espec\u00edfica Modalidade Interlocutor de Braile. (Lei Federal n\u00ba. 12.796\/13).\" data-balloon-pos=\"up\">PEB I - EDUCA\u00c7\u00c3O ESPECIAL (BRAILE)<\/span><\/td>\r\n<td class=\"cvagas\">CR<\/td>\r\n<td class=\"cremuneracao\">R$ 2.581,44 \/24h<\/td>\r\n<\/tr><tr>\r\n<td class=\"ccargos\">\r\n<span data-balloon-length=\"medium\" aria-label=\"Licenciatura Plena em Educa\u00e7\u00e3o Especial ou Pedagogia com habilita\u00e7\u00e3o espec\u00edfica em Educa\u00e7\u00e3o Especial. (Lei Federal n\u00ba. 12.796\/13).\" data-balloon-pos=\"up\">PEB I - EDUCA\u00c7\u00c3O ESPECIAL<\/span><\/td>\r\n<td class=\"cvagas\">CR<\/td>\r\n<td class=\"cremuneracao\">R$ 2.581,44 \/24h<\/td>\r\n<\/tr><tr>\r\n<td class=\"ccargos\">\r\n<span data-balloon-length=\"medium\" aria-label=\"Licenciatura Plena em Pedagogia, com habilita\u00e7\u00e3o espec\u00edfica para a doc\u00eancia nas s\u00e9ries iniciais do Ensino Fundamental. (Lei Federal n\u00ba. 12.796\/13).\" data-balloon-pos=\"up\">PEB I - INFANTIL E FUNDAMENTAL (24h)<\/span><\/td>\r\n<td class=\"cvagas\">CR<\/td>\r\n<td class=\"cremuneracao\">R$ 2.979,64 \/24h<\/td>\r\n<\/tr><tr>\r\n<td class=\"ccargos\">\r\n<span data-balloon-length=\"medium\" aria-label=\"Licenciatura Plena em Pedagogia, com habilita\u00e7\u00e3o espec\u00edfica para a doc\u00eancia nas s\u00e9ries iniciais do Ensino Fundamental. (Lei Federal n\u00ba. 12.796\/13).\" data-balloon-pos=\"up\">PEB I - INFANTIL E FUNDAMENTAL (30h)<\/span><\/td>\r\n<td class=\"cvagas\">CR<\/td>\r\n<td class=\"cremuneracao\">R$ 3.724,54 \/30h<\/td>\r\n<\/tr><tr>\r\n<td class=\"ccargos\">\r\n<span data-balloon-length=\"medium\" aria-label=\"Curso Superior em Letras - L\u00edngua Inglesa com licenciatura Plena\" data-balloon-pos=\"up\">PEB II - INGL\u00caS<\/span><\/td>\r\n<td class=\"cvagas\">CR<\/td>\r\n<td class=\"cremuneracao\">R$ 3.226,96 \/30h<\/td>\r\n<\/tr><tr>\r\n<td class=\"ccargos\">\r\n<span data-balloon-length=\"medium\" aria-label=\"Curso Superior em Arte com licenciatura Plena\" data-balloon-pos=\"up\">PEB II - ARTE<\/span><\/td>\r\n<td class=\"cvagas\">CR<\/td>\r\n<td class=\"cremuneracao\">R$ 3.226,96 \/30h<\/td>\r\n<\/tr><tr>\r\n<td class=\"ccargos\">\r\n<span data-balloon-length=\"medium\" aria-label=\"Curso Superior em Ci\u00eancias com licenciatura Plena\" data-balloon-pos=\"up\">PEB II \u2013 CI\u00caNCIAS<\/span><\/td>\r\n<td class=\"cvagas\">CR<\/td>\r\n<td class=\"cremuneracao\">R$ 3.226,96 \/30h<\/td>\r\n<\/tr><tr>\r\n<td class=\"ccargos\">\r\n<span data-balloon-length=\"medium\" aria-label=\"Curso Superior em Hist\u00f3ria com licenciatura Plena\" data-balloon-pos=\"up\">PEB II - HIST\u00d3RIA<\/span><\/td>\r\n<td class=\"cvagas\">CR<\/td>\r\n<td class=\"cremuneracao\">R$ 3.226,96 \/30h<\/td>\r\n<\/tr><tr>\r\n<td class=\"ccargos\">\r\n<span data-balloon-length=\"medium\" aria-label=\"Curso Superior em Matem\u00e1tica com licenciatura Plena\" data-balloon-pos=\"up\">PEB II - MATEM\u00c1TICA<\/span><\/td>\r\n<td class=\"cvagas\">CR<\/td>\r\n<td class=\"cremuneracao\">R$ 3.226,96 \/30h<\/td>\r\n<\/tr><tr>\r\n<td class=\"ccargos\">\r\n<span data-balloon-length=\"medium\" aria-label=\"Curso Superior em Letras - L\u00edngua Portuguesa com licenciatura Plena\" data-balloon-pos=\"up\">PEB II \u2013 L\u00cdNGUA PORTUGUESA<\/span><\/td>\r\n<td class=\"cvagas\">CR<\/td>\r\n<td class=\"cremuneracao\">R$ 3.226,96 \/30h<\/td>\r\n<\/tr><tr>\r\n<td class=\"ccargos\">\r\n<span data-balloon-length=\"medium\" aria-label=\"Curso Superior em Educa\u00e7\u00e3o F\u00edsica com licenciatura Plena e registro ativo no CREF (Conselho Regional de Educa\u00e7\u00e3o F\u00edsica)\" data-balloon-pos=\"up\">PEB II - EDUCA\u00c7\u00c3O F\u00cdSICA<\/span><\/td>\r\n<td class=\"cvagas\">CR<\/td>\r\n<td class=\"cremuneracao\">R$ 3.226,96 \/30h<\/td>\r\n<\/tr><tr>\r\n<td class=\"ccargos\">\r\n<span data-balloon-length=\"medium\" aria-label=\"Curso Superior em Filosofia com licenciatura Plena\" data-balloon-pos=\"up\">PEB II - FILOSOFIA<\/span><\/td>\r\n<td class=\"cvagas\">CR<\/td>\r\n<td class=\"cremuneracao\">R$ 3.226,96 \/30h<\/td>\r\n<\/tr><tr>\r\n<td class=\"ccargos\">\r\n<span data-balloon-length=\"medium\" aria-label=\"Curso Superior em Geografia com licenciatura Plena\" data-balloon-pos=\"up\">PEB II - GEOGRAFIA<\/span><\/td>\r\n<td class=\"cvagas\">CR<\/td>\r\n<td class=\"cremuneracao\">R$ 3.226,96 \/30h<\/td>\r\n<\/tr><tr>\r\n<td class=\"ccargos\">\r\n<span data-balloon-length=\"medium\" aria-label=\"Curso n\u00edvel superior, com licenciatura plena em Arte, com habilita\u00e7\u00e3o em m\u00fasica, ou licenciatura plena ou especializa\u00e7\u00e3o em educa\u00e7\u00e3o musical, admitindo como forma\u00e7\u00e3o m\u00ednima o n\u00edvel m\u00e9dio (T\u00e9cnico em M\u00fasica), com experi\u00eancia de mais de 5 anos no ensino de m\u00fasica em escolas reconhecidas\" data-balloon-pos=\"up\">PROFESSOR DE M\u00daSICA<\/span><\/td>\r\n<td class=\"cvagas\">CR<\/td>\r\n<td class=\"cremuneracao\">R$ 2.302,13 \/20h<\/td>\r\n<\/tr><tr>\r\n<td class=\"ccargos\">\r\n<span data-balloon-length=\"medium\" aria-label=\"Licenciatura Plena em Pedagogia\" data-balloon-pos=\"up\">AGENTE DE EDUCAC\u00c3O INFANTIL<\/span><\/td>\r\n<td class=\"cvagas\">CR<\/td>\r\n<td class=\"cremuneracao\">R$ 4.227,48 \/40h<\/td>\r\n<\/tr><tr>\r\n<td class=\"ccargos\">\r\n<span data-balloon-length=\"medium\" aria-label=\"Licenciatura Plena em Pedagogia\" data-balloon-pos=\"up\">MONITOR DE RECREAC\u00c3O<\/span><\/td>\r\n<td class=\"cvagas\">CR<\/td>\r\n<td class=\"cremuneracao\">R$ 2.547,54 \/20h<\/td>\r\n<\/tr><tr>\r\n<td class=\"ccargos\">\r\n<span data-balloon-length=\"medium\" aria-label=\"Curso Superior em Educa\u00e7\u00e3o F\u00edsica em Licenciatura Plena ou Bacharelado e registro no ativo CREF (Conselho Regional de Educa\u00e7\u00e3o F\u00edsica)\" data-balloon-pos=\"up\">PROFESSOR DE EDUCA\u00c7\u00c3O F\u00cdSICA - VOLEIBOL<\/span><\/td>\r\n<td class=\"cvagas\">CR<\/td>\r\n<td class=\"cremuneracao\">R$ 2.151,74 \/20h<\/td>\r\n<\/tr><tr>\r\n<td class=\"ccargos\">\r\n<span data-balloon-length=\"medium\" aria-label=\"Curso Superior em Educa\u00e7\u00e3o F\u00edsica em Licenciatura Plena ou Bacharelado e registro no ativo CREF (Conselho Regional de Educa\u00e7\u00e3o F\u00edsica)\" data-balloon-pos=\"up\">PROFESSOR DE EDUCA\u00c7\u00c3O F\u00cdSICA \u2013 FUTEBOL DE CAMPO<\/span><\/td>\r\n<td class=\"cvagas\">CR<\/td>\r\n<td class=\"cremuneracao\">R$ 2.151,74 \/20h<\/td>\r\n<\/tr><tr>\r\n<td class=\"ccargos\">\r\n<span data-balloon-length=\"medium\" aria-label=\"Curso Superior em Educa\u00e7\u00e3o F\u00edsica em Licenciatura Plena ou Bacharelado e registro no ativo CREF (Conselho Regional de Educa\u00e7\u00e3o F\u00edsica)\" data-balloon-pos=\"up\">PROFESSOR DE EDUCA\u00c7\u00c3O F\u00cdSICA \u2013 NATA\u00c7\u00c3O<\/span><\/td>\r\n<td class=\"cvagas\">CR<\/td>\r\n<td class=\"cremuneracao\">R$ 2.151,74 \/20h<\/td>\r\n<\/tr><tr>\r\n<td class=\"ccargos\">\r\n<span data-balloon-length=\"medium\" aria-label=\"Curso Superior em Educa\u00e7\u00e3o F\u00edsica em Licenciatura Plena ou Bacharelado e registro no ativo CREF (Conselho Regional de Educa\u00e7\u00e3o F\u00edsica)\" data-balloon-pos=\"up\">PROFESSOR DE EDUCA\u00c7\u00c3O F\u00cdSICA - BASQUETEBOL<\/span><\/td>\r\n<td class=\"cvagas\">CR<\/td>\r\n<td class=\"cremuneracao\">R$ 2.151,74 \/20h<\/td>\r\n<\/tr><tr>\r\n<td class=\"ccargos\">\r\n<span data-balloon-length=\"medium\" aria-label=\"Curso Superior em Educa\u00e7\u00e3o F\u00edsica em Licenciatura Plena ou Bacharelado e registro no ativo CREF (Conselho Regional de Educa\u00e7\u00e3o F\u00edsica)\" data-balloon-pos=\"up\">PROFESSOR DE EDUCA\u00c7\u00c3O F\u00cdSICA \u2013 FUTSAL<\/span><\/td>\r\n<td class=\"cvagas\">CR<\/td>\r\n<td class=\"cremuneracao\">R$ 2.151,74 \/20h<\/td>\r\n<\/tr><tr>\r\n<td class=\"ccargos\">\r\n<span data-balloon-length=\"medium\" aria-label=\"Curso Superior em Educa\u00e7\u00e3o F\u00edsica em Licenciatura Plena ou Bacharelado e registro no ativo CREF (Conselho Regional de Educa\u00e7\u00e3o F\u00edsica)\" data-balloon-pos=\"up\">PROFESSOR DE EDUCA\u00c7\u00c3O F\u00cdSICA - HIDROGIN\u00c1STICA<\/span><\/td>\r\n<td class=\"cvagas\">CR<\/td>\r\n<td class=\"cremuneracao\">R$ 2.151,74 \/20h<\/td>\r\n<\/tr><tr>\r\n<td class=\"ccargos\">\r\n<span data-balloon-length=\"medium\" aria-label=\"Registro ativo no CREF (Conselho Regional de Educa\u00e7\u00e3o F\u00edsica) e Registro na Categoria Provisionado Voleibol\" data-balloon-pos=\"up\">INSTRUTOR DE VOLEIBOL<\/span><\/td>\r\n<td class=\"cvagas\">CR<\/td>\r\n<td class=\"cremuneracao\">R$ 1.698,85 \/20h<\/td>\r\n<\/tr><tr>\r\n<td class=\"ccargos\">\r\n<span data-balloon-length=\"medium\" aria-label=\"Registro ativo no CREF (Conselho Regional de Educa\u00e7\u00e3o F\u00edsica) e Registro na Categoria Provisionado Jud\u00f4\" data-balloon-pos=\"up\">INSTRUTOR DE JUD\u00d4<\/span><\/td>\r\n<td class=\"cvagas\">CR<\/td>\r\n<td class=\"cremuneracao\">R$ 1.698,85 \/20h<\/td>\r\n<\/tr><tr>\r\n<td class=\"ccargos\">\r\n<span data-balloon-length=\"medium\" aria-label=\"Curso de Gradua\u00e7\u00e3o em Enfermagem reconhecido pelo MEC e Registro no Conselho Regional de Medicina - CRM.\" data-balloon-pos=\"up\">ENFERMEIRO PADR\u00c3O<\/span><\/td>\r\n<td class=\"cvagas\">CR<\/td>\r\n<td class=\"cremuneracao\">R$ 3.820,24 \/30h<\/td>\r\n<\/tr><tr>\r\n<td class=\"ccargos\">\r\n<span data-balloon-length=\"medium\" aria-label=\"Curso de Gradua\u00e7\u00e3o em Medicina reconhecido pelo MEC e Registro no Conselho Regional de Enfermagem - COREN.\" data-balloon-pos=\"up\">FISIOTERAPEUTA<\/span><\/td>\r\n<td class=\"cvagas\">CR<\/td>\r\n<td class=\"cremuneracao\">R$ 3.452,18 \/20h<\/td>\r\n<\/tr><tr>\r\n<td class=\"ccargos\">\r\n<span data-balloon-length=\"medium\" aria-label=\"Curso de Gradua\u00e7\u00e3o em Medicina reconhecida pelo MEC, Registro no Conselho Regional de Medicina - CRM.\" data-balloon-pos=\"up\">M\u00c9DICO DE SA\u00daDE DA FAM\u00cdLIA<\/span><\/td>\r\n<td class=\"cvagas\">CR<\/td>\r\n<td class=\"cremuneracao\">R$ 15.087,18 \/40h<\/td>\r\n<\/tr><tr>\r\n<td class=\"ccargos\">\r\n<span data-balloon-length=\"medium\" aria-label=\"Curso Superior em Odontologia, com especializa\u00e7\u00e3o na \u00e1rea, registro no Conselho Regional de Odontologia\" data-balloon-pos=\"up\">CIRURGI\u00c3O DENTISTA - PCD<\/span><\/td>\r\n<td class=\"cvagas\">CR<\/td>\r\n<td class=\"cremuneracao\">R$ 4.227,48 \/20h<\/td>\r\n<\/tr><tr>\r\n<td class=\"ccargos\">\r\n<span data-balloon-length=\"medium\" aria-label=\"Curso de Gradua\u00e7\u00e3o em Medicina reconhecida pelo MEC, Registro no Conselho Regional de Medicina - CRM e T\u00edtulo de Especialista pela Associa\u00e7\u00e3o M\u00e9dica Brasileira- AMB ou Resid\u00eancia M\u00e9dica Conclu\u00edda reconhecida pelo MEC, na \u00e1rea da especialidade do emprego.\" data-balloon-pos=\"up\">M\u00c9DICO CARDIOLOGISTA<\/span><\/td>\r\n<td class=\"cvagas\">CR<\/td>\r\n<td class=\"cremuneracao\">R$ 5.495,72 \/12h<\/td>\r\n<\/tr><tr>\r\n<td class=\"ccargos\">\r\n<span data-balloon-length=\"medium\" aria-label=\"Curso de Gradua\u00e7\u00e3o em Medicina reconhecida pelo MEC, Registro no Conselho Regional de Medicina - CRM e Titulo de Especialista pela Associa\u00e7\u00e3o M\u00e9dica Brasileira- AMB ou Resid\u00eancia Medica Conclu\u00edda reconhecida pelo MEC, na \u00e1rea da especialidade do emprego.\" data-balloon-pos=\"up\">M\u00c9DICO DERMATOLOGISTA<\/span><\/td>\r\n<td class=\"cvagas\">CR<\/td>\r\n<td class=\"cremuneracao\">R$ 5.495,72 \/12h<\/td>\r\n<\/tr><tr>\r\n<td class=\"ccargos\">\r\n<span data-balloon-length=\"medium\" aria-label=\"Curso de Gradua\u00e7\u00e3o em Medicina reconhecida pelo MEC, Registro no Conselho Regional de Medicina - CRM e Titulo de Especialista pela Associa\u00e7\u00e3o M\u00e9dica Brasileira- AMB ou Resid\u00eancia Medica Conclu\u00edda reconhecida pelo MEC, na \u00e1rea da especialidade do emprego.\" data-balloon-pos=\"up\">M\u00c9DICO PSIQUIATRA<\/span><\/td>\r\n<td class=\"cvagas\">CR<\/td>\r\n<td class=\"cremuneracao\">R$ 5.495,72 \/12h<\/td>\r\n<\/tr><tr>\r\n<td class=\"ccargos\">\r\n<span data-balloon-length=\"medium\" aria-label=\"Curso de Gradua\u00e7\u00e3o em Medicina reconhecida pelo MEC, Registro no Conselho Regional de Medicina - CRM e Titulo de Especialista pela Associa\u00e7\u00e3o M\u00e9dica Brasileira- AMB ou Resid\u00eancia Medica Conclu\u00edda reconhecida pelo MEC, na \u00e1rea da especialidade do emprego.\" data-balloon-pos=\"up\">M\u00c9DICO OTORRINOLARINGOLOGISTA<\/span><\/td>\r\n<td class=\"cvagas\">CR<\/td>\r\n<td class=\"cremuneracao\">R$ 5.495,72 \/12h<\/td>\r\n<\/tr><tr>\r\n<td class=\"ccargos\">\r\n<span data-balloon-length=\"medium\" aria-label=\"Curso de Gradua\u00e7\u00e3o em Medicina reconhecida pelo MEC, Registro no Conselho Regional de Medicina - CRM e T\u00edtulo de Especialista pela Associa\u00e7\u00e3o M\u00e9dica Brasileira- AMB ou Resid\u00eancia M\u00e9dica Conclu\u00edda reconhecida pelo MEC, na \u00e1rea da especialidade do emprego.\" data-balloon-pos=\"up\">M\u00c9DICO PEDIATRA<\/span><\/td>\r\n<td class=\"cvagas\">CR<\/td>\r\n<td class=\"cremuneracao\">R$ 5.495,72 \/12h<\/td>\r\n<\/tr><tr>\r\n<td class=\"ccargos\">\r\n<span data-balloon-length=\"medium\" aria-label=\"Curso de Gradua\u00e7\u00e3o em Medicina reconhecida pelo MEC, Registro no Conselho Regional de Medicina - CRM e T\u00edtulo de Especialista pela Associa\u00e7\u00e3o M\u00e9dica Brasileira- AMB ou Resid\u00eancia M\u00e9dica Conclu\u00edda reconhecida pelo MEC, na \u00e1rea da especialidade do emprego.\" data-balloon-pos=\"up\">M\u00c9DICO UROLOGISTA<\/span><\/td>\r\n<td class=\"cvagas\">CR<\/td>\r\n<td class=\"cremuneracao\">R$ 5.495,72 \/12h<\/td>\r\n<\/tr><tr>\r\n<td class=\"ccargos\">\r\n<span data-balloon-length=\"medium\" aria-label=\"Curso de Gradua\u00e7\u00e3o em Medicina reconhecida pelo MEC, Registro no Conselho Regional de Medicina - CRM e T\u00edtulo de Especialista pela Associa\u00e7\u00e3o M\u00e9dica Brasileira- AMB ou Resid\u00eancia M\u00e9dica Conclu\u00edda reconhecida pelo MEC, na \u00e1rea da especialidade do emprego.\" data-balloon-pos=\"up\">M\u00c9DICO GINECOLOGISTA<\/span><\/td>\r\n<td class=\"cvagas\">CR<\/td>\r\n<td class=\"cremuneracao\">R$ 5.495,72 \/12h<\/td>\r\n<\/tr><tr>\r\n<td class=\"ccargos\">\r\n<span data-balloon-length=\"medium\" aria-label=\"Curso de Gradua\u00e7\u00e3o em Medicina reconhecida pelo MEC, Registro no Conselho Regional de Medicina - CRM e T\u00edtulo de Especialista pela Associa\u00e7\u00e3o M\u00e9dica Brasileira- AMB ou Resid\u00eancia M\u00e9dica Conclu\u00edda reconhecida pelo MEC, na \u00e1rea da especialidade do emprego.\" data-balloon-pos=\"up\">M\u00c9DICO ORTOPEDISTA<\/span><\/td>\r\n<td class=\"cvagas\">CR<\/td>\r\n<td class=\"cremuneracao\">R$ 5.495,72 \/12h<\/td>\r\n<\/tr><tr>\r\n<td class=\"ccargos\">\r\n<span data-balloon-length=\"medium\" aria-label=\"Curso de Gradua\u00e7\u00e3o em Medicina reconhecida pelo MEC, Registro no Conselho Regional de Medicina - CRM e T\u00edtulo de Especialista pela Associa\u00e7\u00e3o M\u00e9dica Brasileira- AMB ou Resid\u00eancia M\u00e9dica Conclu\u00edda reconhecida pelo MEC, na \u00e1rea da especialidade do emprego.\" data-balloon-pos=\"up\">M\u00c9DICO NEUROPEDIATRA<\/span><\/td>\r\n<td class=\"cvagas\">CR<\/td>\r\n<td class=\"cremuneracao\">R$ 5.495,72 \/12h<\/td>\r\n<\/tr>\r\n    <\/tbody>\r\n  <\/table>\r\n<\/div>"},"_links":{"self":[{"href":"https:\/\/www.agrobase.com.br\/concursos\/wp-json\/wp\/v2\/posts\/274270","targetHints":{"allow":["GET"]}}],"collection":[{"href":"https:\/\/www.agrobase.com.br\/concursos\/wp-json\/wp\/v2\/posts"}],"about":[{"href":"https:\/\/www.agrobase.com.br\/concursos\/wp-json\/wp\/v2\/types\/post"}],"author":[{"embeddable":true,"href":"https:\/\/www.agrobase.com.br\/concursos\/wp-json\/wp\/v2\/users\/7"}],"replies":[{"embeddable":true,"href":"https:\/\/www.agrobase.com.br\/concursos\/wp-json\/wp\/v2\/comments?post=274270"}],"version-history":[{"count":3,"href":"https:\/\/www.agrobase.com.br\/concursos\/wp-json\/wp\/v2\/posts\/274270\/revisions"}],"predecessor-version":[{"id":274275,"href":"https:\/\/www.agrobase.com.br\/concursos\/wp-json\/wp\/v2\/posts\/274270\/revisions\/274275"}],"wp:featuredmedia":[{"embeddable":true,"href":"https:\/\/www.agrobase.com.br\/concursos\/wp-json\/wp\/v2\/media\/274269"}],"wp:attachment":[{"href":"https:\/\/www.agrobase.com.br\/concursos\/wp-json\/wp\/v2\/media?parent=274270"}],"wp:term":[{"taxonomy":"category","embeddable":true,"href":"https:\/\/www.agrobase.com.br\/concursos\/wp-json\/wp\/v2\/categories?post=274270"},{"taxonomy":"post_tag","embeddable":true,"href":"https:\/\/www.agrobase.com.br\/concursos\/wp-json\/wp\/v2\/tags?post=274270"},{"taxonomy":"_amplo","embeddable":true,"href":"https:\/\/www.agrobase.com.br\/concursos\/wp-json\/wp\/v2\/_amplo?post=274270"},{"taxonomy":"destaque","embeddable":true,"href":"https:\/\/www.agrobase.com.br\/concursos\/wp-json\/wp\/v2\/destaque?post=274270"},{"taxonomy":"instituicoes","embeddable":true,"href":"https:\/\/www.agrobase.com.br\/concursos\/wp-json\/wp\/v2\/instituicoes?post=274270"}],"curies":[{"name":"wp","href":"https:\/\/api.w.org\/{rel}","templated":true}]}}