{"id":274241,"date":"2025-11-26T08:20:02","date_gmt":"2025-11-26T11:20:02","guid":{"rendered":"https:\/\/www.agrobase.com.br\/concursos\/?p=274241"},"modified":"2025-11-26T10:21:03","modified_gmt":"2025-11-26T13:21:03","slug":"prefeitura-riachao-do-bacamarte-pb-concurso-01-2025","status":"publish","type":"post","link":"https:\/\/www.agrobase.com.br\/concursos\/2025\/prefeitura-riachao-do-bacamarte-pb-concurso-01-2025\/","title":{"rendered":"Prefeitura Riach\u00e3o do Bacamarte (PB) &#8211; Concurso 01\/2025"},"content":{"rendered":"<h2>Informa\u00e7\u00f5es Gerais<\/h2>\n<p>O Concurso P\u00fablico da Prefeitura Municipal de Riach\u00e3o do Bacamarte\/PB, organizado pela \u00c1pice Consultoria, foi lan\u00e7ado para provimento de <strong>56 vagas efetivas<\/strong> em diversos cargos do quadro permanente, conforme edital que regulamenta integralmente o certame. O concurso \u00e9 de car\u00e1ter <strong>eliminat\u00f3rio e classificat\u00f3rio<\/strong> e poder\u00e1 tamb\u00e9m suprir vagas que surgirem durante o prazo de validade.<\/p>\n<p>Todos os cargos s\u00e3o regidos pelo <strong>Regime Jur\u00eddico \u00danico<\/strong> do munic\u00edpio. H\u00e1 oportunidades para n\u00edveis <strong>Fundamental completo<\/strong>, <strong>M\u00e9dio\/T\u00e9cnico<\/strong> e <strong>Superior<\/strong>, com remunera\u00e7\u00f5es iniciais entre <strong>R$ 1.518,00 e R$ 12.000,00<\/strong>, para jornadas de 20h a 40h semanais.<\/p>\n<p>As vagas abrangem \u00e1reas administrativas, operacionais, sa\u00fade, assist\u00eancia social, educa\u00e7\u00e3o e gest\u00e3o ambiental. Entre os destaques para o p\u00fablico da \u00e1rea ambiental e de alimentos, h\u00e1 cargo de <strong>Gestor Ambiental<\/strong> e vaga para <strong>Nutricionista<\/strong>, al\u00e9m de diversas fun\u00e7\u00f5es na sa\u00fade (como M\u00e9dico, Enfermeiro, Farmac\u00eautico, Fisioterapeuta, Fonoaudi\u00f3logo, Psic\u00f3logo e Odont\u00f3logo).<\/p>\n<p>O edital tamb\u00e9m prev\u00ea tratamento respeitoso \u00e0 diversidade, incluindo a possibilidade de uso de <strong>nome social<\/strong> por candidatos transg\u00eaneros, travestis ou transexuais. Se voc\u00ea pensa em ingressar no servi\u00e7o p\u00fablico municipal de Riach\u00e3o do Bacamarte, vale conferir com aten\u00e7\u00e3o as informa\u00e7\u00f5es de inscri\u00e7\u00f5es, etapas e resultados a seguir.<\/p>\n<h2>Inscri\u00e7\u00f5es<\/h2>\n<p>As inscri\u00e7\u00f5es para o concurso da Prefeitura de Riach\u00e3o do Bacamarte\/PB ser\u00e3o realizadas <strong>exclusivamente pela internet<\/strong>, no site da banca organizadora: <a href=\"https:\/\/www.apiceconsultoria.com\" target=\"_blank\" rel=\"noopener\">www.apiceconsultoria.com<\/a>, de 03 a 30 de novembro de 2025. A inscri\u00e7\u00e3o somente ser\u00e1 efetivada ap\u00f3s a <strong>confirma\u00e7\u00e3o do pagamento<\/strong> da taxa correspondente ao n\u00edvel do cargo.<\/p>\n<p>As taxas de inscri\u00e7\u00e3o s\u00e3o as seguintes: <strong>R$ 43,00<\/strong> para cargos de n\u00edvel Fundamental; <strong>R$ 48,00<\/strong> para cargos de n\u00edvel M\u00e9dio\/T\u00e9cnico; e <strong>R$ 62,00<\/strong> para cargos de n\u00edvel Superior. Ap\u00f3s o preenchimento da ficha, o sistema gera um <strong>boleto banc\u00e1rio<\/strong> e uma <strong>chave Pix com QR Code<\/strong>, cabendo ao candidato escolher a forma de pagamento entre as op\u00e7\u00f5es previstas no edital.<\/p>\n<p>O pagamento deve ser feito apenas pelos meios indicados (boleto ou Pix), n\u00e3o sendo aceitos dep\u00f3sitos em caixa eletr\u00f4nico, DOC, TED, ordem de pagamento ou outras modalidades. O valor da inscri\u00e7\u00e3o <strong>n\u00e3o ser\u00e1 devolvido<\/strong>, salvo em caso de n\u00e3o realiza\u00e7\u00e3o do certame ou de etapas por responsabilidade da organiza\u00e7\u00e3o, quando haver\u00e1 reembolso integral.<\/p>\n<p>N\u00e3o haver\u00e1 <strong>isen\u00e7\u00e3o de taxa de inscri\u00e7\u00e3o<\/strong>, pois n\u00e3o existe norma municipal espec\u00edfica concedendo esse benef\u00edcio. O candidato \u00e9 respons\u00e1vel por informar corretamente seus dados no ato da inscri\u00e7\u00e3o e por acompanhar, no site da banca, a <strong>rela\u00e7\u00e3o de inscri\u00e7\u00f5es deferidas<\/strong> e a confirma\u00e7\u00e3o de sua participa\u00e7\u00e3o.<\/p>\n<p>Todas as comunica\u00e7\u00f5es oficiais (inscri\u00e7\u00e3o, locais de prova, resultados e avisos) ser\u00e3o divulgadas <strong>exclusivamente<\/strong> em <a href=\"https:\/\/www.apiceconsultoria.com\" target=\"_blank\" rel=\"noopener\">www.apiceconsultoria.com<\/a>, n\u00e3o havendo envio de e-mails ou mensagens individuais. Antes de se inscrever, \u00e9 indispens\u00e1vel a leitura atenta do edital completo.<\/p>\n<h2>Etapas e Provas<\/h2>\n<p>O concurso da Prefeitura de Riach\u00e3o do Bacamarte\/PB ser\u00e1 composto por etapas distintas, de acordo com o n\u00edvel e o cargo pretendido, todas sob responsabilidade da \u00c1pice Consultoria.<\/p>\n<ul>\n<li><strong>Prova Escrita Objetiva (todos os cargos)<\/strong> \u2013 Etapa de car\u00e1ter <strong>eliminat\u00f3rio e classificat\u00f3rio<\/strong>, em formato de m\u00faltipla escolha, com 50 quest\u00f5es e pontua\u00e7\u00e3o m\u00e1xima de 100 pontos. As provas contemplam \u00e1reas como L\u00edngua Portuguesa, Matem\u00e1tica, Conhecimentos Gerais, Conhecimentos Espec\u00edficos e, conforme o cargo, Inform\u00e1tica, Racioc\u00ednio L\u00f3gico, Legisla\u00e7\u00e3o e conte\u00fados pedag\u00f3gicos. A dura\u00e7\u00e3o ser\u00e1 de <strong>2 a 3 horas<\/strong>, com aplica\u00e7\u00e3o prevista para <strong>28 de dezembro de 2025<\/strong>, pela manh\u00e3 para n\u00edveis Fundamental e M\u00e9dio\/T\u00e9cnico e \u00e0 tarde para n\u00edvel Superior. Ser\u00e1 eliminado o candidato que obtiver <strong>menos de 50% da pontua\u00e7\u00e3o total<\/strong> ou nota zero em qualquer \u00e1rea tem\u00e1tica.<\/li>\n<li><strong>Prova Pr\u00e1tica (cargos operacionais espec\u00edficos)<\/strong> \u2013 Etapa de car\u00e1ter <strong>eliminat\u00f3rio e classificat\u00f3rio<\/strong>, destinada aos cargos de <strong>Motorista &#8220;D&#8221;, Motorista &#8220;A+B&#8221;, Operador de Patrol, Operador de Retroescavadeira e Tratorista<\/strong>. Ser\u00e3o convocados candidatos aprovados na objetiva, at\u00e9 o limite definido no edital, para avalia\u00e7\u00e3o pr\u00e1tica de opera\u00e7\u00e3o de ve\u00edculos e m\u00e1quinas, com nota de 0 a 100 pontos e <strong>nota m\u00ednima de 50 pontos<\/strong> para aprova\u00e7\u00e3o. A prova pr\u00e1tica est\u00e1 prevista para <strong>25 de janeiro de 2026<\/strong>.<\/li>\n<li><strong>Prova de T\u00edtulos (cargos de n\u00edvel Superior)<\/strong> \u2013 Etapa de car\u00e1ter <strong>classificat\u00f3rio<\/strong>, aplicada apenas aos cargos de n\u00edvel Superior. Ser\u00e3o convocados os candidatos que alcan\u00e7arem, na prova objetiva, acerto superior a 50% e estiverem at\u00e9 o limite de 5 vezes o n\u00famero de vagas. A pontua\u00e7\u00e3o m\u00e1xima da prova de t\u00edtulos \u00e9 de <strong>50 pontos<\/strong>, somada \u00e0 nota da prova objetiva, podendo chegar a 150 pontos no total para esses cargos.<\/li>\n<\/ul>\n<p>Para cargos com prova pr\u00e1tica, a nota final poder\u00e1 atingir at\u00e9 <strong>200 pontos<\/strong>, considerando a soma da prova objetiva e da prova pr\u00e1tica. Os detalhes sobre conte\u00fados cobrados, pesos por disciplina, crit\u00e9rios de corre\u00e7\u00e3o, convoca\u00e7\u00e3o para t\u00edtulos e pr\u00e1tica, bem como eventuais altera\u00e7\u00f5es de datas, devem ser consultados diretamente no edital e em seus anexos.<\/p>\n<h2>Resultados e Gabarito<\/h2>\n<p>O edital estabelece um cronograma detalhado para divulga\u00e7\u00e3o de gabaritos, resultados parciais e finais. Os <strong>gabaritos preliminares<\/strong> da prova objetiva ser\u00e3o publicados no site da \u00c1pice Consultoria (<a href=\"https:\/\/www.apiceconsultoria.com\" target=\"_blank\" rel=\"noopener\">www.apiceconsultoria.com<\/a>) em <strong>29 de dezembro de 2025<\/strong>. Ap\u00f3s a an\u00e1lise dos recursos, o <strong>gabarito oficial<\/strong> est\u00e1 previsto para <strong>14 de janeiro de 2026<\/strong>.<\/p>\n<p>O <strong>resultado preliminar da prova objetiva<\/strong> ser\u00e1 divulgado em <strong>15 de janeiro de 2026<\/strong>, e o <strong>resultado definitivo<\/strong> dessa etapa em <strong>20 de janeiro de 2026<\/strong>. Para os cargos com prova pr\u00e1tica, o <strong>resultado preliminar<\/strong> da pr\u00e1tica ser\u00e1 publicado em <strong>26 de janeiro de 2026<\/strong>, com julgamento de recursos em <strong>28 de janeiro de 2026<\/strong> e divulga\u00e7\u00e3o do <strong>resultado oficial da prova pr\u00e1tica<\/strong> na mesma data.<\/p>\n<p>Quanto \u00e0 <strong>prova de t\u00edtulos<\/strong> (n\u00edvel Superior), o <strong>resultado preliminar<\/strong> est\u00e1 previsto para <strong>03 de fevereiro de 2026<\/strong>. As respostas aos recursos e o <strong>resultado oficial da prova de t\u00edtulos<\/strong> ser\u00e3o divulgados em <strong>06 de fevereiro de 2026<\/strong>, mesma data indicada para o <strong>resultado final de todas as fases<\/strong> do concurso.<\/p>\n<p>A classifica\u00e7\u00e3o ser\u00e1 em ordem decrescente de notas, observando-se os crit\u00e9rios de <strong>desempate por n\u00edvel de escolaridade<\/strong>, que incluem, sucessivamente, idade igual ou superior a 60 anos (Estatuto do Idoso), maiores notas em disciplinas espec\u00edficas (Portugu\u00eas, Matem\u00e1tica, Conhecimentos Espec\u00edficos, Inform\u00e1tica, Racioc\u00ednio L\u00f3gico, Conhecimentos Pedag\u00f3gicos e sobre o Munic\u00edpio), e, por fim, maior idade.<\/p>\n<p>Ap\u00f3s a conclus\u00e3o das etapas, a \u00c1pice Consultoria encaminhar\u00e1 relat\u00f3rio \u00e0 Prefeitura, que far\u00e1 a <strong>homologa\u00e7\u00e3o<\/strong> do resultado no Di\u00e1rio Oficial do Munic\u00edpio e em di\u00e1rio de grande circula\u00e7\u00e3o. As <strong>convoca\u00e7\u00f5es para posse<\/strong> ser\u00e3o realizadas por meio de Edital de Convoca\u00e7\u00e3o publicado nos Di\u00e1rios Oficiais e coordenadas pela Secretaria Municipal de Administra\u00e7\u00e3o.<\/p>\n<p>\u00c9 responsabilidade exclusiva do candidato acompanhar, de forma cont\u00ednua, todas as publica\u00e7\u00f5es oficiais no site da banca organizadora e nos Di\u00e1rios Oficiais, incluindo gabaritos, resultados, homologa\u00e7\u00e3o e convoca\u00e7\u00f5es, n\u00e3o podendo alegar desconhecimento.<\/p>\n","protected":false},"excerpt":{"rendered":"<p>Concurso Pref. Riach\u00e3o do Bacamarte (PB) com edital publicado! Vagas p\/ Professor e M\u00e9dico (Fund. a Sup.). Inscri\u00e7\u00f5es a partir de 03\/11. Confira detalhes!<\/p>\n","protected":false},"author":7,"featured_media":274240,"comment_status":"open","ping_status":"open","sticky":false,"template":"","format":"standard","meta":{"_acf_changed":false,"_breakdance_hide_in_design_set":false,"_breakdance_tags":"","footnotes":""},"categories":[3,6433,9,141,6434,12,13,18,19,111,155,100,20,6871,116,21,23,24,25,26,6435,101,108,143],"tags":[53],"_amplo":[],"destaque":[],"instituicoes":[],"class_list":["post-274241","post","type-post","status-publish","format-standard","has-post-thumbnail","hentry","category-administracao","category-biologia-licenciatura","category-ciencias-contabeis","category-educacao-artistica","category-educacao-fisica-licenciatura","category-enfermagem","category-engenharia-ambiental","category-fisioterapia","category-fonoaudiologia","category-geografia","category-gestao-ambiental","category-historia","category-letras","category-letras-ingles","category-matematica","category-medicina","category-nutricao","category-odontologia","category-pedagogia","category-psicologia","category-quimica-licenciatura","category-servico-social","category-tecnico-enfermagem","category-tecnico-odontologia","tag-paraiba"],"acf":{"_tipo_vagas":"vagas","_numero_vagas":"","_quadro_vagas":"","_cargos":"diversos","_cargos_especificos":"","_salario_max":"R$ 12000","_abertura":"20251103","_encerramento":"20251130","_inscricoes":"https:\/\/www.apiceconsultoria.com","_executora_concurso":"","_instituicao_concurso":[],"_link_adicional":null,"_anexos":null,"_produtos":null,"_vagas":"56 vagas","_salario_min":"R$ 1518","_instituicao":"Prefeitura de Riach\u00e3o do Bacamarte","_edital":"https:\/\/www.agrobase.com.br\/concursos\/wp-content\/uploads\/sites\/4\/2025\/11\/edital-01-2025-prefeitura-de-riachao-do-bacamarte-pb.pdf","_anexos_edital":"https:\/\/www.agrobase.com.br\/concursos\/wp-content\/uploads\/sites\/4\/2025\/11\/anexos-edital-01-2025-prefeitura-de-riachao-do-bacamarte-pb.pdf","_fund_incompleto":"","_fund_completo":"<div>\r\n<table class=\"quadro\">\r\n<thead>\r\n<tr>\r\n<th class=\"hcargo\">Cargo<\/th>\r\n<th class=\"hvagas\">Vagas<\/th>\r\n<th class=\"hremuneracao\">Remunera\u00e7\u00e3o<\/th>\r\n<\/tr>\r\n<\/thead>\r\n    <tbody>\r\n      <td class=\"ccargos\">\r\n<span data-balloon-length=\"medium\" aria-label=\"Ensino fundamental completo.\" data-balloon-pos=\"up\">MERENDEIRA<\/span><\/td>\r\n<td class=\"cvagas\">02<\/td>\r\n<td class=\"cremuneracao\">R$ 1.518,00 \/40h<\/td>\r\n<\/tr><td class=\"ccargos\">\r\n<span data-balloon-length=\"medium\" data-balloon-pos=\"up\">MOTORISTA \"A + B\"<\/span><\/td>\r\n<td class=\"cvagas\">01<\/td>\r\n<td class=\"cremuneracao\">R$ 1.518,00 \/40h<\/td>\r\n<\/tr><td class=\"ccargos\">\r\n<span data-balloon-length=\"medium\" data-balloon-pos=\"up\">MOTORISTA CATEGORIA \"D\"<\/span><\/td>\r\n<td class=\"cvagas\">03<\/td>\r\n<td class=\"cremuneracao\">R$ 1.518,00 \/40h<\/td>\r\n<\/tr><td class=\"ccargos\">\r\n<span data-balloon-length=\"medium\" aria-label=\"Ensino fundamental completo\" data-balloon-pos=\"up\">OPERADOR DE PATROL<\/span><\/td>\r\n<td class=\"cvagas\">01<\/td>\r\n<td class=\"cremuneracao\">R$ 1.518,00 \/40h<\/td>\r\n<\/tr><td class=\"ccargos\">\r\n<span data-balloon-length=\"medium\" aria-label=\"Ensino fundamental completo\" data-balloon-pos=\"up\">OPERADOR DE RETROESCAVADEIRA<\/span><\/td>\r\n<td class=\"cvagas\">01<\/td>\r\n<td class=\"cremuneracao\">R$ 1.518,00 \/40h<\/td>\r\n<\/tr><td class=\"ccargos\">\r\n<span data-balloon-length=\"medium\" aria-label=\"Ensino fundamental completo\" data-balloon-pos=\"up\">PORTEIRO<\/span><\/td>\r\n<td class=\"cvagas\">01<\/td>\r\n<td class=\"cremuneracao\">R$ 1.518,00 \/40h<\/td>\r\n<\/tr><td class=\"ccargos\">\r\n<span data-balloon-length=\"medium\" aria-label=\"Ensino fundamental completo\" data-balloon-pos=\"up\">TRATORISTA<\/span><\/td>\r\n<td class=\"cvagas\">01<\/td>\r\n<td class=\"cremuneracao\">R$ 1.518,00 \/40h<\/td>\r\n<\/tr>\r\n    <\/tbody>\r\n  <\/table>\r\n<\/div>","_medio":"<div>\r\n<table class=\"quadro\">\r\n<thead>\r\n<tr>\r\n<th class=\"hcargo\">Cargo<\/th>\r\n<th class=\"hvagas\">Vagas<\/th>\r\n<th class=\"hremuneracao\">Remunera\u00e7\u00e3o<\/th>\r\n<\/tr>\r\n<\/thead>\r\n    <tbody>\r\n      <td class=\"ccargos\">\r\n<span data-balloon-length=\"medium\" aria-label=\"Ensino m\u00e9dio completo.\" data-balloon-pos=\"up\">AGENTE ADMINISTRATIVO<\/span><\/td>\r\n<td class=\"cvagas\">05<\/td>\r\n<td class=\"cremuneracao\">R$ 1.518,00 \/40h<\/td>\r\n<\/tr><td class=\"ccargos\">\r\n<span data-balloon-length=\"medium\" aria-label=\"Ensino m\u00e9dio completo\" data-balloon-pos=\"up\">AGENTE SANIT\u00c1RIO<\/span><\/td>\r\n<td class=\"cvagas\">01<\/td>\r\n<td class=\"cremuneracao\">R$ 3.036,00 \/40h<\/td>\r\n<\/tr><td class=\"ccargos\">\r\n<span data-balloon-length=\"medium\" aria-label=\"Ensino m\u00e9dio completo e curso T\u00e9cnico em Auxiliar de Sa\u00fade Bucal e registro no CRO\" data-balloon-pos=\"up\">AUXILIAR DE CONSULT\u00d3RIO DENT\u00c1RIO<\/span><\/td>\r\n<td class=\"cvagas\">02<\/td>\r\n<td class=\"cremuneracao\">R$ 1.518,00 \/20h<\/td>\r\n<\/tr><td class=\"ccargos\">\r\n<span data-balloon-length=\"medium\" aria-label=\"Ensino m\u00e9dio completo e curso T\u00e9cnico em Auxiliar de farm\u00e1cia.\" data-balloon-pos=\"up\">AUXILIAR DE FARM\u00c1CIA<\/span><\/td>\r\n<td class=\"cvagas\">01<\/td>\r\n<td class=\"cremuneracao\">R$ 1.518,00 \/40h<\/td>\r\n<\/tr><td class=\"ccargos\">\r\n<span data-balloon-length=\"medium\" aria-label=\"Ensino m\u00e9dio completo com curso de T\u00e9cnico em Enfermagem e registro no respectivo conselho profissional.\" data-balloon-pos=\"up\">T\u00c9CNICO EM ENFERMAGEM<\/span><\/td>\r\n<td class=\"cvagas\">01<\/td>\r\n<td class=\"cremuneracao\">R$ 1.518,00 \/40h<\/td>\r\n<\/tr>\r\n    <\/tbody>\r\n  <\/table>\r\n<\/div>","_superior":"<div>\r\n<table class=\"quadro\">\r\n<thead>\r\n<tr>\r\n<th class=\"hcargo\">Cargo<\/th>\r\n<th class=\"hvagas\">Vagas<\/th>\r\n<th class=\"hremuneracao\">Remunera\u00e7\u00e3o<\/th>\r\n<\/tr>\r\n<\/thead>\r\n    <tbody>\r\n      <tr>\r\n<td class=\"ccargos\">\r\n<span data-balloon-length=\"medium\" aria-label=\"Gradua\u00e7\u00e3o em Servi\u00e7o Social e registro no respectivo conselho profissional.\" data-balloon-pos=\"up\">ASSISTENTE SOCIAL<\/span><\/td>\r\n<td class=\"cvagas\">01<\/td>\r\n<td class=\"cremuneracao\">R$ 1.518,00 \/30h<\/td>\r\n<\/tr><tr>\r\n<td class=\"ccargos\">\r\n<span data-balloon-length=\"medium\" aria-label=\"Bacharelado em Educa\u00e7\u00e3o f\u00edsica.\" data-balloon-pos=\"up\">EDUCADOR F\u00cdSICA<\/span><\/td>\r\n<td class=\"cvagas\">01<\/td>\r\n<td class=\"cremuneracao\">R$ 1.900,00 \/40h<\/td>\r\n<\/tr><tr>\r\n<td class=\"ccargos\">\r\n<span data-balloon-length=\"medium\" aria-label=\"Gradua\u00e7\u00e3o em Enfermagem e registro no respectivo conselho profissional.\" data-balloon-pos=\"up\">ENFERMEIRO<\/span><\/td>\r\n<td class=\"cvagas\">01<\/td>\r\n<td class=\"cremuneracao\">R$ 1.518,00 \/40h<\/td>\r\n<\/tr><tr>\r\n<td class=\"ccargos\">\r\n<span data-balloon-length=\"medium\" aria-label=\"Gradua\u00e7\u00e3o em Farm\u00e1cia e registro no respectivo conselho profissional.\" data-balloon-pos=\"up\">FARMAC\u00caUTICO<\/span><\/td>\r\n<td class=\"cvagas\">01<\/td>\r\n<td class=\"cremuneracao\">R$ 1.518,00 \/30h<\/td>\r\n<\/tr><tr>\r\n<td class=\"ccargos\">\r\n<span data-balloon-length=\"medium\" aria-label=\"Gradua\u00e7\u00e3o em Administra\u00e7\u00e3o, Contabilidade ou Economia e registro no respectivo Conselho Profissional.\" data-balloon-pos=\"up\">FISCAL DE TRIBUTOS<\/span><\/td>\r\n<td class=\"cvagas\">01<\/td>\r\n<td class=\"cremuneracao\">R$ 1.518,00 \/40h<\/td>\r\n<\/tr><tr>\r\n<td class=\"ccargos\">\r\n<span data-balloon-length=\"medium\" aria-label=\"Gradua\u00e7\u00e3o em Fisioterapia e registro no respectivo conselho profissional.\" data-balloon-pos=\"up\">FISIOTERAPEUTA<\/span><\/td>\r\n<td class=\"cvagas\">01<\/td>\r\n<td class=\"cremuneracao\">R$ 1.518,00 \/30h<\/td>\r\n<\/tr><tr>\r\n<td class=\"ccargos\">\r\n<span data-balloon-length=\"medium\" aria-label=\"Gradua\u00e7\u00e3o em Fonoaudiologia e registro no respectivo conselho profissional.\" data-balloon-pos=\"up\">FONOAUDI\u00d3LOGO<\/span><\/td>\r\n<td class=\"cvagas\">01<\/td>\r\n<td class=\"cremuneracao\">R$ 1.518,00 \/20h<\/td>\r\n<\/tr><tr>\r\n<td class=\"ccargos\">\r\n<span data-balloon-length=\"medium\" aria-label=\"Gradua\u00e7\u00e3o em Gest\u00e3o Ambiental ou em \u00e1reas correlatas.\" data-balloon-pos=\"up\">GESTOR AMBIENTAL<\/span><\/td>\r\n<td class=\"cvagas\">01<\/td>\r\n<td class=\"cremuneracao\">R$ 1.518,00 \/40h<\/td>\r\n<\/tr><tr>\r\n<td class=\"ccargos\">\r\n<span data-balloon-length=\"medium\" aria-label=\"Gradua\u00e7\u00e3o em Medicina e registro no respectivo conselho profissional.\" data-balloon-pos=\"up\">M\u00c9DICO<\/span><\/td>\r\n<td class=\"cvagas\">01<\/td>\r\n<td class=\"cremuneracao\">R$ 12.000,00 \/40h<\/td>\r\n<\/tr><tr>\r\n<td class=\"ccargos\">\r\n<span data-balloon-length=\"medium\" aria-label=\"Gradua\u00e7\u00e3o em Nutri\u00e7\u00e3o e registro no respectivo conselho profissional.\" data-balloon-pos=\"up\">NUTRICIONISTA<\/span><\/td>\r\n<td class=\"cvagas\">01<\/td>\r\n<td class=\"cremuneracao\">R$ 1.518,00 \/30h<\/td>\r\n<\/tr><tr>\r\n<td class=\"ccargos\">\r\n<span data-balloon-length=\"medium\" aria-label=\"Gradua\u00e7\u00e3o em Odontologia e registro no respectivo conselho profissional.\" data-balloon-pos=\"up\">ODONT\u00d3LOGO<\/span><\/td>\r\n<td class=\"cvagas\">02<\/td>\r\n<td class=\"cremuneracao\">R$ 4.554,00 \/20h<\/td>\r\n<\/tr><tr>\r\n<td class=\"ccargos\">\r\n<span data-balloon-length=\"medium\" aria-label=\"Licenciatura em Artes ou Equivalente.\" data-balloon-pos=\"up\">PROFESSOR - ARTES<\/span><\/td>\r\n<td class=\"cvagas\">01<\/td>\r\n<td class=\"cremuneracao\">R$ 0,00 \/25h<\/td>\r\n<\/tr><tr>\r\n<td class=\"ccargos\">\r\n<span data-balloon-length=\"medium\" aria-label=\"Licenciatura em Geografia.\" data-balloon-pos=\"up\">PROFESSOR - GEOGRAFIA<\/span><\/td>\r\n<td class=\"cvagas\">01<\/td>\r\n<td class=\"cremuneracao\">R$ 0,00 \/25h<\/td>\r\n<\/tr><tr>\r\n<td class=\"ccargos\">\r\n<span data-balloon-length=\"medium\" aria-label=\"Licenciatura em Hist\u00f3ria\" data-balloon-pos=\"up\">PROFESSOR - HIST\u00d3RIA<\/span><\/td>\r\n<td class=\"cvagas\">01<\/td>\r\n<td class=\"cremuneracao\">R$ 0,00 \/25h<\/td>\r\n<\/tr><tr>\r\n<td class=\"ccargos\">\r\n<span data-balloon-length=\"medium\" aria-label=\"Licenciatura em Letras - Portugu\u00eas.\" data-balloon-pos=\"up\">PROFESSOR - LINGUA PORTUGUESA<\/span><\/td>\r\n<td class=\"cvagas\">01<\/td>\r\n<td class=\"cremuneracao\">R$ 0,00 \/25h<\/td>\r\n<\/tr><tr>\r\n<td class=\"ccargos\">\r\n<span data-balloon-length=\"medium\" aria-label=\"Licenciatura em Matem\u00e1tica.\" data-balloon-pos=\"up\">PROFESSOR - MATEM\u00c1TICA<\/span><\/td>\r\n<td class=\"cvagas\">01<\/td>\r\n<td class=\"cremuneracao\">R$ 0,00 \/25h<\/td>\r\n<\/tr><tr>\r\n<td class=\"ccargos\">\r\n<span data-balloon-length=\"medium\" aria-label=\"Licenciatura em Ci\u00eancias Biol\u00f3gicas, Qu\u00edmica ou F\u00edsica.\" data-balloon-pos=\"up\">PROFESSOR- CI\u00caNCIAS<\/span><\/td>\r\n<td class=\"cvagas\">01<\/td>\r\n<td class=\"cremuneracao\">R$ 0,00 \/25h<\/td>\r\n<\/tr><tr>\r\n<td class=\"ccargos\">\r\n<span data-balloon-length=\"medium\" aria-label=\"Licenciatura em Pedagogia.\" data-balloon-pos=\"up\">PROFESSOR DA EDUCA\u00c7\u00c3O B\u00c1SICA I - ANOS INICIAIS<\/span><\/td>\r\n<td class=\"cvagas\">05<\/td>\r\n<td class=\"cremuneracao\">R$ 0,00 \/25h<\/td>\r\n<\/tr><tr>\r\n<td class=\"ccargos\">\r\n<span data-balloon-length=\"medium\" aria-label=\"Licenciatura em Pedagogia.\" data-balloon-pos=\"up\">PROFESSOR DA EDUCA\u00c7\u00c3O B\u00c1SICA I \u2013 ENSINO INFANTIL<\/span><\/td>\r\n<td class=\"cvagas\">10<\/td>\r\n<td class=\"cremuneracao\">R$ 0,00 \/25h<\/td>\r\n<\/tr><tr>\r\n<td class=\"ccargos\">\r\n<span data-balloon-length=\"medium\" aria-label=\"Licenciatura em Educa\u00e7\u00e3o f\u00edsica.\" data-balloon-pos=\"up\">PROFESSOR- EDUCA\u00c7\u00c3O F\u00cdSICA<\/span><\/td>\r\n<td class=\"cvagas\">01<\/td>\r\n<td class=\"cremuneracao\">R$ 0,00 \/25h<\/td>\r\n<\/tr><tr>\r\n<td class=\"ccargos\">\r\n<span data-balloon-length=\"medium\" aria-label=\"Licenciatura em Ci\u00eancias da Religi\u00e3o, ou Licenciatura em Filosofia ou Hist\u00f3ria + Especializa\u00e7\u00e3o em Ci\u00eancias da Religi\u00e3o.\" data-balloon-pos=\"up\">PROFESSOR- ENSINO RELIGIOSO<\/span><\/td>\r\n<td class=\"cvagas\">01<\/td>\r\n<td class=\"cremuneracao\">R$ 0,00 \/25h<\/td>\r\n<\/tr><tr>\r\n<td class=\"ccargos\">\r\n<span data-balloon-length=\"medium\" aria-label=\"Licenciatura em Letras - Ingl\u00eas.\" data-balloon-pos=\"up\">PROFESSOR -INGL\u00caS<\/span><\/td>\r\n<td class=\"cvagas\">01<\/td>\r\n<td class=\"cremuneracao\">R$ 0,00 \/25h<\/td>\r\n<\/tr><tr>\r\n<td class=\"ccargos\">\r\n<span data-balloon-length=\"medium\" aria-label=\"Gradua\u00e7\u00e3o em Psicologia e registro no respectivo conselho profissional.\" data-balloon-pos=\"up\">PSIC\u00d3LOGO<\/span><\/td>\r\n<td class=\"cvagas\">01<\/td>\r\n<td class=\"cremuneracao\">R$ 1.518,00 \/25h<\/td>\r\n<\/tr><tr>\r\n<td class=\"ccargos\">\r\n<span data-balloon-length=\"medium\" aria-label=\"Gradua\u00e7\u00e3o em Psicopedagogia; ou gradua\u00e7\u00e3o em Pedagogia, com especializa\u00e7\u00e3o em Psicopedagogia e, tamb\u00e9m, em ABA (An\u00e1lise do Comportamento Aplicada); ou gradua\u00e7\u00e3o em Psicologia, com especializa\u00e7\u00e3o em Psicopedagogia e, tamb\u00e9m, em ABA (An\u00e1lise do Comportamento Aplicada).\" data-balloon-pos=\"up\">PSICOPEDAGOGO<\/span><\/td>\r\n<td class=\"cvagas\">01<\/td>\r\n<td class=\"cremuneracao\">R$ 1.518,00 \/25h<\/td>\r\n<\/tr>\r\n    <\/tbody>\r\n  <\/table>\r\n<\/div>"},"_links":{"self":[{"href":"https:\/\/www.agrobase.com.br\/concursos\/wp-json\/wp\/v2\/posts\/274241","targetHints":{"allow":["GET"]}}],"collection":[{"href":"https:\/\/www.agrobase.com.br\/concursos\/wp-json\/wp\/v2\/posts"}],"about":[{"href":"https:\/\/www.agrobase.com.br\/concursos\/wp-json\/wp\/v2\/types\/post"}],"author":[{"embeddable":true,"href":"https:\/\/www.agrobase.com.br\/concursos\/wp-json\/wp\/v2\/users\/7"}],"replies":[{"embeddable":true,"href":"https:\/\/www.agrobase.com.br\/concursos\/wp-json\/wp\/v2\/comments?post=274241"}],"version-history":[{"count":3,"href":"https:\/\/www.agrobase.com.br\/concursos\/wp-json\/wp\/v2\/posts\/274241\/revisions"}],"predecessor-version":[{"id":274253,"href":"https:\/\/www.agrobase.com.br\/concursos\/wp-json\/wp\/v2\/posts\/274241\/revisions\/274253"}],"wp:featuredmedia":[{"embeddable":true,"href":"https:\/\/www.agrobase.com.br\/concursos\/wp-json\/wp\/v2\/media\/274240"}],"wp:attachment":[{"href":"https:\/\/www.agrobase.com.br\/concursos\/wp-json\/wp\/v2\/media?parent=274241"}],"wp:term":[{"taxonomy":"category","embeddable":true,"href":"https:\/\/www.agrobase.com.br\/concursos\/wp-json\/wp\/v2\/categories?post=274241"},{"taxonomy":"post_tag","embeddable":true,"href":"https:\/\/www.agrobase.com.br\/concursos\/wp-json\/wp\/v2\/tags?post=274241"},{"taxonomy":"_amplo","embeddable":true,"href":"https:\/\/www.agrobase.com.br\/concursos\/wp-json\/wp\/v2\/_amplo?post=274241"},{"taxonomy":"destaque","embeddable":true,"href":"https:\/\/www.agrobase.com.br\/concursos\/wp-json\/wp\/v2\/destaque?post=274241"},{"taxonomy":"instituicoes","embeddable":true,"href":"https:\/\/www.agrobase.com.br\/concursos\/wp-json\/wp\/v2\/instituicoes?post=274241"}],"curies":[{"name":"wp","href":"https:\/\/api.w.org\/{rel}","templated":true}]}}