{"id":274236,"date":"2025-11-26T08:10:23","date_gmt":"2025-11-26T11:10:23","guid":{"rendered":"https:\/\/www.agrobase.com.br\/concursos\/?p=274236"},"modified":"2025-11-25T15:06:17","modified_gmt":"2025-11-25T18:06:17","slug":"prefeitura-parnagua-pi-concurso-01-2025","status":"publish","type":"post","link":"https:\/\/www.agrobase.com.br\/concursos\/2025\/prefeitura-parnagua-pi-concurso-01-2025\/","title":{"rendered":"Prefeitura Parnagu\u00e1 (PI) &#8211; Concurso 01\/2025"},"content":{"rendered":"<h2>Informa\u00e7\u00f5es Gerais<\/h2>\n<p>O Munic\u00edpio de Parnagu\u00e1 \u2013 PI, por meio da Secretaria Municipal de Administra\u00e7\u00e3o, publicou edital de certame p\u00fablico para provimento de vagas e forma\u00e7\u00e3o de cadastro de reserva nas Secretarias de Assist\u00eancia Social, Educa\u00e7\u00e3o e Sa\u00fade. O concurso \u00e9 executado pelo Instituto Brasileiro de Estudos e Desenvolvimento (IBED), sob o formato exclusivo \u201cSeletiva IBED\u201d, com validade de at\u00e9 12 meses ap\u00f3s a homologa\u00e7\u00e3o do resultado final.<\/p>\n<p>O edital oferece, ao todo, 161 vagas mais cadastro de reserva, com remunera\u00e7\u00f5es iniciais que variam de R$ 1.518,00 a R$ 18.000,00, contemplando cargos de n\u00edveis m\u00e9dio, m\u00e9dio\/t\u00e9cnico e superior. H\u00e1 oportunidades em \u00e1reas administrativas, educa\u00e7\u00e3o b\u00e1sica (professores em diversas disciplinas) e sa\u00fade, incluindo cargos como enfermeiro, dentista, fisioterapeuta, psic\u00f3logo, assistente social, m\u00e9dico em v\u00e1rias especialidades e <strong>nutricionista<\/strong>, al\u00e9m de vaga para <strong>m\u00e9dico veterin\u00e1rio<\/strong>, \u00e1reas de especial interesse para muitos concurseiros.<\/p>\n<p>As vagas est\u00e3o distribu\u00eddas entre fun\u00e7\u00f5es de apoio, t\u00e9cnicos da sa\u00fade, agentes comunit\u00e1rios e profissionais de n\u00edvel superior, com diferentes cargas hor\u00e1rias e regimes de atua\u00e7\u00e3o, conforme cada cargo. Para decidir se este concurso se encaixa em seus objetivos, vale conferir com aten\u00e7\u00e3o as informa\u00e7\u00f5es sobre inscri\u00e7\u00f5es, etapas e resultados a seguir.<\/p>\n<h2>Inscri\u00e7\u00f5es<\/h2>\n<p>As inscri\u00e7\u00f5es para o certame do Munic\u00edpio de Parnagu\u00e1 \u2013 PI ser\u00e3o realizadas <strong>exclusivamente via internet<\/strong>, no site do IBED, no endere\u00e7o eletr\u00f4nico <a href=\"https:\/\/institutoibed.org\/\" target=\"_blank\" rel=\"noopener\">https:\/\/institutoibed.org\/<\/a>, dentro do per\u00edodo de 19 a 30 de novembro de 2025. N\u00e3o h\u00e1 previs\u00e3o de inscri\u00e7\u00e3o presencial, via correio ou por qualquer outro meio.<\/p>\n<p>As taxas de inscri\u00e7\u00e3o s\u00e3o diferenciadas por n\u00edvel de escolaridade: <strong>R$ 120,00<\/strong> para cargos de n\u00edvel superior, <strong>R$ 100,00<\/strong> para n\u00edvel m\u00e9dio t\u00e9cnico e <strong>R$ 90,00<\/strong> para n\u00edvel m\u00e9dio. O candidato deve seguir rigorosamente as instru\u00e7\u00f5es do sistema de inscri\u00e7\u00e3o e poder\u00e1 realizar apenas uma inscri\u00e7\u00e3o por CPF, sendo considerada v\u00e1lida apenas a \u00faltima solicita\u00e7\u00e3o paga ou isenta.<\/p>\n<p>O pagamento da taxa ser\u00e1 feito por meio de <strong>boleto banc\u00e1rio<\/strong>, disponibilizado na p\u00e1gina de acompanhamento do certame no site do IBED, ap\u00f3s o registro pelo banco. O candidato dever\u00e1 imprimir o boleto, podendo reimprimi-lo se necess\u00e1rio, e efetuar o pagamento em qualquer banco, correspondente banc\u00e1rio ou casa lot\u00e9rica, at\u00e9 a data limite prevista no cronograma. A inscri\u00e7\u00e3o s\u00f3 ser\u00e1 efetivada ap\u00f3s a compensa\u00e7\u00e3o banc\u00e1ria ou deferimento de eventual pedido de isen\u00e7\u00e3o, quando houver previs\u00e3o no edital.<\/p>\n<p>O comprovante de inscri\u00e7\u00e3o ficar\u00e1 dispon\u00edvel na \u00e1rea de acompanhamento do candidato no site do IBED at\u00e9 a data de realiza\u00e7\u00e3o das provas objetivas, sendo de responsabilidade do candidato obt\u00ea-lo e mant\u00ea-lo em seu poder. Antes de se inscrever, \u00e9 indispens\u00e1vel ler o edital completo e certificar-se de que atende a todos os requisitos do cargo pretendido.<\/p>\n<p>Para detalhes sobre prazos exatos, crit\u00e9rios de isen\u00e7\u00e3o, regras de pagamento e demais orienta\u00e7\u00f5es, recomenda-se a leitura atenta do edital completo dispon\u00edvel no site da banca organizadora.<\/p>\n<h2>Etapas e Provas<\/h2>\n<p>A sele\u00e7\u00e3o dos candidatos ser\u00e1 realizada em fase \u00fanica, composta por <strong>provas objetivas<\/strong>, de car\u00e1ter <strong>eliminat\u00f3rio e classificat\u00f3rio<\/strong>, sob responsabilidade do IBED. N\u00e3o h\u00e1 previs\u00e3o, no trecho disponibilizado, de provas discursivas, pr\u00e1ticas ou de t\u00edtulos.<\/p>\n<p>As provas objetivas ser\u00e3o aplicadas para <strong>todos os cargos<\/strong> na cidade de Parnagu\u00e1 \u2013 PI, podendo, em caso de necessidade, ocorrer em cidades vizinhas ou em turnos diferentes. A avalia\u00e7\u00e3o biopsicossocial dos candidatos que se declararem pessoas com defici\u00eancia poder\u00e1 ser realizada de forma remota, a crit\u00e9rio do IBED.<\/p>\n<p>As provas ser\u00e3o estruturadas em dois blocos:<\/p>\n<ul>\n<li><strong>P1 \u2013 Prova objetiva de Conhecimentos B\u00e1sicos<\/strong>: 20 itens.<\/li>\n<li><strong>P2 \u2013 Prova objetiva de Conhecimentos Espec\u00edficos<\/strong>: 30 itens.<\/li>\n<\/ul>\n<p>Cada prova objetiva valer\u00e1, em conjunto, <strong>100 pontos<\/strong>. Os itens ser\u00e3o do tipo CERTO ou ERRADO, com marca\u00e7\u00e3o em folha de respostas espec\u00edfica. A pontua\u00e7\u00e3o por item ser\u00e1:<\/p>\n<ul>\n<li><strong>+2,00 pontos<\/strong> para resposta em concord\u00e2ncia com o gabarito definitivo;<\/li>\n<li><strong>\u22122,00 pontos<\/strong> para resposta em discord\u00e2ncia com o gabarito definitivo;<\/li>\n<li><strong>0,00 ponto<\/strong> para item em branco ou com marca\u00e7\u00e3o dupla.<\/li>\n<\/ul>\n<p>A dura\u00e7\u00e3o total das provas objetivas ser\u00e1 de <strong>4 horas<\/strong>, em turno da manh\u00e3, das 8h30 \u00e0s 12h30, em data a ser confirmada no cronograma do edital. O candidato dever\u00e1 consultar, no site do IBED, o edital de convoca\u00e7\u00e3o para provas, onde constar\u00e3o local e hor\u00e1rio exatos, e comparecer com anteced\u00eancia m\u00ednima de 20 minutos, portando documento oficial de identifica\u00e7\u00e3o f\u00edsico ou digital com foto.<\/p>\n<p>Ser\u00e3o eliminados do certame os candidatos que obtiverem: nota inferior a <strong>14 pontos<\/strong> na prova de Conhecimentos B\u00e1sicos (P1); nota inferior a <strong>18 pontos<\/strong> na prova de Conhecimentos Espec\u00edficos (P2); ou nota total inferior a <strong>34 pontos<\/strong> na soma das provas P1 e P2. Os candidatos n\u00e3o eliminados ser\u00e3o classificados por cargo\/disciplina, em ordem decrescente da nota final.<\/p>\n<p>Para conhecer as disciplinas cobradas em Conhecimentos B\u00e1sicos e Espec\u00edficos, bem como demais regras de aplica\u00e7\u00e3o das provas e cronograma detalhado, \u00e9 essencial consultar o edital e seus anexos.<\/p>\n<h2>Resultados e Gabarito<\/h2>\n<p>Os <strong>gabaritos oficiais preliminares<\/strong> das provas objetivas ser\u00e3o divulgados na internet, no site do IBED (<a href=\"https:\/\/institutoibed.org\/\" target=\"_blank\" rel=\"noopener\">https:\/\/institutoibed.org\/<\/a>), a partir das 14h da data prov\u00e1vel indicada no cronograma do Anexo I do edital. Ap\u00f3s a divulga\u00e7\u00e3o dos gabaritos preliminares, haver\u00e1 prazo para interposi\u00e7\u00e3o de recursos, conforme regras estabelecidas no edital.<\/p>\n<p>As provas objetivas ser\u00e3o corrigidas por processamento eletr\u00f4nico, e a <strong>nota final nas provas objetivas (NFPO)<\/strong> corresponder\u00e1 ao somat\u00f3rio das notas obtidas em P1 (Conhecimentos B\u00e1sicos) e P2 (Conhecimentos Espec\u00edficos). O resultado final do certame ser\u00e1 divulgado em listas de classifica\u00e7\u00e3o por cargo, em ordem decrescente das notas finais, ap\u00f3s a an\u00e1lise de recursos e a publica\u00e7\u00e3o do gabarito oficial definitivo.<\/p>\n<p>Em caso de empate na nota final, ser\u00e3o aplicados, sucessivamente, os seguintes crit\u00e9rios de desempate: <strong>(a)<\/strong> maior idade, considerada at\u00e9 o \u00faltimo dia de inscri\u00e7\u00e3o; <strong>(b)<\/strong> maior nota na prova objetiva de Conhecimentos Espec\u00edficos (P2); <strong>(c)<\/strong> maior n\u00famero de acertos em P2; <strong>(d)<\/strong> maior nota na prova objetiva de Conhecimentos Gerais\/B\u00e1sicos (P1); <strong>(e)<\/strong> maior n\u00famero de acertos em P1; <strong>(f)<\/strong> exerc\u00edcio da fun\u00e7\u00e3o de jurado, devidamente comprovado. Persistindo o empate, os candidatos poder\u00e3o ser convocados para apresentar certid\u00e3o de nascimento, para verifica\u00e7\u00e3o do hor\u00e1rio de nascimento.<\/p>\n<p>Os candidatos que se declararem pessoas com defici\u00eancia e forem considerados aptos na avalia\u00e7\u00e3o biopsicossocial figurar\u00e3o tanto na lista espec\u00edfica quanto na lista geral de classifica\u00e7\u00e3o por cargo. A <strong>homologa\u00e7\u00e3o do resultado final<\/strong> ser\u00e1 publicada pelo Munic\u00edpio de Parnagu\u00e1, e a partir dessa data come\u00e7a a contar o prazo de validade do certame, que \u00e9 de <strong>12 meses, improrrog\u00e1vel<\/strong>.<\/p>\n<p>As convoca\u00e7\u00f5es para posse ou contrata\u00e7\u00e3o ocorrer\u00e3o conforme a necessidade da Administra\u00e7\u00e3o, dentro do prazo de validade do concurso, e dever\u00e3o ser acompanhadas pelos candidatos por meio das publica\u00e7\u00f5es oficiais no site do IBED, no site da Prefeitura e no Di\u00e1rio Oficial do Munic\u00edpio. O acompanhamento de todas as etapas, resultados, homologa\u00e7\u00f5es e convoca\u00e7\u00f5es \u00e9 de responsabilidade exclusiva do candidato.<\/p>\n","protected":false},"excerpt":{"rendered":"<p>Concurso Pref. Parnagu\u00e1 (PI) com edital publicado! Vagas p\/ M\u00e9dico, Professor (M\u00e9d.\/Sup.). Inscri\u00e7\u00f5es a partir de 19\/11. Sal\u00e1rios at\u00e9 R$18k. Confira detalhes!<\/p>\n","protected":false},"author":7,"featured_media":274235,"comment_status":"open","ping_status":"open","sticky":false,"template":"","format":"standard","meta":{"_acf_changed":false,"_breakdance_hide_in_design_set":false,"_breakdance_tags":"","footnotes":""},"categories":[6433,6434,12,18,111,100,20,6871,116,21,22,23,24,25,26,101,108,143],"tags":[55],"_amplo":[],"destaque":[],"instituicoes":[],"class_list":["post-274236","post","type-post","status-publish","format-standard","has-post-thumbnail","hentry","category-biologia-licenciatura","category-educacao-fisica-licenciatura","category-enfermagem","category-fisioterapia","category-geografia","category-historia","category-letras","category-letras-ingles","category-matematica","category-medicina","category-veterinaria","category-nutricao","category-odontologia","category-pedagogia","category-psicologia","category-servico-social","category-tecnico-enfermagem","category-tecnico-odontologia","tag-piaui"],"acf":{"_tipo_vagas":"vagas","_numero_vagas":"","_quadro_vagas":"","_cargos":"diversos","_cargos_especificos":"","_salario_max":"R$ 18000","_abertura":"20251119","_encerramento":"20251130","_inscricoes":"https:\/\/institutoibed.org\/","_executora_concurso":"","_instituicao_concurso":[],"_link_adicional":null,"_anexos":null,"_produtos":null,"_vagas":"161 vagas + CR","_salario_min":"R$ 1518","_instituicao":"Prefeitura de Parnagu\u00e1","_edital":"https:\/\/www.agrobase.com.br\/concursos\/wp-content\/uploads\/sites\/4\/2025\/11\/edital-01-2025-prefeitura-de-parnagua-pi.pdf","_anexos_edital":"","_fund_incompleto":"","_fund_completo":"","_medio":"<div>\r\n<table class=\"quadro\">\r\n<thead>\r\n<tr>\r\n<th class=\"hcargo\">Cargo<\/th>\r\n<th class=\"hvagas\">Vagas<\/th>\r\n<th class=\"hremuneracao\">Remunera\u00e7\u00e3o<\/th>\r\n<\/tr>\r\n<\/thead>\r\n    <tbody>\r\n      <td class=\"ccargos\">\r\n<span data-balloon-length=\"medium\" aria-label=\"Ensino M\u00e9dio Completo\" data-balloon-pos=\"up\">Auxiliar de Servi\u00e7os Gerais - Sec. Assist\u00eancia Social<\/span><\/td>\r\n<td class=\"cvagas\">03 + CR<\/td>\r\n<td class=\"cremuneracao\">R$ 1.518,00<\/td>\r\n<\/tr><td class=\"ccargos\">\r\n<span data-balloon-length=\"medium\" aria-label=\"Ensino M\u00e9dio Completo + CNH - A\/B\" data-balloon-pos=\"up\">Motorista AB - Sec. Assist\u00eancia Social<\/span><\/td>\r\n<td class=\"cvagas\">01 + CR<\/td>\r\n<td class=\"cremuneracao\">R$ 2.000,00<\/td>\r\n<\/tr><td class=\"ccargos\">\r\n<span data-balloon-length=\"medium\" aria-label=\"Ensino M\u00e9dio Completo\" data-balloon-pos=\"up\">Auxiliar de Servi\u00e7os Gerais - Sec. Educa\u00e7\u00e3o<\/span><\/td>\r\n<td class=\"cvagas\">30 + CR<\/td>\r\n<td class=\"cremuneracao\">R$ 1.518,00<\/td>\r\n<\/tr><td class=\"ccargos\">\r\n<span data-balloon-length=\"medium\" aria-label=\"Ensino M\u00e9dio Completo\" data-balloon-pos=\"up\">Digitador Sec. Educa\u00e7\u00e3o<\/span><\/td>\r\n<td class=\"cvagas\">05 + CR<\/td>\r\n<td class=\"cremuneracao\">R$ 1.518,00<\/td>\r\n<\/tr><td class=\"ccargos\">\r\n<span data-balloon-length=\"medium\" aria-label=\"Ensino M\u00e9dio completo + curso em agente comunit\u00e1rio de sa\u00fade + Resid\u00eancia na \u00e1rea da vaga\" data-balloon-pos=\"up\">Agente Comunit\u00e1rio de Sa\u00fade - ACS (Micro \u00c1rea: Fazenda do Meio)<\/span><\/td>\r\n<td class=\"cvagas\">02 + CR<\/td>\r\n<td class=\"cremuneracao\">R$ 3.036,00<\/td>\r\n<\/tr><td class=\"ccargos\">\r\n<span data-balloon-length=\"medium\" aria-label=\"Ensino M\u00e9dio completo + curso em agente comunit\u00e1rio de sa\u00fade + Resid\u00eancia na \u00e1rea da vaga\" data-balloon-pos=\"up\">Agente Comunit\u00e1rio de Sa\u00fade - ACS (Micro \u00c1rea: Unidade Parnagu\u00e1 - Shis)<\/span><\/td>\r\n<td class=\"cvagas\">02 + CR<\/td>\r\n<td class=\"cremuneracao\">R$ 3.036,00<\/td>\r\n<\/tr><td class=\"ccargos\">\r\n<span data-balloon-length=\"medium\" aria-label=\"Ensino M\u00e9dio completo + curso em agente comunit\u00e1rio de sa\u00fade + Resid\u00eancia na \u00e1rea da vaga\" data-balloon-pos=\"up\">Agente Comunit\u00e1rio de Sa\u00fade - ACS (Micro \u00c1rea: Unidade Paraim - Ladeira)<\/span><\/td>\r\n<td class=\"cvagas\">02 + CR<\/td>\r\n<td class=\"cremuneracao\">R$ 3.036,00<\/td>\r\n<\/tr><td class=\"ccargos\">\r\n<span data-balloon-length=\"medium\" aria-label=\"Ensino M\u00e9dio\" data-balloon-pos=\"up\">Agente de Zoonose - AGZ<\/span><\/td>\r\n<td class=\"cvagas\">01 + CR<\/td>\r\n<td class=\"cremuneracao\">R$ 1.518,00<\/td>\r\n<\/tr><td class=\"ccargos\">\r\n<span data-balloon-length=\"medium\" aria-label=\"Ensino m\u00e9dio + Curso de Auxiliar em sa\u00fade bucal\" data-balloon-pos=\"up\">Auxiliar de Sa\u00fade Bucal - ASB<\/span><\/td>\r\n<td class=\"cvagas\">03 + CR<\/td>\r\n<td class=\"cremuneracao\">R$ 1.518,00<\/td>\r\n<\/tr><td class=\"ccargos\">\r\n<span data-balloon-length=\"medium\" aria-label=\"Ensino m\u00e9dio + Curso t\u00e9cnico em sa\u00fade bucal\" data-balloon-pos=\"up\">T\u00e9cnico de sa\u00fade bucal<\/span><\/td>\r\n<td class=\"cvagas\">02 + CR<\/td>\r\n<td class=\"cremuneracao\">R$ 1.800,00<\/td>\r\n<\/tr><td class=\"ccargos\">\r\n<span data-balloon-length=\"medium\" aria-label=\"Ensino m\u00e9dio = Curso de Socorrista + Curso de Urg\u00eancia e Emerg\u00eancia\" data-balloon-pos=\"up\">Condutor\/Socorrista Categoria D (CNH)<\/span><\/td>\r\n<td class=\"cvagas\">02 + CR<\/td>\r\n<td class=\"cremuneracao\">R$ 2.500,00<\/td>\r\n<\/tr><td class=\"ccargos\">\r\n<span data-balloon-length=\"medium\" aria-label=\"Ensino M\u00e9dio\" data-balloon-pos=\"up\">Servi\u00e7os Gerais \u2013 Sec. Sa\u00fade<\/span><\/td>\r\n<td class=\"cvagas\">20 + CR<\/td>\r\n<td class=\"cremuneracao\">R$ 1.518,00<\/td>\r\n<\/tr><td class=\"ccargos\">\r\n<span data-balloon-length=\"medium\" aria-label=\"Ensino M\u00e9dio + T\u00e9cnico em Enfermagem + Registro no Conselho de Classe Corem\" data-balloon-pos=\"up\">T\u00e9cnico de Enfermagem<\/span><\/td>\r\n<td class=\"cvagas\">15 + CR<\/td>\r\n<td class=\"cremuneracao\">R$ 1.518,00<\/td>\r\n<\/tr><td class=\"ccargos\">\r\n<span data-balloon-length=\"medium\" aria-label=\"T\u00e9cnico em radiologia\" data-balloon-pos=\"up\">T\u00e9cnico em radiologia<\/span><\/td>\r\n<td class=\"cvagas\">02 + CR<\/td>\r\n<td class=\"cremuneracao\">R$ 1.800,00<\/td>\r\n<\/tr>\r\n    <\/tbody>\r\n  <\/table>\r\n<\/div>","_superior":"<div>\r\n<table class=\"quadro\">\r\n<thead>\r\n<tr>\r\n<th class=\"hcargo\">Cargo<\/th>\r\n<th class=\"hvagas\">Vagas<\/th>\r\n<th class=\"hremuneracao\">Remunera\u00e7\u00e3o<\/th>\r\n<\/tr>\r\n<\/thead>\r\n    <tbody>\r\n      <tr>\r\n<td class=\"ccargos\">\r\n<span data-balloon-length=\"medium\" aria-label=\"Gradua\u00e7\u00e3o em Servi\u00e7o Social\" data-balloon-pos=\"up\">Assistente Social - Sec. Assist\u00eancia Social<\/span><\/td>\r\n<td class=\"cvagas\">02 + CR<\/td>\r\n<td class=\"cremuneracao\">R$ 3.000,00<\/td>\r\n<\/tr><tr>\r\n<td class=\"ccargos\">\r\n<span data-balloon-length=\"medium\" aria-label=\"Gradua\u00e7\u00e3o em Psicologia + Registro no Conselho de Classe\" data-balloon-pos=\"up\">Psic\u00f3logo - Sec. Assist\u00eancia Social<\/span><\/td>\r\n<td class=\"cvagas\">01 + CR<\/td>\r\n<td class=\"cremuneracao\">R$ 3.000,00<\/td>\r\n<\/tr><tr>\r\n<td class=\"ccargos\">\r\n<span data-balloon-length=\"medium\" aria-label=\"Diploma em Licenciatura plena em pedagogia ou \u00e1reas afins e ou cursando 5\u00b0 per\u00edodo.\" data-balloon-pos=\"up\">Professor de educa\u00e7\u00e3o Infantil<\/span><\/td>\r\n<td class=\"cvagas\">04 + CR<\/td>\r\n<td class=\"cremuneracao\">R$ 2.433,88<\/td>\r\n<\/tr><tr>\r\n<td class=\"ccargos\">\r\n<span data-balloon-length=\"medium\" aria-label=\"Diploma em Licenciatura plena em pedagogia ou \u00e1reas afins.\" data-balloon-pos=\"up\">Professor de anos iniciais<\/span><\/td>\r\n<td class=\"cvagas\">06 + CR<\/td>\r\n<td class=\"cremuneracao\">R$ 2.433,88<\/td>\r\n<\/tr><tr>\r\n<td class=\"ccargos\">\r\n<span data-balloon-length=\"medium\" aria-label=\"Diploma em Licenciatura plena em Letras Portugu\u00eas\" data-balloon-pos=\"up\">Professor de Portugu\u00eas<\/span><\/td>\r\n<td class=\"cvagas\">02 + CR<\/td>\r\n<td class=\"cremuneracao\">R$ 2.433,88<\/td>\r\n<\/tr><tr>\r\n<td class=\"ccargos\">\r\n<span data-balloon-length=\"medium\" aria-label=\"Diploma em Licenciatura plena em Matem\u00e1tica\" data-balloon-pos=\"up\">Professor de Matem\u00e1tica<\/span><\/td>\r\n<td class=\"cvagas\">05 + CR<\/td>\r\n<td class=\"cremuneracao\">R$ 2.433,88<\/td>\r\n<\/tr><tr>\r\n<td class=\"ccargos\">\r\n<span data-balloon-length=\"medium\" aria-label=\"Diploma em Licenciatura plena em Letras Ingl\u00eas\" data-balloon-pos=\"up\">Professor de Ingl\u00eas<\/span><\/td>\r\n<td class=\"cvagas\">04 + CR<\/td>\r\n<td class=\"cremuneracao\">R$ 2.433,88<\/td>\r\n<\/tr><tr>\r\n<td class=\"ccargos\">\r\n<span data-balloon-length=\"medium\" aria-label=\"Diploma em Licenciatura plena em Educa\u00e7\u00e3o f\u00edsica\" data-balloon-pos=\"up\">Professor de Educa\u00e7\u00e3o F\u00edsica<\/span><\/td>\r\n<td class=\"cvagas\">02 + CR<\/td>\r\n<td class=\"cremuneracao\">R$ 2.433,88<\/td>\r\n<\/tr><tr>\r\n<td class=\"ccargos\">\r\n<span data-balloon-length=\"medium\" aria-label=\"Diploma em Licenciatura plena em ci\u00eancias\" data-balloon-pos=\"up\">Professor de Ci\u00eancias<\/span><\/td>\r\n<td class=\"cvagas\">02 + CR<\/td>\r\n<td class=\"cremuneracao\">R$ 2.433,88<\/td>\r\n<\/tr><tr>\r\n<td class=\"ccargos\">\r\n<span data-balloon-length=\"medium\" aria-label=\"Diploma em Licenciatura plena em Geografia\" data-balloon-pos=\"up\">Professor de Geografia<\/span><\/td>\r\n<td class=\"cvagas\">02 + CR<\/td>\r\n<td class=\"cremuneracao\">R$ 2.433,88<\/td>\r\n<\/tr><tr>\r\n<td class=\"ccargos\">\r\n<span data-balloon-length=\"medium\" aria-label=\"Diploma em Licenciatura plena em Historia\" data-balloon-pos=\"up\">Professor de Hist\u00f3ria<\/span><\/td>\r\n<td class=\"cvagas\">02 + CR<\/td>\r\n<td class=\"cremuneracao\">R$ 2.433,88<\/td>\r\n<\/tr><tr>\r\n<td class=\"ccargos\">\r\n<span data-balloon-length=\"medium\" aria-label=\"Gradua\u00e7\u00e3o em bacharel em nutri\u00e7\u00e3o + registro no conselho.\" data-balloon-pos=\"up\">Nutricionista<\/span><\/td>\r\n<td class=\"cvagas\">03 + CR<\/td>\r\n<td class=\"cremuneracao\">R$ 3.000,00<\/td>\r\n<\/tr><tr>\r\n<td class=\"ccargos\">\r\n<span data-balloon-length=\"medium\" aria-label=\"Gradua\u00e7\u00e3o em bacharel em psicologia + registro no conselho.\" data-balloon-pos=\"up\">Psic\u00f3logo<\/span><\/td>\r\n<td class=\"cvagas\">02 + CR<\/td>\r\n<td class=\"cremuneracao\">R$ 3.000,00<\/td>\r\n<\/tr><tr>\r\n<td class=\"ccargos\">\r\n<span data-balloon-length=\"medium\" aria-label=\"Gradua\u00e7\u00e3o em bacharel em psicologia + registro no conselho.\" data-balloon-pos=\"up\">Psicopedag\u00f3gico<\/span><\/td>\r\n<td class=\"cvagas\">03 + CR<\/td>\r\n<td class=\"cremuneracao\">R$ 3.000,00<\/td>\r\n<\/tr><tr>\r\n<td class=\"ccargos\">\r\n<span data-balloon-length=\"medium\" aria-label=\"Licenciatura em letras\/libras ou pedagogia com habilita\u00e7\u00e3o ou especializa\u00e7\u00e3o em educa\u00e7\u00e3o especial\" data-balloon-pos=\"up\">Professor de Libras<\/span><\/td>\r\n<td class=\"cvagas\">01 + CR<\/td>\r\n<td class=\"cremuneracao\">R$ 2.433,88<\/td>\r\n<\/tr><tr>\r\n<td class=\"ccargos\">\r\n<span data-balloon-length=\"medium\" aria-label=\"Licenciatura em letras\/libras ou pedagogia com habilita\u00e7\u00e3o ou especializa\u00e7\u00e3o em educa\u00e7\u00e3o especial\" data-balloon-pos=\"up\">Professor de Braille<\/span><\/td>\r\n<td class=\"cvagas\">01 + CR<\/td>\r\n<td class=\"cremuneracao\">R$ 2.433,88<\/td>\r\n<\/tr><tr>\r\n<td class=\"ccargos\">\r\n<span data-balloon-length=\"medium\" aria-label=\"Gradua\u00e7\u00e3o em Servi\u00e7o Social\" data-balloon-pos=\"up\">Assistente Social - Sec. Sa\u00fade<\/span><\/td>\r\n<td class=\"cvagas\">01 + CR<\/td>\r\n<td class=\"cremuneracao\">R$ 3.000,00<\/td>\r\n<\/tr><tr>\r\n<td class=\"ccargos\">\r\n<span data-balloon-length=\"medium\" aria-label=\"Gradua\u00e7\u00e3o em Odontologia + Registro no Conselho de classe - CRO\" data-balloon-pos=\"up\">Dentista<\/span><\/td>\r\n<td class=\"cvagas\">05 + CR<\/td>\r\n<td class=\"cremuneracao\">R$ 4.000,00<\/td>\r\n<\/tr><tr>\r\n<td class=\"ccargos\">\r\n<span data-balloon-length=\"medium\" aria-label=\"Gradua\u00e7\u00e3o em Enfermagem + Registro no Conselho de classe - COREM\" data-balloon-pos=\"up\">Enfermeiro<\/span><\/td>\r\n<td class=\"cvagas\">06 + CR<\/td>\r\n<td class=\"cremuneracao\">R$ 3.000,00<\/td>\r\n<\/tr><tr>\r\n<td class=\"ccargos\">\r\n<span data-balloon-length=\"medium\" aria-label=\"Gradua\u00e7\u00e3o em Fisioterapia + Registro no Conselho de classe CRF\" data-balloon-pos=\"up\">Fisioterapeuta<\/span><\/td>\r\n<td class=\"cvagas\">03 + CR<\/td>\r\n<td class=\"cremuneracao\">R$ 3.000,00<\/td>\r\n<\/tr><tr>\r\n<td class=\"ccargos\">\r\n<span data-balloon-length=\"medium\" aria-label=\"Gradua\u00e7\u00e3o em Psicologia + Registro no Conselho de classe - CRP\" data-balloon-pos=\"up\">Psic\u00f3logo(a) \u2013 Sec. Sa\u00fade<\/span><\/td>\r\n<td class=\"cvagas\">01 + CR<\/td>\r\n<td class=\"cremuneracao\">R$ 3.000,00<\/td>\r\n<\/tr><tr>\r\n<td class=\"ccargos\">\r\n<span data-balloon-length=\"medium\" aria-label=\"Gradua\u00e7\u00e3o em nutri\u00e7\u00e3o + Registro no Conselho de classe - CRN\" data-balloon-pos=\"up\">Nutricionista \u2013 Sec. Sa\u00fade<\/span><\/td>\r\n<td class=\"cvagas\">01 + CR<\/td>\r\n<td class=\"cremuneracao\">R$ 3.000,00<\/td>\r\n<\/tr><tr>\r\n<td class=\"ccargos\">\r\n<span data-balloon-length=\"medium\" aria-label=\"Gradua\u00e7\u00e3o em medicina veterin\u00e1ria + registro no conselho de classe\" data-balloon-pos=\"up\">M\u00e9dico Veterin\u00e1rio<\/span><\/td>\r\n<td class=\"cvagas\">01 + CR<\/td>\r\n<td class=\"cremuneracao\">R$ 3.000,00<\/td>\r\n<\/tr><tr>\r\n<td class=\"ccargos\">\r\n<span data-balloon-length=\"medium\" aria-label=\"Gradua\u00e7\u00e3o em medicina + registro no conselho de classe\" data-balloon-pos=\"up\">M\u00e9dico clinico Geral<\/span><\/td>\r\n<td class=\"cvagas\">01 + CR<\/td>\r\n<td class=\"cremuneracao\">R$ 12.000,00<\/td>\r\n<\/tr><tr>\r\n<td class=\"ccargos\">\r\n<span data-balloon-length=\"medium\" aria-label=\"Gradua\u00e7\u00e3o em medicina + registro no conselho de classe + especializa\u00e7\u00e3o da \u00e1rea.\" data-balloon-pos=\"up\">M\u00e9dico anestesista<\/span><\/td>\r\n<td class=\"cvagas\">01 + CR<\/td>\r\n<td class=\"cremuneracao\">R$ 18.000,00<\/td>\r\n<\/tr><tr>\r\n<td class=\"ccargos\">\r\n<span data-balloon-length=\"medium\" aria-label=\"Gradua\u00e7\u00e3o em medicina + registro no conselho de classe + especializa\u00e7\u00e3o da \u00e1rea.\" data-balloon-pos=\"up\">M\u00e9dico ginecologista e obstetra<\/span><\/td>\r\n<td class=\"cvagas\">01 + CR<\/td>\r\n<td class=\"cremuneracao\">R$ 18.000,00<\/td>\r\n<\/tr><tr>\r\n<td class=\"ccargos\">\r\n<span data-balloon-length=\"medium\" aria-label=\"Gradua\u00e7\u00e3o em medicina + registro no conselho de classe + especializa\u00e7\u00e3o da \u00e1rea.\" data-balloon-pos=\"up\">M\u00e9dico pediatra<\/span><\/td>\r\n<td class=\"cvagas\">01 + CR<\/td>\r\n<td class=\"cremuneracao\">R$ 18.000,00<\/td>\r\n<\/tr><tr>\r\n<td class=\"ccargos\">\r\n<span data-balloon-length=\"medium\" aria-label=\"Gradua\u00e7\u00e3o em medicina + registro no conselho de classe + especializa\u00e7\u00e3o da \u00e1rea.\" data-balloon-pos=\"up\">M\u00e9dico cirurgi\u00e3o<\/span><\/td>\r\n<td class=\"cvagas\">01 + CR<\/td>\r\n<td class=\"cremuneracao\">R$ 18.000,00<\/td>\r\n<\/tr>\r\n    <\/tbody>\r\n  <\/table>\r\n<\/div>"},"_links":{"self":[{"href":"https:\/\/www.agrobase.com.br\/concursos\/wp-json\/wp\/v2\/posts\/274236","targetHints":{"allow":["GET"]}}],"collection":[{"href":"https:\/\/www.agrobase.com.br\/concursos\/wp-json\/wp\/v2\/posts"}],"about":[{"href":"https:\/\/www.agrobase.com.br\/concursos\/wp-json\/wp\/v2\/types\/post"}],"author":[{"embeddable":true,"href":"https:\/\/www.agrobase.com.br\/concursos\/wp-json\/wp\/v2\/users\/7"}],"replies":[{"embeddable":true,"href":"https:\/\/www.agrobase.com.br\/concursos\/wp-json\/wp\/v2\/comments?post=274236"}],"version-history":[{"count":2,"href":"https:\/\/www.agrobase.com.br\/concursos\/wp-json\/wp\/v2\/posts\/274236\/revisions"}],"predecessor-version":[{"id":274239,"href":"https:\/\/www.agrobase.com.br\/concursos\/wp-json\/wp\/v2\/posts\/274236\/revisions\/274239"}],"wp:featuredmedia":[{"embeddable":true,"href":"https:\/\/www.agrobase.com.br\/concursos\/wp-json\/wp\/v2\/media\/274235"}],"wp:attachment":[{"href":"https:\/\/www.agrobase.com.br\/concursos\/wp-json\/wp\/v2\/media?parent=274236"}],"wp:term":[{"taxonomy":"category","embeddable":true,"href":"https:\/\/www.agrobase.com.br\/concursos\/wp-json\/wp\/v2\/categories?post=274236"},{"taxonomy":"post_tag","embeddable":true,"href":"https:\/\/www.agrobase.com.br\/concursos\/wp-json\/wp\/v2\/tags?post=274236"},{"taxonomy":"_amplo","embeddable":true,"href":"https:\/\/www.agrobase.com.br\/concursos\/wp-json\/wp\/v2\/_amplo?post=274236"},{"taxonomy":"destaque","embeddable":true,"href":"https:\/\/www.agrobase.com.br\/concursos\/wp-json\/wp\/v2\/destaque?post=274236"},{"taxonomy":"instituicoes","embeddable":true,"href":"https:\/\/www.agrobase.com.br\/concursos\/wp-json\/wp\/v2\/instituicoes?post=274236"}],"curies":[{"name":"wp","href":"https:\/\/api.w.org\/{rel}","templated":true}]}}