{"id":274229,"date":"2025-11-26T08:00:02","date_gmt":"2025-11-26T11:00:02","guid":{"rendered":"https:\/\/www.agrobase.com.br\/concursos\/?p=274229"},"modified":"2025-11-25T14:46:33","modified_gmt":"2025-11-25T17:46:33","slug":"prefeitura-marmeleiro-pr-concurso-01-2025","status":"publish","type":"post","link":"https:\/\/www.agrobase.com.br\/concursos\/2025\/prefeitura-marmeleiro-pr-concurso-01-2025\/","title":{"rendered":"Prefeitura Marmeleiro (PR) &#8211; Concurso 01\/2025"},"content":{"rendered":"<h2>Informa\u00e7\u00f5es Gerais<\/h2>\n<p>O Concurso P\u00fablico do Munic\u00edpio de Marmeleiro, no Estado do Paran\u00e1, regido por diversas leis municipais e pelo Regime Jur\u00eddico \u00danico (Lei Complementar n. 2.095\/2013), teve edital publicado para provimento de vagas e forma\u00e7\u00e3o de cadastro de reserva em seu quadro de pessoal estatut\u00e1rio. O certame oferece, ao todo, 138 vagas mais cadastro de reserva, com remunera\u00e7\u00f5es iniciais que variam aproximadamente de R$ 1.630,83 a R$ 13.218,35, conforme o cargo.<\/p>\n<p>O concurso contempla oportunidades para todos os n\u00edveis de escolaridade: fundamental incompleto, fundamental completo, m\u00e9dio\/t\u00e9cnico e superior. H\u00e1 destaque para cargos de interesse de profissionais das \u00e1reas de Agronomia, Medicina Veterin\u00e1ria e Nutri\u00e7\u00e3o, al\u00e9m de diversas fun\u00e7\u00f5es na sa\u00fade e no magist\u00e9rio.<\/p>\n<p>O certame visa suprir cargos j\u00e1 vagos e os que vierem a vagar durante o prazo de validade de 2 anos, prorrog\u00e1vel por igual per\u00edodo, a crit\u00e9rio do Munic\u00edpio. Se voc\u00ea busca estabilidade no servi\u00e7o p\u00fablico municipal, vale conferir com aten\u00e7\u00e3o as inscri\u00e7\u00f5es, etapas e regras detalhadas nas pr\u00f3ximas se\u00e7\u00f5es.<\/p>\n<h2>Inscri\u00e7\u00f5es<\/h2>\n<p>As inscri\u00e7\u00f5es para o Concurso P\u00fablico do Munic\u00edpio de Marmeleiro ser\u00e3o realizadas exclusivamente via internet, no site da banca organizadora Funda\u00e7\u00e3o de Apoio ao Desenvolvimento da UNICENTRO, dispon\u00edvel em <strong>www.concursosfau.com.br<\/strong>, do dia 03 a 30 de novembro de 2025. N\u00e3o h\u00e1 previs\u00e3o de inscri\u00e7\u00e3o presencial ou por outros meios.<\/p>\n<p>Para se inscrever, o candidato deve preencher o Formul\u00e1rio de Solicita\u00e7\u00e3o de Inscri\u00e7\u00e3o no site, declarar que atende aos requisitos do cargo e aceitar as normas do edital. Em seguida, \u00e9 necess\u00e1rio imprimir o boleto banc\u00e1rio e efetuar o pagamento da taxa de inscri\u00e7\u00e3o, cujo valor \u00e9 definido conforme o cargo nas Tabelas 3.1, 3.2, 3.3 e 3.4 do edital. A inscri\u00e7\u00e3o somente ser\u00e1 confirmada ap\u00f3s a compensa\u00e7\u00e3o banc\u00e1ria do pagamento pela Funda\u00e7\u00e3o.<\/p>\n<p>O pagamento do boleto poder\u00e1 ser realizado em toda a rede banc\u00e1ria at\u00e9 a data de vencimento. Caso o boleto ven\u00e7a sem pagamento, o candidato dever\u00e1 acessar novamente o site <strong>www.concursosfau.com.br<\/strong>, emitir a segunda via e efetuar o pagamento at\u00e9 <strong>01 de dezembro de 2025<\/strong>; pagamentos ap\u00f3s essa data n\u00e3o ser\u00e3o aceitos. N\u00e3o s\u00e3o admitidos pagamentos via cheque devolvido, dep\u00f3sito, transfer\u00eancia banc\u00e1ria, PIX ou agendamentos n\u00e3o efetivados, e n\u00e3o haver\u00e1 devolu\u00e7\u00e3o da taxa, salvo em caso de anula\u00e7\u00e3o plena do concurso.<\/p>\n<p>\u00c9 de inteira responsabilidade do candidato o correto preenchimento dos dados cadastrais. Informa\u00e7\u00f5es falsas ou inexatas podem levar ao cancelamento da inscri\u00e7\u00e3o, elimina\u00e7\u00e3o do certame e, se constatadas ap\u00f3s a nomea\u00e7\u00e3o, \u00e0 exonera\u00e7\u00e3o. O edital de deferimento das inscri\u00e7\u00f5es ser\u00e1 divulgado em <strong>www.concursosfau.com.br<\/strong>, em <strong>https:\/\/www.marmeleiro.pr.gov.br\/<\/strong> e no Di\u00e1rio Oficial do Munic\u00edpio, na data prov\u00e1vel de 10 de dezembro de 2025, devendo o candidato acompanhar o status de sua inscri\u00e7\u00e3o na \u00e1rea indicada pela banca.<\/p>\n<p>Para detalhes sobre valores das taxas por n\u00edvel, eventuais regras de isen\u00e7\u00e3o e demais orienta\u00e7\u00f5es, \u00e9 indispens\u00e1vel a leitura atenta do edital completo.<\/p>\n<h2>Etapas e Provas<\/h2>\n<p>O concurso de Marmeleiro \u00e9 composto por etapas distintas, de acordo com o n\u00edvel de escolaridade e o cargo pretendido, combinando provas te\u00f3ricas, avalia\u00e7\u00e3o de t\u00edtulos e prova pr\u00e1tica para fun\u00e7\u00f5es espec\u00edficas.<\/p>\n<ul>\n<li><strong>Prova Objetiva<\/strong> \u2013 etapa <strong>eliminat\u00f3ria e classificat\u00f3ria<\/strong> para todos os cargos. As quest\u00f5es s\u00e3o de m\u00faltipla escolha, com 5 alternativas e apenas 1 correta, abrangendo as disciplinas de <em>L\u00edngua Portuguesa<\/em>, <em>Matem\u00e1tica\/Racioc\u00ednio L\u00f3gico<\/em>, <em>Conhecimentos Gerais\/Legisla\u00e7\u00e3o<\/em> e <em>Conhecimentos Espec\u00edficos<\/em> (quando houver). A prova ter\u00e1 dura\u00e7\u00e3o de 4 horas e ser\u00e1 aplicada em Marmeleiro\/PR, podendo ocorrer tamb\u00e9m em cidades vizinhas, na data prov\u00e1vel de 01 de fevereiro de 2026. O Cart\u00e3o de Informa\u00e7\u00e3o do Candidato, com local e hor\u00e1rio, dever\u00e1 ser emitido no site da banca a partir de 28 de janeiro de 2026.<\/li>\n<li><strong>Crit\u00e9rios de aprova\u00e7\u00e3o na objetiva<\/strong> \u2013 candidatos de <strong>n\u00edvel superior e m\u00e9dio\/t\u00e9cnico<\/strong> devem obter, no m\u00ednimo, <strong>60%<\/strong> do total de pontos da prova objetiva. Para cargos de <strong>n\u00edvel fundamental completo e incompleto<\/strong>, a exig\u00eancia m\u00ednima \u00e9 de <strong>40%<\/strong> dos pontos.<\/li>\n<li><strong>Prova de T\u00edtulos<\/strong> \u2013 de car\u00e1ter <strong>classificat\u00f3rio<\/strong>, exclusiva para <strong>cargos de n\u00edvel superior<\/strong>. Somente participam os candidatos n\u00e3o eliminados e que alcan\u00e7arem a pontua\u00e7\u00e3o m\u00ednima prevista no edital. A prova de t\u00edtulos vale at\u00e9 <strong>20 pontos<\/strong>, mesmo que a soma dos documentos ultrapasse esse limite. Os t\u00edtulos devem ser cadastrados em formul\u00e1rio espec\u00edfico no site da banca, dentro do prazo indicado, e entregues em <strong>envelope lacrado<\/strong> aos fiscais, nos primeiros 60 minutos da prova objetiva, em c\u00f3pias autenticadas.<\/li>\n<li><strong>Prova Pr\u00e1tica<\/strong> \u2013 de car\u00e1ter <strong>eliminat\u00f3rio e classificat\u00f3rio<\/strong>, exclusiva para os cargos de <strong>Motorista<\/strong> e <strong>Operador de M\u00e1quinas<\/strong>. O candidato deve atingir a pontua\u00e7\u00e3o m\u00ednima prevista e estar classificado dentro do limite estabelecido no edital para ser convocado. A prova consiste em exame de dire\u00e7\u00e3o veicular ou opera\u00e7\u00e3o de m\u00e1quinas, avaliando habilidade, cumprimento das normas de tr\u00e2nsito e seguran\u00e7a. O candidato inicia com 100 pontos, dos quais s\u00e3o descontados pontos por faltas leves, m\u00e9dias, graves ou eliminat\u00f3rias. \u00c9 obrigat\u00f3rio apresentar CNH na categoria exigida para o cargo no dia da prova pr\u00e1tica.<\/li>\n<\/ul>\n<p>Em todas as fases, o n\u00e3o comparecimento no hor\u00e1rio e local determinados implica elimina\u00e7\u00e3o, sem segunda chamada. Para conhecer o detalhamento do conte\u00fado program\u00e1tico, crit\u00e9rios de avalia\u00e7\u00e3o, regras de conduta e cronograma completo, o candidato deve consultar atentamente o edital e demais publica\u00e7\u00f5es oficiais.<\/p>\n<h2>Resultados e Gabarito<\/h2>\n<p>O gabarito preliminar e o caderno de quest\u00f5es da prova objetiva ser\u00e3o divulgados at\u00e9 as 19h do dia seguinte \u00e0 aplica\u00e7\u00e3o da prova, nos sites <strong>www.concursosfau.com.br<\/strong> e <strong>https:\/\/www.marmeleiro.pr.gov.br\/<\/strong>. O caderno de quest\u00f5es ficar\u00e1 dispon\u00edvel apenas at\u00e9 o encerramento do prazo de recursos, sendo posteriormente retirado do ar.<\/p>\n<p>As notas da prova de t\u00edtulos ser\u00e3o publicadas em edital espec\u00edfico no site da banca organizadora. Os resultados das demais etapas, incluindo prova pr\u00e1tica para Motorista e Operador de M\u00e1quinas, tamb\u00e9m ser\u00e3o divulgados por meio de editais, com indica\u00e7\u00e3o de notas, classifica\u00e7\u00e3o e eventuais prazos para recursos.<\/p>\n<p>A classifica\u00e7\u00e3o final ser\u00e1 em ordem decrescente da Nota Final, calculada da seguinte forma, conforme o grupo de cargos: soma da prova objetiva e t\u00edtulos (quando houver), ou apenas prova objetiva, ou, para Motorista e Operador de M\u00e1quinas, m\u00e9dia entre a nota da prova objetiva e a prova pr\u00e1tica. Em caso de empate na nota final, ser\u00e3o aplicados, sucessivamente, os seguintes crit\u00e9rios: maior idade entre candidatos com 60 anos ou mais (Estatuto do Idoso); maior pontua\u00e7\u00e3o em Conhecimentos Espec\u00edficos (quando houver); maior pontua\u00e7\u00e3o em L\u00edngua Portuguesa; maior pontua\u00e7\u00e3o em Conhecimentos Gerais; e, persistindo o empate, maior idade considerando dia, m\u00eas e ano de nascimento.<\/p>\n<p>O resultado final, ap\u00f3s o julgamento de todos os recursos, ser\u00e1 homologado pelo Munic\u00edpio de Marmeleiro e publicado no Di\u00e1rio Oficial do Munic\u00edpio e nos sites <strong>www.concursosfau.com.br<\/strong> e <strong>https:\/\/www.marmeleiro.pr.gov.br\/<\/strong>, em tr\u00eas listas: ampla concorr\u00eancia, candidatos com defici\u00eancia e candidatos afrodescendentes.<\/p>\n<p>As convoca\u00e7\u00f5es para nomea\u00e7\u00e3o ser\u00e3o feitas por meio de edital espec\u00edfico publicado no \u00f3rg\u00e3o oficial do Munic\u00edpio e no site da Prefeitura. O candidato convocado dever\u00e1 observar rigorosamente os prazos, sob pena de ser considerado desistente, al\u00e9m de se submeter a exame m\u00e9dico admissional e apresentar toda a documenta\u00e7\u00e3o exigida, sob risco de elimina\u00e7\u00e3o e nulidade da aprova\u00e7\u00e3o em caso de irregularidades.<\/p>\n<p>O acompanhamento de gabaritos, resultados, homologa\u00e7\u00f5es e convoca\u00e7\u00f5es, tanto no site da banca organizadora quanto no Di\u00e1rio Oficial e no portal do Munic\u00edpio de Marmeleiro, \u00e9 de responsabilidade exclusiva do candidato.<\/p>\n","protected":false},"excerpt":{"rendered":"<p>Concurso Pref. Marmeleiro (PR) com edital publicado! Vagas p\/ Professor, M\u00e9dico (Fund. a Sup.). Inscri\u00e7\u00f5es a partir de 03\/11. Sal\u00e1rios at\u00e9 R$13.2k. Confira!<\/p>\n","protected":false},"author":7,"featured_media":274228,"comment_status":"open","ping_status":"open","sticky":false,"template":"","format":"standard","meta":{"_acf_changed":false,"_breakdance_hide_in_design_set":false,"_breakdance_tags":"","footnotes":""},"categories":[3,4,5,9,10,117,6434,12,14,17,18,21,22,23,24,25,26,101,108,130,161,143],"tags":[52],"_amplo":[],"destaque":[],"instituicoes":[],"class_list":["post-274229","post","type-post","status-publish","format-standard","has-post-thumbnail","hentry","category-administracao","category-agronomia","category-arquitetura","category-ciencias-contabeis","category-direito","category-economia","category-educacao-fisica-licenciatura","category-enfermagem","category-engenharia","category-farmacia","category-fisioterapia","category-medicina","category-veterinaria","category-nutricao","category-odontologia","category-pedagogia","category-psicologia","category-servico-social","category-tecnico-enfermagem","category-tecnico-informatica","category-tecnico-laboratorio","category-tecnico-odontologia","tag-parana"],"acf":{"_tipo_vagas":"vagas","_numero_vagas":"","_quadro_vagas":"","_cargos":"diversos","_cargos_especificos":"","_salario_max":"R$ 13218.35","_abertura":"20251103","_encerramento":"20251130","_inscricoes":"http:\/\/www.concursosfau.com.br","_executora_concurso":"","_instituicao_concurso":[],"_link_adicional":null,"_anexos":null,"_produtos":null,"_vagas":"138 vagas + CR","_salario_min":"R$ 1630.83","_instituicao":"Prefeitura de Marmeleiro","_edital":"https:\/\/www.agrobase.com.br\/concursos\/wp-content\/uploads\/sites\/4\/2025\/11\/edital-01-2025-prefeitura-de-marmeleiro-pr.pdf","_anexos_edital":"https:\/\/www.agrobase.com.br\/concursos\/wp-content\/uploads\/sites\/4\/2025\/11\/anexos-edital-01-2025-prefeitura-de-marmeleiro-pr.pdf","_fund_incompleto":"<div>\r\n<table class=\"quadro\">\r\n<thead>\r\n<tr>\r\n<th class=\"hcargo\">Cargo<\/th>\r\n<th class=\"hvagas\">Vagas<\/th>\r\n<th class=\"hremuneracao\">Remunera\u00e7\u00e3o<\/th>\r\n<\/tr>\r\n<\/thead>\r\n    <tbody>\r\n      <td class=\"ccargos\">\r\n<span data-balloon-length=\"medium\" aria-label=\"Ensino fundamental incompleto. Sujeito ao uso de uniforme e equipamentos de prote\u00e7\u00e3o individual \u2013 EPIs.\" data-balloon-pos=\"up\">Auxiliar de Mec\u00e2nico<\/span><\/td>\r\n<td class=\"cvagas\">01 + CR<\/td>\r\n<td class=\"cremuneracao\">R$ 1.931,24 \/40h<\/td>\r\n<\/tr><td class=\"ccargos\">\r\n<span data-balloon-length=\"medium\" aria-label=\"Ensino fundamental incompleto. Sujeito ao uso de uniforme e equipamentos de prote\u00e7\u00e3o individual \u2013 EPIs, quando necess\u00e1rio.\" data-balloon-pos=\"up\">Auxiliar de Servi\u00e7os Gerais<\/span><\/td>\r\n<td class=\"cvagas\">12 + CR<\/td>\r\n<td class=\"cremuneracao\">R$ 1.630,83 \/40h<\/td>\r\n<\/tr><td class=\"ccargos\">\r\n<span data-balloon-length=\"medium\" aria-label=\"Ensino Fundamental Incompleto. Sujeito ao uso de uniforme e Equipamentos de Prote\u00e7\u00e3o Individual \u2013 EPI's.\" data-balloon-pos=\"up\">Pedreiro<\/span><\/td>\r\n<td class=\"cvagas\">01 + CR<\/td>\r\n<td class=\"cremuneracao\">R$ 2.489,19 \/40h<\/td>\r\n<\/tr>\r\n    <\/tbody>\r\n  <\/table>\r\n<\/div>","_fund_completo":"<div>\r\n<table class=\"quadro\">\r\n<thead>\r\n<tr>\r\n<th class=\"hcargo\">Cargo<\/th>\r\n<th class=\"hvagas\">Vagas<\/th>\r\n<th class=\"hremuneracao\">Remunera\u00e7\u00e3o<\/th>\r\n<\/tr>\r\n<\/thead>\r\n    <tbody>\r\n      <td class=\"ccargos\">\r\n<span data-balloon-length=\"medium\" data-balloon-pos=\"up\">Motorista<\/span><\/td>\r\n<td class=\"cvagas\">22 + CR<\/td>\r\n<td class=\"cremuneracao\">R$ 1.931,24 \/40h<\/td>\r\n<\/tr><td class=\"ccargos\">\r\n<span data-balloon-length=\"medium\" data-balloon-pos=\"up\">Operador de M\u00e1quinas<\/span><\/td>\r\n<td class=\"cvagas\">10 + CR<\/td>\r\n<td class=\"cremuneracao\">R$ 2.489,19 \/40h<\/td>\r\n<\/tr><td class=\"ccargos\">\r\n<span data-balloon-length=\"medium\" aria-label=\"Ensino Fundamental Completo. Sujeito ao uso de uniforme e Equipamentos de Prote\u00e7\u00e3o Individual \u2013 EPI's.\" data-balloon-pos=\"up\">Servente - Geral<\/span><\/td>\r\n<td class=\"cvagas\">18 + CR<\/td>\r\n<td class=\"cremuneracao\">R$ 1.630,83 \/40h<\/td>\r\n<\/tr><td class=\"ccargos\">\r\n<span data-balloon-length=\"medium\" aria-label=\"Ensino Fundamental Completo. Sujeito ao uso de uniforme e Equipamentos de Prote\u00e7\u00e3o Individual \u2013 EPI's.\" data-balloon-pos=\"up\">Servente - Merendeira<\/span><\/td>\r\n<td class=\"cvagas\">07 + CR<\/td>\r\n<td class=\"cremuneracao\">R$ 1.630,83 \/40h<\/td>\r\n<\/tr>\r\n    <\/tbody>\r\n  <\/table>\r\n<\/div>","_medio":"<div>\r\n<table class=\"quadro\">\r\n<thead>\r\n<tr>\r\n<th class=\"hcargo\">Cargo<\/th>\r\n<th class=\"hvagas\">Vagas<\/th>\r\n<th class=\"hremuneracao\">Remunera\u00e7\u00e3o<\/th>\r\n<\/tr>\r\n<\/thead>\r\n    <tbody>\r\n      <td class=\"ccargos\">\r\n<span data-balloon-length=\"medium\" aria-label=\"Ensino m\u00e9dio completo.\" data-balloon-pos=\"up\">Assistente Administrativo<\/span><\/td>\r\n<td class=\"cvagas\">11 + CR<\/td>\r\n<td class=\"cremuneracao\">R$ 2.574,99 \/40h<\/td>\r\n<\/tr><td class=\"ccargos\">\r\n<span data-balloon-length=\"medium\" aria-label=\"Ensino m\u00e9dio completo e curso t\u00e9cnico fornecido por institui\u00e7\u00e3o de ensino oficial e reconhecido pelo Minist\u00e9rio de Educa\u00e7\u00e3o e registro no \u00f3rg\u00e3o de classe fiscalizador do exerc\u00edcio profissional. Sujeito ao uso de uniforme e equipamentos de prote\u00e7\u00e3o individual \u2013 EPIs.\" data-balloon-pos=\"up\">Auxiliar de Laborat\u00f3rio<\/span><\/td>\r\n<td class=\"cvagas\">01 + CR<\/td>\r\n<td class=\"cremuneracao\">R$ 2.360,42 \/40h<\/td>\r\n<\/tr><td class=\"ccargos\">\r\n<span data-balloon-length=\"medium\" aria-label=\"Ensino m\u00e9dio completo e curso t\u00e9cnico fornecido por institui\u00e7\u00e3o de ensino oficial e reconhecido pelo Minist\u00e9rio de Educa\u00e7\u00e3o e registro no \u00f3rg\u00e3o de classe fiscalizador do exerc\u00edcio profissional. Sujeito ao uso de uniforme e equipamentos de prote\u00e7\u00e3o individual \u2013 EPIs.\" data-balloon-pos=\"up\">Auxiliar de Sa\u00fade Bucal<\/span><\/td>\r\n<td class=\"cvagas\">01 + CR<\/td>\r\n<td class=\"cremuneracao\">R$ 2.360,42 \/40h<\/td>\r\n<\/tr><td class=\"ccargos\">\r\n<span data-balloon-length=\"medium\" aria-label=\"N\u00edvel m\u00e9dio. Necess\u00e1ria experi\u00eancia em atendimento a crian\u00e7as e adolescentes. Idade M\u00ednima: 25 anos.\" data-balloon-pos=\"up\">Educador\/Cuidador Residente<\/span><\/td>\r\n<td class=\"cvagas\">CR<\/td>\r\n<td class=\"cremuneracao\">R$ 3.326,05 \/40h<\/td>\r\n<\/tr><td class=\"ccargos\">\r\n<span data-balloon-length=\"medium\" aria-label=\"Ensino M\u00e9dio Completo e P\u00f3s M\u00e9dio na \u00e1rea; Ensino M\u00e9dio T\u00e9cnico Integrado completo na \u00e1rea; ou Curso Superior completo na \u00e1rea, fornecidos por institui\u00e7\u00e3o de ensino oficial e reconhecido pelo Minist\u00e9rio da Educa\u00e7\u00e3o. Registro no \u00f3rg\u00e3o de classe. Sujeito ao uso de instrumento de identifica\u00e7\u00e3o e equipamentos de prote\u00e7\u00e3o individual - EPIs.\" data-balloon-pos=\"up\">Fiscal de Obras<\/span><\/td>\r\n<td class=\"cvagas\">CR<\/td>\r\n<td class=\"cremuneracao\">R$ 3.326,05 \/40h<\/td>\r\n<\/tr><td class=\"ccargos\">\r\n<span data-balloon-length=\"medium\" aria-label=\"Ensino M\u00e9dio Completo. Sujeito ao uso de instrumento de identifica\u00e7\u00e3o.\" data-balloon-pos=\"up\">Fiscal Tribut\u00e1rio<\/span><\/td>\r\n<td class=\"cvagas\">CR<\/td>\r\n<td class=\"cremuneracao\">R$ 3.326,05 \/40h<\/td>\r\n<\/tr><td class=\"ccargos\">\r\n<span data-balloon-length=\"medium\" aria-label=\"Ensino M\u00e9dio Completo. Sujeito ao uso de uniforme e equipamentos de prote\u00e7\u00e3o individual \u2013 EPIs.\" data-balloon-pos=\"up\">Inspetor Sanit\u00e1rio Industrial<\/span><\/td>\r\n<td class=\"cvagas\">01 + CR<\/td>\r\n<td class=\"cremuneracao\">R$ 2.360,42 \/40h<\/td>\r\n<\/tr><td class=\"ccargos\">\r\n<span data-balloon-length=\"medium\" aria-label=\"Ensino M\u00e9dio Completo. Necess\u00e1rio comprovar experi\u00eancia m\u00ednima de 03 (tr\u00eas) anos na \u00e1rea. Sujeito ao uso de uniforme e equipamentos de prote\u00e7\u00e3o individual \u2013 EPIs.\" data-balloon-pos=\"up\">Mec\u00e2nico<\/span><\/td>\r\n<td class=\"cvagas\">CR<\/td>\r\n<td class=\"cremuneracao\">R$ 3.326,05 \/40h<\/td>\r\n<\/tr><td class=\"ccargos\">\r\n<span data-balloon-length=\"medium\" aria-label=\"Ensino M\u00e9dio Completo e P\u00f3s M\u00e9dio na \u00e1rea de atua\u00e7\u00e3o e registro no \u00f3rg\u00e3o de classe fiscalizador do exerc\u00edcio profissional. Sujeito ao uso de uniforme e Equipamentos de Prote\u00e7\u00e3o Individual \u2013 EPI's.\" data-balloon-pos=\"up\">T\u00e9cnico em Enfermagem<\/span><\/td>\r\n<td class=\"cvagas\">03 + CR<\/td>\r\n<td class=\"cremuneracao\">R$ 3.022,73 \/40h<\/td>\r\n<\/tr><td class=\"ccargos\">\r\n<span data-balloon-length=\"medium\" aria-label=\"Ensino M\u00e9dio Completo e P\u00f3s M\u00e9dio na \u00e1rea; Ensino M\u00e9dio T\u00e9cnico Integrado completo na \u00e1rea; ou Curso Superior completo na \u00e1rea, fornecidos por institui\u00e7\u00e3o de ensino oficial e reconhecido pelo Minist\u00e9rio da Educa\u00e7\u00e3o. O exerc\u00edcio do cargo poder\u00e1 exigir a presta\u00e7\u00e3o de servi\u00e7os \u00e0 noite e aos s\u00e1bados, domingos e feriados. Sujeito ao uso de Equipamentos de Prote\u00e7\u00e3o Individual \u2013 EPI's.\" data-balloon-pos=\"up\">T\u00e9cnico em Inform\u00e1tica<\/span><\/td>\r\n<td class=\"cvagas\">CR<\/td>\r\n<td class=\"cremuneracao\">R$ 3.326,05 \/40h<\/td>\r\n<\/tr><td class=\"ccargos\">\r\n<span data-balloon-length=\"medium\" aria-label=\"Ensino M\u00e9dio Completo e P\u00f3s M\u00e9dio na \u00e1rea. O exerc\u00edcio do cargo poder\u00e1 exigir atendimento ao p\u00fablico. Sujeito ao uso de uniforme e EPIs equipamentos de prote\u00e7\u00e3o individual.\" data-balloon-pos=\"up\">T\u00e9cnico em Sa\u00fade Bucal<\/span><\/td>\r\n<td class=\"cvagas\">01 + CR<\/td>\r\n<td class=\"cremuneracao\">R$ 3.326,05 \/40h<\/td>\r\n<\/tr><td class=\"ccargos\">\r\n<span data-balloon-length=\"medium\" aria-label=\"Ensino M\u00e9dio Completo. Sujeito ao uso de instrumento de identifica\u00e7\u00e3o e Equipamentos de Prote\u00e7\u00e3o Individual - EPI's.\" data-balloon-pos=\"up\">T\u00e9cnico em Vigil\u00e2ncia em Sa\u00fade<\/span><\/td>\r\n<td class=\"cvagas\">01 + CR<\/td>\r\n<td class=\"cremuneracao\">R$ 2.574,99 \/40h<\/td>\r\n<\/tr>\r\n    <\/tbody>\r\n  <\/table>\r\n<\/div>","_superior":"<div>\r\n<table class=\"quadro\">\r\n<thead>\r\n<tr>\r\n<th class=\"hcargo\">Cargo<\/th>\r\n<th class=\"hvagas\">Vagas<\/th>\r\n<th class=\"hremuneracao\">Remunera\u00e7\u00e3o<\/th>\r\n<\/tr>\r\n<\/thead>\r\n    <tbody>\r\n      <tr>\r\n<td class=\"ccargos\">\r\n<span data-balloon-length=\"medium\" aria-label=\"Curso de gradua\u00e7\u00e3o em Arquitetura, fornecido por institui\u00e7\u00e3o de ensino oficial e reconhecida pelo Minist\u00e9rio de Educa\u00e7\u00e3o e registro no \u00f3rg\u00e3o de classe fiscalizador do exerc\u00edcio profissional.\" data-balloon-pos=\"up\">Arquiteto<\/span><\/td>\r\n<td class=\"cvagas\">01 + CR<\/td>\r\n<td class=\"cremuneracao\">R$ 5.150,01 \/20h<\/td>\r\n<\/tr><tr>\r\n<td class=\"ccargos\">\r\n<span data-balloon-length=\"medium\" aria-label=\"Curso de gradua\u00e7\u00e3o em Servi\u00e7o Social, fornecido por institui\u00e7\u00e3o de ensino oficial e reconhecida pelo Minist\u00e9rio de Educa\u00e7\u00e3o e registro no \u00f3rg\u00e3o de classe fiscalizador do exerc\u00edcio profissional. Sujeito ao uso de instrumento de identifica\u00e7\u00e3o, uniforme e equipamentos de prote\u00e7\u00e3o individual \u2013 EPIs, quando necess\u00e1rio em suas visitas.\" data-balloon-pos=\"up\">Assistente Social<\/span><\/td>\r\n<td class=\"cvagas\">01 + CR<\/td>\r\n<td class=\"cremuneracao\">R$ 5.150,01 \/40h<\/td>\r\n<\/tr><tr>\r\n<td class=\"ccargos\">\r\n<span data-balloon-length=\"medium\" aria-label=\"Curso de gradua\u00e7\u00e3o em Ci\u00eancias Cont\u00e1beis, fornecido por institui\u00e7\u00e3o de ensino oficial e reconhecida pelo Minist\u00e9rio de Educa\u00e7\u00e3o e registro no \u00f3rg\u00e3o de classe fiscalizador do exerc\u00edcio profissional.\" data-balloon-pos=\"up\">Contador<\/span><\/td>\r\n<td class=\"cvagas\">01 + CR<\/td>\r\n<td class=\"cremuneracao\">R$ 7.510,45 \/40h<\/td>\r\n<\/tr><tr>\r\n<td class=\"ccargos\">\r\n<span data-balloon-length=\"medium\" aria-label=\"Curso de gradua\u00e7\u00e3o em Enfermagem, fornecido por institui\u00e7\u00e3o de ensino oficial e reconhecida pelo Minist\u00e9rio de Educa\u00e7\u00e3o e registro no \u00f3rg\u00e3o de classe fiscalizador do exerc\u00edcio profissional. Sujeito ao uso de uniforme e equipamentos de prote\u00e7\u00e3o individual \u2013 EPIs.\" data-balloon-pos=\"up\">Enfermeiro<\/span><\/td>\r\n<td class=\"cvagas\">01 + CR<\/td>\r\n<td class=\"cremuneracao\">R$ 5.471,89 \/40h<\/td>\r\n<\/tr><tr>\r\n<td class=\"ccargos\">\r\n<span data-balloon-length=\"medium\" aria-label=\"Curso de gradua\u00e7\u00e3o em Engenharia Agron\u00f4mica, fornecido por institui\u00e7\u00e3o de ensino oficial e reconhecida pelo Minist\u00e9rio de Educa\u00e7\u00e3o e registro no \u00f3rg\u00e3o de classe fiscalizador do exerc\u00edcio profissional. Sujeito ao uso e equipamentos de prote\u00e7\u00e3o individual \u2013 EPIs, quando necess\u00e1rio.\" data-balloon-pos=\"up\">Engenheiro Agr\u00f4nomo<\/span><\/td>\r\n<td class=\"cvagas\">CR<\/td>\r\n<td class=\"cremuneracao\">R$ 5.364,61 \/40h<\/td>\r\n<\/tr><tr>\r\n<td class=\"ccargos\">\r\n<span data-balloon-length=\"medium\" aria-label=\"Curso Superior em Engenharia Civil, fornecido por institui\u00e7\u00e3o de ensino oficial e reconhecida pelo Minist\u00e9rio de Educa\u00e7\u00e3o e registro no \u00f3rg\u00e3o de classe fiscalizador do exerc\u00edcio profissional. Sujeito ao uso equipamentos de prote\u00e7\u00e3o individual \u2013 EPIs.\" data-balloon-pos=\"up\">Engenheiro Civil<\/span><\/td>\r\n<td class=\"cvagas\">CR<\/td>\r\n<td class=\"cremuneracao\">R$ 5.364,61 \/20h<\/td>\r\n<\/tr><tr>\r\n<td class=\"ccargos\">\r\n<span data-balloon-length=\"medium\" aria-label=\"Curso Superior fornecido por institui\u00e7\u00e3o de ensino oficial e reconhecido pelo Minist\u00e9rio de Educa\u00e7\u00e3o, relacionado \u00e0 \u00e1rea de sa\u00fade p\u00fablica. O exerc\u00edcio do cargo poder\u00e1 exigir a presta\u00e7\u00e3o de servi\u00e7os \u00e0 noite, aos s\u00e1bados, domingos e feriados. Sujeito ao uso de instrumento de identifica\u00e7\u00e3o e equipamentos de prote\u00e7\u00e3o individual \u2013 EPIs.\" data-balloon-pos=\"up\">Especialista em Vigil\u00e2ncia Sanit\u00e1ria<\/span><\/td>\r\n<td class=\"cvagas\">CR<\/td>\r\n<td class=\"cremuneracao\">R$ 5.150,01 \/40h<\/td>\r\n<\/tr><tr>\r\n<td class=\"ccargos\">\r\n<span data-balloon-length=\"medium\" aria-label=\"Curso de gradua\u00e7\u00e3o em Farm\u00e1cia (forma\u00e7\u00e3o generalista) ou Farm\u00e1cia Bioqu\u00edmica, fornecido por institui\u00e7\u00e3o de ensino oficial e reconhecida pelo Minist\u00e9rio de Educa\u00e7\u00e3o e registro no \u00f3rg\u00e3o de classe fiscalizador do exerc\u00edcio profissional. Sujeito ao uso de uniforme e equipamentos de prote\u00e7\u00e3o individual \u2013 EPIs.\" data-balloon-pos=\"up\">Farmac\u00eautico<\/span><\/td>\r\n<td class=\"cvagas\">03 + CR<\/td>\r\n<td class=\"cremuneracao\">R$ 5.471,89 \/40h<\/td>\r\n<\/tr><tr>\r\n<td class=\"ccargos\">\r\n<span data-balloon-length=\"medium\" aria-label=\"Curso de gradua\u00e7\u00e3o em Fisioterapia, fornecido por institui\u00e7\u00e3o de ensino oficial e reconhecida pelo Minist\u00e9rio de Educa\u00e7\u00e3o e registro no \u00f3rg\u00e3o de classe fiscalizador do exerc\u00edcio profissional. Sujeito ao uso de uniforme e equipamentos de prote\u00e7\u00e3o individual \u2013 EPIs.\" data-balloon-pos=\"up\">Fisioterapeuta<\/span><\/td>\r\n<td class=\"cvagas\">CR<\/td>\r\n<td class=\"cremuneracao\">R$ 2.574,99 \/20h<\/td>\r\n<\/tr><tr>\r\n<td class=\"ccargos\">\r\n<span data-balloon-length=\"medium\" aria-label=\"Curso de gradua\u00e7\u00e3o em Medicina, fornecido por institui\u00e7\u00e3o de ensino oficial e reconhecida pelo Minist\u00e9rio de Educa\u00e7\u00e3o e registro no \u00f3rg\u00e3o de classe fiscalizador do exerc\u00edcio profissional. Sujeito ao uso de uniforme e equipamentos de prote\u00e7\u00e3o individual \u2013 EPIs.\" data-balloon-pos=\"up\">M\u00e9dico<\/span><\/td>\r\n<td class=\"cvagas\">02 + CR<\/td>\r\n<td class=\"cremuneracao\">R$ 12.016,68 \/20h<\/td>\r\n<\/tr><tr>\r\n<td class=\"ccargos\">\r\n<span data-balloon-length=\"medium\" aria-label=\"Curso de gradua\u00e7\u00e3o em Medicina, fornecido por institui\u00e7\u00e3o de ensino oficial e reconhecida pelo Minist\u00e9rio de Educa\u00e7\u00e3o e T\u00edtulo de Especialista especificado no Edital de Concurso de provimento e registro no \u00f3rg\u00e3o de classe fiscalizador do exerc\u00edcio profissional. Sujeito ao uso de uniforme e equipamentos de prote\u00e7\u00e3o individual \u2013 EPIs.\" data-balloon-pos=\"up\">M\u00e9dico Especialista \/ Geriatra<\/span><\/td>\r\n<td class=\"cvagas\">01<\/td>\r\n<td class=\"cremuneracao\">R$ 13.218,35 \/20h<\/td>\r\n<\/tr><tr>\r\n<td class=\"ccargos\">\r\n<span data-balloon-length=\"medium\" aria-label=\"Curso de gradua\u00e7\u00e3o em Medicina Veterin\u00e1ria, fornecido por institui\u00e7\u00e3o de ensino oficial e reconhecida pelo Minist\u00e9rio de Educa\u00e7\u00e3o e registro no \u00f3rg\u00e3o de classe fiscalizador do exerc\u00edcio profissional. Sujeito ao uso de instrumento de identifica\u00e7\u00e3o e equipamentos de prote\u00e7\u00e3o individual \u2013 EPIs.\" data-balloon-pos=\"up\">M\u00e9dico Veterin\u00e1rio<\/span><\/td>\r\n<td class=\"cvagas\">02 + CR<\/td>\r\n<td class=\"cremuneracao\">R$ 5.364,61 \/40h<\/td>\r\n<\/tr><tr>\r\n<td class=\"ccargos\">\r\n<span data-balloon-length=\"medium\" aria-label=\"Curso de gradua\u00e7\u00e3o em Nutri\u00e7\u00e3o, fornecido por institui\u00e7\u00e3o de ensino oficial e reconhecida pelo Minist\u00e9rio de Educa\u00e7\u00e3o e registro no \u00f3rg\u00e3o de classe fiscalizador do exerc\u00edcio profissional.\" data-balloon-pos=\"up\">Nutricionista<\/span><\/td>\r\n<td class=\"cvagas\">01 + CR<\/td>\r\n<td class=\"cremuneracao\">R$ 5.150,01 \/40h<\/td>\r\n<\/tr><tr>\r\n<td class=\"ccargos\">\r\n<span data-balloon-length=\"medium\" aria-label=\"Curso de gradua\u00e7\u00e3o em Odontologia, fornecido por institui\u00e7\u00e3o de ensino oficial e reconhecida pelo Minist\u00e9rio de Educa\u00e7\u00e3o e registro no \u00f3rg\u00e3o de classe fiscalizador do exerc\u00edcio profissional. O exerc\u00edcio do cargo poder\u00e1 exigir a presta\u00e7\u00e3o de servi\u00e7os em regime suplementar de trabalho, bem como o uso de uniforme e equipamentos de prote\u00e7\u00e3o individual \u2013 EPIs.\" data-balloon-pos=\"up\">Odont\u00f3logo<\/span><\/td>\r\n<td class=\"cvagas\">CR<\/td>\r\n<td class=\"cremuneracao\">R$ 7.939,57 \/40h<\/td>\r\n<\/tr><tr>\r\n<td class=\"ccargos\">\r\n<span data-balloon-length=\"medium\" aria-label=\"Curso de gradua\u00e7\u00e3o em Direito ou Ci\u00eancias Jur\u00eddicas e Sociais, fornecido por institui\u00e7\u00e3o de ensino oficial e reconhecida pelo Minist\u00e9rio de Educa\u00e7\u00e3o e registro no \u00f3rg\u00e3o de classe fiscalizador do exerc\u00edcio profissional. \u039f exerc\u00edcio do cargo poder\u00e1 exigir a presta\u00e7\u00e3o de servi\u00e7os \u00e0 noite, aos s\u00e1bados, domingos e feriados.\" data-balloon-pos=\"up\">Procurador Jur\u00eddico<\/span><\/td>\r\n<td class=\"cvagas\">01 + CR<\/td>\r\n<td class=\"cremuneracao\">R$ 7.939,57 \/40h<\/td>\r\n<\/tr><tr>\r\n<td class=\"ccargos\">\r\n<span data-balloon-length=\"medium\" aria-label=\"I \u2013 para atua\u00e7\u00e3o multidisciplinar na educa\u00e7\u00e3o infantil e nos anos iniciais do ensino fundamental: a) em n\u00edvel superior, em curso de gradua\u00e7\u00e3o em Pedagogia com habilita\u00e7\u00e3o ao magist\u00e9rio da educa\u00e7\u00e3o infantil e\/ou anos iniciais do ensino fundamental; ou b) em curso normal superior; ou c) em n\u00edvel superior, em curso de licenciatura, de gradua\u00e7\u00e3o plena, precedida de forma\u00e7\u00e3o de magist\u00e9rio em n\u00edvel m\u00e9dio, na modalidade normal. II - para atua\u00e7\u00e3o em \u00e1rea de conhecimento ou componente curricular: a) em n\u00edvel superior, em curso de licenciatura, de gradua\u00e7\u00e3o plena espec\u00edfica; ou b) outra gradua\u00e7\u00e3o correspondente \u00e0s \u00e1reas do conhecimento espec\u00edficas do curr\u00edculo, com forma\u00e7\u00e3o pedag\u00f3gica, nos termos da legisla\u00e7\u00e3o vigente.\" data-balloon-pos=\"up\">Professor<\/span><\/td>\r\n<td class=\"cvagas\">30 + CR<\/td>\r\n<td class=\"cremuneracao\">R$ 2.459,72 \/20h<\/td>\r\n<\/tr><tr>\r\n<td class=\"ccargos\">\r\n<span data-balloon-length=\"medium\" aria-label=\"Curso de gradua\u00e7\u00e3o em Educa\u00e7\u00e3o F\u00edsica, fornecido por institui\u00e7\u00e3o de ensino oficial e reconhecida pelo Minist\u00e9rio de Educa\u00e7\u00e3o e registro no \u00f3rg\u00e3o de classe fiscalizador do exerc\u00edcio profissional. O exerc\u00edcio do cargo poder\u00e1 exigir a presta\u00e7\u00e3o de servi\u00e7os \u00e0 noite, aos s\u00e1bados, domingos e feriados.\" data-balloon-pos=\"up\">Professor de Educa\u00e7\u00e3o F\u00edsica - Esporte<\/span><\/td>\r\n<td class=\"cvagas\">CR<\/td>\r\n<td class=\"cremuneracao\">R$ 2.360,42 \/20h<\/td>\r\n<\/tr><tr>\r\n<td class=\"ccargos\">\r\n<span data-balloon-length=\"medium\" aria-label=\"Forma\u00e7\u00e3o em n\u00edvel superior, em curso de gradua\u00e7\u00e3o em Pedagogia com habilita\u00e7\u00e3o ao magist\u00e9rio da educa\u00e7\u00e3o infantil e\/ou anos iniciais do ensino fundamental; ou em curso normal superior; ou em n\u00edvel superior, em curso de licenciatura, de gradua\u00e7\u00e3o plena, precedida de forma\u00e7\u00e3o de magist\u00e9rio em n\u00edvel m\u00e9dio, na modalidade normal.\" data-balloon-pos=\"up\">Professor de Educa\u00e7\u00e3o Infantil<\/span><\/td>\r\n<td class=\"cvagas\">03 + CR<\/td>\r\n<td class=\"cremuneracao\">R$ 4.867,77 \/40h<\/td>\r\n<\/tr><tr>\r\n<td class=\"ccargos\">\r\n<span data-balloon-length=\"medium\" aria-label=\"Curso de gradua\u00e7\u00e3o em Psicologia, fornecido por institui\u00e7\u00e3o de ensino oficial e reconhecida pelo Minist\u00e9rio de Educa\u00e7\u00e3o e registro no \u00f3rg\u00e3o de classe fiscalizador do exerc\u00edcio profissional. Servi\u00e7os externos junto a escolas, Casa Lar e Entidades integrantes da administra\u00e7\u00e3o indireta.\" data-balloon-pos=\"up\">Psic\u00f3logo<\/span><\/td>\r\n<td class=\"cvagas\">01 + CR<\/td>\r\n<td class=\"cremuneracao\">R$ 5.150,01 \/40h<\/td>\r\n<\/tr><tr>\r\n<td class=\"ccargos\">\r\n<span data-balloon-length=\"medium\" aria-label=\"Curso Superior Completo em Ci\u00eancias Cont\u00e1beis, Econ\u00f4micas ou Administra\u00e7\u00e3o, fornecido por institui\u00e7\u00e3o de ensino oficial e reconhecida pelo Minist\u00e9rio de Educa\u00e7\u00e3o.\" data-balloon-pos=\"up\">Tesoureiro<\/span><\/td>\r\n<td class=\"cvagas\">CR<\/td>\r\n<td class=\"cremuneracao\">R$ 5.364,61 \/40h<\/td>\r\n<\/tr>\r\n    <\/tbody>\r\n  <\/table>\r\n<\/div>"},"_links":{"self":[{"href":"https:\/\/www.agrobase.com.br\/concursos\/wp-json\/wp\/v2\/posts\/274229","targetHints":{"allow":["GET"]}}],"collection":[{"href":"https:\/\/www.agrobase.com.br\/concursos\/wp-json\/wp\/v2\/posts"}],"about":[{"href":"https:\/\/www.agrobase.com.br\/concursos\/wp-json\/wp\/v2\/types\/post"}],"author":[{"embeddable":true,"href":"https:\/\/www.agrobase.com.br\/concursos\/wp-json\/wp\/v2\/users\/7"}],"replies":[{"embeddable":true,"href":"https:\/\/www.agrobase.com.br\/concursos\/wp-json\/wp\/v2\/comments?post=274229"}],"version-history":[{"count":3,"href":"https:\/\/www.agrobase.com.br\/concursos\/wp-json\/wp\/v2\/posts\/274229\/revisions"}],"predecessor-version":[{"id":274234,"href":"https:\/\/www.agrobase.com.br\/concursos\/wp-json\/wp\/v2\/posts\/274229\/revisions\/274234"}],"wp:featuredmedia":[{"embeddable":true,"href":"https:\/\/www.agrobase.com.br\/concursos\/wp-json\/wp\/v2\/media\/274228"}],"wp:attachment":[{"href":"https:\/\/www.agrobase.com.br\/concursos\/wp-json\/wp\/v2\/media?parent=274229"}],"wp:term":[{"taxonomy":"category","embeddable":true,"href":"https:\/\/www.agrobase.com.br\/concursos\/wp-json\/wp\/v2\/categories?post=274229"},{"taxonomy":"post_tag","embeddable":true,"href":"https:\/\/www.agrobase.com.br\/concursos\/wp-json\/wp\/v2\/tags?post=274229"},{"taxonomy":"_amplo","embeddable":true,"href":"https:\/\/www.agrobase.com.br\/concursos\/wp-json\/wp\/v2\/_amplo?post=274229"},{"taxonomy":"destaque","embeddable":true,"href":"https:\/\/www.agrobase.com.br\/concursos\/wp-json\/wp\/v2\/destaque?post=274229"},{"taxonomy":"instituicoes","embeddable":true,"href":"https:\/\/www.agrobase.com.br\/concursos\/wp-json\/wp\/v2\/instituicoes?post=274229"}],"curies":[{"name":"wp","href":"https:\/\/api.w.org\/{rel}","templated":true}]}}