{"id":274223,"date":"2025-11-26T07:50:44","date_gmt":"2025-11-26T10:50:44","guid":{"rendered":"https:\/\/www.agrobase.com.br\/concursos\/?p=274223"},"modified":"2025-11-25T14:26:02","modified_gmt":"2025-11-25T17:26:02","slug":"prefeitura-gabriel-monteiro-sp-concurso-01-2025","status":"publish","type":"post","link":"https:\/\/www.agrobase.com.br\/concursos\/2025\/prefeitura-gabriel-monteiro-sp-concurso-01-2025\/","title":{"rendered":"Prefeitura Gabriel Monteiro (SP) &#8211; Concurso 01\/2025"},"content":{"rendered":"<h2>Informa\u00e7\u00f5es Gerais<\/h2>\n<p>O Concurso P\u00fablico da Prefeitura Municipal de Gabriel Monteiro\/SP, regido pelo Edital n\u00ba 001\/2025, foi publicado para provimento de <strong>37 vagas imediatas mais cadastro reserva<\/strong>, em diversos cargos da administra\u00e7\u00e3o municipal. O certame \u00e9 organizado pela CMM Assessoria e Consultoria em Gest\u00e3o P\u00fablica Ltda e ser\u00e1 realizado por meio de provas e t\u00edtulos, conforme o cargo.<\/p>\n<p>O objetivo \u00e9 preencher vagas existentes e as que surgirem dentro do prazo de validade do concurso, fixado em 2 anos, prorrog\u00e1vel por igual per\u00edodo, a crit\u00e9rio da Administra\u00e7\u00e3o. As oportunidades abrangem <strong>n\u00edveis Fundamental incompleto, Fundamental completo, M\u00e9dio, T\u00e9cnico e Superior<\/strong>, com remunera\u00e7\u00f5es iniciais entre R$ 1.541,43 e R$ 13.500,00.<\/p>\n<p>H\u00e1 vagas em \u00e1reas administrativas, operacionais, sa\u00fade, educa\u00e7\u00e3o, assist\u00eancia social e gest\u00e3o p\u00fablica. Destaca-se a oferta de cargo para <strong>Engenheiro de Alimentos<\/strong> e <strong>Nutricionista<\/strong>, \u00e1reas de grande interesse para candidatos da \u00e1rea de alimentos e nutri\u00e7\u00e3o.<\/p>\n<p>As contrata\u00e7\u00f5es seguem o regime jur\u00eddico pr\u00f3prio do munic\u00edpio (estatut\u00e1rio), conforme legisla\u00e7\u00e3o local. Se voc\u00ea busca estabilidade e carreira no servi\u00e7o p\u00fablico municipal, vale conferir com aten\u00e7\u00e3o as inscri\u00e7\u00f5es, etapas e cronograma nas se\u00e7\u00f5es a seguir.<\/p>\n<h2>Inscri\u00e7\u00f5es<\/h2>\n<p>As inscri\u00e7\u00f5es para o Concurso P\u00fablico da Prefeitura de Gabriel Monteiro\/SP ser\u00e3o realizadas <strong>exclusivamente via internet<\/strong>, no site da banca organizadora <strong>CMM Concursos<\/strong>, no per\u00edodo de <strong>13 de novembro de 2025 at\u00e9 \u00e0s 23h30 de 30 de novembro de 2025<\/strong>.<\/p>\n<p>Para se inscrever, o candidato deve acessar <a href=\"https:\/\/www.cmmconcursos.com.br\" target=\"_blank\" rel=\"noopener\">www.cmmconcursos.com.br<\/a>, entrar na <strong>\u00c1rea do Candidato<\/strong>, realizar o cadastro (ou login, se j\u00e1 possuir), selecionar o concurso &#8220;CONCURSO P\u00daBLICO PREFEITURA MUNICIPAL DE GABRIEL MONTEIRO N\u00ba 001\/2025&#8221;, escolher a fun\u00e7\u00e3o desejada, preencher o formul\u00e1rio e <strong>finalizar a inscri\u00e7\u00e3o<\/strong>.<\/p>\n<p>Em seguida, ser\u00e1 gerado o <strong>boleto banc\u00e1rio<\/strong>, que deve ser impresso e pago em ag\u00eancia banc\u00e1ria, correspondente autorizado ou lot\u00e9rica, <strong>at\u00e9 o primeiro dia \u00fatil ap\u00f3s o encerramento das inscri\u00e7\u00f5es<\/strong>, observando o hor\u00e1rio da rede banc\u00e1ria (hor\u00e1rio de Bras\u00edlia). N\u00e3o s\u00e3o aceitos pagamentos em caixas eletr\u00f4nicos, transfer\u00eancias, agendamentos ou meios diversos do boleto.<\/p>\n<p>A taxa de inscri\u00e7\u00e3o \u00e9 de responsabilidade do candidato e <strong>n\u00e3o ser\u00e1 devolvida<\/strong>, salvo em caso de revoga\u00e7\u00e3o\/cancelamento do certame ou pagamento em duplicidade ou fora do prazo, situa\u00e7\u00f5es em que poder\u00e1 haver devolu\u00e7\u00e3o com desconto da taxa banc\u00e1ria. O edital n\u00e3o detalha valores por n\u00edvel de escolaridade nem regras espec\u00edficas de isen\u00e7\u00e3o, portanto essas informa\u00e7\u00f5es devem ser conferidas diretamente no documento oficial.<\/p>\n<p>Ap\u00f3s a homologa\u00e7\u00e3o das inscri\u00e7\u00f5es, ser\u00e1 publicado o escalonamento para confer\u00eancia da efetiva\u00e7\u00e3o. Em caso de problema, o contato deve ser feito exclusivamente pelo e-mail <strong>contato@cmmconcursos.com<\/strong>. \u00c9 fundamental acompanhar o status da inscri\u00e7\u00e3o e todos os comunicados na <strong>\u00c1rea do Candidato<\/strong> e no site da banca. Antes de pagar o boleto, confira se atende a todos os requisitos do cargo, pois n\u00e3o ser\u00e1 permitida altera\u00e7\u00e3o de cargo ap\u00f3s a efetiva\u00e7\u00e3o. Para todos os detalhes, recomenda-se a leitura atenta do edital completo.<\/p>\n<h2>Etapas e Provas<\/h2>\n<p>O concurso da Prefeitura de Gabriel Monteiro\/SP ser\u00e1 composto por at\u00e9 tr\u00eas etapas, conforme o cargo: <strong>Prova Objetiva<\/strong>, <strong>Prova Pr\u00e1tica<\/strong> e <strong>Prova de T\u00edtulos<\/strong>.<\/p>\n<p><strong>1) Prova Objetiva (todos os cargos)<\/strong><\/p>\n<ul>\n<li><strong>Car\u00e1ter:<\/strong> eliminat\u00f3rio e classificat\u00f3rio.<\/li>\n<li><strong>Formato:<\/strong> 30 quest\u00f5es de m\u00faltipla escolha (A, B, C, D), com pontua\u00e7\u00e3o total de 0 a 100 pontos.<\/li>\n<li><strong>Dura\u00e7\u00e3o:<\/strong> 3 horas, com perman\u00eancia m\u00ednima de 1 hora em sala.<\/li>\n<li><strong>Locais:<\/strong> munic\u00edpio de Gabriel Monteiro\/SP, podendo haver uso de munic\u00edpios\/datas adicionais se o n\u00famero de candidatos exceder a capacidade.<\/li>\n<li><strong>Turnos:<\/strong> manh\u00e3 (9h) e tarde (14h), com fechamento rigoroso dos port\u00f5es nesses hor\u00e1rios.<\/li>\n<li><strong>Disciplinas, conforme n\u00edvel\/cargo:<\/strong>\n<ul>\n<li>Fundamental incompleto: L\u00edngua Portuguesa, Matem\u00e1tica\/Racioc\u00ednio L\u00f3gico e Conhecimentos Gerais ou Conhecimentos Espec\u00edficos (para Motorista e Tratorista).<\/li>\n<li>Fundamental completo: L\u00edngua Portuguesa, Matem\u00e1tica\/Racioc\u00ednio L\u00f3gico e Conhecimentos Espec\u00edficos.<\/li>\n<li>M\u00e9dio incompleto: L\u00edngua Portuguesa, Matem\u00e1tica\/Racioc\u00ednio L\u00f3gico, Inform\u00e1tica e Conhecimentos Gerais.<\/li>\n<li>M\u00e9dio\/T\u00e9cnico completo: L\u00edngua Portuguesa, Matem\u00e1tica\/Racioc\u00ednio L\u00f3gico, Inform\u00e1tica e Conhecimentos Espec\u00edficos ou Gerais, conforme o cargo.<\/li>\n<li>Superior: L\u00edngua Portuguesa, Matem\u00e1tica\/Racioc\u00ednio L\u00f3gico, Inform\u00e1tica e Conhecimentos Espec\u00edficos\/Legisla\u00e7\u00e3o\/Educacionais, conforme o cargo.<\/li>\n<\/ul>\n<\/li>\n<li><strong>Crit\u00e9rio de aprova\u00e7\u00e3o:<\/strong> m\u00ednimo de 40 pontos na prova objetiva.<\/li>\n<\/ul>\n<p><strong>2) Prova Pr\u00e1tica (cargos espec\u00edficos)<\/strong><\/p>\n<ul>\n<li><strong>Cargos:<\/strong> Auxiliar de Servi\u00e7os Gerais, Mec\u00e2nico, Motorista, Pedreiro II e Tratorista de M\u00e1quinas Agr\u00edcolas.<\/li>\n<li><strong>Car\u00e1ter:<\/strong> eliminat\u00f3rio e classificat\u00f3rio.<\/li>\n<li><strong>Objetivo:<\/strong> avaliar habilidades pr\u00e1ticas e capacidade t\u00e9cnica nas atividades do cargo, incluindo seguran\u00e7a, uso de ferramentas, opera\u00e7\u00e3o de ve\u00edculos\/m\u00e1quinas e execu\u00e7\u00e3o de tarefas t\u00edpicas.<\/li>\n<li><strong>Dura\u00e7\u00e3o:<\/strong> at\u00e9 20 ou 30 minutos por candidato, conforme o cargo.<\/li>\n<li><strong>Convoca\u00e7\u00e3o:<\/strong> apenas os melhores classificados na prova objetiva, dentro de quantitativos pr\u00e9-estabelecidos por cargo e ampla concorr\u00eancia\/PcD.<\/li>\n<li><strong>Crit\u00e9rio de aprova\u00e7\u00e3o:<\/strong> nota de 0 a 100 pontos, exigindo-se m\u00ednimo de 40 pontos.<\/li>\n<\/ul>\n<p><strong>3) Prova de T\u00edtulos (cargos de Professor de Educa\u00e7\u00e3o B\u00e1sica I e Psicopedagoga)<\/strong><\/p>\n<ul>\n<li><strong>Car\u00e1ter:<\/strong> apenas classificat\u00f3rio.<\/li>\n<li><strong>T\u00edtulos aceitos:<\/strong> Doutorado, Mestrado, P\u00f3s-gradua\u00e7\u00e3o lato sensu (m\u00ednimo 360h) e certificados de aprova\u00e7\u00e3o em concurso p\u00fablico ou processo seletivo, dentro dos limites e pontua\u00e7\u00f5es previstos.<\/li>\n<li><strong>Pontua\u00e7\u00e3o m\u00e1xima:<\/strong> 11 pontos, somados apenas para candidatos aprovados na prova objetiva.<\/li>\n<li><strong>Entrega:<\/strong> c\u00f3pias autenticadas (ou acompanhadas do original) em envelope identificado, at\u00e9 30 minutos ap\u00f3s o t\u00e9rmino da prova objetiva.<\/li>\n<\/ul>\n<p>Detalhes sobre conte\u00fados program\u00e1ticos, crit\u00e9rios de corre\u00e7\u00e3o, datas exatas da prova pr\u00e1tica e regras de apresenta\u00e7\u00e3o de t\u00edtulos devem ser consultados diretamente no edital oficial.<\/p>\n<h2>Resultados e Gabarito<\/h2>\n<p>O cronograma previsto do concurso indica a seguinte sequ\u00eancia de divulga\u00e7\u00f5es: <strong>prova escrita em 11\/01\/2026<\/strong>, com <strong>gabarito preliminar<\/strong> disponibilizado em 12\/01\/2026 no site da CMM Concursos. Haver\u00e1 per\u00edodo para <strong>recursos contra o gabarito<\/strong> em 13 e 14\/01\/2026.<\/p>\n<p>O <strong>resultado preliminar<\/strong> da prova objetiva est\u00e1 previsto para 26\/01\/2026, com prazo para recursos em 27 e 28\/01\/2026. As <strong>provas pr\u00e1ticas<\/strong>, seus resultados, recursos, bem como a <strong>classifica\u00e7\u00e3o final<\/strong> e a <strong>homologa\u00e7\u00e3o<\/strong> do concurso est\u00e3o programados para o m\u00eas de fevereiro, em datas a serem confirmadas por editais espec\u00edficos. O cronograma \u00e9 indicativo e pode sofrer altera\u00e7\u00f5es.<\/p>\n<p>A classifica\u00e7\u00e3o final obedecer\u00e1 \u00e0 <strong>ordem decrescente das notas finais<\/strong>. Em caso de empate, ser\u00e3o aplicados, nesta ordem, os seguintes crit\u00e9rios: idade igual ou superior a 60 anos (Estatuto do Idoso), maior n\u00famero de acertos em Conhecimentos Espec\u00edficos\/Educacionais\/Legisla\u00e7\u00e3o (se houver), maior n\u00famero de acertos em L\u00edngua Portuguesa, em Matem\u00e1tica\/Racioc\u00ednio L\u00f3gico (se houver), em Inform\u00e1tica (se houver), em Conhecimentos Gerais (se houver) e, por fim, maior idade. Persistindo o empate, ser\u00e1 realizado <strong>sorteio<\/strong> com base em regra vinculada ao resultado da Loteria Federal.<\/p>\n<p>Para cargos apenas com prova objetiva, a nota final ser\u00e1 a pr\u00f3pria nota da prova. Para cargos com t\u00edtulos, a nota final ser\u00e1 a soma da prova objetiva (at\u00e9 100 pontos) e dos t\u00edtulos (at\u00e9 11 pontos). Para cargos com prova pr\u00e1tica, a nota final ser\u00e1 a m\u00e9dia entre a nota da prova objetiva e a nota da prova pr\u00e1tica, conforme f\u00f3rmula prevista no edital.<\/p>\n<p>Ap\u00f3s a <strong>homologa\u00e7\u00e3o<\/strong>, o resultado final poder\u00e1 ser utilizado para nomea\u00e7\u00f5es efetivas e, a crit\u00e9rio da Prefeitura, para contrata\u00e7\u00f5es tempor\u00e1rias, sempre respeitando a ordem de classifica\u00e7\u00e3o. As convoca\u00e7\u00f5es para exames m\u00e9dicos admissionais e posse ser\u00e3o divulgadas pela Prefeitura, cabendo ao candidato manter seus dados atualizados e acompanhar regularmente o site da banca organizadora e as publica\u00e7\u00f5es oficiais, inclusive no Di\u00e1rio Oficial do Munic\u00edpio. O acompanhamento de todas as etapas e comunicados \u00e9 de responsabilidade exclusiva do candidato.<\/p>\n","protected":false},"excerpt":{"rendered":"<p>Concurso Pref. Gabriel Monteiro (SP) com edital publicado! Vagas p\/ M\u00e9dico e Professor (Fund. a Sup.). Inscri\u00e7\u00f5es a partir de 13\/11. Confira detalhes!<\/p>\n","protected":false},"author":7,"featured_media":274222,"comment_status":"open","ping_status":"open","sticky":false,"template":"","format":"standard","meta":{"_acf_changed":false,"_breakdance_hide_in_design_set":false,"_breakdance_tags":"","footnotes":""},"categories":[11,12,14,79,17,18,19,21,23,24,25,26,101,108,130,134],"tags":[62],"_amplo":[],"destaque":[],"instituicoes":[],"class_list":["post-274223","post","type-post","status-publish","format-standard","has-post-thumbnail","hentry","category-educacao-fisica","category-enfermagem","category-engenharia","category-engenharia-alimentos","category-farmacia","category-fisioterapia","category-fonoaudiologia","category-medicina","category-nutricao","category-odontologia","category-pedagogia","category-psicologia","category-servico-social","category-tecnico-enfermagem","category-tecnico-informatica","category-terapia-ocupacional","tag-sao-paulo"],"acf":{"_tipo_vagas":"vagas","_numero_vagas":"","_quadro_vagas":"","_cargos":"diversos","_cargos_especificos":"","_salario_max":"R$ 13500","_abertura":"20251113","_encerramento":"20251130","_inscricoes":"https:\/\/www.cmmconcursos.com.br","_executora_concurso":"","_instituicao_concurso":[],"_link_adicional":null,"_anexos":null,"_produtos":null,"_vagas":"37 vagas + CR","_salario_min":"R$ 1541.43","_instituicao":"Prefeitura de Gabriel Monteiro","_edital":"https:\/\/www.agrobase.com.br\/concursos\/wp-content\/uploads\/sites\/4\/2025\/11\/edital-01-2025-prefeitura-de-gabriel-monteiro-sp.pdf","_anexos_edital":"https:\/\/www.agrobase.com.br\/concursos\/wp-content\/uploads\/sites\/4\/2025\/11\/anexos-edital-01-2025-prefeitura-de-gabriel-monteiro-sp.pdf","_fund_incompleto":"<div>\r\n<table class=\"quadro\">\r\n<thead>\r\n<tr>\r\n<th class=\"hcargo\">Cargo<\/th>\r\n<th class=\"hvagas\">Vagas<\/th>\r\n<th class=\"hremuneracao\">Remunera\u00e7\u00e3o<\/th>\r\n<\/tr>\r\n<\/thead>\r\n    <tbody>\r\n      <td class=\"ccargos\">\r\n<span data-balloon-length=\"medium\" aria-label=\"Ensino Fundamental Incompleto.\" data-balloon-pos=\"up\">AUXILIAR DE SERVI\u00c7OS GERAIS FEMININO<\/span><\/td>\r\n<td class=\"cvagas\">01 + CR<\/td>\r\n<td class=\"cremuneracao\">R$ 1.541,43 \/40h<\/td>\r\n<\/tr><td class=\"ccargos\">\r\n<span data-balloon-length=\"medium\" aria-label=\"Ensino Fundamental Incompleto.\" data-balloon-pos=\"up\">AUXILIAR DE SERVI\u00c7OS GERAIS MASCULINO<\/span><\/td>\r\n<td class=\"cvagas\">01 + CR<\/td>\r\n<td class=\"cremuneracao\">R$ 1.541,43 \/40h<\/td>\r\n<\/tr><td class=\"ccargos\">\r\n<span data-balloon-length=\"medium\" aria-label=\"Ensino Fundamental Incompleto.\" data-balloon-pos=\"up\">GUARDA NOTURNO<\/span><\/td>\r\n<td class=\"cvagas\">01 + CR<\/td>\r\n<td class=\"cremuneracao\">R$ 1.541,43 \/40h<\/td>\r\n<\/tr><td class=\"ccargos\">\r\n<span data-balloon-length=\"medium\" aria-label=\"Ensino Fundamental Incompleto.\" data-balloon-pos=\"up\">MEC\u00c2NICO<\/span><\/td>\r\n<td class=\"cvagas\">01 + CR<\/td>\r\n<td class=\"cremuneracao\">R$ 3.199,22 \/40h<\/td>\r\n<\/tr><td class=\"ccargos\">\r\n<span data-balloon-length=\"medium\" data-balloon-pos=\"up\">MOTORISTA<\/span><\/td>\r\n<td class=\"cvagas\">01 + CR<\/td>\r\n<td class=\"cremuneracao\">R$ 1.914,44 \/40h<\/td>\r\n<\/tr><td class=\"ccargos\">\r\n<span data-balloon-length=\"medium\" aria-label=\"Ensino Fundamental Incompleto.\" data-balloon-pos=\"up\">PEDREIRO II<\/span><\/td>\r\n<td class=\"cvagas\">01 + CR<\/td>\r\n<td class=\"cremuneracao\">R$ 2.161,92 \/40h<\/td>\r\n<\/tr><td class=\"ccargos\">\r\n<span data-balloon-length=\"medium\" data-balloon-pos=\"up\">TRATORISTA DE M\u00c1QUINAS AGR\u00cdCOLAS<\/span><\/td>\r\n<td class=\"cvagas\">01 + CR<\/td>\r\n<td class=\"cremuneracao\">R$ 2.161,92 \/40h<\/td>\r\n<\/tr>\r\n    <\/tbody>\r\n  <\/table>\r\n<\/div>","_fund_completo":"<div>\r\n<table class=\"quadro\">\r\n<thead>\r\n<tr>\r\n<th class=\"hcargo\">Cargo<\/th>\r\n<th class=\"hvagas\">Vagas<\/th>\r\n<th class=\"hremuneracao\">Remunera\u00e7\u00e3o<\/th>\r\n<\/tr>\r\n<\/thead>\r\n    <tbody>\r\n      <td class=\"ccargos\">\r\n<span data-balloon-length=\"medium\" aria-label=\"Ensino Fundamental Completo.\" data-balloon-pos=\"up\">AGENTE DE CONTROLE DE ENDEMIAS<\/span><\/td>\r\n<td class=\"cvagas\">01 + CR<\/td>\r\n<td class=\"cremuneracao\">R$ 2.161,92 \/40h<\/td>\r\n<\/tr>\r\n    <\/tbody>\r\n  <\/table>\r\n<\/div>","_medio":"<div>\r\n<table class=\"quadro\">\r\n<thead>\r\n<tr>\r\n<th class=\"hcargo\">Cargo<\/th>\r\n<th class=\"hvagas\">Vagas<\/th>\r\n<th class=\"hremuneracao\">Remunera\u00e7\u00e3o<\/th>\r\n<\/tr>\r\n<\/thead>\r\n    <tbody>\r\n      <td class=\"ccargos\">\r\n<span data-balloon-length=\"medium\" aria-label=\"Ensino M\u00e9dio Incompleto e Conhecimento em Inform\u00e1tica.\" data-balloon-pos=\"up\">ESCRITUR\u00c1RIO II<\/span><\/td>\r\n<td class=\"cvagas\">01 + CR<\/td>\r\n<td class=\"cremuneracao\">R$ 1.914,44 \/40h<\/td>\r\n<\/tr><td class=\"ccargos\">\r\n<span data-balloon-length=\"medium\" aria-label=\"Ensino M\u00e9dio Completo e Conhecimento em Inform\u00e1tica.\" data-balloon-pos=\"up\">AGENTE ADMINISTRATIVO E FINANCEIRO<\/span><\/td>\r\n<td class=\"cvagas\">01 + CR<\/td>\r\n<td class=\"cremuneracao\">R$ 2.221,80 \/40h<\/td>\r\n<\/tr><td class=\"ccargos\">\r\n<span data-balloon-length=\"medium\" aria-label=\"Ensino M\u00e9dio Completo e Conhecimento em Inform\u00e1tica.\" data-balloon-pos=\"up\">AGENTE ADMINISTRATIVO E FINANCEIRO II<\/span><\/td>\r\n<td class=\"cvagas\">01 + CR<\/td>\r\n<td class=\"cremuneracao\">R$ 2.563,43 \/40h<\/td>\r\n<\/tr><td class=\"ccargos\">\r\n<span data-balloon-length=\"medium\" aria-label=\"Ensino M\u00e9dio Completo e Conhecimento em Inform\u00e1tica e CNH.\" data-balloon-pos=\"up\">AGENTE ADMINISTRATIVO DE TRANSPORTE EM SA\u00daDE<\/span><\/td>\r\n<td class=\"cvagas\">01 + CR<\/td>\r\n<td class=\"cremuneracao\">R$ 2.740,32 \/40h<\/td>\r\n<\/tr><td class=\"ccargos\">\r\n<span data-balloon-length=\"medium\" aria-label=\"Ensino M\u00e9dio Completo.\" data-balloon-pos=\"up\">ATENDENTE DE SA\u00daDE<\/span><\/td>\r\n<td class=\"cvagas\">01 + CR<\/td>\r\n<td class=\"cremuneracao\">R$ 1.914,44 \/40h<\/td>\r\n<\/tr><td class=\"ccargos\">\r\n<span data-balloon-length=\"medium\" aria-label=\"Ensino M\u00e9dio Completo.\" data-balloon-pos=\"up\">AUXILIAR DE SUPERVIS\u00c3O DE MERENDA ESCOLAR<\/span><\/td>\r\n<td class=\"cvagas\">01 + CR<\/td>\r\n<td class=\"cremuneracao\">R$ 2.221,80 \/40h<\/td>\r\n<\/tr><td class=\"ccargos\">\r\n<span data-balloon-length=\"medium\" aria-label=\"Ensino M\u00e9dio Completo e curso de T\u00e9cnico de Enfermagem e Registro no COREN.\" data-balloon-pos=\"up\">T\u00c9CNICO DE ENFERMAGEM<\/span><\/td>\r\n<td class=\"cvagas\">01 + CR<\/td>\r\n<td class=\"cremuneracao\">R$ 1.914,44 \/40h<\/td>\r\n<\/tr><td class=\"ccargos\">\r\n<span data-balloon-length=\"medium\" aria-label=\"Ensino M\u00e9dio Completo e curso de T\u00e9cnico de Inform\u00e1tica.\" data-balloon-pos=\"up\">T\u00c9CNICO DE INFORM\u00c1TICA<\/span><\/td>\r\n<td class=\"cvagas\">01 + CR<\/td>\r\n<td class=\"cremuneracao\">R$ 3.199,22 \/40h<\/td>\r\n<\/tr>\r\n    <\/tbody>\r\n  <\/table>\r\n<\/div>","_superior":"<div>\r\n<table class=\"quadro\">\r\n<thead>\r\n<tr>\r\n<th class=\"hcargo\">Cargo<\/th>\r\n<th class=\"hvagas\">Vagas<\/th>\r\n<th class=\"hremuneracao\">Remunera\u00e7\u00e3o<\/th>\r\n<\/tr>\r\n<\/thead>\r\n    <tbody>\r\n      <tr>\r\n<td class=\"ccargos\">\r\n<span data-balloon-length=\"medium\" aria-label=\"Ensino Superior Completo e Conhecimento em Inform\u00e1tica.\" data-balloon-pos=\"up\">AGENTE ADMINISTRATIVO E FINANCEIRO III<\/span><\/td>\r\n<td class=\"cvagas\">01 + CR<\/td>\r\n<td class=\"cremuneracao\">R$ 3.199,22 \/40h<\/td>\r\n<\/tr><tr>\r\n<td class=\"ccargos\">\r\n<span data-balloon-length=\"medium\" aria-label=\"Ensino Superior Completo em Servi\u00e7o Social e Registro no CRESS.\" data-balloon-pos=\"up\">ASSISTENTE SOCIAL<\/span><\/td>\r\n<td class=\"cvagas\">01 + CR<\/td>\r\n<td class=\"cremuneracao\">R$ 3.046,93 \/30h<\/td>\r\n<\/tr><tr>\r\n<td class=\"ccargos\">\r\n<span data-balloon-length=\"medium\" aria-label=\"Ensino Superior Completo\" data-balloon-pos=\"up\">CHEFE DO SERVI\u00c7O DE VIGIL\u00c2NCIA<\/span><\/td>\r\n<td class=\"cvagas\">01 + CR<\/td>\r\n<td class=\"cremuneracao\">R$ 3.199,22 \/40h<\/td>\r\n<\/tr><tr>\r\n<td class=\"ccargos\">\r\n<span data-balloon-length=\"medium\" aria-label=\"Ensino Superior Completo em Educa\u00e7\u00e3o F\u00edsica (Bacharelado) e Registro no CREF.\" data-balloon-pos=\"up\">COORDENADOR MUNICIPAL DE ESPORTE<\/span><\/td>\r\n<td class=\"cvagas\">01 + CR<\/td>\r\n<td class=\"cremuneracao\">R$ 3.199,22 \/40h<\/td>\r\n<\/tr><tr>\r\n<td class=\"ccargos\">\r\n<span data-balloon-length=\"medium\" aria-label=\"Ensino Superior Completo\" data-balloon-pos=\"up\">COORDENADOR MUNICIPAL DE SA\u00daDE<\/span><\/td>\r\n<td class=\"cvagas\">01 + CR<\/td>\r\n<td class=\"cremuneracao\">R$ 3.199,22 \/40h<\/td>\r\n<\/tr><tr>\r\n<td class=\"ccargos\">\r\n<span data-balloon-length=\"medium\" aria-label=\"Licenciatura Plena em Pedagogia ou P\u00f3s Gradua\u00e7\u00e3o na \u00c1rea da Educa\u00e7\u00e3o e contar no min\u00edmo 03 (tr\u00eas) anos de experi\u00eancia no magist\u00e9rio.\" data-balloon-pos=\"up\">COORDENADOR PEDAG\u00d3GICO<\/span><\/td>\r\n<td class=\"cvagas\">CR<\/td>\r\n<td class=\"cremuneracao\">R$ 3.621,51 \/30h<\/td>\r\n<\/tr><tr>\r\n<td class=\"ccargos\">\r\n<span data-balloon-length=\"medium\" aria-label=\"Ensino Superior Completo em Odontologia e Registro no CRO.\" data-balloon-pos=\"up\">DENTISTA ESF<\/span><\/td>\r\n<td class=\"cvagas\">01 + CR<\/td>\r\n<td class=\"cremuneracao\">R$ 4.997,51 \/40h<\/td>\r\n<\/tr><tr>\r\n<td class=\"ccargos\">\r\n<span data-balloon-length=\"medium\" aria-label=\"Ensino Superior Completo\" data-balloon-pos=\"up\">ENCARREGADO DO SETOR DE LICITA\u00c7\u00d5ES<\/span><\/td>\r\n<td class=\"cvagas\">01 + CR<\/td>\r\n<td class=\"cremuneracao\">R$ 3.199,22 \/40h<\/td>\r\n<\/tr><tr>\r\n<td class=\"ccargos\">\r\n<span data-balloon-length=\"medium\" aria-label=\"Ensino Superior Completo em Enfermagem e Registro no COREN.\" data-balloon-pos=\"up\">ENFERMEIRO<\/span><\/td>\r\n<td class=\"cvagas\">01 + CR<\/td>\r\n<td class=\"cremuneracao\">R$ 2.612,68 \/40h<\/td>\r\n<\/tr><tr>\r\n<td class=\"ccargos\">\r\n<span data-balloon-length=\"medium\" aria-label=\"Ensino Superior Completo em Engenharia de Alimentos e Registro no CREA.\" data-balloon-pos=\"up\">ENGENHEIRO DE ALIMENTOS<\/span><\/td>\r\n<td class=\"cvagas\">CR<\/td>\r\n<td class=\"cremuneracao\">R$ 2.740,32 \/40h<\/td>\r\n<\/tr><tr>\r\n<td class=\"ccargos\">\r\n<span data-balloon-length=\"medium\" aria-label=\"Ensino Superior Completo em Engenharia Civil e Registro no CREA.\" data-balloon-pos=\"up\">ENGENHEIRO CIVIL<\/span><\/td>\r\n<td class=\"cvagas\">CR<\/td>\r\n<td class=\"cremuneracao\">R$ 4.320,49 \/20h<\/td>\r\n<\/tr><tr>\r\n<td class=\"ccargos\">\r\n<span data-balloon-length=\"medium\" aria-label=\"Ensino Superior Completo em Farm\u00e1cia e Registro no CRF.\" data-balloon-pos=\"up\">FARMAC\u00caUTICO<\/span><\/td>\r\n<td class=\"cvagas\">01 + CR<\/td>\r\n<td class=\"cremuneracao\">R$ 3.046,93 \/40h<\/td>\r\n<\/tr><tr>\r\n<td class=\"ccargos\">\r\n<span data-balloon-length=\"medium\" aria-label=\"Ensino Superior Completo em Farm\u00e1cia e Registro no CRF.\" data-balloon-pos=\"up\">FARMAC\u00caUTICO<\/span><\/td>\r\n<td class=\"cvagas\">01 + CR<\/td>\r\n<td class=\"cremuneracao\">R$ 2.221,80 \/30h<\/td>\r\n<\/tr><tr>\r\n<td class=\"ccargos\">\r\n<span data-balloon-length=\"medium\" aria-label=\"Ensino Superior Completo em Fisioterapia e Registro no CREFITO.\" data-balloon-pos=\"up\">FISIOTERAPEUTA<\/span><\/td>\r\n<td class=\"cvagas\">01 + CR<\/td>\r\n<td class=\"cremuneracao\">R$ 4.481,24 \/20h<\/td>\r\n<\/tr><tr>\r\n<td class=\"ccargos\">\r\n<span data-balloon-length=\"medium\" aria-label=\"Ensino Superior Completo em Fonoaudiologia e Registro no CREFONO.\" data-balloon-pos=\"up\">FONOAUDI\u00d3LOGO<\/span><\/td>\r\n<td class=\"cvagas\">01 + CR<\/td>\r\n<td class=\"cremuneracao\">R$ 3.425,85 \/30h<\/td>\r\n<\/tr><tr>\r\n<td class=\"ccargos\">\r\n<span data-balloon-length=\"medium\" aria-label=\"Ensino Superior Completo em Medicina e Registro no CRM.\" data-balloon-pos=\"up\">M\u00c9DICO ESF<\/span><\/td>\r\n<td class=\"cvagas\">01 + CR<\/td>\r\n<td class=\"cremuneracao\">R$ 13.500,00 \/40h<\/td>\r\n<\/tr><tr>\r\n<td class=\"ccargos\">\r\n<span data-balloon-length=\"medium\" aria-label=\"Ensino Superior Completo em Medicina e Registro no CRM.\" data-balloon-pos=\"up\">M\u00c9DICO<\/span><\/td>\r\n<td class=\"cvagas\">01 + CR<\/td>\r\n<td class=\"cremuneracao\">R$ 13.500,00 \/40h<\/td>\r\n<\/tr><tr>\r\n<td class=\"ccargos\">\r\n<span data-balloon-length=\"medium\" aria-label=\"Ensino Superior Completo em Medicina e Registro no CRM.\" data-balloon-pos=\"up\">M\u00c9DICO<\/span><\/td>\r\n<td class=\"cvagas\">01 + CR<\/td>\r\n<td class=\"cremuneracao\">R$ 9.349,70 \/20h<\/td>\r\n<\/tr><tr>\r\n<td class=\"ccargos\">\r\n<span data-balloon-length=\"medium\" aria-label=\"Ensino Superior Completo em Medicina com Especializa\u00e7\u00e3o em Pediatria e Registro no CRM.\" data-balloon-pos=\"up\">M\u00c9DICO PEDIATRA<\/span><\/td>\r\n<td class=\"cvagas\">01 + CR<\/td>\r\n<td class=\"cremuneracao\">R$ 9.349,70 \/20h<\/td>\r\n<\/tr><tr>\r\n<td class=\"ccargos\">\r\n<span data-balloon-length=\"medium\" aria-label=\"Ensino Superior Completo em Nutri\u00e7\u00e3o e Registro no CRN.\" data-balloon-pos=\"up\">NUTRICIONISTA<\/span><\/td>\r\n<td class=\"cvagas\">01 + CR<\/td>\r\n<td class=\"cremuneracao\">R$ 3.199,22 \/40h<\/td>\r\n<\/tr><tr>\r\n<td class=\"ccargos\">\r\n<span data-balloon-length=\"medium\" aria-label=\"Ensino M\u00e9dio com Habilita\u00e7\u00e3o no Magist\u00e9rio ou Licenciatura Plena em Pedagogia.\" data-balloon-pos=\"up\">PROFESSOR DE EDUCA\u00c7\u00c3O B\u00c1SICA I<\/span><\/td>\r\n<td class=\"cvagas\">CR<\/td>\r\n<td class=\"cremuneracao\">R$ 2.912,21 \/30h<\/td>\r\n<\/tr><tr>\r\n<td class=\"ccargos\">\r\n<span data-balloon-length=\"medium\" aria-label=\"Ensino Superior Completo em Psicologia e Registro no CRP.\" data-balloon-pos=\"up\">PSIC\u00d3LOGO<\/span><\/td>\r\n<td class=\"cvagas\">01 + CR<\/td>\r\n<td class=\"cremuneracao\">R$ 2.740,32 \/20h<\/td>\r\n<\/tr><tr>\r\n<td class=\"ccargos\">\r\n<span data-balloon-length=\"medium\" aria-label=\"Ensino Superior Completo em Psicologia com Especializa\u00e7\u00e3o (P\u00f3s Gradua\u00e7\u00e3o) em Psicopedagogia e Registro no CRP.\" data-balloon-pos=\"up\">PSICOPEDAGOGA<\/span><\/td>\r\n<td class=\"cvagas\">01 + CR<\/td>\r\n<td class=\"cremuneracao\">R$ 3.856,49 \/30h<\/td>\r\n<\/tr><tr>\r\n<td class=\"ccargos\">\r\n<span data-balloon-length=\"medium\" aria-label=\"Ensino Superior Completo em Psicologia com Especializa\u00e7\u00e3o (P\u00f3s Gradua\u00e7\u00e3o) em Psicopedagogia e Registro no CRP.\" data-balloon-pos=\"up\">PSICOPEDAGOGA<\/span><\/td>\r\n<td class=\"cvagas\">01 + CR<\/td>\r\n<td class=\"cremuneracao\">R$ 2.563,43 \/20h<\/td>\r\n<\/tr><tr>\r\n<td class=\"ccargos\">\r\n<span data-balloon-length=\"medium\" aria-label=\"Ensino Superior Completo em Terapia Ocupacional e Registro no CREFITO.\" data-balloon-pos=\"up\">TERAPEUTA OCUPACIONAL<\/span><\/td>\r\n<td class=\"cvagas\">01 + CR<\/td>\r\n<td class=\"cremuneracao\">R$ 3.199,22 \/30h<\/td>\r\n<\/tr>\r\n    <\/tbody>\r\n  <\/table>\r\n<\/div>"},"_links":{"self":[{"href":"https:\/\/www.agrobase.com.br\/concursos\/wp-json\/wp\/v2\/posts\/274223","targetHints":{"allow":["GET"]}}],"collection":[{"href":"https:\/\/www.agrobase.com.br\/concursos\/wp-json\/wp\/v2\/posts"}],"about":[{"href":"https:\/\/www.agrobase.com.br\/concursos\/wp-json\/wp\/v2\/types\/post"}],"author":[{"embeddable":true,"href":"https:\/\/www.agrobase.com.br\/concursos\/wp-json\/wp\/v2\/users\/7"}],"replies":[{"embeddable":true,"href":"https:\/\/www.agrobase.com.br\/concursos\/wp-json\/wp\/v2\/comments?post=274223"}],"version-history":[{"count":2,"href":"https:\/\/www.agrobase.com.br\/concursos\/wp-json\/wp\/v2\/posts\/274223\/revisions"}],"predecessor-version":[{"id":274227,"href":"https:\/\/www.agrobase.com.br\/concursos\/wp-json\/wp\/v2\/posts\/274223\/revisions\/274227"}],"wp:featuredmedia":[{"embeddable":true,"href":"https:\/\/www.agrobase.com.br\/concursos\/wp-json\/wp\/v2\/media\/274222"}],"wp:attachment":[{"href":"https:\/\/www.agrobase.com.br\/concursos\/wp-json\/wp\/v2\/media?parent=274223"}],"wp:term":[{"taxonomy":"category","embeddable":true,"href":"https:\/\/www.agrobase.com.br\/concursos\/wp-json\/wp\/v2\/categories?post=274223"},{"taxonomy":"post_tag","embeddable":true,"href":"https:\/\/www.agrobase.com.br\/concursos\/wp-json\/wp\/v2\/tags?post=274223"},{"taxonomy":"_amplo","embeddable":true,"href":"https:\/\/www.agrobase.com.br\/concursos\/wp-json\/wp\/v2\/_amplo?post=274223"},{"taxonomy":"destaque","embeddable":true,"href":"https:\/\/www.agrobase.com.br\/concursos\/wp-json\/wp\/v2\/destaque?post=274223"},{"taxonomy":"instituicoes","embeddable":true,"href":"https:\/\/www.agrobase.com.br\/concursos\/wp-json\/wp\/v2\/instituicoes?post=274223"}],"curies":[{"name":"wp","href":"https:\/\/api.w.org\/{rel}","templated":true}]}}