{"id":274216,"date":"2025-11-26T07:40:04","date_gmt":"2025-11-26T10:40:04","guid":{"rendered":"https:\/\/www.agrobase.com.br\/concursos\/?p=274216"},"modified":"2025-11-25T13:54:58","modified_gmt":"2025-11-25T16:54:58","slug":"prefeitura-anitapolis-sc-selecao-publica-01-2025","status":"publish","type":"post","link":"https:\/\/www.agrobase.com.br\/concursos\/2025\/prefeitura-anitapolis-sc-selecao-publica-01-2025\/","title":{"rendered":"Prefeitura Anit\u00e1polis (SC) &#8211; Sele\u00e7\u00e3o P\u00fablica 01\/2025"},"content":{"rendered":"<h2>Informa\u00e7\u00f5es Gerais<\/h2>\n<p>O Munic\u00edpio de Anit\u00e1polis, em Santa Catarina, publicou edital de Processo Seletivo 2025 para contrata\u00e7\u00e3o por tempo determinado, visando atender a necessidade tempor\u00e1ria de excepcional interesse p\u00fablico, conforme a Constitui\u00e7\u00e3o Federal (art. 37, IX) e legisla\u00e7\u00e3o municipal. O certame oferece 33 vagas imediatas mais cadastro reserva, com remunera\u00e7\u00f5es entre R$ 1.518,00 e R$ 4.991,45, distribu\u00eddas entre cargos de n\u00edveis Fundamental incompleto, Fundamental completo, M\u00e9dio\/T\u00e9cnico e Superior.<\/p>\n<p>As oportunidades abrangem \u00e1reas administrativas, operacionais, sa\u00fade e educa\u00e7\u00e3o, com destaque para diversos cargos de magist\u00e9rio e para fun\u00e7\u00f5es na Aten\u00e7\u00e3o Prim\u00e1ria em Sa\u00fade (EAP) e NASF, como Fisioterapeuta, Fonoaudi\u00f3logo, Nutricionista e Odont\u00f3logo. H\u00e1 vagas de interesse direto para profissionais de Nutri\u00e7\u00e3o, al\u00e9m de cargos como Psic\u00f3logo, Assistente Social da Educa\u00e7\u00e3o, T\u00e9cnicos de Enfermagem, agentes de sa\u00fade e fun\u00e7\u00f5es de apoio operacional.<\/p>\n<p>O Processo Seletivo \u00e9 organizado pela empresa SC Treinamentos, sob fiscaliza\u00e7\u00e3o da Secretaria Municipal de Administra\u00e7\u00e3o e Finan\u00e7as e de comiss\u00e3o espec\u00edfica, com validade de 2 anos, prorrog\u00e1vel uma vez. Se voc\u00ea pensa em atuar no servi\u00e7o p\u00fablico municipal de Anit\u00e1polis em 2025, vale conferir com aten\u00e7\u00e3o as informa\u00e7\u00f5es de inscri\u00e7\u00f5es, etapas e resultados a seguir.<\/p>\n<h2>Inscri\u00e7\u00f5es<\/h2>\n<p>As inscri\u00e7\u00f5es para o Processo Seletivo do Munic\u00edpio de Anit\u00e1polis devem ser realizadas <strong>exclusivamente via internet<\/strong>, no site da banca SC Treinamentos: <a href=\"https:\/\/portal.sctreinamentos.selecao.site\" target=\"_blank\" rel=\"noopener\">https:\/\/portal.sctreinamentos.selecao.site<\/a>, dentro do prazo de 03 a 30 de novembro de 2025. O candidato deve acessar \u201cConcursos e Sele\u00e7\u00f5es\u201d; \u201cinscri\u00e7\u00f5es abertas\u201d e selecionar o Processo Seletivo 2025 de Anit\u00e1polis.<\/p>\n<p>Ap\u00f3s escolher o certame, \u00e9 necess\u00e1rio: cadastrar-se criando senha para a \u00e1rea do candidato, preencher o Requerimento de Inscri\u00e7\u00e3o, conferir os dados, enviar eletronicamente e <strong>imprimir o comprovante<\/strong>. Em seguida, o candidato deve imprimir o boleto banc\u00e1rio gerado pelo sistema e efetuar o pagamento at\u00e9 a data de vencimento indicada. A inscri\u00e7\u00e3o s\u00f3 ser\u00e1 confirmada ap\u00f3s a compensa\u00e7\u00e3o banc\u00e1ria; agendamentos ou comprovantes sem efetiva quita\u00e7\u00e3o n\u00e3o s\u00e3o aceitos.<\/p>\n<p>N\u00e3o s\u00e3o admitidas inscri\u00e7\u00f5es por correio, fax, e-mail, de forma condicional ou fora do prazo. Em caso de extravio do boleto, a segunda via deve ser emitida na \u00e1rea restrita do candidato. Pedidos de isen\u00e7\u00e3o seguem as regras espec\u00edficas do edital; se o pedido for indeferido, o candidato dever\u00e1 pagar a taxa at\u00e9 o prazo do boleto para manter a inscri\u00e7\u00e3o.<\/p>\n<p>Cada candidato pode se inscrever para apenas <strong>um cargo<\/strong>; se houver m\u00faltiplas inscri\u00e7\u00f5es, apenas a \u00faltima paga ser\u00e1 considerada. \u00c9 responsabilidade do candidato manter seus dados de contato atualizados na \u00e1rea restrita e acompanhar a publica\u00e7\u00e3o da rela\u00e7\u00e3o de inscritos para verificar a homologa\u00e7\u00e3o da inscri\u00e7\u00e3o, bem como eventuais corre\u00e7\u00f5es via recurso. A leitura integral do edital \u00e9 indispens\u00e1vel antes de efetuar a inscri\u00e7\u00e3o.<\/p>\n<h2>Etapas e Provas<\/h2>\n<p>O Processo Seletivo de Anit\u00e1polis \u00e9 composto por at\u00e9 tr\u00eas etapas, de acordo com o cargo: Prova Objetiva, Prova de T\u00edtulos e Prova Pr\u00e1tica.<\/p>\n<ul>\n<li><strong>Prova Objetiva (PO)<\/strong> \u2013 de m\u00faltipla escolha, com 4 alternativas e apenas 1 correta, de car\u00e1ter <strong>eliminat\u00f3rio e classificat\u00f3rio<\/strong>, aplicada a <strong>todos os candidatos<\/strong>. A prova visa avaliar conhecimentos indispens\u00e1veis ao exerc\u00edcio do cargo, conforme conte\u00fados do Anexo I do edital. A dura\u00e7\u00e3o m\u00e1xima \u00e9 de 2h30, com tempo m\u00ednimo de 30 minutos, em data prevista de 14\/12\/2025. A corre\u00e7\u00e3o \u00e9 por leitura \u00f3tica do cart\u00e3o-resposta, que \u00e9 o \u00fanico documento v\u00e1lido para pontua\u00e7\u00e3o.<\/li>\n<li><strong>Crit\u00e9rio de aprova\u00e7\u00e3o<\/strong> \u2013 ser\u00e3o considerados aprovados os candidatos que obtiverem, no m\u00ednimo, <strong>40% da nota<\/strong> na Prova Objetiva. Para cargos com Prova Pr\u00e1tica, tamb\u00e9m \u00e9 exigida nota m\u00ednima de 40% na respectiva prova pr\u00e1tica.<\/li>\n<li><strong>Prova de T\u00edtulos (PT)<\/strong> \u2013 etapa de car\u00e1ter <strong>exclusivamente classificat\u00f3rio<\/strong>, destinada aos cargos de <strong>Professor<\/strong>. Os t\u00edtulos devem ser enviados eletronicamente, pela \u00c1rea do Candidato no site da banca, at\u00e9 13\/12\/2025, em arquivos digitais (extens\u00f5es e limites de tamanho definidos no edital). A n\u00e3o apresenta\u00e7\u00e3o de t\u00edtulos n\u00e3o elimina o candidato, apenas gera pontua\u00e7\u00e3o zero nessa etapa.<\/li>\n<li><strong>Prova Pr\u00e1tica (PP)<\/strong> \u2013 de car\u00e1ter <strong>eliminat\u00f3rio e classificat\u00f3rio<\/strong>, para os cargos de <strong>Motorista II, Operador de Equipamentos, Auxiliar de Manuten\u00e7\u00e3o\/Conserva\u00e7\u00e3o II, Oper\u00e1rio Bra\u00e7al e Pedreiro\/Carpinteiro<\/strong>. A realiza\u00e7\u00e3o est\u00e1 prevista para 13\/12\/2025, em local e hor\u00e1rio a serem divulgados. Para Motorista II e Operador de Equipamentos \u00e9 obrigat\u00f3ria a apresenta\u00e7\u00e3o de CNH na categoria exigida. As provas consistem na execu\u00e7\u00e3o de tarefas t\u00edpicas do cargo, com in\u00edcio em nota 10 e descontos conforme faltas cometidas, avaliando t\u00e9cnica, seguran\u00e7a, produtividade e uso adequado de ve\u00edculos\/equipamentos.<\/li>\n<\/ul>\n<p>N\u00e3o h\u00e1 segunda chamada para provas objetivas ou pr\u00e1ticas, nem aplica\u00e7\u00e3o fora do local, data e hor\u00e1rio definidos. Todos os detalhes sobre conte\u00fados, crit\u00e9rios de pontua\u00e7\u00e3o, normas de sala e cronograma completo devem ser conferidos diretamente no edital oficial.<\/p>\n<h2>Resultados e Gabarito<\/h2>\n<p>O cronograma do Processo Seletivo de Anit\u00e1polis prev\u00ea a <strong>publica\u00e7\u00e3o da rela\u00e7\u00e3o de inscritos<\/strong> em 03\/12\/2025 e o <strong>julgamento dos recursos contra indeferimento de inscri\u00e7\u00e3o<\/strong>, com homologa\u00e7\u00e3o das inscri\u00e7\u00f5es e divulga\u00e7\u00e3o dos locais de prova, em 09\/12\/2025.<\/p>\n<p>O <strong>gabarito provis\u00f3rio<\/strong> da Prova Objetiva est\u00e1 previsto para 14\/12\/2025 (ap\u00f3s as 20h), no site da banca. Em 22\/12\/2025 ocorrer\u00e1 o <strong>julgamento dos recursos contra quest\u00f5es e gabarito<\/strong>, com publica\u00e7\u00e3o do <strong>gabarito oficial<\/strong>, das <strong>notas<\/strong> e da <strong>classifica\u00e7\u00e3o provis\u00f3ria<\/strong>. Em 05\/01\/2026 est\u00e1 previsto o <strong>julgamento dos recursos contra notas e classifica\u00e7\u00e3o provis\u00f3ria<\/strong> e, a partir dessa data, a <strong>homologa\u00e7\u00e3o do resultado final<\/strong>. As publica\u00e7\u00f5es podem ocorrer ap\u00f3s as 17h nas datas indicadas.<\/p>\n<p>Quanto \u00e0 classifica\u00e7\u00e3o, a nota final ser\u00e1 calculada da seguinte forma: para <strong>Professores<\/strong>, 80% Prova Objetiva + 20% Prova de T\u00edtulos; para <strong>Auxiliar de Manuten\u00e7\u00e3o\/Conserva\u00e7\u00e3o II, Motorista II, Operador de Equipamentos, Oper\u00e1rio Bra\u00e7al e Pedreiro\/Carpinteiro<\/strong>, a nota final corresponder\u00e1 \u00e0 <strong>nota da Prova Pr\u00e1tica<\/strong>; para os <strong>demais cargos<\/strong>, valer\u00e1 a <strong>nota da Prova Objetiva<\/strong>. Em caso de empate, aplicam-se, sucessivamente: prefer\u00eancia ao idoso (\u2265 60 anos), maior nota em Conhecimentos Espec\u00edficos (quando houver), maior nota em T\u00edtulos ou Prova Pr\u00e1tica (quando houver), maior idade e, por fim, sorteio p\u00fablico.<\/p>\n<p>Os candidatos aprovados ser\u00e3o convocados conforme a ordem de classifica\u00e7\u00e3o e a necessidade da Administra\u00e7\u00e3o, dentro do prazo de validade do processo seletivo. As convoca\u00e7\u00f5es ser\u00e3o publicadas no site do Munic\u00edpio de Anit\u00e1polis, no Di\u00e1rio Oficial dos Munic\u00edpios (DOM) e poder\u00e3o ser refor\u00e7adas por telefone, WhatsApp ou e-mail, cabendo ao candidato manter seus dados atualizados junto ao RH municipal.<\/p>\n<p>Todos os atos oficiais \u2013 editais, listas de inscritos, gabaritos, resultados, julgamentos de recursos, homologa\u00e7\u00f5es e convoca\u00e7\u00f5es \u2013 ser\u00e3o divulgados principalmente em <a href=\"https:\/\/portal.sctreinamentos.selecao.site\" target=\"_blank\" rel=\"noopener\">https:\/\/portal.sctreinamentos.selecao.site<\/a> e no site da Prefeitura. O acompanhamento constante dessas publica\u00e7\u00f5es, bem como do Di\u00e1rio Oficial, \u00e9 de responsabilidade exclusiva do candidato.<\/p>\n","protected":false},"excerpt":{"rendered":"<p>Processo Seletivo Pref. Anit\u00e1polis (SC) com edital publicado! Vagas p\/ Professor e Motorista (Fund. a Sup.). Inscri\u00e7\u00f5es a partir de 03\/11. Confira detalhes!<\/p>\n","protected":false},"author":7,"featured_media":274215,"comment_status":"open","ping_status":"open","sticky":false,"template":"","format":"standard","meta":{"_acf_changed":false,"_breakdance_hide_in_design_set":false,"_breakdance_tags":"","footnotes":""},"categories":[6434,18,19,23,24,25,26,101,108],"tags":[61],"_amplo":[],"destaque":[],"instituicoes":[],"class_list":["post-274216","post","type-post","status-publish","format-standard","has-post-thumbnail","hentry","category-educacao-fisica-licenciatura","category-fisioterapia","category-fonoaudiologia","category-nutricao","category-odontologia","category-pedagogia","category-psicologia","category-servico-social","category-tecnico-enfermagem","tag-santa-catarina"],"acf":{"_tipo_vagas":"vagas","_numero_vagas":"","_quadro_vagas":"","_cargos":"diversos","_cargos_especificos":"","_salario_max":"R$ 4991.45","_abertura":"20251103","_encerramento":"20251130","_inscricoes":"https:\/\/portal.sctreinamentos.selecao.site","_executora_concurso":"","_instituicao_concurso":[],"_link_adicional":null,"_anexos":null,"_produtos":null,"_vagas":"33 vagas + CR","_salario_min":"R$ 1518","_instituicao":"Prefeitura de Anit\u00e1polis","_edital":"https:\/\/www.agrobase.com.br\/concursos\/wp-content\/uploads\/sites\/4\/2025\/11\/edital-01-2025-prefeitura-de-anitapolis-sc.pdf","_anexos_edital":"https:\/\/www.agrobase.com.br\/concursos\/wp-content\/uploads\/sites\/4\/2025\/11\/anexos-edital-01-2025-prefeitura-de-anitapolis-sc.pdf","_fund_incompleto":"<div>\r\n<table class=\"quadro\">\r\n<thead>\r\n<tr>\r\n<th class=\"hcargo\">Cargo<\/th>\r\n<th class=\"hvagas\">Vagas<\/th>\r\n<th class=\"hremuneracao\">Remunera\u00e7\u00e3o<\/th>\r\n<\/tr>\r\n<\/thead>\r\n    <tbody>\r\n      <td class=\"ccargos\">\r\n<span data-balloon-length=\"medium\" data-balloon-pos=\"up\">Motorista II<\/span><\/td>\r\n<td class=\"cvagas\">5 + CR<\/td>\r\n<td class=\"cremuneracao\">R$ 1.835,10 \/40h<\/td>\r\n<\/tr><td class=\"ccargos\">\r\n<span data-balloon-length=\"medium\" data-balloon-pos=\"up\">Operador de Equipamentos<\/span><\/td>\r\n<td class=\"cvagas\">2 + CR<\/td>\r\n<td class=\"cremuneracao\">R$  \/40h<\/td>\r\n<\/tr><td class=\"ccargos\">\r\n<span data-balloon-length=\"medium\" aria-label=\"Alfabetizado e experi\u00eancia comprovada na \u00e1rea de atua\u00e7\u00e3o.\" data-balloon-pos=\"up\">Oper\u00e1rio Bra\u00e7al<\/span><\/td>\r\n<td class=\"cvagas\">4 + CR<\/td>\r\n<td class=\"cremuneracao\">R$ 1.518,00 \/40h<\/td>\r\n<\/tr><td class=\"ccargos\">\r\n<span data-balloon-length=\"medium\" aria-label=\"Alfabetizado e experi\u00eancia comprovada na \u00e1rea de atua\u00e7\u00e3o.\" data-balloon-pos=\"up\">Pedreiro\/Carpinteiro<\/span><\/td>\r\n<td class=\"cvagas\">1 + CR<\/td>\r\n<td class=\"cremuneracao\">R$ 2.097,39 \/40h<\/td>\r\n<\/tr>\r\n    <\/tbody>\r\n  <\/table>\r\n<\/div>","_fund_completo":"<div>\r\n<table class=\"quadro\">\r\n<thead>\r\n<tr>\r\n<th class=\"hcargo\">Cargo<\/th>\r\n<th class=\"hvagas\">Vagas<\/th>\r\n<th class=\"hremuneracao\">Remunera\u00e7\u00e3o<\/th>\r\n<\/tr>\r\n<\/thead>\r\n    <tbody>\r\n      <td class=\"ccargos\">\r\n<span data-balloon-length=\"medium\" aria-label=\"Conclus\u00e3o do Ensino Fundamental e residir na \u00e1rea da comunidade em que atuar, desde a data da publica\u00e7\u00e3o do edital do processo seletivo.\" data-balloon-pos=\"up\">Agente Comunit\u00e1rio de Sa\u00fade<\/span><\/td>\r\n<td class=\"cvagas\">CR<\/td>\r\n<td class=\"cremuneracao\">R$ 3.036,00 \/40h<\/td>\r\n<\/tr><td class=\"ccargos\">\r\n<span data-balloon-length=\"medium\" aria-label=\"Conclus\u00e3o do Ensino Fundamental.\" data-balloon-pos=\"up\">Agente de Combate As Endemias<\/span><\/td>\r\n<td class=\"cvagas\">CR<\/td>\r\n<td class=\"cremuneracao\">R$ 3.036,00 \/40h<\/td>\r\n<\/tr><td class=\"ccargos\">\r\n<span data-balloon-length=\"medium\" aria-label=\"Conclus\u00e3o do Ensino Fundamental.\" data-balloon-pos=\"up\">Auxiliar de Consult\u00f3rio Dent\u00e1rio ESF<\/span><\/td>\r\n<td class=\"cvagas\">1 + CR<\/td>\r\n<td class=\"cremuneracao\">R$  \/40h<\/td>\r\n<\/tr><td class=\"ccargos\">\r\n<span data-balloon-length=\"medium\" aria-label=\"Portador de certificado de ensino fundamental e experi\u00eancia comprovada na \u00e1rea de atua\u00e7\u00e3o.\" data-balloon-pos=\"up\">Auxiliar de Manuten\u00e7\u00e3o\/Conserva\u00e7\u00e3o II<\/span><\/td>\r\n<td class=\"cvagas\">1 + CR<\/td>\r\n<td class=\"cremuneracao\">R$  \/40h<\/td>\r\n<\/tr>\r\n    <\/tbody>\r\n  <\/table>\r\n<\/div>","_medio":"<div>\r\n<table class=\"quadro\">\r\n<thead>\r\n<tr>\r\n<th class=\"hcargo\">Cargo<\/th>\r\n<th class=\"hvagas\">Vagas<\/th>\r\n<th class=\"hremuneracao\">Remunera\u00e7\u00e3o<\/th>\r\n<\/tr>\r\n<\/thead>\r\n    <tbody>\r\n      <td class=\"ccargos\">\r\n<span data-balloon-length=\"medium\" aria-label=\"Portador de certificado de n\u00edvel m\u00e9dio, e experi\u00eancia comprovada na \u00e1rea de atua\u00e7\u00e3o.\" data-balloon-pos=\"up\">Auxiliar de Dentista<\/span><\/td>\r\n<td class=\"cvagas\">1 + CR<\/td>\r\n<td class=\"cremuneracao\">R$  \/40h<\/td>\r\n<\/tr><td class=\"ccargos\">\r\n<span data-balloon-length=\"medium\" aria-label=\"Portador de certificado de n\u00edvel m\u00e9dio, e experi\u00eancia comprovada na \u00e1rea de atua\u00e7\u00e3o.\" data-balloon-pos=\"up\">Fiscal de Vigil\u00e2ncia Sanit\u00e1ria<\/span><\/td>\r\n<td class=\"cvagas\">1 + CR<\/td>\r\n<td class=\"cremuneracao\">R$  \/40h<\/td>\r\n<\/tr><td class=\"ccargos\">\r\n<span data-balloon-length=\"medium\" aria-label=\"Portador de certificado de n\u00edvel m\u00e9dio t\u00e9cnico, com registro no \u00f3rg\u00e3o fiscalizador da profiss\u00e3o, experi\u00eancia comprovada na \u00e1rea de atua\u00e7\u00e3o.\" data-balloon-pos=\"up\">T\u00e9cnico Enfermagem<\/span><\/td>\r\n<td class=\"cvagas\">2 + CR<\/td>\r\n<td class=\"cremuneracao\">R$  \/40h<\/td>\r\n<\/tr>\r\n    <\/tbody>\r\n  <\/table>\r\n<\/div>","_superior":"<div>\r\n<table class=\"quadro\">\r\n<thead>\r\n<tr>\r\n<th class=\"hcargo\">Cargo<\/th>\r\n<th class=\"hvagas\">Vagas<\/th>\r\n<th class=\"hremuneracao\">Remunera\u00e7\u00e3o<\/th>\r\n<\/tr>\r\n<\/thead>\r\n    <tbody>\r\n      <tr>\r\n<td class=\"ccargos\">\r\n<span data-balloon-length=\"medium\" aria-label=\"N\u00edvel superior com registro no respectivo \u00f3rg\u00e3o fiscalizador da profiss\u00e3o.\" data-balloon-pos=\"up\">Assistente Social da Educa\u00e7\u00e3o<\/span><\/td>\r\n<td class=\"cvagas\">1 + CR<\/td>\r\n<td class=\"cremuneracao\">R$  \/30h<\/td>\r\n<\/tr><tr>\r\n<td class=\"ccargos\">\r\n<span data-balloon-length=\"medium\" aria-label=\"Portador de certificado de n\u00edvel superior com registro no respectivo \u00f3rg\u00e3o fiscalizador da profiss\u00e3o.\" data-balloon-pos=\"up\">Fisioterapeuta - EAP<\/span><\/td>\r\n<td class=\"cvagas\">1 + CR<\/td>\r\n<td class=\"cremuneracao\">R$ 2.750,00 \/20h<\/td>\r\n<\/tr><tr>\r\n<td class=\"ccargos\">\r\n<span data-balloon-length=\"medium\" aria-label=\"Gradua\u00e7\u00e3o em Fonoaudiologia; Registro no CRF SC; Experi\u00eancia Profissional\/ Aprimoramento \/ Especializa\u00e7\u00e3o.\" data-balloon-pos=\"up\">Fonoaudi\u00f3logo NASF<\/span><\/td>\r\n<td class=\"cvagas\">1 + CR<\/td>\r\n<td class=\"cremuneracao\">R$  \/20h<\/td>\r\n<\/tr><tr>\r\n<td class=\"ccargos\">\r\n<span data-balloon-length=\"medium\" aria-label=\"Portador de certificado de n\u00edvel superior com registro no respectivo \u00f3rg\u00e3o fiscalizador da profiss\u00e3o.\" data-balloon-pos=\"up\">Nutricionista - EAP<\/span><\/td>\r\n<td class=\"cvagas\">1 + CR<\/td>\r\n<td class=\"cremuneracao\">R$  \/20h<\/td>\r\n<\/tr><tr>\r\n<td class=\"ccargos\">\r\n<span data-balloon-length=\"medium\" aria-label=\"Portador de certificado de n\u00edvel superior com registro no respectivo \u00f3rg\u00e3o fiscalizador da profiss\u00e3o.\" data-balloon-pos=\"up\">Odont\u00f3logo - EAP<\/span><\/td>\r\n<td class=\"cvagas\">1 + CR<\/td>\r\n<td class=\"cremuneracao\">R$  \/20h<\/td>\r\n<\/tr><tr>\r\n<td class=\"ccargos\">\r\n<span data-balloon-length=\"medium\" aria-label=\"Licenciatura plena em Educa\u00e7\u00e3o Especial.\" data-balloon-pos=\"up\">Professor Educa\u00e7\u00e3o Especial<\/span><\/td>\r\n<td class=\"cvagas\">1 + CR<\/td>\r\n<td class=\"cremuneracao\">R$  \/30h<\/td>\r\n<\/tr><tr>\r\n<td class=\"ccargos\">\r\n<span data-balloon-length=\"medium\" aria-label=\"Licenciatura plena em Educa\u00e7\u00e3o F\u00edsica e registro no CREF.\" data-balloon-pos=\"up\">Professor Educa\u00e7\u00e3o F\u00edsica<\/span><\/td>\r\n<td class=\"cvagas\">2 + CR<\/td>\r\n<td class=\"cremuneracao\">R$ 2.433,89 \/20h<\/td>\r\n<\/tr><tr>\r\n<td class=\"ccargos\">\r\n<span data-balloon-length=\"medium\" aria-label=\"Licenciatura plena em Pedagogia com habilita\u00e7\u00e3o para educa\u00e7\u00e3o infantil.\" data-balloon-pos=\"up\">Professor Educa\u00e7\u00e3o Infantil<\/span><\/td>\r\n<td class=\"cvagas\">5 + CR<\/td>\r\n<td class=\"cremuneracao\">R$ 3.650,83 \/30h<\/td>\r\n<\/tr><tr>\r\n<td class=\"ccargos\">\r\n<span data-balloon-length=\"medium\" aria-label=\"Licenciatura plena em Pedagogia com habilita\u00e7\u00e3o para s\u00e9ries iniciais.\" data-balloon-pos=\"up\">Professor Series Iniciais<\/span><\/td>\r\n<td class=\"cvagas\">1 + CR<\/td>\r\n<td class=\"cremuneracao\">R$ 2.433,89 \/20h<\/td>\r\n<\/tr><tr>\r\n<td class=\"ccargos\">\r\n<span data-balloon-length=\"medium\" aria-label=\"Portador de certificado de n\u00edvel superior com registro no respectivo \u00f3rg\u00e3o fiscalizador da profiss\u00e3o.\" data-balloon-pos=\"up\">Psic\u00f3logo<\/span><\/td>\r\n<td class=\"cvagas\">CR<\/td>\r\n<td class=\"cremuneracao\">R$  \/40h<\/td>\r\n<\/tr><tr>\r\n<td class=\"ccargos\">\r\n<span data-balloon-length=\"medium\" aria-label=\"N\u00edvel superior com registro no respectivo \u00f3rg\u00e3o fiscalizador da profiss\u00e3o.\" data-balloon-pos=\"up\">Psic\u00f3logo da Educa\u00e7\u00e3o<\/span><\/td>\r\n<td class=\"cvagas\">1 + CR<\/td>\r\n<td class=\"cremuneracao\">R$  \/30h<\/td>\r\n<\/tr>\r\n    <\/tbody>\r\n  <\/table>\r\n<\/div>"},"_links":{"self":[{"href":"https:\/\/www.agrobase.com.br\/concursos\/wp-json\/wp\/v2\/posts\/274216","targetHints":{"allow":["GET"]}}],"collection":[{"href":"https:\/\/www.agrobase.com.br\/concursos\/wp-json\/wp\/v2\/posts"}],"about":[{"href":"https:\/\/www.agrobase.com.br\/concursos\/wp-json\/wp\/v2\/types\/post"}],"author":[{"embeddable":true,"href":"https:\/\/www.agrobase.com.br\/concursos\/wp-json\/wp\/v2\/users\/7"}],"replies":[{"embeddable":true,"href":"https:\/\/www.agrobase.com.br\/concursos\/wp-json\/wp\/v2\/comments?post=274216"}],"version-history":[{"count":3,"href":"https:\/\/www.agrobase.com.br\/concursos\/wp-json\/wp\/v2\/posts\/274216\/revisions"}],"predecessor-version":[{"id":274221,"href":"https:\/\/www.agrobase.com.br\/concursos\/wp-json\/wp\/v2\/posts\/274216\/revisions\/274221"}],"wp:featuredmedia":[{"embeddable":true,"href":"https:\/\/www.agrobase.com.br\/concursos\/wp-json\/wp\/v2\/media\/274215"}],"wp:attachment":[{"href":"https:\/\/www.agrobase.com.br\/concursos\/wp-json\/wp\/v2\/media?parent=274216"}],"wp:term":[{"taxonomy":"category","embeddable":true,"href":"https:\/\/www.agrobase.com.br\/concursos\/wp-json\/wp\/v2\/categories?post=274216"},{"taxonomy":"post_tag","embeddable":true,"href":"https:\/\/www.agrobase.com.br\/concursos\/wp-json\/wp\/v2\/tags?post=274216"},{"taxonomy":"_amplo","embeddable":true,"href":"https:\/\/www.agrobase.com.br\/concursos\/wp-json\/wp\/v2\/_amplo?post=274216"},{"taxonomy":"destaque","embeddable":true,"href":"https:\/\/www.agrobase.com.br\/concursos\/wp-json\/wp\/v2\/destaque?post=274216"},{"taxonomy":"instituicoes","embeddable":true,"href":"https:\/\/www.agrobase.com.br\/concursos\/wp-json\/wp\/v2\/instituicoes?post=274216"}],"curies":[{"name":"wp","href":"https:\/\/api.w.org\/{rel}","templated":true}]}}