{"id":274205,"date":"2025-11-26T07:20:38","date_gmt":"2025-11-26T10:20:38","guid":{"rendered":"https:\/\/www.agrobase.com.br\/concursos\/?p=274205"},"modified":"2025-11-25T13:14:10","modified_gmt":"2025-11-25T16:14:10","slug":"prefeitura-faxinal-dos-guedes-sc-selecao-publica-02-2025","status":"publish","type":"post","link":"https:\/\/www.agrobase.com.br\/concursos\/2025\/prefeitura-faxinal-dos-guedes-sc-selecao-publica-02-2025\/","title":{"rendered":"Prefeitura Faxinal dos Guedes (SC) &#8211; Sele\u00e7\u00e3o P\u00fablica 02\/2025"},"content":{"rendered":"<h2>Informa\u00e7\u00f5es Gerais<\/h2>\n<p>O Processo Seletivo P\u00fablico do Munic\u00edpio de Faxinal dos Guedes, executado pela empresa F\u00eanix Instituto Ltda, visa \u00e0 forma\u00e7\u00e3o de <strong>cadastro de reserva<\/strong> e ao provimento de at\u00e9 4 vagas imediatas, em cargos do Quadro Tempor\u00e1rio de Pessoal, conforme legisla\u00e7\u00e3o municipal vigente (Leis Complementares n\u00ba 145\/2019, 146\/2019, 58\/2007 e 59\/2007). Trata-se de sele\u00e7\u00e3o para atender a necessidades de <em>excepcional interesse p\u00fablico<\/em>, com contrata\u00e7\u00e3o sob o regime empregat\u00edcio adotado pela Prefeitura Municipal.<\/p>\n<p>O edital contempla oportunidades para n\u00edveis <strong>alfabetizado\/fundamental<\/strong> e <strong>m\u00e9dio\/t\u00e9cnico<\/strong>, em \u00e1reas de apoio operacional, manuten\u00e7\u00e3o, educa\u00e7\u00e3o e sa\u00fade, incluindo fun\u00e7\u00f5es como agente comunit\u00e1rio de sa\u00fade, t\u00e9cnico de enfermagem, t\u00e9cnico em sa\u00fade bucal, auxiliar de ensino, educador, motorista, operador de m\u00e1quinas e servi\u00e7os gerais.<\/p>\n<p>N\u00e3o h\u00e1, neste edital, vagas espec\u00edficas nas \u00e1reas de Agronomia, Medicina Veterin\u00e1ria, Zootecnia, Biologia, Engenharia Ambiental, Engenharia Florestal, Nutri\u00e7\u00e3o ou Engenharia de Alimentos.<\/p>\n<p>O processo seletivo j\u00e1 teve edital publicado e conta com provas objetivas para todos os cargos e prova pr\u00e1tica para fun\u00e7\u00f5es espec\u00edficas. Se voc\u00ea busca atua\u00e7\u00e3o tempor\u00e1ria na administra\u00e7\u00e3o municipal, siga para as pr\u00f3ximas se\u00e7\u00f5es para entender inscri\u00e7\u00f5es, etapas e resultados.<\/p>\n<h2>Inscri\u00e7\u00f5es<\/h2>\n<p>As inscri\u00e7\u00f5es para o Processo Seletivo P\u00fablico de Faxinal dos Guedes ser\u00e3o realizadas <strong>exclusivamente via internet<\/strong>, no site da banca organizadora: <a href=\"https:\/\/institutofenix.selecao.net.br\" target=\"_blank\" rel=\"noopener\">https:\/\/institutofenix.selecao.net.br<\/a>. O candidato deve acessar a \u00e1rea de \u201cConcursos em andamento \/ inscri\u00e7\u00f5es abertas\u201d, selecionar o edital correspondente ao Munic\u00edpio de Faxinal dos Guedes e preencher a ficha de inscri\u00e7\u00e3o.<\/p>\n<p>O procedimento inclui: cadastro com cria\u00e7\u00e3o de senha para a \u00e1rea do candidato, preenchimento do formul\u00e1rio, impress\u00e3o da ficha e do boleto banc\u00e1rio e pagamento da taxa at\u00e9 a data de vencimento. As taxas s\u00e3o de: <strong>R$ 60,00<\/strong> para n\u00edvel alfabetizado\/fundamental, <strong>R$ 80,00<\/strong> para n\u00edvel m\u00e9dio\/t\u00e9cnico e <strong>R$ 100,00<\/strong> para n\u00edvel superior. A arrecada\u00e7\u00e3o \u00e9 realizada pelo Setor de Tesouraria do Munic\u00edpio.<\/p>\n<p>N\u00e3o s\u00e3o aceitas inscri\u00e7\u00f5es por correio, e-mail, fax ou fora do prazo. A inscri\u00e7\u00e3o s\u00f3 \u00e9 confirmada ap\u00f3s a compensa\u00e7\u00e3o banc\u00e1ria do boleto; agendamentos n\u00e3o servem como comprovante. Em caso de extravio, a segunda via do boleto pode ser emitida na \u00e1rea restrita do candidato. O candidato deve acompanhar a publica\u00e7\u00e3o da rela\u00e7\u00e3o de inscritos para verificar a homologa\u00e7\u00e3o da inscri\u00e7\u00e3o e, se necess\u00e1rio, interpor recurso nos prazos do edital.<\/p>\n<p>As informa\u00e7\u00f5es prestadas s\u00e3o de responsabilidade do candidato e podem levar ao cancelamento da inscri\u00e7\u00e3o se forem falsas ou incompletas. \u00c9 permitido inscrever-se para apenas <strong>um<\/strong> cargo, sem possibilidade de altera\u00e7\u00e3o ap\u00f3s o pagamento. Para detalhes sobre eventuais isen\u00e7\u00f5es, prazos espec\u00edficos e demais regras, \u00e9 indispens\u00e1vel a leitura atenta do edital completo no site da banca.<\/p>\n<h2>Etapas e Provas<\/h2>\n<p>O Processo Seletivo P\u00fablico de Faxinal dos Guedes \u00e9 composto por <strong>duas etapas<\/strong>, conforme o cargo escolhido.<\/p>\n<ul>\n<li><strong>Prova Objetiva (1\u00aa etapa)<\/strong> \u2013 aplicada a <strong>todos os cargos<\/strong>, com car\u00e1ter <strong>eliminat\u00f3rio e classificat\u00f3rio<\/strong>. Trata-se de prova de m\u00faltipla escolha, com 4 alternativas e apenas 1 correta, avaliando conhecimentos indispens\u00e1veis ao exerc\u00edcio das fun\u00e7\u00f5es. A nota varia de 0,00 a 10,00, com duas casas decimais, e cada quest\u00e3o tem valor definido em edital. Ser\u00e1 aprovado o candidato que obtiver <strong>nota final igual ou superior a 40%<\/strong> da prova objetiva, em qualquer n\u00edvel. Al\u00e9m disso, a obten\u00e7\u00e3o de <strong>nota zero em qualquer disciplina<\/strong> da prova implica elimina\u00e7\u00e3o, ainda que a m\u00e9dia geral seja igual ou superior \u00e0 m\u00ednima exigida.<\/li>\n<li><strong>Prova Pr\u00e1tica (2\u00aa etapa)<\/strong> \u2013 de car\u00e1ter <strong>classificat\u00f3rio<\/strong>, exclusiva para os cargos de <strong>Motorista<\/strong> e <strong>Operador de M\u00e1quinas<\/strong>. Nessa etapa, o candidato \u00e9 avaliado na opera\u00e7\u00e3o do ve\u00edculo\/equipamento, incluindo verifica\u00e7\u00e3o das condi\u00e7\u00f5es do ve\u00edculo, uso de itens de seguran\u00e7a, partida e parada, habilidades de condu\u00e7\u00e3o e obedi\u00eancia ao trajeto. A prova pr\u00e1tica tem nota de 0 a 10, com peso 3 na composi\u00e7\u00e3o final, sendo considerado aprovado quem obtiver <strong>nota igual ou superior a 4,0<\/strong>.<\/li>\n<\/ul>\n<p>A prova objetiva ser\u00e1 realizada em data e hor\u00e1rio definidos em edital, com dura\u00e7\u00e3o m\u00e1xima de 3 horas, incluindo o preenchimento do cart\u00e3o-resposta. O candidato deve observar rigorosamente as regras de acesso ao local de prova, documentos de identifica\u00e7\u00e3o aceitos, materiais permitidos e condutas vedadas, sob pena de elimina\u00e7\u00e3o.<\/p>\n<p>Para os cargos com prova pr\u00e1tica, o candidato dever\u00e1 apresentar a CNH na categoria exigida e comparecer adequadamente trajado, sob pena de desclassifica\u00e7\u00e3o. A ordem de realiza\u00e7\u00e3o \u00e9 alfab\u00e9tica, e o n\u00e3o comparecimento no hor\u00e1rio fixado elimina o candidato da etapa.<\/p>\n<p>Para conhecer o conte\u00fado program\u00e1tico, a distribui\u00e7\u00e3o de quest\u00f5es por disciplina, o cronograma detalhado e demais normas de aplica\u00e7\u00e3o das provas, \u00e9 essencial consultar o edital completo no site da banca organizadora.<\/p>\n<h2>Resultados e Gabarito<\/h2>\n<p>A nota final para os cargos de <strong>Motorista<\/strong> e <strong>Operador de M\u00e1quinas<\/strong> ser\u00e1 composta pela m\u00e9dia ponderada entre a Prova Objetiva (PO) e a Prova Pr\u00e1tica (PP), na f\u00f3rmula: <strong>(PO x 0,6) + (PP x 0,4)<\/strong>. Para os demais cargos, a classifica\u00e7\u00e3o considerar\u00e1 apenas a Prova Objetiva, calculada pela somat\u00f3ria dos acertos multiplicados pelo valor de cada quest\u00e3o.<\/p>\n<p>As listas de inscritos, gabaritos da prova objetiva, resultados preliminares, decis\u00f5es sobre recursos, classifica\u00e7\u00e3o final e homologa\u00e7\u00e3o ser\u00e3o divulgados no quadro de publica\u00e7\u00f5es oficiais do Munic\u00edpio de Faxinal dos Guedes, no <strong>Di\u00e1rio Oficial dos Munic\u00edpios<\/strong> e nos sites <a href=\"https:\/\/institutofenix.selecao.net.br\" target=\"_blank\" rel=\"noopener\">https:\/\/institutofenix.selecao.net.br<\/a> e <a href=\"http:\/\/www.faxinal.sc.gov.br\" target=\"_blank\" rel=\"noopener\">www.faxinal.sc.gov.br<\/a>. O edital informa que publica\u00e7\u00f5es podem ocorrer ap\u00f3s as 17h das datas previstas em cronograma.<\/p>\n<p>Em caso de empate na classifica\u00e7\u00e3o final, a ordem de prefer\u00eancia ser\u00e1, sucessivamente: <strong>1)<\/strong> candidato com 60 anos ou mais at\u00e9 o \u00faltimo dia de inscri\u00e7\u00e3o (Estatuto do Idoso); <strong>2)<\/strong> maior nota em Conhecimentos Espec\u00edficos; <strong>3)<\/strong> maior nota em L\u00edngua Portuguesa; <strong>4)<\/strong> maior nota em Matem\u00e1tica; <strong>5)<\/strong> maior nota em Conhecimentos Gerais; <strong>6)<\/strong> maior nota em Legisla\u00e7\u00e3o; <strong>7)<\/strong> maior idade; <strong>8)<\/strong> exerc\u00edcio da fun\u00e7\u00e3o de jurado (Lei 11.689\/2008), comprovado nos prazos do edital; <strong>9)<\/strong> sorteio p\u00fablico, em sess\u00e3o com ata registrada.<\/p>\n<p>O processo seletivo ter\u00e1 validade de <strong>1 ano<\/strong>, a contar da homologa\u00e7\u00e3o final, podendo ser prorrogado uma \u00fanica vez por igual per\u00edodo. As convoca\u00e7\u00f5es para contrata\u00e7\u00e3o ser\u00e3o feitas por Edital de Chamamento, publicado no site da Prefeitura e no Di\u00e1rio Oficial dos Munic\u00edpios, obedecendo rigorosamente \u00e0 ordem de classifica\u00e7\u00e3o e \u00e0s necessidades da administra\u00e7\u00e3o.<\/p>\n<p>\u00c9 responsabilidade exclusiva do candidato acompanhar, de forma cont\u00ednua, todas as publica\u00e7\u00f5es oficiais no site da banca organizadora, no site da Prefeitura e no Di\u00e1rio Oficial dos Munic\u00edpios, inclusive eventuais retifica\u00e7\u00f5es, cronogramas atualizados, resultados, homologa\u00e7\u00f5es e convoca\u00e7\u00f5es.<\/p>\n","protected":false},"excerpt":{"rendered":"<p>Proc. Seletivo Pref. Faxinal dos Guedes (SC) com edital publicado! Vagas p\/ Motorista e Aux. Ensino (Alf. a T\u00e9c.). Inscri\u00e7\u00f5es a partir de 30\/10. Confira detalhes!<\/p>\n","protected":false},"author":7,"featured_media":274204,"comment_status":"open","ping_status":"open","sticky":false,"template":"","format":"standard","meta":{"_acf_changed":false,"_breakdance_hide_in_design_set":false,"_breakdance_tags":"","footnotes":""},"categories":[6433,141,6434,12,14,19,111,100,20,6872,6871,116,21,23,24,25,26,101,108,143],"tags":[61],"_amplo":[],"destaque":[],"instituicoes":[],"class_list":["post-274205","post","type-post","status-publish","format-standard","has-post-thumbnail","hentry","category-biologia-licenciatura","category-educacao-artistica","category-educacao-fisica-licenciatura","category-enfermagem","category-engenharia","category-fonoaudiologia","category-geografia","category-historia","category-letras","category-letras-espanhol","category-letras-ingles","category-matematica","category-medicina","category-nutricao","category-odontologia","category-pedagogia","category-psicologia","category-servico-social","category-tecnico-enfermagem","category-tecnico-odontologia","tag-santa-catarina"],"acf":{"_tipo_vagas":"vagas","_numero_vagas":"","_quadro_vagas":"","_cargos":"diversos","_cargos_especificos":"","_salario_max":"R$ 3828.07","_abertura":"20251030","_encerramento":"20251129","_inscricoes":"https:\/\/institutofenix.selecao.net.br","_executora_concurso":"","_instituicao_concurso":[],"_link_adicional":null,"_anexos":null,"_produtos":null,"_vagas":"04 vagas + CR","_salario_min":"R$ 2074.34","_instituicao":"Prefeitura de Faxinal dos Guedes","_edital":"https:\/\/www.agrobase.com.br\/concursos\/wp-content\/uploads\/sites\/4\/2025\/11\/edital-02-2025-prefeitura-de-faxinal-dos-guedes-sc.pdf","_anexos_edital":"https:\/\/www.agrobase.com.br\/concursos\/wp-content\/uploads\/sites\/4\/2025\/11\/anexos-edital-02-2025-prefeitura-de-faxinal-dos-guedes-sc.pdf","_fund_incompleto":"<div>\r\n<table class=\"quadro\">\r\n<thead>\r\n<tr>\r\n<th class=\"hcargo\">Cargo<\/th>\r\n<th class=\"hvagas\">Vagas<\/th>\r\n<th class=\"hremuneracao\">Remunera\u00e7\u00e3o<\/th>\r\n<\/tr>\r\n<\/thead>\r\n    <tbody>\r\n      <td class=\"ccargos\">\r\n<span data-balloon-length=\"medium\" aria-label=\"Alfabetizado\" data-balloon-pos=\"up\">AGENTE DE SERVI\u00c7OS GERAIS<\/span><\/td>\r\n<td class=\"cvagas\">01 + CR<\/td>\r\n<td class=\"cremuneracao\">R$ 2.074,34 \/40h<\/td>\r\n<\/tr><td class=\"ccargos\">\r\n<span data-balloon-length=\"medium\" aria-label=\"Alfabetizado \/ portador de CNH categoria m\u00ednimo \u201cC\u201d\" data-balloon-pos=\"up\">MOTORISTA<\/span><\/td>\r\n<td class=\"cvagas\">01 + CR<\/td>\r\n<td class=\"cremuneracao\">R$ 2.683,44 \/40h<\/td>\r\n<\/tr><td class=\"ccargos\">\r\n<span data-balloon-length=\"medium\" aria-label=\"Alfabetizado \/ portador de CNH categoria m\u00ednimo \u201cC\u201d\" data-balloon-pos=\"up\">OPERADOR DE M\u00c1QUINA<\/span><\/td>\r\n<td class=\"cvagas\">CR<\/td>\r\n<td class=\"cremuneracao\">R$ 3.828,07 \/40h<\/td>\r\n<\/tr><td class=\"ccargos\">\r\n<span data-balloon-length=\"medium\" aria-label=\"Alfabetizado\" data-balloon-pos=\"up\">AGENTE DE MANUTEN\u00c7\u00c3O E CONSERVA\u00c7\u00c3O<\/span><\/td>\r\n<td class=\"cvagas\">CR<\/td>\r\n<td class=\"cremuneracao\">R$ 2.490,31 \/20h<\/td>\r\n<\/tr>\r\n    <\/tbody>\r\n  <\/table>\r\n<\/div>","_fund_completo":"","_medio":"<div>\r\n<table class=\"quadro\">\r\n<thead>\r\n<tr>\r\n<th class=\"hcargo\">Cargo<\/th>\r\n<th class=\"hvagas\">Vagas<\/th>\r\n<th class=\"hremuneracao\">Remunera\u00e7\u00e3o<\/th>\r\n<\/tr>\r\n<\/thead>\r\n    <tbody>\r\n      <td class=\"ccargos\">\r\n<span data-balloon-length=\"medium\" aria-label=\"Ensino M\u00e9dio Completo\" data-balloon-pos=\"up\">AUXILIAR DE ENSINO (Lei n\u00ba 145\/2019)<\/span><\/td>\r\n<td class=\"cvagas\">01 + CR<\/td>\r\n<td class=\"cremuneracao\">R$ 2.230,19 \/40h<\/td>\r\n<\/tr><td class=\"ccargos\">\r\n<span data-balloon-length=\"medium\" aria-label=\"Ensino M\u00e9dio Completo\" data-balloon-pos=\"up\">EDUCADOR (Lei n\u00ba 146\/2019)<\/span><\/td>\r\n<td class=\"cvagas\">01 + CR<\/td>\r\n<td class=\"cremuneracao\">R$ 2.230,19 \/40h<\/td>\r\n<\/tr><td class=\"ccargos\">\r\n<span data-balloon-length=\"medium\" aria-label=\"Ensino M\u00e9dio Completo \/ Curso t\u00e9cnico em enfermagem \/ Registro no COREN\" data-balloon-pos=\"up\">T\u00c9CNICO DE ENFERMAGEM (Lei n\u00ba 146\/2019)<\/span><\/td>\r\n<td class=\"cvagas\">CR<\/td>\r\n<td class=\"cremuneracao\">R$ 3.644,54 \/40h<\/td>\r\n<\/tr><td class=\"ccargos\">\r\n<span data-balloon-length=\"medium\" aria-label=\"Ensino M\u00e9dio Completo \/ Curso T\u00e9cnico em sa\u00fade Bucal \/ Registro no CRO\" data-balloon-pos=\"up\">T\u00c9CNICO EM SA\u00daDE BUCAL (Lei n\u00ba 146\/2019)<\/span><\/td>\r\n<td class=\"cvagas\">CR<\/td>\r\n<td class=\"cremuneracao\">R$ 3.084,64 \/40h<\/td>\r\n<\/tr><td class=\"ccargos\">\r\n<span data-balloon-length=\"medium\" aria-label=\"Ensino M\u00e9dio Completo e residir na \u00e1rea de atua\u00e7\u00e3o desde a publica\u00e7\u00e3o do Edital\" data-balloon-pos=\"up\">AGENTE COMUNIT\u00c1RIA DE SA\u00daDE Micro \u00e1rea 01 (Lei n\u00ba 58\/2007)<\/span><\/td>\r\n<td class=\"cvagas\">CR<\/td>\r\n<td class=\"cremuneracao\">R$ 3.036,00 \/40h<\/td>\r\n<\/tr><td class=\"ccargos\">\r\n<span data-balloon-length=\"medium\" aria-label=\"Ensino M\u00e9dio Completo e residir na \u00e1rea de atua\u00e7\u00e3o desde a publica\u00e7\u00e3o do Edital\" data-balloon-pos=\"up\">AGENTE COMUNIT\u00c1RIA DE SA\u00daDE Micro \u00e1rea 02 (Lei n\u00ba 58\/2007)<\/span><\/td>\r\n<td class=\"cvagas\">CR<\/td>\r\n<td class=\"cremuneracao\">R$ 3.036,00 \/40h<\/td>\r\n<\/tr><td class=\"ccargos\">\r\n<span data-balloon-length=\"medium\" aria-label=\"Ensino M\u00e9dio Completo e residir na \u00e1rea de atua\u00e7\u00e3o desde a publica\u00e7\u00e3o do Edital\" data-balloon-pos=\"up\">AGENTE COMUNIT\u00c1RIA DE SA\u00daDE Micro \u00e1rea 03 (Lei n\u00ba 58\/2007)<\/span><\/td>\r\n<td class=\"cvagas\">CR<\/td>\r\n<td class=\"cremuneracao\">R$ 3.036,00 \/40h<\/td>\r\n<\/tr><td class=\"ccargos\">\r\n<span data-balloon-length=\"medium\" aria-label=\"Ensino M\u00e9dio Completo e residir na \u00e1rea de atua\u00e7\u00e3o desde a publica\u00e7\u00e3o do Edital\" data-balloon-pos=\"up\">AGENTE COMUNIT\u00c1RIA DE SA\u00daDE Micro \u00e1rea 04 (Lei n\u00ba 58\/2007)<\/span><\/td>\r\n<td class=\"cvagas\">CR<\/td>\r\n<td class=\"cremuneracao\">R$ 3.036,00 \/40h<\/td>\r\n<\/tr><td class=\"ccargos\">\r\n<span data-balloon-length=\"medium\" aria-label=\"Ensino M\u00e9dio Completo e residir na \u00e1rea de atua\u00e7\u00e3o desde a publica\u00e7\u00e3o do Edital\" data-balloon-pos=\"up\">AGENTE COMUNIT\u00c1RIA DE SA\u00daDE Micro \u00e1rea 11 (Lei n\u00ba 58\/2007)<\/span><\/td>\r\n<td class=\"cvagas\">CR<\/td>\r\n<td class=\"cremuneracao\">R$ 3.036,00 \/40h<\/td>\r\n<\/tr><td class=\"ccargos\">\r\n<span data-balloon-length=\"medium\" aria-label=\"Ensino M\u00e9dio Completo e residir na \u00e1rea de atua\u00e7\u00e3o desde a publica\u00e7\u00e3o do Edital\" data-balloon-pos=\"up\">AGENTE COMUNIT\u00c1RIA DE SA\u00daDE Micro \u00e1rea 12 (Lei n\u00ba 58\/2007)<\/span><\/td>\r\n<td class=\"cvagas\">CR<\/td>\r\n<td class=\"cremuneracao\">R$ 3.036,00 \/40h<\/td>\r\n<\/tr><td class=\"ccargos\">\r\n<span data-balloon-length=\"medium\" aria-label=\"Ensino M\u00e9dio Completo e residir na \u00e1rea de atua\u00e7\u00e3o desde a publica\u00e7\u00e3o do Edital\" data-balloon-pos=\"up\">AGENTE COMUNIT\u00c1RIA DE SA\u00daDE Micro \u00e1rea 13 (Lei n\u00ba 58\/2007)<\/span><\/td>\r\n<td class=\"cvagas\">CR<\/td>\r\n<td class=\"cremuneracao\">R$ 3.036,00 \/40h<\/td>\r\n<\/tr><td class=\"ccargos\">\r\n<span data-balloon-length=\"medium\" aria-label=\"Ensino M\u00e9dio Completo e residir na \u00e1rea de atua\u00e7\u00e3o desde a publica\u00e7\u00e3o do Edital\" data-balloon-pos=\"up\">AGENTE COMUNIT\u00c1RIA DE SA\u00daDE Micro \u00e1rea 25 (Lei n\u00ba 58\/2007)<\/span><\/td>\r\n<td class=\"cvagas\">CR<\/td>\r\n<td class=\"cremuneracao\">R$ 3.036,00 \/40h<\/td>\r\n<\/tr><td class=\"ccargos\">\r\n<span data-balloon-length=\"medium\" aria-label=\"Ensino M\u00e9dio Completo e residir na \u00e1rea de atua\u00e7\u00e3o desde a publica\u00e7\u00e3o do Edital\" data-balloon-pos=\"up\">AGENTE COMUNIT\u00c1RIA DE SA\u00daDE Micro \u00e1rea 28 (Lei n\u00ba 58\/2007)<\/span><\/td>\r\n<td class=\"cvagas\">CR<\/td>\r\n<td class=\"cremuneracao\">R$ 3.036,00 \/40h<\/td>\r\n<\/tr><td class=\"ccargos\">\r\n<span data-balloon-length=\"medium\" aria-label=\"Ensino M\u00e9dio Completo e residir na \u00e1rea de atua\u00e7\u00e3o desde a publica\u00e7\u00e3o do Edital\" data-balloon-pos=\"up\">AGENTE COMUNIT\u00c1RIA DE SA\u00daDE Micro \u00e1rea 29 (Lei n\u00ba 58\/2007)<\/span><\/td>\r\n<td class=\"cvagas\">CR<\/td>\r\n<td class=\"cremuneracao\">R$ 3.036,00 \/40h<\/td>\r\n<\/tr><td class=\"ccargos\">\r\n<span data-balloon-length=\"medium\" aria-label=\"Ensino M\u00e9dio Completo e residir na \u00e1rea de atua\u00e7\u00e3o desde a publica\u00e7\u00e3o do Edital\" data-balloon-pos=\"up\">AGENTE COMUNIT\u00c1RIA DE SA\u00daDE Micro \u00e1rea 09 (Lei n\u00ba 58\/2007)<\/span><\/td>\r\n<td class=\"cvagas\">CR<\/td>\r\n<td class=\"cremuneracao\">R$ 3.036,00 \/40h<\/td>\r\n<\/tr><td class=\"ccargos\">\r\n<span data-balloon-length=\"medium\" aria-label=\"Ensino M\u00e9dio Completo e residir na \u00e1rea de atua\u00e7\u00e3o desde a publica\u00e7\u00e3o do Edital\" data-balloon-pos=\"up\">AGENTE COMUNIT\u00c1RIA DE SA\u00daDE Micro \u00e1rea 10 (Lei n\u00ba 58\/2007)<\/span><\/td>\r\n<td class=\"cvagas\">CR<\/td>\r\n<td class=\"cremuneracao\">R$ 3.036,00 \/40h<\/td>\r\n<\/tr><td class=\"ccargos\">\r\n<span data-balloon-length=\"medium\" aria-label=\"Ensino M\u00e9dio Completo e residir na \u00e1rea de atua\u00e7\u00e3o desde a publica\u00e7\u00e3o do Edital\" data-balloon-pos=\"up\">AGENTE COMUNIT\u00c1RIA DE SA\u00daDE Micro \u00e1rea 14 (Lei n\u00ba 58\/2007)<\/span><\/td>\r\n<td class=\"cvagas\">CR<\/td>\r\n<td class=\"cremuneracao\">R$ 3.036,00 \/40h<\/td>\r\n<\/tr><td class=\"ccargos\">\r\n<span data-balloon-length=\"medium\" aria-label=\"Ensino M\u00e9dio Completo e residir na \u00e1rea de atua\u00e7\u00e3o desde a publica\u00e7\u00e3o do Edital\" data-balloon-pos=\"up\">AGENTE COMUNIT\u00c1RIA DE SA\u00daDE Micro \u00e1rea 15 (Lei n\u00ba 58\/2007)<\/span><\/td>\r\n<td class=\"cvagas\">CR<\/td>\r\n<td class=\"cremuneracao\">R$ 3.036,00 \/40h<\/td>\r\n<\/tr><td class=\"ccargos\">\r\n<span data-balloon-length=\"medium\" aria-label=\"Ensino M\u00e9dio Completo e residir na \u00e1rea de atua\u00e7\u00e3o desde a publica\u00e7\u00e3o do Edital\" data-balloon-pos=\"up\">AGENTE COMUNIT\u00c1RIA DE SA\u00daDE Micro \u00e1rea 16 (Lei n\u00ba 58\/2007)<\/span><\/td>\r\n<td class=\"cvagas\">CR<\/td>\r\n<td class=\"cremuneracao\">R$ 3.036,00 \/40h<\/td>\r\n<\/tr><td class=\"ccargos\">\r\n<span data-balloon-length=\"medium\" aria-label=\"Ensino M\u00e9dio Completo e residir na \u00e1rea de atua\u00e7\u00e3o desde a publica\u00e7\u00e3o do Edital\" data-balloon-pos=\"up\">AGENTE COMUNIT\u00c1RIA DE SA\u00daDE Micro \u00e1rea 08 (Lei n\u00ba 58\/2007)<\/span><\/td>\r\n<td class=\"cvagas\">CR<\/td>\r\n<td class=\"cremuneracao\">R$ 3.036,00 \/40h<\/td>\r\n<\/tr><td class=\"ccargos\">\r\n<span data-balloon-length=\"medium\" aria-label=\"Ensino M\u00e9dio Completo e residir na \u00e1rea de atua\u00e7\u00e3o desde a publica\u00e7\u00e3o do Edital\" data-balloon-pos=\"up\">AGENTE COMUNIT\u00c1RIA DE SA\u00daDE Micro \u00e1rea 17 (Lei n\u00ba 58\/2007)<\/span><\/td>\r\n<td class=\"cvagas\">CR<\/td>\r\n<td class=\"cremuneracao\">R$ 3.036,00 \/40h<\/td>\r\n<\/tr><td class=\"ccargos\">\r\n<span data-balloon-length=\"medium\" aria-label=\"Ensino M\u00e9dio Completo e residir na \u00e1rea de atua\u00e7\u00e3o desde a publica\u00e7\u00e3o do Edital\" data-balloon-pos=\"up\">AGENTE COMUNIT\u00c1RIA DE SA\u00daDE Micro \u00e1rea 19 (Lei n\u00ba 58\/2007)<\/span><\/td>\r\n<td class=\"cvagas\">CR<\/td>\r\n<td class=\"cremuneracao\">R$ 3.036,00 \/40h<\/td>\r\n<\/tr><td class=\"ccargos\">\r\n<span data-balloon-length=\"medium\" aria-label=\"Ensino M\u00e9dio Completo e residir na \u00e1rea de atua\u00e7\u00e3o desde a publica\u00e7\u00e3o do Edital\" data-balloon-pos=\"up\">AGENTE COMUNIT\u00c1RIA DE SA\u00daDE Micro \u00e1rea 20 (Lei n\u00ba 58\/2007)<\/span><\/td>\r\n<td class=\"cvagas\">CR<\/td>\r\n<td class=\"cremuneracao\">R$ 3.036,00 \/40h<\/td>\r\n<\/tr><td class=\"ccargos\">\r\n<span data-balloon-length=\"medium\" aria-label=\"Ensino M\u00e9dio Completo e residir na \u00e1rea de atua\u00e7\u00e3o desde a publica\u00e7\u00e3o do Edital\" data-balloon-pos=\"up\">AGENTE COMUNIT\u00c1RIA DE SA\u00daDE Micro \u00e1rea 21 (Lei n\u00ba 58\/2007)<\/span><\/td>\r\n<td class=\"cvagas\">CR<\/td>\r\n<td class=\"cremuneracao\">R$ 3.036,00 \/40h<\/td>\r\n<\/tr><td class=\"ccargos\">\r\n<span data-balloon-length=\"medium\" aria-label=\"Ensino M\u00e9dio Completo e residir na \u00e1rea de atua\u00e7\u00e3o desde a publica\u00e7\u00e3o do Edital\" data-balloon-pos=\"up\">AGENTE COMUNIT\u00c1RIA DE SA\u00daDE Micro \u00e1rea 22 (Lei n\u00ba 58\/2007)<\/span><\/td>\r\n<td class=\"cvagas\">CR<\/td>\r\n<td class=\"cremuneracao\">R$ 3.036,00 \/40h<\/td>\r\n<\/tr><td class=\"ccargos\">\r\n<span data-balloon-length=\"medium\" aria-label=\"Ensino M\u00e9dio Completo e residir na \u00e1rea de atua\u00e7\u00e3o desde a publica\u00e7\u00e3o do Edital\" data-balloon-pos=\"up\">AGENTE COMUNIT\u00c1RIA DE SA\u00daDE Micro \u00e1rea 23 (Lei n\u00ba 58\/2007)<\/span><\/td>\r\n<td class=\"cvagas\">CR<\/td>\r\n<td class=\"cremuneracao\">R$ 3.036,00 \/40h<\/td>\r\n<\/tr><td class=\"ccargos\">\r\n<span data-balloon-length=\"medium\" aria-label=\"Ensino M\u00e9dio Completo e residir na \u00e1rea de atua\u00e7\u00e3o desde a publica\u00e7\u00e3o do Edital\" data-balloon-pos=\"up\">AGENTE COMUNIT\u00c1RIA DE SA\u00daDE Micro \u00e1rea 26 (Lei n\u00ba 58\/2007)<\/span><\/td>\r\n<td class=\"cvagas\">CR<\/td>\r\n<td class=\"cremuneracao\">R$ 3.036,00 \/40h<\/td>\r\n<\/tr><td class=\"ccargos\">\r\n<span data-balloon-length=\"medium\" aria-label=\"Ensino M\u00e9dio Completo e residir na \u00e1rea de atua\u00e7\u00e3o desde a publica\u00e7\u00e3o do Edital\" data-balloon-pos=\"up\">AGENTE COMUNIT\u00c1RIA DE SA\u00daDE Micro \u00e1rea 05 (Lei n\u00ba 58\/2007)<\/span><\/td>\r\n<td class=\"cvagas\">CR<\/td>\r\n<td class=\"cremuneracao\">R$ 3.036,00 \/40h<\/td>\r\n<\/tr><td class=\"ccargos\">\r\n<span data-balloon-length=\"medium\" aria-label=\"Ensino M\u00e9dio Completo e residir na \u00e1rea de atua\u00e7\u00e3o desde a publica\u00e7\u00e3o do Edital\" data-balloon-pos=\"up\">AGENTE COMUNIT\u00c1RIA DE SA\u00daDE Micro \u00e1rea 07 (Lei n\u00ba 58\/2007)<\/span><\/td>\r\n<td class=\"cvagas\">CR<\/td>\r\n<td class=\"cremuneracao\">R$ 3.036,00 \/40h<\/td>\r\n<\/tr><td class=\"ccargos\">\r\n<span data-balloon-length=\"medium\" aria-label=\"Ensino M\u00e9dio Completo e residir na \u00e1rea de atua\u00e7\u00e3o desde a publica\u00e7\u00e3o do Edital\" data-balloon-pos=\"up\">AGENTE COMUNIT\u00c1RIA DE SA\u00daDE Micro \u00e1rea 06 (Lei n\u00ba 58\/2007)<\/span><\/td>\r\n<td class=\"cvagas\">CR<\/td>\r\n<td class=\"cremuneracao\">R$ 3.036,00 \/40h<\/td>\r\n<\/tr><td class=\"ccargos\">\r\n<span data-balloon-length=\"medium\" aria-label=\"Ensino M\u00e9dio Completo e residir na \u00e1rea de atua\u00e7\u00e3o desde a publica\u00e7\u00e3o do Edital\" data-balloon-pos=\"up\">AGENTE COMUNIT\u00c1RIA DE SA\u00daDE Micro \u00e1rea 18 (Lei n\u00ba 58\/2007)<\/span><\/td>\r\n<td class=\"cvagas\">CR<\/td>\r\n<td class=\"cremuneracao\">R$ 3.036,00 \/40h<\/td>\r\n<\/tr><td class=\"ccargos\">\r\n<span data-balloon-length=\"medium\" aria-label=\"Ensino M\u00e9dio Completo e residir na \u00e1rea de atua\u00e7\u00e3o desde a publica\u00e7\u00e3o do Edital\" data-balloon-pos=\"up\">AGENTE COMUNIT\u00c1RIA DE SA\u00daDE Micro \u00e1rea 24 (Lei n\u00ba 58\/2007)<\/span><\/td>\r\n<td class=\"cvagas\">CR<\/td>\r\n<td class=\"cremuneracao\">R$ 3.036,00 \/40h<\/td>\r\n<\/tr><td class=\"ccargos\">\r\n<span data-balloon-length=\"medium\" aria-label=\"Ensino M\u00e9dio Completo\" data-balloon-pos=\"up\">AGENTE DE COMBATE \u00c0 ENDEMIAS (Lei n\u00ba 59\/2007)<\/span><\/td>\r\n<td class=\"cvagas\">CR<\/td>\r\n<td class=\"cremuneracao\">R$ 3.036,00 \/40h<\/td>\r\n<\/tr>\r\n    <\/tbody>\r\n  <\/table>\r\n<\/div>","_superior":"<div>\r\n<table class=\"quadro\">\r\n<thead>\r\n<tr>\r\n<th class=\"hcargo\">Cargo<\/th>\r\n<th class=\"hvagas\">Vagas<\/th>\r\n<th class=\"hremuneracao\">Remunera\u00e7\u00e3o<\/th>\r\n<\/tr>\r\n<\/thead>\r\n    <tbody>\r\n      <tr>\r\n<td class=\"ccargos\">\r\n<span data-balloon-length=\"medium\" aria-label=\"Diploma e hist\u00f3rico escolar de conclus\u00e3o de curso superior de licenciatura plena em Pedagogia com habilita\u00e7\u00e3o em Educa\u00e7\u00e3o Infantil\" data-balloon-pos=\"up\">PROFESSOR DE EDUCA\u00c7\u00c3O INFANTIL HABILITADO<\/span><\/td>\r\n<td class=\"cvagas\">CR<\/td>\r\n<td class=\"cremuneracao\">R$ 2.433,89 \/20h<\/td>\r\n<\/tr><tr>\r\n<td class=\"ccargos\">\r\n<span data-balloon-length=\"medium\" aria-label=\"Diploma e hist\u00f3rico escolar de conclus\u00e3o de curso superior de licenciatura plena em Pedagogia com habilita\u00e7\u00e3o em Educa\u00e7\u00e3o Infantil\" data-balloon-pos=\"up\">PROFESSOR DE EDUCA\u00c7\u00c3O INFANTIL HABILITADO<\/span><\/td>\r\n<td class=\"cvagas\">CR<\/td>\r\n<td class=\"cremuneracao\">R$ 3.650,82 \/30h<\/td>\r\n<\/tr><tr>\r\n<td class=\"ccargos\">\r\n<span data-balloon-length=\"medium\" aria-label=\"Hist\u00f3rico escolar a partir da 5\u00ba fase em Pedagogia\" data-balloon-pos=\"up\">PROFESSOR DE EDUCA\u00c7\u00c3O INFANTIL N\u00c3O HABILITADO<\/span><\/td>\r\n<td class=\"cvagas\">CR<\/td>\r\n<td class=\"cremuneracao\">R$ 2.433,89 \/20h<\/td>\r\n<\/tr><tr>\r\n<td class=\"ccargos\">\r\n<span data-balloon-length=\"medium\" aria-label=\"Hist\u00f3rico escolar a partir da 5\u00ba fase em Pedagogia\" data-balloon-pos=\"up\">PROFESSOR DE EDUCA\u00c7\u00c3O INFANTIL N\u00c3O HABILITADO<\/span><\/td>\r\n<td class=\"cvagas\">CR<\/td>\r\n<td class=\"cremuneracao\">R$ 3.650,82 \/30h<\/td>\r\n<\/tr><tr>\r\n<td class=\"ccargos\">\r\n<span data-balloon-length=\"medium\" aria-label=\"Diploma e hist\u00f3rico escolar de conclus\u00e3o de curso superior de licenciatura plena em Pedagogia com habilita\u00e7\u00e3o em Anos Iniciais\" data-balloon-pos=\"up\">PROFESSOR DE ANOS INICIAIS 1\u00ba AO 5\u00ba ANO HABILITADO<\/span><\/td>\r\n<td class=\"cvagas\">CR<\/td>\r\n<td class=\"cremuneracao\">R$ 2.433,89 \/20h<\/td>\r\n<\/tr><tr>\r\n<td class=\"ccargos\">\r\n<span data-balloon-length=\"medium\" aria-label=\"Diploma e hist\u00f3rico escolar de conclus\u00e3o de curso superior de licenciatura plena em Pedagogia com habilita\u00e7\u00e3o em Anos Iniciais\" data-balloon-pos=\"up\">PROFESSOR DE ANOS INICIAIS 1\u00ba AO 5\u00ba ANO HABILITADO<\/span><\/td>\r\n<td class=\"cvagas\">CR<\/td>\r\n<td class=\"cremuneracao\">R$ 4.867,77 \/40h<\/td>\r\n<\/tr><tr>\r\n<td class=\"ccargos\">\r\n<span data-balloon-length=\"medium\" aria-label=\"Hist\u00f3rico escolar a partir da 5\u00ba fase em Pedagogia\" data-balloon-pos=\"up\">PROFESSOR DE ANOS INICIAIS 1\u00ba AO 5\u00ba ANO N\u00c3O HABILITADO<\/span><\/td>\r\n<td class=\"cvagas\">CR<\/td>\r\n<td class=\"cremuneracao\">R$ 2.433,89 \/20h<\/td>\r\n<\/tr><tr>\r\n<td class=\"ccargos\">\r\n<span data-balloon-length=\"medium\" aria-label=\"Hist\u00f3rico escolar a partir da 5\u00ba fase em Pedagogia\" data-balloon-pos=\"up\">PROFESSOR DE ANOS INICIAIS 1\u00ba AO 5\u00ba ANO N\u00c3O HABILITADO<\/span><\/td>\r\n<td class=\"cvagas\">CR<\/td>\r\n<td class=\"cremuneracao\">R$ 4.867,77 \/40h<\/td>\r\n<\/tr><tr>\r\n<td class=\"ccargos\">\r\n<span data-balloon-length=\"medium\" aria-label=\"Diploma e hist\u00f3rico escolar de conclus\u00e3o de curso superior de licenciatura plena em Artes\" data-balloon-pos=\"up\">PROFESSOR DE ARTES HABILITADO<\/span><\/td>\r\n<td class=\"cvagas\">CR<\/td>\r\n<td class=\"cremuneracao\">R$ 2.433,89 \/20h<\/td>\r\n<\/tr><tr>\r\n<td class=\"ccargos\">\r\n<span data-balloon-length=\"medium\" aria-label=\"Diploma e hist\u00f3rico escolar de conclus\u00e3o de curso superior de licenciatura plena em Artes\" data-balloon-pos=\"up\">PROFESSOR DE ARTES HABILITADO<\/span><\/td>\r\n<td class=\"cvagas\">CR<\/td>\r\n<td class=\"cremuneracao\">R$ 4.867,77 \/40h<\/td>\r\n<\/tr><tr>\r\n<td class=\"ccargos\">\r\n<span data-balloon-length=\"medium\" aria-label=\"Hist\u00f3rico escolar a partir da 5\u00ba fase em Artes\" data-balloon-pos=\"up\">PROFESSOR DE ARTES N\u00c3O HABILITADO<\/span><\/td>\r\n<td class=\"cvagas\">CR<\/td>\r\n<td class=\"cremuneracao\">R$ 2.433,89 \/20h<\/td>\r\n<\/tr><tr>\r\n<td class=\"ccargos\">\r\n<span data-balloon-length=\"medium\" aria-label=\"Hist\u00f3rico escolar a partir da 5\u00ba fase em Artes\" data-balloon-pos=\"up\">PROFESSOR DE ARTES N\u00c3O HABILITADO<\/span><\/td>\r\n<td class=\"cvagas\">CR<\/td>\r\n<td class=\"cremuneracao\">R$ 4.867,77 \/40h<\/td>\r\n<\/tr><tr>\r\n<td class=\"ccargos\">\r\n<span data-balloon-length=\"medium\" aria-label=\"Diploma e hist\u00f3rico escolar de conclus\u00e3o de curso superior de licenciatura plena em Hist\u00f3ria\" data-balloon-pos=\"up\">PROFESSOR DE HIST\u00d3RIA HABILITADO<\/span><\/td>\r\n<td class=\"cvagas\">CR<\/td>\r\n<td class=\"cremuneracao\">R$ 2.433,89 \/20h<\/td>\r\n<\/tr><tr>\r\n<td class=\"ccargos\">\r\n<span data-balloon-length=\"medium\" aria-label=\"Diploma e hist\u00f3rico escolar de conclus\u00e3o de curso superior de licenciatura plena em Hist\u00f3ria\" data-balloon-pos=\"up\">PROFESSOR DE HIST\u00d3RIA HABILITADO<\/span><\/td>\r\n<td class=\"cvagas\">CR<\/td>\r\n<td class=\"cremuneracao\">R$ 4.867,77 \/40h<\/td>\r\n<\/tr><tr>\r\n<td class=\"ccargos\">\r\n<span data-balloon-length=\"medium\" aria-label=\"Hist\u00f3rico escolar a partir da 5\u00ba fase em Hist\u00f3ria\" data-balloon-pos=\"up\">PROFESSOR DE HIST\u00d3RIA N\u00c3O HABILITADO<\/span><\/td>\r\n<td class=\"cvagas\">CR<\/td>\r\n<td class=\"cremuneracao\">R$ 2.433,89 \/20h<\/td>\r\n<\/tr><tr>\r\n<td class=\"ccargos\">\r\n<span data-balloon-length=\"medium\" aria-label=\"Hist\u00f3rico escolar a partir da 5\u00ba fase em Hist\u00f3ria\" data-balloon-pos=\"up\">PROFESSOR DE HIST\u00d3RIA N\u00c3O HABILITADO<\/span><\/td>\r\n<td class=\"cvagas\">CR<\/td>\r\n<td class=\"cremuneracao\">R$ 4.867,77 \/40h<\/td>\r\n<\/tr><tr>\r\n<td class=\"ccargos\">\r\n<span data-balloon-length=\"medium\" aria-label=\"Diploma e hist\u00f3rico escolar de conclus\u00e3o de curso superior de licenciatura plena em Geografia\" data-balloon-pos=\"up\">PROFESSOR DE GEOGRAFIA HABILITADO<\/span><\/td>\r\n<td class=\"cvagas\">CR<\/td>\r\n<td class=\"cremuneracao\">R$ 2.433,89 \/20h<\/td>\r\n<\/tr><tr>\r\n<td class=\"ccargos\">\r\n<span data-balloon-length=\"medium\" aria-label=\"Diploma e hist\u00f3rico escolar de conclus\u00e3o de curso superior de licenciatura plena em Geografia\" data-balloon-pos=\"up\">PROFESSOR DE GEOGRAFIA HABILITADO<\/span><\/td>\r\n<td class=\"cvagas\">CR<\/td>\r\n<td class=\"cremuneracao\">R$ 4.867,77 \/40h<\/td>\r\n<\/tr><tr>\r\n<td class=\"ccargos\">\r\n<span data-balloon-length=\"medium\" aria-label=\"Hist\u00f3rico escolar a partir da 5\u00ba fase em Geografia\" data-balloon-pos=\"up\">PROFESSOR DE GEOGRAFIA N\u00c3O HABILITADO<\/span><\/td>\r\n<td class=\"cvagas\">CR<\/td>\r\n<td class=\"cremuneracao\">R$ 2.433,89 \/20h<\/td>\r\n<\/tr><tr>\r\n<td class=\"ccargos\">\r\n<span data-balloon-length=\"medium\" aria-label=\"Hist\u00f3rico escolar a partir da 5\u00ba fase em Geografia\" data-balloon-pos=\"up\">PROFESSOR DE GEOGRAFIA N\u00c3O HABILITADO<\/span><\/td>\r\n<td class=\"cvagas\">CR<\/td>\r\n<td class=\"cremuneracao\">R$ 4.867,77 \/40h<\/td>\r\n<\/tr><tr>\r\n<td class=\"ccargos\">\r\n<span data-balloon-length=\"medium\" aria-label=\"Diploma e hist\u00f3rico escolar de conclus\u00e3o de curso superior de licenciatura plena em Ci\u00eancias\" data-balloon-pos=\"up\">PROFESSOR DE CI\u00caNCIAS HABILITADO<\/span><\/td>\r\n<td class=\"cvagas\">CR<\/td>\r\n<td class=\"cremuneracao\">R$ 2.433,89 \/20h<\/td>\r\n<\/tr><tr>\r\n<td class=\"ccargos\">\r\n<span data-balloon-length=\"medium\" aria-label=\"Diploma e hist\u00f3rico escolar de conclus\u00e3o de curso superior de licenciatura plena em Ci\u00eancias\" data-balloon-pos=\"up\">PROFESSOR DE CI\u00caNCIAS HABILITADO<\/span><\/td>\r\n<td class=\"cvagas\">CR<\/td>\r\n<td class=\"cremuneracao\">R$ 4.867,77 \/40h<\/td>\r\n<\/tr><tr>\r\n<td class=\"ccargos\">\r\n<span data-balloon-length=\"medium\" aria-label=\"Hist\u00f3rico escolar a partir da 5\u00ba fase em Ci\u00eancias\" data-balloon-pos=\"up\">PROFESSOR DE CI\u00caNCIAS N\u00c3O HABILITADO<\/span><\/td>\r\n<td class=\"cvagas\">CR<\/td>\r\n<td class=\"cremuneracao\">R$ 2.433,89 \/20h<\/td>\r\n<\/tr><tr>\r\n<td class=\"ccargos\">\r\n<span data-balloon-length=\"medium\" aria-label=\"Hist\u00f3rico escolar a partir da 5\u00ba fase em Ci\u00eancias\" data-balloon-pos=\"up\">PROFESSOR DE CI\u00caNCIAS N\u00c3O HABILITADO<\/span><\/td>\r\n<td class=\"cvagas\">CR<\/td>\r\n<td class=\"cremuneracao\">R$ 4.867,77 \/40h<\/td>\r\n<\/tr><tr>\r\n<td class=\"ccargos\">\r\n<span data-balloon-length=\"medium\" aria-label=\"Diploma e hist\u00f3rico escolar de conclus\u00e3o de curso superior de licenciatura plena em Matem\u00e1tica\" data-balloon-pos=\"up\">PROFESSOR DE MATEM\u00c1TICA HABILITADO<\/span><\/td>\r\n<td class=\"cvagas\">CR<\/td>\r\n<td class=\"cremuneracao\">R$ 2.433,89 \/20h<\/td>\r\n<\/tr><tr>\r\n<td class=\"ccargos\">\r\n<span data-balloon-length=\"medium\" aria-label=\"Diploma e hist\u00f3rico escolar de conclus\u00e3o de curso superior de licenciatura plena em Matem\u00e1tica\" data-balloon-pos=\"up\">PROFESSOR DE MATEM\u00c1TICA HABILITADO<\/span><\/td>\r\n<td class=\"cvagas\">CR<\/td>\r\n<td class=\"cremuneracao\">R$ 4.867,77 \/40h<\/td>\r\n<\/tr><tr>\r\n<td class=\"ccargos\">\r\n<span data-balloon-length=\"medium\" aria-label=\"Hist\u00f3rico escolar a partir da 5\u00ba fase em Matem\u00e1tica\" data-balloon-pos=\"up\">PROFESSOR DE MATEM\u00c1TICA N\u00c3O HABILITADO<\/span><\/td>\r\n<td class=\"cvagas\">CR<\/td>\r\n<td class=\"cremuneracao\">R$ 2.433,89 \/20h<\/td>\r\n<\/tr><tr>\r\n<td class=\"ccargos\">\r\n<span data-balloon-length=\"medium\" aria-label=\"Hist\u00f3rico escolar a partir da 5\u00ba fase em Matem\u00e1tica\" data-balloon-pos=\"up\">PROFESSOR DE MATEM\u00c1TICA N\u00c3O HABILITADO<\/span><\/td>\r\n<td class=\"cvagas\">CR<\/td>\r\n<td class=\"cremuneracao\">R$ 4.867,77 \/40h<\/td>\r\n<\/tr><tr>\r\n<td class=\"ccargos\">\r\n<span data-balloon-length=\"medium\" aria-label=\"Diploma e hist\u00f3rico escolar de conclus\u00e3o de curso superior de licenciatura plena em L\u00edngua Portuguesa\" data-balloon-pos=\"up\">PROFESSOR DE L\u00cdNGUA PORTUGUESA HABILITADO<\/span><\/td>\r\n<td class=\"cvagas\">CR<\/td>\r\n<td class=\"cremuneracao\">R$ 2.433,89 \/20h<\/td>\r\n<\/tr><tr>\r\n<td class=\"ccargos\">\r\n<span data-balloon-length=\"medium\" aria-label=\"Diploma e hist\u00f3rico escolar de conclus\u00e3o de curso superior de licenciatura plena em L\u00edngua Portuguesa\" data-balloon-pos=\"up\">PROFESSOR DE L\u00cdNGUA PORTUGUESA HABILITADO<\/span><\/td>\r\n<td class=\"cvagas\">CR<\/td>\r\n<td class=\"cremuneracao\">R$ 4.867,77 \/40h<\/td>\r\n<\/tr><tr>\r\n<td class=\"ccargos\">\r\n<span data-balloon-length=\"medium\" aria-label=\"Hist\u00f3rico escolar a partir da 5\u00ba fase em L\u00edngua Portuguesa\" data-balloon-pos=\"up\">PROFESSOR DE L\u00cdNGUA PORTUGUESA N\u00c3O HABILITADO<\/span><\/td>\r\n<td class=\"cvagas\">CR<\/td>\r\n<td class=\"cremuneracao\">R$ 2.433,89 \/20h<\/td>\r\n<\/tr><tr>\r\n<td class=\"ccargos\">\r\n<span data-balloon-length=\"medium\" aria-label=\"Hist\u00f3rico escolar a partir da 5\u00ba fase em L\u00edngua Portuguesa\" data-balloon-pos=\"up\">PROFESSOR DE L\u00cdNGUA PORTUGUESA N\u00c3O HABILITADO<\/span><\/td>\r\n<td class=\"cvagas\">CR<\/td>\r\n<td class=\"cremuneracao\">R$ 4.867,77 \/40h<\/td>\r\n<\/tr><tr>\r\n<td class=\"ccargos\">\r\n<span data-balloon-length=\"medium\" aria-label=\"Diploma e hist\u00f3rico escolar de conclus\u00e3o de curso superior de licenciatura plena em L\u00edngua Inglesa\" data-balloon-pos=\"up\">PROFESSOR DE L\u00cdNGUA INGLESA HABILITADO<\/span><\/td>\r\n<td class=\"cvagas\">CR<\/td>\r\n<td class=\"cremuneracao\">R$ 2.433,89 \/20h<\/td>\r\n<\/tr><tr>\r\n<td class=\"ccargos\">\r\n<span data-balloon-length=\"medium\" aria-label=\"Diploma e hist\u00f3rico escolar de conclus\u00e3o de curso superior de licenciatura plena em L\u00edngua Inglesa\" data-balloon-pos=\"up\">PROFESSOR DE L\u00cdNGUA INGLESA HABILITADO<\/span><\/td>\r\n<td class=\"cvagas\">CR<\/td>\r\n<td class=\"cremuneracao\">R$ 4.867,77 \/40h<\/td>\r\n<\/tr><tr>\r\n<td class=\"ccargos\">\r\n<span data-balloon-length=\"medium\" aria-label=\"Hist\u00f3rico escolar a partir da 5\u00ba fase em L\u00edngua Inglesa\" data-balloon-pos=\"up\">PROFESSOR DE L\u00cdNGUA INGLESA N\u00c3O HABILITADO<\/span><\/td>\r\n<td class=\"cvagas\">CR<\/td>\r\n<td class=\"cremuneracao\">R$ 2.433,89 \/20h<\/td>\r\n<\/tr><tr>\r\n<td class=\"ccargos\">\r\n<span data-balloon-length=\"medium\" aria-label=\"Hist\u00f3rico escolar a partir da 5\u00ba fase em L\u00edngua Inglesa\" data-balloon-pos=\"up\">PROFESSOR DE L\u00cdNGUA INGLESA N\u00c3O HABILITADO<\/span><\/td>\r\n<td class=\"cvagas\">CR<\/td>\r\n<td class=\"cremuneracao\">R$ 4.867,77 \/40h<\/td>\r\n<\/tr><tr>\r\n<td class=\"ccargos\">\r\n<span data-balloon-length=\"medium\" aria-label=\"Diploma e hist\u00f3rico escolar de conclus\u00e3o de curso superior de licenciatura plena em L\u00edngua Espanhola\" data-balloon-pos=\"up\">PROFESSOR DE L\u00cdNGUA ESPANHOLA HABILITADO<\/span><\/td>\r\n<td class=\"cvagas\">CR<\/td>\r\n<td class=\"cremuneracao\">R$ 2.433,89 \/20h<\/td>\r\n<\/tr><tr>\r\n<td class=\"ccargos\">\r\n<span data-balloon-length=\"medium\" aria-label=\"Diploma e hist\u00f3rico escolar de conclus\u00e3o de curso superior de licenciatura plena em L\u00edngua Espanhola\" data-balloon-pos=\"up\">PROFESSOR DE L\u00cdNGUA ESPANHOLA HABILITADO<\/span><\/td>\r\n<td class=\"cvagas\">CR<\/td>\r\n<td class=\"cremuneracao\">R$ 4.867,77 \/40h<\/td>\r\n<\/tr><tr>\r\n<td class=\"ccargos\">\r\n<span data-balloon-length=\"medium\" aria-label=\"Hist\u00f3rico escolar a partir da 5\u00ba fase em L\u00edngua Espanhola\" data-balloon-pos=\"up\">PROFESSOR DE L\u00cdNGUA ESPANHOLA N\u00c3O HABILITADO<\/span><\/td>\r\n<td class=\"cvagas\">CR<\/td>\r\n<td class=\"cremuneracao\">R$ 2.433,89 \/20h<\/td>\r\n<\/tr><tr>\r\n<td class=\"ccargos\">\r\n<span data-balloon-length=\"medium\" aria-label=\"Hist\u00f3rico escolar a partir da 5\u00ba fase em L\u00edngua Espanhola\" data-balloon-pos=\"up\">PROFESSOR DE L\u00cdNGUA ESPANHOLA N\u00c3O HABILITADO<\/span><\/td>\r\n<td class=\"cvagas\">CR<\/td>\r\n<td class=\"cremuneracao\">R$ 4.867,77 \/40h<\/td>\r\n<\/tr><tr>\r\n<td class=\"ccargos\">\r\n<span data-balloon-length=\"medium\" aria-label=\"Diploma e hist\u00f3rico escolar de conclus\u00e3o de curso superior de licenciatura plena em Ensino Religioso\" data-balloon-pos=\"up\">PROFESSOR DE ENSINO RELIGIOSO HABILITADO<\/span><\/td>\r\n<td class=\"cvagas\">CR<\/td>\r\n<td class=\"cremuneracao\">R$ 2.433,89 \/20h<\/td>\r\n<\/tr><tr>\r\n<td class=\"ccargos\">\r\n<span data-balloon-length=\"medium\" aria-label=\"Diploma e hist\u00f3rico escolar de conclus\u00e3o de curso superior de licenciatura plena em Ensino Religioso\" data-balloon-pos=\"up\">PROFESSOR DE ENSINO RELIGIOSO HABILITADO<\/span><\/td>\r\n<td class=\"cvagas\">CR<\/td>\r\n<td class=\"cremuneracao\">R$ 4.867,77 \/40h<\/td>\r\n<\/tr><tr>\r\n<td class=\"ccargos\">\r\n<span data-balloon-length=\"medium\" aria-label=\"Hist\u00f3rico escolar a partir da 5\u00ba fase em Ensino Religioso\" data-balloon-pos=\"up\">PROFESSOR DE ENSINO RELIGIOSO N\u00c3O HABILITADO<\/span><\/td>\r\n<td class=\"cvagas\">CR<\/td>\r\n<td class=\"cremuneracao\">R$ 2.433,89 \/20h<\/td>\r\n<\/tr><tr>\r\n<td class=\"ccargos\">\r\n<span data-balloon-length=\"medium\" aria-label=\"Hist\u00f3rico escolar a partir da 5\u00ba fase em Ensino Religioso\" data-balloon-pos=\"up\">PROFESSOR DE ENSINO RELIGIOSO N\u00c3O HABILITADO<\/span><\/td>\r\n<td class=\"cvagas\">CR<\/td>\r\n<td class=\"cremuneracao\">R$ 4.867,77 \/40h<\/td>\r\n<\/tr><tr>\r\n<td class=\"ccargos\">\r\n<span data-balloon-length=\"medium\" aria-label=\"Diploma e hist\u00f3rico escolar de conclus\u00e3o de curso superior de licenciatura plena em Educa\u00e7\u00e3o F\u00edsica\" data-balloon-pos=\"up\">PROFESSOR DE EDUCA\u00c7\u00c3O F\u00cdSICA HABILITADO<\/span><\/td>\r\n<td class=\"cvagas\">CR<\/td>\r\n<td class=\"cremuneracao\">R$ 2.433,89 \/20h<\/td>\r\n<\/tr><tr>\r\n<td class=\"ccargos\">\r\n<span data-balloon-length=\"medium\" aria-label=\"Diploma e hist\u00f3rico escolar de conclus\u00e3o de curso superior de licenciatura plena em Educa\u00e7\u00e3o F\u00edsica\" data-balloon-pos=\"up\">PROFESSOR DE EDUCA\u00c7\u00c3O F\u00cdSICA HABILITADO<\/span><\/td>\r\n<td class=\"cvagas\">CR<\/td>\r\n<td class=\"cremuneracao\">R$ 4.867,77 \/40h<\/td>\r\n<\/tr><tr>\r\n<td class=\"ccargos\">\r\n<span data-balloon-length=\"medium\" aria-label=\"Hist\u00f3rico escolar a partir da 5\u00ba fase em Educa\u00e7\u00e3o F\u00edsica\" data-balloon-pos=\"up\">PROFESSOR DE EDUCA\u00c7\u00c3O F\u00cdSICA N\u00c3O HABILITADO<\/span><\/td>\r\n<td class=\"cvagas\">CR<\/td>\r\n<td class=\"cremuneracao\">R$ 2.433,89 \/20h<\/td>\r\n<\/tr><tr>\r\n<td class=\"ccargos\">\r\n<span data-balloon-length=\"medium\" aria-label=\"Hist\u00f3rico escolar a partir da 5\u00ba fase em Educa\u00e7\u00e3o F\u00edsica\" data-balloon-pos=\"up\">PROFESSOR DE EDUCA\u00c7\u00c3O F\u00cdSICA N\u00c3O HABILITADO<\/span><\/td>\r\n<td class=\"cvagas\">CR<\/td>\r\n<td class=\"cremuneracao\">R$ 4.867,77 \/40h<\/td>\r\n<\/tr><tr>\r\n<td class=\"ccargos\">\r\n<span data-balloon-length=\"medium\" aria-label=\"Diploma e hist\u00f3rico escolar de conclus\u00e3o de curso superior de licenciatura plena em Educa\u00e7\u00e3o Especial\" data-balloon-pos=\"up\">PROFESSOR DE EDUCA\u00c7\u00c3O ESPECIAL HABILITADO<\/span><\/td>\r\n<td class=\"cvagas\">CR<\/td>\r\n<td class=\"cremuneracao\">R$ 2.433,89 \/20h<\/td>\r\n<\/tr><tr>\r\n<td class=\"ccargos\">\r\n<span data-balloon-length=\"medium\" aria-label=\"Diploma e hist\u00f3rico escolar de conclus\u00e3o de curso superior de licenciatura plena em Educa\u00e7\u00e3o Especial\" data-balloon-pos=\"up\">PROFESSOR DE EDUCA\u00c7\u00c3O ESPECIAL HABILITADO<\/span><\/td>\r\n<td class=\"cvagas\">CR<\/td>\r\n<td class=\"cremuneracao\">R$ 4.867,77 \/40h<\/td>\r\n<\/tr><tr>\r\n<td class=\"ccargos\">\r\n<span data-balloon-length=\"medium\" aria-label=\"Hist\u00f3rico escolar a partir da 5\u00ba fase em Educa\u00e7\u00e3o Especial\" data-balloon-pos=\"up\">PROFESSOR DE EDUCA\u00c7\u00c3O ESPECIAL N\u00c3O HABILITADO<\/span><\/td>\r\n<td class=\"cvagas\">CR<\/td>\r\n<td class=\"cremuneracao\">R$ 2.433,89 \/20h<\/td>\r\n<\/tr><tr>\r\n<td class=\"ccargos\">\r\n<span data-balloon-length=\"medium\" aria-label=\"Hist\u00f3rico escolar a partir da 5\u00ba fase em Educa\u00e7\u00e3o Especial\" data-balloon-pos=\"up\">PROFESSOR DE EDUCA\u00c7\u00c3O ESPECIAL N\u00c3O HABILITADO<\/span><\/td>\r\n<td class=\"cvagas\">CR<\/td>\r\n<td class=\"cremuneracao\">R$ 4.867,77 \/40h<\/td>\r\n<\/tr><tr>\r\n<td class=\"ccargos\">\r\n<span data-balloon-length=\"medium\" aria-label=\"Ensino superior em Fonoaudiologia \/ Registro no CREFONO\" data-balloon-pos=\"up\">FONOAUDI\u00d3LOGA<\/span><\/td>\r\n<td class=\"cvagas\">CR<\/td>\r\n<td class=\"cremuneracao\">R$ 5.950,67 \/40h<\/td>\r\n<\/tr><tr>\r\n<td class=\"ccargos\">\r\n<span data-balloon-length=\"medium\" aria-label=\"Ensino superior em Enfermagem \/ Registro no COREN\" data-balloon-pos=\"up\">ENFERMEIRO<\/span><\/td>\r\n<td class=\"cvagas\">CR<\/td>\r\n<td class=\"cremuneracao\">R$ 5.950,67 \/40h<\/td>\r\n<\/tr><tr>\r\n<td class=\"ccargos\">\r\n<span data-balloon-length=\"medium\" aria-label=\"Ensino Superior em Medicina \/ Registro no CRM\" data-balloon-pos=\"up\">M\u00c9DICO CL\u00cdNICO GERAL<\/span><\/td>\r\n<td class=\"cvagas\">CR<\/td>\r\n<td class=\"cremuneracao\">R$ 24.332,25 \/40h<\/td>\r\n<\/tr><tr>\r\n<td class=\"ccargos\">\r\n<span data-balloon-length=\"medium\" aria-label=\"Ensino superior em Odontologia \/ Registro no CRO\" data-balloon-pos=\"up\">ODONT\u00d3LOGO<\/span><\/td>\r\n<td class=\"cvagas\">CR<\/td>\r\n<td class=\"cremuneracao\">R$ 11.901,60 \/40h<\/td>\r\n<\/tr><tr>\r\n<td class=\"ccargos\">\r\n<span data-balloon-length=\"medium\" aria-label=\"Ensino Superior em Psicologia \/ Registro no CRP\" data-balloon-pos=\"up\">PSIC\u00d3LOGO<\/span><\/td>\r\n<td class=\"cvagas\">CR<\/td>\r\n<td class=\"cremuneracao\">R$ 5.950,67 \/40h<\/td>\r\n<\/tr><tr>\r\n<td class=\"ccargos\">\r\n<span data-balloon-length=\"medium\" aria-label=\"Ensino Superior em Nutri\u00e7\u00e3o \/ Registro no CRN\" data-balloon-pos=\"up\">NUTRICIONISTA<\/span><\/td>\r\n<td class=\"cvagas\">CR<\/td>\r\n<td class=\"cremuneracao\">R$ 5.950,67 \/40h<\/td>\r\n<\/tr><tr>\r\n<td class=\"ccargos\">\r\n<span data-balloon-length=\"medium\" aria-label=\"Ensino Superior em Engenharia Civil \/ Registro no CREA\" data-balloon-pos=\"up\">ENGENHEIRO CIVIL<\/span><\/td>\r\n<td class=\"cvagas\">CR<\/td>\r\n<td class=\"cremuneracao\">R$ 5.950,67 \/20h<\/td>\r\n<\/tr><tr>\r\n<td class=\"ccargos\">\r\n<span data-balloon-length=\"medium\" aria-label=\"Ensino Superior em Servi\u00e7o Social \/ Registro no CRESS\" data-balloon-pos=\"up\">ASSISTENTE SOCIAL<\/span><\/td>\r\n<td class=\"cvagas\">CR<\/td>\r\n<td class=\"cremuneracao\">R$ 5.950,67 \/40h<\/td>\r\n<\/tr><tr>\r\n<td class=\"ccargos\">\r\n<span data-balloon-length=\"medium\" aria-label=\"Licenciatura Plena em Artes\" data-balloon-pos=\"up\">MONITOR CULTURAL<\/span><\/td>\r\n<td class=\"cvagas\">CR<\/td>\r\n<td class=\"cremuneracao\">R$ 3.828,07 \/40h<\/td>\r\n<\/tr>\r\n    <\/tbody>\r\n  <\/table>\r\n<\/div>"},"_links":{"self":[{"href":"https:\/\/www.agrobase.com.br\/concursos\/wp-json\/wp\/v2\/posts\/274205","targetHints":{"allow":["GET"]}}],"collection":[{"href":"https:\/\/www.agrobase.com.br\/concursos\/wp-json\/wp\/v2\/posts"}],"about":[{"href":"https:\/\/www.agrobase.com.br\/concursos\/wp-json\/wp\/v2\/types\/post"}],"author":[{"embeddable":true,"href":"https:\/\/www.agrobase.com.br\/concursos\/wp-json\/wp\/v2\/users\/7"}],"replies":[{"embeddable":true,"href":"https:\/\/www.agrobase.com.br\/concursos\/wp-json\/wp\/v2\/comments?post=274205"}],"version-history":[{"count":2,"href":"https:\/\/www.agrobase.com.br\/concursos\/wp-json\/wp\/v2\/posts\/274205\/revisions"}],"predecessor-version":[{"id":274209,"href":"https:\/\/www.agrobase.com.br\/concursos\/wp-json\/wp\/v2\/posts\/274205\/revisions\/274209"}],"wp:featuredmedia":[{"embeddable":true,"href":"https:\/\/www.agrobase.com.br\/concursos\/wp-json\/wp\/v2\/media\/274204"}],"wp:attachment":[{"href":"https:\/\/www.agrobase.com.br\/concursos\/wp-json\/wp\/v2\/media?parent=274205"}],"wp:term":[{"taxonomy":"category","embeddable":true,"href":"https:\/\/www.agrobase.com.br\/concursos\/wp-json\/wp\/v2\/categories?post=274205"},{"taxonomy":"post_tag","embeddable":true,"href":"https:\/\/www.agrobase.com.br\/concursos\/wp-json\/wp\/v2\/tags?post=274205"},{"taxonomy":"_amplo","embeddable":true,"href":"https:\/\/www.agrobase.com.br\/concursos\/wp-json\/wp\/v2\/_amplo?post=274205"},{"taxonomy":"destaque","embeddable":true,"href":"https:\/\/www.agrobase.com.br\/concursos\/wp-json\/wp\/v2\/destaque?post=274205"},{"taxonomy":"instituicoes","embeddable":true,"href":"https:\/\/www.agrobase.com.br\/concursos\/wp-json\/wp\/v2\/instituicoes?post=274205"}],"curies":[{"name":"wp","href":"https:\/\/api.w.org\/{rel}","templated":true}]}}