{"id":274160,"date":"2025-11-25T07:30:40","date_gmt":"2025-11-25T10:30:40","guid":{"rendered":"https:\/\/www.agrobase.com.br\/concursos\/?p=274160"},"modified":"2025-11-24T13:03:39","modified_gmt":"2025-11-24T16:03:39","slug":"prefeitura-avare-sp-concurso-03-2025","status":"publish","type":"post","link":"https:\/\/www.agrobase.com.br\/concursos\/2025\/prefeitura-avare-sp-concurso-03-2025\/","title":{"rendered":"Prefeitura Avar\u00e9 (SP) &#8211; Concurso 03\/2025"},"content":{"rendered":"<h2>Informa\u00e7\u00f5es Gerais<\/h2>\n<p>O Concurso P\u00fablico da <strong>Est\u00e2ncia Tur\u00edstica de Avar\u00e9\/SP<\/strong>, regido pelo <strong>Edital n\u00ba 03\/2025<\/strong> e organizado pelo INDEPAC, oferece <strong>14 vagas imediatas mais cadastro reserva<\/strong> para diversos cargos de n\u00edveis Fundamental (incompleto e completo), M\u00e9dio\/T\u00e9cnico e Superior. O certame \u00e9 para <strong>provimento de cargos efetivos<\/strong>, sob <strong>regime estatut\u00e1rio<\/strong>, com validade de 2 anos, prorrog\u00e1vel por igual per\u00edodo.<\/p>\n<p>As oportunidades abrangem \u00e1reas administrativas, operacionais, sa\u00fade, fiscaliza\u00e7\u00e3o, educa\u00e7\u00e3o e servi\u00e7os, com remunera\u00e7\u00f5es iniciais entre <strong>R$ 1.377,76 e R$ 5.636,40<\/strong>, para jornadas de 10h a 40h semanais, conforme o cargo. H\u00e1 vagas e cadastro reserva em \u00e1reas de grande interesse para concurseiros da \u00e1rea ambiental e agr\u00e1ria, como <strong>Agronomia (Agr\u00f4nomo)<\/strong>, al\u00e9m de <strong>Veterin\u00e1rio<\/strong> e cargos da sa\u00fade (Enfermeiro, Farmac\u00eautico, Fisioterapeuta, Fonoaudi\u00f3logo, diversos cargos m\u00e9dicos e Dentista).<\/p>\n<p>O concurso tamb\u00e9m contempla fun\u00e7\u00f5es t\u00e9cnicas como T\u00e9cnico em Agrimensura, T\u00e9cnico em Enfermagem, T\u00e9cnico de Manuten\u00e7\u00e3o em Equipamentos de Inform\u00e1tica, al\u00e9m de cargos jur\u00eddicos (Procurador Jur\u00eddico), de controle (Controlador Interno, Auditor Fiscal Tribut\u00e1rio) e de apoio administrativo.<\/p>\n<p>Se voc\u00ea busca estabilidade na carreira p\u00fablica em Avar\u00e9\/SP, vale conferir com aten\u00e7\u00e3o as regras de inscri\u00e7\u00e3o, etapas de provas e crit\u00e9rios de classifica\u00e7\u00e3o nas se\u00e7\u00f5es a seguir.<\/p>\n<h2>Inscri\u00e7\u00f5es<\/h2>\n<p>As inscri\u00e7\u00f5es para o Concurso P\u00fablico da Est\u00e2ncia Tur\u00edstica de Avar\u00e9\/SP ser\u00e3o realizadas <strong>exclusivamente via internet<\/strong>, no site do INDEPAC: <a href=\"https:\/\/indepac.selecao.net.br\/\" target=\"_blank\" rel=\"noopener\">https:\/\/indepac.selecao.net.br\/<\/a>. O per\u00edodo de inscri\u00e7\u00e3o vai de <strong>28 de outubro de 2025<\/strong> at\u00e9 <strong>28 de novembro de 2025<\/strong>, observado o hor\u00e1rio oficial de Bras\u00edlia.<\/p>\n<p>Ap\u00f3s preencher a ficha de solicita\u00e7\u00e3o de inscri\u00e7\u00e3o on-line, o candidato dever\u00e1 gerar o <strong>boleto banc\u00e1rio<\/strong> e efetuar o pagamento da taxa de inscri\u00e7\u00e3o, cujo valor \u00e9 definido por cargo na Tabela I do edital. O boleto poder\u00e1 ser impresso no site da banca at\u00e9 o fim das inscri\u00e7\u00f5es e ter\u00e1 vencimento em <strong>03 de dezembro de 2025<\/strong>, sendo pag\u00e1vel em toda a rede banc\u00e1ria. N\u00e3o s\u00e3o aceitos dep\u00f3sitos, transfer\u00eancias, DOC, envelopes em caixa eletr\u00f4nico ou qualquer forma de pagamento diferente do boleto emitido pelo sistema.<\/p>\n<p>A inscri\u00e7\u00e3o somente ser\u00e1 confirmada ap\u00f3s a <strong>compensa\u00e7\u00e3o do pagamento<\/strong>. O comprovante de inscri\u00e7\u00e3o \u00e9 o boleto devidamente quitado, que deve ser guardado e apresentado no dia da prova objetiva, se solicitado. N\u00e3o h\u00e1 previs\u00e3o de <strong>isen\u00e7\u00e3o de taxa<\/strong> neste concurso, salvo em caso de anula\u00e7\u00e3o ou cancelamento do certame, quando poder\u00e1 haver devolu\u00e7\u00e3o.<\/p>\n<p>O candidato pode realizar at\u00e9 <strong>duas inscri\u00e7\u00f5es<\/strong>, desde que para per\u00edodos de prova distintos, conforme tabela do edital. A partir de <strong>12 de dezembro de 2025<\/strong>, \u00e9 obrigat\u00f3rio conferir no site do INDEPAC se a inscri\u00e7\u00e3o foi efetivamente confirmada. Em caso de problema, o contato deve ser feito pelo e-mail <strong>indepac@indepac.org.br<\/strong>, dentro do prazo e condi\u00e7\u00f5es previstos.<\/p>\n<p>Antes de pagar o boleto, verifique se atende a todos os requisitos do cargo e se a op\u00e7\u00e3o de cargo est\u00e1 correta, pois n\u00e3o h\u00e1 altera\u00e7\u00e3o posterior nem devolu\u00e7\u00e3o de valores. Para todos os detalhes, leia atentamente o edital completo dispon\u00edvel no site da banca.<\/p>\n<h2>Etapas e Provas<\/h2>\n<p>O concurso da Est\u00e2ncia Tur\u00edstica de Avar\u00e9\/SP \u00e9 composto por <strong>cinco fases<\/strong>, todas realizadas conforme hor\u00e1rio oficial de Bras\u00edlia:<\/p>\n<ul>\n<li><strong>Prova Objetiva (1\u00aa fase \u2013 eliminat\u00f3ria e classificat\u00f3ria)<\/strong>: aplicada a todos os cargos, em Avar\u00e9\/SP, na data prevista de <strong>11 de janeiro de 2026<\/strong>. As quest\u00f5es s\u00e3o de m\u00faltipla escolha, com 4 alternativas e apenas uma correta, divididas em <strong>Conhecimentos B\u00e1sicos<\/strong> e <strong>Conhecimentos Espec\u00edficos<\/strong>, conforme o Anexo II. A prova vale de 0 a 100 pontos, e o candidato \u00e9 considerado habilitado se obtiver <strong>nota m\u00ednima de 50 pontos<\/strong>. A dura\u00e7\u00e3o total \u00e9 de <strong>3 horas<\/strong> para a maioria dos cargos e <strong>4 horas<\/strong> para Procurador Jur\u00eddico.<\/li>\n<li><strong>Prova Dissertativa (3\u00aa fase \u2013 eliminat\u00f3ria e classificat\u00f3ria)<\/strong>: exclusiva para o cargo de <strong>Procurador Jur\u00eddico<\/strong>, aplicada no mesmo dia, local e hor\u00e1rio da objetiva. Consiste na elabora\u00e7\u00e3o de uma quest\u00e3o te\u00f3rico-pr\u00e1tica ou reda\u00e7\u00e3o dissertativo-argumentativa, valendo de 0 a 10 pontos. S\u00f3 ser\u00e3o corrigidas as provas dos candidatos com melhores notas na objetiva (20 da ampla concorr\u00eancia e 1 PcD). \u00c9 necess\u00e1rio obter <strong>nota m\u00ednima 5<\/strong> para ser habilitado.<\/li>\n<li><strong>Prova de T\u00edtulos (2\u00aa fase \u2013 classificat\u00f3ria)<\/strong>: destinada apenas aos cargos de <strong>n\u00edvel superior<\/strong>. Os t\u00edtulos (especializa\u00e7\u00e3o, mestrado, doutorado) devem ser enviados por upload no site do INDEPAC, entre <strong>28\/10\/2025 e 03\/12\/2025<\/strong>, conforme formul\u00e1rio pr\u00f3prio. A pontua\u00e7\u00e3o m\u00e1xima \u00e9 de <strong>9 pontos<\/strong>, sem car\u00e1ter eliminat\u00f3rio.<\/li>\n<li><strong>Teste de Aptid\u00e3o F\u00edsica \u2013 TAF (4\u00aa fase \u2013 eliminat\u00f3ria)<\/strong>: para os cargos de <strong>Agente de Fiscaliza\u00e7\u00e3o, Agente de Saneamento e Vetores, Monitor, Cozinheiro e Oficial de Manuten\u00e7\u00e3o e Servi\u00e7os<\/strong>. S\u00e3o convocados apenas os candidatos mais bem classificados na objetiva, em quantitativos definidos no edital. O TAF inclui testes de <em>dinamometria dorsal, manual e escapular<\/em>, al\u00e9m de <strong>barra, abdominais, flex\u00e3o de bra\u00e7os e corrida<\/strong>, com marcas m\u00ednimas distintas para homens e mulheres. O resultado \u00e9 apenas <strong>APTO ou INAPTO<\/strong>.<\/li>\n<li><strong>Teste de Habilidades Espec\u00edficas (5\u00aa fase \u2013 eliminat\u00f3ria)<\/strong>: voltado aos cargos de <strong>Borracheiro, Cozinheiro, Condutor de Ve\u00edculos e Transporte Coletivo, Marceneiro, Pedreiro, Serralheiro e T\u00e9cnico de Manuten\u00e7\u00e3o em Equipamentos de Inform\u00e1tica<\/strong>. Tem car\u00e1ter pr\u00e1tico, com pontua\u00e7\u00e3o de 0 a 100 pontos, exigindo <strong>m\u00ednimo de 50 pontos<\/strong> para aprova\u00e7\u00e3o. Somente os candidatos melhor classificados na objetiva s\u00e3o convocados.<\/li>\n<\/ul>\n<p>As provas escritas ser\u00e3o realizadas em per\u00edodos distintos por grupo de cargos, e todas as convoca\u00e7\u00f5es, locais e hor\u00e1rios ser\u00e3o divulgados no Seman\u00e1rio Oficial Eletr\u00f4nico Municipal e nos sites <a href=\"https:\/\/indepac.selecao.net.br\/\" target=\"_blank\" rel=\"noopener\">indepac.selecao.net.br<\/a> e <a href=\"https:\/\/www.avare.sp.gov.br\" target=\"_blank\" rel=\"noopener\">www.avare.sp.gov.br<\/a>. Para detalhes de conte\u00fado program\u00e1tico, crit\u00e9rios de corre\u00e7\u00e3o, pontua\u00e7\u00f5es e cronograma completo, \u00e9 indispens\u00e1vel a leitura integral do edital.<\/p>\n<h2>Resultados e Gabarito<\/h2>\n<p>Os <strong>gabaritos preliminares da prova objetiva<\/strong> ser\u00e3o divulgados no <strong>Seman\u00e1rio Oficial Eletr\u00f4nico Municipal<\/strong> e nos sites <a href=\"https:\/\/indepac.selecao.net.br\/\" target=\"_blank\" rel=\"noopener\">https:\/\/indepac.selecao.net.br\/<\/a> e <a href=\"https:\/\/www.avare.sp.gov.br\" target=\"_blank\" rel=\"noopener\">www.avare.sp.gov.br<\/a>, em data a ser informada no pr\u00f3prio dia de aplica\u00e7\u00e3o das provas. Ap\u00f3s a fase de recursos, ser\u00e3o publicados os gabaritos definitivos e o <strong>resultado provis\u00f3rio<\/strong> do concurso.<\/p>\n<p>A <strong>nota final<\/strong> ser\u00e1 calculada da seguinte forma:<\/p>\n<ul>\n<li>Para cargos como Agente Administrativo, Agente de Compras, Almoxarife, Auxiliar Cont\u00e1bil, Auxiliar de Farm\u00e1cia, Desenhista de Cadastro, T\u00e9cnico em Agrimensura, T\u00e9cnico em Enfermagem, Borracheiro, Cozinheiro, Marceneiro, Condutor de Ve\u00edculos e Transporte Coletivo, Pedreiro, Serralheiro, T\u00e9cnico de Manuten\u00e7\u00e3o em Equipamentos de Inform\u00e1tica, Agente de Fiscaliza\u00e7\u00e3o, Agente de Saneamento e Vetores, Monitor e Oficial de Manuten\u00e7\u00e3o e Servi\u00e7os: <strong>nota final = nota da prova objetiva<\/strong>.<\/li>\n<li>Para <strong>Procurador Jur\u00eddico<\/strong>: <strong>nota final = objetiva + dissertativa + t\u00edtulos<\/strong>.<\/li>\n<li>Para os demais cargos de n\u00edvel superior: <strong>nota final = objetiva + t\u00edtulos<\/strong>.<\/li>\n<\/ul>\n<p>Os candidatos ser\u00e3o classificados em ordem decrescente da nota final, com listas <strong>geral<\/strong> e <strong>espec\u00edfica para pessoas com defici\u00eancia<\/strong>. Em caso de empate, ser\u00e3o aplicados, sucessivamente, os seguintes crit\u00e9rios: idade igual ou superior a 60 anos (Estatuto do Idoso), maior n\u00famero de acertos em Conhecimentos Espec\u00edficos, maior idade e exerc\u00edcio de fun\u00e7\u00e3o de jurado em Tribunal do J\u00fari. Persistindo o empate, haver\u00e1 <strong>sorteio<\/strong>.<\/p>\n<p>Ap\u00f3s o julgamento de recursos, ser\u00e1 publicada a <strong>Classifica\u00e7\u00e3o Final<\/strong> e o <strong>Termo de Homologa\u00e7\u00e3o<\/strong>, que marcam o in\u00edcio do prazo de validade do concurso. As convoca\u00e7\u00f5es para nomea\u00e7\u00e3o e posse ser\u00e3o divulgadas no Seman\u00e1rio Oficial (vers\u00e3o impressa ou digital) e no site da Prefeitura, podendo ainda ser complementadas por telegrama ou notifica\u00e7\u00e3o do Departamento de Recursos Humanos.<\/p>\n<p>Acompanhar todas as publica\u00e7\u00f5es oficiais no site da banca organizadora, no portal da Prefeitura de Avar\u00e9 e no Seman\u00e1rio Oficial Eletr\u00f4nico Municipal \u00e9 responsabilidade exclusiva do candidato, que deve manter seus dados de contato sempre atualizados.<\/p>\n","protected":false},"excerpt":{"rendered":"<p>Concurso Pref. Avar\u00e9 (SP) com edital publicado! Vagas p\/ Procurador e Controlador (Fund. a Sup.). Inscri\u00e7\u00f5es a partir de 28\/10. Sal\u00e1rios at\u00e9 R$5.6k. Confira!<\/p>\n","protected":false},"author":7,"featured_media":274159,"comment_status":"open","ping_status":"open","sticky":false,"template":"","format":"standard","meta":{"_acf_changed":false,"_breakdance_hide_in_design_set":false,"_breakdance_tags":"","footnotes":""},"categories":[3,4,5,9,10,117,12,103,17,18,19,21,22,24,26,101,128,108,130],"tags":[62],"_amplo":[],"destaque":[],"instituicoes":[],"class_list":["post-274160","post","type-post","status-publish","format-standard","has-post-thumbnail","hentry","category-administracao","category-agronomia","category-arquitetura","category-ciencias-contabeis","category-direito","category-economia","category-enfermagem","category-engenharia-eletrica","category-farmacia","category-fisioterapia","category-fonoaudiologia","category-medicina","category-veterinaria","category-odontologia","category-psicologia","category-servico-social","category-tecnico-em-contabilidade","category-tecnico-enfermagem","category-tecnico-informatica","tag-sao-paulo"],"acf":{"_tipo_vagas":"vagas","_numero_vagas":"","_quadro_vagas":"","_cargos":"diversos","_cargos_especificos":"","_salario_max":"R$ 5636.4","_abertura":"20251028","_encerramento":"20251128","_inscricoes":"https:\/\/indepac.selecao.net.br\/","_executora_concurso":"","_instituicao_concurso":[],"_link_adicional":null,"_anexos":null,"_produtos":null,"_vagas":"14 vagas + CR","_salario_min":"R$ 1377.76","_instituicao":"Prefeitura de Avar\u00e9","_edital":"https:\/\/www.agrobase.com.br\/concursos\/wp-content\/uploads\/sites\/4\/2025\/11\/edital-03-2025-prefeitura-de-avare-sp.pdf","_anexos_edital":"https:\/\/www.agrobase.com.br\/concursos\/wp-content\/uploads\/sites\/4\/2025\/11\/anexos-edital-03-2025-prefeitura-de-avare-sp.pdf","_fund_incompleto":"<div>\r\n<table class=\"quadro\">\r\n<thead>\r\n<tr>\r\n<th class=\"hcargo\">Cargo<\/th>\r\n<th class=\"hvagas\">Vagas<\/th>\r\n<th class=\"hremuneracao\">Remunera\u00e7\u00e3o<\/th>\r\n<\/tr>\r\n<\/thead>\r\n    <tbody>\r\n      <td class=\"ccargos\">\r\n<span data-balloon-length=\"medium\" aria-label=\"Ensino Fundamental Incompleto - m\u00ednima 4\u00aa s\u00e9rie.\" data-balloon-pos=\"up\">Borracheiro<\/span><\/td>\r\n<td class=\"cvagas\">CR<\/td>\r\n<td class=\"cremuneracao\">R$ 1.687,82 \/40h<\/td>\r\n<\/tr><td class=\"ccargos\">\r\n<span data-balloon-length=\"medium\" aria-label=\"Ensino Fundamental Incompleto - m\u00ednima 4\u00aa s\u00e9rie.\" data-balloon-pos=\"up\">Cozinheiro<\/span><\/td>\r\n<td class=\"cvagas\">CR<\/td>\r\n<td class=\"cremuneracao\">R$ 1.577,38 \/40h<\/td>\r\n<\/tr><td class=\"ccargos\">\r\n<span data-balloon-length=\"medium\" aria-label=\"Ensino Fundamental Incompleto - m\u00ednima 4\u00aa s\u00e9rie.\" data-balloon-pos=\"up\">Marceneiro<\/span><\/td>\r\n<td class=\"cvagas\">CR<\/td>\r\n<td class=\"cremuneracao\">R$ 1.932,39 \/40h<\/td>\r\n<\/tr><td class=\"ccargos\">\r\n<span data-balloon-length=\"medium\" data-balloon-pos=\"up\">Condutor de Ve\u00edculos e Transporte Coletivo<\/span><\/td>\r\n<td class=\"cvagas\">CR<\/td>\r\n<td class=\"cremuneracao\">R$ 1.687,82 \/40h<\/td>\r\n<\/tr><td class=\"ccargos\">\r\n<span data-balloon-length=\"medium\" aria-label=\"Ensino Fundamental Incompleto - m\u00ednima 4\u00aa s\u00e9rie.\" data-balloon-pos=\"up\">Oficial de Manuten\u00e7\u00e3o e Servi\u00e7os<\/span><\/td>\r\n<td class=\"cvagas\">CR<\/td>\r\n<td class=\"cremuneracao\">R$ 1.377,76 \/40h<\/td>\r\n<\/tr><td class=\"ccargos\">\r\n<span data-balloon-length=\"medium\" aria-label=\"Ensino Fundamental Incompleto - m\u00ednima 4\u00aa s\u00e9rie.\" data-balloon-pos=\"up\">Pedreiro<\/span><\/td>\r\n<td class=\"cvagas\">CR<\/td>\r\n<td class=\"cremuneracao\">R$ 1.805,96 \/40h<\/td>\r\n<\/tr><td class=\"ccargos\">\r\n<span data-balloon-length=\"medium\" aria-label=\"Ensino Fundamental Incompleto - m\u00ednima 4\u00aa s\u00e9rie.\" data-balloon-pos=\"up\">Serralheiro<\/span><\/td>\r\n<td class=\"cvagas\">CR<\/td>\r\n<td class=\"cremuneracao\">R$ 1.932,39 \/40h<\/td>\r\n<\/tr>\r\n    <\/tbody>\r\n  <\/table>\r\n<\/div>","_fund_completo":"<div>\r\n<table class=\"quadro\">\r\n<thead>\r\n<tr>\r\n<th class=\"hcargo\">Cargo<\/th>\r\n<th class=\"hvagas\">Vagas<\/th>\r\n<th class=\"hremuneracao\">Remunera\u00e7\u00e3o<\/th>\r\n<\/tr>\r\n<\/thead>\r\n    <tbody>\r\n      <td class=\"ccargos\">\r\n<span data-balloon-length=\"medium\" aria-label=\"Ensino Fundamental Completo.\" data-balloon-pos=\"up\">Monitor<\/span><\/td>\r\n<td class=\"cvagas\">CR<\/td>\r\n<td class=\"cremuneracao\">R$ 1.474,21 \/40h<\/td>\r\n<\/tr>\r\n    <\/tbody>\r\n  <\/table>\r\n<\/div>","_medio":"<div>\r\n<table class=\"quadro\">\r\n<thead>\r\n<tr>\r\n<th class=\"hcargo\">Cargo<\/th>\r\n<th class=\"hvagas\">Vagas<\/th>\r\n<th class=\"hremuneracao\">Remunera\u00e7\u00e3o<\/th>\r\n<\/tr>\r\n<\/thead>\r\n    <tbody>\r\n      <td class=\"ccargos\">\r\n<span data-balloon-length=\"medium\" aria-label=\"Ensino M\u00e9dio completo e Conhecimento em Inform\u00e1tica.\" data-balloon-pos=\"up\">Agente Administrativo<\/span><\/td>\r\n<td class=\"cvagas\">01<\/td>\r\n<td class=\"cremuneracao\">R$ 1.805,96 \/40h<\/td>\r\n<\/tr><td class=\"ccargos\">\r\n<span data-balloon-length=\"medium\" aria-label=\"Ensino M\u00e9dio completo e Conhecimento em Inform\u00e1tica.\" data-balloon-pos=\"up\">Agente de Compras<\/span><\/td>\r\n<td class=\"cvagas\">CR<\/td>\r\n<td class=\"cremuneracao\">R$ 2.532,96 \/40h<\/td>\r\n<\/tr><td class=\"ccargos\">\r\n<span data-balloon-length=\"medium\" aria-label=\"Ensino M\u00e9dio completo e Conhecimento em Inform\u00e1tica.\" data-balloon-pos=\"up\">Agente de Fiscaliza\u00e7\u00e3o<\/span><\/td>\r\n<td class=\"cvagas\">01<\/td>\r\n<td class=\"cremuneracao\">R$ 2.067,68 \/40h<\/td>\r\n<\/tr><td class=\"ccargos\">\r\n<span data-balloon-length=\"medium\" aria-label=\"Ensino M\u00e9dio completo e Conhecimento em Inform\u00e1tica.\" data-balloon-pos=\"up\">Agente de Saneamento e Vetores<\/span><\/td>\r\n<td class=\"cvagas\">02 + CR<\/td>\r\n<td class=\"cremuneracao\">R$ 1.805,96 \/40h<\/td>\r\n<\/tr><td class=\"ccargos\">\r\n<span data-balloon-length=\"medium\" aria-label=\"Ensino M\u00e9dio completo e Conhecimento em Inform\u00e1tica.\" data-balloon-pos=\"up\">Almoxarife<\/span><\/td>\r\n<td class=\"cvagas\">CR<\/td>\r\n<td class=\"cremuneracao\">R$ 2.067,68 \/40h<\/td>\r\n<\/tr><td class=\"ccargos\">\r\n<span data-balloon-length=\"medium\" aria-label=\"Ensino M\u00e9dio completo, Curso T\u00e9cnico completo em Contabilidade e Conhecimento em Inform\u00e1tica. Registo no CRC (Resolu\u00e7\u00e3o 1707\/203)\" data-balloon-pos=\"up\">Auxiliar Cont\u00e1bil<\/span><\/td>\r\n<td class=\"cvagas\">CR<\/td>\r\n<td class=\"cremuneracao\">R$ 2.532,96 \/40h<\/td>\r\n<\/tr><td class=\"ccargos\">\r\n<span data-balloon-length=\"medium\" aria-label=\"Ensino M\u00e9dio completo e Conhecimento em Inform\u00e1tica e curso espec\u00edfico na \u00e1rea\" data-balloon-pos=\"up\">Auxiliar de Farm\u00e1cia<\/span><\/td>\r\n<td class=\"cvagas\">CR<\/td>\r\n<td class=\"cremuneracao\">R$ 1.805,96 \/40h<\/td>\r\n<\/tr><td class=\"ccargos\">\r\n<span data-balloon-length=\"medium\" aria-label=\"Ensino M\u00e9dio Completo e Conhecimento em inform\u00e1tica.\" data-balloon-pos=\"up\">Desenhista de Cadastro<\/span><\/td>\r\n<td class=\"cvagas\">CR<\/td>\r\n<td class=\"cremuneracao\">R$ 2.067,68 \/40h<\/td>\r\n<\/tr><td class=\"ccargos\">\r\n<span data-balloon-length=\"medium\" aria-label=\"Ensino M\u00e9dio Completo e experi\u00eancia m\u00ednima comprovada de 2 (dois) anos na \u00e1rea.\" data-balloon-pos=\"up\">T\u00e9cnico de Manuten\u00e7\u00e3o em Equipamentos de Inform\u00e1tica<\/span><\/td>\r\n<td class=\"cvagas\">CR<\/td>\r\n<td class=\"cremuneracao\">R$ 2.532,96 \/40h<\/td>\r\n<\/tr><td class=\"ccargos\">\r\n<span data-balloon-length=\"medium\" aria-label=\"M\u00e9dio Profissionalizante ou M\u00e9dio Completo + Curso T\u00e9cnico na \u00e1rea de Agrimensura Registro no CREA - Resolu\u00e7\u00e3o n\u00ba 262, de 28\/07\/79 CONFEA\" data-balloon-pos=\"up\">T\u00e9cnico em Agrimensura<\/span><\/td>\r\n<td class=\"cvagas\">01<\/td>\r\n<td class=\"cremuneracao\">R$ 2.532,96 \/40h<\/td>\r\n<\/tr><td class=\"ccargos\">\r\n<span data-balloon-length=\"medium\" aria-label=\"Ensino M\u00e9dio Completo, curso T\u00e9cnico completo em Enfermagem e registro no COREN.\" data-balloon-pos=\"up\">T\u00e9cnico em Enfermagem<\/span><\/td>\r\n<td class=\"cvagas\">CR<\/td>\r\n<td class=\"cremuneracao\">R$ 2.367,26 \/40h<\/td>\r\n<\/tr>\r\n    <\/tbody>\r\n  <\/table>\r\n<\/div>","_superior":"<div>\r\n<table class=\"quadro\">\r\n<thead>\r\n<tr>\r\n<th class=\"hcargo\">Cargo<\/th>\r\n<th class=\"hvagas\">Vagas<\/th>\r\n<th class=\"hremuneracao\">Remunera\u00e7\u00e3o<\/th>\r\n<\/tr>\r\n<\/thead>\r\n    <tbody>\r\n      <tr>\r\n<td class=\"ccargos\">\r\n<span data-balloon-length=\"medium\" aria-label=\"Ensino Superior Completo em Arquitetura e registro no CAU.\" data-balloon-pos=\"up\">Arquiteto<\/span><\/td>\r\n<td class=\"cvagas\">01<\/td>\r\n<td class=\"cremuneracao\">R$ 3.660,37 \/20h<\/td>\r\n<\/tr><tr>\r\n<td class=\"ccargos\">\r\n<span data-balloon-length=\"medium\" aria-label=\"Ensino Superior Completo em Servi\u00e7o Social e registro no CRESS.\" data-balloon-pos=\"up\">Assistente Social<\/span><\/td>\r\n<td class=\"cvagas\"><\/td>\r\n<td class=\"cremuneracao\">R$ 3.660,37 \/30h<\/td>\r\n<\/tr><tr>\r\n<td class=\"ccargos\">\r\n<span data-balloon-length=\"medium\" aria-label=\"Ensino Superior Completo em Ci\u00eancias Cont\u00e1beis, Direito, Economia ou Administra\u00e7\u00e3o.\" data-balloon-pos=\"up\">Auditor Fiscal Tribut\u00e1rio<\/span><\/td>\r\n<td class=\"cvagas\">CR<\/td>\r\n<td class=\"cremuneracao\">R$ 3.660,37 \/30h<\/td>\r\n<\/tr><tr>\r\n<td class=\"ccargos\">\r\n<span data-balloon-length=\"medium\" aria-label=\"Ensino Superior Completo em Ci\u00eancias Cont\u00e1beis, registro no CRC e Conhecimento em Inform\u00e1tica.\" data-balloon-pos=\"up\">Contador<\/span><\/td>\r\n<td class=\"cvagas\">01<\/td>\r\n<td class=\"cremuneracao\">R$ 4.575,46 \/30h<\/td>\r\n<\/tr><tr>\r\n<td class=\"ccargos\">\r\n<span data-balloon-length=\"medium\" aria-label=\"Curso Superior completo em uma das seguintes \u00e1reas: Administra\u00e7\u00e3o, Contabilidade, Direito ou Economia.\" data-balloon-pos=\"up\">Controlador Interno<\/span><\/td>\r\n<td class=\"cvagas\">01<\/td>\r\n<td class=\"cremuneracao\">R$ 5.636,40 \/40h<\/td>\r\n<\/tr><tr>\r\n<td class=\"ccargos\">\r\n<span data-balloon-length=\"medium\" aria-label=\"Superior Completo em Odontologia e registro no CRO.\" data-balloon-pos=\"up\">Dentista<\/span><\/td>\r\n<td class=\"cvagas\">CR<\/td>\r\n<td class=\"cremuneracao\">R$ 3.660,37 \/20h<\/td>\r\n<\/tr><tr>\r\n<td class=\"ccargos\">\r\n<span data-balloon-length=\"medium\" aria-label=\"Ensino Superior Completo em Enfermagem e registro no COREN.\" data-balloon-pos=\"up\">Enfermeiro<\/span><\/td>\r\n<td class=\"cvagas\">CR<\/td>\r\n<td class=\"cremuneracao\">R$ 3.660,37 \/30h<\/td>\r\n<\/tr><tr>\r\n<td class=\"ccargos\">\r\n<span data-balloon-length=\"medium\" aria-label=\"Ensino Superior Completo em Engenharia Agron\u00f4mica e registro no CREA.\" data-balloon-pos=\"up\">Agr\u00f4nomo<\/span><\/td>\r\n<td class=\"cvagas\">CR<\/td>\r\n<td class=\"cremuneracao\">R$ 3.660,37 \/20h<\/td>\r\n<\/tr><tr>\r\n<td class=\"ccargos\">\r\n<span data-balloon-length=\"medium\" aria-label=\"Ensino Superior Completo em Engenharia El\u00e9trica e registro no CREA.\" data-balloon-pos=\"up\">Engenheiro Eletricista<\/span><\/td>\r\n<td class=\"cvagas\">01<\/td>\r\n<td class=\"cremuneracao\">R$ 3.660,37 \/20h<\/td>\r\n<\/tr><tr>\r\n<td class=\"ccargos\">\r\n<span data-balloon-length=\"medium\" aria-label=\"Ensino Superior Completo com forma\u00e7\u00e3o espec\u00edfica na \u00e1rea de Farm\u00e1cia e competente registro no CRF\" data-balloon-pos=\"up\">Farmac\u00eautico<\/span><\/td>\r\n<td class=\"cvagas\">CR<\/td>\r\n<td class=\"cremuneracao\">R$ 3.660,37 \/30h<\/td>\r\n<\/tr><tr>\r\n<td class=\"ccargos\">\r\n<span data-balloon-length=\"medium\" aria-label=\"Ensino Superior Completo em Fisioterapia e registro no CREFITO.\" data-balloon-pos=\"up\">Fisioterapeuta<\/span><\/td>\r\n<td class=\"cvagas\">CR<\/td>\r\n<td class=\"cremuneracao\">R$ 3.660,37 \/30h<\/td>\r\n<\/tr><tr>\r\n<td class=\"ccargos\">\r\n<span data-balloon-length=\"medium\" aria-label=\"Ensino Superior Completo em Fonoaudiologia e registro no CREFONO.\" data-balloon-pos=\"up\">Fonoaudi\u00f3logo<\/span><\/td>\r\n<td class=\"cvagas\">01<\/td>\r\n<td class=\"cremuneracao\">R$ 3.660,37 \/30h<\/td>\r\n<\/tr><tr>\r\n<td class=\"ccargos\">\r\n<span data-balloon-length=\"medium\" aria-label=\"Ensino Superior Completo em Medicina, em institui\u00e7\u00e3o de ensino reconhecida pelo MEC; T\u00edtulo de Especialista ou Especializa\u00e7\u00e3o na respectiva \u00e1rea (Titularidade reconhecida pela Associa\u00e7\u00e3o M\u00e9dica Brasileira); Certificado da Resid\u00eancia M\u00e9dica credenciada pela Comiss\u00e3o Nacional de Resid\u00eancia M\u00e9dica; e Registro no Conselho de Classe - CRM.\" data-balloon-pos=\"up\">M\u00e9dico Cirurgi\u00e3o Geral<\/span><\/td>\r\n<td class=\"cvagas\">CR<\/td>\r\n<td class=\"cremuneracao\">R$ 4.575,46 \/10h<\/td>\r\n<\/tr><tr>\r\n<td class=\"ccargos\">\r\n<span data-balloon-length=\"medium\" aria-label=\"Ensino Superior Completo em Medicina, em institui\u00e7\u00e3o de ensino reconhecida pelo MEC; Certificado de Resid\u00eancia M\u00e9dica credenciada pela Comiss\u00e3o Nacional de Resid\u00eancia M\u00e9dica; e Registro no Conselho de Classe CRM.\" data-balloon-pos=\"up\">M\u00e9dico Cl\u00ednico Geral<\/span><\/td>\r\n<td class=\"cvagas\">CR<\/td>\r\n<td class=\"cremuneracao\">R$ 4.575,46 \/10h<\/td>\r\n<\/tr><tr>\r\n<td class=\"ccargos\">\r\n<span data-balloon-length=\"medium\" aria-label=\"Ensino Superior Completo em Medicina, em institui\u00e7\u00e3o de ensino reconhecida pelo MEC; T\u00edtulo de Especialista ou Especializa\u00e7\u00e3o na respectiva \u00e1rea (Titularidade reconhecida pela Associa\u00e7\u00e3o M\u00e9dica Brasileira); Certificado da Resid\u00eancia M\u00e9dica credenciada pela Comiss\u00e3o Nacional de Resid\u00eancia M\u00e9dica; e Registro no Conselho de Classe CRM.\" data-balloon-pos=\"up\">M\u00e9dico Especialista Angiologista<\/span><\/td>\r\n<td class=\"cvagas\">CR<\/td>\r\n<td class=\"cremuneracao\">R$ 4.575,46 \/10h<\/td>\r\n<\/tr><tr>\r\n<td class=\"ccargos\">\r\n<span data-balloon-length=\"medium\" aria-label=\"Ensino Superior Completo em Medicina, em institui\u00e7\u00e3o de ensino reconhecida pelo MEC; T\u00edtulo de Especialista ou Especializa\u00e7\u00e3o na respectiva \u00e1rea (Titularidade reconhecida pela Associa\u00e7\u00e3o M\u00e9dica Brasileira); Certificado da Resid\u00eancia M\u00e9dica credenciada pela Comiss\u00e3o Nacional de Resid\u00eancia M\u00e9dica; e Registro no Conselho de Classe - CRM.\" data-balloon-pos=\"up\">M\u00e9dico especialista Cardiologista<\/span><\/td>\r\n<td class=\"cvagas\">CR<\/td>\r\n<td class=\"cremuneracao\">R$ 4.575,46 \/10h<\/td>\r\n<\/tr><tr>\r\n<td class=\"ccargos\">\r\n<span data-balloon-length=\"medium\" aria-label=\"Ensino Superior Completo em Medicina, em institui\u00e7\u00e3o de ensino reconhecida pelo MEC; T\u00edtulo de Especialista ou Especializa\u00e7\u00e3o na respectiva \u00e1rea (Titularidade reconhecida pela Associa\u00e7\u00e3o M\u00e9dica Brasileira); Certificado da Resid\u00eancia M\u00e9dica credenciada pela Comiss\u00e3o Nacional de Resid\u00eancia M\u00e9dica; e Registro no Conselho de Classe - CRM.\" data-balloon-pos=\"up\">M\u00e9dico Especialista Dermatologista<\/span><\/td>\r\n<td class=\"cvagas\">CR<\/td>\r\n<td class=\"cremuneracao\">R$ 4.575,46 \/10h<\/td>\r\n<\/tr><tr>\r\n<td class=\"ccargos\">\r\n<span data-balloon-length=\"medium\" aria-label=\"Ensino Superior Completo em Medicina, em institui\u00e7\u00e3o de ensino reconhecida pelo MEC; T\u00edtulo de Especialista ou Especializa\u00e7\u00e3o na respectiva \u00e1rea (Titularidade reconhecida pela Associa\u00e7\u00e3o M\u00e9dica Brasileira); Certificado da Resid\u00eancia M\u00e9dica credenciada pela Comiss\u00e3o Nacional de Resid\u00eancia M\u00e9dica; e Registro no Conselho de Classe - CRM.\" data-balloon-pos=\"up\">M\u00e9dico Especialista Endocrinologista<\/span><\/td>\r\n<td class=\"cvagas\">CR<\/td>\r\n<td class=\"cremuneracao\">R$ 4.575,46 \/10h<\/td>\r\n<\/tr><tr>\r\n<td class=\"ccargos\">\r\n<span data-balloon-length=\"medium\" aria-label=\"Ensino Superior Completo em Medicina, em institui\u00e7\u00e3o de ensino reconhecida pelo MEC; T\u00edtulo de Especialista ou Especializa\u00e7\u00e3o na respectiva \u00e1rea (Titularidade reconhecida pela Associa\u00e7\u00e3o M\u00e9dica Brasileira); Certificado da Resid\u00eancia M\u00e9dica credenciada pela Comiss\u00e3o Nacional de Resid\u00eancia M\u00e9dica; e Registro no Conselho de Classe - CRM.\" data-balloon-pos=\"up\">M\u00e9dico Especialista Gastroenterologista<\/span><\/td>\r\n<td class=\"cvagas\">CR<\/td>\r\n<td class=\"cremuneracao\">R$ 4.575,46 \/10h<\/td>\r\n<\/tr><tr>\r\n<td class=\"ccargos\">\r\n<span data-balloon-length=\"medium\" aria-label=\"Ensino Superior Completo em Medicina, em institui\u00e7\u00e3o de ensino reconhecida pelo MEC; T\u00edtulo de Especialista ou Especializa\u00e7\u00e3o na respectiva \u00e1rea (Titularidade reconhecida pela Associa\u00e7\u00e3o M\u00e9dica Brasileira); Certificado da Resid\u00eancia M\u00e9dica credenciada pela Comiss\u00e3o Nacional de Resid\u00eancia M\u00e9dica; e Registro no Conselho de Classe CRM.\" data-balloon-pos=\"up\">M\u00e9dico Especialista Ortopedista<\/span><\/td>\r\n<td class=\"cvagas\">CR<\/td>\r\n<td class=\"cremuneracao\">R$ 4.575,46 \/10h<\/td>\r\n<\/tr><tr>\r\n<td class=\"ccargos\">\r\n<span data-balloon-length=\"medium\" aria-label=\"Ensino Superior Completo em Medicina, em institui\u00e7\u00e3o de ensino reconhecida pelo MEC; T\u00edtulo de Especialista ou Especializa\u00e7\u00e3o na respectiva \u00e1rea (Titularidade reconhecida pela Associa\u00e7\u00e3o M\u00e9dica Brasileira); Certificado da Resid\u00eancia M\u00e9dica credenciada pela Comiss\u00e3o Nacional de Resid\u00eancia M\u00e9dica; e Registro no Conselho de Classe CRM.\" data-balloon-pos=\"up\">M\u00e9dico Especialista Otorrinolaringologista<\/span><\/td>\r\n<td class=\"cvagas\">CR<\/td>\r\n<td class=\"cremuneracao\">R$ 4.575,46 \/10h<\/td>\r\n<\/tr><tr>\r\n<td class=\"ccargos\">\r\n<span data-balloon-length=\"medium\" aria-label=\"Ensino Superior Completo em Medicina, em institui\u00e7\u00e3o de ensino reconhecida pelo MEC; T\u00edtulo de Especialista ou Especializa\u00e7\u00e3o na respectiva \u00e1rea (Titularidade reconhecida pela Associa\u00e7\u00e3o M\u00e9dica Brasileira); Certificado da Resid\u00eancia M\u00e9dica credenciada pela Comiss\u00e3o Nacional de Resid\u00eancia M\u00e9dica; e Registro no Conselho de Classe - CRM.\" data-balloon-pos=\"up\">M\u00e9dico Especialista Pediatra<\/span><\/td>\r\n<td class=\"cvagas\">CR<\/td>\r\n<td class=\"cremuneracao\">R$ 4.575,46 \/10h<\/td>\r\n<\/tr><tr>\r\n<td class=\"ccargos\">\r\n<span data-balloon-length=\"medium\" aria-label=\"Ensino Superior Completo em Medicina, em institui\u00e7\u00e3o de ensino reconhecida pelo MEC; T\u00edtulo de Especialista ou Especializa\u00e7\u00e3o na respectiva \u00e1rea (Titularidade reconhecida pela Associa\u00e7\u00e3o M\u00e9dica Brasileira); Certificado da Resid\u00eancia M\u00e9dica credenciada pela Comiss\u00e3o Nacional de Resid\u00eancia M\u00e9dica; e Registro no Conselho de Classe - CRM.\" data-balloon-pos=\"up\">M\u00e9dico Especialista Psiquiatra<\/span><\/td>\r\n<td class=\"cvagas\">CR<\/td>\r\n<td class=\"cremuneracao\">R$ 4.575,46 \/10h<\/td>\r\n<\/tr><tr>\r\n<td class=\"ccargos\">\r\n<span data-balloon-length=\"medium\" aria-label=\"Ensino Superior Completo em Medicina, em institui\u00e7\u00e3o de ensino reconhecida pelo MEC; T\u00edtulo de Especialista ou Especializa\u00e7\u00e3o na respectiva \u00e1rea (Titularidade reconhecida pela Associa\u00e7\u00e3o M\u00e9dica Brasileira); Certificado da Resid\u00eancia M\u00e9dica credenciada pela Comiss\u00e3o Nacional de Resid\u00eancia M\u00e9dica; e Registro no Conselho de Classe - CRM.\" data-balloon-pos=\"up\">M\u00e9dico Psiquiatra Infantil<\/span><\/td>\r\n<td class=\"cvagas\">01<\/td>\r\n<td class=\"cremuneracao\">R$ 4.575,46 \/10h<\/td>\r\n<\/tr><tr>\r\n<td class=\"ccargos\">\r\n<span data-balloon-length=\"medium\" aria-label=\"Ensino Superior completo com forma\u00e7\u00e3o na \u00e1rea de Psicologia, com especializa\u00e7\u00e3o em Neuropsicologia e registro no CRP.\" data-balloon-pos=\"up\">Neuropsic\u00f3logo<\/span><\/td>\r\n<td class=\"cvagas\">01<\/td>\r\n<td class=\"cremuneracao\">R$ 3.660,37 \/30h<\/td>\r\n<\/tr><tr>\r\n<td class=\"ccargos\">\r\n<span data-balloon-length=\"medium\" aria-label=\"Ensino Superior Completo em Direito\/Ci\u00eancias Jur\u00eddicas e inscri\u00e7\u00e3o (registro) na OAB - Ordem dos Advogados do Brasil, e experi\u00eancia comprovada de no m\u00ednimo 02 (dois) anos\" data-balloon-pos=\"up\">Procurador Jur\u00eddico<\/span><\/td>\r\n<td class=\"cvagas\">01<\/td>\r\n<td class=\"cremuneracao\">R$ 4.980,60 \/20h<\/td>\r\n<\/tr><tr>\r\n<td class=\"ccargos\">\r\n<span data-balloon-length=\"medium\" aria-label=\"Ensino Superior Completo em Psicologia com habilita\u00e7\u00e3o na \u00e1rea de atua\u00e7\u00e3o (Psicologia Cl\u00ednica) e registro no CRP, obedecendo \u00e0s normas contidas na legisla\u00e7\u00e3o Nacional e nas Resolu\u00e7\u00f5es do Conselho Nacional da Categoria Profissional.\" data-balloon-pos=\"up\">Psic\u00f3logo<\/span><\/td>\r\n<td class=\"cvagas\">01<\/td>\r\n<td class=\"cremuneracao\">R$ 3.660,37 \/30h<\/td>\r\n<\/tr><tr>\r\n<td class=\"ccargos\">\r\n<span data-balloon-length=\"medium\" aria-label=\"Superior Completo - CRMV\" data-balloon-pos=\"up\">Veterin\u00e1rio<\/span><\/td>\r\n<td class=\"cvagas\">CR<\/td>\r\n<td class=\"cremuneracao\">R$ 3.660,37 \/20h<\/td>\r\n<\/tr>\r\n    <\/tbody>\r\n  <\/table>\r\n<\/div>"},"_links":{"self":[{"href":"https:\/\/www.agrobase.com.br\/concursos\/wp-json\/wp\/v2\/posts\/274160","targetHints":{"allow":["GET"]}}],"collection":[{"href":"https:\/\/www.agrobase.com.br\/concursos\/wp-json\/wp\/v2\/posts"}],"about":[{"href":"https:\/\/www.agrobase.com.br\/concursos\/wp-json\/wp\/v2\/types\/post"}],"author":[{"embeddable":true,"href":"https:\/\/www.agrobase.com.br\/concursos\/wp-json\/wp\/v2\/users\/7"}],"replies":[{"embeddable":true,"href":"https:\/\/www.agrobase.com.br\/concursos\/wp-json\/wp\/v2\/comments?post=274160"}],"version-history":[{"count":1,"href":"https:\/\/www.agrobase.com.br\/concursos\/wp-json\/wp\/v2\/posts\/274160\/revisions"}],"predecessor-version":[{"id":274162,"href":"https:\/\/www.agrobase.com.br\/concursos\/wp-json\/wp\/v2\/posts\/274160\/revisions\/274162"}],"wp:featuredmedia":[{"embeddable":true,"href":"https:\/\/www.agrobase.com.br\/concursos\/wp-json\/wp\/v2\/media\/274159"}],"wp:attachment":[{"href":"https:\/\/www.agrobase.com.br\/concursos\/wp-json\/wp\/v2\/media?parent=274160"}],"wp:term":[{"taxonomy":"category","embeddable":true,"href":"https:\/\/www.agrobase.com.br\/concursos\/wp-json\/wp\/v2\/categories?post=274160"},{"taxonomy":"post_tag","embeddable":true,"href":"https:\/\/www.agrobase.com.br\/concursos\/wp-json\/wp\/v2\/tags?post=274160"},{"taxonomy":"_amplo","embeddable":true,"href":"https:\/\/www.agrobase.com.br\/concursos\/wp-json\/wp\/v2\/_amplo?post=274160"},{"taxonomy":"destaque","embeddable":true,"href":"https:\/\/www.agrobase.com.br\/concursos\/wp-json\/wp\/v2\/destaque?post=274160"},{"taxonomy":"instituicoes","embeddable":true,"href":"https:\/\/www.agrobase.com.br\/concursos\/wp-json\/wp\/v2\/instituicoes?post=274160"}],"curies":[{"name":"wp","href":"https:\/\/api.w.org\/{rel}","templated":true}]}}