{"id":274139,"date":"2025-11-24T08:30:29","date_gmt":"2025-11-24T11:30:29","guid":{"rendered":"https:\/\/www.agrobase.com.br\/concursos\/?p=274139"},"modified":"2025-11-21T12:25:41","modified_gmt":"2025-11-21T15:25:41","slug":"prefeitura-macieira-sc-selecao-publica-02-2025","status":"publish","type":"post","link":"https:\/\/www.agrobase.com.br\/concursos\/2025\/prefeitura-macieira-sc-selecao-publica-02-2025\/","title":{"rendered":"Prefeitura Macieira (SC) &#8211; Sele\u00e7\u00e3o P\u00fablica 02\/2025"},"content":{"rendered":"<h2>Informa\u00e7\u00f5es Gerais<\/h2>\n<p>O Edital n\u00ba 02\/2025 \u2013 Processo Seletivo n\u00ba 17\/2025, de 30 de outubro de 2025, regulamenta o processo seletivo da Prefeitura Municipal de Macieira\/SC para contrata\u00e7\u00e3o de pessoal em car\u00e1ter tempor\u00e1rio, visando \u00e0 forma\u00e7\u00e3o de cadastro de reserva para atua\u00e7\u00e3o na Secretaria Municipal de Educa\u00e7\u00e3o, Cultura e Esporte. O certame \u00e9 organizado pela empresa Biscaro Consultoria, com publica\u00e7\u00f5es oficiais sob responsabilidade da Prefeitura de Macieira.<\/p>\n<p>O processo seletivo oferece oportunidades em diferentes n\u00edveis de escolaridade, abrangendo cargos de n\u00edvel fundamental incompleto, m\u00e9dio\/t\u00e9cnico e superior, com remunera\u00e7\u00f5es que variam aproximadamente de R$ 1.216,96 a R$ 4.512,13. As vagas concentram-se nas \u00e1reas de educa\u00e7\u00e3o (doc\u00eancia e apoio escolar), servi\u00e7os de alimenta\u00e7\u00e3o escolar, transporte e atendimento especializado, incluindo cargos de <strong>Nutricionista<\/strong> e <strong>Profissional de Educa\u00e7\u00e3o F\u00edsica<\/strong>, \u00e1reas de interesse especial para muitos concurseiros.<\/p>\n<p>As contrata\u00e7\u00f5es ser\u00e3o tempor\u00e1rias, para atendimento \u00e0s necessidades da Administra\u00e7\u00e3o Municipal, conforme legisla\u00e7\u00e3o local espec\u00edfica, sem garantia autom\u00e1tica de admiss\u00e3o, mesmo ap\u00f3s aprova\u00e7\u00e3o. A validade do processo seletivo ser\u00e1 de at\u00e9 1 ano, prorrog\u00e1vel por igual per\u00edodo. A seguir, voc\u00ea confere como funcionam as inscri\u00e7\u00f5es, etapas de provas e divulga\u00e7\u00e3o dos resultados para decidir com seguran\u00e7a sobre sua participa\u00e7\u00e3o.<\/p>\n<h2>Inscri\u00e7\u00f5es<\/h2>\n<p>As inscri\u00e7\u00f5es para o Processo Seletivo n\u00ba 17\/2025 da Prefeitura de Macieira\/SC estar\u00e3o abertas de <strong>30\/10\/2025 a 28\/11\/2025<\/strong>, podendo ser realizadas de duas formas: presencialmente ou por e-mail. O atendimento presencial ocorre na recep\u00e7\u00e3o da Secretaria Municipal de Educa\u00e7\u00e3o, na Rua Dona Maria Mendes, n\u00ba 356, Centro, CEP 89518-000, no hor\u00e1rio das 08h30 \u00e0s 11h00 e das 13h30 \u00e0s 16h30. Para a inscri\u00e7\u00e3o por e-mail, o candidato deve encaminhar a documenta\u00e7\u00e3o para <strong>educacao@macieira.sc.gov.br<\/strong>, at\u00e9 as 16h30 do dia 28\/11\/2025.<\/p>\n<p>\u00c9 obrigat\u00f3rio preencher e assinar a ficha de inscri\u00e7\u00e3o\/termo de concord\u00e2ncia (Anexo V do edital) e entreg\u00e1-la junto com c\u00f3pia do RG e comprovante de dep\u00f3sito da taxa de inscri\u00e7\u00e3o ou comprovante de isen\u00e7\u00e3o. Os arquivos enviados por e-mail devem ser encaminhados <strong>exclusivamente em formato PDF<\/strong>, sob pena de desconsidera\u00e7\u00e3o. O formul\u00e1rio de inscri\u00e7\u00e3o estar\u00e1 dispon\u00edvel na Secretaria Municipal de Educa\u00e7\u00e3o e no site da Prefeitura: <a href=\"http:\/\/www.macieira.sc.gov.br\" target=\"_blank\" rel=\"noopener\">http:\/\/www.macieira.sc.gov.br<\/a>.<\/p>\n<p>A taxa de inscri\u00e7\u00e3o \u00e9 de <strong>R$ 60,00<\/strong> para os cargos de Professor, Profissional de Educa\u00e7\u00e3o F\u00edsica II, Nutricionista e Psic\u00f3logo, e de <strong>R$ 30,00<\/strong> para Auxiliar Educacional, Merendeira e Motorista II. O pagamento deve ser realizado no Banco do Brasil, Ag\u00eancia 5322-8, Conta Corrente 36.312-X (ou 0), em nome do Munic\u00edpio de Macieira. O edital prev\u00ea possibilidade de isen\u00e7\u00e3o, mediante apresenta\u00e7\u00e3o de comprovante espec\u00edfico, que deve acompanhar a ficha de inscri\u00e7\u00e3o.<\/p>\n<p>N\u00e3o ser\u00e3o aceitas inscri\u00e7\u00f5es condicionais, fora do prazo ou em hor\u00e1rio diverso do estabelecido. A inscri\u00e7\u00e3o pode ser feita pelo pr\u00f3prio candidato ou por procurador com poderes espec\u00edficos. A presta\u00e7\u00e3o de informa\u00e7\u00f5es falsas ou a apresenta\u00e7\u00e3o de documentos inver\u00eddicos implicar\u00e1 indeferimento da inscri\u00e7\u00e3o e anula\u00e7\u00e3o dos atos, mesmo ap\u00f3s eventual aprova\u00e7\u00e3o. Recomenda-se que o candidato acompanhe a homologa\u00e7\u00e3o das inscri\u00e7\u00f5es e demais comunicados no site da Prefeitura e leia atentamente o edital completo antes de efetivar sua inscri\u00e7\u00e3o.<\/p>\n<h2>Etapas e Provas<\/h2>\n<p>O Processo Seletivo n\u00ba 17\/2025 da Prefeitura de Macieira\/SC ser\u00e1 composto por duas etapas principais: <strong>Prova Objetiva<\/strong> e <strong>Prova de T\u00edtulos<\/strong>, conforme disposi\u00e7\u00f5es do edital.<\/p>\n<ul>\n<li><strong>Prova Objetiva<\/strong> \u2013 De car\u00e1ter eliminat\u00f3rio e classificat\u00f3rio, ser\u00e1 aplicada a todos os cargos em etapa \u00fanica, no dia <strong>13\/12\/2025<\/strong>, na Escola Municipal Pequenos Brilhantes, Rua Jos\u00e9 Augusto Royer, n\u00ba 133, Centro, Macieira\/SC. O acesso ao local ser\u00e1 a partir das 7h30, com fechamento dos port\u00f5es \u00e0s 7h55, in\u00edcio \u00e0s 8h00 e t\u00e9rmino \u00e0s 9h30.<\/li>\n<li><strong>Formato da prova<\/strong> \u2013 A prova objetiva ter\u00e1 <strong>20 quest\u00f5es de m\u00faltipla escolha<\/strong>, com at\u00e9 4 alternativas cada e apenas uma correta, abrangendo disciplinas\/\u00e1reas descritas no item 7.3 e no Anexo II do edital (como L\u00edngua Portuguesa, Matem\u00e1tica, conhecimentos espec\u00edficos e outras, conforme o cargo). A dura\u00e7\u00e3o ser\u00e1 de <strong>1h30<\/strong>, incluindo o tempo para preenchimento do cart\u00e3o-resposta.<\/li>\n<li><strong>Avalia\u00e7\u00e3o e pontua\u00e7\u00e3o<\/strong> \u2013 A prova objetiva ser\u00e1 avaliada na escala de <strong>0 a 70 pontos<\/strong>. Ser\u00e1 desclassificado apenas o candidato que <strong>zerar<\/strong> a prova. A marca\u00e7\u00e3o do cart\u00e3o-resposta deve ser feita com caneta esferogr\u00e1fica azul ou preta, sendo de inteira responsabilidade do candidato.<\/li>\n<li><strong>Documentos e regras de aplica\u00e7\u00e3o<\/strong> \u2013 Para ingressar no local de prova, \u00e9 obrigat\u00f3ria a apresenta\u00e7\u00e3o de documento de identidade original v\u00e1lido, conforme lista prevista no edital. N\u00e3o ser\u00e1 permitida consulta a materiais, uso de aparelhos eletr\u00f4nicos ou realiza\u00e7\u00e3o de prova em hor\u00e1rio\/local diverso do estabelecido. A aus\u00eancia \u00e0 prova implica elimina\u00e7\u00e3o do certame.<\/li>\n<li><strong>Prova de T\u00edtulos<\/strong> \u2013 De car\u00e1ter classificat\u00f3rio, ser\u00e1 aplicada aos cargos que a preveem, com crit\u00e9rios definidos no item espec\u00edfico do edital. A pontua\u00e7\u00e3o obtida em t\u00edtulos ser\u00e1 somada \u00e0 nota da prova objetiva para composi\u00e7\u00e3o da nota final.<\/li>\n<\/ul>\n<p>A classifica\u00e7\u00e3o final considerar\u00e1 a soma da pontua\u00e7\u00e3o da prova objetiva e da prova de t\u00edtulos (quando houver). Para detalhes sobre conte\u00fados cobrados, crit\u00e9rios de pontua\u00e7\u00e3o em cada disciplina, regras da prova de t\u00edtulos e demais orienta\u00e7\u00f5es, \u00e9 indispens\u00e1vel a leitura atenta do edital completo e de seus anexos.<\/p>\n<h2>Resultados e Gabarito<\/h2>\n<p>O resultado do Processo Seletivo n\u00ba 17\/2025 da Prefeitura de Macieira\/SC ser\u00e1 constru\u00eddo em etapas. O <strong>gabarito da prova objetiva<\/strong> ser\u00e1 divulgado no <strong>primeiro dia \u00fatil ap\u00f3s a realiza\u00e7\u00e3o da prova<\/strong>, no site oficial da Prefeitura: <a href=\"http:\/\/www.macieira.sc.gov.br\" target=\"_blank\" rel=\"noopener\">http:\/\/www.macieira.sc.gov.br<\/a>, sob responsabilidade da Administra\u00e7\u00e3o Municipal, ap\u00f3s recebimento das informa\u00e7\u00f5es da empresa respons\u00e1vel pela aplica\u00e7\u00e3o.<\/p>\n<p>A <strong>classifica\u00e7\u00e3o final<\/strong> corresponder\u00e1 \u00e0 soma da pontua\u00e7\u00e3o obtida na prova objetiva e na prova de t\u00edtulos (quando houver), em escala de <strong>0 a 100 pontos<\/strong>, sem pontua\u00e7\u00e3o m\u00ednima para aprova\u00e7\u00e3o. Haver\u00e1 listagem espec\u00edfica para candidatos n\u00e3o habilitados. A data de divulga\u00e7\u00e3o da classifica\u00e7\u00e3o final est\u00e1 prevista no cronograma constante do Anexo III do edital e ser\u00e1 publicada nos meios oficiais de divulga\u00e7\u00e3o do Munic\u00edpio e no site da Prefeitura.<\/p>\n<p>Em caso de empate na classifica\u00e7\u00e3o, ser\u00e3o adotados, sucessivamente, os seguintes crit\u00e9rios: <strong>(a)<\/strong> maior pontua\u00e7\u00e3o em conhecimentos espec\u00edficos; <strong>(b)<\/strong> maior pontua\u00e7\u00e3o na prova de t\u00edtulos (quando houver); <strong>(c)<\/strong> maior pontua\u00e7\u00e3o em L\u00edngua Portuguesa; <strong>(d)<\/strong> maior pontua\u00e7\u00e3o em Matem\u00e1tica; <strong>(e)<\/strong> maior idade para candidatos com 60 anos ou mais, nos termos da Lei n\u00ba 10.741\/2003; <strong>(f)<\/strong> persistindo o empate, ser\u00e1 realizado sorteio.<\/p>\n<p>O resultado final do processo seletivo ser\u00e1 <strong>homologado<\/strong> pela autoridade competente (Prefeito Municipal) e publicado no site da Prefeitura e no \u00f3rg\u00e3o oficial de publica\u00e7\u00e3o do Munic\u00edpio de Macieira\/SC. A convoca\u00e7\u00e3o para contrata\u00e7\u00e3o obedecer\u00e1 rigorosamente \u00e0 ordem de classifica\u00e7\u00e3o, observando-se a conveni\u00eancia e oportunidade da Administra\u00e7\u00e3o e os limites legais de gastos com pessoal. A aprova\u00e7\u00e3o no certame gera apenas expectativa de contrata\u00e7\u00e3o, n\u00e3o configurando direito autom\u00e1tico \u00e0 admiss\u00e3o.<\/p>\n<p>Os candidatos classificados e convocados dever\u00e3o apresentar a documenta\u00e7\u00e3o comprobat\u00f3ria dos requisitos exigidos, sob pena de desclassifica\u00e7\u00e3o. \u00c9 responsabilidade exclusiva do candidato acompanhar, de forma cont\u00ednua, todas as publica\u00e7\u00f5es oficiais referentes ao processo seletivo no site da banca organizadora, no site da Prefeitura de Macieira e no Di\u00e1rio Oficial\/\u00f3rg\u00e3o de publica\u00e7\u00e3o do Munic\u00edpio.<\/p>\n","protected":false},"excerpt":{"rendered":"<p>Proc. Seletivo Pref. Macieira (SC) com edital publicado! Vagas p\/ Professor e Psic\u00f3logo (Fund. a Sup.). Inscri\u00e7\u00f5es a partir de 30\/10. Confira detalhes!<\/p>\n","protected":false},"author":7,"featured_media":274138,"comment_status":"open","ping_status":"open","sticky":false,"template":"","format":"standard","meta":{"_acf_changed":false,"_breakdance_hide_in_design_set":false,"_breakdance_tags":"","footnotes":""},"categories":[6433,141,6434,112,100,6871,23,25,26],"tags":[61],"_amplo":[],"destaque":[],"instituicoes":[],"class_list":["post-274139","post","type-post","status-publish","format-standard","has-post-thumbnail","hentry","category-biologia-licenciatura","category-educacao-artistica","category-educacao-fisica-licenciatura","category-filosofia","category-historia","category-letras-ingles","category-nutricao","category-pedagogia","category-psicologia","tag-santa-catarina"],"acf":{"_tipo_vagas":"vagas","_numero_vagas":"","_quadro_vagas":"","_cargos":"diversos","_cargos_especificos":"","_salario_max":"R$ 4512.13","_abertura":"20251030","_encerramento":"20251128","_inscricoes":"http:\/\/www.macieira.sc.gov.br","_executora_concurso":"","_instituicao_concurso":[],"_link_adicional":null,"_anexos":null,"_produtos":null,"_vagas":"9 vagas + CR","_salario_min":"R$ 1216.96","_instituicao":"Prefeitura de Macieira","_edital":"https:\/\/www.agrobase.com.br\/concursos\/wp-content\/uploads\/sites\/4\/2025\/11\/edital-02-2025-prefeitura-de-macieira-sc.pdf","_anexos_edital":"https:\/\/www.agrobase.com.br\/concursos\/wp-content\/uploads\/sites\/4\/2025\/11\/anexos-edital-02-2025-prefeitura-de-macieira-sc.pdf","_fund_incompleto":"<div>\r\n<table class=\"quadro\">\r\n<thead>\r\n<tr>\r\n<th class=\"hcargo\">Cargo<\/th>\r\n<th class=\"hvagas\">Vagas<\/th>\r\n<th class=\"hremuneracao\">Remunera\u00e7\u00e3o<\/th>\r\n<\/tr>\r\n<\/thead>\r\n    <tbody>\r\n      <td class=\"ccargos\">\r\n<span data-balloon-length=\"medium\" aria-label=\"Ser alfabetizado, Ter experi\u00eancia e habilidade profissional.\" data-balloon-pos=\"up\">MERENDEIRA<\/span><\/td>\r\n<td class=\"cvagas\">02<\/td>\r\n<td class=\"cremuneracao\">R$ 1.740,34 \/40h<\/td>\r\n<\/tr><td class=\"ccargos\">\r\n<span data-balloon-length=\"medium\" aria-label=\"Ser alfabetizado, possuir Habilita\u00e7\u00e3o categoria AD, conforme C\u00f3digo de Tr\u00e2nsito Nacional, para dirigir, caminh\u00e3o dois e tr\u00eas eixos, \u00f4nibus e ambul\u00e2ncia.\" data-balloon-pos=\"up\">MOTORISTA II<\/span><\/td>\r\n<td class=\"cvagas\">02 + CR<\/td>\r\n<td class=\"cremuneracao\">R$ 2.749,74 \/40h<\/td>\r\n<\/tr>\r\n    <\/tbody>\r\n  <\/table>\r\n<\/div>","_fund_completo":"","_medio":"<div>\r\n<table class=\"quadro\">\r\n<thead>\r\n<tr>\r\n<th class=\"hcargo\">Cargo<\/th>\r\n<th class=\"hvagas\">Vagas<\/th>\r\n<th class=\"hremuneracao\">Remunera\u00e7\u00e3o<\/th>\r\n<\/tr>\r\n<\/thead>\r\n    <tbody>\r\n      <td class=\"ccargos\">\r\n<span data-balloon-length=\"medium\" aria-label=\"Magist\u00e9rio ou estar cursando ensino superior na \u00e1rea da Educa\u00e7\u00e3o\" data-balloon-pos=\"up\">AUXILIAR EDUCACIONAL<\/span><\/td>\r\n<td class=\"cvagas\">05 + CR<\/td>\r\n<td class=\"cremuneracao\">R$ 2.191,68 \/40h<\/td>\r\n<\/tr>\r\n    <\/tbody>\r\n  <\/table>\r\n<\/div>","_superior":"<div>\r\n<table class=\"quadro\">\r\n<thead>\r\n<tr>\r\n<th class=\"hcargo\">Cargo<\/th>\r\n<th class=\"hvagas\">Vagas<\/th>\r\n<th class=\"hremuneracao\">Remunera\u00e7\u00e3o<\/th>\r\n<\/tr>\r\n<\/thead>\r\n    <tbody>\r\n      <tr>\r\n<td class=\"ccargos\">\r\n<span data-balloon-length=\"medium\" aria-label=\"\" data-balloon-pos=\"up\">PROFESSOR PEDAGOGO<\/span><\/td>\r\n<td class=\"cvagas\">03 + CR<\/td>\r\n<td class=\"cremuneracao\">R$ 4.512,13 \/40h<\/td>\r\n<\/tr><tr>\r\n<td class=\"ccargos\">\r\n<span data-balloon-length=\"medium\" aria-label=\"\" data-balloon-pos=\"up\">PROFESSOR PEDAGOGO<\/span><\/td>\r\n<td class=\"cvagas\">05 + CR<\/td>\r\n<td class=\"cremuneracao\">R$ 2.433,92 \/20h<\/td>\r\n<\/tr><tr>\r\n<td class=\"ccargos\">\r\n<span data-balloon-length=\"medium\" aria-label=\"\" data-balloon-pos=\"up\">PROFESSOR DE EDUCA\u00c7\u00c3O FISICA<\/span><\/td>\r\n<td class=\"cvagas\">01<\/td>\r\n<td class=\"cremuneracao\">R$ 1.825,44 \/10h<\/td>\r\n<\/tr><tr>\r\n<td class=\"ccargos\">\r\n<span data-balloon-length=\"medium\" aria-label=\"Licenciatura na \u00e1rea do cargo ou fase que est\u00e1 cursando licenciatura no cargo\" data-balloon-pos=\"up\">PROFESSOR DE EDUCA\u00c7\u00c3O FISICA<\/span><\/td>\r\n<td class=\"cvagas\">01<\/td>\r\n<td class=\"cremuneracao\">R$ 2.433,92 \/20h<\/td>\r\n<\/tr><tr>\r\n<td class=\"ccargos\">\r\n<span data-balloon-length=\"medium\" aria-label=\"\" data-balloon-pos=\"up\">PROFESSOR DE FILOSOFIA<\/span><\/td>\r\n<td class=\"cvagas\">01<\/td>\r\n<td class=\"cremuneracao\">R$ 1.216,96 \/10h<\/td>\r\n<\/tr><tr>\r\n<td class=\"ccargos\">\r\n<span data-balloon-length=\"medium\" aria-label=\"\" data-balloon-pos=\"up\">PROFESSOR DE CI\u00caNCIAS<\/span><\/td>\r\n<td class=\"cvagas\">01<\/td>\r\n<td class=\"cremuneracao\">R$ 1.825,44 \/15h<\/td>\r\n<\/tr><tr>\r\n<td class=\"ccargos\">\r\n<span data-balloon-length=\"medium\" aria-label=\"\" data-balloon-pos=\"up\">PROFESSOR DE LINGUA INGLESA<\/span><\/td>\r\n<td class=\"cvagas\">01<\/td>\r\n<td class=\"cremuneracao\">R$ 2.433,92 \/20h<\/td>\r\n<\/tr><tr>\r\n<td class=\"ccargos\">\r\n<span data-balloon-length=\"medium\" aria-label=\"\" data-balloon-pos=\"up\">PROFESSOR DE HIST\u00d3RIA<\/span><\/td>\r\n<td class=\"cvagas\">01 + CR<\/td>\r\n<td class=\"cremuneracao\">R$ 1.596,10 \/15h<\/td>\r\n<\/tr><tr>\r\n<td class=\"ccargos\">\r\n<span data-balloon-length=\"medium\" aria-label=\"\" data-balloon-pos=\"up\">PROFESSOR DE ARTE<\/span><\/td>\r\n<td class=\"cvagas\">01 + CR<\/td>\r\n<td class=\"cremuneracao\">R$ 2.128,13 \/20h<\/td>\r\n<\/tr><tr>\r\n<td class=\"ccargos\">\r\n<span data-balloon-length=\"medium\" aria-label=\"Diploma de Curso Superior em Educa\u00e7\u00e3o F\u00edsica, Bacharel, detentor do Registro Profissional junto ao CREF3\/SC.\" data-balloon-pos=\"up\">PROFISSIONAL DE EDUCA\u00c7\u00c3O F\u00cdSICA II<\/span><\/td>\r\n<td class=\"cvagas\">01<\/td>\r\n<td class=\"cremuneracao\">R$ 4.512,13 \/40h<\/td>\r\n<\/tr><tr>\r\n<td class=\"ccargos\">\r\n<span data-balloon-length=\"medium\" aria-label=\"Diploma de Curso Superior espec\u00edfico para a profiss\u00e3o, com registro no respectivo Conselho Profissional.\" data-balloon-pos=\"up\">PSIC\u00d3LOGO<\/span><\/td>\r\n<td class=\"cvagas\">01 + CR<\/td>\r\n<td class=\"cremuneracao\">R$ 4.512,13 \/40h<\/td>\r\n<\/tr><tr>\r\n<td class=\"ccargos\">\r\n<span data-balloon-length=\"medium\" aria-label=\"Diploma de Curso Superior espec\u00edfico para a profiss\u00e3o, com registro no respectivo Conselho Profissional.\" data-balloon-pos=\"up\">NUTRICIONISTA<\/span><\/td>\r\n<td class=\"cvagas\">01<\/td>\r\n<td class=\"cremuneracao\">R$ 4.512,13 \/40h<\/td>\r\n<\/tr>\r\n    <\/tbody>\r\n  <\/table>\r\n<\/div>"},"_links":{"self":[{"href":"https:\/\/www.agrobase.com.br\/concursos\/wp-json\/wp\/v2\/posts\/274139","targetHints":{"allow":["GET"]}}],"collection":[{"href":"https:\/\/www.agrobase.com.br\/concursos\/wp-json\/wp\/v2\/posts"}],"about":[{"href":"https:\/\/www.agrobase.com.br\/concursos\/wp-json\/wp\/v2\/types\/post"}],"author":[{"embeddable":true,"href":"https:\/\/www.agrobase.com.br\/concursos\/wp-json\/wp\/v2\/users\/7"}],"replies":[{"embeddable":true,"href":"https:\/\/www.agrobase.com.br\/concursos\/wp-json\/wp\/v2\/comments?post=274139"}],"version-history":[{"count":1,"href":"https:\/\/www.agrobase.com.br\/concursos\/wp-json\/wp\/v2\/posts\/274139\/revisions"}],"predecessor-version":[{"id":274141,"href":"https:\/\/www.agrobase.com.br\/concursos\/wp-json\/wp\/v2\/posts\/274139\/revisions\/274141"}],"wp:featuredmedia":[{"embeddable":true,"href":"https:\/\/www.agrobase.com.br\/concursos\/wp-json\/wp\/v2\/media\/274138"}],"wp:attachment":[{"href":"https:\/\/www.agrobase.com.br\/concursos\/wp-json\/wp\/v2\/media?parent=274139"}],"wp:term":[{"taxonomy":"category","embeddable":true,"href":"https:\/\/www.agrobase.com.br\/concursos\/wp-json\/wp\/v2\/categories?post=274139"},{"taxonomy":"post_tag","embeddable":true,"href":"https:\/\/www.agrobase.com.br\/concursos\/wp-json\/wp\/v2\/tags?post=274139"},{"taxonomy":"_amplo","embeddable":true,"href":"https:\/\/www.agrobase.com.br\/concursos\/wp-json\/wp\/v2\/_amplo?post=274139"},{"taxonomy":"destaque","embeddable":true,"href":"https:\/\/www.agrobase.com.br\/concursos\/wp-json\/wp\/v2\/destaque?post=274139"},{"taxonomy":"instituicoes","embeddable":true,"href":"https:\/\/www.agrobase.com.br\/concursos\/wp-json\/wp\/v2\/instituicoes?post=274139"}],"curies":[{"name":"wp","href":"https:\/\/api.w.org\/{rel}","templated":true}]}}