{"id":274128,"date":"2025-11-24T08:10:35","date_gmt":"2025-11-24T11:10:35","guid":{"rendered":"https:\/\/www.agrobase.com.br\/concursos\/?p=274128"},"modified":"2025-11-21T11:54:52","modified_gmt":"2025-11-21T14:54:52","slug":"prefeitura-vicentina-ms-selecao-simplificada-01-2025","status":"publish","type":"post","link":"https:\/\/www.agrobase.com.br\/concursos\/2025\/prefeitura-vicentina-ms-selecao-simplificada-01-2025\/","title":{"rendered":"Prefeitura Vicentina (MS) &#8211; Sele\u00e7\u00e3o Simplificada 01\/2025"},"content":{"rendered":"<h2>Informa\u00e7\u00f5es Gerais<\/h2>\n<p>O Processo Seletivo Simplificado do Munic\u00edpio de Vicentina\/MS, regido pelo Edital n\u00ba 01\/2025, foi aberto pela Prefeitura Municipal para forma\u00e7\u00e3o de <strong>cadastro reserva<\/strong> de contrata\u00e7\u00f5es tempor\u00e1rias, em diversas \u00e1reas da administra\u00e7\u00e3o. O certame \u00e9 organizado pelo Instituto Brasileiro de Ci\u00eancias em Gest\u00e3o P\u00fablica (IBCGP) e ter\u00e1 validade de 1 ano, prorrog\u00e1vel uma \u00fanica vez por igual per\u00edodo.<\/p>\n<p>O objetivo \u00e9 selecionar profissionais para futuras contrata\u00e7\u00f5es conforme a necessidade e o interesse p\u00fablico, sem oferta de vagas imediatas. H\u00e1 oportunidades para <strong>todos os n\u00edveis de escolaridade<\/strong>: alfabetizado, fundamental incompleto, fundamental completo, m\u00e9dio\/t\u00e9cnico e superior, com remunera\u00e7\u00f5es que variam aproximadamente de R$ 1.567,94 a R$ 16.844,16.<\/p>\n<p>Entre as \u00e1reas contempladas, destacam-se sa\u00fade, educa\u00e7\u00e3o, assist\u00eancia social, infraestrutura, administra\u00e7\u00e3o e servi\u00e7os gerais. H\u00e1 vagas de n\u00edvel superior em <strong>Medicina Veterin\u00e1ria<\/strong> e <strong>Nutri\u00e7\u00e3o<\/strong>, de especial interesse para candidatos dessas forma\u00e7\u00f5es.<\/p>\n<p>As etapas do processo incluem Prova Objetiva e Prova de T\u00edtulos, ambas conduzidas pelo IBCGP. A sele\u00e7\u00e3o destina-se exclusivamente \u00e0 forma\u00e7\u00e3o de cadastro reserva, gerando expectativa de direito \u00e0 contrata\u00e7\u00e3o. A seguir, voc\u00ea confere como funcionam as inscri\u00e7\u00f5es, etapas e resultados para decidir com seguran\u00e7a sobre sua participa\u00e7\u00e3o.<\/p>\n<h2>Inscri\u00e7\u00f5es<\/h2>\n<p>As inscri\u00e7\u00f5es para o Processo Seletivo Simplificado de Vicentina\/MS ser\u00e3o realizadas <strong>exclusivamente via internet<\/strong>, no endere\u00e7o eletr\u00f4nico <strong><a href=\"https:\/\/concursos.ibcgp.org.br\/\" target=\"_blank\" rel=\"noopener noreferrer\">https:\/\/concursos.ibcgp.org.br\/<\/a><\/strong>, no per\u00edodo das 13h do dia 19\/11\/2025 at\u00e9 as 23h59 do dia 27\/11\/2025, hor\u00e1rio oficial de Mato Grosso do Sul. N\u00e3o haver\u00e1 inscri\u00e7\u00e3o presencial, por e-mail, Correios ou qualquer outro meio.<\/p>\n<p>Para se inscrever, o candidato dever\u00e1 preencher o Formul\u00e1rio Eletr\u00f4nico de Inscri\u00e7\u00e3o, cadastrar senha para acesso \u00e0 \u201c\u00c1rea do Candidato\u201d, gerar o <strong>Comprovante de Inscri\u00e7\u00e3o<\/strong> e o <strong>boleto banc\u00e1rio<\/strong>, e efetuar o pagamento da taxa at\u00e9 o dia 28\/11\/2025.<\/p>\n<p>Os valores da taxa de inscri\u00e7\u00e3o s\u00e3o:<\/p>\n<ul>\n<li><strong>N\u00edvel Superior:<\/strong> R$ 130,00<\/li>\n<li><strong>N\u00edvel M\u00e9dio:<\/strong> R$ 90,00<\/li>\n<li><strong>N\u00edvel Fundamental\/Elementar:<\/strong> R$ 60,00<\/li>\n<\/ul>\n<p>O pagamento dever\u00e1 ser feito por <strong>boleto banc\u00e1rio<\/strong>, em toda a rede banc\u00e1ria, podendo tamb\u00e9m ser pago via PIX exclusivamente pelo c\u00f3digo de barras do boleto (n\u00e3o \u00e9 permitido pagamento por chave PIX). N\u00e3o ser\u00e3o aceitos pagamentos por cheque, dep\u00f3sito, DOC, TED, transfer\u00eancia em conta, ordem de pagamento ou formas n\u00e3o previstas no edital. Pagamentos ap\u00f3s o prazo n\u00e3o ser\u00e3o considerados.<\/p>\n<p>As inscri\u00e7\u00f5es s\u00e3o pessoais e intransfer\u00edveis, sendo de inteira responsabilidade do candidato o correto preenchimento dos dados. Cada candidato poder\u00e1 se inscrever para <strong>apenas um cargo\/fun\u00e7\u00e3o<\/strong>; se houver m\u00faltiplas inscri\u00e7\u00f5es, prevalecer\u00e1 a mais recente.<\/p>\n<p>As inscri\u00e7\u00f5es deferidas ser\u00e3o divulgadas no site da banca at\u00e9 01\/12\/2025, na \u201c\u00c1rea do Candidato\u201d. Em caso de indeferimento por inconsist\u00eancia no pagamento, ser\u00e1 poss\u00edvel interpor recurso, conforme regras do edital. O acompanhamento de todo o processo (inscri\u00e7\u00e3o, situa\u00e7\u00e3o cadastral, comunicados) deve ser feito exclusivamente pelo site <strong>https:\/\/concursos.ibcgp.org.br\/<\/strong>.<\/p>\n<p>Antes de se inscrever e pagar a taxa, \u00e9 fundamental que o candidato leia atentamente o edital completo e seus anexos, certificando-se de que atende a todos os requisitos do cargo pretendido.<\/p>\n<h2>Etapas e Provas<\/h2>\n<p>O Processo Seletivo Simplificado de Vicentina\/MS \u00e9 composto por duas etapas para <strong>todos os cargos\/fun\u00e7\u00f5es<\/strong>:<\/p>\n<ul>\n<li><strong>1\u00aa etapa \u2013 Prova Objetiva de M\u00faltipla Escolha<\/strong> (car\u00e1ter eliminat\u00f3rio e classificat\u00f3rio);<\/li>\n<li><strong>2\u00aa etapa \u2013 Prova de T\u00edtulos<\/strong> (car\u00e1ter exclusivamente classificat\u00f3rio).<\/li>\n<\/ul>\n<p>A <strong>Prova Objetiva<\/strong> ser\u00e1 aplicada a todos os cargos na data prov\u00e1vel de <strong>14\/12\/2025<\/strong>, na cidade de Vicentina\/MS, podendo, em caso de necessidade, ser utilizada cidade pr\u00f3xima. O turno e o hor\u00e1rio ser\u00e3o divulgados em edital espec\u00edfico de ensalamento no site da banca. A dura\u00e7\u00e3o da prova ser\u00e1 de <strong>3 horas<\/strong>, incluindo distribui\u00e7\u00e3o do caderno, leitura de instru\u00e7\u00f5es e preenchimento da folha de respostas.<\/p>\n<p>A prova ser\u00e1 composta por quest\u00f5es de m\u00faltipla escolha, com <strong>4 alternativas<\/strong> cada e apenas uma correta, conforme o n\u00edvel de escolaridade do cargo (quantitativo e pesos definidos no Anexo II do edital). As disciplinas abrangem L\u00edngua Portuguesa e conhecimentos espec\u00edficos, entre outras previstas no conte\u00fado program\u00e1tico do Anexo III. O candidato ser\u00e1 considerado <strong>aprovado<\/strong> na Prova Objetiva se obtiver, no m\u00ednimo, <strong>50% do total de pontos<\/strong> e n\u00e3o tirar nota zero em Portugu\u00eas.<\/p>\n<p>Para realiza\u00e7\u00e3o da prova, o candidato dever\u00e1 comparecer com anteced\u00eancia m\u00ednima de 60 minutos, portando documento oficial de identifica\u00e7\u00e3o com foto, caneta esferogr\u00e1fica de tinta azul ou preta e estrutura transparente, observando rigorosamente as regras de seguran\u00e7a (proibi\u00e7\u00e3o de aparelhos eletr\u00f4nicos, consulta a materiais, comunica\u00e7\u00e3o entre candidatos etc.). N\u00e3o haver\u00e1 segunda chamada.<\/p>\n<p>A <strong>Prova de T\u00edtulos<\/strong>, de car\u00e1ter classificat\u00f3rio, ser\u00e1 realizada <strong>exclusivamente de forma eletr\u00f4nica<\/strong>, na \u201c\u00c1rea do Candidato\u201d no site do IBCGP. Somente ter\u00e3o t\u00edtulos analisados os candidatos <strong>aprovados na Prova Objetiva<\/strong>. Os documentos dever\u00e3o ser anexados em formato PDF, individualmente, at\u00e9 as 23h59 do dia <strong>14\/12\/2025<\/strong>, observando os tipos e limites de pontua\u00e7\u00e3o previstos no Anexo V (forma\u00e7\u00e3o, p\u00f3s-gradua\u00e7\u00e3o, experi\u00eancia profissional etc.).<\/p>\n<p>Os t\u00edtulos enviados fora do prazo, em formato inadequado ou em desacordo com as regras n\u00e3o ser\u00e3o pontuados. A an\u00e1lise ser\u00e1 feita pela banca, podendo haver dilig\u00eancias e exig\u00eancia posterior de apresenta\u00e7\u00e3o de originais.<\/p>\n<p>Para conhecer a distribui\u00e7\u00e3o de quest\u00f5es, conte\u00fados cobrados, crit\u00e9rios detalhados de corre\u00e7\u00e3o, pontua\u00e7\u00e3o da Prova de T\u00edtulos e demais regras de aplica\u00e7\u00e3o das etapas, \u00e9 indispens\u00e1vel a leitura atenta do edital e de todos os seus anexos.<\/p>\n<h2>Resultados e Gabarito<\/h2>\n<p>O cronograma do edital prev\u00ea a divulga\u00e7\u00e3o do <strong>gabarito preliminar da Prova Objetiva<\/strong> na data de <strong>15\/12\/2025<\/strong>, no site <a href=\"https:\/\/concursos.ibcgp.org.br\/\" target=\"_blank\" rel=\"noopener noreferrer\">https:\/\/concursos.ibcgp.org.br\/<\/a>. A partir da publica\u00e7\u00e3o, o candidato poder\u00e1 consultar o caderno de quest\u00f5es (quando disponibilizado) e o espelho da folha de respostas durante o per\u00edodo recursal.<\/p>\n<p>Os recursos contra gabarito preliminar, indeferimento de inscri\u00e7\u00e3o, isen\u00e7\u00e3o, condi\u00e7\u00e3o de PcD, condi\u00e7\u00e3o especial e pontua\u00e7\u00e3o\/classifica\u00e7\u00e3o preliminar dever\u00e3o ser interpostos <strong>exclusivamente pela internet<\/strong>, na \u201c\u00c1rea do Candidato\u201d \u2013 m\u00f3dulo \u201cRecursos\u201d, no prazo de <strong>1 dia \u00fatil<\/strong> ap\u00f3s a publica\u00e7\u00e3o do ato questionado, dentro do hor\u00e1rio das 8h \u00e0s 18h. Os recursos devem ser fundamentados, objetivos e seguir rigorosamente as exig\u00eancias do edital; recursos intempestivos, gen\u00e9ricos ou em desacordo com as regras n\u00e3o ser\u00e3o conhecidos.<\/p>\n<p>Quest\u00f5es eventualmente anuladas ter\u00e3o a pontua\u00e7\u00e3o atribu\u00edda a <strong>todos os candidatos<\/strong> que realizaram a prova, independentemente de terem recorrido. A altera\u00e7\u00e3o de gabarito ou de notas pode gerar reclassifica\u00e7\u00e3o para cima ou para baixo, ou at\u00e9 desclassifica\u00e7\u00e3o, se o candidato deixar de atingir a nota m\u00ednima.<\/p>\n<p>O <strong>resultado final<\/strong> do processo seletivo est\u00e1 previsto para ser divulgado em <strong>07\/01\/2026<\/strong>, no site da banca, em duas listas: uma classifica\u00e7\u00e3o geral por cargo\/fun\u00e7\u00e3o (incluindo PcD) e outra espec\u00edfica para candidatos inscritos como Pessoas com Defici\u00eancia. A partir dessa data, cada candidato poder\u00e1 consultar sua situa\u00e7\u00e3o e nota final na \u201c\u00c1rea do Candidato\u201d.<\/p>\n<p>Ap\u00f3s a divulga\u00e7\u00e3o do resultado final, o Processo Seletivo Simplificado ser\u00e1 <strong>homologado<\/strong> por ato do Prefeito Municipal, com previs\u00e3o de publica\u00e7\u00e3o em <strong>08\/01\/2026<\/strong>, no Di\u00e1rio Oficial do Munic\u00edpio e no site <strong>https:\/\/concursos.ibcgp.org.br\/<\/strong>. A homologa\u00e7\u00e3o encerra a fase de sele\u00e7\u00e3o e consolida o <strong>cadastro reserva<\/strong> para futuras contrata\u00e7\u00f5es tempor\u00e1rias.<\/p>\n<p>As <strong>convoca\u00e7\u00f5es<\/strong> para contrata\u00e7\u00e3o ocorrer\u00e3o conforme a necessidade e conveni\u00eancia da Administra\u00e7\u00e3o Municipal, respeitando a ordem de classifica\u00e7\u00e3o e o prazo de validade do certame. Os atos convocat\u00f3rios ser\u00e3o publicados no Di\u00e1rio Oficial do Munic\u00edpio e em quadro de avisos da Prefeitura, podendo haver tamb\u00e9m divulga\u00e7\u00e3o no site da banca.<\/p>\n<p>\u00c9 responsabilidade exclusiva do candidato acompanhar, de forma cont\u00ednua, todas as publica\u00e7\u00f5es oficiais relativas ao certame, tanto no site da banca organizadora (<strong>https:\/\/concursos.ibcgp.org.br\/<\/strong>) quanto no Di\u00e1rio Oficial do Munic\u00edpio, n\u00e3o sendo aceitas justificativas por perda de prazos ou desconhecimento de resultados, homologa\u00e7\u00f5es e convoca\u00e7\u00f5es.<\/p>\n","protected":false},"excerpt":{"rendered":"<p>Proc. Seletivo Pref. Vicentina (MS) com edital publicado! Vagas p\/ M\u00e9dico e Contador (Fund. a Sup.). Inscri\u00e7\u00f5es a partir de 19\/11. Sal\u00e1rios at\u00e9 R$16.8k. Confira!<\/p>\n","protected":false},"author":7,"featured_media":274127,"comment_status":"open","ping_status":"open","sticky":false,"template":"","format":"standard","meta":{"_acf_changed":false,"_breakdance_hide_in_design_set":false,"_breakdance_tags":"","footnotes":""},"categories":[5,7,9,6434,12,14,17,18,19,21,22,23,24,25,26,101,108,130,161,143],"tags":[48],"_amplo":[],"destaque":[],"instituicoes":[],"class_list":["post-274128","post","type-post","status-publish","format-standard","has-post-thumbnail","hentry","category-arquitetura","category-biomedicina","category-ciencias-contabeis","category-educacao-fisica-licenciatura","category-enfermagem","category-engenharia","category-farmacia","category-fisioterapia","category-fonoaudiologia","category-medicina","category-veterinaria","category-nutricao","category-odontologia","category-pedagogia","category-psicologia","category-servico-social","category-tecnico-enfermagem","category-tecnico-informatica","category-tecnico-laboratorio","category-tecnico-odontologia","tag-mato-grosso-do-sul"],"acf":{"_tipo_vagas":"vagas","_numero_vagas":"","_quadro_vagas":"","_cargos":"diversos","_cargos_especificos":"","_salario_max":"R$ 16844.16","_abertura":"20251119","_encerramento":"20251127","_inscricoes":"https:\/\/concursos.ibcgp.org.br\/","_executora_concurso":"","_instituicao_concurso":[],"_link_adicional":null,"_anexos":null,"_produtos":null,"_vagas":"","_salario_min":"R$ 1567.94","_instituicao":"Prefeitura de Vicentina","_edital":"https:\/\/www.agrobase.com.br\/concursos\/wp-content\/uploads\/sites\/4\/2025\/11\/edital-01-2025-prefeitura-de-vicentina-ms.pdf","_anexos_edital":"https:\/\/www.agrobase.com.br\/concursos\/wp-content\/uploads\/sites\/4\/2025\/11\/anexos-edital-01-2025-prefeitura-de-vicentina-ms.pdf","_fund_incompleto":"<div>\r\n<table class=\"quadro\">\r\n<thead>\r\n<tr>\r\n<th class=\"hcargo\">Cargo<\/th>\r\n\r\n<th class=\"hremuneracao\">Remunera\u00e7\u00e3o<\/th>\r\n<\/tr>\r\n<\/thead>\r\n    <tbody>\r\n      <td class=\"ccargos\">\r\n<span data-balloon-length=\"medium\" aria-label=\"5\u00b0 ANO DO ENSINO FUNDAMENTAL\" data-balloon-pos=\"up\">Auxiliar de Servi\u00e7os Diversos<\/span><\/td>\r\n\r\n<td class=\"cremuneracao\">R$ 1.567,94 \/40h<\/td>\r\n<\/tr><td class=\"ccargos\">\r\n<span data-balloon-length=\"medium\" aria-label=\"5\u00b0 ANO DO ENSINO FUNDAMENTAL\" data-balloon-pos=\"up\">Auxiliar de Servi\u00e7os Diversos Hospitalares<\/span><\/td>\r\n\r\n<td class=\"cremuneracao\">R$ 1.567,94 \/12\/36h<\/td>\r\n<\/tr><td class=\"ccargos\">\r\n<span data-balloon-length=\"medium\" aria-label=\"5\u00b0 ANO DO ENSINO FUNDAMENTAL\" data-balloon-pos=\"up\">Copeira<\/span><\/td>\r\n\r\n<td class=\"cremuneracao\">R$ 1.567,94 \/40h<\/td>\r\n<\/tr><td class=\"ccargos\">\r\n<span data-balloon-length=\"medium\" aria-label=\"5\u00b0 ANO DO ENSINO FUNDAMENTAL\" data-balloon-pos=\"up\">Copeira Hospitalar<\/span><\/td>\r\n\r\n<td class=\"cremuneracao\">R$ 1.567,94 \/12\/36h<\/td>\r\n<\/tr><td class=\"ccargos\">\r\n<span data-balloon-length=\"medium\" aria-label=\"5\u00b0 ANO DO ENSINO FUNDAMENTAL\" data-balloon-pos=\"up\">Cozinheira Hospitalar<\/span><\/td>\r\n\r\n<td class=\"cremuneracao\">R$ 1.567,94 \/12\/36h<\/td>\r\n<\/tr><td class=\"ccargos\">\r\n<span data-balloon-length=\"medium\" aria-label=\"5\u00b0 ANO DO ENSINO FUNDAMENTAL\" data-balloon-pos=\"up\">Merendeira<\/span><\/td>\r\n\r\n<td class=\"cremuneracao\">R$ 1.567,94 \/40h<\/td>\r\n<\/tr><td class=\"ccargos\">\r\n<span data-balloon-length=\"medium\" data-balloon-pos=\"up\">Motorista Educa\u00e7\u00e3o e Infraestrutura<\/span><\/td>\r\n\r\n<td class=\"cremuneracao\">R$ 1.817,53 \/40h<\/td>\r\n<\/tr><td class=\"ccargos\">\r\n<span data-balloon-length=\"medium\" aria-label=\"ALFABETIZADO\" data-balloon-pos=\"up\">Gari<\/span><\/td>\r\n\r\n<td class=\"cremuneracao\">R$ 1.567,94 \/40h<\/td>\r\n<\/tr><td class=\"ccargos\">\r\n<span data-balloon-length=\"medium\" data-balloon-pos=\"up\">Motorista Sa\u00fade<\/span><\/td>\r\n\r\n<td class=\"cremuneracao\">R$ 1.817,53 \/12\/36h<\/td>\r\n<\/tr><td class=\"ccargos\">\r\n<span data-balloon-length=\"medium\" data-balloon-pos=\"up\">Operador de M\u00e1quinas Pesadas<\/span><\/td>\r\n\r\n<td class=\"cremuneracao\">R$ 1.868,73 \/40h<\/td>\r\n<\/tr><td class=\"ccargos\">\r\n<span data-balloon-length=\"medium\" data-balloon-pos=\"up\">Operador de M\u00e1quinas Leves<\/span><\/td>\r\n\r\n<td class=\"cremuneracao\">R$ 1.817,53 \/40h<\/td>\r\n<\/tr><td class=\"ccargos\">\r\n<span data-balloon-length=\"medium\" aria-label=\"5\u00b0 ANO DO ENSINO FUNDAMENTAL\" data-balloon-pos=\"up\">Pedreiro<\/span><\/td>\r\n\r\n<td class=\"cremuneracao\">R$ 1.868,73 \/40h<\/td>\r\n<\/tr><td class=\"ccargos\">\r\n<span data-balloon-length=\"medium\" aria-label=\"5\u00b0 ANO DO ENSINO FUNDAMENTAL\" data-balloon-pos=\"up\">Servente<\/span><\/td>\r\n\r\n<td class=\"cremuneracao\">R$ 1.567,94 \/40h<\/td>\r\n<\/tr><td class=\"ccargos\">\r\n<span data-balloon-length=\"medium\" aria-label=\"ALFABETIZADO\" data-balloon-pos=\"up\">Trabalhador Bra\u00e7al<\/span><\/td>\r\n\r\n<td class=\"cremuneracao\">R$ 1.567,94 \/40h<\/td>\r\n<\/tr><td class=\"ccargos\">\r\n<span data-balloon-length=\"medium\" aria-label=\"5\u00b0 ANO DO ENSINO FUNDAMENTAL\" data-balloon-pos=\"up\">Vigia<\/span><\/td>\r\n\r\n<td class=\"cremuneracao\">R$ 1.567,94 \/40h<\/td>\r\n<\/tr>\r\n    <\/tbody>\r\n  <\/table>\r\n<\/div>","_fund_completo":"<div>\r\n<table class=\"quadro\">\r\n<thead>\r\n<tr>\r\n<th class=\"hcargo\">Cargo<\/th>\r\n\r\n<th class=\"hremuneracao\">Remunera\u00e7\u00e3o<\/th>\r\n<\/tr>\r\n<\/thead>\r\n    <tbody>\r\n      <td class=\"ccargos\">\r\n<span data-balloon-length=\"medium\" aria-label=\"ENSINO FUNDAMENTAL COMPLETO\" data-balloon-pos=\"up\">Agente Administrativo<\/span><\/td>\r\n\r\n<td class=\"cremuneracao\">R$ 1.657,53 \/40h<\/td>\r\n<\/tr><td class=\"ccargos\">\r\n<span data-balloon-length=\"medium\" aria-label=\"ENSINO FUNDAMENTAL COMPLETO\" data-balloon-pos=\"up\">Monitor de Transporte Escolar<\/span><\/td>\r\n\r\n<td class=\"cremuneracao\">R$ 1.606,33 \/40h<\/td>\r\n<\/tr><td class=\"ccargos\">\r\n<span data-balloon-length=\"medium\" aria-label=\"ENSINO FUNDAMENTAL COMPLETO\" data-balloon-pos=\"up\">Monitor de Alunos<\/span><\/td>\r\n\r\n<td class=\"cremuneracao\">R$ 1.606,33 \/40h<\/td>\r\n<\/tr><td class=\"ccargos\">\r\n<span data-balloon-length=\"medium\" aria-label=\"ENSINO FUNDAMENTAL COMPLETO\" data-balloon-pos=\"up\">Eletricista Predial<\/span><\/td>\r\n\r\n<td class=\"cremuneracao\">R$ 1.868,73 \/40h<\/td>\r\n<\/tr>\r\n    <\/tbody>\r\n  <\/table>\r\n<\/div>","_medio":"<div>\r\n<table class=\"quadro\">\r\n<thead>\r\n<tr>\r\n<th class=\"hcargo\">Cargo<\/th>\r\n\r\n<th class=\"hremuneracao\">Remunera\u00e7\u00e3o<\/th>\r\n<\/tr>\r\n<\/thead>\r\n    <tbody>\r\n      <td class=\"ccargos\">\r\n<span data-balloon-length=\"medium\" aria-label=\"ENSINO M\u00c9DIO COMPLETO\" data-balloon-pos=\"up\">Assistente de Administra\u00e7\u00e3o<\/span><\/td>\r\n\r\n<td class=\"cremuneracao\">R$ 1.817,53 \/40h<\/td>\r\n<\/tr><td class=\"ccargos\">\r\n<span data-balloon-length=\"medium\" aria-label=\"ENSINO M\u00c9DIO COMPLETO\" data-balloon-pos=\"up\">Assistente de Servi\u00e7os de Sa\u00fade<\/span><\/td>\r\n\r\n<td class=\"cremuneracao\">R$ 1.727,94 \/40h<\/td>\r\n<\/tr><td class=\"ccargos\">\r\n<span data-balloon-length=\"medium\" aria-label=\"ENSINO M\u00c9DIO COMPLETO C\/ REGISTRO NO CRO.\" data-balloon-pos=\"up\">Auxiliar de Sa\u00fade Bucal<\/span><\/td>\r\n\r\n<td class=\"cremuneracao\">R$ 1.817,53 \/40h<\/td>\r\n<\/tr><td class=\"ccargos\">\r\n<span data-balloon-length=\"medium\" aria-label=\"ENSINO M\u00c9DIO COMPLETO\" data-balloon-pos=\"up\">Auxiliar de Desenvolvimento Infantil<\/span><\/td>\r\n\r\n<td class=\"cremuneracao\">R$ 1.817,53 \/40h<\/td>\r\n<\/tr><td class=\"ccargos\">\r\n<span data-balloon-length=\"medium\" aria-label=\"ENSINO M\u00c9DIO COMPLETO\" data-balloon-pos=\"up\">Fiscal de Tributos Municipais<\/span><\/td>\r\n\r\n<td class=\"cremuneracao\">R$ 1.817,53 \/40h<\/td>\r\n<\/tr><td class=\"ccargos\">\r\n<span data-balloon-length=\"medium\" aria-label=\"ENSINO M\u00c9DIO COMPLETO\" data-balloon-pos=\"up\">Orientador Social<\/span><\/td>\r\n\r\n<td class=\"cremuneracao\">R$ 1.817,53 \/40h<\/td>\r\n<\/tr><td class=\"ccargos\">\r\n<span data-balloon-length=\"medium\" aria-label=\"ENSINO M\u00c9DIO COMPLETO\" data-balloon-pos=\"up\">Recepcionista<\/span><\/td>\r\n\r\n<td class=\"cremuneracao\">R$ 1.817,53 \/40h<\/td>\r\n<\/tr><td class=\"ccargos\">\r\n<span data-balloon-length=\"medium\" aria-label=\"ENSINO M\u00c9DIO COMPLETO\" data-balloon-pos=\"up\">Recepcionista Hospital<\/span><\/td>\r\n\r\n<td class=\"cremuneracao\">R$ 1.817,53 \/12\/36h<\/td>\r\n<\/tr><td class=\"ccargos\">\r\n<span data-balloon-length=\"medium\" aria-label=\"ENSINO M\u00c9DIO COMPLETO C\/ REGISTRO NO COREN\" data-balloon-pos=\"up\">T\u00e9cnico em Enfermagem Ambulatorial<\/span><\/td>\r\n\r\n<td class=\"cremuneracao\">R$ 1.868,73 \/40h<\/td>\r\n<\/tr><td class=\"ccargos\">\r\n<span data-balloon-length=\"medium\" aria-label=\"ENSINO M\u00c9DIO COMPLETO C\/ REGISTRO NO COREN\" data-balloon-pos=\"up\">T\u00e9cnico em Enfermagem Hospitalar<\/span><\/td>\r\n\r\n<td class=\"cremuneracao\">R$ 1.868,73 \/12\/36h<\/td>\r\n<\/tr><td class=\"ccargos\">\r\n<span data-balloon-length=\"medium\" aria-label=\"ENSINO M\u00c9DIO COMPLETO C\/ CURSO NA \u00c1REA.\" data-balloon-pos=\"up\">T\u00e9cnico em Laborat\u00f3rio<\/span><\/td>\r\n\r\n<td class=\"cremuneracao\">R$ 1.868,73 \/40h<\/td>\r\n<\/tr><td class=\"ccargos\">\r\n<span data-balloon-length=\"medium\" aria-label=\"ENSINO M\u00c9DIO E CURSO T\u00c9CNICO NA \u00c1REA DE INFORM\u00c1TICA.\" data-balloon-pos=\"up\">T\u00e9cnico em Manuten\u00e7\u00e3o e Suporte de Inform\u00e1tica<\/span><\/td>\r\n\r\n<td class=\"cremuneracao\">R$ 1.817,53 \/40h<\/td>\r\n<\/tr><td class=\"ccargos\">\r\n<span data-balloon-length=\"medium\" aria-label=\"ENSINO M\u00c9DIO COMPLETO C\/ REGISTRO NO CTR\" data-balloon-pos=\"up\">T\u00e9cnico em Radiologia<\/span><\/td>\r\n\r\n<td class=\"cremuneracao\">R$ 2.105,52 \/20h<\/td>\r\n<\/tr><td class=\"ccargos\">\r\n<span data-balloon-length=\"medium\" aria-label=\"ENSINO M\u00c9DIO, COMPROVA\u00c7\u00c3O DE RESID\u00caNCIA NA \u00c1REA DA COMUNIDADE EM QUE IR\u00c1 ATUAR, CONFORME ART. 6\u00ba, \u00a72\u00ba, DA LEI FEDERAL N\u00b0 11.350\/2006 E CERTIFICADO DE CONCLUS\u00c3O DE CURSO DE FORMA\u00c7\u00c3O INICIAL DE AGENTE COMUNIT\u00c1RIO DE SA\u00daDE, NA DATA DA CONTRATA\u00c7\u00c3O, COM CARGA HOR\u00c1RIA M\u00cdNIMA DE 40 (QUARENTA) HORAS, COM APROVEITAMENTO, OBSERVADAS AS NORMAS FEDERAIS APLIC\u00c1VEIS\" data-balloon-pos=\"up\">Agente Comunit\u00e1rio de Sa\u00fade SEDE\/URBANO<\/span><\/td>\r\n\r\n<td class=\"cremuneracao\">R$ 3.036,01 \/40h<\/td>\r\n<\/tr><td class=\"ccargos\">\r\n<span data-balloon-length=\"medium\" aria-label=\"ENSINO M\u00c9DIO, COMPROVA\u00c7\u00c3O DE RESID\u00caNCIA NA \u00c1REA DA COMUNIDADE EM QUE IR\u00c1 ATUAR, CONFORME ART. 6\u00ba, \u00a72\u00ba, DA LEI FEDERAL N\u00b0 11.350\/2006 E CERTIFICADO DE CONCLUS\u00c3O DE CURSO DE FORMA\u00c7\u00c3O INICIAL DE AGENTE COMUNIT\u00c1RIO DE SA\u00daDE, NA DATA DA CONTRATA\u00c7\u00c3O, COM CARGA HOR\u00c1RIA M\u00cdNIMA DE 40 (QUARENTA) HORAS, COM APROVEITAMENTO, OBSERVADAS AS NORMAS FEDERAIS APLIC\u00c1VEIS\" data-balloon-pos=\"up\">Agente Comunit\u00e1rio de Sa\u00fade DISTRITO VILA RICA\/RURAL<\/span><\/td>\r\n\r\n<td class=\"cremuneracao\">R$ 3.036,01 \/40h<\/td>\r\n<\/tr>\r\n    <\/tbody>\r\n  <\/table>\r\n<\/div>","_superior":"<div>\r\n<table class=\"quadro\">\r\n<thead>\r\n<tr>\r\n<th class=\"hcargo\">Cargo<\/th>\r\n\r\n<th class=\"hremuneracao\">Remunera\u00e7\u00e3o<\/th>\r\n<\/tr>\r\n<\/thead>\r\n    <tbody>\r\n      <tr>\r\n<td class=\"ccargos\">\r\n<span data-balloon-length=\"medium\" aria-label=\"CURSO SUPERIOR COMPLETO C\/ REGISTRO NO CRESS.\" data-balloon-pos=\"up\">Assistente Social<\/span><\/td>\r\n\r\n<td class=\"cremuneracao\">R$ 4.211,04 \/40h<\/td>\r\n<\/tr><tr>\r\n<td class=\"ccargos\">\r\n<span data-balloon-length=\"medium\" aria-label=\"CURSO SUPERIOR COMPLETO C\/ REGISTRO NO CAU.\" data-balloon-pos=\"up\">Arquiteto<\/span><\/td>\r\n\r\n<td class=\"cremuneracao\">R$ 4.211,04 \/40h<\/td>\r\n<\/tr><tr>\r\n<td class=\"ccargos\">\r\n<span data-balloon-length=\"medium\" aria-label=\"CURSO SUPERIOR COMPLETO C\/ REGISTRO NO CRBIOMEDICINA.\" data-balloon-pos=\"up\">Biom\u00e9dico<\/span><\/td>\r\n\r\n<td class=\"cremuneracao\">R$ 4.211,04 \/40h<\/td>\r\n<\/tr><tr>\r\n<td class=\"ccargos\">\r\n<span data-balloon-length=\"medium\" aria-label=\"CURSO SUPERIOR COMPLETO C\/ REGISTRO NO CRC.\" data-balloon-pos=\"up\">Contador<\/span><\/td>\r\n\r\n<td class=\"cremuneracao\">R$ 6.316,56 \/40h<\/td>\r\n<\/tr><tr>\r\n<td class=\"ccargos\">\r\n<span data-balloon-length=\"medium\" aria-label=\"CURSO SUPERIOR COMPLETO C\/ REGISTRO NO CREA.\" data-balloon-pos=\"up\">Engenheiro Civil<\/span><\/td>\r\n\r\n<td class=\"cremuneracao\">R$ 4.211,04 \/40h<\/td>\r\n<\/tr><tr>\r\n<td class=\"ccargos\">\r\n<span data-balloon-length=\"medium\" aria-label=\"CURSO SUPERIOR COMPLETO C\/ REGISTRO NO COREN.\" data-balloon-pos=\"up\">Enfermeiro Ambulatorial<\/span><\/td>\r\n\r\n<td class=\"cremuneracao\">R$ 4.211,04 \/40h<\/td>\r\n<\/tr><tr>\r\n<td class=\"ccargos\">\r\n<span data-balloon-length=\"medium\" aria-label=\"CURSO SUPERIOR COMPLETO C\/ REGISTRO NO COREN\" data-balloon-pos=\"up\">Enfermeiro Hospitalar<\/span><\/td>\r\n\r\n<td class=\"cremuneracao\">R$ 4.211,04 \/40h<\/td>\r\n<\/tr><tr>\r\n<td class=\"ccargos\">\r\n<span data-balloon-length=\"medium\" aria-label=\"CURSO SUPERIOR COMPLETO C\/ REGISTRO NO CRF.\" data-balloon-pos=\"up\">Farmac\u00eautico-Bioqu\u00edmico<\/span><\/td>\r\n\r\n<td class=\"cremuneracao\">R$ 4.211,04 \/40h<\/td>\r\n<\/tr><tr>\r\n<td class=\"ccargos\">\r\n<span data-balloon-length=\"medium\" aria-label=\"CURSO SUPERIOR COMPLETO C\/ REGISTRO NO CREFITO.\" data-balloon-pos=\"up\">Fisioterapeuta<\/span><\/td>\r\n\r\n<td class=\"cremuneracao\">R$ 4.211,04 \/30h<\/td>\r\n<\/tr><tr>\r\n<td class=\"ccargos\">\r\n<span data-balloon-length=\"medium\" aria-label=\"CURSO SUPERIOR COMPLETO C\/ REGISTRO NO CRFA.\" data-balloon-pos=\"up\">Fonoaudi\u00f3logo<\/span><\/td>\r\n\r\n<td class=\"cremuneracao\">R$ 4.211,04 \/40h<\/td>\r\n<\/tr><tr>\r\n<td class=\"ccargos\">\r\n<span data-balloon-length=\"medium\" aria-label=\"CURSO SUPERIOR COMPLETO C\/ REGISTRO NO CRM.\" data-balloon-pos=\"up\">M\u00e9dico Cl\u00ednico Geral<\/span><\/td>\r\n\r\n<td class=\"cremuneracao\">R$ 12.093,12 \/40h<\/td>\r\n<\/tr><tr>\r\n<td class=\"ccargos\">\r\n<span data-balloon-length=\"medium\" aria-label=\"CURSO SUPERIOR COMPLETO C\/ REGISTRO NO CRM.\" data-balloon-pos=\"up\">M\u00e9dico ESF<\/span><\/td>\r\n\r\n<td class=\"cremuneracao\">R$ 16.844,16 \/40h<\/td>\r\n<\/tr><tr>\r\n<td class=\"ccargos\">\r\n<span data-balloon-length=\"medium\" aria-label=\"CURSO SUPERIOR COMPLETO + ESPECIALIZA\u00c7\u00c3O C\/REGISTRO NO CRM.\" data-balloon-pos=\"up\">M\u00e9dico Ginecologista-Obstetra<\/span><\/td>\r\n\r\n<td class=\"cremuneracao\">R$ 16.844,16 \/40h<\/td>\r\n<\/tr><tr>\r\n<td class=\"ccargos\">\r\n<span data-balloon-length=\"medium\" aria-label=\"CURSO SUPERIOR COMPLETO C\/ REGISTRO NO CRMV.\" data-balloon-pos=\"up\">M\u00e9dico Veterin\u00e1rio<\/span><\/td>\r\n\r\n<td class=\"cremuneracao\">R$ 4.211,04 \/20h<\/td>\r\n<\/tr><tr>\r\n<td class=\"ccargos\">\r\n<span data-balloon-length=\"medium\" aria-label=\"CURSO SUPERIOR COMPLETO C\/ REGISTRO NO CRN.\" data-balloon-pos=\"up\">Nutricionista<\/span><\/td>\r\n\r\n<td class=\"cremuneracao\">R$ 4.211,04 \/40h<\/td>\r\n<\/tr><tr>\r\n<td class=\"ccargos\">\r\n<span data-balloon-length=\"medium\" aria-label=\"CURSO SUPERIOR COMPLETO C\/ REGISTRO NO CRO.\" data-balloon-pos=\"up\">Odont\u00f3logo<\/span><\/td>\r\n\r\n<td class=\"cremuneracao\">R$ 4.211,04 \/40h<\/td>\r\n<\/tr><tr>\r\n<td class=\"ccargos\">\r\n<span data-balloon-length=\"medium\" aria-label=\"CURSO SUPERIOR COMPLETO EM PEDAGOGIA.\" data-balloon-pos=\"up\">Pedagogo - CREAS<\/span><\/td>\r\n\r\n<td class=\"cremuneracao\">R$ 4.211,04 \/40h<\/td>\r\n<\/tr><tr>\r\n<td class=\"ccargos\">\r\n<span data-balloon-length=\"medium\" aria-label=\"CURSO SUPERIOR COMPLETO C\/ REGISTRO NO CREF.\" data-balloon-pos=\"up\">Profissional de Educa\u00e7\u00e3o F\u00edsica<\/span><\/td>\r\n\r\n<td class=\"cremuneracao\">R$ 4.211,04 \/40h<\/td>\r\n<\/tr><tr>\r\n<td class=\"ccargos\">\r\n<span data-balloon-length=\"medium\" aria-label=\"CURSO SUPERIOR COMPLETO C\/ REGISTRO NO CRP.\" data-balloon-pos=\"up\">Psic\u00f3logo<\/span><\/td>\r\n\r\n<td class=\"cremuneracao\">R$ 4.211,04 \/40h<\/td>\r\n<\/tr><tr>\r\n<td class=\"ccargos\">\r\n<span data-balloon-length=\"medium\" aria-label=\"LICENCIATURA EM PEDAGOGIA\" data-balloon-pos=\"up\">Professor Educa\u00e7\u00e3o Infantil<\/span><\/td>\r\n\r\n<td class=\"cremuneracao\">R$ 2.467,38 \/20h<\/td>\r\n<\/tr><tr>\r\n<td class=\"ccargos\">\r\n<span data-balloon-length=\"medium\" aria-label=\"LICENCIATURA EM EDUCA\u00c7\u00c3O F\u00cdSICA\" data-balloon-pos=\"up\">Professor Educa\u00e7\u00e3o F\u00edsica<\/span><\/td>\r\n\r\n<td class=\"cremuneracao\">R$ 2.467,38 \/20h<\/td>\r\n<\/tr><tr>\r\n<td class=\"ccargos\">\r\n<span data-balloon-length=\"medium\" aria-label=\"LICENCIATURA EM PEDAGOGIA\" data-balloon-pos=\"up\">Professor Ensino Fundamental<\/span><\/td>\r\n\r\n<td class=\"cremuneracao\">R$ 2.467,38 \/20h<\/td>\r\n<\/tr><tr>\r\n<td class=\"ccargos\">\r\n<span data-balloon-length=\"medium\" aria-label=\"LICENCIATURA EM EDUCA\u00c7\u00c3O ESPECIAL E\/OU PEDAGOGIA COM P\u00d3S-GRADUA\u00c7\u00c3O EM EDUCA\u00c7\u00c3O ESPECIAL\" data-balloon-pos=\"up\">Professor de Educa\u00e7\u00e3o Especial<\/span><\/td>\r\n\r\n<td class=\"cremuneracao\">R$ 2.467,38 \/20h<\/td>\r\n<\/tr><tr>\r\n<td class=\"ccargos\">\r\n<span data-balloon-length=\"medium\" aria-label=\"LICENCIATURA EM ARTES C\u00caNICAS OU VISUAIS\" data-balloon-pos=\"up\">Professor de Arte<\/span><\/td>\r\n\r\n<td class=\"cremuneracao\">R$ 2.467,38 \/20h<\/td>\r\n<\/tr>\r\n    <\/tbody>\r\n  <\/table>\r\n<\/div>"},"_links":{"self":[{"href":"https:\/\/www.agrobase.com.br\/concursos\/wp-json\/wp\/v2\/posts\/274128","targetHints":{"allow":["GET"]}}],"collection":[{"href":"https:\/\/www.agrobase.com.br\/concursos\/wp-json\/wp\/v2\/posts"}],"about":[{"href":"https:\/\/www.agrobase.com.br\/concursos\/wp-json\/wp\/v2\/types\/post"}],"author":[{"embeddable":true,"href":"https:\/\/www.agrobase.com.br\/concursos\/wp-json\/wp\/v2\/users\/7"}],"replies":[{"embeddable":true,"href":"https:\/\/www.agrobase.com.br\/concursos\/wp-json\/wp\/v2\/comments?post=274128"}],"version-history":[{"count":2,"href":"https:\/\/www.agrobase.com.br\/concursos\/wp-json\/wp\/v2\/posts\/274128\/revisions"}],"predecessor-version":[{"id":274133,"href":"https:\/\/www.agrobase.com.br\/concursos\/wp-json\/wp\/v2\/posts\/274128\/revisions\/274133"}],"wp:featuredmedia":[{"embeddable":true,"href":"https:\/\/www.agrobase.com.br\/concursos\/wp-json\/wp\/v2\/media\/274127"}],"wp:attachment":[{"href":"https:\/\/www.agrobase.com.br\/concursos\/wp-json\/wp\/v2\/media?parent=274128"}],"wp:term":[{"taxonomy":"category","embeddable":true,"href":"https:\/\/www.agrobase.com.br\/concursos\/wp-json\/wp\/v2\/categories?post=274128"},{"taxonomy":"post_tag","embeddable":true,"href":"https:\/\/www.agrobase.com.br\/concursos\/wp-json\/wp\/v2\/tags?post=274128"},{"taxonomy":"_amplo","embeddable":true,"href":"https:\/\/www.agrobase.com.br\/concursos\/wp-json\/wp\/v2\/_amplo?post=274128"},{"taxonomy":"destaque","embeddable":true,"href":"https:\/\/www.agrobase.com.br\/concursos\/wp-json\/wp\/v2\/destaque?post=274128"},{"taxonomy":"instituicoes","embeddable":true,"href":"https:\/\/www.agrobase.com.br\/concursos\/wp-json\/wp\/v2\/instituicoes?post=274128"}],"curies":[{"name":"wp","href":"https:\/\/api.w.org\/{rel}","templated":true}]}}