{"id":274123,"date":"2025-11-24T08:00:08","date_gmt":"2025-11-24T11:00:08","guid":{"rendered":"https:\/\/www.agrobase.com.br\/concursos\/?p=274123"},"modified":"2025-11-20T15:57:06","modified_gmt":"2025-11-20T18:57:06","slug":"prefeitura-fartura-sp-concurso-02-2025","status":"publish","type":"post","link":"https:\/\/www.agrobase.com.br\/concursos\/2025\/prefeitura-fartura-sp-concurso-02-2025\/","title":{"rendered":"Prefeitura Fartura (SP) &#8211; Concurso 02\/2025"},"content":{"rendered":"<h2>Informa\u00e7\u00f5es Gerais<\/h2>\n<p>O Concurso P\u00fablico n\u00ba 02\/2025 da Prefeitura Municipal de Fartura\/SP, organizado pelo Instituto Brasileiro de Ensino, Pesquisa e Extens\u00e3o do Poder P\u00fablico (Instituto IBEPP), oferece 47 vagas imediatas para diversos cargos, com remunera\u00e7\u00f5es entre R$ 1.518,00 e R$ 9.782,28. O certame \u00e9 regido pelo regime estatut\u00e1rio, conforme o Estatuto dos Servidores P\u00fablicos do Munic\u00edpio de Fartura (Lei Complementar n\u00ba 04\/2009), com vincula\u00e7\u00e3o ao Regime Geral de Previd\u00eancia Social (RGPS).<\/p>\n<p>O edital contempla oportunidades para n\u00edveis Fundamental incompleto e completo, M\u00e9dio\/T\u00e9cnico e Superior, distribu\u00eddas principalmente nas \u00e1reas de Sa\u00fade (m\u00e9dicos em v\u00e1rias especialidades, dentistas, farmac\u00eautico, fonoaudi\u00f3logo, terapeuta ocupacional, condutor socorrista, auxiliares e cuidadores), Assist\u00eancia Social (cuidador social), Educa\u00e7\u00e3o\/Servi\u00e7os de apoio (merendeira) e Infraestrutura\/Servi\u00e7os urbanos (agente de limpeza p\u00fablica, agente operacional, pedreiro, operador de m\u00e1quina, coveiro, t\u00e9cnico eletricista), al\u00e9m de vaga jur\u00eddica para Procurador Municipal.<\/p>\n<p>O objetivo do concurso \u00e9 a nomea\u00e7\u00e3o de servidores efetivos para preenchimento de vagas existentes, com validade de 2 anos, prorrog\u00e1vel por igual per\u00edodo, a crit\u00e9rio da Prefeitura. As inscri\u00e7\u00f5es ser\u00e3o realizadas exclusivamente pela internet, e todas as fases ser\u00e3o acompanhadas pela Comiss\u00e3o Especial do Concurso. A seguir, voc\u00ea confere como se inscrever, quais s\u00e3o as etapas e como acompanhar os resultados antes de decidir sua participa\u00e7\u00e3o.<\/p>\n<h2>Inscri\u00e7\u00f5es<\/h2>\n<p>As inscri\u00e7\u00f5es para o Concurso P\u00fablico n\u00ba 02\/2025 da Prefeitura de Fartura\/SP ser\u00e3o realizadas <strong>exclusivamente pela internet<\/strong>, no per\u00edodo das 00h01 de 21\/10\/2025 at\u00e9 \u00e0s 23h59 de 27\/11\/2025, por meio do site do Instituto IBEPP: <a href=\"https:\/\/portal.institutoibepp.com.br\/\" target=\"_blank\" rel=\"noopener\">https:\/\/portal.institutoibepp.com.br\/<\/a>. Ap\u00f3s esse hor\u00e1rio, a ficha de inscri\u00e7\u00e3o e o boleto, inclusive 2\u00aa via, n\u00e3o ficar\u00e3o mais dispon\u00edveis.<\/p>\n<p>Para se inscrever, o candidato deve: acessar o site da banca, localizar o link do Concurso P\u00fablico n\u00ba 02\/2025 da Prefeitura de Fartura\/SP, ler o edital na \u00edntegra, preencher corretamente a ficha de inscri\u00e7\u00e3o, transmitir os dados, imprimir o boleto banc\u00e1rio e efetuar o pagamento at\u00e9 o dia 28\/11\/2025 em bancos ou casas lot\u00e9ricas.<\/p>\n<p>As taxas de inscri\u00e7\u00e3o s\u00e3o diferenciadas por escolaridade: <strong>R$ 70,80<\/strong> para cargos de Ensino Superior completo; <strong>R$ 52,80<\/strong> para cargos de Ensino M\u00e9dio completo; e <strong>R$ 31,80<\/strong> para cargos de Ensino Fundamental. A inscri\u00e7\u00e3o s\u00f3 ser\u00e1 efetivada ap\u00f3s a confirma\u00e7\u00e3o do pagamento pelo banco. N\u00e3o \u00e9 permitida inscri\u00e7\u00e3o condicional, fora do prazo ou troca de cargo ap\u00f3s a confirma\u00e7\u00e3o.<\/p>\n<p>O candidato pode se inscrever para mais de um cargo, desde que esteja ciente de poss\u00edveis conflitos de hor\u00e1rio das provas, devendo optar por apenas um no dia do exame. Em caso de dados incorretos, a corre\u00e7\u00e3o deve ser solicitada na \u00e1rea do candidato, no pr\u00f3prio site da banca. As informa\u00e7\u00f5es prestadas s\u00e3o de inteira responsabilidade do candidato, podendo levar ao cancelamento da inscri\u00e7\u00e3o se forem falsas ou inexatas.<\/p>\n<p>O edital menciona que n\u00e3o devem ser enviados documentos \u00e0 Prefeitura ou ao Instituto IBEPP durante a inscri\u00e7\u00e3o; a comprova\u00e7\u00e3o de requisitos ser\u00e1 exigida apenas na convoca\u00e7\u00e3o. O acompanhamento do status da inscri\u00e7\u00e3o, eventuais corre\u00e7\u00f5es, comunicados e demais publica\u00e7\u00f5es deve ser feito diretamente na \u00e1rea do candidato e na p\u00e1gina oficial do concurso. Recomenda-se fortemente a leitura atenta do edital completo antes de efetuar o pagamento da taxa.<\/p>\n<h2>Etapas e Provas<\/h2>\n<p>O concurso da Prefeitura de Fartura\/SP \u00e9 composto por v\u00e1rias etapas, que variam conforme o cargo, todas sob responsabilidade do Instituto IBEPP.<\/p>\n<p><strong>1) Prova Objetiva (todos os cargos)<\/strong><\/p>\n<ul>\n<li><strong>Car\u00e1ter:<\/strong> eliminat\u00f3rio e classificat\u00f3rio.<\/li>\n<li><strong>Data prevista:<\/strong> 25\/01\/2026, em dois turnos (manh\u00e3 e tarde), conforme edital de convoca\u00e7\u00e3o.<\/li>\n<li><strong>Formato:<\/strong> 40 quest\u00f5es de m\u00faltipla escolha, com 4 alternativas cada, valendo 2,5 pontos por quest\u00e3o, totalizando at\u00e9 100 pontos para cargos de N\u00edvel Superior e N\u00edvel M\u00e9dio (demais n\u00edveis seguem o edital e seus anexos).<\/li>\n<li><strong>Dura\u00e7\u00e3o:<\/strong> 3 horas, incluindo o tempo para preenchimento da folha de respostas.<\/li>\n<li><strong>Crit\u00e9rio de aprova\u00e7\u00e3o:<\/strong> elimina\u00e7\u00e3o do candidato que obtiver nota inferior a 50 pontos na prova objetiva.<\/li>\n<li><strong>Disciplinas:<\/strong> o edital menciona blocos como L\u00edngua Portuguesa, Matem\u00e1tica, Conhecimentos Espec\u00edficos, Legisla\u00e7\u00e3o e Atualidades, distribu\u00eddos conforme o cargo e o conte\u00fado do Anexo II.<\/li>\n<\/ul>\n<p>O candidato deve comparecer com anteced\u00eancia m\u00ednima de 30 minutos, portando documento oficial de identifica\u00e7\u00e3o original (f\u00edsico ou digital, conforme lista do edital) e caneta esferogr\u00e1fica transparente azul ou preta. N\u00e3o h\u00e1 segunda chamada, nem realiza\u00e7\u00e3o de prova fora do local, data e hor\u00e1rio definidos.<\/p>\n<p><strong>2) Prova Pr\u00e1tica<\/strong><\/p>\n<ul>\n<li><strong>Cargos:<\/strong> Condutor Socorrista e Operador de M\u00e1quinas.<\/li>\n<li><strong>Car\u00e1ter:<\/strong> eliminat\u00f3rio e classificat\u00f3rio.<\/li>\n<li><strong>Convoca\u00e7\u00e3o:<\/strong> at\u00e9 o 10\u00ba candidato classificado na prova objetiva de cada cargo.<\/li>\n<li><strong>Avalia\u00e7\u00e3o:<\/strong> escala de 0 a 100 pontos, sendo eliminado quem obtiver nota inferior a 50 pontos, ainda que aprovado na prova objetiva.<\/li>\n<li><strong>Detalhamento:<\/strong> procedimentos e crit\u00e9rios constam no Anexo V do edital.<\/li>\n<\/ul>\n<p><strong>3) Teste de Aptid\u00e3o F\u00edsica (TAF)<\/strong><\/p>\n<ul>\n<li><strong>Cargos:<\/strong> Agente de Limpeza P\u00fablica e Agente Operacional.<\/li>\n<li><strong>Car\u00e1ter:<\/strong> eliminat\u00f3rio e classificat\u00f3rio.<\/li>\n<li><strong>Regras:<\/strong> tipos de exerc\u00edcios, \u00edndices m\u00ednimos e condi\u00e7\u00f5es de realiza\u00e7\u00e3o est\u00e3o descritos no Anexo V.<\/li>\n<\/ul>\n<p><strong>4) Avalia\u00e7\u00e3o Psicol\u00f3gica<\/strong><\/p>\n<ul>\n<li><strong>Cargo:<\/strong> Cuidador Social.<\/li>\n<li><strong>Car\u00e1ter:<\/strong> eliminat\u00f3rio e classificat\u00f3rio.<\/li>\n<li><strong>Detalhamento:<\/strong> metodologia, instrumentos e crit\u00e9rios de aptid\u00e3o constam no Anexo VI do edital.<\/li>\n<\/ul>\n<p>Em todas as etapas, o n\u00e3o comparecimento, o descumprimento das regras de conduta (uso de celular, comunica\u00e7\u00e3o com outros candidatos, aus\u00eancia de documento, entre outros) ou a obten\u00e7\u00e3o de nota abaixo do m\u00ednimo estabelecido implicam elimina\u00e7\u00e3o. Para informa\u00e7\u00f5es completas sobre conte\u00fados cobrados, crit\u00e9rios de corre\u00e7\u00e3o, cronograma detalhado e orienta\u00e7\u00f5es espec\u00edficas de cada etapa, \u00e9 indispens\u00e1vel a leitura integral do edital e de seus anexos.<\/p>\n<h2>Resultados e Gabarito<\/h2>\n<p>O gabarito oficial das provas objetivas ser\u00e1 divulgado nos sites oficiais da Prefeitura de Fartura\/SP e do Instituto IBEPP, conforme cronograma do edital. De acordo com o calend\u00e1rio previsto, os <strong>gabaritos preliminares<\/strong> das provas objetivas ser\u00e3o publicados em 26\/01\/2026, ap\u00f3s as 17h. Ap\u00f3s a an\u00e1lise dos recursos, os <strong>gabaritos definitivos<\/strong> e a <strong>classifica\u00e7\u00e3o preliminar<\/strong> das provas objetivas est\u00e3o previstos para 20\/02\/2026, tamb\u00e9m ap\u00f3s as 17h.<\/p>\n<p>A <strong>classifica\u00e7\u00e3o preliminar<\/strong> da prova pr\u00e1tica, do TAF e da Avalia\u00e7\u00e3o Psicol\u00f3gica tem divulga\u00e7\u00e3o prevista para 02\/03\/2026, com resultado dos recursos sobre essa classifica\u00e7\u00e3o em 06\/03\/2026. Na mesma data, 06\/03\/2026, ap\u00f3s as 17h, est\u00e1 programada a publica\u00e7\u00e3o da <strong>Classifica\u00e7\u00e3o Final<\/strong> do concurso. A <strong>homologa\u00e7\u00e3o final<\/strong> do resultado est\u00e1 prevista para 09\/03\/2026, ap\u00f3s as 17h, passando ent\u00e3o o concurso a produzir efeitos para fins de nomea\u00e7\u00e3o.<\/p>\n<p>Os candidatos aprovados ser\u00e3o classificados em ordem decrescente da pontua\u00e7\u00e3o final. Em caso de empate, ser\u00e3o aplicados, sucessivamente, os seguintes crit\u00e9rios: maior idade; maior pontua\u00e7\u00e3o em Conhecimentos Espec\u00edficos\/Legisla\u00e7\u00e3o; maior pontua\u00e7\u00e3o em L\u00edngua Portuguesa; maior pontua\u00e7\u00e3o em Matem\u00e1tica; maior pontua\u00e7\u00e3o em Conhecimentos Espec\u00edficos\/Atualidades. Persistindo o empate, poder\u00e1 ser realizado sorteio entre os empatados.<\/p>\n<p>A classifica\u00e7\u00e3o ser\u00e1 divulgada em duas listas por cargo: uma <strong>lista geral<\/strong>, com todos os aprovados, e uma <strong>lista especial<\/strong>, com candidatos com defici\u00eancia aprovados, quando houver. Ap\u00f3s a homologa\u00e7\u00e3o, a Prefeitura Municipal de Fartura ser\u00e1 respons\u00e1vel pela divulga\u00e7\u00e3o das nomea\u00e7\u00f5es, conforme a legisla\u00e7\u00e3o vigente.<\/p>\n<p>As convoca\u00e7\u00f5es para posse e demais comunicados ser\u00e3o publicados nos canais oficiais da Prefeitura e no site da banca organizadora. \u00c9 responsabilidade exclusiva do candidato acompanhar, de forma cont\u00ednua, todas as publica\u00e7\u00f5es de editais, resultados, recursos, homologa\u00e7\u00f5es e convoca\u00e7\u00f5es tanto no site do Instituto IBEPP quanto nos meios oficiais da Prefeitura e, quando indicado, no Di\u00e1rio Oficial.<\/p>\n","protected":false},"excerpt":{"rendered":"<p>Concurso Pref. Fartura (SP) com edital publicado! Vagas p\/ M\u00e9dico e Aux. Farm\u00e1cia (Fund. a Sup.). Inscri\u00e7\u00f5es a partir de 21\/10. Sal\u00e1rios at\u00e9 R$ 9.7k. Confira!<\/p>\n","protected":false},"author":7,"featured_media":274122,"comment_status":"open","ping_status":"open","sticky":false,"template":"","format":"standard","meta":{"_acf_changed":false,"_breakdance_hide_in_design_set":false,"_breakdance_tags":"","footnotes":""},"categories":[10,17,19,21,24,134],"tags":[62],"_amplo":[],"destaque":[],"instituicoes":[],"class_list":["post-274123","post","type-post","status-publish","format-standard","has-post-thumbnail","hentry","category-direito","category-farmacia","category-fonoaudiologia","category-medicina","category-odontologia","category-terapia-ocupacional","tag-sao-paulo"],"acf":{"_tipo_vagas":"vagas","_numero_vagas":"","_quadro_vagas":"","_cargos":"diversos","_cargos_especificos":"","_salario_max":"R$ 9782.28","_abertura":"20251021","_encerramento":"20251128","_inscricoes":"https:\/\/portal.institutoibepp.com.br\/","_executora_concurso":"","_instituicao_concurso":[],"_link_adicional":null,"_anexos":null,"_produtos":null,"_vagas":"47 vagas","_salario_min":"R$ 1518","_instituicao":"Prefeitura de Fartura","_edital":"https:\/\/www.agrobase.com.br\/concursos\/wp-content\/uploads\/sites\/4\/2025\/11\/edital-02-2025-prefeitura-de-fartura-sp.pdf","_anexos_edital":"https:\/\/www.agrobase.com.br\/concursos\/wp-content\/uploads\/sites\/4\/2025\/11\/anexos-edital-02-2025-prefeitura-de-fartura-sp.pdf","_fund_incompleto":"<div>\r\n<table class=\"quadro\">\r\n<thead>\r\n<tr>\r\n<th class=\"hcargo\">Cargo<\/th>\r\n<th class=\"hvagas\">Vagas<\/th>\r\n<th class=\"hremuneracao\">Remunera\u00e7\u00e3o<\/th>\r\n<\/tr>\r\n<\/thead>\r\n    <tbody>\r\n      <td class=\"ccargos\">\r\n<span data-balloon-length=\"medium\" aria-label=\"Ensino fundamental incompleto.\" data-balloon-pos=\"up\">Agente de Limpeza P\u00fablica<\/span><\/td>\r\n<td class=\"cvagas\">04<\/td>\r\n<td class=\"cremuneracao\">R$ 1.518,00 \/40h<\/td>\r\n<\/tr><td class=\"ccargos\">\r\n<span data-balloon-length=\"medium\" aria-label=\"Ensino fundamental incompleto.\" data-balloon-pos=\"up\">Agente Operacional<\/span><\/td>\r\n<td class=\"cvagas\">08<\/td>\r\n<td class=\"cremuneracao\">R$ 1.518,00 \/40h<\/td>\r\n<\/tr><td class=\"ccargos\">\r\n<span data-balloon-length=\"medium\" aria-label=\"Ensino fundamental incompleto.\" data-balloon-pos=\"up\">Coveiro<\/span><\/td>\r\n<td class=\"cvagas\">03<\/td>\r\n<td class=\"cremuneracao\">R$ 1.518,00 \/40h<\/td>\r\n<\/tr><td class=\"ccargos\">\r\n<span data-balloon-length=\"medium\" aria-label=\"Ensino fundamental incompleto.\" data-balloon-pos=\"up\">Pedreiro<\/span><\/td>\r\n<td class=\"cvagas\">03<\/td>\r\n<td class=\"cremuneracao\">R$ 1.518,00 \/40h<\/td>\r\n<\/tr>\r\n    <\/tbody>\r\n  <\/table>\r\n<\/div>","_fund_completo":"<div>\r\n<table class=\"quadro\">\r\n<thead>\r\n<tr>\r\n<th class=\"hcargo\">Cargo<\/th>\r\n<th class=\"hvagas\">Vagas<\/th>\r\n<th class=\"hremuneracao\">Remunera\u00e7\u00e3o<\/th>\r\n<\/tr>\r\n<\/thead>\r\n    <tbody>\r\n      <td class=\"ccargos\">\r\n<span data-balloon-length=\"medium\" aria-label=\"Ensino fundamental completo.\" data-balloon-pos=\"up\">Merendeira<\/span><\/td>\r\n<td class=\"cvagas\">02<\/td>\r\n<td class=\"cremuneracao\">R$ 1.518,00 \/40h<\/td>\r\n<\/tr><td class=\"ccargos\">\r\n<span data-balloon-length=\"medium\" aria-label=\"Ensino fundamental completo e carteira nacional de habilita\u00e7\u00e3o.\" data-balloon-pos=\"up\">Operador de M\u00e1quina<\/span><\/td>\r\n<td class=\"cvagas\">02<\/td>\r\n<td class=\"cremuneracao\">R$ 1.518,00 \/40h<\/td>\r\n<\/tr>\r\n    <\/tbody>\r\n  <\/table>\r\n<\/div>","_medio":"<div>\r\n<table class=\"quadro\">\r\n<thead>\r\n<tr>\r\n<th class=\"hcargo\">Cargo<\/th>\r\n<th class=\"hvagas\">Vagas<\/th>\r\n<th class=\"hremuneracao\">Remunera\u00e7\u00e3o<\/th>\r\n<\/tr>\r\n<\/thead>\r\n    <tbody>\r\n      <td class=\"ccargos\">\r\n<span data-balloon-length=\"medium\" aria-label=\"Ensino m\u00e9dio completo.\" data-balloon-pos=\"up\">Auxiliar de Farm\u00e1cia<\/span><\/td>\r\n<td class=\"cvagas\">06<\/td>\r\n<td class=\"cremuneracao\">R$ 1.810,08 \/40h<\/td>\r\n<\/tr><td class=\"ccargos\">\r\n<span data-balloon-length=\"medium\" aria-label=\"Ensino m\u00e9dio completo. CNH categoria D e experi\u00eancia de, no m\u00ednimo, 02 (dois) anos como motorista, curso de atendimento pr\u00e9-hospitalar APH, habilita\u00e7\u00e3o para conduzir ve\u00edculos de urg\u00eancia padronizados pelo c\u00f3digo sanit\u00e1rio e pela Portaria Ministerial MS 2048\/GM de 05 de novembro de 2002\" data-balloon-pos=\"up\">Condutor Socorrista<\/span><\/td>\r\n<td class=\"cvagas\">01<\/td>\r\n<td class=\"cremuneracao\">R$ 2.156,67 \/12 horas de trabalho por 36 de descanso, com intervalo de 1 (uma) hora para refei\u00e7\u00e3o (almo\u00e7o ou jantar)<\/td>\r\n<\/tr><td class=\"ccargos\">\r\n<span data-balloon-length=\"medium\" aria-label=\"Ensino M\u00e9dio Completo e Curso de Cuidador de Idosos.\" data-balloon-pos=\"up\">Cuidador de Idosos<\/span><\/td>\r\n<td class=\"cvagas\">01<\/td>\r\n<td class=\"cremuneracao\">R$ 1.810,08 \/40h<\/td>\r\n<\/tr><td class=\"ccargos\">\r\n<span data-balloon-length=\"medium\" aria-label=\"Ensino m\u00e9dio completo. Avalia\u00e7\u00e3o Psicol\u00f3gica em car\u00e1ter eliminat\u00f3rio; Capacita\u00e7\u00e3o Espec\u00edfica fornecida pela Coordenadoria Municipal de Assist\u00eancia Social\" data-balloon-pos=\"up\">Cuidador Social<\/span><\/td>\r\n<td class=\"cvagas\">06<\/td>\r\n<td class=\"cremuneracao\">R$ 1.810,08 \/12x24 - 12x48 horas, de forma cont\u00ednua, com intervalo de 1 (uma) hora para refei\u00e7\u00e3o (almo\u00e7o ou jantar)<\/td>\r\n<\/tr><td class=\"ccargos\">\r\n<span data-balloon-length=\"medium\" aria-label=\"Ensino M\u00e9dio Completo e Curso t\u00e9cnico de eletricista ou eletricidade ou eletrot\u00e9cnica.\" data-balloon-pos=\"up\">T\u00e9cnico Eletricista<\/span><\/td>\r\n<td class=\"cvagas\">01<\/td>\r\n<td class=\"cremuneracao\">R$ 2.797,20 \/40h<\/td>\r\n<\/tr>\r\n    <\/tbody>\r\n  <\/table>\r\n<\/div>","_superior":"<div>\r\n<table class=\"quadro\">\r\n<thead>\r\n<tr>\r\n<th class=\"hcargo\">Cargo<\/th>\r\n<th class=\"hvagas\">Vagas<\/th>\r\n<th class=\"hremuneracao\">Remunera\u00e7\u00e3o<\/th>\r\n<\/tr>\r\n<\/thead>\r\n    <tbody>\r\n      <tr>\r\n<td class=\"ccargos\">\r\n<span data-balloon-length=\"medium\" aria-label=\"Curso superior em Odontologia e inscri\u00e7\u00e3o no CRO - Conselho Regional de Odontologia.\" data-balloon-pos=\"up\">Dentista Cl\u00ednico Geral<\/span><\/td>\r\n<td class=\"cvagas\">02<\/td>\r\n<td class=\"cremuneracao\">R$ 4.387,45 \/20h<\/td>\r\n<\/tr><tr>\r\n<td class=\"ccargos\">\r\n<span data-balloon-length=\"medium\" aria-label=\"Curso superior em Odontologia e inscri\u00e7\u00e3o no CRO - Conselho Regional de Odontologia.\" data-balloon-pos=\"up\">Dentista Cl\u00ednico Geral<\/span><\/td>\r\n<td class=\"cvagas\">01<\/td>\r\n<td class=\"cremuneracao\">R$ 9.782,28 \/40h<\/td>\r\n<\/tr><tr>\r\n<td class=\"ccargos\">\r\n<span data-balloon-length=\"medium\" aria-label=\"Curso superior em Farm\u00e1cia e inscri\u00e7\u00e3o no CRF - Conselho Regional de Farm\u00e1cia.\" data-balloon-pos=\"up\">Farmac\u00eautico<\/span><\/td>\r\n<td class=\"cvagas\">01<\/td>\r\n<td class=\"cremuneracao\">R$ 4.258,74 \/30h<\/td>\r\n<\/tr><tr>\r\n<td class=\"ccargos\">\r\n<span data-balloon-length=\"medium\" aria-label=\"Curso superior em Fonoaudiologia e inscri\u00e7\u00e3o no CRF - Conselho Regional de Fonoaudiologia.\" data-balloon-pos=\"up\">Fonoaudi\u00f3logo<\/span><\/td>\r\n<td class=\"cvagas\">02<\/td>\r\n<td class=\"cremuneracao\">R$ 4.258,74 \/30h<\/td>\r\n<\/tr><tr>\r\n<td class=\"ccargos\">\r\n<span data-balloon-length=\"medium\" aria-label=\"Curso superior completo em medicina com especializa\u00e7\u00e3o em cardiologia e inscri\u00e7\u00e3o no Conselho Regional de Medicina.\" data-balloon-pos=\"up\">M\u00e9dico Cardiologista<\/span><\/td>\r\n<td class=\"cvagas\">01<\/td>\r\n<td class=\"cremuneracao\">R$ 4.656,72 \/20h<\/td>\r\n<\/tr><tr>\r\n<td class=\"ccargos\">\r\n<span data-balloon-length=\"medium\" aria-label=\"Curso superior completo em medicina e inscri\u00e7\u00e3o no Conselho Regional de Medicina.\" data-balloon-pos=\"up\">M\u00e9dico Cirurgi\u00e3o Geral<\/span><\/td>\r\n<td class=\"cvagas\">01<\/td>\r\n<td class=\"cremuneracao\">R$ 4.656,72 \/20h<\/td>\r\n<\/tr><tr>\r\n<td class=\"ccargos\">\r\n<span data-balloon-length=\"medium\" aria-label=\"Curso superior completo em medicina, carteira nacional de habilita\u00e7\u00e3o e inscri\u00e7\u00e3o no Conselho Regional de Medicina.\" data-balloon-pos=\"up\">M\u00e9dico Cl\u00ednico Geral - ESF<\/span><\/td>\r\n<td class=\"cvagas\">02<\/td>\r\n<td class=\"cremuneracao\">R$ 8.555,51 \/40h<\/td>\r\n<\/tr><tr>\r\n<td class=\"ccargos\">\r\n<span data-balloon-length=\"medium\" aria-label=\"Curso superior completo em medicina com especializa\u00e7\u00e3o em Ginecologia e inscri\u00e7\u00e3o no Conselho Regional de Medicina.\" data-balloon-pos=\"up\">M\u00e9dico Ginecologista Obstetra<\/span><\/td>\r\n<td class=\"cvagas\">02<\/td>\r\n<td class=\"cremuneracao\">R$ 4.656,72 \/20h<\/td>\r\n<\/tr><tr>\r\n<td class=\"ccargos\">\r\n<span data-balloon-length=\"medium\" aria-label=\"Curso superior completo em medicina com especializa\u00e7\u00e3o em Neuropediatria e inscri\u00e7\u00e3o no Conselho Regional de Medicina.\" data-balloon-pos=\"up\">M\u00e9dico Neuropediatra<\/span><\/td>\r\n<td class=\"cvagas\">01<\/td>\r\n<td class=\"cremuneracao\">R$ 4.656,72 \/20h<\/td>\r\n<\/tr><tr>\r\n<td class=\"ccargos\">\r\n<span data-balloon-length=\"medium\" aria-label=\"Curso superior completo em medicina com especializa\u00e7\u00e3o em Neurologia e inscri\u00e7\u00e3o no Conselho Regional de Medicina.\" data-balloon-pos=\"up\">M\u00e9dico Neurologista<\/span><\/td>\r\n<td class=\"cvagas\">01<\/td>\r\n<td class=\"cremuneracao\">R$ 4.656,72 \/20h<\/td>\r\n<\/tr><tr>\r\n<td class=\"ccargos\">\r\n<span data-balloon-length=\"medium\" aria-label=\"Curso superior em medicina com especializa\u00e7\u00e3o em Oftalmologia e inscri\u00e7\u00e3o no Conselho Regional de Medicina.\" data-balloon-pos=\"up\">M\u00e9dico Oftalmologista<\/span><\/td>\r\n<td class=\"cvagas\">01<\/td>\r\n<td class=\"cremuneracao\">R$ 4.656,72 \/20h<\/td>\r\n<\/tr><tr>\r\n<td class=\"ccargos\">\r\n<span data-balloon-length=\"medium\" aria-label=\"Curso superior em medicina com especializa\u00e7\u00e3o em Ortopedia e inscri\u00e7\u00e3o no Conselho Regional de Medicina.\" data-balloon-pos=\"up\">M\u00e9dico Ortopedista<\/span><\/td>\r\n<td class=\"cvagas\">01<\/td>\r\n<td class=\"cremuneracao\">R$ 4.656,72 \/20h<\/td>\r\n<\/tr><tr>\r\n<td class=\"ccargos\">\r\n<span data-balloon-length=\"medium\" aria-label=\"Curso superior completo em medicina com especializa\u00e7\u00e3o em Pediatria e inscri\u00e7\u00e3o no Conselho Regional de Medicina.\" data-balloon-pos=\"up\">M\u00e9dico Pediatra<\/span><\/td>\r\n<td class=\"cvagas\">02<\/td>\r\n<td class=\"cremuneracao\">R$ 4.656,72 \/20h<\/td>\r\n<\/tr><tr>\r\n<td class=\"ccargos\">\r\n<span data-balloon-length=\"medium\" aria-label=\"Curso superior completo em medicina com especializa\u00e7\u00e3o em Urologia e inscri\u00e7\u00e3o no Conselho Regional de Medicina.\" data-balloon-pos=\"up\">M\u00e9dico Urologista<\/span><\/td>\r\n<td class=\"cvagas\">01<\/td>\r\n<td class=\"cremuneracao\">R$ 4.656,72 \/20h<\/td>\r\n<\/tr><tr>\r\n<td class=\"ccargos\">\r\n<span data-balloon-length=\"medium\" aria-label=\"Curso superior completo em medicina com especializa\u00e7\u00e3o em Psiquiatria e inscri\u00e7\u00e3o no Conselho Regional de Medicina.\" data-balloon-pos=\"up\">M\u00e9dico Psiquiatra<\/span><\/td>\r\n<td class=\"cvagas\">01<\/td>\r\n<td class=\"cremuneracao\">R$ 4.656,72 \/20h<\/td>\r\n<\/tr><tr>\r\n<td class=\"ccargos\">\r\n<span data-balloon-length=\"medium\" aria-label=\"Curso superior em Direito e inscri\u00e7\u00e3o na Ordem dos Advogados do Brasil - OAB.\" data-balloon-pos=\"up\">Procurador Municipal<\/span><\/td>\r\n<td class=\"cvagas\">01<\/td>\r\n<td class=\"cremuneracao\">R$ 4.656,72 \/20h<\/td>\r\n<\/tr><tr>\r\n<td class=\"ccargos\">\r\n<span data-balloon-length=\"medium\" aria-label=\"Curso superior em terapia ocupacional e habilita\u00e7\u00e3o legal para o exerc\u00edcio da profiss\u00e3o.\" data-balloon-pos=\"up\">Terapeuta Ocupacional<\/span><\/td>\r\n<td class=\"cvagas\">01<\/td>\r\n<td class=\"cremuneracao\">R$ 4.258,74 \/30h<\/td>\r\n<\/tr>\r\n    <\/tbody>\r\n  <\/table>\r\n<\/div>"},"_links":{"self":[{"href":"https:\/\/www.agrobase.com.br\/concursos\/wp-json\/wp\/v2\/posts\/274123","targetHints":{"allow":["GET"]}}],"collection":[{"href":"https:\/\/www.agrobase.com.br\/concursos\/wp-json\/wp\/v2\/posts"}],"about":[{"href":"https:\/\/www.agrobase.com.br\/concursos\/wp-json\/wp\/v2\/types\/post"}],"author":[{"embeddable":true,"href":"https:\/\/www.agrobase.com.br\/concursos\/wp-json\/wp\/v2\/users\/7"}],"replies":[{"embeddable":true,"href":"https:\/\/www.agrobase.com.br\/concursos\/wp-json\/wp\/v2\/comments?post=274123"}],"version-history":[{"count":1,"href":"https:\/\/www.agrobase.com.br\/concursos\/wp-json\/wp\/v2\/posts\/274123\/revisions"}],"predecessor-version":[{"id":274125,"href":"https:\/\/www.agrobase.com.br\/concursos\/wp-json\/wp\/v2\/posts\/274123\/revisions\/274125"}],"wp:featuredmedia":[{"embeddable":true,"href":"https:\/\/www.agrobase.com.br\/concursos\/wp-json\/wp\/v2\/media\/274122"}],"wp:attachment":[{"href":"https:\/\/www.agrobase.com.br\/concursos\/wp-json\/wp\/v2\/media?parent=274123"}],"wp:term":[{"taxonomy":"category","embeddable":true,"href":"https:\/\/www.agrobase.com.br\/concursos\/wp-json\/wp\/v2\/categories?post=274123"},{"taxonomy":"post_tag","embeddable":true,"href":"https:\/\/www.agrobase.com.br\/concursos\/wp-json\/wp\/v2\/tags?post=274123"},{"taxonomy":"_amplo","embeddable":true,"href":"https:\/\/www.agrobase.com.br\/concursos\/wp-json\/wp\/v2\/_amplo?post=274123"},{"taxonomy":"destaque","embeddable":true,"href":"https:\/\/www.agrobase.com.br\/concursos\/wp-json\/wp\/v2\/destaque?post=274123"},{"taxonomy":"instituicoes","embeddable":true,"href":"https:\/\/www.agrobase.com.br\/concursos\/wp-json\/wp\/v2\/instituicoes?post=274123"}],"curies":[{"name":"wp","href":"https:\/\/api.w.org\/{rel}","templated":true}]}}