{"id":274067,"date":"2025-11-21T08:00:30","date_gmt":"2025-11-21T11:00:30","guid":{"rendered":"https:\/\/www.agrobase.com.br\/concursos\/?p=274067"},"modified":"2025-11-19T15:05:16","modified_gmt":"2025-11-19T18:05:16","slug":"ufrj-rj-selecao-simplificada-1025-2025","status":"publish","type":"post","link":"https:\/\/www.agrobase.com.br\/concursos\/2025\/ufrj-rj-selecao-simplificada-1025-2025\/","title":{"rendered":"UFRJ (RJ) &#8211; Sele\u00e7\u00e3o Simplificada 1025\/2025"},"content":{"rendered":"<h2>Informa\u00e7\u00f5es Gerais<\/h2>\n<p>O Processo Seletivo Simplificado da Universidade Federal do Rio de Janeiro (UFRJ), regido pelo Edital n\u00ba 1025, de 04 de novembro de 2025, tem por objetivo a contrata\u00e7\u00e3o tempor\u00e1ria de professores substitutos para atender a necessidade tempor\u00e1ria de excepcional interesse p\u00fablico, conforme a Lei Federal n\u00ba 8.745\/1993 e demais normas citadas no edital.<\/p>\n<p>O certame oferece, ao todo, 240 vagas para docentes de n\u00edvel superior em diversas \u00e1reas do conhecimento, distribu\u00eddas por m\u00faltiplas Unidades Acad\u00eamicas da UFRJ. As oportunidades abrangem campos como Administra\u00e7\u00e3o, Economia, Computa\u00e7\u00e3o, F\u00edsica, Matem\u00e1tica, Qu\u00edmica, Geografia, Enfermagem, Fisioterapia, Fonoaudiologia, Medicina, Terapia Ocupacional, Odontologia, Biologia, Farmacologia, Microbiologia, Geologia, Arquitetura, Design, Artes, Letras, Psicologia, Servi\u00e7o Social, entre outras.<\/p>\n<p>H\u00e1 destaque para \u00e1reas de Ci\u00eancias Biol\u00f3gicas e correlatas, como Gen\u00e9tica, Biologia Celular e do Desenvolvimento, Sistem\u00e1tica de Angiospermas e Bot\u00e2nica Econ\u00f4mica, Histologia B\u00e1sica, Epidemiologia, Sa\u00fade Ambiente e Trabalho e Bacteriologia M\u00e9dica, de interesse direto para profissionais da Biologia e \u00e1reas afins.<\/p>\n<p>O prazo de validade do processo seletivo ser\u00e1 de 1 (um) ano, contado a partir da homologa\u00e7\u00e3o do resultado final no Di\u00e1rio Oficial da Uni\u00e3o, em car\u00e1ter improrrog\u00e1vel. Para entender melhor se este processo seletivo se encaixa em seu perfil, confira com aten\u00e7\u00e3o as informa\u00e7\u00f5es sobre inscri\u00e7\u00f5es, etapas e resultados nas se\u00e7\u00f5es a seguir.<\/p>\n<h2>Inscri\u00e7\u00f5es<\/h2>\n<p>As inscri\u00e7\u00f5es para o Processo Seletivo Simplificado de professores substitutos da UFRJ, regido pelo Edital n\u00ba 1025\/2025, ser\u00e3o realizadas exclusivamente pela internet, por meio do sistema dispon\u00edvel no s\u00edtio eletr\u00f4nico oficial <a href=\"https:\/\/concursos.pr4.ufrj.br\" target=\"_blank\" rel=\"noopener\">https:\/\/concursos.pr4.ufrj.br<\/a>. O per\u00edodo de inscri\u00e7\u00e3o vai das 10h do dia 19 de novembro de 2025 at\u00e9 as 17h do dia 26 de novembro de 2025, observado o hor\u00e1rio oficial de Bras\u00edlia.<\/p>\n<p>A inscri\u00e7\u00e3o \u00e9 <strong>gratuita<\/strong> para todas as \u00e1reas e n\u00e3o h\u00e1 cobran\u00e7a de taxa de participa\u00e7\u00e3o. No ato da inscri\u00e7\u00e3o, o candidato dever\u00e1 preencher a Solicita\u00e7\u00e3o de Inscri\u00e7\u00e3o com dados corretos e completos, sendo o n\u00famero de CPF informa\u00e7\u00e3o obrigat\u00f3ria. Todas as informa\u00e7\u00f5es prestadas s\u00e3o de inteira responsabilidade do candidato, podendo a UFRJ indeferir ou eliminar a inscri\u00e7\u00e3o em caso de dados incorretos ou inver\u00eddicos.<\/p>\n<p>No mesmo per\u00edodo das inscri\u00e7\u00f5es, o candidato dever\u00e1 enviar a documenta\u00e7\u00e3o exigida, exclusivamente pelo \u201cMecanismo para recebimento de documenta\u00e7\u00e3o\u201d indicado no Anexo I do edital, de acordo com a vaga escolhida. N\u00e3o ser\u00e3o aceitas inscri\u00e7\u00f5es condicionais, fora do prazo ou com envio de documentos por outro meio.<\/p>\n<p>Ap\u00f3s concluir o cadastro e o envio da documenta\u00e7\u00e3o, o candidato deve acompanhar, no s\u00edtio eletr\u00f4nico, as orienta\u00e7\u00f5es, eventuais comunicados e a homologa\u00e7\u00e3o da inscri\u00e7\u00e3o, que ser\u00e1 informada pela Unidade Acad\u00eamica via e-mail. Em caso de aus\u00eancia de inscri\u00e7\u00f5es v\u00e1lidas, o per\u00edodo poder\u00e1 ser automaticamente reaberto por igual prazo, conforme previsto no edital.<\/p>\n<p>\u00c9 indispens\u00e1vel a leitura atenta do edital completo e de seus anexos, dispon\u00edveis no endere\u00e7o eletr\u00f4nico oficial do processo seletivo.<\/p>\n<h2>Etapas e Provas<\/h2>\n<p>O Processo Seletivo Simplificado para professores substitutos da UFRJ ser\u00e1 realizado em conformidade com a Resolu\u00e7\u00e3o CEG n\u00ba 08\/2021 e demais normas espec\u00edficas da Universidade. As etapas, cronogramas e modalidades de prova variam conforme a \u00e1rea\/setor de atua\u00e7\u00e3o e ser\u00e3o detalhadas em normas complementares publicadas no s\u00edtio eletr\u00f4nico oficial do certame.<\/p>\n<p>De forma geral, cada op\u00e7\u00e3o de vaga contar\u00e1 com um conjunto pr\u00f3prio de etapas, que podem incluir, entre outras, provas de conhecimentos, avalia\u00e7\u00f5es did\u00e1ticas e an\u00e1lise de t\u00edtulos e trabalhos, sempre observando o car\u00e1ter eliminat\u00f3rio e\/ou classificat\u00f3rio definido para cada fase. A pertin\u00eancia da forma\u00e7\u00e3o do candidato com a \u00e1rea\/setor da vaga ser\u00e1 considerada na an\u00e1lise preliminar dos curr\u00edculos documentados, etapa utilizada para a homologa\u00e7\u00e3o das inscri\u00e7\u00f5es.<\/p>\n<p>As normas complementares de cada vaga trar\u00e3o informa\u00e7\u00f5es espec\u00edficas sobre:<\/p>\n<ul>\n<li>modalidade de realiza\u00e7\u00e3o das provas (presencial ou remota);<\/li>\n<li>estrutura das avalia\u00e7\u00f5es (por exemplo, prova did\u00e1tica, prova escrita, an\u00e1lise de t\u00edtulos);<\/li>\n<li>prazos e hor\u00e1rios de cada etapa;<\/li>\n<li>crit\u00e9rios de pontua\u00e7\u00e3o, classifica\u00e7\u00e3o e elimina\u00e7\u00e3o;<\/li>\n<li>programas e conte\u00fados exigidos em cada \u00e1rea.<\/li>\n<\/ul>\n<p>\u00c9 responsabilidade exclusiva do candidato acompanhar, no s\u00edtio eletr\u00f4nico <a href=\"https:\/\/concursos.pr4.ufrj.br\" target=\"_blank\" rel=\"noopener\">https:\/\/concursos.pr4.ufrj.br<\/a>, todas as atualiza\u00e7\u00f5es de cronograma, orienta\u00e7\u00f5es sobre provas e eventuais retifica\u00e7\u00f5es. Para conhecer em detalhes as etapas, conte\u00fados e regras espec\u00edficas de sua \u00e1rea de interesse, \u00e9 fundamental consultar o edital e as normas complementares correspondentes.<\/p>\n<h2>Resultados e Gabarito<\/h2>\n<p>Ao t\u00e9rmino das etapas do Processo Seletivo Simplificado, a Comiss\u00e3o Julgadora elaborar\u00e1 ata contendo a rela\u00e7\u00e3o dos candidatos aprovados em ordem de classifica\u00e7\u00e3o para cada \u00e1rea\/setor. Essa ata ser\u00e1 encaminhada ao Chefe do Departamento ou inst\u00e2ncia equivalente respons\u00e1vel pela vaga.<\/p>\n<p>Em seguida, a Unidade Acad\u00eamica enviar\u00e1 o <strong>resultado preliminar<\/strong> \u00e0 Pr\u00f3-Reitoria de Pessoal (PR-4), que far\u00e1 a reserva de vagas conforme os procedimentos estabelecidos no Anexo II do edital. Ap\u00f3s essa etapa, a PR-4 encaminhar\u00e1 \u00e0s Unidades o <strong>resultado final<\/strong>, para posterior publica\u00e7\u00e3o no Di\u00e1rio Oficial da Uni\u00e3o (DOU).<\/p>\n<p>O resultado final do processo seletivo ser\u00e1 divulgado:<\/p>\n<ul>\n<li>no <strong>Di\u00e1rio Oficial da Uni\u00e3o<\/strong>, para fins de homologa\u00e7\u00e3o e validade do certame;<\/li>\n<li>pela Secretaria da Unidade Acad\u00eamica ou inst\u00e2ncia equivalente respons\u00e1vel pelo processo seletivo.<\/li>\n<\/ul>\n<p>Os candidatos classificados em posi\u00e7\u00f5es excedentes \u00e0s vagas inicialmente ofertadas poder\u00e3o ser convocados durante o prazo de validade do processo seletivo, que ser\u00e1 de 1 (um) ano, contado a partir da publica\u00e7\u00e3o da homologa\u00e7\u00e3o do resultado final no DOU, sem possibilidade de prorroga\u00e7\u00e3o.<\/p>\n<p>As contrata\u00e7\u00f5es ter\u00e3o prazo de at\u00e9 1 (um) ano, admitida renova\u00e7\u00e3o desde que o total n\u00e3o ultrapasse 2 (dois) anos, conforme a Lei n\u00ba 8.745\/1993. O contrato entra em vigor na data da assinatura e poder\u00e1 ser extinto pelo t\u00e9rmino do prazo, por iniciativa da Unidade contratante ou do contratado, com aviso pr\u00e9vio m\u00ednimo de 30 dias, sem direito a indeniza\u00e7\u00f5es.<\/p>\n<p>N\u00e3o ser\u00e3o fornecidos atestados, certificados, c\u00f3pias de documentos ou certid\u00f5es relativas a notas ou classifica\u00e7\u00e3o de candidatos, aprovados ou reprovados, valendo exclusivamente os resultados publicados no Di\u00e1rio Oficial da Uni\u00e3o. Todas as informa\u00e7\u00f5es posteriores ao resultado final poder\u00e3o ser obtidas junto \u00e0 Secretaria da Unidade Acad\u00eamica respons\u00e1vel.<\/p>\n<p>O candidato deve acompanhar, por sua conta e risco, todas as publica\u00e7\u00f5es oficiais referentes ao processo seletivo no s\u00edtio eletr\u00f4nico da UFRJ e no Di\u00e1rio Oficial da Uni\u00e3o, pois esse acompanhamento \u00e9 de responsabilidade exclusiva do pr\u00f3prio candidato.<\/p>\n","protected":false},"excerpt":{"rendered":"<p>Sel. Simplificada UFRJ (RJ) com edital publicado! 240 vagas p\/ Prof. Substituto (Superior). Inscri\u00e7\u00f5es a partir de 19\/11. Confira detalhes!<\/p>\n","protected":false},"author":7,"featured_media":274066,"comment_status":"open","ping_status":"open","sticky":false,"template":"","format":"standard","meta":{"_acf_changed":false,"_breakdance_hide_in_design_set":false,"_breakdance_tags":"","footnotes":""},"categories":[3,5,140,6433,7,126,117,11,12,151,125,103,142,104,102,136,17,6436,18,19,111,155,100,20,116,21,119,24,26,6435,101,118,134],"tags":[56],"_amplo":[],"destaque":[],"instituicoes":[],"class_list":["post-274067","post","type-post","status-publish","format-standard","has-post-thumbnail","hentry","category-administracao","category-arquitetura","category-artes-plasticas","category-biologia-licenciatura","category-biomedicina","category-ciencia-computacao","category-economia","category-educacao-fisica","category-enfermagem","category-engenharia-computacao","category-engenharia-producao","category-engenharia-eletrica","category-engenharia-eletronica","category-engenharia-mecanica","category-engenharia-quimica","category-estatistica","category-farmacia","category-fisica-licenciatura","category-fisioterapia","category-fonoaudiologia","category-geografia","category-gestao-ambiental","category-historia","category-letras","category-matematica","category-medicina","category-musica","category-odontologia","category-psicologia","category-quimica-licenciatura","category-servico-social","category-sociologia","category-terapia-ocupacional","tag-rio-de-janeiro"],"acf":{"_tipo_vagas":"vagas","_numero_vagas":"","_quadro_vagas":"","_cargos":"diversos","_cargos_especificos":"","_salario_max":"R$ 4.867,43","_abertura":"20251119","_encerramento":"20251126","_inscricoes":"https:\/\/concursos.pr4.ufrj.br","_executora_concurso":"","_instituicao_concurso":[],"_link_adicional":null,"_anexos":null,"_produtos":null,"_vagas":"240 vagas","_salario_min":"R$ 3.090,43","_instituicao":"UFRJ","_edital":"https:\/\/www.agrobase.com.br\/concursos\/wp-content\/uploads\/sites\/4\/2025\/11\/edital-1025-2025-ufrj-rj.pdf","_anexos_edital":"https:\/\/www.agrobase.com.br\/concursos\/wp-content\/uploads\/sites\/4\/2025\/11\/anexos-edital-1025-2025-ufrj-rj.pdf","_fund_incompleto":"","_fund_completo":"","_medio":"","_superior":"<div>\r\n<table class=\"quadro\">\r\n<thead>\r\n<tr>\r\n<th class=\"hcargo\">Cargo<\/th>\r\n<th class=\"hvagas\">Vagas<\/th>\r\n<th class=\"hremuneracao\">Remunera\u00e7\u00e3o<\/th>\r\n<\/tr>\r\n<\/thead>\r\n    <tbody>\r\n      <tr>\r\n<td class=\"ccargos\">\r\n<span data-balloon-length=\"medium\" aria-label=\"Gradua\u00e7\u00e3o na \u00e1rea de Gest\u00e3o de Pessoas ou \u00e1rea correlata.\" data-balloon-pos=\"up\">Gest\u00e3o de Pessoas<\/span><\/td>\r\n<td class=\"cvagas\">01<\/td>\r\n<td class=\"cremuneracao\">R$ 0,00 \/20h<\/td>\r\n<\/tr><tr>\r\n<td class=\"ccargos\">\r\n<span data-balloon-length=\"medium\" aria-label=\"Gradua\u00e7\u00e3o na \u00e1rea de Sistemas de Informa\u00e7\u00e3o Gerencial ou \u00e1rea correlata.\" data-balloon-pos=\"up\">Sistemas de Informa\u00e7\u00e3o Gerencial<\/span><\/td>\r\n<td class=\"cvagas\">01<\/td>\r\n<td class=\"cremuneracao\">R$ 0,00 \/20h<\/td>\r\n<\/tr><tr>\r\n<td class=\"ccargos\">\r\n<span data-balloon-length=\"medium\" aria-label=\"Gradua\u00e7\u00e3o na \u00e1rea de Administra\u00e7\u00e3o Geral ou \u00e1rea correlata.\" data-balloon-pos=\"up\">Administra\u00e7\u00e3o Geral<\/span><\/td>\r\n<td class=\"cvagas\">01<\/td>\r\n<td class=\"cremuneracao\">R$ 0,00 \/20h<\/td>\r\n<\/tr><tr>\r\n<td class=\"ccargos\">\r\n<span data-balloon-length=\"medium\" aria-label=\"Gradua\u00e7\u00e3o na \u00e1rea de Teoria Microecon\u00f4mica ou \u00e1rea correlata.\" data-balloon-pos=\"up\">Teoria Microecon\u00f4mica<\/span><\/td>\r\n<td class=\"cvagas\">03<\/td>\r\n<td class=\"cremuneracao\">R$ 0,00 \/20h<\/td>\r\n<\/tr><tr>\r\n<td class=\"ccargos\">\r\n<span data-balloon-length=\"medium\" aria-label=\"Gradua\u00e7\u00e3o na \u00e1rea de M\u00e9todos Quantitativos ou \u00e1rea correlata.\" data-balloon-pos=\"up\">M\u00e9todos Quantitativos<\/span><\/td>\r\n<td class=\"cvagas\">02<\/td>\r\n<td class=\"cremuneracao\">R$ 0,00 \/20h<\/td>\r\n<\/tr><tr>\r\n<td class=\"ccargos\">\r\n<span data-balloon-length=\"medium\" aria-label=\"Gradua\u00e7\u00e3o na \u00e1rea de Economia Brasileira ou \u00e1rea correlata.\" data-balloon-pos=\"up\">Economia Brasileira<\/span><\/td>\r\n<td class=\"cvagas\">01<\/td>\r\n<td class=\"cremuneracao\">R$ 0,00 \/20h<\/td>\r\n<\/tr><tr>\r\n<td class=\"ccargos\">\r\n<span data-balloon-length=\"medium\" aria-label=\"Gradua\u00e7\u00e3o na \u00e1rea de Economia Pol\u00edtica ou \u00e1rea correlata.\" data-balloon-pos=\"up\">Economia Pol\u00edtica<\/span><\/td>\r\n<td class=\"cvagas\">01<\/td>\r\n<td class=\"cremuneracao\">R$ 0,00 \/20h<\/td>\r\n<\/tr><tr>\r\n<td class=\"ccargos\">\r\n<span data-balloon-length=\"medium\" aria-label=\"Gradua\u00e7\u00e3o na \u00e1rea de Economia para a Gest\u00e3o P\u00fablica \/ Gest\u00e3o P\u00fablica para o Desenvolvimento Econ\u00f4mico e Social ou \u00e1rea correlata.\" data-balloon-pos=\"up\">Economia para a Gest\u00e3o P\u00fablica \/ Gest\u00e3o P\u00fablica para o Desenvolvimento Econ\u00f4mico e Social<\/span><\/td>\r\n<td class=\"cvagas\">02<\/td>\r\n<td class=\"cremuneracao\">R$ 0,00 \/20h<\/td>\r\n<\/tr><tr>\r\n<td class=\"ccargos\">\r\n<span data-balloon-length=\"medium\" aria-label=\"Gradua\u00e7\u00e3o na \u00e1rea de Programa\u00e7\u00e3o de Computadores ou \u00e1rea correlata.\" data-balloon-pos=\"up\">Programa\u00e7\u00e3o de Computadores<\/span><\/td>\r\n<td class=\"cvagas\">01<\/td>\r\n<td class=\"cremuneracao\">R$ 0,00 \/20h<\/td>\r\n<\/tr><tr>\r\n<td class=\"ccargos\">\r\n<span data-balloon-length=\"medium\" aria-label=\"Gradua\u00e7\u00e3o na \u00e1rea de C\u00e1lculo Num\u00e9rico ou \u00e1rea correlata.\" data-balloon-pos=\"up\">C\u00e1lculo Num\u00e9rico<\/span><\/td>\r\n<td class=\"cvagas\">01<\/td>\r\n<td class=\"cremuneracao\">R$ 0,00 \/20h<\/td>\r\n<\/tr><tr>\r\n<td class=\"ccargos\">\r\n<span data-balloon-length=\"medium\" aria-label=\"Gradua\u00e7\u00e3o na \u00e1rea de Engenharia de Software\/Programa\u00e7\u00e3o Orientada a Objetos ou \u00e1rea correlata.\" data-balloon-pos=\"up\">Engenharia de Software\/Programa\u00e7\u00e3o Orientada a Objetos<\/span><\/td>\r\n<td class=\"cvagas\">01<\/td>\r\n<td class=\"cremuneracao\">R$ 0,00 \/20h<\/td>\r\n<\/tr><tr>\r\n<td class=\"ccargos\">\r\n<span data-balloon-length=\"medium\" aria-label=\"Gradua\u00e7\u00e3o na \u00e1rea de F\u00edsica dos S\u00f3lidos ou \u00e1rea correlata.\" data-balloon-pos=\"up\">Departamento de F\u00edsica dos S\u00f3lido \/ Instituto de F\u00edsica<\/span><\/td>\r\n<td class=\"cvagas\">15<\/td>\r\n<td class=\"cremuneracao\">R$ 0,00 \/20h<\/td>\r\n<\/tr><tr>\r\n<td class=\"ccargos\">\r\n<span data-balloon-length=\"medium\" aria-label=\"Gradua\u00e7\u00e3o na \u00e1rea de Geografia F\u00edsica\/Climatologia ou \u00e1rea correlata.\" data-balloon-pos=\"up\">Geografia F\u00edsica\/Climatologia<\/span><\/td>\r\n<td class=\"cvagas\">01<\/td>\r\n<td class=\"cremuneracao\">R$ 0,00 \/20h<\/td>\r\n<\/tr><tr>\r\n<td class=\"ccargos\">\r\n<span data-balloon-length=\"medium\" aria-label=\"Gradua\u00e7\u00e3o na \u00e1rea de Geografia Humana\/Geografia Regional ou \u00e1rea correlata.\" data-balloon-pos=\"up\">Geografia Humana\/Geografia Regional<\/span><\/td>\r\n<td class=\"cvagas\">01<\/td>\r\n<td class=\"cremuneracao\">R$ 0,00 \/20h<\/td>\r\n<\/tr><tr>\r\n<td class=\"ccargos\">\r\n<span data-balloon-length=\"medium\" aria-label=\"Gradua\u00e7\u00e3o na \u00e1rea de C\u00e1lculo ou \u00e1rea correlata.\" data-balloon-pos=\"up\">C\u00e1lculo<\/span><\/td>\r\n<td class=\"cvagas\">13<\/td>\r\n<td class=\"cremuneracao\">R$ 0,00 \/20h<\/td>\r\n<\/tr><tr>\r\n<td class=\"ccargos\">\r\n<span data-balloon-length=\"medium\" aria-label=\"Gradua\u00e7\u00e3o na \u00e1rea de Ensino de Matem\u00e1tica ou \u00e1rea correlata.\" data-balloon-pos=\"up\">Ensino de Matem\u00e1tica<\/span><\/td>\r\n<td class=\"cvagas\">02<\/td>\r\n<td class=\"cremuneracao\">R$ 0,00 \/20h<\/td>\r\n<\/tr><tr>\r\n<td class=\"ccargos\">\r\n<span data-balloon-length=\"medium\" aria-label=\"Gradua\u00e7\u00e3o na \u00e1rea de Estat\u00edstica ou \u00e1rea correlata.\" data-balloon-pos=\"up\">Estat\u00edstica<\/span><\/td>\r\n<td class=\"cvagas\">03<\/td>\r\n<td class=\"cremuneracao\">R$ 0,00 \/20h<\/td>\r\n<\/tr><tr>\r\n<td class=\"ccargos\">\r\n<span data-balloon-length=\"medium\" aria-label=\"Gradua\u00e7\u00e3o na \u00e1rea de Qu\u00edmica Inorg\u00e2nica ou \u00e1rea correlata.\" data-balloon-pos=\"up\">Qu\u00edmica Inorg\u00e2nica \/ Geral<\/span><\/td>\r\n<td class=\"cvagas\">03<\/td>\r\n<td class=\"cremuneracao\">R$ 0,00 \/20h<\/td>\r\n<\/tr><tr>\r\n<td class=\"ccargos\">\r\n<span data-balloon-length=\"medium\" aria-label=\"Gradua\u00e7\u00e3o na \u00e1rea de Ludicidade - Metodologia da Pesquisa ou \u00e1rea correlata.\" data-balloon-pos=\"up\">Ludicidade - Metodologia da Pesquisa<\/span><\/td>\r\n<td class=\"cvagas\">01<\/td>\r\n<td class=\"cremuneracao\">R$ 0,00 \/20h<\/td>\r\n<\/tr><tr>\r\n<td class=\"ccargos\">\r\n<span data-balloon-length=\"medium\" aria-label=\"Gradua\u00e7\u00e3o na \u00e1rea de Gin\u00e1stica, Muscula\u00e7\u00e3o e Socorros Urgentes ou \u00e1rea correlata.\" data-balloon-pos=\"up\">Fundamentos da Gin\u00e1stica, Muscula\u00e7\u00e3o e Socorros Urgentes<\/span><\/td>\r\n<td class=\"cvagas\">03<\/td>\r\n<td class=\"cremuneracao\">R$ 0,00 \/20h<\/td>\r\n<\/tr><tr>\r\n<td class=\"ccargos\">\r\n<span data-balloon-length=\"medium\" aria-label=\"Gradua\u00e7\u00e3o na \u00e1rea de Atividades Aqu\u00e1ticas ou \u00e1rea correlata.\" data-balloon-pos=\"up\">Atividades Aqu\u00e1ticas<\/span><\/td>\r\n<td class=\"cvagas\">02<\/td>\r\n<td class=\"cremuneracao\">R$ 0,00 \/20h<\/td>\r\n<\/tr><tr>\r\n<td class=\"ccargos\">\r\n<span data-balloon-length=\"medium\" aria-label=\"Gradua\u00e7\u00e3o na \u00e1rea de Atletismo e Educa\u00e7\u00e3o F\u00edsica Adaptada ou \u00e1rea correlata.\" data-balloon-pos=\"up\">Atletismo e Educa\u00e7\u00e3o F\u00edsica Adaptada<\/span><\/td>\r\n<td class=\"cvagas\">02<\/td>\r\n<td class=\"cremuneracao\">R$ 0,00 \/20h<\/td>\r\n<\/tr><tr>\r\n<td class=\"ccargos\">\r\n<span data-balloon-length=\"medium\" aria-label=\"Gradua\u00e7\u00e3o na \u00e1rea de Basquetebol e Voleibol ou \u00e1rea correlata.\" data-balloon-pos=\"up\">Basquetebol e Voleibol<\/span><\/td>\r\n<td class=\"cvagas\">01<\/td>\r\n<td class=\"cremuneracao\">R$ 0,00 \/20h<\/td>\r\n<\/tr><tr>\r\n<td class=\"ccargos\">\r\n<span data-balloon-length=\"medium\" aria-label=\"Gradua\u00e7\u00e3o na \u00e1rea de Gest\u00e3o, Gerenciamento e Educa\u00e7\u00e3o em Enfermagem ou \u00e1rea correlata.\" data-balloon-pos=\"up\">Gest\u00e3o, Gerenciamento e Educa\u00e7\u00e3o em Enfermagem nos N\u00edveis de Assist\u00eancia \u00e0 Sa\u00fade<\/span><\/td>\r\n<td class=\"cvagas\">02<\/td>\r\n<td class=\"cremuneracao\">R$ 0,00 \/20h<\/td>\r\n<\/tr><tr>\r\n<td class=\"ccargos\">\r\n<span data-balloon-length=\"medium\" aria-label=\"Gradua\u00e7\u00e3o na \u00e1rea de Enfermagem Hospitalar M\u00e9dia, Alta Complexidade e Centro Cir\u00fargico ou \u00e1rea correlata.\" data-balloon-pos=\"up\">Enfermagem Hospitalar M\u00e9dia, Alta Complexidade e Centro Cir\u00fargico<\/span><\/td>\r\n<td class=\"cvagas\">03<\/td>\r\n<td class=\"cremuneracao\">R$ 0,00 \/20h<\/td>\r\n<\/tr><tr>\r\n<td class=\"ccargos\">\r\n<span data-balloon-length=\"medium\" aria-label=\"Gradua\u00e7\u00e3o na \u00e1rea de Enfermagem em Sa\u00fade Mental e Reabilita\u00e7\u00e3o Psicossocial ou \u00e1rea correlata.\" data-balloon-pos=\"up\">Enfermagem em Sa\u00fade Mental e Reabilita\u00e7\u00e3o Psicossocial<\/span><\/td>\r\n<td class=\"cvagas\">01<\/td>\r\n<td class=\"cremuneracao\">R$ 0,00 \/20h<\/td>\r\n<\/tr><tr>\r\n<td class=\"ccargos\">\r\n<span data-balloon-length=\"medium\" aria-label=\"Gradua\u00e7\u00e3o na \u00e1rea de Enfermagem - Sa\u00fade da Mulher ou \u00e1rea correlata.\" data-balloon-pos=\"up\">Enfermagem - Sa\u00fade da Mulher<\/span><\/td>\r\n<td class=\"cvagas\">02<\/td>\r\n<td class=\"cremuneracao\">R$ 0,00 \/20h<\/td>\r\n<\/tr><tr>\r\n<td class=\"ccargos\">\r\n<span data-balloon-length=\"medium\" aria-label=\"Gradua\u00e7\u00e3o na \u00e1rea de Fundamentos de Enfermagem ou \u00e1rea correlata.\" data-balloon-pos=\"up\">Fundamentos de Enfermagem<\/span><\/td>\r\n<td class=\"cvagas\">04<\/td>\r\n<td class=\"cremuneracao\">R$ 0,00 \/20h<\/td>\r\n<\/tr><tr>\r\n<td class=\"ccargos\">\r\n<span data-balloon-length=\"medium\" aria-label=\"Gradua\u00e7\u00e3o na \u00e1rea de An\u00e1lises Cl\u00ednicas - Parasitologia e Micologia Cl\u00ednicas ou \u00e1rea correlata.\" data-balloon-pos=\"up\">An\u00e1lises Cl\u00ednicas - Parasitologia e Micologia Cl\u00ednicas<\/span><\/td>\r\n<td class=\"cvagas\">01<\/td>\r\n<td class=\"cremuneracao\">R$ 0,00 \/20h<\/td>\r\n<\/tr><tr>\r\n<td class=\"ccargos\">\r\n<span data-balloon-length=\"medium\" aria-label=\"Gradua\u00e7\u00e3o na \u00e1rea de An\u00e1lises Cl\u00ednicas - Microbiologia, Virologia e Imunologia Cl\u00ednicas ou \u00e1rea correlata.\" data-balloon-pos=\"up\">An\u00e1lises Cl\u00ednicas - Microbiologia, Virologia e Imunologia Cl\u00ednicas<\/span><\/td>\r\n<td class=\"cvagas\">01<\/td>\r\n<td class=\"cremuneracao\">R$ 0,00 \/20h<\/td>\r\n<\/tr><tr>\r\n<td class=\"ccargos\">\r\n<span data-balloon-length=\"medium\" aria-label=\"Gradua\u00e7\u00e3o na \u00e1rea de Fisioterapia Respirat\u00f3ria ou \u00e1rea correlata.\" data-balloon-pos=\"up\">Fisioterapia Respirat\u00f3ria<\/span><\/td>\r\n<td class=\"cvagas\">01<\/td>\r\n<td class=\"cremuneracao\">R$ 0,00 \/20h<\/td>\r\n<\/tr><tr>\r\n<td class=\"ccargos\">\r\n<span data-balloon-length=\"medium\" aria-label=\"Gradua\u00e7\u00e3o na \u00e1rea de Fisioterapia Terapia Intensiva ou \u00e1rea correlata.\" data-balloon-pos=\"up\">Fisioterapia Terapia Intensiva<\/span><\/td>\r\n<td class=\"cvagas\">01<\/td>\r\n<td class=\"cremuneracao\">R$ 0,00 \/20h<\/td>\r\n<\/tr><tr>\r\n<td class=\"ccargos\">\r\n<span data-balloon-length=\"medium\" aria-label=\"Gradua\u00e7\u00e3o na \u00e1rea de Motricidade Oral ou \u00e1rea correlata.\" data-balloon-pos=\"up\">Motricidade Oral<\/span><\/td>\r\n<td class=\"cvagas\">01<\/td>\r\n<td class=\"cremuneracao\">R$ 0,00 \/20h<\/td>\r\n<\/tr><tr>\r\n<td class=\"ccargos\">\r\n<span data-balloon-length=\"medium\" aria-label=\"Gradua\u00e7\u00e3o na \u00e1rea de Linguagem ou \u00e1rea correlata.\" data-balloon-pos=\"up\">Linguagem<\/span><\/td>\r\n<td class=\"cvagas\">01<\/td>\r\n<td class=\"cremuneracao\">R$ 0,00 \/20h<\/td>\r\n<\/tr><tr>\r\n<td class=\"ccargos\">\r\n<span data-balloon-length=\"medium\" aria-label=\"Gradua\u00e7\u00e3o na \u00e1rea de Audiologia ou \u00e1rea correlata.\" data-balloon-pos=\"up\">Audiologia<\/span><\/td>\r\n<td class=\"cvagas\">02<\/td>\r\n<td class=\"cremuneracao\">R$ 0,00 \/20h<\/td>\r\n<\/tr><tr>\r\n<td class=\"ccargos\">\r\n<span data-balloon-length=\"medium\" aria-label=\"Gradua\u00e7\u00e3o na \u00e1rea de Aten\u00e7\u00e3o Prim\u00e1ria \u00e0 Sa\u00fade ou \u00e1rea correlata.\" data-balloon-pos=\"up\">Aten\u00e7\u00e3o Prim\u00e1ria \u00e0 Sa\u00fade<\/span><\/td>\r\n<td class=\"cvagas\">02<\/td>\r\n<td class=\"cremuneracao\">R$ 0,00 \/20h<\/td>\r\n<\/tr><tr>\r\n<td class=\"ccargos\">\r\n<span data-balloon-length=\"medium\" aria-label=\"Gradua\u00e7\u00e3o na \u00e1rea de Medicina de Fam\u00edlia e Comunidade ou \u00e1rea correlata.\" data-balloon-pos=\"up\">Medicina de Fam\u00edlia e Comunidade<\/span><\/td>\r\n<td class=\"cvagas\">06<\/td>\r\n<td class=\"cremuneracao\">R$ 0,00 \/20h<\/td>\r\n<\/tr><tr>\r\n<td class=\"ccargos\">\r\n<span data-balloon-length=\"medium\" aria-label=\"Gradua\u00e7\u00e3o na \u00e1rea de Psiquiatria e Sa\u00fade Mental ou \u00e1rea correlata.\" data-balloon-pos=\"up\">Psiquiatria e Sa\u00fade Mental<\/span><\/td>\r\n<td class=\"cvagas\">01<\/td>\r\n<td class=\"cremuneracao\">R$ 0,00 \/20h<\/td>\r\n<\/tr><tr>\r\n<td class=\"ccargos\">\r\n<span data-balloon-length=\"medium\" aria-label=\"Gradua\u00e7\u00e3o na \u00e1rea de Endocrinologia ou \u00e1rea correlata.\" data-balloon-pos=\"up\">Endocrinologia<\/span><\/td>\r\n<td class=\"cvagas\">01<\/td>\r\n<td class=\"cremuneracao\">R$ 0,00 \/20h<\/td>\r\n<\/tr><tr>\r\n<td class=\"ccargos\">\r\n<span data-balloon-length=\"medium\" aria-label=\"Gradua\u00e7\u00e3o na \u00e1rea de Geriatria ou \u00e1rea correlata.\" data-balloon-pos=\"up\">Geriatria<\/span><\/td>\r\n<td class=\"cvagas\">01<\/td>\r\n<td class=\"cremuneracao\">R$ 0,00 \/20h<\/td>\r\n<\/tr><tr>\r\n<td class=\"ccargos\">\r\n<span data-balloon-length=\"medium\" aria-label=\"Gradua\u00e7\u00e3o na \u00e1rea de Reumatologia ou \u00e1rea correlata.\" data-balloon-pos=\"up\">Reumatologia<\/span><\/td>\r\n<td class=\"cvagas\">01<\/td>\r\n<td class=\"cremuneracao\">R$ 0,00 \/20h<\/td>\r\n<\/tr><tr>\r\n<td class=\"ccargos\">\r\n<span data-balloon-length=\"medium\" aria-label=\"Gradua\u00e7\u00e3o na \u00e1rea de Infectologia ou \u00e1rea correlata.\" data-balloon-pos=\"up\">Infectologia<\/span><\/td>\r\n<td class=\"cvagas\">01<\/td>\r\n<td class=\"cremuneracao\">R$ 0,00 \/20h<\/td>\r\n<\/tr><tr>\r\n<td class=\"ccargos\">\r\n<span data-balloon-length=\"medium\" aria-label=\"Gradua\u00e7\u00e3o na \u00e1rea de Dermatologia ou \u00e1rea correlata.\" data-balloon-pos=\"up\">Dermatologia<\/span><\/td>\r\n<td class=\"cvagas\">01<\/td>\r\n<td class=\"cremuneracao\">R$ 0,00 \/20h<\/td>\r\n<\/tr><tr>\r\n<td class=\"ccargos\">\r\n<span data-balloon-length=\"medium\" aria-label=\"Gradua\u00e7\u00e3o na \u00e1rea de Cirurgia Geral ou \u00e1rea correlata.\" data-balloon-pos=\"up\">Cirurgia Geral<\/span><\/td>\r\n<td class=\"cvagas\">08<\/td>\r\n<td class=\"cremuneracao\">R$ 0,00 \/20h<\/td>\r\n<\/tr><tr>\r\n<td class=\"ccargos\">\r\n<span data-balloon-length=\"medium\" aria-label=\"Gradua\u00e7\u00e3o na \u00e1rea de Proctologia ou \u00e1rea correlata.\" data-balloon-pos=\"up\">Proctologia<\/span><\/td>\r\n<td class=\"cvagas\">01<\/td>\r\n<td class=\"cremuneracao\">R$ 0,00 \/20h<\/td>\r\n<\/tr><tr>\r\n<td class=\"ccargos\">\r\n<span data-balloon-length=\"medium\" aria-label=\"Gradua\u00e7\u00e3o na \u00e1rea de Terapia Ocupacional Geral ou \u00e1rea correlata.\" data-balloon-pos=\"up\">Terapia Ocupacional Geral<\/span><\/td>\r\n<td class=\"cvagas\">01<\/td>\r\n<td class=\"cremuneracao\">R$ 0,00 \/20h<\/td>\r\n<\/tr><tr>\r\n<td class=\"ccargos\">\r\n<span data-balloon-length=\"medium\" aria-label=\"Gradua\u00e7\u00e3o na \u00e1rea de Estomatologia ou \u00e1rea correlata.\" data-balloon-pos=\"up\">Estomatologia<\/span><\/td>\r\n<td class=\"cvagas\">01<\/td>\r\n<td class=\"cremuneracao\">R$ 0,00 \/20h<\/td>\r\n<\/tr><tr>\r\n<td class=\"ccargos\">\r\n<span data-balloon-length=\"medium\" aria-label=\"Gradua\u00e7\u00e3o na \u00e1rea de Patologia Oral ou \u00e1rea correlata.\" data-balloon-pos=\"up\">Patologia Oral<\/span><\/td>\r\n<td class=\"cvagas\">01<\/td>\r\n<td class=\"cremuneracao\">R$ 0,00 \/20h<\/td>\r\n<\/tr><tr>\r\n<td class=\"ccargos\">\r\n<span data-balloon-length=\"medium\" aria-label=\"Gradua\u00e7\u00e3o na \u00e1rea de Odontopediatria ou \u00e1rea correlata.\" data-balloon-pos=\"up\">Odontopediatria<\/span><\/td>\r\n<td class=\"cvagas\">03<\/td>\r\n<td class=\"cremuneracao\">R$ 0,00 \/20h<\/td>\r\n<\/tr><tr>\r\n<td class=\"ccargos\">\r\n<span data-balloon-length=\"medium\" aria-label=\"Gradua\u00e7\u00e3o na \u00e1rea de Dent\u00edstica ou \u00e1rea correlata.\" data-balloon-pos=\"up\">Dent\u00edstica<\/span><\/td>\r\n<td class=\"cvagas\">03<\/td>\r\n<td class=\"cremuneracao\">R$ 0,00 \/20h<\/td>\r\n<\/tr><tr>\r\n<td class=\"ccargos\">\r\n<span data-balloon-length=\"medium\" aria-label=\"Gradua\u00e7\u00e3o na \u00e1rea de Pr\u00f3tese Dent\u00e1ria ou \u00e1rea correlata.\" data-balloon-pos=\"up\">Pr\u00f3tese Dent\u00e1ria<\/span><\/td>\r\n<td class=\"cvagas\">01<\/td>\r\n<td class=\"cremuneracao\">R$ 0,00 \/20h<\/td>\r\n<\/tr><tr>\r\n<td class=\"ccargos\">\r\n<span data-balloon-length=\"medium\" aria-label=\"Gradua\u00e7\u00e3o na \u00e1rea de Fisiologia Biof\u00edsica ou \u00e1rea correlata.\" data-balloon-pos=\"up\">Fisiologia Biof\u00edsica<\/span><\/td>\r\n<td class=\"cvagas\">01<\/td>\r\n<td class=\"cremuneracao\">R$ 0,00 \/20h<\/td>\r\n<\/tr><tr>\r\n<td class=\"ccargos\">\r\n<span data-balloon-length=\"medium\" aria-label=\"Gradua\u00e7\u00e3o na \u00e1rea de Fisiologia e Biof\u00edsica ou \u00e1rea correlata.\" data-balloon-pos=\"up\">Fisiologia e Biof\u00edsica<\/span><\/td>\r\n<td class=\"cvagas\">04<\/td>\r\n<td class=\"cremuneracao\">R$ 0,00 \/20h<\/td>\r\n<\/tr><tr>\r\n<td class=\"ccargos\">\r\n<span data-balloon-length=\"medium\" aria-label=\"Gradua\u00e7\u00e3o na \u00e1rea de Matem\u00e1tica com Aplica\u00e7\u00f5es em F\u00edsica ou \u00e1rea correlata.\" data-balloon-pos=\"up\">\u00c1rea: C\u00e1lculo Superior (I, II, III e IV): Matem\u00e1tica com Aplica\u00e7\u00f5es em F\u00edsica.<\/span><\/td>\r\n<td class=\"cvagas\">01<\/td>\r\n<td class=\"cremuneracao\">R$ 0,00 \/20h<\/td>\r\n<\/tr><tr>\r\n<td class=\"ccargos\">\r\n<span data-balloon-length=\"medium\" aria-label=\"Gradua\u00e7\u00e3o na \u00e1rea de Sistem\u00e1tica de Angiospermas e Bot\u00e2nica Econ\u00f4mica ou \u00e1rea correlata.\" data-balloon-pos=\"up\">Sistem\u00e1tica de Angiospermas e Bot\u00e2nica Econ\u00f4mica<\/span><\/td>\r\n<td class=\"cvagas\">01<\/td>\r\n<td class=\"cremuneracao\">R$ 0,00 \/20h<\/td>\r\n<\/tr><tr>\r\n<td class=\"ccargos\">\r\n<span data-balloon-length=\"medium\" aria-label=\"Gradua\u00e7\u00e3o na \u00e1rea de Gen\u00e9tica ou \u00e1rea correlata.\" data-balloon-pos=\"up\">Gen\u00e9tica<\/span><\/td>\r\n<td class=\"cvagas\">04<\/td>\r\n<td class=\"cremuneracao\">R$ 0,00 \/20h<\/td>\r\n<\/tr><tr>\r\n<td class=\"ccargos\">\r\n<span data-balloon-length=\"medium\" aria-label=\"Gradua\u00e7\u00e3o na \u00e1rea de Anatomia Humana ou \u00e1rea correlata.\" data-balloon-pos=\"up\">Anatomia Humana - Programa de Gradua\u00e7\u00e3o em Anatomia\/ICB<\/span><\/td>\r\n<td class=\"cvagas\">05<\/td>\r\n<td class=\"cremuneracao\">R$ 0,00 \/20h<\/td>\r\n<\/tr><tr>\r\n<td class=\"ccargos\">\r\n<span data-balloon-length=\"medium\" aria-label=\"Gradua\u00e7\u00e3o na \u00e1rea de Biologia Celular e do Desenvolvimento ou \u00e1rea correlata.\" data-balloon-pos=\"up\">Biologia Celular e do Desenvolvimento<\/span><\/td>\r\n<td class=\"cvagas\">03<\/td>\r\n<td class=\"cremuneracao\">R$ 0,00 \/20h<\/td>\r\n<\/tr><tr>\r\n<td class=\"ccargos\">\r\n<span data-balloon-length=\"medium\" aria-label=\"Gradua\u00e7\u00e3o na \u00e1rea de Farmacologia ou \u00e1rea correlata.\" data-balloon-pos=\"up\">Farmacologia<\/span><\/td>\r\n<td class=\"cvagas\">03<\/td>\r\n<td class=\"cremuneracao\">R$ 0,00 \/20h<\/td>\r\n<\/tr><tr>\r\n<td class=\"ccargos\">\r\n<span data-balloon-length=\"medium\" aria-label=\"Gradua\u00e7\u00e3o na \u00e1rea de Histologia B\u00e1sica ou \u00e1rea correlata.\" data-balloon-pos=\"up\">Histologia B\u00e1sica<\/span><\/td>\r\n<td class=\"cvagas\">01<\/td>\r\n<td class=\"cremuneracao\">R$ 0,00 \/20h<\/td>\r\n<\/tr><tr>\r\n<td class=\"ccargos\">\r\n<span data-balloon-length=\"medium\" aria-label=\"Gradua\u00e7\u00e3o na \u00e1rea de Epidemiologia ou \u00e1rea correlata.\" data-balloon-pos=\"up\">Epidemiologia<\/span><\/td>\r\n<td class=\"cvagas\">01<\/td>\r\n<td class=\"cremuneracao\">R$ 0,00 \/20h<\/td>\r\n<\/tr><tr>\r\n<td class=\"ccargos\">\r\n<span data-balloon-length=\"medium\" aria-label=\"Gradua\u00e7\u00e3o na \u00e1rea de Sa\u00fade Ambiente e Trabalho ou \u00e1rea correlata.\" data-balloon-pos=\"up\">Sa\u00fade Ambiente e Trabalho<\/span><\/td>\r\n<td class=\"cvagas\">01<\/td>\r\n<td class=\"cremuneracao\">R$ 0,00 \/20h<\/td>\r\n<\/tr><tr>\r\n<td class=\"ccargos\">\r\n<span data-balloon-length=\"medium\" aria-label=\"Gradua\u00e7\u00e3o na \u00e1rea de Bacteriologia M\u00e9dica ou \u00e1rea correlata.\" data-balloon-pos=\"up\">Bacteriologia M\u00e9dica<\/span><\/td>\r\n<td class=\"cvagas\">03<\/td>\r\n<td class=\"cremuneracao\">R$ 0,00 \/20h<\/td>\r\n<\/tr><tr>\r\n<td class=\"ccargos\">\r\n<span data-balloon-length=\"medium\" aria-label=\"Gradua\u00e7\u00e3o na \u00e1rea de Microbiologia Geral ou \u00e1rea correlata.\" data-balloon-pos=\"up\">Microbiologia Geral<\/span><\/td>\r\n<td class=\"cvagas\">02<\/td>\r\n<td class=\"cremuneracao\">R$ 0,00 \/20h<\/td>\r\n<\/tr><tr>\r\n<td class=\"ccargos\">\r\n<span data-balloon-length=\"medium\" aria-label=\"Gradua\u00e7\u00e3o na \u00e1rea de Geologia e Palentologia ou \u00e1rea correlata.\" data-balloon-pos=\"up\">Geologia e Palentologia<\/span><\/td>\r\n<td class=\"cvagas\">01<\/td>\r\n<td class=\"cremuneracao\">R$ 0,00 \/20h<\/td>\r\n<\/tr><tr>\r\n<td class=\"ccargos\">\r\n<span data-balloon-length=\"medium\" aria-label=\"Gradua\u00e7\u00e3o na \u00e1rea de Educa\u00e7\u00e3o em Ci\u00eancias e Sa\u00fade na Cultura Digital ou \u00e1rea correlata.\" data-balloon-pos=\"up\">Educa\u00e7\u00e3o em Ci\u00eancias e Sa\u00fade na Cultura Digital<\/span><\/td>\r\n<td class=\"cvagas\">01<\/td>\r\n<td class=\"cremuneracao\">R$ 0,00 \/20h<\/td>\r\n<\/tr><tr>\r\n<td class=\"ccargos\">\r\n<span data-balloon-length=\"medium\" aria-label=\"Gradua\u00e7\u00e3o na \u00e1rea de Webdesign e Cria\u00e7\u00e3o Publicit\u00e1ria ou \u00e1rea correlata.\" data-balloon-pos=\"up\">Webdesign e Cria\u00e7\u00e3o Publicit\u00e1ria<\/span><\/td>\r\n<td class=\"cvagas\">01<\/td>\r\n<td class=\"cremuneracao\">R$ 0,00 \/20h<\/td>\r\n<\/tr><tr>\r\n<td class=\"ccargos\">\r\n<span data-balloon-length=\"medium\" aria-label=\"Gradua\u00e7\u00e3o na \u00e1rea de Teatro com \u00eanfase em Linguagem C\u00eanica ou \u00e1rea correlata.\" data-balloon-pos=\"up\">Teatro - \u00canfase em Linguagem C\u00eanica<\/span><\/td>\r\n<td class=\"cvagas\">01<\/td>\r\n<td class=\"cremuneracao\">R$ 0,00 \/20h<\/td>\r\n<\/tr><tr>\r\n<td class=\"ccargos\">\r\n<span data-balloon-length=\"medium\" aria-label=\"Gradua\u00e7\u00e3o na \u00e1rea de Pol\u00edtica Social e Servi\u00e7o Social ou \u00e1rea correlata.\" data-balloon-pos=\"up\">Estado, Pol\u00edtica Social e Servi\u00e7o Social<\/span><\/td>\r\n<td class=\"cvagas\">01<\/td>\r\n<td class=\"cremuneracao\">R$ 0,00 \/20h<\/td>\r\n<\/tr><tr>\r\n<td class=\"ccargos\">\r\n<span data-balloon-length=\"medium\" aria-label=\"Gradua\u00e7\u00e3o na \u00e1rea de Rela\u00e7\u00f5es de G\u00eanero, Ra\u00e7a e Classe ou \u00e1rea correlata.\" data-balloon-pos=\"up\">Trabalho: Rela\u00e7\u00f5es de G\u00eanero, Ra\u00e7a e Classe.<\/span><\/td>\r\n<td class=\"cvagas\">02<\/td>\r\n<td class=\"cremuneracao\">R$ 0,00 \/20h<\/td>\r\n<\/tr><tr>\r\n<td class=\"ccargos\">\r\n<span data-balloon-length=\"medium\" aria-label=\"Gradua\u00e7\u00e3o na \u00e1rea de Indicadores e Pesquisa Social ou \u00e1rea correlata.\" data-balloon-pos=\"up\">Indicadores e Pesquisa Social<\/span><\/td>\r\n<td class=\"cvagas\">02<\/td>\r\n<td class=\"cremuneracao\">R$ 0,00 \/20h<\/td>\r\n<\/tr><tr>\r\n<td class=\"ccargos\">\r\n<span data-balloon-length=\"medium\" aria-label=\"Gradua\u00e7\u00e3o na \u00e1rea de Trabalho e Forma\u00e7\u00e3o Profissional ou \u00e1rea correlata.\" data-balloon-pos=\"up\">Trabalho e Forma\u00e7\u00e3o Profissional<\/span><\/td>\r\n<td class=\"cvagas\">03<\/td>\r\n<td class=\"cremuneracao\">R$ 0,00 \/20h<\/td>\r\n<\/tr><tr>\r\n<td class=\"ccargos\">\r\n<span data-balloon-length=\"medium\" aria-label=\"Gradua\u00e7\u00e3o na \u00e1rea de Did\u00e1tica e Ensino de EJA ou \u00e1rea correlata.\" data-balloon-pos=\"up\">Pr\u00e1tica de Ensino de EJA e Abordagens Did\u00e1ticas de EJA<\/span><\/td>\r\n<td class=\"cvagas\">01<\/td>\r\n<td class=\"cremuneracao\">R$ 0,00 \/20h<\/td>\r\n<\/tr><tr>\r\n<td class=\"ccargos\">\r\n<span data-balloon-length=\"medium\" aria-label=\"Gradua\u00e7\u00e3o em Letras com especializa\u00e7\u00e3o em Portugu\u00eas e Alem\u00e3o e Did\u00e1tica ou \u00e1rea correlata.\" data-balloon-pos=\"up\">Did\u00e1tica Especial de portugu\u00eas e alem\u00e3o e Pr\u00e1tica de ensino e est\u00e1gio supervisionado de portugu\u00eas e alem\u00e3o<\/span><\/td>\r\n<td class=\"cvagas\">01<\/td>\r\n<td class=\"cremuneracao\">R$ 0,00 \/20h<\/td>\r\n<\/tr><tr>\r\n<td class=\"ccargos\">\r\n<span data-balloon-length=\"medium\" aria-label=\"Gradua\u00e7\u00e3o na \u00e1rea de Pedagogia com foco em Pr\u00e1tica de Ensino Magist\u00e9rio ou \u00e1rea correlata.\" data-balloon-pos=\"up\">Pr\u00e1tica de Ensino Magist\u00e9rio - Disciplinas Pedag\u00f3gicas<\/span><\/td>\r\n<td class=\"cvagas\">01<\/td>\r\n<td class=\"cremuneracao\">R$ 0,00 \/20h<\/td>\r\n<\/tr><tr>\r\n<td class=\"ccargos\">\r\n<span data-balloon-length=\"medium\" aria-label=\"Gradua\u00e7\u00e3o em Letras com foco em Portugu\u00eas e L\u00ednguas Cl\u00e1ssicas, com experi\u00eancia em Pr\u00e1tica de Ensino e Est\u00e1gio Supervisionado ou \u00e1rea correlata.\" data-balloon-pos=\"up\">Did\u00e1tica Especial de Portugu\u00eas e L\u00ednguas Cl\u00e1ssicas e Pr\u00e1tica de Ensino e Est\u00e1gio Supervisionado de Portugu\u00eas-L\u00ednguas Cl\u00e1ssicas<\/span><\/td>\r\n<td class=\"cvagas\">01<\/td>\r\n<td class=\"cremuneracao\">R$ 0,00 \/20h<\/td>\r\n<\/tr><tr>\r\n<td class=\"ccargos\">\r\n<span data-balloon-length=\"medium\" aria-label=\"Gradua\u00e7\u00e3o na \u00e1rea de Ci\u00eancias Biol\u00f3gicas com foco em Did\u00e1tica e Pr\u00e1tica de Ensino ou \u00e1rea correlata.\" data-balloon-pos=\"up\">Did\u00e1tica Especial de Ci\u00eancias Biol\u00f3gicas e Pr\u00e1tica de Ensino e Est\u00e1gio Supervisionado de Ci\u00eancias Biol\u00f3gicas<\/span><\/td>\r\n<td class=\"cvagas\">01<\/td>\r\n<td class=\"cremuneracao\">R$ 0,00 \/20h<\/td>\r\n<\/tr><tr>\r\n<td class=\"ccargos\">\r\n<span data-balloon-length=\"medium\" aria-label=\"Gradua\u00e7\u00e3o na \u00e1rea de Sociologia Geral ou \u00e1rea correlata.\" data-balloon-pos=\"up\">Sociologia Geral<\/span><\/td>\r\n<td class=\"cvagas\">02<\/td>\r\n<td class=\"cremuneracao\">R$ 0,00 \/20h<\/td>\r\n<\/tr><tr>\r\n<td class=\"ccargos\">\r\n<span data-balloon-length=\"medium\" aria-label=\"Gradua\u00e7\u00e3o na \u00e1rea de Hist\u00f3ria Contempor\u00e2nea ou \u00e1rea correlata.\" data-balloon-pos=\"up\">Hist\u00f3ria Contempor\u00e2nea<\/span><\/td>\r\n<td class=\"cvagas\">02<\/td>\r\n<td class=\"cremuneracao\">R$ 0,00 \/20h<\/td>\r\n<\/tr><tr>\r\n<td class=\"ccargos\">\r\n<span data-balloon-length=\"medium\" aria-label=\"Gradua\u00e7\u00e3o na \u00e1rea de Hist\u00f3ria da \u00c1frica ou \u00e1rea correlata.\" data-balloon-pos=\"up\">Hist\u00f3ria da \u00c1frica<\/span><\/td>\r\n<td class=\"cvagas\">01<\/td>\r\n<td class=\"cremuneracao\">R$ 0,00 \/20h<\/td>\r\n<\/tr><tr>\r\n<td class=\"ccargos\">\r\n<span data-balloon-length=\"medium\" aria-label=\"Gradua\u00e7\u00e3o na \u00e1rea de Psicologia com foco em Cogni\u00e7\u00e3o e Hist\u00f3ria da Psicologia ou \u00e1rea correlata.\" data-balloon-pos=\"up\">Cogni\u00e7\u00e3o e Hist\u00f3ria da Psicologia<\/span><\/td>\r\n<td class=\"cvagas\">01<\/td>\r\n<td class=\"cremuneracao\">R$ 0,00 \/20h<\/td>\r\n<\/tr><tr>\r\n<td class=\"ccargos\">\r\n<span data-balloon-length=\"medium\" aria-label=\"Gradua\u00e7\u00e3o na \u00e1rea de Psicologia com foco em Abordagens Contempor\u00e2neas ou \u00e1rea correlata.\" data-balloon-pos=\"up\">Abordagens Contempor\u00e2neas<\/span><\/td>\r\n<td class=\"cvagas\">02<\/td>\r\n<td class=\"cremuneracao\">R$ 0,00 \/20h<\/td>\r\n<\/tr><tr>\r\n<td class=\"ccargos\">\r\n<span data-balloon-length=\"medium\" aria-label=\"Gradua\u00e7\u00e3o na \u00e1rea de Psicologia com foco em Psican\u00e1lise e Comunidade ou \u00e1rea correlata.\" data-balloon-pos=\"up\">Psican\u00e1lise e Comunidade<\/span><\/td>\r\n<td class=\"cvagas\">01<\/td>\r\n<td class=\"cremuneracao\">R$ 0,00 \/20h<\/td>\r\n<\/tr><tr>\r\n<td class=\"ccargos\">\r\n<span data-balloon-length=\"medium\" aria-label=\"Gradua\u00e7\u00e3o na \u00e1rea de Pol\u00edticas P\u00fablicas em Direitos Humanos ou \u00e1rea correlata.\" data-balloon-pos=\"up\">Pol\u00edticas P\u00fablicas em Direitos Humanos<\/span><\/td>\r\n<td class=\"cvagas\">01<\/td>\r\n<td class=\"cremuneracao\">R$ 0,00 \/20h<\/td>\r\n<\/tr><tr>\r\n<td class=\"ccargos\">\r\n<span data-balloon-length=\"medium\" aria-label=\"Gradua\u00e7\u00e3o na \u00e1rea de Pintura \/ Artes Visuais ou \u00e1rea correlata.\" data-balloon-pos=\"up\">Pintura \/ Artes Visuais<\/span><\/td>\r\n<td class=\"cvagas\">01<\/td>\r\n<td class=\"cremuneracao\">R$ 0,00 \/20h<\/td>\r\n<\/tr><tr>\r\n<td class=\"ccargos\">\r\n<span data-balloon-length=\"medium\" aria-label=\"Gradua\u00e7\u00e3o na \u00e1rea de Design de Interiores ou \u00e1rea correlata, com foco em Projeto de Interiores e Instala\u00e7\u00f5es Prediais com \u00eanfase em Conforto Ambiental.\" data-balloon-pos=\"up\">Curso Design de Interiores. \u00c1rea: Projeto de Interiores e Instala\u00e7\u00f5es Prediais com \u00eanfase em Conforto Ambiental.<\/span><\/td>\r\n<td class=\"cvagas\">01<\/td>\r\n<td class=\"cremuneracao\">R$ 0,00 \/20h<\/td>\r\n<\/tr><tr>\r\n<td class=\"ccargos\">\r\n<span data-balloon-length=\"medium\" aria-label=\"Gradua\u00e7\u00e3o na \u00e1rea de Paisagismo ou \u00e1rea correlata, com foco em Desenvolvimento de Projetos.\" data-balloon-pos=\"up\">Curso de Paisagismo. Setor Desenvolvimento de Projetos<\/span><\/td>\r\n<td class=\"cvagas\">01<\/td>\r\n<td class=\"cremuneracao\">R$ 0,00 \/20h<\/td>\r\n<\/tr><tr>\r\n<td class=\"ccargos\">\r\n<span data-balloon-length=\"medium\" aria-label=\"Gradua\u00e7\u00e3o na \u00e1rea de Artes Visuais com foco em T\u00e9cnicas de Pintura ou \u00e1rea correlata.\" data-balloon-pos=\"up\">T\u00e9cnicas de Pintura I e T\u00e9cnicas de Pintura II<\/span><\/td>\r\n<td class=\"cvagas\">01<\/td>\r\n<td class=\"cremuneracao\">R$ 0,00 \/20h<\/td>\r\n<\/tr><tr>\r\n<td class=\"ccargos\">\r\n<span data-balloon-length=\"medium\" aria-label=\"Gradua\u00e7\u00e3o na \u00e1rea de Artes C\u00eanicas ou Design de Moda com foco em Estudos e T\u00e9cnicas do Vesti\u00e1rio e Estudos da Cena ou \u00e1rea correlata.\" data-balloon-pos=\"up\">Estudos e T\u00e9cnicas do Vesti\u00e1rio e Estudos da Cena<\/span><\/td>\r\n<td class=\"cvagas\">01<\/td>\r\n<td class=\"cremuneracao\">R$ 0,00 \/20h<\/td>\r\n<\/tr><tr>\r\n<td class=\"ccargos\">\r\n<span data-balloon-length=\"medium\" aria-label=\"Gradua\u00e7\u00e3o na \u00e1rea de Artes C\u00eanicas com foco em Teoria da Dor e da Formam Metodologia da Imagem e Estudos da Cena ou \u00e1rea correlata.\" data-balloon-pos=\"up\">Teoria da Dor e da Formam Metodologia da Imagem e Estudos da Cena<\/span><\/td>\r\n<td class=\"cvagas\">01<\/td>\r\n<td class=\"cremuneracao\">R$ 0,00 \/20h<\/td>\r\n<\/tr><tr>\r\n<td class=\"ccargos\">\r\n<span data-balloon-length=\"medium\" aria-label=\"Gradua\u00e7\u00e3o na \u00e1rea de Design Gr\u00e1fico, Design de Tipografia ou Design Editorial ou \u00e1rea correlata.\" data-balloon-pos=\"up\">Projeto em Design Gr\u00e1fico, Design de Tipografia, Design Editorial.<\/span><\/td>\r\n<td class=\"cvagas\">01<\/td>\r\n<td class=\"cremuneracao\">R$ 0,00 \/20h<\/td>\r\n<\/tr><tr>\r\n<td class=\"ccargos\">\r\n<span data-balloon-length=\"medium\" aria-label=\"Gradua\u00e7\u00e3o na \u00e1rea de Design Promocional, Design de Eventos, Identidade Visual, Sinaliza\u00e7\u00e3o ou Embalagem ou \u00e1rea correlata.\" data-balloon-pos=\"up\">Design Promocional, Design de Eventos, Identidade visual, Sinaliza\u00e7\u00e3o. Embalagem.<\/span><\/td>\r\n<td class=\"cvagas\">01<\/td>\r\n<td class=\"cremuneracao\">R$ 0,00 \/20h<\/td>\r\n<\/tr><tr>\r\n<td class=\"ccargos\">\r\n<span data-balloon-length=\"medium\" aria-label=\"Gradua\u00e7\u00e3o na \u00e1rea de Desenho Geom\u00e9trico e Elementos de Arquitetura ou \u00e1rea correlata.\" data-balloon-pos=\"up\">Desenho Geom\u00e9trico e Elementos de Arquitetura<\/span><\/td>\r\n<td class=\"cvagas\">01<\/td>\r\n<td class=\"cremuneracao\">R$ 0,00 \/20h<\/td>\r\n<\/tr><tr>\r\n<td class=\"ccargos\">\r\n<span data-balloon-length=\"medium\" aria-label=\"Gradua\u00e7\u00e3o na \u00e1rea de M\u00fasica com especializa\u00e7\u00e3o em Viol\u00e3o ou \u00e1rea correlata.\" data-balloon-pos=\"up\">Viol\u00e3o<\/span><\/td>\r\n<td class=\"cvagas\">01<\/td>\r\n<td class=\"cremuneracao\">R$ 0,00 \/20h<\/td>\r\n<\/tr><tr>\r\n<td class=\"ccargos\">\r\n<span data-balloon-length=\"medium\" aria-label=\"Gradua\u00e7\u00e3o na \u00e1rea de Arquitetura e Urbanismo com foco em Estudo da Forma ou \u00e1rea correlata.\" data-balloon-pos=\"up\">Estudo da Forma<\/span><\/td>\r\n<td class=\"cvagas\">01<\/td>\r\n<td class=\"cremuneracao\">R$ 0,00 \/20h<\/td>\r\n<\/tr><tr>\r\n<td class=\"ccargos\">\r\n<span data-balloon-length=\"medium\" aria-label=\"Gradua\u00e7\u00e3o na \u00e1rea de Arquitetura e Urbanismo com foco em Arquitetura no Brasil ou \u00e1rea correlata.\" data-balloon-pos=\"up\">Arquitetura no Brasil<\/span><\/td>\r\n<td class=\"cvagas\">01<\/td>\r\n<td class=\"cremuneracao\">R$ 0,00 \/20h<\/td>\r\n<\/tr><tr>\r\n<td class=\"ccargos\">\r\n<span data-balloon-length=\"medium\" aria-label=\"Gradua\u00e7\u00e3o na \u00e1rea de Arquitetura e Urbanismo com foco em Projeto Urbano ou \u00e1rea correlata.\" data-balloon-pos=\"up\">Projeto Urbano<\/span><\/td>\r\n<td class=\"cvagas\">04<\/td>\r\n<td class=\"cremuneracao\">R$ 0,00 \/20h<\/td>\r\n<\/tr><tr>\r\n<td class=\"ccargos\">\r\n<span data-balloon-length=\"medium\" aria-label=\"Gradua\u00e7\u00e3o na \u00e1rea de Letras com especializa\u00e7\u00e3o em Franc\u00eas ou \u00e1rea correlata.\" data-balloon-pos=\"up\">Franc\u00eas<\/span><\/td>\r\n<td class=\"cvagas\">02<\/td>\r\n<td class=\"cremuneracao\">R$ 0,00 \/20h<\/td>\r\n<\/tr><tr>\r\n<td class=\"ccargos\">\r\n<span data-balloon-length=\"medium\" aria-label=\"Gradua\u00e7\u00e3o na \u00e1rea de Letras com especializa\u00e7\u00e3o em Literatura Hispano-Americanas ou \u00e1rea correlata.\" data-balloon-pos=\"up\">Literatura Hispano-Americanas<\/span><\/td>\r\n<td class=\"cvagas\">01<\/td>\r\n<td class=\"cremuneracao\">R$ 0,00 \/20h<\/td>\r\n<\/tr><tr>\r\n<td class=\"ccargos\">\r\n<span data-balloon-length=\"medium\" aria-label=\"Gradua\u00e7\u00e3o na \u00e1rea de Letras com especializa\u00e7\u00e3o em Letras Japonesas ou \u00e1rea correlata.\" data-balloon-pos=\"up\">Letras Japonesas<\/span><\/td>\r\n<td class=\"cvagas\">02<\/td>\r\n<td class=\"cremuneracao\">R$ 0,00 \/20h<\/td>\r\n<\/tr><tr>\r\n<td class=\"ccargos\">\r\n<span data-balloon-length=\"medium\" aria-label=\"Gradua\u00e7\u00e3o na \u00e1rea de Letras com especializa\u00e7\u00e3o em Literatura de L\u00edngua Inglesa ou \u00e1rea correlata.\" data-balloon-pos=\"up\">Literatura de L\u00edngua Inglesa<\/span><\/td>\r\n<td class=\"cvagas\">02<\/td>\r\n<td class=\"cremuneracao\">R$ 0,00 \/20h<\/td>\r\n<\/tr><tr>\r\n<td class=\"ccargos\">\r\n<span data-balloon-length=\"medium\" aria-label=\"Gradua\u00e7\u00e3o na \u00e1rea de Letras com especializa\u00e7\u00e3o em Literatura Portuguesa ou \u00e1rea correlata.\" data-balloon-pos=\"up\">Literatura Portuguesa<\/span><\/td>\r\n<td class=\"cvagas\">02<\/td>\r\n<td class=\"cremuneracao\">R$ 0,00 \/20h<\/td>\r\n<\/tr><tr>\r\n<td class=\"ccargos\">\r\n<span data-balloon-length=\"medium\" aria-label=\"Gradua\u00e7\u00e3o na \u00e1rea de Letras com especializa\u00e7\u00e3o em Literatura Brasileira ou \u00e1rea correlata.\" data-balloon-pos=\"up\">Literatura Brasileira<\/span><\/td>\r\n<td class=\"cvagas\">02<\/td>\r\n<td class=\"cremuneracao\">R$ 0,00 \/20h<\/td>\r\n<\/tr><tr>\r\n<td class=\"ccargos\">\r\n<span data-balloon-length=\"medium\" aria-label=\"Gradua\u00e7\u00e3o na \u00e1rea de Letras com especializa\u00e7\u00e3o em Literaturas Africanas ou \u00e1rea correlata.\" data-balloon-pos=\"up\">Literaturas Africanas<\/span><\/td>\r\n<td class=\"cvagas\">02<\/td>\r\n<td class=\"cremuneracao\">R$ 0,00 \/20h<\/td>\r\n<\/tr><tr>\r\n<td class=\"ccargos\">\r\n<span data-balloon-length=\"medium\" aria-label=\"Gradua\u00e7\u00e3o na \u00e1rea de Letras com especializa\u00e7\u00e3o em Portugu\u00eas L\u00edngua Estrangeira ou \u00e1rea correlata.\" data-balloon-pos=\"up\">Portugu\u00eas L\u00edngua Estrangeira<\/span><\/td>\r\n<td class=\"cvagas\">02<\/td>\r\n<td class=\"cremuneracao\">R$ 0,00 \/20h<\/td>\r\n<\/tr><tr>\r\n<td class=\"ccargos\">\r\n<span data-balloon-length=\"medium\" aria-label=\"Gradua\u00e7\u00e3o na \u00e1rea de Lingu\u00edstica ou \u00e1rea correlata.\" data-balloon-pos=\"up\">Lingu\u00edstica<\/span><\/td>\r\n<td class=\"cvagas\">03<\/td>\r\n<td class=\"cremuneracao\">R$ 0,00 \/20h<\/td>\r\n<\/tr><tr>\r\n<td class=\"ccargos\">\r\n<span data-balloon-length=\"medium\" aria-label=\"Gradua\u00e7\u00e3o na \u00e1rea de Letras com especializa\u00e7\u00e3o em L\u00edngua Portuguesa ou \u00e1rea correlata.\" data-balloon-pos=\"up\">L\u00edngua Portuguesa<\/span><\/td>\r\n<td class=\"cvagas\">05<\/td>\r\n<td class=\"cremuneracao\">R$ 0,00 \/20h<\/td>\r\n<\/tr><tr>\r\n<td class=\"ccargos\">\r\n<span data-balloon-length=\"medium\" aria-label=\"Gradua\u00e7\u00e3o na \u00e1rea de Letras Cl\u00e1ssicas com especializa\u00e7\u00e3o em Grego ou \u00e1rea correlata.\" data-balloon-pos=\"up\">Grego<\/span><\/td>\r\n<td class=\"cvagas\">02<\/td>\r\n<td class=\"cremuneracao\">R$ 0,00 \/20h<\/td>\r\n<\/tr><tr>\r\n<td class=\"ccargos\">\r\n<span data-balloon-length=\"medium\" aria-label=\"Gradua\u00e7\u00e3o na \u00e1rea de Estudos da Tradu\u00e7\u00e3o ou \u00e1rea correlata.\" data-balloon-pos=\"up\">Estudos da Tradu\u00e7\u00e3o<\/span><\/td>\r\n<td class=\"cvagas\">01<\/td>\r\n<td class=\"cremuneracao\">R$ 0,00 \/20h<\/td>\r\n<\/tr><tr>\r\n<td class=\"ccargos\">\r\n<span data-balloon-length=\"medium\" aria-label=\"Gradua\u00e7\u00e3o na \u00e1rea de Engenharia Qu\u00edmica ou \u00e1reas afins, com foco em \u00c1guas, Efluentes e Res\u00edduos S\u00f3lidos ou \u00e1rea correlata.\" data-balloon-pos=\"up\">\u00c1guas, Efluentes e Res\u00edduos S\u00f3lidos<\/span><\/td>\r\n<td class=\"cvagas\">01<\/td>\r\n<td class=\"cremuneracao\">R$ 0,00 \/20h<\/td>\r\n<\/tr><tr>\r\n<td class=\"ccargos\">\r\n<span data-balloon-length=\"medium\" aria-label=\"Gradua\u00e7\u00e3o na \u00e1rea de Engenharia Qu\u00edmica ou \u00e1reas afins, com foco em Tecnologias da Ind\u00fastria Qu\u00edmica Inorg\u00e2nica ou \u00e1rea correlata.\" data-balloon-pos=\"up\">Tecnologias da Ind\u00fastria Qu\u00edmica Inorg\u00e2nica<\/span><\/td>\r\n<td class=\"cvagas\">01<\/td>\r\n<td class=\"cremuneracao\">R$ 0,00 \/20h<\/td>\r\n<\/tr><tr>\r\n<td class=\"ccargos\">\r\n<span data-balloon-length=\"medium\" aria-label=\"Gradua\u00e7\u00e3o na \u00e1rea de Engenharia Qu\u00edmica com foco em Fen\u00f4menos de Transporte e Opera\u00e7\u00f5es Unit\u00e1rias ou \u00e1rea correlata.\" data-balloon-pos=\"up\">Setor I - Fen\u00f4menos de Transporte e Opera\u00e7\u00f5es Unit\u00e1rias<\/span><\/td>\r\n<td class=\"cvagas\">03<\/td>\r\n<td class=\"cremuneracao\">R$ 0,00 \/20h<\/td>\r\n<\/tr><tr>\r\n<td class=\"ccargos\">\r\n<span data-balloon-length=\"medium\" aria-label=\"Gradua\u00e7\u00e3o na \u00e1rea de Engenharia Qu\u00edmica com foco em Termodin\u00e2mica, Cin\u00e9tica e C\u00e1lculo de Reatores ou \u00e1rea correlata.\" data-balloon-pos=\"up\">Setor II - Termodin\u00e2mica, Cin\u00e9tica e C\u00e1lculo de Reatores<\/span><\/td>\r\n<td class=\"cvagas\">01<\/td>\r\n<td class=\"cremuneracao\">R$ 0,00 \/20h<\/td>\r\n<\/tr><tr>\r\n<td class=\"ccargos\">\r\n<span data-balloon-length=\"medium\" aria-label=\"Gradua\u00e7\u00e3o na \u00e1rea de Engenharia Qu\u00edmica com foco em Modelagem e Controle de Processos e Instrumenta\u00e7\u00e3o ou \u00e1rea correlata.\" data-balloon-pos=\"up\">Setor III - Modelagem e Controle de Processos e Instrumenta\u00e7\u00e3o<\/span><\/td>\r\n<td class=\"cvagas\">01<\/td>\r\n<td class=\"cremuneracao\">R$ 0,00 \/20h<\/td>\r\n<\/tr><tr>\r\n<td class=\"ccargos\">\r\n<span data-balloon-length=\"medium\" aria-label=\"Gradua\u00e7\u00e3o na \u00e1rea de Engenharia Qu\u00edmica com foco em Engenharia de Processos e Planejamento ou \u00e1rea correlata.\" data-balloon-pos=\"up\">Setor IV - Engenharia de Processos e Planejamento<\/span><\/td>\r\n<td class=\"cvagas\">01<\/td>\r\n<td class=\"cremuneracao\">R$ 0,00 \/20h<\/td>\r\n<\/tr><tr>\r\n<td class=\"ccargos\">\r\n<span data-balloon-length=\"medium\" aria-label=\"Gradua\u00e7\u00e3o na \u00e1rea de Engenharia Qu\u00edmica ou \u00e1reas afins, com foco em Biomassa e Qu\u00edmica Verde ou \u00e1rea correlata.\" data-balloon-pos=\"up\">Biomassa e Qu\u00edmica Verde<\/span><\/td>\r\n<td class=\"cvagas\">01<\/td>\r\n<td class=\"cremuneracao\">R$ 0,00 \/20h<\/td>\r\n<\/tr><tr>\r\n<td class=\"ccargos\">\r\n<span data-balloon-length=\"medium\" aria-label=\"Gradua\u00e7\u00e3o na \u00e1rea de Engenharia com foco em Mec\u00e2nica dos S\u00f3lidos ou \u00e1rea correlata.\" data-balloon-pos=\"up\">Mec\u00e2nica dos S\u00f3lidos<\/span><\/td>\r\n<td class=\"cvagas\">04<\/td>\r\n<td class=\"cremuneracao\">R$ 0,00 \/20h<\/td>\r\n<\/tr><tr>\r\n<td class=\"ccargos\">\r\n<span data-balloon-length=\"medium\" aria-label=\"Gradua\u00e7\u00e3o na \u00e1rea de Engenharia Eletr\u00f4nica e da Computa\u00e7\u00e3o com foco em Sistemas Digitais ou \u00e1rea correlata.\" data-balloon-pos=\"up\">Sistemas Digitais<\/span><\/td>\r\n<td class=\"cvagas\">01<\/td>\r\n<td class=\"cremuneracao\">R$ 0,00 \/20h<\/td>\r\n<\/tr><tr>\r\n<td class=\"ccargos\">\r\n<span data-balloon-length=\"medium\" aria-label=\"Gradua\u00e7\u00e3o na \u00e1rea de Engenharia El\u00e9trica com foco em Educa\u00e7\u00e3o ou \u00e1rea correlata.\" data-balloon-pos=\"up\">Educa\u00e7\u00e3o em engenharia el\u00e9trica<\/span><\/td>\r\n<td class=\"cvagas\">02<\/td>\r\n<td class=\"cremuneracao\">R$ 0,00 \/20h<\/td>\r\n<\/tr><tr>\r\n<td class=\"ccargos\">\r\n<span data-balloon-length=\"medium\" aria-label=\"Gradua\u00e7\u00e3o na \u00e1rea de Engenharia Nuclear com foco em An\u00e1lise de Seguran\u00e7a ou \u00e1rea correlata.\" data-balloon-pos=\"up\">An\u00e1lise de Seguran\u00e7a<\/span><\/td>\r\n<td class=\"cvagas\">01<\/td>\r\n<td class=\"cremuneracao\">R$ 0,00 \/20h<\/td>\r\n<\/tr><tr>\r\n<td class=\"ccargos\">\r\n<span data-balloon-length=\"medium\" aria-label=\"Gradua\u00e7\u00e3o na \u00e1rea de An\u00e1lises Cl\u00ednicas ou \u00e1rea correlata.\" data-balloon-pos=\"up\">An\u00e1lises Cl\u00ednicas<\/span><\/td>\r\n<td class=\"cvagas\">01<\/td>\r\n<td class=\"cremuneracao\">R$ 0,00 \/20h<\/td>\r\n<\/tr><tr>\r\n<td class=\"ccargos\">\r\n<span data-balloon-length=\"medium\" aria-label=\"Gradua\u00e7\u00e3o na \u00e1rea de Sa\u00fade Mental ou \u00e1rea correlata.\" data-balloon-pos=\"up\">\u00c1rea Sa\u00fade Mental<\/span><\/td>\r\n<td class=\"cvagas\">01<\/td>\r\n<td class=\"cremuneracao\">R$ 0,00 \/20h<\/td>\r\n<\/tr><tr>\r\n<td class=\"ccargos\">\r\n<span data-balloon-length=\"medium\" aria-label=\"Gradua\u00e7\u00e3o na \u00e1rea de Cl\u00ednica Geral ou \u00e1rea correlata.\" data-balloon-pos=\"up\">Cl\u00ednica Geral<\/span><\/td>\r\n<td class=\"cvagas\">03<\/td>\r\n<td class=\"cremuneracao\">R$ 0,00 \/20h<\/td>\r\n<\/tr><tr>\r\n<td class=\"ccargos\">\r\n<span data-balloon-length=\"medium\" aria-label=\"Gradua\u00e7\u00e3o na \u00e1rea de Endocrinologia ou \u00e1rea correlata.\" data-balloon-pos=\"up\">Endocrinologia<\/span><\/td>\r\n<td class=\"cvagas\">01<\/td>\r\n<td class=\"cremuneracao\">R$ 0,00 \/20h<\/td>\r\n<\/tr><tr>\r\n<td class=\"ccargos\">\r\n<span data-balloon-length=\"medium\" aria-label=\"Gradua\u00e7\u00e3o na \u00e1rea de Enfermagem com foco em Hist\u00f3ria da Enfermagem Brasileira ou \u00e1rea correlata.\" data-balloon-pos=\"up\">Enfermagem e Hist\u00f3ria da Enfermagem Brasileira<\/span><\/td>\r\n<td class=\"cvagas\">01<\/td>\r\n<td class=\"cremuneracao\">R$ 0,00 \/20h<\/td>\r\n<\/tr><tr>\r\n<td class=\"ccargos\">\r\n<span data-balloon-length=\"medium\" aria-label=\"Gradua\u00e7\u00e3o na \u00e1rea de Enfermagem com foco em Metodologia da Assist\u00eancia e do Ensino da Enfermagem ou \u00e1rea correlata.\" data-balloon-pos=\"up\">Metodologia da Assist\u00eancia e do Ensino da Enfermagem<\/span><\/td>\r\n<td class=\"cvagas\">01<\/td>\r\n<td class=\"cremuneracao\">R$ 0,00 \/20h<\/td>\r\n<\/tr><tr>\r\n<td class=\"ccargos\">\r\n<span data-balloon-length=\"medium\" aria-label=\"Gradua\u00e7\u00e3o na \u00e1rea de Engenharia de Produ\u00e7\u00e3o com foco em Engenharia de Opera\u00e7\u00f5es ou \u00e1rea correlata.\" data-balloon-pos=\"up\">Engenharia de Opera\u00e7\u00f5es<\/span><\/td>\r\n<td class=\"cvagas\">01<\/td>\r\n<td class=\"cremuneracao\">R$ 0,00 \/20h<\/td>\r\n<\/tr>\r\n    <\/tbody>\r\n  <\/table>\r\n<\/div>"},"_links":{"self":[{"href":"https:\/\/www.agrobase.com.br\/concursos\/wp-json\/wp\/v2\/posts\/274067","targetHints":{"allow":["GET"]}}],"collection":[{"href":"https:\/\/www.agrobase.com.br\/concursos\/wp-json\/wp\/v2\/posts"}],"about":[{"href":"https:\/\/www.agrobase.com.br\/concursos\/wp-json\/wp\/v2\/types\/post"}],"author":[{"embeddable":true,"href":"https:\/\/www.agrobase.com.br\/concursos\/wp-json\/wp\/v2\/users\/7"}],"replies":[{"embeddable":true,"href":"https:\/\/www.agrobase.com.br\/concursos\/wp-json\/wp\/v2\/comments?post=274067"}],"version-history":[{"count":2,"href":"https:\/\/www.agrobase.com.br\/concursos\/wp-json\/wp\/v2\/posts\/274067\/revisions"}],"predecessor-version":[{"id":274071,"href":"https:\/\/www.agrobase.com.br\/concursos\/wp-json\/wp\/v2\/posts\/274067\/revisions\/274071"}],"wp:featuredmedia":[{"embeddable":true,"href":"https:\/\/www.agrobase.com.br\/concursos\/wp-json\/wp\/v2\/media\/274066"}],"wp:attachment":[{"href":"https:\/\/www.agrobase.com.br\/concursos\/wp-json\/wp\/v2\/media?parent=274067"}],"wp:term":[{"taxonomy":"category","embeddable":true,"href":"https:\/\/www.agrobase.com.br\/concursos\/wp-json\/wp\/v2\/categories?post=274067"},{"taxonomy":"post_tag","embeddable":true,"href":"https:\/\/www.agrobase.com.br\/concursos\/wp-json\/wp\/v2\/tags?post=274067"},{"taxonomy":"_amplo","embeddable":true,"href":"https:\/\/www.agrobase.com.br\/concursos\/wp-json\/wp\/v2\/_amplo?post=274067"},{"taxonomy":"destaque","embeddable":true,"href":"https:\/\/www.agrobase.com.br\/concursos\/wp-json\/wp\/v2\/destaque?post=274067"},{"taxonomy":"instituicoes","embeddable":true,"href":"https:\/\/www.agrobase.com.br\/concursos\/wp-json\/wp\/v2\/instituicoes?post=274067"}],"curies":[{"name":"wp","href":"https:\/\/api.w.org\/{rel}","templated":true}]}}