{"id":274062,"date":"2025-11-21T07:50:06","date_gmt":"2025-11-21T10:50:06","guid":{"rendered":"https:\/\/www.agrobase.com.br\/concursos\/?p=274062"},"modified":"2025-11-19T14:47:42","modified_gmt":"2025-11-19T17:47:42","slug":"prefeitura-sobral-ce-selecao-simplificada-12-2025","status":"publish","type":"post","link":"https:\/\/www.agrobase.com.br\/concursos\/2025\/prefeitura-sobral-ce-selecao-simplificada-12-2025\/","title":{"rendered":"Prefeitura Sobral (CE) &#8211; Sele\u00e7\u00e3o Simplificada 12\/2025"},"content":{"rendered":"<h2>Informa\u00e7\u00f5es Gerais<\/h2>\n<p>O Edital n\u00ba 012\/2025 \u2013 SME regulamenta o Processo Seletivo Simplificado da Secretaria Municipal da Educa\u00e7\u00e3o de Sobral (SME), no Cear\u00e1, para forma\u00e7\u00e3o de <strong>banco de recursos humanos<\/strong> de professores, visando contrata\u00e7\u00f5es tempor\u00e1rias de excepcional interesse p\u00fablico, conforme a legisla\u00e7\u00e3o municipal vigente. O certame \u00e9 conduzido pela SME, sob supervis\u00e3o da SEPLAG de Sobral.<\/p>\n<p>O objetivo \u00e9 suprir car\u00eancias tempor\u00e1rias nas unidades de ensino vinculadas \u00e0 Secretaria da Educa\u00e7\u00e3o, com <strong>cadastro de reserva<\/strong> para diversos componentes curriculares da Educa\u00e7\u00e3o Infantil, Ensino Fundamental \u2013 anos iniciais e finais, refor\u00e7o escolar, AEE, int\u00e9rprete de Libras e Braile, inform\u00e1tica e l\u00ednguas estrangeiras. Todas as oportunidades s\u00e3o para <strong>n\u00edvel superior<\/strong>, com exig\u00eancia de licenciatura plena e, em alguns casos, certifica\u00e7\u00f5es espec\u00edficas e experi\u00eancia comprovada.<\/p>\n<p>As contrata\u00e7\u00f5es ser\u00e3o por tempo determinado, de at\u00e9 12 meses, prorrog\u00e1veis por igual per\u00edodo, com remunera\u00e7\u00e3o prevista em edital e v\u00ednculo submetido ao <strong>Regime Geral de Previd\u00eancia Social (RGPS)<\/strong>. Se voc\u00ea busca atuar na rede municipal de ensino de Sobral como professor tempor\u00e1rio, siga para as pr\u00f3ximas se\u00e7\u00f5es para entender inscri\u00e7\u00f5es, etapas e resultados.<\/p>\n<h2>Inscri\u00e7\u00f5es<\/h2>\n<p>As inscri\u00e7\u00f5es para o Processo Seletivo Simplificado da Secretaria Municipal da Educa\u00e7\u00e3o de Sobral ser\u00e3o realizadas <strong>exclusivamente pela internet<\/strong>, por meio do preenchimento de ficha online no site oficial: <a href=\"http:\/\/selecao.sobral.ce.gov.br\/\" target=\"_blank\" rel=\"noopener\">http:\/\/selecao.sobral.ce.gov.br\/<\/a> (Sele\u00e7\u00e3o de Professores Tempor\u00e1rios), conforme cronograma definido no Anexo I do edital.<\/p>\n<p>No ato da inscri\u00e7\u00e3o, o candidato dever\u00e1 anexar, em campo pr\u00f3prio do sistema, a documenta\u00e7\u00e3o exigida, entre ela: documento de identidade, comprovante de resid\u00eancia, comprovantes de escolaridade m\u00ednima, certificados de p\u00f3s-gradua\u00e7\u00e3o (se houver), certid\u00e3o de antecedentes criminais, carteira de reservista (para homens), comprova\u00e7\u00e3o de experi\u00eancia em sala de aula e em gest\u00e3o escolar, al\u00e9m da declara\u00e7\u00e3o de inexist\u00eancia de fatos impeditivos, conforme modelo do edital.<\/p>\n<p>A inscri\u00e7\u00e3o \u00e9 <strong>gratuita<\/strong>, n\u00e3o havendo cobran\u00e7a de taxa em nenhuma etapa. Cada candidato poder\u00e1 concorrer a apenas uma vaga, com exce\u00e7\u00f5es espec\u00edficas previstas no edital para combina\u00e7\u00f5es de cargos indicadas pelos c\u00f3digos dos itens 2.2.12 a 2.2.16. Em caso de m\u00faltiplas inscri\u00e7\u00f5es, ser\u00e1 considerada apenas a <strong>\u00faltima inscri\u00e7\u00e3o conclu\u00edda<\/strong>.<\/p>\n<p>O candidato dever\u00e1 escolher o polo\/\u00e1rea de lota\u00e7\u00e3o no momento da inscri\u00e7\u00e3o, ciente de que essa escolha <strong>n\u00e3o garante<\/strong> lota\u00e7\u00e3o ou perman\u00eancia em unidade espec\u00edfica. A SME e a Comiss\u00e3o Organizadora n\u00e3o se responsabilizam por falhas t\u00e9cnicas de conex\u00e3o ou problemas de transmiss\u00e3o de dados.<\/p>\n<p>\u00c9 fundamental que o candidato acompanhe o deferimento da inscri\u00e7\u00e3o e demais comunicados diretamente no site da sele\u00e7\u00e3o e leia atentamente o edital completo antes de finalizar o envio das informa\u00e7\u00f5es.<\/p>\n<h2>Etapas e Provas<\/h2>\n<p>O processo seletivo da Secretaria Municipal da Educa\u00e7\u00e3o de Sobral \u00e9 composto por <strong>etapa \u00fanica<\/strong>, com car\u00e1ter <strong>eliminat\u00f3rio e classificat\u00f3rio<\/strong>, baseada exclusivamente na an\u00e1lise e avalia\u00e7\u00e3o de t\u00edtulos e documentos.<\/p>\n<p>Nessa etapa ser\u00e3o considerados, conforme crit\u00e9rios objetivos do Anexo II do edital:<\/p>\n<ul>\n<li><strong>Forma\u00e7\u00e3o acad\u00eamica<\/strong>: diplomas e certificados de Especializa\u00e7\u00e3o, Mestrado e Doutorado, desde que reconhecidos pelo MEC e com cursos\/institui\u00e7\u00f5es regulares \u00e0 \u00e9poca da expedi\u00e7\u00e3o;<\/li>\n<li><strong>Experi\u00eancia profissional em doc\u00eancia<\/strong>, especialmente em sala de aula e na rede municipal de Sobral, comprovada por declara\u00e7\u00f5es em papel timbrado ou registros em CTPS, com indica\u00e7\u00e3o de fun\u00e7\u00e3o exercida e per\u00edodo de atua\u00e7\u00e3o;<\/li>\n<li><strong>Experi\u00eancia em gest\u00e3o escolar<\/strong>, quando aplic\u00e1vel, tamb\u00e9m comprovada por documenta\u00e7\u00e3o formal;<\/li>\n<li>Outros documentos previstos no quadro de pontua\u00e7\u00e3o do Anexo II.<\/li>\n<\/ul>\n<p>O tempo de experi\u00eancia ser\u00e1 computado observando-se:<\/p>\n<ul>\n<li>n\u00e3o \u00e9 permitido somar per\u00edodos que se sobreponham (datas iguais ou que se cruzam);<\/li>\n<li>n\u00e3o ser\u00e3o considerados per\u00edodos inferiores a seis meses em um mesmo ano;<\/li>\n<li>\u00e9 poss\u00edvel somar experi\u00eancias em diferentes unidades da rede municipal de Sobral, at\u00e9 o limite de 10 anos;<\/li>\n<li>a experi\u00eancia considerada deve estar compreendida entre os anos de 2016 e 2025.<\/li>\n<\/ul>\n<p>Os diplomas e certificados de p\u00f3s-gradua\u00e7\u00e3o s\u00e3o cumulativos dentro dos campos de pontua\u00e7\u00e3o espec\u00edficos. A pontua\u00e7\u00e3o final do candidato corresponder\u00e1 \u00e0 soma dos pontos obtidos nessa \u00fanica etapa. Para detalhes sobre a tabela de pontua\u00e7\u00e3o, documentos aceitos e regras de comprova\u00e7\u00e3o, \u00e9 indispens\u00e1vel consultar o edital e seus anexos.<\/p>\n<h2>Resultados e Gabarito<\/h2>\n<p>Ap\u00f3s a an\u00e1lise dos t\u00edtulos e documentos, ser\u00e1 disponibilizado o <strong>relat\u00f3rio de inscri\u00e7\u00e3o verificada<\/strong>, contendo a pontua\u00e7\u00e3o atribu\u00edda a cada candidato, ap\u00f3s a publica\u00e7\u00e3o dos resultados. A rela\u00e7\u00e3o dos candidatos aprovados, com suas respectivas pontua\u00e7\u00f5es, ser\u00e1 divulgada no <strong>Di\u00e1rio Oficial do Munic\u00edpio de Sobral<\/strong>, conforme cronograma estabelecido no Anexo I do edital.<\/p>\n<p>De acordo com o cronograma informado:<\/p>\n<ul>\n<li><strong>Divulga\u00e7\u00e3o do Resultado Preliminar da Primeira Etapa<\/strong>: 12 de dezembro de 2025, no site <a href=\"https:\/\/educacao.sobral.ce.gov.br\" target=\"_blank\" rel=\"noopener\">educacao.sobral.ce.gov.br<\/a>;<\/li>\n<li><strong>Interposi\u00e7\u00e3o de Recurso Administrativo<\/strong> contra o Resultado Preliminar: 17 de dezembro de 2025, por meio de formul\u00e1rio dispon\u00edvel no link <a href=\"https:\/\/forms.gle\/sx9rmcgVJsCucGxv6\" target=\"_blank\" rel=\"noopener\">https:\/\/forms.gle\/sx9rmcgVJsCucGxv6<\/a>;<\/li>\n<li><strong>Divulga\u00e7\u00e3o do Resultado Final da Sele\u00e7\u00e3o<\/strong>: 22 de dezembro de 2025, no Di\u00e1rio Oficial do Munic\u00edpio e no site <a href=\"https:\/\/educacao.sobral.ce.gov.br\" target=\"_blank\" rel=\"noopener\">educacao.sobral.ce.gov.br<\/a>.<\/li>\n<\/ul>\n<p>Em caso de empate na classifica\u00e7\u00e3o final, ser\u00e3o aplicados, nesta ordem, os seguintes crit\u00e9rios de desempate: <strong>(a)<\/strong> candidato com idade igual ou superior a 60 anos, conforme Estatuto do Idoso; <strong>(b)<\/strong> maior idade (ano, m\u00eas e dia); <strong>(c)<\/strong> maior tempo de experi\u00eancia; <strong>(d)<\/strong> maior titula\u00e7\u00e3o.<\/p>\n<p>A aprova\u00e7\u00e3o no processo seletivo gera apenas <strong>expectativa de contrata\u00e7\u00e3o<\/strong>, ficando a convoca\u00e7\u00e3o condicionada ao interesse e \u00e0 conveni\u00eancia da Administra\u00e7\u00e3o, dentro do prazo de validade da sele\u00e7\u00e3o. As contrata\u00e7\u00f5es e lota\u00e7\u00f5es ocorrer\u00e3o at\u00e9 o limite de vagas autorizadas.<\/p>\n<p>Todos os atos oficiais, resultados, editais complementares e convoca\u00e7\u00f5es ser\u00e3o publicados prioritariamente no <strong>Di\u00e1rio Oficial do Munic\u00edpio<\/strong> e nos canais oficiais da Secretaria da Educa\u00e7\u00e3o. O acompanhamento dessas publica\u00e7\u00f5es \u00e9 de responsabilidade exclusiva do candidato, n\u00e3o sendo aceita alega\u00e7\u00e3o de desconhecimento dos prazos ou resultados.<\/p>\n","protected":false},"excerpt":{"rendered":"<p>Sel. Simplificada Pref. Sobral (CE) p\/ Professores de M\u00fasica e Matem\u00e1tica (Superior). Inscri\u00e7\u00f5es 18 a 26\/11. Sal\u00e1rio R$5k. Confira detalhes!<\/p>\n","protected":false},"author":7,"featured_media":274061,"comment_status":"open","ping_status":"open","sticky":false,"template":"","format":"standard","meta":{"_acf_changed":false,"_breakdance_hide_in_design_set":false,"_breakdance_tags":"","footnotes":""},"categories":[6433,141,6434,111,100,20,6871,116,119,25],"tags":[43],"_amplo":[],"destaque":[],"instituicoes":[],"class_list":["post-274062","post","type-post","status-publish","format-standard","has-post-thumbnail","hentry","category-biologia-licenciatura","category-educacao-artistica","category-educacao-fisica-licenciatura","category-geografia","category-historia","category-letras","category-letras-ingles","category-matematica","category-musica","category-pedagogia","tag-ceara"],"acf":{"_tipo_vagas":"vagas","_numero_vagas":"","_quadro_vagas":"","_cargos":"diversos","_cargos_especificos":"","_salario_max":"R$ 5032","_abertura":"20251118","_encerramento":"20251126","_inscricoes":"http:\/\/selecao.sobral.ce.gov.br\/","_executora_concurso":"","_instituicao_concurso":[],"_link_adicional":null,"_anexos":null,"_produtos":null,"_vagas":"CR","_salario_min":"R$ 5032","_instituicao":"Prefeitura de Sobral","_edital":"https:\/\/www.agrobase.com.br\/concursos\/wp-content\/uploads\/sites\/4\/2025\/11\/edital-12-2025-prefeitura-de-sobral-ce.pdf","_anexos_edital":"https:\/\/www.agrobase.com.br\/concursos\/wp-content\/uploads\/sites\/4\/2025\/11\/anexos-edital-12-2025-prefeitura-de-sobral-ce.pdf","_fund_incompleto":"","_fund_completo":"","_medio":"","_superior":"<div>\r\n<table class=\"quadro\">\r\n<thead>\r\n<tr>\r\n<th class=\"hcargo\">Cargo<\/th>\r\n<th class=\"hvagas\">Vagas<\/th>\r\n<th class=\"hremuneracao\">Remunera\u00e7\u00e3o<\/th>\r\n<\/tr>\r\n<\/thead>\r\n    <tbody>\r\n      <tr>\r\n<td class=\"ccargos\">\r\n<span data-balloon-length=\"medium\" aria-label=\"Licenciatura Plena em M\u00fasica, ou especializa\u00e7\u00e3o na \u00e1rea e outro curso com habilita\u00e7\u00e3o legal para o exerc\u00edcio da doc\u00eancia na Educa\u00e7\u00e3o Infantil e no Ensino Fundamental Anos Iniciais (comprovada experi\u00eancia).\" data-balloon-pos=\"up\">Professor de Educa\u00e7\u00e3o Infantil e Ensino Fundamental Inicial Anos Iniciais (1\u00b0 ao 5\u00b0) \u2013 M\u00fasica<\/span><\/td>\r\n<td class=\"cvagas\">CR<\/td>\r\n<td class=\"cremuneracao\">R$ 5.032,00 \/40h<\/td>\r\n<\/tr><tr>\r\n<td class=\"ccargos\">\r\n<span data-balloon-length=\"medium\" aria-label=\"Licenciatura Plena em Pedagogia ou Pedagogia em regime especial, ou outro curso com habilita\u00e7\u00e3o legal para doc\u00eancia na Educa\u00e7\u00e3o Infantil e Ensino Fundamental. Necess\u00e1rio Certificado comprovando a profici\u00eancia em LIBRAS.\" data-balloon-pos=\"up\">Professor de Educa\u00e7\u00e3o Infantil e Ensino Fundamental Anos Iniciais (1\u00b0 ao 5\u00b0) e Ensino Fundamental Anos Finais (6\u00ba ao 9\u00ba ano) - Int\u00e9rprete de Libras<\/span><\/td>\r\n<td class=\"cvagas\">CR<\/td>\r\n<td class=\"cremuneracao\">R$ 5.032,00 \/40h<\/td>\r\n<\/tr><tr>\r\n<td class=\"ccargos\">\r\n<span data-balloon-length=\"medium\" aria-label=\"Licenciatura Plena em Pedagogia ou Pedagogia em regime especial, ou outro curso com habilita\u00e7\u00e3o legal para doc\u00eancia na Educa\u00e7\u00e3o Infantil e Ensino Fundamental. Necess\u00e1rio Certificado comprovando a profici\u00eancia em BRAILE.\" data-balloon-pos=\"up\">Professor de Educa\u00e7\u00e3o Infantil e Ensino Fundamental Inicial (1\u00b0 ao 5\u00b0) e Ensino Fundamental Anos Finais (6\u00b0 ao 9\u00ba ano) - Int\u00e9rprete em Braile<\/span><\/td>\r\n<td class=\"cvagas\">CR<\/td>\r\n<td class=\"cremuneracao\">R$ 5.032,00 \/40h<\/td>\r\n<\/tr><tr>\r\n<td class=\"ccargos\">\r\n<span data-balloon-length=\"medium\" aria-label=\"Licenciatura Plena em Matem\u00e1tica ou Licenciatura Plena em Curso de Forma\u00e7\u00e3o de Professores (Pedagogia) com habilita\u00e7\u00e3o para doc\u00eancia em Matem\u00e1tica (6\u00ba ao 9\u00ba).\" data-balloon-pos=\"up\">Professor de Ensino Fundamental Anos Finais (6\u00b0 ao 9\u00b0 ano) - Matem\u00e1tica<\/span><\/td>\r\n<td class=\"cvagas\">CR<\/td>\r\n<td class=\"cremuneracao\">R$ 5.032,00 \/40h<\/td>\r\n<\/tr><tr>\r\n<td class=\"ccargos\">\r\n<span data-balloon-length=\"medium\" aria-label=\"Licenciatura Plena em Letras com habilita\u00e7\u00e3o para o ensino de L\u00edngua Portuguesa ou Licenciatura Plena em Curso de Forma\u00e7\u00e3o de Professores (Pedagogia) com habilita\u00e7\u00e3o para doc\u00eancia em L\u00edngua Portuguesa (6\u00ba ao 9\u00ba).\" data-balloon-pos=\"up\">Professor de Ensino Fundamental Anos Finais (6\u00b0 ao 9\u00b0 ano) - L\u00edngua Portuguesa<\/span><\/td>\r\n<td class=\"cvagas\">CR<\/td>\r\n<td class=\"cremuneracao\">R$ 5.032,00 \/40h<\/td>\r\n<\/tr><tr>\r\n<td class=\"ccargos\">\r\n<span data-balloon-length=\"medium\" aria-label=\"Licenciatura Plena em Letras com habilita\u00e7\u00e3o para o ensino de L\u00edngua Inglesa ou Licenciatura Plena em Curso de Forma\u00e7\u00e3o de Professores (Pedagogia) com habilita\u00e7\u00e3o para doc\u00eancia em L\u00edngua Inglesa (6\u00ba ao 9\u00ba).\" data-balloon-pos=\"up\">Professor de Educa\u00e7\u00e3o Infantil e Ensino Fundamental Inicial (1\u00b0 ao 5\u00b0) e Ensino Fundamental Anos Finais ( 6\u00ba ao 9\u00ba ano) \u2013 L\u00edngua Inglesa<\/span><\/td>\r\n<td class=\"cvagas\">CR<\/td>\r\n<td class=\"cremuneracao\">R$ 5.032,00 \/40h<\/td>\r\n<\/tr><tr>\r\n<td class=\"ccargos\">\r\n<span data-balloon-length=\"medium\" aria-label=\"Licenciatura Plena em Educa\u00e7\u00e3o Art\u00edstica ou Licenciatura Plena em Arte -Educa\u00e7\u00e3o (em qualquer linguagem) ou Licenciatura Plena em Curso de Forma\u00e7\u00e3o de Professores (Pedagogia) com habilita\u00e7\u00e3o em Arte.\" data-balloon-pos=\"up\">Professor de Ensino Fundamental Anos Finais (6\u00b0 ao 9\u00b0 ano) - Artes<\/span><\/td>\r\n<td class=\"cvagas\">CR<\/td>\r\n<td class=\"cremuneracao\">R$ 5.032,00 \/40h<\/td>\r\n<\/tr><tr>\r\n<td class=\"ccargos\">\r\n<span data-balloon-length=\"medium\" aria-label=\"Licenciatura Plena em Geografia ou Estudos Sociais ou Licenciatura Plena em Curso de Forma\u00e7\u00e3o de Professores (Pedagogia) com habilita\u00e7\u00e3o para doc\u00eancia em Geografia (6\u00ba ao 9\u00ba).\" data-balloon-pos=\"up\">Professor de Ensino Fundamental Anos Finais (6\u00b0 ao 9\u00b0 ano) - Geografia<\/span><\/td>\r\n<td class=\"cvagas\">CR<\/td>\r\n<td class=\"cremuneracao\">R$ 5.032,00 \/40h<\/td>\r\n<\/tr><tr>\r\n<td class=\"ccargos\">\r\n<span data-balloon-length=\"medium\" aria-label=\"Licenciatura Plena em Hist\u00f3ria ou Estudos Sociais ou Licenciatura Plena em Curso de Forma\u00e7\u00e3o de Professores (Pedagogia) com habilita\u00e7\u00e3o para doc\u00eancia em Hist\u00f3ria (6\u00ba ao 9\u00ba).\" data-balloon-pos=\"up\">Professor de Ensino Fundamental Anos Finais (6\u00b0 ao 9\u00b0 ano) - Hist\u00f3ria<\/span><\/td>\r\n<td class=\"cvagas\">CR<\/td>\r\n<td class=\"cremuneracao\">R$ 5.032,00 \/40h<\/td>\r\n<\/tr><tr>\r\n<td class=\"ccargos\">\r\n<span data-balloon-length=\"medium\" aria-label=\"Licenciatura Plena em Ci\u00eancias, Ci\u00eancias Biol\u00f3gicas, F\u00edsica ou Qu\u00edmica, ou Licenciatura Plena em Curso de Forma\u00e7\u00e3o de Professores (Pedagogia) com habilita\u00e7\u00e3o para doc\u00eancia em Ci\u00eancias (6\u00ba ao 9\u00ba).\" data-balloon-pos=\"up\">Professor de Ensino Fundamental Anos Finais (6\u00b0 ao 9\u00b0 ano) \u2013 Ci\u00eancias<\/span><\/td>\r\n<td class=\"cvagas\">CR<\/td>\r\n<td class=\"cremuneracao\">R$ 5.032,00 \/40h<\/td>\r\n<\/tr><tr>\r\n<td class=\"ccargos\">\r\n<span data-balloon-length=\"medium\" aria-label=\"Licenciatura Plena em Educa\u00e7\u00e3o F\u00edsica e Registro no Conselho Profissional (CREF).\" data-balloon-pos=\"up\">Professor de Educa\u00e7\u00e3o Infantil e Ensino Fundamental Inicial (1\u00b0 ao 5\u00b0) e Ensino Fundamental Anos Finais ( 6\u00ba ao 9\u00ba ano) \u2013 Educa\u00e7\u00e3o F\u00edsica<\/span><\/td>\r\n<td class=\"cvagas\">CR<\/td>\r\n<td class=\"cremuneracao\">R$ 5.032,00 \/40h<\/td>\r\n<\/tr><tr>\r\n<td class=\"ccargos\">\r\n<span data-balloon-length=\"medium\" aria-label=\"Licenciatura Plena com habilita\u00e7\u00e3o legal para a doc\u00eancia na Educa\u00e7\u00e3o B\u00e1sica. Necess\u00e1rio Certifica\u00e7\u00e3o em cursos na \u00e1rea de no m\u00ednimo 120h.\" data-balloon-pos=\"up\">Professor de Inform\u00e1tica B\u00e1sica a Avan\u00e7ada (Hardware) - Inform\u00e1tica<\/span><\/td>\r\n<td class=\"cvagas\">CR<\/td>\r\n<td class=\"cremuneracao\">R$ 5.032,00 \/40h<\/td>\r\n<\/tr><tr>\r\n<td class=\"ccargos\">\r\n<span data-balloon-length=\"medium\" aria-label=\"Licenciatura Plena com habilita\u00e7\u00e3o legal para a doc\u00eancia na Educa\u00e7\u00e3o B\u00e1sica. Necess\u00e1rio Certifica\u00e7\u00e3o em cursos na \u00e1rea ou profici\u00eancia na l\u00edngua ou experi\u00eancia em sala de aula dentro da \u00e1rea.\" data-balloon-pos=\"up\">Professor de L\u00ednguas Estrangeiras - Italiano<\/span><\/td>\r\n<td class=\"cvagas\">CR<\/td>\r\n<td class=\"cremuneracao\">R$ 5.032,00 \/40h<\/td>\r\n<\/tr><tr>\r\n<td class=\"ccargos\">\r\n<span data-balloon-length=\"medium\" aria-label=\"Licenciatura Plena com habilita\u00e7\u00e3o legal para a doc\u00eancia na Educa\u00e7\u00e3o B\u00e1sica. Necess\u00e1rio Certifica\u00e7\u00e3o em cursos na \u00e1rea ou profici\u00eancia na l\u00edngua ou experi\u00eancia em sala de aula dentro da \u00e1rea.\" data-balloon-pos=\"up\">Professor de L\u00ednguas Estrangeiras - Espanhol<\/span><\/td>\r\n<td class=\"cvagas\">CR<\/td>\r\n<td class=\"cremuneracao\">R$ 5.032,00 \/40h<\/td>\r\n<\/tr><tr>\r\n<td class=\"ccargos\">\r\n<span data-balloon-length=\"medium\" aria-label=\"Licenciatura Plena com habilita\u00e7\u00e3o legal para a doc\u00eancia na Educa\u00e7\u00e3o B\u00e1sica. Necess\u00e1rio Certifica\u00e7\u00e3o em cursos na \u00e1rea ou profici\u00eancia na l\u00edngua ou experi\u00eancia em sala de aula dentro da \u00e1rea.\" data-balloon-pos=\"up\">Professor de L\u00ednguas Estrangeiras - Franc\u00eas<\/span><\/td>\r\n<td class=\"cvagas\">CR<\/td>\r\n<td class=\"cremuneracao\">R$ 5.032,00 \/40h<\/td>\r\n<\/tr><tr>\r\n<td class=\"ccargos\">\r\n<span data-balloon-length=\"medium\" aria-label=\"Licenciatura Plena em Pedagogia ou Licenciatura Plena em Pedagogia em regime especial.\" data-balloon-pos=\"up\">Professor de Educa\u00e7\u00e3o Infantil - Pedagogo (Polivalente)<\/span><\/td>\r\n<td class=\"cvagas\">CR<\/td>\r\n<td class=\"cremuneracao\">R$ 5.032,00 \/40h<\/td>\r\n<\/tr><tr>\r\n<td class=\"ccargos\">\r\n<span data-balloon-length=\"medium\" aria-label=\"Licenciatura Plena em Pedagogia ou Licenciatura Plena em Pedagogia em regime especial.\" data-balloon-pos=\"up\">Professor de Ensino Fundamental Anos Iniciais (1\u00ba ao 5\u00ba) - Pedagogo (Polivalente)<\/span><\/td>\r\n<td class=\"cvagas\">CR<\/td>\r\n<td class=\"cremuneracao\">R$ 5.032,00 \/40h<\/td>\r\n<\/tr><tr>\r\n<td class=\"ccargos\">\r\n<span data-balloon-length=\"medium\" aria-label=\"Licenciatura Plena em Pedagogia ou Licenciatura Plena em Pedagogia em regime especial.\" data-balloon-pos=\"up\">Professor de Educa\u00e7\u00e3o Infantil e Ensino Fundamental Anos Iniciais (1\u00b0 ao 5\u00b0) - Agente de Refor\u00e7o (Polivalente)<\/span><\/td>\r\n<td class=\"cvagas\">CR<\/td>\r\n<td class=\"cremuneracao\">R$ 5.032,00 \/40h<\/td>\r\n<\/tr><tr>\r\n<td class=\"ccargos\">\r\n<span data-balloon-length=\"medium\" aria-label=\"Licenciatura Plena em Letras (L\u00edngua Portuguesa) ou Licenciatura Plena em Curso de Forma\u00e7\u00e3o de Professores (Pedagogia) com habilita\u00e7\u00e3o para doc\u00eancia em L\u00edngua Portuguesa (6\u00ba ao 9\u00ba).\" data-balloon-pos=\"up\">Professor de Ensino Fundamental Anos Finais (6\u00b0 ao 9\u00b0) - Agente de Refor\u00e7o (L\u00edngua Portuguesa)<\/span><\/td>\r\n<td class=\"cvagas\">CR<\/td>\r\n<td class=\"cremuneracao\">R$ 5.032,00 \/40h<\/td>\r\n<\/tr><tr>\r\n<td class=\"ccargos\">\r\n<span data-balloon-length=\"medium\" aria-label=\"Licenciatura Plena em Matem\u00e1tica ou Licenciatura Plena em Curso de Forma\u00e7\u00e3o de Professores (Pedagogia) com habilita\u00e7\u00e3o para doc\u00eancia em Matem\u00e1tica (6\u00ba ao 9\u00ba).\" data-balloon-pos=\"up\">Professor de Ensino Fundamental Anos Finais (6\u00b0 ao 9\u00b0) - Agente de Refor\u00e7o (Matem\u00e1tica)<\/span><\/td>\r\n<td class=\"cvagas\">CR<\/td>\r\n<td class=\"cremuneracao\">R$ 5.032,00 \/40h<\/td>\r\n<\/tr><tr>\r\n<td class=\"ccargos\">\r\n<span data-balloon-length=\"medium\" aria-label=\"Licenciatura Plena em Pedagogia ou Licenciatura Plena em Pedagogia em regime especial, ou outro curso com habilita\u00e7\u00e3o legal. Necess\u00e1rio Certificado de Especializa\u00e7\u00e3o em Educa\u00e7\u00e3o Especial\/Inclusiva (m\u00ednimo 360h) ou Curso de Forma\u00e7\u00e3o Continuada (m\u00ednimo 180h).\" data-balloon-pos=\"up\">Professor de Educa\u00e7\u00e3o Infantil e Ensino Fundamental Anos Iniciais (1\u00b0 ao 5\u00b0) e Ensino Fundamental Anos Finais (6\u00b0 ao 9\u00ba ano) - AEE (Atendimento Educacional Especializado)<\/span><\/td>\r\n<td class=\"cvagas\">CR<\/td>\r\n<td class=\"cremuneracao\">R$ 5.032,00 \/40h<\/td>\r\n<\/tr>\r\n    <\/tbody>\r\n  <\/table>\r\n<\/div>"},"_links":{"self":[{"href":"https:\/\/www.agrobase.com.br\/concursos\/wp-json\/wp\/v2\/posts\/274062","targetHints":{"allow":["GET"]}}],"collection":[{"href":"https:\/\/www.agrobase.com.br\/concursos\/wp-json\/wp\/v2\/posts"}],"about":[{"href":"https:\/\/www.agrobase.com.br\/concursos\/wp-json\/wp\/v2\/types\/post"}],"author":[{"embeddable":true,"href":"https:\/\/www.agrobase.com.br\/concursos\/wp-json\/wp\/v2\/users\/7"}],"replies":[{"embeddable":true,"href":"https:\/\/www.agrobase.com.br\/concursos\/wp-json\/wp\/v2\/comments?post=274062"}],"version-history":[{"count":1,"href":"https:\/\/www.agrobase.com.br\/concursos\/wp-json\/wp\/v2\/posts\/274062\/revisions"}],"predecessor-version":[{"id":274064,"href":"https:\/\/www.agrobase.com.br\/concursos\/wp-json\/wp\/v2\/posts\/274062\/revisions\/274064"}],"wp:featuredmedia":[{"embeddable":true,"href":"https:\/\/www.agrobase.com.br\/concursos\/wp-json\/wp\/v2\/media\/274061"}],"wp:attachment":[{"href":"https:\/\/www.agrobase.com.br\/concursos\/wp-json\/wp\/v2\/media?parent=274062"}],"wp:term":[{"taxonomy":"category","embeddable":true,"href":"https:\/\/www.agrobase.com.br\/concursos\/wp-json\/wp\/v2\/categories?post=274062"},{"taxonomy":"post_tag","embeddable":true,"href":"https:\/\/www.agrobase.com.br\/concursos\/wp-json\/wp\/v2\/tags?post=274062"},{"taxonomy":"_amplo","embeddable":true,"href":"https:\/\/www.agrobase.com.br\/concursos\/wp-json\/wp\/v2\/_amplo?post=274062"},{"taxonomy":"destaque","embeddable":true,"href":"https:\/\/www.agrobase.com.br\/concursos\/wp-json\/wp\/v2\/destaque?post=274062"},{"taxonomy":"instituicoes","embeddable":true,"href":"https:\/\/www.agrobase.com.br\/concursos\/wp-json\/wp\/v2\/instituicoes?post=274062"}],"curies":[{"name":"wp","href":"https:\/\/api.w.org\/{rel}","templated":true}]}}