{"id":274056,"date":"2025-11-21T07:40:23","date_gmt":"2025-11-21T10:40:23","guid":{"rendered":"https:\/\/www.agrobase.com.br\/concursos\/?p=274056"},"modified":"2025-11-19T14:00:25","modified_gmt":"2025-11-19T17:00:25","slug":"prefeitura-saudades-sc-concurso-23-2025","status":"publish","type":"post","link":"https:\/\/www.agrobase.com.br\/concursos\/2025\/prefeitura-saudades-sc-concurso-23-2025\/","title":{"rendered":"Prefeitura Saudades (SC) &#8211; Concurso 23\/2025"},"content":{"rendered":"<h2>Informa\u00e7\u00f5es Gerais<\/h2>\n<p>O Concurso P\u00fablico do Munic\u00edpio de Saudades, em Santa Catarina, regido pelo Edital do Concurso P\u00fablico Saudades 2025, est\u00e1 com inscri\u00e7\u00f5es abertas para provimento de <strong>60 vagas imediatas mais cadastro de reserva<\/strong> em diversos cargos do quadro permanente. A organiza\u00e7\u00e3o e execu\u00e7\u00e3o do certame est\u00e3o a cargo da Funda\u00e7\u00e3o Universit\u00e1ria do Desenvolvimento do Oeste (FUNDESTE), em parceria com a ACAFE.<\/p>\n<p>O objetivo do concurso \u00e9 selecionar candidatos para preenchimento de vagas existentes e forma\u00e7\u00e3o de cadastro de reserva, com possibilidade de novas convoca\u00e7\u00f5es durante o prazo de validade de 2 anos, prorrog\u00e1vel por igual per\u00edodo, conforme a necessidade do Munic\u00edpio. Os aprovados ser\u00e3o regidos pelo <strong>Estatuto dos Servidores P\u00fablicos Municipais de Saudades<\/strong> e legisla\u00e7\u00f5es complementares, em regime jur\u00eddico estatut\u00e1rio.<\/p>\n<p>O edital contempla oportunidades para <strong>n\u00edveis fundamental (alfabetizado e completo), m\u00e9dio\/t\u00e9cnico e superior<\/strong>, com remunera\u00e7\u00f5es iniciais entre <strong>R$ 2.012,44 e R$ 20.524,40<\/strong>. H\u00e1 vagas em \u00e1reas administrativas, educa\u00e7\u00e3o, sa\u00fade (incluindo enfermagem, medicina, odontologia, psicologia, fonoaudiologia, terapia ocupacional, agentes de sa\u00fade), assist\u00eancia social e infraestrutura (motorista, operador de m\u00e1quinas, pedreiro, manuten\u00e7\u00e3o, servi\u00e7os gerais), entre outras.<\/p>\n<p>Se voc\u00ea busca estabilidade no servi\u00e7o p\u00fablico municipal e carreira em Saudades-SC, continue a leitura para conferir como se inscrever, as etapas do concurso e como acompanhar os resultados.<\/p>\n<h2>Inscri\u00e7\u00f5es<\/h2>\n<p>As inscri\u00e7\u00f5es para o Concurso P\u00fablico do Munic\u00edpio de Saudades-SC ser\u00e3o realizadas <strong>exclusivamente pela internet<\/strong>, no site da banca organizadora, no endere\u00e7o <a href=\"http:\/\/acafe.org.br\/uno\/concurso-saudades-2025\" target=\"_blank\" rel=\"noopener\">http:\/\/acafe.org.br\/uno\/concurso-saudades-2025<\/a>. O per\u00edodo de inscri\u00e7\u00f5es vai de <strong>31 de outubro de 2025 at\u00e9 26 de novembro de 2025<\/strong>, dentro do prazo e hor\u00e1rios estabelecidos no edital.<\/p>\n<p>O candidato poder\u00e1 se inscrever em at\u00e9 <strong>dois cargos<\/strong>, desde que as provas sejam em turnos diferentes, emitindo e pagando um boleto para cada inscri\u00e7\u00e3o. Os valores das taxas s\u00e3o definidos por n\u00edvel de escolaridade:<\/p>\n<ul>\n<li><strong>N\u00edvel Fundamental\/Alfabetizado:<\/strong> R$ 100,00<\/li>\n<li><strong>N\u00edvel M\u00e9dio\/T\u00e9cnico:<\/strong> R$ 150,00<\/li>\n<li><strong>N\u00edvel Superior:<\/strong> R$ 200,00<\/li>\n<\/ul>\n<p>Para se inscrever, \u00e9 obrigat\u00f3rio informar o <strong>CPF do pr\u00f3prio candidato<\/strong>, preencher o Requerimento de Inscri\u00e7\u00e3o no site, cadastrar uma senha para acesso \u00e0 \u00c1rea do Candidato e enviar o formul\u00e1rio. Em seguida, o sistema enviar\u00e1 um comprovante por e-mail, mas a inscri\u00e7\u00e3o s\u00f3 ser\u00e1 efetivada ap\u00f3s o <strong>pagamento do boleto banc\u00e1rio<\/strong>, dispon\u00edvel na \u00e1rea do candidato.<\/p>\n<p>O pagamento da taxa dever\u00e1 ser realizado, impreterivelmente, at\u00e9 <strong>27 de novembro de 2025<\/strong>, em qualquer ag\u00eancia banc\u00e1ria, canais de autoatendimento ou internet banking, respeitando os hor\u00e1rios dos bancos. Pagamentos agendados, em valor inferior ou n\u00e3o compensados at\u00e9 essa data <strong>n\u00e3o ser\u00e3o considerados<\/strong>, acarretando o cancelamento autom\u00e1tico da inscri\u00e7\u00e3o.<\/p>\n<p>O edital prev\u00ea a possibilidade de <strong>isen\u00e7\u00e3o da taxa de inscri\u00e7\u00e3o<\/strong>, conforme crit\u00e9rios espec\u00edficos descritos no item 3.18 do edital. O candidato interessado deve manifestar essa inten\u00e7\u00e3o no ato da inscri\u00e7\u00e3o, seguindo rigorosamente os prazos e procedimentos indicados no documento oficial.<\/p>\n<p>\u00c9 responsabilidade do candidato acompanhar, na <strong>\u00c1rea do Candidato<\/strong>, a situa\u00e7\u00e3o da inscri\u00e7\u00e3o, a emiss\u00e3o do boleto, eventuais comunica\u00e7\u00f5es da banca e a homologa\u00e7\u00e3o das inscri\u00e7\u00f5es. Antes de concluir sua participa\u00e7\u00e3o, recomenda-se fortemente a leitura atenta do edital completo, dispon\u00edvel no site da organizadora.<\/p>\n<h2>Etapas e Provas<\/h2>\n<p>O Concurso P\u00fablico de Saudades-SC ser\u00e1 composto por at\u00e9 tr\u00eas etapas, conforme o cargo pretendido:<\/p>\n<ul>\n<li><strong>Prova Objetiva<\/strong> (todos os cargos)<\/li>\n<li><strong>Prova de T\u00edtulos<\/strong> (cargos de magist\u00e9rio e Psic\u00f3logo da Secretaria de Educa\u00e7\u00e3o)<\/li>\n<li><strong>Prova Pr\u00e1tica<\/strong> (cargos operacionais espec\u00edficos)<\/li>\n<\/ul>\n<p>A <strong>Prova Objetiva<\/strong>, de m\u00faltipla escolha, ter\u00e1 <strong>40 quest\u00f5es<\/strong> com alternativas de A a D, sendo apenas uma correta, e ser\u00e1 de car\u00e1ter <strong>eliminat\u00f3rio e classificat\u00f3rio<\/strong> para todos os cargos. A aplica\u00e7\u00e3o est\u00e1 prevista para <strong>14 de dezembro de 2025<\/strong>, no munic\u00edpio de Saudades-SC, em turnos matutino e vespertino, conforme o cargo. A dura\u00e7\u00e3o ser\u00e1 de <strong>4 horas<\/strong>, com hor\u00e1rios detalhados no edital. Para ser aprovado, o candidato dever\u00e1 obter <strong>nota m\u00ednima de 5,0<\/strong>. Quem n\u00e3o atingir essa pontua\u00e7\u00e3o ser\u00e1 eliminado.<\/p>\n<p>As provas objetivas contemplam, de forma geral, disciplinas como <em>L\u00edngua Portuguesa, Matem\u00e1tica, Conhecimentos Gerais e Atualidades, No\u00e7\u00f5es de Inform\u00e1tica e Conhecimentos Espec\u00edficos<\/em>, variando conforme o cargo e o n\u00edvel de escolaridade, conforme o conte\u00fado program\u00e1tico do Anexo I do edital.<\/p>\n<p>A <strong>Prova de T\u00edtulos<\/strong>, de car\u00e1ter <strong>classificat\u00f3rio<\/strong>, ser\u00e1 aplicada apenas para os cargos de <strong>Orientador Escolar, Professores (Artes, Educa\u00e7\u00e3o F\u00edsica, Pedagogia\/Educa\u00e7\u00e3o Infantil e Anos Iniciais) e Psic\u00f3logo da Secretaria de Educa\u00e7\u00e3o<\/strong>. Ser\u00e3o considerados exclusivamente t\u00edtulos de <strong>p\u00f3s-gradua\u00e7\u00e3o lato sensu (especializa\u00e7\u00e3o, com hist\u00f3rico), mestrado e doutorado<\/strong> na \u00e1rea de conhecimento exigida para o cargo. Somente poder\u00e3o anexar t\u00edtulos os candidatos aprovados na Prova Objetiva com nota m\u00ednima de 5,0. O envio dos documentos digitalizados em PDF dever\u00e1 ser feito na \u00e1rea do candidato, no site da banca, entre <strong>02 e 05 de janeiro de 2026<\/strong>.<\/p>\n<p>A <strong>Prova Pr\u00e1tica<\/strong>, de car\u00e1ter <strong>eliminat\u00f3rio e classificat\u00f3rio<\/strong>, ser\u00e1 aplicada aos cargos de <strong>Agente de Manuten\u00e7\u00e3o e Conserva\u00e7\u00e3o, Motorista, Operador de M\u00e1quinas, Operador de M\u00e1quinas \u2013 Britador e Pedreiro<\/strong>. A aplica\u00e7\u00e3o est\u00e1 prevista para <strong>04 de janeiro de 2026<\/strong>, em locais e hor\u00e1rios a serem divulgados em <strong>02 de janeiro de 2026<\/strong>. Ser\u00e3o convocados para essa etapa apenas os candidatos melhor classificados na Prova Objetiva, at\u00e9 o <strong>20\u00ba colocado<\/strong> em cada um desses cargos. Ser\u00e1 considerado aprovado na prova pr\u00e1tica o candidato que obtiver <strong>nota igual ou superior a 5,0<\/strong>; quem n\u00e3o atingir essa nota, ou n\u00e3o for convocado para a etapa, ser\u00e1 eliminado.<\/p>\n<p>Os detalhes sobre conte\u00fados cobrados, crit\u00e9rios de corre\u00e7\u00e3o, pontua\u00e7\u00e3o da prova de t\u00edtulos, regras de realiza\u00e7\u00e3o das provas e demais orienta\u00e7\u00f5es constam integralmente no edital, cuja leitura completa \u00e9 indispens\u00e1vel para o planejamento de estudos e para evitar desclassifica\u00e7\u00f5es por descumprimento de normas.<\/p>\n<h2>Resultados e Gabarito<\/h2>\n<p>O concurso de Saudades-SC possui cronograma detalhado para divulga\u00e7\u00e3o de gabaritos, notas e resultados. As <strong>quest\u00f5es da prova e os gabaritos preliminares<\/strong> da Prova Objetiva ser\u00e3o publicados em <strong>15 de dezembro de 2025<\/strong> nos sites <a href=\"https:\/\/www.unochapeco.edu.br\/publicacoes\" target=\"_blank\" rel=\"noopener\">https:\/\/www.unochapeco.edu.br\/publicacoes<\/a> (aba Concursos) e <a href=\"http:\/\/acafe.org.br\/uno\/concurso-saudades-2025\" target=\"_blank\" rel=\"noopener\">http:\/\/acafe.org.br\/uno\/concurso-saudades-2025<\/a>. O <strong>espelho do cart\u00e3o-resposta<\/strong> ser\u00e1 disponibilizado ao candidato em <strong>17 de dezembro de 2025<\/strong>, na \u00e1rea do candidato.<\/p>\n<p>Os recursos contra as quest\u00f5es e o gabarito preliminar poder\u00e3o ser interpostos at\u00e9 <strong>18 de dezembro de 2025<\/strong>, exclusivamente pelo sistema eletr\u00f4nico de recursos na \u00e1rea do candidato. Ap\u00f3s an\u00e1lise, o <strong>resultado dos recursos, os gabaritos definitivos e a nota preliminar da prova objetiva<\/strong> ser\u00e3o divulgados em <strong>26 de dezembro de 2025<\/strong>, nos sites da UNOCHAPEC\u00d3, da Prefeitura de Saudades e no Di\u00e1rio Oficial dos Munic\u00edpios de Santa Catarina (DOM\/SC). Contra as <strong>notas preliminares<\/strong> da prova objetiva, caber\u00e1 recurso at\u00e9 <strong>29 de dezembro de 2025<\/strong>, tamb\u00e9m pela \u00e1rea do candidato. O resultado desses recursos e a <strong>nota oficial da prova objetiva<\/strong> ser\u00e3o publicados em <strong>02 de janeiro de 2026<\/strong>.<\/p>\n<p>A <strong>homologa\u00e7\u00e3o final das inscri\u00e7\u00f5es deferidas<\/strong>, incluindo a rela\u00e7\u00e3o de candidatos com defici\u00eancia e o ensalamento, ser\u00e1 divulgada a partir de <strong>11 de dezembro de 2025<\/strong>, nos sites oficiais da banca. J\u00e1 o <strong>resultado final preliminar e a classifica\u00e7\u00e3o provis\u00f3ria<\/strong> do concurso est\u00e3o previstos para <strong>14 de janeiro de 2026<\/strong>. Os candidatos poder\u00e3o apresentar recursos contra essa classifica\u00e7\u00e3o preliminar em <strong>15 de janeiro de 2026<\/strong>.<\/p>\n<p>Ap\u00f3s a an\u00e1lise dos recursos, ser\u00e1 publicada, em <strong>19 de janeiro de 2026<\/strong>, a <strong>decis\u00e3o dos recursos, o resultado final e a homologa\u00e7\u00e3o do concurso p\u00fablico<\/strong>, em lista geral, com a classifica\u00e7\u00e3o definitiva de todos os candidatos habilitados. A nota final ser\u00e1 calculada conforme a combina\u00e7\u00e3o de etapas: apenas Prova Objetiva para a maioria dos cargos; Prova Objetiva + T\u00edtulos (com peso de 90% para a objetiva) para cargos de magist\u00e9rio e Psic\u00f3logo da Secretaria de Educa\u00e7\u00e3o; e Prova Objetiva + Prova Pr\u00e1tica (40% e 60%, respectivamente) para cargos operacionais.<\/p>\n<p>Em caso de empate na classifica\u00e7\u00e3o final, ser\u00e3o aplicados, sucessivamente, crit\u00e9rios como: maior idade para candidatos com 60 anos ou mais (Estatuto do Idoso), maior pontua\u00e7\u00e3o em Conhecimentos Espec\u00edficos, L\u00edngua Portuguesa, Matem\u00e1tica, Conhecimentos Gerais e Atualidades, No\u00e7\u00f5es de Inform\u00e1tica, maior idade, exerc\u00edcio da fun\u00e7\u00e3o de jurado e, por fim, sorteio p\u00fablico.<\/p>\n<p>Ap\u00f3s a homologa\u00e7\u00e3o, o Munic\u00edpio de Saudades-SC poder\u00e1 iniciar as <strong>convoca\u00e7\u00f5es dos aprovados<\/strong>, dentro do n\u00famero de vagas e da validade do concurso, por meio de atos oficiais publicados no site da Prefeitura, no site da banca e no Di\u00e1rio Oficial dos Munic\u00edpios de Santa Catarina. \u00c9 responsabilidade exclusiva do candidato acompanhar todas as publica\u00e7\u00f5es oficiais, prazos de recursos, resultados e convoca\u00e7\u00f5es, n\u00e3o podendo alegar desconhecimento das informa\u00e7\u00f5es divulgadas.<\/p>\n","protected":false},"excerpt":{"rendered":"<p>Concurso Pref. Saudades (SC) com edital publicado! Vagas p\/ Agente Educativo e M\u00e9dico (Fund. a Sup.). Inscri\u00e7\u00f5es a partir de 31\/10. Confira detalhes!<\/p>\n","protected":false},"author":7,"featured_media":274055,"comment_status":"open","ping_status":"open","sticky":false,"template":"","format":"standard","meta":{"_acf_changed":false,"_breakdance_hide_in_design_set":false,"_breakdance_tags":"","footnotes":""},"categories":[141,6434,12,14,19,21,24,25,26,108,130,134],"tags":[61],"_amplo":[],"destaque":[],"instituicoes":[],"class_list":["post-274056","post","type-post","status-publish","format-standard","has-post-thumbnail","hentry","category-educacao-artistica","category-educacao-fisica-licenciatura","category-enfermagem","category-engenharia","category-fonoaudiologia","category-medicina","category-odontologia","category-pedagogia","category-psicologia","category-tecnico-enfermagem","category-tecnico-informatica","category-terapia-ocupacional","tag-santa-catarina"],"acf":{"_tipo_vagas":"vagas","_numero_vagas":"","_quadro_vagas":"","_cargos":"diversos","_cargos_especificos":"","_salario_max":"R$ 20524.4","_abertura":"20251031","_encerramento":"20251126","_inscricoes":"http:\/\/acafe.org.br\/uno\/concurso-saudades-2025","_executora_concurso":"","_instituicao_concurso":[],"_link_adicional":null,"_anexos":null,"_produtos":null,"_vagas":"60 vagas + CR","_salario_min":"R$ 2012.44","_instituicao":"Prefeitura de Saudades","_edital":"https:\/\/www.agrobase.com.br\/concursos\/wp-content\/uploads\/sites\/4\/2025\/11\/edital-23-2025-prefeitura-de-saudades-sc.pdf","_anexos_edital":"https:\/\/www.agrobase.com.br\/concursos\/wp-content\/uploads\/sites\/4\/2025\/11\/anexos-edital-23-2025-prefeitura-de-saudades-sc.pdf","_fund_incompleto":"<div>\r\n<table class=\"quadro\">\r\n<thead>\r\n<tr>\r\n<th class=\"hcargo\">Cargo<\/th>\r\n<th class=\"hvagas\">Vagas<\/th>\r\n<th class=\"hremuneracao\">Remunera\u00e7\u00e3o<\/th>\r\n<\/tr>\r\n<\/thead>\r\n    <tbody>\r\n      <td class=\"ccargos\">\r\n<span data-balloon-length=\"medium\" aria-label=\"Alfabetizado\" data-balloon-pos=\"up\">Agente de Manuten\u00e7\u00e3o e Conserva\u00e7\u00e3o<\/span><\/td>\r\n<td class=\"cvagas\">1 + CR<\/td>\r\n<td class=\"cremuneracao\">R$ 2.325,48 \/40h<\/td>\r\n<\/tr><td class=\"ccargos\">\r\n<span data-balloon-length=\"medium\" aria-label=\"Alfabetizado\" data-balloon-pos=\"up\">Auxiliar em Servi\u00e7os Gerais<\/span><\/td>\r\n<td class=\"cvagas\">6 + CR<\/td>\r\n<td class=\"cremuneracao\">R$ 2.012,44 \/40h<\/td>\r\n<\/tr><td class=\"ccargos\">\r\n<span data-balloon-length=\"medium\" aria-label=\"Alfabetizado\" data-balloon-pos=\"up\">Merendeira<\/span><\/td>\r\n<td class=\"cvagas\">2 + CR<\/td>\r\n<td class=\"cremuneracao\">R$ 2.012,44 \/40h<\/td>\r\n<\/tr><td class=\"ccargos\">\r\n<span data-balloon-length=\"medium\" aria-label=\"Alfabetizado; Carteira Nacional de Habilita\u00e7\u00e3o Categoria D\" data-balloon-pos=\"up\">Motorista<\/span><\/td>\r\n<td class=\"cvagas\">1 + CR<\/td>\r\n<td class=\"cremuneracao\">R$ 2.818,79 \/40h<\/td>\r\n<\/tr><td class=\"ccargos\">\r\n<span data-balloon-length=\"medium\" aria-label=\"Alfabetizado; Carteira Nacional de Habilita\u00e7\u00e3o Categoria C\" data-balloon-pos=\"up\">Operador de M\u00e1quinas<\/span><\/td>\r\n<td class=\"cvagas\">1 + CR<\/td>\r\n<td class=\"cremuneracao\">R$ 3.476,55 \/40h<\/td>\r\n<\/tr>\r\n    <\/tbody>\r\n  <\/table>\r\n<\/div>","_fund_completo":"<div>\r\n<table class=\"quadro\">\r\n<thead>\r\n<tr>\r\n<th class=\"hcargo\">Cargo<\/th>\r\n<th class=\"hvagas\">Vagas<\/th>\r\n<th class=\"hremuneracao\">Remunera\u00e7\u00e3o<\/th>\r\n<\/tr>\r\n<\/thead>\r\n    <tbody>\r\n      <td class=\"ccargos\">\r\n<span data-balloon-length=\"medium\" aria-label=\"Ensino Fundamental; Carteira Nacional de Habilita\u00e7\u00e3o Categoria C\" data-balloon-pos=\"up\">Operador de M\u00e1quinas - Britador<\/span><\/td>\r\n<td class=\"cvagas\">1 + CR<\/td>\r\n<td class=\"cremuneracao\">R$ 3.100,73 \/40h<\/td>\r\n<\/tr><td class=\"ccargos\">\r\n<span data-balloon-length=\"medium\" aria-label=\"Ensino Fundamental\" data-balloon-pos=\"up\">Pedreiro<\/span><\/td>\r\n<td class=\"cvagas\">1 + CR<\/td>\r\n<td class=\"cremuneracao\">R$ 4.112,86 \/40h<\/td>\r\n<\/tr>\r\n    <\/tbody>\r\n  <\/table>\r\n<\/div>","_medio":"<div>\r\n<table class=\"quadro\">\r\n<thead>\r\n<tr>\r\n<th class=\"hcargo\">Cargo<\/th>\r\n<th class=\"hvagas\">Vagas<\/th>\r\n<th class=\"hremuneracao\">Remunera\u00e7\u00e3o<\/th>\r\n<\/tr>\r\n<\/thead>\r\n    <tbody>\r\n      <td class=\"ccargos\">\r\n<span data-balloon-length=\"medium\" aria-label=\"Ensino M\u00e9dio; Residir na micro\u00e1rea 1\" data-balloon-pos=\"up\">Agente Comunit\u00e1rio de Sa\u00fade - Micro\u00e1rea 1<\/span><\/td>\r\n<td class=\"cvagas\">CR<\/td>\r\n<td class=\"cremuneracao\">R$ 3.036,00 \/40h<\/td>\r\n<\/tr><td class=\"ccargos\">\r\n<span data-balloon-length=\"medium\" aria-label=\"Ensino M\u00e9dio; Residir na micro\u00e1rea 2\" data-balloon-pos=\"up\">Agente Comunit\u00e1rio de Sa\u00fade - Micro\u00e1rea 2<\/span><\/td>\r\n<td class=\"cvagas\">CR<\/td>\r\n<td class=\"cremuneracao\">R$ 3.036,00 \/40h<\/td>\r\n<\/tr><td class=\"ccargos\">\r\n<span data-balloon-length=\"medium\" aria-label=\"Ensino M\u00e9dio; Residir na micro\u00e1rea 3\" data-balloon-pos=\"up\">Agente Comunit\u00e1rio de Sa\u00fade - Micro\u00e1rea 3<\/span><\/td>\r\n<td class=\"cvagas\">1 + CR<\/td>\r\n<td class=\"cremuneracao\">R$ 3.036,00 \/40h<\/td>\r\n<\/tr><td class=\"ccargos\">\r\n<span data-balloon-length=\"medium\" aria-label=\"Ensino M\u00e9dio; Residir na micro\u00e1rea 4\" data-balloon-pos=\"up\">Agente Comunit\u00e1rio de Sa\u00fade - Micro\u00e1rea 4<\/span><\/td>\r\n<td class=\"cvagas\">CR<\/td>\r\n<td class=\"cremuneracao\">R$ 3.036,00 \/40h<\/td>\r\n<\/tr><td class=\"ccargos\">\r\n<span data-balloon-length=\"medium\" aria-label=\"Ensino M\u00e9dio; Residir na micro\u00e1rea 5\" data-balloon-pos=\"up\">Agente Comunit\u00e1rio de Sa\u00fade - Micro\u00e1rea 5<\/span><\/td>\r\n<td class=\"cvagas\">CR<\/td>\r\n<td class=\"cremuneracao\">R$ 3.036,00 \/40h<\/td>\r\n<\/tr><td class=\"ccargos\">\r\n<span data-balloon-length=\"medium\" aria-label=\"Ensino M\u00e9dio; Residir na micro\u00e1rea 6\" data-balloon-pos=\"up\">Agente Comunit\u00e1rio de Sa\u00fade - Micro\u00e1rea 6<\/span><\/td>\r\n<td class=\"cvagas\">1 + CR<\/td>\r\n<td class=\"cremuneracao\">R$ 3.036,00 \/40h<\/td>\r\n<\/tr><td class=\"ccargos\">\r\n<span data-balloon-length=\"medium\" aria-label=\"Ensino M\u00e9dio; Residir na micro\u00e1rea 7\" data-balloon-pos=\"up\">Agente Comunit\u00e1rio de Sa\u00fade - Micro\u00e1rea 7<\/span><\/td>\r\n<td class=\"cvagas\">1 + CR<\/td>\r\n<td class=\"cremuneracao\">R$ 3.036,00 \/40h<\/td>\r\n<\/tr><td class=\"ccargos\">\r\n<span data-balloon-length=\"medium\" aria-label=\"Ensino M\u00e9dio; Residir na micro\u00e1rea 8\" data-balloon-pos=\"up\">Agente Comunit\u00e1rio de Sa\u00fade - Micro\u00e1rea 8<\/span><\/td>\r\n<td class=\"cvagas\">CR<\/td>\r\n<td class=\"cremuneracao\">R$ 3.036,00 \/40h<\/td>\r\n<\/tr><td class=\"ccargos\">\r\n<span data-balloon-length=\"medium\" aria-label=\"Ensino M\u00e9dio; Residir na micro\u00e1rea 9\" data-balloon-pos=\"up\">Agente Comunit\u00e1rio de Sa\u00fade - Micro\u00e1rea 9<\/span><\/td>\r\n<td class=\"cvagas\">CR<\/td>\r\n<td class=\"cremuneracao\">R$ 3.036,00 \/40h<\/td>\r\n<\/tr><td class=\"ccargos\">\r\n<span data-balloon-length=\"medium\" aria-label=\"Ensino M\u00e9dio; Residir na micro\u00e1rea 10\" data-balloon-pos=\"up\">Agente Comunit\u00e1rio de Sa\u00fade - Micro\u00e1rea 10<\/span><\/td>\r\n<td class=\"cvagas\">CR<\/td>\r\n<td class=\"cremuneracao\">R$ 3.036,00 \/40h<\/td>\r\n<\/tr><td class=\"ccargos\">\r\n<span data-balloon-length=\"medium\" aria-label=\"Ensino M\u00e9dio; Residir na micro\u00e1rea 11\" data-balloon-pos=\"up\">Agente Comunit\u00e1rio de Sa\u00fade - Micro\u00e1rea 11<\/span><\/td>\r\n<td class=\"cvagas\">CR<\/td>\r\n<td class=\"cremuneracao\">R$ 3.036,00 \/40h<\/td>\r\n<\/tr><td class=\"ccargos\">\r\n<span data-balloon-length=\"medium\" aria-label=\"Ensino M\u00e9dio; Residir na micro\u00e1rea 12\" data-balloon-pos=\"up\">Agente Comunit\u00e1rio de Sa\u00fade - Micro\u00e1rea 12<\/span><\/td>\r\n<td class=\"cvagas\">CR<\/td>\r\n<td class=\"cremuneracao\">R$ 3.036,00 \/40h<\/td>\r\n<\/tr><td class=\"ccargos\">\r\n<span data-balloon-length=\"medium\" aria-label=\"Ensino M\u00e9dio; Residir na micro\u00e1rea 13\" data-balloon-pos=\"up\">Agente Comunit\u00e1rio de Sa\u00fade - Micro\u00e1rea 13<\/span><\/td>\r\n<td class=\"cvagas\">CR<\/td>\r\n<td class=\"cremuneracao\">R$ 3.036,00 \/40h<\/td>\r\n<\/tr><td class=\"ccargos\">\r\n<span data-balloon-length=\"medium\" aria-label=\"Ensino M\u00e9dio; Residir na micro\u00e1rea 14\" data-balloon-pos=\"up\">Agente Comunit\u00e1rio de Sa\u00fade - Micro\u00e1rea 14<\/span><\/td>\r\n<td class=\"cvagas\">CR<\/td>\r\n<td class=\"cremuneracao\">R$ 3.036,00 \/40h<\/td>\r\n<\/tr><td class=\"ccargos\">\r\n<span data-balloon-length=\"medium\" aria-label=\"Ensino M\u00e9dio; Residir na micro\u00e1rea 15\" data-balloon-pos=\"up\">Agente Comunit\u00e1rio de Sa\u00fade - Micro\u00e1rea 15<\/span><\/td>\r\n<td class=\"cvagas\">CR<\/td>\r\n<td class=\"cremuneracao\">R$ 3.036,00 \/40h<\/td>\r\n<\/tr><td class=\"ccargos\">\r\n<span data-balloon-length=\"medium\" aria-label=\"Ensino M\u00e9dio; Residir na micro\u00e1rea 16\" data-balloon-pos=\"up\">Agente Comunit\u00e1rio de Sa\u00fade - Micro\u00e1rea 16<\/span><\/td>\r\n<td class=\"cvagas\">CR<\/td>\r\n<td class=\"cremuneracao\">R$ 3.036,00 \/40h<\/td>\r\n<\/tr><td class=\"ccargos\">\r\n<span data-balloon-length=\"medium\" aria-label=\"Ensino M\u00e9dio; Residir na micro\u00e1rea 17\" data-balloon-pos=\"up\">Agente Comunit\u00e1rio de Sa\u00fade - Micro\u00e1rea 17<\/span><\/td>\r\n<td class=\"cvagas\">1 + CR<\/td>\r\n<td class=\"cremuneracao\">R$ 3.036,00 \/40h<\/td>\r\n<\/tr><td class=\"ccargos\">\r\n<span data-balloon-length=\"medium\" aria-label=\"Ensino M\u00e9dio; Residir na micro\u00e1rea 18\" data-balloon-pos=\"up\">Agente Comunit\u00e1rio de Sa\u00fade - Micro\u00e1rea 18<\/span><\/td>\r\n<td class=\"cvagas\">CR<\/td>\r\n<td class=\"cremuneracao\">R$ 3.036,00 \/40h<\/td>\r\n<\/tr><td class=\"ccargos\">\r\n<span data-balloon-length=\"medium\" aria-label=\"Ensino M\u00e9dio; Residir na micro\u00e1rea 19\" data-balloon-pos=\"up\">Agente Comunit\u00e1rio de Sa\u00fade - Micro\u00e1rea 19<\/span><\/td>\r\n<td class=\"cvagas\">1 + CR<\/td>\r\n<td class=\"cremuneracao\">R$ 3.036,00 \/40h<\/td>\r\n<\/tr><td class=\"ccargos\">\r\n<span data-balloon-length=\"medium\" aria-label=\"Ensino M\u00e9dio; Residir na micro\u00e1rea 20\" data-balloon-pos=\"up\">Agente Comunit\u00e1rio de Sa\u00fade - Micro\u00e1rea 20<\/span><\/td>\r\n<td class=\"cvagas\">CR<\/td>\r\n<td class=\"cremuneracao\">R$ 3.036,00 \/40h<\/td>\r\n<\/tr><td class=\"ccargos\">\r\n<span data-balloon-length=\"medium\" aria-label=\"Ensino M\u00e9dio; Residir na micro\u00e1rea 21\" data-balloon-pos=\"up\">Agente Comunit\u00e1rio de Sa\u00fade - Micro\u00e1rea 21<\/span><\/td>\r\n<td class=\"cvagas\">CR<\/td>\r\n<td class=\"cremuneracao\">R$ 3.036,00 \/40h<\/td>\r\n<\/tr><td class=\"ccargos\">\r\n<span data-balloon-length=\"medium\" aria-label=\"Ensino M\u00e9dio; Residir na micro\u00e1rea 22\" data-balloon-pos=\"up\">Agente Comunit\u00e1rio de Sa\u00fade - Micro\u00e1rea 22<\/span><\/td>\r\n<td class=\"cvagas\">1 + CR<\/td>\r\n<td class=\"cremuneracao\">R$ 3.036,00 \/40h<\/td>\r\n<\/tr><td class=\"ccargos\">\r\n<span data-balloon-length=\"medium\" aria-label=\"Ensino M\u00e9dio; Residir na micro\u00e1rea 23\" data-balloon-pos=\"up\">Agente Comunit\u00e1rio de Sa\u00fade - Micro\u00e1rea 23<\/span><\/td>\r\n<td class=\"cvagas\">CR<\/td>\r\n<td class=\"cremuneracao\">R$ 3.036,00 \/40h<\/td>\r\n<\/tr><td class=\"ccargos\">\r\n<span data-balloon-length=\"medium\" aria-label=\"Ensino M\u00e9dio\" data-balloon-pos=\"up\">Agente de Combate \u00e0s Endemias<\/span><\/td>\r\n<td class=\"cvagas\">1 + CR<\/td>\r\n<td class=\"cremuneracao\">R$ 3.036,00 \/40h<\/td>\r\n<\/tr><td class=\"ccargos\">\r\n<span data-balloon-length=\"medium\" aria-label=\"Ensino M\u00e9dio\" data-balloon-pos=\"up\">Assistente de Educa\u00e7\u00e3o<\/span><\/td>\r\n<td class=\"cvagas\">1 + CR<\/td>\r\n<td class=\"cremuneracao\">R$ 2.959,55 \/40h<\/td>\r\n<\/tr><td class=\"ccargos\">\r\n<span data-balloon-length=\"medium\" aria-label=\"Ensino M\u00e9dio\" data-balloon-pos=\"up\">Auxiliar Administrativo<\/span><\/td>\r\n<td class=\"cvagas\">2 + CR<\/td>\r\n<td class=\"cremuneracao\">R$ 3.100,73 \/40h<\/td>\r\n<\/tr><td class=\"ccargos\">\r\n<span data-balloon-length=\"medium\" aria-label=\"Ensino M\u00e9dio; Curso de Auxiliar de Sa\u00fade Bucal\" data-balloon-pos=\"up\">Auxiliar de Odontologia<\/span><\/td>\r\n<td class=\"cvagas\">1 + CR<\/td>\r\n<td class=\"cremuneracao\">R$ 3.100,73 \/40h<\/td>\r\n<\/tr><td class=\"ccargos\">\r\n<span data-balloon-length=\"medium\" aria-label=\"Ensino M\u00e9dio; Curso T\u00e9cnico em Atendente de Farm\u00e1cia\" data-balloon-pos=\"up\">Atendente de Farm\u00e1cia<\/span><\/td>\r\n<td class=\"cvagas\">1 + CR<\/td>\r\n<td class=\"cremuneracao\">R$ 3.429,53 \/40h<\/td>\r\n<\/tr><td class=\"ccargos\">\r\n<span data-balloon-length=\"medium\" aria-label=\"Ensino M\u00e9dio\" data-balloon-pos=\"up\">Agente Educativo<\/span><\/td>\r\n<td class=\"cvagas\">20 + CR<\/td>\r\n<td class=\"cremuneracao\">R$ 2.959,55 \/40h<\/td>\r\n<\/tr><td class=\"ccargos\">\r\n<span data-balloon-length=\"medium\" aria-label=\"Ensino M\u00e9dio\" data-balloon-pos=\"up\">Monitor Social<\/span><\/td>\r\n<td class=\"cvagas\">1 + CR<\/td>\r\n<td class=\"cremuneracao\">R$ 3.100,73 \/40h<\/td>\r\n<\/tr><td class=\"ccargos\">\r\n<span data-balloon-length=\"medium\" aria-label=\"Ensino M\u00e9dio; Curso T\u00e9cnico em Enfermagem; Registro no \u00d3rg\u00e3o Regulador de Classe\" data-balloon-pos=\"up\">T\u00e9cnico em Enfermagem<\/span><\/td>\r\n<td class=\"cvagas\">CR<\/td>\r\n<td class=\"cremuneracao\">R$ 3.661,62 \/40h<\/td>\r\n<\/tr><td class=\"ccargos\">\r\n<span data-balloon-length=\"medium\" aria-label=\"Ensino M\u00e9dio; Curso T\u00e9cnico em Inform\u00e1tica\" data-balloon-pos=\"up\">T\u00e9cnico em Inform\u00e1tica<\/span><\/td>\r\n<td class=\"cvagas\">CR<\/td>\r\n<td class=\"cremuneracao\">R$ 3.661,62 \/40h<\/td>\r\n<\/tr><td class=\"ccargos\">\r\n<span data-balloon-length=\"medium\" aria-label=\"Ensino M\u00e9dio\" data-balloon-pos=\"up\">Recepcionista<\/span><\/td>\r\n<td class=\"cvagas\">1 + CR<\/td>\r\n<td class=\"cremuneracao\">R$ 2.442,93 \/40h<\/td>\r\n<\/tr><td class=\"ccargos\">\r\n<span data-balloon-length=\"medium\" aria-label=\"Ensino M\u00e9dio\" data-balloon-pos=\"up\">Zelador<\/span><\/td>\r\n<td class=\"cvagas\">1 + CR<\/td>\r\n<td class=\"cremuneracao\">R$ 2.787,18 \/40h<\/td>\r\n<\/tr>\r\n    <\/tbody>\r\n  <\/table>\r\n<\/div>","_superior":"<div>\r\n<table class=\"quadro\">\r\n<thead>\r\n<tr>\r\n<th class=\"hcargo\">Cargo<\/th>\r\n<th class=\"hvagas\">Vagas<\/th>\r\n<th class=\"hremuneracao\">Remunera\u00e7\u00e3o<\/th>\r\n<\/tr>\r\n<\/thead>\r\n    <tbody>\r\n      <tr>\r\n<td class=\"ccargos\">\r\n<span data-balloon-length=\"medium\" aria-label=\"Curso Superior em Enfermagem\" data-balloon-pos=\"up\">Enfermeira<\/span><\/td>\r\n<td class=\"cvagas\">1 + CR<\/td>\r\n<td class=\"cremuneracao\">R$ 6.765,27 \/40h<\/td>\r\n<\/tr><tr>\r\n<td class=\"ccargos\">\r\n<span data-balloon-length=\"medium\" aria-label=\"Curso Superior em Engenharia Civil\" data-balloon-pos=\"up\">Engenheiro Civil<\/span><\/td>\r\n<td class=\"cvagas\">1 + CR<\/td>\r\n<td class=\"cremuneracao\">R$ 7.136,22 \/40h<\/td>\r\n<\/tr><tr>\r\n<td class=\"ccargos\">\r\n<span data-balloon-length=\"medium\" aria-label=\"Curso Superior\" data-balloon-pos=\"up\">Fiscal Sanit\u00e1rio<\/span><\/td>\r\n<td class=\"cvagas\">1 + CR<\/td>\r\n<td class=\"cremuneracao\">R$ 5.355,77 \/40h<\/td>\r\n<\/tr><tr>\r\n<td class=\"ccargos\">\r\n<span data-balloon-length=\"medium\" aria-label=\"Curso Superior em Fonoaudiologia\" data-balloon-pos=\"up\">Fonoaudi\u00f3logo<\/span><\/td>\r\n<td class=\"cvagas\">CR<\/td>\r\n<td class=\"cremuneracao\">R$ 3.382,59 \/20h<\/td>\r\n<\/tr><tr>\r\n<td class=\"ccargos\">\r\n<span data-balloon-length=\"medium\" aria-label=\"Curso Superior em Odontologia; Registro no \u00d3rg\u00e3o Regulador de Classe\" data-balloon-pos=\"up\">Odont\u00f3logo<\/span><\/td>\r\n<td class=\"cvagas\">CR<\/td>\r\n<td class=\"cremuneracao\">R$ 10.523,79 \/40h<\/td>\r\n<\/tr><tr>\r\n<td class=\"ccargos\">\r\n<span data-balloon-length=\"medium\" aria-label=\"Curso Superior de Licenciatura plena; Habilita\u00e7\u00e3o espec\u00edfica em Orienta\u00e7\u00e3o Educacional\" data-balloon-pos=\"up\">Orientador Escolar<\/span><\/td>\r\n<td class=\"cvagas\">1 + CR<\/td>\r\n<td class=\"cremuneracao\">R$ 5.825,20 \/40h<\/td>\r\n<\/tr><tr>\r\n<td class=\"ccargos\">\r\n<span data-balloon-length=\"medium\" aria-label=\"Curso Superior de Licenciatura plena em Artes\" data-balloon-pos=\"up\">Professor de Ensino Fundamental (1\u00aa \u00e0 5\u00aa) e Educa\u00e7\u00e3o Infantil - Artes<\/span><\/td>\r\n<td class=\"cvagas\">1 + CR<\/td>\r\n<td class=\"cremuneracao\">R$ 4.868,07 \/40h<\/td>\r\n<\/tr><tr>\r\n<td class=\"ccargos\">\r\n<span data-balloon-length=\"medium\" aria-label=\"Curso Superior de Licenciatura plena em Pedagogia\" data-balloon-pos=\"up\">Professor de Educa\u00e7\u00e3o Infantil com pedagogia<\/span><\/td>\r\n<td class=\"cvagas\">2 + CR<\/td>\r\n<td class=\"cremuneracao\">R$ 4.868,07 \/40h<\/td>\r\n<\/tr><tr>\r\n<td class=\"ccargos\">\r\n<span data-balloon-length=\"medium\" aria-label=\"Curso Superior de Licenciatura plena em Educa\u00e7\u00e3o F\u00edsica\" data-balloon-pos=\"up\">Professor de Ensino Fundamental (1\u00aa \u00e0 5\u00aa) e Educa\u00e7\u00e3o Infantil - Educa\u00e7\u00e3o F\u00edsica<\/span><\/td>\r\n<td class=\"cvagas\">1 + CR<\/td>\r\n<td class=\"cremuneracao\">R$ 4.868,07 \/40h<\/td>\r\n<\/tr><tr>\r\n<td class=\"ccargos\">\r\n<span data-balloon-length=\"medium\" aria-label=\"Curso Superior de Licenciatura plena em Pedagogia\" data-balloon-pos=\"up\">Professor de Ensino Fundamental - 1\u00aa \u00e0 5\u00aa ano com pedagogia<\/span><\/td>\r\n<td class=\"cvagas\">2 + CR<\/td>\r\n<td class=\"cremuneracao\">R$ 4.868,07 \/40h<\/td>\r\n<\/tr><tr>\r\n<td class=\"ccargos\">\r\n<span data-balloon-length=\"medium\" aria-label=\"Curso Superior em Psicologia\" data-balloon-pos=\"up\">Psic\u00f3logo 40h<\/span><\/td>\r\n<td class=\"cvagas\">1 + CR<\/td>\r\n<td class=\"cremuneracao\">R$ 5.355,77 \/40h<\/td>\r\n<\/tr><tr>\r\n<td class=\"ccargos\">\r\n<span data-balloon-length=\"medium\" aria-label=\"Curso Superior em Psicologia\" data-balloon-pos=\"up\">Psic\u00f3logo 20h<\/span><\/td>\r\n<td class=\"cvagas\">1 + CR<\/td>\r\n<td class=\"cremuneracao\">R$ 3.382,59 \/20h<\/td>\r\n<\/tr><tr>\r\n<td class=\"ccargos\">\r\n<span data-balloon-length=\"medium\" aria-label=\"Curso Superior em Psicologia\" data-balloon-pos=\"up\">Psic\u00f3logo (Secret\u00e1ria da Educa\u00e7\u00e3o)<\/span><\/td>\r\n<td class=\"cvagas\">1 + CR<\/td>\r\n<td class=\"cremuneracao\">R$ 5.355,77 \/40h<\/td>\r\n<\/tr><tr>\r\n<td class=\"ccargos\">\r\n<span data-balloon-length=\"medium\" aria-label=\"Curso Superior de Licenciatura plena em Pedagogia e especializa\u00e7\u00e3o em Psicopedagogia\" data-balloon-pos=\"up\">Psicopedagogo<\/span><\/td>\r\n<td class=\"cvagas\">1 + CR<\/td>\r\n<td class=\"cremuneracao\">R$ 5.825,20 \/40h<\/td>\r\n<\/tr><tr>\r\n<td class=\"ccargos\">\r\n<span data-balloon-length=\"medium\" aria-label=\"Curso Superior em Medicina; Registro no \u00d3rg\u00e3o Regulador de Classe\" data-balloon-pos=\"up\">M\u00e9dico<\/span><\/td>\r\n<td class=\"cvagas\">CR<\/td>\r\n<td class=\"cremuneracao\">R$ 20.524,40 \/40h<\/td>\r\n<\/tr><tr>\r\n<td class=\"ccargos\">\r\n<span data-balloon-length=\"medium\" aria-label=\"Curso Superior em Terapia Ocupacional\" data-balloon-pos=\"up\">Terapeuta Ocupacional<\/span><\/td>\r\n<td class=\"cvagas\">CR<\/td>\r\n<td class=\"cremuneracao\">R$ 5.355,77 \/40h<\/td>\r\n<\/tr>\r\n    <\/tbody>\r\n  <\/table>\r\n<\/div>"},"_links":{"self":[{"href":"https:\/\/www.agrobase.com.br\/concursos\/wp-json\/wp\/v2\/posts\/274056","targetHints":{"allow":["GET"]}}],"collection":[{"href":"https:\/\/www.agrobase.com.br\/concursos\/wp-json\/wp\/v2\/posts"}],"about":[{"href":"https:\/\/www.agrobase.com.br\/concursos\/wp-json\/wp\/v2\/types\/post"}],"author":[{"embeddable":true,"href":"https:\/\/www.agrobase.com.br\/concursos\/wp-json\/wp\/v2\/users\/7"}],"replies":[{"embeddable":true,"href":"https:\/\/www.agrobase.com.br\/concursos\/wp-json\/wp\/v2\/comments?post=274056"}],"version-history":[{"count":2,"href":"https:\/\/www.agrobase.com.br\/concursos\/wp-json\/wp\/v2\/posts\/274056\/revisions"}],"predecessor-version":[{"id":274060,"href":"https:\/\/www.agrobase.com.br\/concursos\/wp-json\/wp\/v2\/posts\/274056\/revisions\/274060"}],"wp:featuredmedia":[{"embeddable":true,"href":"https:\/\/www.agrobase.com.br\/concursos\/wp-json\/wp\/v2\/media\/274055"}],"wp:attachment":[{"href":"https:\/\/www.agrobase.com.br\/concursos\/wp-json\/wp\/v2\/media?parent=274056"}],"wp:term":[{"taxonomy":"category","embeddable":true,"href":"https:\/\/www.agrobase.com.br\/concursos\/wp-json\/wp\/v2\/categories?post=274056"},{"taxonomy":"post_tag","embeddable":true,"href":"https:\/\/www.agrobase.com.br\/concursos\/wp-json\/wp\/v2\/tags?post=274056"},{"taxonomy":"_amplo","embeddable":true,"href":"https:\/\/www.agrobase.com.br\/concursos\/wp-json\/wp\/v2\/_amplo?post=274056"},{"taxonomy":"destaque","embeddable":true,"href":"https:\/\/www.agrobase.com.br\/concursos\/wp-json\/wp\/v2\/destaque?post=274056"},{"taxonomy":"instituicoes","embeddable":true,"href":"https:\/\/www.agrobase.com.br\/concursos\/wp-json\/wp\/v2\/instituicoes?post=274056"}],"curies":[{"name":"wp","href":"https:\/\/api.w.org\/{rel}","templated":true}]}}